{"id":970607,"date":"2018-02-28T14:12:36","date_gmt":"2018-02-28T14:12:36","guid":{"rendered":"http:\/\/www.eldigitaldeasturias.com\/noticias\/?p=970607"},"modified":"2018-02-28T14:12:36","modified_gmt":"2018-02-28T14:12:36","slug":"nace-unid-en-busca-de-la-union-de-las-fuerzas-de-izquierda","status":"publish","type":"post","link":"https:\/\/www.eldigitaldeasturias.com\/noticias\/nace-unid-en-busca-de-la-union-de-las-fuerzas-de-izquierda\/","title":{"rendered":"Nace UNID en busca de la uni\u00f3n de las fuerzas de izquierda"},"content":{"rendered":"<p><img loading=\"lazy\" decoding=\"async\" class=\"alignleft size-medium wp-image-970608\" src=\"https:\/\/www.eldigitaldeasturias.com\/noticias\/wp-content\/uploads\/2018\/02\/UNID-Mesas-IP-360x181.jpg\" alt=\"\" width=\"360\" height=\"181\" \/>Representantes de movimientos sociales, sindicatos, movimientos obreros, partidos de la izquierda extraparlamentaria y las fuerzas de progreso ya presentes en el Parlamento.<\/p>\n<p>Esas son las bases para las cuatro mesas de debate que pretende poner en marcha un movimiento que unifique y englobe las fuerzas de la izquierda de nuestro pa\u00eds.<\/p>\n<p>Seg\u00fan dicen desde el propio <span style=\"color: #ff6600;\"><strong><a style=\"color: #ff6600;\" href=\"http:\/\/uniddetodoslospueblos.info\/\" target=\"_blank\" rel=\"noopener\">UNID<\/a><\/strong><\/span>, \u201c<em>pretendemos unir a todas aquellas personas que creen necesario el cambio de direcci\u00f3n y enfoque de la pol\u00edtica en Espa\u00f1a, dejando a un lado las inquinas, diferencias y rencillas, en un \u00fanico movimiento o plataforma<\/em>\u201d.<\/p>\n<p>Esa es la estrategia que quieren seguir de cara a las pr\u00f3ximas Elecciones Generales, el buscar el punto de encuentro de los distintos colectivos progresistas para buscar ser una alternativa que, unida, consiga sacar adelante un proyecto alejado de la pol\u00edtica actual del equipo de gobierno.<\/p>\n<p><strong>Cuatro mesas de debate que sentar\u00e1n las bases del Movimiento<\/strong><\/p>\n<p>Tras la primera de las mesas de debate, que tuvo lugar el pasado 24 de febrero, \u201c<em>todos estuvieron de acuerdo en la necesidad de superar la divisi\u00f3n y los enfrentamientos que dividen a la izquierda, y en retomar el influjo ciudadano del 15M. En el debate, en el que intervino tambi\u00e9n el p\u00fablico, se habl\u00f3 de la necesidad de lograr una aut\u00e9ntica democracia, de avanzar hacia una sociedad que busque el desarrollo humano integral, y de acabar con la pol\u00edtica al dictado de los mercados<\/em>\u201d.<\/p>\n<p>\u00c9sta consigui\u00f3 sentar alrededor de un moderador a miembros de distintos movimientos sociales, pero para las pr\u00f3ximas se espera conseguir sentar las l\u00edneas que lleguen desde los representantes de sindicatos, trabajadores y movimientos obreros (10 de marzo), la izquiera extraparlamentaria (el 14 de abril) e incluso las fuerzas de izquierda con representaci\u00f3n parlamentaria (28 abril).<\/p>\n<p>Estas mesas se celebrar\u00e1n en Madrid, en el Centro Cultural Buenavista y buscar\u00e1n dar respuesta como \u201c<em>un grupo de personas que trabajamos en muy diferentes \u00e1mbitos, tanto profesionales como sociales, se va a comprometer a comenzar la \u00edmproba tarea de presentar un nuevo m\u00e9todo y manera de resolver la mayor\u00eda de los problemas de la humanidad, que hasta el momento presente los gobiernos y las ideolog\u00edas no han sido capaces de llevar a cabo<\/em>\u201d.<\/p>\n","protected":false},"excerpt":{"rendered":"<p>Representantes de movimientos sociales, sindicatos, movimientos obreros, partidos de la izquierda extraparlamentaria y las fuerzas de progreso ya presentes en el Parlamento. Esas son las bases para las cuatro mesas de debate que pretende poner en marcha un movimiento que unifique y englobe las fuerzas de la izquierda de nuestro pa\u00eds. Seg\u00fan dicen desde el [&hellip;]<\/p>\n","protected":false},"author":1,"featured_media":970608,"comment_status":"closed","ping_status":"closed","sticky":false,"template":"","format":"standard","meta":{"footnotes":""},"categories":[1],"tags":[],"class_list":["post-970607","post","type-post","status-publish","format-standard","has-post-thumbnail","hentry","category-actualidad"],"aioseo_notices":[],"aioseo_head":"\n\t\t<!-- All in One SEO Pro 5.0.1 - aioseo.com -->\n\t<meta name=\"description\" content=\"Representantes de movimientos sociales, sindicatos, movimientos obreros, partidos de la izquierda extraparlamentaria y las fuerzas de progreso ya presentes en el Parlamento. Esas son las bases para las cuatro mesas de debate que pretende poner en marcha un movimiento que unifique y englobe las fuerzas de la izquierda de nuestro pa\u00eds. Seg\u00fan dicen desde el\" \/>\n\t<meta name=\"robots\" content=\"max-image-preview:large\" \/>\n\t<meta name=\"author\" content=\"El Digital de Asturias\"\/>\n\t<meta name=\"google-site-verification\" content=\"UA-38556648-1\" \/>\n\t<meta name=\"msvalidate.01\" content=\"7dfe9f3f1b24437ab69f4f2559babe99\" \/>\n\t<meta name=\"keywords\" content=\"actualidad\" \/>\n\t<link rel=\"canonical\" href=\"https:\/\/www.eldigitaldeasturias.com\/noticias\/nace-unid-en-busca-de-la-union-de-las-fuerzas-de-izquierda\/\" \/>\n\t<meta name=\"generator\" content=\"All in One SEO Pro (AIOSEO) 5.0.1\" \/>\n\t\t<meta property=\"og:locale\" content=\"es_ES\" \/>\n\t\t<meta property=\"og:site_name\" content=\"El Digital de Asturias\" \/>\n\t\t<meta property=\"og:type\" content=\"article\" \/>\n\t\t<meta property=\"og:title\" content=\"Nace UNID en busca de la uni\u00f3n de las fuerzas de izquierda - El Digital de Asturias\" \/>\n\t\t<meta property=\"og:description\" content=\"Representantes de movimientos sociales, sindicatos, movimientos obreros, partidos de la izquierda extraparlamentaria y las fuerzas de progreso ya presentes en el Parlamento. Esas son las bases para las cuatro mesas de debate que pretende poner en marcha un movimiento que unifique y englobe las fuerzas de la izquierda de nuestro pa\u00eds. Seg\u00fan dicen desde el\" \/>\n\t\t<meta property=\"og:url\" content=\"https:\/\/www.eldigitaldeasturias.com\/noticias\/nace-unid-en-busca-de-la-union-de-las-fuerzas-de-izquierda\/\" \/>\n\t\t<meta property=\"article:tag\" content=\"actualidad\" \/>\n\t\t<meta property=\"article:published_time\" content=\"2018-02-28T14:12:36+00:00\" \/>\n\t\t<meta property=\"article:modified_time\" content=\"2018-02-28T14:12:36+00:00\" \/>\n\t\t<meta property=\"article:publisher\" content=\"https:\/\/facebook.com\/eldigitaldeasturias\" \/>\n\t\t<meta name=\"twitter:card\" content=\"summary_large_image\" \/>\n\t\t<meta name=\"twitter:title\" content=\"Nace UNID en busca de la uni\u00f3n de las fuerzas de izquierda - El Digital de Asturias\" \/>\n\t\t<meta name=\"twitter:description\" content=\"Representantes de movimientos sociales, sindicatos, movimientos obreros, partidos de la izquierda extraparlamentaria y las fuerzas de progreso ya presentes en el Parlamento. Esas son las bases para las cuatro mesas de debate que pretende poner en marcha un movimiento que unifique y englobe las fuerzas de la izquierda de nuestro pa\u00eds. Seg\u00fan dicen desde el\" \/>\n\t\t<meta name=\"twitter:image\" content=\"https:\/\/www.eldigitaldeasturias.com\/noticias\/wp-content\/uploads\/2020\/12\/EDA-1.jpg\" \/>\n\t\t<meta name=\"twitter:label1\" content=\"Escrito por\" \/>\n\t\t<meta name=\"twitter:data1\" content=\"El Digital de Asturias\" \/>\n\t\t<meta name=\"twitter:label2\" content=\"Tiempo de lectura estimado\" \/>\n\t\t<meta name=\"twitter:data2\" content=\"2 minutos\" \/>\n\t\t<script type=\"application\/ld+json\" class=\"aioseo-schema\">\n\t\t\t{\"@context\":\"https:\\\/\\\/schema.org\",\"@graph\":[{\"@type\":\"BlogPosting\",\"@id\":\"https:\\\/\\\/www.eldigitaldeasturias.com\\\/noticias\\\/nace-unid-en-busca-de-la-union-de-las-fuerzas-de-izquierda\\\/#blogposting\",\"name\":\"Nace UNID en busca de la uni\\u00f3n de las fuerzas de izquierda - El Digital de Asturias\",\"headline\":\"Nace UNID en busca de la uni\\u00f3n de las fuerzas de izquierda\",\"author\":{\"@id\":\"https:\\\/\\\/www.eldigitaldeasturias.com\\\/noticias\\\/author\\\/admin\\\/#author\"},\"publisher\":{\"@id\":\"https:\\\/\\\/www.eldigitaldeasturias.com\\\/noticias\\\/#organization\"},\"image\":{\"@type\":\"ImageObject\",\"url\":970608},\"datePublished\":\"2018-02-28T14:12:36+01:00\",\"dateModified\":\"2018-02-28T14:12:36+01:00\",\"inLanguage\":\"es-ES\",\"mainEntityOfPage\":{\"@id\":\"https:\\\/\\\/www.eldigitaldeasturias.com\\\/noticias\\\/nace-unid-en-busca-de-la-union-de-las-fuerzas-de-izquierda\\\/#webpage\"},\"isPartOf\":{\"@id\":\"https:\\\/\\\/www.eldigitaldeasturias.com\\\/noticias\\\/nace-unid-en-busca-de-la-union-de-las-fuerzas-de-izquierda\\\/#webpage\"},\"articleSection\":\"Actualidad\"},{\"@type\":\"BreadcrumbList\",\"@id\":\"https:\\\/\\\/www.eldigitaldeasturias.com\\\/noticias\\\/nace-unid-en-busca-de-la-union-de-las-fuerzas-de-izquierda\\\/#breadcrumblist\",\"itemListElement\":[{\"@type\":\"ListItem\",\"@id\":\"https:\\\/\\\/www.eldigitaldeasturias.com\\\/noticias#listItem\",\"position\":1,\"name\":\"Home\",\"item\":\"https:\\\/\\\/www.eldigitaldeasturias.com\\\/noticias\",\"nextItem\":{\"@type\":\"ListItem\",\"@id\":\"https:\\\/\\\/www.eldigitaldeasturias.com\\\/noticias\\\/category\\\/actualidad\\\/#listItem\",\"name\":\"Actualidad\"}},{\"@type\":\"ListItem\",\"@id\":\"https:\\\/\\\/www.eldigitaldeasturias.com\\\/noticias\\\/category\\\/actualidad\\\/#listItem\",\"position\":2,\"name\":\"Actualidad\",\"item\":\"https:\\\/\\\/www.eldigitaldeasturias.com\\\/noticias\\\/category\\\/actualidad\\\/\",\"nextItem\":{\"@type\":\"ListItem\",\"@id\":\"https:\\\/\\\/www.eldigitaldeasturias.com\\\/noticias\\\/nace-unid-en-busca-de-la-union-de-las-fuerzas-de-izquierda\\\/#listItem\",\"name\":\"Nace UNID en busca de la uni\\u00f3n de las fuerzas de izquierda\"},\"previousItem\":{\"@type\":\"ListItem\",\"@id\":\"https:\\\/\\\/www.eldigitaldeasturias.com\\\/noticias#listItem\",\"name\":\"Home\"}},{\"@type\":\"ListItem\",\"@id\":\"https:\\\/\\\/www.eldigitaldeasturias.com\\\/noticias\\\/nace-unid-en-busca-de-la-union-de-las-fuerzas-de-izquierda\\\/#listItem\",\"position\":3,\"name\":\"Nace UNID en busca de la uni\\u00f3n de las fuerzas de izquierda\",\"previousItem\":{\"@type\":\"ListItem\",\"@id\":\"https:\\\/\\\/www.eldigitaldeasturias.com\\\/noticias\\\/category\\\/actualidad\\\/#listItem\",\"name\":\"Actualidad\"}}]},{\"@type\":\"Organization\",\"@id\":\"https:\\\/\\\/www.eldigitaldeasturias.com\\\/noticias\\\/#organization\",\"name\":\"El Digital de Asturias\",\"description\":\"Hemeroteca\",\"url\":\"https:\\\/\\\/www.eldigitaldeasturias.com\\\/noticias\\\/\",\"email\":\"info@eldigitaldeasturias.com\",\"telephone\":\"+34652131393\",\"logo\":{\"@type\":\"ImageObject\",\"url\":\"https:\\\/\\\/www.eldigitaldeasturias.com\\\/noticias\\\/wp-content\\\/uploads\\\/2020\\\/12\\\/EDA.jpg\",\"@id\":\"https:\\\/\\\/www.eldigitaldeasturias.com\\\/noticias\\\/nace-unid-en-busca-de-la-union-de-las-fuerzas-de-izquierda\\\/#organizationLogo\"},\"image\":{\"@id\":\"https:\\\/\\\/www.eldigitaldeasturias.com\\\/noticias\\\/nace-unid-en-busca-de-la-union-de-las-fuerzas-de-izquierda\\\/#organizationLogo\"},\"sameAs\":[\"https:\\\/\\\/facebook.com\\\/eldigitaldeasturias\",\"https:\\\/\\\/www.youtube.com\\\/channel\\\/UCZP-2wLEB9Rv6erhFmqVnvg\"],\"address\":{\"@id\":\"https:\\\/\\\/www.eldigitaldeasturias.com\\\/noticias\\\/#postaladdress\",\"@type\":\"PostalAddress\",\"streetAddress\":\"san antonio 4\",\"postalCode\":\"33430\",\"addressLocality\":\"Cand\\u00e1s\",\"addressRegion\":\"Asturias\",\"addressCountry\":\"ES\"}},{\"@type\":\"Person\",\"@id\":\"https:\\\/\\\/www.eldigitaldeasturias.com\\\/noticias\\\/author\\\/admin\\\/#author\",\"url\":\"https:\\\/\\\/www.eldigitaldeasturias.com\\\/noticias\\\/author\\\/admin\\\/\",\"name\":\"El Digital de Asturias\",\"image\":{\"@type\":\"ImageObject\",\"@id\":\"https:\\\/\\\/www.eldigitaldeasturias.com\\\/noticias\\\/nace-unid-en-busca-de-la-union-de-las-fuerzas-de-izquierda\\\/#authorImage\",\"url\":\"https:\\\/\\\/secure.gravatar.com\\\/avatar\\\/df2aeffc32bcd13f8d26072ef8a91b623d677766deac7f97ca815868cd41bf5e?s=96&d=mm&r=g\",\"width\":96,\"height\":96,\"caption\":\"El Digital de Asturias\"}},{\"@type\":\"WebPage\",\"@id\":\"https:\\\/\\\/www.eldigitaldeasturias.com\\\/noticias\\\/nace-unid-en-busca-de-la-union-de-las-fuerzas-de-izquierda\\\/#webpage\",\"url\":\"https:\\\/\\\/www.eldigitaldeasturias.com\\\/noticias\\\/nace-unid-en-busca-de-la-union-de-las-fuerzas-de-izquierda\\\/\",\"name\":\"Nace UNID en busca de la uni\\u00f3n de las fuerzas de izquierda - El Digital de Asturias\",\"description\":\"Representantes de movimientos sociales, sindicatos, movimientos obreros, partidos de la izquierda extraparlamentaria y las fuerzas de progreso ya presentes en el Parlamento. Esas son las bases para las cuatro mesas de debate que pretende poner en marcha un movimiento que unifique y englobe las fuerzas de la izquierda de nuestro pa\\u00eds. Seg\\u00fan dicen desde el\",\"inLanguage\":\"es-ES\",\"isPartOf\":{\"@id\":\"https:\\\/\\\/www.eldigitaldeasturias.com\\\/noticias\\\/#website\"},\"breadcrumb\":{\"@id\":\"https:\\\/\\\/www.eldigitaldeasturias.com\\\/noticias\\\/nace-unid-en-busca-de-la-union-de-las-fuerzas-de-izquierda\\\/#breadcrumblist\"},\"author\":{\"@id\":\"https:\\\/\\\/www.eldigitaldeasturias.com\\\/noticias\\\/author\\\/admin\\\/#author\"},\"creator\":{\"@id\":\"https:\\\/\\\/www.eldigitaldeasturias.com\\\/noticias\\\/author\\\/admin\\\/#author\"},\"image\":{\"@type\":\"ImageObject\",\"url\":970608,\"@id\":\"https:\\\/\\\/www.eldigitaldeasturias.com\\\/noticias\\\/nace-unid-en-busca-de-la-union-de-las-fuerzas-de-izquierda\\\/#mainImage\"},\"primaryImageOfPage\":{\"@id\":\"https:\\\/\\\/www.eldigitaldeasturias.com\\\/noticias\\\/nace-unid-en-busca-de-la-union-de-las-fuerzas-de-izquierda\\\/#mainImage\"},\"datePublished\":\"2018-02-28T14:12:36+01:00\",\"dateModified\":\"2018-02-28T14:12:36+01:00\"},{\"@type\":\"WebSite\",\"@id\":\"https:\\\/\\\/www.eldigitaldeasturias.com\\\/noticias\\\/#website\",\"url\":\"https:\\\/\\\/www.eldigitaldeasturias.com\\\/noticias\\\/\",\"name\":\"El Digital de Asturias - Diario de actualidad y noticias\",\"alternateName\":\"El Digital de Asturias - Diario de actualidad y noticias\",\"description\":\"Hemeroteca\",\"inLanguage\":\"es-ES\",\"publisher\":{\"@id\":\"https:\\\/\\\/www.eldigitaldeasturias.com\\\/noticias\\\/#organization\"}}]}\n\t\t<\/script>\n\t\t<!-- All in One SEO Pro -->\r\n\t\t<title>Nace UNID en busca de la uni\u00f3n de las fuerzas de izquierda - El Digital de Asturias<\/title>\n\n","aioseo_head_json":{"title":"Nace UNID en busca de la uni\u00f3n de las fuerzas de izquierda - El Digital de Asturias","description":"Representantes de movimientos sociales, sindicatos, movimientos obreros, partidos de la izquierda extraparlamentaria y las fuerzas de progreso ya presentes en el Parlamento. Esas son las bases para las cuatro mesas de debate que pretende poner en marcha un movimiento que unifique y englobe las fuerzas de la izquierda de nuestro pa\u00eds. Seg\u00fan dicen desde el","canonical_url":"https:\/\/www.eldigitaldeasturias.com\/noticias\/nace-unid-en-busca-de-la-union-de-las-fuerzas-de-izquierda\/","robots":"max-image-preview:large","keywords":"actualidad","webmasterTools":{"google-site-verification":"UA-38556648-1","msvalidate.01":"7dfe9f3f1b24437ab69f4f2559babe99","miscellaneous":""},"schema":{"@context":"https:\/\/schema.org","@graph":[{"@type":"BlogPosting","@id":"https:\/\/www.eldigitaldeasturias.com\/noticias\/nace-unid-en-busca-de-la-union-de-las-fuerzas-de-izquierda\/#blogposting","name":"Nace UNID en busca de la uni\u00f3n de las fuerzas de izquierda - El Digital de Asturias","headline":"Nace UNID en busca de la uni\u00f3n de las fuerzas de izquierda","author":{"@id":"https:\/\/www.eldigitaldeasturias.com\/noticias\/author\/admin\/#author"},"publisher":{"@id":"https:\/\/www.eldigitaldeasturias.com\/noticias\/#organization"},"image":{"@type":"ImageObject","url":970608},"datePublished":"2018-02-28T14:12:36+01:00","dateModified":"2018-02-28T14:12:36+01:00","inLanguage":"es-ES","mainEntityOfPage":{"@id":"https:\/\/www.eldigitaldeasturias.com\/noticias\/nace-unid-en-busca-de-la-union-de-las-fuerzas-de-izquierda\/#webpage"},"isPartOf":{"@id":"https:\/\/www.eldigitaldeasturias.com\/noticias\/nace-unid-en-busca-de-la-union-de-las-fuerzas-de-izquierda\/#webpage"},"articleSection":"Actualidad"},{"@type":"BreadcrumbList","@id":"https:\/\/www.eldigitaldeasturias.com\/noticias\/nace-unid-en-busca-de-la-union-de-las-fuerzas-de-izquierda\/#breadcrumblist","itemListElement":[{"@type":"ListItem","@id":"https:\/\/www.eldigitaldeasturias.com\/noticias#listItem","position":1,"name":"Home","item":"https:\/\/www.eldigitaldeasturias.com\/noticias","nextItem":{"@type":"ListItem","@id":"https:\/\/www.eldigitaldeasturias.com\/noticias\/category\/actualidad\/#listItem","name":"Actualidad"}},{"@type":"ListItem","@id":"https:\/\/www.eldigitaldeasturias.com\/noticias\/category\/actualidad\/#listItem","position":2,"name":"Actualidad","item":"https:\/\/www.eldigitaldeasturias.com\/noticias\/category\/actualidad\/","nextItem":{"@type":"ListItem","@id":"https:\/\/www.eldigitaldeasturias.com\/noticias\/nace-unid-en-busca-de-la-union-de-las-fuerzas-de-izquierda\/#listItem","name":"Nace UNID en busca de la uni\u00f3n de las fuerzas de izquierda"},"previousItem":{"@type":"ListItem","@id":"https:\/\/www.eldigitaldeasturias.com\/noticias#listItem","name":"Home"}},{"@type":"ListItem","@id":"https:\/\/www.eldigitaldeasturias.com\/noticias\/nace-unid-en-busca-de-la-union-de-las-fuerzas-de-izquierda\/#listItem","position":3,"name":"Nace UNID en busca de la uni\u00f3n de las fuerzas de izquierda","previousItem":{"@type":"ListItem","@id":"https:\/\/www.eldigitaldeasturias.com\/noticias\/category\/actualidad\/#listItem","name":"Actualidad"}}]},{"@type":"Organization","@id":"https:\/\/www.eldigitaldeasturias.com\/noticias\/#organization","name":"El Digital de Asturias","description":"Hemeroteca","url":"https:\/\/www.eldigitaldeasturias.com\/noticias\/","email":"info@eldigitaldeasturias.com","telephone":"+34652131393","logo":{"@type":"ImageObject","url":"https:\/\/www.eldigitaldeasturias.com\/noticias\/wp-content\/uploads\/2020\/12\/EDA.jpg","@id":"https:\/\/www.eldigitaldeasturias.com\/noticias\/nace-unid-en-busca-de-la-union-de-las-fuerzas-de-izquierda\/#organizationLogo"},"image":{"@id":"https:\/\/www.eldigitaldeasturias.com\/noticias\/nace-unid-en-busca-de-la-union-de-las-fuerzas-de-izquierda\/#organizationLogo"},"sameAs":["https:\/\/facebook.com\/eldigitaldeasturias","https:\/\/www.youtube.com\/channel\/UCZP-2wLEB9Rv6erhFmqVnvg"],"address":{"@id":"https:\/\/www.eldigitaldeasturias.com\/noticias\/#postaladdress","@type":"PostalAddress","streetAddress":"san antonio 4","postalCode":"33430","addressLocality":"Cand\u00e1s","addressRegion":"Asturias","addressCountry":"ES"}},{"@type":"Person","@id":"https:\/\/www.eldigitaldeasturias.com\/noticias\/author\/admin\/#author","url":"https:\/\/www.eldigitaldeasturias.com\/noticias\/author\/admin\/","name":"El Digital de Asturias","image":{"@type":"ImageObject","@id":"https:\/\/www.eldigitaldeasturias.com\/noticias\/nace-unid-en-busca-de-la-union-de-las-fuerzas-de-izquierda\/#authorImage","url":"https:\/\/secure.gravatar.com\/avatar\/df2aeffc32bcd13f8d26072ef8a91b623d677766deac7f97ca815868cd41bf5e?s=96&d=mm&r=g","width":96,"height":96,"caption":"El Digital de Asturias"}},{"@type":"WebPage","@id":"https:\/\/www.eldigitaldeasturias.com\/noticias\/nace-unid-en-busca-de-la-union-de-las-fuerzas-de-izquierda\/#webpage","url":"https:\/\/www.eldigitaldeasturias.com\/noticias\/nace-unid-en-busca-de-la-union-de-las-fuerzas-de-izquierda\/","name":"Nace UNID en busca de la uni\u00f3n de las fuerzas de izquierda - El Digital de Asturias","description":"Representantes de movimientos sociales, sindicatos, movimientos obreros, partidos de la izquierda extraparlamentaria y las fuerzas de progreso ya presentes en el Parlamento. Esas son las bases para las cuatro mesas de debate que pretende poner en marcha un movimiento que unifique y englobe las fuerzas de la izquierda de nuestro pa\u00eds. Seg\u00fan dicen desde el","inLanguage":"es-ES","isPartOf":{"@id":"https:\/\/www.eldigitaldeasturias.com\/noticias\/#website"},"breadcrumb":{"@id":"https:\/\/www.eldigitaldeasturias.com\/noticias\/nace-unid-en-busca-de-la-union-de-las-fuerzas-de-izquierda\/#breadcrumblist"},"author":{"@id":"https:\/\/www.eldigitaldeasturias.com\/noticias\/author\/admin\/#author"},"creator":{"@id":"https:\/\/www.eldigitaldeasturias.com\/noticias\/author\/admin\/#author"},"image":{"@type":"ImageObject","url":970608,"@id":"https:\/\/www.eldigitaldeasturias.com\/noticias\/nace-unid-en-busca-de-la-union-de-las-fuerzas-de-izquierda\/#mainImage"},"primaryImageOfPage":{"@id":"https:\/\/www.eldigitaldeasturias.com\/noticias\/nace-unid-en-busca-de-la-union-de-las-fuerzas-de-izquierda\/#mainImage"},"datePublished":"2018-02-28T14:12:36+01:00","dateModified":"2018-02-28T14:12:36+01:00"},{"@type":"WebSite","@id":"https:\/\/www.eldigitaldeasturias.com\/noticias\/#website","url":"https:\/\/www.eldigitaldeasturias.com\/noticias\/","name":"El Digital de Asturias - Diario de actualidad y noticias","alternateName":"El Digital de Asturias - Diario de actualidad y noticias","description":"Hemeroteca","inLanguage":"es-ES","publisher":{"@id":"https:\/\/www.eldigitaldeasturias.com\/noticias\/#organization"}}]},"og:locale":"es_ES","og:site_name":"El Digital de Asturias","og:type":"article","og:title":"Nace UNID en busca de la uni\u00f3n de las fuerzas de izquierda - El Digital de Asturias","og:description":"Representantes de movimientos sociales, sindicatos, movimientos obreros, partidos de la izquierda extraparlamentaria y las fuerzas de progreso ya presentes en el Parlamento. Esas son las bases para las cuatro mesas de debate que pretende poner en marcha un movimiento que unifique y englobe las fuerzas de la izquierda de nuestro pa\u00eds. Seg\u00fan dicen desde el","og:url":"https:\/\/www.eldigitaldeasturias.com\/noticias\/nace-unid-en-busca-de-la-union-de-las-fuerzas-de-izquierda\/","article:tag":["actualidad"],"article:published_time":"2018-02-28T14:12:36+00:00","article:modified_time":"2018-02-28T14:12:36+00:00","article:publisher":"https:\/\/facebook.com\/eldigitaldeasturias","twitter:card":"summary_large_image","twitter:title":"Nace UNID en busca de la uni\u00f3n de las fuerzas de izquierda - El Digital de Asturias","twitter:description":"Representantes de movimientos sociales, sindicatos, movimientos obreros, partidos de la izquierda extraparlamentaria y las fuerzas de progreso ya presentes en el Parlamento. Esas son las bases para las cuatro mesas de debate que pretende poner en marcha un movimiento que unifique y englobe las fuerzas de la izquierda de nuestro pa\u00eds. Seg\u00fan dicen desde el","twitter:image":"https:\/\/www.eldigitaldeasturias.com\/noticias\/wp-content\/uploads\/2020\/12\/EDA-1.jpg","twitter:label1":"Escrito por","twitter:data1":"El Digital de Asturias","twitter:label2":"Tiempo de lectura estimado","twitter:data2":"2 minutos"},"aioseo_meta_data":{"post_id":"970607","title":null,"description":null,"keywords":null,"keyphrases":null,"primary_term":null,"canonical_url":null,"og_title":null,"og_description":null,"og_object_type":"default","og_image_type":"default","og_image_url":null,"og_image_width":null,"og_image_height":null,"og_image_custom_url":null,"og_image_custom_fields":null,"og_video":null,"og_custom_url":null,"og_article_section":null,"og_article_tags":null,"twitter_use_og":false,"twitter_card":"default","twitter_image_type":"default","twitter_image_url":null,"twitter_image_custom_url":null,"twitter_image_custom_fields":null,"twitter_title":null,"twitter_description":null,"schema":{"blockGraphs":[],"customGraphs":[],"default":{"data":{"Article":[],"Course":[],"Dataset":[],"FAQPage":[],"Movie":[],"Person":[],"Product":[],"ProductReview":[],"Car":[],"Recipe":[],"Service":[],"SoftwareApplication":[],"WebPage":[]},"graphName":"","isEnabled":true},"graphs":[],"defaultGraph":"","defaultPostTypeGraph":""},"schema_type":null,"schema_type_options":null,"pillar_content":false,"robots_default":true,"robots_noindex":false,"robots_noarchive":false,"robots_nosnippet":false,"robots_nofollow":false,"robots_noimageindex":false,"robots_noodp":false,"robots_notranslate":false,"robots_max_snippet":null,"robots_max_videopreview":null,"robots_max_imagepreview":"large","priority":null,"frequency":null,"local_seo":null,"seo_analyzer_scan_date":"2025-10-07 06:13:04","breadcrumb_settings":null,"limit_modified_date":false,"open_ai":null,"ai":null,"created":"2020-12-21 12:23:37","updated":"2025-10-07 06:13:04","focus_keyword":null,"additional_keywords":null,"truseo_locale":null},"aioseo_breadcrumb":"<div class=\"aioseo-breadcrumbs\"><span class=\"aioseo-breadcrumb\">\n\t<a href=\"https:\/\/www.eldigitaldeasturias.com\/noticias\" title=\"Home\">Home<\/a>\n<\/span><span class=\"aioseo-breadcrumb-separator\">\u2013<\/span><span class=\"aioseo-breadcrumb\">\n\t<a href=\"https:\/\/www.eldigitaldeasturias.com\/noticias\/category\/actualidad\/\" title=\"Actualidad\">Actualidad<\/a>\n<\/span><span class=\"aioseo-breadcrumb-separator\">\u2013<\/span><span class=\"aioseo-breadcrumb\">\n\t<a href=\"https:\/\/www.eldigitaldeasturias.com\/noticias\/nace-unid-en-busca-de-la-union-de-las-fuerzas-de-izquierda\/\" title=\"Nace UNID en busca de la uni\u00f3n de las fuerzas de izquierda\">Nace UNID en busca de la uni\u00f3n de las fuerzas de izquierda<\/a>\n<\/span><\/div>","aioseo_breadcrumb_json":[{"label":"Home","link":"https:\/\/www.eldigitaldeasturias.com\/noticias"},{"label":"Actualidad","link":"https:\/\/www.eldigitaldeasturias.com\/noticias\/category\/actualidad\/"},{"label":"Nace UNID en busca de la uni\u00f3n de las fuerzas de izquierda","link":"https:\/\/www.eldigitaldeasturias.com\/noticias\/nace-unid-en-busca-de-la-union-de-las-fuerzas-de-izquierda\/"}],"_links":{"self":[{"href":"https:\/\/www.eldigitaldeasturias.com\/noticias\/wp-json\/wp\/v2\/posts\/970607","targetHints":{"allow":["GET"]}}],"collection":[{"href":"https:\/\/www.eldigitaldeasturias.com\/noticias\/wp-json\/wp\/v2\/posts"}],"about":[{"href":"https:\/\/www.eldigitaldeasturias.com\/noticias\/wp-json\/wp\/v2\/types\/post"}],"author":[{"embeddable":true,"href":"https:\/\/www.eldigitaldeasturias.com\/noticias\/wp-json\/wp\/v2\/users\/1"}],"replies":[{"embeddable":true,"href":"https:\/\/www.eldigitaldeasturias.com\/noticias\/wp-json\/wp\/v2\/comments?post=970607"}],"version-history":[{"count":0,"href":"https:\/\/www.eldigitaldeasturias.com\/noticias\/wp-json\/wp\/v2\/posts\/970607\/revisions"}],"wp:attachment":[{"href":"https:\/\/www.eldigitaldeasturias.com\/noticias\/wp-json\/wp\/v2\/media?parent=970607"}],"wp:term":[{"taxonomy":"category","embeddable":true,"href":"https:\/\/www.eldigitaldeasturias.com\/noticias\/wp-json\/wp\/v2\/categories?post=970607"},{"taxonomy":"post_tag","embeddable":true,"href":"https:\/\/www.eldigitaldeasturias.com\/noticias\/wp-json\/wp\/v2\/tags?post=970607"}],"curies":[{"name":"wp","href":"https:\/\/api.w.org\/{rel}","templated":true}]}}