{"id":970583,"date":"2018-02-27T23:06:04","date_gmt":"2018-02-27T23:06:04","guid":{"rendered":"http:\/\/www.eldigitaldeasturias.com\/noticias\/?p=970583"},"modified":"2018-02-28T00:01:18","modified_gmt":"2018-02-28T00:01:18","slug":"donald-trump-a-su-jefe-de-campana-para-2020","status":"publish","type":"post","link":"https:\/\/www.eldigitaldeasturias.com\/noticias\/donald-trump-a-su-jefe-de-campana-para-2020\/","title":{"rendered":"Donald Trump nombra a su jefe de campa\u00f1a para 2020"},"content":{"rendered":"<p><img loading=\"lazy\" decoding=\"async\" class=\"alignleft size-medium wp-image-875869\" src=\"https:\/\/www.eldigitaldeasturias.com\/noticias\/wp-content\/uploads\/2016\/04\/Trump-360x198.jpg\" alt=\"\" width=\"360\" height=\"198\" \/>Washington, 27 feb (dpa) &#8211; El presidente de Estados Unidos, Donald Trump, nombr\u00f3 hoy al estratega Brad Parscale como jefe de campa\u00f1a para 2020, cuando buscar\u00e1 su reelecci\u00f3n.<\/p>\n<p>Parscale, de 42 a\u00f1os, trabaj\u00f3 antes para la compa\u00f1\u00eda de Trump y en 2015 se uni\u00f3 al equipo de campa\u00f1a del entonces aspirante presidencial.<\/p>\n<p>Despu\u00e9s de que el magnate inmobiliario ganara las elecciones de 2016, Parscale comenz\u00f3 a trabajar para el Comit\u00e9 Nacional Republicano, donde estuvo a cargo de la estrategia digital del partido.<\/p>\n<p>\u00abBrad tiene un talento incre\u00edble y fue crucial para nuestro \u00e9xito en 2016\u00bb, dijo Eric Trump, uno de los hijos del mandatario. \u00abTiene toda la confianza de nuestra familia y es la persona perfecta para estar al frente de la campa\u00f1a\u00bb, se\u00f1al\u00f3.<\/p>\n<p>Desde que asumi\u00f3 el cargo en enero de 2017, el presidente dej\u00f3 en claro que quiere buscar un segundo mandato. La Constituci\u00f3n estadounidense s\u00f3lo permite que una persona ocupe la presidencia durante dos per\u00edodos de cuatro a\u00f1os.<\/p>\n<p>\u00abAdem\u00e1s de centrarse en armar su infraestructura para la carrera de 2020, la campa\u00f1a de Trump se ver\u00e1 involucrada en las elecciones de medio t\u00e9rmino de 2018, al ofrecer a los candidatos apoyo general y unificar el apoyo de las bases al involucrar a los seguidores de Trump en los distritos y estados\u00bb, se\u00f1al\u00f3 un comunicado.<\/p>\n","protected":false},"excerpt":{"rendered":"<p>Washington, 27 feb (dpa) &#8211; El presidente de Estados Unidos, Donald Trump, nombr\u00f3 hoy al estratega Brad Parscale como jefe de campa\u00f1a para 2020, cuando buscar\u00e1 su reelecci\u00f3n. Parscale, de 42 a\u00f1os, trabaj\u00f3 antes para la compa\u00f1\u00eda de Trump y en 2015 se uni\u00f3 al equipo de campa\u00f1a del entonces aspirante presidencial. Despu\u00e9s de que [&hellip;]<\/p>\n","protected":false},"author":1,"featured_media":875869,"comment_status":"closed","ping_status":"closed","sticky":false,"template":"","format":"standard","meta":{"footnotes":""},"categories":[1],"tags":[],"class_list":["post-970583","post","type-post","status-publish","format-standard","has-post-thumbnail","hentry","category-actualidad"],"aioseo_notices":[],"aioseo_head":"\n\t\t<!-- All in One SEO Pro 5.0.1 - aioseo.com -->\n\t<meta name=\"description\" content=\"Washington, 27 feb (dpa) - El presidente de Estados Unidos, Donald Trump, nombr\u00f3 hoy al estratega Brad Parscale como jefe de campa\u00f1a para 2020, cuando buscar\u00e1 su reelecci\u00f3n. Parscale, de 42 a\u00f1os, trabaj\u00f3 antes para la compa\u00f1\u00eda de Trump y en 2015 se uni\u00f3 al equipo de campa\u00f1a del entonces aspirante presidencial. Despu\u00e9s de que\" \/>\n\t<meta name=\"robots\" content=\"max-image-preview:large\" \/>\n\t<meta name=\"author\" content=\"El Digital de Asturias\"\/>\n\t<meta name=\"google-site-verification\" content=\"UA-38556648-1\" \/>\n\t<meta name=\"msvalidate.01\" content=\"7dfe9f3f1b24437ab69f4f2559babe99\" \/>\n\t<meta name=\"keywords\" content=\"actualidad\" \/>\n\t<link rel=\"canonical\" href=\"https:\/\/www.eldigitaldeasturias.com\/noticias\/donald-trump-a-su-jefe-de-campana-para-2020\/\" \/>\n\t<meta name=\"generator\" content=\"All in One SEO Pro (AIOSEO) 5.0.1\" \/>\n\t\t<meta property=\"og:locale\" content=\"es_ES\" \/>\n\t\t<meta property=\"og:site_name\" content=\"El Digital de Asturias\" \/>\n\t\t<meta property=\"og:type\" content=\"article\" \/>\n\t\t<meta property=\"og:title\" content=\"Donald Trump nombra a su jefe de campa\u00f1a para 2020 - El Digital de Asturias\" \/>\n\t\t<meta property=\"og:description\" content=\"Washington, 27 feb (dpa) - El presidente de Estados Unidos, Donald Trump, nombr\u00f3 hoy al estratega Brad Parscale como jefe de campa\u00f1a para 2020, cuando buscar\u00e1 su reelecci\u00f3n. Parscale, de 42 a\u00f1os, trabaj\u00f3 antes para la compa\u00f1\u00eda de Trump y en 2015 se uni\u00f3 al equipo de campa\u00f1a del entonces aspirante presidencial. Despu\u00e9s de que\" \/>\n\t\t<meta property=\"og:url\" content=\"https:\/\/www.eldigitaldeasturias.com\/noticias\/donald-trump-a-su-jefe-de-campana-para-2020\/\" \/>\n\t\t<meta property=\"article:tag\" content=\"actualidad\" \/>\n\t\t<meta property=\"article:published_time\" content=\"2018-02-27T23:06:04+00:00\" \/>\n\t\t<meta property=\"article:modified_time\" content=\"2018-02-28T00:01:18+00:00\" \/>\n\t\t<meta property=\"article:publisher\" content=\"https:\/\/facebook.com\/eldigitaldeasturias\" \/>\n\t\t<meta name=\"twitter:card\" content=\"summary_large_image\" \/>\n\t\t<meta name=\"twitter:title\" content=\"Donald Trump nombra a su jefe de campa\u00f1a para 2020 - El Digital de Asturias\" \/>\n\t\t<meta name=\"twitter:description\" content=\"Washington, 27 feb (dpa) - El presidente de Estados Unidos, Donald Trump, nombr\u00f3 hoy al estratega Brad Parscale como jefe de campa\u00f1a para 2020, cuando buscar\u00e1 su reelecci\u00f3n. Parscale, de 42 a\u00f1os, trabaj\u00f3 antes para la compa\u00f1\u00eda de Trump y en 2015 se uni\u00f3 al equipo de campa\u00f1a del entonces aspirante presidencial. Despu\u00e9s de que\" \/>\n\t\t<meta name=\"twitter:image\" content=\"https:\/\/www.eldigitaldeasturias.com\/noticias\/wp-content\/uploads\/2020\/12\/EDA-1.jpg\" \/>\n\t\t<meta name=\"twitter:label1\" content=\"Escrito por\" \/>\n\t\t<meta name=\"twitter:data1\" content=\"El Digital de Asturias\" \/>\n\t\t<meta name=\"twitter:label2\" content=\"Tiempo de lectura estimado\" \/>\n\t\t<meta name=\"twitter:data2\" content=\"1 minuto\" \/>\n\t\t<script type=\"application\/ld+json\" class=\"aioseo-schema\">\n\t\t\t{\"@context\":\"https:\\\/\\\/schema.org\",\"@graph\":[{\"@type\":\"BlogPosting\",\"@id\":\"https:\\\/\\\/www.eldigitaldeasturias.com\\\/noticias\\\/donald-trump-a-su-jefe-de-campana-para-2020\\\/#blogposting\",\"name\":\"Donald Trump nombra a su jefe de campa\\u00f1a para 2020 - El Digital de Asturias\",\"headline\":\"Donald Trump nombra a su jefe de campa\\u00f1a para 2020\",\"author\":{\"@id\":\"https:\\\/\\\/www.eldigitaldeasturias.com\\\/noticias\\\/author\\\/admin\\\/#author\"},\"publisher\":{\"@id\":\"https:\\\/\\\/www.eldigitaldeasturias.com\\\/noticias\\\/#organization\"},\"image\":{\"@type\":\"ImageObject\",\"url\":875869},\"datePublished\":\"2018-02-27T23:06:04+01:00\",\"dateModified\":\"2018-02-28T00:01:18+01:00\",\"inLanguage\":\"es-ES\",\"mainEntityOfPage\":{\"@id\":\"https:\\\/\\\/www.eldigitaldeasturias.com\\\/noticias\\\/donald-trump-a-su-jefe-de-campana-para-2020\\\/#webpage\"},\"isPartOf\":{\"@id\":\"https:\\\/\\\/www.eldigitaldeasturias.com\\\/noticias\\\/donald-trump-a-su-jefe-de-campana-para-2020\\\/#webpage\"},\"articleSection\":\"Actualidad\"},{\"@type\":\"BreadcrumbList\",\"@id\":\"https:\\\/\\\/www.eldigitaldeasturias.com\\\/noticias\\\/donald-trump-a-su-jefe-de-campana-para-2020\\\/#breadcrumblist\",\"itemListElement\":[{\"@type\":\"ListItem\",\"@id\":\"https:\\\/\\\/www.eldigitaldeasturias.com\\\/noticias#listItem\",\"position\":1,\"name\":\"Home\",\"item\":\"https:\\\/\\\/www.eldigitaldeasturias.com\\\/noticias\",\"nextItem\":{\"@type\":\"ListItem\",\"@id\":\"https:\\\/\\\/www.eldigitaldeasturias.com\\\/noticias\\\/category\\\/actualidad\\\/#listItem\",\"name\":\"Actualidad\"}},{\"@type\":\"ListItem\",\"@id\":\"https:\\\/\\\/www.eldigitaldeasturias.com\\\/noticias\\\/category\\\/actualidad\\\/#listItem\",\"position\":2,\"name\":\"Actualidad\",\"item\":\"https:\\\/\\\/www.eldigitaldeasturias.com\\\/noticias\\\/category\\\/actualidad\\\/\",\"nextItem\":{\"@type\":\"ListItem\",\"@id\":\"https:\\\/\\\/www.eldigitaldeasturias.com\\\/noticias\\\/donald-trump-a-su-jefe-de-campana-para-2020\\\/#listItem\",\"name\":\"Donald Trump nombra a su jefe de campa\\u00f1a para 2020\"},\"previousItem\":{\"@type\":\"ListItem\",\"@id\":\"https:\\\/\\\/www.eldigitaldeasturias.com\\\/noticias#listItem\",\"name\":\"Home\"}},{\"@type\":\"ListItem\",\"@id\":\"https:\\\/\\\/www.eldigitaldeasturias.com\\\/noticias\\\/donald-trump-a-su-jefe-de-campana-para-2020\\\/#listItem\",\"position\":3,\"name\":\"Donald Trump nombra a su jefe de campa\\u00f1a para 2020\",\"previousItem\":{\"@type\":\"ListItem\",\"@id\":\"https:\\\/\\\/www.eldigitaldeasturias.com\\\/noticias\\\/category\\\/actualidad\\\/#listItem\",\"name\":\"Actualidad\"}}]},{\"@type\":\"Organization\",\"@id\":\"https:\\\/\\\/www.eldigitaldeasturias.com\\\/noticias\\\/#organization\",\"name\":\"El Digital de Asturias\",\"description\":\"Hemeroteca\",\"url\":\"https:\\\/\\\/www.eldigitaldeasturias.com\\\/noticias\\\/\",\"email\":\"info@eldigitaldeasturias.com\",\"telephone\":\"+34652131393\",\"logo\":{\"@type\":\"ImageObject\",\"url\":\"https:\\\/\\\/www.eldigitaldeasturias.com\\\/noticias\\\/wp-content\\\/uploads\\\/2020\\\/12\\\/EDA.jpg\",\"@id\":\"https:\\\/\\\/www.eldigitaldeasturias.com\\\/noticias\\\/donald-trump-a-su-jefe-de-campana-para-2020\\\/#organizationLogo\"},\"image\":{\"@id\":\"https:\\\/\\\/www.eldigitaldeasturias.com\\\/noticias\\\/donald-trump-a-su-jefe-de-campana-para-2020\\\/#organizationLogo\"},\"sameAs\":[\"https:\\\/\\\/facebook.com\\\/eldigitaldeasturias\",\"https:\\\/\\\/www.youtube.com\\\/channel\\\/UCZP-2wLEB9Rv6erhFmqVnvg\"],\"address\":{\"@id\":\"https:\\\/\\\/www.eldigitaldeasturias.com\\\/noticias\\\/#postaladdress\",\"@type\":\"PostalAddress\",\"streetAddress\":\"san antonio 4\",\"postalCode\":\"33430\",\"addressLocality\":\"Cand\\u00e1s\",\"addressRegion\":\"Asturias\",\"addressCountry\":\"ES\"}},{\"@type\":\"Person\",\"@id\":\"https:\\\/\\\/www.eldigitaldeasturias.com\\\/noticias\\\/author\\\/admin\\\/#author\",\"url\":\"https:\\\/\\\/www.eldigitaldeasturias.com\\\/noticias\\\/author\\\/admin\\\/\",\"name\":\"El Digital de Asturias\",\"image\":{\"@type\":\"ImageObject\",\"@id\":\"https:\\\/\\\/www.eldigitaldeasturias.com\\\/noticias\\\/donald-trump-a-su-jefe-de-campana-para-2020\\\/#authorImage\",\"url\":\"https:\\\/\\\/secure.gravatar.com\\\/avatar\\\/df2aeffc32bcd13f8d26072ef8a91b623d677766deac7f97ca815868cd41bf5e?s=96&d=mm&r=g\",\"width\":96,\"height\":96,\"caption\":\"El Digital de Asturias\"}},{\"@type\":\"WebPage\",\"@id\":\"https:\\\/\\\/www.eldigitaldeasturias.com\\\/noticias\\\/donald-trump-a-su-jefe-de-campana-para-2020\\\/#webpage\",\"url\":\"https:\\\/\\\/www.eldigitaldeasturias.com\\\/noticias\\\/donald-trump-a-su-jefe-de-campana-para-2020\\\/\",\"name\":\"Donald Trump nombra a su jefe de campa\\u00f1a para 2020 - El Digital de Asturias\",\"description\":\"Washington, 27 feb (dpa) - El presidente de Estados Unidos, Donald Trump, nombr\\u00f3 hoy al estratega Brad Parscale como jefe de campa\\u00f1a para 2020, cuando buscar\\u00e1 su reelecci\\u00f3n. Parscale, de 42 a\\u00f1os, trabaj\\u00f3 antes para la compa\\u00f1\\u00eda de Trump y en 2015 se uni\\u00f3 al equipo de campa\\u00f1a del entonces aspirante presidencial. Despu\\u00e9s de que\",\"inLanguage\":\"es-ES\",\"isPartOf\":{\"@id\":\"https:\\\/\\\/www.eldigitaldeasturias.com\\\/noticias\\\/#website\"},\"breadcrumb\":{\"@id\":\"https:\\\/\\\/www.eldigitaldeasturias.com\\\/noticias\\\/donald-trump-a-su-jefe-de-campana-para-2020\\\/#breadcrumblist\"},\"author\":{\"@id\":\"https:\\\/\\\/www.eldigitaldeasturias.com\\\/noticias\\\/author\\\/admin\\\/#author\"},\"creator\":{\"@id\":\"https:\\\/\\\/www.eldigitaldeasturias.com\\\/noticias\\\/author\\\/admin\\\/#author\"},\"image\":{\"@type\":\"ImageObject\",\"url\":875869,\"@id\":\"https:\\\/\\\/www.eldigitaldeasturias.com\\\/noticias\\\/donald-trump-a-su-jefe-de-campana-para-2020\\\/#mainImage\"},\"primaryImageOfPage\":{\"@id\":\"https:\\\/\\\/www.eldigitaldeasturias.com\\\/noticias\\\/donald-trump-a-su-jefe-de-campana-para-2020\\\/#mainImage\"},\"datePublished\":\"2018-02-27T23:06:04+01:00\",\"dateModified\":\"2018-02-28T00:01:18+01:00\"},{\"@type\":\"WebSite\",\"@id\":\"https:\\\/\\\/www.eldigitaldeasturias.com\\\/noticias\\\/#website\",\"url\":\"https:\\\/\\\/www.eldigitaldeasturias.com\\\/noticias\\\/\",\"name\":\"El Digital de Asturias - Diario de actualidad y noticias\",\"alternateName\":\"El Digital de Asturias - Diario de actualidad y noticias\",\"description\":\"Hemeroteca\",\"inLanguage\":\"es-ES\",\"publisher\":{\"@id\":\"https:\\\/\\\/www.eldigitaldeasturias.com\\\/noticias\\\/#organization\"}}]}\n\t\t<\/script>\n\t\t<!-- All in One SEO Pro -->\r\n\t\t<title>Donald Trump nombra a su jefe de campa\u00f1a para 2020 - El Digital de Asturias<\/title>\n\n","aioseo_head_json":{"title":"Donald Trump nombra a su jefe de campa\u00f1a para 2020 - El Digital de Asturias","description":"Washington, 27 feb (dpa) - El presidente de Estados Unidos, Donald Trump, nombr\u00f3 hoy al estratega Brad Parscale como jefe de campa\u00f1a para 2020, cuando buscar\u00e1 su reelecci\u00f3n. Parscale, de 42 a\u00f1os, trabaj\u00f3 antes para la compa\u00f1\u00eda de Trump y en 2015 se uni\u00f3 al equipo de campa\u00f1a del entonces aspirante presidencial. Despu\u00e9s de que","canonical_url":"https:\/\/www.eldigitaldeasturias.com\/noticias\/donald-trump-a-su-jefe-de-campana-para-2020\/","robots":"max-image-preview:large","keywords":"actualidad","webmasterTools":{"google-site-verification":"UA-38556648-1","msvalidate.01":"7dfe9f3f1b24437ab69f4f2559babe99","miscellaneous":""},"schema":{"@context":"https:\/\/schema.org","@graph":[{"@type":"BlogPosting","@id":"https:\/\/www.eldigitaldeasturias.com\/noticias\/donald-trump-a-su-jefe-de-campana-para-2020\/#blogposting","name":"Donald Trump nombra a su jefe de campa\u00f1a para 2020 - El Digital de Asturias","headline":"Donald Trump nombra a su jefe de campa\u00f1a para 2020","author":{"@id":"https:\/\/www.eldigitaldeasturias.com\/noticias\/author\/admin\/#author"},"publisher":{"@id":"https:\/\/www.eldigitaldeasturias.com\/noticias\/#organization"},"image":{"@type":"ImageObject","url":875869},"datePublished":"2018-02-27T23:06:04+01:00","dateModified":"2018-02-28T00:01:18+01:00","inLanguage":"es-ES","mainEntityOfPage":{"@id":"https:\/\/www.eldigitaldeasturias.com\/noticias\/donald-trump-a-su-jefe-de-campana-para-2020\/#webpage"},"isPartOf":{"@id":"https:\/\/www.eldigitaldeasturias.com\/noticias\/donald-trump-a-su-jefe-de-campana-para-2020\/#webpage"},"articleSection":"Actualidad"},{"@type":"BreadcrumbList","@id":"https:\/\/www.eldigitaldeasturias.com\/noticias\/donald-trump-a-su-jefe-de-campana-para-2020\/#breadcrumblist","itemListElement":[{"@type":"ListItem","@id":"https:\/\/www.eldigitaldeasturias.com\/noticias#listItem","position":1,"name":"Home","item":"https:\/\/www.eldigitaldeasturias.com\/noticias","nextItem":{"@type":"ListItem","@id":"https:\/\/www.eldigitaldeasturias.com\/noticias\/category\/actualidad\/#listItem","name":"Actualidad"}},{"@type":"ListItem","@id":"https:\/\/www.eldigitaldeasturias.com\/noticias\/category\/actualidad\/#listItem","position":2,"name":"Actualidad","item":"https:\/\/www.eldigitaldeasturias.com\/noticias\/category\/actualidad\/","nextItem":{"@type":"ListItem","@id":"https:\/\/www.eldigitaldeasturias.com\/noticias\/donald-trump-a-su-jefe-de-campana-para-2020\/#listItem","name":"Donald Trump nombra a su jefe de campa\u00f1a para 2020"},"previousItem":{"@type":"ListItem","@id":"https:\/\/www.eldigitaldeasturias.com\/noticias#listItem","name":"Home"}},{"@type":"ListItem","@id":"https:\/\/www.eldigitaldeasturias.com\/noticias\/donald-trump-a-su-jefe-de-campana-para-2020\/#listItem","position":3,"name":"Donald Trump nombra a su jefe de campa\u00f1a para 2020","previousItem":{"@type":"ListItem","@id":"https:\/\/www.eldigitaldeasturias.com\/noticias\/category\/actualidad\/#listItem","name":"Actualidad"}}]},{"@type":"Organization","@id":"https:\/\/www.eldigitaldeasturias.com\/noticias\/#organization","name":"El Digital de Asturias","description":"Hemeroteca","url":"https:\/\/www.eldigitaldeasturias.com\/noticias\/","email":"info@eldigitaldeasturias.com","telephone":"+34652131393","logo":{"@type":"ImageObject","url":"https:\/\/www.eldigitaldeasturias.com\/noticias\/wp-content\/uploads\/2020\/12\/EDA.jpg","@id":"https:\/\/www.eldigitaldeasturias.com\/noticias\/donald-trump-a-su-jefe-de-campana-para-2020\/#organizationLogo"},"image":{"@id":"https:\/\/www.eldigitaldeasturias.com\/noticias\/donald-trump-a-su-jefe-de-campana-para-2020\/#organizationLogo"},"sameAs":["https:\/\/facebook.com\/eldigitaldeasturias","https:\/\/www.youtube.com\/channel\/UCZP-2wLEB9Rv6erhFmqVnvg"],"address":{"@id":"https:\/\/www.eldigitaldeasturias.com\/noticias\/#postaladdress","@type":"PostalAddress","streetAddress":"san antonio 4","postalCode":"33430","addressLocality":"Cand\u00e1s","addressRegion":"Asturias","addressCountry":"ES"}},{"@type":"Person","@id":"https:\/\/www.eldigitaldeasturias.com\/noticias\/author\/admin\/#author","url":"https:\/\/www.eldigitaldeasturias.com\/noticias\/author\/admin\/","name":"El Digital de Asturias","image":{"@type":"ImageObject","@id":"https:\/\/www.eldigitaldeasturias.com\/noticias\/donald-trump-a-su-jefe-de-campana-para-2020\/#authorImage","url":"https:\/\/secure.gravatar.com\/avatar\/df2aeffc32bcd13f8d26072ef8a91b623d677766deac7f97ca815868cd41bf5e?s=96&d=mm&r=g","width":96,"height":96,"caption":"El Digital de Asturias"}},{"@type":"WebPage","@id":"https:\/\/www.eldigitaldeasturias.com\/noticias\/donald-trump-a-su-jefe-de-campana-para-2020\/#webpage","url":"https:\/\/www.eldigitaldeasturias.com\/noticias\/donald-trump-a-su-jefe-de-campana-para-2020\/","name":"Donald Trump nombra a su jefe de campa\u00f1a para 2020 - El Digital de Asturias","description":"Washington, 27 feb (dpa) - El presidente de Estados Unidos, Donald Trump, nombr\u00f3 hoy al estratega Brad Parscale como jefe de campa\u00f1a para 2020, cuando buscar\u00e1 su reelecci\u00f3n. Parscale, de 42 a\u00f1os, trabaj\u00f3 antes para la compa\u00f1\u00eda de Trump y en 2015 se uni\u00f3 al equipo de campa\u00f1a del entonces aspirante presidencial. Despu\u00e9s de que","inLanguage":"es-ES","isPartOf":{"@id":"https:\/\/www.eldigitaldeasturias.com\/noticias\/#website"},"breadcrumb":{"@id":"https:\/\/www.eldigitaldeasturias.com\/noticias\/donald-trump-a-su-jefe-de-campana-para-2020\/#breadcrumblist"},"author":{"@id":"https:\/\/www.eldigitaldeasturias.com\/noticias\/author\/admin\/#author"},"creator":{"@id":"https:\/\/www.eldigitaldeasturias.com\/noticias\/author\/admin\/#author"},"image":{"@type":"ImageObject","url":875869,"@id":"https:\/\/www.eldigitaldeasturias.com\/noticias\/donald-trump-a-su-jefe-de-campana-para-2020\/#mainImage"},"primaryImageOfPage":{"@id":"https:\/\/www.eldigitaldeasturias.com\/noticias\/donald-trump-a-su-jefe-de-campana-para-2020\/#mainImage"},"datePublished":"2018-02-27T23:06:04+01:00","dateModified":"2018-02-28T00:01:18+01:00"},{"@type":"WebSite","@id":"https:\/\/www.eldigitaldeasturias.com\/noticias\/#website","url":"https:\/\/www.eldigitaldeasturias.com\/noticias\/","name":"El Digital de Asturias - Diario de actualidad y noticias","alternateName":"El Digital de Asturias - Diario de actualidad y noticias","description":"Hemeroteca","inLanguage":"es-ES","publisher":{"@id":"https:\/\/www.eldigitaldeasturias.com\/noticias\/#organization"}}]},"og:locale":"es_ES","og:site_name":"El Digital de Asturias","og:type":"article","og:title":"Donald Trump nombra a su jefe de campa\u00f1a para 2020 - El Digital de Asturias","og:description":"Washington, 27 feb (dpa) - El presidente de Estados Unidos, Donald Trump, nombr\u00f3 hoy al estratega Brad Parscale como jefe de campa\u00f1a para 2020, cuando buscar\u00e1 su reelecci\u00f3n. Parscale, de 42 a\u00f1os, trabaj\u00f3 antes para la compa\u00f1\u00eda de Trump y en 2015 se uni\u00f3 al equipo de campa\u00f1a del entonces aspirante presidencial. Despu\u00e9s de que","og:url":"https:\/\/www.eldigitaldeasturias.com\/noticias\/donald-trump-a-su-jefe-de-campana-para-2020\/","article:tag":["actualidad"],"article:published_time":"2018-02-27T23:06:04+00:00","article:modified_time":"2018-02-28T00:01:18+00:00","article:publisher":"https:\/\/facebook.com\/eldigitaldeasturias","twitter:card":"summary_large_image","twitter:title":"Donald Trump nombra a su jefe de campa\u00f1a para 2020 - El Digital de Asturias","twitter:description":"Washington, 27 feb (dpa) - El presidente de Estados Unidos, Donald Trump, nombr\u00f3 hoy al estratega Brad Parscale como jefe de campa\u00f1a para 2020, cuando buscar\u00e1 su reelecci\u00f3n. Parscale, de 42 a\u00f1os, trabaj\u00f3 antes para la compa\u00f1\u00eda de Trump y en 2015 se uni\u00f3 al equipo de campa\u00f1a del entonces aspirante presidencial. Despu\u00e9s de que","twitter:image":"https:\/\/www.eldigitaldeasturias.com\/noticias\/wp-content\/uploads\/2020\/12\/EDA-1.jpg","twitter:label1":"Escrito por","twitter:data1":"El Digital de Asturias","twitter:label2":"Tiempo de lectura estimado","twitter:data2":"1 minuto"},"aioseo_meta_data":{"post_id":"970583","title":null,"description":null,"keywords":null,"keyphrases":null,"primary_term":null,"canonical_url":null,"og_title":null,"og_description":null,"og_object_type":"default","og_image_type":"default","og_image_url":null,"og_image_width":null,"og_image_height":null,"og_image_custom_url":null,"og_image_custom_fields":null,"og_video":null,"og_custom_url":null,"og_article_section":null,"og_article_tags":null,"twitter_use_og":false,"twitter_card":"default","twitter_image_type":"default","twitter_image_url":null,"twitter_image_custom_url":null,"twitter_image_custom_fields":null,"twitter_title":null,"twitter_description":null,"schema":{"blockGraphs":[],"customGraphs":[],"default":{"data":{"Article":[],"Course":[],"Dataset":[],"FAQPage":[],"Movie":[],"Person":[],"Product":[],"ProductReview":[],"Car":[],"Recipe":[],"Service":[],"SoftwareApplication":[],"WebPage":[]},"graphName":"","isEnabled":true},"graphs":[],"defaultGraph":"","defaultPostTypeGraph":""},"schema_type":null,"schema_type_options":null,"pillar_content":false,"robots_default":true,"robots_noindex":false,"robots_noarchive":false,"robots_nosnippet":false,"robots_nofollow":false,"robots_noimageindex":false,"robots_noodp":false,"robots_notranslate":false,"robots_max_snippet":null,"robots_max_videopreview":null,"robots_max_imagepreview":"large","priority":null,"frequency":null,"local_seo":null,"seo_analyzer_scan_date":"2025-10-07 06:09:03","breadcrumb_settings":null,"limit_modified_date":false,"open_ai":null,"ai":null,"created":"2020-12-21 12:24:36","updated":"2025-10-07 06:09:03","focus_keyword":null,"additional_keywords":null,"truseo_locale":null},"aioseo_breadcrumb":"<div class=\"aioseo-breadcrumbs\"><span class=\"aioseo-breadcrumb\">\n\t<a href=\"https:\/\/www.eldigitaldeasturias.com\/noticias\" title=\"Home\">Home<\/a>\n<\/span><span class=\"aioseo-breadcrumb-separator\">\u2013<\/span><span class=\"aioseo-breadcrumb\">\n\t<a href=\"https:\/\/www.eldigitaldeasturias.com\/noticias\/category\/actualidad\/\" title=\"Actualidad\">Actualidad<\/a>\n<\/span><span class=\"aioseo-breadcrumb-separator\">\u2013<\/span><span class=\"aioseo-breadcrumb\">\n\t<a href=\"https:\/\/www.eldigitaldeasturias.com\/noticias\/donald-trump-a-su-jefe-de-campana-para-2020\/\" title=\"Donald Trump nombra a su jefe de campa\u00f1a para 2020\">Donald Trump nombra a su jefe de campa\u00f1a para 2020<\/a>\n<\/span><\/div>","aioseo_breadcrumb_json":[{"label":"Home","link":"https:\/\/www.eldigitaldeasturias.com\/noticias"},{"label":"Actualidad","link":"https:\/\/www.eldigitaldeasturias.com\/noticias\/category\/actualidad\/"},{"label":"Donald Trump nombra a su jefe de campa\u00f1a para 2020","link":"https:\/\/www.eldigitaldeasturias.com\/noticias\/donald-trump-a-su-jefe-de-campana-para-2020\/"}],"_links":{"self":[{"href":"https:\/\/www.eldigitaldeasturias.com\/noticias\/wp-json\/wp\/v2\/posts\/970583","targetHints":{"allow":["GET"]}}],"collection":[{"href":"https:\/\/www.eldigitaldeasturias.com\/noticias\/wp-json\/wp\/v2\/posts"}],"about":[{"href":"https:\/\/www.eldigitaldeasturias.com\/noticias\/wp-json\/wp\/v2\/types\/post"}],"author":[{"embeddable":true,"href":"https:\/\/www.eldigitaldeasturias.com\/noticias\/wp-json\/wp\/v2\/users\/1"}],"replies":[{"embeddable":true,"href":"https:\/\/www.eldigitaldeasturias.com\/noticias\/wp-json\/wp\/v2\/comments?post=970583"}],"version-history":[{"count":0,"href":"https:\/\/www.eldigitaldeasturias.com\/noticias\/wp-json\/wp\/v2\/posts\/970583\/revisions"}],"wp:attachment":[{"href":"https:\/\/www.eldigitaldeasturias.com\/noticias\/wp-json\/wp\/v2\/media?parent=970583"}],"wp:term":[{"taxonomy":"category","embeddable":true,"href":"https:\/\/www.eldigitaldeasturias.com\/noticias\/wp-json\/wp\/v2\/categories?post=970583"},{"taxonomy":"post_tag","embeddable":true,"href":"https:\/\/www.eldigitaldeasturias.com\/noticias\/wp-json\/wp\/v2\/tags?post=970583"}],"curies":[{"name":"wp","href":"https:\/\/api.w.org\/{rel}","templated":true}]}}