{"id":970581,"date":"2018-02-27T23:04:09","date_gmt":"2018-02-27T23:04:09","guid":{"rendered":"http:\/\/www.eldigitaldeasturias.com\/noticias\/?p=970581"},"modified":"2018-02-27T23:04:09","modified_gmt":"2018-02-27T23:04:09","slug":"maduro-inscribe-su-candidatura-para-presidenciales-en-venezuela","status":"publish","type":"post","link":"https:\/\/www.eldigitaldeasturias.com\/noticias\/maduro-inscribe-su-candidatura-para-presidenciales-en-venezuela\/","title":{"rendered":"Maduro inscribe su candidatura para presidenciales en Venezuela"},"content":{"rendered":"<p><img loading=\"lazy\" decoding=\"async\" class=\"alignleft size-medium wp-image-485917\" src=\"https:\/\/www.eldigitaldeasturias.com\/noticias\/wp-content\/uploads\/2014\/02\/5919099w-360x240.jpg\" alt=\"\" width=\"360\" height=\"240\" \/>Caracas, 27 feb (dpa) &#8211; El mandatario venezolano Nicol\u00e1s Maduro oficializ\u00f3 hoy la inscripci\u00f3n de su candidatura ante el Consejo Nacional Electoral (CNE) para buscar la reelecci\u00f3n en el periodo 2019-2025 en los comicios pautados para el 22 de abril y ante la negativa a participar en el proceso de la oposici\u00f3n.<\/p>\n<p>Maduro asisti\u00f3 a la sede del CNE, en el centro de Caracas, donde prometi\u00f3 que derrotar\u00eda la \u201cguerra econ\u00f3mica\u201d que Washington, la oposici\u00f3n y el empresariado habr\u00edan librado para exacerbar la crisis econ\u00f3mica, la hiperinflaci\u00f3n y la escasez de productos b\u00e1sicos para mermar la popularidad de su Gobierno.<\/p>\n<p>\u201cA ustedes, jefes de hogar, que han sufrido y sufren en carne propia la guerra econ\u00f3mica, la oligarqu\u00eda los ha subestimado y creen que ustedes se iban a rendir \u00a1y aqu\u00ed no se rinde nadie, carajo! Aqu\u00ed lo que vamos es a la batalla hist\u00f3rica por la victoria presidencial del 22 de abril\u201d, dijo Maduro al prometer que obtendr\u00eda 10 millones de votos.<\/p>\n<p>Los comicios fueron convocados por la Asamblea Constituyente, que es totalmente dominada por el chavismo, y cuya legalidad es desconocida por la opositora Mesa de la Unidad Democr\u00e1tica (MUD), que ha descartado participar en los comicios alegando falta de garant\u00edas para tener un proceso imparcial.<\/p>\n<p>Maduro advirti\u00f3 que estaba alerta porque la oposici\u00f3n estar\u00eda debatiendo si participar en los comicios o, si en caso contrario, deciden llamar a la abstenci\u00f3n y la violencia para provocar un escenario de golpe de Estado y hasta una intervenci\u00f3n internacional liderada por Estados Unidos.<\/p>\n<p>\u201cEl primer escenario, que la oposici\u00f3n al final, lo dudo mucho, pero lo voy a decir (&#8230;) que la oposici\u00f3n al final decida inscribir alg\u00fan candidato. El embajador gringo en Venezuela le ha dado la orden (al l\u00edder opositor, Henry) Ramos Allup y a todos los precandidatos que no se inscriben, que hay que boicotear las elecciones y llamar a la abstenci\u00f3n electoral para luego buscar un golpe de Estado\u201d, alert\u00f3.<\/p>\n<p>\u201cEl escenario n\u00famero dos es el escenario de que los partidos de la oposici\u00f3n sumisos, subordinados, arrodillados al imperialismo norteamericano no inscriban un candidato presidencial y hagan un llamado a la abstenci\u00f3n, al boicot y al sabotaje electoral, en ese caso los patriotas (&#8230;) debemos organizarnos para darle una lecci\u00f3n de votos a los que llaman al boicot electoral, vencer la abstenci\u00f3n\u201d, apunt\u00f3.<\/p>\n<p>El mandatario llam\u00f3 a los seguidores del chavismo a prepararse para ambos escenarios y derrotar los planes de la oposici\u00f3n y del imperialismo de Washington, pero reiter\u00f3 el llamado a la oposici\u00f3n a que participe en los comicios, porque \u201ctienen todas las garant\u00edas nacionales e internacionales\u201d para votar.<\/p>\n<p>Maduro prometi\u00f3 que tras ganar la reelecci\u00f3n enfocar\u00eda sus energ\u00edas en la recuperaci\u00f3n de la alica\u00edda econom\u00eda venezolana.<\/p>\n<p>\u201cUn d\u00eda despu\u00e9s (de los comicios), he jurado antes ustedes (que) voy a iniciar una gran ofensiva para construir una nueva econom\u00eda que est\u00e9 al servicio del pueblo, una nueva econom\u00eda que satisfaga las necesidades verdaderas del pueblo, un nuevo comienzo econ\u00f3mico\u201d, dijo.<\/p>\n<p>Pese a que la opositora MUD ha descartado participar, el dirigente Henri Falc\u00f3n, quien hace vida dentro de la coalici\u00f3n opositora, ha dejado entrever que inscribir\u00e1 su candidatura por ser la \u00fanica manera de poder sacar a Maduro del poder.<\/p>\n<p>Falc\u00f3n asegur\u00f3 recientemente que la oposici\u00f3n y el chavismo estaban negociando posponer la fecha de los comicios y aumentar las garant\u00edas para lograr que la MUD participe en los comicios, aunque el chavismo descart\u00f3 esa posibilidad.<\/p>\n<p>Unos 20 millones de electores est\u00e1n habilitados para participar en los comicios, seg\u00fan los datos del registro electoral del CNE.<\/p>\n","protected":false},"excerpt":{"rendered":"<p>Caracas, 27 feb (dpa) &#8211; El mandatario venezolano Nicol\u00e1s Maduro oficializ\u00f3 hoy la inscripci\u00f3n de su candidatura ante el Consejo Nacional Electoral (CNE) para buscar la reelecci\u00f3n en el periodo 2019-2025 en los comicios pautados para el 22 de abril y ante la negativa a participar en el proceso de la oposici\u00f3n. Maduro asisti\u00f3 a [&hellip;]<\/p>\n","protected":false},"author":1,"featured_media":485917,"comment_status":"closed","ping_status":"closed","sticky":false,"template":"","format":"standard","meta":{"footnotes":""},"categories":[1],"tags":[],"class_list":["post-970581","post","type-post","status-publish","format-standard","has-post-thumbnail","hentry","category-actualidad"],"aioseo_notices":[],"aioseo_head":"\n\t\t<!-- All in One SEO Pro 5.0.1 - aioseo.com -->\n\t<meta name=\"description\" content=\"Caracas, 27 feb (dpa) - El mandatario venezolano Nicol\u00e1s Maduro oficializ\u00f3 hoy la inscripci\u00f3n de su candidatura ante el Consejo Nacional Electoral (CNE) para buscar la reelecci\u00f3n en el periodo 2019-2025 en los comicios pautados para el 22 de abril y ante la negativa a participar en el proceso de la oposici\u00f3n. Maduro asisti\u00f3 a\" \/>\n\t<meta name=\"robots\" content=\"max-image-preview:large\" \/>\n\t<meta name=\"author\" content=\"El Digital de Asturias\"\/>\n\t<meta name=\"google-site-verification\" content=\"UA-38556648-1\" \/>\n\t<meta name=\"msvalidate.01\" content=\"7dfe9f3f1b24437ab69f4f2559babe99\" \/>\n\t<meta name=\"keywords\" content=\"actualidad\" \/>\n\t<link rel=\"canonical\" href=\"https:\/\/www.eldigitaldeasturias.com\/noticias\/maduro-inscribe-su-candidatura-para-presidenciales-en-venezuela\/\" \/>\n\t<meta name=\"generator\" content=\"All in One SEO Pro (AIOSEO) 5.0.1\" \/>\n\t\t<meta property=\"og:locale\" content=\"es_ES\" \/>\n\t\t<meta property=\"og:site_name\" content=\"El Digital de Asturias\" \/>\n\t\t<meta property=\"og:type\" content=\"article\" \/>\n\t\t<meta property=\"og:title\" content=\"Maduro inscribe su candidatura para presidenciales en Venezuela - El Digital de Asturias\" \/>\n\t\t<meta property=\"og:description\" content=\"Caracas, 27 feb (dpa) - El mandatario venezolano Nicol\u00e1s Maduro oficializ\u00f3 hoy la inscripci\u00f3n de su candidatura ante el Consejo Nacional Electoral (CNE) para buscar la reelecci\u00f3n en el periodo 2019-2025 en los comicios pautados para el 22 de abril y ante la negativa a participar en el proceso de la oposici\u00f3n. Maduro asisti\u00f3 a\" \/>\n\t\t<meta property=\"og:url\" content=\"https:\/\/www.eldigitaldeasturias.com\/noticias\/maduro-inscribe-su-candidatura-para-presidenciales-en-venezuela\/\" \/>\n\t\t<meta property=\"article:tag\" content=\"actualidad\" \/>\n\t\t<meta property=\"article:published_time\" content=\"2018-02-27T23:04:09+00:00\" \/>\n\t\t<meta property=\"article:modified_time\" content=\"2018-02-27T23:04:09+00:00\" \/>\n\t\t<meta property=\"article:publisher\" content=\"https:\/\/facebook.com\/eldigitaldeasturias\" \/>\n\t\t<meta name=\"twitter:card\" content=\"summary_large_image\" \/>\n\t\t<meta name=\"twitter:title\" content=\"Maduro inscribe su candidatura para presidenciales en Venezuela - El Digital de Asturias\" \/>\n\t\t<meta name=\"twitter:description\" content=\"Caracas, 27 feb (dpa) - El mandatario venezolano Nicol\u00e1s Maduro oficializ\u00f3 hoy la inscripci\u00f3n de su candidatura ante el Consejo Nacional Electoral (CNE) para buscar la reelecci\u00f3n en el periodo 2019-2025 en los comicios pautados para el 22 de abril y ante la negativa a participar en el proceso de la oposici\u00f3n. Maduro asisti\u00f3 a\" \/>\n\t\t<meta name=\"twitter:image\" content=\"https:\/\/www.eldigitaldeasturias.com\/noticias\/wp-content\/uploads\/2020\/12\/EDA-1.jpg\" \/>\n\t\t<meta name=\"twitter:label1\" content=\"Escrito por\" \/>\n\t\t<meta name=\"twitter:data1\" content=\"El Digital de Asturias\" \/>\n\t\t<meta name=\"twitter:label2\" content=\"Tiempo de lectura estimado\" \/>\n\t\t<meta name=\"twitter:data2\" content=\"3 minutos\" \/>\n\t\t<script type=\"application\/ld+json\" class=\"aioseo-schema\">\n\t\t\t{\"@context\":\"https:\\\/\\\/schema.org\",\"@graph\":[{\"@type\":\"BlogPosting\",\"@id\":\"https:\\\/\\\/www.eldigitaldeasturias.com\\\/noticias\\\/maduro-inscribe-su-candidatura-para-presidenciales-en-venezuela\\\/#blogposting\",\"name\":\"Maduro inscribe su candidatura para presidenciales en Venezuela - El Digital de Asturias\",\"headline\":\"Maduro inscribe su candidatura para presidenciales en Venezuela\",\"author\":{\"@id\":\"https:\\\/\\\/www.eldigitaldeasturias.com\\\/noticias\\\/author\\\/admin\\\/#author\"},\"publisher\":{\"@id\":\"https:\\\/\\\/www.eldigitaldeasturias.com\\\/noticias\\\/#organization\"},\"image\":{\"@type\":\"ImageObject\",\"url\":485917},\"datePublished\":\"2018-02-27T23:04:09+01:00\",\"dateModified\":\"2018-02-27T23:04:09+01:00\",\"inLanguage\":\"es-ES\",\"mainEntityOfPage\":{\"@id\":\"https:\\\/\\\/www.eldigitaldeasturias.com\\\/noticias\\\/maduro-inscribe-su-candidatura-para-presidenciales-en-venezuela\\\/#webpage\"},\"isPartOf\":{\"@id\":\"https:\\\/\\\/www.eldigitaldeasturias.com\\\/noticias\\\/maduro-inscribe-su-candidatura-para-presidenciales-en-venezuela\\\/#webpage\"},\"articleSection\":\"Actualidad\"},{\"@type\":\"BreadcrumbList\",\"@id\":\"https:\\\/\\\/www.eldigitaldeasturias.com\\\/noticias\\\/maduro-inscribe-su-candidatura-para-presidenciales-en-venezuela\\\/#breadcrumblist\",\"itemListElement\":[{\"@type\":\"ListItem\",\"@id\":\"https:\\\/\\\/www.eldigitaldeasturias.com\\\/noticias#listItem\",\"position\":1,\"name\":\"Home\",\"item\":\"https:\\\/\\\/www.eldigitaldeasturias.com\\\/noticias\",\"nextItem\":{\"@type\":\"ListItem\",\"@id\":\"https:\\\/\\\/www.eldigitaldeasturias.com\\\/noticias\\\/category\\\/actualidad\\\/#listItem\",\"name\":\"Actualidad\"}},{\"@type\":\"ListItem\",\"@id\":\"https:\\\/\\\/www.eldigitaldeasturias.com\\\/noticias\\\/category\\\/actualidad\\\/#listItem\",\"position\":2,\"name\":\"Actualidad\",\"item\":\"https:\\\/\\\/www.eldigitaldeasturias.com\\\/noticias\\\/category\\\/actualidad\\\/\",\"nextItem\":{\"@type\":\"ListItem\",\"@id\":\"https:\\\/\\\/www.eldigitaldeasturias.com\\\/noticias\\\/maduro-inscribe-su-candidatura-para-presidenciales-en-venezuela\\\/#listItem\",\"name\":\"Maduro inscribe su candidatura para presidenciales en Venezuela\"},\"previousItem\":{\"@type\":\"ListItem\",\"@id\":\"https:\\\/\\\/www.eldigitaldeasturias.com\\\/noticias#listItem\",\"name\":\"Home\"}},{\"@type\":\"ListItem\",\"@id\":\"https:\\\/\\\/www.eldigitaldeasturias.com\\\/noticias\\\/maduro-inscribe-su-candidatura-para-presidenciales-en-venezuela\\\/#listItem\",\"position\":3,\"name\":\"Maduro inscribe su candidatura para presidenciales en Venezuela\",\"previousItem\":{\"@type\":\"ListItem\",\"@id\":\"https:\\\/\\\/www.eldigitaldeasturias.com\\\/noticias\\\/category\\\/actualidad\\\/#listItem\",\"name\":\"Actualidad\"}}]},{\"@type\":\"Organization\",\"@id\":\"https:\\\/\\\/www.eldigitaldeasturias.com\\\/noticias\\\/#organization\",\"name\":\"El Digital de Asturias\",\"description\":\"Hemeroteca\",\"url\":\"https:\\\/\\\/www.eldigitaldeasturias.com\\\/noticias\\\/\",\"email\":\"info@eldigitaldeasturias.com\",\"telephone\":\"+34652131393\",\"logo\":{\"@type\":\"ImageObject\",\"url\":\"https:\\\/\\\/www.eldigitaldeasturias.com\\\/noticias\\\/wp-content\\\/uploads\\\/2020\\\/12\\\/EDA.jpg\",\"@id\":\"https:\\\/\\\/www.eldigitaldeasturias.com\\\/noticias\\\/maduro-inscribe-su-candidatura-para-presidenciales-en-venezuela\\\/#organizationLogo\"},\"image\":{\"@id\":\"https:\\\/\\\/www.eldigitaldeasturias.com\\\/noticias\\\/maduro-inscribe-su-candidatura-para-presidenciales-en-venezuela\\\/#organizationLogo\"},\"sameAs\":[\"https:\\\/\\\/facebook.com\\\/eldigitaldeasturias\",\"https:\\\/\\\/www.youtube.com\\\/channel\\\/UCZP-2wLEB9Rv6erhFmqVnvg\"],\"address\":{\"@id\":\"https:\\\/\\\/www.eldigitaldeasturias.com\\\/noticias\\\/#postaladdress\",\"@type\":\"PostalAddress\",\"streetAddress\":\"san antonio 4\",\"postalCode\":\"33430\",\"addressLocality\":\"Cand\\u00e1s\",\"addressRegion\":\"Asturias\",\"addressCountry\":\"ES\"}},{\"@type\":\"Person\",\"@id\":\"https:\\\/\\\/www.eldigitaldeasturias.com\\\/noticias\\\/author\\\/admin\\\/#author\",\"url\":\"https:\\\/\\\/www.eldigitaldeasturias.com\\\/noticias\\\/author\\\/admin\\\/\",\"name\":\"El Digital de Asturias\",\"image\":{\"@type\":\"ImageObject\",\"@id\":\"https:\\\/\\\/www.eldigitaldeasturias.com\\\/noticias\\\/maduro-inscribe-su-candidatura-para-presidenciales-en-venezuela\\\/#authorImage\",\"url\":\"https:\\\/\\\/secure.gravatar.com\\\/avatar\\\/df2aeffc32bcd13f8d26072ef8a91b623d677766deac7f97ca815868cd41bf5e?s=96&d=mm&r=g\",\"width\":96,\"height\":96,\"caption\":\"El Digital de Asturias\"}},{\"@type\":\"WebPage\",\"@id\":\"https:\\\/\\\/www.eldigitaldeasturias.com\\\/noticias\\\/maduro-inscribe-su-candidatura-para-presidenciales-en-venezuela\\\/#webpage\",\"url\":\"https:\\\/\\\/www.eldigitaldeasturias.com\\\/noticias\\\/maduro-inscribe-su-candidatura-para-presidenciales-en-venezuela\\\/\",\"name\":\"Maduro inscribe su candidatura para presidenciales en Venezuela - El Digital de Asturias\",\"description\":\"Caracas, 27 feb (dpa) - El mandatario venezolano Nicol\\u00e1s Maduro oficializ\\u00f3 hoy la inscripci\\u00f3n de su candidatura ante el Consejo Nacional Electoral (CNE) para buscar la reelecci\\u00f3n en el periodo 2019-2025 en los comicios pautados para el 22 de abril y ante la negativa a participar en el proceso de la oposici\\u00f3n. Maduro asisti\\u00f3 a\",\"inLanguage\":\"es-ES\",\"isPartOf\":{\"@id\":\"https:\\\/\\\/www.eldigitaldeasturias.com\\\/noticias\\\/#website\"},\"breadcrumb\":{\"@id\":\"https:\\\/\\\/www.eldigitaldeasturias.com\\\/noticias\\\/maduro-inscribe-su-candidatura-para-presidenciales-en-venezuela\\\/#breadcrumblist\"},\"author\":{\"@id\":\"https:\\\/\\\/www.eldigitaldeasturias.com\\\/noticias\\\/author\\\/admin\\\/#author\"},\"creator\":{\"@id\":\"https:\\\/\\\/www.eldigitaldeasturias.com\\\/noticias\\\/author\\\/admin\\\/#author\"},\"image\":{\"@type\":\"ImageObject\",\"url\":485917,\"@id\":\"https:\\\/\\\/www.eldigitaldeasturias.com\\\/noticias\\\/maduro-inscribe-su-candidatura-para-presidenciales-en-venezuela\\\/#mainImage\"},\"primaryImageOfPage\":{\"@id\":\"https:\\\/\\\/www.eldigitaldeasturias.com\\\/noticias\\\/maduro-inscribe-su-candidatura-para-presidenciales-en-venezuela\\\/#mainImage\"},\"datePublished\":\"2018-02-27T23:04:09+01:00\",\"dateModified\":\"2018-02-27T23:04:09+01:00\"},{\"@type\":\"WebSite\",\"@id\":\"https:\\\/\\\/www.eldigitaldeasturias.com\\\/noticias\\\/#website\",\"url\":\"https:\\\/\\\/www.eldigitaldeasturias.com\\\/noticias\\\/\",\"name\":\"El Digital de Asturias - Diario de actualidad y noticias\",\"alternateName\":\"El Digital de Asturias - Diario de actualidad y noticias\",\"description\":\"Hemeroteca\",\"inLanguage\":\"es-ES\",\"publisher\":{\"@id\":\"https:\\\/\\\/www.eldigitaldeasturias.com\\\/noticias\\\/#organization\"}}]}\n\t\t<\/script>\n\t\t<!-- All in One SEO Pro -->\r\n\t\t<title>Maduro inscribe su candidatura para presidenciales en Venezuela - El Digital de Asturias<\/title>\n\n","aioseo_head_json":{"title":"Maduro inscribe su candidatura para presidenciales en Venezuela - El Digital de Asturias","description":"Caracas, 27 feb (dpa) - El mandatario venezolano Nicol\u00e1s Maduro oficializ\u00f3 hoy la inscripci\u00f3n de su candidatura ante el Consejo Nacional Electoral (CNE) para buscar la reelecci\u00f3n en el periodo 2019-2025 en los comicios pautados para el 22 de abril y ante la negativa a participar en el proceso de la oposici\u00f3n. Maduro asisti\u00f3 a","canonical_url":"https:\/\/www.eldigitaldeasturias.com\/noticias\/maduro-inscribe-su-candidatura-para-presidenciales-en-venezuela\/","robots":"max-image-preview:large","keywords":"actualidad","webmasterTools":{"google-site-verification":"UA-38556648-1","msvalidate.01":"7dfe9f3f1b24437ab69f4f2559babe99","miscellaneous":""},"schema":{"@context":"https:\/\/schema.org","@graph":[{"@type":"BlogPosting","@id":"https:\/\/www.eldigitaldeasturias.com\/noticias\/maduro-inscribe-su-candidatura-para-presidenciales-en-venezuela\/#blogposting","name":"Maduro inscribe su candidatura para presidenciales en Venezuela - El Digital de Asturias","headline":"Maduro inscribe su candidatura para presidenciales en Venezuela","author":{"@id":"https:\/\/www.eldigitaldeasturias.com\/noticias\/author\/admin\/#author"},"publisher":{"@id":"https:\/\/www.eldigitaldeasturias.com\/noticias\/#organization"},"image":{"@type":"ImageObject","url":485917},"datePublished":"2018-02-27T23:04:09+01:00","dateModified":"2018-02-27T23:04:09+01:00","inLanguage":"es-ES","mainEntityOfPage":{"@id":"https:\/\/www.eldigitaldeasturias.com\/noticias\/maduro-inscribe-su-candidatura-para-presidenciales-en-venezuela\/#webpage"},"isPartOf":{"@id":"https:\/\/www.eldigitaldeasturias.com\/noticias\/maduro-inscribe-su-candidatura-para-presidenciales-en-venezuela\/#webpage"},"articleSection":"Actualidad"},{"@type":"BreadcrumbList","@id":"https:\/\/www.eldigitaldeasturias.com\/noticias\/maduro-inscribe-su-candidatura-para-presidenciales-en-venezuela\/#breadcrumblist","itemListElement":[{"@type":"ListItem","@id":"https:\/\/www.eldigitaldeasturias.com\/noticias#listItem","position":1,"name":"Home","item":"https:\/\/www.eldigitaldeasturias.com\/noticias","nextItem":{"@type":"ListItem","@id":"https:\/\/www.eldigitaldeasturias.com\/noticias\/category\/actualidad\/#listItem","name":"Actualidad"}},{"@type":"ListItem","@id":"https:\/\/www.eldigitaldeasturias.com\/noticias\/category\/actualidad\/#listItem","position":2,"name":"Actualidad","item":"https:\/\/www.eldigitaldeasturias.com\/noticias\/category\/actualidad\/","nextItem":{"@type":"ListItem","@id":"https:\/\/www.eldigitaldeasturias.com\/noticias\/maduro-inscribe-su-candidatura-para-presidenciales-en-venezuela\/#listItem","name":"Maduro inscribe su candidatura para presidenciales en Venezuela"},"previousItem":{"@type":"ListItem","@id":"https:\/\/www.eldigitaldeasturias.com\/noticias#listItem","name":"Home"}},{"@type":"ListItem","@id":"https:\/\/www.eldigitaldeasturias.com\/noticias\/maduro-inscribe-su-candidatura-para-presidenciales-en-venezuela\/#listItem","position":3,"name":"Maduro inscribe su candidatura para presidenciales en Venezuela","previousItem":{"@type":"ListItem","@id":"https:\/\/www.eldigitaldeasturias.com\/noticias\/category\/actualidad\/#listItem","name":"Actualidad"}}]},{"@type":"Organization","@id":"https:\/\/www.eldigitaldeasturias.com\/noticias\/#organization","name":"El Digital de Asturias","description":"Hemeroteca","url":"https:\/\/www.eldigitaldeasturias.com\/noticias\/","email":"info@eldigitaldeasturias.com","telephone":"+34652131393","logo":{"@type":"ImageObject","url":"https:\/\/www.eldigitaldeasturias.com\/noticias\/wp-content\/uploads\/2020\/12\/EDA.jpg","@id":"https:\/\/www.eldigitaldeasturias.com\/noticias\/maduro-inscribe-su-candidatura-para-presidenciales-en-venezuela\/#organizationLogo"},"image":{"@id":"https:\/\/www.eldigitaldeasturias.com\/noticias\/maduro-inscribe-su-candidatura-para-presidenciales-en-venezuela\/#organizationLogo"},"sameAs":["https:\/\/facebook.com\/eldigitaldeasturias","https:\/\/www.youtube.com\/channel\/UCZP-2wLEB9Rv6erhFmqVnvg"],"address":{"@id":"https:\/\/www.eldigitaldeasturias.com\/noticias\/#postaladdress","@type":"PostalAddress","streetAddress":"san antonio 4","postalCode":"33430","addressLocality":"Cand\u00e1s","addressRegion":"Asturias","addressCountry":"ES"}},{"@type":"Person","@id":"https:\/\/www.eldigitaldeasturias.com\/noticias\/author\/admin\/#author","url":"https:\/\/www.eldigitaldeasturias.com\/noticias\/author\/admin\/","name":"El Digital de Asturias","image":{"@type":"ImageObject","@id":"https:\/\/www.eldigitaldeasturias.com\/noticias\/maduro-inscribe-su-candidatura-para-presidenciales-en-venezuela\/#authorImage","url":"https:\/\/secure.gravatar.com\/avatar\/df2aeffc32bcd13f8d26072ef8a91b623d677766deac7f97ca815868cd41bf5e?s=96&d=mm&r=g","width":96,"height":96,"caption":"El Digital de Asturias"}},{"@type":"WebPage","@id":"https:\/\/www.eldigitaldeasturias.com\/noticias\/maduro-inscribe-su-candidatura-para-presidenciales-en-venezuela\/#webpage","url":"https:\/\/www.eldigitaldeasturias.com\/noticias\/maduro-inscribe-su-candidatura-para-presidenciales-en-venezuela\/","name":"Maduro inscribe su candidatura para presidenciales en Venezuela - El Digital de Asturias","description":"Caracas, 27 feb (dpa) - El mandatario venezolano Nicol\u00e1s Maduro oficializ\u00f3 hoy la inscripci\u00f3n de su candidatura ante el Consejo Nacional Electoral (CNE) para buscar la reelecci\u00f3n en el periodo 2019-2025 en los comicios pautados para el 22 de abril y ante la negativa a participar en el proceso de la oposici\u00f3n. Maduro asisti\u00f3 a","inLanguage":"es-ES","isPartOf":{"@id":"https:\/\/www.eldigitaldeasturias.com\/noticias\/#website"},"breadcrumb":{"@id":"https:\/\/www.eldigitaldeasturias.com\/noticias\/maduro-inscribe-su-candidatura-para-presidenciales-en-venezuela\/#breadcrumblist"},"author":{"@id":"https:\/\/www.eldigitaldeasturias.com\/noticias\/author\/admin\/#author"},"creator":{"@id":"https:\/\/www.eldigitaldeasturias.com\/noticias\/author\/admin\/#author"},"image":{"@type":"ImageObject","url":485917,"@id":"https:\/\/www.eldigitaldeasturias.com\/noticias\/maduro-inscribe-su-candidatura-para-presidenciales-en-venezuela\/#mainImage"},"primaryImageOfPage":{"@id":"https:\/\/www.eldigitaldeasturias.com\/noticias\/maduro-inscribe-su-candidatura-para-presidenciales-en-venezuela\/#mainImage"},"datePublished":"2018-02-27T23:04:09+01:00","dateModified":"2018-02-27T23:04:09+01:00"},{"@type":"WebSite","@id":"https:\/\/www.eldigitaldeasturias.com\/noticias\/#website","url":"https:\/\/www.eldigitaldeasturias.com\/noticias\/","name":"El Digital de Asturias - Diario de actualidad y noticias","alternateName":"El Digital de Asturias - Diario de actualidad y noticias","description":"Hemeroteca","inLanguage":"es-ES","publisher":{"@id":"https:\/\/www.eldigitaldeasturias.com\/noticias\/#organization"}}]},"og:locale":"es_ES","og:site_name":"El Digital de Asturias","og:type":"article","og:title":"Maduro inscribe su candidatura para presidenciales en Venezuela - El Digital de Asturias","og:description":"Caracas, 27 feb (dpa) - El mandatario venezolano Nicol\u00e1s Maduro oficializ\u00f3 hoy la inscripci\u00f3n de su candidatura ante el Consejo Nacional Electoral (CNE) para buscar la reelecci\u00f3n en el periodo 2019-2025 en los comicios pautados para el 22 de abril y ante la negativa a participar en el proceso de la oposici\u00f3n. Maduro asisti\u00f3 a","og:url":"https:\/\/www.eldigitaldeasturias.com\/noticias\/maduro-inscribe-su-candidatura-para-presidenciales-en-venezuela\/","article:tag":["actualidad"],"article:published_time":"2018-02-27T23:04:09+00:00","article:modified_time":"2018-02-27T23:04:09+00:00","article:publisher":"https:\/\/facebook.com\/eldigitaldeasturias","twitter:card":"summary_large_image","twitter:title":"Maduro inscribe su candidatura para presidenciales en Venezuela - El Digital de Asturias","twitter:description":"Caracas, 27 feb (dpa) - El mandatario venezolano Nicol\u00e1s Maduro oficializ\u00f3 hoy la inscripci\u00f3n de su candidatura ante el Consejo Nacional Electoral (CNE) para buscar la reelecci\u00f3n en el periodo 2019-2025 en los comicios pautados para el 22 de abril y ante la negativa a participar en el proceso de la oposici\u00f3n. Maduro asisti\u00f3 a","twitter:image":"https:\/\/www.eldigitaldeasturias.com\/noticias\/wp-content\/uploads\/2020\/12\/EDA-1.jpg","twitter:label1":"Escrito por","twitter:data1":"El Digital de Asturias","twitter:label2":"Tiempo de lectura estimado","twitter:data2":"3 minutos"},"aioseo_meta_data":{"post_id":"970581","title":null,"description":null,"keywords":null,"keyphrases":null,"primary_term":null,"canonical_url":null,"og_title":null,"og_description":null,"og_object_type":"default","og_image_type":"default","og_image_url":null,"og_image_width":null,"og_image_height":null,"og_image_custom_url":null,"og_image_custom_fields":null,"og_video":null,"og_custom_url":null,"og_article_section":null,"og_article_tags":null,"twitter_use_og":false,"twitter_card":"default","twitter_image_type":"default","twitter_image_url":null,"twitter_image_custom_url":null,"twitter_image_custom_fields":null,"twitter_title":null,"twitter_description":null,"schema":{"blockGraphs":[],"customGraphs":[],"default":{"data":{"Article":[],"Course":[],"Dataset":[],"FAQPage":[],"Movie":[],"Person":[],"Product":[],"ProductReview":[],"Car":[],"Recipe":[],"Service":[],"SoftwareApplication":[],"WebPage":[]},"graphName":"","isEnabled":true},"graphs":[],"defaultGraph":"","defaultPostTypeGraph":""},"schema_type":null,"schema_type_options":null,"pillar_content":false,"robots_default":true,"robots_noindex":false,"robots_noarchive":false,"robots_nosnippet":false,"robots_nofollow":false,"robots_noimageindex":false,"robots_noodp":false,"robots_notranslate":false,"robots_max_snippet":null,"robots_max_videopreview":null,"robots_max_imagepreview":"large","priority":null,"frequency":null,"local_seo":null,"seo_analyzer_scan_date":"2025-10-07 06:07:04","breadcrumb_settings":null,"limit_modified_date":false,"open_ai":null,"ai":null,"created":"2020-12-21 12:24:36","updated":"2025-10-07 06:07:04","focus_keyword":null,"additional_keywords":null,"truseo_locale":null},"aioseo_breadcrumb":"<div class=\"aioseo-breadcrumbs\"><span class=\"aioseo-breadcrumb\">\n\t<a href=\"https:\/\/www.eldigitaldeasturias.com\/noticias\" title=\"Home\">Home<\/a>\n<\/span><span class=\"aioseo-breadcrumb-separator\">\u2013<\/span><span class=\"aioseo-breadcrumb\">\n\t<a href=\"https:\/\/www.eldigitaldeasturias.com\/noticias\/category\/actualidad\/\" title=\"Actualidad\">Actualidad<\/a>\n<\/span><span class=\"aioseo-breadcrumb-separator\">\u2013<\/span><span class=\"aioseo-breadcrumb\">\n\t<a href=\"https:\/\/www.eldigitaldeasturias.com\/noticias\/maduro-inscribe-su-candidatura-para-presidenciales-en-venezuela\/\" title=\"Maduro inscribe su candidatura para presidenciales en Venezuela\">Maduro inscribe su candidatura para presidenciales en Venezuela<\/a>\n<\/span><\/div>","aioseo_breadcrumb_json":[{"label":"Home","link":"https:\/\/www.eldigitaldeasturias.com\/noticias"},{"label":"Actualidad","link":"https:\/\/www.eldigitaldeasturias.com\/noticias\/category\/actualidad\/"},{"label":"Maduro inscribe su candidatura para presidenciales en Venezuela","link":"https:\/\/www.eldigitaldeasturias.com\/noticias\/maduro-inscribe-su-candidatura-para-presidenciales-en-venezuela\/"}],"_links":{"self":[{"href":"https:\/\/www.eldigitaldeasturias.com\/noticias\/wp-json\/wp\/v2\/posts\/970581","targetHints":{"allow":["GET"]}}],"collection":[{"href":"https:\/\/www.eldigitaldeasturias.com\/noticias\/wp-json\/wp\/v2\/posts"}],"about":[{"href":"https:\/\/www.eldigitaldeasturias.com\/noticias\/wp-json\/wp\/v2\/types\/post"}],"author":[{"embeddable":true,"href":"https:\/\/www.eldigitaldeasturias.com\/noticias\/wp-json\/wp\/v2\/users\/1"}],"replies":[{"embeddable":true,"href":"https:\/\/www.eldigitaldeasturias.com\/noticias\/wp-json\/wp\/v2\/comments?post=970581"}],"version-history":[{"count":0,"href":"https:\/\/www.eldigitaldeasturias.com\/noticias\/wp-json\/wp\/v2\/posts\/970581\/revisions"}],"wp:attachment":[{"href":"https:\/\/www.eldigitaldeasturias.com\/noticias\/wp-json\/wp\/v2\/media?parent=970581"}],"wp:term":[{"taxonomy":"category","embeddable":true,"href":"https:\/\/www.eldigitaldeasturias.com\/noticias\/wp-json\/wp\/v2\/categories?post=970581"},{"taxonomy":"post_tag","embeddable":true,"href":"https:\/\/www.eldigitaldeasturias.com\/noticias\/wp-json\/wp\/v2\/tags?post=970581"}],"curies":[{"name":"wp","href":"https:\/\/api.w.org\/{rel}","templated":true}]}}