{"id":970553,"date":"2018-02-27T16:39:48","date_gmt":"2018-02-27T16:39:48","guid":{"rendered":"http:\/\/www.eldigitaldeasturias.com\/noticias\/?p=970553"},"modified":"2018-02-27T16:39:48","modified_gmt":"2018-02-27T16:39:48","slug":"la-ciudad-de-granada-finalista-a-los-premios-de-la-semana-europea-de-la-movilidad-2017","status":"publish","type":"post","link":"https:\/\/www.eldigitaldeasturias.com\/noticias\/la-ciudad-de-granada-finalista-a-los-premios-de-la-semana-europea-de-la-movilidad-2017\/","title":{"rendered":"La ciudad de Granada, finalista a los Premios de la Semana Europea de la Movilidad 2017"},"content":{"rendered":"<p><img loading=\"lazy\" decoding=\"async\" class=\"alignleft size-medium wp-image-970554\" src=\"https:\/\/www.eldigitaldeasturias.com\/noticias\/wp-content\/uploads\/2018\/02\/090816-carrilbici-360x239.jpg\" alt=\"\" width=\"360\" height=\"239\" \/>La Comisi\u00f3n Europea ha anunciado que la ciudad de Granada est\u00e1 entre los seis finalistas a los Premios de la Semana Europea de la Movilidad correspondientes a la edici\u00f3n de 2017, elegidos de un total de 74 candidatos.<\/p>\n<p>El Ministerio de Agricultura y Pesca, Alimentaci\u00f3n y Medio Ambiente es el coordinador en Espa\u00f1a de la Semana Europea de la Movilidad. Este proyecto europeo tiene el objetivo de promocionar la movilidad sostenible destacando los modos de transporte m\u00e1s limpios y saludables: caminar, ir en bicicleta y usar el transporte p\u00fablico en lugar de elegir el veh\u00edculo privado.<\/p>\n<p>En esta edici\u00f3n 2017 de los premios, como novedad, hay una categor\u00eda para municipios de menos de 50.000 habitantes, al que optan como finalistas Igoumenitsa de Grecia, Lindau den Alemania y Tivat de Montenegro. Para la categor\u00eda de grandes municipios, Granada compite con Praga (Rep\u00fablica Checa) y Viena (Austria).<\/p>\n<p>Los premios son otorgados a las autoridades locales que m\u00e1s han hecho por concienciar a la ciudadan\u00eda en el concepto de movilidad sostenible durante la Semana Europea de Movilidad del a\u00f1o anterior. Los ganadores, escogidos por un panel independiente de expertos en transporte, recibir\u00e1n un video de tres minutos en ingl\u00e9s y en su lengua nativa remarcando sus logros y \u00e9xitos.<\/p>\n<p>El a\u00f1o pasado 2017 (por la Semana Europea de 2016) la ciudad ganadora fue Malm\u00f6 en Suecia y en 2016, por la Semana Europea edici\u00f3n 2015, la ciudad de Murcia, Espa\u00f1a.<\/p>\n<p>La entrega de los premios a los dos ganadores, uno por cada modalidad, tendr\u00e1 lugar en una ceremonia en Bruselas el d\u00eda 21 de marzo de 2018. La entrega de los premios correr\u00e1 a cargo de la Comisaria de Transporte Violeta Bulc y el Director General de Medio Ambiente Daniel Calleja, de la Uni\u00f3n Europea.<\/p>\n<p>&nbsp;<\/p>\n","protected":false},"excerpt":{"rendered":"<p>La Comisi\u00f3n Europea ha anunciado que la ciudad de Granada est\u00e1 entre los seis finalistas a los Premios de la Semana Europea de la Movilidad correspondientes a la edici\u00f3n de 2017, elegidos de un total de 74 candidatos. El Ministerio de Agricultura y Pesca, Alimentaci\u00f3n y Medio Ambiente es el coordinador en Espa\u00f1a de la [&hellip;]<\/p>\n","protected":false},"author":1,"featured_media":970554,"comment_status":"closed","ping_status":"closed","sticky":false,"template":"","format":"standard","meta":{"footnotes":""},"categories":[1],"tags":[],"class_list":["post-970553","post","type-post","status-publish","format-standard","has-post-thumbnail","hentry","category-actualidad"],"aioseo_notices":[],"aioseo_head":"\n\t\t<!-- All in One SEO Pro 5.0.1 - aioseo.com -->\n\t<meta name=\"description\" content=\"La Comisi\u00f3n Europea ha anunciado que la ciudad de Granada est\u00e1 entre los seis finalistas a los Premios de la Semana Europea de la Movilidad correspondientes a la edici\u00f3n de 2017, elegidos de un total de 74 candidatos. El Ministerio de Agricultura y Pesca, Alimentaci\u00f3n y Medio Ambiente es el coordinador en Espa\u00f1a de la\" \/>\n\t<meta name=\"robots\" content=\"max-image-preview:large\" \/>\n\t<meta name=\"author\" content=\"El Digital de Asturias\"\/>\n\t<meta name=\"google-site-verification\" content=\"UA-38556648-1\" \/>\n\t<meta name=\"msvalidate.01\" content=\"7dfe9f3f1b24437ab69f4f2559babe99\" \/>\n\t<meta name=\"keywords\" content=\"actualidad\" \/>\n\t<link rel=\"canonical\" href=\"https:\/\/www.eldigitaldeasturias.com\/noticias\/la-ciudad-de-granada-finalista-a-los-premios-de-la-semana-europea-de-la-movilidad-2017\/\" \/>\n\t<meta name=\"generator\" content=\"All in One SEO Pro (AIOSEO) 5.0.1\" \/>\n\t\t<meta property=\"og:locale\" content=\"es_ES\" \/>\n\t\t<meta property=\"og:site_name\" content=\"El Digital de Asturias\" \/>\n\t\t<meta property=\"og:type\" content=\"article\" \/>\n\t\t<meta property=\"og:title\" content=\"La ciudad de Granada, finalista a los Premios de la Semana Europea de la Movilidad 2017 - El Digital de Asturias\" \/>\n\t\t<meta property=\"og:description\" content=\"La Comisi\u00f3n Europea ha anunciado que la ciudad de Granada est\u00e1 entre los seis finalistas a los Premios de la Semana Europea de la Movilidad correspondientes a la edici\u00f3n de 2017, elegidos de un total de 74 candidatos. El Ministerio de Agricultura y Pesca, Alimentaci\u00f3n y Medio Ambiente es el coordinador en Espa\u00f1a de la\" \/>\n\t\t<meta property=\"og:url\" content=\"https:\/\/www.eldigitaldeasturias.com\/noticias\/la-ciudad-de-granada-finalista-a-los-premios-de-la-semana-europea-de-la-movilidad-2017\/\" \/>\n\t\t<meta property=\"article:tag\" content=\"actualidad\" \/>\n\t\t<meta property=\"article:published_time\" content=\"2018-02-27T16:39:48+00:00\" \/>\n\t\t<meta property=\"article:modified_time\" content=\"2018-02-27T16:39:48+00:00\" \/>\n\t\t<meta property=\"article:publisher\" content=\"https:\/\/facebook.com\/eldigitaldeasturias\" \/>\n\t\t<meta name=\"twitter:card\" content=\"summary_large_image\" \/>\n\t\t<meta name=\"twitter:title\" content=\"La ciudad de Granada, finalista a los Premios de la Semana Europea de la Movilidad 2017 - El Digital de Asturias\" \/>\n\t\t<meta name=\"twitter:description\" content=\"La Comisi\u00f3n Europea ha anunciado que la ciudad de Granada est\u00e1 entre los seis finalistas a los Premios de la Semana Europea de la Movilidad correspondientes a la edici\u00f3n de 2017, elegidos de un total de 74 candidatos. El Ministerio de Agricultura y Pesca, Alimentaci\u00f3n y Medio Ambiente es el coordinador en Espa\u00f1a de la\" \/>\n\t\t<meta name=\"twitter:image\" content=\"https:\/\/www.eldigitaldeasturias.com\/noticias\/wp-content\/uploads\/2020\/12\/EDA-1.jpg\" \/>\n\t\t<meta name=\"twitter:label1\" content=\"Escrito por\" \/>\n\t\t<meta name=\"twitter:data1\" content=\"El Digital de Asturias\" \/>\n\t\t<meta name=\"twitter:label2\" content=\"Tiempo de lectura estimado\" \/>\n\t\t<meta name=\"twitter:data2\" content=\"2 minutos\" \/>\n\t\t<script type=\"application\/ld+json\" class=\"aioseo-schema\">\n\t\t\t{\"@context\":\"https:\\\/\\\/schema.org\",\"@graph\":[{\"@type\":\"BlogPosting\",\"@id\":\"https:\\\/\\\/www.eldigitaldeasturias.com\\\/noticias\\\/la-ciudad-de-granada-finalista-a-los-premios-de-la-semana-europea-de-la-movilidad-2017\\\/#blogposting\",\"name\":\"La ciudad de Granada, finalista a los Premios de la Semana Europea de la Movilidad 2017 - El Digital de Asturias\",\"headline\":\"La ciudad de Granada, finalista a los Premios de la Semana Europea de la Movilidad 2017\",\"author\":{\"@id\":\"https:\\\/\\\/www.eldigitaldeasturias.com\\\/noticias\\\/author\\\/admin\\\/#author\"},\"publisher\":{\"@id\":\"https:\\\/\\\/www.eldigitaldeasturias.com\\\/noticias\\\/#organization\"},\"image\":{\"@type\":\"ImageObject\",\"url\":970554},\"datePublished\":\"2018-02-27T16:39:48+01:00\",\"dateModified\":\"2018-02-27T16:39:48+01:00\",\"inLanguage\":\"es-ES\",\"mainEntityOfPage\":{\"@id\":\"https:\\\/\\\/www.eldigitaldeasturias.com\\\/noticias\\\/la-ciudad-de-granada-finalista-a-los-premios-de-la-semana-europea-de-la-movilidad-2017\\\/#webpage\"},\"isPartOf\":{\"@id\":\"https:\\\/\\\/www.eldigitaldeasturias.com\\\/noticias\\\/la-ciudad-de-granada-finalista-a-los-premios-de-la-semana-europea-de-la-movilidad-2017\\\/#webpage\"},\"articleSection\":\"Actualidad\"},{\"@type\":\"BreadcrumbList\",\"@id\":\"https:\\\/\\\/www.eldigitaldeasturias.com\\\/noticias\\\/la-ciudad-de-granada-finalista-a-los-premios-de-la-semana-europea-de-la-movilidad-2017\\\/#breadcrumblist\",\"itemListElement\":[{\"@type\":\"ListItem\",\"@id\":\"https:\\\/\\\/www.eldigitaldeasturias.com\\\/noticias#listItem\",\"position\":1,\"name\":\"Home\",\"item\":\"https:\\\/\\\/www.eldigitaldeasturias.com\\\/noticias\",\"nextItem\":{\"@type\":\"ListItem\",\"@id\":\"https:\\\/\\\/www.eldigitaldeasturias.com\\\/noticias\\\/category\\\/actualidad\\\/#listItem\",\"name\":\"Actualidad\"}},{\"@type\":\"ListItem\",\"@id\":\"https:\\\/\\\/www.eldigitaldeasturias.com\\\/noticias\\\/category\\\/actualidad\\\/#listItem\",\"position\":2,\"name\":\"Actualidad\",\"item\":\"https:\\\/\\\/www.eldigitaldeasturias.com\\\/noticias\\\/category\\\/actualidad\\\/\",\"nextItem\":{\"@type\":\"ListItem\",\"@id\":\"https:\\\/\\\/www.eldigitaldeasturias.com\\\/noticias\\\/la-ciudad-de-granada-finalista-a-los-premios-de-la-semana-europea-de-la-movilidad-2017\\\/#listItem\",\"name\":\"La ciudad de Granada, finalista a los Premios de la Semana Europea de la Movilidad 2017\"},\"previousItem\":{\"@type\":\"ListItem\",\"@id\":\"https:\\\/\\\/www.eldigitaldeasturias.com\\\/noticias#listItem\",\"name\":\"Home\"}},{\"@type\":\"ListItem\",\"@id\":\"https:\\\/\\\/www.eldigitaldeasturias.com\\\/noticias\\\/la-ciudad-de-granada-finalista-a-los-premios-de-la-semana-europea-de-la-movilidad-2017\\\/#listItem\",\"position\":3,\"name\":\"La ciudad de Granada, finalista a los Premios de la Semana Europea de la Movilidad 2017\",\"previousItem\":{\"@type\":\"ListItem\",\"@id\":\"https:\\\/\\\/www.eldigitaldeasturias.com\\\/noticias\\\/category\\\/actualidad\\\/#listItem\",\"name\":\"Actualidad\"}}]},{\"@type\":\"Organization\",\"@id\":\"https:\\\/\\\/www.eldigitaldeasturias.com\\\/noticias\\\/#organization\",\"name\":\"El Digital de Asturias\",\"description\":\"Hemeroteca\",\"url\":\"https:\\\/\\\/www.eldigitaldeasturias.com\\\/noticias\\\/\",\"email\":\"info@eldigitaldeasturias.com\",\"telephone\":\"+34652131393\",\"logo\":{\"@type\":\"ImageObject\",\"url\":\"https:\\\/\\\/www.eldigitaldeasturias.com\\\/noticias\\\/wp-content\\\/uploads\\\/2020\\\/12\\\/EDA.jpg\",\"@id\":\"https:\\\/\\\/www.eldigitaldeasturias.com\\\/noticias\\\/la-ciudad-de-granada-finalista-a-los-premios-de-la-semana-europea-de-la-movilidad-2017\\\/#organizationLogo\"},\"image\":{\"@id\":\"https:\\\/\\\/www.eldigitaldeasturias.com\\\/noticias\\\/la-ciudad-de-granada-finalista-a-los-premios-de-la-semana-europea-de-la-movilidad-2017\\\/#organizationLogo\"},\"sameAs\":[\"https:\\\/\\\/facebook.com\\\/eldigitaldeasturias\",\"https:\\\/\\\/www.youtube.com\\\/channel\\\/UCZP-2wLEB9Rv6erhFmqVnvg\"],\"address\":{\"@id\":\"https:\\\/\\\/www.eldigitaldeasturias.com\\\/noticias\\\/#postaladdress\",\"@type\":\"PostalAddress\",\"streetAddress\":\"san antonio 4\",\"postalCode\":\"33430\",\"addressLocality\":\"Cand\\u00e1s\",\"addressRegion\":\"Asturias\",\"addressCountry\":\"ES\"}},{\"@type\":\"Person\",\"@id\":\"https:\\\/\\\/www.eldigitaldeasturias.com\\\/noticias\\\/author\\\/admin\\\/#author\",\"url\":\"https:\\\/\\\/www.eldigitaldeasturias.com\\\/noticias\\\/author\\\/admin\\\/\",\"name\":\"El Digital de Asturias\",\"image\":{\"@type\":\"ImageObject\",\"@id\":\"https:\\\/\\\/www.eldigitaldeasturias.com\\\/noticias\\\/la-ciudad-de-granada-finalista-a-los-premios-de-la-semana-europea-de-la-movilidad-2017\\\/#authorImage\",\"url\":\"https:\\\/\\\/secure.gravatar.com\\\/avatar\\\/df2aeffc32bcd13f8d26072ef8a91b623d677766deac7f97ca815868cd41bf5e?s=96&d=mm&r=g\",\"width\":96,\"height\":96,\"caption\":\"El Digital de Asturias\"}},{\"@type\":\"WebPage\",\"@id\":\"https:\\\/\\\/www.eldigitaldeasturias.com\\\/noticias\\\/la-ciudad-de-granada-finalista-a-los-premios-de-la-semana-europea-de-la-movilidad-2017\\\/#webpage\",\"url\":\"https:\\\/\\\/www.eldigitaldeasturias.com\\\/noticias\\\/la-ciudad-de-granada-finalista-a-los-premios-de-la-semana-europea-de-la-movilidad-2017\\\/\",\"name\":\"La ciudad de Granada, finalista a los Premios de la Semana Europea de la Movilidad 2017 - El Digital de Asturias\",\"description\":\"La Comisi\\u00f3n Europea ha anunciado que la ciudad de Granada est\\u00e1 entre los seis finalistas a los Premios de la Semana Europea de la Movilidad correspondientes a la edici\\u00f3n de 2017, elegidos de un total de 74 candidatos. El Ministerio de Agricultura y Pesca, Alimentaci\\u00f3n y Medio Ambiente es el coordinador en Espa\\u00f1a de la\",\"inLanguage\":\"es-ES\",\"isPartOf\":{\"@id\":\"https:\\\/\\\/www.eldigitaldeasturias.com\\\/noticias\\\/#website\"},\"breadcrumb\":{\"@id\":\"https:\\\/\\\/www.eldigitaldeasturias.com\\\/noticias\\\/la-ciudad-de-granada-finalista-a-los-premios-de-la-semana-europea-de-la-movilidad-2017\\\/#breadcrumblist\"},\"author\":{\"@id\":\"https:\\\/\\\/www.eldigitaldeasturias.com\\\/noticias\\\/author\\\/admin\\\/#author\"},\"creator\":{\"@id\":\"https:\\\/\\\/www.eldigitaldeasturias.com\\\/noticias\\\/author\\\/admin\\\/#author\"},\"image\":{\"@type\":\"ImageObject\",\"url\":970554,\"@id\":\"https:\\\/\\\/www.eldigitaldeasturias.com\\\/noticias\\\/la-ciudad-de-granada-finalista-a-los-premios-de-la-semana-europea-de-la-movilidad-2017\\\/#mainImage\"},\"primaryImageOfPage\":{\"@id\":\"https:\\\/\\\/www.eldigitaldeasturias.com\\\/noticias\\\/la-ciudad-de-granada-finalista-a-los-premios-de-la-semana-europea-de-la-movilidad-2017\\\/#mainImage\"},\"datePublished\":\"2018-02-27T16:39:48+01:00\",\"dateModified\":\"2018-02-27T16:39:48+01:00\"},{\"@type\":\"WebSite\",\"@id\":\"https:\\\/\\\/www.eldigitaldeasturias.com\\\/noticias\\\/#website\",\"url\":\"https:\\\/\\\/www.eldigitaldeasturias.com\\\/noticias\\\/\",\"name\":\"El Digital de Asturias - Diario de actualidad y noticias\",\"alternateName\":\"El Digital de Asturias - Diario de actualidad y noticias\",\"description\":\"Hemeroteca\",\"inLanguage\":\"es-ES\",\"publisher\":{\"@id\":\"https:\\\/\\\/www.eldigitaldeasturias.com\\\/noticias\\\/#organization\"}}]}\n\t\t<\/script>\n\t\t<!-- All in One SEO Pro -->\r\n\t\t<title>La ciudad de Granada, finalista a los Premios de la Semana Europea de la Movilidad 2017 - El Digital de Asturias<\/title>\n\n","aioseo_head_json":{"title":"La ciudad de Granada, finalista a los Premios de la Semana Europea de la Movilidad 2017 - El Digital de Asturias","description":"La Comisi\u00f3n Europea ha anunciado que la ciudad de Granada est\u00e1 entre los seis finalistas a los Premios de la Semana Europea de la Movilidad correspondientes a la edici\u00f3n de 2017, elegidos de un total de 74 candidatos. El Ministerio de Agricultura y Pesca, Alimentaci\u00f3n y Medio Ambiente es el coordinador en Espa\u00f1a de la","canonical_url":"https:\/\/www.eldigitaldeasturias.com\/noticias\/la-ciudad-de-granada-finalista-a-los-premios-de-la-semana-europea-de-la-movilidad-2017\/","robots":"max-image-preview:large","keywords":"actualidad","webmasterTools":{"google-site-verification":"UA-38556648-1","msvalidate.01":"7dfe9f3f1b24437ab69f4f2559babe99","miscellaneous":""},"schema":{"@context":"https:\/\/schema.org","@graph":[{"@type":"BlogPosting","@id":"https:\/\/www.eldigitaldeasturias.com\/noticias\/la-ciudad-de-granada-finalista-a-los-premios-de-la-semana-europea-de-la-movilidad-2017\/#blogposting","name":"La ciudad de Granada, finalista a los Premios de la Semana Europea de la Movilidad 2017 - El Digital de Asturias","headline":"La ciudad de Granada, finalista a los Premios de la Semana Europea de la Movilidad 2017","author":{"@id":"https:\/\/www.eldigitaldeasturias.com\/noticias\/author\/admin\/#author"},"publisher":{"@id":"https:\/\/www.eldigitaldeasturias.com\/noticias\/#organization"},"image":{"@type":"ImageObject","url":970554},"datePublished":"2018-02-27T16:39:48+01:00","dateModified":"2018-02-27T16:39:48+01:00","inLanguage":"es-ES","mainEntityOfPage":{"@id":"https:\/\/www.eldigitaldeasturias.com\/noticias\/la-ciudad-de-granada-finalista-a-los-premios-de-la-semana-europea-de-la-movilidad-2017\/#webpage"},"isPartOf":{"@id":"https:\/\/www.eldigitaldeasturias.com\/noticias\/la-ciudad-de-granada-finalista-a-los-premios-de-la-semana-europea-de-la-movilidad-2017\/#webpage"},"articleSection":"Actualidad"},{"@type":"BreadcrumbList","@id":"https:\/\/www.eldigitaldeasturias.com\/noticias\/la-ciudad-de-granada-finalista-a-los-premios-de-la-semana-europea-de-la-movilidad-2017\/#breadcrumblist","itemListElement":[{"@type":"ListItem","@id":"https:\/\/www.eldigitaldeasturias.com\/noticias#listItem","position":1,"name":"Home","item":"https:\/\/www.eldigitaldeasturias.com\/noticias","nextItem":{"@type":"ListItem","@id":"https:\/\/www.eldigitaldeasturias.com\/noticias\/category\/actualidad\/#listItem","name":"Actualidad"}},{"@type":"ListItem","@id":"https:\/\/www.eldigitaldeasturias.com\/noticias\/category\/actualidad\/#listItem","position":2,"name":"Actualidad","item":"https:\/\/www.eldigitaldeasturias.com\/noticias\/category\/actualidad\/","nextItem":{"@type":"ListItem","@id":"https:\/\/www.eldigitaldeasturias.com\/noticias\/la-ciudad-de-granada-finalista-a-los-premios-de-la-semana-europea-de-la-movilidad-2017\/#listItem","name":"La ciudad de Granada, finalista a los Premios de la Semana Europea de la Movilidad 2017"},"previousItem":{"@type":"ListItem","@id":"https:\/\/www.eldigitaldeasturias.com\/noticias#listItem","name":"Home"}},{"@type":"ListItem","@id":"https:\/\/www.eldigitaldeasturias.com\/noticias\/la-ciudad-de-granada-finalista-a-los-premios-de-la-semana-europea-de-la-movilidad-2017\/#listItem","position":3,"name":"La ciudad de Granada, finalista a los Premios de la Semana Europea de la Movilidad 2017","previousItem":{"@type":"ListItem","@id":"https:\/\/www.eldigitaldeasturias.com\/noticias\/category\/actualidad\/#listItem","name":"Actualidad"}}]},{"@type":"Organization","@id":"https:\/\/www.eldigitaldeasturias.com\/noticias\/#organization","name":"El Digital de Asturias","description":"Hemeroteca","url":"https:\/\/www.eldigitaldeasturias.com\/noticias\/","email":"info@eldigitaldeasturias.com","telephone":"+34652131393","logo":{"@type":"ImageObject","url":"https:\/\/www.eldigitaldeasturias.com\/noticias\/wp-content\/uploads\/2020\/12\/EDA.jpg","@id":"https:\/\/www.eldigitaldeasturias.com\/noticias\/la-ciudad-de-granada-finalista-a-los-premios-de-la-semana-europea-de-la-movilidad-2017\/#organizationLogo"},"image":{"@id":"https:\/\/www.eldigitaldeasturias.com\/noticias\/la-ciudad-de-granada-finalista-a-los-premios-de-la-semana-europea-de-la-movilidad-2017\/#organizationLogo"},"sameAs":["https:\/\/facebook.com\/eldigitaldeasturias","https:\/\/www.youtube.com\/channel\/UCZP-2wLEB9Rv6erhFmqVnvg"],"address":{"@id":"https:\/\/www.eldigitaldeasturias.com\/noticias\/#postaladdress","@type":"PostalAddress","streetAddress":"san antonio 4","postalCode":"33430","addressLocality":"Cand\u00e1s","addressRegion":"Asturias","addressCountry":"ES"}},{"@type":"Person","@id":"https:\/\/www.eldigitaldeasturias.com\/noticias\/author\/admin\/#author","url":"https:\/\/www.eldigitaldeasturias.com\/noticias\/author\/admin\/","name":"El Digital de Asturias","image":{"@type":"ImageObject","@id":"https:\/\/www.eldigitaldeasturias.com\/noticias\/la-ciudad-de-granada-finalista-a-los-premios-de-la-semana-europea-de-la-movilidad-2017\/#authorImage","url":"https:\/\/secure.gravatar.com\/avatar\/df2aeffc32bcd13f8d26072ef8a91b623d677766deac7f97ca815868cd41bf5e?s=96&d=mm&r=g","width":96,"height":96,"caption":"El Digital de Asturias"}},{"@type":"WebPage","@id":"https:\/\/www.eldigitaldeasturias.com\/noticias\/la-ciudad-de-granada-finalista-a-los-premios-de-la-semana-europea-de-la-movilidad-2017\/#webpage","url":"https:\/\/www.eldigitaldeasturias.com\/noticias\/la-ciudad-de-granada-finalista-a-los-premios-de-la-semana-europea-de-la-movilidad-2017\/","name":"La ciudad de Granada, finalista a los Premios de la Semana Europea de la Movilidad 2017 - El Digital de Asturias","description":"La Comisi\u00f3n Europea ha anunciado que la ciudad de Granada est\u00e1 entre los seis finalistas a los Premios de la Semana Europea de la Movilidad correspondientes a la edici\u00f3n de 2017, elegidos de un total de 74 candidatos. El Ministerio de Agricultura y Pesca, Alimentaci\u00f3n y Medio Ambiente es el coordinador en Espa\u00f1a de la","inLanguage":"es-ES","isPartOf":{"@id":"https:\/\/www.eldigitaldeasturias.com\/noticias\/#website"},"breadcrumb":{"@id":"https:\/\/www.eldigitaldeasturias.com\/noticias\/la-ciudad-de-granada-finalista-a-los-premios-de-la-semana-europea-de-la-movilidad-2017\/#breadcrumblist"},"author":{"@id":"https:\/\/www.eldigitaldeasturias.com\/noticias\/author\/admin\/#author"},"creator":{"@id":"https:\/\/www.eldigitaldeasturias.com\/noticias\/author\/admin\/#author"},"image":{"@type":"ImageObject","url":970554,"@id":"https:\/\/www.eldigitaldeasturias.com\/noticias\/la-ciudad-de-granada-finalista-a-los-premios-de-la-semana-europea-de-la-movilidad-2017\/#mainImage"},"primaryImageOfPage":{"@id":"https:\/\/www.eldigitaldeasturias.com\/noticias\/la-ciudad-de-granada-finalista-a-los-premios-de-la-semana-europea-de-la-movilidad-2017\/#mainImage"},"datePublished":"2018-02-27T16:39:48+01:00","dateModified":"2018-02-27T16:39:48+01:00"},{"@type":"WebSite","@id":"https:\/\/www.eldigitaldeasturias.com\/noticias\/#website","url":"https:\/\/www.eldigitaldeasturias.com\/noticias\/","name":"El Digital de Asturias - Diario de actualidad y noticias","alternateName":"El Digital de Asturias - Diario de actualidad y noticias","description":"Hemeroteca","inLanguage":"es-ES","publisher":{"@id":"https:\/\/www.eldigitaldeasturias.com\/noticias\/#organization"}}]},"og:locale":"es_ES","og:site_name":"El Digital de Asturias","og:type":"article","og:title":"La ciudad de Granada, finalista a los Premios de la Semana Europea de la Movilidad 2017 - El Digital de Asturias","og:description":"La Comisi\u00f3n Europea ha anunciado que la ciudad de Granada est\u00e1 entre los seis finalistas a los Premios de la Semana Europea de la Movilidad correspondientes a la edici\u00f3n de 2017, elegidos de un total de 74 candidatos. El Ministerio de Agricultura y Pesca, Alimentaci\u00f3n y Medio Ambiente es el coordinador en Espa\u00f1a de la","og:url":"https:\/\/www.eldigitaldeasturias.com\/noticias\/la-ciudad-de-granada-finalista-a-los-premios-de-la-semana-europea-de-la-movilidad-2017\/","article:tag":["actualidad"],"article:published_time":"2018-02-27T16:39:48+00:00","article:modified_time":"2018-02-27T16:39:48+00:00","article:publisher":"https:\/\/facebook.com\/eldigitaldeasturias","twitter:card":"summary_large_image","twitter:title":"La ciudad de Granada, finalista a los Premios de la Semana Europea de la Movilidad 2017 - El Digital de Asturias","twitter:description":"La Comisi\u00f3n Europea ha anunciado que la ciudad de Granada est\u00e1 entre los seis finalistas a los Premios de la Semana Europea de la Movilidad correspondientes a la edici\u00f3n de 2017, elegidos de un total de 74 candidatos. El Ministerio de Agricultura y Pesca, Alimentaci\u00f3n y Medio Ambiente es el coordinador en Espa\u00f1a de la","twitter:image":"https:\/\/www.eldigitaldeasturias.com\/noticias\/wp-content\/uploads\/2020\/12\/EDA-1.jpg","twitter:label1":"Escrito por","twitter:data1":"El Digital de Asturias","twitter:label2":"Tiempo de lectura estimado","twitter:data2":"2 minutos"},"aioseo_meta_data":{"post_id":"970553","title":null,"description":null,"keywords":null,"keyphrases":null,"primary_term":null,"canonical_url":null,"og_title":null,"og_description":null,"og_object_type":"default","og_image_type":"default","og_image_url":null,"og_image_width":null,"og_image_height":null,"og_image_custom_url":null,"og_image_custom_fields":null,"og_video":null,"og_custom_url":null,"og_article_section":null,"og_article_tags":null,"twitter_use_og":false,"twitter_card":"default","twitter_image_type":"default","twitter_image_url":null,"twitter_image_custom_url":null,"twitter_image_custom_fields":null,"twitter_title":null,"twitter_description":null,"schema":{"blockGraphs":[],"customGraphs":[],"default":{"data":{"Article":[],"Course":[],"Dataset":[],"FAQPage":[],"Movie":[],"Person":[],"Product":[],"ProductReview":[],"Car":[],"Recipe":[],"Service":[],"SoftwareApplication":[],"WebPage":[]},"graphName":"","isEnabled":true},"graphs":[],"defaultGraph":"","defaultPostTypeGraph":""},"schema_type":null,"schema_type_options":null,"pillar_content":false,"robots_default":true,"robots_noindex":false,"robots_noarchive":false,"robots_nosnippet":false,"robots_nofollow":false,"robots_noimageindex":false,"robots_noodp":false,"robots_notranslate":false,"robots_max_snippet":null,"robots_max_videopreview":null,"robots_max_imagepreview":"large","priority":null,"frequency":null,"local_seo":null,"seo_analyzer_scan_date":"2025-10-07 06:01:03","breadcrumb_settings":null,"limit_modified_date":false,"open_ai":null,"ai":null,"created":"2020-12-21 12:24:36","updated":"2025-10-07 06:01:03","focus_keyword":null,"additional_keywords":null,"truseo_locale":null},"aioseo_breadcrumb":"<div class=\"aioseo-breadcrumbs\"><span class=\"aioseo-breadcrumb\">\n\t<a href=\"https:\/\/www.eldigitaldeasturias.com\/noticias\" title=\"Home\">Home<\/a>\n<\/span><span class=\"aioseo-breadcrumb-separator\">\u2013<\/span><span class=\"aioseo-breadcrumb\">\n\t<a href=\"https:\/\/www.eldigitaldeasturias.com\/noticias\/category\/actualidad\/\" title=\"Actualidad\">Actualidad<\/a>\n<\/span><span class=\"aioseo-breadcrumb-separator\">\u2013<\/span><span class=\"aioseo-breadcrumb\">\n\t<a href=\"https:\/\/www.eldigitaldeasturias.com\/noticias\/la-ciudad-de-granada-finalista-a-los-premios-de-la-semana-europea-de-la-movilidad-2017\/\" title=\"La ciudad de Granada, finalista a los Premios de la Semana Europea de la Movilidad 2017\">La ciudad de Granada, finalista a los Premios de la Semana Europea de la Movilidad 2017<\/a>\n<\/span><\/div>","aioseo_breadcrumb_json":[{"label":"Home","link":"https:\/\/www.eldigitaldeasturias.com\/noticias"},{"label":"Actualidad","link":"https:\/\/www.eldigitaldeasturias.com\/noticias\/category\/actualidad\/"},{"label":"La ciudad de Granada, finalista a los Premios de la Semana Europea de la Movilidad 2017","link":"https:\/\/www.eldigitaldeasturias.com\/noticias\/la-ciudad-de-granada-finalista-a-los-premios-de-la-semana-europea-de-la-movilidad-2017\/"}],"_links":{"self":[{"href":"https:\/\/www.eldigitaldeasturias.com\/noticias\/wp-json\/wp\/v2\/posts\/970553","targetHints":{"allow":["GET"]}}],"collection":[{"href":"https:\/\/www.eldigitaldeasturias.com\/noticias\/wp-json\/wp\/v2\/posts"}],"about":[{"href":"https:\/\/www.eldigitaldeasturias.com\/noticias\/wp-json\/wp\/v2\/types\/post"}],"author":[{"embeddable":true,"href":"https:\/\/www.eldigitaldeasturias.com\/noticias\/wp-json\/wp\/v2\/users\/1"}],"replies":[{"embeddable":true,"href":"https:\/\/www.eldigitaldeasturias.com\/noticias\/wp-json\/wp\/v2\/comments?post=970553"}],"version-history":[{"count":0,"href":"https:\/\/www.eldigitaldeasturias.com\/noticias\/wp-json\/wp\/v2\/posts\/970553\/revisions"}],"wp:attachment":[{"href":"https:\/\/www.eldigitaldeasturias.com\/noticias\/wp-json\/wp\/v2\/media?parent=970553"}],"wp:term":[{"taxonomy":"category","embeddable":true,"href":"https:\/\/www.eldigitaldeasturias.com\/noticias\/wp-json\/wp\/v2\/categories?post=970553"},{"taxonomy":"post_tag","embeddable":true,"href":"https:\/\/www.eldigitaldeasturias.com\/noticias\/wp-json\/wp\/v2\/tags?post=970553"}],"curies":[{"name":"wp","href":"https:\/\/api.w.org\/{rel}","templated":true}]}}