{"id":970517,"date":"2018-02-27T16:05:52","date_gmt":"2018-02-27T16:05:52","guid":{"rendered":"http:\/\/www.eldigitaldeasturias.com\/noticias\/?p=970517"},"modified":"2018-02-27T16:05:52","modified_gmt":"2018-02-27T16:05:52","slug":"aena-activa-el-plan-invierno-en-los-aeropuertos-de-la-red-con-prevision-de-nieve","status":"publish","type":"post","link":"https:\/\/www.eldigitaldeasturias.com\/noticias\/aena-activa-el-plan-invierno-en-los-aeropuertos-de-la-red-con-prevision-de-nieve\/","title":{"rendered":"Aena activa el Plan Invierno en los aeropuertos de la red con previsi\u00f3n de nieve"},"content":{"rendered":"<p><img loading=\"lazy\" decoding=\"async\" class=\"alignleft size-medium wp-image-967530\" src=\"https:\/\/www.eldigitaldeasturias.com\/noticias\/wp-content\/uploads\/2018\/02\/071117_nieve-360x239.jpg\" alt=\"\" width=\"360\" height=\"239\" \/>Aena ha activado el Plan de Actuaciones Invernales frente a contingencias de hielo y nieve en diversos aeropuertos de la red que durante estos d\u00edas tienen riesgo de sufrir condiciones meteorol\u00f3gicas adversas.<\/p>\n<p>Entre estos aeropuertos se encuentran Adolfo Su\u00e1rez Madrid-Barajas, Girona-Costa Brava, Vitoria y Bilbao.<\/p>\n<p>La Agencia Estatal de meteorolog\u00eda (AEMET) ha emitido para los d\u00edas 26, 27 y 28 de febrero boletines de aviso por nevadas de nivel Naranja en diversas comunidades aut\u00f3nomas, entre las que se encuentran Catalu\u00f1a, Arag\u00f3n, Comunidad Valenciana, Galicia, Asturias y Cantabria, as\u00ed como de nivel Amarillo en la Comunidad de Madrid.<\/p>\n<p>El Plan de Actuaciones Invernales de Aena establece los procedimientos que deben seguir los aeropuertos ante contingencias de hielo y nieve con el objetivo de que no afecten o se minimice la influencia que puedan tener en las operaciones de los aeropuertos.<\/p>\n<p>Los trabajos preventivos se centran en el seguimiento exhaustivo de las condiciones meteorol\u00f3gicas; el chequeo continuado del estado del pavimento en pistas, calles de rodaje y plataforma; asegurar la disponibilidad de equipos y material fundente y realizar mediciones peri\u00f3dicas del coeficiente de rozamiento. En los aeropuertos que son base militar las actuaciones preventivas y las tareas de limpieza se coordinan con la autoridad militar.<\/p>\n<p>Para hacer frente a estos fen\u00f3menos, Aena dispone de m\u00e1s de 100 veh\u00edculos propios destinados a la retirada de nieve y hielo, as\u00ed como otros veh\u00edculos implementados con cuchillas y esparcidores de urea, y una capacidad de almacenamiento de fundentes de m\u00e1s de 450 toneladas. A ellos se suman los m\u00e1s de 70 veh\u00edculos y equipos destinados a la ejecuci\u00f3n del Plan de Invierno en el Aeropuerto Adolfo Su\u00e1rez Madrid-Barajas.<\/p>\n<p>El Plan de Actuaciones Invernales 2017-2018 de Aena, en el que est\u00e1n incluidos 19 aeropuertos de la red, cuenta con un presupuesto que ronda los 2,3 millones de euros.<\/p>\n","protected":false},"excerpt":{"rendered":"<p>Aena ha activado el Plan de Actuaciones Invernales frente a contingencias de hielo y nieve en diversos aeropuertos de la red que durante estos d\u00edas tienen riesgo de sufrir condiciones meteorol\u00f3gicas adversas. Entre estos aeropuertos se encuentran Adolfo Su\u00e1rez Madrid-Barajas, Girona-Costa Brava, Vitoria y Bilbao. La Agencia Estatal de meteorolog\u00eda (AEMET) ha emitido para los [&hellip;]<\/p>\n","protected":false},"author":1,"featured_media":967530,"comment_status":"closed","ping_status":"closed","sticky":false,"template":"","format":"standard","meta":{"footnotes":""},"categories":[1],"tags":[],"class_list":["post-970517","post","type-post","status-publish","format-standard","has-post-thumbnail","hentry","category-actualidad"],"aioseo_notices":[],"aioseo_head":"\n\t\t<!-- All in One SEO Pro 5.0.1 - aioseo.com -->\n\t<meta name=\"description\" content=\"Aena ha activado el Plan de Actuaciones Invernales frente a contingencias de hielo y nieve en diversos aeropuertos de la red que durante estos d\u00edas tienen riesgo de sufrir condiciones meteorol\u00f3gicas adversas. Entre estos aeropuertos se encuentran Adolfo Su\u00e1rez Madrid-Barajas, Girona-Costa Brava, Vitoria y Bilbao. La Agencia Estatal de meteorolog\u00eda (AEMET) ha emitido para los\" \/>\n\t<meta name=\"robots\" content=\"max-image-preview:large\" \/>\n\t<meta name=\"author\" content=\"El Digital de Asturias\"\/>\n\t<meta name=\"google-site-verification\" content=\"UA-38556648-1\" \/>\n\t<meta name=\"msvalidate.01\" content=\"7dfe9f3f1b24437ab69f4f2559babe99\" \/>\n\t<meta name=\"keywords\" content=\"actualidad\" \/>\n\t<link rel=\"canonical\" href=\"https:\/\/www.eldigitaldeasturias.com\/noticias\/aena-activa-el-plan-invierno-en-los-aeropuertos-de-la-red-con-prevision-de-nieve\/\" \/>\n\t<meta name=\"generator\" content=\"All in One SEO Pro (AIOSEO) 5.0.1\" \/>\n\t\t<meta property=\"og:locale\" content=\"es_ES\" \/>\n\t\t<meta property=\"og:site_name\" content=\"El Digital de Asturias\" \/>\n\t\t<meta property=\"og:type\" content=\"article\" \/>\n\t\t<meta property=\"og:title\" content=\"Aena activa el Plan Invierno en los aeropuertos de la red con previsi\u00f3n de nieve - El Digital de Asturias\" \/>\n\t\t<meta property=\"og:description\" content=\"Aena ha activado el Plan de Actuaciones Invernales frente a contingencias de hielo y nieve en diversos aeropuertos de la red que durante estos d\u00edas tienen riesgo de sufrir condiciones meteorol\u00f3gicas adversas. Entre estos aeropuertos se encuentran Adolfo Su\u00e1rez Madrid-Barajas, Girona-Costa Brava, Vitoria y Bilbao. La Agencia Estatal de meteorolog\u00eda (AEMET) ha emitido para los\" \/>\n\t\t<meta property=\"og:url\" content=\"https:\/\/www.eldigitaldeasturias.com\/noticias\/aena-activa-el-plan-invierno-en-los-aeropuertos-de-la-red-con-prevision-de-nieve\/\" \/>\n\t\t<meta property=\"article:tag\" content=\"actualidad\" \/>\n\t\t<meta property=\"article:published_time\" content=\"2018-02-27T16:05:52+00:00\" \/>\n\t\t<meta property=\"article:modified_time\" content=\"2018-02-27T16:05:52+00:00\" \/>\n\t\t<meta property=\"article:publisher\" content=\"https:\/\/facebook.com\/eldigitaldeasturias\" \/>\n\t\t<meta name=\"twitter:card\" content=\"summary_large_image\" \/>\n\t\t<meta name=\"twitter:title\" content=\"Aena activa el Plan Invierno en los aeropuertos de la red con previsi\u00f3n de nieve - El Digital de Asturias\" \/>\n\t\t<meta name=\"twitter:description\" content=\"Aena ha activado el Plan de Actuaciones Invernales frente a contingencias de hielo y nieve en diversos aeropuertos de la red que durante estos d\u00edas tienen riesgo de sufrir condiciones meteorol\u00f3gicas adversas. Entre estos aeropuertos se encuentran Adolfo Su\u00e1rez Madrid-Barajas, Girona-Costa Brava, Vitoria y Bilbao. La Agencia Estatal de meteorolog\u00eda (AEMET) ha emitido para los\" \/>\n\t\t<meta name=\"twitter:image\" content=\"https:\/\/www.eldigitaldeasturias.com\/noticias\/wp-content\/uploads\/2020\/12\/EDA-1.jpg\" \/>\n\t\t<meta name=\"twitter:label1\" content=\"Escrito por\" \/>\n\t\t<meta name=\"twitter:data1\" content=\"El Digital de Asturias\" \/>\n\t\t<meta name=\"twitter:label2\" content=\"Tiempo de lectura estimado\" \/>\n\t\t<meta name=\"twitter:data2\" content=\"2 minutos\" \/>\n\t\t<script type=\"application\/ld+json\" class=\"aioseo-schema\">\n\t\t\t{\"@context\":\"https:\\\/\\\/schema.org\",\"@graph\":[{\"@type\":\"BlogPosting\",\"@id\":\"https:\\\/\\\/www.eldigitaldeasturias.com\\\/noticias\\\/aena-activa-el-plan-invierno-en-los-aeropuertos-de-la-red-con-prevision-de-nieve\\\/#blogposting\",\"name\":\"Aena activa el Plan Invierno en los aeropuertos de la red con previsi\\u00f3n de nieve - El Digital de Asturias\",\"headline\":\"Aena activa el Plan Invierno en los aeropuertos de la red con previsi\\u00f3n de nieve\",\"author\":{\"@id\":\"https:\\\/\\\/www.eldigitaldeasturias.com\\\/noticias\\\/author\\\/admin\\\/#author\"},\"publisher\":{\"@id\":\"https:\\\/\\\/www.eldigitaldeasturias.com\\\/noticias\\\/#organization\"},\"image\":{\"@type\":\"ImageObject\",\"url\":967530},\"datePublished\":\"2018-02-27T16:05:52+01:00\",\"dateModified\":\"2018-02-27T16:05:52+01:00\",\"inLanguage\":\"es-ES\",\"mainEntityOfPage\":{\"@id\":\"https:\\\/\\\/www.eldigitaldeasturias.com\\\/noticias\\\/aena-activa-el-plan-invierno-en-los-aeropuertos-de-la-red-con-prevision-de-nieve\\\/#webpage\"},\"isPartOf\":{\"@id\":\"https:\\\/\\\/www.eldigitaldeasturias.com\\\/noticias\\\/aena-activa-el-plan-invierno-en-los-aeropuertos-de-la-red-con-prevision-de-nieve\\\/#webpage\"},\"articleSection\":\"Actualidad\"},{\"@type\":\"BreadcrumbList\",\"@id\":\"https:\\\/\\\/www.eldigitaldeasturias.com\\\/noticias\\\/aena-activa-el-plan-invierno-en-los-aeropuertos-de-la-red-con-prevision-de-nieve\\\/#breadcrumblist\",\"itemListElement\":[{\"@type\":\"ListItem\",\"@id\":\"https:\\\/\\\/www.eldigitaldeasturias.com\\\/noticias#listItem\",\"position\":1,\"name\":\"Home\",\"item\":\"https:\\\/\\\/www.eldigitaldeasturias.com\\\/noticias\",\"nextItem\":{\"@type\":\"ListItem\",\"@id\":\"https:\\\/\\\/www.eldigitaldeasturias.com\\\/noticias\\\/category\\\/actualidad\\\/#listItem\",\"name\":\"Actualidad\"}},{\"@type\":\"ListItem\",\"@id\":\"https:\\\/\\\/www.eldigitaldeasturias.com\\\/noticias\\\/category\\\/actualidad\\\/#listItem\",\"position\":2,\"name\":\"Actualidad\",\"item\":\"https:\\\/\\\/www.eldigitaldeasturias.com\\\/noticias\\\/category\\\/actualidad\\\/\",\"nextItem\":{\"@type\":\"ListItem\",\"@id\":\"https:\\\/\\\/www.eldigitaldeasturias.com\\\/noticias\\\/aena-activa-el-plan-invierno-en-los-aeropuertos-de-la-red-con-prevision-de-nieve\\\/#listItem\",\"name\":\"Aena activa el Plan Invierno en los aeropuertos de la red con previsi\\u00f3n de nieve\"},\"previousItem\":{\"@type\":\"ListItem\",\"@id\":\"https:\\\/\\\/www.eldigitaldeasturias.com\\\/noticias#listItem\",\"name\":\"Home\"}},{\"@type\":\"ListItem\",\"@id\":\"https:\\\/\\\/www.eldigitaldeasturias.com\\\/noticias\\\/aena-activa-el-plan-invierno-en-los-aeropuertos-de-la-red-con-prevision-de-nieve\\\/#listItem\",\"position\":3,\"name\":\"Aena activa el Plan Invierno en los aeropuertos de la red con previsi\\u00f3n de nieve\",\"previousItem\":{\"@type\":\"ListItem\",\"@id\":\"https:\\\/\\\/www.eldigitaldeasturias.com\\\/noticias\\\/category\\\/actualidad\\\/#listItem\",\"name\":\"Actualidad\"}}]},{\"@type\":\"Organization\",\"@id\":\"https:\\\/\\\/www.eldigitaldeasturias.com\\\/noticias\\\/#organization\",\"name\":\"El Digital de Asturias\",\"description\":\"Hemeroteca\",\"url\":\"https:\\\/\\\/www.eldigitaldeasturias.com\\\/noticias\\\/\",\"email\":\"info@eldigitaldeasturias.com\",\"telephone\":\"+34652131393\",\"logo\":{\"@type\":\"ImageObject\",\"url\":\"https:\\\/\\\/www.eldigitaldeasturias.com\\\/noticias\\\/wp-content\\\/uploads\\\/2020\\\/12\\\/EDA.jpg\",\"@id\":\"https:\\\/\\\/www.eldigitaldeasturias.com\\\/noticias\\\/aena-activa-el-plan-invierno-en-los-aeropuertos-de-la-red-con-prevision-de-nieve\\\/#organizationLogo\"},\"image\":{\"@id\":\"https:\\\/\\\/www.eldigitaldeasturias.com\\\/noticias\\\/aena-activa-el-plan-invierno-en-los-aeropuertos-de-la-red-con-prevision-de-nieve\\\/#organizationLogo\"},\"sameAs\":[\"https:\\\/\\\/facebook.com\\\/eldigitaldeasturias\",\"https:\\\/\\\/www.youtube.com\\\/channel\\\/UCZP-2wLEB9Rv6erhFmqVnvg\"],\"address\":{\"@id\":\"https:\\\/\\\/www.eldigitaldeasturias.com\\\/noticias\\\/#postaladdress\",\"@type\":\"PostalAddress\",\"streetAddress\":\"san antonio 4\",\"postalCode\":\"33430\",\"addressLocality\":\"Cand\\u00e1s\",\"addressRegion\":\"Asturias\",\"addressCountry\":\"ES\"}},{\"@type\":\"Person\",\"@id\":\"https:\\\/\\\/www.eldigitaldeasturias.com\\\/noticias\\\/author\\\/admin\\\/#author\",\"url\":\"https:\\\/\\\/www.eldigitaldeasturias.com\\\/noticias\\\/author\\\/admin\\\/\",\"name\":\"El Digital de Asturias\",\"image\":{\"@type\":\"ImageObject\",\"@id\":\"https:\\\/\\\/www.eldigitaldeasturias.com\\\/noticias\\\/aena-activa-el-plan-invierno-en-los-aeropuertos-de-la-red-con-prevision-de-nieve\\\/#authorImage\",\"url\":\"https:\\\/\\\/secure.gravatar.com\\\/avatar\\\/df2aeffc32bcd13f8d26072ef8a91b623d677766deac7f97ca815868cd41bf5e?s=96&d=mm&r=g\",\"width\":96,\"height\":96,\"caption\":\"El Digital de Asturias\"}},{\"@type\":\"WebPage\",\"@id\":\"https:\\\/\\\/www.eldigitaldeasturias.com\\\/noticias\\\/aena-activa-el-plan-invierno-en-los-aeropuertos-de-la-red-con-prevision-de-nieve\\\/#webpage\",\"url\":\"https:\\\/\\\/www.eldigitaldeasturias.com\\\/noticias\\\/aena-activa-el-plan-invierno-en-los-aeropuertos-de-la-red-con-prevision-de-nieve\\\/\",\"name\":\"Aena activa el Plan Invierno en los aeropuertos de la red con previsi\\u00f3n de nieve - El Digital de Asturias\",\"description\":\"Aena ha activado el Plan de Actuaciones Invernales frente a contingencias de hielo y nieve en diversos aeropuertos de la red que durante estos d\\u00edas tienen riesgo de sufrir condiciones meteorol\\u00f3gicas adversas. Entre estos aeropuertos se encuentran Adolfo Su\\u00e1rez Madrid-Barajas, Girona-Costa Brava, Vitoria y Bilbao. La Agencia Estatal de meteorolog\\u00eda (AEMET) ha emitido para los\",\"inLanguage\":\"es-ES\",\"isPartOf\":{\"@id\":\"https:\\\/\\\/www.eldigitaldeasturias.com\\\/noticias\\\/#website\"},\"breadcrumb\":{\"@id\":\"https:\\\/\\\/www.eldigitaldeasturias.com\\\/noticias\\\/aena-activa-el-plan-invierno-en-los-aeropuertos-de-la-red-con-prevision-de-nieve\\\/#breadcrumblist\"},\"author\":{\"@id\":\"https:\\\/\\\/www.eldigitaldeasturias.com\\\/noticias\\\/author\\\/admin\\\/#author\"},\"creator\":{\"@id\":\"https:\\\/\\\/www.eldigitaldeasturias.com\\\/noticias\\\/author\\\/admin\\\/#author\"},\"image\":{\"@type\":\"ImageObject\",\"url\":967530,\"@id\":\"https:\\\/\\\/www.eldigitaldeasturias.com\\\/noticias\\\/aena-activa-el-plan-invierno-en-los-aeropuertos-de-la-red-con-prevision-de-nieve\\\/#mainImage\"},\"primaryImageOfPage\":{\"@id\":\"https:\\\/\\\/www.eldigitaldeasturias.com\\\/noticias\\\/aena-activa-el-plan-invierno-en-los-aeropuertos-de-la-red-con-prevision-de-nieve\\\/#mainImage\"},\"datePublished\":\"2018-02-27T16:05:52+01:00\",\"dateModified\":\"2018-02-27T16:05:52+01:00\"},{\"@type\":\"WebSite\",\"@id\":\"https:\\\/\\\/www.eldigitaldeasturias.com\\\/noticias\\\/#website\",\"url\":\"https:\\\/\\\/www.eldigitaldeasturias.com\\\/noticias\\\/\",\"name\":\"El Digital de Asturias - Diario de actualidad y noticias\",\"alternateName\":\"El Digital de Asturias - Diario de actualidad y noticias\",\"description\":\"Hemeroteca\",\"inLanguage\":\"es-ES\",\"publisher\":{\"@id\":\"https:\\\/\\\/www.eldigitaldeasturias.com\\\/noticias\\\/#organization\"}}]}\n\t\t<\/script>\n\t\t<!-- All in One SEO Pro -->\r\n\t\t<title>Aena activa el Plan Invierno en los aeropuertos de la red con previsi\u00f3n de nieve - El Digital de Asturias<\/title>\n\n","aioseo_head_json":{"title":"Aena activa el Plan Invierno en los aeropuertos de la red con previsi\u00f3n de nieve - El Digital de Asturias","description":"Aena ha activado el Plan de Actuaciones Invernales frente a contingencias de hielo y nieve en diversos aeropuertos de la red que durante estos d\u00edas tienen riesgo de sufrir condiciones meteorol\u00f3gicas adversas. Entre estos aeropuertos se encuentran Adolfo Su\u00e1rez Madrid-Barajas, Girona-Costa Brava, Vitoria y Bilbao. La Agencia Estatal de meteorolog\u00eda (AEMET) ha emitido para los","canonical_url":"https:\/\/www.eldigitaldeasturias.com\/noticias\/aena-activa-el-plan-invierno-en-los-aeropuertos-de-la-red-con-prevision-de-nieve\/","robots":"max-image-preview:large","keywords":"actualidad","webmasterTools":{"google-site-verification":"UA-38556648-1","msvalidate.01":"7dfe9f3f1b24437ab69f4f2559babe99","miscellaneous":""},"schema":{"@context":"https:\/\/schema.org","@graph":[{"@type":"BlogPosting","@id":"https:\/\/www.eldigitaldeasturias.com\/noticias\/aena-activa-el-plan-invierno-en-los-aeropuertos-de-la-red-con-prevision-de-nieve\/#blogposting","name":"Aena activa el Plan Invierno en los aeropuertos de la red con previsi\u00f3n de nieve - El Digital de Asturias","headline":"Aena activa el Plan Invierno en los aeropuertos de la red con previsi\u00f3n de nieve","author":{"@id":"https:\/\/www.eldigitaldeasturias.com\/noticias\/author\/admin\/#author"},"publisher":{"@id":"https:\/\/www.eldigitaldeasturias.com\/noticias\/#organization"},"image":{"@type":"ImageObject","url":967530},"datePublished":"2018-02-27T16:05:52+01:00","dateModified":"2018-02-27T16:05:52+01:00","inLanguage":"es-ES","mainEntityOfPage":{"@id":"https:\/\/www.eldigitaldeasturias.com\/noticias\/aena-activa-el-plan-invierno-en-los-aeropuertos-de-la-red-con-prevision-de-nieve\/#webpage"},"isPartOf":{"@id":"https:\/\/www.eldigitaldeasturias.com\/noticias\/aena-activa-el-plan-invierno-en-los-aeropuertos-de-la-red-con-prevision-de-nieve\/#webpage"},"articleSection":"Actualidad"},{"@type":"BreadcrumbList","@id":"https:\/\/www.eldigitaldeasturias.com\/noticias\/aena-activa-el-plan-invierno-en-los-aeropuertos-de-la-red-con-prevision-de-nieve\/#breadcrumblist","itemListElement":[{"@type":"ListItem","@id":"https:\/\/www.eldigitaldeasturias.com\/noticias#listItem","position":1,"name":"Home","item":"https:\/\/www.eldigitaldeasturias.com\/noticias","nextItem":{"@type":"ListItem","@id":"https:\/\/www.eldigitaldeasturias.com\/noticias\/category\/actualidad\/#listItem","name":"Actualidad"}},{"@type":"ListItem","@id":"https:\/\/www.eldigitaldeasturias.com\/noticias\/category\/actualidad\/#listItem","position":2,"name":"Actualidad","item":"https:\/\/www.eldigitaldeasturias.com\/noticias\/category\/actualidad\/","nextItem":{"@type":"ListItem","@id":"https:\/\/www.eldigitaldeasturias.com\/noticias\/aena-activa-el-plan-invierno-en-los-aeropuertos-de-la-red-con-prevision-de-nieve\/#listItem","name":"Aena activa el Plan Invierno en los aeropuertos de la red con previsi\u00f3n de nieve"},"previousItem":{"@type":"ListItem","@id":"https:\/\/www.eldigitaldeasturias.com\/noticias#listItem","name":"Home"}},{"@type":"ListItem","@id":"https:\/\/www.eldigitaldeasturias.com\/noticias\/aena-activa-el-plan-invierno-en-los-aeropuertos-de-la-red-con-prevision-de-nieve\/#listItem","position":3,"name":"Aena activa el Plan Invierno en los aeropuertos de la red con previsi\u00f3n de nieve","previousItem":{"@type":"ListItem","@id":"https:\/\/www.eldigitaldeasturias.com\/noticias\/category\/actualidad\/#listItem","name":"Actualidad"}}]},{"@type":"Organization","@id":"https:\/\/www.eldigitaldeasturias.com\/noticias\/#organization","name":"El Digital de Asturias","description":"Hemeroteca","url":"https:\/\/www.eldigitaldeasturias.com\/noticias\/","email":"info@eldigitaldeasturias.com","telephone":"+34652131393","logo":{"@type":"ImageObject","url":"https:\/\/www.eldigitaldeasturias.com\/noticias\/wp-content\/uploads\/2020\/12\/EDA.jpg","@id":"https:\/\/www.eldigitaldeasturias.com\/noticias\/aena-activa-el-plan-invierno-en-los-aeropuertos-de-la-red-con-prevision-de-nieve\/#organizationLogo"},"image":{"@id":"https:\/\/www.eldigitaldeasturias.com\/noticias\/aena-activa-el-plan-invierno-en-los-aeropuertos-de-la-red-con-prevision-de-nieve\/#organizationLogo"},"sameAs":["https:\/\/facebook.com\/eldigitaldeasturias","https:\/\/www.youtube.com\/channel\/UCZP-2wLEB9Rv6erhFmqVnvg"],"address":{"@id":"https:\/\/www.eldigitaldeasturias.com\/noticias\/#postaladdress","@type":"PostalAddress","streetAddress":"san antonio 4","postalCode":"33430","addressLocality":"Cand\u00e1s","addressRegion":"Asturias","addressCountry":"ES"}},{"@type":"Person","@id":"https:\/\/www.eldigitaldeasturias.com\/noticias\/author\/admin\/#author","url":"https:\/\/www.eldigitaldeasturias.com\/noticias\/author\/admin\/","name":"El Digital de Asturias","image":{"@type":"ImageObject","@id":"https:\/\/www.eldigitaldeasturias.com\/noticias\/aena-activa-el-plan-invierno-en-los-aeropuertos-de-la-red-con-prevision-de-nieve\/#authorImage","url":"https:\/\/secure.gravatar.com\/avatar\/df2aeffc32bcd13f8d26072ef8a91b623d677766deac7f97ca815868cd41bf5e?s=96&d=mm&r=g","width":96,"height":96,"caption":"El Digital de Asturias"}},{"@type":"WebPage","@id":"https:\/\/www.eldigitaldeasturias.com\/noticias\/aena-activa-el-plan-invierno-en-los-aeropuertos-de-la-red-con-prevision-de-nieve\/#webpage","url":"https:\/\/www.eldigitaldeasturias.com\/noticias\/aena-activa-el-plan-invierno-en-los-aeropuertos-de-la-red-con-prevision-de-nieve\/","name":"Aena activa el Plan Invierno en los aeropuertos de la red con previsi\u00f3n de nieve - El Digital de Asturias","description":"Aena ha activado el Plan de Actuaciones Invernales frente a contingencias de hielo y nieve en diversos aeropuertos de la red que durante estos d\u00edas tienen riesgo de sufrir condiciones meteorol\u00f3gicas adversas. Entre estos aeropuertos se encuentran Adolfo Su\u00e1rez Madrid-Barajas, Girona-Costa Brava, Vitoria y Bilbao. La Agencia Estatal de meteorolog\u00eda (AEMET) ha emitido para los","inLanguage":"es-ES","isPartOf":{"@id":"https:\/\/www.eldigitaldeasturias.com\/noticias\/#website"},"breadcrumb":{"@id":"https:\/\/www.eldigitaldeasturias.com\/noticias\/aena-activa-el-plan-invierno-en-los-aeropuertos-de-la-red-con-prevision-de-nieve\/#breadcrumblist"},"author":{"@id":"https:\/\/www.eldigitaldeasturias.com\/noticias\/author\/admin\/#author"},"creator":{"@id":"https:\/\/www.eldigitaldeasturias.com\/noticias\/author\/admin\/#author"},"image":{"@type":"ImageObject","url":967530,"@id":"https:\/\/www.eldigitaldeasturias.com\/noticias\/aena-activa-el-plan-invierno-en-los-aeropuertos-de-la-red-con-prevision-de-nieve\/#mainImage"},"primaryImageOfPage":{"@id":"https:\/\/www.eldigitaldeasturias.com\/noticias\/aena-activa-el-plan-invierno-en-los-aeropuertos-de-la-red-con-prevision-de-nieve\/#mainImage"},"datePublished":"2018-02-27T16:05:52+01:00","dateModified":"2018-02-27T16:05:52+01:00"},{"@type":"WebSite","@id":"https:\/\/www.eldigitaldeasturias.com\/noticias\/#website","url":"https:\/\/www.eldigitaldeasturias.com\/noticias\/","name":"El Digital de Asturias - Diario de actualidad y noticias","alternateName":"El Digital de Asturias - Diario de actualidad y noticias","description":"Hemeroteca","inLanguage":"es-ES","publisher":{"@id":"https:\/\/www.eldigitaldeasturias.com\/noticias\/#organization"}}]},"og:locale":"es_ES","og:site_name":"El Digital de Asturias","og:type":"article","og:title":"Aena activa el Plan Invierno en los aeropuertos de la red con previsi\u00f3n de nieve - El Digital de Asturias","og:description":"Aena ha activado el Plan de Actuaciones Invernales frente a contingencias de hielo y nieve en diversos aeropuertos de la red que durante estos d\u00edas tienen riesgo de sufrir condiciones meteorol\u00f3gicas adversas. Entre estos aeropuertos se encuentran Adolfo Su\u00e1rez Madrid-Barajas, Girona-Costa Brava, Vitoria y Bilbao. La Agencia Estatal de meteorolog\u00eda (AEMET) ha emitido para los","og:url":"https:\/\/www.eldigitaldeasturias.com\/noticias\/aena-activa-el-plan-invierno-en-los-aeropuertos-de-la-red-con-prevision-de-nieve\/","article:tag":["actualidad"],"article:published_time":"2018-02-27T16:05:52+00:00","article:modified_time":"2018-02-27T16:05:52+00:00","article:publisher":"https:\/\/facebook.com\/eldigitaldeasturias","twitter:card":"summary_large_image","twitter:title":"Aena activa el Plan Invierno en los aeropuertos de la red con previsi\u00f3n de nieve - El Digital de Asturias","twitter:description":"Aena ha activado el Plan de Actuaciones Invernales frente a contingencias de hielo y nieve en diversos aeropuertos de la red que durante estos d\u00edas tienen riesgo de sufrir condiciones meteorol\u00f3gicas adversas. Entre estos aeropuertos se encuentran Adolfo Su\u00e1rez Madrid-Barajas, Girona-Costa Brava, Vitoria y Bilbao. La Agencia Estatal de meteorolog\u00eda (AEMET) ha emitido para los","twitter:image":"https:\/\/www.eldigitaldeasturias.com\/noticias\/wp-content\/uploads\/2020\/12\/EDA-1.jpg","twitter:label1":"Escrito por","twitter:data1":"El Digital de Asturias","twitter:label2":"Tiempo de lectura estimado","twitter:data2":"2 minutos"},"aioseo_meta_data":{"post_id":"970517","title":null,"description":null,"keywords":null,"keyphrases":null,"primary_term":null,"canonical_url":null,"og_title":null,"og_description":null,"og_object_type":"default","og_image_type":"default","og_image_url":null,"og_image_width":null,"og_image_height":null,"og_image_custom_url":null,"og_image_custom_fields":null,"og_video":null,"og_custom_url":null,"og_article_section":null,"og_article_tags":null,"twitter_use_og":false,"twitter_card":"default","twitter_image_type":"default","twitter_image_url":null,"twitter_image_custom_url":null,"twitter_image_custom_fields":null,"twitter_title":null,"twitter_description":null,"schema":{"blockGraphs":[],"customGraphs":[],"default":{"data":{"Article":[],"Course":[],"Dataset":[],"FAQPage":[],"Movie":[],"Person":[],"Product":[],"ProductReview":[],"Car":[],"Recipe":[],"Service":[],"SoftwareApplication":[],"WebPage":[]},"graphName":"","isEnabled":true},"graphs":[],"defaultGraph":"","defaultPostTypeGraph":""},"schema_type":null,"schema_type_options":null,"pillar_content":false,"robots_default":true,"robots_noindex":false,"robots_noarchive":false,"robots_nosnippet":false,"robots_nofollow":false,"robots_noimageindex":false,"robots_noodp":false,"robots_notranslate":false,"robots_max_snippet":null,"robots_max_videopreview":null,"robots_max_imagepreview":"large","priority":null,"frequency":null,"local_seo":null,"seo_analyzer_scan_date":"2025-10-07 05:52:47","breadcrumb_settings":null,"limit_modified_date":false,"open_ai":null,"ai":null,"created":"2020-12-21 12:24:36","updated":"2025-10-07 05:52:47","focus_keyword":null,"additional_keywords":null,"truseo_locale":null},"aioseo_breadcrumb":"<div class=\"aioseo-breadcrumbs\"><span class=\"aioseo-breadcrumb\">\n\t<a href=\"https:\/\/www.eldigitaldeasturias.com\/noticias\" title=\"Home\">Home<\/a>\n<\/span><span class=\"aioseo-breadcrumb-separator\">\u2013<\/span><span class=\"aioseo-breadcrumb\">\n\t<a href=\"https:\/\/www.eldigitaldeasturias.com\/noticias\/category\/actualidad\/\" title=\"Actualidad\">Actualidad<\/a>\n<\/span><span class=\"aioseo-breadcrumb-separator\">\u2013<\/span><span class=\"aioseo-breadcrumb\">\n\t<a href=\"https:\/\/www.eldigitaldeasturias.com\/noticias\/aena-activa-el-plan-invierno-en-los-aeropuertos-de-la-red-con-prevision-de-nieve\/\" title=\"Aena activa el Plan Invierno en los aeropuertos de la red con previsi\u00f3n de nieve\">Aena activa el Plan Invierno en los aeropuertos de la red con previsi\u00f3n de nieve<\/a>\n<\/span><\/div>","aioseo_breadcrumb_json":[{"label":"Home","link":"https:\/\/www.eldigitaldeasturias.com\/noticias"},{"label":"Actualidad","link":"https:\/\/www.eldigitaldeasturias.com\/noticias\/category\/actualidad\/"},{"label":"Aena activa el Plan Invierno en los aeropuertos de la red con previsi\u00f3n de nieve","link":"https:\/\/www.eldigitaldeasturias.com\/noticias\/aena-activa-el-plan-invierno-en-los-aeropuertos-de-la-red-con-prevision-de-nieve\/"}],"_links":{"self":[{"href":"https:\/\/www.eldigitaldeasturias.com\/noticias\/wp-json\/wp\/v2\/posts\/970517","targetHints":{"allow":["GET"]}}],"collection":[{"href":"https:\/\/www.eldigitaldeasturias.com\/noticias\/wp-json\/wp\/v2\/posts"}],"about":[{"href":"https:\/\/www.eldigitaldeasturias.com\/noticias\/wp-json\/wp\/v2\/types\/post"}],"author":[{"embeddable":true,"href":"https:\/\/www.eldigitaldeasturias.com\/noticias\/wp-json\/wp\/v2\/users\/1"}],"replies":[{"embeddable":true,"href":"https:\/\/www.eldigitaldeasturias.com\/noticias\/wp-json\/wp\/v2\/comments?post=970517"}],"version-history":[{"count":0,"href":"https:\/\/www.eldigitaldeasturias.com\/noticias\/wp-json\/wp\/v2\/posts\/970517\/revisions"}],"wp:attachment":[{"href":"https:\/\/www.eldigitaldeasturias.com\/noticias\/wp-json\/wp\/v2\/media?parent=970517"}],"wp:term":[{"taxonomy":"category","embeddable":true,"href":"https:\/\/www.eldigitaldeasturias.com\/noticias\/wp-json\/wp\/v2\/categories?post=970517"},{"taxonomy":"post_tag","embeddable":true,"href":"https:\/\/www.eldigitaldeasturias.com\/noticias\/wp-json\/wp\/v2\/tags?post=970517"}],"curies":[{"name":"wp","href":"https:\/\/api.w.org\/{rel}","templated":true}]}}