{"id":970468,"date":"2018-02-27T13:48:44","date_gmt":"2018-02-27T13:48:44","guid":{"rendered":"http:\/\/www.eldigitaldeasturias.com\/noticias\/?p=970468"},"modified":"2018-02-27T13:48:44","modified_gmt":"2018-02-27T13:48:44","slug":"dolors-montserrat-para-este-gobierno-la-familia-es-el-centro-porque-invertir-en-la-familia-es-invertir-en-el-bienestar-de-las-personas","status":"publish","type":"post","link":"https:\/\/www.eldigitaldeasturias.com\/noticias\/dolors-montserrat-para-este-gobierno-la-familia-es-el-centro-porque-invertir-en-la-familia-es-invertir-en-el-bienestar-de-las-personas\/","title":{"rendered":"Dolors Montserrat: \u00abPara este Gobierno la familia es el centro, porque invertir en la familia es invertir en el bienestar de las personas\u00bb"},"content":{"rendered":"<p><img loading=\"lazy\" decoding=\"async\" class=\"alignleft size-medium wp-image-970469\" src=\"https:\/\/www.eldigitaldeasturias.com\/noticias\/wp-content\/uploads\/2018\/02\/201216sanidad-Congreso-3-360x239.jpg\" alt=\"\" width=\"360\" height=\"239\" \/>La ministra ha destacado la importancia que tienen las familias en nuestra sociedad porque en ellas se cuida de las personas y se transmiten valores como la solidaridad, la igualdad o la justicia social. \u00abNo lograremos la igualdad real de oportunidades sino cuidamos a las familias\u00bb.<\/p>\n<p>La ministra de Sanidad, Servicios Sociales e Igualdad, Dolors Montserrat, ha manifestado que para este Gobierno \u00ablas familias son el centro, porque invertir en la familia es invertir en el bienestar de las personas\u00bb. Ha hecho hincapi\u00e9 en la importancia que tienen las familias en nuestra sociedad porque gracias a ellas se transmiten valores tan importantes como la solidaridad, la igualdad o la justicia social. \u00abNo lograremos la igualdad real de oportunidades si no cuidamos a las familias\u00bb.<\/p>\n<p>Lo ha dicho durante su comparecencia en la Comisi\u00f3n sobre los Derecho de la Familia, la Infancia y Adolescencia en el Senado. En ella ha explicado que ha sido este Gobierno el que ha llevado a cabo importantes pol\u00edticas sociales para apoyar a las familias. La ministra ha explicado que medidas como el teletrabajo, la reducci\u00f3n de jornada de 8 a 12 a\u00f1os o ampliar los permisos de paternidad han ido dirigidas a cuidar a las familias y mejorar sus vidas para que la maternidad no suponga un coste para las mujeres, que los permisos de paternidad no est\u00e9n mal vistos y para que la igualdad no sea una lucha de sexos sino la construcci\u00f3n de una sociedad mejor.<\/p>\n<p>Asimismo Dolors Montserrat ha destacado que las familias son cada vez son m\u00e1s cambiantes, dando lugar a modelos familiares muy diversos, por lo que se debe dar respuestas cada vez m\u00e1s espec\u00edficas a los diferentes tipos de familias. En este sentido ha anunciado que se ha comenzado a trabajar en la elaboraci\u00f3n de un nuevo diagn\u00f3stico sobre la situaci\u00f3n de la familia, que permitir\u00e1 conocer las nuevas necesidades y los diferentes modelos y situaciones familiares a los que tenemos que dar respuesta como la delimitaci\u00f3n del concepto de familia monoparental, las ayudas a las familias numerosas o la guarda y custodia compartida.<\/p>\n<p><strong>Protecci\u00f3n de los menores<\/strong><\/p>\n<p>La ministra ha recordado el compromiso de este Gobierno en acabar con la violencia contra la infancia y por eso se est\u00e1 trabajando en aprobar en esta legislatura la &#8216;ley de protecci\u00f3n integral contra la violencia infantil&#8217;. \u00abAcabar con la violencia contra la infancia es una prioridad y un compromiso de este Gobierno\u00bb.<\/p>\n<p>En este sentido Dolors Montserrat ha informado de la puesta en marcha de los trabajos del anteproyecto y ha recalcado que con esta medida el Ministerio pretende buscar el instrumento que refuerce los mecanismos, que mejore la coordinaci\u00f3n de todos los organismos y aumentar la concienciaci\u00f3n social frente a la violencia contra la infancia.<\/p>\n<p>En cuanto a la protecci\u00f3n de los menores que se encuentran en situaciones de vulnerabilidad la ministra ha anunciado que el nuevo reglamento en materia de adopci\u00f3n internacional se trasladar\u00e1 al Consejo Territorial este jueves para su aprobaci\u00f3n por parte de las Comunidades Aut\u00f3nomas. En este sentido ha dicho que \u00abel Gobierno est\u00e1 trabajando para proporcionar a los menores una oportunidad de vivir en familia. Estamos convencidos de que haciendo m\u00e1s \u00e1gil y sencillo el procedimiento de adopci\u00f3n, conseguiremos que los 14.104 ni\u00f1os en situaci\u00f3n de desamparo puedan encontrar un hogar en una familia.\u00bb<\/p>\n<p>Para ello ha recordado que se unificar\u00e1n los criterios, hasta ahora diferentes en cada Comunidad Aut\u00f3noma, lo que permitir\u00e1 a las familias adoptar en cualquier organismo del territorio nacional, que todas las entidades tengan que cumplir los mismos requisitos y que el coste sea el mismo en toda Espa\u00f1a.<\/p>\n<p><strong>Garantizar su bienestar<\/strong><\/p>\n<p>La ministra ha incidido tambi\u00e9n en que es responsabilidad de este Ministerio la protecci\u00f3n de la salud y la promoci\u00f3n de h\u00e1bitos saludables \u00abque les permitan desarrollarse tanto personal como socialmente, en las mejores condiciones posibles\u00bb. En este punto ha reiterado el compromiso de sacar adelante la ley de menores sin alcohol basada en los objetivos de sensibilizaci\u00f3n, prevenci\u00f3n, y control del consumo de alcohol en menores que deben desarrollarse en medidas dirigidas a las familias.<\/p>\n<p>Dolors Montserrat, que ha recordado durante la comparecencia que el alcohol es la sustancia m\u00e1s consumida por menores de 14 a 18 a\u00f1os, ha subrayado que se est\u00e1 haciendo un gran trabajo por parte de todas las instituciones y que est\u00e1n dando resultados positivos. En 2016-2017 por primera vez la edad de inicio en el consumo se ha incrementado en dos d\u00e9cimas llegando a los 14 a\u00f1os y tambi\u00e9n ha descendido dos d\u00e9cimas el consumo de riesgo de alcohol en fin de semana pasando de 31.9% a 31,7%.<\/p>\n<p>Asimismo ha manifestado que queda mucho por hacer y ha reiterado su compromiso en sacar adelante \u00abla ley de menores sin alcohol\u00bb de la que espera lograr el consenso de todas las fuerzas pol\u00edticas.<\/p>\n<p>Junto al alcohol, otro de los problemas que preocupan es el consumo sin control de las redes y las nuevas tecnolog\u00edas. En nuestro pa\u00eds, el 18% de la poblaci\u00f3n de adolescentes y j\u00f3venes de 14 a 18 a\u00f1os usa de manera abusiva las tecnolog\u00edas y un 44% de las personas con problemas de juego, que son un 0,9%, ha jugado antes de los 18 a\u00f1os.<\/p>\n<p>Por eso, ha recordado la ministra, desde el Gobierno se ha aprobado la primera Estrategia Nacional de Adicciones donde se han introducido actuaciones frente a las llamadas \u00abadicciones sin sustancia\u00bb como son las nuevas tecnolog\u00edas, el juego as\u00ed como los videojuegos. \u00abDesde el Gobierno tenemos muy claro que, ante estas nuevas adicciones, el \u00e9xito para superarlas no est\u00e1 en abandonar el uso sino en aprender a utilizarlo de manera responsable\u00bb<\/p>\n","protected":false},"excerpt":{"rendered":"<p>La ministra ha destacado la importancia que tienen las familias en nuestra sociedad porque en ellas se cuida de las personas y se transmiten valores como la solidaridad, la igualdad o la justicia social. \u00abNo lograremos la igualdad real de oportunidades sino cuidamos a las familias\u00bb. La ministra de Sanidad, Servicios Sociales e Igualdad, Dolors [&hellip;]<\/p>\n","protected":false},"author":1,"featured_media":970469,"comment_status":"closed","ping_status":"closed","sticky":false,"template":"","format":"standard","meta":{"footnotes":""},"categories":[1],"tags":[],"class_list":["post-970468","post","type-post","status-publish","format-standard","has-post-thumbnail","hentry","category-actualidad"],"aioseo_notices":[],"aioseo_head":"\n\t\t<!-- All in One SEO Pro 5.0.1 - aioseo.com -->\n\t<meta name=\"description\" content=\"La ministra ha destacado la importancia que tienen las familias en nuestra sociedad porque en ellas se cuida de las personas y se transmiten valores como la solidaridad, la igualdad o la justicia social. &quot;No lograremos la igualdad real de oportunidades sino cuidamos a las familias&quot;. La ministra de Sanidad, Servicios Sociales e Igualdad, Dolors\" \/>\n\t<meta name=\"robots\" content=\"max-image-preview:large\" \/>\n\t<meta name=\"author\" content=\"El Digital de Asturias\"\/>\n\t<meta name=\"google-site-verification\" content=\"UA-38556648-1\" \/>\n\t<meta name=\"msvalidate.01\" content=\"7dfe9f3f1b24437ab69f4f2559babe99\" \/>\n\t<meta name=\"keywords\" content=\"actualidad\" \/>\n\t<link rel=\"canonical\" href=\"https:\/\/www.eldigitaldeasturias.com\/noticias\/dolors-montserrat-para-este-gobierno-la-familia-es-el-centro-porque-invertir-en-la-familia-es-invertir-en-el-bienestar-de-las-personas\/\" \/>\n\t<meta name=\"generator\" content=\"All in One SEO Pro (AIOSEO) 5.0.1\" \/>\n\t\t<meta property=\"og:locale\" content=\"es_ES\" \/>\n\t\t<meta property=\"og:site_name\" content=\"El Digital de Asturias\" \/>\n\t\t<meta property=\"og:type\" content=\"article\" \/>\n\t\t<meta property=\"og:title\" content=\"Dolors Montserrat: \u00abPara este Gobierno la familia es el centro, porque invertir en la familia es invertir en el bienestar de las personas\u00bb - El Digital de Asturias\" \/>\n\t\t<meta property=\"og:description\" content=\"La ministra ha destacado la importancia que tienen las familias en nuestra sociedad porque en ellas se cuida de las personas y se transmiten valores como la solidaridad, la igualdad o la justicia social. &quot;No lograremos la igualdad real de oportunidades sino cuidamos a las familias&quot;. La ministra de Sanidad, Servicios Sociales e Igualdad, Dolors\" \/>\n\t\t<meta property=\"og:url\" content=\"https:\/\/www.eldigitaldeasturias.com\/noticias\/dolors-montserrat-para-este-gobierno-la-familia-es-el-centro-porque-invertir-en-la-familia-es-invertir-en-el-bienestar-de-las-personas\/\" \/>\n\t\t<meta property=\"article:tag\" content=\"actualidad\" \/>\n\t\t<meta property=\"article:published_time\" content=\"2018-02-27T13:48:44+00:00\" \/>\n\t\t<meta property=\"article:modified_time\" content=\"2018-02-27T13:48:44+00:00\" \/>\n\t\t<meta property=\"article:publisher\" content=\"https:\/\/facebook.com\/eldigitaldeasturias\" \/>\n\t\t<meta name=\"twitter:card\" content=\"summary_large_image\" \/>\n\t\t<meta name=\"twitter:title\" content=\"Dolors Montserrat: \u00abPara este Gobierno la familia es el centro, porque invertir en la familia es invertir en el bienestar de las personas\u00bb - El Digital de Asturias\" \/>\n\t\t<meta name=\"twitter:description\" content=\"La ministra ha destacado la importancia que tienen las familias en nuestra sociedad porque en ellas se cuida de las personas y se transmiten valores como la solidaridad, la igualdad o la justicia social. &quot;No lograremos la igualdad real de oportunidades sino cuidamos a las familias&quot;. La ministra de Sanidad, Servicios Sociales e Igualdad, Dolors\" \/>\n\t\t<meta name=\"twitter:image\" content=\"https:\/\/www.eldigitaldeasturias.com\/noticias\/wp-content\/uploads\/2020\/12\/EDA-1.jpg\" \/>\n\t\t<meta name=\"twitter:label1\" content=\"Escrito por\" \/>\n\t\t<meta name=\"twitter:data1\" content=\"El Digital de Asturias\" \/>\n\t\t<meta name=\"twitter:label2\" content=\"Tiempo de lectura estimado\" \/>\n\t\t<meta name=\"twitter:data2\" content=\"5 minutos\" \/>\n\t\t<script type=\"application\/ld+json\" class=\"aioseo-schema\">\n\t\t\t{\"@context\":\"https:\\\/\\\/schema.org\",\"@graph\":[{\"@type\":\"BlogPosting\",\"@id\":\"https:\\\/\\\/www.eldigitaldeasturias.com\\\/noticias\\\/dolors-montserrat-para-este-gobierno-la-familia-es-el-centro-porque-invertir-en-la-familia-es-invertir-en-el-bienestar-de-las-personas\\\/#blogposting\",\"name\":\"Dolors Montserrat: \\u00abPara este Gobierno la familia es el centro, porque invertir en la familia es invertir en el bienestar de las personas\\u00bb - El Digital de Asturias\",\"headline\":\"Dolors Montserrat: \\u00abPara este Gobierno la familia es el centro, porque invertir en la familia es invertir en el bienestar de las personas\\u00bb\",\"author\":{\"@id\":\"https:\\\/\\\/www.eldigitaldeasturias.com\\\/noticias\\\/author\\\/admin\\\/#author\"},\"publisher\":{\"@id\":\"https:\\\/\\\/www.eldigitaldeasturias.com\\\/noticias\\\/#organization\"},\"image\":{\"@type\":\"ImageObject\",\"url\":970469},\"datePublished\":\"2018-02-27T13:48:44+01:00\",\"dateModified\":\"2018-02-27T13:48:44+01:00\",\"inLanguage\":\"es-ES\",\"mainEntityOfPage\":{\"@id\":\"https:\\\/\\\/www.eldigitaldeasturias.com\\\/noticias\\\/dolors-montserrat-para-este-gobierno-la-familia-es-el-centro-porque-invertir-en-la-familia-es-invertir-en-el-bienestar-de-las-personas\\\/#webpage\"},\"isPartOf\":{\"@id\":\"https:\\\/\\\/www.eldigitaldeasturias.com\\\/noticias\\\/dolors-montserrat-para-este-gobierno-la-familia-es-el-centro-porque-invertir-en-la-familia-es-invertir-en-el-bienestar-de-las-personas\\\/#webpage\"},\"articleSection\":\"Actualidad\"},{\"@type\":\"BreadcrumbList\",\"@id\":\"https:\\\/\\\/www.eldigitaldeasturias.com\\\/noticias\\\/dolors-montserrat-para-este-gobierno-la-familia-es-el-centro-porque-invertir-en-la-familia-es-invertir-en-el-bienestar-de-las-personas\\\/#breadcrumblist\",\"itemListElement\":[{\"@type\":\"ListItem\",\"@id\":\"https:\\\/\\\/www.eldigitaldeasturias.com\\\/noticias#listItem\",\"position\":1,\"name\":\"Home\",\"item\":\"https:\\\/\\\/www.eldigitaldeasturias.com\\\/noticias\",\"nextItem\":{\"@type\":\"ListItem\",\"@id\":\"https:\\\/\\\/www.eldigitaldeasturias.com\\\/noticias\\\/category\\\/actualidad\\\/#listItem\",\"name\":\"Actualidad\"}},{\"@type\":\"ListItem\",\"@id\":\"https:\\\/\\\/www.eldigitaldeasturias.com\\\/noticias\\\/category\\\/actualidad\\\/#listItem\",\"position\":2,\"name\":\"Actualidad\",\"item\":\"https:\\\/\\\/www.eldigitaldeasturias.com\\\/noticias\\\/category\\\/actualidad\\\/\",\"nextItem\":{\"@type\":\"ListItem\",\"@id\":\"https:\\\/\\\/www.eldigitaldeasturias.com\\\/noticias\\\/dolors-montserrat-para-este-gobierno-la-familia-es-el-centro-porque-invertir-en-la-familia-es-invertir-en-el-bienestar-de-las-personas\\\/#listItem\",\"name\":\"Dolors Montserrat: \\u00abPara este Gobierno la familia es el centro, porque invertir en la familia es invertir en el bienestar de las personas\\u00bb\"},\"previousItem\":{\"@type\":\"ListItem\",\"@id\":\"https:\\\/\\\/www.eldigitaldeasturias.com\\\/noticias#listItem\",\"name\":\"Home\"}},{\"@type\":\"ListItem\",\"@id\":\"https:\\\/\\\/www.eldigitaldeasturias.com\\\/noticias\\\/dolors-montserrat-para-este-gobierno-la-familia-es-el-centro-porque-invertir-en-la-familia-es-invertir-en-el-bienestar-de-las-personas\\\/#listItem\",\"position\":3,\"name\":\"Dolors Montserrat: \\u00abPara este Gobierno la familia es el centro, porque invertir en la familia es invertir en el bienestar de las personas\\u00bb\",\"previousItem\":{\"@type\":\"ListItem\",\"@id\":\"https:\\\/\\\/www.eldigitaldeasturias.com\\\/noticias\\\/category\\\/actualidad\\\/#listItem\",\"name\":\"Actualidad\"}}]},{\"@type\":\"Organization\",\"@id\":\"https:\\\/\\\/www.eldigitaldeasturias.com\\\/noticias\\\/#organization\",\"name\":\"El Digital de Asturias\",\"description\":\"Hemeroteca\",\"url\":\"https:\\\/\\\/www.eldigitaldeasturias.com\\\/noticias\\\/\",\"email\":\"info@eldigitaldeasturias.com\",\"telephone\":\"+34652131393\",\"logo\":{\"@type\":\"ImageObject\",\"url\":\"https:\\\/\\\/www.eldigitaldeasturias.com\\\/noticias\\\/wp-content\\\/uploads\\\/2020\\\/12\\\/EDA.jpg\",\"@id\":\"https:\\\/\\\/www.eldigitaldeasturias.com\\\/noticias\\\/dolors-montserrat-para-este-gobierno-la-familia-es-el-centro-porque-invertir-en-la-familia-es-invertir-en-el-bienestar-de-las-personas\\\/#organizationLogo\"},\"image\":{\"@id\":\"https:\\\/\\\/www.eldigitaldeasturias.com\\\/noticias\\\/dolors-montserrat-para-este-gobierno-la-familia-es-el-centro-porque-invertir-en-la-familia-es-invertir-en-el-bienestar-de-las-personas\\\/#organizationLogo\"},\"sameAs\":[\"https:\\\/\\\/facebook.com\\\/eldigitaldeasturias\",\"https:\\\/\\\/www.youtube.com\\\/channel\\\/UCZP-2wLEB9Rv6erhFmqVnvg\"],\"address\":{\"@id\":\"https:\\\/\\\/www.eldigitaldeasturias.com\\\/noticias\\\/#postaladdress\",\"@type\":\"PostalAddress\",\"streetAddress\":\"san antonio 4\",\"postalCode\":\"33430\",\"addressLocality\":\"Cand\\u00e1s\",\"addressRegion\":\"Asturias\",\"addressCountry\":\"ES\"}},{\"@type\":\"Person\",\"@id\":\"https:\\\/\\\/www.eldigitaldeasturias.com\\\/noticias\\\/author\\\/admin\\\/#author\",\"url\":\"https:\\\/\\\/www.eldigitaldeasturias.com\\\/noticias\\\/author\\\/admin\\\/\",\"name\":\"El Digital de Asturias\",\"image\":{\"@type\":\"ImageObject\",\"@id\":\"https:\\\/\\\/www.eldigitaldeasturias.com\\\/noticias\\\/dolors-montserrat-para-este-gobierno-la-familia-es-el-centro-porque-invertir-en-la-familia-es-invertir-en-el-bienestar-de-las-personas\\\/#authorImage\",\"url\":\"https:\\\/\\\/secure.gravatar.com\\\/avatar\\\/df2aeffc32bcd13f8d26072ef8a91b623d677766deac7f97ca815868cd41bf5e?s=96&d=mm&r=g\",\"width\":96,\"height\":96,\"caption\":\"El Digital de Asturias\"}},{\"@type\":\"WebPage\",\"@id\":\"https:\\\/\\\/www.eldigitaldeasturias.com\\\/noticias\\\/dolors-montserrat-para-este-gobierno-la-familia-es-el-centro-porque-invertir-en-la-familia-es-invertir-en-el-bienestar-de-las-personas\\\/#webpage\",\"url\":\"https:\\\/\\\/www.eldigitaldeasturias.com\\\/noticias\\\/dolors-montserrat-para-este-gobierno-la-familia-es-el-centro-porque-invertir-en-la-familia-es-invertir-en-el-bienestar-de-las-personas\\\/\",\"name\":\"Dolors Montserrat: \\u00abPara este Gobierno la familia es el centro, porque invertir en la familia es invertir en el bienestar de las personas\\u00bb - El Digital de Asturias\",\"description\":\"La ministra ha destacado la importancia que tienen las familias en nuestra sociedad porque en ellas se cuida de las personas y se transmiten valores como la solidaridad, la igualdad o la justicia social. \\\"No lograremos la igualdad real de oportunidades sino cuidamos a las familias\\\". La ministra de Sanidad, Servicios Sociales e Igualdad, Dolors\",\"inLanguage\":\"es-ES\",\"isPartOf\":{\"@id\":\"https:\\\/\\\/www.eldigitaldeasturias.com\\\/noticias\\\/#website\"},\"breadcrumb\":{\"@id\":\"https:\\\/\\\/www.eldigitaldeasturias.com\\\/noticias\\\/dolors-montserrat-para-este-gobierno-la-familia-es-el-centro-porque-invertir-en-la-familia-es-invertir-en-el-bienestar-de-las-personas\\\/#breadcrumblist\"},\"author\":{\"@id\":\"https:\\\/\\\/www.eldigitaldeasturias.com\\\/noticias\\\/author\\\/admin\\\/#author\"},\"creator\":{\"@id\":\"https:\\\/\\\/www.eldigitaldeasturias.com\\\/noticias\\\/author\\\/admin\\\/#author\"},\"image\":{\"@type\":\"ImageObject\",\"url\":970469,\"@id\":\"https:\\\/\\\/www.eldigitaldeasturias.com\\\/noticias\\\/dolors-montserrat-para-este-gobierno-la-familia-es-el-centro-porque-invertir-en-la-familia-es-invertir-en-el-bienestar-de-las-personas\\\/#mainImage\"},\"primaryImageOfPage\":{\"@id\":\"https:\\\/\\\/www.eldigitaldeasturias.com\\\/noticias\\\/dolors-montserrat-para-este-gobierno-la-familia-es-el-centro-porque-invertir-en-la-familia-es-invertir-en-el-bienestar-de-las-personas\\\/#mainImage\"},\"datePublished\":\"2018-02-27T13:48:44+01:00\",\"dateModified\":\"2018-02-27T13:48:44+01:00\"},{\"@type\":\"WebSite\",\"@id\":\"https:\\\/\\\/www.eldigitaldeasturias.com\\\/noticias\\\/#website\",\"url\":\"https:\\\/\\\/www.eldigitaldeasturias.com\\\/noticias\\\/\",\"name\":\"El Digital de Asturias - Diario de actualidad y noticias\",\"alternateName\":\"El Digital de Asturias - Diario de actualidad y noticias\",\"description\":\"Hemeroteca\",\"inLanguage\":\"es-ES\",\"publisher\":{\"@id\":\"https:\\\/\\\/www.eldigitaldeasturias.com\\\/noticias\\\/#organization\"}}]}\n\t\t<\/script>\n\t\t<!-- All in One SEO Pro -->\r\n\t\t<title>Dolors Montserrat: \u00abPara este Gobierno la familia es el centro, porque invertir en la familia es invertir en el bienestar de las personas\u00bb - El Digital de Asturias<\/title>\n\n","aioseo_head_json":{"title":"Dolors Montserrat: \u00abPara este Gobierno la familia es el centro, porque invertir en la familia es invertir en el bienestar de las personas\u00bb - El Digital de Asturias","description":"La ministra ha destacado la importancia que tienen las familias en nuestra sociedad porque en ellas se cuida de las personas y se transmiten valores como la solidaridad, la igualdad o la justicia social. \"No lograremos la igualdad real de oportunidades sino cuidamos a las familias\". La ministra de Sanidad, Servicios Sociales e Igualdad, Dolors","canonical_url":"https:\/\/www.eldigitaldeasturias.com\/noticias\/dolors-montserrat-para-este-gobierno-la-familia-es-el-centro-porque-invertir-en-la-familia-es-invertir-en-el-bienestar-de-las-personas\/","robots":"max-image-preview:large","keywords":"actualidad","webmasterTools":{"google-site-verification":"UA-38556648-1","msvalidate.01":"7dfe9f3f1b24437ab69f4f2559babe99","miscellaneous":""},"schema":{"@context":"https:\/\/schema.org","@graph":[{"@type":"BlogPosting","@id":"https:\/\/www.eldigitaldeasturias.com\/noticias\/dolors-montserrat-para-este-gobierno-la-familia-es-el-centro-porque-invertir-en-la-familia-es-invertir-en-el-bienestar-de-las-personas\/#blogposting","name":"Dolors Montserrat: \u00abPara este Gobierno la familia es el centro, porque invertir en la familia es invertir en el bienestar de las personas\u00bb - El Digital de Asturias","headline":"Dolors Montserrat: \u00abPara este Gobierno la familia es el centro, porque invertir en la familia es invertir en el bienestar de las personas\u00bb","author":{"@id":"https:\/\/www.eldigitaldeasturias.com\/noticias\/author\/admin\/#author"},"publisher":{"@id":"https:\/\/www.eldigitaldeasturias.com\/noticias\/#organization"},"image":{"@type":"ImageObject","url":970469},"datePublished":"2018-02-27T13:48:44+01:00","dateModified":"2018-02-27T13:48:44+01:00","inLanguage":"es-ES","mainEntityOfPage":{"@id":"https:\/\/www.eldigitaldeasturias.com\/noticias\/dolors-montserrat-para-este-gobierno-la-familia-es-el-centro-porque-invertir-en-la-familia-es-invertir-en-el-bienestar-de-las-personas\/#webpage"},"isPartOf":{"@id":"https:\/\/www.eldigitaldeasturias.com\/noticias\/dolors-montserrat-para-este-gobierno-la-familia-es-el-centro-porque-invertir-en-la-familia-es-invertir-en-el-bienestar-de-las-personas\/#webpage"},"articleSection":"Actualidad"},{"@type":"BreadcrumbList","@id":"https:\/\/www.eldigitaldeasturias.com\/noticias\/dolors-montserrat-para-este-gobierno-la-familia-es-el-centro-porque-invertir-en-la-familia-es-invertir-en-el-bienestar-de-las-personas\/#breadcrumblist","itemListElement":[{"@type":"ListItem","@id":"https:\/\/www.eldigitaldeasturias.com\/noticias#listItem","position":1,"name":"Home","item":"https:\/\/www.eldigitaldeasturias.com\/noticias","nextItem":{"@type":"ListItem","@id":"https:\/\/www.eldigitaldeasturias.com\/noticias\/category\/actualidad\/#listItem","name":"Actualidad"}},{"@type":"ListItem","@id":"https:\/\/www.eldigitaldeasturias.com\/noticias\/category\/actualidad\/#listItem","position":2,"name":"Actualidad","item":"https:\/\/www.eldigitaldeasturias.com\/noticias\/category\/actualidad\/","nextItem":{"@type":"ListItem","@id":"https:\/\/www.eldigitaldeasturias.com\/noticias\/dolors-montserrat-para-este-gobierno-la-familia-es-el-centro-porque-invertir-en-la-familia-es-invertir-en-el-bienestar-de-las-personas\/#listItem","name":"Dolors Montserrat: \u00abPara este Gobierno la familia es el centro, porque invertir en la familia es invertir en el bienestar de las personas\u00bb"},"previousItem":{"@type":"ListItem","@id":"https:\/\/www.eldigitaldeasturias.com\/noticias#listItem","name":"Home"}},{"@type":"ListItem","@id":"https:\/\/www.eldigitaldeasturias.com\/noticias\/dolors-montserrat-para-este-gobierno-la-familia-es-el-centro-porque-invertir-en-la-familia-es-invertir-en-el-bienestar-de-las-personas\/#listItem","position":3,"name":"Dolors Montserrat: \u00abPara este Gobierno la familia es el centro, porque invertir en la familia es invertir en el bienestar de las personas\u00bb","previousItem":{"@type":"ListItem","@id":"https:\/\/www.eldigitaldeasturias.com\/noticias\/category\/actualidad\/#listItem","name":"Actualidad"}}]},{"@type":"Organization","@id":"https:\/\/www.eldigitaldeasturias.com\/noticias\/#organization","name":"El Digital de Asturias","description":"Hemeroteca","url":"https:\/\/www.eldigitaldeasturias.com\/noticias\/","email":"info@eldigitaldeasturias.com","telephone":"+34652131393","logo":{"@type":"ImageObject","url":"https:\/\/www.eldigitaldeasturias.com\/noticias\/wp-content\/uploads\/2020\/12\/EDA.jpg","@id":"https:\/\/www.eldigitaldeasturias.com\/noticias\/dolors-montserrat-para-este-gobierno-la-familia-es-el-centro-porque-invertir-en-la-familia-es-invertir-en-el-bienestar-de-las-personas\/#organizationLogo"},"image":{"@id":"https:\/\/www.eldigitaldeasturias.com\/noticias\/dolors-montserrat-para-este-gobierno-la-familia-es-el-centro-porque-invertir-en-la-familia-es-invertir-en-el-bienestar-de-las-personas\/#organizationLogo"},"sameAs":["https:\/\/facebook.com\/eldigitaldeasturias","https:\/\/www.youtube.com\/channel\/UCZP-2wLEB9Rv6erhFmqVnvg"],"address":{"@id":"https:\/\/www.eldigitaldeasturias.com\/noticias\/#postaladdress","@type":"PostalAddress","streetAddress":"san antonio 4","postalCode":"33430","addressLocality":"Cand\u00e1s","addressRegion":"Asturias","addressCountry":"ES"}},{"@type":"Person","@id":"https:\/\/www.eldigitaldeasturias.com\/noticias\/author\/admin\/#author","url":"https:\/\/www.eldigitaldeasturias.com\/noticias\/author\/admin\/","name":"El Digital de Asturias","image":{"@type":"ImageObject","@id":"https:\/\/www.eldigitaldeasturias.com\/noticias\/dolors-montserrat-para-este-gobierno-la-familia-es-el-centro-porque-invertir-en-la-familia-es-invertir-en-el-bienestar-de-las-personas\/#authorImage","url":"https:\/\/secure.gravatar.com\/avatar\/df2aeffc32bcd13f8d26072ef8a91b623d677766deac7f97ca815868cd41bf5e?s=96&d=mm&r=g","width":96,"height":96,"caption":"El Digital de Asturias"}},{"@type":"WebPage","@id":"https:\/\/www.eldigitaldeasturias.com\/noticias\/dolors-montserrat-para-este-gobierno-la-familia-es-el-centro-porque-invertir-en-la-familia-es-invertir-en-el-bienestar-de-las-personas\/#webpage","url":"https:\/\/www.eldigitaldeasturias.com\/noticias\/dolors-montserrat-para-este-gobierno-la-familia-es-el-centro-porque-invertir-en-la-familia-es-invertir-en-el-bienestar-de-las-personas\/","name":"Dolors Montserrat: \u00abPara este Gobierno la familia es el centro, porque invertir en la familia es invertir en el bienestar de las personas\u00bb - El Digital de Asturias","description":"La ministra ha destacado la importancia que tienen las familias en nuestra sociedad porque en ellas se cuida de las personas y se transmiten valores como la solidaridad, la igualdad o la justicia social. \"No lograremos la igualdad real de oportunidades sino cuidamos a las familias\". La ministra de Sanidad, Servicios Sociales e Igualdad, Dolors","inLanguage":"es-ES","isPartOf":{"@id":"https:\/\/www.eldigitaldeasturias.com\/noticias\/#website"},"breadcrumb":{"@id":"https:\/\/www.eldigitaldeasturias.com\/noticias\/dolors-montserrat-para-este-gobierno-la-familia-es-el-centro-porque-invertir-en-la-familia-es-invertir-en-el-bienestar-de-las-personas\/#breadcrumblist"},"author":{"@id":"https:\/\/www.eldigitaldeasturias.com\/noticias\/author\/admin\/#author"},"creator":{"@id":"https:\/\/www.eldigitaldeasturias.com\/noticias\/author\/admin\/#author"},"image":{"@type":"ImageObject","url":970469,"@id":"https:\/\/www.eldigitaldeasturias.com\/noticias\/dolors-montserrat-para-este-gobierno-la-familia-es-el-centro-porque-invertir-en-la-familia-es-invertir-en-el-bienestar-de-las-personas\/#mainImage"},"primaryImageOfPage":{"@id":"https:\/\/www.eldigitaldeasturias.com\/noticias\/dolors-montserrat-para-este-gobierno-la-familia-es-el-centro-porque-invertir-en-la-familia-es-invertir-en-el-bienestar-de-las-personas\/#mainImage"},"datePublished":"2018-02-27T13:48:44+01:00","dateModified":"2018-02-27T13:48:44+01:00"},{"@type":"WebSite","@id":"https:\/\/www.eldigitaldeasturias.com\/noticias\/#website","url":"https:\/\/www.eldigitaldeasturias.com\/noticias\/","name":"El Digital de Asturias - Diario de actualidad y noticias","alternateName":"El Digital de Asturias - Diario de actualidad y noticias","description":"Hemeroteca","inLanguage":"es-ES","publisher":{"@id":"https:\/\/www.eldigitaldeasturias.com\/noticias\/#organization"}}]},"og:locale":"es_ES","og:site_name":"El Digital de Asturias","og:type":"article","og:title":"Dolors Montserrat: \u00abPara este Gobierno la familia es el centro, porque invertir en la familia es invertir en el bienestar de las personas\u00bb - El Digital de Asturias","og:description":"La ministra ha destacado la importancia que tienen las familias en nuestra sociedad porque en ellas se cuida de las personas y se transmiten valores como la solidaridad, la igualdad o la justicia social. &quot;No lograremos la igualdad real de oportunidades sino cuidamos a las familias&quot;. La ministra de Sanidad, Servicios Sociales e Igualdad, Dolors","og:url":"https:\/\/www.eldigitaldeasturias.com\/noticias\/dolors-montserrat-para-este-gobierno-la-familia-es-el-centro-porque-invertir-en-la-familia-es-invertir-en-el-bienestar-de-las-personas\/","article:tag":["actualidad"],"article:published_time":"2018-02-27T13:48:44+00:00","article:modified_time":"2018-02-27T13:48:44+00:00","article:publisher":"https:\/\/facebook.com\/eldigitaldeasturias","twitter:card":"summary_large_image","twitter:title":"Dolors Montserrat: \u00abPara este Gobierno la familia es el centro, porque invertir en la familia es invertir en el bienestar de las personas\u00bb - El Digital de Asturias","twitter:description":"La ministra ha destacado la importancia que tienen las familias en nuestra sociedad porque en ellas se cuida de las personas y se transmiten valores como la solidaridad, la igualdad o la justicia social. &quot;No lograremos la igualdad real de oportunidades sino cuidamos a las familias&quot;. La ministra de Sanidad, Servicios Sociales e Igualdad, Dolors","twitter:image":"https:\/\/www.eldigitaldeasturias.com\/noticias\/wp-content\/uploads\/2020\/12\/EDA-1.jpg","twitter:label1":"Escrito por","twitter:data1":"El Digital de Asturias","twitter:label2":"Tiempo de lectura estimado","twitter:data2":"5 minutos"},"aioseo_meta_data":{"post_id":"970468","title":null,"description":null,"keywords":null,"keyphrases":null,"primary_term":null,"canonical_url":null,"og_title":null,"og_description":null,"og_object_type":"default","og_image_type":"default","og_image_url":null,"og_image_width":null,"og_image_height":null,"og_image_custom_url":null,"og_image_custom_fields":null,"og_video":null,"og_custom_url":null,"og_article_section":null,"og_article_tags":null,"twitter_use_og":false,"twitter_card":"default","twitter_image_type":"default","twitter_image_url":null,"twitter_image_custom_url":null,"twitter_image_custom_fields":null,"twitter_title":null,"twitter_description":null,"schema":{"blockGraphs":[],"customGraphs":[],"default":{"data":{"Article":[],"Course":[],"Dataset":[],"FAQPage":[],"Movie":[],"Person":[],"Product":[],"ProductReview":[],"Car":[],"Recipe":[],"Service":[],"SoftwareApplication":[],"WebPage":[]},"graphName":"","isEnabled":true},"graphs":[],"defaultGraph":"","defaultPostTypeGraph":""},"schema_type":null,"schema_type_options":null,"pillar_content":false,"robots_default":true,"robots_noindex":false,"robots_noarchive":false,"robots_nosnippet":false,"robots_nofollow":false,"robots_noimageindex":false,"robots_noodp":false,"robots_notranslate":false,"robots_max_snippet":null,"robots_max_videopreview":null,"robots_max_imagepreview":"large","priority":null,"frequency":null,"local_seo":null,"seo_analyzer_scan_date":"2025-10-07 05:41:03","breadcrumb_settings":null,"limit_modified_date":false,"open_ai":null,"ai":null,"created":"2020-12-21 12:24:37","updated":"2025-10-07 05:41:03","focus_keyword":null,"additional_keywords":null,"truseo_locale":null},"aioseo_breadcrumb":"<div class=\"aioseo-breadcrumbs\"><span class=\"aioseo-breadcrumb\">\n\t<a href=\"https:\/\/www.eldigitaldeasturias.com\/noticias\" title=\"Home\">Home<\/a>\n<\/span><span class=\"aioseo-breadcrumb-separator\">\u2013<\/span><span class=\"aioseo-breadcrumb\">\n\t<a href=\"https:\/\/www.eldigitaldeasturias.com\/noticias\/category\/actualidad\/\" title=\"Actualidad\">Actualidad<\/a>\n<\/span><span class=\"aioseo-breadcrumb-separator\">\u2013<\/span><span class=\"aioseo-breadcrumb\">\n\t<a href=\"https:\/\/www.eldigitaldeasturias.com\/noticias\/dolors-montserrat-para-este-gobierno-la-familia-es-el-centro-porque-invertir-en-la-familia-es-invertir-en-el-bienestar-de-las-personas\/\" title=\"Dolors Montserrat: \u00abPara este Gobierno la familia es el centro, porque invertir en la familia es invertir en el bienestar de las personas\u00bb\">Dolors Montserrat: \u00abPara este Gobierno la familia es el centro, porque invertir en la familia es invertir en el bienestar de las personas\u00bb<\/a>\n<\/span><\/div>","aioseo_breadcrumb_json":[{"label":"Home","link":"https:\/\/www.eldigitaldeasturias.com\/noticias"},{"label":"Actualidad","link":"https:\/\/www.eldigitaldeasturias.com\/noticias\/category\/actualidad\/"},{"label":"Dolors Montserrat: \u00abPara este Gobierno la familia es el centro, porque invertir en la familia es invertir en el bienestar de las personas\u00bb","link":"https:\/\/www.eldigitaldeasturias.com\/noticias\/dolors-montserrat-para-este-gobierno-la-familia-es-el-centro-porque-invertir-en-la-familia-es-invertir-en-el-bienestar-de-las-personas\/"}],"_links":{"self":[{"href":"https:\/\/www.eldigitaldeasturias.com\/noticias\/wp-json\/wp\/v2\/posts\/970468","targetHints":{"allow":["GET"]}}],"collection":[{"href":"https:\/\/www.eldigitaldeasturias.com\/noticias\/wp-json\/wp\/v2\/posts"}],"about":[{"href":"https:\/\/www.eldigitaldeasturias.com\/noticias\/wp-json\/wp\/v2\/types\/post"}],"author":[{"embeddable":true,"href":"https:\/\/www.eldigitaldeasturias.com\/noticias\/wp-json\/wp\/v2\/users\/1"}],"replies":[{"embeddable":true,"href":"https:\/\/www.eldigitaldeasturias.com\/noticias\/wp-json\/wp\/v2\/comments?post=970468"}],"version-history":[{"count":0,"href":"https:\/\/www.eldigitaldeasturias.com\/noticias\/wp-json\/wp\/v2\/posts\/970468\/revisions"}],"wp:attachment":[{"href":"https:\/\/www.eldigitaldeasturias.com\/noticias\/wp-json\/wp\/v2\/media?parent=970468"}],"wp:term":[{"taxonomy":"category","embeddable":true,"href":"https:\/\/www.eldigitaldeasturias.com\/noticias\/wp-json\/wp\/v2\/categories?post=970468"},{"taxonomy":"post_tag","embeddable":true,"href":"https:\/\/www.eldigitaldeasturias.com\/noticias\/wp-json\/wp\/v2\/tags?post=970468"}],"curies":[{"name":"wp","href":"https:\/\/api.w.org\/{rel}","templated":true}]}}