{"id":970424,"date":"2018-02-26T23:42:20","date_gmt":"2018-02-26T23:42:20","guid":{"rendered":"http:\/\/www.eldigitaldeasturias.com\/noticias\/?p=970424"},"modified":"2018-02-26T23:42:20","modified_gmt":"2018-02-26T23:42:20","slug":"los-intentos-de-alto-el-fuego-en-siria","status":"publish","type":"post","link":"https:\/\/www.eldigitaldeasturias.com\/noticias\/los-intentos-de-alto-el-fuego-en-siria\/","title":{"rendered":"Los intentos de alto el fuego en Siria"},"content":{"rendered":"<p><img loading=\"lazy\" decoding=\"async\" class=\"alignleft size-medium wp-image-542657\" src=\"https:\/\/www.eldigitaldeasturias.com\/noticias\/wp-content\/uploads\/2014\/06\/6345789w-360x238.jpg\" alt=\"\" width=\"360\" height=\"238\" \/>El Cairo, 26 feb (dpa) &#8211; El conflicto sirio arranc\u00f3 con pac\u00edficas protestas contra el Gobierno en marzo de 2011, que fueron reprimidas brutalmente y derivaron en una brutal guerra civil que est\u00e1 a punto de cumplir siete a\u00f1os.<\/p>\n<p>En este tiempo han fracasado numerosos intentos diplom\u00e1ticos de poner fin al conflicto, mientras se multiplicaban las muertes y los desplazados, surg\u00eda la milicia terrorista Estado Isl\u00e1mico -ahora en gran medida derrotada- y el presidente Bashar al Assad se manten\u00eda en el poder.<\/p>\n<p>El s\u00e1bado, el Consejo de Seguridad de la ONU aprob\u00f3 un alto el fuego para Siria. A continuaci\u00f3n, una cronolog\u00eda de algunos de los intentos anteriores, ya sea nivel parcial o nacional, de silenciar las armas.<\/p>\n<p>&#8211; Diciembre de 2011: Siria accede a permitir que los observadores de la Liga \u00c1rabe monitoreen la retirada por parte del Gobierno de sus tropas y armas pesadas de \u00e1reas civiles. La retirada fracasa y el grupo pide a Al Assad su renuncia.<\/p>\n<p>&#8211; Abril de 2012: Se despliegan observadores de la ONU que sin embargo se retiran dos meses despu\u00e9s por el deterioro de la seguridad.<\/p>\n<p>&#8211; Octubre de 2012: El Ej\u00e9rcito sirio anuncia un alto el fuego de cuatro d\u00edas por la festividad musulmana del Eid al Adha. Aunque fr\u00e1gil, se mantiene en gran medida pero fracasa a la hora de promover un acuerdo m\u00e1s amplio.<\/p>\n<p>&#8211; Mayo de 2014: Un acuerdo permite a los rebeldes evacuar la ciudad vieja de Homs, algo que fue visto tambi\u00e9n como una v\u00eda de huida de combatientes rebeldes dejando a las fuerzas del Gobierno el control del que fuera un basti\u00f3n de la oposici\u00f3n.<\/p>\n<p>&#8211; Junio de 2014: Un alto el fuego en el campamento de refugiados palestinos de Yarmuk, en la capital siria de Damasco, se mantiene s\u00f3lo un par de d\u00edas.<\/p>\n<p>&#8211; Octubre de 2014: El mediador de la ONU Staffan de Mistura comienza a negociar treguas alrededor de Alepo, un plan que se viene abajo meses despu\u00e9s.<\/p>\n<p>&#8211; Septiembre de 2015: Tras varios intentos de alcanzar breves ceses de hostilidades, la milicia chiita libanesa Hizbol\u00e1, respaldada por Ir\u00e1n y aliada de Al Assad, asegura haber acordado una tregua de seis meses para la ciudad de Zabadani, en manos de la oposici\u00f3n, y los pueblos de Fua y Kefraya, cercanos al r\u00e9gimen y cercados por los rebeldes. La Cruz Roja puede llevar ayuda a esas zonas.<\/p>\n<p>&#8211; Enero de 2016: De Mistura impulsa negociaciones en Ginebra entre el Gobierno y la oposici\u00f3n, que fracasan pese al apoyo internacional.<\/p>\n<p>&#8211; Febrero de 2016: Estados Unidos, Rusia y otras potencias se re\u00fanen en M\u00fanich y acceden a un \u00abcese de hostilidades\u00bb en Siria, que se mantiene los d\u00edas 26 y 27 de febrero.<\/p>\n<p>&#8211; 6 de julio de 2016: El Ej\u00e9rcito sirio anuncia un alto el fuego de 72 horas por la festividad musulmana del Eid al Fitr tras el Ramad\u00e1n.<\/p>\n<p>&#8211; 12 de septiembre de 2016: Entra en vigor en todo el pa\u00eds un alto el fuego de siete d\u00edas mediado por Rusia y Estados Unidos.<\/p>\n<p>&#8211; 17 de Octubre de 2016: El Ej\u00e9rcito ruso anuncia un alto el fuego de ocho horas en el este de Alepo, bajo control de la oposici\u00f3n, para permitir la evacuaci\u00f3n de civiles, combatientes rebeldes y heridos. Los rebeldes rechazan la oferta.<\/p>\n<p>&#8211; 14 de diciembre de 2016: Los rebeldes anuncian un nuevo acuerdo de alto el fuego para permitir la evacuaci\u00f3n de residentes y combatientes opositores del este de Alepo. El \u00e9xodo masivo da al Gobierno sirio el control total de la ciudad del norte del pa\u00eds.<\/p>\n<p>&#8211; 30 de diciembre de 2016: Un alto el fuego a nivel nacional entra en vigor a media noche, con Rusia, Turqu\u00eda e Ir\u00e1n como garantes del acuerdo alcanzado entre Gobierno y rebeldes. Sin embargo, contin\u00faan los enfrentamientos espor\u00e1dicos entre las fuerzas del r\u00e9gimen y los rebeldes.<\/p>\n<p>&#8211; 4 de mayo de 2017: Rusia, Turqu\u00eda e Ir\u00e1n firman un acuerdo para establecer cuatro zonas seguras con el objetivo de mitigar la crisis humanitaria en el pa\u00eds. Sin embargo la tregua no afecta a la lucha contra los grupos considerados terroristas por la ONU, como el Estado Isl\u00e1mico.<\/p>\n<p>&#8211; 6 de mayo de 2017: Entra en vigor el acuerdo de las zonas seguras, donde se prev\u00e9 que rija una tregua de seis meses.<\/p>\n<p>&#8211; 9 de julio de 2017: Comienza un alto el fuego parcial, mediado por Estados Unidos, Rusia y Jordania, en el suroeste de Siria, escenario de combates entre las fuerzas del Gobierno y los rebeldes en las \u00faltimas semanas.<\/p>\n<p>&#8211; 27 de enero de 2018: Un alto el fuego mediado por Siria entra en vigor en el basti\u00f3n rebelde de Guta Oriental, situado al este de Damasco y bajo asedio de las tropas del Gobierno. Sin embargo, pronto se desmorona.<\/p>\n<p>&#8211; 24 de febrero de 2018: El Consejo de Seguridad de la ONU aprueba una tregua humanitaria de 30 d\u00edas vigente en todo territorio sirio, tras una escalada de la ofensiva del Gobierno en Guta Oriental.<\/p>\n","protected":false},"excerpt":{"rendered":"<p>El Cairo, 26 feb (dpa) &#8211; El conflicto sirio arranc\u00f3 con pac\u00edficas protestas contra el Gobierno en marzo de 2011, que fueron reprimidas brutalmente y derivaron en una brutal guerra civil que est\u00e1 a punto de cumplir siete a\u00f1os. En este tiempo han fracasado numerosos intentos diplom\u00e1ticos de poner fin al conflicto, mientras se multiplicaban [&hellip;]<\/p>\n","protected":false},"author":1,"featured_media":542657,"comment_status":"closed","ping_status":"closed","sticky":false,"template":"","format":"standard","meta":{"footnotes":""},"categories":[1],"tags":[],"class_list":["post-970424","post","type-post","status-publish","format-standard","has-post-thumbnail","hentry","category-actualidad"],"aioseo_notices":[],"aioseo_head":"\n\t\t<!-- All in One SEO Pro 5.0.1 - aioseo.com -->\n\t<meta name=\"description\" content=\"El Cairo, 26 feb (dpa) - El conflicto sirio arranc\u00f3 con pac\u00edficas protestas contra el Gobierno en marzo de 2011, que fueron reprimidas brutalmente y derivaron en una brutal guerra civil que est\u00e1 a punto de cumplir siete a\u00f1os. En este tiempo han fracasado numerosos intentos diplom\u00e1ticos de poner fin al conflicto, mientras se multiplicaban\" \/>\n\t<meta name=\"robots\" content=\"max-image-preview:large\" \/>\n\t<meta name=\"author\" content=\"El Digital de Asturias\"\/>\n\t<meta name=\"google-site-verification\" content=\"UA-38556648-1\" \/>\n\t<meta name=\"msvalidate.01\" content=\"7dfe9f3f1b24437ab69f4f2559babe99\" \/>\n\t<meta name=\"keywords\" content=\"actualidad\" \/>\n\t<link rel=\"canonical\" href=\"https:\/\/www.eldigitaldeasturias.com\/noticias\/los-intentos-de-alto-el-fuego-en-siria\/\" \/>\n\t<meta name=\"generator\" content=\"All in One SEO Pro (AIOSEO) 5.0.1\" \/>\n\t\t<meta property=\"og:locale\" content=\"es_ES\" \/>\n\t\t<meta property=\"og:site_name\" content=\"El Digital de Asturias\" \/>\n\t\t<meta property=\"og:type\" content=\"article\" \/>\n\t\t<meta property=\"og:title\" content=\"Los intentos de alto el fuego en Siria - El Digital de Asturias\" \/>\n\t\t<meta property=\"og:description\" content=\"El Cairo, 26 feb (dpa) - El conflicto sirio arranc\u00f3 con pac\u00edficas protestas contra el Gobierno en marzo de 2011, que fueron reprimidas brutalmente y derivaron en una brutal guerra civil que est\u00e1 a punto de cumplir siete a\u00f1os. En este tiempo han fracasado numerosos intentos diplom\u00e1ticos de poner fin al conflicto, mientras se multiplicaban\" \/>\n\t\t<meta property=\"og:url\" content=\"https:\/\/www.eldigitaldeasturias.com\/noticias\/los-intentos-de-alto-el-fuego-en-siria\/\" \/>\n\t\t<meta property=\"article:tag\" content=\"actualidad\" \/>\n\t\t<meta property=\"article:published_time\" content=\"2018-02-26T23:42:20+00:00\" \/>\n\t\t<meta property=\"article:modified_time\" content=\"2018-02-26T23:42:20+00:00\" \/>\n\t\t<meta property=\"article:publisher\" content=\"https:\/\/facebook.com\/eldigitaldeasturias\" \/>\n\t\t<meta name=\"twitter:card\" content=\"summary_large_image\" \/>\n\t\t<meta name=\"twitter:title\" content=\"Los intentos de alto el fuego en Siria - El Digital de Asturias\" \/>\n\t\t<meta name=\"twitter:description\" content=\"El Cairo, 26 feb (dpa) - El conflicto sirio arranc\u00f3 con pac\u00edficas protestas contra el Gobierno en marzo de 2011, que fueron reprimidas brutalmente y derivaron en una brutal guerra civil que est\u00e1 a punto de cumplir siete a\u00f1os. En este tiempo han fracasado numerosos intentos diplom\u00e1ticos de poner fin al conflicto, mientras se multiplicaban\" \/>\n\t\t<meta name=\"twitter:image\" content=\"https:\/\/www.eldigitaldeasturias.com\/noticias\/wp-content\/uploads\/2020\/12\/EDA-1.jpg\" \/>\n\t\t<meta name=\"twitter:label1\" content=\"Escrito por\" \/>\n\t\t<meta name=\"twitter:data1\" content=\"El Digital de Asturias\" \/>\n\t\t<meta name=\"twitter:label2\" content=\"Tiempo de lectura estimado\" \/>\n\t\t<meta name=\"twitter:data2\" content=\"4 minutos\" \/>\n\t\t<script type=\"application\/ld+json\" class=\"aioseo-schema\">\n\t\t\t{\"@context\":\"https:\\\/\\\/schema.org\",\"@graph\":[{\"@type\":\"BlogPosting\",\"@id\":\"https:\\\/\\\/www.eldigitaldeasturias.com\\\/noticias\\\/los-intentos-de-alto-el-fuego-en-siria\\\/#blogposting\",\"name\":\"Los intentos de alto el fuego en Siria - El Digital de Asturias\",\"headline\":\"Los intentos de alto el fuego en Siria\",\"author\":{\"@id\":\"https:\\\/\\\/www.eldigitaldeasturias.com\\\/noticias\\\/author\\\/admin\\\/#author\"},\"publisher\":{\"@id\":\"https:\\\/\\\/www.eldigitaldeasturias.com\\\/noticias\\\/#organization\"},\"image\":{\"@type\":\"ImageObject\",\"url\":542657},\"datePublished\":\"2018-02-26T23:42:20+01:00\",\"dateModified\":\"2018-02-26T23:42:20+01:00\",\"inLanguage\":\"es-ES\",\"mainEntityOfPage\":{\"@id\":\"https:\\\/\\\/www.eldigitaldeasturias.com\\\/noticias\\\/los-intentos-de-alto-el-fuego-en-siria\\\/#webpage\"},\"isPartOf\":{\"@id\":\"https:\\\/\\\/www.eldigitaldeasturias.com\\\/noticias\\\/los-intentos-de-alto-el-fuego-en-siria\\\/#webpage\"},\"articleSection\":\"Actualidad\"},{\"@type\":\"BreadcrumbList\",\"@id\":\"https:\\\/\\\/www.eldigitaldeasturias.com\\\/noticias\\\/los-intentos-de-alto-el-fuego-en-siria\\\/#breadcrumblist\",\"itemListElement\":[{\"@type\":\"ListItem\",\"@id\":\"https:\\\/\\\/www.eldigitaldeasturias.com\\\/noticias#listItem\",\"position\":1,\"name\":\"Home\",\"item\":\"https:\\\/\\\/www.eldigitaldeasturias.com\\\/noticias\",\"nextItem\":{\"@type\":\"ListItem\",\"@id\":\"https:\\\/\\\/www.eldigitaldeasturias.com\\\/noticias\\\/category\\\/actualidad\\\/#listItem\",\"name\":\"Actualidad\"}},{\"@type\":\"ListItem\",\"@id\":\"https:\\\/\\\/www.eldigitaldeasturias.com\\\/noticias\\\/category\\\/actualidad\\\/#listItem\",\"position\":2,\"name\":\"Actualidad\",\"item\":\"https:\\\/\\\/www.eldigitaldeasturias.com\\\/noticias\\\/category\\\/actualidad\\\/\",\"nextItem\":{\"@type\":\"ListItem\",\"@id\":\"https:\\\/\\\/www.eldigitaldeasturias.com\\\/noticias\\\/los-intentos-de-alto-el-fuego-en-siria\\\/#listItem\",\"name\":\"Los intentos de alto el fuego en Siria\"},\"previousItem\":{\"@type\":\"ListItem\",\"@id\":\"https:\\\/\\\/www.eldigitaldeasturias.com\\\/noticias#listItem\",\"name\":\"Home\"}},{\"@type\":\"ListItem\",\"@id\":\"https:\\\/\\\/www.eldigitaldeasturias.com\\\/noticias\\\/los-intentos-de-alto-el-fuego-en-siria\\\/#listItem\",\"position\":3,\"name\":\"Los intentos de alto el fuego en Siria\",\"previousItem\":{\"@type\":\"ListItem\",\"@id\":\"https:\\\/\\\/www.eldigitaldeasturias.com\\\/noticias\\\/category\\\/actualidad\\\/#listItem\",\"name\":\"Actualidad\"}}]},{\"@type\":\"Organization\",\"@id\":\"https:\\\/\\\/www.eldigitaldeasturias.com\\\/noticias\\\/#organization\",\"name\":\"El Digital de Asturias\",\"description\":\"Hemeroteca\",\"url\":\"https:\\\/\\\/www.eldigitaldeasturias.com\\\/noticias\\\/\",\"email\":\"info@eldigitaldeasturias.com\",\"telephone\":\"+34652131393\",\"logo\":{\"@type\":\"ImageObject\",\"url\":\"https:\\\/\\\/www.eldigitaldeasturias.com\\\/noticias\\\/wp-content\\\/uploads\\\/2020\\\/12\\\/EDA.jpg\",\"@id\":\"https:\\\/\\\/www.eldigitaldeasturias.com\\\/noticias\\\/los-intentos-de-alto-el-fuego-en-siria\\\/#organizationLogo\"},\"image\":{\"@id\":\"https:\\\/\\\/www.eldigitaldeasturias.com\\\/noticias\\\/los-intentos-de-alto-el-fuego-en-siria\\\/#organizationLogo\"},\"sameAs\":[\"https:\\\/\\\/facebook.com\\\/eldigitaldeasturias\",\"https:\\\/\\\/www.youtube.com\\\/channel\\\/UCZP-2wLEB9Rv6erhFmqVnvg\"],\"address\":{\"@id\":\"https:\\\/\\\/www.eldigitaldeasturias.com\\\/noticias\\\/#postaladdress\",\"@type\":\"PostalAddress\",\"streetAddress\":\"san antonio 4\",\"postalCode\":\"33430\",\"addressLocality\":\"Cand\\u00e1s\",\"addressRegion\":\"Asturias\",\"addressCountry\":\"ES\"}},{\"@type\":\"Person\",\"@id\":\"https:\\\/\\\/www.eldigitaldeasturias.com\\\/noticias\\\/author\\\/admin\\\/#author\",\"url\":\"https:\\\/\\\/www.eldigitaldeasturias.com\\\/noticias\\\/author\\\/admin\\\/\",\"name\":\"El Digital de Asturias\",\"image\":{\"@type\":\"ImageObject\",\"@id\":\"https:\\\/\\\/www.eldigitaldeasturias.com\\\/noticias\\\/los-intentos-de-alto-el-fuego-en-siria\\\/#authorImage\",\"url\":\"https:\\\/\\\/secure.gravatar.com\\\/avatar\\\/df2aeffc32bcd13f8d26072ef8a91b623d677766deac7f97ca815868cd41bf5e?s=96&d=mm&r=g\",\"width\":96,\"height\":96,\"caption\":\"El Digital de Asturias\"}},{\"@type\":\"WebPage\",\"@id\":\"https:\\\/\\\/www.eldigitaldeasturias.com\\\/noticias\\\/los-intentos-de-alto-el-fuego-en-siria\\\/#webpage\",\"url\":\"https:\\\/\\\/www.eldigitaldeasturias.com\\\/noticias\\\/los-intentos-de-alto-el-fuego-en-siria\\\/\",\"name\":\"Los intentos de alto el fuego en Siria - El Digital de Asturias\",\"description\":\"El Cairo, 26 feb (dpa) - El conflicto sirio arranc\\u00f3 con pac\\u00edficas protestas contra el Gobierno en marzo de 2011, que fueron reprimidas brutalmente y derivaron en una brutal guerra civil que est\\u00e1 a punto de cumplir siete a\\u00f1os. En este tiempo han fracasado numerosos intentos diplom\\u00e1ticos de poner fin al conflicto, mientras se multiplicaban\",\"inLanguage\":\"es-ES\",\"isPartOf\":{\"@id\":\"https:\\\/\\\/www.eldigitaldeasturias.com\\\/noticias\\\/#website\"},\"breadcrumb\":{\"@id\":\"https:\\\/\\\/www.eldigitaldeasturias.com\\\/noticias\\\/los-intentos-de-alto-el-fuego-en-siria\\\/#breadcrumblist\"},\"author\":{\"@id\":\"https:\\\/\\\/www.eldigitaldeasturias.com\\\/noticias\\\/author\\\/admin\\\/#author\"},\"creator\":{\"@id\":\"https:\\\/\\\/www.eldigitaldeasturias.com\\\/noticias\\\/author\\\/admin\\\/#author\"},\"image\":{\"@type\":\"ImageObject\",\"url\":542657,\"@id\":\"https:\\\/\\\/www.eldigitaldeasturias.com\\\/noticias\\\/los-intentos-de-alto-el-fuego-en-siria\\\/#mainImage\"},\"primaryImageOfPage\":{\"@id\":\"https:\\\/\\\/www.eldigitaldeasturias.com\\\/noticias\\\/los-intentos-de-alto-el-fuego-en-siria\\\/#mainImage\"},\"datePublished\":\"2018-02-26T23:42:20+01:00\",\"dateModified\":\"2018-02-26T23:42:20+01:00\"},{\"@type\":\"WebSite\",\"@id\":\"https:\\\/\\\/www.eldigitaldeasturias.com\\\/noticias\\\/#website\",\"url\":\"https:\\\/\\\/www.eldigitaldeasturias.com\\\/noticias\\\/\",\"name\":\"El Digital de Asturias - Diario de actualidad y noticias\",\"alternateName\":\"El Digital de Asturias - Diario de actualidad y noticias\",\"description\":\"Hemeroteca\",\"inLanguage\":\"es-ES\",\"publisher\":{\"@id\":\"https:\\\/\\\/www.eldigitaldeasturias.com\\\/noticias\\\/#organization\"}}]}\n\t\t<\/script>\n\t\t<!-- All in One SEO Pro -->\r\n\t\t<title>Los intentos de alto el fuego en Siria - El Digital de Asturias<\/title>\n\n","aioseo_head_json":{"title":"Los intentos de alto el fuego en Siria - El Digital de Asturias","description":"El Cairo, 26 feb (dpa) - El conflicto sirio arranc\u00f3 con pac\u00edficas protestas contra el Gobierno en marzo de 2011, que fueron reprimidas brutalmente y derivaron en una brutal guerra civil que est\u00e1 a punto de cumplir siete a\u00f1os. En este tiempo han fracasado numerosos intentos diplom\u00e1ticos de poner fin al conflicto, mientras se multiplicaban","canonical_url":"https:\/\/www.eldigitaldeasturias.com\/noticias\/los-intentos-de-alto-el-fuego-en-siria\/","robots":"max-image-preview:large","keywords":"actualidad","webmasterTools":{"google-site-verification":"UA-38556648-1","msvalidate.01":"7dfe9f3f1b24437ab69f4f2559babe99","miscellaneous":""},"schema":{"@context":"https:\/\/schema.org","@graph":[{"@type":"BlogPosting","@id":"https:\/\/www.eldigitaldeasturias.com\/noticias\/los-intentos-de-alto-el-fuego-en-siria\/#blogposting","name":"Los intentos de alto el fuego en Siria - El Digital de Asturias","headline":"Los intentos de alto el fuego en Siria","author":{"@id":"https:\/\/www.eldigitaldeasturias.com\/noticias\/author\/admin\/#author"},"publisher":{"@id":"https:\/\/www.eldigitaldeasturias.com\/noticias\/#organization"},"image":{"@type":"ImageObject","url":542657},"datePublished":"2018-02-26T23:42:20+01:00","dateModified":"2018-02-26T23:42:20+01:00","inLanguage":"es-ES","mainEntityOfPage":{"@id":"https:\/\/www.eldigitaldeasturias.com\/noticias\/los-intentos-de-alto-el-fuego-en-siria\/#webpage"},"isPartOf":{"@id":"https:\/\/www.eldigitaldeasturias.com\/noticias\/los-intentos-de-alto-el-fuego-en-siria\/#webpage"},"articleSection":"Actualidad"},{"@type":"BreadcrumbList","@id":"https:\/\/www.eldigitaldeasturias.com\/noticias\/los-intentos-de-alto-el-fuego-en-siria\/#breadcrumblist","itemListElement":[{"@type":"ListItem","@id":"https:\/\/www.eldigitaldeasturias.com\/noticias#listItem","position":1,"name":"Home","item":"https:\/\/www.eldigitaldeasturias.com\/noticias","nextItem":{"@type":"ListItem","@id":"https:\/\/www.eldigitaldeasturias.com\/noticias\/category\/actualidad\/#listItem","name":"Actualidad"}},{"@type":"ListItem","@id":"https:\/\/www.eldigitaldeasturias.com\/noticias\/category\/actualidad\/#listItem","position":2,"name":"Actualidad","item":"https:\/\/www.eldigitaldeasturias.com\/noticias\/category\/actualidad\/","nextItem":{"@type":"ListItem","@id":"https:\/\/www.eldigitaldeasturias.com\/noticias\/los-intentos-de-alto-el-fuego-en-siria\/#listItem","name":"Los intentos de alto el fuego en Siria"},"previousItem":{"@type":"ListItem","@id":"https:\/\/www.eldigitaldeasturias.com\/noticias#listItem","name":"Home"}},{"@type":"ListItem","@id":"https:\/\/www.eldigitaldeasturias.com\/noticias\/los-intentos-de-alto-el-fuego-en-siria\/#listItem","position":3,"name":"Los intentos de alto el fuego en Siria","previousItem":{"@type":"ListItem","@id":"https:\/\/www.eldigitaldeasturias.com\/noticias\/category\/actualidad\/#listItem","name":"Actualidad"}}]},{"@type":"Organization","@id":"https:\/\/www.eldigitaldeasturias.com\/noticias\/#organization","name":"El Digital de Asturias","description":"Hemeroteca","url":"https:\/\/www.eldigitaldeasturias.com\/noticias\/","email":"info@eldigitaldeasturias.com","telephone":"+34652131393","logo":{"@type":"ImageObject","url":"https:\/\/www.eldigitaldeasturias.com\/noticias\/wp-content\/uploads\/2020\/12\/EDA.jpg","@id":"https:\/\/www.eldigitaldeasturias.com\/noticias\/los-intentos-de-alto-el-fuego-en-siria\/#organizationLogo"},"image":{"@id":"https:\/\/www.eldigitaldeasturias.com\/noticias\/los-intentos-de-alto-el-fuego-en-siria\/#organizationLogo"},"sameAs":["https:\/\/facebook.com\/eldigitaldeasturias","https:\/\/www.youtube.com\/channel\/UCZP-2wLEB9Rv6erhFmqVnvg"],"address":{"@id":"https:\/\/www.eldigitaldeasturias.com\/noticias\/#postaladdress","@type":"PostalAddress","streetAddress":"san antonio 4","postalCode":"33430","addressLocality":"Cand\u00e1s","addressRegion":"Asturias","addressCountry":"ES"}},{"@type":"Person","@id":"https:\/\/www.eldigitaldeasturias.com\/noticias\/author\/admin\/#author","url":"https:\/\/www.eldigitaldeasturias.com\/noticias\/author\/admin\/","name":"El Digital de Asturias","image":{"@type":"ImageObject","@id":"https:\/\/www.eldigitaldeasturias.com\/noticias\/los-intentos-de-alto-el-fuego-en-siria\/#authorImage","url":"https:\/\/secure.gravatar.com\/avatar\/df2aeffc32bcd13f8d26072ef8a91b623d677766deac7f97ca815868cd41bf5e?s=96&d=mm&r=g","width":96,"height":96,"caption":"El Digital de Asturias"}},{"@type":"WebPage","@id":"https:\/\/www.eldigitaldeasturias.com\/noticias\/los-intentos-de-alto-el-fuego-en-siria\/#webpage","url":"https:\/\/www.eldigitaldeasturias.com\/noticias\/los-intentos-de-alto-el-fuego-en-siria\/","name":"Los intentos de alto el fuego en Siria - El Digital de Asturias","description":"El Cairo, 26 feb (dpa) - El conflicto sirio arranc\u00f3 con pac\u00edficas protestas contra el Gobierno en marzo de 2011, que fueron reprimidas brutalmente y derivaron en una brutal guerra civil que est\u00e1 a punto de cumplir siete a\u00f1os. En este tiempo han fracasado numerosos intentos diplom\u00e1ticos de poner fin al conflicto, mientras se multiplicaban","inLanguage":"es-ES","isPartOf":{"@id":"https:\/\/www.eldigitaldeasturias.com\/noticias\/#website"},"breadcrumb":{"@id":"https:\/\/www.eldigitaldeasturias.com\/noticias\/los-intentos-de-alto-el-fuego-en-siria\/#breadcrumblist"},"author":{"@id":"https:\/\/www.eldigitaldeasturias.com\/noticias\/author\/admin\/#author"},"creator":{"@id":"https:\/\/www.eldigitaldeasturias.com\/noticias\/author\/admin\/#author"},"image":{"@type":"ImageObject","url":542657,"@id":"https:\/\/www.eldigitaldeasturias.com\/noticias\/los-intentos-de-alto-el-fuego-en-siria\/#mainImage"},"primaryImageOfPage":{"@id":"https:\/\/www.eldigitaldeasturias.com\/noticias\/los-intentos-de-alto-el-fuego-en-siria\/#mainImage"},"datePublished":"2018-02-26T23:42:20+01:00","dateModified":"2018-02-26T23:42:20+01:00"},{"@type":"WebSite","@id":"https:\/\/www.eldigitaldeasturias.com\/noticias\/#website","url":"https:\/\/www.eldigitaldeasturias.com\/noticias\/","name":"El Digital de Asturias - Diario de actualidad y noticias","alternateName":"El Digital de Asturias - Diario de actualidad y noticias","description":"Hemeroteca","inLanguage":"es-ES","publisher":{"@id":"https:\/\/www.eldigitaldeasturias.com\/noticias\/#organization"}}]},"og:locale":"es_ES","og:site_name":"El Digital de Asturias","og:type":"article","og:title":"Los intentos de alto el fuego en Siria - El Digital de Asturias","og:description":"El Cairo, 26 feb (dpa) - El conflicto sirio arranc\u00f3 con pac\u00edficas protestas contra el Gobierno en marzo de 2011, que fueron reprimidas brutalmente y derivaron en una brutal guerra civil que est\u00e1 a punto de cumplir siete a\u00f1os. En este tiempo han fracasado numerosos intentos diplom\u00e1ticos de poner fin al conflicto, mientras se multiplicaban","og:url":"https:\/\/www.eldigitaldeasturias.com\/noticias\/los-intentos-de-alto-el-fuego-en-siria\/","article:tag":["actualidad"],"article:published_time":"2018-02-26T23:42:20+00:00","article:modified_time":"2018-02-26T23:42:20+00:00","article:publisher":"https:\/\/facebook.com\/eldigitaldeasturias","twitter:card":"summary_large_image","twitter:title":"Los intentos de alto el fuego en Siria - El Digital de Asturias","twitter:description":"El Cairo, 26 feb (dpa) - El conflicto sirio arranc\u00f3 con pac\u00edficas protestas contra el Gobierno en marzo de 2011, que fueron reprimidas brutalmente y derivaron en una brutal guerra civil que est\u00e1 a punto de cumplir siete a\u00f1os. En este tiempo han fracasado numerosos intentos diplom\u00e1ticos de poner fin al conflicto, mientras se multiplicaban","twitter:image":"https:\/\/www.eldigitaldeasturias.com\/noticias\/wp-content\/uploads\/2020\/12\/EDA-1.jpg","twitter:label1":"Escrito por","twitter:data1":"El Digital de Asturias","twitter:label2":"Tiempo de lectura estimado","twitter:data2":"4 minutos"},"aioseo_meta_data":{"post_id":"970424","title":null,"description":null,"keywords":null,"keyphrases":null,"primary_term":null,"canonical_url":null,"og_title":null,"og_description":null,"og_object_type":"default","og_image_type":"default","og_image_url":null,"og_image_width":null,"og_image_height":null,"og_image_custom_url":null,"og_image_custom_fields":null,"og_video":null,"og_custom_url":null,"og_article_section":null,"og_article_tags":null,"twitter_use_og":false,"twitter_card":"default","twitter_image_type":"default","twitter_image_url":null,"twitter_image_custom_url":null,"twitter_image_custom_fields":null,"twitter_title":null,"twitter_description":null,"schema":{"blockGraphs":[],"customGraphs":[],"default":{"data":{"Article":[],"Course":[],"Dataset":[],"FAQPage":[],"Movie":[],"Person":[],"Product":[],"ProductReview":[],"Car":[],"Recipe":[],"Service":[],"SoftwareApplication":[],"WebPage":[]},"graphName":"","isEnabled":true},"graphs":[],"defaultGraph":"","defaultPostTypeGraph":""},"schema_type":null,"schema_type_options":null,"pillar_content":false,"robots_default":true,"robots_noindex":false,"robots_noarchive":false,"robots_nosnippet":false,"robots_nofollow":false,"robots_noimageindex":false,"robots_noodp":false,"robots_notranslate":false,"robots_max_snippet":null,"robots_max_videopreview":null,"robots_max_imagepreview":"large","priority":null,"frequency":null,"local_seo":null,"seo_analyzer_scan_date":"2025-10-07 05:31:10","breadcrumb_settings":null,"limit_modified_date":false,"open_ai":null,"ai":null,"created":"2020-12-21 12:24:37","updated":"2025-10-07 05:31:10","focus_keyword":null,"additional_keywords":null,"truseo_locale":null},"aioseo_breadcrumb":"<div class=\"aioseo-breadcrumbs\"><span class=\"aioseo-breadcrumb\">\n\t<a href=\"https:\/\/www.eldigitaldeasturias.com\/noticias\" title=\"Home\">Home<\/a>\n<\/span><span class=\"aioseo-breadcrumb-separator\">\u2013<\/span><span class=\"aioseo-breadcrumb\">\n\t<a href=\"https:\/\/www.eldigitaldeasturias.com\/noticias\/category\/actualidad\/\" title=\"Actualidad\">Actualidad<\/a>\n<\/span><span class=\"aioseo-breadcrumb-separator\">\u2013<\/span><span class=\"aioseo-breadcrumb\">\n\t<a href=\"https:\/\/www.eldigitaldeasturias.com\/noticias\/los-intentos-de-alto-el-fuego-en-siria\/\" title=\"Los intentos de alto el fuego en Siria\">Los intentos de alto el fuego en Siria<\/a>\n<\/span><\/div>","aioseo_breadcrumb_json":[{"label":"Home","link":"https:\/\/www.eldigitaldeasturias.com\/noticias"},{"label":"Actualidad","link":"https:\/\/www.eldigitaldeasturias.com\/noticias\/category\/actualidad\/"},{"label":"Los intentos de alto el fuego en Siria","link":"https:\/\/www.eldigitaldeasturias.com\/noticias\/los-intentos-de-alto-el-fuego-en-siria\/"}],"_links":{"self":[{"href":"https:\/\/www.eldigitaldeasturias.com\/noticias\/wp-json\/wp\/v2\/posts\/970424","targetHints":{"allow":["GET"]}}],"collection":[{"href":"https:\/\/www.eldigitaldeasturias.com\/noticias\/wp-json\/wp\/v2\/posts"}],"about":[{"href":"https:\/\/www.eldigitaldeasturias.com\/noticias\/wp-json\/wp\/v2\/types\/post"}],"author":[{"embeddable":true,"href":"https:\/\/www.eldigitaldeasturias.com\/noticias\/wp-json\/wp\/v2\/users\/1"}],"replies":[{"embeddable":true,"href":"https:\/\/www.eldigitaldeasturias.com\/noticias\/wp-json\/wp\/v2\/comments?post=970424"}],"version-history":[{"count":0,"href":"https:\/\/www.eldigitaldeasturias.com\/noticias\/wp-json\/wp\/v2\/posts\/970424\/revisions"}],"wp:attachment":[{"href":"https:\/\/www.eldigitaldeasturias.com\/noticias\/wp-json\/wp\/v2\/media?parent=970424"}],"wp:term":[{"taxonomy":"category","embeddable":true,"href":"https:\/\/www.eldigitaldeasturias.com\/noticias\/wp-json\/wp\/v2\/categories?post=970424"},{"taxonomy":"post_tag","embeddable":true,"href":"https:\/\/www.eldigitaldeasturias.com\/noticias\/wp-json\/wp\/v2\/tags?post=970424"}],"curies":[{"name":"wp","href":"https:\/\/api.w.org\/{rel}","templated":true}]}}