{"id":970402,"date":"2018-02-26T17:49:19","date_gmt":"2018-02-26T17:49:19","guid":{"rendered":"http:\/\/www.eldigitaldeasturias.com\/noticias\/?p=970402"},"modified":"2018-02-26T17:49:19","modified_gmt":"2018-02-26T17:49:19","slug":"la-dgt-se-suma-a-la-campana-de-tispol-de-camiones-y-autobuses","status":"publish","type":"post","link":"https:\/\/www.eldigitaldeasturias.com\/noticias\/la-dgt-se-suma-a-la-campana-de-tispol-de-camiones-y-autobuses\/","title":{"rendered":"La DGT se suma a la campa\u00f1a de Tispol de camiones y autobuses"},"content":{"rendered":"<p><img loading=\"lazy\" decoding=\"async\" class=\"alignleft size-medium wp-image-773873\" src=\"https:\/\/www.eldigitaldeasturias.com\/noticias\/wp-content\/uploads\/2015\/03\/carretera-360x239.jpg\" alt=\"\" width=\"360\" height=\"239\" \/>La Direcci\u00f3n General de Tr\u00e1fico, a trav\u00e9s de la Agrupaci\u00f3n de Tr\u00e1fico de la Guardia Civil se suma a la campa\u00f1a de control de veh\u00edculos destinados al transporte de mercanc\u00edas y personas (Operaci\u00f3n Truck and Bus) que la organizaci\u00f3n Internacional de Polic\u00edas de Tr\u00e1fico (TISPOL) pone en marcha desde hoy y hasta el 4 de marzo.<\/p>\n<p>La campa\u00f1a tiene como objetivo controlar a estos dos tipos de veh\u00edculos (autobuses y camiones) que en 2016 estuvieron involucrados en un 11% de los accidentes con v\u00edctimas.<\/p>\n<p>Durante una semana, los agentes de la Agrupaci\u00f3n de Tr\u00e1fico de la Guardia Civil, incidir\u00e1n en la vigilancia y control de aspectos tales como la velocidad a la que circulan, las horas de conducci\u00f3n y descanso, el tac\u00f3grafo, el exceso de peso, los posibles defectos t\u00e9cnicos del veh\u00edculo o la seguridad de la carga transportada. Tambi\u00e9n comprobar\u00e1n que la documentaci\u00f3n del veh\u00edculo y del conductor es la correcta, que la conducci\u00f3n no se realiza bajo los efectos de alcohol u otras drogas o que todos los ocupantes del veh\u00edculo hacen uso del cintur\u00f3n de seguridad.<\/p>\n<p>La vigilancia se realizar\u00e1 en toda clase de v\u00edas y a cualquier hora del d\u00eda, especialmente en aquellas carreteras en que la intensidad de la circulaci\u00f3n de este tipo de veh\u00edculos es mayor.<\/p>\n<p>Seg\u00fan Gregorio Serrano, director de Tr\u00e1fico \u201cLa realizaci\u00f3n de este tipo de campa\u00f1as, simult\u00e1neamente, por las distintas polic\u00edas de tr\u00e1fico europeas demuestra que las preocupaciones por la seguridad vial son las mismas. Adem\u00e1s ha a\u00f1adido que \u201cla importancia que tiene el transporte de mercanc\u00edas y de personas por carretera, hace necesaria una vigilancia especial, si se tiene en cuanta que ambos tipos de veh\u00edculos son de dimensiones mayores al resto y que en caso de accidente son mucho m\u00e1s lesivos\u201d<\/p>\n<p><strong>SINIESTRALIDAD DE CAMIONES Y BUSES EN ESPA\u00d1A<\/strong><\/p>\n<p>En 2016, camiones de m\u00e1s de 3.500 kg de masa m\u00e1xima autorizada y autobuses se vieron implicados en 6.283 accidentes con v\u00edctimas, en los que fallecieron 348 personas, ocupantes de dichos veh\u00edculos o de terceros, es decir, personas que viajaban en el momento del accidente en otro veh\u00edculo distinto al cami\u00f3n o bus que se vio implicado en el accidente.<\/p>\n<p>La mayor\u00eda de los accidentes con v\u00edctimas y fallecidos en los que estaba implicado un cami\u00f3n tuvo lugar en v\u00edas interurbanas, situaci\u00f3n contraria en el caso de que el veh\u00edculo implicado fuera un autob\u00fas, donde el mayor n\u00famero de accidentes se produjeron en v\u00edas urbanas.<\/p>\n<p>La distracci\u00f3n es una de las principales causas de la accidentalidad en este tipo de veh\u00edculos.<\/p>\n<p>Con el objetivo de mejorar la seguridad val del transporte por carretera la Direcci\u00f3n General de Tr\u00e1fico comunica a la Direcci\u00f3n General de Transporte Terrestre las sanciones cometidas por conductores profesionales reincidentes para que realice las investigaciones pertinentes sobre las empresas para la que trabajan y estudiar la posibilidad de que las empresas que incurran en las faltas m\u00e1s graves pierdan la capacidad para operar en el mercado.<\/p>\n<p>Otra de las medidas adoptadas para reducir la siniestralidad de este tipo de veh\u00edculos es la discriminaci\u00f3n que hacen los radares por tipo de veh\u00edculo que ha cometido la infracci\u00f3n para sancionar en funci\u00f3n de la limitaci\u00f3n espec\u00edfica aplicable a cada uno.<\/p>\n","protected":false},"excerpt":{"rendered":"<p>La Direcci\u00f3n General de Tr\u00e1fico, a trav\u00e9s de la Agrupaci\u00f3n de Tr\u00e1fico de la Guardia Civil se suma a la campa\u00f1a de control de veh\u00edculos destinados al transporte de mercanc\u00edas y personas (Operaci\u00f3n Truck and Bus) que la organizaci\u00f3n Internacional de Polic\u00edas de Tr\u00e1fico (TISPOL) pone en marcha desde hoy y hasta el 4 de [&hellip;]<\/p>\n","protected":false},"author":1,"featured_media":773873,"comment_status":"closed","ping_status":"closed","sticky":false,"template":"","format":"standard","meta":{"footnotes":""},"categories":[1],"tags":[],"class_list":["post-970402","post","type-post","status-publish","format-standard","has-post-thumbnail","hentry","category-actualidad"],"aioseo_notices":[],"aioseo_head":"\n\t\t<!-- All in One SEO Pro 5.0.1 - aioseo.com -->\n\t<meta name=\"description\" content=\"La Direcci\u00f3n General de Tr\u00e1fico, a trav\u00e9s de la Agrupaci\u00f3n de Tr\u00e1fico de la Guardia Civil se suma a la campa\u00f1a de control de veh\u00edculos destinados al transporte de mercanc\u00edas y personas (Operaci\u00f3n Truck and Bus) que la organizaci\u00f3n Internacional de Polic\u00edas de Tr\u00e1fico (TISPOL) pone en marcha desde hoy y hasta el 4 de\" \/>\n\t<meta name=\"robots\" content=\"max-image-preview:large\" \/>\n\t<meta name=\"author\" content=\"El Digital de Asturias\"\/>\n\t<meta name=\"google-site-verification\" content=\"UA-38556648-1\" \/>\n\t<meta name=\"msvalidate.01\" content=\"7dfe9f3f1b24437ab69f4f2559babe99\" \/>\n\t<meta name=\"keywords\" content=\"actualidad\" \/>\n\t<link rel=\"canonical\" href=\"https:\/\/www.eldigitaldeasturias.com\/noticias\/la-dgt-se-suma-a-la-campana-de-tispol-de-camiones-y-autobuses\/\" \/>\n\t<meta name=\"generator\" content=\"All in One SEO Pro (AIOSEO) 5.0.1\" \/>\n\t\t<meta property=\"og:locale\" content=\"es_ES\" \/>\n\t\t<meta property=\"og:site_name\" content=\"El Digital de Asturias\" \/>\n\t\t<meta property=\"og:type\" content=\"article\" \/>\n\t\t<meta property=\"og:title\" content=\"La DGT se suma a la campa\u00f1a de Tispol de camiones y autobuses - El Digital de Asturias\" \/>\n\t\t<meta property=\"og:description\" content=\"La Direcci\u00f3n General de Tr\u00e1fico, a trav\u00e9s de la Agrupaci\u00f3n de Tr\u00e1fico de la Guardia Civil se suma a la campa\u00f1a de control de veh\u00edculos destinados al transporte de mercanc\u00edas y personas (Operaci\u00f3n Truck and Bus) que la organizaci\u00f3n Internacional de Polic\u00edas de Tr\u00e1fico (TISPOL) pone en marcha desde hoy y hasta el 4 de\" \/>\n\t\t<meta property=\"og:url\" content=\"https:\/\/www.eldigitaldeasturias.com\/noticias\/la-dgt-se-suma-a-la-campana-de-tispol-de-camiones-y-autobuses\/\" \/>\n\t\t<meta property=\"article:tag\" content=\"actualidad\" \/>\n\t\t<meta property=\"article:published_time\" content=\"2018-02-26T17:49:19+00:00\" \/>\n\t\t<meta property=\"article:modified_time\" content=\"2018-02-26T17:49:19+00:00\" \/>\n\t\t<meta property=\"article:publisher\" content=\"https:\/\/facebook.com\/eldigitaldeasturias\" \/>\n\t\t<meta name=\"twitter:card\" content=\"summary_large_image\" \/>\n\t\t<meta name=\"twitter:title\" content=\"La DGT se suma a la campa\u00f1a de Tispol de camiones y autobuses - El Digital de Asturias\" \/>\n\t\t<meta name=\"twitter:description\" content=\"La Direcci\u00f3n General de Tr\u00e1fico, a trav\u00e9s de la Agrupaci\u00f3n de Tr\u00e1fico de la Guardia Civil se suma a la campa\u00f1a de control de veh\u00edculos destinados al transporte de mercanc\u00edas y personas (Operaci\u00f3n Truck and Bus) que la organizaci\u00f3n Internacional de Polic\u00edas de Tr\u00e1fico (TISPOL) pone en marcha desde hoy y hasta el 4 de\" \/>\n\t\t<meta name=\"twitter:image\" content=\"https:\/\/www.eldigitaldeasturias.com\/noticias\/wp-content\/uploads\/2020\/12\/EDA-1.jpg\" \/>\n\t\t<meta name=\"twitter:label1\" content=\"Escrito por\" \/>\n\t\t<meta name=\"twitter:data1\" content=\"El Digital de Asturias\" \/>\n\t\t<meta name=\"twitter:label2\" content=\"Tiempo de lectura estimado\" \/>\n\t\t<meta name=\"twitter:data2\" content=\"3 minutos\" \/>\n\t\t<script type=\"application\/ld+json\" class=\"aioseo-schema\">\n\t\t\t{\"@context\":\"https:\\\/\\\/schema.org\",\"@graph\":[{\"@type\":\"BlogPosting\",\"@id\":\"https:\\\/\\\/www.eldigitaldeasturias.com\\\/noticias\\\/la-dgt-se-suma-a-la-campana-de-tispol-de-camiones-y-autobuses\\\/#blogposting\",\"name\":\"La DGT se suma a la campa\\u00f1a de Tispol de camiones y autobuses - El Digital de Asturias\",\"headline\":\"La DGT se suma a la campa\\u00f1a de Tispol de camiones y autobuses\",\"author\":{\"@id\":\"https:\\\/\\\/www.eldigitaldeasturias.com\\\/noticias\\\/author\\\/admin\\\/#author\"},\"publisher\":{\"@id\":\"https:\\\/\\\/www.eldigitaldeasturias.com\\\/noticias\\\/#organization\"},\"image\":{\"@type\":\"ImageObject\",\"url\":773873},\"datePublished\":\"2018-02-26T17:49:19+01:00\",\"dateModified\":\"2018-02-26T17:49:19+01:00\",\"inLanguage\":\"es-ES\",\"mainEntityOfPage\":{\"@id\":\"https:\\\/\\\/www.eldigitaldeasturias.com\\\/noticias\\\/la-dgt-se-suma-a-la-campana-de-tispol-de-camiones-y-autobuses\\\/#webpage\"},\"isPartOf\":{\"@id\":\"https:\\\/\\\/www.eldigitaldeasturias.com\\\/noticias\\\/la-dgt-se-suma-a-la-campana-de-tispol-de-camiones-y-autobuses\\\/#webpage\"},\"articleSection\":\"Actualidad\"},{\"@type\":\"BreadcrumbList\",\"@id\":\"https:\\\/\\\/www.eldigitaldeasturias.com\\\/noticias\\\/la-dgt-se-suma-a-la-campana-de-tispol-de-camiones-y-autobuses\\\/#breadcrumblist\",\"itemListElement\":[{\"@type\":\"ListItem\",\"@id\":\"https:\\\/\\\/www.eldigitaldeasturias.com\\\/noticias#listItem\",\"position\":1,\"name\":\"Home\",\"item\":\"https:\\\/\\\/www.eldigitaldeasturias.com\\\/noticias\",\"nextItem\":{\"@type\":\"ListItem\",\"@id\":\"https:\\\/\\\/www.eldigitaldeasturias.com\\\/noticias\\\/category\\\/actualidad\\\/#listItem\",\"name\":\"Actualidad\"}},{\"@type\":\"ListItem\",\"@id\":\"https:\\\/\\\/www.eldigitaldeasturias.com\\\/noticias\\\/category\\\/actualidad\\\/#listItem\",\"position\":2,\"name\":\"Actualidad\",\"item\":\"https:\\\/\\\/www.eldigitaldeasturias.com\\\/noticias\\\/category\\\/actualidad\\\/\",\"nextItem\":{\"@type\":\"ListItem\",\"@id\":\"https:\\\/\\\/www.eldigitaldeasturias.com\\\/noticias\\\/la-dgt-se-suma-a-la-campana-de-tispol-de-camiones-y-autobuses\\\/#listItem\",\"name\":\"La DGT se suma a la campa\\u00f1a de Tispol de camiones y autobuses\"},\"previousItem\":{\"@type\":\"ListItem\",\"@id\":\"https:\\\/\\\/www.eldigitaldeasturias.com\\\/noticias#listItem\",\"name\":\"Home\"}},{\"@type\":\"ListItem\",\"@id\":\"https:\\\/\\\/www.eldigitaldeasturias.com\\\/noticias\\\/la-dgt-se-suma-a-la-campana-de-tispol-de-camiones-y-autobuses\\\/#listItem\",\"position\":3,\"name\":\"La DGT se suma a la campa\\u00f1a de Tispol de camiones y autobuses\",\"previousItem\":{\"@type\":\"ListItem\",\"@id\":\"https:\\\/\\\/www.eldigitaldeasturias.com\\\/noticias\\\/category\\\/actualidad\\\/#listItem\",\"name\":\"Actualidad\"}}]},{\"@type\":\"Organization\",\"@id\":\"https:\\\/\\\/www.eldigitaldeasturias.com\\\/noticias\\\/#organization\",\"name\":\"El Digital de Asturias\",\"description\":\"Hemeroteca\",\"url\":\"https:\\\/\\\/www.eldigitaldeasturias.com\\\/noticias\\\/\",\"email\":\"info@eldigitaldeasturias.com\",\"telephone\":\"+34652131393\",\"logo\":{\"@type\":\"ImageObject\",\"url\":\"https:\\\/\\\/www.eldigitaldeasturias.com\\\/noticias\\\/wp-content\\\/uploads\\\/2020\\\/12\\\/EDA.jpg\",\"@id\":\"https:\\\/\\\/www.eldigitaldeasturias.com\\\/noticias\\\/la-dgt-se-suma-a-la-campana-de-tispol-de-camiones-y-autobuses\\\/#organizationLogo\"},\"image\":{\"@id\":\"https:\\\/\\\/www.eldigitaldeasturias.com\\\/noticias\\\/la-dgt-se-suma-a-la-campana-de-tispol-de-camiones-y-autobuses\\\/#organizationLogo\"},\"sameAs\":[\"https:\\\/\\\/facebook.com\\\/eldigitaldeasturias\",\"https:\\\/\\\/www.youtube.com\\\/channel\\\/UCZP-2wLEB9Rv6erhFmqVnvg\"],\"address\":{\"@id\":\"https:\\\/\\\/www.eldigitaldeasturias.com\\\/noticias\\\/#postaladdress\",\"@type\":\"PostalAddress\",\"streetAddress\":\"san antonio 4\",\"postalCode\":\"33430\",\"addressLocality\":\"Cand\\u00e1s\",\"addressRegion\":\"Asturias\",\"addressCountry\":\"ES\"}},{\"@type\":\"Person\",\"@id\":\"https:\\\/\\\/www.eldigitaldeasturias.com\\\/noticias\\\/author\\\/admin\\\/#author\",\"url\":\"https:\\\/\\\/www.eldigitaldeasturias.com\\\/noticias\\\/author\\\/admin\\\/\",\"name\":\"El Digital de Asturias\",\"image\":{\"@type\":\"ImageObject\",\"@id\":\"https:\\\/\\\/www.eldigitaldeasturias.com\\\/noticias\\\/la-dgt-se-suma-a-la-campana-de-tispol-de-camiones-y-autobuses\\\/#authorImage\",\"url\":\"https:\\\/\\\/secure.gravatar.com\\\/avatar\\\/df2aeffc32bcd13f8d26072ef8a91b623d677766deac7f97ca815868cd41bf5e?s=96&d=mm&r=g\",\"width\":96,\"height\":96,\"caption\":\"El Digital de Asturias\"}},{\"@type\":\"WebPage\",\"@id\":\"https:\\\/\\\/www.eldigitaldeasturias.com\\\/noticias\\\/la-dgt-se-suma-a-la-campana-de-tispol-de-camiones-y-autobuses\\\/#webpage\",\"url\":\"https:\\\/\\\/www.eldigitaldeasturias.com\\\/noticias\\\/la-dgt-se-suma-a-la-campana-de-tispol-de-camiones-y-autobuses\\\/\",\"name\":\"La DGT se suma a la campa\\u00f1a de Tispol de camiones y autobuses - El Digital de Asturias\",\"description\":\"La Direcci\\u00f3n General de Tr\\u00e1fico, a trav\\u00e9s de la Agrupaci\\u00f3n de Tr\\u00e1fico de la Guardia Civil se suma a la campa\\u00f1a de control de veh\\u00edculos destinados al transporte de mercanc\\u00edas y personas (Operaci\\u00f3n Truck and Bus) que la organizaci\\u00f3n Internacional de Polic\\u00edas de Tr\\u00e1fico (TISPOL) pone en marcha desde hoy y hasta el 4 de\",\"inLanguage\":\"es-ES\",\"isPartOf\":{\"@id\":\"https:\\\/\\\/www.eldigitaldeasturias.com\\\/noticias\\\/#website\"},\"breadcrumb\":{\"@id\":\"https:\\\/\\\/www.eldigitaldeasturias.com\\\/noticias\\\/la-dgt-se-suma-a-la-campana-de-tispol-de-camiones-y-autobuses\\\/#breadcrumblist\"},\"author\":{\"@id\":\"https:\\\/\\\/www.eldigitaldeasturias.com\\\/noticias\\\/author\\\/admin\\\/#author\"},\"creator\":{\"@id\":\"https:\\\/\\\/www.eldigitaldeasturias.com\\\/noticias\\\/author\\\/admin\\\/#author\"},\"image\":{\"@type\":\"ImageObject\",\"url\":773873,\"@id\":\"https:\\\/\\\/www.eldigitaldeasturias.com\\\/noticias\\\/la-dgt-se-suma-a-la-campana-de-tispol-de-camiones-y-autobuses\\\/#mainImage\"},\"primaryImageOfPage\":{\"@id\":\"https:\\\/\\\/www.eldigitaldeasturias.com\\\/noticias\\\/la-dgt-se-suma-a-la-campana-de-tispol-de-camiones-y-autobuses\\\/#mainImage\"},\"datePublished\":\"2018-02-26T17:49:19+01:00\",\"dateModified\":\"2018-02-26T17:49:19+01:00\"},{\"@type\":\"WebSite\",\"@id\":\"https:\\\/\\\/www.eldigitaldeasturias.com\\\/noticias\\\/#website\",\"url\":\"https:\\\/\\\/www.eldigitaldeasturias.com\\\/noticias\\\/\",\"name\":\"El Digital de Asturias - Diario de actualidad y noticias\",\"alternateName\":\"El Digital de Asturias - Diario de actualidad y noticias\",\"description\":\"Hemeroteca\",\"inLanguage\":\"es-ES\",\"publisher\":{\"@id\":\"https:\\\/\\\/www.eldigitaldeasturias.com\\\/noticias\\\/#organization\"}}]}\n\t\t<\/script>\n\t\t<!-- All in One SEO Pro -->\r\n\t\t<title>La DGT se suma a la campa\u00f1a de Tispol de camiones y autobuses - El Digital de Asturias<\/title>\n\n","aioseo_head_json":{"title":"La DGT se suma a la campa\u00f1a de Tispol de camiones y autobuses - El Digital de Asturias","description":"La Direcci\u00f3n General de Tr\u00e1fico, a trav\u00e9s de la Agrupaci\u00f3n de Tr\u00e1fico de la Guardia Civil se suma a la campa\u00f1a de control de veh\u00edculos destinados al transporte de mercanc\u00edas y personas (Operaci\u00f3n Truck and Bus) que la organizaci\u00f3n Internacional de Polic\u00edas de Tr\u00e1fico (TISPOL) pone en marcha desde hoy y hasta el 4 de","canonical_url":"https:\/\/www.eldigitaldeasturias.com\/noticias\/la-dgt-se-suma-a-la-campana-de-tispol-de-camiones-y-autobuses\/","robots":"max-image-preview:large","keywords":"actualidad","webmasterTools":{"google-site-verification":"UA-38556648-1","msvalidate.01":"7dfe9f3f1b24437ab69f4f2559babe99","miscellaneous":""},"schema":{"@context":"https:\/\/schema.org","@graph":[{"@type":"BlogPosting","@id":"https:\/\/www.eldigitaldeasturias.com\/noticias\/la-dgt-se-suma-a-la-campana-de-tispol-de-camiones-y-autobuses\/#blogposting","name":"La DGT se suma a la campa\u00f1a de Tispol de camiones y autobuses - El Digital de Asturias","headline":"La DGT se suma a la campa\u00f1a de Tispol de camiones y autobuses","author":{"@id":"https:\/\/www.eldigitaldeasturias.com\/noticias\/author\/admin\/#author"},"publisher":{"@id":"https:\/\/www.eldigitaldeasturias.com\/noticias\/#organization"},"image":{"@type":"ImageObject","url":773873},"datePublished":"2018-02-26T17:49:19+01:00","dateModified":"2018-02-26T17:49:19+01:00","inLanguage":"es-ES","mainEntityOfPage":{"@id":"https:\/\/www.eldigitaldeasturias.com\/noticias\/la-dgt-se-suma-a-la-campana-de-tispol-de-camiones-y-autobuses\/#webpage"},"isPartOf":{"@id":"https:\/\/www.eldigitaldeasturias.com\/noticias\/la-dgt-se-suma-a-la-campana-de-tispol-de-camiones-y-autobuses\/#webpage"},"articleSection":"Actualidad"},{"@type":"BreadcrumbList","@id":"https:\/\/www.eldigitaldeasturias.com\/noticias\/la-dgt-se-suma-a-la-campana-de-tispol-de-camiones-y-autobuses\/#breadcrumblist","itemListElement":[{"@type":"ListItem","@id":"https:\/\/www.eldigitaldeasturias.com\/noticias#listItem","position":1,"name":"Home","item":"https:\/\/www.eldigitaldeasturias.com\/noticias","nextItem":{"@type":"ListItem","@id":"https:\/\/www.eldigitaldeasturias.com\/noticias\/category\/actualidad\/#listItem","name":"Actualidad"}},{"@type":"ListItem","@id":"https:\/\/www.eldigitaldeasturias.com\/noticias\/category\/actualidad\/#listItem","position":2,"name":"Actualidad","item":"https:\/\/www.eldigitaldeasturias.com\/noticias\/category\/actualidad\/","nextItem":{"@type":"ListItem","@id":"https:\/\/www.eldigitaldeasturias.com\/noticias\/la-dgt-se-suma-a-la-campana-de-tispol-de-camiones-y-autobuses\/#listItem","name":"La DGT se suma a la campa\u00f1a de Tispol de camiones y autobuses"},"previousItem":{"@type":"ListItem","@id":"https:\/\/www.eldigitaldeasturias.com\/noticias#listItem","name":"Home"}},{"@type":"ListItem","@id":"https:\/\/www.eldigitaldeasturias.com\/noticias\/la-dgt-se-suma-a-la-campana-de-tispol-de-camiones-y-autobuses\/#listItem","position":3,"name":"La DGT se suma a la campa\u00f1a de Tispol de camiones y autobuses","previousItem":{"@type":"ListItem","@id":"https:\/\/www.eldigitaldeasturias.com\/noticias\/category\/actualidad\/#listItem","name":"Actualidad"}}]},{"@type":"Organization","@id":"https:\/\/www.eldigitaldeasturias.com\/noticias\/#organization","name":"El Digital de Asturias","description":"Hemeroteca","url":"https:\/\/www.eldigitaldeasturias.com\/noticias\/","email":"info@eldigitaldeasturias.com","telephone":"+34652131393","logo":{"@type":"ImageObject","url":"https:\/\/www.eldigitaldeasturias.com\/noticias\/wp-content\/uploads\/2020\/12\/EDA.jpg","@id":"https:\/\/www.eldigitaldeasturias.com\/noticias\/la-dgt-se-suma-a-la-campana-de-tispol-de-camiones-y-autobuses\/#organizationLogo"},"image":{"@id":"https:\/\/www.eldigitaldeasturias.com\/noticias\/la-dgt-se-suma-a-la-campana-de-tispol-de-camiones-y-autobuses\/#organizationLogo"},"sameAs":["https:\/\/facebook.com\/eldigitaldeasturias","https:\/\/www.youtube.com\/channel\/UCZP-2wLEB9Rv6erhFmqVnvg"],"address":{"@id":"https:\/\/www.eldigitaldeasturias.com\/noticias\/#postaladdress","@type":"PostalAddress","streetAddress":"san antonio 4","postalCode":"33430","addressLocality":"Cand\u00e1s","addressRegion":"Asturias","addressCountry":"ES"}},{"@type":"Person","@id":"https:\/\/www.eldigitaldeasturias.com\/noticias\/author\/admin\/#author","url":"https:\/\/www.eldigitaldeasturias.com\/noticias\/author\/admin\/","name":"El Digital de Asturias","image":{"@type":"ImageObject","@id":"https:\/\/www.eldigitaldeasturias.com\/noticias\/la-dgt-se-suma-a-la-campana-de-tispol-de-camiones-y-autobuses\/#authorImage","url":"https:\/\/secure.gravatar.com\/avatar\/df2aeffc32bcd13f8d26072ef8a91b623d677766deac7f97ca815868cd41bf5e?s=96&d=mm&r=g","width":96,"height":96,"caption":"El Digital de Asturias"}},{"@type":"WebPage","@id":"https:\/\/www.eldigitaldeasturias.com\/noticias\/la-dgt-se-suma-a-la-campana-de-tispol-de-camiones-y-autobuses\/#webpage","url":"https:\/\/www.eldigitaldeasturias.com\/noticias\/la-dgt-se-suma-a-la-campana-de-tispol-de-camiones-y-autobuses\/","name":"La DGT se suma a la campa\u00f1a de Tispol de camiones y autobuses - El Digital de Asturias","description":"La Direcci\u00f3n General de Tr\u00e1fico, a trav\u00e9s de la Agrupaci\u00f3n de Tr\u00e1fico de la Guardia Civil se suma a la campa\u00f1a de control de veh\u00edculos destinados al transporte de mercanc\u00edas y personas (Operaci\u00f3n Truck and Bus) que la organizaci\u00f3n Internacional de Polic\u00edas de Tr\u00e1fico (TISPOL) pone en marcha desde hoy y hasta el 4 de","inLanguage":"es-ES","isPartOf":{"@id":"https:\/\/www.eldigitaldeasturias.com\/noticias\/#website"},"breadcrumb":{"@id":"https:\/\/www.eldigitaldeasturias.com\/noticias\/la-dgt-se-suma-a-la-campana-de-tispol-de-camiones-y-autobuses\/#breadcrumblist"},"author":{"@id":"https:\/\/www.eldigitaldeasturias.com\/noticias\/author\/admin\/#author"},"creator":{"@id":"https:\/\/www.eldigitaldeasturias.com\/noticias\/author\/admin\/#author"},"image":{"@type":"ImageObject","url":773873,"@id":"https:\/\/www.eldigitaldeasturias.com\/noticias\/la-dgt-se-suma-a-la-campana-de-tispol-de-camiones-y-autobuses\/#mainImage"},"primaryImageOfPage":{"@id":"https:\/\/www.eldigitaldeasturias.com\/noticias\/la-dgt-se-suma-a-la-campana-de-tispol-de-camiones-y-autobuses\/#mainImage"},"datePublished":"2018-02-26T17:49:19+01:00","dateModified":"2018-02-26T17:49:19+01:00"},{"@type":"WebSite","@id":"https:\/\/www.eldigitaldeasturias.com\/noticias\/#website","url":"https:\/\/www.eldigitaldeasturias.com\/noticias\/","name":"El Digital de Asturias - Diario de actualidad y noticias","alternateName":"El Digital de Asturias - Diario de actualidad y noticias","description":"Hemeroteca","inLanguage":"es-ES","publisher":{"@id":"https:\/\/www.eldigitaldeasturias.com\/noticias\/#organization"}}]},"og:locale":"es_ES","og:site_name":"El Digital de Asturias","og:type":"article","og:title":"La DGT se suma a la campa\u00f1a de Tispol de camiones y autobuses - El Digital de Asturias","og:description":"La Direcci\u00f3n General de Tr\u00e1fico, a trav\u00e9s de la Agrupaci\u00f3n de Tr\u00e1fico de la Guardia Civil se suma a la campa\u00f1a de control de veh\u00edculos destinados al transporte de mercanc\u00edas y personas (Operaci\u00f3n Truck and Bus) que la organizaci\u00f3n Internacional de Polic\u00edas de Tr\u00e1fico (TISPOL) pone en marcha desde hoy y hasta el 4 de","og:url":"https:\/\/www.eldigitaldeasturias.com\/noticias\/la-dgt-se-suma-a-la-campana-de-tispol-de-camiones-y-autobuses\/","article:tag":["actualidad"],"article:published_time":"2018-02-26T17:49:19+00:00","article:modified_time":"2018-02-26T17:49:19+00:00","article:publisher":"https:\/\/facebook.com\/eldigitaldeasturias","twitter:card":"summary_large_image","twitter:title":"La DGT se suma a la campa\u00f1a de Tispol de camiones y autobuses - El Digital de Asturias","twitter:description":"La Direcci\u00f3n General de Tr\u00e1fico, a trav\u00e9s de la Agrupaci\u00f3n de Tr\u00e1fico de la Guardia Civil se suma a la campa\u00f1a de control de veh\u00edculos destinados al transporte de mercanc\u00edas y personas (Operaci\u00f3n Truck and Bus) que la organizaci\u00f3n Internacional de Polic\u00edas de Tr\u00e1fico (TISPOL) pone en marcha desde hoy y hasta el 4 de","twitter:image":"https:\/\/www.eldigitaldeasturias.com\/noticias\/wp-content\/uploads\/2020\/12\/EDA-1.jpg","twitter:label1":"Escrito por","twitter:data1":"El Digital de Asturias","twitter:label2":"Tiempo de lectura estimado","twitter:data2":"3 minutos"},"aioseo_meta_data":{"post_id":"970402","title":null,"description":null,"keywords":null,"keyphrases":null,"primary_term":null,"canonical_url":null,"og_title":null,"og_description":null,"og_object_type":"default","og_image_type":"default","og_image_url":null,"og_image_width":null,"og_image_height":null,"og_image_custom_url":null,"og_image_custom_fields":null,"og_video":null,"og_custom_url":null,"og_article_section":null,"og_article_tags":null,"twitter_use_og":false,"twitter_card":"default","twitter_image_type":"default","twitter_image_url":null,"twitter_image_custom_url":null,"twitter_image_custom_fields":null,"twitter_title":null,"twitter_description":null,"schema":{"blockGraphs":[],"customGraphs":[],"default":{"data":{"Article":[],"Course":[],"Dataset":[],"FAQPage":[],"Movie":[],"Person":[],"Product":[],"ProductReview":[],"Car":[],"Recipe":[],"Service":[],"SoftwareApplication":[],"WebPage":[]},"graphName":"","isEnabled":true},"graphs":[],"defaultGraph":"","defaultPostTypeGraph":""},"schema_type":null,"schema_type_options":null,"pillar_content":false,"robots_default":true,"robots_noindex":false,"robots_noarchive":false,"robots_nosnippet":false,"robots_nofollow":false,"robots_noimageindex":false,"robots_noodp":false,"robots_notranslate":false,"robots_max_snippet":null,"robots_max_videopreview":null,"robots_max_imagepreview":"large","priority":null,"frequency":null,"local_seo":null,"seo_analyzer_scan_date":"2025-10-07 05:27:04","breadcrumb_settings":null,"limit_modified_date":false,"open_ai":null,"ai":null,"created":"2020-12-21 12:24:37","updated":"2025-10-07 05:27:04","focus_keyword":null,"additional_keywords":null,"truseo_locale":null},"aioseo_breadcrumb":"<div class=\"aioseo-breadcrumbs\"><span class=\"aioseo-breadcrumb\">\n\t<a href=\"https:\/\/www.eldigitaldeasturias.com\/noticias\" title=\"Home\">Home<\/a>\n<\/span><span class=\"aioseo-breadcrumb-separator\">\u2013<\/span><span class=\"aioseo-breadcrumb\">\n\t<a href=\"https:\/\/www.eldigitaldeasturias.com\/noticias\/category\/actualidad\/\" title=\"Actualidad\">Actualidad<\/a>\n<\/span><span class=\"aioseo-breadcrumb-separator\">\u2013<\/span><span class=\"aioseo-breadcrumb\">\n\t<a href=\"https:\/\/www.eldigitaldeasturias.com\/noticias\/la-dgt-se-suma-a-la-campana-de-tispol-de-camiones-y-autobuses\/\" title=\"La DGT se suma a la campa\u00f1a de Tispol de camiones y autobuses\">La DGT se suma a la campa\u00f1a de Tispol de camiones y autobuses<\/a>\n<\/span><\/div>","aioseo_breadcrumb_json":[{"label":"Home","link":"https:\/\/www.eldigitaldeasturias.com\/noticias"},{"label":"Actualidad","link":"https:\/\/www.eldigitaldeasturias.com\/noticias\/category\/actualidad\/"},{"label":"La DGT se suma a la campa\u00f1a de Tispol de camiones y autobuses","link":"https:\/\/www.eldigitaldeasturias.com\/noticias\/la-dgt-se-suma-a-la-campana-de-tispol-de-camiones-y-autobuses\/"}],"_links":{"self":[{"href":"https:\/\/www.eldigitaldeasturias.com\/noticias\/wp-json\/wp\/v2\/posts\/970402","targetHints":{"allow":["GET"]}}],"collection":[{"href":"https:\/\/www.eldigitaldeasturias.com\/noticias\/wp-json\/wp\/v2\/posts"}],"about":[{"href":"https:\/\/www.eldigitaldeasturias.com\/noticias\/wp-json\/wp\/v2\/types\/post"}],"author":[{"embeddable":true,"href":"https:\/\/www.eldigitaldeasturias.com\/noticias\/wp-json\/wp\/v2\/users\/1"}],"replies":[{"embeddable":true,"href":"https:\/\/www.eldigitaldeasturias.com\/noticias\/wp-json\/wp\/v2\/comments?post=970402"}],"version-history":[{"count":0,"href":"https:\/\/www.eldigitaldeasturias.com\/noticias\/wp-json\/wp\/v2\/posts\/970402\/revisions"}],"wp:attachment":[{"href":"https:\/\/www.eldigitaldeasturias.com\/noticias\/wp-json\/wp\/v2\/media?parent=970402"}],"wp:term":[{"taxonomy":"category","embeddable":true,"href":"https:\/\/www.eldigitaldeasturias.com\/noticias\/wp-json\/wp\/v2\/categories?post=970402"},{"taxonomy":"post_tag","embeddable":true,"href":"https:\/\/www.eldigitaldeasturias.com\/noticias\/wp-json\/wp\/v2\/tags?post=970402"}],"curies":[{"name":"wp","href":"https:\/\/api.w.org\/{rel}","templated":true}]}}