{"id":970372,"date":"2018-02-26T15:09:45","date_gmt":"2018-02-26T15:09:45","guid":{"rendered":"http:\/\/www.eldigitaldeasturias.com\/noticias\/?p=970372"},"modified":"2018-02-26T15:09:45","modified_gmt":"2018-02-26T15:09:45","slug":"el-ministerio-de-educacion-cultura-y-deporte-participa-en-una-nueva-edicion-de-aula","status":"publish","type":"post","link":"https:\/\/www.eldigitaldeasturias.com\/noticias\/el-ministerio-de-educacion-cultura-y-deporte-participa-en-una-nueva-edicion-de-aula\/","title":{"rendered":"El Ministerio de Educaci\u00f3n, Cultura y Deporte participa en una nueva edici\u00f3n de AULA"},"content":{"rendered":"<p><img loading=\"lazy\" decoding=\"async\" class=\"alignleft size-medium wp-image-970373\" src=\"https:\/\/www.eldigitaldeasturias.com\/noticias\/wp-content\/uploads\/2018\/02\/260218Aula2018-360x239.jpg\" alt=\"\" width=\"360\" height=\"239\" \/>El Ministerio de Educaci\u00f3n, Cultura y Deporte estar\u00e1 muy presente y con una participaci\u00f3n activa en una nueva edici\u00f3n de la Feria Aula, dentro de la quinta Semana de la Educaci\u00f3n, que va a tener lugar entre este mi\u00e9rcoles 28 de febrero y el pr\u00f3ximo domingo 4 de marzo.<\/p>\n<p>Los pabellones 3 y 5 de la Feria de Madrid acogen la vig\u00e9simo sexta edici\u00f3n de Aula con una destacada presencia del Ministerio de Educaci\u00f3n, Cultura y Deporte (MECD), como ha hecho en todas sus convocatorias. Dentro de la que est\u00e1 considerada principal feria del sector educativo en Espa\u00f1a, el Ministerio cuenta con un espacio de 250 metros cuadrados en el pabell\u00f3n 3, donde tendr\u00e1 lugar el Sal\u00f3n Internacional del Estudiante y de la Oferta Educativa.<\/p>\n<p>En esta ocasi\u00f3n, el espacio del MECD se estructura en diferentes espacios tem\u00e1ticos que ofrecen informaci\u00f3n, actividades y propuestas de todas las etapas de la educaci\u00f3n en nuestro pa\u00eds.<\/p>\n<p>En concreto, se trata de puntos de informaci\u00f3n general, espacios espec\u00edficos de atenci\u00f3n al p\u00fablico sobre Formaci\u00f3n Profesional, orientaci\u00f3n universitaria, competencia digital o movilidad. En cada uno de estos lugares, expertos y personal del Ministerio se encargar\u00e1n de ofrecer informaci\u00f3n pormenorizada sobre programas de convivencia escolar, h\u00e1bitos de vida saludable en los centros, Erasmus +, Aula Mentor, That&#8217;s English, fomento de la Lectura, de las Lenguas Extranjeras o Neurociencia.<\/p>\n<p>En esta edici\u00f3n, se han dise\u00f1ado dos \u00e1reas que ofrecer\u00e1n actividades durante todos los d\u00edas de la feria:<\/p>\n<p>Aula del futuro, un espacio equipado para visualizar una realidad del Instituto Nacional de Tecnolog\u00edas Educativas y de Formaci\u00f3n del Profesorado, que muestra la reorganizaci\u00f3n de f\u00edsica y tecnol\u00f3gica de nuestras aulas para promover cambios en los estilos de ense\u00f1anza y aprendizaje. En este lugar, se llevar\u00e1n a cabo talleres sobre rob\u00f3tica, redes sociales, recursos educativos, contenidos digitales y proyectos colaborativos.<\/p>\n<p>Espacio \u00c1gora, otro lugar destinado a formaci\u00f3n, talleres sobre desarrollo de contenidos audiovisuales, grabaci\u00f3n de v\u00eddeos educativos, oratoria, lengua de signos, voluntariado, animaci\u00f3n a la lectura y microrrelatos, con charlas sobre qu\u00e9 estudiar en el futuro, Formaci\u00f3n Profesional, programas europeos, etc.<\/p>\n<p><strong>Espacios tem\u00e1ticos para todos los p\u00fablicos<\/strong><\/p>\n<p>Tal y como ha hecho en ediciones anteriores, especialmente en la de 2017, el MECD har\u00e1 hincapi\u00e9 en los diferentes aspectos del sistema educativo espa\u00f1ol, divididos en estos espacios tem\u00e1ticos:<\/p>\n<p>Convivencia y lucha contra el acoso escolar. El objetivo es atraer el inter\u00e9s de la comunidad educativa en proyectos por la convivencia y de lucha contra el acoso escolar. Con paneles y folletos, se completa esta informaci\u00f3n con videos interactivos de prevenci\u00f3n de acoso escolar entre iguales, montajes fotogr\u00e1ficos y de v\u00eddeo sobre experiencias de convivencia. Se trata de actividades enmarcadas dentro del Plan Estrat\u00e9gico de Convivencias Escolar.<\/p>\n<p>Salud Escolar. En la l\u00ednea de otro Plan estrat\u00e9gico, en este caso el de Salud Escolar y Estilos de Vida Saludables, se pretende impulsar y promover la actividad f\u00edsico-deportiva y lucha contra el sedentarismo. Para ello, en el puesto se ofrecer\u00e1 informaci\u00f3n para dar a conocer las medidas y resultados del plan. En este apartado, se incluye una actividad para comprobar la salud visual de los que quieran participar.<\/p>\n<p>Atenci\u00f3n al ciudadano. Un puesto ofrecer\u00e1 informaci\u00f3n general ante cualquier consulta relativa a normativa, actuaciones y dudas respecto al sistema educativo y legislaci\u00f3n.<\/p>\n<p>Formaci\u00f3n Profesional. Se dar\u00e1 a conocer qu\u00e9 es la Formaci\u00f3n Profesional, las oportunidades que ofrece, su adaptaci\u00f3n a las necesidades de los estudiantes, itinerarios formativos y acceso al empleo. Se har\u00e1 hincapi\u00e9 en el cat\u00e1logo de t\u00edtulos, y las distintas modalidades, como la FP Dual.<\/p>\n<p>Aula Mentor. Coincidiendo con su 25\u00ba aniversario, se ofrecer\u00e1 informaci\u00f3n detallada de esta formaci\u00f3n dirigida a personas adultas, con m\u00e1s de 170 cursos en permanente crecimiento y actualizaci\u00f3n. Una red de Aulas Mentor de 450 permite al alumno acceder a unos cursos que culminan con un certificado de aprovechamiento.<\/p>\n<p>25\u00ba aniversario de That\u00b4s English! Otro programa que cumple veinticinco a\u00f1os, un sistema de aprendizaje a distancia que permite obtener la certificaci\u00f3n de la Escuela Oficial de Idiomas. En la feria se presenta una nueva APP.<\/p>\n<p>QEDU \u00bfQu\u00e9 estudiar y d\u00f3nde en la universidad? Tambi\u00e9n se muestra al p\u00fablico el funcionamiento de la aplicaci\u00f3n inform\u00e1tica que facilita informaci\u00f3n a quienes quieran acceder a las universidades espa\u00f1olas. Tambi\u00e9n, informaci\u00f3n sobre becas de estudio y pr\u00e1cticas en el extranjero, etc.<\/p>\n<p>Erasmus+. Servicio Espa\u00f1ol para la Internacionalizaci\u00f3n de la Educaci\u00f3n. Tras haber cumplido y celebrado los 30 a\u00f1os del programa Erasmus, Espa\u00f1a es el primer pa\u00eds de la Uni\u00f3n Europea en recepci\u00f3n de estudiantes erasmus en Educaci\u00f3n Superior y el tercer pa\u00eds en n\u00famero de env\u00edo a otras universidades en Europa. Durante la feria, se informar\u00e1 sobre acciones de movilidad en el marco del programa Erasmus+, que engloba todos los sectores educativos: Educaci\u00f3n Escolar, Formaci\u00f3n Profesional, Educaci\u00f3n Superior y Educaci\u00f3n de Personas Adultas. Asimismo, se dar\u00e1n a conocer otras iniciativas europeas que gestiona SEPIE.<\/p>\n<p>Neurociencia aplicada a la Educaci\u00f3n. En la feria se proporcionar\u00e1 informaci\u00f3n, adem\u00e1s, en torno al objetivo del Plan de Neuromotricidad, que pretende promover la mejora de la calidad en la educaci\u00f3n y un cambio metodol\u00f3gico en las aulas, basado en el conocimiento de todos los procesos neurocognitivos implicados en el aprendizaje, as\u00ed como impulsar la actividad f\u00edsica como estilo de vida saludable.<\/p>\n<p>Lectura y Educaci\u00f3n. En esta edici\u00f3n de Aula se contar\u00e1 con un stand en el que se conocer\u00e1 a fondo el Plan de Fomento de la Lectura, impulsado por el MECD en mayo de 2017. Como en otras ocasiones, habr\u00e1 libros y un espacio para leer en el stand, con un photocall, llamado \u00abRecortando a Cervantes\u00bb.<\/p>\n<p>Lenguas Extranjeras. Un espacio en el que se profundiza sobre la importancia del aprendizaje de idiomas para el futuro personal y profesional de los estudiantes, con las normativas y actuaciones relacionadas con los programas de ense\u00f1anza de idiomas, programas biling\u00fces y multiling\u00fces. En este caso, uno de los aspectos m\u00e1s demandados es el relacionado con las pruebas de Cambridge, en centros adscritos al convenio MECD-British Council.<\/p>\n","protected":false},"excerpt":{"rendered":"<p>El Ministerio de Educaci\u00f3n, Cultura y Deporte estar\u00e1 muy presente y con una participaci\u00f3n activa en una nueva edici\u00f3n de la Feria Aula, dentro de la quinta Semana de la Educaci\u00f3n, que va a tener lugar entre este mi\u00e9rcoles 28 de febrero y el pr\u00f3ximo domingo 4 de marzo. Los pabellones 3 y 5 de [&hellip;]<\/p>\n","protected":false},"author":1,"featured_media":970373,"comment_status":"closed","ping_status":"closed","sticky":false,"template":"","format":"standard","meta":{"footnotes":""},"categories":[1],"tags":[],"class_list":["post-970372","post","type-post","status-publish","format-standard","has-post-thumbnail","hentry","category-actualidad"],"aioseo_notices":[],"aioseo_head":"\n\t\t<!-- All in One SEO Pro 5.0.1 - aioseo.com -->\n\t<meta name=\"description\" content=\"El Ministerio de Educaci\u00f3n, Cultura y Deporte estar\u00e1 muy presente y con una participaci\u00f3n activa en una nueva edici\u00f3n de la Feria Aula, dentro de la quinta Semana de la Educaci\u00f3n, que va a tener lugar entre este mi\u00e9rcoles 28 de febrero y el pr\u00f3ximo domingo 4 de marzo. Los pabellones 3 y 5 de\" \/>\n\t<meta name=\"robots\" content=\"max-image-preview:large\" \/>\n\t<meta name=\"author\" content=\"El Digital de Asturias\"\/>\n\t<meta name=\"google-site-verification\" content=\"UA-38556648-1\" \/>\n\t<meta name=\"msvalidate.01\" content=\"7dfe9f3f1b24437ab69f4f2559babe99\" \/>\n\t<meta name=\"keywords\" content=\"actualidad\" \/>\n\t<link rel=\"canonical\" href=\"https:\/\/www.eldigitaldeasturias.com\/noticias\/el-ministerio-de-educacion-cultura-y-deporte-participa-en-una-nueva-edicion-de-aula\/\" \/>\n\t<meta name=\"generator\" content=\"All in One SEO Pro (AIOSEO) 5.0.1\" \/>\n\t\t<meta property=\"og:locale\" content=\"es_ES\" \/>\n\t\t<meta property=\"og:site_name\" content=\"El Digital de Asturias\" \/>\n\t\t<meta property=\"og:type\" content=\"article\" \/>\n\t\t<meta property=\"og:title\" content=\"El Ministerio de Educaci\u00f3n, Cultura y Deporte participa en una nueva edici\u00f3n de AULA - El Digital de Asturias\" \/>\n\t\t<meta property=\"og:description\" content=\"El Ministerio de Educaci\u00f3n, Cultura y Deporte estar\u00e1 muy presente y con una participaci\u00f3n activa en una nueva edici\u00f3n de la Feria Aula, dentro de la quinta Semana de la Educaci\u00f3n, que va a tener lugar entre este mi\u00e9rcoles 28 de febrero y el pr\u00f3ximo domingo 4 de marzo. Los pabellones 3 y 5 de\" \/>\n\t\t<meta property=\"og:url\" content=\"https:\/\/www.eldigitaldeasturias.com\/noticias\/el-ministerio-de-educacion-cultura-y-deporte-participa-en-una-nueva-edicion-de-aula\/\" \/>\n\t\t<meta property=\"article:tag\" content=\"actualidad\" \/>\n\t\t<meta property=\"article:published_time\" content=\"2018-02-26T15:09:45+00:00\" \/>\n\t\t<meta property=\"article:modified_time\" content=\"2018-02-26T15:09:45+00:00\" \/>\n\t\t<meta property=\"article:publisher\" content=\"https:\/\/facebook.com\/eldigitaldeasturias\" \/>\n\t\t<meta name=\"twitter:card\" content=\"summary_large_image\" \/>\n\t\t<meta name=\"twitter:title\" content=\"El Ministerio de Educaci\u00f3n, Cultura y Deporte participa en una nueva edici\u00f3n de AULA - El Digital de Asturias\" \/>\n\t\t<meta name=\"twitter:description\" content=\"El Ministerio de Educaci\u00f3n, Cultura y Deporte estar\u00e1 muy presente y con una participaci\u00f3n activa en una nueva edici\u00f3n de la Feria Aula, dentro de la quinta Semana de la Educaci\u00f3n, que va a tener lugar entre este mi\u00e9rcoles 28 de febrero y el pr\u00f3ximo domingo 4 de marzo. Los pabellones 3 y 5 de\" \/>\n\t\t<meta name=\"twitter:image\" content=\"https:\/\/www.eldigitaldeasturias.com\/noticias\/wp-content\/uploads\/2020\/12\/EDA-1.jpg\" \/>\n\t\t<meta name=\"twitter:label1\" content=\"Escrito por\" \/>\n\t\t<meta name=\"twitter:data1\" content=\"El Digital de Asturias\" \/>\n\t\t<meta name=\"twitter:label2\" content=\"Tiempo de lectura estimado\" \/>\n\t\t<meta name=\"twitter:data2\" content=\"5 minutos\" \/>\n\t\t<script type=\"application\/ld+json\" class=\"aioseo-schema\">\n\t\t\t{\"@context\":\"https:\\\/\\\/schema.org\",\"@graph\":[{\"@type\":\"BlogPosting\",\"@id\":\"https:\\\/\\\/www.eldigitaldeasturias.com\\\/noticias\\\/el-ministerio-de-educacion-cultura-y-deporte-participa-en-una-nueva-edicion-de-aula\\\/#blogposting\",\"name\":\"El Ministerio de Educaci\\u00f3n, Cultura y Deporte participa en una nueva edici\\u00f3n de AULA - El Digital de Asturias\",\"headline\":\"El Ministerio de Educaci\\u00f3n, Cultura y Deporte participa en una nueva edici\\u00f3n de AULA\",\"author\":{\"@id\":\"https:\\\/\\\/www.eldigitaldeasturias.com\\\/noticias\\\/author\\\/admin\\\/#author\"},\"publisher\":{\"@id\":\"https:\\\/\\\/www.eldigitaldeasturias.com\\\/noticias\\\/#organization\"},\"image\":{\"@type\":\"ImageObject\",\"url\":970373},\"datePublished\":\"2018-02-26T15:09:45+01:00\",\"dateModified\":\"2018-02-26T15:09:45+01:00\",\"inLanguage\":\"es-ES\",\"mainEntityOfPage\":{\"@id\":\"https:\\\/\\\/www.eldigitaldeasturias.com\\\/noticias\\\/el-ministerio-de-educacion-cultura-y-deporte-participa-en-una-nueva-edicion-de-aula\\\/#webpage\"},\"isPartOf\":{\"@id\":\"https:\\\/\\\/www.eldigitaldeasturias.com\\\/noticias\\\/el-ministerio-de-educacion-cultura-y-deporte-participa-en-una-nueva-edicion-de-aula\\\/#webpage\"},\"articleSection\":\"Actualidad\"},{\"@type\":\"BreadcrumbList\",\"@id\":\"https:\\\/\\\/www.eldigitaldeasturias.com\\\/noticias\\\/el-ministerio-de-educacion-cultura-y-deporte-participa-en-una-nueva-edicion-de-aula\\\/#breadcrumblist\",\"itemListElement\":[{\"@type\":\"ListItem\",\"@id\":\"https:\\\/\\\/www.eldigitaldeasturias.com\\\/noticias#listItem\",\"position\":1,\"name\":\"Home\",\"item\":\"https:\\\/\\\/www.eldigitaldeasturias.com\\\/noticias\",\"nextItem\":{\"@type\":\"ListItem\",\"@id\":\"https:\\\/\\\/www.eldigitaldeasturias.com\\\/noticias\\\/category\\\/actualidad\\\/#listItem\",\"name\":\"Actualidad\"}},{\"@type\":\"ListItem\",\"@id\":\"https:\\\/\\\/www.eldigitaldeasturias.com\\\/noticias\\\/category\\\/actualidad\\\/#listItem\",\"position\":2,\"name\":\"Actualidad\",\"item\":\"https:\\\/\\\/www.eldigitaldeasturias.com\\\/noticias\\\/category\\\/actualidad\\\/\",\"nextItem\":{\"@type\":\"ListItem\",\"@id\":\"https:\\\/\\\/www.eldigitaldeasturias.com\\\/noticias\\\/el-ministerio-de-educacion-cultura-y-deporte-participa-en-una-nueva-edicion-de-aula\\\/#listItem\",\"name\":\"El Ministerio de Educaci\\u00f3n, Cultura y Deporte participa en una nueva edici\\u00f3n de AULA\"},\"previousItem\":{\"@type\":\"ListItem\",\"@id\":\"https:\\\/\\\/www.eldigitaldeasturias.com\\\/noticias#listItem\",\"name\":\"Home\"}},{\"@type\":\"ListItem\",\"@id\":\"https:\\\/\\\/www.eldigitaldeasturias.com\\\/noticias\\\/el-ministerio-de-educacion-cultura-y-deporte-participa-en-una-nueva-edicion-de-aula\\\/#listItem\",\"position\":3,\"name\":\"El Ministerio de Educaci\\u00f3n, Cultura y Deporte participa en una nueva edici\\u00f3n de AULA\",\"previousItem\":{\"@type\":\"ListItem\",\"@id\":\"https:\\\/\\\/www.eldigitaldeasturias.com\\\/noticias\\\/category\\\/actualidad\\\/#listItem\",\"name\":\"Actualidad\"}}]},{\"@type\":\"Organization\",\"@id\":\"https:\\\/\\\/www.eldigitaldeasturias.com\\\/noticias\\\/#organization\",\"name\":\"El Digital de Asturias\",\"description\":\"Hemeroteca\",\"url\":\"https:\\\/\\\/www.eldigitaldeasturias.com\\\/noticias\\\/\",\"email\":\"info@eldigitaldeasturias.com\",\"telephone\":\"+34652131393\",\"logo\":{\"@type\":\"ImageObject\",\"url\":\"https:\\\/\\\/www.eldigitaldeasturias.com\\\/noticias\\\/wp-content\\\/uploads\\\/2020\\\/12\\\/EDA.jpg\",\"@id\":\"https:\\\/\\\/www.eldigitaldeasturias.com\\\/noticias\\\/el-ministerio-de-educacion-cultura-y-deporte-participa-en-una-nueva-edicion-de-aula\\\/#organizationLogo\"},\"image\":{\"@id\":\"https:\\\/\\\/www.eldigitaldeasturias.com\\\/noticias\\\/el-ministerio-de-educacion-cultura-y-deporte-participa-en-una-nueva-edicion-de-aula\\\/#organizationLogo\"},\"sameAs\":[\"https:\\\/\\\/facebook.com\\\/eldigitaldeasturias\",\"https:\\\/\\\/www.youtube.com\\\/channel\\\/UCZP-2wLEB9Rv6erhFmqVnvg\"],\"address\":{\"@id\":\"https:\\\/\\\/www.eldigitaldeasturias.com\\\/noticias\\\/#postaladdress\",\"@type\":\"PostalAddress\",\"streetAddress\":\"san antonio 4\",\"postalCode\":\"33430\",\"addressLocality\":\"Cand\\u00e1s\",\"addressRegion\":\"Asturias\",\"addressCountry\":\"ES\"}},{\"@type\":\"Person\",\"@id\":\"https:\\\/\\\/www.eldigitaldeasturias.com\\\/noticias\\\/author\\\/admin\\\/#author\",\"url\":\"https:\\\/\\\/www.eldigitaldeasturias.com\\\/noticias\\\/author\\\/admin\\\/\",\"name\":\"El Digital de Asturias\",\"image\":{\"@type\":\"ImageObject\",\"@id\":\"https:\\\/\\\/www.eldigitaldeasturias.com\\\/noticias\\\/el-ministerio-de-educacion-cultura-y-deporte-participa-en-una-nueva-edicion-de-aula\\\/#authorImage\",\"url\":\"https:\\\/\\\/secure.gravatar.com\\\/avatar\\\/df2aeffc32bcd13f8d26072ef8a91b623d677766deac7f97ca815868cd41bf5e?s=96&d=mm&r=g\",\"width\":96,\"height\":96,\"caption\":\"El Digital de Asturias\"}},{\"@type\":\"WebPage\",\"@id\":\"https:\\\/\\\/www.eldigitaldeasturias.com\\\/noticias\\\/el-ministerio-de-educacion-cultura-y-deporte-participa-en-una-nueva-edicion-de-aula\\\/#webpage\",\"url\":\"https:\\\/\\\/www.eldigitaldeasturias.com\\\/noticias\\\/el-ministerio-de-educacion-cultura-y-deporte-participa-en-una-nueva-edicion-de-aula\\\/\",\"name\":\"El Ministerio de Educaci\\u00f3n, Cultura y Deporte participa en una nueva edici\\u00f3n de AULA - El Digital de Asturias\",\"description\":\"El Ministerio de Educaci\\u00f3n, Cultura y Deporte estar\\u00e1 muy presente y con una participaci\\u00f3n activa en una nueva edici\\u00f3n de la Feria Aula, dentro de la quinta Semana de la Educaci\\u00f3n, que va a tener lugar entre este mi\\u00e9rcoles 28 de febrero y el pr\\u00f3ximo domingo 4 de marzo. Los pabellones 3 y 5 de\",\"inLanguage\":\"es-ES\",\"isPartOf\":{\"@id\":\"https:\\\/\\\/www.eldigitaldeasturias.com\\\/noticias\\\/#website\"},\"breadcrumb\":{\"@id\":\"https:\\\/\\\/www.eldigitaldeasturias.com\\\/noticias\\\/el-ministerio-de-educacion-cultura-y-deporte-participa-en-una-nueva-edicion-de-aula\\\/#breadcrumblist\"},\"author\":{\"@id\":\"https:\\\/\\\/www.eldigitaldeasturias.com\\\/noticias\\\/author\\\/admin\\\/#author\"},\"creator\":{\"@id\":\"https:\\\/\\\/www.eldigitaldeasturias.com\\\/noticias\\\/author\\\/admin\\\/#author\"},\"image\":{\"@type\":\"ImageObject\",\"url\":970373,\"@id\":\"https:\\\/\\\/www.eldigitaldeasturias.com\\\/noticias\\\/el-ministerio-de-educacion-cultura-y-deporte-participa-en-una-nueva-edicion-de-aula\\\/#mainImage\"},\"primaryImageOfPage\":{\"@id\":\"https:\\\/\\\/www.eldigitaldeasturias.com\\\/noticias\\\/el-ministerio-de-educacion-cultura-y-deporte-participa-en-una-nueva-edicion-de-aula\\\/#mainImage\"},\"datePublished\":\"2018-02-26T15:09:45+01:00\",\"dateModified\":\"2018-02-26T15:09:45+01:00\"},{\"@type\":\"WebSite\",\"@id\":\"https:\\\/\\\/www.eldigitaldeasturias.com\\\/noticias\\\/#website\",\"url\":\"https:\\\/\\\/www.eldigitaldeasturias.com\\\/noticias\\\/\",\"name\":\"El Digital de Asturias - Diario de actualidad y noticias\",\"alternateName\":\"El Digital de Asturias - Diario de actualidad y noticias\",\"description\":\"Hemeroteca\",\"inLanguage\":\"es-ES\",\"publisher\":{\"@id\":\"https:\\\/\\\/www.eldigitaldeasturias.com\\\/noticias\\\/#organization\"}}]}\n\t\t<\/script>\n\t\t<!-- All in One SEO Pro -->\r\n\t\t<title>El Ministerio de Educaci\u00f3n, Cultura y Deporte participa en una nueva edici\u00f3n de AULA - El Digital de Asturias<\/title>\n\n","aioseo_head_json":{"title":"El Ministerio de Educaci\u00f3n, Cultura y Deporte participa en una nueva edici\u00f3n de AULA - El Digital de Asturias","description":"El Ministerio de Educaci\u00f3n, Cultura y Deporte estar\u00e1 muy presente y con una participaci\u00f3n activa en una nueva edici\u00f3n de la Feria Aula, dentro de la quinta Semana de la Educaci\u00f3n, que va a tener lugar entre este mi\u00e9rcoles 28 de febrero y el pr\u00f3ximo domingo 4 de marzo. Los pabellones 3 y 5 de","canonical_url":"https:\/\/www.eldigitaldeasturias.com\/noticias\/el-ministerio-de-educacion-cultura-y-deporte-participa-en-una-nueva-edicion-de-aula\/","robots":"max-image-preview:large","keywords":"actualidad","webmasterTools":{"google-site-verification":"UA-38556648-1","msvalidate.01":"7dfe9f3f1b24437ab69f4f2559babe99","miscellaneous":""},"schema":{"@context":"https:\/\/schema.org","@graph":[{"@type":"BlogPosting","@id":"https:\/\/www.eldigitaldeasturias.com\/noticias\/el-ministerio-de-educacion-cultura-y-deporte-participa-en-una-nueva-edicion-de-aula\/#blogposting","name":"El Ministerio de Educaci\u00f3n, Cultura y Deporte participa en una nueva edici\u00f3n de AULA - El Digital de Asturias","headline":"El Ministerio de Educaci\u00f3n, Cultura y Deporte participa en una nueva edici\u00f3n de AULA","author":{"@id":"https:\/\/www.eldigitaldeasturias.com\/noticias\/author\/admin\/#author"},"publisher":{"@id":"https:\/\/www.eldigitaldeasturias.com\/noticias\/#organization"},"image":{"@type":"ImageObject","url":970373},"datePublished":"2018-02-26T15:09:45+01:00","dateModified":"2018-02-26T15:09:45+01:00","inLanguage":"es-ES","mainEntityOfPage":{"@id":"https:\/\/www.eldigitaldeasturias.com\/noticias\/el-ministerio-de-educacion-cultura-y-deporte-participa-en-una-nueva-edicion-de-aula\/#webpage"},"isPartOf":{"@id":"https:\/\/www.eldigitaldeasturias.com\/noticias\/el-ministerio-de-educacion-cultura-y-deporte-participa-en-una-nueva-edicion-de-aula\/#webpage"},"articleSection":"Actualidad"},{"@type":"BreadcrumbList","@id":"https:\/\/www.eldigitaldeasturias.com\/noticias\/el-ministerio-de-educacion-cultura-y-deporte-participa-en-una-nueva-edicion-de-aula\/#breadcrumblist","itemListElement":[{"@type":"ListItem","@id":"https:\/\/www.eldigitaldeasturias.com\/noticias#listItem","position":1,"name":"Home","item":"https:\/\/www.eldigitaldeasturias.com\/noticias","nextItem":{"@type":"ListItem","@id":"https:\/\/www.eldigitaldeasturias.com\/noticias\/category\/actualidad\/#listItem","name":"Actualidad"}},{"@type":"ListItem","@id":"https:\/\/www.eldigitaldeasturias.com\/noticias\/category\/actualidad\/#listItem","position":2,"name":"Actualidad","item":"https:\/\/www.eldigitaldeasturias.com\/noticias\/category\/actualidad\/","nextItem":{"@type":"ListItem","@id":"https:\/\/www.eldigitaldeasturias.com\/noticias\/el-ministerio-de-educacion-cultura-y-deporte-participa-en-una-nueva-edicion-de-aula\/#listItem","name":"El Ministerio de Educaci\u00f3n, Cultura y Deporte participa en una nueva edici\u00f3n de AULA"},"previousItem":{"@type":"ListItem","@id":"https:\/\/www.eldigitaldeasturias.com\/noticias#listItem","name":"Home"}},{"@type":"ListItem","@id":"https:\/\/www.eldigitaldeasturias.com\/noticias\/el-ministerio-de-educacion-cultura-y-deporte-participa-en-una-nueva-edicion-de-aula\/#listItem","position":3,"name":"El Ministerio de Educaci\u00f3n, Cultura y Deporte participa en una nueva edici\u00f3n de AULA","previousItem":{"@type":"ListItem","@id":"https:\/\/www.eldigitaldeasturias.com\/noticias\/category\/actualidad\/#listItem","name":"Actualidad"}}]},{"@type":"Organization","@id":"https:\/\/www.eldigitaldeasturias.com\/noticias\/#organization","name":"El Digital de Asturias","description":"Hemeroteca","url":"https:\/\/www.eldigitaldeasturias.com\/noticias\/","email":"info@eldigitaldeasturias.com","telephone":"+34652131393","logo":{"@type":"ImageObject","url":"https:\/\/www.eldigitaldeasturias.com\/noticias\/wp-content\/uploads\/2020\/12\/EDA.jpg","@id":"https:\/\/www.eldigitaldeasturias.com\/noticias\/el-ministerio-de-educacion-cultura-y-deporte-participa-en-una-nueva-edicion-de-aula\/#organizationLogo"},"image":{"@id":"https:\/\/www.eldigitaldeasturias.com\/noticias\/el-ministerio-de-educacion-cultura-y-deporte-participa-en-una-nueva-edicion-de-aula\/#organizationLogo"},"sameAs":["https:\/\/facebook.com\/eldigitaldeasturias","https:\/\/www.youtube.com\/channel\/UCZP-2wLEB9Rv6erhFmqVnvg"],"address":{"@id":"https:\/\/www.eldigitaldeasturias.com\/noticias\/#postaladdress","@type":"PostalAddress","streetAddress":"san antonio 4","postalCode":"33430","addressLocality":"Cand\u00e1s","addressRegion":"Asturias","addressCountry":"ES"}},{"@type":"Person","@id":"https:\/\/www.eldigitaldeasturias.com\/noticias\/author\/admin\/#author","url":"https:\/\/www.eldigitaldeasturias.com\/noticias\/author\/admin\/","name":"El Digital de Asturias","image":{"@type":"ImageObject","@id":"https:\/\/www.eldigitaldeasturias.com\/noticias\/el-ministerio-de-educacion-cultura-y-deporte-participa-en-una-nueva-edicion-de-aula\/#authorImage","url":"https:\/\/secure.gravatar.com\/avatar\/df2aeffc32bcd13f8d26072ef8a91b623d677766deac7f97ca815868cd41bf5e?s=96&d=mm&r=g","width":96,"height":96,"caption":"El Digital de Asturias"}},{"@type":"WebPage","@id":"https:\/\/www.eldigitaldeasturias.com\/noticias\/el-ministerio-de-educacion-cultura-y-deporte-participa-en-una-nueva-edicion-de-aula\/#webpage","url":"https:\/\/www.eldigitaldeasturias.com\/noticias\/el-ministerio-de-educacion-cultura-y-deporte-participa-en-una-nueva-edicion-de-aula\/","name":"El Ministerio de Educaci\u00f3n, Cultura y Deporte participa en una nueva edici\u00f3n de AULA - El Digital de Asturias","description":"El Ministerio de Educaci\u00f3n, Cultura y Deporte estar\u00e1 muy presente y con una participaci\u00f3n activa en una nueva edici\u00f3n de la Feria Aula, dentro de la quinta Semana de la Educaci\u00f3n, que va a tener lugar entre este mi\u00e9rcoles 28 de febrero y el pr\u00f3ximo domingo 4 de marzo. Los pabellones 3 y 5 de","inLanguage":"es-ES","isPartOf":{"@id":"https:\/\/www.eldigitaldeasturias.com\/noticias\/#website"},"breadcrumb":{"@id":"https:\/\/www.eldigitaldeasturias.com\/noticias\/el-ministerio-de-educacion-cultura-y-deporte-participa-en-una-nueva-edicion-de-aula\/#breadcrumblist"},"author":{"@id":"https:\/\/www.eldigitaldeasturias.com\/noticias\/author\/admin\/#author"},"creator":{"@id":"https:\/\/www.eldigitaldeasturias.com\/noticias\/author\/admin\/#author"},"image":{"@type":"ImageObject","url":970373,"@id":"https:\/\/www.eldigitaldeasturias.com\/noticias\/el-ministerio-de-educacion-cultura-y-deporte-participa-en-una-nueva-edicion-de-aula\/#mainImage"},"primaryImageOfPage":{"@id":"https:\/\/www.eldigitaldeasturias.com\/noticias\/el-ministerio-de-educacion-cultura-y-deporte-participa-en-una-nueva-edicion-de-aula\/#mainImage"},"datePublished":"2018-02-26T15:09:45+01:00","dateModified":"2018-02-26T15:09:45+01:00"},{"@type":"WebSite","@id":"https:\/\/www.eldigitaldeasturias.com\/noticias\/#website","url":"https:\/\/www.eldigitaldeasturias.com\/noticias\/","name":"El Digital de Asturias - Diario de actualidad y noticias","alternateName":"El Digital de Asturias - Diario de actualidad y noticias","description":"Hemeroteca","inLanguage":"es-ES","publisher":{"@id":"https:\/\/www.eldigitaldeasturias.com\/noticias\/#organization"}}]},"og:locale":"es_ES","og:site_name":"El Digital de Asturias","og:type":"article","og:title":"El Ministerio de Educaci\u00f3n, Cultura y Deporte participa en una nueva edici\u00f3n de AULA - El Digital de Asturias","og:description":"El Ministerio de Educaci\u00f3n, Cultura y Deporte estar\u00e1 muy presente y con una participaci\u00f3n activa en una nueva edici\u00f3n de la Feria Aula, dentro de la quinta Semana de la Educaci\u00f3n, que va a tener lugar entre este mi\u00e9rcoles 28 de febrero y el pr\u00f3ximo domingo 4 de marzo. Los pabellones 3 y 5 de","og:url":"https:\/\/www.eldigitaldeasturias.com\/noticias\/el-ministerio-de-educacion-cultura-y-deporte-participa-en-una-nueva-edicion-de-aula\/","article:tag":["actualidad"],"article:published_time":"2018-02-26T15:09:45+00:00","article:modified_time":"2018-02-26T15:09:45+00:00","article:publisher":"https:\/\/facebook.com\/eldigitaldeasturias","twitter:card":"summary_large_image","twitter:title":"El Ministerio de Educaci\u00f3n, Cultura y Deporte participa en una nueva edici\u00f3n de AULA - El Digital de Asturias","twitter:description":"El Ministerio de Educaci\u00f3n, Cultura y Deporte estar\u00e1 muy presente y con una participaci\u00f3n activa en una nueva edici\u00f3n de la Feria Aula, dentro de la quinta Semana de la Educaci\u00f3n, que va a tener lugar entre este mi\u00e9rcoles 28 de febrero y el pr\u00f3ximo domingo 4 de marzo. Los pabellones 3 y 5 de","twitter:image":"https:\/\/www.eldigitaldeasturias.com\/noticias\/wp-content\/uploads\/2020\/12\/EDA-1.jpg","twitter:label1":"Escrito por","twitter:data1":"El Digital de Asturias","twitter:label2":"Tiempo de lectura estimado","twitter:data2":"5 minutos"},"aioseo_meta_data":{"post_id":"970372","title":null,"description":null,"keywords":null,"keyphrases":null,"primary_term":null,"canonical_url":null,"og_title":null,"og_description":null,"og_object_type":"default","og_image_type":"default","og_image_url":null,"og_image_width":null,"og_image_height":null,"og_image_custom_url":null,"og_image_custom_fields":null,"og_video":null,"og_custom_url":null,"og_article_section":null,"og_article_tags":null,"twitter_use_og":false,"twitter_card":"default","twitter_image_type":"default","twitter_image_url":null,"twitter_image_custom_url":null,"twitter_image_custom_fields":null,"twitter_title":null,"twitter_description":null,"schema":{"blockGraphs":[],"customGraphs":[],"default":{"data":{"Article":[],"Course":[],"Dataset":[],"FAQPage":[],"Movie":[],"Person":[],"Product":[],"ProductReview":[],"Car":[],"Recipe":[],"Service":[],"SoftwareApplication":[],"WebPage":[]},"graphName":"","isEnabled":true},"graphs":[],"defaultGraph":"","defaultPostTypeGraph":""},"schema_type":null,"schema_type_options":null,"pillar_content":false,"robots_default":true,"robots_noindex":false,"robots_noarchive":false,"robots_nosnippet":false,"robots_nofollow":false,"robots_noimageindex":false,"robots_noodp":false,"robots_notranslate":false,"robots_max_snippet":null,"robots_max_videopreview":null,"robots_max_imagepreview":"large","priority":null,"frequency":null,"local_seo":null,"seo_analyzer_scan_date":"2025-10-07 05:19:06","breadcrumb_settings":null,"limit_modified_date":false,"open_ai":null,"ai":null,"created":"2020-12-21 12:24:37","updated":"2025-10-07 05:19:06","focus_keyword":null,"additional_keywords":null,"truseo_locale":null},"aioseo_breadcrumb":"<div class=\"aioseo-breadcrumbs\"><span class=\"aioseo-breadcrumb\">\n\t<a href=\"https:\/\/www.eldigitaldeasturias.com\/noticias\" title=\"Home\">Home<\/a>\n<\/span><span class=\"aioseo-breadcrumb-separator\">\u2013<\/span><span class=\"aioseo-breadcrumb\">\n\t<a href=\"https:\/\/www.eldigitaldeasturias.com\/noticias\/category\/actualidad\/\" title=\"Actualidad\">Actualidad<\/a>\n<\/span><span class=\"aioseo-breadcrumb-separator\">\u2013<\/span><span class=\"aioseo-breadcrumb\">\n\t<a href=\"https:\/\/www.eldigitaldeasturias.com\/noticias\/el-ministerio-de-educacion-cultura-y-deporte-participa-en-una-nueva-edicion-de-aula\/\" title=\"El Ministerio de Educaci\u00f3n, Cultura y Deporte participa en una nueva edici\u00f3n de AULA\">El Ministerio de Educaci\u00f3n, Cultura y Deporte participa en una nueva edici\u00f3n de AULA<\/a>\n<\/span><\/div>","aioseo_breadcrumb_json":[{"label":"Home","link":"https:\/\/www.eldigitaldeasturias.com\/noticias"},{"label":"Actualidad","link":"https:\/\/www.eldigitaldeasturias.com\/noticias\/category\/actualidad\/"},{"label":"El Ministerio de Educaci\u00f3n, Cultura y Deporte participa en una nueva edici\u00f3n de AULA","link":"https:\/\/www.eldigitaldeasturias.com\/noticias\/el-ministerio-de-educacion-cultura-y-deporte-participa-en-una-nueva-edicion-de-aula\/"}],"_links":{"self":[{"href":"https:\/\/www.eldigitaldeasturias.com\/noticias\/wp-json\/wp\/v2\/posts\/970372","targetHints":{"allow":["GET"]}}],"collection":[{"href":"https:\/\/www.eldigitaldeasturias.com\/noticias\/wp-json\/wp\/v2\/posts"}],"about":[{"href":"https:\/\/www.eldigitaldeasturias.com\/noticias\/wp-json\/wp\/v2\/types\/post"}],"author":[{"embeddable":true,"href":"https:\/\/www.eldigitaldeasturias.com\/noticias\/wp-json\/wp\/v2\/users\/1"}],"replies":[{"embeddable":true,"href":"https:\/\/www.eldigitaldeasturias.com\/noticias\/wp-json\/wp\/v2\/comments?post=970372"}],"version-history":[{"count":0,"href":"https:\/\/www.eldigitaldeasturias.com\/noticias\/wp-json\/wp\/v2\/posts\/970372\/revisions"}],"wp:attachment":[{"href":"https:\/\/www.eldigitaldeasturias.com\/noticias\/wp-json\/wp\/v2\/media?parent=970372"}],"wp:term":[{"taxonomy":"category","embeddable":true,"href":"https:\/\/www.eldigitaldeasturias.com\/noticias\/wp-json\/wp\/v2\/categories?post=970372"},{"taxonomy":"post_tag","embeddable":true,"href":"https:\/\/www.eldigitaldeasturias.com\/noticias\/wp-json\/wp\/v2\/tags?post=970372"}],"curies":[{"name":"wp","href":"https:\/\/api.w.org\/{rel}","templated":true}]}}