{"id":970333,"date":"2018-02-25T23:30:52","date_gmt":"2018-02-25T23:30:52","guid":{"rendered":"http:\/\/www.eldigitaldeasturias.com\/noticias\/?p=970333"},"modified":"2018-02-25T23:30:52","modified_gmt":"2018-02-25T23:30:52","slug":"las-memorias-de-michelle-obama-se-publicaran-en-noviembre","status":"publish","type":"post","link":"https:\/\/www.eldigitaldeasturias.com\/noticias\/las-memorias-de-michelle-obama-se-publicaran-en-noviembre\/","title":{"rendered":"Las memorias de Michelle Obama se publicar\u00e1n en noviembre"},"content":{"rendered":"<p><img loading=\"lazy\" decoding=\"async\" class=\"alignleft size-medium wp-image-752470\" src=\"https:\/\/www.eldigitaldeasturias.com\/noticias\/wp-content\/uploads\/2015\/01\/9793050w-360x239.jpg\" alt=\"\" width=\"360\" height=\"239\" \/>Washington, 25 feb (dpa) &#8211; \u00abBecoming\u00bb, el libro de memorias de la ex primera dama de Estados Unidos Michelle Obama, se publicar\u00e1 el 13 de noviembre, anunci\u00f3 hoy la editorial Penguin Random House.<\/p>\n<p>El libro ser\u00e1 lanzado por Crown Publishing Group, subsidiaria de Penguin Random House, en Estados Unidos y Canad\u00e1, pero se publicar\u00e1 simult\u00e1neamente en 24 lenguas en todo el mundo.<\/p>\n<p>La oficina de la ex primera dama, esposa del ex presidente Barack Obama, se\u00f1al\u00f3 que el tiempo que pas\u00f3 en la Casa Blanca, marcado por su defensa de las mujeres y las ni\u00f1as y su lucha por un estilo de vida m\u00e1s sano en todo el pa\u00eds, la convirti\u00f3 en \u00abuna de las mujeres m\u00e1s ic\u00f3nicas y persuasivas de nuestra era\u00bb.<\/p>\n<p>\u00abBecoming\u00bb relata la juventud de Michelle Obama en el sur de Chicago, su vida como una ejecutiva manteniendo el equilibrio entre el trabajo y sus hijas y su tiempo en la Casa Blanca junto con su esposo, que lider\u00f3 a Estados Unidos \u00aba trav\u00e9s de algunos de los momentos m\u00e1s horrorosos\u00bb, se\u00f1al\u00f3 su oficina.<\/p>\n<p>\u00abHablo de mis ra\u00edces y de c\u00f3mo una chica del sur de Chicago encontr\u00f3 su voz. Espero que mi recorrido inspire a los lectores a encontrar el coraje de convertirse en lo que aspiren ser\u00bb, escribi\u00f3 Obama en un tuit.<\/p>\n<p>Tanto Barack como Michelle Obama firmaron acuerdos con Penguin Random House a principios del a\u00f1o pasado. A pesar de que no se revelaron las condiciones econ\u00f1omicas, el \u00abFinancial Times\u00bb inform\u00f3 que la oferta ascendi\u00f3 a 60 millones de d\u00f3lares, un r\u00e9cord para unas memorias presidenciales.<\/p>\n<p>La mayor\u00eda de las primeras damas en la historia reciente publicaron sus memorias, entre ellas Hillary Clinton (\u00abLiving History\u00bb) y Laura Bush (\u00abSpoken from the Heart\u00bb).<\/p>\n","protected":false},"excerpt":{"rendered":"<p>Washington, 25 feb (dpa) &#8211; \u00abBecoming\u00bb, el libro de memorias de la ex primera dama de Estados Unidos Michelle Obama, se publicar\u00e1 el 13 de noviembre, anunci\u00f3 hoy la editorial Penguin Random House. El libro ser\u00e1 lanzado por Crown Publishing Group, subsidiaria de Penguin Random House, en Estados Unidos y Canad\u00e1, pero se publicar\u00e1 simult\u00e1neamente [&hellip;]<\/p>\n","protected":false},"author":1,"featured_media":752470,"comment_status":"closed","ping_status":"closed","sticky":false,"template":"","format":"standard","meta":{"footnotes":""},"categories":[1],"tags":[],"class_list":["post-970333","post","type-post","status-publish","format-standard","has-post-thumbnail","hentry","category-actualidad"],"aioseo_notices":[],"aioseo_head":"\n\t\t<!-- All in One SEO Pro 5.0.1 - aioseo.com -->\n\t<meta name=\"description\" content=\"Washington, 25 feb (dpa) - &quot;Becoming&quot;, el libro de memorias de la ex primera dama de Estados Unidos Michelle Obama, se publicar\u00e1 el 13 de noviembre, anunci\u00f3 hoy la editorial Penguin Random House. El libro ser\u00e1 lanzado por Crown Publishing Group, subsidiaria de Penguin Random House, en Estados Unidos y Canad\u00e1, pero se publicar\u00e1 simult\u00e1neamente\" \/>\n\t<meta name=\"robots\" content=\"max-image-preview:large\" \/>\n\t<meta name=\"author\" content=\"El Digital de Asturias\"\/>\n\t<meta name=\"google-site-verification\" content=\"UA-38556648-1\" \/>\n\t<meta name=\"msvalidate.01\" content=\"7dfe9f3f1b24437ab69f4f2559babe99\" \/>\n\t<meta name=\"keywords\" content=\"actualidad\" \/>\n\t<link rel=\"canonical\" href=\"https:\/\/www.eldigitaldeasturias.com\/noticias\/las-memorias-de-michelle-obama-se-publicaran-en-noviembre\/\" \/>\n\t<meta name=\"generator\" content=\"All in One SEO Pro (AIOSEO) 5.0.1\" \/>\n\t\t<meta property=\"og:locale\" content=\"es_ES\" \/>\n\t\t<meta property=\"og:site_name\" content=\"El Digital de Asturias\" \/>\n\t\t<meta property=\"og:type\" content=\"article\" \/>\n\t\t<meta property=\"og:title\" content=\"Las memorias de Michelle Obama se publicar\u00e1n en noviembre - El Digital de Asturias\" \/>\n\t\t<meta property=\"og:description\" content=\"Washington, 25 feb (dpa) - &quot;Becoming&quot;, el libro de memorias de la ex primera dama de Estados Unidos Michelle Obama, se publicar\u00e1 el 13 de noviembre, anunci\u00f3 hoy la editorial Penguin Random House. El libro ser\u00e1 lanzado por Crown Publishing Group, subsidiaria de Penguin Random House, en Estados Unidos y Canad\u00e1, pero se publicar\u00e1 simult\u00e1neamente\" \/>\n\t\t<meta property=\"og:url\" content=\"https:\/\/www.eldigitaldeasturias.com\/noticias\/las-memorias-de-michelle-obama-se-publicaran-en-noviembre\/\" \/>\n\t\t<meta property=\"article:tag\" content=\"actualidad\" \/>\n\t\t<meta property=\"article:published_time\" content=\"2018-02-25T23:30:52+00:00\" \/>\n\t\t<meta property=\"article:modified_time\" content=\"2018-02-25T23:30:52+00:00\" \/>\n\t\t<meta property=\"article:publisher\" content=\"https:\/\/facebook.com\/eldigitaldeasturias\" \/>\n\t\t<meta name=\"twitter:card\" content=\"summary_large_image\" \/>\n\t\t<meta name=\"twitter:title\" content=\"Las memorias de Michelle Obama se publicar\u00e1n en noviembre - El Digital de Asturias\" \/>\n\t\t<meta name=\"twitter:description\" content=\"Washington, 25 feb (dpa) - &quot;Becoming&quot;, el libro de memorias de la ex primera dama de Estados Unidos Michelle Obama, se publicar\u00e1 el 13 de noviembre, anunci\u00f3 hoy la editorial Penguin Random House. El libro ser\u00e1 lanzado por Crown Publishing Group, subsidiaria de Penguin Random House, en Estados Unidos y Canad\u00e1, pero se publicar\u00e1 simult\u00e1neamente\" \/>\n\t\t<meta name=\"twitter:image\" content=\"https:\/\/www.eldigitaldeasturias.com\/noticias\/wp-content\/uploads\/2020\/12\/EDA-1.jpg\" \/>\n\t\t<meta name=\"twitter:label1\" content=\"Escrito por\" \/>\n\t\t<meta name=\"twitter:data1\" content=\"El Digital de Asturias\" \/>\n\t\t<meta name=\"twitter:label2\" content=\"Tiempo de lectura estimado\" \/>\n\t\t<meta name=\"twitter:data2\" content=\"2 minutos\" \/>\n\t\t<script type=\"application\/ld+json\" class=\"aioseo-schema\">\n\t\t\t{\"@context\":\"https:\\\/\\\/schema.org\",\"@graph\":[{\"@type\":\"BlogPosting\",\"@id\":\"https:\\\/\\\/www.eldigitaldeasturias.com\\\/noticias\\\/las-memorias-de-michelle-obama-se-publicaran-en-noviembre\\\/#blogposting\",\"name\":\"Las memorias de Michelle Obama se publicar\\u00e1n en noviembre - El Digital de Asturias\",\"headline\":\"Las memorias de Michelle Obama se publicar\\u00e1n en noviembre\",\"author\":{\"@id\":\"https:\\\/\\\/www.eldigitaldeasturias.com\\\/noticias\\\/author\\\/admin\\\/#author\"},\"publisher\":{\"@id\":\"https:\\\/\\\/www.eldigitaldeasturias.com\\\/noticias\\\/#organization\"},\"image\":{\"@type\":\"ImageObject\",\"url\":752470},\"datePublished\":\"2018-02-25T23:30:52+01:00\",\"dateModified\":\"2018-02-25T23:30:52+01:00\",\"inLanguage\":\"es-ES\",\"mainEntityOfPage\":{\"@id\":\"https:\\\/\\\/www.eldigitaldeasturias.com\\\/noticias\\\/las-memorias-de-michelle-obama-se-publicaran-en-noviembre\\\/#webpage\"},\"isPartOf\":{\"@id\":\"https:\\\/\\\/www.eldigitaldeasturias.com\\\/noticias\\\/las-memorias-de-michelle-obama-se-publicaran-en-noviembre\\\/#webpage\"},\"articleSection\":\"Actualidad\"},{\"@type\":\"BreadcrumbList\",\"@id\":\"https:\\\/\\\/www.eldigitaldeasturias.com\\\/noticias\\\/las-memorias-de-michelle-obama-se-publicaran-en-noviembre\\\/#breadcrumblist\",\"itemListElement\":[{\"@type\":\"ListItem\",\"@id\":\"https:\\\/\\\/www.eldigitaldeasturias.com\\\/noticias#listItem\",\"position\":1,\"name\":\"Home\",\"item\":\"https:\\\/\\\/www.eldigitaldeasturias.com\\\/noticias\",\"nextItem\":{\"@type\":\"ListItem\",\"@id\":\"https:\\\/\\\/www.eldigitaldeasturias.com\\\/noticias\\\/category\\\/actualidad\\\/#listItem\",\"name\":\"Actualidad\"}},{\"@type\":\"ListItem\",\"@id\":\"https:\\\/\\\/www.eldigitaldeasturias.com\\\/noticias\\\/category\\\/actualidad\\\/#listItem\",\"position\":2,\"name\":\"Actualidad\",\"item\":\"https:\\\/\\\/www.eldigitaldeasturias.com\\\/noticias\\\/category\\\/actualidad\\\/\",\"nextItem\":{\"@type\":\"ListItem\",\"@id\":\"https:\\\/\\\/www.eldigitaldeasturias.com\\\/noticias\\\/las-memorias-de-michelle-obama-se-publicaran-en-noviembre\\\/#listItem\",\"name\":\"Las memorias de Michelle Obama se publicar\\u00e1n en noviembre\"},\"previousItem\":{\"@type\":\"ListItem\",\"@id\":\"https:\\\/\\\/www.eldigitaldeasturias.com\\\/noticias#listItem\",\"name\":\"Home\"}},{\"@type\":\"ListItem\",\"@id\":\"https:\\\/\\\/www.eldigitaldeasturias.com\\\/noticias\\\/las-memorias-de-michelle-obama-se-publicaran-en-noviembre\\\/#listItem\",\"position\":3,\"name\":\"Las memorias de Michelle Obama se publicar\\u00e1n en noviembre\",\"previousItem\":{\"@type\":\"ListItem\",\"@id\":\"https:\\\/\\\/www.eldigitaldeasturias.com\\\/noticias\\\/category\\\/actualidad\\\/#listItem\",\"name\":\"Actualidad\"}}]},{\"@type\":\"Organization\",\"@id\":\"https:\\\/\\\/www.eldigitaldeasturias.com\\\/noticias\\\/#organization\",\"name\":\"El Digital de Asturias\",\"description\":\"Hemeroteca\",\"url\":\"https:\\\/\\\/www.eldigitaldeasturias.com\\\/noticias\\\/\",\"email\":\"info@eldigitaldeasturias.com\",\"telephone\":\"+34652131393\",\"logo\":{\"@type\":\"ImageObject\",\"url\":\"https:\\\/\\\/www.eldigitaldeasturias.com\\\/noticias\\\/wp-content\\\/uploads\\\/2020\\\/12\\\/EDA.jpg\",\"@id\":\"https:\\\/\\\/www.eldigitaldeasturias.com\\\/noticias\\\/las-memorias-de-michelle-obama-se-publicaran-en-noviembre\\\/#organizationLogo\"},\"image\":{\"@id\":\"https:\\\/\\\/www.eldigitaldeasturias.com\\\/noticias\\\/las-memorias-de-michelle-obama-se-publicaran-en-noviembre\\\/#organizationLogo\"},\"sameAs\":[\"https:\\\/\\\/facebook.com\\\/eldigitaldeasturias\",\"https:\\\/\\\/www.youtube.com\\\/channel\\\/UCZP-2wLEB9Rv6erhFmqVnvg\"],\"address\":{\"@id\":\"https:\\\/\\\/www.eldigitaldeasturias.com\\\/noticias\\\/#postaladdress\",\"@type\":\"PostalAddress\",\"streetAddress\":\"san antonio 4\",\"postalCode\":\"33430\",\"addressLocality\":\"Cand\\u00e1s\",\"addressRegion\":\"Asturias\",\"addressCountry\":\"ES\"}},{\"@type\":\"Person\",\"@id\":\"https:\\\/\\\/www.eldigitaldeasturias.com\\\/noticias\\\/author\\\/admin\\\/#author\",\"url\":\"https:\\\/\\\/www.eldigitaldeasturias.com\\\/noticias\\\/author\\\/admin\\\/\",\"name\":\"El Digital de Asturias\",\"image\":{\"@type\":\"ImageObject\",\"@id\":\"https:\\\/\\\/www.eldigitaldeasturias.com\\\/noticias\\\/las-memorias-de-michelle-obama-se-publicaran-en-noviembre\\\/#authorImage\",\"url\":\"https:\\\/\\\/secure.gravatar.com\\\/avatar\\\/df2aeffc32bcd13f8d26072ef8a91b623d677766deac7f97ca815868cd41bf5e?s=96&d=mm&r=g\",\"width\":96,\"height\":96,\"caption\":\"El Digital de Asturias\"}},{\"@type\":\"WebPage\",\"@id\":\"https:\\\/\\\/www.eldigitaldeasturias.com\\\/noticias\\\/las-memorias-de-michelle-obama-se-publicaran-en-noviembre\\\/#webpage\",\"url\":\"https:\\\/\\\/www.eldigitaldeasturias.com\\\/noticias\\\/las-memorias-de-michelle-obama-se-publicaran-en-noviembre\\\/\",\"name\":\"Las memorias de Michelle Obama se publicar\\u00e1n en noviembre - El Digital de Asturias\",\"description\":\"Washington, 25 feb (dpa) - \\\"Becoming\\\", el libro de memorias de la ex primera dama de Estados Unidos Michelle Obama, se publicar\\u00e1 el 13 de noviembre, anunci\\u00f3 hoy la editorial Penguin Random House. El libro ser\\u00e1 lanzado por Crown Publishing Group, subsidiaria de Penguin Random House, en Estados Unidos y Canad\\u00e1, pero se publicar\\u00e1 simult\\u00e1neamente\",\"inLanguage\":\"es-ES\",\"isPartOf\":{\"@id\":\"https:\\\/\\\/www.eldigitaldeasturias.com\\\/noticias\\\/#website\"},\"breadcrumb\":{\"@id\":\"https:\\\/\\\/www.eldigitaldeasturias.com\\\/noticias\\\/las-memorias-de-michelle-obama-se-publicaran-en-noviembre\\\/#breadcrumblist\"},\"author\":{\"@id\":\"https:\\\/\\\/www.eldigitaldeasturias.com\\\/noticias\\\/author\\\/admin\\\/#author\"},\"creator\":{\"@id\":\"https:\\\/\\\/www.eldigitaldeasturias.com\\\/noticias\\\/author\\\/admin\\\/#author\"},\"image\":{\"@type\":\"ImageObject\",\"url\":752470,\"@id\":\"https:\\\/\\\/www.eldigitaldeasturias.com\\\/noticias\\\/las-memorias-de-michelle-obama-se-publicaran-en-noviembre\\\/#mainImage\"},\"primaryImageOfPage\":{\"@id\":\"https:\\\/\\\/www.eldigitaldeasturias.com\\\/noticias\\\/las-memorias-de-michelle-obama-se-publicaran-en-noviembre\\\/#mainImage\"},\"datePublished\":\"2018-02-25T23:30:52+01:00\",\"dateModified\":\"2018-02-25T23:30:52+01:00\"},{\"@type\":\"WebSite\",\"@id\":\"https:\\\/\\\/www.eldigitaldeasturias.com\\\/noticias\\\/#website\",\"url\":\"https:\\\/\\\/www.eldigitaldeasturias.com\\\/noticias\\\/\",\"name\":\"El Digital de Asturias - Diario de actualidad y noticias\",\"alternateName\":\"El Digital de Asturias - Diario de actualidad y noticias\",\"description\":\"Hemeroteca\",\"inLanguage\":\"es-ES\",\"publisher\":{\"@id\":\"https:\\\/\\\/www.eldigitaldeasturias.com\\\/noticias\\\/#organization\"}}]}\n\t\t<\/script>\n\t\t<!-- All in One SEO Pro -->\r\n\t\t<title>Las memorias de Michelle Obama se publicar\u00e1n en noviembre - El Digital de Asturias<\/title>\n\n","aioseo_head_json":{"title":"Las memorias de Michelle Obama se publicar\u00e1n en noviembre - El Digital de Asturias","description":"Washington, 25 feb (dpa) - \"Becoming\", el libro de memorias de la ex primera dama de Estados Unidos Michelle Obama, se publicar\u00e1 el 13 de noviembre, anunci\u00f3 hoy la editorial Penguin Random House. El libro ser\u00e1 lanzado por Crown Publishing Group, subsidiaria de Penguin Random House, en Estados Unidos y Canad\u00e1, pero se publicar\u00e1 simult\u00e1neamente","canonical_url":"https:\/\/www.eldigitaldeasturias.com\/noticias\/las-memorias-de-michelle-obama-se-publicaran-en-noviembre\/","robots":"max-image-preview:large","keywords":"actualidad","webmasterTools":{"google-site-verification":"UA-38556648-1","msvalidate.01":"7dfe9f3f1b24437ab69f4f2559babe99","miscellaneous":""},"schema":{"@context":"https:\/\/schema.org","@graph":[{"@type":"BlogPosting","@id":"https:\/\/www.eldigitaldeasturias.com\/noticias\/las-memorias-de-michelle-obama-se-publicaran-en-noviembre\/#blogposting","name":"Las memorias de Michelle Obama se publicar\u00e1n en noviembre - El Digital de Asturias","headline":"Las memorias de Michelle Obama se publicar\u00e1n en noviembre","author":{"@id":"https:\/\/www.eldigitaldeasturias.com\/noticias\/author\/admin\/#author"},"publisher":{"@id":"https:\/\/www.eldigitaldeasturias.com\/noticias\/#organization"},"image":{"@type":"ImageObject","url":752470},"datePublished":"2018-02-25T23:30:52+01:00","dateModified":"2018-02-25T23:30:52+01:00","inLanguage":"es-ES","mainEntityOfPage":{"@id":"https:\/\/www.eldigitaldeasturias.com\/noticias\/las-memorias-de-michelle-obama-se-publicaran-en-noviembre\/#webpage"},"isPartOf":{"@id":"https:\/\/www.eldigitaldeasturias.com\/noticias\/las-memorias-de-michelle-obama-se-publicaran-en-noviembre\/#webpage"},"articleSection":"Actualidad"},{"@type":"BreadcrumbList","@id":"https:\/\/www.eldigitaldeasturias.com\/noticias\/las-memorias-de-michelle-obama-se-publicaran-en-noviembre\/#breadcrumblist","itemListElement":[{"@type":"ListItem","@id":"https:\/\/www.eldigitaldeasturias.com\/noticias#listItem","position":1,"name":"Home","item":"https:\/\/www.eldigitaldeasturias.com\/noticias","nextItem":{"@type":"ListItem","@id":"https:\/\/www.eldigitaldeasturias.com\/noticias\/category\/actualidad\/#listItem","name":"Actualidad"}},{"@type":"ListItem","@id":"https:\/\/www.eldigitaldeasturias.com\/noticias\/category\/actualidad\/#listItem","position":2,"name":"Actualidad","item":"https:\/\/www.eldigitaldeasturias.com\/noticias\/category\/actualidad\/","nextItem":{"@type":"ListItem","@id":"https:\/\/www.eldigitaldeasturias.com\/noticias\/las-memorias-de-michelle-obama-se-publicaran-en-noviembre\/#listItem","name":"Las memorias de Michelle Obama se publicar\u00e1n en noviembre"},"previousItem":{"@type":"ListItem","@id":"https:\/\/www.eldigitaldeasturias.com\/noticias#listItem","name":"Home"}},{"@type":"ListItem","@id":"https:\/\/www.eldigitaldeasturias.com\/noticias\/las-memorias-de-michelle-obama-se-publicaran-en-noviembre\/#listItem","position":3,"name":"Las memorias de Michelle Obama se publicar\u00e1n en noviembre","previousItem":{"@type":"ListItem","@id":"https:\/\/www.eldigitaldeasturias.com\/noticias\/category\/actualidad\/#listItem","name":"Actualidad"}}]},{"@type":"Organization","@id":"https:\/\/www.eldigitaldeasturias.com\/noticias\/#organization","name":"El Digital de Asturias","description":"Hemeroteca","url":"https:\/\/www.eldigitaldeasturias.com\/noticias\/","email":"info@eldigitaldeasturias.com","telephone":"+34652131393","logo":{"@type":"ImageObject","url":"https:\/\/www.eldigitaldeasturias.com\/noticias\/wp-content\/uploads\/2020\/12\/EDA.jpg","@id":"https:\/\/www.eldigitaldeasturias.com\/noticias\/las-memorias-de-michelle-obama-se-publicaran-en-noviembre\/#organizationLogo"},"image":{"@id":"https:\/\/www.eldigitaldeasturias.com\/noticias\/las-memorias-de-michelle-obama-se-publicaran-en-noviembre\/#organizationLogo"},"sameAs":["https:\/\/facebook.com\/eldigitaldeasturias","https:\/\/www.youtube.com\/channel\/UCZP-2wLEB9Rv6erhFmqVnvg"],"address":{"@id":"https:\/\/www.eldigitaldeasturias.com\/noticias\/#postaladdress","@type":"PostalAddress","streetAddress":"san antonio 4","postalCode":"33430","addressLocality":"Cand\u00e1s","addressRegion":"Asturias","addressCountry":"ES"}},{"@type":"Person","@id":"https:\/\/www.eldigitaldeasturias.com\/noticias\/author\/admin\/#author","url":"https:\/\/www.eldigitaldeasturias.com\/noticias\/author\/admin\/","name":"El Digital de Asturias","image":{"@type":"ImageObject","@id":"https:\/\/www.eldigitaldeasturias.com\/noticias\/las-memorias-de-michelle-obama-se-publicaran-en-noviembre\/#authorImage","url":"https:\/\/secure.gravatar.com\/avatar\/df2aeffc32bcd13f8d26072ef8a91b623d677766deac7f97ca815868cd41bf5e?s=96&d=mm&r=g","width":96,"height":96,"caption":"El Digital de Asturias"}},{"@type":"WebPage","@id":"https:\/\/www.eldigitaldeasturias.com\/noticias\/las-memorias-de-michelle-obama-se-publicaran-en-noviembre\/#webpage","url":"https:\/\/www.eldigitaldeasturias.com\/noticias\/las-memorias-de-michelle-obama-se-publicaran-en-noviembre\/","name":"Las memorias de Michelle Obama se publicar\u00e1n en noviembre - El Digital de Asturias","description":"Washington, 25 feb (dpa) - \"Becoming\", el libro de memorias de la ex primera dama de Estados Unidos Michelle Obama, se publicar\u00e1 el 13 de noviembre, anunci\u00f3 hoy la editorial Penguin Random House. El libro ser\u00e1 lanzado por Crown Publishing Group, subsidiaria de Penguin Random House, en Estados Unidos y Canad\u00e1, pero se publicar\u00e1 simult\u00e1neamente","inLanguage":"es-ES","isPartOf":{"@id":"https:\/\/www.eldigitaldeasturias.com\/noticias\/#website"},"breadcrumb":{"@id":"https:\/\/www.eldigitaldeasturias.com\/noticias\/las-memorias-de-michelle-obama-se-publicaran-en-noviembre\/#breadcrumblist"},"author":{"@id":"https:\/\/www.eldigitaldeasturias.com\/noticias\/author\/admin\/#author"},"creator":{"@id":"https:\/\/www.eldigitaldeasturias.com\/noticias\/author\/admin\/#author"},"image":{"@type":"ImageObject","url":752470,"@id":"https:\/\/www.eldigitaldeasturias.com\/noticias\/las-memorias-de-michelle-obama-se-publicaran-en-noviembre\/#mainImage"},"primaryImageOfPage":{"@id":"https:\/\/www.eldigitaldeasturias.com\/noticias\/las-memorias-de-michelle-obama-se-publicaran-en-noviembre\/#mainImage"},"datePublished":"2018-02-25T23:30:52+01:00","dateModified":"2018-02-25T23:30:52+01:00"},{"@type":"WebSite","@id":"https:\/\/www.eldigitaldeasturias.com\/noticias\/#website","url":"https:\/\/www.eldigitaldeasturias.com\/noticias\/","name":"El Digital de Asturias - Diario de actualidad y noticias","alternateName":"El Digital de Asturias - Diario de actualidad y noticias","description":"Hemeroteca","inLanguage":"es-ES","publisher":{"@id":"https:\/\/www.eldigitaldeasturias.com\/noticias\/#organization"}}]},"og:locale":"es_ES","og:site_name":"El Digital de Asturias","og:type":"article","og:title":"Las memorias de Michelle Obama se publicar\u00e1n en noviembre - El Digital de Asturias","og:description":"Washington, 25 feb (dpa) - &quot;Becoming&quot;, el libro de memorias de la ex primera dama de Estados Unidos Michelle Obama, se publicar\u00e1 el 13 de noviembre, anunci\u00f3 hoy la editorial Penguin Random House. El libro ser\u00e1 lanzado por Crown Publishing Group, subsidiaria de Penguin Random House, en Estados Unidos y Canad\u00e1, pero se publicar\u00e1 simult\u00e1neamente","og:url":"https:\/\/www.eldigitaldeasturias.com\/noticias\/las-memorias-de-michelle-obama-se-publicaran-en-noviembre\/","article:tag":["actualidad"],"article:published_time":"2018-02-25T23:30:52+00:00","article:modified_time":"2018-02-25T23:30:52+00:00","article:publisher":"https:\/\/facebook.com\/eldigitaldeasturias","twitter:card":"summary_large_image","twitter:title":"Las memorias de Michelle Obama se publicar\u00e1n en noviembre - El Digital de Asturias","twitter:description":"Washington, 25 feb (dpa) - &quot;Becoming&quot;, el libro de memorias de la ex primera dama de Estados Unidos Michelle Obama, se publicar\u00e1 el 13 de noviembre, anunci\u00f3 hoy la editorial Penguin Random House. El libro ser\u00e1 lanzado por Crown Publishing Group, subsidiaria de Penguin Random House, en Estados Unidos y Canad\u00e1, pero se publicar\u00e1 simult\u00e1neamente","twitter:image":"https:\/\/www.eldigitaldeasturias.com\/noticias\/wp-content\/uploads\/2020\/12\/EDA-1.jpg","twitter:label1":"Escrito por","twitter:data1":"El Digital de Asturias","twitter:label2":"Tiempo de lectura estimado","twitter:data2":"2 minutos"},"aioseo_meta_data":{"post_id":"970333","title":null,"description":null,"keywords":null,"keyphrases":null,"primary_term":null,"canonical_url":null,"og_title":null,"og_description":null,"og_object_type":"default","og_image_type":"default","og_image_url":null,"og_image_width":null,"og_image_height":null,"og_image_custom_url":null,"og_image_custom_fields":null,"og_video":null,"og_custom_url":null,"og_article_section":null,"og_article_tags":null,"twitter_use_og":false,"twitter_card":"default","twitter_image_type":"default","twitter_image_url":null,"twitter_image_custom_url":null,"twitter_image_custom_fields":null,"twitter_title":null,"twitter_description":null,"schema":{"blockGraphs":[],"customGraphs":[],"default":{"data":{"Article":[],"Course":[],"Dataset":[],"FAQPage":[],"Movie":[],"Person":[],"Product":[],"ProductReview":[],"Car":[],"Recipe":[],"Service":[],"SoftwareApplication":[],"WebPage":[]},"graphName":"","isEnabled":true},"graphs":[],"defaultGraph":"","defaultPostTypeGraph":""},"schema_type":null,"schema_type_options":null,"pillar_content":false,"robots_default":true,"robots_noindex":false,"robots_noarchive":false,"robots_nosnippet":false,"robots_nofollow":false,"robots_noimageindex":false,"robots_noodp":false,"robots_notranslate":false,"robots_max_snippet":null,"robots_max_videopreview":null,"robots_max_imagepreview":"large","priority":null,"frequency":null,"local_seo":null,"seo_analyzer_scan_date":"2025-10-07 05:11:27","breadcrumb_settings":null,"limit_modified_date":false,"open_ai":null,"ai":null,"created":"2020-12-21 12:24:37","updated":"2025-10-07 05:11:27","focus_keyword":null,"additional_keywords":null,"truseo_locale":null},"aioseo_breadcrumb":"<div class=\"aioseo-breadcrumbs\"><span class=\"aioseo-breadcrumb\">\n\t<a href=\"https:\/\/www.eldigitaldeasturias.com\/noticias\" title=\"Home\">Home<\/a>\n<\/span><span class=\"aioseo-breadcrumb-separator\">\u2013<\/span><span class=\"aioseo-breadcrumb\">\n\t<a href=\"https:\/\/www.eldigitaldeasturias.com\/noticias\/category\/actualidad\/\" title=\"Actualidad\">Actualidad<\/a>\n<\/span><span class=\"aioseo-breadcrumb-separator\">\u2013<\/span><span class=\"aioseo-breadcrumb\">\n\t<a href=\"https:\/\/www.eldigitaldeasturias.com\/noticias\/las-memorias-de-michelle-obama-se-publicaran-en-noviembre\/\" title=\"Las memorias de Michelle Obama se publicar\u00e1n en noviembre\">Las memorias de Michelle Obama se publicar\u00e1n en noviembre<\/a>\n<\/span><\/div>","aioseo_breadcrumb_json":[{"label":"Home","link":"https:\/\/www.eldigitaldeasturias.com\/noticias"},{"label":"Actualidad","link":"https:\/\/www.eldigitaldeasturias.com\/noticias\/category\/actualidad\/"},{"label":"Las memorias de Michelle Obama se publicar\u00e1n en noviembre","link":"https:\/\/www.eldigitaldeasturias.com\/noticias\/las-memorias-de-michelle-obama-se-publicaran-en-noviembre\/"}],"_links":{"self":[{"href":"https:\/\/www.eldigitaldeasturias.com\/noticias\/wp-json\/wp\/v2\/posts\/970333","targetHints":{"allow":["GET"]}}],"collection":[{"href":"https:\/\/www.eldigitaldeasturias.com\/noticias\/wp-json\/wp\/v2\/posts"}],"about":[{"href":"https:\/\/www.eldigitaldeasturias.com\/noticias\/wp-json\/wp\/v2\/types\/post"}],"author":[{"embeddable":true,"href":"https:\/\/www.eldigitaldeasturias.com\/noticias\/wp-json\/wp\/v2\/users\/1"}],"replies":[{"embeddable":true,"href":"https:\/\/www.eldigitaldeasturias.com\/noticias\/wp-json\/wp\/v2\/comments?post=970333"}],"version-history":[{"count":0,"href":"https:\/\/www.eldigitaldeasturias.com\/noticias\/wp-json\/wp\/v2\/posts\/970333\/revisions"}],"wp:attachment":[{"href":"https:\/\/www.eldigitaldeasturias.com\/noticias\/wp-json\/wp\/v2\/media?parent=970333"}],"wp:term":[{"taxonomy":"category","embeddable":true,"href":"https:\/\/www.eldigitaldeasturias.com\/noticias\/wp-json\/wp\/v2\/categories?post=970333"},{"taxonomy":"post_tag","embeddable":true,"href":"https:\/\/www.eldigitaldeasturias.com\/noticias\/wp-json\/wp\/v2\/tags?post=970333"}],"curies":[{"name":"wp","href":"https:\/\/api.w.org\/{rel}","templated":true}]}}