{"id":970242,"date":"2018-02-25T01:07:15","date_gmt":"2018-02-25T01:07:15","guid":{"rendered":"http:\/\/www.eldigitaldeasturias.com\/noticias\/?p=970242"},"modified":"2018-02-25T01:07:15","modified_gmt":"2018-02-25T01:07:15","slug":"el-poder-judicial-estima-grave-hablar-de-presos-politicos-en-espana","status":"publish","type":"post","link":"https:\/\/www.eldigitaldeasturias.com\/noticias\/el-poder-judicial-estima-grave-hablar-de-presos-politicos-en-espana\/","title":{"rendered":"El Poder Judicial estima \u00abgrave\u00bb hablar de presos pol\u00edticos en Espa\u00f1a"},"content":{"rendered":"<p><img loading=\"lazy\" decoding=\"async\" class=\"alignleft size-medium wp-image-887572\" src=\"https:\/\/www.eldigitaldeasturias.com\/noticias\/wp-content\/uploads\/2016\/06\/fotonoticia_20160602125634_800-360x270.jpg\" alt=\"\" width=\"360\" height=\"270\" \/>Madrid, 24 feb (dpa) &#8211; El Poder Judicial espa\u00f1ol consider\u00f3 hoy \u00abuna descalificaci\u00f3n muy grave\u00bb afirmar \u00abla existencia de presos pol\u00edticos en Espa\u00f1a\u00bb despu\u00e9s de que as\u00ed lo hiciera el viernes el presidente del Parlamento regional de Catalu\u00f1a, el independentista Roger Torrent.<\/p>\n<p>El representante institucional levant\u00f3 la pol\u00e9mica en un acto solemne celebrado en Barcelona al referirse a \u00abpresos pol\u00edticos acusados de rebeli\u00f3n y sedici\u00f3n por delitos inexistentes\u00bb en alusi\u00f3n a los pol\u00edticos y l\u00edderes civiles catalanes encarcelados por su presunto v\u00ednculo con el proceso independentista en la regi\u00f3n espa\u00f1ola.<\/p>\n<p>Varias autoridades judiciales abandonaran la sala donde ten\u00eda lugar el acto, en el Colegio de Abogados de Barcelona.<\/p>\n<p>El Consejo General del Poder Judicial, \u00f3rgano de Gobierno del Poder Judicial de Espa\u00f1a, aprob\u00f3 hoy una declaraci\u00f3n en la que record\u00f3 que act\u00faa siempre \u00abdesde la m\u00e1s absoluta independencia\u00bb.<\/p>\n<p>\u00abAfirmar la existencia de presos pol\u00edticos, y en especial por un representante institucional, es una descalificaci\u00f3n muy grave de la funci\u00f3n judicial, que trasciende al propio Poder Judicial, atacando frontalmente a nuestro modelo de convivencia\u00bb, expres\u00f3 el \u00f3rgano.<\/p>\n<p>Las palabras de Torrent levantaron revuelo pol\u00edtico y social en plena crisis independentista en Catalu\u00f1a. El ministro de Justicia espa\u00f1ol, Rafael Catal\u00e1, asegur\u00f3 que el presidente del \u00abParlament\u00bb se \u00abequivoc\u00f3 profundamente\u00bb, seg\u00fan dijo al concluir al acto, al que asisti\u00f3.<\/p>\n<p>Pese a las cr\u00edticas, Roger Torrent insisti\u00f3 hoy en que continuar\u00e1 \u00abdenunciando la situaci\u00f3n de los diputados presos y exiliados\u00bb, en referencia a los independentistas encarcelados y tambi\u00e9n a los seis pol\u00edticos que permanecen fuera de Espa\u00f1a para evitar ser detenidos, entre ellos el ex jefe del Gobierno catal\u00e1n Carles Puigdemont.<\/p>\n<p>El Poder Judicial destac\u00f3 que \u00ablas situaciones de prisi\u00f3n provisional que se dan en los procedimientos seguidos en los tribunales espa\u00f1oles lo son como consecuencia de decisiones judiciales motivadas y adoptadas en el curso de un proceso con todas las garant\u00edas y en el ejercicio leg\u00edtimo de la funci\u00f3n jurisdiccional\u00bb.<\/p>\n","protected":false},"excerpt":{"rendered":"<p>Madrid, 24 feb (dpa) &#8211; El Poder Judicial espa\u00f1ol consider\u00f3 hoy \u00abuna descalificaci\u00f3n muy grave\u00bb afirmar \u00abla existencia de presos pol\u00edticos en Espa\u00f1a\u00bb despu\u00e9s de que as\u00ed lo hiciera el viernes el presidente del Parlamento regional de Catalu\u00f1a, el independentista Roger Torrent. El representante institucional levant\u00f3 la pol\u00e9mica en un acto solemne celebrado en Barcelona [&hellip;]<\/p>\n","protected":false},"author":1,"featured_media":887572,"comment_status":"closed","ping_status":"closed","sticky":false,"template":"","format":"standard","meta":{"footnotes":""},"categories":[1],"tags":[],"class_list":["post-970242","post","type-post","status-publish","format-standard","has-post-thumbnail","hentry","category-actualidad"],"aioseo_notices":[],"aioseo_head":"\n\t\t<!-- All in One SEO Pro 5.0.1 - aioseo.com -->\n\t<meta name=\"description\" content=\"Madrid, 24 feb (dpa) - El Poder Judicial espa\u00f1ol consider\u00f3 hoy &quot;una descalificaci\u00f3n muy grave&quot; afirmar &quot;la existencia de presos pol\u00edticos en Espa\u00f1a&quot; despu\u00e9s de que as\u00ed lo hiciera el viernes el presidente del Parlamento regional de Catalu\u00f1a, el independentista Roger Torrent. El representante institucional levant\u00f3 la pol\u00e9mica en un acto solemne celebrado en Barcelona\" \/>\n\t<meta name=\"robots\" content=\"max-image-preview:large\" \/>\n\t<meta name=\"author\" content=\"El Digital de Asturias\"\/>\n\t<meta name=\"google-site-verification\" content=\"UA-38556648-1\" \/>\n\t<meta name=\"msvalidate.01\" content=\"7dfe9f3f1b24437ab69f4f2559babe99\" \/>\n\t<meta name=\"keywords\" content=\"actualidad\" \/>\n\t<link rel=\"canonical\" href=\"https:\/\/www.eldigitaldeasturias.com\/noticias\/el-poder-judicial-estima-grave-hablar-de-presos-politicos-en-espana\/\" \/>\n\t<meta name=\"generator\" content=\"All in One SEO Pro (AIOSEO) 5.0.1\" \/>\n\t\t<meta property=\"og:locale\" content=\"es_ES\" \/>\n\t\t<meta property=\"og:site_name\" content=\"El Digital de Asturias\" \/>\n\t\t<meta property=\"og:type\" content=\"article\" \/>\n\t\t<meta property=\"og:title\" content=\"El Poder Judicial estima \u00abgrave\u00bb hablar de presos pol\u00edticos en Espa\u00f1a - El Digital de Asturias\" \/>\n\t\t<meta property=\"og:description\" content=\"Madrid, 24 feb (dpa) - El Poder Judicial espa\u00f1ol consider\u00f3 hoy &quot;una descalificaci\u00f3n muy grave&quot; afirmar &quot;la existencia de presos pol\u00edticos en Espa\u00f1a&quot; despu\u00e9s de que as\u00ed lo hiciera el viernes el presidente del Parlamento regional de Catalu\u00f1a, el independentista Roger Torrent. El representante institucional levant\u00f3 la pol\u00e9mica en un acto solemne celebrado en Barcelona\" \/>\n\t\t<meta property=\"og:url\" content=\"https:\/\/www.eldigitaldeasturias.com\/noticias\/el-poder-judicial-estima-grave-hablar-de-presos-politicos-en-espana\/\" \/>\n\t\t<meta property=\"article:tag\" content=\"actualidad\" \/>\n\t\t<meta property=\"article:published_time\" content=\"2018-02-25T01:07:15+00:00\" \/>\n\t\t<meta property=\"article:modified_time\" content=\"2018-02-25T01:07:15+00:00\" \/>\n\t\t<meta property=\"article:publisher\" content=\"https:\/\/facebook.com\/eldigitaldeasturias\" \/>\n\t\t<meta name=\"twitter:card\" content=\"summary_large_image\" \/>\n\t\t<meta name=\"twitter:title\" content=\"El Poder Judicial estima \u00abgrave\u00bb hablar de presos pol\u00edticos en Espa\u00f1a - El Digital de Asturias\" \/>\n\t\t<meta name=\"twitter:description\" content=\"Madrid, 24 feb (dpa) - El Poder Judicial espa\u00f1ol consider\u00f3 hoy &quot;una descalificaci\u00f3n muy grave&quot; afirmar &quot;la existencia de presos pol\u00edticos en Espa\u00f1a&quot; despu\u00e9s de que as\u00ed lo hiciera el viernes el presidente del Parlamento regional de Catalu\u00f1a, el independentista Roger Torrent. El representante institucional levant\u00f3 la pol\u00e9mica en un acto solemne celebrado en Barcelona\" \/>\n\t\t<meta name=\"twitter:image\" content=\"https:\/\/www.eldigitaldeasturias.com\/noticias\/wp-content\/uploads\/2020\/12\/EDA-1.jpg\" \/>\n\t\t<meta name=\"twitter:label1\" content=\"Escrito por\" \/>\n\t\t<meta name=\"twitter:data1\" content=\"El Digital de Asturias\" \/>\n\t\t<meta name=\"twitter:label2\" content=\"Tiempo de lectura estimado\" \/>\n\t\t<meta name=\"twitter:data2\" content=\"2 minutos\" \/>\n\t\t<script type=\"application\/ld+json\" class=\"aioseo-schema\">\n\t\t\t{\"@context\":\"https:\\\/\\\/schema.org\",\"@graph\":[{\"@type\":\"BlogPosting\",\"@id\":\"https:\\\/\\\/www.eldigitaldeasturias.com\\\/noticias\\\/el-poder-judicial-estima-grave-hablar-de-presos-politicos-en-espana\\\/#blogposting\",\"name\":\"El Poder Judicial estima \\u00abgrave\\u00bb hablar de presos pol\\u00edticos en Espa\\u00f1a - El Digital de Asturias\",\"headline\":\"El Poder Judicial estima \\u00abgrave\\u00bb hablar de presos pol\\u00edticos en Espa\\u00f1a\",\"author\":{\"@id\":\"https:\\\/\\\/www.eldigitaldeasturias.com\\\/noticias\\\/author\\\/admin\\\/#author\"},\"publisher\":{\"@id\":\"https:\\\/\\\/www.eldigitaldeasturias.com\\\/noticias\\\/#organization\"},\"image\":{\"@type\":\"ImageObject\",\"url\":887572},\"datePublished\":\"2018-02-25T01:07:15+01:00\",\"dateModified\":\"2018-02-25T01:07:15+01:00\",\"inLanguage\":\"es-ES\",\"mainEntityOfPage\":{\"@id\":\"https:\\\/\\\/www.eldigitaldeasturias.com\\\/noticias\\\/el-poder-judicial-estima-grave-hablar-de-presos-politicos-en-espana\\\/#webpage\"},\"isPartOf\":{\"@id\":\"https:\\\/\\\/www.eldigitaldeasturias.com\\\/noticias\\\/el-poder-judicial-estima-grave-hablar-de-presos-politicos-en-espana\\\/#webpage\"},\"articleSection\":\"Actualidad\"},{\"@type\":\"BreadcrumbList\",\"@id\":\"https:\\\/\\\/www.eldigitaldeasturias.com\\\/noticias\\\/el-poder-judicial-estima-grave-hablar-de-presos-politicos-en-espana\\\/#breadcrumblist\",\"itemListElement\":[{\"@type\":\"ListItem\",\"@id\":\"https:\\\/\\\/www.eldigitaldeasturias.com\\\/noticias#listItem\",\"position\":1,\"name\":\"Home\",\"item\":\"https:\\\/\\\/www.eldigitaldeasturias.com\\\/noticias\",\"nextItem\":{\"@type\":\"ListItem\",\"@id\":\"https:\\\/\\\/www.eldigitaldeasturias.com\\\/noticias\\\/category\\\/actualidad\\\/#listItem\",\"name\":\"Actualidad\"}},{\"@type\":\"ListItem\",\"@id\":\"https:\\\/\\\/www.eldigitaldeasturias.com\\\/noticias\\\/category\\\/actualidad\\\/#listItem\",\"position\":2,\"name\":\"Actualidad\",\"item\":\"https:\\\/\\\/www.eldigitaldeasturias.com\\\/noticias\\\/category\\\/actualidad\\\/\",\"nextItem\":{\"@type\":\"ListItem\",\"@id\":\"https:\\\/\\\/www.eldigitaldeasturias.com\\\/noticias\\\/el-poder-judicial-estima-grave-hablar-de-presos-politicos-en-espana\\\/#listItem\",\"name\":\"El Poder Judicial estima \\u00abgrave\\u00bb hablar de presos pol\\u00edticos en Espa\\u00f1a\"},\"previousItem\":{\"@type\":\"ListItem\",\"@id\":\"https:\\\/\\\/www.eldigitaldeasturias.com\\\/noticias#listItem\",\"name\":\"Home\"}},{\"@type\":\"ListItem\",\"@id\":\"https:\\\/\\\/www.eldigitaldeasturias.com\\\/noticias\\\/el-poder-judicial-estima-grave-hablar-de-presos-politicos-en-espana\\\/#listItem\",\"position\":3,\"name\":\"El Poder Judicial estima \\u00abgrave\\u00bb hablar de presos pol\\u00edticos en Espa\\u00f1a\",\"previousItem\":{\"@type\":\"ListItem\",\"@id\":\"https:\\\/\\\/www.eldigitaldeasturias.com\\\/noticias\\\/category\\\/actualidad\\\/#listItem\",\"name\":\"Actualidad\"}}]},{\"@type\":\"Organization\",\"@id\":\"https:\\\/\\\/www.eldigitaldeasturias.com\\\/noticias\\\/#organization\",\"name\":\"El Digital de Asturias\",\"description\":\"Hemeroteca\",\"url\":\"https:\\\/\\\/www.eldigitaldeasturias.com\\\/noticias\\\/\",\"email\":\"info@eldigitaldeasturias.com\",\"telephone\":\"+34652131393\",\"logo\":{\"@type\":\"ImageObject\",\"url\":\"https:\\\/\\\/www.eldigitaldeasturias.com\\\/noticias\\\/wp-content\\\/uploads\\\/2020\\\/12\\\/EDA.jpg\",\"@id\":\"https:\\\/\\\/www.eldigitaldeasturias.com\\\/noticias\\\/el-poder-judicial-estima-grave-hablar-de-presos-politicos-en-espana\\\/#organizationLogo\"},\"image\":{\"@id\":\"https:\\\/\\\/www.eldigitaldeasturias.com\\\/noticias\\\/el-poder-judicial-estima-grave-hablar-de-presos-politicos-en-espana\\\/#organizationLogo\"},\"sameAs\":[\"https:\\\/\\\/facebook.com\\\/eldigitaldeasturias\",\"https:\\\/\\\/www.youtube.com\\\/channel\\\/UCZP-2wLEB9Rv6erhFmqVnvg\"],\"address\":{\"@id\":\"https:\\\/\\\/www.eldigitaldeasturias.com\\\/noticias\\\/#postaladdress\",\"@type\":\"PostalAddress\",\"streetAddress\":\"san antonio 4\",\"postalCode\":\"33430\",\"addressLocality\":\"Cand\\u00e1s\",\"addressRegion\":\"Asturias\",\"addressCountry\":\"ES\"}},{\"@type\":\"Person\",\"@id\":\"https:\\\/\\\/www.eldigitaldeasturias.com\\\/noticias\\\/author\\\/admin\\\/#author\",\"url\":\"https:\\\/\\\/www.eldigitaldeasturias.com\\\/noticias\\\/author\\\/admin\\\/\",\"name\":\"El Digital de Asturias\",\"image\":{\"@type\":\"ImageObject\",\"@id\":\"https:\\\/\\\/www.eldigitaldeasturias.com\\\/noticias\\\/el-poder-judicial-estima-grave-hablar-de-presos-politicos-en-espana\\\/#authorImage\",\"url\":\"https:\\\/\\\/secure.gravatar.com\\\/avatar\\\/df2aeffc32bcd13f8d26072ef8a91b623d677766deac7f97ca815868cd41bf5e?s=96&d=mm&r=g\",\"width\":96,\"height\":96,\"caption\":\"El Digital de Asturias\"}},{\"@type\":\"WebPage\",\"@id\":\"https:\\\/\\\/www.eldigitaldeasturias.com\\\/noticias\\\/el-poder-judicial-estima-grave-hablar-de-presos-politicos-en-espana\\\/#webpage\",\"url\":\"https:\\\/\\\/www.eldigitaldeasturias.com\\\/noticias\\\/el-poder-judicial-estima-grave-hablar-de-presos-politicos-en-espana\\\/\",\"name\":\"El Poder Judicial estima \\u00abgrave\\u00bb hablar de presos pol\\u00edticos en Espa\\u00f1a - El Digital de Asturias\",\"description\":\"Madrid, 24 feb (dpa) - El Poder Judicial espa\\u00f1ol consider\\u00f3 hoy \\\"una descalificaci\\u00f3n muy grave\\\" afirmar \\\"la existencia de presos pol\\u00edticos en Espa\\u00f1a\\\" despu\\u00e9s de que as\\u00ed lo hiciera el viernes el presidente del Parlamento regional de Catalu\\u00f1a, el independentista Roger Torrent. El representante institucional levant\\u00f3 la pol\\u00e9mica en un acto solemne celebrado en Barcelona\",\"inLanguage\":\"es-ES\",\"isPartOf\":{\"@id\":\"https:\\\/\\\/www.eldigitaldeasturias.com\\\/noticias\\\/#website\"},\"breadcrumb\":{\"@id\":\"https:\\\/\\\/www.eldigitaldeasturias.com\\\/noticias\\\/el-poder-judicial-estima-grave-hablar-de-presos-politicos-en-espana\\\/#breadcrumblist\"},\"author\":{\"@id\":\"https:\\\/\\\/www.eldigitaldeasturias.com\\\/noticias\\\/author\\\/admin\\\/#author\"},\"creator\":{\"@id\":\"https:\\\/\\\/www.eldigitaldeasturias.com\\\/noticias\\\/author\\\/admin\\\/#author\"},\"image\":{\"@type\":\"ImageObject\",\"url\":887572,\"@id\":\"https:\\\/\\\/www.eldigitaldeasturias.com\\\/noticias\\\/el-poder-judicial-estima-grave-hablar-de-presos-politicos-en-espana\\\/#mainImage\"},\"primaryImageOfPage\":{\"@id\":\"https:\\\/\\\/www.eldigitaldeasturias.com\\\/noticias\\\/el-poder-judicial-estima-grave-hablar-de-presos-politicos-en-espana\\\/#mainImage\"},\"datePublished\":\"2018-02-25T01:07:15+01:00\",\"dateModified\":\"2018-02-25T01:07:15+01:00\"},{\"@type\":\"WebSite\",\"@id\":\"https:\\\/\\\/www.eldigitaldeasturias.com\\\/noticias\\\/#website\",\"url\":\"https:\\\/\\\/www.eldigitaldeasturias.com\\\/noticias\\\/\",\"name\":\"El Digital de Asturias - Diario de actualidad y noticias\",\"alternateName\":\"El Digital de Asturias - Diario de actualidad y noticias\",\"description\":\"Hemeroteca\",\"inLanguage\":\"es-ES\",\"publisher\":{\"@id\":\"https:\\\/\\\/www.eldigitaldeasturias.com\\\/noticias\\\/#organization\"}}]}\n\t\t<\/script>\n\t\t<!-- All in One SEO Pro -->\r\n\t\t<title>El Poder Judicial estima \u00abgrave\u00bb hablar de presos pol\u00edticos en Espa\u00f1a - El Digital de Asturias<\/title>\n\n","aioseo_head_json":{"title":"El Poder Judicial estima \u00abgrave\u00bb hablar de presos pol\u00edticos en Espa\u00f1a - El Digital de Asturias","description":"Madrid, 24 feb (dpa) - El Poder Judicial espa\u00f1ol consider\u00f3 hoy \"una descalificaci\u00f3n muy grave\" afirmar \"la existencia de presos pol\u00edticos en Espa\u00f1a\" despu\u00e9s de que as\u00ed lo hiciera el viernes el presidente del Parlamento regional de Catalu\u00f1a, el independentista Roger Torrent. El representante institucional levant\u00f3 la pol\u00e9mica en un acto solemne celebrado en Barcelona","canonical_url":"https:\/\/www.eldigitaldeasturias.com\/noticias\/el-poder-judicial-estima-grave-hablar-de-presos-politicos-en-espana\/","robots":"max-image-preview:large","keywords":"actualidad","webmasterTools":{"google-site-verification":"UA-38556648-1","msvalidate.01":"7dfe9f3f1b24437ab69f4f2559babe99","miscellaneous":""},"schema":{"@context":"https:\/\/schema.org","@graph":[{"@type":"BlogPosting","@id":"https:\/\/www.eldigitaldeasturias.com\/noticias\/el-poder-judicial-estima-grave-hablar-de-presos-politicos-en-espana\/#blogposting","name":"El Poder Judicial estima \u00abgrave\u00bb hablar de presos pol\u00edticos en Espa\u00f1a - El Digital de Asturias","headline":"El Poder Judicial estima \u00abgrave\u00bb hablar de presos pol\u00edticos en Espa\u00f1a","author":{"@id":"https:\/\/www.eldigitaldeasturias.com\/noticias\/author\/admin\/#author"},"publisher":{"@id":"https:\/\/www.eldigitaldeasturias.com\/noticias\/#organization"},"image":{"@type":"ImageObject","url":887572},"datePublished":"2018-02-25T01:07:15+01:00","dateModified":"2018-02-25T01:07:15+01:00","inLanguage":"es-ES","mainEntityOfPage":{"@id":"https:\/\/www.eldigitaldeasturias.com\/noticias\/el-poder-judicial-estima-grave-hablar-de-presos-politicos-en-espana\/#webpage"},"isPartOf":{"@id":"https:\/\/www.eldigitaldeasturias.com\/noticias\/el-poder-judicial-estima-grave-hablar-de-presos-politicos-en-espana\/#webpage"},"articleSection":"Actualidad"},{"@type":"BreadcrumbList","@id":"https:\/\/www.eldigitaldeasturias.com\/noticias\/el-poder-judicial-estima-grave-hablar-de-presos-politicos-en-espana\/#breadcrumblist","itemListElement":[{"@type":"ListItem","@id":"https:\/\/www.eldigitaldeasturias.com\/noticias#listItem","position":1,"name":"Home","item":"https:\/\/www.eldigitaldeasturias.com\/noticias","nextItem":{"@type":"ListItem","@id":"https:\/\/www.eldigitaldeasturias.com\/noticias\/category\/actualidad\/#listItem","name":"Actualidad"}},{"@type":"ListItem","@id":"https:\/\/www.eldigitaldeasturias.com\/noticias\/category\/actualidad\/#listItem","position":2,"name":"Actualidad","item":"https:\/\/www.eldigitaldeasturias.com\/noticias\/category\/actualidad\/","nextItem":{"@type":"ListItem","@id":"https:\/\/www.eldigitaldeasturias.com\/noticias\/el-poder-judicial-estima-grave-hablar-de-presos-politicos-en-espana\/#listItem","name":"El Poder Judicial estima \u00abgrave\u00bb hablar de presos pol\u00edticos en Espa\u00f1a"},"previousItem":{"@type":"ListItem","@id":"https:\/\/www.eldigitaldeasturias.com\/noticias#listItem","name":"Home"}},{"@type":"ListItem","@id":"https:\/\/www.eldigitaldeasturias.com\/noticias\/el-poder-judicial-estima-grave-hablar-de-presos-politicos-en-espana\/#listItem","position":3,"name":"El Poder Judicial estima \u00abgrave\u00bb hablar de presos pol\u00edticos en Espa\u00f1a","previousItem":{"@type":"ListItem","@id":"https:\/\/www.eldigitaldeasturias.com\/noticias\/category\/actualidad\/#listItem","name":"Actualidad"}}]},{"@type":"Organization","@id":"https:\/\/www.eldigitaldeasturias.com\/noticias\/#organization","name":"El Digital de Asturias","description":"Hemeroteca","url":"https:\/\/www.eldigitaldeasturias.com\/noticias\/","email":"info@eldigitaldeasturias.com","telephone":"+34652131393","logo":{"@type":"ImageObject","url":"https:\/\/www.eldigitaldeasturias.com\/noticias\/wp-content\/uploads\/2020\/12\/EDA.jpg","@id":"https:\/\/www.eldigitaldeasturias.com\/noticias\/el-poder-judicial-estima-grave-hablar-de-presos-politicos-en-espana\/#organizationLogo"},"image":{"@id":"https:\/\/www.eldigitaldeasturias.com\/noticias\/el-poder-judicial-estima-grave-hablar-de-presos-politicos-en-espana\/#organizationLogo"},"sameAs":["https:\/\/facebook.com\/eldigitaldeasturias","https:\/\/www.youtube.com\/channel\/UCZP-2wLEB9Rv6erhFmqVnvg"],"address":{"@id":"https:\/\/www.eldigitaldeasturias.com\/noticias\/#postaladdress","@type":"PostalAddress","streetAddress":"san antonio 4","postalCode":"33430","addressLocality":"Cand\u00e1s","addressRegion":"Asturias","addressCountry":"ES"}},{"@type":"Person","@id":"https:\/\/www.eldigitaldeasturias.com\/noticias\/author\/admin\/#author","url":"https:\/\/www.eldigitaldeasturias.com\/noticias\/author\/admin\/","name":"El Digital de Asturias","image":{"@type":"ImageObject","@id":"https:\/\/www.eldigitaldeasturias.com\/noticias\/el-poder-judicial-estima-grave-hablar-de-presos-politicos-en-espana\/#authorImage","url":"https:\/\/secure.gravatar.com\/avatar\/df2aeffc32bcd13f8d26072ef8a91b623d677766deac7f97ca815868cd41bf5e?s=96&d=mm&r=g","width":96,"height":96,"caption":"El Digital de Asturias"}},{"@type":"WebPage","@id":"https:\/\/www.eldigitaldeasturias.com\/noticias\/el-poder-judicial-estima-grave-hablar-de-presos-politicos-en-espana\/#webpage","url":"https:\/\/www.eldigitaldeasturias.com\/noticias\/el-poder-judicial-estima-grave-hablar-de-presos-politicos-en-espana\/","name":"El Poder Judicial estima \u00abgrave\u00bb hablar de presos pol\u00edticos en Espa\u00f1a - El Digital de Asturias","description":"Madrid, 24 feb (dpa) - El Poder Judicial espa\u00f1ol consider\u00f3 hoy \"una descalificaci\u00f3n muy grave\" afirmar \"la existencia de presos pol\u00edticos en Espa\u00f1a\" despu\u00e9s de que as\u00ed lo hiciera el viernes el presidente del Parlamento regional de Catalu\u00f1a, el independentista Roger Torrent. El representante institucional levant\u00f3 la pol\u00e9mica en un acto solemne celebrado en Barcelona","inLanguage":"es-ES","isPartOf":{"@id":"https:\/\/www.eldigitaldeasturias.com\/noticias\/#website"},"breadcrumb":{"@id":"https:\/\/www.eldigitaldeasturias.com\/noticias\/el-poder-judicial-estima-grave-hablar-de-presos-politicos-en-espana\/#breadcrumblist"},"author":{"@id":"https:\/\/www.eldigitaldeasturias.com\/noticias\/author\/admin\/#author"},"creator":{"@id":"https:\/\/www.eldigitaldeasturias.com\/noticias\/author\/admin\/#author"},"image":{"@type":"ImageObject","url":887572,"@id":"https:\/\/www.eldigitaldeasturias.com\/noticias\/el-poder-judicial-estima-grave-hablar-de-presos-politicos-en-espana\/#mainImage"},"primaryImageOfPage":{"@id":"https:\/\/www.eldigitaldeasturias.com\/noticias\/el-poder-judicial-estima-grave-hablar-de-presos-politicos-en-espana\/#mainImage"},"datePublished":"2018-02-25T01:07:15+01:00","dateModified":"2018-02-25T01:07:15+01:00"},{"@type":"WebSite","@id":"https:\/\/www.eldigitaldeasturias.com\/noticias\/#website","url":"https:\/\/www.eldigitaldeasturias.com\/noticias\/","name":"El Digital de Asturias - Diario de actualidad y noticias","alternateName":"El Digital de Asturias - Diario de actualidad y noticias","description":"Hemeroteca","inLanguage":"es-ES","publisher":{"@id":"https:\/\/www.eldigitaldeasturias.com\/noticias\/#organization"}}]},"og:locale":"es_ES","og:site_name":"El Digital de Asturias","og:type":"article","og:title":"El Poder Judicial estima \u00abgrave\u00bb hablar de presos pol\u00edticos en Espa\u00f1a - El Digital de Asturias","og:description":"Madrid, 24 feb (dpa) - El Poder Judicial espa\u00f1ol consider\u00f3 hoy &quot;una descalificaci\u00f3n muy grave&quot; afirmar &quot;la existencia de presos pol\u00edticos en Espa\u00f1a&quot; despu\u00e9s de que as\u00ed lo hiciera el viernes el presidente del Parlamento regional de Catalu\u00f1a, el independentista Roger Torrent. El representante institucional levant\u00f3 la pol\u00e9mica en un acto solemne celebrado en Barcelona","og:url":"https:\/\/www.eldigitaldeasturias.com\/noticias\/el-poder-judicial-estima-grave-hablar-de-presos-politicos-en-espana\/","article:tag":["actualidad"],"article:published_time":"2018-02-25T01:07:15+00:00","article:modified_time":"2018-02-25T01:07:15+00:00","article:publisher":"https:\/\/facebook.com\/eldigitaldeasturias","twitter:card":"summary_large_image","twitter:title":"El Poder Judicial estima \u00abgrave\u00bb hablar de presos pol\u00edticos en Espa\u00f1a - El Digital de Asturias","twitter:description":"Madrid, 24 feb (dpa) - El Poder Judicial espa\u00f1ol consider\u00f3 hoy &quot;una descalificaci\u00f3n muy grave&quot; afirmar &quot;la existencia de presos pol\u00edticos en Espa\u00f1a&quot; despu\u00e9s de que as\u00ed lo hiciera el viernes el presidente del Parlamento regional de Catalu\u00f1a, el independentista Roger Torrent. El representante institucional levant\u00f3 la pol\u00e9mica en un acto solemne celebrado en Barcelona","twitter:image":"https:\/\/www.eldigitaldeasturias.com\/noticias\/wp-content\/uploads\/2020\/12\/EDA-1.jpg","twitter:label1":"Escrito por","twitter:data1":"El Digital de Asturias","twitter:label2":"Tiempo de lectura estimado","twitter:data2":"2 minutos"},"aioseo_meta_data":{"post_id":"970242","title":null,"description":null,"keywords":null,"keyphrases":null,"primary_term":null,"canonical_url":null,"og_title":null,"og_description":null,"og_object_type":"default","og_image_type":"default","og_image_url":null,"og_image_width":null,"og_image_height":null,"og_image_custom_url":null,"og_image_custom_fields":null,"og_video":null,"og_custom_url":null,"og_article_section":null,"og_article_tags":null,"twitter_use_og":false,"twitter_card":"default","twitter_image_type":"default","twitter_image_url":null,"twitter_image_custom_url":null,"twitter_image_custom_fields":null,"twitter_title":null,"twitter_description":null,"schema":{"blockGraphs":[],"customGraphs":[],"default":{"data":{"Article":[],"Course":[],"Dataset":[],"FAQPage":[],"Movie":[],"Person":[],"Product":[],"ProductReview":[],"Car":[],"Recipe":[],"Service":[],"SoftwareApplication":[],"WebPage":[]},"graphName":"","isEnabled":true},"graphs":[],"defaultGraph":"","defaultPostTypeGraph":""},"schema_type":null,"schema_type_options":null,"pillar_content":false,"robots_default":true,"robots_noindex":false,"robots_noarchive":false,"robots_nosnippet":false,"robots_nofollow":false,"robots_noimageindex":false,"robots_noodp":false,"robots_notranslate":false,"robots_max_snippet":null,"robots_max_videopreview":null,"robots_max_imagepreview":"large","priority":null,"frequency":null,"local_seo":null,"seo_analyzer_scan_date":"2025-10-07 04:53:10","breadcrumb_settings":null,"limit_modified_date":false,"open_ai":null,"ai":null,"created":"2020-12-21 12:24:37","updated":"2025-10-07 04:53:10","focus_keyword":null,"additional_keywords":null,"truseo_locale":null},"aioseo_breadcrumb":"<div class=\"aioseo-breadcrumbs\"><span class=\"aioseo-breadcrumb\">\n\t<a href=\"https:\/\/www.eldigitaldeasturias.com\/noticias\" title=\"Home\">Home<\/a>\n<\/span><span class=\"aioseo-breadcrumb-separator\">\u2013<\/span><span class=\"aioseo-breadcrumb\">\n\t<a href=\"https:\/\/www.eldigitaldeasturias.com\/noticias\/category\/actualidad\/\" title=\"Actualidad\">Actualidad<\/a>\n<\/span><span class=\"aioseo-breadcrumb-separator\">\u2013<\/span><span class=\"aioseo-breadcrumb\">\n\t<a href=\"https:\/\/www.eldigitaldeasturias.com\/noticias\/el-poder-judicial-estima-grave-hablar-de-presos-politicos-en-espana\/\" title=\"El Poder Judicial estima \u00abgrave\u00bb hablar de presos pol\u00edticos en Espa\u00f1a\">El Poder Judicial estima \u00abgrave\u00bb hablar de presos pol\u00edticos en Espa\u00f1a<\/a>\n<\/span><\/div>","aioseo_breadcrumb_json":[{"label":"Home","link":"https:\/\/www.eldigitaldeasturias.com\/noticias"},{"label":"Actualidad","link":"https:\/\/www.eldigitaldeasturias.com\/noticias\/category\/actualidad\/"},{"label":"El Poder Judicial estima \u00abgrave\u00bb hablar de presos pol\u00edticos en Espa\u00f1a","link":"https:\/\/www.eldigitaldeasturias.com\/noticias\/el-poder-judicial-estima-grave-hablar-de-presos-politicos-en-espana\/"}],"_links":{"self":[{"href":"https:\/\/www.eldigitaldeasturias.com\/noticias\/wp-json\/wp\/v2\/posts\/970242","targetHints":{"allow":["GET"]}}],"collection":[{"href":"https:\/\/www.eldigitaldeasturias.com\/noticias\/wp-json\/wp\/v2\/posts"}],"about":[{"href":"https:\/\/www.eldigitaldeasturias.com\/noticias\/wp-json\/wp\/v2\/types\/post"}],"author":[{"embeddable":true,"href":"https:\/\/www.eldigitaldeasturias.com\/noticias\/wp-json\/wp\/v2\/users\/1"}],"replies":[{"embeddable":true,"href":"https:\/\/www.eldigitaldeasturias.com\/noticias\/wp-json\/wp\/v2\/comments?post=970242"}],"version-history":[{"count":0,"href":"https:\/\/www.eldigitaldeasturias.com\/noticias\/wp-json\/wp\/v2\/posts\/970242\/revisions"}],"wp:attachment":[{"href":"https:\/\/www.eldigitaldeasturias.com\/noticias\/wp-json\/wp\/v2\/media?parent=970242"}],"wp:term":[{"taxonomy":"category","embeddable":true,"href":"https:\/\/www.eldigitaldeasturias.com\/noticias\/wp-json\/wp\/v2\/categories?post=970242"},{"taxonomy":"post_tag","embeddable":true,"href":"https:\/\/www.eldigitaldeasturias.com\/noticias\/wp-json\/wp\/v2\/tags?post=970242"}],"curies":[{"name":"wp","href":"https:\/\/api.w.org\/{rel}","templated":true}]}}