{"id":970239,"date":"2018-02-25T01:04:38","date_gmt":"2018-02-25T01:04:38","guid":{"rendered":"http:\/\/www.eldigitaldeasturias.com\/noticias\/?p=970239"},"modified":"2018-02-25T01:04:38","modified_gmt":"2018-02-25T01:04:38","slug":"estonia-celebra-un-siglo-de-independencia","status":"publish","type":"post","link":"https:\/\/www.eldigitaldeasturias.com\/noticias\/estonia-celebra-un-siglo-de-independencia\/","title":{"rendered":"Estonia celebra un siglo de independencia"},"content":{"rendered":"<p><img loading=\"lazy\" decoding=\"async\" class=\"alignleft size-medium wp-image-970240\" src=\"https:\/\/www.eldigitaldeasturias.com\/noticias\/wp-content\/uploads\/2018\/02\/estonia-2400975_1280-360x240.jpg\" alt=\"\" width=\"360\" height=\"240\" \/>Tallin, 24 feb (dpa) &#8211; Estonia celebr\u00f3 hoy un siglo de independencia con un desfile militar, fiestas, conciertos y una ceremonia de banderas.<\/p>\n<p>Tras el final de la Primera Guerra Mundial, el pa\u00eds b\u00e1ltico proclam\u00f3 el 24 de febrero de 1918 su independencia del Imperio ruso, al que hab\u00eda pertenecido durante 200 a\u00f1os.<\/p>\n<p>\u00abHonramos con agradecimiento a todas las generaciones y personas valientes que lo dieron todo para cumplir los sue\u00f1os de nuestra naci\u00f3n\u00bb, afirm\u00f3 hoy el jefe de Gobierno estonio, J\u00fcri Ratas. \u00abNunca olvidaremos a quienes hace un siglo fundaron la Rep\u00fablica de Estonia\u00bb, a\u00f1adi\u00f3 desde la capital, Tallin.<\/p>\n<p>Poco despu\u00e9s de haber logrado la independencia, el territorio estonio fue ocupado por tropas alemanas. Tambi\u00e9n los sovi\u00e9ticos intentaron recuperar el terreno perdido. La verdadera independencia de Estonia se libr\u00f3 en la guerra librada entre 1918 y 1920 y qued\u00f3 certificada con la Paz de Dorpat, en 1920.<\/p>\n<p>Sin embargo, durante la Segunda Guerra Mundial el pa\u00eds volvi\u00f3 a ser ocupado por la Uni\u00f3n Sovi\u00e9tica y por la Alemania Nazi. Tras el fin de la contienda, el pa\u00eds fue durante d\u00e9cadas una rep\u00fablica sovi\u00e9tica en contra de su voluntad. En 1991 recuper\u00f3 su independencia y desde 2004 pertenece a la Uni\u00f3n Europea (UE) y la OTAN.<\/p>\n<p>\u00abLa independencia de Estonia est\u00e1 ahora m\u00e1s protegida que nunca, ya que tenemos amigos y aliados\u00bb, dijo el presidente del parlamento, Eiki Nestor, con motivo del inicio de los actos de festejo en Tallin. \u00abEstonia es parte del mundo libre\u00bb, proclam\u00f3.<\/p>\n<p>El momento m\u00e1s importante de las celebraciones fue el desfile militar en el que marcharon soldados estonios junto a compa\u00f1eros de otros pa\u00edses de la OTAN en Tallin.<\/p>\n<p>Antes, con la salida del sol y a pesar de las g\u00e9lidas temperaturas, un coro acompa\u00f1\u00f3 el izado de la bandera nacional en el castillo en el que tiene su sede el Parlamento estonio.<\/p>\n","protected":false},"excerpt":{"rendered":"<p>Tallin, 24 feb (dpa) &#8211; Estonia celebr\u00f3 hoy un siglo de independencia con un desfile militar, fiestas, conciertos y una ceremonia de banderas. Tras el final de la Primera Guerra Mundial, el pa\u00eds b\u00e1ltico proclam\u00f3 el 24 de febrero de 1918 su independencia del Imperio ruso, al que hab\u00eda pertenecido durante 200 a\u00f1os. \u00abHonramos con [&hellip;]<\/p>\n","protected":false},"author":1,"featured_media":970240,"comment_status":"closed","ping_status":"closed","sticky":false,"template":"","format":"standard","meta":{"footnotes":""},"categories":[1],"tags":[],"class_list":["post-970239","post","type-post","status-publish","format-standard","has-post-thumbnail","hentry","category-actualidad"],"aioseo_notices":[],"aioseo_head":"\n\t\t<!-- All in One SEO Pro 5.0.1 - aioseo.com -->\n\t<meta name=\"description\" content=\"Tallin, 24 feb (dpa) - Estonia celebr\u00f3 hoy un siglo de independencia con un desfile militar, fiestas, conciertos y una ceremonia de banderas. Tras el final de la Primera Guerra Mundial, el pa\u00eds b\u00e1ltico proclam\u00f3 el 24 de febrero de 1918 su independencia del Imperio ruso, al que hab\u00eda pertenecido durante 200 a\u00f1os. &quot;Honramos con\" \/>\n\t<meta name=\"robots\" content=\"max-image-preview:large\" \/>\n\t<meta name=\"author\" content=\"El Digital de Asturias\"\/>\n\t<meta name=\"google-site-verification\" content=\"UA-38556648-1\" \/>\n\t<meta name=\"msvalidate.01\" content=\"7dfe9f3f1b24437ab69f4f2559babe99\" \/>\n\t<meta name=\"keywords\" content=\"actualidad\" \/>\n\t<link rel=\"canonical\" href=\"https:\/\/www.eldigitaldeasturias.com\/noticias\/estonia-celebra-un-siglo-de-independencia\/\" \/>\n\t<meta name=\"generator\" content=\"All in One SEO Pro (AIOSEO) 5.0.1\" \/>\n\t\t<meta property=\"og:locale\" content=\"es_ES\" \/>\n\t\t<meta property=\"og:site_name\" content=\"El Digital de Asturias\" \/>\n\t\t<meta property=\"og:type\" content=\"article\" \/>\n\t\t<meta property=\"og:title\" content=\"Estonia celebra un siglo de independencia - El Digital de Asturias\" \/>\n\t\t<meta property=\"og:description\" content=\"Tallin, 24 feb (dpa) - Estonia celebr\u00f3 hoy un siglo de independencia con un desfile militar, fiestas, conciertos y una ceremonia de banderas. Tras el final de la Primera Guerra Mundial, el pa\u00eds b\u00e1ltico proclam\u00f3 el 24 de febrero de 1918 su independencia del Imperio ruso, al que hab\u00eda pertenecido durante 200 a\u00f1os. &quot;Honramos con\" \/>\n\t\t<meta property=\"og:url\" content=\"https:\/\/www.eldigitaldeasturias.com\/noticias\/estonia-celebra-un-siglo-de-independencia\/\" \/>\n\t\t<meta property=\"article:tag\" content=\"actualidad\" \/>\n\t\t<meta property=\"article:published_time\" content=\"2018-02-25T01:04:38+00:00\" \/>\n\t\t<meta property=\"article:modified_time\" content=\"2018-02-25T01:04:38+00:00\" \/>\n\t\t<meta property=\"article:publisher\" content=\"https:\/\/facebook.com\/eldigitaldeasturias\" \/>\n\t\t<meta name=\"twitter:card\" content=\"summary_large_image\" \/>\n\t\t<meta name=\"twitter:title\" content=\"Estonia celebra un siglo de independencia - El Digital de Asturias\" \/>\n\t\t<meta name=\"twitter:description\" content=\"Tallin, 24 feb (dpa) - Estonia celebr\u00f3 hoy un siglo de independencia con un desfile militar, fiestas, conciertos y una ceremonia de banderas. Tras el final de la Primera Guerra Mundial, el pa\u00eds b\u00e1ltico proclam\u00f3 el 24 de febrero de 1918 su independencia del Imperio ruso, al que hab\u00eda pertenecido durante 200 a\u00f1os. &quot;Honramos con\" \/>\n\t\t<meta name=\"twitter:image\" content=\"https:\/\/www.eldigitaldeasturias.com\/noticias\/wp-content\/uploads\/2020\/12\/EDA-1.jpg\" \/>\n\t\t<meta name=\"twitter:label1\" content=\"Escrito por\" \/>\n\t\t<meta name=\"twitter:data1\" content=\"El Digital de Asturias\" \/>\n\t\t<meta name=\"twitter:label2\" content=\"Tiempo de lectura estimado\" \/>\n\t\t<meta name=\"twitter:data2\" content=\"2 minutos\" \/>\n\t\t<script type=\"application\/ld+json\" class=\"aioseo-schema\">\n\t\t\t{\"@context\":\"https:\\\/\\\/schema.org\",\"@graph\":[{\"@type\":\"BlogPosting\",\"@id\":\"https:\\\/\\\/www.eldigitaldeasturias.com\\\/noticias\\\/estonia-celebra-un-siglo-de-independencia\\\/#blogposting\",\"name\":\"Estonia celebra un siglo de independencia - El Digital de Asturias\",\"headline\":\"Estonia celebra un siglo de independencia\",\"author\":{\"@id\":\"https:\\\/\\\/www.eldigitaldeasturias.com\\\/noticias\\\/author\\\/admin\\\/#author\"},\"publisher\":{\"@id\":\"https:\\\/\\\/www.eldigitaldeasturias.com\\\/noticias\\\/#organization\"},\"image\":{\"@type\":\"ImageObject\",\"url\":970240},\"datePublished\":\"2018-02-25T01:04:38+01:00\",\"dateModified\":\"2018-02-25T01:04:38+01:00\",\"inLanguage\":\"es-ES\",\"mainEntityOfPage\":{\"@id\":\"https:\\\/\\\/www.eldigitaldeasturias.com\\\/noticias\\\/estonia-celebra-un-siglo-de-independencia\\\/#webpage\"},\"isPartOf\":{\"@id\":\"https:\\\/\\\/www.eldigitaldeasturias.com\\\/noticias\\\/estonia-celebra-un-siglo-de-independencia\\\/#webpage\"},\"articleSection\":\"Actualidad\"},{\"@type\":\"BreadcrumbList\",\"@id\":\"https:\\\/\\\/www.eldigitaldeasturias.com\\\/noticias\\\/estonia-celebra-un-siglo-de-independencia\\\/#breadcrumblist\",\"itemListElement\":[{\"@type\":\"ListItem\",\"@id\":\"https:\\\/\\\/www.eldigitaldeasturias.com\\\/noticias#listItem\",\"position\":1,\"name\":\"Home\",\"item\":\"https:\\\/\\\/www.eldigitaldeasturias.com\\\/noticias\",\"nextItem\":{\"@type\":\"ListItem\",\"@id\":\"https:\\\/\\\/www.eldigitaldeasturias.com\\\/noticias\\\/category\\\/actualidad\\\/#listItem\",\"name\":\"Actualidad\"}},{\"@type\":\"ListItem\",\"@id\":\"https:\\\/\\\/www.eldigitaldeasturias.com\\\/noticias\\\/category\\\/actualidad\\\/#listItem\",\"position\":2,\"name\":\"Actualidad\",\"item\":\"https:\\\/\\\/www.eldigitaldeasturias.com\\\/noticias\\\/category\\\/actualidad\\\/\",\"nextItem\":{\"@type\":\"ListItem\",\"@id\":\"https:\\\/\\\/www.eldigitaldeasturias.com\\\/noticias\\\/estonia-celebra-un-siglo-de-independencia\\\/#listItem\",\"name\":\"Estonia celebra un siglo de independencia\"},\"previousItem\":{\"@type\":\"ListItem\",\"@id\":\"https:\\\/\\\/www.eldigitaldeasturias.com\\\/noticias#listItem\",\"name\":\"Home\"}},{\"@type\":\"ListItem\",\"@id\":\"https:\\\/\\\/www.eldigitaldeasturias.com\\\/noticias\\\/estonia-celebra-un-siglo-de-independencia\\\/#listItem\",\"position\":3,\"name\":\"Estonia celebra un siglo de independencia\",\"previousItem\":{\"@type\":\"ListItem\",\"@id\":\"https:\\\/\\\/www.eldigitaldeasturias.com\\\/noticias\\\/category\\\/actualidad\\\/#listItem\",\"name\":\"Actualidad\"}}]},{\"@type\":\"Organization\",\"@id\":\"https:\\\/\\\/www.eldigitaldeasturias.com\\\/noticias\\\/#organization\",\"name\":\"El Digital de Asturias\",\"description\":\"Hemeroteca\",\"url\":\"https:\\\/\\\/www.eldigitaldeasturias.com\\\/noticias\\\/\",\"email\":\"info@eldigitaldeasturias.com\",\"telephone\":\"+34652131393\",\"logo\":{\"@type\":\"ImageObject\",\"url\":\"https:\\\/\\\/www.eldigitaldeasturias.com\\\/noticias\\\/wp-content\\\/uploads\\\/2020\\\/12\\\/EDA.jpg\",\"@id\":\"https:\\\/\\\/www.eldigitaldeasturias.com\\\/noticias\\\/estonia-celebra-un-siglo-de-independencia\\\/#organizationLogo\"},\"image\":{\"@id\":\"https:\\\/\\\/www.eldigitaldeasturias.com\\\/noticias\\\/estonia-celebra-un-siglo-de-independencia\\\/#organizationLogo\"},\"sameAs\":[\"https:\\\/\\\/facebook.com\\\/eldigitaldeasturias\",\"https:\\\/\\\/www.youtube.com\\\/channel\\\/UCZP-2wLEB9Rv6erhFmqVnvg\"],\"address\":{\"@id\":\"https:\\\/\\\/www.eldigitaldeasturias.com\\\/noticias\\\/#postaladdress\",\"@type\":\"PostalAddress\",\"streetAddress\":\"san antonio 4\",\"postalCode\":\"33430\",\"addressLocality\":\"Cand\\u00e1s\",\"addressRegion\":\"Asturias\",\"addressCountry\":\"ES\"}},{\"@type\":\"Person\",\"@id\":\"https:\\\/\\\/www.eldigitaldeasturias.com\\\/noticias\\\/author\\\/admin\\\/#author\",\"url\":\"https:\\\/\\\/www.eldigitaldeasturias.com\\\/noticias\\\/author\\\/admin\\\/\",\"name\":\"El Digital de Asturias\",\"image\":{\"@type\":\"ImageObject\",\"@id\":\"https:\\\/\\\/www.eldigitaldeasturias.com\\\/noticias\\\/estonia-celebra-un-siglo-de-independencia\\\/#authorImage\",\"url\":\"https:\\\/\\\/secure.gravatar.com\\\/avatar\\\/df2aeffc32bcd13f8d26072ef8a91b623d677766deac7f97ca815868cd41bf5e?s=96&d=mm&r=g\",\"width\":96,\"height\":96,\"caption\":\"El Digital de Asturias\"}},{\"@type\":\"WebPage\",\"@id\":\"https:\\\/\\\/www.eldigitaldeasturias.com\\\/noticias\\\/estonia-celebra-un-siglo-de-independencia\\\/#webpage\",\"url\":\"https:\\\/\\\/www.eldigitaldeasturias.com\\\/noticias\\\/estonia-celebra-un-siglo-de-independencia\\\/\",\"name\":\"Estonia celebra un siglo de independencia - El Digital de Asturias\",\"description\":\"Tallin, 24 feb (dpa) - Estonia celebr\\u00f3 hoy un siglo de independencia con un desfile militar, fiestas, conciertos y una ceremonia de banderas. Tras el final de la Primera Guerra Mundial, el pa\\u00eds b\\u00e1ltico proclam\\u00f3 el 24 de febrero de 1918 su independencia del Imperio ruso, al que hab\\u00eda pertenecido durante 200 a\\u00f1os. \\\"Honramos con\",\"inLanguage\":\"es-ES\",\"isPartOf\":{\"@id\":\"https:\\\/\\\/www.eldigitaldeasturias.com\\\/noticias\\\/#website\"},\"breadcrumb\":{\"@id\":\"https:\\\/\\\/www.eldigitaldeasturias.com\\\/noticias\\\/estonia-celebra-un-siglo-de-independencia\\\/#breadcrumblist\"},\"author\":{\"@id\":\"https:\\\/\\\/www.eldigitaldeasturias.com\\\/noticias\\\/author\\\/admin\\\/#author\"},\"creator\":{\"@id\":\"https:\\\/\\\/www.eldigitaldeasturias.com\\\/noticias\\\/author\\\/admin\\\/#author\"},\"image\":{\"@type\":\"ImageObject\",\"url\":970240,\"@id\":\"https:\\\/\\\/www.eldigitaldeasturias.com\\\/noticias\\\/estonia-celebra-un-siglo-de-independencia\\\/#mainImage\"},\"primaryImageOfPage\":{\"@id\":\"https:\\\/\\\/www.eldigitaldeasturias.com\\\/noticias\\\/estonia-celebra-un-siglo-de-independencia\\\/#mainImage\"},\"datePublished\":\"2018-02-25T01:04:38+01:00\",\"dateModified\":\"2018-02-25T01:04:38+01:00\"},{\"@type\":\"WebSite\",\"@id\":\"https:\\\/\\\/www.eldigitaldeasturias.com\\\/noticias\\\/#website\",\"url\":\"https:\\\/\\\/www.eldigitaldeasturias.com\\\/noticias\\\/\",\"name\":\"El Digital de Asturias - Diario de actualidad y noticias\",\"alternateName\":\"El Digital de Asturias - Diario de actualidad y noticias\",\"description\":\"Hemeroteca\",\"inLanguage\":\"es-ES\",\"publisher\":{\"@id\":\"https:\\\/\\\/www.eldigitaldeasturias.com\\\/noticias\\\/#organization\"}}]}\n\t\t<\/script>\n\t\t<!-- All in One SEO Pro -->\r\n\t\t<title>Estonia celebra un siglo de independencia - El Digital de Asturias<\/title>\n\n","aioseo_head_json":{"title":"Estonia celebra un siglo de independencia - El Digital de Asturias","description":"Tallin, 24 feb (dpa) - Estonia celebr\u00f3 hoy un siglo de independencia con un desfile militar, fiestas, conciertos y una ceremonia de banderas. Tras el final de la Primera Guerra Mundial, el pa\u00eds b\u00e1ltico proclam\u00f3 el 24 de febrero de 1918 su independencia del Imperio ruso, al que hab\u00eda pertenecido durante 200 a\u00f1os. \"Honramos con","canonical_url":"https:\/\/www.eldigitaldeasturias.com\/noticias\/estonia-celebra-un-siglo-de-independencia\/","robots":"max-image-preview:large","keywords":"actualidad","webmasterTools":{"google-site-verification":"UA-38556648-1","msvalidate.01":"7dfe9f3f1b24437ab69f4f2559babe99","miscellaneous":""},"schema":{"@context":"https:\/\/schema.org","@graph":[{"@type":"BlogPosting","@id":"https:\/\/www.eldigitaldeasturias.com\/noticias\/estonia-celebra-un-siglo-de-independencia\/#blogposting","name":"Estonia celebra un siglo de independencia - El Digital de Asturias","headline":"Estonia celebra un siglo de independencia","author":{"@id":"https:\/\/www.eldigitaldeasturias.com\/noticias\/author\/admin\/#author"},"publisher":{"@id":"https:\/\/www.eldigitaldeasturias.com\/noticias\/#organization"},"image":{"@type":"ImageObject","url":970240},"datePublished":"2018-02-25T01:04:38+01:00","dateModified":"2018-02-25T01:04:38+01:00","inLanguage":"es-ES","mainEntityOfPage":{"@id":"https:\/\/www.eldigitaldeasturias.com\/noticias\/estonia-celebra-un-siglo-de-independencia\/#webpage"},"isPartOf":{"@id":"https:\/\/www.eldigitaldeasturias.com\/noticias\/estonia-celebra-un-siglo-de-independencia\/#webpage"},"articleSection":"Actualidad"},{"@type":"BreadcrumbList","@id":"https:\/\/www.eldigitaldeasturias.com\/noticias\/estonia-celebra-un-siglo-de-independencia\/#breadcrumblist","itemListElement":[{"@type":"ListItem","@id":"https:\/\/www.eldigitaldeasturias.com\/noticias#listItem","position":1,"name":"Home","item":"https:\/\/www.eldigitaldeasturias.com\/noticias","nextItem":{"@type":"ListItem","@id":"https:\/\/www.eldigitaldeasturias.com\/noticias\/category\/actualidad\/#listItem","name":"Actualidad"}},{"@type":"ListItem","@id":"https:\/\/www.eldigitaldeasturias.com\/noticias\/category\/actualidad\/#listItem","position":2,"name":"Actualidad","item":"https:\/\/www.eldigitaldeasturias.com\/noticias\/category\/actualidad\/","nextItem":{"@type":"ListItem","@id":"https:\/\/www.eldigitaldeasturias.com\/noticias\/estonia-celebra-un-siglo-de-independencia\/#listItem","name":"Estonia celebra un siglo de independencia"},"previousItem":{"@type":"ListItem","@id":"https:\/\/www.eldigitaldeasturias.com\/noticias#listItem","name":"Home"}},{"@type":"ListItem","@id":"https:\/\/www.eldigitaldeasturias.com\/noticias\/estonia-celebra-un-siglo-de-independencia\/#listItem","position":3,"name":"Estonia celebra un siglo de independencia","previousItem":{"@type":"ListItem","@id":"https:\/\/www.eldigitaldeasturias.com\/noticias\/category\/actualidad\/#listItem","name":"Actualidad"}}]},{"@type":"Organization","@id":"https:\/\/www.eldigitaldeasturias.com\/noticias\/#organization","name":"El Digital de Asturias","description":"Hemeroteca","url":"https:\/\/www.eldigitaldeasturias.com\/noticias\/","email":"info@eldigitaldeasturias.com","telephone":"+34652131393","logo":{"@type":"ImageObject","url":"https:\/\/www.eldigitaldeasturias.com\/noticias\/wp-content\/uploads\/2020\/12\/EDA.jpg","@id":"https:\/\/www.eldigitaldeasturias.com\/noticias\/estonia-celebra-un-siglo-de-independencia\/#organizationLogo"},"image":{"@id":"https:\/\/www.eldigitaldeasturias.com\/noticias\/estonia-celebra-un-siglo-de-independencia\/#organizationLogo"},"sameAs":["https:\/\/facebook.com\/eldigitaldeasturias","https:\/\/www.youtube.com\/channel\/UCZP-2wLEB9Rv6erhFmqVnvg"],"address":{"@id":"https:\/\/www.eldigitaldeasturias.com\/noticias\/#postaladdress","@type":"PostalAddress","streetAddress":"san antonio 4","postalCode":"33430","addressLocality":"Cand\u00e1s","addressRegion":"Asturias","addressCountry":"ES"}},{"@type":"Person","@id":"https:\/\/www.eldigitaldeasturias.com\/noticias\/author\/admin\/#author","url":"https:\/\/www.eldigitaldeasturias.com\/noticias\/author\/admin\/","name":"El Digital de Asturias","image":{"@type":"ImageObject","@id":"https:\/\/www.eldigitaldeasturias.com\/noticias\/estonia-celebra-un-siglo-de-independencia\/#authorImage","url":"https:\/\/secure.gravatar.com\/avatar\/df2aeffc32bcd13f8d26072ef8a91b623d677766deac7f97ca815868cd41bf5e?s=96&d=mm&r=g","width":96,"height":96,"caption":"El Digital de Asturias"}},{"@type":"WebPage","@id":"https:\/\/www.eldigitaldeasturias.com\/noticias\/estonia-celebra-un-siglo-de-independencia\/#webpage","url":"https:\/\/www.eldigitaldeasturias.com\/noticias\/estonia-celebra-un-siglo-de-independencia\/","name":"Estonia celebra un siglo de independencia - El Digital de Asturias","description":"Tallin, 24 feb (dpa) - Estonia celebr\u00f3 hoy un siglo de independencia con un desfile militar, fiestas, conciertos y una ceremonia de banderas. Tras el final de la Primera Guerra Mundial, el pa\u00eds b\u00e1ltico proclam\u00f3 el 24 de febrero de 1918 su independencia del Imperio ruso, al que hab\u00eda pertenecido durante 200 a\u00f1os. \"Honramos con","inLanguage":"es-ES","isPartOf":{"@id":"https:\/\/www.eldigitaldeasturias.com\/noticias\/#website"},"breadcrumb":{"@id":"https:\/\/www.eldigitaldeasturias.com\/noticias\/estonia-celebra-un-siglo-de-independencia\/#breadcrumblist"},"author":{"@id":"https:\/\/www.eldigitaldeasturias.com\/noticias\/author\/admin\/#author"},"creator":{"@id":"https:\/\/www.eldigitaldeasturias.com\/noticias\/author\/admin\/#author"},"image":{"@type":"ImageObject","url":970240,"@id":"https:\/\/www.eldigitaldeasturias.com\/noticias\/estonia-celebra-un-siglo-de-independencia\/#mainImage"},"primaryImageOfPage":{"@id":"https:\/\/www.eldigitaldeasturias.com\/noticias\/estonia-celebra-un-siglo-de-independencia\/#mainImage"},"datePublished":"2018-02-25T01:04:38+01:00","dateModified":"2018-02-25T01:04:38+01:00"},{"@type":"WebSite","@id":"https:\/\/www.eldigitaldeasturias.com\/noticias\/#website","url":"https:\/\/www.eldigitaldeasturias.com\/noticias\/","name":"El Digital de Asturias - Diario de actualidad y noticias","alternateName":"El Digital de Asturias - Diario de actualidad y noticias","description":"Hemeroteca","inLanguage":"es-ES","publisher":{"@id":"https:\/\/www.eldigitaldeasturias.com\/noticias\/#organization"}}]},"og:locale":"es_ES","og:site_name":"El Digital de Asturias","og:type":"article","og:title":"Estonia celebra un siglo de independencia - El Digital de Asturias","og:description":"Tallin, 24 feb (dpa) - Estonia celebr\u00f3 hoy un siglo de independencia con un desfile militar, fiestas, conciertos y una ceremonia de banderas. Tras el final de la Primera Guerra Mundial, el pa\u00eds b\u00e1ltico proclam\u00f3 el 24 de febrero de 1918 su independencia del Imperio ruso, al que hab\u00eda pertenecido durante 200 a\u00f1os. &quot;Honramos con","og:url":"https:\/\/www.eldigitaldeasturias.com\/noticias\/estonia-celebra-un-siglo-de-independencia\/","article:tag":["actualidad"],"article:published_time":"2018-02-25T01:04:38+00:00","article:modified_time":"2018-02-25T01:04:38+00:00","article:publisher":"https:\/\/facebook.com\/eldigitaldeasturias","twitter:card":"summary_large_image","twitter:title":"Estonia celebra un siglo de independencia - El Digital de Asturias","twitter:description":"Tallin, 24 feb (dpa) - Estonia celebr\u00f3 hoy un siglo de independencia con un desfile militar, fiestas, conciertos y una ceremonia de banderas. Tras el final de la Primera Guerra Mundial, el pa\u00eds b\u00e1ltico proclam\u00f3 el 24 de febrero de 1918 su independencia del Imperio ruso, al que hab\u00eda pertenecido durante 200 a\u00f1os. &quot;Honramos con","twitter:image":"https:\/\/www.eldigitaldeasturias.com\/noticias\/wp-content\/uploads\/2020\/12\/EDA-1.jpg","twitter:label1":"Escrito por","twitter:data1":"El Digital de Asturias","twitter:label2":"Tiempo de lectura estimado","twitter:data2":"2 minutos"},"aioseo_meta_data":{"post_id":"970239","title":null,"description":null,"keywords":null,"keyphrases":null,"primary_term":null,"canonical_url":null,"og_title":null,"og_description":null,"og_object_type":"default","og_image_type":"default","og_image_url":null,"og_image_width":null,"og_image_height":null,"og_image_custom_url":null,"og_image_custom_fields":null,"og_video":null,"og_custom_url":null,"og_article_section":null,"og_article_tags":null,"twitter_use_og":false,"twitter_card":"default","twitter_image_type":"default","twitter_image_url":null,"twitter_image_custom_url":null,"twitter_image_custom_fields":null,"twitter_title":null,"twitter_description":null,"schema":{"blockGraphs":[],"customGraphs":[],"default":{"data":{"Article":[],"Course":[],"Dataset":[],"FAQPage":[],"Movie":[],"Person":[],"Product":[],"ProductReview":[],"Car":[],"Recipe":[],"Service":[],"SoftwareApplication":[],"WebPage":[]},"graphName":"","isEnabled":true},"graphs":[],"defaultGraph":"","defaultPostTypeGraph":""},"schema_type":null,"schema_type_options":null,"pillar_content":false,"robots_default":true,"robots_noindex":false,"robots_noarchive":false,"robots_nosnippet":false,"robots_nofollow":false,"robots_noimageindex":false,"robots_noodp":false,"robots_notranslate":false,"robots_max_snippet":null,"robots_max_videopreview":null,"robots_max_imagepreview":"large","priority":null,"frequency":null,"local_seo":null,"seo_analyzer_scan_date":"2025-10-07 04:53:09","breadcrumb_settings":null,"limit_modified_date":false,"open_ai":null,"ai":null,"created":"2020-12-21 12:24:37","updated":"2025-10-07 04:53:09","focus_keyword":null,"additional_keywords":null,"truseo_locale":null},"aioseo_breadcrumb":"<div class=\"aioseo-breadcrumbs\"><span class=\"aioseo-breadcrumb\">\n\t<a href=\"https:\/\/www.eldigitaldeasturias.com\/noticias\" title=\"Home\">Home<\/a>\n<\/span><span class=\"aioseo-breadcrumb-separator\">\u2013<\/span><span class=\"aioseo-breadcrumb\">\n\t<a href=\"https:\/\/www.eldigitaldeasturias.com\/noticias\/category\/actualidad\/\" title=\"Actualidad\">Actualidad<\/a>\n<\/span><span class=\"aioseo-breadcrumb-separator\">\u2013<\/span><span class=\"aioseo-breadcrumb\">\n\t<a href=\"https:\/\/www.eldigitaldeasturias.com\/noticias\/estonia-celebra-un-siglo-de-independencia\/\" title=\"Estonia celebra un siglo de independencia\">Estonia celebra un siglo de independencia<\/a>\n<\/span><\/div>","aioseo_breadcrumb_json":[{"label":"Home","link":"https:\/\/www.eldigitaldeasturias.com\/noticias"},{"label":"Actualidad","link":"https:\/\/www.eldigitaldeasturias.com\/noticias\/category\/actualidad\/"},{"label":"Estonia celebra un siglo de independencia","link":"https:\/\/www.eldigitaldeasturias.com\/noticias\/estonia-celebra-un-siglo-de-independencia\/"}],"_links":{"self":[{"href":"https:\/\/www.eldigitaldeasturias.com\/noticias\/wp-json\/wp\/v2\/posts\/970239","targetHints":{"allow":["GET"]}}],"collection":[{"href":"https:\/\/www.eldigitaldeasturias.com\/noticias\/wp-json\/wp\/v2\/posts"}],"about":[{"href":"https:\/\/www.eldigitaldeasturias.com\/noticias\/wp-json\/wp\/v2\/types\/post"}],"author":[{"embeddable":true,"href":"https:\/\/www.eldigitaldeasturias.com\/noticias\/wp-json\/wp\/v2\/users\/1"}],"replies":[{"embeddable":true,"href":"https:\/\/www.eldigitaldeasturias.com\/noticias\/wp-json\/wp\/v2\/comments?post=970239"}],"version-history":[{"count":0,"href":"https:\/\/www.eldigitaldeasturias.com\/noticias\/wp-json\/wp\/v2\/posts\/970239\/revisions"}],"wp:attachment":[{"href":"https:\/\/www.eldigitaldeasturias.com\/noticias\/wp-json\/wp\/v2\/media?parent=970239"}],"wp:term":[{"taxonomy":"category","embeddable":true,"href":"https:\/\/www.eldigitaldeasturias.com\/noticias\/wp-json\/wp\/v2\/categories?post=970239"},{"taxonomy":"post_tag","embeddable":true,"href":"https:\/\/www.eldigitaldeasturias.com\/noticias\/wp-json\/wp\/v2\/tags?post=970239"}],"curies":[{"name":"wp","href":"https:\/\/api.w.org\/{rel}","templated":true}]}}