{"id":970201,"date":"2018-02-24T16:57:08","date_gmt":"2018-02-24T16:57:08","guid":{"rendered":"http:\/\/www.eldigitaldeasturias.com\/noticias\/?p=970201"},"modified":"2018-02-24T16:57:08","modified_gmt":"2018-02-24T16:57:08","slug":"entrega-de-las-banderas-de-andalucia-de-la-provincia-de-sevilla","status":"publish","type":"post","link":"https:\/\/www.eldigitaldeasturias.com\/noticias\/entrega-de-las-banderas-de-andalucia-de-la-provincia-de-sevilla\/","title":{"rendered":"Entrega de las banderas de Andaluc\u00eda de la provincia de Sevilla"},"content":{"rendered":"<p><img loading=\"lazy\" decoding=\"async\" class=\"alignleft size-medium wp-image-970202\" src=\"https:\/\/www.eldigitaldeasturias.com\/noticias\/wp-content\/uploads\/2018\/02\/1519395036129SevillaEstandardn-360x212.jpg\" alt=\"\" width=\"360\" height=\"212\" \/>El consejero de Cultura, Miguel \u00c1ngel V\u00e1zquez, ha presidido la entrega de las banderas de Andaluc\u00eda de la provincia de Sevilla, que celebra cada a\u00f1o la Junta de Andaluc\u00eda con motivo del 28F, un acto durante el cual ha reivindicado un modelo de financiaci\u00f3n para Andaluc\u00eda \u00abjusto y solidario, donde cualquier ciudadano de Espa\u00f1a tenga las mismas oportunidades y los mismos derechos\u00bb. V\u00e1zquez ha asegurado que \u00ab\u00e9sa es nuestra pelea a d\u00eda de hoy\u00bb y que Andaluc\u00eda va a ser \u00abmuy beligerante, porque nos jugamos el futuro de esta tierra. Necesitamos el dinero que merece Andaluc\u00eda\u00bb.<\/p>\n<p>\u00abEl compromiso de Andaluc\u00eda permiti\u00f3 que otros territorios tambi\u00e9n avanzaran en igualdad y esto es un legado que tenemos que mantener y reforzar. Andaluc\u00eda debe ser el baluarte de los derechos y la igualdad en Espa\u00f1a y otra vez vamos a tener que lidiar esta pelea democr\u00e1tica, c\u00edvica, pac\u00edfica, pero con firmeza y compromiso, como sabemos hacer en Andaluc\u00eda\u00bb, ha se\u00f1alado, tras insistir en que \u00abla igualdad es la l\u00ednea maestra que desarrolla el conjunto de las pol\u00edticas que hace el Gobierno de Andaluc\u00eda\u00bb.<\/p>\n<p>El titular de Cultura del Gobierno andaluz ha incidido en que el D\u00eda de Andaluc\u00eda es \u00abun d\u00eda para la celebraci\u00f3n, para la reivindicaci\u00f3n, para la reflexi\u00f3n de ad\u00f3nde hemos llegado y de d\u00f3nde ven\u00edamos, y tambi\u00e9n para la emoci\u00f3n\u00bb. \u00abCada 28F recordamos una lucha ciudadana, c\u00edvica, pac\u00edfica, con el coraz\u00f3n, pero tambi\u00e9n con la cabeza, para conquistar una autonom\u00eda de primera\u00bb, ha a\u00f1adido V\u00e1zquez, que ha ensalzado el valor de la movilizaci\u00f3n de los andaluces y las andaluzas que fueron a las urnas hace 40 a\u00f1os y, \u00abcon sus votos, hicieron historia y cambiaron nuestra historia\u00bb.<\/p>\n<p>Distinciones<\/p>\n<p>Miguel \u00c1ngel V\u00e1zquez se ha dirigido a los galardonados para decirles que \u00abrepresentan la sociedad que innova, que trabaja y que rompe t\u00f3picos\u00bb y que son \u00abel m\u00e1s claro ejemplo de la injusticia que es el t\u00f3pico andaluz y la representaci\u00f3n de que el acento andaluz llega a cualquier sitio, con fuerza\u00bb. \u00abVuestra trayectoria, compromiso, esfuerzo y dedicaci\u00f3n os hacen acreedores de este reconocimiento. Todos nos sentimos orgullos de vuestro trabajo y vuestra actividad\u00bb, ha se\u00f1alado, para concluir anim\u00e1ndoles a seguir trabajando y d\u00e1ndoles las gracias por \u00abprestar un servicio p\u00fablico impagable\u00bb.<\/p>\n<p>Por su parte, la delegada del Gobierno de la Junta de Andaluc\u00eda en Sevilla, Mar\u00eda Esther Gil Mart\u00edn, ha asegurado que \u00ablas mujeres, hombres y entidades a las que hoy rendimos homenaje son ejemplo claro de la Sevilla actual, que con su excelente trabajo consiguen que Andaluc\u00eda alcance mayores cotas de bienestar, igualdad, desarrollo econ\u00f3mico, cultural y de convivencia\u00bb. En este sentido, ha afirmado que \u00abla Delegaci\u00f3n del Gobierno de la Junta de Andaluc\u00eda en Sevilla premia valores como el servicio p\u00fablico, la excelencia empresarial, la lucha por la memoria hist\u00f3rica y las libertades, el trabajo por la igualdad de las personas con discapacidad, la promoci\u00f3n del deporte o el fomento de una escuela inclusiva\u00bb.<\/p>\n<p>Los galardonados con las Banderas de Andaluc\u00eda en la provincia de Sevilla este a\u00f1o han sido, en la modalidad de &#8216;Inclusi\u00f3n Social&#8217;, el Proyecto Contigo, una iniciativa de la Universidad de Sevilla que tiene objetivo asegurar la igualdad real y efectiva de oportunidades de las y los estudiantes con discapacidad en el acceso y permanencia a esta universidad. En la categor\u00eda &#8216;Acci\u00f3n Empresarial e Innovaci\u00f3n&#8217;, el galard\u00f3n ha sido otorgado al Grupo Ybarra Comunicaci\u00f3n, una empresa agroalimentaria andaluza con 175 a\u00f1os de historia que actualmente est\u00e1 presente en m\u00e1s de 80 pa\u00edses de todo el mundo.<\/p>\n<p>En la modalidad de &#8216;Deporte&#8217;, ha sido reconocido el Cross Internacional de It\u00e1lica, impulsada por el \u00c1rea de Juventud y Deportes de la Diputaci\u00f3n de Sevilla, considerada una de las citas mundiales m\u00e1s importantes de campo a trav\u00e9s que existen en el atletismo. Por su parte, el Hospital Comarcal de la Merced de Osuna, que acaba de cumplir 25 a\u00f1os, ha sido galardonado en la categor\u00eda de &#8216;Salud&#8217;, que atiene a los casi 173.000 habitantes de la Sierra Sur sevillana.<\/p>\n<p>El joven m\u00fasico sevillano Alejandro Romero L\u00f3pez, director musical del espect\u00e1culo &#8216;Totem&#8217;, del Circo del Sol, ha sido premiado en la modalidad de &#8216;Acci\u00f3n Cultural&#8217; mientras que en &#8216;Trayectoria Asociativa&#8217; ha sido reconocida la Asociaci\u00f3n Memoria, Libertad y Cultura Democr\u00e1tica, una entidad de \u00e1mbito regional, nacida en la localidad de Camas, que se dedica a la difusi\u00f3n de la memoria hist\u00f3rica, la lucha por las libertades, la divulgaci\u00f3n de los valores y principios democr\u00e1ticos y la rehabilitaci\u00f3n p\u00fablica de las v\u00edctimas de la Guerra Civil y la dictadura franquista.<\/p>\n<p>En la modalidad &#8216;Comunidad educativa&#8217;, ha sido premiado el Colegio de Educaci\u00f3n Infantil y Primaria &#8216;Andaluc\u00eda&#8217;, situado en el Pol\u00edgono Sur de Sevilla, por su ejemplo de lucha por la igualdad de oportunidades y la inclusi\u00f3n social; mientras que en la categor\u00eda &#8216;Agricultura y Desarrollo Rural&#8217; ha sido reconocida la compa\u00f1\u00eda \u00c1ngel Camacho S.A., formada por un grupo de empresas reconocidas internacionalmente, que venden en m\u00e1s de 90 pa\u00edses y que es uno de los principales proveedores de aceitunas de mesa en todo el mundo.<\/p>\n<p>El galard\u00f3n a la &#8216;Promoci\u00f3n de la Igualdad&#8217; recae este a\u00f1o en Aurora Le\u00f3n Gonz\u00e1lez, la primera abogada laboralista de Andaluc\u00eda; y el premio a la &#8216;Promoci\u00f3n Exterior de la provincia&#8217; ha sido para el presentador, comunicador y empresario de Dos Hermanas Manu S\u00e1nchez.<\/p>\n<p>Las banderas de Andaluc\u00eda en la provincia de Sevilla han contemplado este a\u00f1o dos menciones especiales: una para la Parroquia Nuestra Se\u00f1ora de los Dolores, en el Cerro del \u00c1guila, y otra para el \u00c1rea de Protecci\u00f3n de Menores (APROME) de la Unidad de Polic\u00eda Adscrita de la Consejer\u00eda de Justicia e Interior.<\/p>\n","protected":false},"excerpt":{"rendered":"<p>El consejero de Cultura, Miguel \u00c1ngel V\u00e1zquez, ha presidido la entrega de las banderas de Andaluc\u00eda de la provincia de Sevilla, que celebra cada a\u00f1o la Junta de Andaluc\u00eda con motivo del 28F, un acto durante el cual ha reivindicado un modelo de financiaci\u00f3n para Andaluc\u00eda \u00abjusto y solidario, donde cualquier ciudadano de Espa\u00f1a tenga [&hellip;]<\/p>\n","protected":false},"author":1,"featured_media":970202,"comment_status":"closed","ping_status":"closed","sticky":false,"template":"","format":"standard","meta":{"footnotes":""},"categories":[1],"tags":[],"class_list":["post-970201","post","type-post","status-publish","format-standard","has-post-thumbnail","hentry","category-actualidad"],"aioseo_notices":[],"aioseo_head":"\n\t\t<!-- All in One SEO Pro 5.0.1 - aioseo.com -->\n\t<meta name=\"description\" content=\"El consejero de Cultura, Miguel \u00c1ngel V\u00e1zquez, ha presidido la entrega de las banderas de Andaluc\u00eda de la provincia de Sevilla, que celebra cada a\u00f1o la Junta de Andaluc\u00eda con motivo del 28F, un acto durante el cual ha reivindicado un modelo de financiaci\u00f3n para Andaluc\u00eda &quot;justo y solidario, donde cualquier ciudadano de Espa\u00f1a tenga\" \/>\n\t<meta name=\"robots\" content=\"max-image-preview:large\" \/>\n\t<meta name=\"author\" content=\"El Digital de Asturias\"\/>\n\t<meta name=\"google-site-verification\" content=\"UA-38556648-1\" \/>\n\t<meta name=\"msvalidate.01\" content=\"7dfe9f3f1b24437ab69f4f2559babe99\" \/>\n\t<meta name=\"keywords\" content=\"actualidad\" \/>\n\t<link rel=\"canonical\" href=\"https:\/\/www.eldigitaldeasturias.com\/noticias\/entrega-de-las-banderas-de-andalucia-de-la-provincia-de-sevilla\/\" \/>\n\t<meta name=\"generator\" content=\"All in One SEO Pro (AIOSEO) 5.0.1\" \/>\n\t\t<meta property=\"og:locale\" content=\"es_ES\" \/>\n\t\t<meta property=\"og:site_name\" content=\"El Digital de Asturias\" \/>\n\t\t<meta property=\"og:type\" content=\"article\" \/>\n\t\t<meta property=\"og:title\" content=\"Entrega de las banderas de Andaluc\u00eda de la provincia de Sevilla - El Digital de Asturias\" \/>\n\t\t<meta property=\"og:description\" content=\"El consejero de Cultura, Miguel \u00c1ngel V\u00e1zquez, ha presidido la entrega de las banderas de Andaluc\u00eda de la provincia de Sevilla, que celebra cada a\u00f1o la Junta de Andaluc\u00eda con motivo del 28F, un acto durante el cual ha reivindicado un modelo de financiaci\u00f3n para Andaluc\u00eda &quot;justo y solidario, donde cualquier ciudadano de Espa\u00f1a tenga\" \/>\n\t\t<meta property=\"og:url\" content=\"https:\/\/www.eldigitaldeasturias.com\/noticias\/entrega-de-las-banderas-de-andalucia-de-la-provincia-de-sevilla\/\" \/>\n\t\t<meta property=\"article:tag\" content=\"actualidad\" \/>\n\t\t<meta property=\"article:published_time\" content=\"2018-02-24T16:57:08+00:00\" \/>\n\t\t<meta property=\"article:modified_time\" content=\"2018-02-24T16:57:08+00:00\" \/>\n\t\t<meta property=\"article:publisher\" content=\"https:\/\/facebook.com\/eldigitaldeasturias\" \/>\n\t\t<meta name=\"twitter:card\" content=\"summary_large_image\" \/>\n\t\t<meta name=\"twitter:title\" content=\"Entrega de las banderas de Andaluc\u00eda de la provincia de Sevilla - El Digital de Asturias\" \/>\n\t\t<meta name=\"twitter:description\" content=\"El consejero de Cultura, Miguel \u00c1ngel V\u00e1zquez, ha presidido la entrega de las banderas de Andaluc\u00eda de la provincia de Sevilla, que celebra cada a\u00f1o la Junta de Andaluc\u00eda con motivo del 28F, un acto durante el cual ha reivindicado un modelo de financiaci\u00f3n para Andaluc\u00eda &quot;justo y solidario, donde cualquier ciudadano de Espa\u00f1a tenga\" \/>\n\t\t<meta name=\"twitter:image\" content=\"https:\/\/www.eldigitaldeasturias.com\/noticias\/wp-content\/uploads\/2020\/12\/EDA-1.jpg\" \/>\n\t\t<meta name=\"twitter:label1\" content=\"Escrito por\" \/>\n\t\t<meta name=\"twitter:data1\" content=\"El Digital de Asturias\" \/>\n\t\t<meta name=\"twitter:label2\" content=\"Tiempo de lectura estimado\" \/>\n\t\t<meta name=\"twitter:data2\" content=\"5 minutos\" \/>\n\t\t<script type=\"application\/ld+json\" class=\"aioseo-schema\">\n\t\t\t{\"@context\":\"https:\\\/\\\/schema.org\",\"@graph\":[{\"@type\":\"BlogPosting\",\"@id\":\"https:\\\/\\\/www.eldigitaldeasturias.com\\\/noticias\\\/entrega-de-las-banderas-de-andalucia-de-la-provincia-de-sevilla\\\/#blogposting\",\"name\":\"Entrega de las banderas de Andaluc\\u00eda de la provincia de Sevilla - El Digital de Asturias\",\"headline\":\"Entrega de las banderas de Andaluc\\u00eda de la provincia de Sevilla\",\"author\":{\"@id\":\"https:\\\/\\\/www.eldigitaldeasturias.com\\\/noticias\\\/author\\\/admin\\\/#author\"},\"publisher\":{\"@id\":\"https:\\\/\\\/www.eldigitaldeasturias.com\\\/noticias\\\/#organization\"},\"image\":{\"@type\":\"ImageObject\",\"url\":970202},\"datePublished\":\"2018-02-24T16:57:08+01:00\",\"dateModified\":\"2018-02-24T16:57:08+01:00\",\"inLanguage\":\"es-ES\",\"mainEntityOfPage\":{\"@id\":\"https:\\\/\\\/www.eldigitaldeasturias.com\\\/noticias\\\/entrega-de-las-banderas-de-andalucia-de-la-provincia-de-sevilla\\\/#webpage\"},\"isPartOf\":{\"@id\":\"https:\\\/\\\/www.eldigitaldeasturias.com\\\/noticias\\\/entrega-de-las-banderas-de-andalucia-de-la-provincia-de-sevilla\\\/#webpage\"},\"articleSection\":\"Actualidad\"},{\"@type\":\"BreadcrumbList\",\"@id\":\"https:\\\/\\\/www.eldigitaldeasturias.com\\\/noticias\\\/entrega-de-las-banderas-de-andalucia-de-la-provincia-de-sevilla\\\/#breadcrumblist\",\"itemListElement\":[{\"@type\":\"ListItem\",\"@id\":\"https:\\\/\\\/www.eldigitaldeasturias.com\\\/noticias#listItem\",\"position\":1,\"name\":\"Home\",\"item\":\"https:\\\/\\\/www.eldigitaldeasturias.com\\\/noticias\",\"nextItem\":{\"@type\":\"ListItem\",\"@id\":\"https:\\\/\\\/www.eldigitaldeasturias.com\\\/noticias\\\/category\\\/actualidad\\\/#listItem\",\"name\":\"Actualidad\"}},{\"@type\":\"ListItem\",\"@id\":\"https:\\\/\\\/www.eldigitaldeasturias.com\\\/noticias\\\/category\\\/actualidad\\\/#listItem\",\"position\":2,\"name\":\"Actualidad\",\"item\":\"https:\\\/\\\/www.eldigitaldeasturias.com\\\/noticias\\\/category\\\/actualidad\\\/\",\"nextItem\":{\"@type\":\"ListItem\",\"@id\":\"https:\\\/\\\/www.eldigitaldeasturias.com\\\/noticias\\\/entrega-de-las-banderas-de-andalucia-de-la-provincia-de-sevilla\\\/#listItem\",\"name\":\"Entrega de las banderas de Andaluc\\u00eda de la provincia de Sevilla\"},\"previousItem\":{\"@type\":\"ListItem\",\"@id\":\"https:\\\/\\\/www.eldigitaldeasturias.com\\\/noticias#listItem\",\"name\":\"Home\"}},{\"@type\":\"ListItem\",\"@id\":\"https:\\\/\\\/www.eldigitaldeasturias.com\\\/noticias\\\/entrega-de-las-banderas-de-andalucia-de-la-provincia-de-sevilla\\\/#listItem\",\"position\":3,\"name\":\"Entrega de las banderas de Andaluc\\u00eda de la provincia de Sevilla\",\"previousItem\":{\"@type\":\"ListItem\",\"@id\":\"https:\\\/\\\/www.eldigitaldeasturias.com\\\/noticias\\\/category\\\/actualidad\\\/#listItem\",\"name\":\"Actualidad\"}}]},{\"@type\":\"Organization\",\"@id\":\"https:\\\/\\\/www.eldigitaldeasturias.com\\\/noticias\\\/#organization\",\"name\":\"El Digital de Asturias\",\"description\":\"Hemeroteca\",\"url\":\"https:\\\/\\\/www.eldigitaldeasturias.com\\\/noticias\\\/\",\"email\":\"info@eldigitaldeasturias.com\",\"telephone\":\"+34652131393\",\"logo\":{\"@type\":\"ImageObject\",\"url\":\"https:\\\/\\\/www.eldigitaldeasturias.com\\\/noticias\\\/wp-content\\\/uploads\\\/2020\\\/12\\\/EDA.jpg\",\"@id\":\"https:\\\/\\\/www.eldigitaldeasturias.com\\\/noticias\\\/entrega-de-las-banderas-de-andalucia-de-la-provincia-de-sevilla\\\/#organizationLogo\"},\"image\":{\"@id\":\"https:\\\/\\\/www.eldigitaldeasturias.com\\\/noticias\\\/entrega-de-las-banderas-de-andalucia-de-la-provincia-de-sevilla\\\/#organizationLogo\"},\"sameAs\":[\"https:\\\/\\\/facebook.com\\\/eldigitaldeasturias\",\"https:\\\/\\\/www.youtube.com\\\/channel\\\/UCZP-2wLEB9Rv6erhFmqVnvg\"],\"address\":{\"@id\":\"https:\\\/\\\/www.eldigitaldeasturias.com\\\/noticias\\\/#postaladdress\",\"@type\":\"PostalAddress\",\"streetAddress\":\"san antonio 4\",\"postalCode\":\"33430\",\"addressLocality\":\"Cand\\u00e1s\",\"addressRegion\":\"Asturias\",\"addressCountry\":\"ES\"}},{\"@type\":\"Person\",\"@id\":\"https:\\\/\\\/www.eldigitaldeasturias.com\\\/noticias\\\/author\\\/admin\\\/#author\",\"url\":\"https:\\\/\\\/www.eldigitaldeasturias.com\\\/noticias\\\/author\\\/admin\\\/\",\"name\":\"El Digital de Asturias\",\"image\":{\"@type\":\"ImageObject\",\"@id\":\"https:\\\/\\\/www.eldigitaldeasturias.com\\\/noticias\\\/entrega-de-las-banderas-de-andalucia-de-la-provincia-de-sevilla\\\/#authorImage\",\"url\":\"https:\\\/\\\/secure.gravatar.com\\\/avatar\\\/df2aeffc32bcd13f8d26072ef8a91b623d677766deac7f97ca815868cd41bf5e?s=96&d=mm&r=g\",\"width\":96,\"height\":96,\"caption\":\"El Digital de Asturias\"}},{\"@type\":\"WebPage\",\"@id\":\"https:\\\/\\\/www.eldigitaldeasturias.com\\\/noticias\\\/entrega-de-las-banderas-de-andalucia-de-la-provincia-de-sevilla\\\/#webpage\",\"url\":\"https:\\\/\\\/www.eldigitaldeasturias.com\\\/noticias\\\/entrega-de-las-banderas-de-andalucia-de-la-provincia-de-sevilla\\\/\",\"name\":\"Entrega de las banderas de Andaluc\\u00eda de la provincia de Sevilla - El Digital de Asturias\",\"description\":\"El consejero de Cultura, Miguel \\u00c1ngel V\\u00e1zquez, ha presidido la entrega de las banderas de Andaluc\\u00eda de la provincia de Sevilla, que celebra cada a\\u00f1o la Junta de Andaluc\\u00eda con motivo del 28F, un acto durante el cual ha reivindicado un modelo de financiaci\\u00f3n para Andaluc\\u00eda \\\"justo y solidario, donde cualquier ciudadano de Espa\\u00f1a tenga\",\"inLanguage\":\"es-ES\",\"isPartOf\":{\"@id\":\"https:\\\/\\\/www.eldigitaldeasturias.com\\\/noticias\\\/#website\"},\"breadcrumb\":{\"@id\":\"https:\\\/\\\/www.eldigitaldeasturias.com\\\/noticias\\\/entrega-de-las-banderas-de-andalucia-de-la-provincia-de-sevilla\\\/#breadcrumblist\"},\"author\":{\"@id\":\"https:\\\/\\\/www.eldigitaldeasturias.com\\\/noticias\\\/author\\\/admin\\\/#author\"},\"creator\":{\"@id\":\"https:\\\/\\\/www.eldigitaldeasturias.com\\\/noticias\\\/author\\\/admin\\\/#author\"},\"image\":{\"@type\":\"ImageObject\",\"url\":970202,\"@id\":\"https:\\\/\\\/www.eldigitaldeasturias.com\\\/noticias\\\/entrega-de-las-banderas-de-andalucia-de-la-provincia-de-sevilla\\\/#mainImage\"},\"primaryImageOfPage\":{\"@id\":\"https:\\\/\\\/www.eldigitaldeasturias.com\\\/noticias\\\/entrega-de-las-banderas-de-andalucia-de-la-provincia-de-sevilla\\\/#mainImage\"},\"datePublished\":\"2018-02-24T16:57:08+01:00\",\"dateModified\":\"2018-02-24T16:57:08+01:00\"},{\"@type\":\"WebSite\",\"@id\":\"https:\\\/\\\/www.eldigitaldeasturias.com\\\/noticias\\\/#website\",\"url\":\"https:\\\/\\\/www.eldigitaldeasturias.com\\\/noticias\\\/\",\"name\":\"El Digital de Asturias - Diario de actualidad y noticias\",\"alternateName\":\"El Digital de Asturias - Diario de actualidad y noticias\",\"description\":\"Hemeroteca\",\"inLanguage\":\"es-ES\",\"publisher\":{\"@id\":\"https:\\\/\\\/www.eldigitaldeasturias.com\\\/noticias\\\/#organization\"}}]}\n\t\t<\/script>\n\t\t<!-- All in One SEO Pro -->\r\n\t\t<title>Entrega de las banderas de Andaluc\u00eda de la provincia de Sevilla - El Digital de Asturias<\/title>\n\n","aioseo_head_json":{"title":"Entrega de las banderas de Andaluc\u00eda de la provincia de Sevilla - El Digital de Asturias","description":"El consejero de Cultura, Miguel \u00c1ngel V\u00e1zquez, ha presidido la entrega de las banderas de Andaluc\u00eda de la provincia de Sevilla, que celebra cada a\u00f1o la Junta de Andaluc\u00eda con motivo del 28F, un acto durante el cual ha reivindicado un modelo de financiaci\u00f3n para Andaluc\u00eda \"justo y solidario, donde cualquier ciudadano de Espa\u00f1a tenga","canonical_url":"https:\/\/www.eldigitaldeasturias.com\/noticias\/entrega-de-las-banderas-de-andalucia-de-la-provincia-de-sevilla\/","robots":"max-image-preview:large","keywords":"actualidad","webmasterTools":{"google-site-verification":"UA-38556648-1","msvalidate.01":"7dfe9f3f1b24437ab69f4f2559babe99","miscellaneous":""},"schema":{"@context":"https:\/\/schema.org","@graph":[{"@type":"BlogPosting","@id":"https:\/\/www.eldigitaldeasturias.com\/noticias\/entrega-de-las-banderas-de-andalucia-de-la-provincia-de-sevilla\/#blogposting","name":"Entrega de las banderas de Andaluc\u00eda de la provincia de Sevilla - El Digital de Asturias","headline":"Entrega de las banderas de Andaluc\u00eda de la provincia de Sevilla","author":{"@id":"https:\/\/www.eldigitaldeasturias.com\/noticias\/author\/admin\/#author"},"publisher":{"@id":"https:\/\/www.eldigitaldeasturias.com\/noticias\/#organization"},"image":{"@type":"ImageObject","url":970202},"datePublished":"2018-02-24T16:57:08+01:00","dateModified":"2018-02-24T16:57:08+01:00","inLanguage":"es-ES","mainEntityOfPage":{"@id":"https:\/\/www.eldigitaldeasturias.com\/noticias\/entrega-de-las-banderas-de-andalucia-de-la-provincia-de-sevilla\/#webpage"},"isPartOf":{"@id":"https:\/\/www.eldigitaldeasturias.com\/noticias\/entrega-de-las-banderas-de-andalucia-de-la-provincia-de-sevilla\/#webpage"},"articleSection":"Actualidad"},{"@type":"BreadcrumbList","@id":"https:\/\/www.eldigitaldeasturias.com\/noticias\/entrega-de-las-banderas-de-andalucia-de-la-provincia-de-sevilla\/#breadcrumblist","itemListElement":[{"@type":"ListItem","@id":"https:\/\/www.eldigitaldeasturias.com\/noticias#listItem","position":1,"name":"Home","item":"https:\/\/www.eldigitaldeasturias.com\/noticias","nextItem":{"@type":"ListItem","@id":"https:\/\/www.eldigitaldeasturias.com\/noticias\/category\/actualidad\/#listItem","name":"Actualidad"}},{"@type":"ListItem","@id":"https:\/\/www.eldigitaldeasturias.com\/noticias\/category\/actualidad\/#listItem","position":2,"name":"Actualidad","item":"https:\/\/www.eldigitaldeasturias.com\/noticias\/category\/actualidad\/","nextItem":{"@type":"ListItem","@id":"https:\/\/www.eldigitaldeasturias.com\/noticias\/entrega-de-las-banderas-de-andalucia-de-la-provincia-de-sevilla\/#listItem","name":"Entrega de las banderas de Andaluc\u00eda de la provincia de Sevilla"},"previousItem":{"@type":"ListItem","@id":"https:\/\/www.eldigitaldeasturias.com\/noticias#listItem","name":"Home"}},{"@type":"ListItem","@id":"https:\/\/www.eldigitaldeasturias.com\/noticias\/entrega-de-las-banderas-de-andalucia-de-la-provincia-de-sevilla\/#listItem","position":3,"name":"Entrega de las banderas de Andaluc\u00eda de la provincia de Sevilla","previousItem":{"@type":"ListItem","@id":"https:\/\/www.eldigitaldeasturias.com\/noticias\/category\/actualidad\/#listItem","name":"Actualidad"}}]},{"@type":"Organization","@id":"https:\/\/www.eldigitaldeasturias.com\/noticias\/#organization","name":"El Digital de Asturias","description":"Hemeroteca","url":"https:\/\/www.eldigitaldeasturias.com\/noticias\/","email":"info@eldigitaldeasturias.com","telephone":"+34652131393","logo":{"@type":"ImageObject","url":"https:\/\/www.eldigitaldeasturias.com\/noticias\/wp-content\/uploads\/2020\/12\/EDA.jpg","@id":"https:\/\/www.eldigitaldeasturias.com\/noticias\/entrega-de-las-banderas-de-andalucia-de-la-provincia-de-sevilla\/#organizationLogo"},"image":{"@id":"https:\/\/www.eldigitaldeasturias.com\/noticias\/entrega-de-las-banderas-de-andalucia-de-la-provincia-de-sevilla\/#organizationLogo"},"sameAs":["https:\/\/facebook.com\/eldigitaldeasturias","https:\/\/www.youtube.com\/channel\/UCZP-2wLEB9Rv6erhFmqVnvg"],"address":{"@id":"https:\/\/www.eldigitaldeasturias.com\/noticias\/#postaladdress","@type":"PostalAddress","streetAddress":"san antonio 4","postalCode":"33430","addressLocality":"Cand\u00e1s","addressRegion":"Asturias","addressCountry":"ES"}},{"@type":"Person","@id":"https:\/\/www.eldigitaldeasturias.com\/noticias\/author\/admin\/#author","url":"https:\/\/www.eldigitaldeasturias.com\/noticias\/author\/admin\/","name":"El Digital de Asturias","image":{"@type":"ImageObject","@id":"https:\/\/www.eldigitaldeasturias.com\/noticias\/entrega-de-las-banderas-de-andalucia-de-la-provincia-de-sevilla\/#authorImage","url":"https:\/\/secure.gravatar.com\/avatar\/df2aeffc32bcd13f8d26072ef8a91b623d677766deac7f97ca815868cd41bf5e?s=96&d=mm&r=g","width":96,"height":96,"caption":"El Digital de Asturias"}},{"@type":"WebPage","@id":"https:\/\/www.eldigitaldeasturias.com\/noticias\/entrega-de-las-banderas-de-andalucia-de-la-provincia-de-sevilla\/#webpage","url":"https:\/\/www.eldigitaldeasturias.com\/noticias\/entrega-de-las-banderas-de-andalucia-de-la-provincia-de-sevilla\/","name":"Entrega de las banderas de Andaluc\u00eda de la provincia de Sevilla - El Digital de Asturias","description":"El consejero de Cultura, Miguel \u00c1ngel V\u00e1zquez, ha presidido la entrega de las banderas de Andaluc\u00eda de la provincia de Sevilla, que celebra cada a\u00f1o la Junta de Andaluc\u00eda con motivo del 28F, un acto durante el cual ha reivindicado un modelo de financiaci\u00f3n para Andaluc\u00eda \"justo y solidario, donde cualquier ciudadano de Espa\u00f1a tenga","inLanguage":"es-ES","isPartOf":{"@id":"https:\/\/www.eldigitaldeasturias.com\/noticias\/#website"},"breadcrumb":{"@id":"https:\/\/www.eldigitaldeasturias.com\/noticias\/entrega-de-las-banderas-de-andalucia-de-la-provincia-de-sevilla\/#breadcrumblist"},"author":{"@id":"https:\/\/www.eldigitaldeasturias.com\/noticias\/author\/admin\/#author"},"creator":{"@id":"https:\/\/www.eldigitaldeasturias.com\/noticias\/author\/admin\/#author"},"image":{"@type":"ImageObject","url":970202,"@id":"https:\/\/www.eldigitaldeasturias.com\/noticias\/entrega-de-las-banderas-de-andalucia-de-la-provincia-de-sevilla\/#mainImage"},"primaryImageOfPage":{"@id":"https:\/\/www.eldigitaldeasturias.com\/noticias\/entrega-de-las-banderas-de-andalucia-de-la-provincia-de-sevilla\/#mainImage"},"datePublished":"2018-02-24T16:57:08+01:00","dateModified":"2018-02-24T16:57:08+01:00"},{"@type":"WebSite","@id":"https:\/\/www.eldigitaldeasturias.com\/noticias\/#website","url":"https:\/\/www.eldigitaldeasturias.com\/noticias\/","name":"El Digital de Asturias - Diario de actualidad y noticias","alternateName":"El Digital de Asturias - Diario de actualidad y noticias","description":"Hemeroteca","inLanguage":"es-ES","publisher":{"@id":"https:\/\/www.eldigitaldeasturias.com\/noticias\/#organization"}}]},"og:locale":"es_ES","og:site_name":"El Digital de Asturias","og:type":"article","og:title":"Entrega de las banderas de Andaluc\u00eda de la provincia de Sevilla - El Digital de Asturias","og:description":"El consejero de Cultura, Miguel \u00c1ngel V\u00e1zquez, ha presidido la entrega de las banderas de Andaluc\u00eda de la provincia de Sevilla, que celebra cada a\u00f1o la Junta de Andaluc\u00eda con motivo del 28F, un acto durante el cual ha reivindicado un modelo de financiaci\u00f3n para Andaluc\u00eda &quot;justo y solidario, donde cualquier ciudadano de Espa\u00f1a tenga","og:url":"https:\/\/www.eldigitaldeasturias.com\/noticias\/entrega-de-las-banderas-de-andalucia-de-la-provincia-de-sevilla\/","article:tag":["actualidad"],"article:published_time":"2018-02-24T16:57:08+00:00","article:modified_time":"2018-02-24T16:57:08+00:00","article:publisher":"https:\/\/facebook.com\/eldigitaldeasturias","twitter:card":"summary_large_image","twitter:title":"Entrega de las banderas de Andaluc\u00eda de la provincia de Sevilla - El Digital de Asturias","twitter:description":"El consejero de Cultura, Miguel \u00c1ngel V\u00e1zquez, ha presidido la entrega de las banderas de Andaluc\u00eda de la provincia de Sevilla, que celebra cada a\u00f1o la Junta de Andaluc\u00eda con motivo del 28F, un acto durante el cual ha reivindicado un modelo de financiaci\u00f3n para Andaluc\u00eda &quot;justo y solidario, donde cualquier ciudadano de Espa\u00f1a tenga","twitter:image":"https:\/\/www.eldigitaldeasturias.com\/noticias\/wp-content\/uploads\/2020\/12\/EDA-1.jpg","twitter:label1":"Escrito por","twitter:data1":"El Digital de Asturias","twitter:label2":"Tiempo de lectura estimado","twitter:data2":"5 minutos"},"aioseo_meta_data":{"post_id":"970201","title":null,"description":null,"keywords":null,"keyphrases":null,"primary_term":null,"canonical_url":null,"og_title":null,"og_description":null,"og_object_type":"default","og_image_type":"default","og_image_url":null,"og_image_width":null,"og_image_height":null,"og_image_custom_url":null,"og_image_custom_fields":null,"og_video":null,"og_custom_url":null,"og_article_section":null,"og_article_tags":null,"twitter_use_og":false,"twitter_card":"default","twitter_image_type":"default","twitter_image_url":null,"twitter_image_custom_url":null,"twitter_image_custom_fields":null,"twitter_title":null,"twitter_description":null,"schema":{"blockGraphs":[],"customGraphs":[],"default":{"data":{"Article":[],"Course":[],"Dataset":[],"FAQPage":[],"Movie":[],"Person":[],"Product":[],"ProductReview":[],"Car":[],"Recipe":[],"Service":[],"SoftwareApplication":[],"WebPage":[]},"graphName":"","isEnabled":true},"graphs":[],"defaultGraph":"","defaultPostTypeGraph":""},"schema_type":null,"schema_type_options":null,"pillar_content":false,"robots_default":true,"robots_noindex":false,"robots_noarchive":false,"robots_nosnippet":false,"robots_nofollow":false,"robots_noimageindex":false,"robots_noodp":false,"robots_notranslate":false,"robots_max_snippet":null,"robots_max_videopreview":null,"robots_max_imagepreview":"large","priority":null,"frequency":null,"local_seo":null,"seo_analyzer_scan_date":"2025-10-07 04:44:59","breadcrumb_settings":null,"limit_modified_date":false,"open_ai":null,"ai":null,"created":"2020-12-21 12:25:37","updated":"2025-10-07 04:44:59","focus_keyword":null,"additional_keywords":null,"truseo_locale":null},"aioseo_breadcrumb":"<div class=\"aioseo-breadcrumbs\"><span class=\"aioseo-breadcrumb\">\n\t<a href=\"https:\/\/www.eldigitaldeasturias.com\/noticias\" title=\"Home\">Home<\/a>\n<\/span><span class=\"aioseo-breadcrumb-separator\">\u2013<\/span><span class=\"aioseo-breadcrumb\">\n\t<a href=\"https:\/\/www.eldigitaldeasturias.com\/noticias\/category\/actualidad\/\" title=\"Actualidad\">Actualidad<\/a>\n<\/span><span class=\"aioseo-breadcrumb-separator\">\u2013<\/span><span class=\"aioseo-breadcrumb\">\n\t<a href=\"https:\/\/www.eldigitaldeasturias.com\/noticias\/entrega-de-las-banderas-de-andalucia-de-la-provincia-de-sevilla\/\" title=\"Entrega de las banderas de Andaluc\u00eda de la provincia de Sevilla\">Entrega de las banderas de Andaluc\u00eda de la provincia de Sevilla<\/a>\n<\/span><\/div>","aioseo_breadcrumb_json":[{"label":"Home","link":"https:\/\/www.eldigitaldeasturias.com\/noticias"},{"label":"Actualidad","link":"https:\/\/www.eldigitaldeasturias.com\/noticias\/category\/actualidad\/"},{"label":"Entrega de las banderas de Andaluc\u00eda de la provincia de Sevilla","link":"https:\/\/www.eldigitaldeasturias.com\/noticias\/entrega-de-las-banderas-de-andalucia-de-la-provincia-de-sevilla\/"}],"_links":{"self":[{"href":"https:\/\/www.eldigitaldeasturias.com\/noticias\/wp-json\/wp\/v2\/posts\/970201","targetHints":{"allow":["GET"]}}],"collection":[{"href":"https:\/\/www.eldigitaldeasturias.com\/noticias\/wp-json\/wp\/v2\/posts"}],"about":[{"href":"https:\/\/www.eldigitaldeasturias.com\/noticias\/wp-json\/wp\/v2\/types\/post"}],"author":[{"embeddable":true,"href":"https:\/\/www.eldigitaldeasturias.com\/noticias\/wp-json\/wp\/v2\/users\/1"}],"replies":[{"embeddable":true,"href":"https:\/\/www.eldigitaldeasturias.com\/noticias\/wp-json\/wp\/v2\/comments?post=970201"}],"version-history":[{"count":0,"href":"https:\/\/www.eldigitaldeasturias.com\/noticias\/wp-json\/wp\/v2\/posts\/970201\/revisions"}],"wp:attachment":[{"href":"https:\/\/www.eldigitaldeasturias.com\/noticias\/wp-json\/wp\/v2\/media?parent=970201"}],"wp:term":[{"taxonomy":"category","embeddable":true,"href":"https:\/\/www.eldigitaldeasturias.com\/noticias\/wp-json\/wp\/v2\/categories?post=970201"},{"taxonomy":"post_tag","embeddable":true,"href":"https:\/\/www.eldigitaldeasturias.com\/noticias\/wp-json\/wp\/v2\/tags?post=970201"}],"curies":[{"name":"wp","href":"https:\/\/api.w.org\/{rel}","templated":true}]}}