{"id":970195,"date":"2018-02-24T16:52:02","date_gmt":"2018-02-24T16:52:02","guid":{"rendered":"http:\/\/www.eldigitaldeasturias.com\/noticias\/?p=970195"},"modified":"2018-02-24T16:52:02","modified_gmt":"2018-02-24T16:52:02","slug":"celebracion-del-dia-de-andalucia-en-cadiz","status":"publish","type":"post","link":"https:\/\/www.eldigitaldeasturias.com\/noticias\/celebracion-del-dia-de-andalucia-en-cadiz\/","title":{"rendered":"Celebraci\u00f3n del D\u00eda de Andaluc\u00eda en C\u00e1diz"},"content":{"rendered":"<p><img loading=\"lazy\" decoding=\"async\" class=\"alignleft size-medium wp-image-970196\" src=\"https:\/\/www.eldigitaldeasturias.com\/noticias\/wp-content\/uploads\/2018\/02\/1519392963077MJBarriosEstandardn-360x212.jpg\" alt=\"\" width=\"360\" height=\"212\" \/>El vicepresidente de la Junta y consejero de la Presidencia, Administraci\u00f3n Local y Memoria Democr\u00e1tica, Manuel Jim\u00e9nez Barrios, ha se\u00f1alado que Andaluc\u00eda \u00abnecesita que el Gobierno d\u00e9 el paso definitivo hacia un nuevo modelo de financiaci\u00f3n\u00bb porque, \u00abafortunadamente, ya hoy no se discute que es de las comunidades peor financiadas\u00bb. As\u00ed lo ha manifestado durante la celebraci\u00f3n del D\u00eda de Andaluc\u00eda en C\u00e1diz, en la que tambi\u00e9n ha participado el delegado del Gobierno de la Junta, Juan Luis Beliz\u00f3n.<\/p>\n<p>Jim\u00e9nez Barrios ha indicado que \u00abAndaluc\u00eda no puede esperar m\u00e1s un nuevo modelo de financiaci\u00f3n auton\u00f3mica, porque el salto en la modernizaci\u00f3n definitiva, en lo que significan nuestras expectativas para seguir generando empleo y creando riqueza, necesita que se acompa\u00f1e de la financiaci\u00f3n adecuada\u00bb.<\/p>\n<p>En este sentido, ha indicado que el 28F \u00abes un d\u00eda muy importante, porque adem\u00e1s de vivirlo de una manera festiva, hay que aprovechar lo que significa para reflexionar sobre Andaluc\u00eda en el actual contexto pol\u00edtico, tanto por las tensiones territoriales, como por el actual modelo de financiaci\u00f3n auton\u00f3mica\u00bb. As\u00ed, ha subrayado que \u00abAndaluc\u00eda aporta a Espa\u00f1a estabilidad, seguridad, igualdad y el compromiso y la garant\u00eda de que vamos a trabajar en lo que, entre todos, hemos construido democr\u00e1ticamente\u00bb.<\/p>\n<p>Durante la ceremonia, que se ha celebrado en Chiclana de la Frontera, se ha otorgado los galardones instituidos con motivo de la celebraci\u00f3n del D\u00eda de Andaluc\u00eda a trece personalidades, empresas e instituciones de la provincia de C\u00e1diz o ligadas \u00edntimamente con ella.<\/p>\n<p>En esta ocasi\u00f3n, la Delegaci\u00f3n del Gobierno de la Junta de Andaluc\u00eda en C\u00e1diz ha premiado a la humorista, actriz y presentadora de televisi\u00f3n Paz Padilla, por su labor en materia de &#8216;Promoci\u00f3n de C\u00e1diz en el exterior&#8217; y al cantante Abraham Mateo en la categor\u00eda de &#8216;Acci\u00f3n Cultural. El &#8216;Reconocimiento Deportivo&#8217;, ha sido para la jugadora de f\u00fatbol sala Amelia Romero, y Francisco Mena, presidente de la Fundaci\u00f3n M\u00e1rgenes y V\u00ednculos, ha sido reconocido por su &#8216;Trayectoria Asociativa&#8217;.<\/p>\n<p>Tambi\u00e9n han sido distinguidos la Federaci\u00f3n de Mujeres El Despertar, del \u00e1rea rural del Campo de Gibraltar, por su &#8216;Promoci\u00f3n de la igualdad&#8217;; el maestro e inspector de Educaci\u00f3n Jaime Mart\u00ednez, en la categor\u00eda de &#8216;M\u00e9rito Educativo&#8217;; la Unidad de Nefrolog\u00eda del Hospital Universitario Puerta del Mar, en materia de &#8216;Salud&#8217;, y la asociaci\u00f3n Manos abiertas hacia el futuro, por su labor en &#8216;Inclusi\u00f3n Social&#8217;.<\/p>\n<p>Igualmente, el Grupo Invercumbre ha sido reconocido por su &#8216;Acci\u00f3n Empresarial&#8217;; el Rancho Cortesano de la Miel, por su &#8216;Compromiso ambiental&#8217;; el Proyecto Algas, en materia de &#8216;Innovaci\u00f3n e investigaci\u00f3n&#8217;, y la Finca Las Lomas, en la categor\u00eda de &#8216;Agricultura y Desarrollo Rural&#8217;. Finalmente, se le ha hecho un &#8216;Reconocimiento especial&#8217; al cantaor Alonso N\u00fa\u00f1ez, &#8216;Rancapino&#8217;.<\/p>\n<p>De todos ellos, el vicepresidente ha se\u00f1alado que \u00abrepresentan muy bien a la provincia de C\u00e1diz, desde el punto de vista de la investigaci\u00f3n, la innovaci\u00f3n, la agricultura, el conocimiento y el arte\u00bb.<\/p>\n","protected":false},"excerpt":{"rendered":"<p>El vicepresidente de la Junta y consejero de la Presidencia, Administraci\u00f3n Local y Memoria Democr\u00e1tica, Manuel Jim\u00e9nez Barrios, ha se\u00f1alado que Andaluc\u00eda \u00abnecesita que el Gobierno d\u00e9 el paso definitivo hacia un nuevo modelo de financiaci\u00f3n\u00bb porque, \u00abafortunadamente, ya hoy no se discute que es de las comunidades peor financiadas\u00bb. As\u00ed lo ha manifestado durante [&hellip;]<\/p>\n","protected":false},"author":1,"featured_media":970196,"comment_status":"closed","ping_status":"closed","sticky":false,"template":"","format":"standard","meta":{"footnotes":""},"categories":[1],"tags":[],"class_list":["post-970195","post","type-post","status-publish","format-standard","has-post-thumbnail","hentry","category-actualidad"],"aioseo_notices":[],"aioseo_head":"\n\t\t<!-- All in One SEO Pro 5.0.1 - aioseo.com -->\n\t<meta name=\"description\" content=\"El vicepresidente de la Junta y consejero de la Presidencia, Administraci\u00f3n Local y Memoria Democr\u00e1tica, Manuel Jim\u00e9nez Barrios, ha se\u00f1alado que Andaluc\u00eda &quot;necesita que el Gobierno d\u00e9 el paso definitivo hacia un nuevo modelo de financiaci\u00f3n&quot; porque, &quot;afortunadamente, ya hoy no se discute que es de las comunidades peor financiadas&quot;. As\u00ed lo ha manifestado durante\" \/>\n\t<meta name=\"robots\" content=\"max-image-preview:large\" \/>\n\t<meta name=\"author\" content=\"El Digital de Asturias\"\/>\n\t<meta name=\"google-site-verification\" content=\"UA-38556648-1\" \/>\n\t<meta name=\"msvalidate.01\" content=\"7dfe9f3f1b24437ab69f4f2559babe99\" \/>\n\t<meta name=\"keywords\" content=\"actualidad\" \/>\n\t<link rel=\"canonical\" href=\"https:\/\/www.eldigitaldeasturias.com\/noticias\/celebracion-del-dia-de-andalucia-en-cadiz\/\" \/>\n\t<meta name=\"generator\" content=\"All in One SEO Pro (AIOSEO) 5.0.1\" \/>\n\t\t<meta property=\"og:locale\" content=\"es_ES\" \/>\n\t\t<meta property=\"og:site_name\" content=\"El Digital de Asturias\" \/>\n\t\t<meta property=\"og:type\" content=\"article\" \/>\n\t\t<meta property=\"og:title\" content=\"Celebraci\u00f3n del D\u00eda de Andaluc\u00eda en C\u00e1diz - El Digital de Asturias\" \/>\n\t\t<meta property=\"og:description\" content=\"El vicepresidente de la Junta y consejero de la Presidencia, Administraci\u00f3n Local y Memoria Democr\u00e1tica, Manuel Jim\u00e9nez Barrios, ha se\u00f1alado que Andaluc\u00eda &quot;necesita que el Gobierno d\u00e9 el paso definitivo hacia un nuevo modelo de financiaci\u00f3n&quot; porque, &quot;afortunadamente, ya hoy no se discute que es de las comunidades peor financiadas&quot;. As\u00ed lo ha manifestado durante\" \/>\n\t\t<meta property=\"og:url\" content=\"https:\/\/www.eldigitaldeasturias.com\/noticias\/celebracion-del-dia-de-andalucia-en-cadiz\/\" \/>\n\t\t<meta property=\"article:tag\" content=\"actualidad\" \/>\n\t\t<meta property=\"article:published_time\" content=\"2018-02-24T16:52:02+00:00\" \/>\n\t\t<meta property=\"article:modified_time\" content=\"2018-02-24T16:52:02+00:00\" \/>\n\t\t<meta property=\"article:publisher\" content=\"https:\/\/facebook.com\/eldigitaldeasturias\" \/>\n\t\t<meta name=\"twitter:card\" content=\"summary_large_image\" \/>\n\t\t<meta name=\"twitter:title\" content=\"Celebraci\u00f3n del D\u00eda de Andaluc\u00eda en C\u00e1diz - El Digital de Asturias\" \/>\n\t\t<meta name=\"twitter:description\" content=\"El vicepresidente de la Junta y consejero de la Presidencia, Administraci\u00f3n Local y Memoria Democr\u00e1tica, Manuel Jim\u00e9nez Barrios, ha se\u00f1alado que Andaluc\u00eda &quot;necesita que el Gobierno d\u00e9 el paso definitivo hacia un nuevo modelo de financiaci\u00f3n&quot; porque, &quot;afortunadamente, ya hoy no se discute que es de las comunidades peor financiadas&quot;. As\u00ed lo ha manifestado durante\" \/>\n\t\t<meta name=\"twitter:image\" content=\"https:\/\/www.eldigitaldeasturias.com\/noticias\/wp-content\/uploads\/2020\/12\/EDA-1.jpg\" \/>\n\t\t<meta name=\"twitter:label1\" content=\"Escrito por\" \/>\n\t\t<meta name=\"twitter:data1\" content=\"El Digital de Asturias\" \/>\n\t\t<meta name=\"twitter:label2\" content=\"Tiempo de lectura estimado\" \/>\n\t\t<meta name=\"twitter:data2\" content=\"3 minutos\" \/>\n\t\t<script type=\"application\/ld+json\" class=\"aioseo-schema\">\n\t\t\t{\"@context\":\"https:\\\/\\\/schema.org\",\"@graph\":[{\"@type\":\"BlogPosting\",\"@id\":\"https:\\\/\\\/www.eldigitaldeasturias.com\\\/noticias\\\/celebracion-del-dia-de-andalucia-en-cadiz\\\/#blogposting\",\"name\":\"Celebraci\\u00f3n del D\\u00eda de Andaluc\\u00eda en C\\u00e1diz - El Digital de Asturias\",\"headline\":\"Celebraci\\u00f3n del D\\u00eda de Andaluc\\u00eda en C\\u00e1diz\",\"author\":{\"@id\":\"https:\\\/\\\/www.eldigitaldeasturias.com\\\/noticias\\\/author\\\/admin\\\/#author\"},\"publisher\":{\"@id\":\"https:\\\/\\\/www.eldigitaldeasturias.com\\\/noticias\\\/#organization\"},\"image\":{\"@type\":\"ImageObject\",\"url\":970196},\"datePublished\":\"2018-02-24T16:52:02+01:00\",\"dateModified\":\"2018-02-24T16:52:02+01:00\",\"inLanguage\":\"es-ES\",\"mainEntityOfPage\":{\"@id\":\"https:\\\/\\\/www.eldigitaldeasturias.com\\\/noticias\\\/celebracion-del-dia-de-andalucia-en-cadiz\\\/#webpage\"},\"isPartOf\":{\"@id\":\"https:\\\/\\\/www.eldigitaldeasturias.com\\\/noticias\\\/celebracion-del-dia-de-andalucia-en-cadiz\\\/#webpage\"},\"articleSection\":\"Actualidad\"},{\"@type\":\"BreadcrumbList\",\"@id\":\"https:\\\/\\\/www.eldigitaldeasturias.com\\\/noticias\\\/celebracion-del-dia-de-andalucia-en-cadiz\\\/#breadcrumblist\",\"itemListElement\":[{\"@type\":\"ListItem\",\"@id\":\"https:\\\/\\\/www.eldigitaldeasturias.com\\\/noticias#listItem\",\"position\":1,\"name\":\"Home\",\"item\":\"https:\\\/\\\/www.eldigitaldeasturias.com\\\/noticias\",\"nextItem\":{\"@type\":\"ListItem\",\"@id\":\"https:\\\/\\\/www.eldigitaldeasturias.com\\\/noticias\\\/category\\\/actualidad\\\/#listItem\",\"name\":\"Actualidad\"}},{\"@type\":\"ListItem\",\"@id\":\"https:\\\/\\\/www.eldigitaldeasturias.com\\\/noticias\\\/category\\\/actualidad\\\/#listItem\",\"position\":2,\"name\":\"Actualidad\",\"item\":\"https:\\\/\\\/www.eldigitaldeasturias.com\\\/noticias\\\/category\\\/actualidad\\\/\",\"nextItem\":{\"@type\":\"ListItem\",\"@id\":\"https:\\\/\\\/www.eldigitaldeasturias.com\\\/noticias\\\/celebracion-del-dia-de-andalucia-en-cadiz\\\/#listItem\",\"name\":\"Celebraci\\u00f3n del D\\u00eda de Andaluc\\u00eda en C\\u00e1diz\"},\"previousItem\":{\"@type\":\"ListItem\",\"@id\":\"https:\\\/\\\/www.eldigitaldeasturias.com\\\/noticias#listItem\",\"name\":\"Home\"}},{\"@type\":\"ListItem\",\"@id\":\"https:\\\/\\\/www.eldigitaldeasturias.com\\\/noticias\\\/celebracion-del-dia-de-andalucia-en-cadiz\\\/#listItem\",\"position\":3,\"name\":\"Celebraci\\u00f3n del D\\u00eda de Andaluc\\u00eda en C\\u00e1diz\",\"previousItem\":{\"@type\":\"ListItem\",\"@id\":\"https:\\\/\\\/www.eldigitaldeasturias.com\\\/noticias\\\/category\\\/actualidad\\\/#listItem\",\"name\":\"Actualidad\"}}]},{\"@type\":\"Organization\",\"@id\":\"https:\\\/\\\/www.eldigitaldeasturias.com\\\/noticias\\\/#organization\",\"name\":\"El Digital de Asturias\",\"description\":\"Hemeroteca\",\"url\":\"https:\\\/\\\/www.eldigitaldeasturias.com\\\/noticias\\\/\",\"email\":\"info@eldigitaldeasturias.com\",\"telephone\":\"+34652131393\",\"logo\":{\"@type\":\"ImageObject\",\"url\":\"https:\\\/\\\/www.eldigitaldeasturias.com\\\/noticias\\\/wp-content\\\/uploads\\\/2020\\\/12\\\/EDA.jpg\",\"@id\":\"https:\\\/\\\/www.eldigitaldeasturias.com\\\/noticias\\\/celebracion-del-dia-de-andalucia-en-cadiz\\\/#organizationLogo\"},\"image\":{\"@id\":\"https:\\\/\\\/www.eldigitaldeasturias.com\\\/noticias\\\/celebracion-del-dia-de-andalucia-en-cadiz\\\/#organizationLogo\"},\"sameAs\":[\"https:\\\/\\\/facebook.com\\\/eldigitaldeasturias\",\"https:\\\/\\\/www.youtube.com\\\/channel\\\/UCZP-2wLEB9Rv6erhFmqVnvg\"],\"address\":{\"@id\":\"https:\\\/\\\/www.eldigitaldeasturias.com\\\/noticias\\\/#postaladdress\",\"@type\":\"PostalAddress\",\"streetAddress\":\"san antonio 4\",\"postalCode\":\"33430\",\"addressLocality\":\"Cand\\u00e1s\",\"addressRegion\":\"Asturias\",\"addressCountry\":\"ES\"}},{\"@type\":\"Person\",\"@id\":\"https:\\\/\\\/www.eldigitaldeasturias.com\\\/noticias\\\/author\\\/admin\\\/#author\",\"url\":\"https:\\\/\\\/www.eldigitaldeasturias.com\\\/noticias\\\/author\\\/admin\\\/\",\"name\":\"El Digital de Asturias\",\"image\":{\"@type\":\"ImageObject\",\"@id\":\"https:\\\/\\\/www.eldigitaldeasturias.com\\\/noticias\\\/celebracion-del-dia-de-andalucia-en-cadiz\\\/#authorImage\",\"url\":\"https:\\\/\\\/secure.gravatar.com\\\/avatar\\\/df2aeffc32bcd13f8d26072ef8a91b623d677766deac7f97ca815868cd41bf5e?s=96&d=mm&r=g\",\"width\":96,\"height\":96,\"caption\":\"El Digital de Asturias\"}},{\"@type\":\"WebPage\",\"@id\":\"https:\\\/\\\/www.eldigitaldeasturias.com\\\/noticias\\\/celebracion-del-dia-de-andalucia-en-cadiz\\\/#webpage\",\"url\":\"https:\\\/\\\/www.eldigitaldeasturias.com\\\/noticias\\\/celebracion-del-dia-de-andalucia-en-cadiz\\\/\",\"name\":\"Celebraci\\u00f3n del D\\u00eda de Andaluc\\u00eda en C\\u00e1diz - El Digital de Asturias\",\"description\":\"El vicepresidente de la Junta y consejero de la Presidencia, Administraci\\u00f3n Local y Memoria Democr\\u00e1tica, Manuel Jim\\u00e9nez Barrios, ha se\\u00f1alado que Andaluc\\u00eda \\\"necesita que el Gobierno d\\u00e9 el paso definitivo hacia un nuevo modelo de financiaci\\u00f3n\\\" porque, \\\"afortunadamente, ya hoy no se discute que es de las comunidades peor financiadas\\\". As\\u00ed lo ha manifestado durante\",\"inLanguage\":\"es-ES\",\"isPartOf\":{\"@id\":\"https:\\\/\\\/www.eldigitaldeasturias.com\\\/noticias\\\/#website\"},\"breadcrumb\":{\"@id\":\"https:\\\/\\\/www.eldigitaldeasturias.com\\\/noticias\\\/celebracion-del-dia-de-andalucia-en-cadiz\\\/#breadcrumblist\"},\"author\":{\"@id\":\"https:\\\/\\\/www.eldigitaldeasturias.com\\\/noticias\\\/author\\\/admin\\\/#author\"},\"creator\":{\"@id\":\"https:\\\/\\\/www.eldigitaldeasturias.com\\\/noticias\\\/author\\\/admin\\\/#author\"},\"image\":{\"@type\":\"ImageObject\",\"url\":970196,\"@id\":\"https:\\\/\\\/www.eldigitaldeasturias.com\\\/noticias\\\/celebracion-del-dia-de-andalucia-en-cadiz\\\/#mainImage\"},\"primaryImageOfPage\":{\"@id\":\"https:\\\/\\\/www.eldigitaldeasturias.com\\\/noticias\\\/celebracion-del-dia-de-andalucia-en-cadiz\\\/#mainImage\"},\"datePublished\":\"2018-02-24T16:52:02+01:00\",\"dateModified\":\"2018-02-24T16:52:02+01:00\"},{\"@type\":\"WebSite\",\"@id\":\"https:\\\/\\\/www.eldigitaldeasturias.com\\\/noticias\\\/#website\",\"url\":\"https:\\\/\\\/www.eldigitaldeasturias.com\\\/noticias\\\/\",\"name\":\"El Digital de Asturias - Diario de actualidad y noticias\",\"alternateName\":\"El Digital de Asturias - Diario de actualidad y noticias\",\"description\":\"Hemeroteca\",\"inLanguage\":\"es-ES\",\"publisher\":{\"@id\":\"https:\\\/\\\/www.eldigitaldeasturias.com\\\/noticias\\\/#organization\"}}]}\n\t\t<\/script>\n\t\t<!-- All in One SEO Pro -->\r\n\t\t<title>Celebraci\u00f3n del D\u00eda de Andaluc\u00eda en C\u00e1diz - El Digital de Asturias<\/title>\n\n","aioseo_head_json":{"title":"Celebraci\u00f3n del D\u00eda de Andaluc\u00eda en C\u00e1diz - El Digital de Asturias","description":"El vicepresidente de la Junta y consejero de la Presidencia, Administraci\u00f3n Local y Memoria Democr\u00e1tica, Manuel Jim\u00e9nez Barrios, ha se\u00f1alado que Andaluc\u00eda \"necesita que el Gobierno d\u00e9 el paso definitivo hacia un nuevo modelo de financiaci\u00f3n\" porque, \"afortunadamente, ya hoy no se discute que es de las comunidades peor financiadas\". As\u00ed lo ha manifestado durante","canonical_url":"https:\/\/www.eldigitaldeasturias.com\/noticias\/celebracion-del-dia-de-andalucia-en-cadiz\/","robots":"max-image-preview:large","keywords":"actualidad","webmasterTools":{"google-site-verification":"UA-38556648-1","msvalidate.01":"7dfe9f3f1b24437ab69f4f2559babe99","miscellaneous":""},"schema":{"@context":"https:\/\/schema.org","@graph":[{"@type":"BlogPosting","@id":"https:\/\/www.eldigitaldeasturias.com\/noticias\/celebracion-del-dia-de-andalucia-en-cadiz\/#blogposting","name":"Celebraci\u00f3n del D\u00eda de Andaluc\u00eda en C\u00e1diz - El Digital de Asturias","headline":"Celebraci\u00f3n del D\u00eda de Andaluc\u00eda en C\u00e1diz","author":{"@id":"https:\/\/www.eldigitaldeasturias.com\/noticias\/author\/admin\/#author"},"publisher":{"@id":"https:\/\/www.eldigitaldeasturias.com\/noticias\/#organization"},"image":{"@type":"ImageObject","url":970196},"datePublished":"2018-02-24T16:52:02+01:00","dateModified":"2018-02-24T16:52:02+01:00","inLanguage":"es-ES","mainEntityOfPage":{"@id":"https:\/\/www.eldigitaldeasturias.com\/noticias\/celebracion-del-dia-de-andalucia-en-cadiz\/#webpage"},"isPartOf":{"@id":"https:\/\/www.eldigitaldeasturias.com\/noticias\/celebracion-del-dia-de-andalucia-en-cadiz\/#webpage"},"articleSection":"Actualidad"},{"@type":"BreadcrumbList","@id":"https:\/\/www.eldigitaldeasturias.com\/noticias\/celebracion-del-dia-de-andalucia-en-cadiz\/#breadcrumblist","itemListElement":[{"@type":"ListItem","@id":"https:\/\/www.eldigitaldeasturias.com\/noticias#listItem","position":1,"name":"Home","item":"https:\/\/www.eldigitaldeasturias.com\/noticias","nextItem":{"@type":"ListItem","@id":"https:\/\/www.eldigitaldeasturias.com\/noticias\/category\/actualidad\/#listItem","name":"Actualidad"}},{"@type":"ListItem","@id":"https:\/\/www.eldigitaldeasturias.com\/noticias\/category\/actualidad\/#listItem","position":2,"name":"Actualidad","item":"https:\/\/www.eldigitaldeasturias.com\/noticias\/category\/actualidad\/","nextItem":{"@type":"ListItem","@id":"https:\/\/www.eldigitaldeasturias.com\/noticias\/celebracion-del-dia-de-andalucia-en-cadiz\/#listItem","name":"Celebraci\u00f3n del D\u00eda de Andaluc\u00eda en C\u00e1diz"},"previousItem":{"@type":"ListItem","@id":"https:\/\/www.eldigitaldeasturias.com\/noticias#listItem","name":"Home"}},{"@type":"ListItem","@id":"https:\/\/www.eldigitaldeasturias.com\/noticias\/celebracion-del-dia-de-andalucia-en-cadiz\/#listItem","position":3,"name":"Celebraci\u00f3n del D\u00eda de Andaluc\u00eda en C\u00e1diz","previousItem":{"@type":"ListItem","@id":"https:\/\/www.eldigitaldeasturias.com\/noticias\/category\/actualidad\/#listItem","name":"Actualidad"}}]},{"@type":"Organization","@id":"https:\/\/www.eldigitaldeasturias.com\/noticias\/#organization","name":"El Digital de Asturias","description":"Hemeroteca","url":"https:\/\/www.eldigitaldeasturias.com\/noticias\/","email":"info@eldigitaldeasturias.com","telephone":"+34652131393","logo":{"@type":"ImageObject","url":"https:\/\/www.eldigitaldeasturias.com\/noticias\/wp-content\/uploads\/2020\/12\/EDA.jpg","@id":"https:\/\/www.eldigitaldeasturias.com\/noticias\/celebracion-del-dia-de-andalucia-en-cadiz\/#organizationLogo"},"image":{"@id":"https:\/\/www.eldigitaldeasturias.com\/noticias\/celebracion-del-dia-de-andalucia-en-cadiz\/#organizationLogo"},"sameAs":["https:\/\/facebook.com\/eldigitaldeasturias","https:\/\/www.youtube.com\/channel\/UCZP-2wLEB9Rv6erhFmqVnvg"],"address":{"@id":"https:\/\/www.eldigitaldeasturias.com\/noticias\/#postaladdress","@type":"PostalAddress","streetAddress":"san antonio 4","postalCode":"33430","addressLocality":"Cand\u00e1s","addressRegion":"Asturias","addressCountry":"ES"}},{"@type":"Person","@id":"https:\/\/www.eldigitaldeasturias.com\/noticias\/author\/admin\/#author","url":"https:\/\/www.eldigitaldeasturias.com\/noticias\/author\/admin\/","name":"El Digital de Asturias","image":{"@type":"ImageObject","@id":"https:\/\/www.eldigitaldeasturias.com\/noticias\/celebracion-del-dia-de-andalucia-en-cadiz\/#authorImage","url":"https:\/\/secure.gravatar.com\/avatar\/df2aeffc32bcd13f8d26072ef8a91b623d677766deac7f97ca815868cd41bf5e?s=96&d=mm&r=g","width":96,"height":96,"caption":"El Digital de Asturias"}},{"@type":"WebPage","@id":"https:\/\/www.eldigitaldeasturias.com\/noticias\/celebracion-del-dia-de-andalucia-en-cadiz\/#webpage","url":"https:\/\/www.eldigitaldeasturias.com\/noticias\/celebracion-del-dia-de-andalucia-en-cadiz\/","name":"Celebraci\u00f3n del D\u00eda de Andaluc\u00eda en C\u00e1diz - El Digital de Asturias","description":"El vicepresidente de la Junta y consejero de la Presidencia, Administraci\u00f3n Local y Memoria Democr\u00e1tica, Manuel Jim\u00e9nez Barrios, ha se\u00f1alado que Andaluc\u00eda \"necesita que el Gobierno d\u00e9 el paso definitivo hacia un nuevo modelo de financiaci\u00f3n\" porque, \"afortunadamente, ya hoy no se discute que es de las comunidades peor financiadas\". As\u00ed lo ha manifestado durante","inLanguage":"es-ES","isPartOf":{"@id":"https:\/\/www.eldigitaldeasturias.com\/noticias\/#website"},"breadcrumb":{"@id":"https:\/\/www.eldigitaldeasturias.com\/noticias\/celebracion-del-dia-de-andalucia-en-cadiz\/#breadcrumblist"},"author":{"@id":"https:\/\/www.eldigitaldeasturias.com\/noticias\/author\/admin\/#author"},"creator":{"@id":"https:\/\/www.eldigitaldeasturias.com\/noticias\/author\/admin\/#author"},"image":{"@type":"ImageObject","url":970196,"@id":"https:\/\/www.eldigitaldeasturias.com\/noticias\/celebracion-del-dia-de-andalucia-en-cadiz\/#mainImage"},"primaryImageOfPage":{"@id":"https:\/\/www.eldigitaldeasturias.com\/noticias\/celebracion-del-dia-de-andalucia-en-cadiz\/#mainImage"},"datePublished":"2018-02-24T16:52:02+01:00","dateModified":"2018-02-24T16:52:02+01:00"},{"@type":"WebSite","@id":"https:\/\/www.eldigitaldeasturias.com\/noticias\/#website","url":"https:\/\/www.eldigitaldeasturias.com\/noticias\/","name":"El Digital de Asturias - Diario de actualidad y noticias","alternateName":"El Digital de Asturias - Diario de actualidad y noticias","description":"Hemeroteca","inLanguage":"es-ES","publisher":{"@id":"https:\/\/www.eldigitaldeasturias.com\/noticias\/#organization"}}]},"og:locale":"es_ES","og:site_name":"El Digital de Asturias","og:type":"article","og:title":"Celebraci\u00f3n del D\u00eda de Andaluc\u00eda en C\u00e1diz - El Digital de Asturias","og:description":"El vicepresidente de la Junta y consejero de la Presidencia, Administraci\u00f3n Local y Memoria Democr\u00e1tica, Manuel Jim\u00e9nez Barrios, ha se\u00f1alado que Andaluc\u00eda &quot;necesita que el Gobierno d\u00e9 el paso definitivo hacia un nuevo modelo de financiaci\u00f3n&quot; porque, &quot;afortunadamente, ya hoy no se discute que es de las comunidades peor financiadas&quot;. As\u00ed lo ha manifestado durante","og:url":"https:\/\/www.eldigitaldeasturias.com\/noticias\/celebracion-del-dia-de-andalucia-en-cadiz\/","article:tag":["actualidad"],"article:published_time":"2018-02-24T16:52:02+00:00","article:modified_time":"2018-02-24T16:52:02+00:00","article:publisher":"https:\/\/facebook.com\/eldigitaldeasturias","twitter:card":"summary_large_image","twitter:title":"Celebraci\u00f3n del D\u00eda de Andaluc\u00eda en C\u00e1diz - El Digital de Asturias","twitter:description":"El vicepresidente de la Junta y consejero de la Presidencia, Administraci\u00f3n Local y Memoria Democr\u00e1tica, Manuel Jim\u00e9nez Barrios, ha se\u00f1alado que Andaluc\u00eda &quot;necesita que el Gobierno d\u00e9 el paso definitivo hacia un nuevo modelo de financiaci\u00f3n&quot; porque, &quot;afortunadamente, ya hoy no se discute que es de las comunidades peor financiadas&quot;. As\u00ed lo ha manifestado durante","twitter:image":"https:\/\/www.eldigitaldeasturias.com\/noticias\/wp-content\/uploads\/2020\/12\/EDA-1.jpg","twitter:label1":"Escrito por","twitter:data1":"El Digital de Asturias","twitter:label2":"Tiempo de lectura estimado","twitter:data2":"3 minutos"},"aioseo_meta_data":{"post_id":"970195","title":null,"description":null,"keywords":null,"keyphrases":null,"primary_term":null,"canonical_url":null,"og_title":null,"og_description":null,"og_object_type":"default","og_image_type":"default","og_image_url":null,"og_image_width":null,"og_image_height":null,"og_image_custom_url":null,"og_image_custom_fields":null,"og_video":null,"og_custom_url":null,"og_article_section":null,"og_article_tags":null,"twitter_use_og":false,"twitter_card":"default","twitter_image_type":"default","twitter_image_url":null,"twitter_image_custom_url":null,"twitter_image_custom_fields":null,"twitter_title":null,"twitter_description":null,"schema":{"blockGraphs":[],"customGraphs":[],"default":{"data":{"Article":[],"Course":[],"Dataset":[],"FAQPage":[],"Movie":[],"Person":[],"Product":[],"ProductReview":[],"Car":[],"Recipe":[],"Service":[],"SoftwareApplication":[],"WebPage":[]},"graphName":"","isEnabled":true},"graphs":[],"defaultGraph":"","defaultPostTypeGraph":""},"schema_type":null,"schema_type_options":null,"pillar_content":false,"robots_default":true,"robots_noindex":false,"robots_noarchive":false,"robots_nosnippet":false,"robots_nofollow":false,"robots_noimageindex":false,"robots_noodp":false,"robots_notranslate":false,"robots_max_snippet":null,"robots_max_videopreview":null,"robots_max_imagepreview":"large","priority":null,"frequency":null,"local_seo":null,"seo_analyzer_scan_date":"2025-10-07 04:44:58","breadcrumb_settings":null,"limit_modified_date":false,"open_ai":null,"ai":null,"created":"2020-12-21 12:25:37","updated":"2025-10-07 04:44:58","focus_keyword":null,"additional_keywords":null,"truseo_locale":null},"aioseo_breadcrumb":"<div class=\"aioseo-breadcrumbs\"><span class=\"aioseo-breadcrumb\">\n\t<a href=\"https:\/\/www.eldigitaldeasturias.com\/noticias\" title=\"Home\">Home<\/a>\n<\/span><span class=\"aioseo-breadcrumb-separator\">\u2013<\/span><span class=\"aioseo-breadcrumb\">\n\t<a href=\"https:\/\/www.eldigitaldeasturias.com\/noticias\/category\/actualidad\/\" title=\"Actualidad\">Actualidad<\/a>\n<\/span><span class=\"aioseo-breadcrumb-separator\">\u2013<\/span><span class=\"aioseo-breadcrumb\">\n\t<a href=\"https:\/\/www.eldigitaldeasturias.com\/noticias\/celebracion-del-dia-de-andalucia-en-cadiz\/\" title=\"Celebraci\u00f3n del D\u00eda de Andaluc\u00eda en C\u00e1diz\">Celebraci\u00f3n del D\u00eda de Andaluc\u00eda en C\u00e1diz<\/a>\n<\/span><\/div>","aioseo_breadcrumb_json":[{"label":"Home","link":"https:\/\/www.eldigitaldeasturias.com\/noticias"},{"label":"Actualidad","link":"https:\/\/www.eldigitaldeasturias.com\/noticias\/category\/actualidad\/"},{"label":"Celebraci\u00f3n del D\u00eda de Andaluc\u00eda en C\u00e1diz","link":"https:\/\/www.eldigitaldeasturias.com\/noticias\/celebracion-del-dia-de-andalucia-en-cadiz\/"}],"_links":{"self":[{"href":"https:\/\/www.eldigitaldeasturias.com\/noticias\/wp-json\/wp\/v2\/posts\/970195","targetHints":{"allow":["GET"]}}],"collection":[{"href":"https:\/\/www.eldigitaldeasturias.com\/noticias\/wp-json\/wp\/v2\/posts"}],"about":[{"href":"https:\/\/www.eldigitaldeasturias.com\/noticias\/wp-json\/wp\/v2\/types\/post"}],"author":[{"embeddable":true,"href":"https:\/\/www.eldigitaldeasturias.com\/noticias\/wp-json\/wp\/v2\/users\/1"}],"replies":[{"embeddable":true,"href":"https:\/\/www.eldigitaldeasturias.com\/noticias\/wp-json\/wp\/v2\/comments?post=970195"}],"version-history":[{"count":0,"href":"https:\/\/www.eldigitaldeasturias.com\/noticias\/wp-json\/wp\/v2\/posts\/970195\/revisions"}],"wp:attachment":[{"href":"https:\/\/www.eldigitaldeasturias.com\/noticias\/wp-json\/wp\/v2\/media?parent=970195"}],"wp:term":[{"taxonomy":"category","embeddable":true,"href":"https:\/\/www.eldigitaldeasturias.com\/noticias\/wp-json\/wp\/v2\/categories?post=970195"},{"taxonomy":"post_tag","embeddable":true,"href":"https:\/\/www.eldigitaldeasturias.com\/noticias\/wp-json\/wp\/v2\/tags?post=970195"}],"curies":[{"name":"wp","href":"https:\/\/api.w.org\/{rel}","templated":true}]}}