{"id":970179,"date":"2018-02-24T16:42:37","date_gmt":"2018-02-24T16:42:37","guid":{"rendered":"http:\/\/www.eldigitaldeasturias.com\/noticias\/?p=970179"},"modified":"2018-02-24T16:42:37","modified_gmt":"2018-02-24T16:42:37","slug":"jose-fiscal-destaca-el-estado-de-bienestar-como-el-gran-patrimonio-andaluz","status":"publish","type":"post","link":"https:\/\/www.eldigitaldeasturias.com\/noticias\/jose-fiscal-destaca-el-estado-de-bienestar-como-el-gran-patrimonio-andaluz\/","title":{"rendered":"Jos\u00e9 Fiscal destaca el Estado de Bienestar como el \u00abgran patrimonio andaluz\u00bb"},"content":{"rendered":"<p><img loading=\"lazy\" decoding=\"async\" class=\"alignleft size-medium wp-image-970180\" src=\"https:\/\/www.eldigitaldeasturias.com\/noticias\/wp-content\/uploads\/2018\/02\/1519393761375fiscalEstandardn-360x212.jpg\" alt=\"\" width=\"360\" height=\"212\" \/>El consejero de Medio Ambiente y Ordenaci\u00f3n del Territorio, Jos\u00e9 Fiscal, ha recordado en el acto conmemorativo del D\u00eda de Andaluc\u00eda celebrado en Trigueros (Huelva) que el gran patrimonio de Andaluc\u00eda es el Estado de Bienestar de ah\u00ed que se haya trabajado para mantener los servicios p\u00fablicos como garant\u00eda de igualdad, equidad y calidad. Fiscal ha se\u00f1alado que el 28 de febrero de 1980, hace ahora 38 a\u00f1os, los andaluces estrenaban autogobierno, y con \u00e9l se abr\u00eda una intensa etapa de desarrollo pol\u00edtico, econ\u00f3mico y social no conocida hasta entonces.<\/p>\n<p>El titular de Medio Ambiente ha recalcado que \u00abdesde aquel 28 de febrero se dej\u00f3 claro que no se iba a construir Espa\u00f1a sin contar con Andaluc\u00eda. Y no se hizo desde la confrontaci\u00f3n, sino desde los principios de justicia, solidaridad, igualdad y respeto a la pluralidad; de ah\u00ed que la lucha de los andaluces no fuera contra nadie, sino a favor de Andaluc\u00eda y de una Espa\u00f1a integradora\u00bb.<\/p>\n<p>Jos\u00e9 Fiscal ha sostenido que en estos a\u00f1os, los andaluces han sido protagonistas activos de una transformaci\u00f3n sin precedentes; y ha mostrado su satisfacci\u00f3n por formar parte de un Gobierno que antepone los intereses de las personas a cualquier otro inter\u00e9s. En este sentido ha destacado que la ley de atenci\u00f3n a las personas con Discapacidad, la Ley de Servicios Sociales o la Renta M\u00ednima de inserci\u00f3n Social, que entr\u00f3 en vigor el pasado 1 de enero, son tres de los \u00faltimos hitos que prueban los avances sociales que se bosquejaron en la reforma del Estatuto de Andaluc\u00eda aprobado en 2007 y que son ya una realidad.<\/p>\n<p>Por su parte, el delegado del Gobierno de la Junta en Huelva, Francisco Jos\u00e9 Romero, ha destacado en la lectura de la Declaraci\u00f3n Institucional con motivo del 28F que Andaluc\u00eda ha aprovechado su estabilidad para crear riqueza y empleo, pero su crecimiento sigue vi\u00e9ndose lastrado por una financiaci\u00f3n injusta.<\/p>\n<p>Jos\u00e9 Romero ha resaltado que la mala aplicaci\u00f3n del actual modelo de financiaci\u00f3n de las comunidades ha dejado a Andaluc\u00eda con casi 5.500 millones de euros menos de los que nos correspond\u00eda. Y, pese a ello, hemos seguido cumpliendo de forma estricta y puntual con nuestros compromisos en materia de estabilidad presupuestaria y financiera, hasta el punto de que siete a\u00f1os despu\u00e9s vamos a poder salir a los mercados financieros en busca de recursos que mejoren la vida de los ciudadanos.<\/p>\n<p>La Junta de Andaluc\u00eda ha otorgado sus distinciones provinciales con motivo del 28 de febrero al Patronato Provincial de Turismo de Huelva, a la Organizaci\u00f3n del Trail &#8216;La Sonrisa de Rafa&#8217;, a la Asociaci\u00f3n Protectora de Personas con Discapacidad Intelectual de la Comarca del And\u00e9valo (Apamys, de Valverde del Camino), a Coopinte-Cooperaci\u00f3n y Desarrollo de Bonares, a a Mancomunidad de Municipios Beturia, a Gatitel Ingenieros, al profesor Lu\u00eds Domingo Delgado, al Taller de Arte La Escalera, de Ayamonte, a la empresaria Manuela G\u00f3mez Santana, a la Unidad Asociada del Centro Superior de Investigaciones Cient\u00edficas-Universidad de Huelva &#8216;Contaminaci\u00f3n Atmosf\u00e9rica&#8217; del Centro de Investigaci\u00f3n en Qu\u00edmica Sostenible, a la Unidad del Cuerpo Nacional de Polic\u00eda Adscrita a la Comunidad Aut\u00f3noma de Andaluc\u00eda y a la Unidad de Digestivo de los Hospitales Juan Ram\u00f3n Jim\u00e9nez e Infanta Elena.<\/p>\n","protected":false},"excerpt":{"rendered":"<p>El consejero de Medio Ambiente y Ordenaci\u00f3n del Territorio, Jos\u00e9 Fiscal, ha recordado en el acto conmemorativo del D\u00eda de Andaluc\u00eda celebrado en Trigueros (Huelva) que el gran patrimonio de Andaluc\u00eda es el Estado de Bienestar de ah\u00ed que se haya trabajado para mantener los servicios p\u00fablicos como garant\u00eda de igualdad, equidad y calidad. Fiscal [&hellip;]<\/p>\n","protected":false},"author":1,"featured_media":970180,"comment_status":"closed","ping_status":"closed","sticky":false,"template":"","format":"standard","meta":{"footnotes":""},"categories":[1],"tags":[],"class_list":["post-970179","post","type-post","status-publish","format-standard","has-post-thumbnail","hentry","category-actualidad"],"aioseo_notices":[],"aioseo_head":"\n\t\t<!-- All in One SEO Pro 5.0.1 - aioseo.com -->\n\t<meta name=\"description\" content=\"El consejero de Medio Ambiente y Ordenaci\u00f3n del Territorio, Jos\u00e9 Fiscal, ha recordado en el acto conmemorativo del D\u00eda de Andaluc\u00eda celebrado en Trigueros (Huelva) que el gran patrimonio de Andaluc\u00eda es el Estado de Bienestar de ah\u00ed que se haya trabajado para mantener los servicios p\u00fablicos como garant\u00eda de igualdad, equidad y calidad. Fiscal\" \/>\n\t<meta name=\"robots\" content=\"max-image-preview:large\" \/>\n\t<meta name=\"author\" content=\"El Digital de Asturias\"\/>\n\t<meta name=\"google-site-verification\" content=\"UA-38556648-1\" \/>\n\t<meta name=\"msvalidate.01\" content=\"7dfe9f3f1b24437ab69f4f2559babe99\" \/>\n\t<meta name=\"keywords\" content=\"actualidad\" \/>\n\t<link rel=\"canonical\" href=\"https:\/\/www.eldigitaldeasturias.com\/noticias\/jose-fiscal-destaca-el-estado-de-bienestar-como-el-gran-patrimonio-andaluz\/\" \/>\n\t<meta name=\"generator\" content=\"All in One SEO Pro (AIOSEO) 5.0.1\" \/>\n\t\t<meta property=\"og:locale\" content=\"es_ES\" \/>\n\t\t<meta property=\"og:site_name\" content=\"El Digital de Asturias\" \/>\n\t\t<meta property=\"og:type\" content=\"article\" \/>\n\t\t<meta property=\"og:title\" content=\"Jos\u00e9 Fiscal destaca el Estado de Bienestar como el \u00abgran patrimonio andaluz\u00bb - El Digital de Asturias\" \/>\n\t\t<meta property=\"og:description\" content=\"El consejero de Medio Ambiente y Ordenaci\u00f3n del Territorio, Jos\u00e9 Fiscal, ha recordado en el acto conmemorativo del D\u00eda de Andaluc\u00eda celebrado en Trigueros (Huelva) que el gran patrimonio de Andaluc\u00eda es el Estado de Bienestar de ah\u00ed que se haya trabajado para mantener los servicios p\u00fablicos como garant\u00eda de igualdad, equidad y calidad. Fiscal\" \/>\n\t\t<meta property=\"og:url\" content=\"https:\/\/www.eldigitaldeasturias.com\/noticias\/jose-fiscal-destaca-el-estado-de-bienestar-como-el-gran-patrimonio-andaluz\/\" \/>\n\t\t<meta property=\"article:tag\" content=\"actualidad\" \/>\n\t\t<meta property=\"article:published_time\" content=\"2018-02-24T16:42:37+00:00\" \/>\n\t\t<meta property=\"article:modified_time\" content=\"2018-02-24T16:42:37+00:00\" \/>\n\t\t<meta property=\"article:publisher\" content=\"https:\/\/facebook.com\/eldigitaldeasturias\" \/>\n\t\t<meta name=\"twitter:card\" content=\"summary_large_image\" \/>\n\t\t<meta name=\"twitter:title\" content=\"Jos\u00e9 Fiscal destaca el Estado de Bienestar como el \u00abgran patrimonio andaluz\u00bb - El Digital de Asturias\" \/>\n\t\t<meta name=\"twitter:description\" content=\"El consejero de Medio Ambiente y Ordenaci\u00f3n del Territorio, Jos\u00e9 Fiscal, ha recordado en el acto conmemorativo del D\u00eda de Andaluc\u00eda celebrado en Trigueros (Huelva) que el gran patrimonio de Andaluc\u00eda es el Estado de Bienestar de ah\u00ed que se haya trabajado para mantener los servicios p\u00fablicos como garant\u00eda de igualdad, equidad y calidad. Fiscal\" \/>\n\t\t<meta name=\"twitter:image\" content=\"https:\/\/www.eldigitaldeasturias.com\/noticias\/wp-content\/uploads\/2020\/12\/EDA-1.jpg\" \/>\n\t\t<meta name=\"twitter:label1\" content=\"Escrito por\" \/>\n\t\t<meta name=\"twitter:data1\" content=\"El Digital de Asturias\" \/>\n\t\t<meta name=\"twitter:label2\" content=\"Tiempo de lectura estimado\" \/>\n\t\t<meta name=\"twitter:data2\" content=\"3 minutos\" \/>\n\t\t<script type=\"application\/ld+json\" class=\"aioseo-schema\">\n\t\t\t{\"@context\":\"https:\\\/\\\/schema.org\",\"@graph\":[{\"@type\":\"BlogPosting\",\"@id\":\"https:\\\/\\\/www.eldigitaldeasturias.com\\\/noticias\\\/jose-fiscal-destaca-el-estado-de-bienestar-como-el-gran-patrimonio-andaluz\\\/#blogposting\",\"name\":\"Jos\\u00e9 Fiscal destaca el Estado de Bienestar como el \\u00abgran patrimonio andaluz\\u00bb - El Digital de Asturias\",\"headline\":\"Jos\\u00e9 Fiscal destaca el Estado de Bienestar como el \\u00abgran patrimonio andaluz\\u00bb\",\"author\":{\"@id\":\"https:\\\/\\\/www.eldigitaldeasturias.com\\\/noticias\\\/author\\\/admin\\\/#author\"},\"publisher\":{\"@id\":\"https:\\\/\\\/www.eldigitaldeasturias.com\\\/noticias\\\/#organization\"},\"image\":{\"@type\":\"ImageObject\",\"url\":970180},\"datePublished\":\"2018-02-24T16:42:37+01:00\",\"dateModified\":\"2018-02-24T16:42:37+01:00\",\"inLanguage\":\"es-ES\",\"mainEntityOfPage\":{\"@id\":\"https:\\\/\\\/www.eldigitaldeasturias.com\\\/noticias\\\/jose-fiscal-destaca-el-estado-de-bienestar-como-el-gran-patrimonio-andaluz\\\/#webpage\"},\"isPartOf\":{\"@id\":\"https:\\\/\\\/www.eldigitaldeasturias.com\\\/noticias\\\/jose-fiscal-destaca-el-estado-de-bienestar-como-el-gran-patrimonio-andaluz\\\/#webpage\"},\"articleSection\":\"Actualidad\"},{\"@type\":\"BreadcrumbList\",\"@id\":\"https:\\\/\\\/www.eldigitaldeasturias.com\\\/noticias\\\/jose-fiscal-destaca-el-estado-de-bienestar-como-el-gran-patrimonio-andaluz\\\/#breadcrumblist\",\"itemListElement\":[{\"@type\":\"ListItem\",\"@id\":\"https:\\\/\\\/www.eldigitaldeasturias.com\\\/noticias#listItem\",\"position\":1,\"name\":\"Home\",\"item\":\"https:\\\/\\\/www.eldigitaldeasturias.com\\\/noticias\",\"nextItem\":{\"@type\":\"ListItem\",\"@id\":\"https:\\\/\\\/www.eldigitaldeasturias.com\\\/noticias\\\/category\\\/actualidad\\\/#listItem\",\"name\":\"Actualidad\"}},{\"@type\":\"ListItem\",\"@id\":\"https:\\\/\\\/www.eldigitaldeasturias.com\\\/noticias\\\/category\\\/actualidad\\\/#listItem\",\"position\":2,\"name\":\"Actualidad\",\"item\":\"https:\\\/\\\/www.eldigitaldeasturias.com\\\/noticias\\\/category\\\/actualidad\\\/\",\"nextItem\":{\"@type\":\"ListItem\",\"@id\":\"https:\\\/\\\/www.eldigitaldeasturias.com\\\/noticias\\\/jose-fiscal-destaca-el-estado-de-bienestar-como-el-gran-patrimonio-andaluz\\\/#listItem\",\"name\":\"Jos\\u00e9 Fiscal destaca el Estado de Bienestar como el \\u00abgran patrimonio andaluz\\u00bb\"},\"previousItem\":{\"@type\":\"ListItem\",\"@id\":\"https:\\\/\\\/www.eldigitaldeasturias.com\\\/noticias#listItem\",\"name\":\"Home\"}},{\"@type\":\"ListItem\",\"@id\":\"https:\\\/\\\/www.eldigitaldeasturias.com\\\/noticias\\\/jose-fiscal-destaca-el-estado-de-bienestar-como-el-gran-patrimonio-andaluz\\\/#listItem\",\"position\":3,\"name\":\"Jos\\u00e9 Fiscal destaca el Estado de Bienestar como el \\u00abgran patrimonio andaluz\\u00bb\",\"previousItem\":{\"@type\":\"ListItem\",\"@id\":\"https:\\\/\\\/www.eldigitaldeasturias.com\\\/noticias\\\/category\\\/actualidad\\\/#listItem\",\"name\":\"Actualidad\"}}]},{\"@type\":\"Organization\",\"@id\":\"https:\\\/\\\/www.eldigitaldeasturias.com\\\/noticias\\\/#organization\",\"name\":\"El Digital de Asturias\",\"description\":\"Hemeroteca\",\"url\":\"https:\\\/\\\/www.eldigitaldeasturias.com\\\/noticias\\\/\",\"email\":\"info@eldigitaldeasturias.com\",\"telephone\":\"+34652131393\",\"logo\":{\"@type\":\"ImageObject\",\"url\":\"https:\\\/\\\/www.eldigitaldeasturias.com\\\/noticias\\\/wp-content\\\/uploads\\\/2020\\\/12\\\/EDA.jpg\",\"@id\":\"https:\\\/\\\/www.eldigitaldeasturias.com\\\/noticias\\\/jose-fiscal-destaca-el-estado-de-bienestar-como-el-gran-patrimonio-andaluz\\\/#organizationLogo\"},\"image\":{\"@id\":\"https:\\\/\\\/www.eldigitaldeasturias.com\\\/noticias\\\/jose-fiscal-destaca-el-estado-de-bienestar-como-el-gran-patrimonio-andaluz\\\/#organizationLogo\"},\"sameAs\":[\"https:\\\/\\\/facebook.com\\\/eldigitaldeasturias\",\"https:\\\/\\\/www.youtube.com\\\/channel\\\/UCZP-2wLEB9Rv6erhFmqVnvg\"],\"address\":{\"@id\":\"https:\\\/\\\/www.eldigitaldeasturias.com\\\/noticias\\\/#postaladdress\",\"@type\":\"PostalAddress\",\"streetAddress\":\"san antonio 4\",\"postalCode\":\"33430\",\"addressLocality\":\"Cand\\u00e1s\",\"addressRegion\":\"Asturias\",\"addressCountry\":\"ES\"}},{\"@type\":\"Person\",\"@id\":\"https:\\\/\\\/www.eldigitaldeasturias.com\\\/noticias\\\/author\\\/admin\\\/#author\",\"url\":\"https:\\\/\\\/www.eldigitaldeasturias.com\\\/noticias\\\/author\\\/admin\\\/\",\"name\":\"El Digital de Asturias\",\"image\":{\"@type\":\"ImageObject\",\"@id\":\"https:\\\/\\\/www.eldigitaldeasturias.com\\\/noticias\\\/jose-fiscal-destaca-el-estado-de-bienestar-como-el-gran-patrimonio-andaluz\\\/#authorImage\",\"url\":\"https:\\\/\\\/secure.gravatar.com\\\/avatar\\\/df2aeffc32bcd13f8d26072ef8a91b623d677766deac7f97ca815868cd41bf5e?s=96&d=mm&r=g\",\"width\":96,\"height\":96,\"caption\":\"El Digital de Asturias\"}},{\"@type\":\"WebPage\",\"@id\":\"https:\\\/\\\/www.eldigitaldeasturias.com\\\/noticias\\\/jose-fiscal-destaca-el-estado-de-bienestar-como-el-gran-patrimonio-andaluz\\\/#webpage\",\"url\":\"https:\\\/\\\/www.eldigitaldeasturias.com\\\/noticias\\\/jose-fiscal-destaca-el-estado-de-bienestar-como-el-gran-patrimonio-andaluz\\\/\",\"name\":\"Jos\\u00e9 Fiscal destaca el Estado de Bienestar como el \\u00abgran patrimonio andaluz\\u00bb - El Digital de Asturias\",\"description\":\"El consejero de Medio Ambiente y Ordenaci\\u00f3n del Territorio, Jos\\u00e9 Fiscal, ha recordado en el acto conmemorativo del D\\u00eda de Andaluc\\u00eda celebrado en Trigueros (Huelva) que el gran patrimonio de Andaluc\\u00eda es el Estado de Bienestar de ah\\u00ed que se haya trabajado para mantener los servicios p\\u00fablicos como garant\\u00eda de igualdad, equidad y calidad. Fiscal\",\"inLanguage\":\"es-ES\",\"isPartOf\":{\"@id\":\"https:\\\/\\\/www.eldigitaldeasturias.com\\\/noticias\\\/#website\"},\"breadcrumb\":{\"@id\":\"https:\\\/\\\/www.eldigitaldeasturias.com\\\/noticias\\\/jose-fiscal-destaca-el-estado-de-bienestar-como-el-gran-patrimonio-andaluz\\\/#breadcrumblist\"},\"author\":{\"@id\":\"https:\\\/\\\/www.eldigitaldeasturias.com\\\/noticias\\\/author\\\/admin\\\/#author\"},\"creator\":{\"@id\":\"https:\\\/\\\/www.eldigitaldeasturias.com\\\/noticias\\\/author\\\/admin\\\/#author\"},\"image\":{\"@type\":\"ImageObject\",\"url\":970180,\"@id\":\"https:\\\/\\\/www.eldigitaldeasturias.com\\\/noticias\\\/jose-fiscal-destaca-el-estado-de-bienestar-como-el-gran-patrimonio-andaluz\\\/#mainImage\"},\"primaryImageOfPage\":{\"@id\":\"https:\\\/\\\/www.eldigitaldeasturias.com\\\/noticias\\\/jose-fiscal-destaca-el-estado-de-bienestar-como-el-gran-patrimonio-andaluz\\\/#mainImage\"},\"datePublished\":\"2018-02-24T16:42:37+01:00\",\"dateModified\":\"2018-02-24T16:42:37+01:00\"},{\"@type\":\"WebSite\",\"@id\":\"https:\\\/\\\/www.eldigitaldeasturias.com\\\/noticias\\\/#website\",\"url\":\"https:\\\/\\\/www.eldigitaldeasturias.com\\\/noticias\\\/\",\"name\":\"El Digital de Asturias - Diario de actualidad y noticias\",\"alternateName\":\"El Digital de Asturias - Diario de actualidad y noticias\",\"description\":\"Hemeroteca\",\"inLanguage\":\"es-ES\",\"publisher\":{\"@id\":\"https:\\\/\\\/www.eldigitaldeasturias.com\\\/noticias\\\/#organization\"}}]}\n\t\t<\/script>\n\t\t<!-- All in One SEO Pro -->\r\n\t\t<title>Jos\u00e9 Fiscal destaca el Estado de Bienestar como el \u00abgran patrimonio andaluz\u00bb - El Digital de Asturias<\/title>\n\n","aioseo_head_json":{"title":"Jos\u00e9 Fiscal destaca el Estado de Bienestar como el \u00abgran patrimonio andaluz\u00bb - El Digital de Asturias","description":"El consejero de Medio Ambiente y Ordenaci\u00f3n del Territorio, Jos\u00e9 Fiscal, ha recordado en el acto conmemorativo del D\u00eda de Andaluc\u00eda celebrado en Trigueros (Huelva) que el gran patrimonio de Andaluc\u00eda es el Estado de Bienestar de ah\u00ed que se haya trabajado para mantener los servicios p\u00fablicos como garant\u00eda de igualdad, equidad y calidad. Fiscal","canonical_url":"https:\/\/www.eldigitaldeasturias.com\/noticias\/jose-fiscal-destaca-el-estado-de-bienestar-como-el-gran-patrimonio-andaluz\/","robots":"max-image-preview:large","keywords":"actualidad","webmasterTools":{"google-site-verification":"UA-38556648-1","msvalidate.01":"7dfe9f3f1b24437ab69f4f2559babe99","miscellaneous":""},"schema":{"@context":"https:\/\/schema.org","@graph":[{"@type":"BlogPosting","@id":"https:\/\/www.eldigitaldeasturias.com\/noticias\/jose-fiscal-destaca-el-estado-de-bienestar-como-el-gran-patrimonio-andaluz\/#blogposting","name":"Jos\u00e9 Fiscal destaca el Estado de Bienestar como el \u00abgran patrimonio andaluz\u00bb - El Digital de Asturias","headline":"Jos\u00e9 Fiscal destaca el Estado de Bienestar como el \u00abgran patrimonio andaluz\u00bb","author":{"@id":"https:\/\/www.eldigitaldeasturias.com\/noticias\/author\/admin\/#author"},"publisher":{"@id":"https:\/\/www.eldigitaldeasturias.com\/noticias\/#organization"},"image":{"@type":"ImageObject","url":970180},"datePublished":"2018-02-24T16:42:37+01:00","dateModified":"2018-02-24T16:42:37+01:00","inLanguage":"es-ES","mainEntityOfPage":{"@id":"https:\/\/www.eldigitaldeasturias.com\/noticias\/jose-fiscal-destaca-el-estado-de-bienestar-como-el-gran-patrimonio-andaluz\/#webpage"},"isPartOf":{"@id":"https:\/\/www.eldigitaldeasturias.com\/noticias\/jose-fiscal-destaca-el-estado-de-bienestar-como-el-gran-patrimonio-andaluz\/#webpage"},"articleSection":"Actualidad"},{"@type":"BreadcrumbList","@id":"https:\/\/www.eldigitaldeasturias.com\/noticias\/jose-fiscal-destaca-el-estado-de-bienestar-como-el-gran-patrimonio-andaluz\/#breadcrumblist","itemListElement":[{"@type":"ListItem","@id":"https:\/\/www.eldigitaldeasturias.com\/noticias#listItem","position":1,"name":"Home","item":"https:\/\/www.eldigitaldeasturias.com\/noticias","nextItem":{"@type":"ListItem","@id":"https:\/\/www.eldigitaldeasturias.com\/noticias\/category\/actualidad\/#listItem","name":"Actualidad"}},{"@type":"ListItem","@id":"https:\/\/www.eldigitaldeasturias.com\/noticias\/category\/actualidad\/#listItem","position":2,"name":"Actualidad","item":"https:\/\/www.eldigitaldeasturias.com\/noticias\/category\/actualidad\/","nextItem":{"@type":"ListItem","@id":"https:\/\/www.eldigitaldeasturias.com\/noticias\/jose-fiscal-destaca-el-estado-de-bienestar-como-el-gran-patrimonio-andaluz\/#listItem","name":"Jos\u00e9 Fiscal destaca el Estado de Bienestar como el \u00abgran patrimonio andaluz\u00bb"},"previousItem":{"@type":"ListItem","@id":"https:\/\/www.eldigitaldeasturias.com\/noticias#listItem","name":"Home"}},{"@type":"ListItem","@id":"https:\/\/www.eldigitaldeasturias.com\/noticias\/jose-fiscal-destaca-el-estado-de-bienestar-como-el-gran-patrimonio-andaluz\/#listItem","position":3,"name":"Jos\u00e9 Fiscal destaca el Estado de Bienestar como el \u00abgran patrimonio andaluz\u00bb","previousItem":{"@type":"ListItem","@id":"https:\/\/www.eldigitaldeasturias.com\/noticias\/category\/actualidad\/#listItem","name":"Actualidad"}}]},{"@type":"Organization","@id":"https:\/\/www.eldigitaldeasturias.com\/noticias\/#organization","name":"El Digital de Asturias","description":"Hemeroteca","url":"https:\/\/www.eldigitaldeasturias.com\/noticias\/","email":"info@eldigitaldeasturias.com","telephone":"+34652131393","logo":{"@type":"ImageObject","url":"https:\/\/www.eldigitaldeasturias.com\/noticias\/wp-content\/uploads\/2020\/12\/EDA.jpg","@id":"https:\/\/www.eldigitaldeasturias.com\/noticias\/jose-fiscal-destaca-el-estado-de-bienestar-como-el-gran-patrimonio-andaluz\/#organizationLogo"},"image":{"@id":"https:\/\/www.eldigitaldeasturias.com\/noticias\/jose-fiscal-destaca-el-estado-de-bienestar-como-el-gran-patrimonio-andaluz\/#organizationLogo"},"sameAs":["https:\/\/facebook.com\/eldigitaldeasturias","https:\/\/www.youtube.com\/channel\/UCZP-2wLEB9Rv6erhFmqVnvg"],"address":{"@id":"https:\/\/www.eldigitaldeasturias.com\/noticias\/#postaladdress","@type":"PostalAddress","streetAddress":"san antonio 4","postalCode":"33430","addressLocality":"Cand\u00e1s","addressRegion":"Asturias","addressCountry":"ES"}},{"@type":"Person","@id":"https:\/\/www.eldigitaldeasturias.com\/noticias\/author\/admin\/#author","url":"https:\/\/www.eldigitaldeasturias.com\/noticias\/author\/admin\/","name":"El Digital de Asturias","image":{"@type":"ImageObject","@id":"https:\/\/www.eldigitaldeasturias.com\/noticias\/jose-fiscal-destaca-el-estado-de-bienestar-como-el-gran-patrimonio-andaluz\/#authorImage","url":"https:\/\/secure.gravatar.com\/avatar\/df2aeffc32bcd13f8d26072ef8a91b623d677766deac7f97ca815868cd41bf5e?s=96&d=mm&r=g","width":96,"height":96,"caption":"El Digital de Asturias"}},{"@type":"WebPage","@id":"https:\/\/www.eldigitaldeasturias.com\/noticias\/jose-fiscal-destaca-el-estado-de-bienestar-como-el-gran-patrimonio-andaluz\/#webpage","url":"https:\/\/www.eldigitaldeasturias.com\/noticias\/jose-fiscal-destaca-el-estado-de-bienestar-como-el-gran-patrimonio-andaluz\/","name":"Jos\u00e9 Fiscal destaca el Estado de Bienestar como el \u00abgran patrimonio andaluz\u00bb - El Digital de Asturias","description":"El consejero de Medio Ambiente y Ordenaci\u00f3n del Territorio, Jos\u00e9 Fiscal, ha recordado en el acto conmemorativo del D\u00eda de Andaluc\u00eda celebrado en Trigueros (Huelva) que el gran patrimonio de Andaluc\u00eda es el Estado de Bienestar de ah\u00ed que se haya trabajado para mantener los servicios p\u00fablicos como garant\u00eda de igualdad, equidad y calidad. Fiscal","inLanguage":"es-ES","isPartOf":{"@id":"https:\/\/www.eldigitaldeasturias.com\/noticias\/#website"},"breadcrumb":{"@id":"https:\/\/www.eldigitaldeasturias.com\/noticias\/jose-fiscal-destaca-el-estado-de-bienestar-como-el-gran-patrimonio-andaluz\/#breadcrumblist"},"author":{"@id":"https:\/\/www.eldigitaldeasturias.com\/noticias\/author\/admin\/#author"},"creator":{"@id":"https:\/\/www.eldigitaldeasturias.com\/noticias\/author\/admin\/#author"},"image":{"@type":"ImageObject","url":970180,"@id":"https:\/\/www.eldigitaldeasturias.com\/noticias\/jose-fiscal-destaca-el-estado-de-bienestar-como-el-gran-patrimonio-andaluz\/#mainImage"},"primaryImageOfPage":{"@id":"https:\/\/www.eldigitaldeasturias.com\/noticias\/jose-fiscal-destaca-el-estado-de-bienestar-como-el-gran-patrimonio-andaluz\/#mainImage"},"datePublished":"2018-02-24T16:42:37+01:00","dateModified":"2018-02-24T16:42:37+01:00"},{"@type":"WebSite","@id":"https:\/\/www.eldigitaldeasturias.com\/noticias\/#website","url":"https:\/\/www.eldigitaldeasturias.com\/noticias\/","name":"El Digital de Asturias - Diario de actualidad y noticias","alternateName":"El Digital de Asturias - Diario de actualidad y noticias","description":"Hemeroteca","inLanguage":"es-ES","publisher":{"@id":"https:\/\/www.eldigitaldeasturias.com\/noticias\/#organization"}}]},"og:locale":"es_ES","og:site_name":"El Digital de Asturias","og:type":"article","og:title":"Jos\u00e9 Fiscal destaca el Estado de Bienestar como el \u00abgran patrimonio andaluz\u00bb - El Digital de Asturias","og:description":"El consejero de Medio Ambiente y Ordenaci\u00f3n del Territorio, Jos\u00e9 Fiscal, ha recordado en el acto conmemorativo del D\u00eda de Andaluc\u00eda celebrado en Trigueros (Huelva) que el gran patrimonio de Andaluc\u00eda es el Estado de Bienestar de ah\u00ed que se haya trabajado para mantener los servicios p\u00fablicos como garant\u00eda de igualdad, equidad y calidad. Fiscal","og:url":"https:\/\/www.eldigitaldeasturias.com\/noticias\/jose-fiscal-destaca-el-estado-de-bienestar-como-el-gran-patrimonio-andaluz\/","article:tag":["actualidad"],"article:published_time":"2018-02-24T16:42:37+00:00","article:modified_time":"2018-02-24T16:42:37+00:00","article:publisher":"https:\/\/facebook.com\/eldigitaldeasturias","twitter:card":"summary_large_image","twitter:title":"Jos\u00e9 Fiscal destaca el Estado de Bienestar como el \u00abgran patrimonio andaluz\u00bb - El Digital de Asturias","twitter:description":"El consejero de Medio Ambiente y Ordenaci\u00f3n del Territorio, Jos\u00e9 Fiscal, ha recordado en el acto conmemorativo del D\u00eda de Andaluc\u00eda celebrado en Trigueros (Huelva) que el gran patrimonio de Andaluc\u00eda es el Estado de Bienestar de ah\u00ed que se haya trabajado para mantener los servicios p\u00fablicos como garant\u00eda de igualdad, equidad y calidad. Fiscal","twitter:image":"https:\/\/www.eldigitaldeasturias.com\/noticias\/wp-content\/uploads\/2020\/12\/EDA-1.jpg","twitter:label1":"Escrito por","twitter:data1":"El Digital de Asturias","twitter:label2":"Tiempo de lectura estimado","twitter:data2":"3 minutos"},"aioseo_meta_data":{"post_id":"970179","title":null,"description":null,"keywords":null,"keyphrases":null,"primary_term":null,"canonical_url":null,"og_title":null,"og_description":null,"og_object_type":"default","og_image_type":"default","og_image_url":null,"og_image_width":null,"og_image_height":null,"og_image_custom_url":null,"og_image_custom_fields":null,"og_video":null,"og_custom_url":null,"og_article_section":null,"og_article_tags":null,"twitter_use_og":false,"twitter_card":"default","twitter_image_type":"default","twitter_image_url":null,"twitter_image_custom_url":null,"twitter_image_custom_fields":null,"twitter_title":null,"twitter_description":null,"schema":{"blockGraphs":[],"customGraphs":[],"default":{"data":{"Article":[],"Course":[],"Dataset":[],"FAQPage":[],"Movie":[],"Person":[],"Product":[],"ProductReview":[],"Car":[],"Recipe":[],"Service":[],"SoftwareApplication":[],"WebPage":[]},"graphName":"","isEnabled":true},"graphs":[],"defaultGraph":"","defaultPostTypeGraph":""},"schema_type":null,"schema_type_options":null,"pillar_content":false,"robots_default":true,"robots_noindex":false,"robots_noarchive":false,"robots_nosnippet":false,"robots_nofollow":false,"robots_noimageindex":false,"robots_noodp":false,"robots_notranslate":false,"robots_max_snippet":null,"robots_max_videopreview":null,"robots_max_imagepreview":"large","priority":null,"frequency":null,"local_seo":null,"seo_analyzer_scan_date":"2025-10-07 04:41:24","breadcrumb_settings":null,"limit_modified_date":false,"open_ai":null,"ai":null,"created":"2020-12-21 12:25:37","updated":"2025-10-07 04:41:24","focus_keyword":null,"additional_keywords":null,"truseo_locale":null},"aioseo_breadcrumb":"<div class=\"aioseo-breadcrumbs\"><span class=\"aioseo-breadcrumb\">\n\t<a href=\"https:\/\/www.eldigitaldeasturias.com\/noticias\" title=\"Home\">Home<\/a>\n<\/span><span class=\"aioseo-breadcrumb-separator\">\u2013<\/span><span class=\"aioseo-breadcrumb\">\n\t<a href=\"https:\/\/www.eldigitaldeasturias.com\/noticias\/category\/actualidad\/\" title=\"Actualidad\">Actualidad<\/a>\n<\/span><span class=\"aioseo-breadcrumb-separator\">\u2013<\/span><span class=\"aioseo-breadcrumb\">\n\t<a href=\"https:\/\/www.eldigitaldeasturias.com\/noticias\/jose-fiscal-destaca-el-estado-de-bienestar-como-el-gran-patrimonio-andaluz\/\" title=\"Jos\u00e9 Fiscal destaca el Estado de Bienestar como el \u00abgran patrimonio andaluz\u00bb\">Jos\u00e9 Fiscal destaca el Estado de Bienestar como el \u00abgran patrimonio andaluz\u00bb<\/a>\n<\/span><\/div>","aioseo_breadcrumb_json":[{"label":"Home","link":"https:\/\/www.eldigitaldeasturias.com\/noticias"},{"label":"Actualidad","link":"https:\/\/www.eldigitaldeasturias.com\/noticias\/category\/actualidad\/"},{"label":"Jos\u00e9 Fiscal destaca el Estado de Bienestar como el \u00abgran patrimonio andaluz\u00bb","link":"https:\/\/www.eldigitaldeasturias.com\/noticias\/jose-fiscal-destaca-el-estado-de-bienestar-como-el-gran-patrimonio-andaluz\/"}],"_links":{"self":[{"href":"https:\/\/www.eldigitaldeasturias.com\/noticias\/wp-json\/wp\/v2\/posts\/970179","targetHints":{"allow":["GET"]}}],"collection":[{"href":"https:\/\/www.eldigitaldeasturias.com\/noticias\/wp-json\/wp\/v2\/posts"}],"about":[{"href":"https:\/\/www.eldigitaldeasturias.com\/noticias\/wp-json\/wp\/v2\/types\/post"}],"author":[{"embeddable":true,"href":"https:\/\/www.eldigitaldeasturias.com\/noticias\/wp-json\/wp\/v2\/users\/1"}],"replies":[{"embeddable":true,"href":"https:\/\/www.eldigitaldeasturias.com\/noticias\/wp-json\/wp\/v2\/comments?post=970179"}],"version-history":[{"count":0,"href":"https:\/\/www.eldigitaldeasturias.com\/noticias\/wp-json\/wp\/v2\/posts\/970179\/revisions"}],"wp:attachment":[{"href":"https:\/\/www.eldigitaldeasturias.com\/noticias\/wp-json\/wp\/v2\/media?parent=970179"}],"wp:term":[{"taxonomy":"category","embeddable":true,"href":"https:\/\/www.eldigitaldeasturias.com\/noticias\/wp-json\/wp\/v2\/categories?post=970179"},{"taxonomy":"post_tag","embeddable":true,"href":"https:\/\/www.eldigitaldeasturias.com\/noticias\/wp-json\/wp\/v2\/tags?post=970179"}],"curies":[{"name":"wp","href":"https:\/\/api.w.org\/{rel}","templated":true}]}}