{"id":970168,"date":"2018-02-24T16:37:06","date_gmt":"2018-02-24T16:37:06","guid":{"rendered":"http:\/\/www.eldigitaldeasturias.com\/noticias\/?p=970168"},"modified":"2018-02-24T16:37:06","modified_gmt":"2018-02-24T16:37:06","slug":"marina-alvarez-preside-el-acto-de-conmemoracion-del-28f-en-cordoba","status":"publish","type":"post","link":"https:\/\/www.eldigitaldeasturias.com\/noticias\/marina-alvarez-preside-el-acto-de-conmemoracion-del-28f-en-cordoba\/","title":{"rendered":"Marina \u00c1lvarez preside el acto de conmemoraci\u00f3n del 28F en C\u00f3rdoba"},"content":{"rendered":"<p><img loading=\"lazy\" decoding=\"async\" class=\"alignleft size-medium wp-image-970169\" src=\"https:\/\/www.eldigitaldeasturias.com\/noticias\/wp-content\/uploads\/2018\/02\/1519394990367CordobaEstandardn-360x212.jpg\" alt=\"\" width=\"360\" height=\"212\" \/>La consejera de Salud, Marina \u00c1lvarez, ha apelado a \u00abvencer obst\u00e1culos para la igualdad\u00bb a trav\u00e9s de \u00abreferencias s\u00f3lidas\u00bb como las personas y entidades reconocidas con las Banderas de Andaluc\u00eda en C\u00f3rdoba. Lo ha hecho en su intervenci\u00f3n en el acto de entrega de estos reconocimientos que se ha celebrado en el Teatro G\u00f3ngora, y al que tambi\u00e9n ha asistido la consejera de Justicia e Interior, Rosa Aguilar, y la delegada de la Junta en C\u00f3rdoba, Esther Ruiz.<\/p>\n<p>Durante este acto, se han entregado distinciones a trece personas y colectivos ciudadanos que han sido especialmente relevantes por su trabajo en beneficio de la comunidad y por encarnar los valores de nuestra autonom\u00eda. La consejera ha destacado que estos colectivos representan \u00abvalores de Andaluc\u00eda, como sociedad diversa, solidaria y emprendedora, de la cual C\u00f3rdoba es, y ha sido siempre, inmejorable representante\u00bb.<\/p>\n<p>Marina \u00c1lvarez ha recordado que gracias a la plena autonom\u00eda, Andaluc\u00eda ha avanzado en todos los \u00abindicadores de desarrollo, econ\u00f3mico y social, hasta converger con Espa\u00f1a y Europa\u00bb y ha sido porque la \u00absociedad andaluza hizo una apuesta firme por la igualdad de oportunidades y la garant\u00eda de derechos\u00bb. En esta l\u00ednea, ha se\u00f1alado que la contribuci\u00f3n de estos \u00abcolectivos ha sido clave en el desarrollo de la provincia de C\u00f3rdoba\u00bb y ha destacado que son un modelo que pivota sobre \u00abvalores identitarios como la convivencia, la cultura, la igualdad, el trabajo en red o la solidaridad\u00bb, entre otros.<\/p>\n<p>Por su parte, la delegada del Gobierno, Esther Ruiz, ha hecho un llamamiento para trabajar por los objetivos comunes. En su intervenci\u00f3n, la delegada ha valorado la trayectoria de los y las homenajeados, se\u00f1alando que todos tienen un futuro \u00abque, ha dicho Esther Ruiz, vamos a seguir compartiendo, porque aspiramos a construir la mejor Andaluc\u00eda del presente y para las generaciones venideras. Un lugar donde merezca la pena vivir. Donde ya merece la pena vivir, porque tenemos objetivos y aspiraciones comunes por los que luchar\u00bb.<\/p>\n<p><strong>Premiados<\/strong><\/p>\n<p>En el \u00e1mbito de la promoci\u00f3n de la provincia, la ciudadan\u00eda de Fuente Obejuna, que realiza una labor de cohesi\u00f3n social haciendo posible la representaci\u00f3n de la obra de teatro del mismo nombre, de Lope de Vega.<\/p>\n<p>En el \u00e1mbito de Educaci\u00f3n, y a t\u00edtulo p\u00f3stumo el profesor Francisco Garc\u00eda Rueda, impulsor del Certamen andaluz de Creaci\u00f3n de V\u00eddeo para la Prevenci\u00f3n de la Drogodependencia, por la gran labor pedag\u00f3gica y solidaria que llev\u00f3 a cabo.<\/p>\n<p>En el \u00e1mbito de Salud, el Equipo de enfermeras gestoras de casos, que cuidan a los pacientes tanto desde la atenci\u00f3n primaria como la atenci\u00f3n hospitalaria, y les orientan sobre los recursos que la Administraci\u00f3n P\u00fablica pone a su disposici\u00f3n.<\/p>\n<p>En el \u00e1mbito de Pol\u00edticas Sociales, Carmen Aguilera, directora de la Once en C\u00f3rdoba, por su labor de apertura a la sociedad cordobesa y su implicaci\u00f3n para conseguir una sociedad inclusiva y accesible.<\/p>\n<p>En el \u00e1mbito de Empresa, Moresil SL, por su trabajo y su investigaci\u00f3n para ofrecer productos de calidad, con la tecnolog\u00eda m\u00e1s avanzada y adecuados a las necesidades de los agricultores.<\/p>\n<p>En el \u00e1mbito del Comercio Deza Calidad SA, porque en sus 60 a\u00f1os de trayectoria, ha dinamizado el comercio cordob\u00e9s y ha apostado por un desarrollo y crecimiento sostenibles.<\/p>\n<p>En el \u00e1mbito de Fomento y Vivienda, Agrupaci\u00f3n empresarial de transportes discrecionales y regulares de viajeros de C\u00f3rdoba por la labor vertebradora del territorio que realizan diariamente, conectando todos los pueblos por autob\u00fas de l\u00ednea.<\/p>\n<p>En el \u00e1mbito de Deporte, Andrea Sibaja Moreno, primera andaluza que participa en un Mundial de Motociclismo, y una de las dos primeras espa\u00f1olas en el Mundial de Superbikes. Se ha abierto camino en un mundo tradicionalmente masculino.<\/p>\n<p>En el \u00e1mbito de Cultura, Asociaci\u00f3n Fotogr\u00e1fica Cordobesa (AFOCO), que ha dignificado a la fotograf\u00eda como arte y ha llevado la imagen de C\u00f3rdoba a 10.000 enclaves culturales de Espa\u00f1a y de otros 65 pa\u00edses.<\/p>\n<p>En el \u00e1mbito de Agricultura, la Cooperativa Agr\u00edcola de Regantes SCA (COARE), por ser un motor de la agricultura en Palma del R\u00edo y su comarca palme\u00f1a, y por su apuesta por la calidad y la innovaci\u00f3n.<\/p>\n<p>En el \u00e1mbito de Medio Ambiente, Grupo de Rehabilitaci\u00f3n de la Fauna Aut\u00f3ctona y su Habitat (GREFA) por su trabajo para la recuperaci\u00f3n de fauna, la cr\u00eda de especies amenazadas, la educaci\u00f3n y sensibilizaci\u00f3n ambiental.<\/p>\n<p>En el \u00e1mbito de la Mujer, la Federaci\u00f3n Nacional de Asociaciones de mujeres gitanas (KAMIRA), por su lucha para conseguir la igualdad real, fomentando el mantenimiento de los usos y costumbres propios de la comunidad gitana.<br \/>\nEn el \u00e1mbito de Juventud, los Consejos de Estudiantes de la UCO, \u00f3rgano de representaci\u00f3n del alumnado, que trabaja de forma constructiva favoreciendo el desarrollo din\u00e1mico de la Universidad de C\u00f3rdoba.<\/p>\n","protected":false},"excerpt":{"rendered":"<p>La consejera de Salud, Marina \u00c1lvarez, ha apelado a \u00abvencer obst\u00e1culos para la igualdad\u00bb a trav\u00e9s de \u00abreferencias s\u00f3lidas\u00bb como las personas y entidades reconocidas con las Banderas de Andaluc\u00eda en C\u00f3rdoba. Lo ha hecho en su intervenci\u00f3n en el acto de entrega de estos reconocimientos que se ha celebrado en el Teatro G\u00f3ngora, y [&hellip;]<\/p>\n","protected":false},"author":1,"featured_media":970169,"comment_status":"closed","ping_status":"closed","sticky":false,"template":"","format":"standard","meta":{"footnotes":""},"categories":[1],"tags":[],"class_list":["post-970168","post","type-post","status-publish","format-standard","has-post-thumbnail","hentry","category-actualidad"],"aioseo_notices":[],"aioseo_head":"\n\t\t<!-- All in One SEO Pro 5.0.1 - aioseo.com -->\n\t<meta name=\"description\" content=\"La consejera de Salud, Marina \u00c1lvarez, ha apelado a &quot;vencer obst\u00e1culos para la igualdad&quot; a trav\u00e9s de &quot;referencias s\u00f3lidas&quot; como las personas y entidades reconocidas con las Banderas de Andaluc\u00eda en C\u00f3rdoba. Lo ha hecho en su intervenci\u00f3n en el acto de entrega de estos reconocimientos que se ha celebrado en el Teatro G\u00f3ngora, y\" \/>\n\t<meta name=\"robots\" content=\"max-image-preview:large\" \/>\n\t<meta name=\"author\" content=\"El Digital de Asturias\"\/>\n\t<meta name=\"google-site-verification\" content=\"UA-38556648-1\" \/>\n\t<meta name=\"msvalidate.01\" content=\"7dfe9f3f1b24437ab69f4f2559babe99\" \/>\n\t<meta name=\"keywords\" content=\"actualidad\" \/>\n\t<link rel=\"canonical\" href=\"https:\/\/www.eldigitaldeasturias.com\/noticias\/marina-alvarez-preside-el-acto-de-conmemoracion-del-28f-en-cordoba\/\" \/>\n\t<meta name=\"generator\" content=\"All in One SEO Pro (AIOSEO) 5.0.1\" \/>\n\t\t<meta property=\"og:locale\" content=\"es_ES\" \/>\n\t\t<meta property=\"og:site_name\" content=\"El Digital de Asturias\" \/>\n\t\t<meta property=\"og:type\" content=\"article\" \/>\n\t\t<meta property=\"og:title\" content=\"Marina \u00c1lvarez preside el acto de conmemoraci\u00f3n del 28F en C\u00f3rdoba - El Digital de Asturias\" \/>\n\t\t<meta property=\"og:description\" content=\"La consejera de Salud, Marina \u00c1lvarez, ha apelado a &quot;vencer obst\u00e1culos para la igualdad&quot; a trav\u00e9s de &quot;referencias s\u00f3lidas&quot; como las personas y entidades reconocidas con las Banderas de Andaluc\u00eda en C\u00f3rdoba. Lo ha hecho en su intervenci\u00f3n en el acto de entrega de estos reconocimientos que se ha celebrado en el Teatro G\u00f3ngora, y\" \/>\n\t\t<meta property=\"og:url\" content=\"https:\/\/www.eldigitaldeasturias.com\/noticias\/marina-alvarez-preside-el-acto-de-conmemoracion-del-28f-en-cordoba\/\" \/>\n\t\t<meta property=\"article:tag\" content=\"actualidad\" \/>\n\t\t<meta property=\"article:published_time\" content=\"2018-02-24T16:37:06+00:00\" \/>\n\t\t<meta property=\"article:modified_time\" content=\"2018-02-24T16:37:06+00:00\" \/>\n\t\t<meta property=\"article:publisher\" content=\"https:\/\/facebook.com\/eldigitaldeasturias\" \/>\n\t\t<meta name=\"twitter:card\" content=\"summary_large_image\" \/>\n\t\t<meta name=\"twitter:title\" content=\"Marina \u00c1lvarez preside el acto de conmemoraci\u00f3n del 28F en C\u00f3rdoba - El Digital de Asturias\" \/>\n\t\t<meta name=\"twitter:description\" content=\"La consejera de Salud, Marina \u00c1lvarez, ha apelado a &quot;vencer obst\u00e1culos para la igualdad&quot; a trav\u00e9s de &quot;referencias s\u00f3lidas&quot; como las personas y entidades reconocidas con las Banderas de Andaluc\u00eda en C\u00f3rdoba. Lo ha hecho en su intervenci\u00f3n en el acto de entrega de estos reconocimientos que se ha celebrado en el Teatro G\u00f3ngora, y\" \/>\n\t\t<meta name=\"twitter:image\" content=\"https:\/\/www.eldigitaldeasturias.com\/noticias\/wp-content\/uploads\/2020\/12\/EDA-1.jpg\" \/>\n\t\t<meta name=\"twitter:label1\" content=\"Escrito por\" \/>\n\t\t<meta name=\"twitter:data1\" content=\"El Digital de Asturias\" \/>\n\t\t<meta name=\"twitter:label2\" content=\"Tiempo de lectura estimado\" \/>\n\t\t<meta name=\"twitter:data2\" content=\"4 minutos\" \/>\n\t\t<script type=\"application\/ld+json\" class=\"aioseo-schema\">\n\t\t\t{\"@context\":\"https:\\\/\\\/schema.org\",\"@graph\":[{\"@type\":\"BlogPosting\",\"@id\":\"https:\\\/\\\/www.eldigitaldeasturias.com\\\/noticias\\\/marina-alvarez-preside-el-acto-de-conmemoracion-del-28f-en-cordoba\\\/#blogposting\",\"name\":\"Marina \\u00c1lvarez preside el acto de conmemoraci\\u00f3n del 28F en C\\u00f3rdoba - El Digital de Asturias\",\"headline\":\"Marina \\u00c1lvarez preside el acto de conmemoraci\\u00f3n del 28F en C\\u00f3rdoba\",\"author\":{\"@id\":\"https:\\\/\\\/www.eldigitaldeasturias.com\\\/noticias\\\/author\\\/admin\\\/#author\"},\"publisher\":{\"@id\":\"https:\\\/\\\/www.eldigitaldeasturias.com\\\/noticias\\\/#organization\"},\"image\":{\"@type\":\"ImageObject\",\"url\":970169},\"datePublished\":\"2018-02-24T16:37:06+01:00\",\"dateModified\":\"2018-02-24T16:37:06+01:00\",\"inLanguage\":\"es-ES\",\"mainEntityOfPage\":{\"@id\":\"https:\\\/\\\/www.eldigitaldeasturias.com\\\/noticias\\\/marina-alvarez-preside-el-acto-de-conmemoracion-del-28f-en-cordoba\\\/#webpage\"},\"isPartOf\":{\"@id\":\"https:\\\/\\\/www.eldigitaldeasturias.com\\\/noticias\\\/marina-alvarez-preside-el-acto-de-conmemoracion-del-28f-en-cordoba\\\/#webpage\"},\"articleSection\":\"Actualidad\"},{\"@type\":\"BreadcrumbList\",\"@id\":\"https:\\\/\\\/www.eldigitaldeasturias.com\\\/noticias\\\/marina-alvarez-preside-el-acto-de-conmemoracion-del-28f-en-cordoba\\\/#breadcrumblist\",\"itemListElement\":[{\"@type\":\"ListItem\",\"@id\":\"https:\\\/\\\/www.eldigitaldeasturias.com\\\/noticias#listItem\",\"position\":1,\"name\":\"Home\",\"item\":\"https:\\\/\\\/www.eldigitaldeasturias.com\\\/noticias\",\"nextItem\":{\"@type\":\"ListItem\",\"@id\":\"https:\\\/\\\/www.eldigitaldeasturias.com\\\/noticias\\\/category\\\/actualidad\\\/#listItem\",\"name\":\"Actualidad\"}},{\"@type\":\"ListItem\",\"@id\":\"https:\\\/\\\/www.eldigitaldeasturias.com\\\/noticias\\\/category\\\/actualidad\\\/#listItem\",\"position\":2,\"name\":\"Actualidad\",\"item\":\"https:\\\/\\\/www.eldigitaldeasturias.com\\\/noticias\\\/category\\\/actualidad\\\/\",\"nextItem\":{\"@type\":\"ListItem\",\"@id\":\"https:\\\/\\\/www.eldigitaldeasturias.com\\\/noticias\\\/marina-alvarez-preside-el-acto-de-conmemoracion-del-28f-en-cordoba\\\/#listItem\",\"name\":\"Marina \\u00c1lvarez preside el acto de conmemoraci\\u00f3n del 28F en C\\u00f3rdoba\"},\"previousItem\":{\"@type\":\"ListItem\",\"@id\":\"https:\\\/\\\/www.eldigitaldeasturias.com\\\/noticias#listItem\",\"name\":\"Home\"}},{\"@type\":\"ListItem\",\"@id\":\"https:\\\/\\\/www.eldigitaldeasturias.com\\\/noticias\\\/marina-alvarez-preside-el-acto-de-conmemoracion-del-28f-en-cordoba\\\/#listItem\",\"position\":3,\"name\":\"Marina \\u00c1lvarez preside el acto de conmemoraci\\u00f3n del 28F en C\\u00f3rdoba\",\"previousItem\":{\"@type\":\"ListItem\",\"@id\":\"https:\\\/\\\/www.eldigitaldeasturias.com\\\/noticias\\\/category\\\/actualidad\\\/#listItem\",\"name\":\"Actualidad\"}}]},{\"@type\":\"Organization\",\"@id\":\"https:\\\/\\\/www.eldigitaldeasturias.com\\\/noticias\\\/#organization\",\"name\":\"El Digital de Asturias\",\"description\":\"Hemeroteca\",\"url\":\"https:\\\/\\\/www.eldigitaldeasturias.com\\\/noticias\\\/\",\"email\":\"info@eldigitaldeasturias.com\",\"telephone\":\"+34652131393\",\"logo\":{\"@type\":\"ImageObject\",\"url\":\"https:\\\/\\\/www.eldigitaldeasturias.com\\\/noticias\\\/wp-content\\\/uploads\\\/2020\\\/12\\\/EDA.jpg\",\"@id\":\"https:\\\/\\\/www.eldigitaldeasturias.com\\\/noticias\\\/marina-alvarez-preside-el-acto-de-conmemoracion-del-28f-en-cordoba\\\/#organizationLogo\"},\"image\":{\"@id\":\"https:\\\/\\\/www.eldigitaldeasturias.com\\\/noticias\\\/marina-alvarez-preside-el-acto-de-conmemoracion-del-28f-en-cordoba\\\/#organizationLogo\"},\"sameAs\":[\"https:\\\/\\\/facebook.com\\\/eldigitaldeasturias\",\"https:\\\/\\\/www.youtube.com\\\/channel\\\/UCZP-2wLEB9Rv6erhFmqVnvg\"],\"address\":{\"@id\":\"https:\\\/\\\/www.eldigitaldeasturias.com\\\/noticias\\\/#postaladdress\",\"@type\":\"PostalAddress\",\"streetAddress\":\"san antonio 4\",\"postalCode\":\"33430\",\"addressLocality\":\"Cand\\u00e1s\",\"addressRegion\":\"Asturias\",\"addressCountry\":\"ES\"}},{\"@type\":\"Person\",\"@id\":\"https:\\\/\\\/www.eldigitaldeasturias.com\\\/noticias\\\/author\\\/admin\\\/#author\",\"url\":\"https:\\\/\\\/www.eldigitaldeasturias.com\\\/noticias\\\/author\\\/admin\\\/\",\"name\":\"El Digital de Asturias\",\"image\":{\"@type\":\"ImageObject\",\"@id\":\"https:\\\/\\\/www.eldigitaldeasturias.com\\\/noticias\\\/marina-alvarez-preside-el-acto-de-conmemoracion-del-28f-en-cordoba\\\/#authorImage\",\"url\":\"https:\\\/\\\/secure.gravatar.com\\\/avatar\\\/df2aeffc32bcd13f8d26072ef8a91b623d677766deac7f97ca815868cd41bf5e?s=96&d=mm&r=g\",\"width\":96,\"height\":96,\"caption\":\"El Digital de Asturias\"}},{\"@type\":\"WebPage\",\"@id\":\"https:\\\/\\\/www.eldigitaldeasturias.com\\\/noticias\\\/marina-alvarez-preside-el-acto-de-conmemoracion-del-28f-en-cordoba\\\/#webpage\",\"url\":\"https:\\\/\\\/www.eldigitaldeasturias.com\\\/noticias\\\/marina-alvarez-preside-el-acto-de-conmemoracion-del-28f-en-cordoba\\\/\",\"name\":\"Marina \\u00c1lvarez preside el acto de conmemoraci\\u00f3n del 28F en C\\u00f3rdoba - El Digital de Asturias\",\"description\":\"La consejera de Salud, Marina \\u00c1lvarez, ha apelado a \\\"vencer obst\\u00e1culos para la igualdad\\\" a trav\\u00e9s de \\\"referencias s\\u00f3lidas\\\" como las personas y entidades reconocidas con las Banderas de Andaluc\\u00eda en C\\u00f3rdoba. Lo ha hecho en su intervenci\\u00f3n en el acto de entrega de estos reconocimientos que se ha celebrado en el Teatro G\\u00f3ngora, y\",\"inLanguage\":\"es-ES\",\"isPartOf\":{\"@id\":\"https:\\\/\\\/www.eldigitaldeasturias.com\\\/noticias\\\/#website\"},\"breadcrumb\":{\"@id\":\"https:\\\/\\\/www.eldigitaldeasturias.com\\\/noticias\\\/marina-alvarez-preside-el-acto-de-conmemoracion-del-28f-en-cordoba\\\/#breadcrumblist\"},\"author\":{\"@id\":\"https:\\\/\\\/www.eldigitaldeasturias.com\\\/noticias\\\/author\\\/admin\\\/#author\"},\"creator\":{\"@id\":\"https:\\\/\\\/www.eldigitaldeasturias.com\\\/noticias\\\/author\\\/admin\\\/#author\"},\"image\":{\"@type\":\"ImageObject\",\"url\":970169,\"@id\":\"https:\\\/\\\/www.eldigitaldeasturias.com\\\/noticias\\\/marina-alvarez-preside-el-acto-de-conmemoracion-del-28f-en-cordoba\\\/#mainImage\"},\"primaryImageOfPage\":{\"@id\":\"https:\\\/\\\/www.eldigitaldeasturias.com\\\/noticias\\\/marina-alvarez-preside-el-acto-de-conmemoracion-del-28f-en-cordoba\\\/#mainImage\"},\"datePublished\":\"2018-02-24T16:37:06+01:00\",\"dateModified\":\"2018-02-24T16:37:06+01:00\"},{\"@type\":\"WebSite\",\"@id\":\"https:\\\/\\\/www.eldigitaldeasturias.com\\\/noticias\\\/#website\",\"url\":\"https:\\\/\\\/www.eldigitaldeasturias.com\\\/noticias\\\/\",\"name\":\"El Digital de Asturias - Diario de actualidad y noticias\",\"alternateName\":\"El Digital de Asturias - Diario de actualidad y noticias\",\"description\":\"Hemeroteca\",\"inLanguage\":\"es-ES\",\"publisher\":{\"@id\":\"https:\\\/\\\/www.eldigitaldeasturias.com\\\/noticias\\\/#organization\"}}]}\n\t\t<\/script>\n\t\t<!-- All in One SEO Pro -->\r\n\t\t<title>Marina \u00c1lvarez preside el acto de conmemoraci\u00f3n del 28F en C\u00f3rdoba - El Digital de Asturias<\/title>\n\n","aioseo_head_json":{"title":"Marina \u00c1lvarez preside el acto de conmemoraci\u00f3n del 28F en C\u00f3rdoba - El Digital de Asturias","description":"La consejera de Salud, Marina \u00c1lvarez, ha apelado a \"vencer obst\u00e1culos para la igualdad\" a trav\u00e9s de \"referencias s\u00f3lidas\" como las personas y entidades reconocidas con las Banderas de Andaluc\u00eda en C\u00f3rdoba. Lo ha hecho en su intervenci\u00f3n en el acto de entrega de estos reconocimientos que se ha celebrado en el Teatro G\u00f3ngora, y","canonical_url":"https:\/\/www.eldigitaldeasturias.com\/noticias\/marina-alvarez-preside-el-acto-de-conmemoracion-del-28f-en-cordoba\/","robots":"max-image-preview:large","keywords":"actualidad","webmasterTools":{"google-site-verification":"UA-38556648-1","msvalidate.01":"7dfe9f3f1b24437ab69f4f2559babe99","miscellaneous":""},"schema":{"@context":"https:\/\/schema.org","@graph":[{"@type":"BlogPosting","@id":"https:\/\/www.eldigitaldeasturias.com\/noticias\/marina-alvarez-preside-el-acto-de-conmemoracion-del-28f-en-cordoba\/#blogposting","name":"Marina \u00c1lvarez preside el acto de conmemoraci\u00f3n del 28F en C\u00f3rdoba - El Digital de Asturias","headline":"Marina \u00c1lvarez preside el acto de conmemoraci\u00f3n del 28F en C\u00f3rdoba","author":{"@id":"https:\/\/www.eldigitaldeasturias.com\/noticias\/author\/admin\/#author"},"publisher":{"@id":"https:\/\/www.eldigitaldeasturias.com\/noticias\/#organization"},"image":{"@type":"ImageObject","url":970169},"datePublished":"2018-02-24T16:37:06+01:00","dateModified":"2018-02-24T16:37:06+01:00","inLanguage":"es-ES","mainEntityOfPage":{"@id":"https:\/\/www.eldigitaldeasturias.com\/noticias\/marina-alvarez-preside-el-acto-de-conmemoracion-del-28f-en-cordoba\/#webpage"},"isPartOf":{"@id":"https:\/\/www.eldigitaldeasturias.com\/noticias\/marina-alvarez-preside-el-acto-de-conmemoracion-del-28f-en-cordoba\/#webpage"},"articleSection":"Actualidad"},{"@type":"BreadcrumbList","@id":"https:\/\/www.eldigitaldeasturias.com\/noticias\/marina-alvarez-preside-el-acto-de-conmemoracion-del-28f-en-cordoba\/#breadcrumblist","itemListElement":[{"@type":"ListItem","@id":"https:\/\/www.eldigitaldeasturias.com\/noticias#listItem","position":1,"name":"Home","item":"https:\/\/www.eldigitaldeasturias.com\/noticias","nextItem":{"@type":"ListItem","@id":"https:\/\/www.eldigitaldeasturias.com\/noticias\/category\/actualidad\/#listItem","name":"Actualidad"}},{"@type":"ListItem","@id":"https:\/\/www.eldigitaldeasturias.com\/noticias\/category\/actualidad\/#listItem","position":2,"name":"Actualidad","item":"https:\/\/www.eldigitaldeasturias.com\/noticias\/category\/actualidad\/","nextItem":{"@type":"ListItem","@id":"https:\/\/www.eldigitaldeasturias.com\/noticias\/marina-alvarez-preside-el-acto-de-conmemoracion-del-28f-en-cordoba\/#listItem","name":"Marina \u00c1lvarez preside el acto de conmemoraci\u00f3n del 28F en C\u00f3rdoba"},"previousItem":{"@type":"ListItem","@id":"https:\/\/www.eldigitaldeasturias.com\/noticias#listItem","name":"Home"}},{"@type":"ListItem","@id":"https:\/\/www.eldigitaldeasturias.com\/noticias\/marina-alvarez-preside-el-acto-de-conmemoracion-del-28f-en-cordoba\/#listItem","position":3,"name":"Marina \u00c1lvarez preside el acto de conmemoraci\u00f3n del 28F en C\u00f3rdoba","previousItem":{"@type":"ListItem","@id":"https:\/\/www.eldigitaldeasturias.com\/noticias\/category\/actualidad\/#listItem","name":"Actualidad"}}]},{"@type":"Organization","@id":"https:\/\/www.eldigitaldeasturias.com\/noticias\/#organization","name":"El Digital de Asturias","description":"Hemeroteca","url":"https:\/\/www.eldigitaldeasturias.com\/noticias\/","email":"info@eldigitaldeasturias.com","telephone":"+34652131393","logo":{"@type":"ImageObject","url":"https:\/\/www.eldigitaldeasturias.com\/noticias\/wp-content\/uploads\/2020\/12\/EDA.jpg","@id":"https:\/\/www.eldigitaldeasturias.com\/noticias\/marina-alvarez-preside-el-acto-de-conmemoracion-del-28f-en-cordoba\/#organizationLogo"},"image":{"@id":"https:\/\/www.eldigitaldeasturias.com\/noticias\/marina-alvarez-preside-el-acto-de-conmemoracion-del-28f-en-cordoba\/#organizationLogo"},"sameAs":["https:\/\/facebook.com\/eldigitaldeasturias","https:\/\/www.youtube.com\/channel\/UCZP-2wLEB9Rv6erhFmqVnvg"],"address":{"@id":"https:\/\/www.eldigitaldeasturias.com\/noticias\/#postaladdress","@type":"PostalAddress","streetAddress":"san antonio 4","postalCode":"33430","addressLocality":"Cand\u00e1s","addressRegion":"Asturias","addressCountry":"ES"}},{"@type":"Person","@id":"https:\/\/www.eldigitaldeasturias.com\/noticias\/author\/admin\/#author","url":"https:\/\/www.eldigitaldeasturias.com\/noticias\/author\/admin\/","name":"El Digital de Asturias","image":{"@type":"ImageObject","@id":"https:\/\/www.eldigitaldeasturias.com\/noticias\/marina-alvarez-preside-el-acto-de-conmemoracion-del-28f-en-cordoba\/#authorImage","url":"https:\/\/secure.gravatar.com\/avatar\/df2aeffc32bcd13f8d26072ef8a91b623d677766deac7f97ca815868cd41bf5e?s=96&d=mm&r=g","width":96,"height":96,"caption":"El Digital de Asturias"}},{"@type":"WebPage","@id":"https:\/\/www.eldigitaldeasturias.com\/noticias\/marina-alvarez-preside-el-acto-de-conmemoracion-del-28f-en-cordoba\/#webpage","url":"https:\/\/www.eldigitaldeasturias.com\/noticias\/marina-alvarez-preside-el-acto-de-conmemoracion-del-28f-en-cordoba\/","name":"Marina \u00c1lvarez preside el acto de conmemoraci\u00f3n del 28F en C\u00f3rdoba - El Digital de Asturias","description":"La consejera de Salud, Marina \u00c1lvarez, ha apelado a \"vencer obst\u00e1culos para la igualdad\" a trav\u00e9s de \"referencias s\u00f3lidas\" como las personas y entidades reconocidas con las Banderas de Andaluc\u00eda en C\u00f3rdoba. Lo ha hecho en su intervenci\u00f3n en el acto de entrega de estos reconocimientos que se ha celebrado en el Teatro G\u00f3ngora, y","inLanguage":"es-ES","isPartOf":{"@id":"https:\/\/www.eldigitaldeasturias.com\/noticias\/#website"},"breadcrumb":{"@id":"https:\/\/www.eldigitaldeasturias.com\/noticias\/marina-alvarez-preside-el-acto-de-conmemoracion-del-28f-en-cordoba\/#breadcrumblist"},"author":{"@id":"https:\/\/www.eldigitaldeasturias.com\/noticias\/author\/admin\/#author"},"creator":{"@id":"https:\/\/www.eldigitaldeasturias.com\/noticias\/author\/admin\/#author"},"image":{"@type":"ImageObject","url":970169,"@id":"https:\/\/www.eldigitaldeasturias.com\/noticias\/marina-alvarez-preside-el-acto-de-conmemoracion-del-28f-en-cordoba\/#mainImage"},"primaryImageOfPage":{"@id":"https:\/\/www.eldigitaldeasturias.com\/noticias\/marina-alvarez-preside-el-acto-de-conmemoracion-del-28f-en-cordoba\/#mainImage"},"datePublished":"2018-02-24T16:37:06+01:00","dateModified":"2018-02-24T16:37:06+01:00"},{"@type":"WebSite","@id":"https:\/\/www.eldigitaldeasturias.com\/noticias\/#website","url":"https:\/\/www.eldigitaldeasturias.com\/noticias\/","name":"El Digital de Asturias - Diario de actualidad y noticias","alternateName":"El Digital de Asturias - Diario de actualidad y noticias","description":"Hemeroteca","inLanguage":"es-ES","publisher":{"@id":"https:\/\/www.eldigitaldeasturias.com\/noticias\/#organization"}}]},"og:locale":"es_ES","og:site_name":"El Digital de Asturias","og:type":"article","og:title":"Marina \u00c1lvarez preside el acto de conmemoraci\u00f3n del 28F en C\u00f3rdoba - El Digital de Asturias","og:description":"La consejera de Salud, Marina \u00c1lvarez, ha apelado a &quot;vencer obst\u00e1culos para la igualdad&quot; a trav\u00e9s de &quot;referencias s\u00f3lidas&quot; como las personas y entidades reconocidas con las Banderas de Andaluc\u00eda en C\u00f3rdoba. Lo ha hecho en su intervenci\u00f3n en el acto de entrega de estos reconocimientos que se ha celebrado en el Teatro G\u00f3ngora, y","og:url":"https:\/\/www.eldigitaldeasturias.com\/noticias\/marina-alvarez-preside-el-acto-de-conmemoracion-del-28f-en-cordoba\/","article:tag":["actualidad"],"article:published_time":"2018-02-24T16:37:06+00:00","article:modified_time":"2018-02-24T16:37:06+00:00","article:publisher":"https:\/\/facebook.com\/eldigitaldeasturias","twitter:card":"summary_large_image","twitter:title":"Marina \u00c1lvarez preside el acto de conmemoraci\u00f3n del 28F en C\u00f3rdoba - El Digital de Asturias","twitter:description":"La consejera de Salud, Marina \u00c1lvarez, ha apelado a &quot;vencer obst\u00e1culos para la igualdad&quot; a trav\u00e9s de &quot;referencias s\u00f3lidas&quot; como las personas y entidades reconocidas con las Banderas de Andaluc\u00eda en C\u00f3rdoba. Lo ha hecho en su intervenci\u00f3n en el acto de entrega de estos reconocimientos que se ha celebrado en el Teatro G\u00f3ngora, y","twitter:image":"https:\/\/www.eldigitaldeasturias.com\/noticias\/wp-content\/uploads\/2020\/12\/EDA-1.jpg","twitter:label1":"Escrito por","twitter:data1":"El Digital de Asturias","twitter:label2":"Tiempo de lectura estimado","twitter:data2":"4 minutos"},"aioseo_meta_data":{"post_id":"970168","title":null,"description":null,"keywords":null,"keyphrases":null,"primary_term":null,"canonical_url":null,"og_title":null,"og_description":null,"og_object_type":"default","og_image_type":"default","og_image_url":null,"og_image_width":null,"og_image_height":null,"og_image_custom_url":null,"og_image_custom_fields":null,"og_video":null,"og_custom_url":null,"og_article_section":null,"og_article_tags":null,"twitter_use_og":false,"twitter_card":"default","twitter_image_type":"default","twitter_image_url":null,"twitter_image_custom_url":null,"twitter_image_custom_fields":null,"twitter_title":null,"twitter_description":null,"schema":{"blockGraphs":[],"customGraphs":[],"default":{"data":{"Article":[],"Course":[],"Dataset":[],"FAQPage":[],"Movie":[],"Person":[],"Product":[],"ProductReview":[],"Car":[],"Recipe":[],"Service":[],"SoftwareApplication":[],"WebPage":[]},"graphName":"","isEnabled":true},"graphs":[],"defaultGraph":"","defaultPostTypeGraph":""},"schema_type":null,"schema_type_options":null,"pillar_content":false,"robots_default":true,"robots_noindex":false,"robots_noarchive":false,"robots_nosnippet":false,"robots_nofollow":false,"robots_noimageindex":false,"robots_noodp":false,"robots_notranslate":false,"robots_max_snippet":null,"robots_max_videopreview":null,"robots_max_imagepreview":"large","priority":null,"frequency":null,"local_seo":null,"seo_analyzer_scan_date":"2025-10-07 04:39:11","breadcrumb_settings":null,"limit_modified_date":false,"open_ai":null,"ai":null,"created":"2020-12-21 12:25:37","updated":"2025-10-07 04:39:11","focus_keyword":null,"additional_keywords":null,"truseo_locale":null},"aioseo_breadcrumb":"<div class=\"aioseo-breadcrumbs\"><span class=\"aioseo-breadcrumb\">\n\t<a href=\"https:\/\/www.eldigitaldeasturias.com\/noticias\" title=\"Home\">Home<\/a>\n<\/span><span class=\"aioseo-breadcrumb-separator\">\u2013<\/span><span class=\"aioseo-breadcrumb\">\n\t<a href=\"https:\/\/www.eldigitaldeasturias.com\/noticias\/category\/actualidad\/\" title=\"Actualidad\">Actualidad<\/a>\n<\/span><span class=\"aioseo-breadcrumb-separator\">\u2013<\/span><span class=\"aioseo-breadcrumb\">\n\t<a href=\"https:\/\/www.eldigitaldeasturias.com\/noticias\/marina-alvarez-preside-el-acto-de-conmemoracion-del-28f-en-cordoba\/\" title=\"Marina \u00c1lvarez preside el acto de conmemoraci\u00f3n del 28F en C\u00f3rdoba\">Marina \u00c1lvarez preside el acto de conmemoraci\u00f3n del 28F en C\u00f3rdoba<\/a>\n<\/span><\/div>","aioseo_breadcrumb_json":[{"label":"Home","link":"https:\/\/www.eldigitaldeasturias.com\/noticias"},{"label":"Actualidad","link":"https:\/\/www.eldigitaldeasturias.com\/noticias\/category\/actualidad\/"},{"label":"Marina \u00c1lvarez preside el acto de conmemoraci\u00f3n del 28F en C\u00f3rdoba","link":"https:\/\/www.eldigitaldeasturias.com\/noticias\/marina-alvarez-preside-el-acto-de-conmemoracion-del-28f-en-cordoba\/"}],"_links":{"self":[{"href":"https:\/\/www.eldigitaldeasturias.com\/noticias\/wp-json\/wp\/v2\/posts\/970168","targetHints":{"allow":["GET"]}}],"collection":[{"href":"https:\/\/www.eldigitaldeasturias.com\/noticias\/wp-json\/wp\/v2\/posts"}],"about":[{"href":"https:\/\/www.eldigitaldeasturias.com\/noticias\/wp-json\/wp\/v2\/types\/post"}],"author":[{"embeddable":true,"href":"https:\/\/www.eldigitaldeasturias.com\/noticias\/wp-json\/wp\/v2\/users\/1"}],"replies":[{"embeddable":true,"href":"https:\/\/www.eldigitaldeasturias.com\/noticias\/wp-json\/wp\/v2\/comments?post=970168"}],"version-history":[{"count":0,"href":"https:\/\/www.eldigitaldeasturias.com\/noticias\/wp-json\/wp\/v2\/posts\/970168\/revisions"}],"wp:attachment":[{"href":"https:\/\/www.eldigitaldeasturias.com\/noticias\/wp-json\/wp\/v2\/media?parent=970168"}],"wp:term":[{"taxonomy":"category","embeddable":true,"href":"https:\/\/www.eldigitaldeasturias.com\/noticias\/wp-json\/wp\/v2\/categories?post=970168"},{"taxonomy":"post_tag","embeddable":true,"href":"https:\/\/www.eldigitaldeasturias.com\/noticias\/wp-json\/wp\/v2\/tags?post=970168"}],"curies":[{"name":"wp","href":"https:\/\/api.w.org\/{rel}","templated":true}]}}