{"id":970164,"date":"2018-02-24T16:33:48","date_gmt":"2018-02-24T16:33:48","guid":{"rendered":"http:\/\/www.eldigitaldeasturias.com\/noticias\/?p=970164"},"modified":"2018-02-24T16:33:48","modified_gmt":"2018-02-24T16:33:48","slug":"susana-diaz-inaugura-en-cordoba-el-ii-congreso-de-emprendimiento-universitario","status":"publish","type":"post","link":"https:\/\/www.eldigitaldeasturias.com\/noticias\/susana-diaz-inaugura-en-cordoba-el-ii-congreso-de-emprendimiento-universitario\/","title":{"rendered":"Susana D\u00edaz inaugura en C\u00f3rdoba el II Congreso de Emprendimiento Universitario"},"content":{"rendered":"<p><img loading=\"lazy\" decoding=\"async\" class=\"alignleft size-medium wp-image-952192\" src=\"https:\/\/www.eldigitaldeasturias.com\/noticias\/wp-content\/uploads\/2017\/09\/Susana-360x221.jpg\" alt=\"\" width=\"360\" height=\"221\" \/>La presidenta de la Junta, Susana D\u00edaz, ha resaltado el papel de los emprendedores en el cambio de modelo productivo andaluz. Durante la inauguraci\u00f3n en C\u00f3rdoba del II Congreso de Emprendimiento Universitario, D\u00edaz ha se\u00f1alado que Andaluc\u00eda ha logrado el r\u00e9cord hist\u00f3rico de 31.000 millones de euros en exportaciones en 2017 y 1.700 millones de balanza comercial positiva gracias en parte al talento de miles de emprendedores, pymes y micropymes \u00abque quieren generar riqueza y empleo\u00bb y que \u00abest\u00e1n abriendo nuevos mercados\u00bb apostando por \u00abla innovaci\u00f3n, el desarrollo, la investigaci\u00f3n y la transferencia de conocimiento\u00bb.<\/p>\n<p>Para la presidenta, los datos obtenidos son muestra de que \u00abel sistema est\u00e1 funcionando\u00bb y que est\u00e1n asentadas las bases del nuevo modelo productivo. \u00abEn un mundo tan globalizado e hipercompetitivo, emprender ya no se est\u00e1 convirtiendo en una opci\u00f3n, sino en una obligaci\u00f3n\u00bb, ha destacado. En este contexto, la responsabilidad de las instituciones es \u00abincentivar ese emprendimiento y esa transferencia de conocimiento entre la universidad y la empresa\u00bb. Solo as\u00ed, asegur\u00f3, se lograr\u00e1 \u00abuna Andaluc\u00eda competitiva, que genere riqueza y empleo\u00bb y en la que los emprendedores obtengan el h\u00e1bitat necesario para \u00abque el talento se desarrolle al l\u00edmite de sus posibilidades\u00bb.<\/p>\n<p>La presidenta ha subrayado el trabajo que se realiza desde la Fundaci\u00f3n Andaluc\u00eda Emprende y su red de emprendimiento formada por 262 centros CADES distribuidos por toda la geograf\u00eda auton\u00f3mica. El balance de actividad del pasado a\u00f1o recoge la creaci\u00f3n de 12.600 empresas, el 42% con presencia femenina, el 26% promovidas por personas universitarias, pr\u00e1cticamente uno de cada cuatro, y el 63% por menores de 40 a\u00f1os. Estas iniciativas lograron movilizar 145 millones de euros.<\/p>\n<p>\u00abLos resultados est\u00e1n ah\u00ed y el camino es el correcto\u00bb, ha incidido D\u00edaz quien ha rese\u00f1ado, adem\u00e1s, que el \u00edndice de supervivencia de las empresas que acompa\u00f1a Andaluc\u00eda Emprende, trascurrido un a\u00f1o desde su constituci\u00f3n, es del 79%, \u00ab9 puntos por encima de la media de los proyectos que arrancan sin ese asesoramiento\u00bb.<\/p>\n<p>Esto pone de manifiesto, ha asegurado, que \u00abhay que apostar porque las instituciones sigamos invirtiendo, incentivando el asesoramiento\u00bb y velando por \u00abla responsabilidad social\u00bb hacia las start up y spinoff universitarias. Convencida de que universidad y empresa deben ser \u00abel binomio perfecto\u00bb que posibilite la transferencia de conocimiento, Andaluc\u00eda Emprende cuenta con dos CADE dentro de las instalaciones de las universidades de Ja\u00e9n y Pablo de Olavide, y con dos puntos de informaci\u00f3n en las de M\u00e1laga y Granada.<\/p>\n<p>La presidenta ha anunciado adem\u00e1s la r\u00fabrica de un acuerdo entre Andaluc\u00eda Emprende, Fundecor (Fundaci\u00f3n Universitaria para el Desarrollo de la Provincia de C\u00f3rdoba) y Universidad de C\u00f3rdoba para promover acciones conjuntas en materia de emprendimiento.<\/p>\n<p>\u00abAndaluc\u00eda es hoy una tierra que genera confianza\u00bb y que dispone, ha indicado, de \u00abuna buena red de infraestructuras, grandes servicios, diez magn\u00edficas universidades p\u00fablicas y una red potente de centros y parques tecnol\u00f3gicos\u00bb, que facturan una cuarta parte del total nacional. \u00abAhora lo que queremos es tenderos la mano, acompa\u00f1aros, ayudaros, tener el compromiso y responsabilidad hist\u00f3rica de que nuestros emprendedores sit\u00faen a Andaluc\u00eda en el lugar que merece y que en estos momentos est\u00e1 en condiciones de alcanzar\u00bb, ha finalizado.<\/p>\n<p><strong>Congreso de Emprendimiento Universitario<\/strong><\/p>\n<p>El II Congreso de Emprendimiento Universitario est\u00e1 organizado por Andaluc\u00eda Emprende de la Consejer\u00eda de Econom\u00eda y Conocimiento para analizar los factores claves del emprendimiento y favorecer el intercambio de experiencias y buenas pr\u00e1cticas entre los participantes.<\/p>\n<p>Debatir sobre el emprendimiento basado en el conocimiento, fomentar la cultura y la educaci\u00f3n emprendedora en la universidad, poner en com\u00fan buenas pr\u00e1cticas de empresas de base tecnol\u00f3gica, startups y spin-off, analizar los factores clave del emprendimiento universitario y de casos de \u00e9xito y conocer modelos de otros pa\u00edses son los objetivos de este encuentro, con el que se pretende consolidar la vocaci\u00f3n emprendedora en el \u00e1mbito acad\u00e9mico.<\/p>\n<p>Se dar\u00e1n cita todos los agentes del sistema del conocimiento y del emprendimiento, entre los que se encuentran las 10 universidades del sistema p\u00fablico andaluz, para debatir, analizar y dise\u00f1ar pol\u00edticas, medidas y actuaciones que sirvan para impulsar la creaci\u00f3n y la consolidaci\u00f3n de empresas y empleo con valor a\u00f1adido.<\/p>\n","protected":false},"excerpt":{"rendered":"<p>La presidenta de la Junta, Susana D\u00edaz, ha resaltado el papel de los emprendedores en el cambio de modelo productivo andaluz. Durante la inauguraci\u00f3n en C\u00f3rdoba del II Congreso de Emprendimiento Universitario, D\u00edaz ha se\u00f1alado que Andaluc\u00eda ha logrado el r\u00e9cord hist\u00f3rico de 31.000 millones de euros en exportaciones en 2017 y 1.700 millones de [&hellip;]<\/p>\n","protected":false},"author":1,"featured_media":952192,"comment_status":"closed","ping_status":"closed","sticky":false,"template":"","format":"standard","meta":{"footnotes":""},"categories":[1],"tags":[],"class_list":["post-970164","post","type-post","status-publish","format-standard","has-post-thumbnail","hentry","category-actualidad"],"aioseo_notices":[],"aioseo_head":"\n\t\t<!-- All in One SEO Pro 5.0.1 - aioseo.com -->\n\t<meta name=\"description\" content=\"La presidenta de la Junta, Susana D\u00edaz, ha resaltado el papel de los emprendedores en el cambio de modelo productivo andaluz. Durante la inauguraci\u00f3n en C\u00f3rdoba del II Congreso de Emprendimiento Universitario, D\u00edaz ha se\u00f1alado que Andaluc\u00eda ha logrado el r\u00e9cord hist\u00f3rico de 31.000 millones de euros en exportaciones en 2017 y 1.700 millones de\" \/>\n\t<meta name=\"robots\" content=\"max-image-preview:large\" \/>\n\t<meta name=\"author\" content=\"El Digital de Asturias\"\/>\n\t<meta name=\"google-site-verification\" content=\"UA-38556648-1\" \/>\n\t<meta name=\"msvalidate.01\" content=\"7dfe9f3f1b24437ab69f4f2559babe99\" \/>\n\t<meta name=\"keywords\" content=\"actualidad\" \/>\n\t<link rel=\"canonical\" href=\"https:\/\/www.eldigitaldeasturias.com\/noticias\/susana-diaz-inaugura-en-cordoba-el-ii-congreso-de-emprendimiento-universitario\/\" \/>\n\t<meta name=\"generator\" content=\"All in One SEO Pro (AIOSEO) 5.0.1\" \/>\n\t\t<meta property=\"og:locale\" content=\"es_ES\" \/>\n\t\t<meta property=\"og:site_name\" content=\"El Digital de Asturias\" \/>\n\t\t<meta property=\"og:type\" content=\"article\" \/>\n\t\t<meta property=\"og:title\" content=\"Susana D\u00edaz inaugura en C\u00f3rdoba el II Congreso de Emprendimiento Universitario - El Digital de Asturias\" \/>\n\t\t<meta property=\"og:description\" content=\"La presidenta de la Junta, Susana D\u00edaz, ha resaltado el papel de los emprendedores en el cambio de modelo productivo andaluz. Durante la inauguraci\u00f3n en C\u00f3rdoba del II Congreso de Emprendimiento Universitario, D\u00edaz ha se\u00f1alado que Andaluc\u00eda ha logrado el r\u00e9cord hist\u00f3rico de 31.000 millones de euros en exportaciones en 2017 y 1.700 millones de\" \/>\n\t\t<meta property=\"og:url\" content=\"https:\/\/www.eldigitaldeasturias.com\/noticias\/susana-diaz-inaugura-en-cordoba-el-ii-congreso-de-emprendimiento-universitario\/\" \/>\n\t\t<meta property=\"article:tag\" content=\"actualidad\" \/>\n\t\t<meta property=\"article:published_time\" content=\"2018-02-24T16:33:48+00:00\" \/>\n\t\t<meta property=\"article:modified_time\" content=\"2018-02-24T16:33:48+00:00\" \/>\n\t\t<meta property=\"article:publisher\" content=\"https:\/\/facebook.com\/eldigitaldeasturias\" \/>\n\t\t<meta name=\"twitter:card\" content=\"summary_large_image\" \/>\n\t\t<meta name=\"twitter:title\" content=\"Susana D\u00edaz inaugura en C\u00f3rdoba el II Congreso de Emprendimiento Universitario - El Digital de Asturias\" \/>\n\t\t<meta name=\"twitter:description\" content=\"La presidenta de la Junta, Susana D\u00edaz, ha resaltado el papel de los emprendedores en el cambio de modelo productivo andaluz. Durante la inauguraci\u00f3n en C\u00f3rdoba del II Congreso de Emprendimiento Universitario, D\u00edaz ha se\u00f1alado que Andaluc\u00eda ha logrado el r\u00e9cord hist\u00f3rico de 31.000 millones de euros en exportaciones en 2017 y 1.700 millones de\" \/>\n\t\t<meta name=\"twitter:image\" content=\"https:\/\/www.eldigitaldeasturias.com\/noticias\/wp-content\/uploads\/2020\/12\/EDA-1.jpg\" \/>\n\t\t<meta name=\"twitter:label1\" content=\"Escrito por\" \/>\n\t\t<meta name=\"twitter:data1\" content=\"El Digital de Asturias\" \/>\n\t\t<meta name=\"twitter:label2\" content=\"Tiempo de lectura estimado\" \/>\n\t\t<meta name=\"twitter:data2\" content=\"4 minutos\" \/>\n\t\t<script type=\"application\/ld+json\" class=\"aioseo-schema\">\n\t\t\t{\"@context\":\"https:\\\/\\\/schema.org\",\"@graph\":[{\"@type\":\"BlogPosting\",\"@id\":\"https:\\\/\\\/www.eldigitaldeasturias.com\\\/noticias\\\/susana-diaz-inaugura-en-cordoba-el-ii-congreso-de-emprendimiento-universitario\\\/#blogposting\",\"name\":\"Susana D\\u00edaz inaugura en C\\u00f3rdoba el II Congreso de Emprendimiento Universitario - El Digital de Asturias\",\"headline\":\"Susana D\\u00edaz inaugura en C\\u00f3rdoba el II Congreso de Emprendimiento Universitario\",\"author\":{\"@id\":\"https:\\\/\\\/www.eldigitaldeasturias.com\\\/noticias\\\/author\\\/admin\\\/#author\"},\"publisher\":{\"@id\":\"https:\\\/\\\/www.eldigitaldeasturias.com\\\/noticias\\\/#organization\"},\"image\":{\"@type\":\"ImageObject\",\"url\":952192},\"datePublished\":\"2018-02-24T16:33:48+01:00\",\"dateModified\":\"2018-02-24T16:33:48+01:00\",\"inLanguage\":\"es-ES\",\"mainEntityOfPage\":{\"@id\":\"https:\\\/\\\/www.eldigitaldeasturias.com\\\/noticias\\\/susana-diaz-inaugura-en-cordoba-el-ii-congreso-de-emprendimiento-universitario\\\/#webpage\"},\"isPartOf\":{\"@id\":\"https:\\\/\\\/www.eldigitaldeasturias.com\\\/noticias\\\/susana-diaz-inaugura-en-cordoba-el-ii-congreso-de-emprendimiento-universitario\\\/#webpage\"},\"articleSection\":\"Actualidad\"},{\"@type\":\"BreadcrumbList\",\"@id\":\"https:\\\/\\\/www.eldigitaldeasturias.com\\\/noticias\\\/susana-diaz-inaugura-en-cordoba-el-ii-congreso-de-emprendimiento-universitario\\\/#breadcrumblist\",\"itemListElement\":[{\"@type\":\"ListItem\",\"@id\":\"https:\\\/\\\/www.eldigitaldeasturias.com\\\/noticias#listItem\",\"position\":1,\"name\":\"Home\",\"item\":\"https:\\\/\\\/www.eldigitaldeasturias.com\\\/noticias\",\"nextItem\":{\"@type\":\"ListItem\",\"@id\":\"https:\\\/\\\/www.eldigitaldeasturias.com\\\/noticias\\\/category\\\/actualidad\\\/#listItem\",\"name\":\"Actualidad\"}},{\"@type\":\"ListItem\",\"@id\":\"https:\\\/\\\/www.eldigitaldeasturias.com\\\/noticias\\\/category\\\/actualidad\\\/#listItem\",\"position\":2,\"name\":\"Actualidad\",\"item\":\"https:\\\/\\\/www.eldigitaldeasturias.com\\\/noticias\\\/category\\\/actualidad\\\/\",\"nextItem\":{\"@type\":\"ListItem\",\"@id\":\"https:\\\/\\\/www.eldigitaldeasturias.com\\\/noticias\\\/susana-diaz-inaugura-en-cordoba-el-ii-congreso-de-emprendimiento-universitario\\\/#listItem\",\"name\":\"Susana D\\u00edaz inaugura en C\\u00f3rdoba el II Congreso de Emprendimiento Universitario\"},\"previousItem\":{\"@type\":\"ListItem\",\"@id\":\"https:\\\/\\\/www.eldigitaldeasturias.com\\\/noticias#listItem\",\"name\":\"Home\"}},{\"@type\":\"ListItem\",\"@id\":\"https:\\\/\\\/www.eldigitaldeasturias.com\\\/noticias\\\/susana-diaz-inaugura-en-cordoba-el-ii-congreso-de-emprendimiento-universitario\\\/#listItem\",\"position\":3,\"name\":\"Susana D\\u00edaz inaugura en C\\u00f3rdoba el II Congreso de Emprendimiento Universitario\",\"previousItem\":{\"@type\":\"ListItem\",\"@id\":\"https:\\\/\\\/www.eldigitaldeasturias.com\\\/noticias\\\/category\\\/actualidad\\\/#listItem\",\"name\":\"Actualidad\"}}]},{\"@type\":\"Organization\",\"@id\":\"https:\\\/\\\/www.eldigitaldeasturias.com\\\/noticias\\\/#organization\",\"name\":\"El Digital de Asturias\",\"description\":\"Hemeroteca\",\"url\":\"https:\\\/\\\/www.eldigitaldeasturias.com\\\/noticias\\\/\",\"email\":\"info@eldigitaldeasturias.com\",\"telephone\":\"+34652131393\",\"logo\":{\"@type\":\"ImageObject\",\"url\":\"https:\\\/\\\/www.eldigitaldeasturias.com\\\/noticias\\\/wp-content\\\/uploads\\\/2020\\\/12\\\/EDA.jpg\",\"@id\":\"https:\\\/\\\/www.eldigitaldeasturias.com\\\/noticias\\\/susana-diaz-inaugura-en-cordoba-el-ii-congreso-de-emprendimiento-universitario\\\/#organizationLogo\"},\"image\":{\"@id\":\"https:\\\/\\\/www.eldigitaldeasturias.com\\\/noticias\\\/susana-diaz-inaugura-en-cordoba-el-ii-congreso-de-emprendimiento-universitario\\\/#organizationLogo\"},\"sameAs\":[\"https:\\\/\\\/facebook.com\\\/eldigitaldeasturias\",\"https:\\\/\\\/www.youtube.com\\\/channel\\\/UCZP-2wLEB9Rv6erhFmqVnvg\"],\"address\":{\"@id\":\"https:\\\/\\\/www.eldigitaldeasturias.com\\\/noticias\\\/#postaladdress\",\"@type\":\"PostalAddress\",\"streetAddress\":\"san antonio 4\",\"postalCode\":\"33430\",\"addressLocality\":\"Cand\\u00e1s\",\"addressRegion\":\"Asturias\",\"addressCountry\":\"ES\"}},{\"@type\":\"Person\",\"@id\":\"https:\\\/\\\/www.eldigitaldeasturias.com\\\/noticias\\\/author\\\/admin\\\/#author\",\"url\":\"https:\\\/\\\/www.eldigitaldeasturias.com\\\/noticias\\\/author\\\/admin\\\/\",\"name\":\"El Digital de Asturias\",\"image\":{\"@type\":\"ImageObject\",\"@id\":\"https:\\\/\\\/www.eldigitaldeasturias.com\\\/noticias\\\/susana-diaz-inaugura-en-cordoba-el-ii-congreso-de-emprendimiento-universitario\\\/#authorImage\",\"url\":\"https:\\\/\\\/secure.gravatar.com\\\/avatar\\\/df2aeffc32bcd13f8d26072ef8a91b623d677766deac7f97ca815868cd41bf5e?s=96&d=mm&r=g\",\"width\":96,\"height\":96,\"caption\":\"El Digital de Asturias\"}},{\"@type\":\"WebPage\",\"@id\":\"https:\\\/\\\/www.eldigitaldeasturias.com\\\/noticias\\\/susana-diaz-inaugura-en-cordoba-el-ii-congreso-de-emprendimiento-universitario\\\/#webpage\",\"url\":\"https:\\\/\\\/www.eldigitaldeasturias.com\\\/noticias\\\/susana-diaz-inaugura-en-cordoba-el-ii-congreso-de-emprendimiento-universitario\\\/\",\"name\":\"Susana D\\u00edaz inaugura en C\\u00f3rdoba el II Congreso de Emprendimiento Universitario - El Digital de Asturias\",\"description\":\"La presidenta de la Junta, Susana D\\u00edaz, ha resaltado el papel de los emprendedores en el cambio de modelo productivo andaluz. Durante la inauguraci\\u00f3n en C\\u00f3rdoba del II Congreso de Emprendimiento Universitario, D\\u00edaz ha se\\u00f1alado que Andaluc\\u00eda ha logrado el r\\u00e9cord hist\\u00f3rico de 31.000 millones de euros en exportaciones en 2017 y 1.700 millones de\",\"inLanguage\":\"es-ES\",\"isPartOf\":{\"@id\":\"https:\\\/\\\/www.eldigitaldeasturias.com\\\/noticias\\\/#website\"},\"breadcrumb\":{\"@id\":\"https:\\\/\\\/www.eldigitaldeasturias.com\\\/noticias\\\/susana-diaz-inaugura-en-cordoba-el-ii-congreso-de-emprendimiento-universitario\\\/#breadcrumblist\"},\"author\":{\"@id\":\"https:\\\/\\\/www.eldigitaldeasturias.com\\\/noticias\\\/author\\\/admin\\\/#author\"},\"creator\":{\"@id\":\"https:\\\/\\\/www.eldigitaldeasturias.com\\\/noticias\\\/author\\\/admin\\\/#author\"},\"image\":{\"@type\":\"ImageObject\",\"url\":952192,\"@id\":\"https:\\\/\\\/www.eldigitaldeasturias.com\\\/noticias\\\/susana-diaz-inaugura-en-cordoba-el-ii-congreso-de-emprendimiento-universitario\\\/#mainImage\"},\"primaryImageOfPage\":{\"@id\":\"https:\\\/\\\/www.eldigitaldeasturias.com\\\/noticias\\\/susana-diaz-inaugura-en-cordoba-el-ii-congreso-de-emprendimiento-universitario\\\/#mainImage\"},\"datePublished\":\"2018-02-24T16:33:48+01:00\",\"dateModified\":\"2018-02-24T16:33:48+01:00\"},{\"@type\":\"WebSite\",\"@id\":\"https:\\\/\\\/www.eldigitaldeasturias.com\\\/noticias\\\/#website\",\"url\":\"https:\\\/\\\/www.eldigitaldeasturias.com\\\/noticias\\\/\",\"name\":\"El Digital de Asturias - Diario de actualidad y noticias\",\"alternateName\":\"El Digital de Asturias - Diario de actualidad y noticias\",\"description\":\"Hemeroteca\",\"inLanguage\":\"es-ES\",\"publisher\":{\"@id\":\"https:\\\/\\\/www.eldigitaldeasturias.com\\\/noticias\\\/#organization\"}}]}\n\t\t<\/script>\n\t\t<!-- All in One SEO Pro -->\r\n\t\t<title>Susana D\u00edaz inaugura en C\u00f3rdoba el II Congreso de Emprendimiento Universitario - El Digital de Asturias<\/title>\n\n","aioseo_head_json":{"title":"Susana D\u00edaz inaugura en C\u00f3rdoba el II Congreso de Emprendimiento Universitario - El Digital de Asturias","description":"La presidenta de la Junta, Susana D\u00edaz, ha resaltado el papel de los emprendedores en el cambio de modelo productivo andaluz. Durante la inauguraci\u00f3n en C\u00f3rdoba del II Congreso de Emprendimiento Universitario, D\u00edaz ha se\u00f1alado que Andaluc\u00eda ha logrado el r\u00e9cord hist\u00f3rico de 31.000 millones de euros en exportaciones en 2017 y 1.700 millones de","canonical_url":"https:\/\/www.eldigitaldeasturias.com\/noticias\/susana-diaz-inaugura-en-cordoba-el-ii-congreso-de-emprendimiento-universitario\/","robots":"max-image-preview:large","keywords":"actualidad","webmasterTools":{"google-site-verification":"UA-38556648-1","msvalidate.01":"7dfe9f3f1b24437ab69f4f2559babe99","miscellaneous":""},"schema":{"@context":"https:\/\/schema.org","@graph":[{"@type":"BlogPosting","@id":"https:\/\/www.eldigitaldeasturias.com\/noticias\/susana-diaz-inaugura-en-cordoba-el-ii-congreso-de-emprendimiento-universitario\/#blogposting","name":"Susana D\u00edaz inaugura en C\u00f3rdoba el II Congreso de Emprendimiento Universitario - El Digital de Asturias","headline":"Susana D\u00edaz inaugura en C\u00f3rdoba el II Congreso de Emprendimiento Universitario","author":{"@id":"https:\/\/www.eldigitaldeasturias.com\/noticias\/author\/admin\/#author"},"publisher":{"@id":"https:\/\/www.eldigitaldeasturias.com\/noticias\/#organization"},"image":{"@type":"ImageObject","url":952192},"datePublished":"2018-02-24T16:33:48+01:00","dateModified":"2018-02-24T16:33:48+01:00","inLanguage":"es-ES","mainEntityOfPage":{"@id":"https:\/\/www.eldigitaldeasturias.com\/noticias\/susana-diaz-inaugura-en-cordoba-el-ii-congreso-de-emprendimiento-universitario\/#webpage"},"isPartOf":{"@id":"https:\/\/www.eldigitaldeasturias.com\/noticias\/susana-diaz-inaugura-en-cordoba-el-ii-congreso-de-emprendimiento-universitario\/#webpage"},"articleSection":"Actualidad"},{"@type":"BreadcrumbList","@id":"https:\/\/www.eldigitaldeasturias.com\/noticias\/susana-diaz-inaugura-en-cordoba-el-ii-congreso-de-emprendimiento-universitario\/#breadcrumblist","itemListElement":[{"@type":"ListItem","@id":"https:\/\/www.eldigitaldeasturias.com\/noticias#listItem","position":1,"name":"Home","item":"https:\/\/www.eldigitaldeasturias.com\/noticias","nextItem":{"@type":"ListItem","@id":"https:\/\/www.eldigitaldeasturias.com\/noticias\/category\/actualidad\/#listItem","name":"Actualidad"}},{"@type":"ListItem","@id":"https:\/\/www.eldigitaldeasturias.com\/noticias\/category\/actualidad\/#listItem","position":2,"name":"Actualidad","item":"https:\/\/www.eldigitaldeasturias.com\/noticias\/category\/actualidad\/","nextItem":{"@type":"ListItem","@id":"https:\/\/www.eldigitaldeasturias.com\/noticias\/susana-diaz-inaugura-en-cordoba-el-ii-congreso-de-emprendimiento-universitario\/#listItem","name":"Susana D\u00edaz inaugura en C\u00f3rdoba el II Congreso de Emprendimiento Universitario"},"previousItem":{"@type":"ListItem","@id":"https:\/\/www.eldigitaldeasturias.com\/noticias#listItem","name":"Home"}},{"@type":"ListItem","@id":"https:\/\/www.eldigitaldeasturias.com\/noticias\/susana-diaz-inaugura-en-cordoba-el-ii-congreso-de-emprendimiento-universitario\/#listItem","position":3,"name":"Susana D\u00edaz inaugura en C\u00f3rdoba el II Congreso de Emprendimiento Universitario","previousItem":{"@type":"ListItem","@id":"https:\/\/www.eldigitaldeasturias.com\/noticias\/category\/actualidad\/#listItem","name":"Actualidad"}}]},{"@type":"Organization","@id":"https:\/\/www.eldigitaldeasturias.com\/noticias\/#organization","name":"El Digital de Asturias","description":"Hemeroteca","url":"https:\/\/www.eldigitaldeasturias.com\/noticias\/","email":"info@eldigitaldeasturias.com","telephone":"+34652131393","logo":{"@type":"ImageObject","url":"https:\/\/www.eldigitaldeasturias.com\/noticias\/wp-content\/uploads\/2020\/12\/EDA.jpg","@id":"https:\/\/www.eldigitaldeasturias.com\/noticias\/susana-diaz-inaugura-en-cordoba-el-ii-congreso-de-emprendimiento-universitario\/#organizationLogo"},"image":{"@id":"https:\/\/www.eldigitaldeasturias.com\/noticias\/susana-diaz-inaugura-en-cordoba-el-ii-congreso-de-emprendimiento-universitario\/#organizationLogo"},"sameAs":["https:\/\/facebook.com\/eldigitaldeasturias","https:\/\/www.youtube.com\/channel\/UCZP-2wLEB9Rv6erhFmqVnvg"],"address":{"@id":"https:\/\/www.eldigitaldeasturias.com\/noticias\/#postaladdress","@type":"PostalAddress","streetAddress":"san antonio 4","postalCode":"33430","addressLocality":"Cand\u00e1s","addressRegion":"Asturias","addressCountry":"ES"}},{"@type":"Person","@id":"https:\/\/www.eldigitaldeasturias.com\/noticias\/author\/admin\/#author","url":"https:\/\/www.eldigitaldeasturias.com\/noticias\/author\/admin\/","name":"El Digital de Asturias","image":{"@type":"ImageObject","@id":"https:\/\/www.eldigitaldeasturias.com\/noticias\/susana-diaz-inaugura-en-cordoba-el-ii-congreso-de-emprendimiento-universitario\/#authorImage","url":"https:\/\/secure.gravatar.com\/avatar\/df2aeffc32bcd13f8d26072ef8a91b623d677766deac7f97ca815868cd41bf5e?s=96&d=mm&r=g","width":96,"height":96,"caption":"El Digital de Asturias"}},{"@type":"WebPage","@id":"https:\/\/www.eldigitaldeasturias.com\/noticias\/susana-diaz-inaugura-en-cordoba-el-ii-congreso-de-emprendimiento-universitario\/#webpage","url":"https:\/\/www.eldigitaldeasturias.com\/noticias\/susana-diaz-inaugura-en-cordoba-el-ii-congreso-de-emprendimiento-universitario\/","name":"Susana D\u00edaz inaugura en C\u00f3rdoba el II Congreso de Emprendimiento Universitario - El Digital de Asturias","description":"La presidenta de la Junta, Susana D\u00edaz, ha resaltado el papel de los emprendedores en el cambio de modelo productivo andaluz. Durante la inauguraci\u00f3n en C\u00f3rdoba del II Congreso de Emprendimiento Universitario, D\u00edaz ha se\u00f1alado que Andaluc\u00eda ha logrado el r\u00e9cord hist\u00f3rico de 31.000 millones de euros en exportaciones en 2017 y 1.700 millones de","inLanguage":"es-ES","isPartOf":{"@id":"https:\/\/www.eldigitaldeasturias.com\/noticias\/#website"},"breadcrumb":{"@id":"https:\/\/www.eldigitaldeasturias.com\/noticias\/susana-diaz-inaugura-en-cordoba-el-ii-congreso-de-emprendimiento-universitario\/#breadcrumblist"},"author":{"@id":"https:\/\/www.eldigitaldeasturias.com\/noticias\/author\/admin\/#author"},"creator":{"@id":"https:\/\/www.eldigitaldeasturias.com\/noticias\/author\/admin\/#author"},"image":{"@type":"ImageObject","url":952192,"@id":"https:\/\/www.eldigitaldeasturias.com\/noticias\/susana-diaz-inaugura-en-cordoba-el-ii-congreso-de-emprendimiento-universitario\/#mainImage"},"primaryImageOfPage":{"@id":"https:\/\/www.eldigitaldeasturias.com\/noticias\/susana-diaz-inaugura-en-cordoba-el-ii-congreso-de-emprendimiento-universitario\/#mainImage"},"datePublished":"2018-02-24T16:33:48+01:00","dateModified":"2018-02-24T16:33:48+01:00"},{"@type":"WebSite","@id":"https:\/\/www.eldigitaldeasturias.com\/noticias\/#website","url":"https:\/\/www.eldigitaldeasturias.com\/noticias\/","name":"El Digital de Asturias - Diario de actualidad y noticias","alternateName":"El Digital de Asturias - Diario de actualidad y noticias","description":"Hemeroteca","inLanguage":"es-ES","publisher":{"@id":"https:\/\/www.eldigitaldeasturias.com\/noticias\/#organization"}}]},"og:locale":"es_ES","og:site_name":"El Digital de Asturias","og:type":"article","og:title":"Susana D\u00edaz inaugura en C\u00f3rdoba el II Congreso de Emprendimiento Universitario - El Digital de Asturias","og:description":"La presidenta de la Junta, Susana D\u00edaz, ha resaltado el papel de los emprendedores en el cambio de modelo productivo andaluz. Durante la inauguraci\u00f3n en C\u00f3rdoba del II Congreso de Emprendimiento Universitario, D\u00edaz ha se\u00f1alado que Andaluc\u00eda ha logrado el r\u00e9cord hist\u00f3rico de 31.000 millones de euros en exportaciones en 2017 y 1.700 millones de","og:url":"https:\/\/www.eldigitaldeasturias.com\/noticias\/susana-diaz-inaugura-en-cordoba-el-ii-congreso-de-emprendimiento-universitario\/","article:tag":["actualidad"],"article:published_time":"2018-02-24T16:33:48+00:00","article:modified_time":"2018-02-24T16:33:48+00:00","article:publisher":"https:\/\/facebook.com\/eldigitaldeasturias","twitter:card":"summary_large_image","twitter:title":"Susana D\u00edaz inaugura en C\u00f3rdoba el II Congreso de Emprendimiento Universitario - El Digital de Asturias","twitter:description":"La presidenta de la Junta, Susana D\u00edaz, ha resaltado el papel de los emprendedores en el cambio de modelo productivo andaluz. Durante la inauguraci\u00f3n en C\u00f3rdoba del II Congreso de Emprendimiento Universitario, D\u00edaz ha se\u00f1alado que Andaluc\u00eda ha logrado el r\u00e9cord hist\u00f3rico de 31.000 millones de euros en exportaciones en 2017 y 1.700 millones de","twitter:image":"https:\/\/www.eldigitaldeasturias.com\/noticias\/wp-content\/uploads\/2020\/12\/EDA-1.jpg","twitter:label1":"Escrito por","twitter:data1":"El Digital de Asturias","twitter:label2":"Tiempo de lectura estimado","twitter:data2":"4 minutos"},"aioseo_meta_data":{"post_id":"970164","title":null,"description":null,"keywords":null,"keyphrases":null,"primary_term":null,"canonical_url":null,"og_title":null,"og_description":null,"og_object_type":"default","og_image_type":"default","og_image_url":null,"og_image_width":null,"og_image_height":null,"og_image_custom_url":null,"og_image_custom_fields":null,"og_video":null,"og_custom_url":null,"og_article_section":null,"og_article_tags":null,"twitter_use_og":false,"twitter_card":"default","twitter_image_type":"default","twitter_image_url":null,"twitter_image_custom_url":null,"twitter_image_custom_fields":null,"twitter_title":null,"twitter_description":null,"schema":{"blockGraphs":[],"customGraphs":[],"default":{"data":{"Article":[],"Course":[],"Dataset":[],"FAQPage":[],"Movie":[],"Person":[],"Product":[],"ProductReview":[],"Car":[],"Recipe":[],"Service":[],"SoftwareApplication":[],"WebPage":[]},"graphName":"","isEnabled":true},"graphs":[],"defaultGraph":"","defaultPostTypeGraph":""},"schema_type":null,"schema_type_options":null,"pillar_content":false,"robots_default":true,"robots_noindex":false,"robots_noarchive":false,"robots_nosnippet":false,"robots_nofollow":false,"robots_noimageindex":false,"robots_noodp":false,"robots_notranslate":false,"robots_max_snippet":null,"robots_max_videopreview":null,"robots_max_imagepreview":"large","priority":null,"frequency":null,"local_seo":null,"seo_analyzer_scan_date":"2025-10-07 04:37:05","breadcrumb_settings":null,"limit_modified_date":false,"open_ai":null,"ai":null,"created":"2020-12-21 12:25:37","updated":"2025-10-07 04:37:05","focus_keyword":null,"additional_keywords":null,"truseo_locale":null},"aioseo_breadcrumb":"<div class=\"aioseo-breadcrumbs\"><span class=\"aioseo-breadcrumb\">\n\t<a href=\"https:\/\/www.eldigitaldeasturias.com\/noticias\" title=\"Home\">Home<\/a>\n<\/span><span class=\"aioseo-breadcrumb-separator\">\u2013<\/span><span class=\"aioseo-breadcrumb\">\n\t<a href=\"https:\/\/www.eldigitaldeasturias.com\/noticias\/category\/actualidad\/\" title=\"Actualidad\">Actualidad<\/a>\n<\/span><span class=\"aioseo-breadcrumb-separator\">\u2013<\/span><span class=\"aioseo-breadcrumb\">\n\t<a href=\"https:\/\/www.eldigitaldeasturias.com\/noticias\/susana-diaz-inaugura-en-cordoba-el-ii-congreso-de-emprendimiento-universitario\/\" title=\"Susana D\u00edaz inaugura en C\u00f3rdoba el II Congreso de Emprendimiento Universitario\">Susana D\u00edaz inaugura en C\u00f3rdoba el II Congreso de Emprendimiento Universitario<\/a>\n<\/span><\/div>","aioseo_breadcrumb_json":[{"label":"Home","link":"https:\/\/www.eldigitaldeasturias.com\/noticias"},{"label":"Actualidad","link":"https:\/\/www.eldigitaldeasturias.com\/noticias\/category\/actualidad\/"},{"label":"Susana D\u00edaz inaugura en C\u00f3rdoba el II Congreso de Emprendimiento Universitario","link":"https:\/\/www.eldigitaldeasturias.com\/noticias\/susana-diaz-inaugura-en-cordoba-el-ii-congreso-de-emprendimiento-universitario\/"}],"_links":{"self":[{"href":"https:\/\/www.eldigitaldeasturias.com\/noticias\/wp-json\/wp\/v2\/posts\/970164","targetHints":{"allow":["GET"]}}],"collection":[{"href":"https:\/\/www.eldigitaldeasturias.com\/noticias\/wp-json\/wp\/v2\/posts"}],"about":[{"href":"https:\/\/www.eldigitaldeasturias.com\/noticias\/wp-json\/wp\/v2\/types\/post"}],"author":[{"embeddable":true,"href":"https:\/\/www.eldigitaldeasturias.com\/noticias\/wp-json\/wp\/v2\/users\/1"}],"replies":[{"embeddable":true,"href":"https:\/\/www.eldigitaldeasturias.com\/noticias\/wp-json\/wp\/v2\/comments?post=970164"}],"version-history":[{"count":0,"href":"https:\/\/www.eldigitaldeasturias.com\/noticias\/wp-json\/wp\/v2\/posts\/970164\/revisions"}],"wp:attachment":[{"href":"https:\/\/www.eldigitaldeasturias.com\/noticias\/wp-json\/wp\/v2\/media?parent=970164"}],"wp:term":[{"taxonomy":"category","embeddable":true,"href":"https:\/\/www.eldigitaldeasturias.com\/noticias\/wp-json\/wp\/v2\/categories?post=970164"},{"taxonomy":"post_tag","embeddable":true,"href":"https:\/\/www.eldigitaldeasturias.com\/noticias\/wp-json\/wp\/v2\/tags?post=970164"}],"curies":[{"name":"wp","href":"https:\/\/api.w.org\/{rel}","templated":true}]}}