{"id":970156,"date":"2018-02-24T16:29:20","date_gmt":"2018-02-24T16:29:20","guid":{"rendered":"http:\/\/www.eldigitaldeasturias.com\/noticias\/?p=970156"},"modified":"2018-02-24T16:29:20","modified_gmt":"2018-02-24T16:29:20","slug":"entrega-de-los-galardonados-del-28f-en-malaga","status":"publish","type":"post","link":"https:\/\/www.eldigitaldeasturias.com\/noticias\/entrega-de-los-galardonados-del-28f-en-malaga\/","title":{"rendered":"Entrega de los galardonados del 28F en M\u00e1laga"},"content":{"rendered":"<p><img loading=\"lazy\" decoding=\"async\" class=\"alignleft size-medium wp-image-970157\" src=\"https:\/\/www.eldigitaldeasturias.com\/noticias\/wp-content\/uploads\/2018\/02\/1519389237836carneroEstandardn-360x212.jpg\" alt=\"\" width=\"360\" height=\"212\" \/>El consejero de Empleo, Javier Carnero, ha presidido, junto al delegado del Gobierno, Jos\u00e9 Luis Ruiz Espejo, el acto de entrega de los Premios del D\u00eda de Andaluc\u00eda en M\u00e1laga, que han recibido, seg\u00fan ha destacado, perfiles profesionales y personales que \u00abnos hablan de creatividad, de compromiso, de respeto, de esfuerzo, de excelencia y de convivencia\u00bb, y ha asegurado que son un reflejo de una \u00abAndaluc\u00eda solidaria y reivindicativa con la misma solvencia y contundencia que defendieron nuestros padres y abuelos a lo largo de estos a\u00f1os de autonom\u00eda y democracia\u00bb.<\/p>\n<p>Javier Carnero ha felicitado a todas las personas e instituciones galardonadas con la bandera de Andaluc\u00eda, que en M\u00e1laga son: Manolo Sarria, el \u00c1rea Integrada de Gesti\u00f3n de Dermatol\u00f3gica del Hospital Costa del Sol; la Asociaci\u00f3n Inclusi\u00f3n, Ciudadan\u00eda, Diversidad y Educaci\u00f3n, Incide; la Uni\u00f3n de Cooperativas Paseras de la Axarqu\u00eda, Ucopaxa; la Asociaci\u00f3n para la Lucha contra las Enfermedades Renales, Alcer M\u00e1laga; la Asociaci\u00f3n de Voluntarios de Oncolog\u00eda Infantil, Avoi; la actriz Adelfa Calvo; el sex\u00f3logo Francisco Cabello; la Escuela Superior de Arte Dram\u00e1tico, la delegaci\u00f3n en M\u00e1laga de la Federaci\u00f3n Andaluza de Baloncesto; la red de Voluntariado Sierra de las Nieves, y la empresa Freepik.<\/p>\n<p>\u00abNadie, a esta altura del Siglo XXI pone en duda el proceso de transformaci\u00f3n que ha protagonizado nuestra tierra gracias al esfuerzo de sus gentes\u00bb, ha a\u00f1adido el consejero en referencia a los galardonados, y ha considerado que Andaluc\u00eda se ha convertido hoy \u00aben un foco de atracci\u00f3n de inversiones: es la que m\u00e1s crece, la que m\u00e1s empleo genera, y que no deja de batir sus propios r\u00e9cords en exportaciones y en visitas de turistas\u00bb. Javier Carnero se ha referido igualmente al papel \u00abimprescindible\u00bb de Andaluc\u00eda en el debate territorial y ha garantizado que \u00ablevantaremos la voz donde sea necesario para defender los intereses de esta tierra y tener un papel decisorio en la nueva configuraci\u00f3n territorial del Estado\u00bb.<\/p>\n<p>Banderas de Andaluc\u00eda M\u00e1laga 2018<\/p>\n<p><strong>Manolo Sarria<\/strong><\/p>\n<p>Humorista, actor, presentador, colaborador de espacios televisivos, en definitiva, un artista polifac\u00e9tico que forma parte de la historia grande del humor de nuestro pa\u00eds en la que el nombre del malague\u00f1o Manolo Sarria ocupa ya un extenso cap\u00edtulo con sus 40 a\u00f1os de trayectoria profesional. Su categor\u00eda art\u00edstica se une a la humana, en la colaboraci\u00f3n que presta a eventos ben\u00e9ficos, deportivos o culturales, y al profundo malague\u00f1ismo que ejerce en su vida y en sus trabajos.<\/p>\n<p><strong>\u00c1rea Integrada de Gesti\u00f3n de Dermatol\u00f3gica del Hospital Costa del Sol<\/strong><\/p>\n<p>En el a\u00f1o 2002, el Hospital Costa del Sol pone en marcha el servicio de Dermatolog\u00eda con la misi\u00f3n de prestar una asistencia integral y de calidad a los problemas de salud relativos a la especialidad de Dermatolog\u00eda M\u00e9dico-Quir\u00fargica y Venereolog\u00eda. Uno de sus proyectos m\u00e1s importantes es la puesta en marcha hace 10 a\u00f1os, con la colaboraci\u00f3n del Distrito Sanitario Costa del Sol, de la Campa\u00f1a, pionera a nivel nacional, de Fotoprotecci\u00f3n y Prevenci\u00f3n del C\u00e1ncer de Piel en la Costa del Sol &#8216;Disfruta del sol sin dejarte la piel&#8217;, gracias a la cual, junto a las actividades de prevenci\u00f3n que han permitido detectar centenares de lesiones de riesgo, se han formado 1.200 profesionales sanitarios en diagn\u00f3stico cl\u00ednicos y consejos sanitarios en prevenci\u00f3n del c\u00e1ncer de piel.<\/p>\n<p><strong>Asociaci\u00f3n Inclusi\u00f3n, Ciudadan\u00eda, Diversidad y Educaci\u00f3n, Incide<\/strong><\/p>\n<p>La Asociaci\u00f3n Inclusi\u00f3n, Ciudadan\u00eda, Diversidad y Educaci\u00f3n (INCIDE) viene trabajando desde1999 bajo los principios que le dan nombre para favorecer la integraci\u00f3n social y laboral de las personas y colectivos que, por su vulnerabilidad, son m\u00e1s susceptibles de caer en la exclusi\u00f3n social.<\/p>\n<p>Esta entidad ha dado atenci\u00f3n a miles de personas en M\u00e1laga a trav\u00e9s de estrategias de acci\u00f3n social en los \u00e1mbitos de inclusi\u00f3n, inserci\u00f3n sociolaboral, educaci\u00f3n e igualdad, acometidas con el compromiso y altruismo de una gran red de voluntariado que les ha facilitado orientaci\u00f3n, acompa\u00f1amiento y apoyo, ayud\u00e1ndolas a encauzar su futuro con mejores posibilidades y recursos, y favoreciendo la cohesi\u00f3n social as\u00ed como el progreso colectivo de nuestra Comunidad.<\/p>\n<p><strong>Uni\u00f3n de Cooperativas Paseras de La Axarqu\u00eda, Ucopaxa<\/strong><\/p>\n<p>Principal valedora de calidad, exclusividad y tradici\u00f3n cultural de uno de los productos emblem\u00e1ticos de la provincia, la Uni\u00f3n de Cooperativas Paseras de La Axarqu\u00eda, (Ucopaxa), con m\u00e1s de 700 agricultores asociados, se dedica a la clasificaci\u00f3n, envasado y comercializaci\u00f3n de las pasas de esta comarca, bajo la marca El Pasero, y ha apostado tambi\u00e9n por incorporar el valor a\u00f1adido de la elaboraci\u00f3n de sus propios vinos moscatel, e incluso verm\u00fa, distinguidos por la personalidad que caracteriza la uva moscatel ax\u00e1rquica.<\/p>\n<p>Ucopaxa representa a un sector que sustenta una de las mejores pasas del mundo, cultivada a la manera ancestral que garantiza el mantenimiento de los valores ambientales y la biodiversidad, y le ha valido el reconocimiento de la FAO como Sistema Ingenioso del Patrimonio Agr\u00edcola Mundial.<\/p>\n<p><strong>Asociaci\u00f3n para la Lucha contra la Enfermedades Renales, Alcer M\u00e1laga<\/strong><\/p>\n<p>La Asociaci\u00f3n para la Lucha contra la Enfermedades Renales ALCER M\u00e1laga se constituy\u00f3 en el a\u00f1o 1977 con el objetivo principal de luchar por la supervivencia a trav\u00e9s de la mejora de la gesti\u00f3n de tratamientos renales sustitutivos, promocionando una di\u00e1lisis eficaz y una buena organizaci\u00f3n de los trasplantes.<\/p>\n<p>La aportaci\u00f3n de ALCER, unida a los profesionales del sistema de salud p\u00fablica, ha propiciado que la sanidad malague\u00f1a sea referente en todo lo que es la atenci\u00f3n a enfermos renales especialmente en materia de trasplantes. Cabe destacar el compromiso de este colectivo y su esfuerzo durante estos 41 a\u00f1os de dedicaci\u00f3n a la defensa de la salud y la calidad de vida de los malague\u00f1os y malague\u00f1as.<\/p>\n<p><strong>Asociaci\u00f3n de Voluntarios de Oncolog\u00eda Infantil, Avoi<\/strong><\/p>\n<p>Desde el a\u00f1o 1993 la Asociaci\u00f3n de Voluntarios de Oncolog\u00eda Infantil (AVOI) se dedica a ayudar a ni\u00f1os y ni\u00f1as en el Materno Infantil haciendo con sus programas, que su estancia sea lo m\u00e1s agradable posible, gracias a la colaboraci\u00f3n de 170 voluntarios durante los 365 d\u00edas del a\u00f1o. Para ello, realizan una serie de actividades diarias dentro del hospital, como juegos, talleres de manualidades, inform\u00e1tica, cuentacuentos, magia, y espor\u00e1dicas fuera de \u00e9l, como excursiones con los ni\u00f1os y ni\u00f1as que han estado ingresados a parques tem\u00e1ticos, visitas culturales, o rutas de senderismo, donde se divierten y se forman grandes amistades.<\/p>\n<p><strong>Freepik<\/strong><\/p>\n<p>Freepik, la compa\u00f1\u00eda malague\u00f1a fundada por Pablo y Alejandro Blanes y Joaqu\u00edn Cuenca ha logrado consolidarse como una de las startup con mayor proyecci\u00f3n no solo en Espa\u00f1a sino a nivel mundial. Naci\u00f3 como un buscador de im\u00e1genes libres y pocos a\u00f1os despu\u00e9s ha alcanzado el \u00e9xito empresarial como plataforma de recursos gr\u00e1ficos para dise\u00f1adores como fotograf\u00edas, iconos o plantillas. El prestigioso diario Financial Times la considera como la compa\u00f1\u00eda n\u00famero 23 de las 1.000 empresas europeas que m\u00e1s r\u00e1pido crecen. M\u00e1s de 1.300 millones de descargas de sus contenidos y 13,5 millones de usuarios en Freepik y la empresa sigue creciendo con filiales como los portales Flaticon, de iconos, y Tutead de tutoriales para dise\u00f1adores.<\/p>\n<p><strong>Delegaci\u00f3n en M\u00e1laga de la Federaci\u00f3n Andaluza de Baloncesto<\/strong><\/p>\n<p>La delegaci\u00f3n en M\u00e1laga de la Federaci\u00f3n Andaluza de Baloncesto aglutina a m\u00e1s de 50 clubes de la provincia y es ejemplo de la defensa y apoyo del deporte base desde una ciudad como M\u00e1laga, con una larga trayectoria de vinculaci\u00f3n a este deporte que ha vivido grandes \u00e9xitos deportivos y el desarrollo de grandes jugadores y entrenadores en la historia de este deporte en Espa\u00f1a. Su principal premisa es la defensa de los valores del deporte como medio para el desarrollo personal de ni\u00f1os y ni\u00f1as y como actividad que potencia valores como la amistad el intercambio cultural y el conocimiento y las relaciones entre las personas. La federaci\u00f3n defiende el baloncesto como actividad que contribuye a la integraci\u00f3n social, la salud y el bienestar.<\/p>\n<p><strong>Red de Voluntarios Sierra de las Nieves<\/strong><\/p>\n<p>La generosidad de las personas a trav\u00e9s del voluntariado desemboca en causas nobles que redundan en el beneficio de todos. Un ejemplo es la Red de Voluntarios de la Sierra de las Nieves que apuesta desde hace a\u00f1os por numerosas actividades de conservaci\u00f3n con el objetivo de ayudar al mantenimiento de este espacio protegido y las especies que alberga y que este a\u00f1o se convertir\u00e1 en el primer parque nacional de la provincia de M\u00e1laga.<\/p>\n<p><strong>Adelfa Calvo<\/strong><\/p>\n<p>Adelfa Calvo (M\u00e1laga, 1962) acaba de alcanzar uno de los grandes logros que cualquier actriz o actor ans\u00eda, el reconocimiento de lograr un Premio Goya, en esta ocasi\u00f3n a la mejor actriz de reparto por su papel en &#8216;El autor&#8217;. El \u00e9xito y el reconocimiento p\u00fablico le ha llegado casi dos d\u00e9cadas despu\u00e9s de comenzar realizando papeles en series relevantes como &#8216;Cuentame c\u00f3mo pas\u00f3&#8217;, &#8216;La d\u00e1rsena de poniente&#8217; o &#8216;Hospital Central&#8217; entre 2004 y 2008. Ya en 2010 Adelfa da el salto a la gran pantalla con un papel junto a Javier Bardem en &#8216;Biutiful&#8217;, de Alejandro Gonz\u00e1lez I\u00f1\u00e1rritu, una incursi\u00f3n en el cine que ha continuado a las \u00f3rdenes de directores como Montxo Armend\u00e1riz, Benito Zambrano o Alberto Rodr\u00edguez.<\/p>\n<p><strong>Francisco Cabello<\/strong><\/p>\n<p>El malague\u00f1o Francisco Cabello, sex\u00f3logo, es el primer espa\u00f1ol que preside la Academia Internacional de Sexolog\u00eda M\u00e9dica. Es autor de m\u00e1s de un centenar de ponencias en congresos, casi un centenar de publicaciones en diversas revistas nacionales e internacionales, y m\u00e1s de una decena de libros sobre sexolog\u00eda. Cabello dirige adem\u00e1s el Instituto Andaluz de Sexolog\u00eda y Psicolog\u00eda y es miembro destacado de numerosas organizaciones nacionales e internacionales relacionadas con la Sexolog\u00eda.<\/p>\n<p><strong>Escuela Superior de Arte Dram\u00e1tico<\/strong><\/p>\n<p>La Escuela Superior de Arte Dram\u00e1tico de M\u00e1laga tiene sus or\u00edgenes en 1947 como secci\u00f3n del Conservatorio Superior de M\u00fasica de la ciudad, para continuar la tradici\u00f3n de la Academia de Declamaci\u00f3n que en el \u00faltimo tercio del siglo XIX fundaron en M\u00e1laga Narciso D\u00edaz de Escobar y Jos\u00e9 Ruiz Borrego. Desde 2009 se encuentra en unas nuevas instalaciones en Teatinos manteniendo las especialidades de interpretaci\u00f3n musical y textual, y direcci\u00f3n de escena y dramaturgia. Por sus aulas han pasado, entre otros, Antonio Banderas, Mar\u00eda Barranco, Pasi\u00f3n Vega o Bel\u00e9n Cuesta.<\/p>\n","protected":false},"excerpt":{"rendered":"<p>El consejero de Empleo, Javier Carnero, ha presidido, junto al delegado del Gobierno, Jos\u00e9 Luis Ruiz Espejo, el acto de entrega de los Premios del D\u00eda de Andaluc\u00eda en M\u00e1laga, que han recibido, seg\u00fan ha destacado, perfiles profesionales y personales que \u00abnos hablan de creatividad, de compromiso, de respeto, de esfuerzo, de excelencia y de [&hellip;]<\/p>\n","protected":false},"author":1,"featured_media":970157,"comment_status":"closed","ping_status":"closed","sticky":false,"template":"","format":"standard","meta":{"footnotes":""},"categories":[1],"tags":[],"class_list":["post-970156","post","type-post","status-publish","format-standard","has-post-thumbnail","hentry","category-actualidad"],"aioseo_notices":[],"aioseo_head":"\n\t\t<!-- All in One SEO Pro 5.0.1 - aioseo.com -->\n\t<meta name=\"description\" content=\"El consejero de Empleo, Javier Carnero, ha presidido, junto al delegado del Gobierno, Jos\u00e9 Luis Ruiz Espejo, el acto de entrega de los Premios del D\u00eda de Andaluc\u00eda en M\u00e1laga, que han recibido, seg\u00fan ha destacado, perfiles profesionales y personales que &quot;nos hablan de creatividad, de compromiso, de respeto, de esfuerzo, de excelencia y de\" \/>\n\t<meta name=\"robots\" content=\"max-image-preview:large\" \/>\n\t<meta name=\"author\" content=\"El Digital de Asturias\"\/>\n\t<meta name=\"google-site-verification\" content=\"UA-38556648-1\" \/>\n\t<meta name=\"msvalidate.01\" content=\"7dfe9f3f1b24437ab69f4f2559babe99\" \/>\n\t<meta name=\"keywords\" content=\"actualidad\" \/>\n\t<link rel=\"canonical\" href=\"https:\/\/www.eldigitaldeasturias.com\/noticias\/entrega-de-los-galardonados-del-28f-en-malaga\/\" \/>\n\t<meta name=\"generator\" content=\"All in One SEO Pro (AIOSEO) 5.0.1\" \/>\n\t\t<meta property=\"og:locale\" content=\"es_ES\" \/>\n\t\t<meta property=\"og:site_name\" content=\"El Digital de Asturias\" \/>\n\t\t<meta property=\"og:type\" content=\"article\" \/>\n\t\t<meta property=\"og:title\" content=\"Entrega de los galardonados del 28F en M\u00e1laga - El Digital de Asturias\" \/>\n\t\t<meta property=\"og:description\" content=\"El consejero de Empleo, Javier Carnero, ha presidido, junto al delegado del Gobierno, Jos\u00e9 Luis Ruiz Espejo, el acto de entrega de los Premios del D\u00eda de Andaluc\u00eda en M\u00e1laga, que han recibido, seg\u00fan ha destacado, perfiles profesionales y personales que &quot;nos hablan de creatividad, de compromiso, de respeto, de esfuerzo, de excelencia y de\" \/>\n\t\t<meta property=\"og:url\" content=\"https:\/\/www.eldigitaldeasturias.com\/noticias\/entrega-de-los-galardonados-del-28f-en-malaga\/\" \/>\n\t\t<meta property=\"article:tag\" content=\"actualidad\" \/>\n\t\t<meta property=\"article:published_time\" content=\"2018-02-24T16:29:20+00:00\" \/>\n\t\t<meta property=\"article:modified_time\" content=\"2018-02-24T16:29:20+00:00\" \/>\n\t\t<meta property=\"article:publisher\" content=\"https:\/\/facebook.com\/eldigitaldeasturias\" \/>\n\t\t<meta name=\"twitter:card\" content=\"summary_large_image\" \/>\n\t\t<meta name=\"twitter:title\" content=\"Entrega de los galardonados del 28F en M\u00e1laga - El Digital de Asturias\" \/>\n\t\t<meta name=\"twitter:description\" content=\"El consejero de Empleo, Javier Carnero, ha presidido, junto al delegado del Gobierno, Jos\u00e9 Luis Ruiz Espejo, el acto de entrega de los Premios del D\u00eda de Andaluc\u00eda en M\u00e1laga, que han recibido, seg\u00fan ha destacado, perfiles profesionales y personales que &quot;nos hablan de creatividad, de compromiso, de respeto, de esfuerzo, de excelencia y de\" \/>\n\t\t<meta name=\"twitter:image\" content=\"https:\/\/www.eldigitaldeasturias.com\/noticias\/wp-content\/uploads\/2020\/12\/EDA-1.jpg\" \/>\n\t\t<meta name=\"twitter:label1\" content=\"Escrito por\" \/>\n\t\t<meta name=\"twitter:data1\" content=\"El Digital de Asturias\" \/>\n\t\t<meta name=\"twitter:label2\" content=\"Tiempo de lectura estimado\" \/>\n\t\t<meta name=\"twitter:data2\" content=\"9 minutos\" \/>\n\t\t<script type=\"application\/ld+json\" class=\"aioseo-schema\">\n\t\t\t{\"@context\":\"https:\\\/\\\/schema.org\",\"@graph\":[{\"@type\":\"BlogPosting\",\"@id\":\"https:\\\/\\\/www.eldigitaldeasturias.com\\\/noticias\\\/entrega-de-los-galardonados-del-28f-en-malaga\\\/#blogposting\",\"name\":\"Entrega de los galardonados del 28F en M\\u00e1laga - El Digital de Asturias\",\"headline\":\"Entrega de los galardonados del 28F en M\\u00e1laga\",\"author\":{\"@id\":\"https:\\\/\\\/www.eldigitaldeasturias.com\\\/noticias\\\/author\\\/admin\\\/#author\"},\"publisher\":{\"@id\":\"https:\\\/\\\/www.eldigitaldeasturias.com\\\/noticias\\\/#organization\"},\"image\":{\"@type\":\"ImageObject\",\"url\":970157},\"datePublished\":\"2018-02-24T16:29:20+01:00\",\"dateModified\":\"2018-02-24T16:29:20+01:00\",\"inLanguage\":\"es-ES\",\"mainEntityOfPage\":{\"@id\":\"https:\\\/\\\/www.eldigitaldeasturias.com\\\/noticias\\\/entrega-de-los-galardonados-del-28f-en-malaga\\\/#webpage\"},\"isPartOf\":{\"@id\":\"https:\\\/\\\/www.eldigitaldeasturias.com\\\/noticias\\\/entrega-de-los-galardonados-del-28f-en-malaga\\\/#webpage\"},\"articleSection\":\"Actualidad\"},{\"@type\":\"BreadcrumbList\",\"@id\":\"https:\\\/\\\/www.eldigitaldeasturias.com\\\/noticias\\\/entrega-de-los-galardonados-del-28f-en-malaga\\\/#breadcrumblist\",\"itemListElement\":[{\"@type\":\"ListItem\",\"@id\":\"https:\\\/\\\/www.eldigitaldeasturias.com\\\/noticias#listItem\",\"position\":1,\"name\":\"Home\",\"item\":\"https:\\\/\\\/www.eldigitaldeasturias.com\\\/noticias\",\"nextItem\":{\"@type\":\"ListItem\",\"@id\":\"https:\\\/\\\/www.eldigitaldeasturias.com\\\/noticias\\\/category\\\/actualidad\\\/#listItem\",\"name\":\"Actualidad\"}},{\"@type\":\"ListItem\",\"@id\":\"https:\\\/\\\/www.eldigitaldeasturias.com\\\/noticias\\\/category\\\/actualidad\\\/#listItem\",\"position\":2,\"name\":\"Actualidad\",\"item\":\"https:\\\/\\\/www.eldigitaldeasturias.com\\\/noticias\\\/category\\\/actualidad\\\/\",\"nextItem\":{\"@type\":\"ListItem\",\"@id\":\"https:\\\/\\\/www.eldigitaldeasturias.com\\\/noticias\\\/entrega-de-los-galardonados-del-28f-en-malaga\\\/#listItem\",\"name\":\"Entrega de los galardonados del 28F en M\\u00e1laga\"},\"previousItem\":{\"@type\":\"ListItem\",\"@id\":\"https:\\\/\\\/www.eldigitaldeasturias.com\\\/noticias#listItem\",\"name\":\"Home\"}},{\"@type\":\"ListItem\",\"@id\":\"https:\\\/\\\/www.eldigitaldeasturias.com\\\/noticias\\\/entrega-de-los-galardonados-del-28f-en-malaga\\\/#listItem\",\"position\":3,\"name\":\"Entrega de los galardonados del 28F en M\\u00e1laga\",\"previousItem\":{\"@type\":\"ListItem\",\"@id\":\"https:\\\/\\\/www.eldigitaldeasturias.com\\\/noticias\\\/category\\\/actualidad\\\/#listItem\",\"name\":\"Actualidad\"}}]},{\"@type\":\"Organization\",\"@id\":\"https:\\\/\\\/www.eldigitaldeasturias.com\\\/noticias\\\/#organization\",\"name\":\"El Digital de Asturias\",\"description\":\"Hemeroteca\",\"url\":\"https:\\\/\\\/www.eldigitaldeasturias.com\\\/noticias\\\/\",\"email\":\"info@eldigitaldeasturias.com\",\"telephone\":\"+34652131393\",\"logo\":{\"@type\":\"ImageObject\",\"url\":\"https:\\\/\\\/www.eldigitaldeasturias.com\\\/noticias\\\/wp-content\\\/uploads\\\/2020\\\/12\\\/EDA.jpg\",\"@id\":\"https:\\\/\\\/www.eldigitaldeasturias.com\\\/noticias\\\/entrega-de-los-galardonados-del-28f-en-malaga\\\/#organizationLogo\"},\"image\":{\"@id\":\"https:\\\/\\\/www.eldigitaldeasturias.com\\\/noticias\\\/entrega-de-los-galardonados-del-28f-en-malaga\\\/#organizationLogo\"},\"sameAs\":[\"https:\\\/\\\/facebook.com\\\/eldigitaldeasturias\",\"https:\\\/\\\/www.youtube.com\\\/channel\\\/UCZP-2wLEB9Rv6erhFmqVnvg\"],\"address\":{\"@id\":\"https:\\\/\\\/www.eldigitaldeasturias.com\\\/noticias\\\/#postaladdress\",\"@type\":\"PostalAddress\",\"streetAddress\":\"san antonio 4\",\"postalCode\":\"33430\",\"addressLocality\":\"Cand\\u00e1s\",\"addressRegion\":\"Asturias\",\"addressCountry\":\"ES\"}},{\"@type\":\"Person\",\"@id\":\"https:\\\/\\\/www.eldigitaldeasturias.com\\\/noticias\\\/author\\\/admin\\\/#author\",\"url\":\"https:\\\/\\\/www.eldigitaldeasturias.com\\\/noticias\\\/author\\\/admin\\\/\",\"name\":\"El Digital de Asturias\",\"image\":{\"@type\":\"ImageObject\",\"@id\":\"https:\\\/\\\/www.eldigitaldeasturias.com\\\/noticias\\\/entrega-de-los-galardonados-del-28f-en-malaga\\\/#authorImage\",\"url\":\"https:\\\/\\\/secure.gravatar.com\\\/avatar\\\/df2aeffc32bcd13f8d26072ef8a91b623d677766deac7f97ca815868cd41bf5e?s=96&d=mm&r=g\",\"width\":96,\"height\":96,\"caption\":\"El Digital de Asturias\"}},{\"@type\":\"WebPage\",\"@id\":\"https:\\\/\\\/www.eldigitaldeasturias.com\\\/noticias\\\/entrega-de-los-galardonados-del-28f-en-malaga\\\/#webpage\",\"url\":\"https:\\\/\\\/www.eldigitaldeasturias.com\\\/noticias\\\/entrega-de-los-galardonados-del-28f-en-malaga\\\/\",\"name\":\"Entrega de los galardonados del 28F en M\\u00e1laga - El Digital de Asturias\",\"description\":\"El consejero de Empleo, Javier Carnero, ha presidido, junto al delegado del Gobierno, Jos\\u00e9 Luis Ruiz Espejo, el acto de entrega de los Premios del D\\u00eda de Andaluc\\u00eda en M\\u00e1laga, que han recibido, seg\\u00fan ha destacado, perfiles profesionales y personales que \\\"nos hablan de creatividad, de compromiso, de respeto, de esfuerzo, de excelencia y de\",\"inLanguage\":\"es-ES\",\"isPartOf\":{\"@id\":\"https:\\\/\\\/www.eldigitaldeasturias.com\\\/noticias\\\/#website\"},\"breadcrumb\":{\"@id\":\"https:\\\/\\\/www.eldigitaldeasturias.com\\\/noticias\\\/entrega-de-los-galardonados-del-28f-en-malaga\\\/#breadcrumblist\"},\"author\":{\"@id\":\"https:\\\/\\\/www.eldigitaldeasturias.com\\\/noticias\\\/author\\\/admin\\\/#author\"},\"creator\":{\"@id\":\"https:\\\/\\\/www.eldigitaldeasturias.com\\\/noticias\\\/author\\\/admin\\\/#author\"},\"image\":{\"@type\":\"ImageObject\",\"url\":970157,\"@id\":\"https:\\\/\\\/www.eldigitaldeasturias.com\\\/noticias\\\/entrega-de-los-galardonados-del-28f-en-malaga\\\/#mainImage\"},\"primaryImageOfPage\":{\"@id\":\"https:\\\/\\\/www.eldigitaldeasturias.com\\\/noticias\\\/entrega-de-los-galardonados-del-28f-en-malaga\\\/#mainImage\"},\"datePublished\":\"2018-02-24T16:29:20+01:00\",\"dateModified\":\"2018-02-24T16:29:20+01:00\"},{\"@type\":\"WebSite\",\"@id\":\"https:\\\/\\\/www.eldigitaldeasturias.com\\\/noticias\\\/#website\",\"url\":\"https:\\\/\\\/www.eldigitaldeasturias.com\\\/noticias\\\/\",\"name\":\"El Digital de Asturias - Diario de actualidad y noticias\",\"alternateName\":\"El Digital de Asturias - Diario de actualidad y noticias\",\"description\":\"Hemeroteca\",\"inLanguage\":\"es-ES\",\"publisher\":{\"@id\":\"https:\\\/\\\/www.eldigitaldeasturias.com\\\/noticias\\\/#organization\"}}]}\n\t\t<\/script>\n\t\t<!-- All in One SEO Pro -->\r\n\t\t<title>Entrega de los galardonados del 28F en M\u00e1laga - El Digital de Asturias<\/title>\n\n","aioseo_head_json":{"title":"Entrega de los galardonados del 28F en M\u00e1laga - El Digital de Asturias","description":"El consejero de Empleo, Javier Carnero, ha presidido, junto al delegado del Gobierno, Jos\u00e9 Luis Ruiz Espejo, el acto de entrega de los Premios del D\u00eda de Andaluc\u00eda en M\u00e1laga, que han recibido, seg\u00fan ha destacado, perfiles profesionales y personales que \"nos hablan de creatividad, de compromiso, de respeto, de esfuerzo, de excelencia y de","canonical_url":"https:\/\/www.eldigitaldeasturias.com\/noticias\/entrega-de-los-galardonados-del-28f-en-malaga\/","robots":"max-image-preview:large","keywords":"actualidad","webmasterTools":{"google-site-verification":"UA-38556648-1","msvalidate.01":"7dfe9f3f1b24437ab69f4f2559babe99","miscellaneous":""},"schema":{"@context":"https:\/\/schema.org","@graph":[{"@type":"BlogPosting","@id":"https:\/\/www.eldigitaldeasturias.com\/noticias\/entrega-de-los-galardonados-del-28f-en-malaga\/#blogposting","name":"Entrega de los galardonados del 28F en M\u00e1laga - El Digital de Asturias","headline":"Entrega de los galardonados del 28F en M\u00e1laga","author":{"@id":"https:\/\/www.eldigitaldeasturias.com\/noticias\/author\/admin\/#author"},"publisher":{"@id":"https:\/\/www.eldigitaldeasturias.com\/noticias\/#organization"},"image":{"@type":"ImageObject","url":970157},"datePublished":"2018-02-24T16:29:20+01:00","dateModified":"2018-02-24T16:29:20+01:00","inLanguage":"es-ES","mainEntityOfPage":{"@id":"https:\/\/www.eldigitaldeasturias.com\/noticias\/entrega-de-los-galardonados-del-28f-en-malaga\/#webpage"},"isPartOf":{"@id":"https:\/\/www.eldigitaldeasturias.com\/noticias\/entrega-de-los-galardonados-del-28f-en-malaga\/#webpage"},"articleSection":"Actualidad"},{"@type":"BreadcrumbList","@id":"https:\/\/www.eldigitaldeasturias.com\/noticias\/entrega-de-los-galardonados-del-28f-en-malaga\/#breadcrumblist","itemListElement":[{"@type":"ListItem","@id":"https:\/\/www.eldigitaldeasturias.com\/noticias#listItem","position":1,"name":"Home","item":"https:\/\/www.eldigitaldeasturias.com\/noticias","nextItem":{"@type":"ListItem","@id":"https:\/\/www.eldigitaldeasturias.com\/noticias\/category\/actualidad\/#listItem","name":"Actualidad"}},{"@type":"ListItem","@id":"https:\/\/www.eldigitaldeasturias.com\/noticias\/category\/actualidad\/#listItem","position":2,"name":"Actualidad","item":"https:\/\/www.eldigitaldeasturias.com\/noticias\/category\/actualidad\/","nextItem":{"@type":"ListItem","@id":"https:\/\/www.eldigitaldeasturias.com\/noticias\/entrega-de-los-galardonados-del-28f-en-malaga\/#listItem","name":"Entrega de los galardonados del 28F en M\u00e1laga"},"previousItem":{"@type":"ListItem","@id":"https:\/\/www.eldigitaldeasturias.com\/noticias#listItem","name":"Home"}},{"@type":"ListItem","@id":"https:\/\/www.eldigitaldeasturias.com\/noticias\/entrega-de-los-galardonados-del-28f-en-malaga\/#listItem","position":3,"name":"Entrega de los galardonados del 28F en M\u00e1laga","previousItem":{"@type":"ListItem","@id":"https:\/\/www.eldigitaldeasturias.com\/noticias\/category\/actualidad\/#listItem","name":"Actualidad"}}]},{"@type":"Organization","@id":"https:\/\/www.eldigitaldeasturias.com\/noticias\/#organization","name":"El Digital de Asturias","description":"Hemeroteca","url":"https:\/\/www.eldigitaldeasturias.com\/noticias\/","email":"info@eldigitaldeasturias.com","telephone":"+34652131393","logo":{"@type":"ImageObject","url":"https:\/\/www.eldigitaldeasturias.com\/noticias\/wp-content\/uploads\/2020\/12\/EDA.jpg","@id":"https:\/\/www.eldigitaldeasturias.com\/noticias\/entrega-de-los-galardonados-del-28f-en-malaga\/#organizationLogo"},"image":{"@id":"https:\/\/www.eldigitaldeasturias.com\/noticias\/entrega-de-los-galardonados-del-28f-en-malaga\/#organizationLogo"},"sameAs":["https:\/\/facebook.com\/eldigitaldeasturias","https:\/\/www.youtube.com\/channel\/UCZP-2wLEB9Rv6erhFmqVnvg"],"address":{"@id":"https:\/\/www.eldigitaldeasturias.com\/noticias\/#postaladdress","@type":"PostalAddress","streetAddress":"san antonio 4","postalCode":"33430","addressLocality":"Cand\u00e1s","addressRegion":"Asturias","addressCountry":"ES"}},{"@type":"Person","@id":"https:\/\/www.eldigitaldeasturias.com\/noticias\/author\/admin\/#author","url":"https:\/\/www.eldigitaldeasturias.com\/noticias\/author\/admin\/","name":"El Digital de Asturias","image":{"@type":"ImageObject","@id":"https:\/\/www.eldigitaldeasturias.com\/noticias\/entrega-de-los-galardonados-del-28f-en-malaga\/#authorImage","url":"https:\/\/secure.gravatar.com\/avatar\/df2aeffc32bcd13f8d26072ef8a91b623d677766deac7f97ca815868cd41bf5e?s=96&d=mm&r=g","width":96,"height":96,"caption":"El Digital de Asturias"}},{"@type":"WebPage","@id":"https:\/\/www.eldigitaldeasturias.com\/noticias\/entrega-de-los-galardonados-del-28f-en-malaga\/#webpage","url":"https:\/\/www.eldigitaldeasturias.com\/noticias\/entrega-de-los-galardonados-del-28f-en-malaga\/","name":"Entrega de los galardonados del 28F en M\u00e1laga - El Digital de Asturias","description":"El consejero de Empleo, Javier Carnero, ha presidido, junto al delegado del Gobierno, Jos\u00e9 Luis Ruiz Espejo, el acto de entrega de los Premios del D\u00eda de Andaluc\u00eda en M\u00e1laga, que han recibido, seg\u00fan ha destacado, perfiles profesionales y personales que \"nos hablan de creatividad, de compromiso, de respeto, de esfuerzo, de excelencia y de","inLanguage":"es-ES","isPartOf":{"@id":"https:\/\/www.eldigitaldeasturias.com\/noticias\/#website"},"breadcrumb":{"@id":"https:\/\/www.eldigitaldeasturias.com\/noticias\/entrega-de-los-galardonados-del-28f-en-malaga\/#breadcrumblist"},"author":{"@id":"https:\/\/www.eldigitaldeasturias.com\/noticias\/author\/admin\/#author"},"creator":{"@id":"https:\/\/www.eldigitaldeasturias.com\/noticias\/author\/admin\/#author"},"image":{"@type":"ImageObject","url":970157,"@id":"https:\/\/www.eldigitaldeasturias.com\/noticias\/entrega-de-los-galardonados-del-28f-en-malaga\/#mainImage"},"primaryImageOfPage":{"@id":"https:\/\/www.eldigitaldeasturias.com\/noticias\/entrega-de-los-galardonados-del-28f-en-malaga\/#mainImage"},"datePublished":"2018-02-24T16:29:20+01:00","dateModified":"2018-02-24T16:29:20+01:00"},{"@type":"WebSite","@id":"https:\/\/www.eldigitaldeasturias.com\/noticias\/#website","url":"https:\/\/www.eldigitaldeasturias.com\/noticias\/","name":"El Digital de Asturias - Diario de actualidad y noticias","alternateName":"El Digital de Asturias - Diario de actualidad y noticias","description":"Hemeroteca","inLanguage":"es-ES","publisher":{"@id":"https:\/\/www.eldigitaldeasturias.com\/noticias\/#organization"}}]},"og:locale":"es_ES","og:site_name":"El Digital de Asturias","og:type":"article","og:title":"Entrega de los galardonados del 28F en M\u00e1laga - El Digital de Asturias","og:description":"El consejero de Empleo, Javier Carnero, ha presidido, junto al delegado del Gobierno, Jos\u00e9 Luis Ruiz Espejo, el acto de entrega de los Premios del D\u00eda de Andaluc\u00eda en M\u00e1laga, que han recibido, seg\u00fan ha destacado, perfiles profesionales y personales que &quot;nos hablan de creatividad, de compromiso, de respeto, de esfuerzo, de excelencia y de","og:url":"https:\/\/www.eldigitaldeasturias.com\/noticias\/entrega-de-los-galardonados-del-28f-en-malaga\/","article:tag":["actualidad"],"article:published_time":"2018-02-24T16:29:20+00:00","article:modified_time":"2018-02-24T16:29:20+00:00","article:publisher":"https:\/\/facebook.com\/eldigitaldeasturias","twitter:card":"summary_large_image","twitter:title":"Entrega de los galardonados del 28F en M\u00e1laga - El Digital de Asturias","twitter:description":"El consejero de Empleo, Javier Carnero, ha presidido, junto al delegado del Gobierno, Jos\u00e9 Luis Ruiz Espejo, el acto de entrega de los Premios del D\u00eda de Andaluc\u00eda en M\u00e1laga, que han recibido, seg\u00fan ha destacado, perfiles profesionales y personales que &quot;nos hablan de creatividad, de compromiso, de respeto, de esfuerzo, de excelencia y de","twitter:image":"https:\/\/www.eldigitaldeasturias.com\/noticias\/wp-content\/uploads\/2020\/12\/EDA-1.jpg","twitter:label1":"Escrito por","twitter:data1":"El Digital de Asturias","twitter:label2":"Tiempo de lectura estimado","twitter:data2":"9 minutos"},"aioseo_meta_data":{"post_id":"970156","title":null,"description":null,"keywords":null,"keyphrases":null,"primary_term":null,"canonical_url":null,"og_title":null,"og_description":null,"og_object_type":"default","og_image_type":"default","og_image_url":null,"og_image_width":null,"og_image_height":null,"og_image_custom_url":null,"og_image_custom_fields":null,"og_video":null,"og_custom_url":null,"og_article_section":null,"og_article_tags":null,"twitter_use_og":false,"twitter_card":"default","twitter_image_type":"default","twitter_image_url":null,"twitter_image_custom_url":null,"twitter_image_custom_fields":null,"twitter_title":null,"twitter_description":null,"schema":{"blockGraphs":[],"customGraphs":[],"default":{"data":{"Article":[],"Course":[],"Dataset":[],"FAQPage":[],"Movie":[],"Person":[],"Product":[],"ProductReview":[],"Car":[],"Recipe":[],"Service":[],"SoftwareApplication":[],"WebPage":[]},"graphName":"","isEnabled":true},"graphs":[],"defaultGraph":"","defaultPostTypeGraph":""},"schema_type":null,"schema_type_options":null,"pillar_content":false,"robots_default":true,"robots_noindex":false,"robots_noarchive":false,"robots_nosnippet":false,"robots_nofollow":false,"robots_noimageindex":false,"robots_noodp":false,"robots_notranslate":false,"robots_max_snippet":null,"robots_max_videopreview":null,"robots_max_imagepreview":"large","priority":null,"frequency":null,"local_seo":null,"seo_analyzer_scan_date":"2025-10-07 04:35:04","breadcrumb_settings":null,"limit_modified_date":false,"open_ai":null,"ai":null,"created":"2020-12-21 11:11:21","updated":"2025-10-07 04:35:04","focus_keyword":null,"additional_keywords":null,"truseo_locale":null},"aioseo_breadcrumb":"<div class=\"aioseo-breadcrumbs\"><span class=\"aioseo-breadcrumb\">\n\t<a href=\"https:\/\/www.eldigitaldeasturias.com\/noticias\" title=\"Home\">Home<\/a>\n<\/span><span class=\"aioseo-breadcrumb-separator\">\u2013<\/span><span class=\"aioseo-breadcrumb\">\n\t<a href=\"https:\/\/www.eldigitaldeasturias.com\/noticias\/category\/actualidad\/\" title=\"Actualidad\">Actualidad<\/a>\n<\/span><span class=\"aioseo-breadcrumb-separator\">\u2013<\/span><span class=\"aioseo-breadcrumb\">\n\t<a href=\"https:\/\/www.eldigitaldeasturias.com\/noticias\/entrega-de-los-galardonados-del-28f-en-malaga\/\" title=\"Entrega de los galardonados del 28F en M\u00e1laga\">Entrega de los galardonados del 28F en M\u00e1laga<\/a>\n<\/span><\/div>","aioseo_breadcrumb_json":[{"label":"Home","link":"https:\/\/www.eldigitaldeasturias.com\/noticias"},{"label":"Actualidad","link":"https:\/\/www.eldigitaldeasturias.com\/noticias\/category\/actualidad\/"},{"label":"Entrega de los galardonados del 28F en M\u00e1laga","link":"https:\/\/www.eldigitaldeasturias.com\/noticias\/entrega-de-los-galardonados-del-28f-en-malaga\/"}],"_links":{"self":[{"href":"https:\/\/www.eldigitaldeasturias.com\/noticias\/wp-json\/wp\/v2\/posts\/970156","targetHints":{"allow":["GET"]}}],"collection":[{"href":"https:\/\/www.eldigitaldeasturias.com\/noticias\/wp-json\/wp\/v2\/posts"}],"about":[{"href":"https:\/\/www.eldigitaldeasturias.com\/noticias\/wp-json\/wp\/v2\/types\/post"}],"author":[{"embeddable":true,"href":"https:\/\/www.eldigitaldeasturias.com\/noticias\/wp-json\/wp\/v2\/users\/1"}],"replies":[{"embeddable":true,"href":"https:\/\/www.eldigitaldeasturias.com\/noticias\/wp-json\/wp\/v2\/comments?post=970156"}],"version-history":[{"count":0,"href":"https:\/\/www.eldigitaldeasturias.com\/noticias\/wp-json\/wp\/v2\/posts\/970156\/revisions"}],"wp:attachment":[{"href":"https:\/\/www.eldigitaldeasturias.com\/noticias\/wp-json\/wp\/v2\/media?parent=970156"}],"wp:term":[{"taxonomy":"category","embeddable":true,"href":"https:\/\/www.eldigitaldeasturias.com\/noticias\/wp-json\/wp\/v2\/categories?post=970156"},{"taxonomy":"post_tag","embeddable":true,"href":"https:\/\/www.eldigitaldeasturias.com\/noticias\/wp-json\/wp\/v2\/tags?post=970156"}],"curies":[{"name":"wp","href":"https:\/\/api.w.org\/{rel}","templated":true}]}}