{"id":970154,"date":"2018-02-24T16:26:28","date_gmt":"2018-02-24T16:26:28","guid":{"rendered":"http:\/\/www.eldigitaldeasturias.com\/noticias\/?p=970154"},"modified":"2018-02-24T16:26:28","modified_gmt":"2018-02-24T16:26:28","slug":"susana-diaz-andalucia-ha-cumplido-fijando-este-ano-el-deficit-en-el-031","status":"publish","type":"post","link":"https:\/\/www.eldigitaldeasturias.com\/noticias\/susana-diaz-andalucia-ha-cumplido-fijando-este-ano-el-deficit-en-el-031\/","title":{"rendered":"Susana D\u00edaz: \u00abAndaluc\u00eda ha cumplido fijando este a\u00f1o el d\u00e9ficit en el 0,31%\u00bb"},"content":{"rendered":"<p><img loading=\"lazy\" decoding=\"async\" class=\"alignleft size-medium wp-image-952192\" src=\"https:\/\/www.eldigitaldeasturias.com\/noticias\/wp-content\/uploads\/2017\/09\/Susana-360x221.jpg\" alt=\"\" width=\"360\" height=\"221\" \/>La presidenta de la Junta, Susana D\u00edaz, ha confiado en que haya un acuerdo un\u00e1nime, de todos los grupos parlamentarios, en materia de financiaci\u00f3n auton\u00f3mica. D\u00edaz ha respondido a los periodistas en C\u00f3rdoba que \u00abqueremos que el protagonismo est\u00e9 en el Parlamento para que todos uni\u00e9semos nuestras fuerzas en la defensa de Andaluc\u00eda\u00bb.<\/p>\n<p>Susana D\u00edaz ha reiterado la necesidad de defender una financiaci\u00f3n adecuada, \u00ablo que es de justicia para Andaluc\u00eda, un dinero que es de los andaluces y que merecen los andaluces\u00bb. En este sentido, D\u00edaz ha puesto en valor la propuesta andaluza en la que han participado numerosos agentes socioecon\u00f3micos, si bien ha precisado que ahora es el turno del Gobierno, \u00abque se ponga a trabajar, que cite de manera urgente el Consejo de Pol\u00edtica Fiscal y Financiera\u00bb.<\/p>\n<p>De hecho, Susana D\u00edaz ha remarcado que si el presidente del Gobierno Mariano Rajoy ha tenido tiempo para reunirse con sus l\u00edderes, \u00abno tiene excusa para hacer lo mismo con los presidentes leg\u00edtimos de todas las comunidades aut\u00f3nomas\u00bb, y lo debe hacer, ha a\u00f1adido, \u00abde manera urgente e inmediata\u00bb.<\/p>\n<p>Sin embargo, la presidenta de la Junta ha lamentado la falta de inter\u00e9s del Ejecutivo en este asunto: \u00abQuieren saltarse el a\u00f1o 2018 para cumplir el d\u00e9ficit excesivo\u00bb, ha se\u00f1alado, porque \u00absi no ya nos hubiera convocado a los responsables de la gesti\u00f3n de los servicios p\u00fablicos de los ciudadanos\u00bb. Corresponde al Gobierno, ha continuado, poner el modelo sobre la mesa, sobre todo teniendo en cuenta que la falta de renovaci\u00f3n \u00abnos ha costado 5.500 millones en los \u00faltimos a\u00f1os\u00bb, ha asegurado D\u00edaz.<\/p>\n<p>Asimismo, se ha mostrado contraria al objetivo de d\u00e9ficit impuesto por el Gobierno, \u00abinjusto e injustificable\u00bb: \u00abInjusto porque \u00abha cargado mucho m\u00e1s a las comunidades aut\u00f3nomas que gestionamos los servicios p\u00fablicos; e injustificable porque lo hecho durante varios a\u00f1os\u00bb. Pese a todo, Andaluc\u00eda ha cumplido fijando este a\u00f1o el d\u00e9ficit en el 0,31%, \u00abmenos de la mitad\u00bb de lo establecido por el ministro de Hacienda y Administraciones P\u00fablicas, Crist\u00f3bal Montoro. Adem\u00e1s, ha detallado, de tener un nivel de endeudamiento \u00abpor debajo de la media de las comunidades\u00bb y contar con \u00abpresupuesto, estabilidad y confianza\u00bb, por lo que \u00abhemos solicitado permiso al Gobierno para financiarnos en los mercados\u00bb, fuera del FLA.<\/p>\n","protected":false},"excerpt":{"rendered":"<p>La presidenta de la Junta, Susana D\u00edaz, ha confiado en que haya un acuerdo un\u00e1nime, de todos los grupos parlamentarios, en materia de financiaci\u00f3n auton\u00f3mica. D\u00edaz ha respondido a los periodistas en C\u00f3rdoba que \u00abqueremos que el protagonismo est\u00e9 en el Parlamento para que todos uni\u00e9semos nuestras fuerzas en la defensa de Andaluc\u00eda\u00bb. Susana D\u00edaz [&hellip;]<\/p>\n","protected":false},"author":1,"featured_media":952192,"comment_status":"closed","ping_status":"closed","sticky":false,"template":"","format":"standard","meta":{"footnotes":""},"categories":[1],"tags":[],"class_list":["post-970154","post","type-post","status-publish","format-standard","has-post-thumbnail","hentry","category-actualidad"],"aioseo_notices":[],"aioseo_head":"\n\t\t<!-- All in One SEO Pro 5.0.1 - aioseo.com -->\n\t<meta name=\"description\" content=\"La presidenta de la Junta, Susana D\u00edaz, ha confiado en que haya un acuerdo un\u00e1nime, de todos los grupos parlamentarios, en materia de financiaci\u00f3n auton\u00f3mica. D\u00edaz ha respondido a los periodistas en C\u00f3rdoba que &quot;queremos que el protagonismo est\u00e9 en el Parlamento para que todos uni\u00e9semos nuestras fuerzas en la defensa de Andaluc\u00eda&quot;. Susana D\u00edaz\" \/>\n\t<meta name=\"robots\" content=\"max-image-preview:large\" \/>\n\t<meta name=\"author\" content=\"El Digital de Asturias\"\/>\n\t<meta name=\"google-site-verification\" content=\"UA-38556648-1\" \/>\n\t<meta name=\"msvalidate.01\" content=\"7dfe9f3f1b24437ab69f4f2559babe99\" \/>\n\t<meta name=\"keywords\" content=\"actualidad\" \/>\n\t<link rel=\"canonical\" href=\"https:\/\/www.eldigitaldeasturias.com\/noticias\/susana-diaz-andalucia-ha-cumplido-fijando-este-ano-el-deficit-en-el-031\/\" \/>\n\t<meta name=\"generator\" content=\"All in One SEO Pro (AIOSEO) 5.0.1\" \/>\n\t\t<meta property=\"og:locale\" content=\"es_ES\" \/>\n\t\t<meta property=\"og:site_name\" content=\"El Digital de Asturias\" \/>\n\t\t<meta property=\"og:type\" content=\"article\" \/>\n\t\t<meta property=\"og:title\" content=\"Susana D\u00edaz: \u00abAndaluc\u00eda ha cumplido fijando este a\u00f1o el d\u00e9ficit en el 0,31%\u00bb - El Digital de Asturias\" \/>\n\t\t<meta property=\"og:description\" content=\"La presidenta de la Junta, Susana D\u00edaz, ha confiado en que haya un acuerdo un\u00e1nime, de todos los grupos parlamentarios, en materia de financiaci\u00f3n auton\u00f3mica. D\u00edaz ha respondido a los periodistas en C\u00f3rdoba que &quot;queremos que el protagonismo est\u00e9 en el Parlamento para que todos uni\u00e9semos nuestras fuerzas en la defensa de Andaluc\u00eda&quot;. Susana D\u00edaz\" \/>\n\t\t<meta property=\"og:url\" content=\"https:\/\/www.eldigitaldeasturias.com\/noticias\/susana-diaz-andalucia-ha-cumplido-fijando-este-ano-el-deficit-en-el-031\/\" \/>\n\t\t<meta property=\"article:tag\" content=\"actualidad\" \/>\n\t\t<meta property=\"article:published_time\" content=\"2018-02-24T16:26:28+00:00\" \/>\n\t\t<meta property=\"article:modified_time\" content=\"2018-02-24T16:26:28+00:00\" \/>\n\t\t<meta property=\"article:publisher\" content=\"https:\/\/facebook.com\/eldigitaldeasturias\" \/>\n\t\t<meta name=\"twitter:card\" content=\"summary_large_image\" \/>\n\t\t<meta name=\"twitter:title\" content=\"Susana D\u00edaz: \u00abAndaluc\u00eda ha cumplido fijando este a\u00f1o el d\u00e9ficit en el 0,31%\u00bb - El Digital de Asturias\" \/>\n\t\t<meta name=\"twitter:description\" content=\"La presidenta de la Junta, Susana D\u00edaz, ha confiado en que haya un acuerdo un\u00e1nime, de todos los grupos parlamentarios, en materia de financiaci\u00f3n auton\u00f3mica. D\u00edaz ha respondido a los periodistas en C\u00f3rdoba que &quot;queremos que el protagonismo est\u00e9 en el Parlamento para que todos uni\u00e9semos nuestras fuerzas en la defensa de Andaluc\u00eda&quot;. Susana D\u00edaz\" \/>\n\t\t<meta name=\"twitter:image\" content=\"https:\/\/www.eldigitaldeasturias.com\/noticias\/wp-content\/uploads\/2020\/12\/EDA-1.jpg\" \/>\n\t\t<meta name=\"twitter:label1\" content=\"Escrito por\" \/>\n\t\t<meta name=\"twitter:data1\" content=\"El Digital de Asturias\" \/>\n\t\t<meta name=\"twitter:label2\" content=\"Tiempo de lectura estimado\" \/>\n\t\t<meta name=\"twitter:data2\" content=\"2 minutos\" \/>\n\t\t<script type=\"application\/ld+json\" class=\"aioseo-schema\">\n\t\t\t{\"@context\":\"https:\\\/\\\/schema.org\",\"@graph\":[{\"@type\":\"BlogPosting\",\"@id\":\"https:\\\/\\\/www.eldigitaldeasturias.com\\\/noticias\\\/susana-diaz-andalucia-ha-cumplido-fijando-este-ano-el-deficit-en-el-031\\\/#blogposting\",\"name\":\"Susana D\\u00edaz: \\u00abAndaluc\\u00eda ha cumplido fijando este a\\u00f1o el d\\u00e9ficit en el 0,31%\\u00bb - El Digital de Asturias\",\"headline\":\"Susana D\\u00edaz: \\u00abAndaluc\\u00eda ha cumplido fijando este a\\u00f1o el d\\u00e9ficit en el 0,31%\\u00bb\",\"author\":{\"@id\":\"https:\\\/\\\/www.eldigitaldeasturias.com\\\/noticias\\\/author\\\/admin\\\/#author\"},\"publisher\":{\"@id\":\"https:\\\/\\\/www.eldigitaldeasturias.com\\\/noticias\\\/#organization\"},\"image\":{\"@type\":\"ImageObject\",\"url\":952192},\"datePublished\":\"2018-02-24T16:26:28+01:00\",\"dateModified\":\"2018-02-24T16:26:28+01:00\",\"inLanguage\":\"es-ES\",\"mainEntityOfPage\":{\"@id\":\"https:\\\/\\\/www.eldigitaldeasturias.com\\\/noticias\\\/susana-diaz-andalucia-ha-cumplido-fijando-este-ano-el-deficit-en-el-031\\\/#webpage\"},\"isPartOf\":{\"@id\":\"https:\\\/\\\/www.eldigitaldeasturias.com\\\/noticias\\\/susana-diaz-andalucia-ha-cumplido-fijando-este-ano-el-deficit-en-el-031\\\/#webpage\"},\"articleSection\":\"Actualidad\"},{\"@type\":\"BreadcrumbList\",\"@id\":\"https:\\\/\\\/www.eldigitaldeasturias.com\\\/noticias\\\/susana-diaz-andalucia-ha-cumplido-fijando-este-ano-el-deficit-en-el-031\\\/#breadcrumblist\",\"itemListElement\":[{\"@type\":\"ListItem\",\"@id\":\"https:\\\/\\\/www.eldigitaldeasturias.com\\\/noticias#listItem\",\"position\":1,\"name\":\"Home\",\"item\":\"https:\\\/\\\/www.eldigitaldeasturias.com\\\/noticias\",\"nextItem\":{\"@type\":\"ListItem\",\"@id\":\"https:\\\/\\\/www.eldigitaldeasturias.com\\\/noticias\\\/category\\\/actualidad\\\/#listItem\",\"name\":\"Actualidad\"}},{\"@type\":\"ListItem\",\"@id\":\"https:\\\/\\\/www.eldigitaldeasturias.com\\\/noticias\\\/category\\\/actualidad\\\/#listItem\",\"position\":2,\"name\":\"Actualidad\",\"item\":\"https:\\\/\\\/www.eldigitaldeasturias.com\\\/noticias\\\/category\\\/actualidad\\\/\",\"nextItem\":{\"@type\":\"ListItem\",\"@id\":\"https:\\\/\\\/www.eldigitaldeasturias.com\\\/noticias\\\/susana-diaz-andalucia-ha-cumplido-fijando-este-ano-el-deficit-en-el-031\\\/#listItem\",\"name\":\"Susana D\\u00edaz: \\u00abAndaluc\\u00eda ha cumplido fijando este a\\u00f1o el d\\u00e9ficit en el 0,31%\\u00bb\"},\"previousItem\":{\"@type\":\"ListItem\",\"@id\":\"https:\\\/\\\/www.eldigitaldeasturias.com\\\/noticias#listItem\",\"name\":\"Home\"}},{\"@type\":\"ListItem\",\"@id\":\"https:\\\/\\\/www.eldigitaldeasturias.com\\\/noticias\\\/susana-diaz-andalucia-ha-cumplido-fijando-este-ano-el-deficit-en-el-031\\\/#listItem\",\"position\":3,\"name\":\"Susana D\\u00edaz: \\u00abAndaluc\\u00eda ha cumplido fijando este a\\u00f1o el d\\u00e9ficit en el 0,31%\\u00bb\",\"previousItem\":{\"@type\":\"ListItem\",\"@id\":\"https:\\\/\\\/www.eldigitaldeasturias.com\\\/noticias\\\/category\\\/actualidad\\\/#listItem\",\"name\":\"Actualidad\"}}]},{\"@type\":\"Organization\",\"@id\":\"https:\\\/\\\/www.eldigitaldeasturias.com\\\/noticias\\\/#organization\",\"name\":\"El Digital de Asturias\",\"description\":\"Hemeroteca\",\"url\":\"https:\\\/\\\/www.eldigitaldeasturias.com\\\/noticias\\\/\",\"email\":\"info@eldigitaldeasturias.com\",\"telephone\":\"+34652131393\",\"logo\":{\"@type\":\"ImageObject\",\"url\":\"https:\\\/\\\/www.eldigitaldeasturias.com\\\/noticias\\\/wp-content\\\/uploads\\\/2020\\\/12\\\/EDA.jpg\",\"@id\":\"https:\\\/\\\/www.eldigitaldeasturias.com\\\/noticias\\\/susana-diaz-andalucia-ha-cumplido-fijando-este-ano-el-deficit-en-el-031\\\/#organizationLogo\"},\"image\":{\"@id\":\"https:\\\/\\\/www.eldigitaldeasturias.com\\\/noticias\\\/susana-diaz-andalucia-ha-cumplido-fijando-este-ano-el-deficit-en-el-031\\\/#organizationLogo\"},\"sameAs\":[\"https:\\\/\\\/facebook.com\\\/eldigitaldeasturias\",\"https:\\\/\\\/www.youtube.com\\\/channel\\\/UCZP-2wLEB9Rv6erhFmqVnvg\"],\"address\":{\"@id\":\"https:\\\/\\\/www.eldigitaldeasturias.com\\\/noticias\\\/#postaladdress\",\"@type\":\"PostalAddress\",\"streetAddress\":\"san antonio 4\",\"postalCode\":\"33430\",\"addressLocality\":\"Cand\\u00e1s\",\"addressRegion\":\"Asturias\",\"addressCountry\":\"ES\"}},{\"@type\":\"Person\",\"@id\":\"https:\\\/\\\/www.eldigitaldeasturias.com\\\/noticias\\\/author\\\/admin\\\/#author\",\"url\":\"https:\\\/\\\/www.eldigitaldeasturias.com\\\/noticias\\\/author\\\/admin\\\/\",\"name\":\"El Digital de Asturias\",\"image\":{\"@type\":\"ImageObject\",\"@id\":\"https:\\\/\\\/www.eldigitaldeasturias.com\\\/noticias\\\/susana-diaz-andalucia-ha-cumplido-fijando-este-ano-el-deficit-en-el-031\\\/#authorImage\",\"url\":\"https:\\\/\\\/secure.gravatar.com\\\/avatar\\\/df2aeffc32bcd13f8d26072ef8a91b623d677766deac7f97ca815868cd41bf5e?s=96&d=mm&r=g\",\"width\":96,\"height\":96,\"caption\":\"El Digital de Asturias\"}},{\"@type\":\"WebPage\",\"@id\":\"https:\\\/\\\/www.eldigitaldeasturias.com\\\/noticias\\\/susana-diaz-andalucia-ha-cumplido-fijando-este-ano-el-deficit-en-el-031\\\/#webpage\",\"url\":\"https:\\\/\\\/www.eldigitaldeasturias.com\\\/noticias\\\/susana-diaz-andalucia-ha-cumplido-fijando-este-ano-el-deficit-en-el-031\\\/\",\"name\":\"Susana D\\u00edaz: \\u00abAndaluc\\u00eda ha cumplido fijando este a\\u00f1o el d\\u00e9ficit en el 0,31%\\u00bb - El Digital de Asturias\",\"description\":\"La presidenta de la Junta, Susana D\\u00edaz, ha confiado en que haya un acuerdo un\\u00e1nime, de todos los grupos parlamentarios, en materia de financiaci\\u00f3n auton\\u00f3mica. D\\u00edaz ha respondido a los periodistas en C\\u00f3rdoba que \\\"queremos que el protagonismo est\\u00e9 en el Parlamento para que todos uni\\u00e9semos nuestras fuerzas en la defensa de Andaluc\\u00eda\\\". Susana D\\u00edaz\",\"inLanguage\":\"es-ES\",\"isPartOf\":{\"@id\":\"https:\\\/\\\/www.eldigitaldeasturias.com\\\/noticias\\\/#website\"},\"breadcrumb\":{\"@id\":\"https:\\\/\\\/www.eldigitaldeasturias.com\\\/noticias\\\/susana-diaz-andalucia-ha-cumplido-fijando-este-ano-el-deficit-en-el-031\\\/#breadcrumblist\"},\"author\":{\"@id\":\"https:\\\/\\\/www.eldigitaldeasturias.com\\\/noticias\\\/author\\\/admin\\\/#author\"},\"creator\":{\"@id\":\"https:\\\/\\\/www.eldigitaldeasturias.com\\\/noticias\\\/author\\\/admin\\\/#author\"},\"image\":{\"@type\":\"ImageObject\",\"url\":952192,\"@id\":\"https:\\\/\\\/www.eldigitaldeasturias.com\\\/noticias\\\/susana-diaz-andalucia-ha-cumplido-fijando-este-ano-el-deficit-en-el-031\\\/#mainImage\"},\"primaryImageOfPage\":{\"@id\":\"https:\\\/\\\/www.eldigitaldeasturias.com\\\/noticias\\\/susana-diaz-andalucia-ha-cumplido-fijando-este-ano-el-deficit-en-el-031\\\/#mainImage\"},\"datePublished\":\"2018-02-24T16:26:28+01:00\",\"dateModified\":\"2018-02-24T16:26:28+01:00\"},{\"@type\":\"WebSite\",\"@id\":\"https:\\\/\\\/www.eldigitaldeasturias.com\\\/noticias\\\/#website\",\"url\":\"https:\\\/\\\/www.eldigitaldeasturias.com\\\/noticias\\\/\",\"name\":\"El Digital de Asturias - Diario de actualidad y noticias\",\"alternateName\":\"El Digital de Asturias - Diario de actualidad y noticias\",\"description\":\"Hemeroteca\",\"inLanguage\":\"es-ES\",\"publisher\":{\"@id\":\"https:\\\/\\\/www.eldigitaldeasturias.com\\\/noticias\\\/#organization\"}}]}\n\t\t<\/script>\n\t\t<!-- All in One SEO Pro -->\r\n\t\t<title>Susana D\u00edaz: \u00abAndaluc\u00eda ha cumplido fijando este a\u00f1o el d\u00e9ficit en el 0,31%\u00bb - El Digital de Asturias<\/title>\n\n","aioseo_head_json":{"title":"Susana D\u00edaz: \u00abAndaluc\u00eda ha cumplido fijando este a\u00f1o el d\u00e9ficit en el 0,31%\u00bb - El Digital de Asturias","description":"La presidenta de la Junta, Susana D\u00edaz, ha confiado en que haya un acuerdo un\u00e1nime, de todos los grupos parlamentarios, en materia de financiaci\u00f3n auton\u00f3mica. D\u00edaz ha respondido a los periodistas en C\u00f3rdoba que \"queremos que el protagonismo est\u00e9 en el Parlamento para que todos uni\u00e9semos nuestras fuerzas en la defensa de Andaluc\u00eda\". Susana D\u00edaz","canonical_url":"https:\/\/www.eldigitaldeasturias.com\/noticias\/susana-diaz-andalucia-ha-cumplido-fijando-este-ano-el-deficit-en-el-031\/","robots":"max-image-preview:large","keywords":"actualidad","webmasterTools":{"google-site-verification":"UA-38556648-1","msvalidate.01":"7dfe9f3f1b24437ab69f4f2559babe99","miscellaneous":""},"schema":{"@context":"https:\/\/schema.org","@graph":[{"@type":"BlogPosting","@id":"https:\/\/www.eldigitaldeasturias.com\/noticias\/susana-diaz-andalucia-ha-cumplido-fijando-este-ano-el-deficit-en-el-031\/#blogposting","name":"Susana D\u00edaz: \u00abAndaluc\u00eda ha cumplido fijando este a\u00f1o el d\u00e9ficit en el 0,31%\u00bb - El Digital de Asturias","headline":"Susana D\u00edaz: \u00abAndaluc\u00eda ha cumplido fijando este a\u00f1o el d\u00e9ficit en el 0,31%\u00bb","author":{"@id":"https:\/\/www.eldigitaldeasturias.com\/noticias\/author\/admin\/#author"},"publisher":{"@id":"https:\/\/www.eldigitaldeasturias.com\/noticias\/#organization"},"image":{"@type":"ImageObject","url":952192},"datePublished":"2018-02-24T16:26:28+01:00","dateModified":"2018-02-24T16:26:28+01:00","inLanguage":"es-ES","mainEntityOfPage":{"@id":"https:\/\/www.eldigitaldeasturias.com\/noticias\/susana-diaz-andalucia-ha-cumplido-fijando-este-ano-el-deficit-en-el-031\/#webpage"},"isPartOf":{"@id":"https:\/\/www.eldigitaldeasturias.com\/noticias\/susana-diaz-andalucia-ha-cumplido-fijando-este-ano-el-deficit-en-el-031\/#webpage"},"articleSection":"Actualidad"},{"@type":"BreadcrumbList","@id":"https:\/\/www.eldigitaldeasturias.com\/noticias\/susana-diaz-andalucia-ha-cumplido-fijando-este-ano-el-deficit-en-el-031\/#breadcrumblist","itemListElement":[{"@type":"ListItem","@id":"https:\/\/www.eldigitaldeasturias.com\/noticias#listItem","position":1,"name":"Home","item":"https:\/\/www.eldigitaldeasturias.com\/noticias","nextItem":{"@type":"ListItem","@id":"https:\/\/www.eldigitaldeasturias.com\/noticias\/category\/actualidad\/#listItem","name":"Actualidad"}},{"@type":"ListItem","@id":"https:\/\/www.eldigitaldeasturias.com\/noticias\/category\/actualidad\/#listItem","position":2,"name":"Actualidad","item":"https:\/\/www.eldigitaldeasturias.com\/noticias\/category\/actualidad\/","nextItem":{"@type":"ListItem","@id":"https:\/\/www.eldigitaldeasturias.com\/noticias\/susana-diaz-andalucia-ha-cumplido-fijando-este-ano-el-deficit-en-el-031\/#listItem","name":"Susana D\u00edaz: \u00abAndaluc\u00eda ha cumplido fijando este a\u00f1o el d\u00e9ficit en el 0,31%\u00bb"},"previousItem":{"@type":"ListItem","@id":"https:\/\/www.eldigitaldeasturias.com\/noticias#listItem","name":"Home"}},{"@type":"ListItem","@id":"https:\/\/www.eldigitaldeasturias.com\/noticias\/susana-diaz-andalucia-ha-cumplido-fijando-este-ano-el-deficit-en-el-031\/#listItem","position":3,"name":"Susana D\u00edaz: \u00abAndaluc\u00eda ha cumplido fijando este a\u00f1o el d\u00e9ficit en el 0,31%\u00bb","previousItem":{"@type":"ListItem","@id":"https:\/\/www.eldigitaldeasturias.com\/noticias\/category\/actualidad\/#listItem","name":"Actualidad"}}]},{"@type":"Organization","@id":"https:\/\/www.eldigitaldeasturias.com\/noticias\/#organization","name":"El Digital de Asturias","description":"Hemeroteca","url":"https:\/\/www.eldigitaldeasturias.com\/noticias\/","email":"info@eldigitaldeasturias.com","telephone":"+34652131393","logo":{"@type":"ImageObject","url":"https:\/\/www.eldigitaldeasturias.com\/noticias\/wp-content\/uploads\/2020\/12\/EDA.jpg","@id":"https:\/\/www.eldigitaldeasturias.com\/noticias\/susana-diaz-andalucia-ha-cumplido-fijando-este-ano-el-deficit-en-el-031\/#organizationLogo"},"image":{"@id":"https:\/\/www.eldigitaldeasturias.com\/noticias\/susana-diaz-andalucia-ha-cumplido-fijando-este-ano-el-deficit-en-el-031\/#organizationLogo"},"sameAs":["https:\/\/facebook.com\/eldigitaldeasturias","https:\/\/www.youtube.com\/channel\/UCZP-2wLEB9Rv6erhFmqVnvg"],"address":{"@id":"https:\/\/www.eldigitaldeasturias.com\/noticias\/#postaladdress","@type":"PostalAddress","streetAddress":"san antonio 4","postalCode":"33430","addressLocality":"Cand\u00e1s","addressRegion":"Asturias","addressCountry":"ES"}},{"@type":"Person","@id":"https:\/\/www.eldigitaldeasturias.com\/noticias\/author\/admin\/#author","url":"https:\/\/www.eldigitaldeasturias.com\/noticias\/author\/admin\/","name":"El Digital de Asturias","image":{"@type":"ImageObject","@id":"https:\/\/www.eldigitaldeasturias.com\/noticias\/susana-diaz-andalucia-ha-cumplido-fijando-este-ano-el-deficit-en-el-031\/#authorImage","url":"https:\/\/secure.gravatar.com\/avatar\/df2aeffc32bcd13f8d26072ef8a91b623d677766deac7f97ca815868cd41bf5e?s=96&d=mm&r=g","width":96,"height":96,"caption":"El Digital de Asturias"}},{"@type":"WebPage","@id":"https:\/\/www.eldigitaldeasturias.com\/noticias\/susana-diaz-andalucia-ha-cumplido-fijando-este-ano-el-deficit-en-el-031\/#webpage","url":"https:\/\/www.eldigitaldeasturias.com\/noticias\/susana-diaz-andalucia-ha-cumplido-fijando-este-ano-el-deficit-en-el-031\/","name":"Susana D\u00edaz: \u00abAndaluc\u00eda ha cumplido fijando este a\u00f1o el d\u00e9ficit en el 0,31%\u00bb - El Digital de Asturias","description":"La presidenta de la Junta, Susana D\u00edaz, ha confiado en que haya un acuerdo un\u00e1nime, de todos los grupos parlamentarios, en materia de financiaci\u00f3n auton\u00f3mica. D\u00edaz ha respondido a los periodistas en C\u00f3rdoba que \"queremos que el protagonismo est\u00e9 en el Parlamento para que todos uni\u00e9semos nuestras fuerzas en la defensa de Andaluc\u00eda\". Susana D\u00edaz","inLanguage":"es-ES","isPartOf":{"@id":"https:\/\/www.eldigitaldeasturias.com\/noticias\/#website"},"breadcrumb":{"@id":"https:\/\/www.eldigitaldeasturias.com\/noticias\/susana-diaz-andalucia-ha-cumplido-fijando-este-ano-el-deficit-en-el-031\/#breadcrumblist"},"author":{"@id":"https:\/\/www.eldigitaldeasturias.com\/noticias\/author\/admin\/#author"},"creator":{"@id":"https:\/\/www.eldigitaldeasturias.com\/noticias\/author\/admin\/#author"},"image":{"@type":"ImageObject","url":952192,"@id":"https:\/\/www.eldigitaldeasturias.com\/noticias\/susana-diaz-andalucia-ha-cumplido-fijando-este-ano-el-deficit-en-el-031\/#mainImage"},"primaryImageOfPage":{"@id":"https:\/\/www.eldigitaldeasturias.com\/noticias\/susana-diaz-andalucia-ha-cumplido-fijando-este-ano-el-deficit-en-el-031\/#mainImage"},"datePublished":"2018-02-24T16:26:28+01:00","dateModified":"2018-02-24T16:26:28+01:00"},{"@type":"WebSite","@id":"https:\/\/www.eldigitaldeasturias.com\/noticias\/#website","url":"https:\/\/www.eldigitaldeasturias.com\/noticias\/","name":"El Digital de Asturias - Diario de actualidad y noticias","alternateName":"El Digital de Asturias - Diario de actualidad y noticias","description":"Hemeroteca","inLanguage":"es-ES","publisher":{"@id":"https:\/\/www.eldigitaldeasturias.com\/noticias\/#organization"}}]},"og:locale":"es_ES","og:site_name":"El Digital de Asturias","og:type":"article","og:title":"Susana D\u00edaz: \u00abAndaluc\u00eda ha cumplido fijando este a\u00f1o el d\u00e9ficit en el 0,31%\u00bb - El Digital de Asturias","og:description":"La presidenta de la Junta, Susana D\u00edaz, ha confiado en que haya un acuerdo un\u00e1nime, de todos los grupos parlamentarios, en materia de financiaci\u00f3n auton\u00f3mica. D\u00edaz ha respondido a los periodistas en C\u00f3rdoba que &quot;queremos que el protagonismo est\u00e9 en el Parlamento para que todos uni\u00e9semos nuestras fuerzas en la defensa de Andaluc\u00eda&quot;. Susana D\u00edaz","og:url":"https:\/\/www.eldigitaldeasturias.com\/noticias\/susana-diaz-andalucia-ha-cumplido-fijando-este-ano-el-deficit-en-el-031\/","article:tag":["actualidad"],"article:published_time":"2018-02-24T16:26:28+00:00","article:modified_time":"2018-02-24T16:26:28+00:00","article:publisher":"https:\/\/facebook.com\/eldigitaldeasturias","twitter:card":"summary_large_image","twitter:title":"Susana D\u00edaz: \u00abAndaluc\u00eda ha cumplido fijando este a\u00f1o el d\u00e9ficit en el 0,31%\u00bb - El Digital de Asturias","twitter:description":"La presidenta de la Junta, Susana D\u00edaz, ha confiado en que haya un acuerdo un\u00e1nime, de todos los grupos parlamentarios, en materia de financiaci\u00f3n auton\u00f3mica. D\u00edaz ha respondido a los periodistas en C\u00f3rdoba que &quot;queremos que el protagonismo est\u00e9 en el Parlamento para que todos uni\u00e9semos nuestras fuerzas en la defensa de Andaluc\u00eda&quot;. Susana D\u00edaz","twitter:image":"https:\/\/www.eldigitaldeasturias.com\/noticias\/wp-content\/uploads\/2020\/12\/EDA-1.jpg","twitter:label1":"Escrito por","twitter:data1":"El Digital de Asturias","twitter:label2":"Tiempo de lectura estimado","twitter:data2":"2 minutos"},"aioseo_meta_data":{"post_id":"970154","title":null,"description":null,"keywords":null,"keyphrases":null,"primary_term":null,"canonical_url":null,"og_title":null,"og_description":null,"og_object_type":"default","og_image_type":"default","og_image_url":null,"og_image_width":null,"og_image_height":null,"og_image_custom_url":null,"og_image_custom_fields":null,"og_video":null,"og_custom_url":null,"og_article_section":null,"og_article_tags":null,"twitter_use_og":false,"twitter_card":"default","twitter_image_type":"default","twitter_image_url":null,"twitter_image_custom_url":null,"twitter_image_custom_fields":null,"twitter_title":null,"twitter_description":null,"schema":{"blockGraphs":[],"customGraphs":[],"default":{"data":{"Article":[],"Course":[],"Dataset":[],"FAQPage":[],"Movie":[],"Person":[],"Product":[],"ProductReview":[],"Car":[],"Recipe":[],"Service":[],"SoftwareApplication":[],"WebPage":[]},"graphName":"","isEnabled":true},"graphs":[],"defaultGraph":"","defaultPostTypeGraph":""},"schema_type":null,"schema_type_options":null,"pillar_content":false,"robots_default":true,"robots_noindex":false,"robots_noarchive":false,"robots_nosnippet":false,"robots_nofollow":false,"robots_noimageindex":false,"robots_noodp":false,"robots_notranslate":false,"robots_max_snippet":null,"robots_max_videopreview":null,"robots_max_imagepreview":"large","priority":null,"frequency":null,"local_seo":null,"seo_analyzer_scan_date":"2025-10-07 04:35:03","breadcrumb_settings":null,"limit_modified_date":false,"open_ai":null,"ai":null,"created":"2020-12-21 12:25:37","updated":"2025-10-07 04:35:03","focus_keyword":null,"additional_keywords":null,"truseo_locale":null},"aioseo_breadcrumb":"<div class=\"aioseo-breadcrumbs\"><span class=\"aioseo-breadcrumb\">\n\t<a href=\"https:\/\/www.eldigitaldeasturias.com\/noticias\" title=\"Home\">Home<\/a>\n<\/span><span class=\"aioseo-breadcrumb-separator\">\u2013<\/span><span class=\"aioseo-breadcrumb\">\n\t<a href=\"https:\/\/www.eldigitaldeasturias.com\/noticias\/category\/actualidad\/\" title=\"Actualidad\">Actualidad<\/a>\n<\/span><span class=\"aioseo-breadcrumb-separator\">\u2013<\/span><span class=\"aioseo-breadcrumb\">\n\t<a href=\"https:\/\/www.eldigitaldeasturias.com\/noticias\/susana-diaz-andalucia-ha-cumplido-fijando-este-ano-el-deficit-en-el-031\/\" title=\"Susana D\u00edaz: \u00abAndaluc\u00eda ha cumplido fijando este a\u00f1o el d\u00e9ficit en el 0,31%\u00bb\">Susana D\u00edaz: \u00abAndaluc\u00eda ha cumplido fijando este a\u00f1o el d\u00e9ficit en el 0,31%\u00bb<\/a>\n<\/span><\/div>","aioseo_breadcrumb_json":[{"label":"Home","link":"https:\/\/www.eldigitaldeasturias.com\/noticias"},{"label":"Actualidad","link":"https:\/\/www.eldigitaldeasturias.com\/noticias\/category\/actualidad\/"},{"label":"Susana D\u00edaz: \u00abAndaluc\u00eda ha cumplido fijando este a\u00f1o el d\u00e9ficit en el 0,31%\u00bb","link":"https:\/\/www.eldigitaldeasturias.com\/noticias\/susana-diaz-andalucia-ha-cumplido-fijando-este-ano-el-deficit-en-el-031\/"}],"_links":{"self":[{"href":"https:\/\/www.eldigitaldeasturias.com\/noticias\/wp-json\/wp\/v2\/posts\/970154","targetHints":{"allow":["GET"]}}],"collection":[{"href":"https:\/\/www.eldigitaldeasturias.com\/noticias\/wp-json\/wp\/v2\/posts"}],"about":[{"href":"https:\/\/www.eldigitaldeasturias.com\/noticias\/wp-json\/wp\/v2\/types\/post"}],"author":[{"embeddable":true,"href":"https:\/\/www.eldigitaldeasturias.com\/noticias\/wp-json\/wp\/v2\/users\/1"}],"replies":[{"embeddable":true,"href":"https:\/\/www.eldigitaldeasturias.com\/noticias\/wp-json\/wp\/v2\/comments?post=970154"}],"version-history":[{"count":0,"href":"https:\/\/www.eldigitaldeasturias.com\/noticias\/wp-json\/wp\/v2\/posts\/970154\/revisions"}],"wp:attachment":[{"href":"https:\/\/www.eldigitaldeasturias.com\/noticias\/wp-json\/wp\/v2\/media?parent=970154"}],"wp:term":[{"taxonomy":"category","embeddable":true,"href":"https:\/\/www.eldigitaldeasturias.com\/noticias\/wp-json\/wp\/v2\/categories?post=970154"},{"taxonomy":"post_tag","embeddable":true,"href":"https:\/\/www.eldigitaldeasturias.com\/noticias\/wp-json\/wp\/v2\/tags?post=970154"}],"curies":[{"name":"wp","href":"https:\/\/api.w.org\/{rel}","templated":true}]}}