{"id":970151,"date":"2018-02-24T15:55:49","date_gmt":"2018-02-24T15:55:49","guid":{"rendered":"http:\/\/www.eldigitaldeasturias.com\/noticias\/?p=970151"},"modified":"2018-02-24T15:55:49","modified_gmt":"2018-02-24T15:55:49","slug":"entrega-de-las-banderas-del-dia-de-andalucia-en-la-provincia-de-jaen","status":"publish","type":"post","link":"https:\/\/www.eldigitaldeasturias.com\/noticias\/entrega-de-las-banderas-del-dia-de-andalucia-en-la-provincia-de-jaen\/","title":{"rendered":"Entrega de las banderas del D\u00eda de Andaluc\u00eda en la provincia de Ja\u00e9n"},"content":{"rendered":"<p><img loading=\"lazy\" decoding=\"async\" class=\"alignleft size-medium wp-image-970152\" src=\"https:\/\/www.eldigitaldeasturias.com\/noticias\/wp-content\/uploads\/2018\/02\/1519391294720jaenEstandardn-360x212.jpg\" alt=\"\" width=\"360\" height=\"212\" \/>El consejero de Fomento y Vivienda, Felipe L\u00f3pez, ha puesto de relieve los valores de los premiados en la provincia de Ja\u00e9n con motivo de la celebraci\u00f3n del D\u00eda de Andaluc\u00eda el pr\u00f3ximo 28 de febrero, por representar lo mejor de la sociedad andaluza y ser un espejo para seguir avanzando en el futuro en la construcci\u00f3n de un horizonte de prosperidad para esta tierra.<\/p>\n<p>El consejero ha subrayado en el acto de entrega de las banderas de Andaluc\u00eda en la provincia jiennense que \u00ablos profesionales, artistas, empresarios, deportistas y personas comprometidas con la mejora del futuro de esta tierra representan los mejores valores sobre los que se ha construido el porvenir de Andaluc\u00eda en las \u00faltimas d\u00e9cadas de vida democr\u00e1tica y auton\u00f3mica y son adem\u00e1s el reflejo de ese espejo en el que hoy nos reconocemos para seguir avanzando\u00bb.<\/p>\n<p>\u00abHemos recorrido un gran trayecto y actualmente estamos creciendo y prosperando, pero todav\u00eda nos queda mucho por hacer y mucho por recorrer y para ello es necesaria la conjunci\u00f3n de ese pasado reciente con la capacidad de trabajo, esfuerzo y tes\u00f3n de la sociedad andaluza para seguir construyendo ese futuro mejor\u00bb, ha afirmado.<\/p>\n<p>El consejero ha reconocido que \u00abhay por delante todav\u00eda muchas dificultades por superar pero, sin ning\u00fan atisbo para la resignaci\u00f3n, en Andaluc\u00eda hay m\u00e1s fortaleza y convicci\u00f3n para seguir construyendo un horizonte de prosperidad para esta tierra\u00bb.<\/p>\n<p>Los galardones del D\u00eda de Andaluc\u00eda en la provincia de Ja\u00e9n han reca\u00eddo este a\u00f1o en Pilar Palaz\u00f3n; Castillo de Canena; el grupo Apache; las expertas en aceite de oliva virgen extra Br\u00edgida Jim\u00e9nez y Anuncia Carpio; el IES Huarte de San Juan de Linares; el Festival Internacional de M\u00fasica y Danza Ciudad de \u00dabeda; el Colegio Oficial de Enfermer\u00eda; el Colegio Oficial de Farmac\u00e9uticos; el Equipo de Atenci\u00f3n a Mujer y Menor (EMUME) de la Guardia Civil; la Escuela de Pastores de Andaluc\u00eda; el Club de B\u00e1dminton Arjonilla; la empresa Negrat\u00edn de Pozo Alc\u00f3n y el Grupo de Espeleolog\u00eda de Villacarrillo, son los distinguidos este a\u00f1o por la Junta con la Bandera de Andaluc\u00eda en la provincia jiennense.<\/p>\n<p>Estas distinciones buscan reconocer la val\u00eda de cada uno de los homenajeados, al ser un ejemplo en la provincia por su trayectoria y el desarrollo de su actividad diaria, desde \u00e1mbitos tan diversos como la salud, la agricultura, la actividad empresarial, la cultura, la educaci\u00f3n, el bienestar social o el medio ambiente, entre otros. La entrega de las Banderas de Andaluc\u00eda tiene lugar en el Aula Magna de la Universidad de Ja\u00e9n y est\u00e1 presidida por el consejero de Fomento y Vivienda, Felipe L\u00f3pez. Es el acto central de la programaci\u00f3n que ha dise\u00f1ado la Junta con motivo de la conmemoraci\u00f3n del D\u00eda de Andaluc\u00eda en la provincia.<\/p>\n<p><strong>Reconocimientos<\/strong><\/p>\n<p>La presidenta de la Asociaci\u00f3n Amigos de los \u00cdberos, Pilar Palaz\u00f3n, es una jiennense que ha dedicado buena parte de su vida al impulso cultural de la ciudad, ayudando y encabezando numerosas iniciativas, como el Museo \u00cdbero. Precisamente, ese colectivo naci\u00f3 en 1997 y poco despu\u00e9s surge la idea de este centro muse\u00edstico en el edificio de la vieja prisi\u00f3n provincial, que ocupaba un lugar estrat\u00e9gico en pleno centro de la ciudad. Todo empez\u00f3 cuando un grupo de 45 amigos enamorados de Ja\u00e9n y de su cultura admiraron en la Galer\u00eda Nacional de Par\u00eds, en ese a\u00f1o, la exposici\u00f3n &#8216;Los Iberos, pr\u00edncipes de Occidente&#8217;, con valiosas piezas llevadas desde Ja\u00e9n. Esta muestra fue la que ilumin\u00f3 a ese grupo de personas sobre el enorme valor patrimonial \u00edbero de la provincia. Desde entonces no dejaron de creer y luchar para que Ja\u00e9n tuviera su Museo \u00cdbero.<\/p>\n<p>El reconocimiento en el \u00e1mbito econ\u00f3mico ha reca\u00eddo en Castillo de Canena. Con una historia olivarera que arranca en 1780, sus aceites toman su nombre del castillo familiar que se alza en la loma de este municipio, que en la actualidad pertenece a la familia Va\u00f1\u00f3. En su finca de regad\u00edo se recolectan las aceitunas para elaborar el aceite de oliva virgen extra de las variedades picual, arbequina y royal. La almazara se ha convertido en una empresa internacional, liderada por Rosa y Paco Va\u00f1\u00f3, creando algunos de los mejores aceites de oliva virgen extra del mundo. Una empresa familiar cuya esencia es preservar la tradici\u00f3n, pero tambi\u00e9n conseguir la excelencia a trav\u00e9s de la investigaci\u00f3n, la creatividad y la comunicaci\u00f3n.<\/p>\n<p>Un extenso repertorio de obras maestras de la historia del pop-rock es la se\u00f1a de identidad de la formaci\u00f3n Apache, un grupo de m\u00fasica m\u00edtico en la provincia que nace en 1976 tras la fusi\u00f3n de otros y que han recorrido, y contin\u00faan recorriendo, escenarios nacionales e internacionales con la bandera de Ja\u00e9n como se\u00f1a. Con una extensa carrera discogr\u00e1fica, recientemente han vuelto a ser protagonistas con el espect\u00e1culo &#8216;The essence of symphonic rock&#8217;, junto a la Orquesta Sinf\u00f3nica del Sur de Espa\u00f1a, dirigida por Rogelio Rojas Duro, y acompa\u00f1ados por el tenor Miguel \u00c1ngel Ruiz, la mezzosoprano Sandra Morales y el grupo Acrobalia.<\/p>\n<p>La directora del centro IFAPA de Cabra, natural de Arjona y experta en olivar y aceite, Br\u00edgida Jim\u00e9nez, y la bi\u00f3loga y especialista en Grasas y Aceites por el CSIC, Anuncia Carpio, son otras dos mujeres que este a\u00f1o ser\u00e1n reconocidas por su labor en la promoci\u00f3n y la mejora de la calidad del aceite de oliva virgen extra.<\/p>\n<p>Br\u00edgida Jim\u00e9nez ha participado en m\u00e1s de 17 proyectos de investigaci\u00f3n y ha publicado m\u00e1s de medio centenar de art\u00edculos en prestigiosas revistas cient\u00edficas. Ha recibido numerosos premios y distinciones entre los que destacan el Premio Frutado Intenso en la categor\u00eda I+D+I, la distinci\u00f3n Olivo de plata por su aportaci\u00f3n personal y profesional a favor del fomento de la cultura del aceite de oliva virgen y Premio Andr\u00e9s N\u00fa\u00f1ez de Prados a la investigaci\u00f3n en Agricultura y Ganader\u00eda Ecol\u00f3gica. Por su parte, Anuncia Carpio trabaja en la Consejer\u00eda de Agricultura y es consejera numeraria del IEG y consejera del CES Provincial por el grupo de \u00abexpertos\u00bb. Imparte cursos de selecci\u00f3n, formaci\u00f3n y entrenamiento de paneles de cata en toda Espa\u00f1a y Jap\u00f3n, adem\u00e1s de ser coordinadora y asesora de la instalaci\u00f3n del Museo del Aceite de la Hacienda La Laguna y de participar como jurado en premios a nivel nacional e internacional.<\/p>\n<p>Fundado en 1932 y cuando se cumplen 50 a\u00f1os de su ubicaci\u00f3n actual, el IES Huarte de San Juan de Linares es ejemplo de tradici\u00f3n y modernidad en el \u00e1mbito educativo. La relevancia de este instituto ha superado su funci\u00f3n de formaci\u00f3n destinada a los estudiantes de ESO y Bachillerato de la ciudad linarense y de su comarca hasta el punto de adquirir la etiqueta entre la opini\u00f3n p\u00fablica de ser una &#8216;Universidad en peque\u00f1o&#8217;. Este m\u00e9rito se le atribuye por disponer de un claustro de profesores muy participativos, de un personal altamente preparado, de proponer ingeniosas iniciativas y programar unas complet\u00edsimas actividades culturales a lo largo de su dilatada trayectoria acad\u00e9mica.<\/p>\n<p>Por su parte, el Festival Internacional de M\u00fasica y Danza &#8216;Ciudad de \u00dabeda&#8217; posee un peculiar perfil que supone la colaboraci\u00f3n entre la administraci\u00f3n p\u00fablica, representada por el Ayuntamiento de \u00dabeda y la sociedad civil, a trav\u00e9s de la Asociaci\u00f3n Cultural &#8216;Amigos de la M\u00fasica&#8217; de \u00dabeda. La Junta de Andaluc\u00eda tambi\u00e9n ha venido participando en su programaci\u00f3n con la Orquesta de C\u00f3rdoba. En este 2018 celebrar\u00e1 su 30\u00aa edici\u00f3n con un historial en el que destacan las principales orquestas, solistas y compa\u00f1\u00edas del mundo. Recitales de Teresa Berganza, Monserrat Caball\u00e9, Ainoha Arteta, Alfredo Kraus y Jos\u00e9 Carreras, perviven en la mente de los aficionados. Adem\u00e1s, se ha abierto a otras m\u00fasicas como el jazz, folk y flamenco, y el festival apuesta tambi\u00e9n por los j\u00f3venes talentos.<\/p>\n<p>Poner el acento en el trabajo que desarrollan los profesionales de la Enfermer\u00eda en la provincia para proteger la salud de los jienenses es uno de los motivos que han hecho merecedor al Colegio Oficial de Enfermer\u00eda de Ja\u00e9n de una Bandera de Andaluc\u00eda, coincidiendo con el centenario de su constituci\u00f3n que se celebra este a\u00f1o. El programa de actividades organizado por este \u00f3rgano colegial incluye la celebraci\u00f3n de una jornada internacional sobre Enfermer\u00eda y busca tambi\u00e9n difundir y promocionar el enorme trabajo que realizan las enfermeras en la provincia de Ja\u00e9n. Se trata del colectivo profesional m\u00e1s numeroso en la provincia, con cerca de 4.000 colegiados.<\/p>\n<p>Tambi\u00e9n el Colegio Oficial de Farmac\u00e9uticos recibir\u00e1 una Bandera de Andaluc\u00eda cuando ha conmemorado su centenario el pasado a\u00f1o, haciendo un llamamiento a su necesaria e imprescindible labor en el ejercicio profesional y en su aportaci\u00f3n a la sociedad. Una convenci\u00f3n nacional, exposiciones y encuentros abiertos al p\u00fablico en general para festejar este efem\u00e9ride son ejemplo de su implicaci\u00f3n con la ciudadan\u00eda. Un compromiso que se ha visto en farmacias jiennenses con campa\u00f1as informativas para evitar el abuso de medicamentos o la prevenci\u00f3n y detecci\u00f3n precoz de la violencia de g\u00e9nero, a trav\u00e9s de la difusi\u00f3n de d\u00edpticos y campa\u00f1as de sensibilizaci\u00f3n.<\/p>\n<p>La atenci\u00f3n especializada y de calidad prestada por los integrantes del Equipo de Atenci\u00f3n a Mujer y Menor (EMUME) de la Guardia Civil en Ja\u00e9n a mujeres v\u00edctimas de violencia de g\u00e9nero y a sus hijos, y su estrecha colaboraci\u00f3n con el Instituto Andaluz de la Mujer (IAM) en la provincia, ha hecho merecedora a la EMUME de este reconocimiento. Creado en el a\u00f1o 1995, est\u00e1 formado por efectivos de la polic\u00eda judicial de la Guardia Civil especializados en hechos delictivos en los que se encuentran implicados mujeres y menores, tanto en calidad de v\u00edctimas como de autores. Est\u00e1n compuestos por guardias civiles con la formaci\u00f3n necesaria para tratar de manera adecuada estos delitos. Se despliegan a nivel comarcal y se encuadran en las Unidades Org\u00e1nicas de Polic\u00eda Judicial (UOPJs) de la Guardia Civil.<\/p>\n<p>La Escuela de Pastores de Andaluc\u00eda es un proyecto en el que participan instituciones relacionadas con el pastoreo y la ganader\u00eda extensiva, entre ellas las consejer\u00edas de Agricultura, Pesca y Desarrollo Rural y de Medio Ambiente y Ordenaci\u00f3n del Territorio, el CSIC, universidades andaluzas, organizaciones profesionales agrarias, organizaciones para la conservaci\u00f3n de la naturaleza y asociaciones ganaderas. Su edici\u00f3n pasada se desarroll\u00f3 en el municipio de Santiago-Pontones, cuya principal actividad agraria es la ganader\u00eda extensiva con la raza segure\u00f1a como aut\u00f3ctona de la zona. Esta iniciativa plantea una alternativa laboral a la vez que favorece el mantenimiento de los ecosistemas, la prevenci\u00f3n de incendios forestales y protege a razas amenazadas.<\/p>\n<p>Por su parte, el Club de B\u00e1dminton Arjonilla ha situado a este municipio de La Campi\u00f1a jiennense en un referente de este deporte a nivel auton\u00f3mico y nacional. Esta entidad deportiva naci\u00f3 como club en la temporada 2006\/2007 tras 16 a\u00f1os como Escuela Municipal, fundada por el profesor Juan Cuesta P\u00e9rez. La filosof\u00eda de este club es el trabajo con la cantera, con programas de promoci\u00f3n y formaci\u00f3n, para en un futuro conseguir el mayor n\u00famero de deportistas de alto rendimiento. De este modo, ha cosechados t\u00edtulos en diferentes Campeonatos de Espa\u00f1a y Andaluc\u00eda a nivel individual y varios de sus jugadores son componentes de la Selecci\u00f3n Nacional y Andaluza en sus distintas categor\u00edas.<\/p>\n<p>La constancia, el esp\u00edritu emprendedor y la apuesta por las energ\u00edas renovables de los hermanos \u00c1ngel y Celedonio Noguera Mart\u00ednez, les hizo reconvertir su empresa Instalaciones Negrat\u00edn, fundada en 1998 en Pozo Alc\u00f3n, en Negrat\u00edn, para as\u00ed poder introducirse en el mundo de los parques e\u00f3licos y fotovoltaicos. Gracias a esta decisi\u00f3n ha sido capaz de expandirse, ampliando sedes en Granada, Madrid, y en distintos pa\u00edses del mundo, como M\u00e9xico, Honduras, Per\u00fa, Chile o Jap\u00f3n. En la actualidad, esta compa\u00f1\u00eda mantiene m\u00e1s de 250 trabajadores, siendo m\u00e1s de 30 de la localidad poce\u00f1a y de la comarca.<\/p>\n<p>A su vez, el Grupo de Espeleolog\u00eda de Villacarrillo ha sido otra de las entidades reconocidas este a\u00f1o por su experiencia en la exploraci\u00f3n de cavidades, principalmente en la provincia de Ja\u00e9n desde finales de 1978. Cuenta en su haber con la catalogaci\u00f3n de m\u00e1s de 800, realizando estudios multidisciplinares en su interior. Sus objetivos se centran en la exploraci\u00f3n y la investigaci\u00f3n, en conjunto con la divulgaci\u00f3n y la conservaci\u00f3n del medio ambiente en general y del medio subterr\u00e1neo en particular, haciendo part\u00edcipe de su labor a la ciudadan\u00eda y a las administraciones interesadas. Es de destacar la estrecha colaboraci\u00f3n que mantiene con el Parque Natural y Reserva de la Biosfera de las Sierras de Cazorla, Segura y Las Villas.<\/p>\n","protected":false},"excerpt":{"rendered":"<p>El consejero de Fomento y Vivienda, Felipe L\u00f3pez, ha puesto de relieve los valores de los premiados en la provincia de Ja\u00e9n con motivo de la celebraci\u00f3n del D\u00eda de Andaluc\u00eda el pr\u00f3ximo 28 de febrero, por representar lo mejor de la sociedad andaluza y ser un espejo para seguir avanzando en el futuro en [&hellip;]<\/p>\n","protected":false},"author":1,"featured_media":970152,"comment_status":"closed","ping_status":"closed","sticky":false,"template":"","format":"standard","meta":{"footnotes":""},"categories":[1],"tags":[],"class_list":["post-970151","post","type-post","status-publish","format-standard","has-post-thumbnail","hentry","category-actualidad"],"aioseo_notices":[],"aioseo_head":"\n\t\t<!-- All in One SEO Pro 5.0.1 - aioseo.com -->\n\t<meta name=\"description\" content=\"El consejero de Fomento y Vivienda, Felipe L\u00f3pez, ha puesto de relieve los valores de los premiados en la provincia de Ja\u00e9n con motivo de la celebraci\u00f3n del D\u00eda de Andaluc\u00eda el pr\u00f3ximo 28 de febrero, por representar lo mejor de la sociedad andaluza y ser un espejo para seguir avanzando en el futuro en\" \/>\n\t<meta name=\"robots\" content=\"max-image-preview:large\" \/>\n\t<meta name=\"author\" content=\"El Digital de Asturias\"\/>\n\t<meta name=\"google-site-verification\" content=\"UA-38556648-1\" \/>\n\t<meta name=\"msvalidate.01\" content=\"7dfe9f3f1b24437ab69f4f2559babe99\" \/>\n\t<meta name=\"keywords\" content=\"actualidad\" \/>\n\t<link rel=\"canonical\" href=\"https:\/\/www.eldigitaldeasturias.com\/noticias\/entrega-de-las-banderas-del-dia-de-andalucia-en-la-provincia-de-jaen\/\" \/>\n\t<meta name=\"generator\" content=\"All in One SEO Pro (AIOSEO) 5.0.1\" \/>\n\t\t<meta property=\"og:locale\" content=\"es_ES\" \/>\n\t\t<meta property=\"og:site_name\" content=\"El Digital de Asturias\" \/>\n\t\t<meta property=\"og:type\" content=\"article\" \/>\n\t\t<meta property=\"og:title\" content=\"Entrega de las banderas del D\u00eda de Andaluc\u00eda en la provincia de Ja\u00e9n - El Digital de Asturias\" \/>\n\t\t<meta property=\"og:description\" content=\"El consejero de Fomento y Vivienda, Felipe L\u00f3pez, ha puesto de relieve los valores de los premiados en la provincia de Ja\u00e9n con motivo de la celebraci\u00f3n del D\u00eda de Andaluc\u00eda el pr\u00f3ximo 28 de febrero, por representar lo mejor de la sociedad andaluza y ser un espejo para seguir avanzando en el futuro en\" \/>\n\t\t<meta property=\"og:url\" content=\"https:\/\/www.eldigitaldeasturias.com\/noticias\/entrega-de-las-banderas-del-dia-de-andalucia-en-la-provincia-de-jaen\/\" \/>\n\t\t<meta property=\"article:tag\" content=\"actualidad\" \/>\n\t\t<meta property=\"article:published_time\" content=\"2018-02-24T15:55:49+00:00\" \/>\n\t\t<meta property=\"article:modified_time\" content=\"2018-02-24T15:55:49+00:00\" \/>\n\t\t<meta property=\"article:publisher\" content=\"https:\/\/facebook.com\/eldigitaldeasturias\" \/>\n\t\t<meta name=\"twitter:card\" content=\"summary_large_image\" \/>\n\t\t<meta name=\"twitter:title\" content=\"Entrega de las banderas del D\u00eda de Andaluc\u00eda en la provincia de Ja\u00e9n - El Digital de Asturias\" \/>\n\t\t<meta name=\"twitter:description\" content=\"El consejero de Fomento y Vivienda, Felipe L\u00f3pez, ha puesto de relieve los valores de los premiados en la provincia de Ja\u00e9n con motivo de la celebraci\u00f3n del D\u00eda de Andaluc\u00eda el pr\u00f3ximo 28 de febrero, por representar lo mejor de la sociedad andaluza y ser un espejo para seguir avanzando en el futuro en\" \/>\n\t\t<meta name=\"twitter:image\" content=\"https:\/\/www.eldigitaldeasturias.com\/noticias\/wp-content\/uploads\/2020\/12\/EDA-1.jpg\" \/>\n\t\t<meta name=\"twitter:label1\" content=\"Escrito por\" \/>\n\t\t<meta name=\"twitter:data1\" content=\"El Digital de Asturias\" \/>\n\t\t<meta name=\"twitter:label2\" content=\"Tiempo de lectura estimado\" \/>\n\t\t<meta name=\"twitter:data2\" content=\"11 minutos\" \/>\n\t\t<script type=\"application\/ld+json\" class=\"aioseo-schema\">\n\t\t\t{\"@context\":\"https:\\\/\\\/schema.org\",\"@graph\":[{\"@type\":\"BlogPosting\",\"@id\":\"https:\\\/\\\/www.eldigitaldeasturias.com\\\/noticias\\\/entrega-de-las-banderas-del-dia-de-andalucia-en-la-provincia-de-jaen\\\/#blogposting\",\"name\":\"Entrega de las banderas del D\\u00eda de Andaluc\\u00eda en la provincia de Ja\\u00e9n - El Digital de Asturias\",\"headline\":\"Entrega de las banderas del D\\u00eda de Andaluc\\u00eda en la provincia de Ja\\u00e9n\",\"author\":{\"@id\":\"https:\\\/\\\/www.eldigitaldeasturias.com\\\/noticias\\\/author\\\/admin\\\/#author\"},\"publisher\":{\"@id\":\"https:\\\/\\\/www.eldigitaldeasturias.com\\\/noticias\\\/#organization\"},\"image\":{\"@type\":\"ImageObject\",\"url\":970152},\"datePublished\":\"2018-02-24T15:55:49+01:00\",\"dateModified\":\"2018-02-24T15:55:49+01:00\",\"inLanguage\":\"es-ES\",\"mainEntityOfPage\":{\"@id\":\"https:\\\/\\\/www.eldigitaldeasturias.com\\\/noticias\\\/entrega-de-las-banderas-del-dia-de-andalucia-en-la-provincia-de-jaen\\\/#webpage\"},\"isPartOf\":{\"@id\":\"https:\\\/\\\/www.eldigitaldeasturias.com\\\/noticias\\\/entrega-de-las-banderas-del-dia-de-andalucia-en-la-provincia-de-jaen\\\/#webpage\"},\"articleSection\":\"Actualidad\"},{\"@type\":\"BreadcrumbList\",\"@id\":\"https:\\\/\\\/www.eldigitaldeasturias.com\\\/noticias\\\/entrega-de-las-banderas-del-dia-de-andalucia-en-la-provincia-de-jaen\\\/#breadcrumblist\",\"itemListElement\":[{\"@type\":\"ListItem\",\"@id\":\"https:\\\/\\\/www.eldigitaldeasturias.com\\\/noticias#listItem\",\"position\":1,\"name\":\"Home\",\"item\":\"https:\\\/\\\/www.eldigitaldeasturias.com\\\/noticias\",\"nextItem\":{\"@type\":\"ListItem\",\"@id\":\"https:\\\/\\\/www.eldigitaldeasturias.com\\\/noticias\\\/category\\\/actualidad\\\/#listItem\",\"name\":\"Actualidad\"}},{\"@type\":\"ListItem\",\"@id\":\"https:\\\/\\\/www.eldigitaldeasturias.com\\\/noticias\\\/category\\\/actualidad\\\/#listItem\",\"position\":2,\"name\":\"Actualidad\",\"item\":\"https:\\\/\\\/www.eldigitaldeasturias.com\\\/noticias\\\/category\\\/actualidad\\\/\",\"nextItem\":{\"@type\":\"ListItem\",\"@id\":\"https:\\\/\\\/www.eldigitaldeasturias.com\\\/noticias\\\/entrega-de-las-banderas-del-dia-de-andalucia-en-la-provincia-de-jaen\\\/#listItem\",\"name\":\"Entrega de las banderas del D\\u00eda de Andaluc\\u00eda en la provincia de Ja\\u00e9n\"},\"previousItem\":{\"@type\":\"ListItem\",\"@id\":\"https:\\\/\\\/www.eldigitaldeasturias.com\\\/noticias#listItem\",\"name\":\"Home\"}},{\"@type\":\"ListItem\",\"@id\":\"https:\\\/\\\/www.eldigitaldeasturias.com\\\/noticias\\\/entrega-de-las-banderas-del-dia-de-andalucia-en-la-provincia-de-jaen\\\/#listItem\",\"position\":3,\"name\":\"Entrega de las banderas del D\\u00eda de Andaluc\\u00eda en la provincia de Ja\\u00e9n\",\"previousItem\":{\"@type\":\"ListItem\",\"@id\":\"https:\\\/\\\/www.eldigitaldeasturias.com\\\/noticias\\\/category\\\/actualidad\\\/#listItem\",\"name\":\"Actualidad\"}}]},{\"@type\":\"Organization\",\"@id\":\"https:\\\/\\\/www.eldigitaldeasturias.com\\\/noticias\\\/#organization\",\"name\":\"El Digital de Asturias\",\"description\":\"Hemeroteca\",\"url\":\"https:\\\/\\\/www.eldigitaldeasturias.com\\\/noticias\\\/\",\"email\":\"info@eldigitaldeasturias.com\",\"telephone\":\"+34652131393\",\"logo\":{\"@type\":\"ImageObject\",\"url\":\"https:\\\/\\\/www.eldigitaldeasturias.com\\\/noticias\\\/wp-content\\\/uploads\\\/2020\\\/12\\\/EDA.jpg\",\"@id\":\"https:\\\/\\\/www.eldigitaldeasturias.com\\\/noticias\\\/entrega-de-las-banderas-del-dia-de-andalucia-en-la-provincia-de-jaen\\\/#organizationLogo\"},\"image\":{\"@id\":\"https:\\\/\\\/www.eldigitaldeasturias.com\\\/noticias\\\/entrega-de-las-banderas-del-dia-de-andalucia-en-la-provincia-de-jaen\\\/#organizationLogo\"},\"sameAs\":[\"https:\\\/\\\/facebook.com\\\/eldigitaldeasturias\",\"https:\\\/\\\/www.youtube.com\\\/channel\\\/UCZP-2wLEB9Rv6erhFmqVnvg\"],\"address\":{\"@id\":\"https:\\\/\\\/www.eldigitaldeasturias.com\\\/noticias\\\/#postaladdress\",\"@type\":\"PostalAddress\",\"streetAddress\":\"san antonio 4\",\"postalCode\":\"33430\",\"addressLocality\":\"Cand\\u00e1s\",\"addressRegion\":\"Asturias\",\"addressCountry\":\"ES\"}},{\"@type\":\"Person\",\"@id\":\"https:\\\/\\\/www.eldigitaldeasturias.com\\\/noticias\\\/author\\\/admin\\\/#author\",\"url\":\"https:\\\/\\\/www.eldigitaldeasturias.com\\\/noticias\\\/author\\\/admin\\\/\",\"name\":\"El Digital de Asturias\",\"image\":{\"@type\":\"ImageObject\",\"@id\":\"https:\\\/\\\/www.eldigitaldeasturias.com\\\/noticias\\\/entrega-de-las-banderas-del-dia-de-andalucia-en-la-provincia-de-jaen\\\/#authorImage\",\"url\":\"https:\\\/\\\/secure.gravatar.com\\\/avatar\\\/df2aeffc32bcd13f8d26072ef8a91b623d677766deac7f97ca815868cd41bf5e?s=96&d=mm&r=g\",\"width\":96,\"height\":96,\"caption\":\"El Digital de Asturias\"}},{\"@type\":\"WebPage\",\"@id\":\"https:\\\/\\\/www.eldigitaldeasturias.com\\\/noticias\\\/entrega-de-las-banderas-del-dia-de-andalucia-en-la-provincia-de-jaen\\\/#webpage\",\"url\":\"https:\\\/\\\/www.eldigitaldeasturias.com\\\/noticias\\\/entrega-de-las-banderas-del-dia-de-andalucia-en-la-provincia-de-jaen\\\/\",\"name\":\"Entrega de las banderas del D\\u00eda de Andaluc\\u00eda en la provincia de Ja\\u00e9n - El Digital de Asturias\",\"description\":\"El consejero de Fomento y Vivienda, Felipe L\\u00f3pez, ha puesto de relieve los valores de los premiados en la provincia de Ja\\u00e9n con motivo de la celebraci\\u00f3n del D\\u00eda de Andaluc\\u00eda el pr\\u00f3ximo 28 de febrero, por representar lo mejor de la sociedad andaluza y ser un espejo para seguir avanzando en el futuro en\",\"inLanguage\":\"es-ES\",\"isPartOf\":{\"@id\":\"https:\\\/\\\/www.eldigitaldeasturias.com\\\/noticias\\\/#website\"},\"breadcrumb\":{\"@id\":\"https:\\\/\\\/www.eldigitaldeasturias.com\\\/noticias\\\/entrega-de-las-banderas-del-dia-de-andalucia-en-la-provincia-de-jaen\\\/#breadcrumblist\"},\"author\":{\"@id\":\"https:\\\/\\\/www.eldigitaldeasturias.com\\\/noticias\\\/author\\\/admin\\\/#author\"},\"creator\":{\"@id\":\"https:\\\/\\\/www.eldigitaldeasturias.com\\\/noticias\\\/author\\\/admin\\\/#author\"},\"image\":{\"@type\":\"ImageObject\",\"url\":970152,\"@id\":\"https:\\\/\\\/www.eldigitaldeasturias.com\\\/noticias\\\/entrega-de-las-banderas-del-dia-de-andalucia-en-la-provincia-de-jaen\\\/#mainImage\"},\"primaryImageOfPage\":{\"@id\":\"https:\\\/\\\/www.eldigitaldeasturias.com\\\/noticias\\\/entrega-de-las-banderas-del-dia-de-andalucia-en-la-provincia-de-jaen\\\/#mainImage\"},\"datePublished\":\"2018-02-24T15:55:49+01:00\",\"dateModified\":\"2018-02-24T15:55:49+01:00\"},{\"@type\":\"WebSite\",\"@id\":\"https:\\\/\\\/www.eldigitaldeasturias.com\\\/noticias\\\/#website\",\"url\":\"https:\\\/\\\/www.eldigitaldeasturias.com\\\/noticias\\\/\",\"name\":\"El Digital de Asturias - Diario de actualidad y noticias\",\"alternateName\":\"El Digital de Asturias - Diario de actualidad y noticias\",\"description\":\"Hemeroteca\",\"inLanguage\":\"es-ES\",\"publisher\":{\"@id\":\"https:\\\/\\\/www.eldigitaldeasturias.com\\\/noticias\\\/#organization\"}}]}\n\t\t<\/script>\n\t\t<!-- All in One SEO Pro -->\r\n\t\t<title>Entrega de las banderas del D\u00eda de Andaluc\u00eda en la provincia de Ja\u00e9n - El Digital de Asturias<\/title>\n\n","aioseo_head_json":{"title":"Entrega de las banderas del D\u00eda de Andaluc\u00eda en la provincia de Ja\u00e9n - El Digital de Asturias","description":"El consejero de Fomento y Vivienda, Felipe L\u00f3pez, ha puesto de relieve los valores de los premiados en la provincia de Ja\u00e9n con motivo de la celebraci\u00f3n del D\u00eda de Andaluc\u00eda el pr\u00f3ximo 28 de febrero, por representar lo mejor de la sociedad andaluza y ser un espejo para seguir avanzando en el futuro en","canonical_url":"https:\/\/www.eldigitaldeasturias.com\/noticias\/entrega-de-las-banderas-del-dia-de-andalucia-en-la-provincia-de-jaen\/","robots":"max-image-preview:large","keywords":"actualidad","webmasterTools":{"google-site-verification":"UA-38556648-1","msvalidate.01":"7dfe9f3f1b24437ab69f4f2559babe99","miscellaneous":""},"schema":{"@context":"https:\/\/schema.org","@graph":[{"@type":"BlogPosting","@id":"https:\/\/www.eldigitaldeasturias.com\/noticias\/entrega-de-las-banderas-del-dia-de-andalucia-en-la-provincia-de-jaen\/#blogposting","name":"Entrega de las banderas del D\u00eda de Andaluc\u00eda en la provincia de Ja\u00e9n - El Digital de Asturias","headline":"Entrega de las banderas del D\u00eda de Andaluc\u00eda en la provincia de Ja\u00e9n","author":{"@id":"https:\/\/www.eldigitaldeasturias.com\/noticias\/author\/admin\/#author"},"publisher":{"@id":"https:\/\/www.eldigitaldeasturias.com\/noticias\/#organization"},"image":{"@type":"ImageObject","url":970152},"datePublished":"2018-02-24T15:55:49+01:00","dateModified":"2018-02-24T15:55:49+01:00","inLanguage":"es-ES","mainEntityOfPage":{"@id":"https:\/\/www.eldigitaldeasturias.com\/noticias\/entrega-de-las-banderas-del-dia-de-andalucia-en-la-provincia-de-jaen\/#webpage"},"isPartOf":{"@id":"https:\/\/www.eldigitaldeasturias.com\/noticias\/entrega-de-las-banderas-del-dia-de-andalucia-en-la-provincia-de-jaen\/#webpage"},"articleSection":"Actualidad"},{"@type":"BreadcrumbList","@id":"https:\/\/www.eldigitaldeasturias.com\/noticias\/entrega-de-las-banderas-del-dia-de-andalucia-en-la-provincia-de-jaen\/#breadcrumblist","itemListElement":[{"@type":"ListItem","@id":"https:\/\/www.eldigitaldeasturias.com\/noticias#listItem","position":1,"name":"Home","item":"https:\/\/www.eldigitaldeasturias.com\/noticias","nextItem":{"@type":"ListItem","@id":"https:\/\/www.eldigitaldeasturias.com\/noticias\/category\/actualidad\/#listItem","name":"Actualidad"}},{"@type":"ListItem","@id":"https:\/\/www.eldigitaldeasturias.com\/noticias\/category\/actualidad\/#listItem","position":2,"name":"Actualidad","item":"https:\/\/www.eldigitaldeasturias.com\/noticias\/category\/actualidad\/","nextItem":{"@type":"ListItem","@id":"https:\/\/www.eldigitaldeasturias.com\/noticias\/entrega-de-las-banderas-del-dia-de-andalucia-en-la-provincia-de-jaen\/#listItem","name":"Entrega de las banderas del D\u00eda de Andaluc\u00eda en la provincia de Ja\u00e9n"},"previousItem":{"@type":"ListItem","@id":"https:\/\/www.eldigitaldeasturias.com\/noticias#listItem","name":"Home"}},{"@type":"ListItem","@id":"https:\/\/www.eldigitaldeasturias.com\/noticias\/entrega-de-las-banderas-del-dia-de-andalucia-en-la-provincia-de-jaen\/#listItem","position":3,"name":"Entrega de las banderas del D\u00eda de Andaluc\u00eda en la provincia de Ja\u00e9n","previousItem":{"@type":"ListItem","@id":"https:\/\/www.eldigitaldeasturias.com\/noticias\/category\/actualidad\/#listItem","name":"Actualidad"}}]},{"@type":"Organization","@id":"https:\/\/www.eldigitaldeasturias.com\/noticias\/#organization","name":"El Digital de Asturias","description":"Hemeroteca","url":"https:\/\/www.eldigitaldeasturias.com\/noticias\/","email":"info@eldigitaldeasturias.com","telephone":"+34652131393","logo":{"@type":"ImageObject","url":"https:\/\/www.eldigitaldeasturias.com\/noticias\/wp-content\/uploads\/2020\/12\/EDA.jpg","@id":"https:\/\/www.eldigitaldeasturias.com\/noticias\/entrega-de-las-banderas-del-dia-de-andalucia-en-la-provincia-de-jaen\/#organizationLogo"},"image":{"@id":"https:\/\/www.eldigitaldeasturias.com\/noticias\/entrega-de-las-banderas-del-dia-de-andalucia-en-la-provincia-de-jaen\/#organizationLogo"},"sameAs":["https:\/\/facebook.com\/eldigitaldeasturias","https:\/\/www.youtube.com\/channel\/UCZP-2wLEB9Rv6erhFmqVnvg"],"address":{"@id":"https:\/\/www.eldigitaldeasturias.com\/noticias\/#postaladdress","@type":"PostalAddress","streetAddress":"san antonio 4","postalCode":"33430","addressLocality":"Cand\u00e1s","addressRegion":"Asturias","addressCountry":"ES"}},{"@type":"Person","@id":"https:\/\/www.eldigitaldeasturias.com\/noticias\/author\/admin\/#author","url":"https:\/\/www.eldigitaldeasturias.com\/noticias\/author\/admin\/","name":"El Digital de Asturias","image":{"@type":"ImageObject","@id":"https:\/\/www.eldigitaldeasturias.com\/noticias\/entrega-de-las-banderas-del-dia-de-andalucia-en-la-provincia-de-jaen\/#authorImage","url":"https:\/\/secure.gravatar.com\/avatar\/df2aeffc32bcd13f8d26072ef8a91b623d677766deac7f97ca815868cd41bf5e?s=96&d=mm&r=g","width":96,"height":96,"caption":"El Digital de Asturias"}},{"@type":"WebPage","@id":"https:\/\/www.eldigitaldeasturias.com\/noticias\/entrega-de-las-banderas-del-dia-de-andalucia-en-la-provincia-de-jaen\/#webpage","url":"https:\/\/www.eldigitaldeasturias.com\/noticias\/entrega-de-las-banderas-del-dia-de-andalucia-en-la-provincia-de-jaen\/","name":"Entrega de las banderas del D\u00eda de Andaluc\u00eda en la provincia de Ja\u00e9n - El Digital de Asturias","description":"El consejero de Fomento y Vivienda, Felipe L\u00f3pez, ha puesto de relieve los valores de los premiados en la provincia de Ja\u00e9n con motivo de la celebraci\u00f3n del D\u00eda de Andaluc\u00eda el pr\u00f3ximo 28 de febrero, por representar lo mejor de la sociedad andaluza y ser un espejo para seguir avanzando en el futuro en","inLanguage":"es-ES","isPartOf":{"@id":"https:\/\/www.eldigitaldeasturias.com\/noticias\/#website"},"breadcrumb":{"@id":"https:\/\/www.eldigitaldeasturias.com\/noticias\/entrega-de-las-banderas-del-dia-de-andalucia-en-la-provincia-de-jaen\/#breadcrumblist"},"author":{"@id":"https:\/\/www.eldigitaldeasturias.com\/noticias\/author\/admin\/#author"},"creator":{"@id":"https:\/\/www.eldigitaldeasturias.com\/noticias\/author\/admin\/#author"},"image":{"@type":"ImageObject","url":970152,"@id":"https:\/\/www.eldigitaldeasturias.com\/noticias\/entrega-de-las-banderas-del-dia-de-andalucia-en-la-provincia-de-jaen\/#mainImage"},"primaryImageOfPage":{"@id":"https:\/\/www.eldigitaldeasturias.com\/noticias\/entrega-de-las-banderas-del-dia-de-andalucia-en-la-provincia-de-jaen\/#mainImage"},"datePublished":"2018-02-24T15:55:49+01:00","dateModified":"2018-02-24T15:55:49+01:00"},{"@type":"WebSite","@id":"https:\/\/www.eldigitaldeasturias.com\/noticias\/#website","url":"https:\/\/www.eldigitaldeasturias.com\/noticias\/","name":"El Digital de Asturias - Diario de actualidad y noticias","alternateName":"El Digital de Asturias - Diario de actualidad y noticias","description":"Hemeroteca","inLanguage":"es-ES","publisher":{"@id":"https:\/\/www.eldigitaldeasturias.com\/noticias\/#organization"}}]},"og:locale":"es_ES","og:site_name":"El Digital de Asturias","og:type":"article","og:title":"Entrega de las banderas del D\u00eda de Andaluc\u00eda en la provincia de Ja\u00e9n - El Digital de Asturias","og:description":"El consejero de Fomento y Vivienda, Felipe L\u00f3pez, ha puesto de relieve los valores de los premiados en la provincia de Ja\u00e9n con motivo de la celebraci\u00f3n del D\u00eda de Andaluc\u00eda el pr\u00f3ximo 28 de febrero, por representar lo mejor de la sociedad andaluza y ser un espejo para seguir avanzando en el futuro en","og:url":"https:\/\/www.eldigitaldeasturias.com\/noticias\/entrega-de-las-banderas-del-dia-de-andalucia-en-la-provincia-de-jaen\/","article:tag":["actualidad"],"article:published_time":"2018-02-24T15:55:49+00:00","article:modified_time":"2018-02-24T15:55:49+00:00","article:publisher":"https:\/\/facebook.com\/eldigitaldeasturias","twitter:card":"summary_large_image","twitter:title":"Entrega de las banderas del D\u00eda de Andaluc\u00eda en la provincia de Ja\u00e9n - El Digital de Asturias","twitter:description":"El consejero de Fomento y Vivienda, Felipe L\u00f3pez, ha puesto de relieve los valores de los premiados en la provincia de Ja\u00e9n con motivo de la celebraci\u00f3n del D\u00eda de Andaluc\u00eda el pr\u00f3ximo 28 de febrero, por representar lo mejor de la sociedad andaluza y ser un espejo para seguir avanzando en el futuro en","twitter:image":"https:\/\/www.eldigitaldeasturias.com\/noticias\/wp-content\/uploads\/2020\/12\/EDA-1.jpg","twitter:label1":"Escrito por","twitter:data1":"El Digital de Asturias","twitter:label2":"Tiempo de lectura estimado","twitter:data2":"11 minutos"},"aioseo_meta_data":{"post_id":"970151","title":null,"description":null,"keywords":null,"keyphrases":null,"primary_term":null,"canonical_url":null,"og_title":null,"og_description":null,"og_object_type":"default","og_image_type":"default","og_image_url":null,"og_image_width":null,"og_image_height":null,"og_image_custom_url":null,"og_image_custom_fields":null,"og_video":null,"og_custom_url":null,"og_article_section":null,"og_article_tags":null,"twitter_use_og":false,"twitter_card":"default","twitter_image_type":"default","twitter_image_url":null,"twitter_image_custom_url":null,"twitter_image_custom_fields":null,"twitter_title":null,"twitter_description":null,"schema":{"blockGraphs":[],"customGraphs":[],"default":{"data":{"Article":[],"Course":[],"Dataset":[],"FAQPage":[],"Movie":[],"Person":[],"Product":[],"ProductReview":[],"Car":[],"Recipe":[],"Service":[],"SoftwareApplication":[],"WebPage":[]},"graphName":"","isEnabled":true},"graphs":[],"defaultGraph":"","defaultPostTypeGraph":""},"schema_type":null,"schema_type_options":null,"pillar_content":false,"robots_default":true,"robots_noindex":false,"robots_noarchive":false,"robots_nosnippet":false,"robots_nofollow":false,"robots_noimageindex":false,"robots_noodp":false,"robots_notranslate":false,"robots_max_snippet":null,"robots_max_videopreview":null,"robots_max_imagepreview":"large","priority":null,"frequency":null,"local_seo":null,"seo_analyzer_scan_date":"2025-10-07 04:35:02","breadcrumb_settings":null,"limit_modified_date":false,"open_ai":null,"ai":null,"created":"2020-12-21 12:25:37","updated":"2025-10-07 04:35:02","focus_keyword":null,"additional_keywords":null,"truseo_locale":null},"aioseo_breadcrumb":"<div class=\"aioseo-breadcrumbs\"><span class=\"aioseo-breadcrumb\">\n\t<a href=\"https:\/\/www.eldigitaldeasturias.com\/noticias\" title=\"Home\">Home<\/a>\n<\/span><span class=\"aioseo-breadcrumb-separator\">\u2013<\/span><span class=\"aioseo-breadcrumb\">\n\t<a href=\"https:\/\/www.eldigitaldeasturias.com\/noticias\/category\/actualidad\/\" title=\"Actualidad\">Actualidad<\/a>\n<\/span><span class=\"aioseo-breadcrumb-separator\">\u2013<\/span><span class=\"aioseo-breadcrumb\">\n\t<a href=\"https:\/\/www.eldigitaldeasturias.com\/noticias\/entrega-de-las-banderas-del-dia-de-andalucia-en-la-provincia-de-jaen\/\" title=\"Entrega de las banderas del D\u00eda de Andaluc\u00eda en la provincia de Ja\u00e9n\">Entrega de las banderas del D\u00eda de Andaluc\u00eda en la provincia de Ja\u00e9n<\/a>\n<\/span><\/div>","aioseo_breadcrumb_json":[{"label":"Home","link":"https:\/\/www.eldigitaldeasturias.com\/noticias"},{"label":"Actualidad","link":"https:\/\/www.eldigitaldeasturias.com\/noticias\/category\/actualidad\/"},{"label":"Entrega de las banderas del D\u00eda de Andaluc\u00eda en la provincia de Ja\u00e9n","link":"https:\/\/www.eldigitaldeasturias.com\/noticias\/entrega-de-las-banderas-del-dia-de-andalucia-en-la-provincia-de-jaen\/"}],"_links":{"self":[{"href":"https:\/\/www.eldigitaldeasturias.com\/noticias\/wp-json\/wp\/v2\/posts\/970151","targetHints":{"allow":["GET"]}}],"collection":[{"href":"https:\/\/www.eldigitaldeasturias.com\/noticias\/wp-json\/wp\/v2\/posts"}],"about":[{"href":"https:\/\/www.eldigitaldeasturias.com\/noticias\/wp-json\/wp\/v2\/types\/post"}],"author":[{"embeddable":true,"href":"https:\/\/www.eldigitaldeasturias.com\/noticias\/wp-json\/wp\/v2\/users\/1"}],"replies":[{"embeddable":true,"href":"https:\/\/www.eldigitaldeasturias.com\/noticias\/wp-json\/wp\/v2\/comments?post=970151"}],"version-history":[{"count":0,"href":"https:\/\/www.eldigitaldeasturias.com\/noticias\/wp-json\/wp\/v2\/posts\/970151\/revisions"}],"wp:attachment":[{"href":"https:\/\/www.eldigitaldeasturias.com\/noticias\/wp-json\/wp\/v2\/media?parent=970151"}],"wp:term":[{"taxonomy":"category","embeddable":true,"href":"https:\/\/www.eldigitaldeasturias.com\/noticias\/wp-json\/wp\/v2\/categories?post=970151"},{"taxonomy":"post_tag","embeddable":true,"href":"https:\/\/www.eldigitaldeasturias.com\/noticias\/wp-json\/wp\/v2\/tags?post=970151"}],"curies":[{"name":"wp","href":"https:\/\/api.w.org\/{rel}","templated":true}]}}