{"id":970138,"date":"2018-02-24T13:15:49","date_gmt":"2018-02-24T13:15:49","guid":{"rendered":"http:\/\/www.eldigitaldeasturias.com\/noticias\/?p=970138"},"modified":"2018-02-24T13:15:49","modified_gmt":"2018-02-24T13:15:49","slug":"cospedal-las-fuerzas-armadas-garatizan-que-nadie-ponga-en-duda-el-derecho-a-sentirnos-protegidos","status":"publish","type":"post","link":"https:\/\/www.eldigitaldeasturias.com\/noticias\/cospedal-las-fuerzas-armadas-garatizan-que-nadie-ponga-en-duda-el-derecho-a-sentirnos-protegidos\/","title":{"rendered":"Cospedal: \u00abLas Fuerzas Armadas garatizan que nadie ponga en duda el derecho a sentirnos protegidos\u00bb"},"content":{"rendered":"<p><img loading=\"lazy\" decoding=\"async\" class=\"alignleft size-medium wp-image-970139\" src=\"https:\/\/www.eldigitaldeasturias.com\/noticias\/wp-content\/uploads\/2018\/02\/paracaidistas-360x239.jpg\" alt=\"\" width=\"360\" height=\"239\" \/>La ministra de Defensa, Mar\u00eda Dolores de Cospedal, ha destacado que \u00ablos 120.000 hombres y mujeres que componen las Fuerzas Armadas est\u00e1n siempre alertas para que el derecho de los espa\u00f1oles a sentirnos protegidos en nuestro propio hogar sea un derecho que nadie pueda poner en duda o erosionar\u00bb.<\/p>\n<p>\u00abSu principal deber es ser la primera l\u00ednea de defensa en ese derecho fundamental. Su misi\u00f3n, la libertad de todos los espa\u00f1oles, la democracia y la igualdad\u00bb, ha a\u00f1adido la ministra durante el acto del LXIV aniversario de la creaci\u00f3n de las Fuerzas Paracaidistas en el Ej\u00e9rcito de Tierra, en la base &#8216;Pr\u00edncipe&#8217;, sede de la Brigada \u00abAlmog\u00e1vares\u00bb VI de Paracaidistas.<\/p>\n<p><strong>Defender lo nuestro<\/strong><\/p>\n<p>Mar\u00eda Dolores de Cospedal ha resaltado que esta brigada supone \u00abuna herramienta s\u00f3lida y eficaz al servicio de todos los espa\u00f1oles\u00bb y ha agradecido su trabajo actual pero tambi\u00e9n el desempe\u00f1ado por los veteranos de estas unidades (muchos de ellos presentes en el acto celebrado hoy) durante las \u00faltimas seis d\u00e9cadas de despliegues nacionales e internacionales.<\/p>\n<p>En este sentido, Mar\u00eda Dolores de Cospedal ha apuntado que \u00abes la seguridad de cada espa\u00f1ol, cada ni\u00f1o, cada escuela, cada calle y cada campo la que ustedes garantizan cuando su unidad se prepara para realizar su cometido\u00bb.<\/p>\n<p><strong>Presencia internacional<\/strong><\/p>\n<p>\u00abEs a toda Espa\u00f1a a quien defienden cuando sirven lejos de sus casas\u00bb, ha a\u00f1adido antes de recordar que la Brigada de Paracaidistas se ha desplegado a lo largo de sus historia en lugares como la antigua Yugoslavia, Mozambique, Afganist\u00e1n, Pakist\u00e1n, L\u00edbano y en labores de instrucci\u00f3n de otros ej\u00e9rcitos en Somalia, Mal\u00ed e Irak. Precisamente, en estos dos \u00faltimos pa\u00edses volver\u00e1n a estar presentes en primavera.<\/p>\n<p>En todas ellas, ha incidido la ministra, han demostrado su \u00abval\u00eda sobre el terreno\u00bb, toda vez que \u00abhan entrenado duro a diario porque ten\u00edan que estar preparadas para cuando se les reclamase\u00bb. \u00abEn todos y cada uno de estos despliegues han dejado su impronta de profesionalidad, humanidad y eficacia\u00bb, ha se\u00f1alado, y eso es motivo de orgullo para todos los espa\u00f1oles.<\/p>\n<p><strong>Aniversario del primer lanzamiento<\/strong><\/p>\n<p>Los actos de hoy han incluido una parada militar, junto con una imposici\u00f3n de condecoraciones y la entrega del t\u00edtulo de &#8216;Caballero Almog\u00e1var Paracaidista de Honor&#8217; y el caracter\u00edstico &#8216;Trofeo 23 de febrero&#8217;.<\/p>\n<p>La parada ha finalizado con el desfile de las unidades participantes y un salto paracaidista en apertura manual de una patrulla t\u00e1ctica y una deportiva.<\/p>\n<p>La I\u00aa Bandera Paracaidista del Ej\u00e9rcito de Tierra se cre\u00f3 el 17 de octubre de 1953 y el 23 de febrero de 1954, estas nuevas fuerzas realizaron su primer lanzamiento en la Escuela Militar de Paracaidismo &#8216;M\u00e9ndez Parada&#8217; del Ej\u00e9rcito del Aire, en Alcantarilla, Murcia.<\/p>\n","protected":false},"excerpt":{"rendered":"<p>La ministra de Defensa, Mar\u00eda Dolores de Cospedal, ha destacado que \u00ablos 120.000 hombres y mujeres que componen las Fuerzas Armadas est\u00e1n siempre alertas para que el derecho de los espa\u00f1oles a sentirnos protegidos en nuestro propio hogar sea un derecho que nadie pueda poner en duda o erosionar\u00bb. \u00abSu principal deber es ser la [&hellip;]<\/p>\n","protected":false},"author":1,"featured_media":970139,"comment_status":"closed","ping_status":"closed","sticky":false,"template":"","format":"standard","meta":{"footnotes":""},"categories":[1],"tags":[],"class_list":["post-970138","post","type-post","status-publish","format-standard","has-post-thumbnail","hentry","category-actualidad"],"aioseo_notices":[],"aioseo_head":"\n\t\t<!-- All in One SEO Pro 5.0.1 - aioseo.com -->\n\t<meta name=\"description\" content=\"La ministra de Defensa, Mar\u00eda Dolores de Cospedal, ha destacado que &quot;los 120.000 hombres y mujeres que componen las Fuerzas Armadas est\u00e1n siempre alertas para que el derecho de los espa\u00f1oles a sentirnos protegidos en nuestro propio hogar sea un derecho que nadie pueda poner en duda o erosionar&quot;. &quot;Su principal deber es ser la\" \/>\n\t<meta name=\"robots\" content=\"max-image-preview:large\" \/>\n\t<meta name=\"author\" content=\"El Digital de Asturias\"\/>\n\t<meta name=\"google-site-verification\" content=\"UA-38556648-1\" \/>\n\t<meta name=\"msvalidate.01\" content=\"7dfe9f3f1b24437ab69f4f2559babe99\" \/>\n\t<meta name=\"keywords\" content=\"actualidad\" \/>\n\t<link rel=\"canonical\" href=\"https:\/\/www.eldigitaldeasturias.com\/noticias\/cospedal-las-fuerzas-armadas-garatizan-que-nadie-ponga-en-duda-el-derecho-a-sentirnos-protegidos\/\" \/>\n\t<meta name=\"generator\" content=\"All in One SEO Pro (AIOSEO) 5.0.1\" \/>\n\t\t<meta property=\"og:locale\" content=\"es_ES\" \/>\n\t\t<meta property=\"og:site_name\" content=\"El Digital de Asturias\" \/>\n\t\t<meta property=\"og:type\" content=\"article\" \/>\n\t\t<meta property=\"og:title\" content=\"Cospedal: \u00abLas Fuerzas Armadas garatizan que nadie ponga en duda el derecho a sentirnos protegidos\u00bb - El Digital de Asturias\" \/>\n\t\t<meta property=\"og:description\" content=\"La ministra de Defensa, Mar\u00eda Dolores de Cospedal, ha destacado que &quot;los 120.000 hombres y mujeres que componen las Fuerzas Armadas est\u00e1n siempre alertas para que el derecho de los espa\u00f1oles a sentirnos protegidos en nuestro propio hogar sea un derecho que nadie pueda poner en duda o erosionar&quot;. &quot;Su principal deber es ser la\" \/>\n\t\t<meta property=\"og:url\" content=\"https:\/\/www.eldigitaldeasturias.com\/noticias\/cospedal-las-fuerzas-armadas-garatizan-que-nadie-ponga-en-duda-el-derecho-a-sentirnos-protegidos\/\" \/>\n\t\t<meta property=\"article:tag\" content=\"actualidad\" \/>\n\t\t<meta property=\"article:published_time\" content=\"2018-02-24T13:15:49+00:00\" \/>\n\t\t<meta property=\"article:modified_time\" content=\"2018-02-24T13:15:49+00:00\" \/>\n\t\t<meta property=\"article:publisher\" content=\"https:\/\/facebook.com\/eldigitaldeasturias\" \/>\n\t\t<meta name=\"twitter:card\" content=\"summary_large_image\" \/>\n\t\t<meta name=\"twitter:title\" content=\"Cospedal: \u00abLas Fuerzas Armadas garatizan que nadie ponga en duda el derecho a sentirnos protegidos\u00bb - El Digital de Asturias\" \/>\n\t\t<meta name=\"twitter:description\" content=\"La ministra de Defensa, Mar\u00eda Dolores de Cospedal, ha destacado que &quot;los 120.000 hombres y mujeres que componen las Fuerzas Armadas est\u00e1n siempre alertas para que el derecho de los espa\u00f1oles a sentirnos protegidos en nuestro propio hogar sea un derecho que nadie pueda poner en duda o erosionar&quot;. &quot;Su principal deber es ser la\" \/>\n\t\t<meta name=\"twitter:image\" content=\"https:\/\/www.eldigitaldeasturias.com\/noticias\/wp-content\/uploads\/2020\/12\/EDA-1.jpg\" \/>\n\t\t<meta name=\"twitter:label1\" content=\"Escrito por\" \/>\n\t\t<meta name=\"twitter:data1\" content=\"El Digital de Asturias\" \/>\n\t\t<meta name=\"twitter:label2\" content=\"Tiempo de lectura estimado\" \/>\n\t\t<meta name=\"twitter:data2\" content=\"2 minutos\" \/>\n\t\t<script type=\"application\/ld+json\" class=\"aioseo-schema\">\n\t\t\t{\"@context\":\"https:\\\/\\\/schema.org\",\"@graph\":[{\"@type\":\"BlogPosting\",\"@id\":\"https:\\\/\\\/www.eldigitaldeasturias.com\\\/noticias\\\/cospedal-las-fuerzas-armadas-garatizan-que-nadie-ponga-en-duda-el-derecho-a-sentirnos-protegidos\\\/#blogposting\",\"name\":\"Cospedal: \\u00abLas Fuerzas Armadas garatizan que nadie ponga en duda el derecho a sentirnos protegidos\\u00bb - El Digital de Asturias\",\"headline\":\"Cospedal: \\u00abLas Fuerzas Armadas garatizan que nadie ponga en duda el derecho a sentirnos protegidos\\u00bb\",\"author\":{\"@id\":\"https:\\\/\\\/www.eldigitaldeasturias.com\\\/noticias\\\/author\\\/admin\\\/#author\"},\"publisher\":{\"@id\":\"https:\\\/\\\/www.eldigitaldeasturias.com\\\/noticias\\\/#organization\"},\"image\":{\"@type\":\"ImageObject\",\"url\":970139},\"datePublished\":\"2018-02-24T13:15:49+01:00\",\"dateModified\":\"2018-02-24T13:15:49+01:00\",\"inLanguage\":\"es-ES\",\"mainEntityOfPage\":{\"@id\":\"https:\\\/\\\/www.eldigitaldeasturias.com\\\/noticias\\\/cospedal-las-fuerzas-armadas-garatizan-que-nadie-ponga-en-duda-el-derecho-a-sentirnos-protegidos\\\/#webpage\"},\"isPartOf\":{\"@id\":\"https:\\\/\\\/www.eldigitaldeasturias.com\\\/noticias\\\/cospedal-las-fuerzas-armadas-garatizan-que-nadie-ponga-en-duda-el-derecho-a-sentirnos-protegidos\\\/#webpage\"},\"articleSection\":\"Actualidad\"},{\"@type\":\"BreadcrumbList\",\"@id\":\"https:\\\/\\\/www.eldigitaldeasturias.com\\\/noticias\\\/cospedal-las-fuerzas-armadas-garatizan-que-nadie-ponga-en-duda-el-derecho-a-sentirnos-protegidos\\\/#breadcrumblist\",\"itemListElement\":[{\"@type\":\"ListItem\",\"@id\":\"https:\\\/\\\/www.eldigitaldeasturias.com\\\/noticias#listItem\",\"position\":1,\"name\":\"Home\",\"item\":\"https:\\\/\\\/www.eldigitaldeasturias.com\\\/noticias\",\"nextItem\":{\"@type\":\"ListItem\",\"@id\":\"https:\\\/\\\/www.eldigitaldeasturias.com\\\/noticias\\\/category\\\/actualidad\\\/#listItem\",\"name\":\"Actualidad\"}},{\"@type\":\"ListItem\",\"@id\":\"https:\\\/\\\/www.eldigitaldeasturias.com\\\/noticias\\\/category\\\/actualidad\\\/#listItem\",\"position\":2,\"name\":\"Actualidad\",\"item\":\"https:\\\/\\\/www.eldigitaldeasturias.com\\\/noticias\\\/category\\\/actualidad\\\/\",\"nextItem\":{\"@type\":\"ListItem\",\"@id\":\"https:\\\/\\\/www.eldigitaldeasturias.com\\\/noticias\\\/cospedal-las-fuerzas-armadas-garatizan-que-nadie-ponga-en-duda-el-derecho-a-sentirnos-protegidos\\\/#listItem\",\"name\":\"Cospedal: \\u00abLas Fuerzas Armadas garatizan que nadie ponga en duda el derecho a sentirnos protegidos\\u00bb\"},\"previousItem\":{\"@type\":\"ListItem\",\"@id\":\"https:\\\/\\\/www.eldigitaldeasturias.com\\\/noticias#listItem\",\"name\":\"Home\"}},{\"@type\":\"ListItem\",\"@id\":\"https:\\\/\\\/www.eldigitaldeasturias.com\\\/noticias\\\/cospedal-las-fuerzas-armadas-garatizan-que-nadie-ponga-en-duda-el-derecho-a-sentirnos-protegidos\\\/#listItem\",\"position\":3,\"name\":\"Cospedal: \\u00abLas Fuerzas Armadas garatizan que nadie ponga en duda el derecho a sentirnos protegidos\\u00bb\",\"previousItem\":{\"@type\":\"ListItem\",\"@id\":\"https:\\\/\\\/www.eldigitaldeasturias.com\\\/noticias\\\/category\\\/actualidad\\\/#listItem\",\"name\":\"Actualidad\"}}]},{\"@type\":\"Organization\",\"@id\":\"https:\\\/\\\/www.eldigitaldeasturias.com\\\/noticias\\\/#organization\",\"name\":\"El Digital de Asturias\",\"description\":\"Hemeroteca\",\"url\":\"https:\\\/\\\/www.eldigitaldeasturias.com\\\/noticias\\\/\",\"email\":\"info@eldigitaldeasturias.com\",\"telephone\":\"+34652131393\",\"logo\":{\"@type\":\"ImageObject\",\"url\":\"https:\\\/\\\/www.eldigitaldeasturias.com\\\/noticias\\\/wp-content\\\/uploads\\\/2020\\\/12\\\/EDA.jpg\",\"@id\":\"https:\\\/\\\/www.eldigitaldeasturias.com\\\/noticias\\\/cospedal-las-fuerzas-armadas-garatizan-que-nadie-ponga-en-duda-el-derecho-a-sentirnos-protegidos\\\/#organizationLogo\"},\"image\":{\"@id\":\"https:\\\/\\\/www.eldigitaldeasturias.com\\\/noticias\\\/cospedal-las-fuerzas-armadas-garatizan-que-nadie-ponga-en-duda-el-derecho-a-sentirnos-protegidos\\\/#organizationLogo\"},\"sameAs\":[\"https:\\\/\\\/facebook.com\\\/eldigitaldeasturias\",\"https:\\\/\\\/www.youtube.com\\\/channel\\\/UCZP-2wLEB9Rv6erhFmqVnvg\"],\"address\":{\"@id\":\"https:\\\/\\\/www.eldigitaldeasturias.com\\\/noticias\\\/#postaladdress\",\"@type\":\"PostalAddress\",\"streetAddress\":\"san antonio 4\",\"postalCode\":\"33430\",\"addressLocality\":\"Cand\\u00e1s\",\"addressRegion\":\"Asturias\",\"addressCountry\":\"ES\"}},{\"@type\":\"Person\",\"@id\":\"https:\\\/\\\/www.eldigitaldeasturias.com\\\/noticias\\\/author\\\/admin\\\/#author\",\"url\":\"https:\\\/\\\/www.eldigitaldeasturias.com\\\/noticias\\\/author\\\/admin\\\/\",\"name\":\"El Digital de Asturias\",\"image\":{\"@type\":\"ImageObject\",\"@id\":\"https:\\\/\\\/www.eldigitaldeasturias.com\\\/noticias\\\/cospedal-las-fuerzas-armadas-garatizan-que-nadie-ponga-en-duda-el-derecho-a-sentirnos-protegidos\\\/#authorImage\",\"url\":\"https:\\\/\\\/secure.gravatar.com\\\/avatar\\\/df2aeffc32bcd13f8d26072ef8a91b623d677766deac7f97ca815868cd41bf5e?s=96&d=mm&r=g\",\"width\":96,\"height\":96,\"caption\":\"El Digital de Asturias\"}},{\"@type\":\"WebPage\",\"@id\":\"https:\\\/\\\/www.eldigitaldeasturias.com\\\/noticias\\\/cospedal-las-fuerzas-armadas-garatizan-que-nadie-ponga-en-duda-el-derecho-a-sentirnos-protegidos\\\/#webpage\",\"url\":\"https:\\\/\\\/www.eldigitaldeasturias.com\\\/noticias\\\/cospedal-las-fuerzas-armadas-garatizan-que-nadie-ponga-en-duda-el-derecho-a-sentirnos-protegidos\\\/\",\"name\":\"Cospedal: \\u00abLas Fuerzas Armadas garatizan que nadie ponga en duda el derecho a sentirnos protegidos\\u00bb - El Digital de Asturias\",\"description\":\"La ministra de Defensa, Mar\\u00eda Dolores de Cospedal, ha destacado que \\\"los 120.000 hombres y mujeres que componen las Fuerzas Armadas est\\u00e1n siempre alertas para que el derecho de los espa\\u00f1oles a sentirnos protegidos en nuestro propio hogar sea un derecho que nadie pueda poner en duda o erosionar\\\". \\\"Su principal deber es ser la\",\"inLanguage\":\"es-ES\",\"isPartOf\":{\"@id\":\"https:\\\/\\\/www.eldigitaldeasturias.com\\\/noticias\\\/#website\"},\"breadcrumb\":{\"@id\":\"https:\\\/\\\/www.eldigitaldeasturias.com\\\/noticias\\\/cospedal-las-fuerzas-armadas-garatizan-que-nadie-ponga-en-duda-el-derecho-a-sentirnos-protegidos\\\/#breadcrumblist\"},\"author\":{\"@id\":\"https:\\\/\\\/www.eldigitaldeasturias.com\\\/noticias\\\/author\\\/admin\\\/#author\"},\"creator\":{\"@id\":\"https:\\\/\\\/www.eldigitaldeasturias.com\\\/noticias\\\/author\\\/admin\\\/#author\"},\"image\":{\"@type\":\"ImageObject\",\"url\":970139,\"@id\":\"https:\\\/\\\/www.eldigitaldeasturias.com\\\/noticias\\\/cospedal-las-fuerzas-armadas-garatizan-que-nadie-ponga-en-duda-el-derecho-a-sentirnos-protegidos\\\/#mainImage\"},\"primaryImageOfPage\":{\"@id\":\"https:\\\/\\\/www.eldigitaldeasturias.com\\\/noticias\\\/cospedal-las-fuerzas-armadas-garatizan-que-nadie-ponga-en-duda-el-derecho-a-sentirnos-protegidos\\\/#mainImage\"},\"datePublished\":\"2018-02-24T13:15:49+01:00\",\"dateModified\":\"2018-02-24T13:15:49+01:00\"},{\"@type\":\"WebSite\",\"@id\":\"https:\\\/\\\/www.eldigitaldeasturias.com\\\/noticias\\\/#website\",\"url\":\"https:\\\/\\\/www.eldigitaldeasturias.com\\\/noticias\\\/\",\"name\":\"El Digital de Asturias - Diario de actualidad y noticias\",\"alternateName\":\"El Digital de Asturias - Diario de actualidad y noticias\",\"description\":\"Hemeroteca\",\"inLanguage\":\"es-ES\",\"publisher\":{\"@id\":\"https:\\\/\\\/www.eldigitaldeasturias.com\\\/noticias\\\/#organization\"}}]}\n\t\t<\/script>\n\t\t<!-- All in One SEO Pro -->\r\n\t\t<title>Cospedal: \u00abLas Fuerzas Armadas garatizan que nadie ponga en duda el derecho a sentirnos protegidos\u00bb - El Digital de Asturias<\/title>\n\n","aioseo_head_json":{"title":"Cospedal: \u00abLas Fuerzas Armadas garatizan que nadie ponga en duda el derecho a sentirnos protegidos\u00bb - El Digital de Asturias","description":"La ministra de Defensa, Mar\u00eda Dolores de Cospedal, ha destacado que \"los 120.000 hombres y mujeres que componen las Fuerzas Armadas est\u00e1n siempre alertas para que el derecho de los espa\u00f1oles a sentirnos protegidos en nuestro propio hogar sea un derecho que nadie pueda poner en duda o erosionar\". \"Su principal deber es ser la","canonical_url":"https:\/\/www.eldigitaldeasturias.com\/noticias\/cospedal-las-fuerzas-armadas-garatizan-que-nadie-ponga-en-duda-el-derecho-a-sentirnos-protegidos\/","robots":"max-image-preview:large","keywords":"actualidad","webmasterTools":{"google-site-verification":"UA-38556648-1","msvalidate.01":"7dfe9f3f1b24437ab69f4f2559babe99","miscellaneous":""},"schema":{"@context":"https:\/\/schema.org","@graph":[{"@type":"BlogPosting","@id":"https:\/\/www.eldigitaldeasturias.com\/noticias\/cospedal-las-fuerzas-armadas-garatizan-que-nadie-ponga-en-duda-el-derecho-a-sentirnos-protegidos\/#blogposting","name":"Cospedal: \u00abLas Fuerzas Armadas garatizan que nadie ponga en duda el derecho a sentirnos protegidos\u00bb - El Digital de Asturias","headline":"Cospedal: \u00abLas Fuerzas Armadas garatizan que nadie ponga en duda el derecho a sentirnos protegidos\u00bb","author":{"@id":"https:\/\/www.eldigitaldeasturias.com\/noticias\/author\/admin\/#author"},"publisher":{"@id":"https:\/\/www.eldigitaldeasturias.com\/noticias\/#organization"},"image":{"@type":"ImageObject","url":970139},"datePublished":"2018-02-24T13:15:49+01:00","dateModified":"2018-02-24T13:15:49+01:00","inLanguage":"es-ES","mainEntityOfPage":{"@id":"https:\/\/www.eldigitaldeasturias.com\/noticias\/cospedal-las-fuerzas-armadas-garatizan-que-nadie-ponga-en-duda-el-derecho-a-sentirnos-protegidos\/#webpage"},"isPartOf":{"@id":"https:\/\/www.eldigitaldeasturias.com\/noticias\/cospedal-las-fuerzas-armadas-garatizan-que-nadie-ponga-en-duda-el-derecho-a-sentirnos-protegidos\/#webpage"},"articleSection":"Actualidad"},{"@type":"BreadcrumbList","@id":"https:\/\/www.eldigitaldeasturias.com\/noticias\/cospedal-las-fuerzas-armadas-garatizan-que-nadie-ponga-en-duda-el-derecho-a-sentirnos-protegidos\/#breadcrumblist","itemListElement":[{"@type":"ListItem","@id":"https:\/\/www.eldigitaldeasturias.com\/noticias#listItem","position":1,"name":"Home","item":"https:\/\/www.eldigitaldeasturias.com\/noticias","nextItem":{"@type":"ListItem","@id":"https:\/\/www.eldigitaldeasturias.com\/noticias\/category\/actualidad\/#listItem","name":"Actualidad"}},{"@type":"ListItem","@id":"https:\/\/www.eldigitaldeasturias.com\/noticias\/category\/actualidad\/#listItem","position":2,"name":"Actualidad","item":"https:\/\/www.eldigitaldeasturias.com\/noticias\/category\/actualidad\/","nextItem":{"@type":"ListItem","@id":"https:\/\/www.eldigitaldeasturias.com\/noticias\/cospedal-las-fuerzas-armadas-garatizan-que-nadie-ponga-en-duda-el-derecho-a-sentirnos-protegidos\/#listItem","name":"Cospedal: \u00abLas Fuerzas Armadas garatizan que nadie ponga en duda el derecho a sentirnos protegidos\u00bb"},"previousItem":{"@type":"ListItem","@id":"https:\/\/www.eldigitaldeasturias.com\/noticias#listItem","name":"Home"}},{"@type":"ListItem","@id":"https:\/\/www.eldigitaldeasturias.com\/noticias\/cospedal-las-fuerzas-armadas-garatizan-que-nadie-ponga-en-duda-el-derecho-a-sentirnos-protegidos\/#listItem","position":3,"name":"Cospedal: \u00abLas Fuerzas Armadas garatizan que nadie ponga en duda el derecho a sentirnos protegidos\u00bb","previousItem":{"@type":"ListItem","@id":"https:\/\/www.eldigitaldeasturias.com\/noticias\/category\/actualidad\/#listItem","name":"Actualidad"}}]},{"@type":"Organization","@id":"https:\/\/www.eldigitaldeasturias.com\/noticias\/#organization","name":"El Digital de Asturias","description":"Hemeroteca","url":"https:\/\/www.eldigitaldeasturias.com\/noticias\/","email":"info@eldigitaldeasturias.com","telephone":"+34652131393","logo":{"@type":"ImageObject","url":"https:\/\/www.eldigitaldeasturias.com\/noticias\/wp-content\/uploads\/2020\/12\/EDA.jpg","@id":"https:\/\/www.eldigitaldeasturias.com\/noticias\/cospedal-las-fuerzas-armadas-garatizan-que-nadie-ponga-en-duda-el-derecho-a-sentirnos-protegidos\/#organizationLogo"},"image":{"@id":"https:\/\/www.eldigitaldeasturias.com\/noticias\/cospedal-las-fuerzas-armadas-garatizan-que-nadie-ponga-en-duda-el-derecho-a-sentirnos-protegidos\/#organizationLogo"},"sameAs":["https:\/\/facebook.com\/eldigitaldeasturias","https:\/\/www.youtube.com\/channel\/UCZP-2wLEB9Rv6erhFmqVnvg"],"address":{"@id":"https:\/\/www.eldigitaldeasturias.com\/noticias\/#postaladdress","@type":"PostalAddress","streetAddress":"san antonio 4","postalCode":"33430","addressLocality":"Cand\u00e1s","addressRegion":"Asturias","addressCountry":"ES"}},{"@type":"Person","@id":"https:\/\/www.eldigitaldeasturias.com\/noticias\/author\/admin\/#author","url":"https:\/\/www.eldigitaldeasturias.com\/noticias\/author\/admin\/","name":"El Digital de Asturias","image":{"@type":"ImageObject","@id":"https:\/\/www.eldigitaldeasturias.com\/noticias\/cospedal-las-fuerzas-armadas-garatizan-que-nadie-ponga-en-duda-el-derecho-a-sentirnos-protegidos\/#authorImage","url":"https:\/\/secure.gravatar.com\/avatar\/df2aeffc32bcd13f8d26072ef8a91b623d677766deac7f97ca815868cd41bf5e?s=96&d=mm&r=g","width":96,"height":96,"caption":"El Digital de Asturias"}},{"@type":"WebPage","@id":"https:\/\/www.eldigitaldeasturias.com\/noticias\/cospedal-las-fuerzas-armadas-garatizan-que-nadie-ponga-en-duda-el-derecho-a-sentirnos-protegidos\/#webpage","url":"https:\/\/www.eldigitaldeasturias.com\/noticias\/cospedal-las-fuerzas-armadas-garatizan-que-nadie-ponga-en-duda-el-derecho-a-sentirnos-protegidos\/","name":"Cospedal: \u00abLas Fuerzas Armadas garatizan que nadie ponga en duda el derecho a sentirnos protegidos\u00bb - El Digital de Asturias","description":"La ministra de Defensa, Mar\u00eda Dolores de Cospedal, ha destacado que \"los 120.000 hombres y mujeres que componen las Fuerzas Armadas est\u00e1n siempre alertas para que el derecho de los espa\u00f1oles a sentirnos protegidos en nuestro propio hogar sea un derecho que nadie pueda poner en duda o erosionar\". \"Su principal deber es ser la","inLanguage":"es-ES","isPartOf":{"@id":"https:\/\/www.eldigitaldeasturias.com\/noticias\/#website"},"breadcrumb":{"@id":"https:\/\/www.eldigitaldeasturias.com\/noticias\/cospedal-las-fuerzas-armadas-garatizan-que-nadie-ponga-en-duda-el-derecho-a-sentirnos-protegidos\/#breadcrumblist"},"author":{"@id":"https:\/\/www.eldigitaldeasturias.com\/noticias\/author\/admin\/#author"},"creator":{"@id":"https:\/\/www.eldigitaldeasturias.com\/noticias\/author\/admin\/#author"},"image":{"@type":"ImageObject","url":970139,"@id":"https:\/\/www.eldigitaldeasturias.com\/noticias\/cospedal-las-fuerzas-armadas-garatizan-que-nadie-ponga-en-duda-el-derecho-a-sentirnos-protegidos\/#mainImage"},"primaryImageOfPage":{"@id":"https:\/\/www.eldigitaldeasturias.com\/noticias\/cospedal-las-fuerzas-armadas-garatizan-que-nadie-ponga-en-duda-el-derecho-a-sentirnos-protegidos\/#mainImage"},"datePublished":"2018-02-24T13:15:49+01:00","dateModified":"2018-02-24T13:15:49+01:00"},{"@type":"WebSite","@id":"https:\/\/www.eldigitaldeasturias.com\/noticias\/#website","url":"https:\/\/www.eldigitaldeasturias.com\/noticias\/","name":"El Digital de Asturias - Diario de actualidad y noticias","alternateName":"El Digital de Asturias - Diario de actualidad y noticias","description":"Hemeroteca","inLanguage":"es-ES","publisher":{"@id":"https:\/\/www.eldigitaldeasturias.com\/noticias\/#organization"}}]},"og:locale":"es_ES","og:site_name":"El Digital de Asturias","og:type":"article","og:title":"Cospedal: \u00abLas Fuerzas Armadas garatizan que nadie ponga en duda el derecho a sentirnos protegidos\u00bb - El Digital de Asturias","og:description":"La ministra de Defensa, Mar\u00eda Dolores de Cospedal, ha destacado que &quot;los 120.000 hombres y mujeres que componen las Fuerzas Armadas est\u00e1n siempre alertas para que el derecho de los espa\u00f1oles a sentirnos protegidos en nuestro propio hogar sea un derecho que nadie pueda poner en duda o erosionar&quot;. &quot;Su principal deber es ser la","og:url":"https:\/\/www.eldigitaldeasturias.com\/noticias\/cospedal-las-fuerzas-armadas-garatizan-que-nadie-ponga-en-duda-el-derecho-a-sentirnos-protegidos\/","article:tag":["actualidad"],"article:published_time":"2018-02-24T13:15:49+00:00","article:modified_time":"2018-02-24T13:15:49+00:00","article:publisher":"https:\/\/facebook.com\/eldigitaldeasturias","twitter:card":"summary_large_image","twitter:title":"Cospedal: \u00abLas Fuerzas Armadas garatizan que nadie ponga en duda el derecho a sentirnos protegidos\u00bb - El Digital de Asturias","twitter:description":"La ministra de Defensa, Mar\u00eda Dolores de Cospedal, ha destacado que &quot;los 120.000 hombres y mujeres que componen las Fuerzas Armadas est\u00e1n siempre alertas para que el derecho de los espa\u00f1oles a sentirnos protegidos en nuestro propio hogar sea un derecho que nadie pueda poner en duda o erosionar&quot;. &quot;Su principal deber es ser la","twitter:image":"https:\/\/www.eldigitaldeasturias.com\/noticias\/wp-content\/uploads\/2020\/12\/EDA-1.jpg","twitter:label1":"Escrito por","twitter:data1":"El Digital de Asturias","twitter:label2":"Tiempo de lectura estimado","twitter:data2":"2 minutos"},"aioseo_meta_data":{"post_id":"970138","title":null,"description":null,"keywords":null,"keyphrases":null,"primary_term":null,"canonical_url":null,"og_title":null,"og_description":null,"og_object_type":"default","og_image_type":"default","og_image_url":null,"og_image_width":null,"og_image_height":null,"og_image_custom_url":null,"og_image_custom_fields":null,"og_video":null,"og_custom_url":null,"og_article_section":null,"og_article_tags":null,"twitter_use_og":false,"twitter_card":"default","twitter_image_type":"default","twitter_image_url":null,"twitter_image_custom_url":null,"twitter_image_custom_fields":null,"twitter_title":null,"twitter_description":null,"schema":{"blockGraphs":[],"customGraphs":[],"default":{"data":{"Article":[],"Course":[],"Dataset":[],"FAQPage":[],"Movie":[],"Person":[],"Product":[],"ProductReview":[],"Car":[],"Recipe":[],"Service":[],"SoftwareApplication":[],"WebPage":[]},"graphName":"","isEnabled":true},"graphs":[],"defaultGraph":"","defaultPostTypeGraph":""},"schema_type":null,"schema_type_options":null,"pillar_content":false,"robots_default":true,"robots_noindex":false,"robots_noarchive":false,"robots_nosnippet":false,"robots_nofollow":false,"robots_noimageindex":false,"robots_noodp":false,"robots_notranslate":false,"robots_max_snippet":null,"robots_max_videopreview":null,"robots_max_imagepreview":"large","priority":null,"frequency":null,"local_seo":null,"seo_analyzer_scan_date":"2025-10-07 04:31:11","breadcrumb_settings":null,"limit_modified_date":false,"open_ai":null,"ai":null,"created":"2020-12-21 12:25:37","updated":"2025-10-07 04:31:11","focus_keyword":null,"additional_keywords":null,"truseo_locale":null},"aioseo_breadcrumb":"<div class=\"aioseo-breadcrumbs\"><span class=\"aioseo-breadcrumb\">\n\t<a href=\"https:\/\/www.eldigitaldeasturias.com\/noticias\" title=\"Home\">Home<\/a>\n<\/span><span class=\"aioseo-breadcrumb-separator\">\u2013<\/span><span class=\"aioseo-breadcrumb\">\n\t<a href=\"https:\/\/www.eldigitaldeasturias.com\/noticias\/category\/actualidad\/\" title=\"Actualidad\">Actualidad<\/a>\n<\/span><span class=\"aioseo-breadcrumb-separator\">\u2013<\/span><span class=\"aioseo-breadcrumb\">\n\t<a href=\"https:\/\/www.eldigitaldeasturias.com\/noticias\/cospedal-las-fuerzas-armadas-garatizan-que-nadie-ponga-en-duda-el-derecho-a-sentirnos-protegidos\/\" title=\"Cospedal: \u00abLas Fuerzas Armadas garatizan que nadie ponga en duda el derecho a sentirnos protegidos\u00bb\">Cospedal: \u00abLas Fuerzas Armadas garatizan que nadie ponga en duda el derecho a sentirnos protegidos\u00bb<\/a>\n<\/span><\/div>","aioseo_breadcrumb_json":[{"label":"Home","link":"https:\/\/www.eldigitaldeasturias.com\/noticias"},{"label":"Actualidad","link":"https:\/\/www.eldigitaldeasturias.com\/noticias\/category\/actualidad\/"},{"label":"Cospedal: \u00abLas Fuerzas Armadas garatizan que nadie ponga en duda el derecho a sentirnos protegidos\u00bb","link":"https:\/\/www.eldigitaldeasturias.com\/noticias\/cospedal-las-fuerzas-armadas-garatizan-que-nadie-ponga-en-duda-el-derecho-a-sentirnos-protegidos\/"}],"_links":{"self":[{"href":"https:\/\/www.eldigitaldeasturias.com\/noticias\/wp-json\/wp\/v2\/posts\/970138","targetHints":{"allow":["GET"]}}],"collection":[{"href":"https:\/\/www.eldigitaldeasturias.com\/noticias\/wp-json\/wp\/v2\/posts"}],"about":[{"href":"https:\/\/www.eldigitaldeasturias.com\/noticias\/wp-json\/wp\/v2\/types\/post"}],"author":[{"embeddable":true,"href":"https:\/\/www.eldigitaldeasturias.com\/noticias\/wp-json\/wp\/v2\/users\/1"}],"replies":[{"embeddable":true,"href":"https:\/\/www.eldigitaldeasturias.com\/noticias\/wp-json\/wp\/v2\/comments?post=970138"}],"version-history":[{"count":0,"href":"https:\/\/www.eldigitaldeasturias.com\/noticias\/wp-json\/wp\/v2\/posts\/970138\/revisions"}],"wp:attachment":[{"href":"https:\/\/www.eldigitaldeasturias.com\/noticias\/wp-json\/wp\/v2\/media?parent=970138"}],"wp:term":[{"taxonomy":"category","embeddable":true,"href":"https:\/\/www.eldigitaldeasturias.com\/noticias\/wp-json\/wp\/v2\/categories?post=970138"},{"taxonomy":"post_tag","embeddable":true,"href":"https:\/\/www.eldigitaldeasturias.com\/noticias\/wp-json\/wp\/v2\/tags?post=970138"}],"curies":[{"name":"wp","href":"https:\/\/api.w.org\/{rel}","templated":true}]}}