{"id":970008,"date":"2018-02-23T11:00:07","date_gmt":"2018-02-23T11:00:07","guid":{"rendered":"http:\/\/www.eldigitaldeasturias.com\/noticias\/?p=970008"},"modified":"2018-02-23T11:00:07","modified_gmt":"2018-02-23T11:00:07","slug":"mision-comercial-multisectorial-organizada-por-asturex-a-senegal-y-costa-de-marfil","status":"publish","type":"post","link":"https:\/\/www.eldigitaldeasturias.com\/noticias\/mision-comercial-multisectorial-organizada-por-asturex-a-senegal-y-costa-de-marfil\/","title":{"rendered":"Misi\u00f3n comercial multisectorial organizada por Asturex a Senegal y Costa de Marfil"},"content":{"rendered":"<p><img loading=\"lazy\" decoding=\"async\" class=\"alignleft size-medium wp-image-780675\" src=\"https:\/\/www.eldigitaldeasturias.com\/noticias\/wp-content\/uploads\/2015\/04\/euros-360x198.jpg\" alt=\"\" width=\"360\" height=\"198\" \/>Senegal y Costa de Marfil ser\u00e1n los mercados objetivo de la Misi\u00f3n Comercial Multisectorial organizada por Asturex del 29 de febrero al 3 de marzo, en la que participar\u00e1n las empresas asturianas Ascensores Tresa S.A., Asturmadi Doors S.L., DF Operaciones y Montajes S.A.U., F\u00e1brica de Persianas Met\u00e1licas Cierres del Hogar S.L. y Hierros y Carbones S.A.<\/p>\n<p>Desde la Sociedad de Promoci\u00f3n Exterior Principado de Asturias, S.A. se ha realizado un seguimiento continuado de estos mercados por su dinamismo y evoluci\u00f3n, y por la importancia que representa, en sectores tan estrat\u00e9gicos, como es el caso de la miner\u00eda y el metal, para las empresas de nuestra regi\u00f3n asturianas. Asturex comenz\u00f3 a abordar el mercado senegal\u00e9s en el 2015, organizando cada a\u00f1o una Misi\u00f3n Comercial a este pa\u00eds. En el caso de Costa de Marfil, es el segundo a\u00f1o consecutivo que viaja con una delegaci\u00f3n asturiana.<\/p>\n<p>Senegal<\/p>\n<p>La estabilidad pol\u00edtica y econ\u00f3mica, la proximidad con la Espa\u00f1a peninsular, la reciente reforma del c\u00f3digo aduanero y el nuevo plan para facilitar la implantaci\u00f3n de empresas e inversiones, explican el creciente inter\u00e9s de las firmas asturianas por Senegal, un excelente punto de acceso a la regi\u00f3n y un importante centro log\u00edstico y de servicios.<\/p>\n<p>Con unas tasas de crecimiento en torno al 7%, el gobierno senegal\u00e9s ha puesto en marcha el Plan Senegal Emergente (PSE), que pretende convertir al pa\u00eds en un centro regional log\u00edstico, industrial, minero, a\u00e9reo y tur\u00edstico para 2035. En concreto, existen 192 proyectos de un amplio rango de sectores identificados como preferentes con un valor total de 15.000 millones de euros de financiaci\u00f3n tanto p\u00fablica como privada.<\/p>\n<p>Las principales oportunidades comerciales en Senegal vienen de la mano de licitaciones internacionales financiadas por donantes bilaterales y multilaterales, especialmente en los sectores de agua, saneamiento e infraestructuras de transporte.<\/p>\n<p>MINER\u00cdA. Este sector ofrece tambi\u00e9n opciones de negocio, tanto en inversi\u00f3n como en suministro de equipamiento en los subsectores de los fosfatos, atapulgita, oro, mercurio, m\u00e1rmol, \u00e1ridos y circonio.<\/p>\n<p>ENERG\u00cdA. Existen posibilidades en materia de producci\u00f3n el\u00e9ctrica y en la explotaci\u00f3n de \u00e1reas de electrificaci\u00f3n rural.<\/p>\n<p>SECTOR AGROALIMENTARIO. El r\u00e1pido crecimiento de la poblaci\u00f3n y la excelente imagen del producto espa\u00f1ol sirven para impulsar nuestras exportaciones.<\/p>\n<p>CONSTRUCCI\u00d3N. Destaca la demanda existente de materiales y equipamiento para la construcci\u00f3n de calidad que puedan competir en precio. Su finalidad es abastecer el mercado tanto inmobiliario como de obra p\u00fablica, que el gobierno senegal\u00e9s impulsa y desea potenciar durante los pr\u00f3ximos a\u00f1os.<\/p>\n<p>INFRAESTRUCTURAS DE TRANSPORTE. Actualmente est\u00e1n en marcha varios proyectos para la extensi\u00f3n y rehabilitaci\u00f3n de la red de carreteras, en los que intervienen instituciones financieras internacionales y el propio Estado.<\/p>\n<p>Costa de Marfil<\/p>\n<p>Con 22,7 millones de habitantes y unas tasas de crecimiento en torno al 7% y 8%, Costa de Marfil es un gigante econ\u00f3mico regional, representando un 40% del PIB conjunto de los ocho pa\u00edses de la Uni\u00f3n Econ\u00f3mica y Monetaria del \u00c1frica Occidental (UEMOA). Burkina Faso, N\u00edger, Mal\u00ed o Guinea siguen dependiendo en buena medida de las infraestructuras portuarias y de transporte marfile\u00f1as para sus flujos de comercio exterior, as\u00ed como de los ingresos procedentes de las remesas de sus emigrantes en este pa\u00eds.<\/p>\n<p>Costa de Marfil es el mayor productor y exportador mundial de cacao en grano, el primer productor de caf\u00e9 de \u00c1frica y uno de los principales productores y exportadores aceite de palma. Sus socios comerciales son en la regi\u00f3n (Nigeria, Ghana, Burkina&#8230;); con la UE (Francia, Alemania, B\u00e9lgica, Espa\u00f1a), as\u00ed como EE.UU., China y la India, principalmente.<\/p>\n<p>Aunque la industria manufacturera marfile\u00f1a alcanza un nivel muy superior al de las econom\u00edas vecinas de \u00c1frica Occidental, el pa\u00eds necesita comprar en el extranjero muchos de los productos que se comercializan, principalmente crudo y sus derivados (aun siendo productor de petr\u00f3leo), equipos industriales, alimentos y bebidas, productos farmac\u00e9uticos o materias primas para uso industrial, entre muchos otros.<\/p>\n<p>Aunque los intercambios son todav\u00eda modestos, las exportaciones espa\u00f1olas han crecido un 40% desde la salida de la crisis pol\u00edtica marfile\u00f1a en 2012. La cuota de mercado de Espa\u00f1a en el comercio de Costa de Marfil, al igual que en otros pa\u00edses de la regi\u00f3n, est\u00e1 creciendo y ya supera nuestra media mundial.<\/p>\n<p>Todos los sectores son en realidad interesantes en una econom\u00eda que, como la marfile\u00f1a, crece con br\u00edo. Desde el punto de vista comercial, podr\u00edan destacarse, sin embargo, algunos de ellos: materiales de construcci\u00f3n, material el\u00e9ctrico, equipos industriales, h\u00e1bitat, alimentaci\u00f3n y bebidas. Las oportunidades de inversi\u00f3n se centran principalmente en los \u00e1mbitos de la energ\u00eda, las infraestructuras de transporte, agua y saneamiento, construcci\u00f3n de viviendas, transformaci\u00f3n agr\u00edcola y miner\u00eda.<\/p>\n","protected":false},"excerpt":{"rendered":"<p>Senegal y Costa de Marfil ser\u00e1n los mercados objetivo de la Misi\u00f3n Comercial Multisectorial organizada por Asturex del 29 de febrero al 3 de marzo, en la que participar\u00e1n las empresas asturianas Ascensores Tresa S.A., Asturmadi Doors S.L., DF Operaciones y Montajes S.A.U., F\u00e1brica de Persianas Met\u00e1licas Cierres del Hogar S.L. y Hierros y Carbones [&hellip;]<\/p>\n","protected":false},"author":1,"featured_media":780675,"comment_status":"closed","ping_status":"closed","sticky":false,"template":"","format":"standard","meta":{"footnotes":""},"categories":[187],"tags":[],"class_list":["post-970008","post","type-post","status-publish","format-standard","has-post-thumbnail","hentry","category-economia"],"aioseo_notices":[],"aioseo_head":"\n\t\t<!-- All in One SEO Pro 5.0.1 - aioseo.com -->\n\t<meta name=\"description\" content=\"Senegal y Costa de Marfil ser\u00e1n los mercados objetivo de la Misi\u00f3n Comercial Multisectorial organizada por Asturex del 29 de febrero al 3 de marzo, en la que participar\u00e1n las empresas asturianas Ascensores Tresa S.A., Asturmadi Doors S.L., DF Operaciones y Montajes S.A.U., F\u00e1brica de Persianas Met\u00e1licas Cierres del Hogar S.L. y Hierros y Carbones\" \/>\n\t<meta name=\"robots\" content=\"max-image-preview:large\" \/>\n\t<meta name=\"author\" content=\"El Digital de Asturias\"\/>\n\t<meta name=\"google-site-verification\" content=\"UA-38556648-1\" \/>\n\t<meta name=\"msvalidate.01\" content=\"7dfe9f3f1b24437ab69f4f2559babe99\" \/>\n\t<meta name=\"keywords\" content=\"econom\u00eda\" \/>\n\t<link rel=\"canonical\" href=\"https:\/\/www.eldigitaldeasturias.com\/noticias\/mision-comercial-multisectorial-organizada-por-asturex-a-senegal-y-costa-de-marfil\/\" \/>\n\t<meta name=\"generator\" content=\"All in One SEO Pro (AIOSEO) 5.0.1\" \/>\n\t\t<meta property=\"og:locale\" content=\"es_ES\" \/>\n\t\t<meta property=\"og:site_name\" content=\"El Digital de Asturias\" \/>\n\t\t<meta property=\"og:type\" content=\"article\" \/>\n\t\t<meta property=\"og:title\" content=\"Misi\u00f3n comercial multisectorial organizada por Asturex a Senegal y Costa de Marfil - El Digital de Asturias\" \/>\n\t\t<meta property=\"og:description\" content=\"Senegal y Costa de Marfil ser\u00e1n los mercados objetivo de la Misi\u00f3n Comercial Multisectorial organizada por Asturex del 29 de febrero al 3 de marzo, en la que participar\u00e1n las empresas asturianas Ascensores Tresa S.A., Asturmadi Doors S.L., DF Operaciones y Montajes S.A.U., F\u00e1brica de Persianas Met\u00e1licas Cierres del Hogar S.L. y Hierros y Carbones\" \/>\n\t\t<meta property=\"og:url\" content=\"https:\/\/www.eldigitaldeasturias.com\/noticias\/mision-comercial-multisectorial-organizada-por-asturex-a-senegal-y-costa-de-marfil\/\" \/>\n\t\t<meta property=\"article:tag\" content=\"econom\u00eda\" \/>\n\t\t<meta property=\"article:published_time\" content=\"2018-02-23T11:00:07+00:00\" \/>\n\t\t<meta property=\"article:modified_time\" content=\"2018-02-23T11:00:07+00:00\" \/>\n\t\t<meta property=\"article:publisher\" content=\"https:\/\/facebook.com\/eldigitaldeasturias\" \/>\n\t\t<meta name=\"twitter:card\" content=\"summary_large_image\" \/>\n\t\t<meta name=\"twitter:title\" content=\"Misi\u00f3n comercial multisectorial organizada por Asturex a Senegal y Costa de Marfil - El Digital de Asturias\" \/>\n\t\t<meta name=\"twitter:description\" content=\"Senegal y Costa de Marfil ser\u00e1n los mercados objetivo de la Misi\u00f3n Comercial Multisectorial organizada por Asturex del 29 de febrero al 3 de marzo, en la que participar\u00e1n las empresas asturianas Ascensores Tresa S.A., Asturmadi Doors S.L., DF Operaciones y Montajes S.A.U., F\u00e1brica de Persianas Met\u00e1licas Cierres del Hogar S.L. y Hierros y Carbones\" \/>\n\t\t<meta name=\"twitter:image\" content=\"https:\/\/www.eldigitaldeasturias.com\/noticias\/wp-content\/uploads\/2020\/12\/EDA-1.jpg\" \/>\n\t\t<meta name=\"twitter:label1\" content=\"Escrito por\" \/>\n\t\t<meta name=\"twitter:data1\" content=\"El Digital de Asturias\" \/>\n\t\t<meta name=\"twitter:label2\" content=\"Tiempo de lectura estimado\" \/>\n\t\t<meta name=\"twitter:data2\" content=\"4 minutos\" \/>\n\t\t<script type=\"application\/ld+json\" class=\"aioseo-schema\">\n\t\t\t{\"@context\":\"https:\\\/\\\/schema.org\",\"@graph\":[{\"@type\":\"BlogPosting\",\"@id\":\"https:\\\/\\\/www.eldigitaldeasturias.com\\\/noticias\\\/mision-comercial-multisectorial-organizada-por-asturex-a-senegal-y-costa-de-marfil\\\/#blogposting\",\"name\":\"Misi\\u00f3n comercial multisectorial organizada por Asturex a Senegal y Costa de Marfil - El Digital de Asturias\",\"headline\":\"Misi\\u00f3n comercial multisectorial organizada por Asturex a Senegal y Costa de Marfil\",\"author\":{\"@id\":\"https:\\\/\\\/www.eldigitaldeasturias.com\\\/noticias\\\/author\\\/admin\\\/#author\"},\"publisher\":{\"@id\":\"https:\\\/\\\/www.eldigitaldeasturias.com\\\/noticias\\\/#organization\"},\"image\":{\"@type\":\"ImageObject\",\"url\":780675},\"datePublished\":\"2018-02-23T11:00:07+01:00\",\"dateModified\":\"2018-02-23T11:00:07+01:00\",\"inLanguage\":\"es-ES\",\"mainEntityOfPage\":{\"@id\":\"https:\\\/\\\/www.eldigitaldeasturias.com\\\/noticias\\\/mision-comercial-multisectorial-organizada-por-asturex-a-senegal-y-costa-de-marfil\\\/#webpage\"},\"isPartOf\":{\"@id\":\"https:\\\/\\\/www.eldigitaldeasturias.com\\\/noticias\\\/mision-comercial-multisectorial-organizada-por-asturex-a-senegal-y-costa-de-marfil\\\/#webpage\"},\"articleSection\":\"Econom\\u00eda\"},{\"@type\":\"BreadcrumbList\",\"@id\":\"https:\\\/\\\/www.eldigitaldeasturias.com\\\/noticias\\\/mision-comercial-multisectorial-organizada-por-asturex-a-senegal-y-costa-de-marfil\\\/#breadcrumblist\",\"itemListElement\":[{\"@type\":\"ListItem\",\"@id\":\"https:\\\/\\\/www.eldigitaldeasturias.com\\\/noticias#listItem\",\"position\":1,\"name\":\"Home\",\"item\":\"https:\\\/\\\/www.eldigitaldeasturias.com\\\/noticias\",\"nextItem\":{\"@type\":\"ListItem\",\"@id\":\"https:\\\/\\\/www.eldigitaldeasturias.com\\\/noticias\\\/category\\\/economia\\\/#listItem\",\"name\":\"Econom\\u00eda\"}},{\"@type\":\"ListItem\",\"@id\":\"https:\\\/\\\/www.eldigitaldeasturias.com\\\/noticias\\\/category\\\/economia\\\/#listItem\",\"position\":2,\"name\":\"Econom\\u00eda\",\"item\":\"https:\\\/\\\/www.eldigitaldeasturias.com\\\/noticias\\\/category\\\/economia\\\/\",\"nextItem\":{\"@type\":\"ListItem\",\"@id\":\"https:\\\/\\\/www.eldigitaldeasturias.com\\\/noticias\\\/mision-comercial-multisectorial-organizada-por-asturex-a-senegal-y-costa-de-marfil\\\/#listItem\",\"name\":\"Misi\\u00f3n comercial multisectorial organizada por Asturex a Senegal y Costa de Marfil\"},\"previousItem\":{\"@type\":\"ListItem\",\"@id\":\"https:\\\/\\\/www.eldigitaldeasturias.com\\\/noticias#listItem\",\"name\":\"Home\"}},{\"@type\":\"ListItem\",\"@id\":\"https:\\\/\\\/www.eldigitaldeasturias.com\\\/noticias\\\/mision-comercial-multisectorial-organizada-por-asturex-a-senegal-y-costa-de-marfil\\\/#listItem\",\"position\":3,\"name\":\"Misi\\u00f3n comercial multisectorial organizada por Asturex a Senegal y Costa de Marfil\",\"previousItem\":{\"@type\":\"ListItem\",\"@id\":\"https:\\\/\\\/www.eldigitaldeasturias.com\\\/noticias\\\/category\\\/economia\\\/#listItem\",\"name\":\"Econom\\u00eda\"}}]},{\"@type\":\"Organization\",\"@id\":\"https:\\\/\\\/www.eldigitaldeasturias.com\\\/noticias\\\/#organization\",\"name\":\"El Digital de Asturias\",\"description\":\"Hemeroteca\",\"url\":\"https:\\\/\\\/www.eldigitaldeasturias.com\\\/noticias\\\/\",\"email\":\"info@eldigitaldeasturias.com\",\"telephone\":\"+34652131393\",\"logo\":{\"@type\":\"ImageObject\",\"url\":\"https:\\\/\\\/www.eldigitaldeasturias.com\\\/noticias\\\/wp-content\\\/uploads\\\/2020\\\/12\\\/EDA.jpg\",\"@id\":\"https:\\\/\\\/www.eldigitaldeasturias.com\\\/noticias\\\/mision-comercial-multisectorial-organizada-por-asturex-a-senegal-y-costa-de-marfil\\\/#organizationLogo\"},\"image\":{\"@id\":\"https:\\\/\\\/www.eldigitaldeasturias.com\\\/noticias\\\/mision-comercial-multisectorial-organizada-por-asturex-a-senegal-y-costa-de-marfil\\\/#organizationLogo\"},\"sameAs\":[\"https:\\\/\\\/facebook.com\\\/eldigitaldeasturias\",\"https:\\\/\\\/www.youtube.com\\\/channel\\\/UCZP-2wLEB9Rv6erhFmqVnvg\"],\"address\":{\"@id\":\"https:\\\/\\\/www.eldigitaldeasturias.com\\\/noticias\\\/#postaladdress\",\"@type\":\"PostalAddress\",\"streetAddress\":\"san antonio 4\",\"postalCode\":\"33430\",\"addressLocality\":\"Cand\\u00e1s\",\"addressRegion\":\"Asturias\",\"addressCountry\":\"ES\"}},{\"@type\":\"Person\",\"@id\":\"https:\\\/\\\/www.eldigitaldeasturias.com\\\/noticias\\\/author\\\/admin\\\/#author\",\"url\":\"https:\\\/\\\/www.eldigitaldeasturias.com\\\/noticias\\\/author\\\/admin\\\/\",\"name\":\"El Digital de Asturias\",\"image\":{\"@type\":\"ImageObject\",\"@id\":\"https:\\\/\\\/www.eldigitaldeasturias.com\\\/noticias\\\/mision-comercial-multisectorial-organizada-por-asturex-a-senegal-y-costa-de-marfil\\\/#authorImage\",\"url\":\"https:\\\/\\\/secure.gravatar.com\\\/avatar\\\/df2aeffc32bcd13f8d26072ef8a91b623d677766deac7f97ca815868cd41bf5e?s=96&d=mm&r=g\",\"width\":96,\"height\":96,\"caption\":\"El Digital de Asturias\"}},{\"@type\":\"WebPage\",\"@id\":\"https:\\\/\\\/www.eldigitaldeasturias.com\\\/noticias\\\/mision-comercial-multisectorial-organizada-por-asturex-a-senegal-y-costa-de-marfil\\\/#webpage\",\"url\":\"https:\\\/\\\/www.eldigitaldeasturias.com\\\/noticias\\\/mision-comercial-multisectorial-organizada-por-asturex-a-senegal-y-costa-de-marfil\\\/\",\"name\":\"Misi\\u00f3n comercial multisectorial organizada por Asturex a Senegal y Costa de Marfil - El Digital de Asturias\",\"description\":\"Senegal y Costa de Marfil ser\\u00e1n los mercados objetivo de la Misi\\u00f3n Comercial Multisectorial organizada por Asturex del 29 de febrero al 3 de marzo, en la que participar\\u00e1n las empresas asturianas Ascensores Tresa S.A., Asturmadi Doors S.L., DF Operaciones y Montajes S.A.U., F\\u00e1brica de Persianas Met\\u00e1licas Cierres del Hogar S.L. y Hierros y Carbones\",\"inLanguage\":\"es-ES\",\"isPartOf\":{\"@id\":\"https:\\\/\\\/www.eldigitaldeasturias.com\\\/noticias\\\/#website\"},\"breadcrumb\":{\"@id\":\"https:\\\/\\\/www.eldigitaldeasturias.com\\\/noticias\\\/mision-comercial-multisectorial-organizada-por-asturex-a-senegal-y-costa-de-marfil\\\/#breadcrumblist\"},\"author\":{\"@id\":\"https:\\\/\\\/www.eldigitaldeasturias.com\\\/noticias\\\/author\\\/admin\\\/#author\"},\"creator\":{\"@id\":\"https:\\\/\\\/www.eldigitaldeasturias.com\\\/noticias\\\/author\\\/admin\\\/#author\"},\"image\":{\"@type\":\"ImageObject\",\"url\":780675,\"@id\":\"https:\\\/\\\/www.eldigitaldeasturias.com\\\/noticias\\\/mision-comercial-multisectorial-organizada-por-asturex-a-senegal-y-costa-de-marfil\\\/#mainImage\"},\"primaryImageOfPage\":{\"@id\":\"https:\\\/\\\/www.eldigitaldeasturias.com\\\/noticias\\\/mision-comercial-multisectorial-organizada-por-asturex-a-senegal-y-costa-de-marfil\\\/#mainImage\"},\"datePublished\":\"2018-02-23T11:00:07+01:00\",\"dateModified\":\"2018-02-23T11:00:07+01:00\"},{\"@type\":\"WebSite\",\"@id\":\"https:\\\/\\\/www.eldigitaldeasturias.com\\\/noticias\\\/#website\",\"url\":\"https:\\\/\\\/www.eldigitaldeasturias.com\\\/noticias\\\/\",\"name\":\"El Digital de Asturias - Diario de actualidad y noticias\",\"alternateName\":\"El Digital de Asturias - Diario de actualidad y noticias\",\"description\":\"Hemeroteca\",\"inLanguage\":\"es-ES\",\"publisher\":{\"@id\":\"https:\\\/\\\/www.eldigitaldeasturias.com\\\/noticias\\\/#organization\"}}]}\n\t\t<\/script>\n\t\t<!-- All in One SEO Pro -->\r\n\t\t<title>Misi\u00f3n comercial multisectorial organizada por Asturex a Senegal y Costa de Marfil - El Digital de Asturias<\/title>\n\n","aioseo_head_json":{"title":"Misi\u00f3n comercial multisectorial organizada por Asturex a Senegal y Costa de Marfil - El Digital de Asturias","description":"Senegal y Costa de Marfil ser\u00e1n los mercados objetivo de la Misi\u00f3n Comercial Multisectorial organizada por Asturex del 29 de febrero al 3 de marzo, en la que participar\u00e1n las empresas asturianas Ascensores Tresa S.A., Asturmadi Doors S.L., DF Operaciones y Montajes S.A.U., F\u00e1brica de Persianas Met\u00e1licas Cierres del Hogar S.L. y Hierros y Carbones","canonical_url":"https:\/\/www.eldigitaldeasturias.com\/noticias\/mision-comercial-multisectorial-organizada-por-asturex-a-senegal-y-costa-de-marfil\/","robots":"max-image-preview:large","keywords":"econom\u00eda","webmasterTools":{"google-site-verification":"UA-38556648-1","msvalidate.01":"7dfe9f3f1b24437ab69f4f2559babe99","miscellaneous":""},"schema":{"@context":"https:\/\/schema.org","@graph":[{"@type":"BlogPosting","@id":"https:\/\/www.eldigitaldeasturias.com\/noticias\/mision-comercial-multisectorial-organizada-por-asturex-a-senegal-y-costa-de-marfil\/#blogposting","name":"Misi\u00f3n comercial multisectorial organizada por Asturex a Senegal y Costa de Marfil - El Digital de Asturias","headline":"Misi\u00f3n comercial multisectorial organizada por Asturex a Senegal y Costa de Marfil","author":{"@id":"https:\/\/www.eldigitaldeasturias.com\/noticias\/author\/admin\/#author"},"publisher":{"@id":"https:\/\/www.eldigitaldeasturias.com\/noticias\/#organization"},"image":{"@type":"ImageObject","url":780675},"datePublished":"2018-02-23T11:00:07+01:00","dateModified":"2018-02-23T11:00:07+01:00","inLanguage":"es-ES","mainEntityOfPage":{"@id":"https:\/\/www.eldigitaldeasturias.com\/noticias\/mision-comercial-multisectorial-organizada-por-asturex-a-senegal-y-costa-de-marfil\/#webpage"},"isPartOf":{"@id":"https:\/\/www.eldigitaldeasturias.com\/noticias\/mision-comercial-multisectorial-organizada-por-asturex-a-senegal-y-costa-de-marfil\/#webpage"},"articleSection":"Econom\u00eda"},{"@type":"BreadcrumbList","@id":"https:\/\/www.eldigitaldeasturias.com\/noticias\/mision-comercial-multisectorial-organizada-por-asturex-a-senegal-y-costa-de-marfil\/#breadcrumblist","itemListElement":[{"@type":"ListItem","@id":"https:\/\/www.eldigitaldeasturias.com\/noticias#listItem","position":1,"name":"Home","item":"https:\/\/www.eldigitaldeasturias.com\/noticias","nextItem":{"@type":"ListItem","@id":"https:\/\/www.eldigitaldeasturias.com\/noticias\/category\/economia\/#listItem","name":"Econom\u00eda"}},{"@type":"ListItem","@id":"https:\/\/www.eldigitaldeasturias.com\/noticias\/category\/economia\/#listItem","position":2,"name":"Econom\u00eda","item":"https:\/\/www.eldigitaldeasturias.com\/noticias\/category\/economia\/","nextItem":{"@type":"ListItem","@id":"https:\/\/www.eldigitaldeasturias.com\/noticias\/mision-comercial-multisectorial-organizada-por-asturex-a-senegal-y-costa-de-marfil\/#listItem","name":"Misi\u00f3n comercial multisectorial organizada por Asturex a Senegal y Costa de Marfil"},"previousItem":{"@type":"ListItem","@id":"https:\/\/www.eldigitaldeasturias.com\/noticias#listItem","name":"Home"}},{"@type":"ListItem","@id":"https:\/\/www.eldigitaldeasturias.com\/noticias\/mision-comercial-multisectorial-organizada-por-asturex-a-senegal-y-costa-de-marfil\/#listItem","position":3,"name":"Misi\u00f3n comercial multisectorial organizada por Asturex a Senegal y Costa de Marfil","previousItem":{"@type":"ListItem","@id":"https:\/\/www.eldigitaldeasturias.com\/noticias\/category\/economia\/#listItem","name":"Econom\u00eda"}}]},{"@type":"Organization","@id":"https:\/\/www.eldigitaldeasturias.com\/noticias\/#organization","name":"El Digital de Asturias","description":"Hemeroteca","url":"https:\/\/www.eldigitaldeasturias.com\/noticias\/","email":"info@eldigitaldeasturias.com","telephone":"+34652131393","logo":{"@type":"ImageObject","url":"https:\/\/www.eldigitaldeasturias.com\/noticias\/wp-content\/uploads\/2020\/12\/EDA.jpg","@id":"https:\/\/www.eldigitaldeasturias.com\/noticias\/mision-comercial-multisectorial-organizada-por-asturex-a-senegal-y-costa-de-marfil\/#organizationLogo"},"image":{"@id":"https:\/\/www.eldigitaldeasturias.com\/noticias\/mision-comercial-multisectorial-organizada-por-asturex-a-senegal-y-costa-de-marfil\/#organizationLogo"},"sameAs":["https:\/\/facebook.com\/eldigitaldeasturias","https:\/\/www.youtube.com\/channel\/UCZP-2wLEB9Rv6erhFmqVnvg"],"address":{"@id":"https:\/\/www.eldigitaldeasturias.com\/noticias\/#postaladdress","@type":"PostalAddress","streetAddress":"san antonio 4","postalCode":"33430","addressLocality":"Cand\u00e1s","addressRegion":"Asturias","addressCountry":"ES"}},{"@type":"Person","@id":"https:\/\/www.eldigitaldeasturias.com\/noticias\/author\/admin\/#author","url":"https:\/\/www.eldigitaldeasturias.com\/noticias\/author\/admin\/","name":"El Digital de Asturias","image":{"@type":"ImageObject","@id":"https:\/\/www.eldigitaldeasturias.com\/noticias\/mision-comercial-multisectorial-organizada-por-asturex-a-senegal-y-costa-de-marfil\/#authorImage","url":"https:\/\/secure.gravatar.com\/avatar\/df2aeffc32bcd13f8d26072ef8a91b623d677766deac7f97ca815868cd41bf5e?s=96&d=mm&r=g","width":96,"height":96,"caption":"El Digital de Asturias"}},{"@type":"WebPage","@id":"https:\/\/www.eldigitaldeasturias.com\/noticias\/mision-comercial-multisectorial-organizada-por-asturex-a-senegal-y-costa-de-marfil\/#webpage","url":"https:\/\/www.eldigitaldeasturias.com\/noticias\/mision-comercial-multisectorial-organizada-por-asturex-a-senegal-y-costa-de-marfil\/","name":"Misi\u00f3n comercial multisectorial organizada por Asturex a Senegal y Costa de Marfil - El Digital de Asturias","description":"Senegal y Costa de Marfil ser\u00e1n los mercados objetivo de la Misi\u00f3n Comercial Multisectorial organizada por Asturex del 29 de febrero al 3 de marzo, en la que participar\u00e1n las empresas asturianas Ascensores Tresa S.A., Asturmadi Doors S.L., DF Operaciones y Montajes S.A.U., F\u00e1brica de Persianas Met\u00e1licas Cierres del Hogar S.L. y Hierros y Carbones","inLanguage":"es-ES","isPartOf":{"@id":"https:\/\/www.eldigitaldeasturias.com\/noticias\/#website"},"breadcrumb":{"@id":"https:\/\/www.eldigitaldeasturias.com\/noticias\/mision-comercial-multisectorial-organizada-por-asturex-a-senegal-y-costa-de-marfil\/#breadcrumblist"},"author":{"@id":"https:\/\/www.eldigitaldeasturias.com\/noticias\/author\/admin\/#author"},"creator":{"@id":"https:\/\/www.eldigitaldeasturias.com\/noticias\/author\/admin\/#author"},"image":{"@type":"ImageObject","url":780675,"@id":"https:\/\/www.eldigitaldeasturias.com\/noticias\/mision-comercial-multisectorial-organizada-por-asturex-a-senegal-y-costa-de-marfil\/#mainImage"},"primaryImageOfPage":{"@id":"https:\/\/www.eldigitaldeasturias.com\/noticias\/mision-comercial-multisectorial-organizada-por-asturex-a-senegal-y-costa-de-marfil\/#mainImage"},"datePublished":"2018-02-23T11:00:07+01:00","dateModified":"2018-02-23T11:00:07+01:00"},{"@type":"WebSite","@id":"https:\/\/www.eldigitaldeasturias.com\/noticias\/#website","url":"https:\/\/www.eldigitaldeasturias.com\/noticias\/","name":"El Digital de Asturias - Diario de actualidad y noticias","alternateName":"El Digital de Asturias - Diario de actualidad y noticias","description":"Hemeroteca","inLanguage":"es-ES","publisher":{"@id":"https:\/\/www.eldigitaldeasturias.com\/noticias\/#organization"}}]},"og:locale":"es_ES","og:site_name":"El Digital de Asturias","og:type":"article","og:title":"Misi\u00f3n comercial multisectorial organizada por Asturex a Senegal y Costa de Marfil - El Digital de Asturias","og:description":"Senegal y Costa de Marfil ser\u00e1n los mercados objetivo de la Misi\u00f3n Comercial Multisectorial organizada por Asturex del 29 de febrero al 3 de marzo, en la que participar\u00e1n las empresas asturianas Ascensores Tresa S.A., Asturmadi Doors S.L., DF Operaciones y Montajes S.A.U., F\u00e1brica de Persianas Met\u00e1licas Cierres del Hogar S.L. y Hierros y Carbones","og:url":"https:\/\/www.eldigitaldeasturias.com\/noticias\/mision-comercial-multisectorial-organizada-por-asturex-a-senegal-y-costa-de-marfil\/","article:tag":["econom\u00eda"],"article:published_time":"2018-02-23T11:00:07+00:00","article:modified_time":"2018-02-23T11:00:07+00:00","article:publisher":"https:\/\/facebook.com\/eldigitaldeasturias","twitter:card":"summary_large_image","twitter:title":"Misi\u00f3n comercial multisectorial organizada por Asturex a Senegal y Costa de Marfil - El Digital de Asturias","twitter:description":"Senegal y Costa de Marfil ser\u00e1n los mercados objetivo de la Misi\u00f3n Comercial Multisectorial organizada por Asturex del 29 de febrero al 3 de marzo, en la que participar\u00e1n las empresas asturianas Ascensores Tresa S.A., Asturmadi Doors S.L., DF Operaciones y Montajes S.A.U., F\u00e1brica de Persianas Met\u00e1licas Cierres del Hogar S.L. y Hierros y Carbones","twitter:image":"https:\/\/www.eldigitaldeasturias.com\/noticias\/wp-content\/uploads\/2020\/12\/EDA-1.jpg","twitter:label1":"Escrito por","twitter:data1":"El Digital de Asturias","twitter:label2":"Tiempo de lectura estimado","twitter:data2":"4 minutos"},"aioseo_meta_data":{"post_id":"970008","title":null,"description":null,"keywords":null,"keyphrases":null,"primary_term":null,"canonical_url":null,"og_title":null,"og_description":null,"og_object_type":"default","og_image_type":"default","og_image_url":null,"og_image_width":null,"og_image_height":null,"og_image_custom_url":null,"og_image_custom_fields":null,"og_video":null,"og_custom_url":null,"og_article_section":null,"og_article_tags":null,"twitter_use_og":false,"twitter_card":"default","twitter_image_type":"default","twitter_image_url":null,"twitter_image_custom_url":null,"twitter_image_custom_fields":null,"twitter_title":null,"twitter_description":null,"schema":{"blockGraphs":[],"customGraphs":[],"default":{"data":{"Article":[],"Course":[],"Dataset":[],"FAQPage":[],"Movie":[],"Person":[],"Product":[],"ProductReview":[],"Car":[],"Recipe":[],"Service":[],"SoftwareApplication":[],"WebPage":[]},"graphName":"","isEnabled":true},"graphs":[],"defaultGraph":"","defaultPostTypeGraph":""},"schema_type":null,"schema_type_options":null,"pillar_content":false,"robots_default":true,"robots_noindex":false,"robots_noarchive":false,"robots_nosnippet":false,"robots_nofollow":false,"robots_noimageindex":false,"robots_noodp":false,"robots_notranslate":false,"robots_max_snippet":null,"robots_max_videopreview":null,"robots_max_imagepreview":"large","priority":null,"frequency":null,"local_seo":null,"seo_analyzer_scan_date":"2025-10-07 04:09:10","breadcrumb_settings":null,"limit_modified_date":false,"open_ai":null,"ai":null,"created":"2020-12-21 12:25:39","updated":"2025-10-07 04:09:10","focus_keyword":null,"additional_keywords":null,"truseo_locale":null},"aioseo_breadcrumb":"<div class=\"aioseo-breadcrumbs\"><span class=\"aioseo-breadcrumb\">\n\t<a href=\"https:\/\/www.eldigitaldeasturias.com\/noticias\" title=\"Home\">Home<\/a>\n<\/span><span class=\"aioseo-breadcrumb-separator\">\u2013<\/span><span class=\"aioseo-breadcrumb\">\n\t<a href=\"https:\/\/www.eldigitaldeasturias.com\/noticias\/category\/economia\/\" title=\"Econom\u00eda\">Econom\u00eda<\/a>\n<\/span><span class=\"aioseo-breadcrumb-separator\">\u2013<\/span><span class=\"aioseo-breadcrumb\">\n\t<a href=\"https:\/\/www.eldigitaldeasturias.com\/noticias\/mision-comercial-multisectorial-organizada-por-asturex-a-senegal-y-costa-de-marfil\/\" title=\"Misi\u00f3n comercial multisectorial organizada por Asturex a Senegal y Costa de Marfil\">Misi\u00f3n comercial multisectorial organizada por Asturex a Senegal y Costa de Marfil<\/a>\n<\/span><\/div>","aioseo_breadcrumb_json":[{"label":"Home","link":"https:\/\/www.eldigitaldeasturias.com\/noticias"},{"label":"Econom\u00eda","link":"https:\/\/www.eldigitaldeasturias.com\/noticias\/category\/economia\/"},{"label":"Misi\u00f3n comercial multisectorial organizada por Asturex a Senegal y Costa de Marfil","link":"https:\/\/www.eldigitaldeasturias.com\/noticias\/mision-comercial-multisectorial-organizada-por-asturex-a-senegal-y-costa-de-marfil\/"}],"_links":{"self":[{"href":"https:\/\/www.eldigitaldeasturias.com\/noticias\/wp-json\/wp\/v2\/posts\/970008","targetHints":{"allow":["GET"]}}],"collection":[{"href":"https:\/\/www.eldigitaldeasturias.com\/noticias\/wp-json\/wp\/v2\/posts"}],"about":[{"href":"https:\/\/www.eldigitaldeasturias.com\/noticias\/wp-json\/wp\/v2\/types\/post"}],"author":[{"embeddable":true,"href":"https:\/\/www.eldigitaldeasturias.com\/noticias\/wp-json\/wp\/v2\/users\/1"}],"replies":[{"embeddable":true,"href":"https:\/\/www.eldigitaldeasturias.com\/noticias\/wp-json\/wp\/v2\/comments?post=970008"}],"version-history":[{"count":0,"href":"https:\/\/www.eldigitaldeasturias.com\/noticias\/wp-json\/wp\/v2\/posts\/970008\/revisions"}],"wp:attachment":[{"href":"https:\/\/www.eldigitaldeasturias.com\/noticias\/wp-json\/wp\/v2\/media?parent=970008"}],"wp:term":[{"taxonomy":"category","embeddable":true,"href":"https:\/\/www.eldigitaldeasturias.com\/noticias\/wp-json\/wp\/v2\/categories?post=970008"},{"taxonomy":"post_tag","embeddable":true,"href":"https:\/\/www.eldigitaldeasturias.com\/noticias\/wp-json\/wp\/v2\/tags?post=970008"}],"curies":[{"name":"wp","href":"https:\/\/api.w.org\/{rel}","templated":true}]}}