{"id":970003,"date":"2018-02-23T10:55:25","date_gmt":"2018-02-23T10:55:25","guid":{"rendered":"http:\/\/www.eldigitaldeasturias.com\/noticias\/?p=970003"},"modified":"2018-02-23T10:55:25","modified_gmt":"2018-02-23T10:55:25","slug":"miles-de-jubilados-indignados-bloquean-el-congreso-espanol","status":"publish","type":"post","link":"https:\/\/www.eldigitaldeasturias.com\/noticias\/miles-de-jubilados-indignados-bloquean-el-congreso-espanol\/","title":{"rendered":"Miles de jubilados indignados bloquean el Congreso espa\u00f1ol"},"content":{"rendered":"<p><img loading=\"lazy\" decoding=\"async\" class=\"alignleft size-medium wp-image-791625\" src=\"https:\/\/www.eldigitaldeasturias.com\/noticias\/wp-content\/uploads\/2015\/06\/congreso-360x240.jpg\" alt=\"\" width=\"360\" height=\"240\" \/>Madrid, 22 feb (dpa) &#8211; Miles de jubilados espa\u00f1oles reclamaron hoy \u00abpensiones dignas\u00bb durante una protesta celebrada en varias ciudades del pa\u00eds que lleg\u00f3 a bloquear el acceso al Congreso de los Diputados en Madrid.<\/p>\n<p>Entre 3.000 y 4.000 personas, seg\u00fan fuentes policiales, participaron en la capital espa\u00f1ola en la concentraci\u00f3n convocada por los sindicatos Comisiones Obreras y Uni\u00f3n General de Trabajadores (UGT), entre otras organizaciones, desbordando as\u00ed las previsiones.<\/p>\n<p>Pasado el mediod\u00eda, los manifestantes sorprendieron a la Polic\u00eda superando las vallas y cortando el tr\u00e1nsito en la calle frente al Congreso, cuyo acceso lleg\u00f3 a quedar bloqueado varias horas ante la impotencia de los agentes de seguridad.<\/p>\n<p>La prensa espa\u00f1ola record\u00f3 que ni siquiera durante las grandes protestas de los \u00abindignados\u00bb de 2011 se lleg\u00f3 a una escena similar.<\/p>\n<p>Los jubilados reclaman pensiones \u00abdignas\u00bb que suban al ritmo de la inflaci\u00f3n para evitar una p\u00e9rdida de poder adquisitivo, como ocurre con el \u00edndice de revalorizaci\u00f3n actual situado en un 0,25 por ciento, por debajo del aumento del costo de vida.<\/p>\n<p>Los concentrados en Madrid gritaron \u00ab\u00a1Ladrones, ladrones!\u00bb en direcci\u00f3n al Congreso y respondieron los intentos de la Polic\u00eda de contener su avance cantando: \u00abSomos pensionistas, no terroristas\u00bb.<\/p>\n<p>Varios diputados de los partidos de izquierda Podemos e Izquierda Unida (IU) salieron a reunirse con los manifestantes, al igual que el diputado socialista Rafael Simancas, que apunt\u00f3 contra el Partido Popular (PP) de Mariano Rajoy y los liberales de Ciudadanos.<\/p>\n<p>\u00abTienen toda la raz\u00f3n del mundo. Llevan toda la vida trabajando y ahorrando y ahora el PP y Ciudadanos est\u00e1n impidiendo que suban las pensiones al menos lo que sube el coste de la vida\u00bb, critic\u00f3 Simancas.<\/p>\n<p>La protesta en reclamo de pensiones dignas tuvo tambi\u00e9n un importante seguimiento en otras ciudades de Espa\u00f1a como Bilbao, Barcelona, Valencia o Sevilla.<\/p>\n","protected":false},"excerpt":{"rendered":"<p>Madrid, 22 feb (dpa) &#8211; Miles de jubilados espa\u00f1oles reclamaron hoy \u00abpensiones dignas\u00bb durante una protesta celebrada en varias ciudades del pa\u00eds que lleg\u00f3 a bloquear el acceso al Congreso de los Diputados en Madrid. Entre 3.000 y 4.000 personas, seg\u00fan fuentes policiales, participaron en la capital espa\u00f1ola en la concentraci\u00f3n convocada por los sindicatos [&hellip;]<\/p>\n","protected":false},"author":1,"featured_media":791625,"comment_status":"closed","ping_status":"closed","sticky":false,"template":"","format":"standard","meta":{"footnotes":""},"categories":[1],"tags":[],"class_list":["post-970003","post","type-post","status-publish","format-standard","has-post-thumbnail","hentry","category-actualidad"],"aioseo_notices":[],"aioseo_head":"\n\t\t<!-- All in One SEO Pro 5.0.1 - aioseo.com -->\n\t<meta name=\"description\" content=\"Madrid, 22 feb (dpa) - Miles de jubilados espa\u00f1oles reclamaron hoy &quot;pensiones dignas&quot; durante una protesta celebrada en varias ciudades del pa\u00eds que lleg\u00f3 a bloquear el acceso al Congreso de los Diputados en Madrid. Entre 3.000 y 4.000 personas, seg\u00fan fuentes policiales, participaron en la capital espa\u00f1ola en la concentraci\u00f3n convocada por los sindicatos\" \/>\n\t<meta name=\"robots\" content=\"max-image-preview:large\" \/>\n\t<meta name=\"author\" content=\"El Digital de Asturias\"\/>\n\t<meta name=\"google-site-verification\" content=\"UA-38556648-1\" \/>\n\t<meta name=\"msvalidate.01\" content=\"7dfe9f3f1b24437ab69f4f2559babe99\" \/>\n\t<meta name=\"keywords\" content=\"actualidad\" \/>\n\t<link rel=\"canonical\" href=\"https:\/\/www.eldigitaldeasturias.com\/noticias\/miles-de-jubilados-indignados-bloquean-el-congreso-espanol\/\" \/>\n\t<meta name=\"generator\" content=\"All in One SEO Pro (AIOSEO) 5.0.1\" \/>\n\t\t<meta property=\"og:locale\" content=\"es_ES\" \/>\n\t\t<meta property=\"og:site_name\" content=\"El Digital de Asturias\" \/>\n\t\t<meta property=\"og:type\" content=\"article\" \/>\n\t\t<meta property=\"og:title\" content=\"Miles de jubilados indignados bloquean el Congreso espa\u00f1ol - El Digital de Asturias\" \/>\n\t\t<meta property=\"og:description\" content=\"Madrid, 22 feb (dpa) - Miles de jubilados espa\u00f1oles reclamaron hoy &quot;pensiones dignas&quot; durante una protesta celebrada en varias ciudades del pa\u00eds que lleg\u00f3 a bloquear el acceso al Congreso de los Diputados en Madrid. Entre 3.000 y 4.000 personas, seg\u00fan fuentes policiales, participaron en la capital espa\u00f1ola en la concentraci\u00f3n convocada por los sindicatos\" \/>\n\t\t<meta property=\"og:url\" content=\"https:\/\/www.eldigitaldeasturias.com\/noticias\/miles-de-jubilados-indignados-bloquean-el-congreso-espanol\/\" \/>\n\t\t<meta property=\"article:tag\" content=\"actualidad\" \/>\n\t\t<meta property=\"article:published_time\" content=\"2018-02-23T10:55:25+00:00\" \/>\n\t\t<meta property=\"article:modified_time\" content=\"2018-02-23T10:55:25+00:00\" \/>\n\t\t<meta property=\"article:publisher\" content=\"https:\/\/facebook.com\/eldigitaldeasturias\" \/>\n\t\t<meta name=\"twitter:card\" content=\"summary_large_image\" \/>\n\t\t<meta name=\"twitter:title\" content=\"Miles de jubilados indignados bloquean el Congreso espa\u00f1ol - El Digital de Asturias\" \/>\n\t\t<meta name=\"twitter:description\" content=\"Madrid, 22 feb (dpa) - Miles de jubilados espa\u00f1oles reclamaron hoy &quot;pensiones dignas&quot; durante una protesta celebrada en varias ciudades del pa\u00eds que lleg\u00f3 a bloquear el acceso al Congreso de los Diputados en Madrid. Entre 3.000 y 4.000 personas, seg\u00fan fuentes policiales, participaron en la capital espa\u00f1ola en la concentraci\u00f3n convocada por los sindicatos\" \/>\n\t\t<meta name=\"twitter:image\" content=\"https:\/\/www.eldigitaldeasturias.com\/noticias\/wp-content\/uploads\/2020\/12\/EDA-1.jpg\" \/>\n\t\t<meta name=\"twitter:label1\" content=\"Escrito por\" \/>\n\t\t<meta name=\"twitter:data1\" content=\"El Digital de Asturias\" \/>\n\t\t<meta name=\"twitter:label2\" content=\"Tiempo de lectura estimado\" \/>\n\t\t<meta name=\"twitter:data2\" content=\"2 minutos\" \/>\n\t\t<script type=\"application\/ld+json\" class=\"aioseo-schema\">\n\t\t\t{\"@context\":\"https:\\\/\\\/schema.org\",\"@graph\":[{\"@type\":\"BlogPosting\",\"@id\":\"https:\\\/\\\/www.eldigitaldeasturias.com\\\/noticias\\\/miles-de-jubilados-indignados-bloquean-el-congreso-espanol\\\/#blogposting\",\"name\":\"Miles de jubilados indignados bloquean el Congreso espa\\u00f1ol - El Digital de Asturias\",\"headline\":\"Miles de jubilados indignados bloquean el Congreso espa\\u00f1ol\",\"author\":{\"@id\":\"https:\\\/\\\/www.eldigitaldeasturias.com\\\/noticias\\\/author\\\/admin\\\/#author\"},\"publisher\":{\"@id\":\"https:\\\/\\\/www.eldigitaldeasturias.com\\\/noticias\\\/#organization\"},\"image\":{\"@type\":\"ImageObject\",\"url\":791625},\"datePublished\":\"2018-02-23T10:55:25+01:00\",\"dateModified\":\"2018-02-23T10:55:25+01:00\",\"inLanguage\":\"es-ES\",\"mainEntityOfPage\":{\"@id\":\"https:\\\/\\\/www.eldigitaldeasturias.com\\\/noticias\\\/miles-de-jubilados-indignados-bloquean-el-congreso-espanol\\\/#webpage\"},\"isPartOf\":{\"@id\":\"https:\\\/\\\/www.eldigitaldeasturias.com\\\/noticias\\\/miles-de-jubilados-indignados-bloquean-el-congreso-espanol\\\/#webpage\"},\"articleSection\":\"Actualidad\"},{\"@type\":\"BreadcrumbList\",\"@id\":\"https:\\\/\\\/www.eldigitaldeasturias.com\\\/noticias\\\/miles-de-jubilados-indignados-bloquean-el-congreso-espanol\\\/#breadcrumblist\",\"itemListElement\":[{\"@type\":\"ListItem\",\"@id\":\"https:\\\/\\\/www.eldigitaldeasturias.com\\\/noticias#listItem\",\"position\":1,\"name\":\"Home\",\"item\":\"https:\\\/\\\/www.eldigitaldeasturias.com\\\/noticias\",\"nextItem\":{\"@type\":\"ListItem\",\"@id\":\"https:\\\/\\\/www.eldigitaldeasturias.com\\\/noticias\\\/category\\\/actualidad\\\/#listItem\",\"name\":\"Actualidad\"}},{\"@type\":\"ListItem\",\"@id\":\"https:\\\/\\\/www.eldigitaldeasturias.com\\\/noticias\\\/category\\\/actualidad\\\/#listItem\",\"position\":2,\"name\":\"Actualidad\",\"item\":\"https:\\\/\\\/www.eldigitaldeasturias.com\\\/noticias\\\/category\\\/actualidad\\\/\",\"nextItem\":{\"@type\":\"ListItem\",\"@id\":\"https:\\\/\\\/www.eldigitaldeasturias.com\\\/noticias\\\/miles-de-jubilados-indignados-bloquean-el-congreso-espanol\\\/#listItem\",\"name\":\"Miles de jubilados indignados bloquean el Congreso espa\\u00f1ol\"},\"previousItem\":{\"@type\":\"ListItem\",\"@id\":\"https:\\\/\\\/www.eldigitaldeasturias.com\\\/noticias#listItem\",\"name\":\"Home\"}},{\"@type\":\"ListItem\",\"@id\":\"https:\\\/\\\/www.eldigitaldeasturias.com\\\/noticias\\\/miles-de-jubilados-indignados-bloquean-el-congreso-espanol\\\/#listItem\",\"position\":3,\"name\":\"Miles de jubilados indignados bloquean el Congreso espa\\u00f1ol\",\"previousItem\":{\"@type\":\"ListItem\",\"@id\":\"https:\\\/\\\/www.eldigitaldeasturias.com\\\/noticias\\\/category\\\/actualidad\\\/#listItem\",\"name\":\"Actualidad\"}}]},{\"@type\":\"Organization\",\"@id\":\"https:\\\/\\\/www.eldigitaldeasturias.com\\\/noticias\\\/#organization\",\"name\":\"El Digital de Asturias\",\"description\":\"Hemeroteca\",\"url\":\"https:\\\/\\\/www.eldigitaldeasturias.com\\\/noticias\\\/\",\"email\":\"info@eldigitaldeasturias.com\",\"telephone\":\"+34652131393\",\"logo\":{\"@type\":\"ImageObject\",\"url\":\"https:\\\/\\\/www.eldigitaldeasturias.com\\\/noticias\\\/wp-content\\\/uploads\\\/2020\\\/12\\\/EDA.jpg\",\"@id\":\"https:\\\/\\\/www.eldigitaldeasturias.com\\\/noticias\\\/miles-de-jubilados-indignados-bloquean-el-congreso-espanol\\\/#organizationLogo\"},\"image\":{\"@id\":\"https:\\\/\\\/www.eldigitaldeasturias.com\\\/noticias\\\/miles-de-jubilados-indignados-bloquean-el-congreso-espanol\\\/#organizationLogo\"},\"sameAs\":[\"https:\\\/\\\/facebook.com\\\/eldigitaldeasturias\",\"https:\\\/\\\/www.youtube.com\\\/channel\\\/UCZP-2wLEB9Rv6erhFmqVnvg\"],\"address\":{\"@id\":\"https:\\\/\\\/www.eldigitaldeasturias.com\\\/noticias\\\/#postaladdress\",\"@type\":\"PostalAddress\",\"streetAddress\":\"san antonio 4\",\"postalCode\":\"33430\",\"addressLocality\":\"Cand\\u00e1s\",\"addressRegion\":\"Asturias\",\"addressCountry\":\"ES\"}},{\"@type\":\"Person\",\"@id\":\"https:\\\/\\\/www.eldigitaldeasturias.com\\\/noticias\\\/author\\\/admin\\\/#author\",\"url\":\"https:\\\/\\\/www.eldigitaldeasturias.com\\\/noticias\\\/author\\\/admin\\\/\",\"name\":\"El Digital de Asturias\",\"image\":{\"@type\":\"ImageObject\",\"@id\":\"https:\\\/\\\/www.eldigitaldeasturias.com\\\/noticias\\\/miles-de-jubilados-indignados-bloquean-el-congreso-espanol\\\/#authorImage\",\"url\":\"https:\\\/\\\/secure.gravatar.com\\\/avatar\\\/df2aeffc32bcd13f8d26072ef8a91b623d677766deac7f97ca815868cd41bf5e?s=96&d=mm&r=g\",\"width\":96,\"height\":96,\"caption\":\"El Digital de Asturias\"}},{\"@type\":\"WebPage\",\"@id\":\"https:\\\/\\\/www.eldigitaldeasturias.com\\\/noticias\\\/miles-de-jubilados-indignados-bloquean-el-congreso-espanol\\\/#webpage\",\"url\":\"https:\\\/\\\/www.eldigitaldeasturias.com\\\/noticias\\\/miles-de-jubilados-indignados-bloquean-el-congreso-espanol\\\/\",\"name\":\"Miles de jubilados indignados bloquean el Congreso espa\\u00f1ol - El Digital de Asturias\",\"description\":\"Madrid, 22 feb (dpa) - Miles de jubilados espa\\u00f1oles reclamaron hoy \\\"pensiones dignas\\\" durante una protesta celebrada en varias ciudades del pa\\u00eds que lleg\\u00f3 a bloquear el acceso al Congreso de los Diputados en Madrid. Entre 3.000 y 4.000 personas, seg\\u00fan fuentes policiales, participaron en la capital espa\\u00f1ola en la concentraci\\u00f3n convocada por los sindicatos\",\"inLanguage\":\"es-ES\",\"isPartOf\":{\"@id\":\"https:\\\/\\\/www.eldigitaldeasturias.com\\\/noticias\\\/#website\"},\"breadcrumb\":{\"@id\":\"https:\\\/\\\/www.eldigitaldeasturias.com\\\/noticias\\\/miles-de-jubilados-indignados-bloquean-el-congreso-espanol\\\/#breadcrumblist\"},\"author\":{\"@id\":\"https:\\\/\\\/www.eldigitaldeasturias.com\\\/noticias\\\/author\\\/admin\\\/#author\"},\"creator\":{\"@id\":\"https:\\\/\\\/www.eldigitaldeasturias.com\\\/noticias\\\/author\\\/admin\\\/#author\"},\"image\":{\"@type\":\"ImageObject\",\"url\":791625,\"@id\":\"https:\\\/\\\/www.eldigitaldeasturias.com\\\/noticias\\\/miles-de-jubilados-indignados-bloquean-el-congreso-espanol\\\/#mainImage\"},\"primaryImageOfPage\":{\"@id\":\"https:\\\/\\\/www.eldigitaldeasturias.com\\\/noticias\\\/miles-de-jubilados-indignados-bloquean-el-congreso-espanol\\\/#mainImage\"},\"datePublished\":\"2018-02-23T10:55:25+01:00\",\"dateModified\":\"2018-02-23T10:55:25+01:00\"},{\"@type\":\"WebSite\",\"@id\":\"https:\\\/\\\/www.eldigitaldeasturias.com\\\/noticias\\\/#website\",\"url\":\"https:\\\/\\\/www.eldigitaldeasturias.com\\\/noticias\\\/\",\"name\":\"El Digital de Asturias - Diario de actualidad y noticias\",\"alternateName\":\"El Digital de Asturias - Diario de actualidad y noticias\",\"description\":\"Hemeroteca\",\"inLanguage\":\"es-ES\",\"publisher\":{\"@id\":\"https:\\\/\\\/www.eldigitaldeasturias.com\\\/noticias\\\/#organization\"}}]}\n\t\t<\/script>\n\t\t<!-- All in One SEO Pro -->\r\n\t\t<title>Miles de jubilados indignados bloquean el Congreso espa\u00f1ol - El Digital de Asturias<\/title>\n\n","aioseo_head_json":{"title":"Miles de jubilados indignados bloquean el Congreso espa\u00f1ol - El Digital de Asturias","description":"Madrid, 22 feb (dpa) - Miles de jubilados espa\u00f1oles reclamaron hoy \"pensiones dignas\" durante una protesta celebrada en varias ciudades del pa\u00eds que lleg\u00f3 a bloquear el acceso al Congreso de los Diputados en Madrid. Entre 3.000 y 4.000 personas, seg\u00fan fuentes policiales, participaron en la capital espa\u00f1ola en la concentraci\u00f3n convocada por los sindicatos","canonical_url":"https:\/\/www.eldigitaldeasturias.com\/noticias\/miles-de-jubilados-indignados-bloquean-el-congreso-espanol\/","robots":"max-image-preview:large","keywords":"actualidad","webmasterTools":{"google-site-verification":"UA-38556648-1","msvalidate.01":"7dfe9f3f1b24437ab69f4f2559babe99","miscellaneous":""},"schema":{"@context":"https:\/\/schema.org","@graph":[{"@type":"BlogPosting","@id":"https:\/\/www.eldigitaldeasturias.com\/noticias\/miles-de-jubilados-indignados-bloquean-el-congreso-espanol\/#blogposting","name":"Miles de jubilados indignados bloquean el Congreso espa\u00f1ol - El Digital de Asturias","headline":"Miles de jubilados indignados bloquean el Congreso espa\u00f1ol","author":{"@id":"https:\/\/www.eldigitaldeasturias.com\/noticias\/author\/admin\/#author"},"publisher":{"@id":"https:\/\/www.eldigitaldeasturias.com\/noticias\/#organization"},"image":{"@type":"ImageObject","url":791625},"datePublished":"2018-02-23T10:55:25+01:00","dateModified":"2018-02-23T10:55:25+01:00","inLanguage":"es-ES","mainEntityOfPage":{"@id":"https:\/\/www.eldigitaldeasturias.com\/noticias\/miles-de-jubilados-indignados-bloquean-el-congreso-espanol\/#webpage"},"isPartOf":{"@id":"https:\/\/www.eldigitaldeasturias.com\/noticias\/miles-de-jubilados-indignados-bloquean-el-congreso-espanol\/#webpage"},"articleSection":"Actualidad"},{"@type":"BreadcrumbList","@id":"https:\/\/www.eldigitaldeasturias.com\/noticias\/miles-de-jubilados-indignados-bloquean-el-congreso-espanol\/#breadcrumblist","itemListElement":[{"@type":"ListItem","@id":"https:\/\/www.eldigitaldeasturias.com\/noticias#listItem","position":1,"name":"Home","item":"https:\/\/www.eldigitaldeasturias.com\/noticias","nextItem":{"@type":"ListItem","@id":"https:\/\/www.eldigitaldeasturias.com\/noticias\/category\/actualidad\/#listItem","name":"Actualidad"}},{"@type":"ListItem","@id":"https:\/\/www.eldigitaldeasturias.com\/noticias\/category\/actualidad\/#listItem","position":2,"name":"Actualidad","item":"https:\/\/www.eldigitaldeasturias.com\/noticias\/category\/actualidad\/","nextItem":{"@type":"ListItem","@id":"https:\/\/www.eldigitaldeasturias.com\/noticias\/miles-de-jubilados-indignados-bloquean-el-congreso-espanol\/#listItem","name":"Miles de jubilados indignados bloquean el Congreso espa\u00f1ol"},"previousItem":{"@type":"ListItem","@id":"https:\/\/www.eldigitaldeasturias.com\/noticias#listItem","name":"Home"}},{"@type":"ListItem","@id":"https:\/\/www.eldigitaldeasturias.com\/noticias\/miles-de-jubilados-indignados-bloquean-el-congreso-espanol\/#listItem","position":3,"name":"Miles de jubilados indignados bloquean el Congreso espa\u00f1ol","previousItem":{"@type":"ListItem","@id":"https:\/\/www.eldigitaldeasturias.com\/noticias\/category\/actualidad\/#listItem","name":"Actualidad"}}]},{"@type":"Organization","@id":"https:\/\/www.eldigitaldeasturias.com\/noticias\/#organization","name":"El Digital de Asturias","description":"Hemeroteca","url":"https:\/\/www.eldigitaldeasturias.com\/noticias\/","email":"info@eldigitaldeasturias.com","telephone":"+34652131393","logo":{"@type":"ImageObject","url":"https:\/\/www.eldigitaldeasturias.com\/noticias\/wp-content\/uploads\/2020\/12\/EDA.jpg","@id":"https:\/\/www.eldigitaldeasturias.com\/noticias\/miles-de-jubilados-indignados-bloquean-el-congreso-espanol\/#organizationLogo"},"image":{"@id":"https:\/\/www.eldigitaldeasturias.com\/noticias\/miles-de-jubilados-indignados-bloquean-el-congreso-espanol\/#organizationLogo"},"sameAs":["https:\/\/facebook.com\/eldigitaldeasturias","https:\/\/www.youtube.com\/channel\/UCZP-2wLEB9Rv6erhFmqVnvg"],"address":{"@id":"https:\/\/www.eldigitaldeasturias.com\/noticias\/#postaladdress","@type":"PostalAddress","streetAddress":"san antonio 4","postalCode":"33430","addressLocality":"Cand\u00e1s","addressRegion":"Asturias","addressCountry":"ES"}},{"@type":"Person","@id":"https:\/\/www.eldigitaldeasturias.com\/noticias\/author\/admin\/#author","url":"https:\/\/www.eldigitaldeasturias.com\/noticias\/author\/admin\/","name":"El Digital de Asturias","image":{"@type":"ImageObject","@id":"https:\/\/www.eldigitaldeasturias.com\/noticias\/miles-de-jubilados-indignados-bloquean-el-congreso-espanol\/#authorImage","url":"https:\/\/secure.gravatar.com\/avatar\/df2aeffc32bcd13f8d26072ef8a91b623d677766deac7f97ca815868cd41bf5e?s=96&d=mm&r=g","width":96,"height":96,"caption":"El Digital de Asturias"}},{"@type":"WebPage","@id":"https:\/\/www.eldigitaldeasturias.com\/noticias\/miles-de-jubilados-indignados-bloquean-el-congreso-espanol\/#webpage","url":"https:\/\/www.eldigitaldeasturias.com\/noticias\/miles-de-jubilados-indignados-bloquean-el-congreso-espanol\/","name":"Miles de jubilados indignados bloquean el Congreso espa\u00f1ol - El Digital de Asturias","description":"Madrid, 22 feb (dpa) - Miles de jubilados espa\u00f1oles reclamaron hoy \"pensiones dignas\" durante una protesta celebrada en varias ciudades del pa\u00eds que lleg\u00f3 a bloquear el acceso al Congreso de los Diputados en Madrid. Entre 3.000 y 4.000 personas, seg\u00fan fuentes policiales, participaron en la capital espa\u00f1ola en la concentraci\u00f3n convocada por los sindicatos","inLanguage":"es-ES","isPartOf":{"@id":"https:\/\/www.eldigitaldeasturias.com\/noticias\/#website"},"breadcrumb":{"@id":"https:\/\/www.eldigitaldeasturias.com\/noticias\/miles-de-jubilados-indignados-bloquean-el-congreso-espanol\/#breadcrumblist"},"author":{"@id":"https:\/\/www.eldigitaldeasturias.com\/noticias\/author\/admin\/#author"},"creator":{"@id":"https:\/\/www.eldigitaldeasturias.com\/noticias\/author\/admin\/#author"},"image":{"@type":"ImageObject","url":791625,"@id":"https:\/\/www.eldigitaldeasturias.com\/noticias\/miles-de-jubilados-indignados-bloquean-el-congreso-espanol\/#mainImage"},"primaryImageOfPage":{"@id":"https:\/\/www.eldigitaldeasturias.com\/noticias\/miles-de-jubilados-indignados-bloquean-el-congreso-espanol\/#mainImage"},"datePublished":"2018-02-23T10:55:25+01:00","dateModified":"2018-02-23T10:55:25+01:00"},{"@type":"WebSite","@id":"https:\/\/www.eldigitaldeasturias.com\/noticias\/#website","url":"https:\/\/www.eldigitaldeasturias.com\/noticias\/","name":"El Digital de Asturias - Diario de actualidad y noticias","alternateName":"El Digital de Asturias - Diario de actualidad y noticias","description":"Hemeroteca","inLanguage":"es-ES","publisher":{"@id":"https:\/\/www.eldigitaldeasturias.com\/noticias\/#organization"}}]},"og:locale":"es_ES","og:site_name":"El Digital de Asturias","og:type":"article","og:title":"Miles de jubilados indignados bloquean el Congreso espa\u00f1ol - El Digital de Asturias","og:description":"Madrid, 22 feb (dpa) - Miles de jubilados espa\u00f1oles reclamaron hoy &quot;pensiones dignas&quot; durante una protesta celebrada en varias ciudades del pa\u00eds que lleg\u00f3 a bloquear el acceso al Congreso de los Diputados en Madrid. Entre 3.000 y 4.000 personas, seg\u00fan fuentes policiales, participaron en la capital espa\u00f1ola en la concentraci\u00f3n convocada por los sindicatos","og:url":"https:\/\/www.eldigitaldeasturias.com\/noticias\/miles-de-jubilados-indignados-bloquean-el-congreso-espanol\/","article:tag":["actualidad"],"article:published_time":"2018-02-23T10:55:25+00:00","article:modified_time":"2018-02-23T10:55:25+00:00","article:publisher":"https:\/\/facebook.com\/eldigitaldeasturias","twitter:card":"summary_large_image","twitter:title":"Miles de jubilados indignados bloquean el Congreso espa\u00f1ol - El Digital de Asturias","twitter:description":"Madrid, 22 feb (dpa) - Miles de jubilados espa\u00f1oles reclamaron hoy &quot;pensiones dignas&quot; durante una protesta celebrada en varias ciudades del pa\u00eds que lleg\u00f3 a bloquear el acceso al Congreso de los Diputados en Madrid. Entre 3.000 y 4.000 personas, seg\u00fan fuentes policiales, participaron en la capital espa\u00f1ola en la concentraci\u00f3n convocada por los sindicatos","twitter:image":"https:\/\/www.eldigitaldeasturias.com\/noticias\/wp-content\/uploads\/2020\/12\/EDA-1.jpg","twitter:label1":"Escrito por","twitter:data1":"El Digital de Asturias","twitter:label2":"Tiempo de lectura estimado","twitter:data2":"2 minutos"},"aioseo_meta_data":{"post_id":"970003","title":null,"description":null,"keywords":null,"keyphrases":null,"primary_term":null,"canonical_url":null,"og_title":null,"og_description":null,"og_object_type":"default","og_image_type":"default","og_image_url":null,"og_image_width":null,"og_image_height":null,"og_image_custom_url":null,"og_image_custom_fields":null,"og_video":null,"og_custom_url":null,"og_article_section":null,"og_article_tags":null,"twitter_use_og":false,"twitter_card":"default","twitter_image_type":"default","twitter_image_url":null,"twitter_image_custom_url":null,"twitter_image_custom_fields":null,"twitter_title":null,"twitter_description":null,"schema":{"blockGraphs":[],"customGraphs":[],"default":{"data":{"Article":[],"Course":[],"Dataset":[],"FAQPage":[],"Movie":[],"Person":[],"Product":[],"ProductReview":[],"Car":[],"Recipe":[],"Service":[],"SoftwareApplication":[],"WebPage":[]},"graphName":"","isEnabled":true},"graphs":[],"defaultGraph":"","defaultPostTypeGraph":""},"schema_type":null,"schema_type_options":null,"pillar_content":false,"robots_default":true,"robots_noindex":false,"robots_noarchive":false,"robots_nosnippet":false,"robots_nofollow":false,"robots_noimageindex":false,"robots_noodp":false,"robots_notranslate":false,"robots_max_snippet":null,"robots_max_videopreview":null,"robots_max_imagepreview":"large","priority":null,"frequency":null,"local_seo":null,"seo_analyzer_scan_date":"2025-10-07 04:07:04","breadcrumb_settings":null,"limit_modified_date":false,"open_ai":null,"ai":null,"created":"2020-12-21 12:25:39","updated":"2025-10-07 04:07:04","focus_keyword":null,"additional_keywords":null,"truseo_locale":null},"aioseo_breadcrumb":"<div class=\"aioseo-breadcrumbs\"><span class=\"aioseo-breadcrumb\">\n\t<a href=\"https:\/\/www.eldigitaldeasturias.com\/noticias\" title=\"Home\">Home<\/a>\n<\/span><span class=\"aioseo-breadcrumb-separator\">\u2013<\/span><span class=\"aioseo-breadcrumb\">\n\t<a href=\"https:\/\/www.eldigitaldeasturias.com\/noticias\/category\/actualidad\/\" title=\"Actualidad\">Actualidad<\/a>\n<\/span><span class=\"aioseo-breadcrumb-separator\">\u2013<\/span><span class=\"aioseo-breadcrumb\">\n\t<a href=\"https:\/\/www.eldigitaldeasturias.com\/noticias\/miles-de-jubilados-indignados-bloquean-el-congreso-espanol\/\" title=\"Miles de jubilados indignados bloquean el Congreso espa\u00f1ol\">Miles de jubilados indignados bloquean el Congreso espa\u00f1ol<\/a>\n<\/span><\/div>","aioseo_breadcrumb_json":[{"label":"Home","link":"https:\/\/www.eldigitaldeasturias.com\/noticias"},{"label":"Actualidad","link":"https:\/\/www.eldigitaldeasturias.com\/noticias\/category\/actualidad\/"},{"label":"Miles de jubilados indignados bloquean el Congreso espa\u00f1ol","link":"https:\/\/www.eldigitaldeasturias.com\/noticias\/miles-de-jubilados-indignados-bloquean-el-congreso-espanol\/"}],"_links":{"self":[{"href":"https:\/\/www.eldigitaldeasturias.com\/noticias\/wp-json\/wp\/v2\/posts\/970003","targetHints":{"allow":["GET"]}}],"collection":[{"href":"https:\/\/www.eldigitaldeasturias.com\/noticias\/wp-json\/wp\/v2\/posts"}],"about":[{"href":"https:\/\/www.eldigitaldeasturias.com\/noticias\/wp-json\/wp\/v2\/types\/post"}],"author":[{"embeddable":true,"href":"https:\/\/www.eldigitaldeasturias.com\/noticias\/wp-json\/wp\/v2\/users\/1"}],"replies":[{"embeddable":true,"href":"https:\/\/www.eldigitaldeasturias.com\/noticias\/wp-json\/wp\/v2\/comments?post=970003"}],"version-history":[{"count":0,"href":"https:\/\/www.eldigitaldeasturias.com\/noticias\/wp-json\/wp\/v2\/posts\/970003\/revisions"}],"wp:attachment":[{"href":"https:\/\/www.eldigitaldeasturias.com\/noticias\/wp-json\/wp\/v2\/media?parent=970003"}],"wp:term":[{"taxonomy":"category","embeddable":true,"href":"https:\/\/www.eldigitaldeasturias.com\/noticias\/wp-json\/wp\/v2\/categories?post=970003"},{"taxonomy":"post_tag","embeddable":true,"href":"https:\/\/www.eldigitaldeasturias.com\/noticias\/wp-json\/wp\/v2\/tags?post=970003"}],"curies":[{"name":"wp","href":"https:\/\/api.w.org\/{rel}","templated":true}]}}