{"id":970001,"date":"2018-02-23T10:52:15","date_gmt":"2018-02-23T10:52:15","guid":{"rendered":"http:\/\/www.eldigitaldeasturias.com\/noticias\/?p=970001"},"modified":"2018-02-23T10:52:15","modified_gmt":"2018-02-23T10:52:15","slug":"los-hermanos-scholl-75-anos-de-un-mito-de-la-resistencia-antinazi","status":"publish","type":"post","link":"https:\/\/www.eldigitaldeasturias.com\/noticias\/los-hermanos-scholl-75-anos-de-un-mito-de-la-resistencia-antinazi\/","title":{"rendered":"Los hermanos Scholl: 75 a\u00f1os de un mito de la resistencia antinazi"},"content":{"rendered":"<p><img loading=\"lazy\" decoding=\"async\" class=\"alignleft size-medium wp-image-969030\" src=\"https:\/\/www.eldigitaldeasturias.com\/noticias\/wp-content\/uploads\/2018\/02\/macbook-577758_1280-1-360x239.jpg\" alt=\"\" width=\"360\" height=\"239\" \/>Ulm (Alemania), 22 feb (dpa) &#8211; Con un oficio religioso, una exposici\u00f3n y rosas de papel de color blanco, Alemania rindi\u00f3 hoy homenaje a la memoria de los hermanos Scholl, dos de las figuras que mejor ejemplifican la resistencia heroica y pac\u00edfica contra el nazismo, coincidiendo con el 75 aniversario de su asesinato.<\/p>\n<p>Los estudiantes del instituto de ense\u00f1anza secundaria \u00abHans y Sophie Scholl\u00bb, situado en la ciudad sure\u00f1a de Ulm, repartieron desde primera hora de la ma\u00f1ana rosas de papel de color blanco entre los usuarios del transporte p\u00fablico para recordar a los fundadores del movimiento \u00abLa rosa blanca\u00bb, que terminaron convertidos en uno de los mayores s\u00edmbolos de la oposici\u00f3n heroica y pac\u00edfica contra el horror sembrado por Adolf Hitler.<\/p>\n<p>\u00a1Viva la libertad!\u00bb: Fueron las \u00faltimas palabras de Hans Scholl antes de que su cabeza rodara guillotinada por los nazis. Su hermana Sophie acababa de sufrir la misma suerte.<\/p>\n<p>Los hermanos Scholl hab\u00edan tomado el camino m\u00e1s dif\u00edcil: el de negarse a callar ante la dictadura nazi. Junto con otros estudiantes fundaron el grupo de resistencia \u00abLa rosa blanca\u00bb en defensa de la paz y la libertad. La iniciativa les cost\u00f3 la vida el 22 de febrero de 1943, cuando Hans ten\u00eda apenas 24 a\u00f1os y Sophie 21.<\/p>\n<p>Hasta su detenci\u00f3n cuatro d\u00edas antes, la ma\u00f1ana del 18 de febrero, la temible Gestapo apenas hab\u00eda logrado seguir la pista al movimiento. \u00abLa rosa blanca\u00bb hab\u00eda intensificado su acci\u00f3n tras la derrota alemana en la batalla de Stalingrado repartiendo panfletos y escribiendo consignas contra Hitler en las paredes de M\u00fanich.<\/p>\n<p>La ma\u00f1ana de su detenci\u00f3n, Hans y Sophie llegaron con un bolso lleno de octavillas a la Universidad de M\u00fanich, donde \u00e9l estudiaba Medicina y ella Biolog\u00eda y Psicolog\u00eda.<\/p>\n<p>Cuando los hermanos comenzaron a lanzar los panfletos por las escaleras de la universidad, fueron descubiertos por el intendente del centro, Jakob Schmid, que los denunci\u00f3 ante la Gestapo.<\/p>\n<p>Cuatro d\u00edas m\u00e1s tarde, ambos estaban muertos, al igual que su compa\u00f1ero Christoph Probst, de 23 a\u00f1os. A lo largo del a\u00f1o los nazis ejecutaron a los otros miembros de \u00abLa rosa blanca\u00bb.<\/p>\n<p>Tras ser detenidos, Hans y Sophie fueron interrogados por separado durante d\u00edas por los comisarios Anton Mahler y Robert Mohr. La sentencia estaba escrita de antemano: \u00abEl jefe de circunscripci\u00f3n pide que la condena llegue los pr\u00f3ximos d\u00edas y que su ejecuci\u00f3n se produzca cuanto antes\u00bb, se\u00f1ala una instrucci\u00f3n del juzgado escrita incluso antes de que comenzara el proceso.<\/p>\n<p>El juez Roland Freisler condujo el juicio \u00abenfurecido, a los gritos, gesticulando de manera explosiva\u00bb, relat\u00f3 m\u00e1s tarde un testigo. A los padres de los hermanos Scholl se les neg\u00f3 el acceso al tribunal.<\/p>\n<p>A las 12:45 horas, Freisler anunci\u00f3 la condena a muerte, entre otras razones por \u00abdesmoralizaci\u00f3n del Ej\u00e9rcito\u00bb, y rechaz\u00f3 los pedidos de gracia. A las 17:00 horas, los hermanos Scholl y Christoph ser\u00edan gillotinados. Poco antes de la ejecuci\u00f3n, se permiti\u00f3 que los padres vieran a sus hijos por \u00faltima vez.<\/p>\n<p><i class=\"lang-es\"><span class=\" readonly\" title=\"\">Por Britta Schultejans (dpa)<\/span><\/i><\/p>\n","protected":false},"excerpt":{"rendered":"<p>Ulm (Alemania), 22 feb (dpa) &#8211; Con un oficio religioso, una exposici\u00f3n y rosas de papel de color blanco, Alemania rindi\u00f3 hoy homenaje a la memoria de los hermanos Scholl, dos de las figuras que mejor ejemplifican la resistencia heroica y pac\u00edfica contra el nazismo, coincidiendo con el 75 aniversario de su asesinato. Los estudiantes [&hellip;]<\/p>\n","protected":false},"author":1,"featured_media":969030,"comment_status":"closed","ping_status":"closed","sticky":false,"template":"","format":"standard","meta":{"footnotes":""},"categories":[1],"tags":[],"class_list":["post-970001","post","type-post","status-publish","format-standard","has-post-thumbnail","hentry","category-actualidad"],"aioseo_notices":[],"aioseo_head":"\n\t\t<!-- All in One SEO Pro 5.0.1 - aioseo.com -->\n\t<meta name=\"description\" content=\"Ulm (Alemania), 22 feb (dpa) - Con un oficio religioso, una exposici\u00f3n y rosas de papel de color blanco, Alemania rindi\u00f3 hoy homenaje a la memoria de los hermanos Scholl, dos de las figuras que mejor ejemplifican la resistencia heroica y pac\u00edfica contra el nazismo, coincidiendo con el 75 aniversario de su asesinato. Los estudiantes\" \/>\n\t<meta name=\"robots\" content=\"max-image-preview:large\" \/>\n\t<meta name=\"author\" content=\"El Digital de Asturias\"\/>\n\t<meta name=\"google-site-verification\" content=\"UA-38556648-1\" \/>\n\t<meta name=\"msvalidate.01\" content=\"7dfe9f3f1b24437ab69f4f2559babe99\" \/>\n\t<meta name=\"keywords\" content=\"actualidad\" \/>\n\t<link rel=\"canonical\" href=\"https:\/\/www.eldigitaldeasturias.com\/noticias\/los-hermanos-scholl-75-anos-de-un-mito-de-la-resistencia-antinazi\/\" \/>\n\t<meta name=\"generator\" content=\"All in One SEO Pro (AIOSEO) 5.0.1\" \/>\n\t\t<meta property=\"og:locale\" content=\"es_ES\" \/>\n\t\t<meta property=\"og:site_name\" content=\"El Digital de Asturias\" \/>\n\t\t<meta property=\"og:type\" content=\"article\" \/>\n\t\t<meta property=\"og:title\" content=\"Los hermanos Scholl: 75 a\u00f1os de un mito de la resistencia antinazi - El Digital de Asturias\" \/>\n\t\t<meta property=\"og:description\" content=\"Ulm (Alemania), 22 feb (dpa) - Con un oficio religioso, una exposici\u00f3n y rosas de papel de color blanco, Alemania rindi\u00f3 hoy homenaje a la memoria de los hermanos Scholl, dos de las figuras que mejor ejemplifican la resistencia heroica y pac\u00edfica contra el nazismo, coincidiendo con el 75 aniversario de su asesinato. Los estudiantes\" \/>\n\t\t<meta property=\"og:url\" content=\"https:\/\/www.eldigitaldeasturias.com\/noticias\/los-hermanos-scholl-75-anos-de-un-mito-de-la-resistencia-antinazi\/\" \/>\n\t\t<meta property=\"article:tag\" content=\"actualidad\" \/>\n\t\t<meta property=\"article:published_time\" content=\"2018-02-23T10:52:15+00:00\" \/>\n\t\t<meta property=\"article:modified_time\" content=\"2018-02-23T10:52:15+00:00\" \/>\n\t\t<meta property=\"article:publisher\" content=\"https:\/\/facebook.com\/eldigitaldeasturias\" \/>\n\t\t<meta name=\"twitter:card\" content=\"summary_large_image\" \/>\n\t\t<meta name=\"twitter:title\" content=\"Los hermanos Scholl: 75 a\u00f1os de un mito de la resistencia antinazi - El Digital de Asturias\" \/>\n\t\t<meta name=\"twitter:description\" content=\"Ulm (Alemania), 22 feb (dpa) - Con un oficio religioso, una exposici\u00f3n y rosas de papel de color blanco, Alemania rindi\u00f3 hoy homenaje a la memoria de los hermanos Scholl, dos de las figuras que mejor ejemplifican la resistencia heroica y pac\u00edfica contra el nazismo, coincidiendo con el 75 aniversario de su asesinato. Los estudiantes\" \/>\n\t\t<meta name=\"twitter:image\" content=\"https:\/\/www.eldigitaldeasturias.com\/noticias\/wp-content\/uploads\/2020\/12\/EDA-1.jpg\" \/>\n\t\t<meta name=\"twitter:label1\" content=\"Escrito por\" \/>\n\t\t<meta name=\"twitter:data1\" content=\"El Digital de Asturias\" \/>\n\t\t<meta name=\"twitter:label2\" content=\"Tiempo de lectura estimado\" \/>\n\t\t<meta name=\"twitter:data2\" content=\"3 minutos\" \/>\n\t\t<script type=\"application\/ld+json\" class=\"aioseo-schema\">\n\t\t\t{\"@context\":\"https:\\\/\\\/schema.org\",\"@graph\":[{\"@type\":\"BlogPosting\",\"@id\":\"https:\\\/\\\/www.eldigitaldeasturias.com\\\/noticias\\\/los-hermanos-scholl-75-anos-de-un-mito-de-la-resistencia-antinazi\\\/#blogposting\",\"name\":\"Los hermanos Scholl: 75 a\\u00f1os de un mito de la resistencia antinazi - El Digital de Asturias\",\"headline\":\"Los hermanos Scholl: 75 a\\u00f1os de un mito de la resistencia antinazi\",\"author\":{\"@id\":\"https:\\\/\\\/www.eldigitaldeasturias.com\\\/noticias\\\/author\\\/admin\\\/#author\"},\"publisher\":{\"@id\":\"https:\\\/\\\/www.eldigitaldeasturias.com\\\/noticias\\\/#organization\"},\"image\":{\"@type\":\"ImageObject\",\"url\":969030},\"datePublished\":\"2018-02-23T10:52:15+01:00\",\"dateModified\":\"2018-02-23T10:52:15+01:00\",\"inLanguage\":\"es-ES\",\"mainEntityOfPage\":{\"@id\":\"https:\\\/\\\/www.eldigitaldeasturias.com\\\/noticias\\\/los-hermanos-scholl-75-anos-de-un-mito-de-la-resistencia-antinazi\\\/#webpage\"},\"isPartOf\":{\"@id\":\"https:\\\/\\\/www.eldigitaldeasturias.com\\\/noticias\\\/los-hermanos-scholl-75-anos-de-un-mito-de-la-resistencia-antinazi\\\/#webpage\"},\"articleSection\":\"Actualidad\"},{\"@type\":\"BreadcrumbList\",\"@id\":\"https:\\\/\\\/www.eldigitaldeasturias.com\\\/noticias\\\/los-hermanos-scholl-75-anos-de-un-mito-de-la-resistencia-antinazi\\\/#breadcrumblist\",\"itemListElement\":[{\"@type\":\"ListItem\",\"@id\":\"https:\\\/\\\/www.eldigitaldeasturias.com\\\/noticias#listItem\",\"position\":1,\"name\":\"Home\",\"item\":\"https:\\\/\\\/www.eldigitaldeasturias.com\\\/noticias\",\"nextItem\":{\"@type\":\"ListItem\",\"@id\":\"https:\\\/\\\/www.eldigitaldeasturias.com\\\/noticias\\\/category\\\/actualidad\\\/#listItem\",\"name\":\"Actualidad\"}},{\"@type\":\"ListItem\",\"@id\":\"https:\\\/\\\/www.eldigitaldeasturias.com\\\/noticias\\\/category\\\/actualidad\\\/#listItem\",\"position\":2,\"name\":\"Actualidad\",\"item\":\"https:\\\/\\\/www.eldigitaldeasturias.com\\\/noticias\\\/category\\\/actualidad\\\/\",\"nextItem\":{\"@type\":\"ListItem\",\"@id\":\"https:\\\/\\\/www.eldigitaldeasturias.com\\\/noticias\\\/los-hermanos-scholl-75-anos-de-un-mito-de-la-resistencia-antinazi\\\/#listItem\",\"name\":\"Los hermanos Scholl: 75 a\\u00f1os de un mito de la resistencia antinazi\"},\"previousItem\":{\"@type\":\"ListItem\",\"@id\":\"https:\\\/\\\/www.eldigitaldeasturias.com\\\/noticias#listItem\",\"name\":\"Home\"}},{\"@type\":\"ListItem\",\"@id\":\"https:\\\/\\\/www.eldigitaldeasturias.com\\\/noticias\\\/los-hermanos-scholl-75-anos-de-un-mito-de-la-resistencia-antinazi\\\/#listItem\",\"position\":3,\"name\":\"Los hermanos Scholl: 75 a\\u00f1os de un mito de la resistencia antinazi\",\"previousItem\":{\"@type\":\"ListItem\",\"@id\":\"https:\\\/\\\/www.eldigitaldeasturias.com\\\/noticias\\\/category\\\/actualidad\\\/#listItem\",\"name\":\"Actualidad\"}}]},{\"@type\":\"Organization\",\"@id\":\"https:\\\/\\\/www.eldigitaldeasturias.com\\\/noticias\\\/#organization\",\"name\":\"El Digital de Asturias\",\"description\":\"Hemeroteca\",\"url\":\"https:\\\/\\\/www.eldigitaldeasturias.com\\\/noticias\\\/\",\"email\":\"info@eldigitaldeasturias.com\",\"telephone\":\"+34652131393\",\"logo\":{\"@type\":\"ImageObject\",\"url\":\"https:\\\/\\\/www.eldigitaldeasturias.com\\\/noticias\\\/wp-content\\\/uploads\\\/2020\\\/12\\\/EDA.jpg\",\"@id\":\"https:\\\/\\\/www.eldigitaldeasturias.com\\\/noticias\\\/los-hermanos-scholl-75-anos-de-un-mito-de-la-resistencia-antinazi\\\/#organizationLogo\"},\"image\":{\"@id\":\"https:\\\/\\\/www.eldigitaldeasturias.com\\\/noticias\\\/los-hermanos-scholl-75-anos-de-un-mito-de-la-resistencia-antinazi\\\/#organizationLogo\"},\"sameAs\":[\"https:\\\/\\\/facebook.com\\\/eldigitaldeasturias\",\"https:\\\/\\\/www.youtube.com\\\/channel\\\/UCZP-2wLEB9Rv6erhFmqVnvg\"],\"address\":{\"@id\":\"https:\\\/\\\/www.eldigitaldeasturias.com\\\/noticias\\\/#postaladdress\",\"@type\":\"PostalAddress\",\"streetAddress\":\"san antonio 4\",\"postalCode\":\"33430\",\"addressLocality\":\"Cand\\u00e1s\",\"addressRegion\":\"Asturias\",\"addressCountry\":\"ES\"}},{\"@type\":\"Person\",\"@id\":\"https:\\\/\\\/www.eldigitaldeasturias.com\\\/noticias\\\/author\\\/admin\\\/#author\",\"url\":\"https:\\\/\\\/www.eldigitaldeasturias.com\\\/noticias\\\/author\\\/admin\\\/\",\"name\":\"El Digital de Asturias\",\"image\":{\"@type\":\"ImageObject\",\"@id\":\"https:\\\/\\\/www.eldigitaldeasturias.com\\\/noticias\\\/los-hermanos-scholl-75-anos-de-un-mito-de-la-resistencia-antinazi\\\/#authorImage\",\"url\":\"https:\\\/\\\/secure.gravatar.com\\\/avatar\\\/df2aeffc32bcd13f8d26072ef8a91b623d677766deac7f97ca815868cd41bf5e?s=96&d=mm&r=g\",\"width\":96,\"height\":96,\"caption\":\"El Digital de Asturias\"}},{\"@type\":\"WebPage\",\"@id\":\"https:\\\/\\\/www.eldigitaldeasturias.com\\\/noticias\\\/los-hermanos-scholl-75-anos-de-un-mito-de-la-resistencia-antinazi\\\/#webpage\",\"url\":\"https:\\\/\\\/www.eldigitaldeasturias.com\\\/noticias\\\/los-hermanos-scholl-75-anos-de-un-mito-de-la-resistencia-antinazi\\\/\",\"name\":\"Los hermanos Scholl: 75 a\\u00f1os de un mito de la resistencia antinazi - El Digital de Asturias\",\"description\":\"Ulm (Alemania), 22 feb (dpa) - Con un oficio religioso, una exposici\\u00f3n y rosas de papel de color blanco, Alemania rindi\\u00f3 hoy homenaje a la memoria de los hermanos Scholl, dos de las figuras que mejor ejemplifican la resistencia heroica y pac\\u00edfica contra el nazismo, coincidiendo con el 75 aniversario de su asesinato. Los estudiantes\",\"inLanguage\":\"es-ES\",\"isPartOf\":{\"@id\":\"https:\\\/\\\/www.eldigitaldeasturias.com\\\/noticias\\\/#website\"},\"breadcrumb\":{\"@id\":\"https:\\\/\\\/www.eldigitaldeasturias.com\\\/noticias\\\/los-hermanos-scholl-75-anos-de-un-mito-de-la-resistencia-antinazi\\\/#breadcrumblist\"},\"author\":{\"@id\":\"https:\\\/\\\/www.eldigitaldeasturias.com\\\/noticias\\\/author\\\/admin\\\/#author\"},\"creator\":{\"@id\":\"https:\\\/\\\/www.eldigitaldeasturias.com\\\/noticias\\\/author\\\/admin\\\/#author\"},\"image\":{\"@type\":\"ImageObject\",\"url\":969030,\"@id\":\"https:\\\/\\\/www.eldigitaldeasturias.com\\\/noticias\\\/los-hermanos-scholl-75-anos-de-un-mito-de-la-resistencia-antinazi\\\/#mainImage\"},\"primaryImageOfPage\":{\"@id\":\"https:\\\/\\\/www.eldigitaldeasturias.com\\\/noticias\\\/los-hermanos-scholl-75-anos-de-un-mito-de-la-resistencia-antinazi\\\/#mainImage\"},\"datePublished\":\"2018-02-23T10:52:15+01:00\",\"dateModified\":\"2018-02-23T10:52:15+01:00\"},{\"@type\":\"WebSite\",\"@id\":\"https:\\\/\\\/www.eldigitaldeasturias.com\\\/noticias\\\/#website\",\"url\":\"https:\\\/\\\/www.eldigitaldeasturias.com\\\/noticias\\\/\",\"name\":\"El Digital de Asturias - Diario de actualidad y noticias\",\"alternateName\":\"El Digital de Asturias - Diario de actualidad y noticias\",\"description\":\"Hemeroteca\",\"inLanguage\":\"es-ES\",\"publisher\":{\"@id\":\"https:\\\/\\\/www.eldigitaldeasturias.com\\\/noticias\\\/#organization\"}}]}\n\t\t<\/script>\n\t\t<!-- All in One SEO Pro -->\r\n\t\t<title>Los hermanos Scholl: 75 a\u00f1os de un mito de la resistencia antinazi - El Digital de Asturias<\/title>\n\n","aioseo_head_json":{"title":"Los hermanos Scholl: 75 a\u00f1os de un mito de la resistencia antinazi - El Digital de Asturias","description":"Ulm (Alemania), 22 feb (dpa) - Con un oficio religioso, una exposici\u00f3n y rosas de papel de color blanco, Alemania rindi\u00f3 hoy homenaje a la memoria de los hermanos Scholl, dos de las figuras que mejor ejemplifican la resistencia heroica y pac\u00edfica contra el nazismo, coincidiendo con el 75 aniversario de su asesinato. Los estudiantes","canonical_url":"https:\/\/www.eldigitaldeasturias.com\/noticias\/los-hermanos-scholl-75-anos-de-un-mito-de-la-resistencia-antinazi\/","robots":"max-image-preview:large","keywords":"actualidad","webmasterTools":{"google-site-verification":"UA-38556648-1","msvalidate.01":"7dfe9f3f1b24437ab69f4f2559babe99","miscellaneous":""},"schema":{"@context":"https:\/\/schema.org","@graph":[{"@type":"BlogPosting","@id":"https:\/\/www.eldigitaldeasturias.com\/noticias\/los-hermanos-scholl-75-anos-de-un-mito-de-la-resistencia-antinazi\/#blogposting","name":"Los hermanos Scholl: 75 a\u00f1os de un mito de la resistencia antinazi - El Digital de Asturias","headline":"Los hermanos Scholl: 75 a\u00f1os de un mito de la resistencia antinazi","author":{"@id":"https:\/\/www.eldigitaldeasturias.com\/noticias\/author\/admin\/#author"},"publisher":{"@id":"https:\/\/www.eldigitaldeasturias.com\/noticias\/#organization"},"image":{"@type":"ImageObject","url":969030},"datePublished":"2018-02-23T10:52:15+01:00","dateModified":"2018-02-23T10:52:15+01:00","inLanguage":"es-ES","mainEntityOfPage":{"@id":"https:\/\/www.eldigitaldeasturias.com\/noticias\/los-hermanos-scholl-75-anos-de-un-mito-de-la-resistencia-antinazi\/#webpage"},"isPartOf":{"@id":"https:\/\/www.eldigitaldeasturias.com\/noticias\/los-hermanos-scholl-75-anos-de-un-mito-de-la-resistencia-antinazi\/#webpage"},"articleSection":"Actualidad"},{"@type":"BreadcrumbList","@id":"https:\/\/www.eldigitaldeasturias.com\/noticias\/los-hermanos-scholl-75-anos-de-un-mito-de-la-resistencia-antinazi\/#breadcrumblist","itemListElement":[{"@type":"ListItem","@id":"https:\/\/www.eldigitaldeasturias.com\/noticias#listItem","position":1,"name":"Home","item":"https:\/\/www.eldigitaldeasturias.com\/noticias","nextItem":{"@type":"ListItem","@id":"https:\/\/www.eldigitaldeasturias.com\/noticias\/category\/actualidad\/#listItem","name":"Actualidad"}},{"@type":"ListItem","@id":"https:\/\/www.eldigitaldeasturias.com\/noticias\/category\/actualidad\/#listItem","position":2,"name":"Actualidad","item":"https:\/\/www.eldigitaldeasturias.com\/noticias\/category\/actualidad\/","nextItem":{"@type":"ListItem","@id":"https:\/\/www.eldigitaldeasturias.com\/noticias\/los-hermanos-scholl-75-anos-de-un-mito-de-la-resistencia-antinazi\/#listItem","name":"Los hermanos Scholl: 75 a\u00f1os de un mito de la resistencia antinazi"},"previousItem":{"@type":"ListItem","@id":"https:\/\/www.eldigitaldeasturias.com\/noticias#listItem","name":"Home"}},{"@type":"ListItem","@id":"https:\/\/www.eldigitaldeasturias.com\/noticias\/los-hermanos-scholl-75-anos-de-un-mito-de-la-resistencia-antinazi\/#listItem","position":3,"name":"Los hermanos Scholl: 75 a\u00f1os de un mito de la resistencia antinazi","previousItem":{"@type":"ListItem","@id":"https:\/\/www.eldigitaldeasturias.com\/noticias\/category\/actualidad\/#listItem","name":"Actualidad"}}]},{"@type":"Organization","@id":"https:\/\/www.eldigitaldeasturias.com\/noticias\/#organization","name":"El Digital de Asturias","description":"Hemeroteca","url":"https:\/\/www.eldigitaldeasturias.com\/noticias\/","email":"info@eldigitaldeasturias.com","telephone":"+34652131393","logo":{"@type":"ImageObject","url":"https:\/\/www.eldigitaldeasturias.com\/noticias\/wp-content\/uploads\/2020\/12\/EDA.jpg","@id":"https:\/\/www.eldigitaldeasturias.com\/noticias\/los-hermanos-scholl-75-anos-de-un-mito-de-la-resistencia-antinazi\/#organizationLogo"},"image":{"@id":"https:\/\/www.eldigitaldeasturias.com\/noticias\/los-hermanos-scholl-75-anos-de-un-mito-de-la-resistencia-antinazi\/#organizationLogo"},"sameAs":["https:\/\/facebook.com\/eldigitaldeasturias","https:\/\/www.youtube.com\/channel\/UCZP-2wLEB9Rv6erhFmqVnvg"],"address":{"@id":"https:\/\/www.eldigitaldeasturias.com\/noticias\/#postaladdress","@type":"PostalAddress","streetAddress":"san antonio 4","postalCode":"33430","addressLocality":"Cand\u00e1s","addressRegion":"Asturias","addressCountry":"ES"}},{"@type":"Person","@id":"https:\/\/www.eldigitaldeasturias.com\/noticias\/author\/admin\/#author","url":"https:\/\/www.eldigitaldeasturias.com\/noticias\/author\/admin\/","name":"El Digital de Asturias","image":{"@type":"ImageObject","@id":"https:\/\/www.eldigitaldeasturias.com\/noticias\/los-hermanos-scholl-75-anos-de-un-mito-de-la-resistencia-antinazi\/#authorImage","url":"https:\/\/secure.gravatar.com\/avatar\/df2aeffc32bcd13f8d26072ef8a91b623d677766deac7f97ca815868cd41bf5e?s=96&d=mm&r=g","width":96,"height":96,"caption":"El Digital de Asturias"}},{"@type":"WebPage","@id":"https:\/\/www.eldigitaldeasturias.com\/noticias\/los-hermanos-scholl-75-anos-de-un-mito-de-la-resistencia-antinazi\/#webpage","url":"https:\/\/www.eldigitaldeasturias.com\/noticias\/los-hermanos-scholl-75-anos-de-un-mito-de-la-resistencia-antinazi\/","name":"Los hermanos Scholl: 75 a\u00f1os de un mito de la resistencia antinazi - El Digital de Asturias","description":"Ulm (Alemania), 22 feb (dpa) - Con un oficio religioso, una exposici\u00f3n y rosas de papel de color blanco, Alemania rindi\u00f3 hoy homenaje a la memoria de los hermanos Scholl, dos de las figuras que mejor ejemplifican la resistencia heroica y pac\u00edfica contra el nazismo, coincidiendo con el 75 aniversario de su asesinato. Los estudiantes","inLanguage":"es-ES","isPartOf":{"@id":"https:\/\/www.eldigitaldeasturias.com\/noticias\/#website"},"breadcrumb":{"@id":"https:\/\/www.eldigitaldeasturias.com\/noticias\/los-hermanos-scholl-75-anos-de-un-mito-de-la-resistencia-antinazi\/#breadcrumblist"},"author":{"@id":"https:\/\/www.eldigitaldeasturias.com\/noticias\/author\/admin\/#author"},"creator":{"@id":"https:\/\/www.eldigitaldeasturias.com\/noticias\/author\/admin\/#author"},"image":{"@type":"ImageObject","url":969030,"@id":"https:\/\/www.eldigitaldeasturias.com\/noticias\/los-hermanos-scholl-75-anos-de-un-mito-de-la-resistencia-antinazi\/#mainImage"},"primaryImageOfPage":{"@id":"https:\/\/www.eldigitaldeasturias.com\/noticias\/los-hermanos-scholl-75-anos-de-un-mito-de-la-resistencia-antinazi\/#mainImage"},"datePublished":"2018-02-23T10:52:15+01:00","dateModified":"2018-02-23T10:52:15+01:00"},{"@type":"WebSite","@id":"https:\/\/www.eldigitaldeasturias.com\/noticias\/#website","url":"https:\/\/www.eldigitaldeasturias.com\/noticias\/","name":"El Digital de Asturias - Diario de actualidad y noticias","alternateName":"El Digital de Asturias - Diario de actualidad y noticias","description":"Hemeroteca","inLanguage":"es-ES","publisher":{"@id":"https:\/\/www.eldigitaldeasturias.com\/noticias\/#organization"}}]},"og:locale":"es_ES","og:site_name":"El Digital de Asturias","og:type":"article","og:title":"Los hermanos Scholl: 75 a\u00f1os de un mito de la resistencia antinazi - El Digital de Asturias","og:description":"Ulm (Alemania), 22 feb (dpa) - Con un oficio religioso, una exposici\u00f3n y rosas de papel de color blanco, Alemania rindi\u00f3 hoy homenaje a la memoria de los hermanos Scholl, dos de las figuras que mejor ejemplifican la resistencia heroica y pac\u00edfica contra el nazismo, coincidiendo con el 75 aniversario de su asesinato. Los estudiantes","og:url":"https:\/\/www.eldigitaldeasturias.com\/noticias\/los-hermanos-scholl-75-anos-de-un-mito-de-la-resistencia-antinazi\/","article:tag":["actualidad"],"article:published_time":"2018-02-23T10:52:15+00:00","article:modified_time":"2018-02-23T10:52:15+00:00","article:publisher":"https:\/\/facebook.com\/eldigitaldeasturias","twitter:card":"summary_large_image","twitter:title":"Los hermanos Scholl: 75 a\u00f1os de un mito de la resistencia antinazi - El Digital de Asturias","twitter:description":"Ulm (Alemania), 22 feb (dpa) - Con un oficio religioso, una exposici\u00f3n y rosas de papel de color blanco, Alemania rindi\u00f3 hoy homenaje a la memoria de los hermanos Scholl, dos de las figuras que mejor ejemplifican la resistencia heroica y pac\u00edfica contra el nazismo, coincidiendo con el 75 aniversario de su asesinato. Los estudiantes","twitter:image":"https:\/\/www.eldigitaldeasturias.com\/noticias\/wp-content\/uploads\/2020\/12\/EDA-1.jpg","twitter:label1":"Escrito por","twitter:data1":"El Digital de Asturias","twitter:label2":"Tiempo de lectura estimado","twitter:data2":"3 minutos"},"aioseo_meta_data":{"post_id":"970001","title":null,"description":null,"keywords":null,"keyphrases":null,"primary_term":null,"canonical_url":null,"og_title":null,"og_description":null,"og_object_type":"default","og_image_type":"default","og_image_url":null,"og_image_width":null,"og_image_height":null,"og_image_custom_url":null,"og_image_custom_fields":null,"og_video":null,"og_custom_url":null,"og_article_section":null,"og_article_tags":null,"twitter_use_og":false,"twitter_card":"default","twitter_image_type":"default","twitter_image_url":null,"twitter_image_custom_url":null,"twitter_image_custom_fields":null,"twitter_title":null,"twitter_description":null,"schema":{"blockGraphs":[],"customGraphs":[],"default":{"data":{"Article":[],"Course":[],"Dataset":[],"FAQPage":[],"Movie":[],"Person":[],"Product":[],"ProductReview":[],"Car":[],"Recipe":[],"Service":[],"SoftwareApplication":[],"WebPage":[]},"graphName":"","isEnabled":true},"graphs":[],"defaultGraph":"","defaultPostTypeGraph":""},"schema_type":null,"schema_type_options":null,"pillar_content":false,"robots_default":true,"robots_noindex":false,"robots_noarchive":false,"robots_nosnippet":false,"robots_nofollow":false,"robots_noimageindex":false,"robots_noodp":false,"robots_notranslate":false,"robots_max_snippet":null,"robots_max_videopreview":null,"robots_max_imagepreview":"large","priority":null,"frequency":null,"local_seo":null,"seo_analyzer_scan_date":"2025-10-07 04:07:03","breadcrumb_settings":null,"limit_modified_date":false,"open_ai":null,"ai":null,"created":"2020-12-21 12:25:39","updated":"2025-10-07 04:07:03","focus_keyword":null,"additional_keywords":null,"truseo_locale":null},"aioseo_breadcrumb":"<div class=\"aioseo-breadcrumbs\"><span class=\"aioseo-breadcrumb\">\n\t<a href=\"https:\/\/www.eldigitaldeasturias.com\/noticias\" title=\"Home\">Home<\/a>\n<\/span><span class=\"aioseo-breadcrumb-separator\">\u2013<\/span><span class=\"aioseo-breadcrumb\">\n\t<a href=\"https:\/\/www.eldigitaldeasturias.com\/noticias\/category\/actualidad\/\" title=\"Actualidad\">Actualidad<\/a>\n<\/span><span class=\"aioseo-breadcrumb-separator\">\u2013<\/span><span class=\"aioseo-breadcrumb\">\n\t<a href=\"https:\/\/www.eldigitaldeasturias.com\/noticias\/los-hermanos-scholl-75-anos-de-un-mito-de-la-resistencia-antinazi\/\" title=\"Los hermanos Scholl: 75 a\u00f1os de un mito de la resistencia antinazi\">Los hermanos Scholl: 75 a\u00f1os de un mito de la resistencia antinazi<\/a>\n<\/span><\/div>","aioseo_breadcrumb_json":[{"label":"Home","link":"https:\/\/www.eldigitaldeasturias.com\/noticias"},{"label":"Actualidad","link":"https:\/\/www.eldigitaldeasturias.com\/noticias\/category\/actualidad\/"},{"label":"Los hermanos Scholl: 75 a\u00f1os de un mito de la resistencia antinazi","link":"https:\/\/www.eldigitaldeasturias.com\/noticias\/los-hermanos-scholl-75-anos-de-un-mito-de-la-resistencia-antinazi\/"}],"_links":{"self":[{"href":"https:\/\/www.eldigitaldeasturias.com\/noticias\/wp-json\/wp\/v2\/posts\/970001","targetHints":{"allow":["GET"]}}],"collection":[{"href":"https:\/\/www.eldigitaldeasturias.com\/noticias\/wp-json\/wp\/v2\/posts"}],"about":[{"href":"https:\/\/www.eldigitaldeasturias.com\/noticias\/wp-json\/wp\/v2\/types\/post"}],"author":[{"embeddable":true,"href":"https:\/\/www.eldigitaldeasturias.com\/noticias\/wp-json\/wp\/v2\/users\/1"}],"replies":[{"embeddable":true,"href":"https:\/\/www.eldigitaldeasturias.com\/noticias\/wp-json\/wp\/v2\/comments?post=970001"}],"version-history":[{"count":0,"href":"https:\/\/www.eldigitaldeasturias.com\/noticias\/wp-json\/wp\/v2\/posts\/970001\/revisions"}],"wp:attachment":[{"href":"https:\/\/www.eldigitaldeasturias.com\/noticias\/wp-json\/wp\/v2\/media?parent=970001"}],"wp:term":[{"taxonomy":"category","embeddable":true,"href":"https:\/\/www.eldigitaldeasturias.com\/noticias\/wp-json\/wp\/v2\/categories?post=970001"},{"taxonomy":"post_tag","embeddable":true,"href":"https:\/\/www.eldigitaldeasturias.com\/noticias\/wp-json\/wp\/v2\/tags?post=970001"}],"curies":[{"name":"wp","href":"https:\/\/api.w.org\/{rel}","templated":true}]}}