{"id":969993,"date":"2018-02-23T10:41:02","date_gmt":"2018-02-23T10:41:02","guid":{"rendered":"http:\/\/www.eldigitaldeasturias.com\/noticias\/?p=969993"},"modified":"2018-02-23T10:41:02","modified_gmt":"2018-02-23T10:41:02","slug":"amnistia-internacional-denuncia-la-retorica-del-odio-desde-los-gobiernos","status":"publish","type":"post","link":"https:\/\/www.eldigitaldeasturias.com\/noticias\/amnistia-internacional-denuncia-la-retorica-del-odio-desde-los-gobiernos\/","title":{"rendered":"Amnist\u00eda Internacional denuncia la ret\u00f3rica del odio desde los gobiernos"},"content":{"rendered":"<p><img loading=\"lazy\" decoding=\"async\" class=\"alignleft size-medium wp-image-485917\" src=\"https:\/\/www.eldigitaldeasturias.com\/noticias\/wp-content\/uploads\/2014\/02\/5919099w-360x240.jpg\" alt=\"\" width=\"360\" height=\"240\" \/>Washington, 22 feb (dpa) &#8211; Las instituciones estatales est\u00e1n propagando en todo el mundo mensajes de odio que incrementan la discriminaci\u00f3n de las minor\u00edas, denuncia la organizaci\u00f3n de derechos humanos Amnist\u00eda Internacional (AI) en su informe anual 2017\/2018 presentado hoy.<\/p>\n<p>\u00abEl a\u00f1o pasado, con el mundo sumido en crisis, l\u00edderes prominentes nos ofrecieron la visi\u00f3n dantesca de una sociedad cegada por el odio y el miedo\u00bb, se\u00f1al\u00f3 el secretario general de AI, Salil Shetty, al presentar el texto en Washington. La ret\u00f3rica del odio amenaza con normalizar la discriminaci\u00f3n a gran escala de los grupos marginados, dijo.<\/p>\n<p>Shetty acus\u00f3 a los presidentes de Venezuela, Nicol\u00e1s Maduro; de Egipto, Abdel Fatah al Sisi; y de Filipinas, Rodrigo Duterte, pero tambi\u00e9n al de Rusia, Vladimir Putin; China, Xi Jinping; y al estadounidense Donald Trump.<\/p>\n<p>\u00abLos fantasmas del miedo y del odio se ciernen sobre la pol\u00edtica mundial y son pocos los gobiernos que salen en defensa de los derechos humanos en estos tiempos de inquietud\u00bb, lament\u00f3 Shetty, si bien destac\u00f3 como elemento positivo que las protestas contra la discriminaci\u00f3n tambi\u00e9n han ido en aumento y surgen movimientos sociales que defienden los derechos.<\/p>\n<p>\u00abLa organizaci\u00f3n ha visto que existe un creciente movimiento de activistas, tanto noveles como avezados, cuya labor de campa\u00f1a por la justicia social permite en verdad abrigar la esperanza de invertir la tendencia a la opresi\u00f3n\u00bb, coment\u00f3.<\/p>\n<p>En el informe anual \u00abLa situaci\u00f3n de los derechos humanos en el mundo\u00bb, la organizaci\u00f3n analiza 159 pa\u00edses. La elecci\u00f3n de Washington como sitio para la presentaci\u00f3n es intencionada, para enviar un mensaje a la pol\u00edtica del jefe de Estado norteamericano. \u00abLos pasos atr\u00e1s de Trump en materia de derechos humanos son un precedente peligroso para otros gobiernos que podr\u00edan seguirlo\u00bb, dijo Shetty.<\/p>\n<p>El veto migratorio instaurado a principios del a\u00f1o pasado por Trump contra personas de pa\u00edses de mayor\u00eda musulmana es un ejemplo claro de \u00abmedida de odio\u00bb, a\u00f1adi\u00f3.<\/p>\n<p>Otro momento de enorme crisis fue la persecuci\u00f3n de la minor\u00eda musulmana de los rohingya en Myanmar, donde \u00abvimos claramente a qu\u00e9 extremos puede llegar una sociedad a la que se insta a odiar a las minor\u00edas, a utilizarlas como chivo expiatorio y a temerlas en la terrible campa\u00f1a militar de limpieza \u00e9tnica\u00bb, indic\u00f3 Shetty.<\/p>\n<p>\u00abLa d\u00e9bil respuesta dada a los cr\u00edmenes de guerra y de lesa humanidad desde Myanmar hasta Irak, Sud\u00e1n del Sur, Siria y Yemen ha puesto de relieve la falta de liderazgo en materia de derechos humanos. Los gobiernos est\u00e1n haciendo retroceder a situaciones propias de hace decenios garant\u00edas de protecci\u00f3n que ha costado mucho conseguir\u00bb, destac\u00f3.<\/p>\n<p>AI destaca en cambio la fuerza del movimiento feminista encarnado en la gran Marcha de las Mujeres en Estados Unidos pero con ramificaciones en todo el mundo, as\u00ed como el fen\u00f3meno #YoTambi\u00e9n y la iniciativa \u00abNi Una Menos\u00bb en Latinoam\u00e9rica para denunciar la violencia contra las mujeres.<\/p>\n<p>\u00abEl esp\u00edritu indomable de las mujeres al frente de poderosos movimientos de derechos humanos nos recuerda que el deseo de igualdad, dignidad y justicia no se extinguir\u00e1 jam\u00e1s\u00bb, advirti\u00f3 Shetty.<\/p>\n<p>El informe subraya adem\u00e1s la importancia clave de la libertad de prensa en tiempo de \u00abnoticias falsas\u00bb. \u00abEn 2018 no podemos dar por sentado que tendremos libertad para reunirnos en una protesta o para criticar a nuestro gobierno. De hecho, alzar la voz se est\u00e1 volviendo cada vez m\u00e1s peligroso\u00bb, afirm\u00f3 Shetty.<\/p>\n<p>El a\u00f1o pasado donde m\u00e1s periodistas acabaron en prisi\u00f3n fue en Turqu\u00eda -donde hay m\u00e1s de 100 reporteros a\u00fan entre rejas y se han cerrado m\u00e1s de 180 medios desde el fallido golpe de Estado de julio de 2016-, seguida de Egipto y China. En este \u00faltimo pa\u00eds muri\u00f3 tras haber sido encarcelado por criticar al gobierno el Nobel de la Paz Liu Xiaobo.<\/p>\n<p>Por otra parte, el informe condena el rechazo a los refugiados en todo el mundo como un problema a erradicar en vez de verlos como seres humanos con derechos que merecen comprensi\u00f3n. En las 400 p\u00e1ginas del texto se destaca que casi 3.000 personas murieron tratando de cruzar el Mediterr\u00e1neo hacia Europa; que en Irak hay tres millones de desplazados y que de Sud\u00e1n del Sur han huido 640.000 personas.<\/p>\n<p>Asimismo, AI subraya las condiciones de vida de pobreza y desigualdad que se mantienen y que contribuyen a una \u00abformidable propagaci\u00f3n del descontento social\u00bb.<\/p>\n<p>Por Michael Fischer (dpa)<\/p>\n","protected":false},"excerpt":{"rendered":"<p>Washington, 22 feb (dpa) &#8211; Las instituciones estatales est\u00e1n propagando en todo el mundo mensajes de odio que incrementan la discriminaci\u00f3n de las minor\u00edas, denuncia la organizaci\u00f3n de derechos humanos Amnist\u00eda Internacional (AI) en su informe anual 2017\/2018 presentado hoy. \u00abEl a\u00f1o pasado, con el mundo sumido en crisis, l\u00edderes prominentes nos ofrecieron la visi\u00f3n [&hellip;]<\/p>\n","protected":false},"author":1,"featured_media":485917,"comment_status":"closed","ping_status":"closed","sticky":false,"template":"","format":"standard","meta":{"footnotes":""},"categories":[1],"tags":[],"class_list":["post-969993","post","type-post","status-publish","format-standard","has-post-thumbnail","hentry","category-actualidad"],"aioseo_notices":[],"aioseo_head":"\n\t\t<!-- All in One SEO Pro 5.0.1 - aioseo.com -->\n\t<meta name=\"description\" content=\"Washington, 22 feb (dpa) - Las instituciones estatales est\u00e1n propagando en todo el mundo mensajes de odio que incrementan la discriminaci\u00f3n de las minor\u00edas, denuncia la organizaci\u00f3n de derechos humanos Amnist\u00eda Internacional (AI) en su informe anual 2017\/2018 presentado hoy. &quot;El a\u00f1o pasado, con el mundo sumido en crisis, l\u00edderes prominentes nos ofrecieron la visi\u00f3n\" \/>\n\t<meta name=\"robots\" content=\"max-image-preview:large\" \/>\n\t<meta name=\"author\" content=\"El Digital de Asturias\"\/>\n\t<meta name=\"google-site-verification\" content=\"UA-38556648-1\" \/>\n\t<meta name=\"msvalidate.01\" content=\"7dfe9f3f1b24437ab69f4f2559babe99\" \/>\n\t<meta name=\"keywords\" content=\"actualidad\" \/>\n\t<link rel=\"canonical\" href=\"https:\/\/www.eldigitaldeasturias.com\/noticias\/amnistia-internacional-denuncia-la-retorica-del-odio-desde-los-gobiernos\/\" \/>\n\t<meta name=\"generator\" content=\"All in One SEO Pro (AIOSEO) 5.0.1\" \/>\n\t\t<meta property=\"og:locale\" content=\"es_ES\" \/>\n\t\t<meta property=\"og:site_name\" content=\"El Digital de Asturias\" \/>\n\t\t<meta property=\"og:type\" content=\"article\" \/>\n\t\t<meta property=\"og:title\" content=\"Amnist\u00eda Internacional denuncia la ret\u00f3rica del odio desde los gobiernos - El Digital de Asturias\" \/>\n\t\t<meta property=\"og:description\" content=\"Washington, 22 feb (dpa) - Las instituciones estatales est\u00e1n propagando en todo el mundo mensajes de odio que incrementan la discriminaci\u00f3n de las minor\u00edas, denuncia la organizaci\u00f3n de derechos humanos Amnist\u00eda Internacional (AI) en su informe anual 2017\/2018 presentado hoy. &quot;El a\u00f1o pasado, con el mundo sumido en crisis, l\u00edderes prominentes nos ofrecieron la visi\u00f3n\" \/>\n\t\t<meta property=\"og:url\" content=\"https:\/\/www.eldigitaldeasturias.com\/noticias\/amnistia-internacional-denuncia-la-retorica-del-odio-desde-los-gobiernos\/\" \/>\n\t\t<meta property=\"article:tag\" content=\"actualidad\" \/>\n\t\t<meta property=\"article:published_time\" content=\"2018-02-23T10:41:02+00:00\" \/>\n\t\t<meta property=\"article:modified_time\" content=\"2018-02-23T10:41:02+00:00\" \/>\n\t\t<meta property=\"article:publisher\" content=\"https:\/\/facebook.com\/eldigitaldeasturias\" \/>\n\t\t<meta name=\"twitter:card\" content=\"summary_large_image\" \/>\n\t\t<meta name=\"twitter:title\" content=\"Amnist\u00eda Internacional denuncia la ret\u00f3rica del odio desde los gobiernos - El Digital de Asturias\" \/>\n\t\t<meta name=\"twitter:description\" content=\"Washington, 22 feb (dpa) - Las instituciones estatales est\u00e1n propagando en todo el mundo mensajes de odio que incrementan la discriminaci\u00f3n de las minor\u00edas, denuncia la organizaci\u00f3n de derechos humanos Amnist\u00eda Internacional (AI) en su informe anual 2017\/2018 presentado hoy. &quot;El a\u00f1o pasado, con el mundo sumido en crisis, l\u00edderes prominentes nos ofrecieron la visi\u00f3n\" \/>\n\t\t<meta name=\"twitter:image\" content=\"https:\/\/www.eldigitaldeasturias.com\/noticias\/wp-content\/uploads\/2020\/12\/EDA-1.jpg\" \/>\n\t\t<meta name=\"twitter:label1\" content=\"Escrito por\" \/>\n\t\t<meta name=\"twitter:data1\" content=\"El Digital de Asturias\" \/>\n\t\t<meta name=\"twitter:label2\" content=\"Tiempo de lectura estimado\" \/>\n\t\t<meta name=\"twitter:data2\" content=\"4 minutos\" \/>\n\t\t<script type=\"application\/ld+json\" class=\"aioseo-schema\">\n\t\t\t{\"@context\":\"https:\\\/\\\/schema.org\",\"@graph\":[{\"@type\":\"BlogPosting\",\"@id\":\"https:\\\/\\\/www.eldigitaldeasturias.com\\\/noticias\\\/amnistia-internacional-denuncia-la-retorica-del-odio-desde-los-gobiernos\\\/#blogposting\",\"name\":\"Amnist\\u00eda Internacional denuncia la ret\\u00f3rica del odio desde los gobiernos - El Digital de Asturias\",\"headline\":\"Amnist\\u00eda Internacional denuncia la ret\\u00f3rica del odio desde los gobiernos\",\"author\":{\"@id\":\"https:\\\/\\\/www.eldigitaldeasturias.com\\\/noticias\\\/author\\\/admin\\\/#author\"},\"publisher\":{\"@id\":\"https:\\\/\\\/www.eldigitaldeasturias.com\\\/noticias\\\/#organization\"},\"image\":{\"@type\":\"ImageObject\",\"url\":485917},\"datePublished\":\"2018-02-23T10:41:02+01:00\",\"dateModified\":\"2018-02-23T10:41:02+01:00\",\"inLanguage\":\"es-ES\",\"mainEntityOfPage\":{\"@id\":\"https:\\\/\\\/www.eldigitaldeasturias.com\\\/noticias\\\/amnistia-internacional-denuncia-la-retorica-del-odio-desde-los-gobiernos\\\/#webpage\"},\"isPartOf\":{\"@id\":\"https:\\\/\\\/www.eldigitaldeasturias.com\\\/noticias\\\/amnistia-internacional-denuncia-la-retorica-del-odio-desde-los-gobiernos\\\/#webpage\"},\"articleSection\":\"Actualidad\"},{\"@type\":\"BreadcrumbList\",\"@id\":\"https:\\\/\\\/www.eldigitaldeasturias.com\\\/noticias\\\/amnistia-internacional-denuncia-la-retorica-del-odio-desde-los-gobiernos\\\/#breadcrumblist\",\"itemListElement\":[{\"@type\":\"ListItem\",\"@id\":\"https:\\\/\\\/www.eldigitaldeasturias.com\\\/noticias#listItem\",\"position\":1,\"name\":\"Home\",\"item\":\"https:\\\/\\\/www.eldigitaldeasturias.com\\\/noticias\",\"nextItem\":{\"@type\":\"ListItem\",\"@id\":\"https:\\\/\\\/www.eldigitaldeasturias.com\\\/noticias\\\/category\\\/actualidad\\\/#listItem\",\"name\":\"Actualidad\"}},{\"@type\":\"ListItem\",\"@id\":\"https:\\\/\\\/www.eldigitaldeasturias.com\\\/noticias\\\/category\\\/actualidad\\\/#listItem\",\"position\":2,\"name\":\"Actualidad\",\"item\":\"https:\\\/\\\/www.eldigitaldeasturias.com\\\/noticias\\\/category\\\/actualidad\\\/\",\"nextItem\":{\"@type\":\"ListItem\",\"@id\":\"https:\\\/\\\/www.eldigitaldeasturias.com\\\/noticias\\\/amnistia-internacional-denuncia-la-retorica-del-odio-desde-los-gobiernos\\\/#listItem\",\"name\":\"Amnist\\u00eda Internacional denuncia la ret\\u00f3rica del odio desde los gobiernos\"},\"previousItem\":{\"@type\":\"ListItem\",\"@id\":\"https:\\\/\\\/www.eldigitaldeasturias.com\\\/noticias#listItem\",\"name\":\"Home\"}},{\"@type\":\"ListItem\",\"@id\":\"https:\\\/\\\/www.eldigitaldeasturias.com\\\/noticias\\\/amnistia-internacional-denuncia-la-retorica-del-odio-desde-los-gobiernos\\\/#listItem\",\"position\":3,\"name\":\"Amnist\\u00eda Internacional denuncia la ret\\u00f3rica del odio desde los gobiernos\",\"previousItem\":{\"@type\":\"ListItem\",\"@id\":\"https:\\\/\\\/www.eldigitaldeasturias.com\\\/noticias\\\/category\\\/actualidad\\\/#listItem\",\"name\":\"Actualidad\"}}]},{\"@type\":\"Organization\",\"@id\":\"https:\\\/\\\/www.eldigitaldeasturias.com\\\/noticias\\\/#organization\",\"name\":\"El Digital de Asturias\",\"description\":\"Hemeroteca\",\"url\":\"https:\\\/\\\/www.eldigitaldeasturias.com\\\/noticias\\\/\",\"email\":\"info@eldigitaldeasturias.com\",\"telephone\":\"+34652131393\",\"logo\":{\"@type\":\"ImageObject\",\"url\":\"https:\\\/\\\/www.eldigitaldeasturias.com\\\/noticias\\\/wp-content\\\/uploads\\\/2020\\\/12\\\/EDA.jpg\",\"@id\":\"https:\\\/\\\/www.eldigitaldeasturias.com\\\/noticias\\\/amnistia-internacional-denuncia-la-retorica-del-odio-desde-los-gobiernos\\\/#organizationLogo\"},\"image\":{\"@id\":\"https:\\\/\\\/www.eldigitaldeasturias.com\\\/noticias\\\/amnistia-internacional-denuncia-la-retorica-del-odio-desde-los-gobiernos\\\/#organizationLogo\"},\"sameAs\":[\"https:\\\/\\\/facebook.com\\\/eldigitaldeasturias\",\"https:\\\/\\\/www.youtube.com\\\/channel\\\/UCZP-2wLEB9Rv6erhFmqVnvg\"],\"address\":{\"@id\":\"https:\\\/\\\/www.eldigitaldeasturias.com\\\/noticias\\\/#postaladdress\",\"@type\":\"PostalAddress\",\"streetAddress\":\"san antonio 4\",\"postalCode\":\"33430\",\"addressLocality\":\"Cand\\u00e1s\",\"addressRegion\":\"Asturias\",\"addressCountry\":\"ES\"}},{\"@type\":\"Person\",\"@id\":\"https:\\\/\\\/www.eldigitaldeasturias.com\\\/noticias\\\/author\\\/admin\\\/#author\",\"url\":\"https:\\\/\\\/www.eldigitaldeasturias.com\\\/noticias\\\/author\\\/admin\\\/\",\"name\":\"El Digital de Asturias\",\"image\":{\"@type\":\"ImageObject\",\"@id\":\"https:\\\/\\\/www.eldigitaldeasturias.com\\\/noticias\\\/amnistia-internacional-denuncia-la-retorica-del-odio-desde-los-gobiernos\\\/#authorImage\",\"url\":\"https:\\\/\\\/secure.gravatar.com\\\/avatar\\\/df2aeffc32bcd13f8d26072ef8a91b623d677766deac7f97ca815868cd41bf5e?s=96&d=mm&r=g\",\"width\":96,\"height\":96,\"caption\":\"El Digital de Asturias\"}},{\"@type\":\"WebPage\",\"@id\":\"https:\\\/\\\/www.eldigitaldeasturias.com\\\/noticias\\\/amnistia-internacional-denuncia-la-retorica-del-odio-desde-los-gobiernos\\\/#webpage\",\"url\":\"https:\\\/\\\/www.eldigitaldeasturias.com\\\/noticias\\\/amnistia-internacional-denuncia-la-retorica-del-odio-desde-los-gobiernos\\\/\",\"name\":\"Amnist\\u00eda Internacional denuncia la ret\\u00f3rica del odio desde los gobiernos - El Digital de Asturias\",\"description\":\"Washington, 22 feb (dpa) - Las instituciones estatales est\\u00e1n propagando en todo el mundo mensajes de odio que incrementan la discriminaci\\u00f3n de las minor\\u00edas, denuncia la organizaci\\u00f3n de derechos humanos Amnist\\u00eda Internacional (AI) en su informe anual 2017\\\/2018 presentado hoy. \\\"El a\\u00f1o pasado, con el mundo sumido en crisis, l\\u00edderes prominentes nos ofrecieron la visi\\u00f3n\",\"inLanguage\":\"es-ES\",\"isPartOf\":{\"@id\":\"https:\\\/\\\/www.eldigitaldeasturias.com\\\/noticias\\\/#website\"},\"breadcrumb\":{\"@id\":\"https:\\\/\\\/www.eldigitaldeasturias.com\\\/noticias\\\/amnistia-internacional-denuncia-la-retorica-del-odio-desde-los-gobiernos\\\/#breadcrumblist\"},\"author\":{\"@id\":\"https:\\\/\\\/www.eldigitaldeasturias.com\\\/noticias\\\/author\\\/admin\\\/#author\"},\"creator\":{\"@id\":\"https:\\\/\\\/www.eldigitaldeasturias.com\\\/noticias\\\/author\\\/admin\\\/#author\"},\"image\":{\"@type\":\"ImageObject\",\"url\":485917,\"@id\":\"https:\\\/\\\/www.eldigitaldeasturias.com\\\/noticias\\\/amnistia-internacional-denuncia-la-retorica-del-odio-desde-los-gobiernos\\\/#mainImage\"},\"primaryImageOfPage\":{\"@id\":\"https:\\\/\\\/www.eldigitaldeasturias.com\\\/noticias\\\/amnistia-internacional-denuncia-la-retorica-del-odio-desde-los-gobiernos\\\/#mainImage\"},\"datePublished\":\"2018-02-23T10:41:02+01:00\",\"dateModified\":\"2018-02-23T10:41:02+01:00\"},{\"@type\":\"WebSite\",\"@id\":\"https:\\\/\\\/www.eldigitaldeasturias.com\\\/noticias\\\/#website\",\"url\":\"https:\\\/\\\/www.eldigitaldeasturias.com\\\/noticias\\\/\",\"name\":\"El Digital de Asturias - Diario de actualidad y noticias\",\"alternateName\":\"El Digital de Asturias - Diario de actualidad y noticias\",\"description\":\"Hemeroteca\",\"inLanguage\":\"es-ES\",\"publisher\":{\"@id\":\"https:\\\/\\\/www.eldigitaldeasturias.com\\\/noticias\\\/#organization\"}}]}\n\t\t<\/script>\n\t\t<!-- All in One SEO Pro -->\r\n\t\t<title>Amnist\u00eda Internacional denuncia la ret\u00f3rica del odio desde los gobiernos - El Digital de Asturias<\/title>\n\n","aioseo_head_json":{"title":"Amnist\u00eda Internacional denuncia la ret\u00f3rica del odio desde los gobiernos - El Digital de Asturias","description":"Washington, 22 feb (dpa) - Las instituciones estatales est\u00e1n propagando en todo el mundo mensajes de odio que incrementan la discriminaci\u00f3n de las minor\u00edas, denuncia la organizaci\u00f3n de derechos humanos Amnist\u00eda Internacional (AI) en su informe anual 2017\/2018 presentado hoy. \"El a\u00f1o pasado, con el mundo sumido en crisis, l\u00edderes prominentes nos ofrecieron la visi\u00f3n","canonical_url":"https:\/\/www.eldigitaldeasturias.com\/noticias\/amnistia-internacional-denuncia-la-retorica-del-odio-desde-los-gobiernos\/","robots":"max-image-preview:large","keywords":"actualidad","webmasterTools":{"google-site-verification":"UA-38556648-1","msvalidate.01":"7dfe9f3f1b24437ab69f4f2559babe99","miscellaneous":""},"schema":{"@context":"https:\/\/schema.org","@graph":[{"@type":"BlogPosting","@id":"https:\/\/www.eldigitaldeasturias.com\/noticias\/amnistia-internacional-denuncia-la-retorica-del-odio-desde-los-gobiernos\/#blogposting","name":"Amnist\u00eda Internacional denuncia la ret\u00f3rica del odio desde los gobiernos - El Digital de Asturias","headline":"Amnist\u00eda Internacional denuncia la ret\u00f3rica del odio desde los gobiernos","author":{"@id":"https:\/\/www.eldigitaldeasturias.com\/noticias\/author\/admin\/#author"},"publisher":{"@id":"https:\/\/www.eldigitaldeasturias.com\/noticias\/#organization"},"image":{"@type":"ImageObject","url":485917},"datePublished":"2018-02-23T10:41:02+01:00","dateModified":"2018-02-23T10:41:02+01:00","inLanguage":"es-ES","mainEntityOfPage":{"@id":"https:\/\/www.eldigitaldeasturias.com\/noticias\/amnistia-internacional-denuncia-la-retorica-del-odio-desde-los-gobiernos\/#webpage"},"isPartOf":{"@id":"https:\/\/www.eldigitaldeasturias.com\/noticias\/amnistia-internacional-denuncia-la-retorica-del-odio-desde-los-gobiernos\/#webpage"},"articleSection":"Actualidad"},{"@type":"BreadcrumbList","@id":"https:\/\/www.eldigitaldeasturias.com\/noticias\/amnistia-internacional-denuncia-la-retorica-del-odio-desde-los-gobiernos\/#breadcrumblist","itemListElement":[{"@type":"ListItem","@id":"https:\/\/www.eldigitaldeasturias.com\/noticias#listItem","position":1,"name":"Home","item":"https:\/\/www.eldigitaldeasturias.com\/noticias","nextItem":{"@type":"ListItem","@id":"https:\/\/www.eldigitaldeasturias.com\/noticias\/category\/actualidad\/#listItem","name":"Actualidad"}},{"@type":"ListItem","@id":"https:\/\/www.eldigitaldeasturias.com\/noticias\/category\/actualidad\/#listItem","position":2,"name":"Actualidad","item":"https:\/\/www.eldigitaldeasturias.com\/noticias\/category\/actualidad\/","nextItem":{"@type":"ListItem","@id":"https:\/\/www.eldigitaldeasturias.com\/noticias\/amnistia-internacional-denuncia-la-retorica-del-odio-desde-los-gobiernos\/#listItem","name":"Amnist\u00eda Internacional denuncia la ret\u00f3rica del odio desde los gobiernos"},"previousItem":{"@type":"ListItem","@id":"https:\/\/www.eldigitaldeasturias.com\/noticias#listItem","name":"Home"}},{"@type":"ListItem","@id":"https:\/\/www.eldigitaldeasturias.com\/noticias\/amnistia-internacional-denuncia-la-retorica-del-odio-desde-los-gobiernos\/#listItem","position":3,"name":"Amnist\u00eda Internacional denuncia la ret\u00f3rica del odio desde los gobiernos","previousItem":{"@type":"ListItem","@id":"https:\/\/www.eldigitaldeasturias.com\/noticias\/category\/actualidad\/#listItem","name":"Actualidad"}}]},{"@type":"Organization","@id":"https:\/\/www.eldigitaldeasturias.com\/noticias\/#organization","name":"El Digital de Asturias","description":"Hemeroteca","url":"https:\/\/www.eldigitaldeasturias.com\/noticias\/","email":"info@eldigitaldeasturias.com","telephone":"+34652131393","logo":{"@type":"ImageObject","url":"https:\/\/www.eldigitaldeasturias.com\/noticias\/wp-content\/uploads\/2020\/12\/EDA.jpg","@id":"https:\/\/www.eldigitaldeasturias.com\/noticias\/amnistia-internacional-denuncia-la-retorica-del-odio-desde-los-gobiernos\/#organizationLogo"},"image":{"@id":"https:\/\/www.eldigitaldeasturias.com\/noticias\/amnistia-internacional-denuncia-la-retorica-del-odio-desde-los-gobiernos\/#organizationLogo"},"sameAs":["https:\/\/facebook.com\/eldigitaldeasturias","https:\/\/www.youtube.com\/channel\/UCZP-2wLEB9Rv6erhFmqVnvg"],"address":{"@id":"https:\/\/www.eldigitaldeasturias.com\/noticias\/#postaladdress","@type":"PostalAddress","streetAddress":"san antonio 4","postalCode":"33430","addressLocality":"Cand\u00e1s","addressRegion":"Asturias","addressCountry":"ES"}},{"@type":"Person","@id":"https:\/\/www.eldigitaldeasturias.com\/noticias\/author\/admin\/#author","url":"https:\/\/www.eldigitaldeasturias.com\/noticias\/author\/admin\/","name":"El Digital de Asturias","image":{"@type":"ImageObject","@id":"https:\/\/www.eldigitaldeasturias.com\/noticias\/amnistia-internacional-denuncia-la-retorica-del-odio-desde-los-gobiernos\/#authorImage","url":"https:\/\/secure.gravatar.com\/avatar\/df2aeffc32bcd13f8d26072ef8a91b623d677766deac7f97ca815868cd41bf5e?s=96&d=mm&r=g","width":96,"height":96,"caption":"El Digital de Asturias"}},{"@type":"WebPage","@id":"https:\/\/www.eldigitaldeasturias.com\/noticias\/amnistia-internacional-denuncia-la-retorica-del-odio-desde-los-gobiernos\/#webpage","url":"https:\/\/www.eldigitaldeasturias.com\/noticias\/amnistia-internacional-denuncia-la-retorica-del-odio-desde-los-gobiernos\/","name":"Amnist\u00eda Internacional denuncia la ret\u00f3rica del odio desde los gobiernos - El Digital de Asturias","description":"Washington, 22 feb (dpa) - Las instituciones estatales est\u00e1n propagando en todo el mundo mensajes de odio que incrementan la discriminaci\u00f3n de las minor\u00edas, denuncia la organizaci\u00f3n de derechos humanos Amnist\u00eda Internacional (AI) en su informe anual 2017\/2018 presentado hoy. \"El a\u00f1o pasado, con el mundo sumido en crisis, l\u00edderes prominentes nos ofrecieron la visi\u00f3n","inLanguage":"es-ES","isPartOf":{"@id":"https:\/\/www.eldigitaldeasturias.com\/noticias\/#website"},"breadcrumb":{"@id":"https:\/\/www.eldigitaldeasturias.com\/noticias\/amnistia-internacional-denuncia-la-retorica-del-odio-desde-los-gobiernos\/#breadcrumblist"},"author":{"@id":"https:\/\/www.eldigitaldeasturias.com\/noticias\/author\/admin\/#author"},"creator":{"@id":"https:\/\/www.eldigitaldeasturias.com\/noticias\/author\/admin\/#author"},"image":{"@type":"ImageObject","url":485917,"@id":"https:\/\/www.eldigitaldeasturias.com\/noticias\/amnistia-internacional-denuncia-la-retorica-del-odio-desde-los-gobiernos\/#mainImage"},"primaryImageOfPage":{"@id":"https:\/\/www.eldigitaldeasturias.com\/noticias\/amnistia-internacional-denuncia-la-retorica-del-odio-desde-los-gobiernos\/#mainImage"},"datePublished":"2018-02-23T10:41:02+01:00","dateModified":"2018-02-23T10:41:02+01:00"},{"@type":"WebSite","@id":"https:\/\/www.eldigitaldeasturias.com\/noticias\/#website","url":"https:\/\/www.eldigitaldeasturias.com\/noticias\/","name":"El Digital de Asturias - Diario de actualidad y noticias","alternateName":"El Digital de Asturias - Diario de actualidad y noticias","description":"Hemeroteca","inLanguage":"es-ES","publisher":{"@id":"https:\/\/www.eldigitaldeasturias.com\/noticias\/#organization"}}]},"og:locale":"es_ES","og:site_name":"El Digital de Asturias","og:type":"article","og:title":"Amnist\u00eda Internacional denuncia la ret\u00f3rica del odio desde los gobiernos - El Digital de Asturias","og:description":"Washington, 22 feb (dpa) - Las instituciones estatales est\u00e1n propagando en todo el mundo mensajes de odio que incrementan la discriminaci\u00f3n de las minor\u00edas, denuncia la organizaci\u00f3n de derechos humanos Amnist\u00eda Internacional (AI) en su informe anual 2017\/2018 presentado hoy. &quot;El a\u00f1o pasado, con el mundo sumido en crisis, l\u00edderes prominentes nos ofrecieron la visi\u00f3n","og:url":"https:\/\/www.eldigitaldeasturias.com\/noticias\/amnistia-internacional-denuncia-la-retorica-del-odio-desde-los-gobiernos\/","article:tag":["actualidad"],"article:published_time":"2018-02-23T10:41:02+00:00","article:modified_time":"2018-02-23T10:41:02+00:00","article:publisher":"https:\/\/facebook.com\/eldigitaldeasturias","twitter:card":"summary_large_image","twitter:title":"Amnist\u00eda Internacional denuncia la ret\u00f3rica del odio desde los gobiernos - El Digital de Asturias","twitter:description":"Washington, 22 feb (dpa) - Las instituciones estatales est\u00e1n propagando en todo el mundo mensajes de odio que incrementan la discriminaci\u00f3n de las minor\u00edas, denuncia la organizaci\u00f3n de derechos humanos Amnist\u00eda Internacional (AI) en su informe anual 2017\/2018 presentado hoy. &quot;El a\u00f1o pasado, con el mundo sumido en crisis, l\u00edderes prominentes nos ofrecieron la visi\u00f3n","twitter:image":"https:\/\/www.eldigitaldeasturias.com\/noticias\/wp-content\/uploads\/2020\/12\/EDA-1.jpg","twitter:label1":"Escrito por","twitter:data1":"El Digital de Asturias","twitter:label2":"Tiempo de lectura estimado","twitter:data2":"4 minutos"},"aioseo_meta_data":{"post_id":"969993","title":null,"description":null,"keywords":null,"keyphrases":null,"primary_term":null,"canonical_url":null,"og_title":null,"og_description":null,"og_object_type":"default","og_image_type":"default","og_image_url":null,"og_image_width":null,"og_image_height":null,"og_image_custom_url":null,"og_image_custom_fields":null,"og_video":null,"og_custom_url":null,"og_article_section":null,"og_article_tags":null,"twitter_use_og":false,"twitter_card":"default","twitter_image_type":"default","twitter_image_url":null,"twitter_image_custom_url":null,"twitter_image_custom_fields":null,"twitter_title":null,"twitter_description":null,"schema":{"blockGraphs":[],"customGraphs":[],"default":{"data":{"Article":[],"Course":[],"Dataset":[],"FAQPage":[],"Movie":[],"Person":[],"Product":[],"ProductReview":[],"Car":[],"Recipe":[],"Service":[],"SoftwareApplication":[],"WebPage":[]},"graphName":"","isEnabled":true},"graphs":[],"defaultGraph":"","defaultPostTypeGraph":""},"schema_type":null,"schema_type_options":null,"pillar_content":false,"robots_default":true,"robots_noindex":false,"robots_noarchive":false,"robots_nosnippet":false,"robots_nofollow":false,"robots_noimageindex":false,"robots_noodp":false,"robots_notranslate":false,"robots_max_snippet":null,"robots_max_videopreview":null,"robots_max_imagepreview":"large","priority":null,"frequency":null,"local_seo":null,"seo_analyzer_scan_date":"2025-10-07 04:05:13","breadcrumb_settings":null,"limit_modified_date":false,"open_ai":null,"ai":null,"created":"2020-12-21 12:25:39","updated":"2025-10-07 04:05:13","focus_keyword":null,"additional_keywords":null,"truseo_locale":null},"aioseo_breadcrumb":"<div class=\"aioseo-breadcrumbs\"><span class=\"aioseo-breadcrumb\">\n\t<a href=\"https:\/\/www.eldigitaldeasturias.com\/noticias\" title=\"Home\">Home<\/a>\n<\/span><span class=\"aioseo-breadcrumb-separator\">\u2013<\/span><span class=\"aioseo-breadcrumb\">\n\t<a href=\"https:\/\/www.eldigitaldeasturias.com\/noticias\/category\/actualidad\/\" title=\"Actualidad\">Actualidad<\/a>\n<\/span><span class=\"aioseo-breadcrumb-separator\">\u2013<\/span><span class=\"aioseo-breadcrumb\">\n\t<a href=\"https:\/\/www.eldigitaldeasturias.com\/noticias\/amnistia-internacional-denuncia-la-retorica-del-odio-desde-los-gobiernos\/\" title=\"Amnist\u00eda Internacional denuncia la ret\u00f3rica del odio desde los gobiernos\">Amnist\u00eda Internacional denuncia la ret\u00f3rica del odio desde los gobiernos<\/a>\n<\/span><\/div>","aioseo_breadcrumb_json":[{"label":"Home","link":"https:\/\/www.eldigitaldeasturias.com\/noticias"},{"label":"Actualidad","link":"https:\/\/www.eldigitaldeasturias.com\/noticias\/category\/actualidad\/"},{"label":"Amnist\u00eda Internacional denuncia la ret\u00f3rica del odio desde los gobiernos","link":"https:\/\/www.eldigitaldeasturias.com\/noticias\/amnistia-internacional-denuncia-la-retorica-del-odio-desde-los-gobiernos\/"}],"_links":{"self":[{"href":"https:\/\/www.eldigitaldeasturias.com\/noticias\/wp-json\/wp\/v2\/posts\/969993","targetHints":{"allow":["GET"]}}],"collection":[{"href":"https:\/\/www.eldigitaldeasturias.com\/noticias\/wp-json\/wp\/v2\/posts"}],"about":[{"href":"https:\/\/www.eldigitaldeasturias.com\/noticias\/wp-json\/wp\/v2\/types\/post"}],"author":[{"embeddable":true,"href":"https:\/\/www.eldigitaldeasturias.com\/noticias\/wp-json\/wp\/v2\/users\/1"}],"replies":[{"embeddable":true,"href":"https:\/\/www.eldigitaldeasturias.com\/noticias\/wp-json\/wp\/v2\/comments?post=969993"}],"version-history":[{"count":0,"href":"https:\/\/www.eldigitaldeasturias.com\/noticias\/wp-json\/wp\/v2\/posts\/969993\/revisions"}],"wp:attachment":[{"href":"https:\/\/www.eldigitaldeasturias.com\/noticias\/wp-json\/wp\/v2\/media?parent=969993"}],"wp:term":[{"taxonomy":"category","embeddable":true,"href":"https:\/\/www.eldigitaldeasturias.com\/noticias\/wp-json\/wp\/v2\/categories?post=969993"},{"taxonomy":"post_tag","embeddable":true,"href":"https:\/\/www.eldigitaldeasturias.com\/noticias\/wp-json\/wp\/v2\/tags?post=969993"}],"curies":[{"name":"wp","href":"https:\/\/api.w.org\/{rel}","templated":true}]}}