{"id":969906,"date":"2018-02-22T11:30:25","date_gmt":"2018-02-22T11:30:25","guid":{"rendered":"http:\/\/www.eldigitaldeasturias.com\/noticias\/?p=969906"},"modified":"2018-02-22T11:30:25","modified_gmt":"2018-02-22T11:30:25","slug":"mendez-de-vigo-transmite-su-pesame-por-la-perdida-de-forges","status":"publish","type":"post","link":"https:\/\/www.eldigitaldeasturias.com\/noticias\/mendez-de-vigo-transmite-su-pesame-por-la-perdida-de-forges\/","title":{"rendered":"M\u00e9ndez de Vigo transmite su p\u00e9same por la p\u00e9rdida de Forges"},"content":{"rendered":"<p><img loading=\"lazy\" decoding=\"async\" class=\"alignleft size-medium wp-image-968182\" src=\"https:\/\/www.eldigitaldeasturias.com\/noticias\/wp-content\/uploads\/2018\/02\/04112016_M\u00e9ndezDeVigo-360x239.jpg\" alt=\"\" width=\"360\" height=\"239\" \/>El ministro de Educaci\u00f3n, Cultura y Deporte, \u00cd\u00f1igo M\u00e9ndez de Vigo, ha transmitido sus condolencias por la muerte de Antonio Fraguas, Forges.<\/p>\n<p>\u00abCon la p\u00e9rdida de Forges se nos van tambi\u00e9n los personajes de Blasillo, Mariano y Concha, Cosma y Blasa, Borja\u2026.que nos han contado en clave de humor los acontecimientos, unos importantes, otros anecd\u00f3ticos, de la historia de nuestro pa\u00eds. Una risa diaria que nos provocaba re\u00edrnos de nosotros mismos\u00bb, ha dicho M\u00e9ndez de Vigo.<\/p>\n<p>Adem\u00e1s de dibujante, Forges tambi\u00e9n ha escrito libros, ha dirigido dos pel\u00edculas y es un colaborador habitual del ente radiof\u00f3nico.<\/p>\n<p>El ministro ha destacado que el Gobierno le distingui\u00f3 en 2011 con la Medalla de Oro de las Bellas Artes, y en 2007 con la Medalla de Oro al M\u00e9rito en el Trabajo. Galardones que se suman a la importante relaci\u00f3n de premios que recibi\u00f3 este artista, como el Premio Nacional de Periodismo, el Premio de Latinoamericano Humor Gr\u00e1fico Quevedos, el Premio Antonio Sancha, entre otros.<\/p>\n","protected":false},"excerpt":{"rendered":"<p>El ministro de Educaci\u00f3n, Cultura y Deporte, \u00cd\u00f1igo M\u00e9ndez de Vigo, ha transmitido sus condolencias por la muerte de Antonio Fraguas, Forges. \u00abCon la p\u00e9rdida de Forges se nos van tambi\u00e9n los personajes de Blasillo, Mariano y Concha, Cosma y Blasa, Borja\u2026.que nos han contado en clave de humor los acontecimientos, unos importantes, otros anecd\u00f3ticos, [&hellip;]<\/p>\n","protected":false},"author":1,"featured_media":968182,"comment_status":"closed","ping_status":"closed","sticky":false,"template":"","format":"standard","meta":{"footnotes":""},"categories":[1],"tags":[],"class_list":["post-969906","post","type-post","status-publish","format-standard","has-post-thumbnail","hentry","category-actualidad"],"aioseo_notices":[],"aioseo_head":"\n\t\t<!-- All in One SEO Pro 5.0.1 - aioseo.com -->\n\t<meta name=\"description\" content=\"El ministro de Educaci\u00f3n, Cultura y Deporte, \u00cd\u00f1igo M\u00e9ndez de Vigo, ha transmitido sus condolencias por la muerte de Antonio Fraguas, Forges. &quot;Con la p\u00e9rdida de Forges se nos van tambi\u00e9n los personajes de Blasillo, Mariano y Concha, Cosma y Blasa, Borja\u2026.que nos han contado en clave de humor los acontecimientos, unos importantes, otros anecd\u00f3ticos,\" \/>\n\t<meta name=\"robots\" content=\"max-image-preview:large\" \/>\n\t<meta name=\"author\" content=\"El Digital de Asturias\"\/>\n\t<meta name=\"google-site-verification\" content=\"UA-38556648-1\" \/>\n\t<meta name=\"msvalidate.01\" content=\"7dfe9f3f1b24437ab69f4f2559babe99\" \/>\n\t<meta name=\"keywords\" content=\"actualidad\" \/>\n\t<link rel=\"canonical\" href=\"https:\/\/www.eldigitaldeasturias.com\/noticias\/mendez-de-vigo-transmite-su-pesame-por-la-perdida-de-forges\/\" \/>\n\t<meta name=\"generator\" content=\"All in One SEO Pro (AIOSEO) 5.0.1\" \/>\n\t\t<meta property=\"og:locale\" content=\"es_ES\" \/>\n\t\t<meta property=\"og:site_name\" content=\"El Digital de Asturias\" \/>\n\t\t<meta property=\"og:type\" content=\"article\" \/>\n\t\t<meta property=\"og:title\" content=\"M\u00e9ndez de Vigo transmite su p\u00e9same por la p\u00e9rdida de Forges - El Digital de Asturias\" \/>\n\t\t<meta property=\"og:description\" content=\"El ministro de Educaci\u00f3n, Cultura y Deporte, \u00cd\u00f1igo M\u00e9ndez de Vigo, ha transmitido sus condolencias por la muerte de Antonio Fraguas, Forges. &quot;Con la p\u00e9rdida de Forges se nos van tambi\u00e9n los personajes de Blasillo, Mariano y Concha, Cosma y Blasa, Borja\u2026.que nos han contado en clave de humor los acontecimientos, unos importantes, otros anecd\u00f3ticos,\" \/>\n\t\t<meta property=\"og:url\" content=\"https:\/\/www.eldigitaldeasturias.com\/noticias\/mendez-de-vigo-transmite-su-pesame-por-la-perdida-de-forges\/\" \/>\n\t\t<meta property=\"article:tag\" content=\"actualidad\" \/>\n\t\t<meta property=\"article:published_time\" content=\"2018-02-22T11:30:25+00:00\" \/>\n\t\t<meta property=\"article:modified_time\" content=\"2018-02-22T11:30:25+00:00\" \/>\n\t\t<meta property=\"article:publisher\" content=\"https:\/\/facebook.com\/eldigitaldeasturias\" \/>\n\t\t<meta name=\"twitter:card\" content=\"summary_large_image\" \/>\n\t\t<meta name=\"twitter:title\" content=\"M\u00e9ndez de Vigo transmite su p\u00e9same por la p\u00e9rdida de Forges - El Digital de Asturias\" \/>\n\t\t<meta name=\"twitter:description\" content=\"El ministro de Educaci\u00f3n, Cultura y Deporte, \u00cd\u00f1igo M\u00e9ndez de Vigo, ha transmitido sus condolencias por la muerte de Antonio Fraguas, Forges. &quot;Con la p\u00e9rdida de Forges se nos van tambi\u00e9n los personajes de Blasillo, Mariano y Concha, Cosma y Blasa, Borja\u2026.que nos han contado en clave de humor los acontecimientos, unos importantes, otros anecd\u00f3ticos,\" \/>\n\t\t<meta name=\"twitter:image\" content=\"https:\/\/www.eldigitaldeasturias.com\/noticias\/wp-content\/uploads\/2020\/12\/EDA-1.jpg\" \/>\n\t\t<meta name=\"twitter:label1\" content=\"Escrito por\" \/>\n\t\t<meta name=\"twitter:data1\" content=\"El Digital de Asturias\" \/>\n\t\t<meta name=\"twitter:label2\" content=\"Tiempo de lectura estimado\" \/>\n\t\t<meta name=\"twitter:data2\" content=\"1 minuto\" \/>\n\t\t<script type=\"application\/ld+json\" class=\"aioseo-schema\">\n\t\t\t{\"@context\":\"https:\\\/\\\/schema.org\",\"@graph\":[{\"@type\":\"BlogPosting\",\"@id\":\"https:\\\/\\\/www.eldigitaldeasturias.com\\\/noticias\\\/mendez-de-vigo-transmite-su-pesame-por-la-perdida-de-forges\\\/#blogposting\",\"name\":\"M\\u00e9ndez de Vigo transmite su p\\u00e9same por la p\\u00e9rdida de Forges - El Digital de Asturias\",\"headline\":\"M\\u00e9ndez de Vigo transmite su p\\u00e9same por la p\\u00e9rdida de Forges\",\"author\":{\"@id\":\"https:\\\/\\\/www.eldigitaldeasturias.com\\\/noticias\\\/author\\\/admin\\\/#author\"},\"publisher\":{\"@id\":\"https:\\\/\\\/www.eldigitaldeasturias.com\\\/noticias\\\/#organization\"},\"image\":{\"@type\":\"ImageObject\",\"url\":968182},\"datePublished\":\"2018-02-22T11:30:25+01:00\",\"dateModified\":\"2018-02-22T11:30:25+01:00\",\"inLanguage\":\"es-ES\",\"mainEntityOfPage\":{\"@id\":\"https:\\\/\\\/www.eldigitaldeasturias.com\\\/noticias\\\/mendez-de-vigo-transmite-su-pesame-por-la-perdida-de-forges\\\/#webpage\"},\"isPartOf\":{\"@id\":\"https:\\\/\\\/www.eldigitaldeasturias.com\\\/noticias\\\/mendez-de-vigo-transmite-su-pesame-por-la-perdida-de-forges\\\/#webpage\"},\"articleSection\":\"Actualidad\"},{\"@type\":\"BreadcrumbList\",\"@id\":\"https:\\\/\\\/www.eldigitaldeasturias.com\\\/noticias\\\/mendez-de-vigo-transmite-su-pesame-por-la-perdida-de-forges\\\/#breadcrumblist\",\"itemListElement\":[{\"@type\":\"ListItem\",\"@id\":\"https:\\\/\\\/www.eldigitaldeasturias.com\\\/noticias#listItem\",\"position\":1,\"name\":\"Home\",\"item\":\"https:\\\/\\\/www.eldigitaldeasturias.com\\\/noticias\",\"nextItem\":{\"@type\":\"ListItem\",\"@id\":\"https:\\\/\\\/www.eldigitaldeasturias.com\\\/noticias\\\/category\\\/actualidad\\\/#listItem\",\"name\":\"Actualidad\"}},{\"@type\":\"ListItem\",\"@id\":\"https:\\\/\\\/www.eldigitaldeasturias.com\\\/noticias\\\/category\\\/actualidad\\\/#listItem\",\"position\":2,\"name\":\"Actualidad\",\"item\":\"https:\\\/\\\/www.eldigitaldeasturias.com\\\/noticias\\\/category\\\/actualidad\\\/\",\"nextItem\":{\"@type\":\"ListItem\",\"@id\":\"https:\\\/\\\/www.eldigitaldeasturias.com\\\/noticias\\\/mendez-de-vigo-transmite-su-pesame-por-la-perdida-de-forges\\\/#listItem\",\"name\":\"M\\u00e9ndez de Vigo transmite su p\\u00e9same por la p\\u00e9rdida de Forges\"},\"previousItem\":{\"@type\":\"ListItem\",\"@id\":\"https:\\\/\\\/www.eldigitaldeasturias.com\\\/noticias#listItem\",\"name\":\"Home\"}},{\"@type\":\"ListItem\",\"@id\":\"https:\\\/\\\/www.eldigitaldeasturias.com\\\/noticias\\\/mendez-de-vigo-transmite-su-pesame-por-la-perdida-de-forges\\\/#listItem\",\"position\":3,\"name\":\"M\\u00e9ndez de Vigo transmite su p\\u00e9same por la p\\u00e9rdida de Forges\",\"previousItem\":{\"@type\":\"ListItem\",\"@id\":\"https:\\\/\\\/www.eldigitaldeasturias.com\\\/noticias\\\/category\\\/actualidad\\\/#listItem\",\"name\":\"Actualidad\"}}]},{\"@type\":\"Organization\",\"@id\":\"https:\\\/\\\/www.eldigitaldeasturias.com\\\/noticias\\\/#organization\",\"name\":\"El Digital de Asturias\",\"description\":\"Hemeroteca\",\"url\":\"https:\\\/\\\/www.eldigitaldeasturias.com\\\/noticias\\\/\",\"email\":\"info@eldigitaldeasturias.com\",\"telephone\":\"+34652131393\",\"logo\":{\"@type\":\"ImageObject\",\"url\":\"https:\\\/\\\/www.eldigitaldeasturias.com\\\/noticias\\\/wp-content\\\/uploads\\\/2020\\\/12\\\/EDA.jpg\",\"@id\":\"https:\\\/\\\/www.eldigitaldeasturias.com\\\/noticias\\\/mendez-de-vigo-transmite-su-pesame-por-la-perdida-de-forges\\\/#organizationLogo\"},\"image\":{\"@id\":\"https:\\\/\\\/www.eldigitaldeasturias.com\\\/noticias\\\/mendez-de-vigo-transmite-su-pesame-por-la-perdida-de-forges\\\/#organizationLogo\"},\"sameAs\":[\"https:\\\/\\\/facebook.com\\\/eldigitaldeasturias\",\"https:\\\/\\\/www.youtube.com\\\/channel\\\/UCZP-2wLEB9Rv6erhFmqVnvg\"],\"address\":{\"@id\":\"https:\\\/\\\/www.eldigitaldeasturias.com\\\/noticias\\\/#postaladdress\",\"@type\":\"PostalAddress\",\"streetAddress\":\"san antonio 4\",\"postalCode\":\"33430\",\"addressLocality\":\"Cand\\u00e1s\",\"addressRegion\":\"Asturias\",\"addressCountry\":\"ES\"}},{\"@type\":\"Person\",\"@id\":\"https:\\\/\\\/www.eldigitaldeasturias.com\\\/noticias\\\/author\\\/admin\\\/#author\",\"url\":\"https:\\\/\\\/www.eldigitaldeasturias.com\\\/noticias\\\/author\\\/admin\\\/\",\"name\":\"El Digital de Asturias\",\"image\":{\"@type\":\"ImageObject\",\"@id\":\"https:\\\/\\\/www.eldigitaldeasturias.com\\\/noticias\\\/mendez-de-vigo-transmite-su-pesame-por-la-perdida-de-forges\\\/#authorImage\",\"url\":\"https:\\\/\\\/secure.gravatar.com\\\/avatar\\\/df2aeffc32bcd13f8d26072ef8a91b623d677766deac7f97ca815868cd41bf5e?s=96&d=mm&r=g\",\"width\":96,\"height\":96,\"caption\":\"El Digital de Asturias\"}},{\"@type\":\"WebPage\",\"@id\":\"https:\\\/\\\/www.eldigitaldeasturias.com\\\/noticias\\\/mendez-de-vigo-transmite-su-pesame-por-la-perdida-de-forges\\\/#webpage\",\"url\":\"https:\\\/\\\/www.eldigitaldeasturias.com\\\/noticias\\\/mendez-de-vigo-transmite-su-pesame-por-la-perdida-de-forges\\\/\",\"name\":\"M\\u00e9ndez de Vigo transmite su p\\u00e9same por la p\\u00e9rdida de Forges - El Digital de Asturias\",\"description\":\"El ministro de Educaci\\u00f3n, Cultura y Deporte, \\u00cd\\u00f1igo M\\u00e9ndez de Vigo, ha transmitido sus condolencias por la muerte de Antonio Fraguas, Forges. \\\"Con la p\\u00e9rdida de Forges se nos van tambi\\u00e9n los personajes de Blasillo, Mariano y Concha, Cosma y Blasa, Borja\\u2026.que nos han contado en clave de humor los acontecimientos, unos importantes, otros anecd\\u00f3ticos,\",\"inLanguage\":\"es-ES\",\"isPartOf\":{\"@id\":\"https:\\\/\\\/www.eldigitaldeasturias.com\\\/noticias\\\/#website\"},\"breadcrumb\":{\"@id\":\"https:\\\/\\\/www.eldigitaldeasturias.com\\\/noticias\\\/mendez-de-vigo-transmite-su-pesame-por-la-perdida-de-forges\\\/#breadcrumblist\"},\"author\":{\"@id\":\"https:\\\/\\\/www.eldigitaldeasturias.com\\\/noticias\\\/author\\\/admin\\\/#author\"},\"creator\":{\"@id\":\"https:\\\/\\\/www.eldigitaldeasturias.com\\\/noticias\\\/author\\\/admin\\\/#author\"},\"image\":{\"@type\":\"ImageObject\",\"url\":968182,\"@id\":\"https:\\\/\\\/www.eldigitaldeasturias.com\\\/noticias\\\/mendez-de-vigo-transmite-su-pesame-por-la-perdida-de-forges\\\/#mainImage\"},\"primaryImageOfPage\":{\"@id\":\"https:\\\/\\\/www.eldigitaldeasturias.com\\\/noticias\\\/mendez-de-vigo-transmite-su-pesame-por-la-perdida-de-forges\\\/#mainImage\"},\"datePublished\":\"2018-02-22T11:30:25+01:00\",\"dateModified\":\"2018-02-22T11:30:25+01:00\"},{\"@type\":\"WebSite\",\"@id\":\"https:\\\/\\\/www.eldigitaldeasturias.com\\\/noticias\\\/#website\",\"url\":\"https:\\\/\\\/www.eldigitaldeasturias.com\\\/noticias\\\/\",\"name\":\"El Digital de Asturias - Diario de actualidad y noticias\",\"alternateName\":\"El Digital de Asturias - Diario de actualidad y noticias\",\"description\":\"Hemeroteca\",\"inLanguage\":\"es-ES\",\"publisher\":{\"@id\":\"https:\\\/\\\/www.eldigitaldeasturias.com\\\/noticias\\\/#organization\"}}]}\n\t\t<\/script>\n\t\t<!-- All in One SEO Pro -->\r\n\t\t<title>M\u00e9ndez de Vigo transmite su p\u00e9same por la p\u00e9rdida de Forges - El Digital de Asturias<\/title>\n\n","aioseo_head_json":{"title":"M\u00e9ndez de Vigo transmite su p\u00e9same por la p\u00e9rdida de Forges - El Digital de Asturias","description":"El ministro de Educaci\u00f3n, Cultura y Deporte, \u00cd\u00f1igo M\u00e9ndez de Vigo, ha transmitido sus condolencias por la muerte de Antonio Fraguas, Forges. \"Con la p\u00e9rdida de Forges se nos van tambi\u00e9n los personajes de Blasillo, Mariano y Concha, Cosma y Blasa, Borja\u2026.que nos han contado en clave de humor los acontecimientos, unos importantes, otros anecd\u00f3ticos,","canonical_url":"https:\/\/www.eldigitaldeasturias.com\/noticias\/mendez-de-vigo-transmite-su-pesame-por-la-perdida-de-forges\/","robots":"max-image-preview:large","keywords":"actualidad","webmasterTools":{"google-site-verification":"UA-38556648-1","msvalidate.01":"7dfe9f3f1b24437ab69f4f2559babe99","miscellaneous":""},"schema":{"@context":"https:\/\/schema.org","@graph":[{"@type":"BlogPosting","@id":"https:\/\/www.eldigitaldeasturias.com\/noticias\/mendez-de-vigo-transmite-su-pesame-por-la-perdida-de-forges\/#blogposting","name":"M\u00e9ndez de Vigo transmite su p\u00e9same por la p\u00e9rdida de Forges - El Digital de Asturias","headline":"M\u00e9ndez de Vigo transmite su p\u00e9same por la p\u00e9rdida de Forges","author":{"@id":"https:\/\/www.eldigitaldeasturias.com\/noticias\/author\/admin\/#author"},"publisher":{"@id":"https:\/\/www.eldigitaldeasturias.com\/noticias\/#organization"},"image":{"@type":"ImageObject","url":968182},"datePublished":"2018-02-22T11:30:25+01:00","dateModified":"2018-02-22T11:30:25+01:00","inLanguage":"es-ES","mainEntityOfPage":{"@id":"https:\/\/www.eldigitaldeasturias.com\/noticias\/mendez-de-vigo-transmite-su-pesame-por-la-perdida-de-forges\/#webpage"},"isPartOf":{"@id":"https:\/\/www.eldigitaldeasturias.com\/noticias\/mendez-de-vigo-transmite-su-pesame-por-la-perdida-de-forges\/#webpage"},"articleSection":"Actualidad"},{"@type":"BreadcrumbList","@id":"https:\/\/www.eldigitaldeasturias.com\/noticias\/mendez-de-vigo-transmite-su-pesame-por-la-perdida-de-forges\/#breadcrumblist","itemListElement":[{"@type":"ListItem","@id":"https:\/\/www.eldigitaldeasturias.com\/noticias#listItem","position":1,"name":"Home","item":"https:\/\/www.eldigitaldeasturias.com\/noticias","nextItem":{"@type":"ListItem","@id":"https:\/\/www.eldigitaldeasturias.com\/noticias\/category\/actualidad\/#listItem","name":"Actualidad"}},{"@type":"ListItem","@id":"https:\/\/www.eldigitaldeasturias.com\/noticias\/category\/actualidad\/#listItem","position":2,"name":"Actualidad","item":"https:\/\/www.eldigitaldeasturias.com\/noticias\/category\/actualidad\/","nextItem":{"@type":"ListItem","@id":"https:\/\/www.eldigitaldeasturias.com\/noticias\/mendez-de-vigo-transmite-su-pesame-por-la-perdida-de-forges\/#listItem","name":"M\u00e9ndez de Vigo transmite su p\u00e9same por la p\u00e9rdida de Forges"},"previousItem":{"@type":"ListItem","@id":"https:\/\/www.eldigitaldeasturias.com\/noticias#listItem","name":"Home"}},{"@type":"ListItem","@id":"https:\/\/www.eldigitaldeasturias.com\/noticias\/mendez-de-vigo-transmite-su-pesame-por-la-perdida-de-forges\/#listItem","position":3,"name":"M\u00e9ndez de Vigo transmite su p\u00e9same por la p\u00e9rdida de Forges","previousItem":{"@type":"ListItem","@id":"https:\/\/www.eldigitaldeasturias.com\/noticias\/category\/actualidad\/#listItem","name":"Actualidad"}}]},{"@type":"Organization","@id":"https:\/\/www.eldigitaldeasturias.com\/noticias\/#organization","name":"El Digital de Asturias","description":"Hemeroteca","url":"https:\/\/www.eldigitaldeasturias.com\/noticias\/","email":"info@eldigitaldeasturias.com","telephone":"+34652131393","logo":{"@type":"ImageObject","url":"https:\/\/www.eldigitaldeasturias.com\/noticias\/wp-content\/uploads\/2020\/12\/EDA.jpg","@id":"https:\/\/www.eldigitaldeasturias.com\/noticias\/mendez-de-vigo-transmite-su-pesame-por-la-perdida-de-forges\/#organizationLogo"},"image":{"@id":"https:\/\/www.eldigitaldeasturias.com\/noticias\/mendez-de-vigo-transmite-su-pesame-por-la-perdida-de-forges\/#organizationLogo"},"sameAs":["https:\/\/facebook.com\/eldigitaldeasturias","https:\/\/www.youtube.com\/channel\/UCZP-2wLEB9Rv6erhFmqVnvg"],"address":{"@id":"https:\/\/www.eldigitaldeasturias.com\/noticias\/#postaladdress","@type":"PostalAddress","streetAddress":"san antonio 4","postalCode":"33430","addressLocality":"Cand\u00e1s","addressRegion":"Asturias","addressCountry":"ES"}},{"@type":"Person","@id":"https:\/\/www.eldigitaldeasturias.com\/noticias\/author\/admin\/#author","url":"https:\/\/www.eldigitaldeasturias.com\/noticias\/author\/admin\/","name":"El Digital de Asturias","image":{"@type":"ImageObject","@id":"https:\/\/www.eldigitaldeasturias.com\/noticias\/mendez-de-vigo-transmite-su-pesame-por-la-perdida-de-forges\/#authorImage","url":"https:\/\/secure.gravatar.com\/avatar\/df2aeffc32bcd13f8d26072ef8a91b623d677766deac7f97ca815868cd41bf5e?s=96&d=mm&r=g","width":96,"height":96,"caption":"El Digital de Asturias"}},{"@type":"WebPage","@id":"https:\/\/www.eldigitaldeasturias.com\/noticias\/mendez-de-vigo-transmite-su-pesame-por-la-perdida-de-forges\/#webpage","url":"https:\/\/www.eldigitaldeasturias.com\/noticias\/mendez-de-vigo-transmite-su-pesame-por-la-perdida-de-forges\/","name":"M\u00e9ndez de Vigo transmite su p\u00e9same por la p\u00e9rdida de Forges - El Digital de Asturias","description":"El ministro de Educaci\u00f3n, Cultura y Deporte, \u00cd\u00f1igo M\u00e9ndez de Vigo, ha transmitido sus condolencias por la muerte de Antonio Fraguas, Forges. \"Con la p\u00e9rdida de Forges se nos van tambi\u00e9n los personajes de Blasillo, Mariano y Concha, Cosma y Blasa, Borja\u2026.que nos han contado en clave de humor los acontecimientos, unos importantes, otros anecd\u00f3ticos,","inLanguage":"es-ES","isPartOf":{"@id":"https:\/\/www.eldigitaldeasturias.com\/noticias\/#website"},"breadcrumb":{"@id":"https:\/\/www.eldigitaldeasturias.com\/noticias\/mendez-de-vigo-transmite-su-pesame-por-la-perdida-de-forges\/#breadcrumblist"},"author":{"@id":"https:\/\/www.eldigitaldeasturias.com\/noticias\/author\/admin\/#author"},"creator":{"@id":"https:\/\/www.eldigitaldeasturias.com\/noticias\/author\/admin\/#author"},"image":{"@type":"ImageObject","url":968182,"@id":"https:\/\/www.eldigitaldeasturias.com\/noticias\/mendez-de-vigo-transmite-su-pesame-por-la-perdida-de-forges\/#mainImage"},"primaryImageOfPage":{"@id":"https:\/\/www.eldigitaldeasturias.com\/noticias\/mendez-de-vigo-transmite-su-pesame-por-la-perdida-de-forges\/#mainImage"},"datePublished":"2018-02-22T11:30:25+01:00","dateModified":"2018-02-22T11:30:25+01:00"},{"@type":"WebSite","@id":"https:\/\/www.eldigitaldeasturias.com\/noticias\/#website","url":"https:\/\/www.eldigitaldeasturias.com\/noticias\/","name":"El Digital de Asturias - Diario de actualidad y noticias","alternateName":"El Digital de Asturias - Diario de actualidad y noticias","description":"Hemeroteca","inLanguage":"es-ES","publisher":{"@id":"https:\/\/www.eldigitaldeasturias.com\/noticias\/#organization"}}]},"og:locale":"es_ES","og:site_name":"El Digital de Asturias","og:type":"article","og:title":"M\u00e9ndez de Vigo transmite su p\u00e9same por la p\u00e9rdida de Forges - El Digital de Asturias","og:description":"El ministro de Educaci\u00f3n, Cultura y Deporte, \u00cd\u00f1igo M\u00e9ndez de Vigo, ha transmitido sus condolencias por la muerte de Antonio Fraguas, Forges. &quot;Con la p\u00e9rdida de Forges se nos van tambi\u00e9n los personajes de Blasillo, Mariano y Concha, Cosma y Blasa, Borja\u2026.que nos han contado en clave de humor los acontecimientos, unos importantes, otros anecd\u00f3ticos,","og:url":"https:\/\/www.eldigitaldeasturias.com\/noticias\/mendez-de-vigo-transmite-su-pesame-por-la-perdida-de-forges\/","article:tag":["actualidad"],"article:published_time":"2018-02-22T11:30:25+00:00","article:modified_time":"2018-02-22T11:30:25+00:00","article:publisher":"https:\/\/facebook.com\/eldigitaldeasturias","twitter:card":"summary_large_image","twitter:title":"M\u00e9ndez de Vigo transmite su p\u00e9same por la p\u00e9rdida de Forges - El Digital de Asturias","twitter:description":"El ministro de Educaci\u00f3n, Cultura y Deporte, \u00cd\u00f1igo M\u00e9ndez de Vigo, ha transmitido sus condolencias por la muerte de Antonio Fraguas, Forges. &quot;Con la p\u00e9rdida de Forges se nos van tambi\u00e9n los personajes de Blasillo, Mariano y Concha, Cosma y Blasa, Borja\u2026.que nos han contado en clave de humor los acontecimientos, unos importantes, otros anecd\u00f3ticos,","twitter:image":"https:\/\/www.eldigitaldeasturias.com\/noticias\/wp-content\/uploads\/2020\/12\/EDA-1.jpg","twitter:label1":"Escrito por","twitter:data1":"El Digital de Asturias","twitter:label2":"Tiempo de lectura estimado","twitter:data2":"1 minuto"},"aioseo_meta_data":{"post_id":"969906","title":null,"description":null,"keywords":null,"keyphrases":null,"primary_term":null,"canonical_url":null,"og_title":null,"og_description":null,"og_object_type":"default","og_image_type":"default","og_image_url":null,"og_image_width":null,"og_image_height":null,"og_image_custom_url":null,"og_image_custom_fields":null,"og_video":null,"og_custom_url":null,"og_article_section":null,"og_article_tags":null,"twitter_use_og":false,"twitter_card":"default","twitter_image_type":"default","twitter_image_url":null,"twitter_image_custom_url":null,"twitter_image_custom_fields":null,"twitter_title":null,"twitter_description":null,"schema":{"blockGraphs":[],"customGraphs":[],"default":{"data":{"Article":[],"Course":[],"Dataset":[],"FAQPage":[],"Movie":[],"Person":[],"Product":[],"ProductReview":[],"Car":[],"Recipe":[],"Service":[],"SoftwareApplication":[],"WebPage":[]},"graphName":"","isEnabled":true},"graphs":[],"defaultGraph":"","defaultPostTypeGraph":""},"schema_type":null,"schema_type_options":null,"pillar_content":false,"robots_default":true,"robots_noindex":false,"robots_noarchive":false,"robots_nosnippet":false,"robots_nofollow":false,"robots_noimageindex":false,"robots_noodp":false,"robots_notranslate":false,"robots_max_snippet":null,"robots_max_videopreview":null,"robots_max_imagepreview":"large","priority":null,"frequency":null,"local_seo":null,"seo_analyzer_scan_date":"2025-10-07 03:47:05","breadcrumb_settings":null,"limit_modified_date":false,"open_ai":null,"ai":null,"created":"2020-12-21 12:25:39","updated":"2025-10-07 03:47:05","focus_keyword":null,"additional_keywords":null,"truseo_locale":null},"aioseo_breadcrumb":"<div class=\"aioseo-breadcrumbs\"><span class=\"aioseo-breadcrumb\">\n\t<a href=\"https:\/\/www.eldigitaldeasturias.com\/noticias\" title=\"Home\">Home<\/a>\n<\/span><span class=\"aioseo-breadcrumb-separator\">\u2013<\/span><span class=\"aioseo-breadcrumb\">\n\t<a href=\"https:\/\/www.eldigitaldeasturias.com\/noticias\/category\/actualidad\/\" title=\"Actualidad\">Actualidad<\/a>\n<\/span><span class=\"aioseo-breadcrumb-separator\">\u2013<\/span><span class=\"aioseo-breadcrumb\">\n\t<a href=\"https:\/\/www.eldigitaldeasturias.com\/noticias\/mendez-de-vigo-transmite-su-pesame-por-la-perdida-de-forges\/\" title=\"M\u00e9ndez de Vigo transmite su p\u00e9same por la p\u00e9rdida de Forges\">M\u00e9ndez de Vigo transmite su p\u00e9same por la p\u00e9rdida de Forges<\/a>\n<\/span><\/div>","aioseo_breadcrumb_json":[{"label":"Home","link":"https:\/\/www.eldigitaldeasturias.com\/noticias"},{"label":"Actualidad","link":"https:\/\/www.eldigitaldeasturias.com\/noticias\/category\/actualidad\/"},{"label":"M\u00e9ndez de Vigo transmite su p\u00e9same por la p\u00e9rdida de Forges","link":"https:\/\/www.eldigitaldeasturias.com\/noticias\/mendez-de-vigo-transmite-su-pesame-por-la-perdida-de-forges\/"}],"_links":{"self":[{"href":"https:\/\/www.eldigitaldeasturias.com\/noticias\/wp-json\/wp\/v2\/posts\/969906","targetHints":{"allow":["GET"]}}],"collection":[{"href":"https:\/\/www.eldigitaldeasturias.com\/noticias\/wp-json\/wp\/v2\/posts"}],"about":[{"href":"https:\/\/www.eldigitaldeasturias.com\/noticias\/wp-json\/wp\/v2\/types\/post"}],"author":[{"embeddable":true,"href":"https:\/\/www.eldigitaldeasturias.com\/noticias\/wp-json\/wp\/v2\/users\/1"}],"replies":[{"embeddable":true,"href":"https:\/\/www.eldigitaldeasturias.com\/noticias\/wp-json\/wp\/v2\/comments?post=969906"}],"version-history":[{"count":0,"href":"https:\/\/www.eldigitaldeasturias.com\/noticias\/wp-json\/wp\/v2\/posts\/969906\/revisions"}],"wp:attachment":[{"href":"https:\/\/www.eldigitaldeasturias.com\/noticias\/wp-json\/wp\/v2\/media?parent=969906"}],"wp:term":[{"taxonomy":"category","embeddable":true,"href":"https:\/\/www.eldigitaldeasturias.com\/noticias\/wp-json\/wp\/v2\/categories?post=969906"},{"taxonomy":"post_tag","embeddable":true,"href":"https:\/\/www.eldigitaldeasturias.com\/noticias\/wp-json\/wp\/v2\/tags?post=969906"}],"curies":[{"name":"wp","href":"https:\/\/api.w.org\/{rel}","templated":true}]}}