{"id":969841,"date":"2018-02-21T23:40:54","date_gmt":"2018-02-21T23:40:54","guid":{"rendered":"http:\/\/www.eldigitaldeasturias.com\/noticias\/?p=969841"},"modified":"2018-02-21T23:40:54","modified_gmt":"2018-02-21T23:40:54","slug":"el-ejercito-ruso-celebra-sus-100-anos-en-pleno-auge","status":"publish","type":"post","link":"https:\/\/www.eldigitaldeasturias.com\/noticias\/el-ejercito-ruso-celebra-sus-100-anos-en-pleno-auge\/","title":{"rendered":"El Ej\u00e9rcito ruso celebra sus 100 a\u00f1os en pleno auge"},"content":{"rendered":"<p><img loading=\"lazy\" decoding=\"async\" class=\"alignleft size-medium wp-image-969842\" src=\"https:\/\/www.eldigitaldeasturias.com\/noticias\/wp-content\/uploads\/2018\/02\/cruiser-212714_1280-360x239.jpg\" alt=\"\" width=\"360\" height=\"239\" \/>Mosc\u00fa, 21 feb (dpa) &#8211; Rusia celebra cada 23 de febrero en el D\u00eda del Defensor de la Patria a sus fuerzas armadas, pero este a\u00f1o el aniversario tendr\u00e1 un car\u00e1cter especial, ya que hace justamente 100 a\u00f1os se cre\u00f3 el Ej\u00e9rcito Rojo.<\/p>\n<p>En el parque recreativo de tem\u00e1tica militar Patriot, cerca de Mosc\u00fa, se emular\u00e1n victorias hist\u00f3ricas y tambi\u00e9n habr\u00e1 conciertos, exposiciones y una medalla recordatoria.<\/p>\n<p>El Ej\u00e9rcito de la potencia at\u00f3mica llega a su cent\u00e9simo aniversario en un momento de auge, tras atravesar varios a\u00f1os de crisis. El presidente Vladimir Putin redujo las fuerzas armadas a unos 880.000 hombres y las moderniz\u00f3 y profesionaliz\u00f3.<\/p>\n<p>El poder\u00edo militar de Rusia es el segundo m\u00e1s importante del mundo, detr\u00e1s de Estados Unidos. Para ello en 2017 Putin y su ministro de Defensa, Serguei Shoigu, invirtieron 2.840 billones de rublos, unos 43.000 millones de euros o unos 50.000 millones de d\u00f3lares.<\/p>\n<p>Las fuerzas rusas se encuentran en una buena situaci\u00f3n, manifest\u00f3 a dpa el experto Vladimir Kosin, quien trabaj\u00f3 en el diario del Ej\u00e9rcito \u00abKarsnaya Svesda\u00bb (La estrella roja). \u00abPero siempre hay algo para mejorar para protegerse de nuevas amenazas a la seguridad del pa\u00eds\u00bb.<\/p>\n<p>Expertos occidentales observan una modernizaci\u00f3n de las armas at\u00f3micas, la Fuerza A\u00e9rea, la defensa antia\u00e9rea y las fuerzas de intervenci\u00f3n especial. En cambio, la Marina y el grueso del Ej\u00e9rcito van m\u00e1s rezagadas, opinan.<\/p>\n<p>Junto a las exportaciones de gas y petr\u00f3leo, Putin convirti\u00f3 a las Fuerzas Armadas en instrumento principal de la pol\u00edtica exterior rusa. En 2014 sus soldados se apoderaron de la pen\u00ednsula ucraniana de Crimea. Y combaten en el este de Ucrania de manera encubierta y abiertamente en Siria.<\/p>\n<p>Los nuevos pa\u00edses de la OTAN en el centro y este de Europa se sienten amenazados por la potencia militar de Rusia. Mientras tanto, la buena noticia es que el servicio en este Ej\u00e9rcito ya no es tan brutal para los rusos ni representa un peligro para su vida como lo era hace algunos a\u00f1os.<\/p>\n<p>El moderno Ej\u00e9rcito se enmarca en la tradici\u00f3n militar rusa de siglos desde la \u00e9poca de los zares, dijo Kosin. Pero cuando se observan los uniformes y rituales, entonces estos hacen recordar especialmente al Ej\u00e9rcito de trabajadores y campesinos.<\/p>\n<p>El 23 de febrero de 1918, el decreto del joven Gobierno sovi\u00e9tico sobre la creaci\u00f3n de un nuevo Ej\u00e9rcito ya ten\u00eda algunos d\u00edas. Pero en esa jornada se inscribieron los primeros voluntarios y debieron partir inmediatamente rumbo al B\u00e1ltico.<\/p>\n<p>El Imperio alem\u00e1n, enemigo en la Primera Guerra Mundial, se encontraba en Riga y amenazaba con un avance hacia la capital rusa Petrogrado (en la actualidad, renombrada nuevamente como San Petersburgo).<\/p>\n<p>La construcci\u00f3n del nuevo Ej\u00e9rcito fue iniciativa en gran parte del revolucionario Le\u00f3n Trotsky (1879-1940). El Ej\u00e9rcito Rojo le asegur\u00f3 a la potencia sovi\u00e9tica su supervivencia durante la guerra civil y super\u00f3 las limpiezas durante el dictador Josef Stalin. Y venci\u00f3, con un elevado costo de vidas, a los atacantes fascistas de Alemania en la Segunda Guerra Mundial.<\/p>\n<p>En las d\u00e9cadas siguientes el Ej\u00e9rcito Rojo control\u00f3 media Europa y reprimi\u00f3 levantamientos en Berl\u00edn Oriental, Budapest y Praga. Entre las potencias at\u00f3micas Uni\u00f3n Sovi\u00e9tica y Estados Unidos hab\u00eda un equilibrio de poder disuasivo. Los soldados sovi\u00e9ticos debieron retirarse derrotados de Afganist\u00e1n y con el fin de la Guerra Fr\u00eda abandonaron Europa del Este.<\/p>\n<p>Desde 1992 se produjeron combates del Ej\u00e9rcito ya por entonces ruso en Georgia y Moldavia y dos amargas guerras internas contra la rebelde rep\u00fablica norcauc\u00e1sica de Chechenia hasta 2009.<\/p>\n<p>Durante los a\u00f1os del conflicto en Chechenia, surgi\u00f3 la labor de las Madres de Soldados. Los efectivos ped\u00edan ayuda cuando eran hostigados por oficiales o soldados con mayor tiempo de servicio. Pocas cosas eran tan temidas por las familias rusas como el servicio militar de sus hijos.<\/p>\n<p>\u00abLa violencia en esa medida ya no existe\u00bb, dijo a dpa el jurista Anton Cherbak del Comit\u00e9 de Madres de Soldados en San Petersburgo. Los reportes sobre la denominada dedovshchina se han reducido. Sin embargo, siguen las demandas sobre la mala atenci\u00f3n m\u00e9dica, la falta de equipamiento y los viejos cuarteles. \u00abEste es ahora el Ej\u00e9rcito ruso, pero todav\u00eda tiene mucho de sovi\u00e9tico\u00bb, se\u00f1al\u00f3.<\/p>\n<p><i class=\"lang-es\"><span class=\" readonly\" title=\"\">Por Friedemann Kohler (dpa)<\/span><\/i><\/p>\n","protected":false},"excerpt":{"rendered":"<p>Mosc\u00fa, 21 feb (dpa) &#8211; Rusia celebra cada 23 de febrero en el D\u00eda del Defensor de la Patria a sus fuerzas armadas, pero este a\u00f1o el aniversario tendr\u00e1 un car\u00e1cter especial, ya que hace justamente 100 a\u00f1os se cre\u00f3 el Ej\u00e9rcito Rojo. En el parque recreativo de tem\u00e1tica militar Patriot, cerca de Mosc\u00fa, se [&hellip;]<\/p>\n","protected":false},"author":1,"featured_media":969842,"comment_status":"closed","ping_status":"closed","sticky":false,"template":"","format":"standard","meta":{"footnotes":""},"categories":[1],"tags":[],"class_list":["post-969841","post","type-post","status-publish","format-standard","has-post-thumbnail","hentry","category-actualidad"],"aioseo_notices":[],"aioseo_head":"\n\t\t<!-- All in One SEO Pro 5.0.1 - aioseo.com -->\n\t<meta name=\"description\" content=\"Mosc\u00fa, 21 feb (dpa) - Rusia celebra cada 23 de febrero en el D\u00eda del Defensor de la Patria a sus fuerzas armadas, pero este a\u00f1o el aniversario tendr\u00e1 un car\u00e1cter especial, ya que hace justamente 100 a\u00f1os se cre\u00f3 el Ej\u00e9rcito Rojo. En el parque recreativo de tem\u00e1tica militar Patriot, cerca de Mosc\u00fa, se\" \/>\n\t<meta name=\"robots\" content=\"max-image-preview:large\" \/>\n\t<meta name=\"author\" content=\"El Digital de Asturias\"\/>\n\t<meta name=\"google-site-verification\" content=\"UA-38556648-1\" \/>\n\t<meta name=\"msvalidate.01\" content=\"7dfe9f3f1b24437ab69f4f2559babe99\" \/>\n\t<meta name=\"keywords\" content=\"actualidad\" \/>\n\t<link rel=\"canonical\" href=\"https:\/\/www.eldigitaldeasturias.com\/noticias\/el-ejercito-ruso-celebra-sus-100-anos-en-pleno-auge\/\" \/>\n\t<meta name=\"generator\" content=\"All in One SEO Pro (AIOSEO) 5.0.1\" \/>\n\t\t<meta property=\"og:locale\" content=\"es_ES\" \/>\n\t\t<meta property=\"og:site_name\" content=\"El Digital de Asturias\" \/>\n\t\t<meta property=\"og:type\" content=\"article\" \/>\n\t\t<meta property=\"og:title\" content=\"El Ej\u00e9rcito ruso celebra sus 100 a\u00f1os en pleno auge - El Digital de Asturias\" \/>\n\t\t<meta property=\"og:description\" content=\"Mosc\u00fa, 21 feb (dpa) - Rusia celebra cada 23 de febrero en el D\u00eda del Defensor de la Patria a sus fuerzas armadas, pero este a\u00f1o el aniversario tendr\u00e1 un car\u00e1cter especial, ya que hace justamente 100 a\u00f1os se cre\u00f3 el Ej\u00e9rcito Rojo. En el parque recreativo de tem\u00e1tica militar Patriot, cerca de Mosc\u00fa, se\" \/>\n\t\t<meta property=\"og:url\" content=\"https:\/\/www.eldigitaldeasturias.com\/noticias\/el-ejercito-ruso-celebra-sus-100-anos-en-pleno-auge\/\" \/>\n\t\t<meta property=\"article:tag\" content=\"actualidad\" \/>\n\t\t<meta property=\"article:published_time\" content=\"2018-02-21T23:40:54+00:00\" \/>\n\t\t<meta property=\"article:modified_time\" content=\"2018-02-21T23:40:54+00:00\" \/>\n\t\t<meta property=\"article:publisher\" content=\"https:\/\/facebook.com\/eldigitaldeasturias\" \/>\n\t\t<meta name=\"twitter:card\" content=\"summary_large_image\" \/>\n\t\t<meta name=\"twitter:title\" content=\"El Ej\u00e9rcito ruso celebra sus 100 a\u00f1os en pleno auge - El Digital de Asturias\" \/>\n\t\t<meta name=\"twitter:description\" content=\"Mosc\u00fa, 21 feb (dpa) - Rusia celebra cada 23 de febrero en el D\u00eda del Defensor de la Patria a sus fuerzas armadas, pero este a\u00f1o el aniversario tendr\u00e1 un car\u00e1cter especial, ya que hace justamente 100 a\u00f1os se cre\u00f3 el Ej\u00e9rcito Rojo. En el parque recreativo de tem\u00e1tica militar Patriot, cerca de Mosc\u00fa, se\" \/>\n\t\t<meta name=\"twitter:image\" content=\"https:\/\/www.eldigitaldeasturias.com\/noticias\/wp-content\/uploads\/2020\/12\/EDA-1.jpg\" \/>\n\t\t<meta name=\"twitter:label1\" content=\"Escrito por\" \/>\n\t\t<meta name=\"twitter:data1\" content=\"El Digital de Asturias\" \/>\n\t\t<meta name=\"twitter:label2\" content=\"Tiempo de lectura estimado\" \/>\n\t\t<meta name=\"twitter:data2\" content=\"4 minutos\" \/>\n\t\t<script type=\"application\/ld+json\" class=\"aioseo-schema\">\n\t\t\t{\"@context\":\"https:\\\/\\\/schema.org\",\"@graph\":[{\"@type\":\"BlogPosting\",\"@id\":\"https:\\\/\\\/www.eldigitaldeasturias.com\\\/noticias\\\/el-ejercito-ruso-celebra-sus-100-anos-en-pleno-auge\\\/#blogposting\",\"name\":\"El Ej\\u00e9rcito ruso celebra sus 100 a\\u00f1os en pleno auge - El Digital de Asturias\",\"headline\":\"El Ej\\u00e9rcito ruso celebra sus 100 a\\u00f1os en pleno auge\",\"author\":{\"@id\":\"https:\\\/\\\/www.eldigitaldeasturias.com\\\/noticias\\\/author\\\/admin\\\/#author\"},\"publisher\":{\"@id\":\"https:\\\/\\\/www.eldigitaldeasturias.com\\\/noticias\\\/#organization\"},\"image\":{\"@type\":\"ImageObject\",\"url\":969842},\"datePublished\":\"2018-02-21T23:40:54+01:00\",\"dateModified\":\"2018-02-21T23:40:54+01:00\",\"inLanguage\":\"es-ES\",\"mainEntityOfPage\":{\"@id\":\"https:\\\/\\\/www.eldigitaldeasturias.com\\\/noticias\\\/el-ejercito-ruso-celebra-sus-100-anos-en-pleno-auge\\\/#webpage\"},\"isPartOf\":{\"@id\":\"https:\\\/\\\/www.eldigitaldeasturias.com\\\/noticias\\\/el-ejercito-ruso-celebra-sus-100-anos-en-pleno-auge\\\/#webpage\"},\"articleSection\":\"Actualidad\"},{\"@type\":\"BreadcrumbList\",\"@id\":\"https:\\\/\\\/www.eldigitaldeasturias.com\\\/noticias\\\/el-ejercito-ruso-celebra-sus-100-anos-en-pleno-auge\\\/#breadcrumblist\",\"itemListElement\":[{\"@type\":\"ListItem\",\"@id\":\"https:\\\/\\\/www.eldigitaldeasturias.com\\\/noticias#listItem\",\"position\":1,\"name\":\"Home\",\"item\":\"https:\\\/\\\/www.eldigitaldeasturias.com\\\/noticias\",\"nextItem\":{\"@type\":\"ListItem\",\"@id\":\"https:\\\/\\\/www.eldigitaldeasturias.com\\\/noticias\\\/category\\\/actualidad\\\/#listItem\",\"name\":\"Actualidad\"}},{\"@type\":\"ListItem\",\"@id\":\"https:\\\/\\\/www.eldigitaldeasturias.com\\\/noticias\\\/category\\\/actualidad\\\/#listItem\",\"position\":2,\"name\":\"Actualidad\",\"item\":\"https:\\\/\\\/www.eldigitaldeasturias.com\\\/noticias\\\/category\\\/actualidad\\\/\",\"nextItem\":{\"@type\":\"ListItem\",\"@id\":\"https:\\\/\\\/www.eldigitaldeasturias.com\\\/noticias\\\/el-ejercito-ruso-celebra-sus-100-anos-en-pleno-auge\\\/#listItem\",\"name\":\"El Ej\\u00e9rcito ruso celebra sus 100 a\\u00f1os en pleno auge\"},\"previousItem\":{\"@type\":\"ListItem\",\"@id\":\"https:\\\/\\\/www.eldigitaldeasturias.com\\\/noticias#listItem\",\"name\":\"Home\"}},{\"@type\":\"ListItem\",\"@id\":\"https:\\\/\\\/www.eldigitaldeasturias.com\\\/noticias\\\/el-ejercito-ruso-celebra-sus-100-anos-en-pleno-auge\\\/#listItem\",\"position\":3,\"name\":\"El Ej\\u00e9rcito ruso celebra sus 100 a\\u00f1os en pleno auge\",\"previousItem\":{\"@type\":\"ListItem\",\"@id\":\"https:\\\/\\\/www.eldigitaldeasturias.com\\\/noticias\\\/category\\\/actualidad\\\/#listItem\",\"name\":\"Actualidad\"}}]},{\"@type\":\"Organization\",\"@id\":\"https:\\\/\\\/www.eldigitaldeasturias.com\\\/noticias\\\/#organization\",\"name\":\"El Digital de Asturias\",\"description\":\"Hemeroteca\",\"url\":\"https:\\\/\\\/www.eldigitaldeasturias.com\\\/noticias\\\/\",\"email\":\"info@eldigitaldeasturias.com\",\"telephone\":\"+34652131393\",\"logo\":{\"@type\":\"ImageObject\",\"url\":\"https:\\\/\\\/www.eldigitaldeasturias.com\\\/noticias\\\/wp-content\\\/uploads\\\/2020\\\/12\\\/EDA.jpg\",\"@id\":\"https:\\\/\\\/www.eldigitaldeasturias.com\\\/noticias\\\/el-ejercito-ruso-celebra-sus-100-anos-en-pleno-auge\\\/#organizationLogo\"},\"image\":{\"@id\":\"https:\\\/\\\/www.eldigitaldeasturias.com\\\/noticias\\\/el-ejercito-ruso-celebra-sus-100-anos-en-pleno-auge\\\/#organizationLogo\"},\"sameAs\":[\"https:\\\/\\\/facebook.com\\\/eldigitaldeasturias\",\"https:\\\/\\\/www.youtube.com\\\/channel\\\/UCZP-2wLEB9Rv6erhFmqVnvg\"],\"address\":{\"@id\":\"https:\\\/\\\/www.eldigitaldeasturias.com\\\/noticias\\\/#postaladdress\",\"@type\":\"PostalAddress\",\"streetAddress\":\"san antonio 4\",\"postalCode\":\"33430\",\"addressLocality\":\"Cand\\u00e1s\",\"addressRegion\":\"Asturias\",\"addressCountry\":\"ES\"}},{\"@type\":\"Person\",\"@id\":\"https:\\\/\\\/www.eldigitaldeasturias.com\\\/noticias\\\/author\\\/admin\\\/#author\",\"url\":\"https:\\\/\\\/www.eldigitaldeasturias.com\\\/noticias\\\/author\\\/admin\\\/\",\"name\":\"El Digital de Asturias\",\"image\":{\"@type\":\"ImageObject\",\"@id\":\"https:\\\/\\\/www.eldigitaldeasturias.com\\\/noticias\\\/el-ejercito-ruso-celebra-sus-100-anos-en-pleno-auge\\\/#authorImage\",\"url\":\"https:\\\/\\\/secure.gravatar.com\\\/avatar\\\/df2aeffc32bcd13f8d26072ef8a91b623d677766deac7f97ca815868cd41bf5e?s=96&d=mm&r=g\",\"width\":96,\"height\":96,\"caption\":\"El Digital de Asturias\"}},{\"@type\":\"WebPage\",\"@id\":\"https:\\\/\\\/www.eldigitaldeasturias.com\\\/noticias\\\/el-ejercito-ruso-celebra-sus-100-anos-en-pleno-auge\\\/#webpage\",\"url\":\"https:\\\/\\\/www.eldigitaldeasturias.com\\\/noticias\\\/el-ejercito-ruso-celebra-sus-100-anos-en-pleno-auge\\\/\",\"name\":\"El Ej\\u00e9rcito ruso celebra sus 100 a\\u00f1os en pleno auge - El Digital de Asturias\",\"description\":\"Mosc\\u00fa, 21 feb (dpa) - Rusia celebra cada 23 de febrero en el D\\u00eda del Defensor de la Patria a sus fuerzas armadas, pero este a\\u00f1o el aniversario tendr\\u00e1 un car\\u00e1cter especial, ya que hace justamente 100 a\\u00f1os se cre\\u00f3 el Ej\\u00e9rcito Rojo. En el parque recreativo de tem\\u00e1tica militar Patriot, cerca de Mosc\\u00fa, se\",\"inLanguage\":\"es-ES\",\"isPartOf\":{\"@id\":\"https:\\\/\\\/www.eldigitaldeasturias.com\\\/noticias\\\/#website\"},\"breadcrumb\":{\"@id\":\"https:\\\/\\\/www.eldigitaldeasturias.com\\\/noticias\\\/el-ejercito-ruso-celebra-sus-100-anos-en-pleno-auge\\\/#breadcrumblist\"},\"author\":{\"@id\":\"https:\\\/\\\/www.eldigitaldeasturias.com\\\/noticias\\\/author\\\/admin\\\/#author\"},\"creator\":{\"@id\":\"https:\\\/\\\/www.eldigitaldeasturias.com\\\/noticias\\\/author\\\/admin\\\/#author\"},\"image\":{\"@type\":\"ImageObject\",\"url\":969842,\"@id\":\"https:\\\/\\\/www.eldigitaldeasturias.com\\\/noticias\\\/el-ejercito-ruso-celebra-sus-100-anos-en-pleno-auge\\\/#mainImage\"},\"primaryImageOfPage\":{\"@id\":\"https:\\\/\\\/www.eldigitaldeasturias.com\\\/noticias\\\/el-ejercito-ruso-celebra-sus-100-anos-en-pleno-auge\\\/#mainImage\"},\"datePublished\":\"2018-02-21T23:40:54+01:00\",\"dateModified\":\"2018-02-21T23:40:54+01:00\"},{\"@type\":\"WebSite\",\"@id\":\"https:\\\/\\\/www.eldigitaldeasturias.com\\\/noticias\\\/#website\",\"url\":\"https:\\\/\\\/www.eldigitaldeasturias.com\\\/noticias\\\/\",\"name\":\"El Digital de Asturias - Diario de actualidad y noticias\",\"alternateName\":\"El Digital de Asturias - Diario de actualidad y noticias\",\"description\":\"Hemeroteca\",\"inLanguage\":\"es-ES\",\"publisher\":{\"@id\":\"https:\\\/\\\/www.eldigitaldeasturias.com\\\/noticias\\\/#organization\"}}]}\n\t\t<\/script>\n\t\t<!-- All in One SEO Pro -->\r\n\t\t<title>El Ej\u00e9rcito ruso celebra sus 100 a\u00f1os en pleno auge - El Digital de Asturias<\/title>\n\n","aioseo_head_json":{"title":"El Ej\u00e9rcito ruso celebra sus 100 a\u00f1os en pleno auge - El Digital de Asturias","description":"Mosc\u00fa, 21 feb (dpa) - Rusia celebra cada 23 de febrero en el D\u00eda del Defensor de la Patria a sus fuerzas armadas, pero este a\u00f1o el aniversario tendr\u00e1 un car\u00e1cter especial, ya que hace justamente 100 a\u00f1os se cre\u00f3 el Ej\u00e9rcito Rojo. En el parque recreativo de tem\u00e1tica militar Patriot, cerca de Mosc\u00fa, se","canonical_url":"https:\/\/www.eldigitaldeasturias.com\/noticias\/el-ejercito-ruso-celebra-sus-100-anos-en-pleno-auge\/","robots":"max-image-preview:large","keywords":"actualidad","webmasterTools":{"google-site-verification":"UA-38556648-1","msvalidate.01":"7dfe9f3f1b24437ab69f4f2559babe99","miscellaneous":""},"schema":{"@context":"https:\/\/schema.org","@graph":[{"@type":"BlogPosting","@id":"https:\/\/www.eldigitaldeasturias.com\/noticias\/el-ejercito-ruso-celebra-sus-100-anos-en-pleno-auge\/#blogposting","name":"El Ej\u00e9rcito ruso celebra sus 100 a\u00f1os en pleno auge - El Digital de Asturias","headline":"El Ej\u00e9rcito ruso celebra sus 100 a\u00f1os en pleno auge","author":{"@id":"https:\/\/www.eldigitaldeasturias.com\/noticias\/author\/admin\/#author"},"publisher":{"@id":"https:\/\/www.eldigitaldeasturias.com\/noticias\/#organization"},"image":{"@type":"ImageObject","url":969842},"datePublished":"2018-02-21T23:40:54+01:00","dateModified":"2018-02-21T23:40:54+01:00","inLanguage":"es-ES","mainEntityOfPage":{"@id":"https:\/\/www.eldigitaldeasturias.com\/noticias\/el-ejercito-ruso-celebra-sus-100-anos-en-pleno-auge\/#webpage"},"isPartOf":{"@id":"https:\/\/www.eldigitaldeasturias.com\/noticias\/el-ejercito-ruso-celebra-sus-100-anos-en-pleno-auge\/#webpage"},"articleSection":"Actualidad"},{"@type":"BreadcrumbList","@id":"https:\/\/www.eldigitaldeasturias.com\/noticias\/el-ejercito-ruso-celebra-sus-100-anos-en-pleno-auge\/#breadcrumblist","itemListElement":[{"@type":"ListItem","@id":"https:\/\/www.eldigitaldeasturias.com\/noticias#listItem","position":1,"name":"Home","item":"https:\/\/www.eldigitaldeasturias.com\/noticias","nextItem":{"@type":"ListItem","@id":"https:\/\/www.eldigitaldeasturias.com\/noticias\/category\/actualidad\/#listItem","name":"Actualidad"}},{"@type":"ListItem","@id":"https:\/\/www.eldigitaldeasturias.com\/noticias\/category\/actualidad\/#listItem","position":2,"name":"Actualidad","item":"https:\/\/www.eldigitaldeasturias.com\/noticias\/category\/actualidad\/","nextItem":{"@type":"ListItem","@id":"https:\/\/www.eldigitaldeasturias.com\/noticias\/el-ejercito-ruso-celebra-sus-100-anos-en-pleno-auge\/#listItem","name":"El Ej\u00e9rcito ruso celebra sus 100 a\u00f1os en pleno auge"},"previousItem":{"@type":"ListItem","@id":"https:\/\/www.eldigitaldeasturias.com\/noticias#listItem","name":"Home"}},{"@type":"ListItem","@id":"https:\/\/www.eldigitaldeasturias.com\/noticias\/el-ejercito-ruso-celebra-sus-100-anos-en-pleno-auge\/#listItem","position":3,"name":"El Ej\u00e9rcito ruso celebra sus 100 a\u00f1os en pleno auge","previousItem":{"@type":"ListItem","@id":"https:\/\/www.eldigitaldeasturias.com\/noticias\/category\/actualidad\/#listItem","name":"Actualidad"}}]},{"@type":"Organization","@id":"https:\/\/www.eldigitaldeasturias.com\/noticias\/#organization","name":"El Digital de Asturias","description":"Hemeroteca","url":"https:\/\/www.eldigitaldeasturias.com\/noticias\/","email":"info@eldigitaldeasturias.com","telephone":"+34652131393","logo":{"@type":"ImageObject","url":"https:\/\/www.eldigitaldeasturias.com\/noticias\/wp-content\/uploads\/2020\/12\/EDA.jpg","@id":"https:\/\/www.eldigitaldeasturias.com\/noticias\/el-ejercito-ruso-celebra-sus-100-anos-en-pleno-auge\/#organizationLogo"},"image":{"@id":"https:\/\/www.eldigitaldeasturias.com\/noticias\/el-ejercito-ruso-celebra-sus-100-anos-en-pleno-auge\/#organizationLogo"},"sameAs":["https:\/\/facebook.com\/eldigitaldeasturias","https:\/\/www.youtube.com\/channel\/UCZP-2wLEB9Rv6erhFmqVnvg"],"address":{"@id":"https:\/\/www.eldigitaldeasturias.com\/noticias\/#postaladdress","@type":"PostalAddress","streetAddress":"san antonio 4","postalCode":"33430","addressLocality":"Cand\u00e1s","addressRegion":"Asturias","addressCountry":"ES"}},{"@type":"Person","@id":"https:\/\/www.eldigitaldeasturias.com\/noticias\/author\/admin\/#author","url":"https:\/\/www.eldigitaldeasturias.com\/noticias\/author\/admin\/","name":"El Digital de Asturias","image":{"@type":"ImageObject","@id":"https:\/\/www.eldigitaldeasturias.com\/noticias\/el-ejercito-ruso-celebra-sus-100-anos-en-pleno-auge\/#authorImage","url":"https:\/\/secure.gravatar.com\/avatar\/df2aeffc32bcd13f8d26072ef8a91b623d677766deac7f97ca815868cd41bf5e?s=96&d=mm&r=g","width":96,"height":96,"caption":"El Digital de Asturias"}},{"@type":"WebPage","@id":"https:\/\/www.eldigitaldeasturias.com\/noticias\/el-ejercito-ruso-celebra-sus-100-anos-en-pleno-auge\/#webpage","url":"https:\/\/www.eldigitaldeasturias.com\/noticias\/el-ejercito-ruso-celebra-sus-100-anos-en-pleno-auge\/","name":"El Ej\u00e9rcito ruso celebra sus 100 a\u00f1os en pleno auge - El Digital de Asturias","description":"Mosc\u00fa, 21 feb (dpa) - Rusia celebra cada 23 de febrero en el D\u00eda del Defensor de la Patria a sus fuerzas armadas, pero este a\u00f1o el aniversario tendr\u00e1 un car\u00e1cter especial, ya que hace justamente 100 a\u00f1os se cre\u00f3 el Ej\u00e9rcito Rojo. En el parque recreativo de tem\u00e1tica militar Patriot, cerca de Mosc\u00fa, se","inLanguage":"es-ES","isPartOf":{"@id":"https:\/\/www.eldigitaldeasturias.com\/noticias\/#website"},"breadcrumb":{"@id":"https:\/\/www.eldigitaldeasturias.com\/noticias\/el-ejercito-ruso-celebra-sus-100-anos-en-pleno-auge\/#breadcrumblist"},"author":{"@id":"https:\/\/www.eldigitaldeasturias.com\/noticias\/author\/admin\/#author"},"creator":{"@id":"https:\/\/www.eldigitaldeasturias.com\/noticias\/author\/admin\/#author"},"image":{"@type":"ImageObject","url":969842,"@id":"https:\/\/www.eldigitaldeasturias.com\/noticias\/el-ejercito-ruso-celebra-sus-100-anos-en-pleno-auge\/#mainImage"},"primaryImageOfPage":{"@id":"https:\/\/www.eldigitaldeasturias.com\/noticias\/el-ejercito-ruso-celebra-sus-100-anos-en-pleno-auge\/#mainImage"},"datePublished":"2018-02-21T23:40:54+01:00","dateModified":"2018-02-21T23:40:54+01:00"},{"@type":"WebSite","@id":"https:\/\/www.eldigitaldeasturias.com\/noticias\/#website","url":"https:\/\/www.eldigitaldeasturias.com\/noticias\/","name":"El Digital de Asturias - Diario de actualidad y noticias","alternateName":"El Digital de Asturias - Diario de actualidad y noticias","description":"Hemeroteca","inLanguage":"es-ES","publisher":{"@id":"https:\/\/www.eldigitaldeasturias.com\/noticias\/#organization"}}]},"og:locale":"es_ES","og:site_name":"El Digital de Asturias","og:type":"article","og:title":"El Ej\u00e9rcito ruso celebra sus 100 a\u00f1os en pleno auge - El Digital de Asturias","og:description":"Mosc\u00fa, 21 feb (dpa) - Rusia celebra cada 23 de febrero en el D\u00eda del Defensor de la Patria a sus fuerzas armadas, pero este a\u00f1o el aniversario tendr\u00e1 un car\u00e1cter especial, ya que hace justamente 100 a\u00f1os se cre\u00f3 el Ej\u00e9rcito Rojo. En el parque recreativo de tem\u00e1tica militar Patriot, cerca de Mosc\u00fa, se","og:url":"https:\/\/www.eldigitaldeasturias.com\/noticias\/el-ejercito-ruso-celebra-sus-100-anos-en-pleno-auge\/","article:tag":["actualidad"],"article:published_time":"2018-02-21T23:40:54+00:00","article:modified_time":"2018-02-21T23:40:54+00:00","article:publisher":"https:\/\/facebook.com\/eldigitaldeasturias","twitter:card":"summary_large_image","twitter:title":"El Ej\u00e9rcito ruso celebra sus 100 a\u00f1os en pleno auge - El Digital de Asturias","twitter:description":"Mosc\u00fa, 21 feb (dpa) - Rusia celebra cada 23 de febrero en el D\u00eda del Defensor de la Patria a sus fuerzas armadas, pero este a\u00f1o el aniversario tendr\u00e1 un car\u00e1cter especial, ya que hace justamente 100 a\u00f1os se cre\u00f3 el Ej\u00e9rcito Rojo. En el parque recreativo de tem\u00e1tica militar Patriot, cerca de Mosc\u00fa, se","twitter:image":"https:\/\/www.eldigitaldeasturias.com\/noticias\/wp-content\/uploads\/2020\/12\/EDA-1.jpg","twitter:label1":"Escrito por","twitter:data1":"El Digital de Asturias","twitter:label2":"Tiempo de lectura estimado","twitter:data2":"4 minutos"},"aioseo_meta_data":{"post_id":"969841","title":null,"description":null,"keywords":null,"keyphrases":null,"primary_term":null,"canonical_url":null,"og_title":null,"og_description":null,"og_object_type":"default","og_image_type":"default","og_image_url":null,"og_image_width":null,"og_image_height":null,"og_image_custom_url":null,"og_image_custom_fields":null,"og_video":null,"og_custom_url":null,"og_article_section":null,"og_article_tags":null,"twitter_use_og":false,"twitter_card":"default","twitter_image_type":"default","twitter_image_url":null,"twitter_image_custom_url":null,"twitter_image_custom_fields":null,"twitter_title":null,"twitter_description":null,"schema":{"blockGraphs":[],"customGraphs":[],"default":{"data":{"Article":[],"Course":[],"Dataset":[],"FAQPage":[],"Movie":[],"Person":[],"Product":[],"ProductReview":[],"Car":[],"Recipe":[],"Service":[],"SoftwareApplication":[],"WebPage":[]},"graphName":"","isEnabled":true},"graphs":[],"defaultGraph":"","defaultPostTypeGraph":""},"schema_type":null,"schema_type_options":null,"pillar_content":false,"robots_default":true,"robots_noindex":false,"robots_noarchive":false,"robots_nosnippet":false,"robots_nofollow":false,"robots_noimageindex":false,"robots_noodp":false,"robots_notranslate":false,"robots_max_snippet":null,"robots_max_videopreview":null,"robots_max_imagepreview":"large","priority":null,"frequency":null,"local_seo":null,"seo_analyzer_scan_date":"2025-10-07 03:32:09","breadcrumb_settings":null,"limit_modified_date":false,"open_ai":null,"ai":null,"created":"2020-12-21 12:26:37","updated":"2025-10-07 03:32:09","focus_keyword":null,"additional_keywords":null,"truseo_locale":null},"aioseo_breadcrumb":"<div class=\"aioseo-breadcrumbs\"><span class=\"aioseo-breadcrumb\">\n\t<a href=\"https:\/\/www.eldigitaldeasturias.com\/noticias\" title=\"Home\">Home<\/a>\n<\/span><span class=\"aioseo-breadcrumb-separator\">\u2013<\/span><span class=\"aioseo-breadcrumb\">\n\t<a href=\"https:\/\/www.eldigitaldeasturias.com\/noticias\/category\/actualidad\/\" title=\"Actualidad\">Actualidad<\/a>\n<\/span><span class=\"aioseo-breadcrumb-separator\">\u2013<\/span><span class=\"aioseo-breadcrumb\">\n\t<a href=\"https:\/\/www.eldigitaldeasturias.com\/noticias\/el-ejercito-ruso-celebra-sus-100-anos-en-pleno-auge\/\" title=\"El Ej\u00e9rcito ruso celebra sus 100 a\u00f1os en pleno auge\">El Ej\u00e9rcito ruso celebra sus 100 a\u00f1os en pleno auge<\/a>\n<\/span><\/div>","aioseo_breadcrumb_json":[{"label":"Home","link":"https:\/\/www.eldigitaldeasturias.com\/noticias"},{"label":"Actualidad","link":"https:\/\/www.eldigitaldeasturias.com\/noticias\/category\/actualidad\/"},{"label":"El Ej\u00e9rcito ruso celebra sus 100 a\u00f1os en pleno auge","link":"https:\/\/www.eldigitaldeasturias.com\/noticias\/el-ejercito-ruso-celebra-sus-100-anos-en-pleno-auge\/"}],"_links":{"self":[{"href":"https:\/\/www.eldigitaldeasturias.com\/noticias\/wp-json\/wp\/v2\/posts\/969841","targetHints":{"allow":["GET"]}}],"collection":[{"href":"https:\/\/www.eldigitaldeasturias.com\/noticias\/wp-json\/wp\/v2\/posts"}],"about":[{"href":"https:\/\/www.eldigitaldeasturias.com\/noticias\/wp-json\/wp\/v2\/types\/post"}],"author":[{"embeddable":true,"href":"https:\/\/www.eldigitaldeasturias.com\/noticias\/wp-json\/wp\/v2\/users\/1"}],"replies":[{"embeddable":true,"href":"https:\/\/www.eldigitaldeasturias.com\/noticias\/wp-json\/wp\/v2\/comments?post=969841"}],"version-history":[{"count":0,"href":"https:\/\/www.eldigitaldeasturias.com\/noticias\/wp-json\/wp\/v2\/posts\/969841\/revisions"}],"wp:attachment":[{"href":"https:\/\/www.eldigitaldeasturias.com\/noticias\/wp-json\/wp\/v2\/media?parent=969841"}],"wp:term":[{"taxonomy":"category","embeddable":true,"href":"https:\/\/www.eldigitaldeasturias.com\/noticias\/wp-json\/wp\/v2\/categories?post=969841"},{"taxonomy":"post_tag","embeddable":true,"href":"https:\/\/www.eldigitaldeasturias.com\/noticias\/wp-json\/wp\/v2\/tags?post=969841"}],"curies":[{"name":"wp","href":"https:\/\/api.w.org\/{rel}","templated":true}]}}