{"id":969757,"date":"2018-02-21T12:30:29","date_gmt":"2018-02-21T12:30:29","guid":{"rendered":"http:\/\/www.eldigitaldeasturias.com\/noticias\/?p=969757"},"modified":"2018-02-21T12:30:29","modified_gmt":"2018-02-21T12:30:29","slug":"filmoteca-espanola-lanza-educafilmoteca-con-la-colaboracion-de-aulafilm","status":"publish","type":"post","link":"https:\/\/www.eldigitaldeasturias.com\/noticias\/filmoteca-espanola-lanza-educafilmoteca-con-la-colaboracion-de-aulafilm\/","title":{"rendered":"Filmoteca Espa\u00f1ola lanza EducaFilmoteca con la colaboraci\u00f3n de Aulafilm"},"content":{"rendered":"<p><img loading=\"lazy\" decoding=\"async\" class=\"alignleft size-medium wp-image-969758\" src=\"https:\/\/www.eldigitaldeasturias.com\/noticias\/wp-content\/uploads\/2018\/02\/210218EducaFilmoteca_I-360x239.jpg\" alt=\"\" width=\"360\" height=\"239\" \/>Filmoteca Espa\u00f1ola impulsa, en colaboraci\u00f3n con Aulafilm, la iniciativa EducaFilmoteca, que busca acercar el cine a los j\u00f3venes a trav\u00e9s de distintas actividades de difusi\u00f3n y divulgaci\u00f3n cinematogr\u00e1fica dirigidas a la comunidad educativa.<\/p>\n<p>La nueva propuesta arranca en marzo con un programa de cine espa\u00f1ol en sesiones matinales gratuitas que tendr\u00e1n lugar los jueves en el Cine Dor\u00e9.<\/p>\n<p><strong>Los jueves al cine Dor\u00e9<\/strong><\/p>\n<p>Hasta el mes de junio los centros educativos podr\u00e1n disfrutar de una programaci\u00f3n especialmente ideada para j\u00f3venes entre 12 y 18 a\u00f1os (etapas de secundaria y bachillerato), con t\u00edtulos muy diversos seleccionados por su especial relevancia cinematogr\u00e1fica e inter\u00e9s cultural, como Un perro andaluz (Luis Bu\u00f1uel, 1929), Barrio (Fernando Le\u00f3n, 1998), El bosque animado (Jos\u00e9 Luis Cuerda, 1987), Blancanieves (Pablo Berger, 2012) o Verano 1993 (Carla Sim\u00f3n, 2017), entre otros.<\/p>\n<p>Mediante esta iniciativa, la Filmoteca Espa\u00f1ola abre sus puertas a docentes y alumnos para fomentar entre los j\u00f3venes la apreciaci\u00f3n de nuestro patrimonio cinematogr\u00e1fico a trav\u00e9s de un recorrido por distintos lenguajes y g\u00e9neros.<\/p>\n<p>Las pel\u00edculas se acompa\u00f1ar\u00e1n siempre de recursos educativos que facilitan el an\u00e1lisis y la comprensi\u00f3n de las pel\u00edculas, elaborados por el equipo de especialistas en cine y educaci\u00f3n de Aulafilm.<\/p>\n<p>Las sesiones comenzar\u00e1n con una breve presentaci\u00f3n y podr\u00e1n contar con la presencia de cineastas y otros invitados para fomentar el di\u00e1logo y la reflexi\u00f3n entre el alumnado tras la proyecci\u00f3n.<\/p>\n<p>Los centros educativos que est\u00e9n interesados en asistir pueden consultar el programa y las sesiones disponibles y realizar su reserva a trav\u00e9s de la p\u00e1gina web de Aulafilm (aulafilm.com\/educafilmoteca) y en la direcci\u00f3n educafilmoteca@aulafilm.com<\/p>\n<p>La Filmoteca Espa\u00f1ola es un organismo p\u00fablico fundado en 1953 encargado de la preservaci\u00f3n del patrimonio cinematogr\u00e1fico espa\u00f1ol. Es una Subdirecci\u00f3n General del Instituto de la Cinematograf\u00eda y de las Artes Audiovisuales que tiene como misi\u00f3n recuperar, investigar y conservar el patrimonio cinematogr\u00e1fico y promover su conocimiento.<\/p>\n<p>Aulafilm es un proyecto educativo que despierta en los j\u00f3venes la capacidad de interpretar de forma cr\u00edtica el lenguaje audiovisual y fomenta la apreciaci\u00f3n del arte cinematogr\u00e1fico en toda su riqueza y diversidad. A trav\u00e9s de una plataforma digital, Aulafilm proporciona a los centros educativos un punto de acceso legal a un centenar de pel\u00edculas que pueden verse online en el aula y en salas de cine, acompa\u00f1adas de recursos pedag\u00f3gicos asociados.<\/p>\n<p>Aulafilm est\u00e1 impulsado por la agencia de gesti\u00f3n cultural Las Espigadoras y cuenta con el apoyo del Ministerio de Educaci\u00f3n Cultura y Deporte, Screenly, Auren, FECE, Academia de Cine, Filmin y EGEDA.<\/p>\n","protected":false},"excerpt":{"rendered":"<p>Filmoteca Espa\u00f1ola impulsa, en colaboraci\u00f3n con Aulafilm, la iniciativa EducaFilmoteca, que busca acercar el cine a los j\u00f3venes a trav\u00e9s de distintas actividades de difusi\u00f3n y divulgaci\u00f3n cinematogr\u00e1fica dirigidas a la comunidad educativa. La nueva propuesta arranca en marzo con un programa de cine espa\u00f1ol en sesiones matinales gratuitas que tendr\u00e1n lugar los jueves en [&hellip;]<\/p>\n","protected":false},"author":1,"featured_media":969758,"comment_status":"closed","ping_status":"closed","sticky":false,"template":"","format":"standard","meta":{"footnotes":""},"categories":[1],"tags":[],"class_list":["post-969757","post","type-post","status-publish","format-standard","has-post-thumbnail","hentry","category-actualidad"],"aioseo_notices":[],"aioseo_head":"\n\t\t<!-- All in One SEO Pro 5.0.1 - aioseo.com -->\n\t<meta name=\"description\" content=\"Filmoteca Espa\u00f1ola impulsa, en colaboraci\u00f3n con Aulafilm, la iniciativa EducaFilmoteca, que busca acercar el cine a los j\u00f3venes a trav\u00e9s de distintas actividades de difusi\u00f3n y divulgaci\u00f3n cinematogr\u00e1fica dirigidas a la comunidad educativa. La nueva propuesta arranca en marzo con un programa de cine espa\u00f1ol en sesiones matinales gratuitas que tendr\u00e1n lugar los jueves en\" \/>\n\t<meta name=\"robots\" content=\"max-image-preview:large\" \/>\n\t<meta name=\"author\" content=\"El Digital de Asturias\"\/>\n\t<meta name=\"google-site-verification\" content=\"UA-38556648-1\" \/>\n\t<meta name=\"msvalidate.01\" content=\"7dfe9f3f1b24437ab69f4f2559babe99\" \/>\n\t<meta name=\"keywords\" content=\"actualidad\" \/>\n\t<link rel=\"canonical\" href=\"https:\/\/www.eldigitaldeasturias.com\/noticias\/filmoteca-espanola-lanza-educafilmoteca-con-la-colaboracion-de-aulafilm\/\" \/>\n\t<meta name=\"generator\" content=\"All in One SEO Pro (AIOSEO) 5.0.1\" \/>\n\t\t<meta property=\"og:locale\" content=\"es_ES\" \/>\n\t\t<meta property=\"og:site_name\" content=\"El Digital de Asturias\" \/>\n\t\t<meta property=\"og:type\" content=\"article\" \/>\n\t\t<meta property=\"og:title\" content=\"Filmoteca Espa\u00f1ola lanza EducaFilmoteca con la colaboraci\u00f3n de Aulafilm - El Digital de Asturias\" \/>\n\t\t<meta property=\"og:description\" content=\"Filmoteca Espa\u00f1ola impulsa, en colaboraci\u00f3n con Aulafilm, la iniciativa EducaFilmoteca, que busca acercar el cine a los j\u00f3venes a trav\u00e9s de distintas actividades de difusi\u00f3n y divulgaci\u00f3n cinematogr\u00e1fica dirigidas a la comunidad educativa. La nueva propuesta arranca en marzo con un programa de cine espa\u00f1ol en sesiones matinales gratuitas que tendr\u00e1n lugar los jueves en\" \/>\n\t\t<meta property=\"og:url\" content=\"https:\/\/www.eldigitaldeasturias.com\/noticias\/filmoteca-espanola-lanza-educafilmoteca-con-la-colaboracion-de-aulafilm\/\" \/>\n\t\t<meta property=\"article:tag\" content=\"actualidad\" \/>\n\t\t<meta property=\"article:published_time\" content=\"2018-02-21T12:30:29+00:00\" \/>\n\t\t<meta property=\"article:modified_time\" content=\"2018-02-21T12:30:29+00:00\" \/>\n\t\t<meta property=\"article:publisher\" content=\"https:\/\/facebook.com\/eldigitaldeasturias\" \/>\n\t\t<meta name=\"twitter:card\" content=\"summary_large_image\" \/>\n\t\t<meta name=\"twitter:title\" content=\"Filmoteca Espa\u00f1ola lanza EducaFilmoteca con la colaboraci\u00f3n de Aulafilm - El Digital de Asturias\" \/>\n\t\t<meta name=\"twitter:description\" content=\"Filmoteca Espa\u00f1ola impulsa, en colaboraci\u00f3n con Aulafilm, la iniciativa EducaFilmoteca, que busca acercar el cine a los j\u00f3venes a trav\u00e9s de distintas actividades de difusi\u00f3n y divulgaci\u00f3n cinematogr\u00e1fica dirigidas a la comunidad educativa. La nueva propuesta arranca en marzo con un programa de cine espa\u00f1ol en sesiones matinales gratuitas que tendr\u00e1n lugar los jueves en\" \/>\n\t\t<meta name=\"twitter:image\" content=\"https:\/\/www.eldigitaldeasturias.com\/noticias\/wp-content\/uploads\/2020\/12\/EDA-1.jpg\" \/>\n\t\t<meta name=\"twitter:label1\" content=\"Escrito por\" \/>\n\t\t<meta name=\"twitter:data1\" content=\"El Digital de Asturias\" \/>\n\t\t<meta name=\"twitter:label2\" content=\"Tiempo de lectura estimado\" \/>\n\t\t<meta name=\"twitter:data2\" content=\"2 minutos\" \/>\n\t\t<script type=\"application\/ld+json\" class=\"aioseo-schema\">\n\t\t\t{\"@context\":\"https:\\\/\\\/schema.org\",\"@graph\":[{\"@type\":\"BlogPosting\",\"@id\":\"https:\\\/\\\/www.eldigitaldeasturias.com\\\/noticias\\\/filmoteca-espanola-lanza-educafilmoteca-con-la-colaboracion-de-aulafilm\\\/#blogposting\",\"name\":\"Filmoteca Espa\\u00f1ola lanza EducaFilmoteca con la colaboraci\\u00f3n de Aulafilm - El Digital de Asturias\",\"headline\":\"Filmoteca Espa\\u00f1ola lanza EducaFilmoteca con la colaboraci\\u00f3n de Aulafilm\",\"author\":{\"@id\":\"https:\\\/\\\/www.eldigitaldeasturias.com\\\/noticias\\\/author\\\/admin\\\/#author\"},\"publisher\":{\"@id\":\"https:\\\/\\\/www.eldigitaldeasturias.com\\\/noticias\\\/#organization\"},\"image\":{\"@type\":\"ImageObject\",\"url\":969758},\"datePublished\":\"2018-02-21T12:30:29+01:00\",\"dateModified\":\"2018-02-21T12:30:29+01:00\",\"inLanguage\":\"es-ES\",\"mainEntityOfPage\":{\"@id\":\"https:\\\/\\\/www.eldigitaldeasturias.com\\\/noticias\\\/filmoteca-espanola-lanza-educafilmoteca-con-la-colaboracion-de-aulafilm\\\/#webpage\"},\"isPartOf\":{\"@id\":\"https:\\\/\\\/www.eldigitaldeasturias.com\\\/noticias\\\/filmoteca-espanola-lanza-educafilmoteca-con-la-colaboracion-de-aulafilm\\\/#webpage\"},\"articleSection\":\"Actualidad\"},{\"@type\":\"BreadcrumbList\",\"@id\":\"https:\\\/\\\/www.eldigitaldeasturias.com\\\/noticias\\\/filmoteca-espanola-lanza-educafilmoteca-con-la-colaboracion-de-aulafilm\\\/#breadcrumblist\",\"itemListElement\":[{\"@type\":\"ListItem\",\"@id\":\"https:\\\/\\\/www.eldigitaldeasturias.com\\\/noticias#listItem\",\"position\":1,\"name\":\"Home\",\"item\":\"https:\\\/\\\/www.eldigitaldeasturias.com\\\/noticias\",\"nextItem\":{\"@type\":\"ListItem\",\"@id\":\"https:\\\/\\\/www.eldigitaldeasturias.com\\\/noticias\\\/category\\\/actualidad\\\/#listItem\",\"name\":\"Actualidad\"}},{\"@type\":\"ListItem\",\"@id\":\"https:\\\/\\\/www.eldigitaldeasturias.com\\\/noticias\\\/category\\\/actualidad\\\/#listItem\",\"position\":2,\"name\":\"Actualidad\",\"item\":\"https:\\\/\\\/www.eldigitaldeasturias.com\\\/noticias\\\/category\\\/actualidad\\\/\",\"nextItem\":{\"@type\":\"ListItem\",\"@id\":\"https:\\\/\\\/www.eldigitaldeasturias.com\\\/noticias\\\/filmoteca-espanola-lanza-educafilmoteca-con-la-colaboracion-de-aulafilm\\\/#listItem\",\"name\":\"Filmoteca Espa\\u00f1ola lanza EducaFilmoteca con la colaboraci\\u00f3n de Aulafilm\"},\"previousItem\":{\"@type\":\"ListItem\",\"@id\":\"https:\\\/\\\/www.eldigitaldeasturias.com\\\/noticias#listItem\",\"name\":\"Home\"}},{\"@type\":\"ListItem\",\"@id\":\"https:\\\/\\\/www.eldigitaldeasturias.com\\\/noticias\\\/filmoteca-espanola-lanza-educafilmoteca-con-la-colaboracion-de-aulafilm\\\/#listItem\",\"position\":3,\"name\":\"Filmoteca Espa\\u00f1ola lanza EducaFilmoteca con la colaboraci\\u00f3n de Aulafilm\",\"previousItem\":{\"@type\":\"ListItem\",\"@id\":\"https:\\\/\\\/www.eldigitaldeasturias.com\\\/noticias\\\/category\\\/actualidad\\\/#listItem\",\"name\":\"Actualidad\"}}]},{\"@type\":\"Organization\",\"@id\":\"https:\\\/\\\/www.eldigitaldeasturias.com\\\/noticias\\\/#organization\",\"name\":\"El Digital de Asturias\",\"description\":\"Hemeroteca\",\"url\":\"https:\\\/\\\/www.eldigitaldeasturias.com\\\/noticias\\\/\",\"email\":\"info@eldigitaldeasturias.com\",\"telephone\":\"+34652131393\",\"logo\":{\"@type\":\"ImageObject\",\"url\":\"https:\\\/\\\/www.eldigitaldeasturias.com\\\/noticias\\\/wp-content\\\/uploads\\\/2020\\\/12\\\/EDA.jpg\",\"@id\":\"https:\\\/\\\/www.eldigitaldeasturias.com\\\/noticias\\\/filmoteca-espanola-lanza-educafilmoteca-con-la-colaboracion-de-aulafilm\\\/#organizationLogo\"},\"image\":{\"@id\":\"https:\\\/\\\/www.eldigitaldeasturias.com\\\/noticias\\\/filmoteca-espanola-lanza-educafilmoteca-con-la-colaboracion-de-aulafilm\\\/#organizationLogo\"},\"sameAs\":[\"https:\\\/\\\/facebook.com\\\/eldigitaldeasturias\",\"https:\\\/\\\/www.youtube.com\\\/channel\\\/UCZP-2wLEB9Rv6erhFmqVnvg\"],\"address\":{\"@id\":\"https:\\\/\\\/www.eldigitaldeasturias.com\\\/noticias\\\/#postaladdress\",\"@type\":\"PostalAddress\",\"streetAddress\":\"san antonio 4\",\"postalCode\":\"33430\",\"addressLocality\":\"Cand\\u00e1s\",\"addressRegion\":\"Asturias\",\"addressCountry\":\"ES\"}},{\"@type\":\"Person\",\"@id\":\"https:\\\/\\\/www.eldigitaldeasturias.com\\\/noticias\\\/author\\\/admin\\\/#author\",\"url\":\"https:\\\/\\\/www.eldigitaldeasturias.com\\\/noticias\\\/author\\\/admin\\\/\",\"name\":\"El Digital de Asturias\",\"image\":{\"@type\":\"ImageObject\",\"@id\":\"https:\\\/\\\/www.eldigitaldeasturias.com\\\/noticias\\\/filmoteca-espanola-lanza-educafilmoteca-con-la-colaboracion-de-aulafilm\\\/#authorImage\",\"url\":\"https:\\\/\\\/secure.gravatar.com\\\/avatar\\\/df2aeffc32bcd13f8d26072ef8a91b623d677766deac7f97ca815868cd41bf5e?s=96&d=mm&r=g\",\"width\":96,\"height\":96,\"caption\":\"El Digital de Asturias\"}},{\"@type\":\"WebPage\",\"@id\":\"https:\\\/\\\/www.eldigitaldeasturias.com\\\/noticias\\\/filmoteca-espanola-lanza-educafilmoteca-con-la-colaboracion-de-aulafilm\\\/#webpage\",\"url\":\"https:\\\/\\\/www.eldigitaldeasturias.com\\\/noticias\\\/filmoteca-espanola-lanza-educafilmoteca-con-la-colaboracion-de-aulafilm\\\/\",\"name\":\"Filmoteca Espa\\u00f1ola lanza EducaFilmoteca con la colaboraci\\u00f3n de Aulafilm - El Digital de Asturias\",\"description\":\"Filmoteca Espa\\u00f1ola impulsa, en colaboraci\\u00f3n con Aulafilm, la iniciativa EducaFilmoteca, que busca acercar el cine a los j\\u00f3venes a trav\\u00e9s de distintas actividades de difusi\\u00f3n y divulgaci\\u00f3n cinematogr\\u00e1fica dirigidas a la comunidad educativa. La nueva propuesta arranca en marzo con un programa de cine espa\\u00f1ol en sesiones matinales gratuitas que tendr\\u00e1n lugar los jueves en\",\"inLanguage\":\"es-ES\",\"isPartOf\":{\"@id\":\"https:\\\/\\\/www.eldigitaldeasturias.com\\\/noticias\\\/#website\"},\"breadcrumb\":{\"@id\":\"https:\\\/\\\/www.eldigitaldeasturias.com\\\/noticias\\\/filmoteca-espanola-lanza-educafilmoteca-con-la-colaboracion-de-aulafilm\\\/#breadcrumblist\"},\"author\":{\"@id\":\"https:\\\/\\\/www.eldigitaldeasturias.com\\\/noticias\\\/author\\\/admin\\\/#author\"},\"creator\":{\"@id\":\"https:\\\/\\\/www.eldigitaldeasturias.com\\\/noticias\\\/author\\\/admin\\\/#author\"},\"image\":{\"@type\":\"ImageObject\",\"url\":969758,\"@id\":\"https:\\\/\\\/www.eldigitaldeasturias.com\\\/noticias\\\/filmoteca-espanola-lanza-educafilmoteca-con-la-colaboracion-de-aulafilm\\\/#mainImage\"},\"primaryImageOfPage\":{\"@id\":\"https:\\\/\\\/www.eldigitaldeasturias.com\\\/noticias\\\/filmoteca-espanola-lanza-educafilmoteca-con-la-colaboracion-de-aulafilm\\\/#mainImage\"},\"datePublished\":\"2018-02-21T12:30:29+01:00\",\"dateModified\":\"2018-02-21T12:30:29+01:00\"},{\"@type\":\"WebSite\",\"@id\":\"https:\\\/\\\/www.eldigitaldeasturias.com\\\/noticias\\\/#website\",\"url\":\"https:\\\/\\\/www.eldigitaldeasturias.com\\\/noticias\\\/\",\"name\":\"El Digital de Asturias - Diario de actualidad y noticias\",\"alternateName\":\"El Digital de Asturias - Diario de actualidad y noticias\",\"description\":\"Hemeroteca\",\"inLanguage\":\"es-ES\",\"publisher\":{\"@id\":\"https:\\\/\\\/www.eldigitaldeasturias.com\\\/noticias\\\/#organization\"}}]}\n\t\t<\/script>\n\t\t<!-- All in One SEO Pro -->\r\n\t\t<title>Filmoteca Espa\u00f1ola lanza EducaFilmoteca con la colaboraci\u00f3n de Aulafilm - El Digital de Asturias<\/title>\n\n","aioseo_head_json":{"title":"Filmoteca Espa\u00f1ola lanza EducaFilmoteca con la colaboraci\u00f3n de Aulafilm - El Digital de Asturias","description":"Filmoteca Espa\u00f1ola impulsa, en colaboraci\u00f3n con Aulafilm, la iniciativa EducaFilmoteca, que busca acercar el cine a los j\u00f3venes a trav\u00e9s de distintas actividades de difusi\u00f3n y divulgaci\u00f3n cinematogr\u00e1fica dirigidas a la comunidad educativa. La nueva propuesta arranca en marzo con un programa de cine espa\u00f1ol en sesiones matinales gratuitas que tendr\u00e1n lugar los jueves en","canonical_url":"https:\/\/www.eldigitaldeasturias.com\/noticias\/filmoteca-espanola-lanza-educafilmoteca-con-la-colaboracion-de-aulafilm\/","robots":"max-image-preview:large","keywords":"actualidad","webmasterTools":{"google-site-verification":"UA-38556648-1","msvalidate.01":"7dfe9f3f1b24437ab69f4f2559babe99","miscellaneous":""},"schema":{"@context":"https:\/\/schema.org","@graph":[{"@type":"BlogPosting","@id":"https:\/\/www.eldigitaldeasturias.com\/noticias\/filmoteca-espanola-lanza-educafilmoteca-con-la-colaboracion-de-aulafilm\/#blogposting","name":"Filmoteca Espa\u00f1ola lanza EducaFilmoteca con la colaboraci\u00f3n de Aulafilm - El Digital de Asturias","headline":"Filmoteca Espa\u00f1ola lanza EducaFilmoteca con la colaboraci\u00f3n de Aulafilm","author":{"@id":"https:\/\/www.eldigitaldeasturias.com\/noticias\/author\/admin\/#author"},"publisher":{"@id":"https:\/\/www.eldigitaldeasturias.com\/noticias\/#organization"},"image":{"@type":"ImageObject","url":969758},"datePublished":"2018-02-21T12:30:29+01:00","dateModified":"2018-02-21T12:30:29+01:00","inLanguage":"es-ES","mainEntityOfPage":{"@id":"https:\/\/www.eldigitaldeasturias.com\/noticias\/filmoteca-espanola-lanza-educafilmoteca-con-la-colaboracion-de-aulafilm\/#webpage"},"isPartOf":{"@id":"https:\/\/www.eldigitaldeasturias.com\/noticias\/filmoteca-espanola-lanza-educafilmoteca-con-la-colaboracion-de-aulafilm\/#webpage"},"articleSection":"Actualidad"},{"@type":"BreadcrumbList","@id":"https:\/\/www.eldigitaldeasturias.com\/noticias\/filmoteca-espanola-lanza-educafilmoteca-con-la-colaboracion-de-aulafilm\/#breadcrumblist","itemListElement":[{"@type":"ListItem","@id":"https:\/\/www.eldigitaldeasturias.com\/noticias#listItem","position":1,"name":"Home","item":"https:\/\/www.eldigitaldeasturias.com\/noticias","nextItem":{"@type":"ListItem","@id":"https:\/\/www.eldigitaldeasturias.com\/noticias\/category\/actualidad\/#listItem","name":"Actualidad"}},{"@type":"ListItem","@id":"https:\/\/www.eldigitaldeasturias.com\/noticias\/category\/actualidad\/#listItem","position":2,"name":"Actualidad","item":"https:\/\/www.eldigitaldeasturias.com\/noticias\/category\/actualidad\/","nextItem":{"@type":"ListItem","@id":"https:\/\/www.eldigitaldeasturias.com\/noticias\/filmoteca-espanola-lanza-educafilmoteca-con-la-colaboracion-de-aulafilm\/#listItem","name":"Filmoteca Espa\u00f1ola lanza EducaFilmoteca con la colaboraci\u00f3n de Aulafilm"},"previousItem":{"@type":"ListItem","@id":"https:\/\/www.eldigitaldeasturias.com\/noticias#listItem","name":"Home"}},{"@type":"ListItem","@id":"https:\/\/www.eldigitaldeasturias.com\/noticias\/filmoteca-espanola-lanza-educafilmoteca-con-la-colaboracion-de-aulafilm\/#listItem","position":3,"name":"Filmoteca Espa\u00f1ola lanza EducaFilmoteca con la colaboraci\u00f3n de Aulafilm","previousItem":{"@type":"ListItem","@id":"https:\/\/www.eldigitaldeasturias.com\/noticias\/category\/actualidad\/#listItem","name":"Actualidad"}}]},{"@type":"Organization","@id":"https:\/\/www.eldigitaldeasturias.com\/noticias\/#organization","name":"El Digital de Asturias","description":"Hemeroteca","url":"https:\/\/www.eldigitaldeasturias.com\/noticias\/","email":"info@eldigitaldeasturias.com","telephone":"+34652131393","logo":{"@type":"ImageObject","url":"https:\/\/www.eldigitaldeasturias.com\/noticias\/wp-content\/uploads\/2020\/12\/EDA.jpg","@id":"https:\/\/www.eldigitaldeasturias.com\/noticias\/filmoteca-espanola-lanza-educafilmoteca-con-la-colaboracion-de-aulafilm\/#organizationLogo"},"image":{"@id":"https:\/\/www.eldigitaldeasturias.com\/noticias\/filmoteca-espanola-lanza-educafilmoteca-con-la-colaboracion-de-aulafilm\/#organizationLogo"},"sameAs":["https:\/\/facebook.com\/eldigitaldeasturias","https:\/\/www.youtube.com\/channel\/UCZP-2wLEB9Rv6erhFmqVnvg"],"address":{"@id":"https:\/\/www.eldigitaldeasturias.com\/noticias\/#postaladdress","@type":"PostalAddress","streetAddress":"san antonio 4","postalCode":"33430","addressLocality":"Cand\u00e1s","addressRegion":"Asturias","addressCountry":"ES"}},{"@type":"Person","@id":"https:\/\/www.eldigitaldeasturias.com\/noticias\/author\/admin\/#author","url":"https:\/\/www.eldigitaldeasturias.com\/noticias\/author\/admin\/","name":"El Digital de Asturias","image":{"@type":"ImageObject","@id":"https:\/\/www.eldigitaldeasturias.com\/noticias\/filmoteca-espanola-lanza-educafilmoteca-con-la-colaboracion-de-aulafilm\/#authorImage","url":"https:\/\/secure.gravatar.com\/avatar\/df2aeffc32bcd13f8d26072ef8a91b623d677766deac7f97ca815868cd41bf5e?s=96&d=mm&r=g","width":96,"height":96,"caption":"El Digital de Asturias"}},{"@type":"WebPage","@id":"https:\/\/www.eldigitaldeasturias.com\/noticias\/filmoteca-espanola-lanza-educafilmoteca-con-la-colaboracion-de-aulafilm\/#webpage","url":"https:\/\/www.eldigitaldeasturias.com\/noticias\/filmoteca-espanola-lanza-educafilmoteca-con-la-colaboracion-de-aulafilm\/","name":"Filmoteca Espa\u00f1ola lanza EducaFilmoteca con la colaboraci\u00f3n de Aulafilm - El Digital de Asturias","description":"Filmoteca Espa\u00f1ola impulsa, en colaboraci\u00f3n con Aulafilm, la iniciativa EducaFilmoteca, que busca acercar el cine a los j\u00f3venes a trav\u00e9s de distintas actividades de difusi\u00f3n y divulgaci\u00f3n cinematogr\u00e1fica dirigidas a la comunidad educativa. La nueva propuesta arranca en marzo con un programa de cine espa\u00f1ol en sesiones matinales gratuitas que tendr\u00e1n lugar los jueves en","inLanguage":"es-ES","isPartOf":{"@id":"https:\/\/www.eldigitaldeasturias.com\/noticias\/#website"},"breadcrumb":{"@id":"https:\/\/www.eldigitaldeasturias.com\/noticias\/filmoteca-espanola-lanza-educafilmoteca-con-la-colaboracion-de-aulafilm\/#breadcrumblist"},"author":{"@id":"https:\/\/www.eldigitaldeasturias.com\/noticias\/author\/admin\/#author"},"creator":{"@id":"https:\/\/www.eldigitaldeasturias.com\/noticias\/author\/admin\/#author"},"image":{"@type":"ImageObject","url":969758,"@id":"https:\/\/www.eldigitaldeasturias.com\/noticias\/filmoteca-espanola-lanza-educafilmoteca-con-la-colaboracion-de-aulafilm\/#mainImage"},"primaryImageOfPage":{"@id":"https:\/\/www.eldigitaldeasturias.com\/noticias\/filmoteca-espanola-lanza-educafilmoteca-con-la-colaboracion-de-aulafilm\/#mainImage"},"datePublished":"2018-02-21T12:30:29+01:00","dateModified":"2018-02-21T12:30:29+01:00"},{"@type":"WebSite","@id":"https:\/\/www.eldigitaldeasturias.com\/noticias\/#website","url":"https:\/\/www.eldigitaldeasturias.com\/noticias\/","name":"El Digital de Asturias - Diario de actualidad y noticias","alternateName":"El Digital de Asturias - Diario de actualidad y noticias","description":"Hemeroteca","inLanguage":"es-ES","publisher":{"@id":"https:\/\/www.eldigitaldeasturias.com\/noticias\/#organization"}}]},"og:locale":"es_ES","og:site_name":"El Digital de Asturias","og:type":"article","og:title":"Filmoteca Espa\u00f1ola lanza EducaFilmoteca con la colaboraci\u00f3n de Aulafilm - El Digital de Asturias","og:description":"Filmoteca Espa\u00f1ola impulsa, en colaboraci\u00f3n con Aulafilm, la iniciativa EducaFilmoteca, que busca acercar el cine a los j\u00f3venes a trav\u00e9s de distintas actividades de difusi\u00f3n y divulgaci\u00f3n cinematogr\u00e1fica dirigidas a la comunidad educativa. La nueva propuesta arranca en marzo con un programa de cine espa\u00f1ol en sesiones matinales gratuitas que tendr\u00e1n lugar los jueves en","og:url":"https:\/\/www.eldigitaldeasturias.com\/noticias\/filmoteca-espanola-lanza-educafilmoteca-con-la-colaboracion-de-aulafilm\/","article:tag":["actualidad"],"article:published_time":"2018-02-21T12:30:29+00:00","article:modified_time":"2018-02-21T12:30:29+00:00","article:publisher":"https:\/\/facebook.com\/eldigitaldeasturias","twitter:card":"summary_large_image","twitter:title":"Filmoteca Espa\u00f1ola lanza EducaFilmoteca con la colaboraci\u00f3n de Aulafilm - El Digital de Asturias","twitter:description":"Filmoteca Espa\u00f1ola impulsa, en colaboraci\u00f3n con Aulafilm, la iniciativa EducaFilmoteca, que busca acercar el cine a los j\u00f3venes a trav\u00e9s de distintas actividades de difusi\u00f3n y divulgaci\u00f3n cinematogr\u00e1fica dirigidas a la comunidad educativa. La nueva propuesta arranca en marzo con un programa de cine espa\u00f1ol en sesiones matinales gratuitas que tendr\u00e1n lugar los jueves en","twitter:image":"https:\/\/www.eldigitaldeasturias.com\/noticias\/wp-content\/uploads\/2020\/12\/EDA-1.jpg","twitter:label1":"Escrito por","twitter:data1":"El Digital de Asturias","twitter:label2":"Tiempo de lectura estimado","twitter:data2":"2 minutos"},"aioseo_meta_data":{"post_id":"969757","title":null,"description":null,"keywords":null,"keyphrases":null,"primary_term":null,"canonical_url":null,"og_title":null,"og_description":null,"og_object_type":"default","og_image_type":"default","og_image_url":null,"og_image_width":null,"og_image_height":null,"og_image_custom_url":null,"og_image_custom_fields":null,"og_video":null,"og_custom_url":null,"og_article_section":null,"og_article_tags":null,"twitter_use_og":false,"twitter_card":"default","twitter_image_type":"default","twitter_image_url":null,"twitter_image_custom_url":null,"twitter_image_custom_fields":null,"twitter_title":null,"twitter_description":null,"schema":{"blockGraphs":[],"customGraphs":[],"default":{"data":{"Article":[],"Course":[],"Dataset":[],"FAQPage":[],"Movie":[],"Person":[],"Product":[],"ProductReview":[],"Car":[],"Recipe":[],"Service":[],"SoftwareApplication":[],"WebPage":[]},"graphName":"","isEnabled":true},"graphs":[],"defaultGraph":"","defaultPostTypeGraph":""},"schema_type":null,"schema_type_options":null,"pillar_content":false,"robots_default":true,"robots_noindex":false,"robots_noarchive":false,"robots_nosnippet":false,"robots_nofollow":false,"robots_noimageindex":false,"robots_noodp":false,"robots_notranslate":false,"robots_max_snippet":null,"robots_max_videopreview":null,"robots_max_imagepreview":"large","priority":null,"frequency":null,"local_seo":null,"seo_analyzer_scan_date":"2025-10-07 03:16:09","breadcrumb_settings":null,"limit_modified_date":false,"open_ai":null,"ai":null,"created":"2020-12-21 12:26:38","updated":"2025-10-07 03:16:09","focus_keyword":null,"additional_keywords":null,"truseo_locale":null},"aioseo_breadcrumb":"<div class=\"aioseo-breadcrumbs\"><span class=\"aioseo-breadcrumb\">\n\t<a href=\"https:\/\/www.eldigitaldeasturias.com\/noticias\" title=\"Home\">Home<\/a>\n<\/span><span class=\"aioseo-breadcrumb-separator\">\u2013<\/span><span class=\"aioseo-breadcrumb\">\n\t<a href=\"https:\/\/www.eldigitaldeasturias.com\/noticias\/category\/actualidad\/\" title=\"Actualidad\">Actualidad<\/a>\n<\/span><span class=\"aioseo-breadcrumb-separator\">\u2013<\/span><span class=\"aioseo-breadcrumb\">\n\t<a href=\"https:\/\/www.eldigitaldeasturias.com\/noticias\/filmoteca-espanola-lanza-educafilmoteca-con-la-colaboracion-de-aulafilm\/\" title=\"Filmoteca Espa\u00f1ola lanza EducaFilmoteca con la colaboraci\u00f3n de Aulafilm\">Filmoteca Espa\u00f1ola lanza EducaFilmoteca con la colaboraci\u00f3n de Aulafilm<\/a>\n<\/span><\/div>","aioseo_breadcrumb_json":[{"label":"Home","link":"https:\/\/www.eldigitaldeasturias.com\/noticias"},{"label":"Actualidad","link":"https:\/\/www.eldigitaldeasturias.com\/noticias\/category\/actualidad\/"},{"label":"Filmoteca Espa\u00f1ola lanza EducaFilmoteca con la colaboraci\u00f3n de Aulafilm","link":"https:\/\/www.eldigitaldeasturias.com\/noticias\/filmoteca-espanola-lanza-educafilmoteca-con-la-colaboracion-de-aulafilm\/"}],"_links":{"self":[{"href":"https:\/\/www.eldigitaldeasturias.com\/noticias\/wp-json\/wp\/v2\/posts\/969757","targetHints":{"allow":["GET"]}}],"collection":[{"href":"https:\/\/www.eldigitaldeasturias.com\/noticias\/wp-json\/wp\/v2\/posts"}],"about":[{"href":"https:\/\/www.eldigitaldeasturias.com\/noticias\/wp-json\/wp\/v2\/types\/post"}],"author":[{"embeddable":true,"href":"https:\/\/www.eldigitaldeasturias.com\/noticias\/wp-json\/wp\/v2\/users\/1"}],"replies":[{"embeddable":true,"href":"https:\/\/www.eldigitaldeasturias.com\/noticias\/wp-json\/wp\/v2\/comments?post=969757"}],"version-history":[{"count":0,"href":"https:\/\/www.eldigitaldeasturias.com\/noticias\/wp-json\/wp\/v2\/posts\/969757\/revisions"}],"wp:attachment":[{"href":"https:\/\/www.eldigitaldeasturias.com\/noticias\/wp-json\/wp\/v2\/media?parent=969757"}],"wp:term":[{"taxonomy":"category","embeddable":true,"href":"https:\/\/www.eldigitaldeasturias.com\/noticias\/wp-json\/wp\/v2\/categories?post=969757"},{"taxonomy":"post_tag","embeddable":true,"href":"https:\/\/www.eldigitaldeasturias.com\/noticias\/wp-json\/wp\/v2\/tags?post=969757"}],"curies":[{"name":"wp","href":"https:\/\/api.w.org\/{rel}","templated":true}]}}