{"id":969754,"date":"2018-02-21T12:26:16","date_gmt":"2018-02-21T12:26:16","guid":{"rendered":"http:\/\/www.eldigitaldeasturias.com\/noticias\/?p=969754"},"modified":"2018-02-21T12:26:16","modified_gmt":"2018-02-21T12:26:16","slug":"mendez-de-vigo-asegura-que-los-beneficios-del-mir-educativo-llegaran-a-toda-la-sociedad","status":"publish","type":"post","link":"https:\/\/www.eldigitaldeasturias.com\/noticias\/mendez-de-vigo-asegura-que-los-beneficios-del-mir-educativo-llegaran-a-toda-la-sociedad\/","title":{"rendered":"M\u00e9ndez de Vigo asegura que los \u00abbeneficios\u00bb del MIR Educativo \u00abllegar\u00e1n a toda la sociedad\u00bb"},"content":{"rendered":"<p><img loading=\"lazy\" decoding=\"async\" class=\"alignleft size-medium wp-image-969755\" src=\"https:\/\/www.eldigitaldeasturias.com\/noticias\/wp-content\/uploads\/2018\/02\/060716Educacion2-1-360x239.jpg\" alt=\"\" width=\"360\" height=\"239\" \/>El ministro de Educaci\u00f3n, Cultura y Deporte, \u00cd\u00f1igo M\u00e9ndez de Vigo, ha asegurado que la propuesta del MIR Educativo es \u00abuna apuesta por la calidad de la ense\u00f1anza y por la mejor formaci\u00f3n posible de los ense\u00f1antes\u00bb, y ha subrayado que tendr\u00e1 unos \u00abbeneficios que llegar\u00e1n a toda la sociedad\u00bb.<\/p>\n<p>Durante su intervenci\u00f3n en el Senado, el ministro ha recalcado que la propuesta en la que trabaja su Departamento \u00abcompagina teor\u00eda y pr\u00e1ctica\u00bb tal como plantean los grupos parlamentarios, los decanos y directores de las Facultades de Ciencias de la Educaci\u00f3n, y la Asociaci\u00f3n Nacional de Estudiantes de Educaci\u00f3n y Formaci\u00f3n del Profesorado. \u00abNuestra propuesta cuenta con la participaci\u00f3n de todos los implicados\u00bb, ha dicho.<\/p>\n<p>En este sentido, M\u00e9ndez de Vigo ha subrayado que el MIR Educativo tendr\u00eda que estar sujeto a cinco ejes \u00abfundamentales\u00bb: atraer a los mejores hacia la profesi\u00f3n docente; adaptar la formaci\u00f3n inicial a las necesidades actuales, adecuando tambi\u00e9n la oferta a la demanda real de profesorado; configurar un nuevo sistema de acceso a la docencia basado en el esfuerzo, la vocaci\u00f3n y la implicaci\u00f3n personal; potenciar la formaci\u00f3n permanente del profesorado; y el desarrollo de una carrera profesional.<\/p>\n<p>El ministro de Educaci\u00f3n, Cultura y Deporte ha insistido en que su propuesta de MIR Educativo consiste en la elaboraci\u00f3n de un sistema de acceso al profesorado que atraiga a los mejores profesionales con vocaci\u00f3n de estabilidad, permanencia y previsibilidad, as\u00ed como en la creaci\u00f3n de una carrera profesional \u00abbasada en los principios de m\u00e9rito, capacidad y sujeta a evaluaci\u00f3n\u00bb.<\/p>\n<p>De ah\u00ed que haya recordado que m\u00e1s de la mitad de los 83 comparecientes ante la Subcomisi\u00f3n del Congreso que estudia el Pacto Educativo insisten en la importancia de la formaci\u00f3n inicial del profesorado, entre ellos el comisario europeo de Educaci\u00f3n, Cultura, Juventud y Deporte de la UE, Tibor Navracsis, o el profesor Andreas Schleicher, director del Departamento de Educaci\u00f3n y Competencias de la OCDE. \u00abEsta afirmaci\u00f3n -ha dicho- tambi\u00e9n figura en las conclusiones del Consejo Europeo de mayo del 2014\u00bb.<\/p>\n<p><strong>\u00abVamos a lograr el objetivo del 15%\u00bb<\/strong><\/p>\n<p>\u00cd\u00f1igo M\u00e9ndez de Vigo ha recalcado durante su intervenci\u00f3n en la C\u00e1mara Alta que Espa\u00f1a est\u00e1 a 3,28% de alcanzar el objetivo europeo del 15% de tasa de abandono escolar temprano para 2020 y se ha mostrado convencido de que \u00abvamos a conseguirlo\u00bb.<\/p>\n<p>As\u00ed lo ha dicho despu\u00e9s de recordar que Espa\u00f1a cerr\u00f3 el a\u00f1o 2017 con una tasa del 18,28% \u00abla menor de toda la historia espa\u00f1ola\u00bb, cuando en el a\u00f1o 2008 esa tasa alcanzaba el 31,7%.\u00bbHan sido 9 a\u00f1os de descensos continuados, y s\u00f3lo en los \u00faltimos 5 a\u00f1os -con el Gobierno actual- la reducci\u00f3n ha sido de 6,5 puntos, desde un 24,7 hasta este 18,28%\u00bb.<\/p>\n<p>El ministro de Educaci\u00f3n, Cultura y Deporte ha asegurado que a d\u00eda de hoy hay siete Comunidades Aut\u00f3nomas que ya est\u00e1n por debajo del 15% acordado en la estrategia 2020, y ha reconocido que \u00abqueda trabajo por hacer\u00bb.<\/p>\n<p>Al respecto, ha subrayado que el Gobierno est\u00e1 trabajando en una \u00abambiciosa propuesta\u00bb en materia de FP dual que estar\u00e1 lista a lo largo de este 2018 \u00aby que har\u00e1 m\u00e1s atractivo el binomio educaci\u00f3n-experiencia laboral demandado tanto por j\u00f3venes como por empresarios\u00bb.<\/p>\n","protected":false},"excerpt":{"rendered":"<p>El ministro de Educaci\u00f3n, Cultura y Deporte, \u00cd\u00f1igo M\u00e9ndez de Vigo, ha asegurado que la propuesta del MIR Educativo es \u00abuna apuesta por la calidad de la ense\u00f1anza y por la mejor formaci\u00f3n posible de los ense\u00f1antes\u00bb, y ha subrayado que tendr\u00e1 unos \u00abbeneficios que llegar\u00e1n a toda la sociedad\u00bb. Durante su intervenci\u00f3n en el [&hellip;]<\/p>\n","protected":false},"author":1,"featured_media":969755,"comment_status":"closed","ping_status":"closed","sticky":false,"template":"","format":"standard","meta":{"footnotes":""},"categories":[1],"tags":[],"class_list":["post-969754","post","type-post","status-publish","format-standard","has-post-thumbnail","hentry","category-actualidad"],"aioseo_notices":[],"aioseo_head":"\n\t\t<!-- All in One SEO Pro 5.0.1 - aioseo.com -->\n\t<meta name=\"description\" content=\"El ministro de Educaci\u00f3n, Cultura y Deporte, \u00cd\u00f1igo M\u00e9ndez de Vigo, ha asegurado que la propuesta del MIR Educativo es &quot;una apuesta por la calidad de la ense\u00f1anza y por la mejor formaci\u00f3n posible de los ense\u00f1antes&quot;, y ha subrayado que tendr\u00e1 unos &quot;beneficios que llegar\u00e1n a toda la sociedad&quot;. Durante su intervenci\u00f3n en el\" \/>\n\t<meta name=\"robots\" content=\"max-image-preview:large\" \/>\n\t<meta name=\"author\" content=\"El Digital de Asturias\"\/>\n\t<meta name=\"google-site-verification\" content=\"UA-38556648-1\" \/>\n\t<meta name=\"msvalidate.01\" content=\"7dfe9f3f1b24437ab69f4f2559babe99\" \/>\n\t<meta name=\"keywords\" content=\"actualidad\" \/>\n\t<link rel=\"canonical\" href=\"https:\/\/www.eldigitaldeasturias.com\/noticias\/mendez-de-vigo-asegura-que-los-beneficios-del-mir-educativo-llegaran-a-toda-la-sociedad\/\" \/>\n\t<meta name=\"generator\" content=\"All in One SEO Pro (AIOSEO) 5.0.1\" \/>\n\t\t<meta property=\"og:locale\" content=\"es_ES\" \/>\n\t\t<meta property=\"og:site_name\" content=\"El Digital de Asturias\" \/>\n\t\t<meta property=\"og:type\" content=\"article\" \/>\n\t\t<meta property=\"og:title\" content=\"M\u00e9ndez de Vigo asegura que los \u00abbeneficios\u00bb del MIR Educativo \u00abllegar\u00e1n a toda la sociedad\u00bb - El Digital de Asturias\" \/>\n\t\t<meta property=\"og:description\" content=\"El ministro de Educaci\u00f3n, Cultura y Deporte, \u00cd\u00f1igo M\u00e9ndez de Vigo, ha asegurado que la propuesta del MIR Educativo es &quot;una apuesta por la calidad de la ense\u00f1anza y por la mejor formaci\u00f3n posible de los ense\u00f1antes&quot;, y ha subrayado que tendr\u00e1 unos &quot;beneficios que llegar\u00e1n a toda la sociedad&quot;. Durante su intervenci\u00f3n en el\" \/>\n\t\t<meta property=\"og:url\" content=\"https:\/\/www.eldigitaldeasturias.com\/noticias\/mendez-de-vigo-asegura-que-los-beneficios-del-mir-educativo-llegaran-a-toda-la-sociedad\/\" \/>\n\t\t<meta property=\"article:tag\" content=\"actualidad\" \/>\n\t\t<meta property=\"article:published_time\" content=\"2018-02-21T12:26:16+00:00\" \/>\n\t\t<meta property=\"article:modified_time\" content=\"2018-02-21T12:26:16+00:00\" \/>\n\t\t<meta property=\"article:publisher\" content=\"https:\/\/facebook.com\/eldigitaldeasturias\" \/>\n\t\t<meta name=\"twitter:card\" content=\"summary_large_image\" \/>\n\t\t<meta name=\"twitter:title\" content=\"M\u00e9ndez de Vigo asegura que los \u00abbeneficios\u00bb del MIR Educativo \u00abllegar\u00e1n a toda la sociedad\u00bb - El Digital de Asturias\" \/>\n\t\t<meta name=\"twitter:description\" content=\"El ministro de Educaci\u00f3n, Cultura y Deporte, \u00cd\u00f1igo M\u00e9ndez de Vigo, ha asegurado que la propuesta del MIR Educativo es &quot;una apuesta por la calidad de la ense\u00f1anza y por la mejor formaci\u00f3n posible de los ense\u00f1antes&quot;, y ha subrayado que tendr\u00e1 unos &quot;beneficios que llegar\u00e1n a toda la sociedad&quot;. Durante su intervenci\u00f3n en el\" \/>\n\t\t<meta name=\"twitter:image\" content=\"https:\/\/www.eldigitaldeasturias.com\/noticias\/wp-content\/uploads\/2020\/12\/EDA-1.jpg\" \/>\n\t\t<meta name=\"twitter:label1\" content=\"Escrito por\" \/>\n\t\t<meta name=\"twitter:data1\" content=\"El Digital de Asturias\" \/>\n\t\t<meta name=\"twitter:label2\" content=\"Tiempo de lectura estimado\" \/>\n\t\t<meta name=\"twitter:data2\" content=\"3 minutos\" \/>\n\t\t<script type=\"application\/ld+json\" class=\"aioseo-schema\">\n\t\t\t{\"@context\":\"https:\\\/\\\/schema.org\",\"@graph\":[{\"@type\":\"BlogPosting\",\"@id\":\"https:\\\/\\\/www.eldigitaldeasturias.com\\\/noticias\\\/mendez-de-vigo-asegura-que-los-beneficios-del-mir-educativo-llegaran-a-toda-la-sociedad\\\/#blogposting\",\"name\":\"M\\u00e9ndez de Vigo asegura que los \\u00abbeneficios\\u00bb del MIR Educativo \\u00abllegar\\u00e1n a toda la sociedad\\u00bb - El Digital de Asturias\",\"headline\":\"M\\u00e9ndez de Vigo asegura que los \\u00abbeneficios\\u00bb del MIR Educativo \\u00abllegar\\u00e1n a toda la sociedad\\u00bb\",\"author\":{\"@id\":\"https:\\\/\\\/www.eldigitaldeasturias.com\\\/noticias\\\/author\\\/admin\\\/#author\"},\"publisher\":{\"@id\":\"https:\\\/\\\/www.eldigitaldeasturias.com\\\/noticias\\\/#organization\"},\"image\":{\"@type\":\"ImageObject\",\"url\":969755},\"datePublished\":\"2018-02-21T12:26:16+01:00\",\"dateModified\":\"2018-02-21T12:26:16+01:00\",\"inLanguage\":\"es-ES\",\"mainEntityOfPage\":{\"@id\":\"https:\\\/\\\/www.eldigitaldeasturias.com\\\/noticias\\\/mendez-de-vigo-asegura-que-los-beneficios-del-mir-educativo-llegaran-a-toda-la-sociedad\\\/#webpage\"},\"isPartOf\":{\"@id\":\"https:\\\/\\\/www.eldigitaldeasturias.com\\\/noticias\\\/mendez-de-vigo-asegura-que-los-beneficios-del-mir-educativo-llegaran-a-toda-la-sociedad\\\/#webpage\"},\"articleSection\":\"Actualidad\"},{\"@type\":\"BreadcrumbList\",\"@id\":\"https:\\\/\\\/www.eldigitaldeasturias.com\\\/noticias\\\/mendez-de-vigo-asegura-que-los-beneficios-del-mir-educativo-llegaran-a-toda-la-sociedad\\\/#breadcrumblist\",\"itemListElement\":[{\"@type\":\"ListItem\",\"@id\":\"https:\\\/\\\/www.eldigitaldeasturias.com\\\/noticias#listItem\",\"position\":1,\"name\":\"Home\",\"item\":\"https:\\\/\\\/www.eldigitaldeasturias.com\\\/noticias\",\"nextItem\":{\"@type\":\"ListItem\",\"@id\":\"https:\\\/\\\/www.eldigitaldeasturias.com\\\/noticias\\\/category\\\/actualidad\\\/#listItem\",\"name\":\"Actualidad\"}},{\"@type\":\"ListItem\",\"@id\":\"https:\\\/\\\/www.eldigitaldeasturias.com\\\/noticias\\\/category\\\/actualidad\\\/#listItem\",\"position\":2,\"name\":\"Actualidad\",\"item\":\"https:\\\/\\\/www.eldigitaldeasturias.com\\\/noticias\\\/category\\\/actualidad\\\/\",\"nextItem\":{\"@type\":\"ListItem\",\"@id\":\"https:\\\/\\\/www.eldigitaldeasturias.com\\\/noticias\\\/mendez-de-vigo-asegura-que-los-beneficios-del-mir-educativo-llegaran-a-toda-la-sociedad\\\/#listItem\",\"name\":\"M\\u00e9ndez de Vigo asegura que los \\u00abbeneficios\\u00bb del MIR Educativo \\u00abllegar\\u00e1n a toda la sociedad\\u00bb\"},\"previousItem\":{\"@type\":\"ListItem\",\"@id\":\"https:\\\/\\\/www.eldigitaldeasturias.com\\\/noticias#listItem\",\"name\":\"Home\"}},{\"@type\":\"ListItem\",\"@id\":\"https:\\\/\\\/www.eldigitaldeasturias.com\\\/noticias\\\/mendez-de-vigo-asegura-que-los-beneficios-del-mir-educativo-llegaran-a-toda-la-sociedad\\\/#listItem\",\"position\":3,\"name\":\"M\\u00e9ndez de Vigo asegura que los \\u00abbeneficios\\u00bb del MIR Educativo \\u00abllegar\\u00e1n a toda la sociedad\\u00bb\",\"previousItem\":{\"@type\":\"ListItem\",\"@id\":\"https:\\\/\\\/www.eldigitaldeasturias.com\\\/noticias\\\/category\\\/actualidad\\\/#listItem\",\"name\":\"Actualidad\"}}]},{\"@type\":\"Organization\",\"@id\":\"https:\\\/\\\/www.eldigitaldeasturias.com\\\/noticias\\\/#organization\",\"name\":\"El Digital de Asturias\",\"description\":\"Hemeroteca\",\"url\":\"https:\\\/\\\/www.eldigitaldeasturias.com\\\/noticias\\\/\",\"email\":\"info@eldigitaldeasturias.com\",\"telephone\":\"+34652131393\",\"logo\":{\"@type\":\"ImageObject\",\"url\":\"https:\\\/\\\/www.eldigitaldeasturias.com\\\/noticias\\\/wp-content\\\/uploads\\\/2020\\\/12\\\/EDA.jpg\",\"@id\":\"https:\\\/\\\/www.eldigitaldeasturias.com\\\/noticias\\\/mendez-de-vigo-asegura-que-los-beneficios-del-mir-educativo-llegaran-a-toda-la-sociedad\\\/#organizationLogo\"},\"image\":{\"@id\":\"https:\\\/\\\/www.eldigitaldeasturias.com\\\/noticias\\\/mendez-de-vigo-asegura-que-los-beneficios-del-mir-educativo-llegaran-a-toda-la-sociedad\\\/#organizationLogo\"},\"sameAs\":[\"https:\\\/\\\/facebook.com\\\/eldigitaldeasturias\",\"https:\\\/\\\/www.youtube.com\\\/channel\\\/UCZP-2wLEB9Rv6erhFmqVnvg\"],\"address\":{\"@id\":\"https:\\\/\\\/www.eldigitaldeasturias.com\\\/noticias\\\/#postaladdress\",\"@type\":\"PostalAddress\",\"streetAddress\":\"san antonio 4\",\"postalCode\":\"33430\",\"addressLocality\":\"Cand\\u00e1s\",\"addressRegion\":\"Asturias\",\"addressCountry\":\"ES\"}},{\"@type\":\"Person\",\"@id\":\"https:\\\/\\\/www.eldigitaldeasturias.com\\\/noticias\\\/author\\\/admin\\\/#author\",\"url\":\"https:\\\/\\\/www.eldigitaldeasturias.com\\\/noticias\\\/author\\\/admin\\\/\",\"name\":\"El Digital de Asturias\",\"image\":{\"@type\":\"ImageObject\",\"@id\":\"https:\\\/\\\/www.eldigitaldeasturias.com\\\/noticias\\\/mendez-de-vigo-asegura-que-los-beneficios-del-mir-educativo-llegaran-a-toda-la-sociedad\\\/#authorImage\",\"url\":\"https:\\\/\\\/secure.gravatar.com\\\/avatar\\\/df2aeffc32bcd13f8d26072ef8a91b623d677766deac7f97ca815868cd41bf5e?s=96&d=mm&r=g\",\"width\":96,\"height\":96,\"caption\":\"El Digital de Asturias\"}},{\"@type\":\"WebPage\",\"@id\":\"https:\\\/\\\/www.eldigitaldeasturias.com\\\/noticias\\\/mendez-de-vigo-asegura-que-los-beneficios-del-mir-educativo-llegaran-a-toda-la-sociedad\\\/#webpage\",\"url\":\"https:\\\/\\\/www.eldigitaldeasturias.com\\\/noticias\\\/mendez-de-vigo-asegura-que-los-beneficios-del-mir-educativo-llegaran-a-toda-la-sociedad\\\/\",\"name\":\"M\\u00e9ndez de Vigo asegura que los \\u00abbeneficios\\u00bb del MIR Educativo \\u00abllegar\\u00e1n a toda la sociedad\\u00bb - El Digital de Asturias\",\"description\":\"El ministro de Educaci\\u00f3n, Cultura y Deporte, \\u00cd\\u00f1igo M\\u00e9ndez de Vigo, ha asegurado que la propuesta del MIR Educativo es \\\"una apuesta por la calidad de la ense\\u00f1anza y por la mejor formaci\\u00f3n posible de los ense\\u00f1antes\\\", y ha subrayado que tendr\\u00e1 unos \\\"beneficios que llegar\\u00e1n a toda la sociedad\\\". Durante su intervenci\\u00f3n en el\",\"inLanguage\":\"es-ES\",\"isPartOf\":{\"@id\":\"https:\\\/\\\/www.eldigitaldeasturias.com\\\/noticias\\\/#website\"},\"breadcrumb\":{\"@id\":\"https:\\\/\\\/www.eldigitaldeasturias.com\\\/noticias\\\/mendez-de-vigo-asegura-que-los-beneficios-del-mir-educativo-llegaran-a-toda-la-sociedad\\\/#breadcrumblist\"},\"author\":{\"@id\":\"https:\\\/\\\/www.eldigitaldeasturias.com\\\/noticias\\\/author\\\/admin\\\/#author\"},\"creator\":{\"@id\":\"https:\\\/\\\/www.eldigitaldeasturias.com\\\/noticias\\\/author\\\/admin\\\/#author\"},\"image\":{\"@type\":\"ImageObject\",\"url\":969755,\"@id\":\"https:\\\/\\\/www.eldigitaldeasturias.com\\\/noticias\\\/mendez-de-vigo-asegura-que-los-beneficios-del-mir-educativo-llegaran-a-toda-la-sociedad\\\/#mainImage\"},\"primaryImageOfPage\":{\"@id\":\"https:\\\/\\\/www.eldigitaldeasturias.com\\\/noticias\\\/mendez-de-vigo-asegura-que-los-beneficios-del-mir-educativo-llegaran-a-toda-la-sociedad\\\/#mainImage\"},\"datePublished\":\"2018-02-21T12:26:16+01:00\",\"dateModified\":\"2018-02-21T12:26:16+01:00\"},{\"@type\":\"WebSite\",\"@id\":\"https:\\\/\\\/www.eldigitaldeasturias.com\\\/noticias\\\/#website\",\"url\":\"https:\\\/\\\/www.eldigitaldeasturias.com\\\/noticias\\\/\",\"name\":\"El Digital de Asturias - Diario de actualidad y noticias\",\"alternateName\":\"El Digital de Asturias - Diario de actualidad y noticias\",\"description\":\"Hemeroteca\",\"inLanguage\":\"es-ES\",\"publisher\":{\"@id\":\"https:\\\/\\\/www.eldigitaldeasturias.com\\\/noticias\\\/#organization\"}}]}\n\t\t<\/script>\n\t\t<!-- All in One SEO Pro -->\r\n\t\t<title>M\u00e9ndez de Vigo asegura que los \u00abbeneficios\u00bb del MIR Educativo \u00abllegar\u00e1n a toda la sociedad\u00bb - El Digital de Asturias<\/title>\n\n","aioseo_head_json":{"title":"M\u00e9ndez de Vigo asegura que los \u00abbeneficios\u00bb del MIR Educativo \u00abllegar\u00e1n a toda la sociedad\u00bb - El Digital de Asturias","description":"El ministro de Educaci\u00f3n, Cultura y Deporte, \u00cd\u00f1igo M\u00e9ndez de Vigo, ha asegurado que la propuesta del MIR Educativo es \"una apuesta por la calidad de la ense\u00f1anza y por la mejor formaci\u00f3n posible de los ense\u00f1antes\", y ha subrayado que tendr\u00e1 unos \"beneficios que llegar\u00e1n a toda la sociedad\". Durante su intervenci\u00f3n en el","canonical_url":"https:\/\/www.eldigitaldeasturias.com\/noticias\/mendez-de-vigo-asegura-que-los-beneficios-del-mir-educativo-llegaran-a-toda-la-sociedad\/","robots":"max-image-preview:large","keywords":"actualidad","webmasterTools":{"google-site-verification":"UA-38556648-1","msvalidate.01":"7dfe9f3f1b24437ab69f4f2559babe99","miscellaneous":""},"schema":{"@context":"https:\/\/schema.org","@graph":[{"@type":"BlogPosting","@id":"https:\/\/www.eldigitaldeasturias.com\/noticias\/mendez-de-vigo-asegura-que-los-beneficios-del-mir-educativo-llegaran-a-toda-la-sociedad\/#blogposting","name":"M\u00e9ndez de Vigo asegura que los \u00abbeneficios\u00bb del MIR Educativo \u00abllegar\u00e1n a toda la sociedad\u00bb - El Digital de Asturias","headline":"M\u00e9ndez de Vigo asegura que los \u00abbeneficios\u00bb del MIR Educativo \u00abllegar\u00e1n a toda la sociedad\u00bb","author":{"@id":"https:\/\/www.eldigitaldeasturias.com\/noticias\/author\/admin\/#author"},"publisher":{"@id":"https:\/\/www.eldigitaldeasturias.com\/noticias\/#organization"},"image":{"@type":"ImageObject","url":969755},"datePublished":"2018-02-21T12:26:16+01:00","dateModified":"2018-02-21T12:26:16+01:00","inLanguage":"es-ES","mainEntityOfPage":{"@id":"https:\/\/www.eldigitaldeasturias.com\/noticias\/mendez-de-vigo-asegura-que-los-beneficios-del-mir-educativo-llegaran-a-toda-la-sociedad\/#webpage"},"isPartOf":{"@id":"https:\/\/www.eldigitaldeasturias.com\/noticias\/mendez-de-vigo-asegura-que-los-beneficios-del-mir-educativo-llegaran-a-toda-la-sociedad\/#webpage"},"articleSection":"Actualidad"},{"@type":"BreadcrumbList","@id":"https:\/\/www.eldigitaldeasturias.com\/noticias\/mendez-de-vigo-asegura-que-los-beneficios-del-mir-educativo-llegaran-a-toda-la-sociedad\/#breadcrumblist","itemListElement":[{"@type":"ListItem","@id":"https:\/\/www.eldigitaldeasturias.com\/noticias#listItem","position":1,"name":"Home","item":"https:\/\/www.eldigitaldeasturias.com\/noticias","nextItem":{"@type":"ListItem","@id":"https:\/\/www.eldigitaldeasturias.com\/noticias\/category\/actualidad\/#listItem","name":"Actualidad"}},{"@type":"ListItem","@id":"https:\/\/www.eldigitaldeasturias.com\/noticias\/category\/actualidad\/#listItem","position":2,"name":"Actualidad","item":"https:\/\/www.eldigitaldeasturias.com\/noticias\/category\/actualidad\/","nextItem":{"@type":"ListItem","@id":"https:\/\/www.eldigitaldeasturias.com\/noticias\/mendez-de-vigo-asegura-que-los-beneficios-del-mir-educativo-llegaran-a-toda-la-sociedad\/#listItem","name":"M\u00e9ndez de Vigo asegura que los \u00abbeneficios\u00bb del MIR Educativo \u00abllegar\u00e1n a toda la sociedad\u00bb"},"previousItem":{"@type":"ListItem","@id":"https:\/\/www.eldigitaldeasturias.com\/noticias#listItem","name":"Home"}},{"@type":"ListItem","@id":"https:\/\/www.eldigitaldeasturias.com\/noticias\/mendez-de-vigo-asegura-que-los-beneficios-del-mir-educativo-llegaran-a-toda-la-sociedad\/#listItem","position":3,"name":"M\u00e9ndez de Vigo asegura que los \u00abbeneficios\u00bb del MIR Educativo \u00abllegar\u00e1n a toda la sociedad\u00bb","previousItem":{"@type":"ListItem","@id":"https:\/\/www.eldigitaldeasturias.com\/noticias\/category\/actualidad\/#listItem","name":"Actualidad"}}]},{"@type":"Organization","@id":"https:\/\/www.eldigitaldeasturias.com\/noticias\/#organization","name":"El Digital de Asturias","description":"Hemeroteca","url":"https:\/\/www.eldigitaldeasturias.com\/noticias\/","email":"info@eldigitaldeasturias.com","telephone":"+34652131393","logo":{"@type":"ImageObject","url":"https:\/\/www.eldigitaldeasturias.com\/noticias\/wp-content\/uploads\/2020\/12\/EDA.jpg","@id":"https:\/\/www.eldigitaldeasturias.com\/noticias\/mendez-de-vigo-asegura-que-los-beneficios-del-mir-educativo-llegaran-a-toda-la-sociedad\/#organizationLogo"},"image":{"@id":"https:\/\/www.eldigitaldeasturias.com\/noticias\/mendez-de-vigo-asegura-que-los-beneficios-del-mir-educativo-llegaran-a-toda-la-sociedad\/#organizationLogo"},"sameAs":["https:\/\/facebook.com\/eldigitaldeasturias","https:\/\/www.youtube.com\/channel\/UCZP-2wLEB9Rv6erhFmqVnvg"],"address":{"@id":"https:\/\/www.eldigitaldeasturias.com\/noticias\/#postaladdress","@type":"PostalAddress","streetAddress":"san antonio 4","postalCode":"33430","addressLocality":"Cand\u00e1s","addressRegion":"Asturias","addressCountry":"ES"}},{"@type":"Person","@id":"https:\/\/www.eldigitaldeasturias.com\/noticias\/author\/admin\/#author","url":"https:\/\/www.eldigitaldeasturias.com\/noticias\/author\/admin\/","name":"El Digital de Asturias","image":{"@type":"ImageObject","@id":"https:\/\/www.eldigitaldeasturias.com\/noticias\/mendez-de-vigo-asegura-que-los-beneficios-del-mir-educativo-llegaran-a-toda-la-sociedad\/#authorImage","url":"https:\/\/secure.gravatar.com\/avatar\/df2aeffc32bcd13f8d26072ef8a91b623d677766deac7f97ca815868cd41bf5e?s=96&d=mm&r=g","width":96,"height":96,"caption":"El Digital de Asturias"}},{"@type":"WebPage","@id":"https:\/\/www.eldigitaldeasturias.com\/noticias\/mendez-de-vigo-asegura-que-los-beneficios-del-mir-educativo-llegaran-a-toda-la-sociedad\/#webpage","url":"https:\/\/www.eldigitaldeasturias.com\/noticias\/mendez-de-vigo-asegura-que-los-beneficios-del-mir-educativo-llegaran-a-toda-la-sociedad\/","name":"M\u00e9ndez de Vigo asegura que los \u00abbeneficios\u00bb del MIR Educativo \u00abllegar\u00e1n a toda la sociedad\u00bb - El Digital de Asturias","description":"El ministro de Educaci\u00f3n, Cultura y Deporte, \u00cd\u00f1igo M\u00e9ndez de Vigo, ha asegurado que la propuesta del MIR Educativo es \"una apuesta por la calidad de la ense\u00f1anza y por la mejor formaci\u00f3n posible de los ense\u00f1antes\", y ha subrayado que tendr\u00e1 unos \"beneficios que llegar\u00e1n a toda la sociedad\". Durante su intervenci\u00f3n en el","inLanguage":"es-ES","isPartOf":{"@id":"https:\/\/www.eldigitaldeasturias.com\/noticias\/#website"},"breadcrumb":{"@id":"https:\/\/www.eldigitaldeasturias.com\/noticias\/mendez-de-vigo-asegura-que-los-beneficios-del-mir-educativo-llegaran-a-toda-la-sociedad\/#breadcrumblist"},"author":{"@id":"https:\/\/www.eldigitaldeasturias.com\/noticias\/author\/admin\/#author"},"creator":{"@id":"https:\/\/www.eldigitaldeasturias.com\/noticias\/author\/admin\/#author"},"image":{"@type":"ImageObject","url":969755,"@id":"https:\/\/www.eldigitaldeasturias.com\/noticias\/mendez-de-vigo-asegura-que-los-beneficios-del-mir-educativo-llegaran-a-toda-la-sociedad\/#mainImage"},"primaryImageOfPage":{"@id":"https:\/\/www.eldigitaldeasturias.com\/noticias\/mendez-de-vigo-asegura-que-los-beneficios-del-mir-educativo-llegaran-a-toda-la-sociedad\/#mainImage"},"datePublished":"2018-02-21T12:26:16+01:00","dateModified":"2018-02-21T12:26:16+01:00"},{"@type":"WebSite","@id":"https:\/\/www.eldigitaldeasturias.com\/noticias\/#website","url":"https:\/\/www.eldigitaldeasturias.com\/noticias\/","name":"El Digital de Asturias - Diario de actualidad y noticias","alternateName":"El Digital de Asturias - Diario de actualidad y noticias","description":"Hemeroteca","inLanguage":"es-ES","publisher":{"@id":"https:\/\/www.eldigitaldeasturias.com\/noticias\/#organization"}}]},"og:locale":"es_ES","og:site_name":"El Digital de Asturias","og:type":"article","og:title":"M\u00e9ndez de Vigo asegura que los \u00abbeneficios\u00bb del MIR Educativo \u00abllegar\u00e1n a toda la sociedad\u00bb - El Digital de Asturias","og:description":"El ministro de Educaci\u00f3n, Cultura y Deporte, \u00cd\u00f1igo M\u00e9ndez de Vigo, ha asegurado que la propuesta del MIR Educativo es &quot;una apuesta por la calidad de la ense\u00f1anza y por la mejor formaci\u00f3n posible de los ense\u00f1antes&quot;, y ha subrayado que tendr\u00e1 unos &quot;beneficios que llegar\u00e1n a toda la sociedad&quot;. Durante su intervenci\u00f3n en el","og:url":"https:\/\/www.eldigitaldeasturias.com\/noticias\/mendez-de-vigo-asegura-que-los-beneficios-del-mir-educativo-llegaran-a-toda-la-sociedad\/","article:tag":["actualidad"],"article:published_time":"2018-02-21T12:26:16+00:00","article:modified_time":"2018-02-21T12:26:16+00:00","article:publisher":"https:\/\/facebook.com\/eldigitaldeasturias","twitter:card":"summary_large_image","twitter:title":"M\u00e9ndez de Vigo asegura que los \u00abbeneficios\u00bb del MIR Educativo \u00abllegar\u00e1n a toda la sociedad\u00bb - El Digital de Asturias","twitter:description":"El ministro de Educaci\u00f3n, Cultura y Deporte, \u00cd\u00f1igo M\u00e9ndez de Vigo, ha asegurado que la propuesta del MIR Educativo es &quot;una apuesta por la calidad de la ense\u00f1anza y por la mejor formaci\u00f3n posible de los ense\u00f1antes&quot;, y ha subrayado que tendr\u00e1 unos &quot;beneficios que llegar\u00e1n a toda la sociedad&quot;. Durante su intervenci\u00f3n en el","twitter:image":"https:\/\/www.eldigitaldeasturias.com\/noticias\/wp-content\/uploads\/2020\/12\/EDA-1.jpg","twitter:label1":"Escrito por","twitter:data1":"El Digital de Asturias","twitter:label2":"Tiempo de lectura estimado","twitter:data2":"3 minutos"},"aioseo_meta_data":{"post_id":"969754","title":null,"description":null,"keywords":null,"keyphrases":null,"primary_term":null,"canonical_url":null,"og_title":null,"og_description":null,"og_object_type":"default","og_image_type":"default","og_image_url":null,"og_image_width":null,"og_image_height":null,"og_image_custom_url":null,"og_image_custom_fields":null,"og_video":null,"og_custom_url":null,"og_article_section":null,"og_article_tags":null,"twitter_use_og":false,"twitter_card":"default","twitter_image_type":"default","twitter_image_url":null,"twitter_image_custom_url":null,"twitter_image_custom_fields":null,"twitter_title":null,"twitter_description":null,"schema":{"blockGraphs":[],"customGraphs":[],"default":{"data":{"Article":[],"Course":[],"Dataset":[],"FAQPage":[],"Movie":[],"Person":[],"Product":[],"ProductReview":[],"Car":[],"Recipe":[],"Service":[],"SoftwareApplication":[],"WebPage":[]},"graphName":"","isEnabled":true},"graphs":[],"defaultGraph":"","defaultPostTypeGraph":""},"schema_type":null,"schema_type_options":null,"pillar_content":false,"robots_default":true,"robots_noindex":false,"robots_noarchive":false,"robots_nosnippet":false,"robots_nofollow":false,"robots_noimageindex":false,"robots_noodp":false,"robots_notranslate":false,"robots_max_snippet":null,"robots_max_videopreview":null,"robots_max_imagepreview":"large","priority":null,"frequency":null,"local_seo":null,"seo_analyzer_scan_date":"2025-10-07 03:16:08","breadcrumb_settings":null,"limit_modified_date":false,"open_ai":null,"ai":null,"created":"2020-12-21 12:26:38","updated":"2025-10-07 03:16:08","focus_keyword":null,"additional_keywords":null,"truseo_locale":null},"aioseo_breadcrumb":"<div class=\"aioseo-breadcrumbs\"><span class=\"aioseo-breadcrumb\">\n\t<a href=\"https:\/\/www.eldigitaldeasturias.com\/noticias\" title=\"Home\">Home<\/a>\n<\/span><span class=\"aioseo-breadcrumb-separator\">\u2013<\/span><span class=\"aioseo-breadcrumb\">\n\t<a href=\"https:\/\/www.eldigitaldeasturias.com\/noticias\/category\/actualidad\/\" title=\"Actualidad\">Actualidad<\/a>\n<\/span><span class=\"aioseo-breadcrumb-separator\">\u2013<\/span><span class=\"aioseo-breadcrumb\">\n\t<a href=\"https:\/\/www.eldigitaldeasturias.com\/noticias\/mendez-de-vigo-asegura-que-los-beneficios-del-mir-educativo-llegaran-a-toda-la-sociedad\/\" title=\"M\u00e9ndez de Vigo asegura que los \u00abbeneficios\u00bb del MIR Educativo \u00abllegar\u00e1n a toda la sociedad\u00bb\">M\u00e9ndez de Vigo asegura que los \u00abbeneficios\u00bb del MIR Educativo \u00abllegar\u00e1n a toda la sociedad\u00bb<\/a>\n<\/span><\/div>","aioseo_breadcrumb_json":[{"label":"Home","link":"https:\/\/www.eldigitaldeasturias.com\/noticias"},{"label":"Actualidad","link":"https:\/\/www.eldigitaldeasturias.com\/noticias\/category\/actualidad\/"},{"label":"M\u00e9ndez de Vigo asegura que los \u00abbeneficios\u00bb del MIR Educativo \u00abllegar\u00e1n a toda la sociedad\u00bb","link":"https:\/\/www.eldigitaldeasturias.com\/noticias\/mendez-de-vigo-asegura-que-los-beneficios-del-mir-educativo-llegaran-a-toda-la-sociedad\/"}],"_links":{"self":[{"href":"https:\/\/www.eldigitaldeasturias.com\/noticias\/wp-json\/wp\/v2\/posts\/969754","targetHints":{"allow":["GET"]}}],"collection":[{"href":"https:\/\/www.eldigitaldeasturias.com\/noticias\/wp-json\/wp\/v2\/posts"}],"about":[{"href":"https:\/\/www.eldigitaldeasturias.com\/noticias\/wp-json\/wp\/v2\/types\/post"}],"author":[{"embeddable":true,"href":"https:\/\/www.eldigitaldeasturias.com\/noticias\/wp-json\/wp\/v2\/users\/1"}],"replies":[{"embeddable":true,"href":"https:\/\/www.eldigitaldeasturias.com\/noticias\/wp-json\/wp\/v2\/comments?post=969754"}],"version-history":[{"count":0,"href":"https:\/\/www.eldigitaldeasturias.com\/noticias\/wp-json\/wp\/v2\/posts\/969754\/revisions"}],"wp:attachment":[{"href":"https:\/\/www.eldigitaldeasturias.com\/noticias\/wp-json\/wp\/v2\/media?parent=969754"}],"wp:term":[{"taxonomy":"category","embeddable":true,"href":"https:\/\/www.eldigitaldeasturias.com\/noticias\/wp-json\/wp\/v2\/categories?post=969754"},{"taxonomy":"post_tag","embeddable":true,"href":"https:\/\/www.eldigitaldeasturias.com\/noticias\/wp-json\/wp\/v2\/tags?post=969754"}],"curies":[{"name":"wp","href":"https:\/\/api.w.org\/{rel}","templated":true}]}}