{"id":969744,"date":"2018-02-21T12:19:54","date_gmt":"2018-02-21T12:19:54","guid":{"rendered":"http:\/\/www.eldigitaldeasturias.com\/noticias\/?p=969744"},"modified":"2018-02-21T12:19:54","modified_gmt":"2018-02-21T12:19:54","slug":"mendez-de-vigo-el-espanol-lengua-global-impulsara-nuestro-idioma-como-lengua-del-conocimiento-y-de-la-tecnologia","status":"publish","type":"post","link":"https:\/\/www.eldigitaldeasturias.com\/noticias\/mendez-de-vigo-el-espanol-lengua-global-impulsara-nuestro-idioma-como-lengua-del-conocimiento-y-de-la-tecnologia\/","title":{"rendered":"M\u00e9ndez de Vigo: \u00ab&#8216;El espa\u00f1ol, lengua global&#8217; impulsar\u00e1 nuestro idioma como lengua del conocimiento y de la tecnolog\u00eda\u00bb"},"content":{"rendered":"<p><img loading=\"lazy\" decoding=\"async\" class=\"alignleft size-medium wp-image-968848\" src=\"https:\/\/www.eldigitaldeasturias.com\/noticias\/wp-content\/uploads\/2018\/02\/2301216-vigo-360x239.jpg\" alt=\"\" width=\"360\" height=\"239\" \/>El ministro de Educaci\u00f3n, Cultura y Deporte y portavoz del Gobierno, \u00cd\u00f1igo M\u00e9ndez de Vigo, ha comparecido en la Comisi\u00f3n de Cultura del Congreso de los Diputados para dar todos los detalles del proyecto &#8216;El espa\u00f1ol, lengua global&#8217;, la estrategia de Estado recientemente presentada por el presidente del Gobierno, Mariano Rajoy, para impulsar nuestro idioma como generador de oportunidades para la comunidad hispanohablante.<\/p>\n<p>Con este proyecto, ha dicho M\u00e9ndez de Vigo, \u00abbuscamos impulsar el espa\u00f1ol como idioma del conocimiento, favoreciendo que todos los recursos divulgativos, cient\u00edficos y t\u00e9cnicos en espa\u00f1ol est\u00e9n al alcance de los hispanohablantes, y como idioma de la tecnolog\u00eda\u00bb.<\/p>\n<p>\u00abUn proyecto en permanente construcci\u00f3n\u00bb y que \u00abpasa por ordenar y fortalecer las iniciativas de impulso del espa\u00f1ol e incentivar el surgimiento de otras propuestas que puedan incorporarse, buscando incentivar la inversi\u00f3n cultura tanto de las administraciones como de la sociedad civil\u00bb, ha indicado. En ese sentido, ha animado al resto de grupos parlamentarios a presentar sus propuestas.<\/p>\n<p>El Ministro ha explicado que no se generar\u00e1n nuevas estructuras para desarrollar este proyecto y ha puesto el acento en que se han incorporado las competencias de coordinaci\u00f3n e impulso de todas las pol\u00edticas vinculadas al Alto Comisionado para la Marca Espa\u00f1a y Promoci\u00f3n del Espa\u00f1ol.<\/p>\n<p><strong>Designaci\u00f3n de 2019 como &#8216;A\u00f1o Internacional del Espa\u00f1ol&#8217;<\/strong><\/p>\n<p>\u00cd\u00f1igo M\u00e9ndez de Vigo ha desgranado en su intervenci\u00f3n las medidas incluidas actualmente en el proyecto. Adem\u00e1s de las ya anunciadas por el presidente del Gobierno, entre las que destacan la creaci\u00f3n de un Erasmus Iberoamericano, un sistema de formaci\u00f3n en pr\u00e1cticas para estudiantes iberoamericanos, la creaci\u00f3n de la figura de&#8217; Embajador del espa\u00f1ol, lengua global&#8217;, o los incentivos fiscales y la creaci\u00f3n del &#8216;Plan Empresarios por el espa\u00f1ol&#8217;, ha explicado otras no divulgadas hasta el momento.<\/p>\n<p>Entre estas figuran, la declaraci\u00f3n del a\u00f1o 2019 como &#8216;A\u00f1o Internacional del Espa\u00f1ol&#8217; por la Secretaria General Iberoamericana; la creaci\u00f3n del registro digital Amigos del Espa\u00f1ol, \u00abuna marca com\u00fan, de prestigio, abierta a personas f\u00edsicas y a empresas\u00bb; as\u00ed como la creaci\u00f3n de una web que \u00absea el escaparate central de todo el proyecto y tambi\u00e9n un lugar de di\u00e1logo e intercambio de propuestas e iniciativas entre toda la comunidad hispanohablante\u00bb.<\/p>\n<p>Adem\u00e1s, ha informado la creaci\u00f3n de \u00abuna plataforma gratuita de contenidos digitales en todas las lenguas peninsulares\u00bb como \u00abel gran punto de reuni\u00f3n para el contenido documental en espa\u00f1ol, aprovechando y reuniendo tambi\u00e9n el inmenso cat\u00e1logo bibliogr\u00e1fico en espa\u00f1ol, siendo los extraordinarios cat\u00e1logos como los de la Biblioteca Nacional o el Instituto Cervantes, buenos ejemplos del prop\u00f3sito que perseguimos\u00bb.<\/p>\n<p>Y ha anunciado, entre otras medidas institucionales, la organizaci\u00f3n de exposiciones internacionales itinerantes en colaboraci\u00f3n con instituciones, colecciones y museos iberoamericanos, y explotar \u00abla vertiente tur\u00edstica de la lengua y la literatura en espa\u00f1ol, incorporando las localidades de procedencia de autores se\u00f1alados de nuestras letras al proyecto para que sean verdaderos centros de peregrinaci\u00f3n cultural\u00bb, ha dicho.<\/p>\n<p><strong>Pr\u00f3ximo lanzamiento del sello &#8216;Es cine espa\u00f1ol&#8217;<\/strong><\/p>\n<p>Respecto a la promoci\u00f3n del cine espa\u00f1ol fuera de nuestras fronteras, \u00abqueremos que las instituciones de la Administraci\u00f3n del Estado con competencia en la materia, como son ICAA, ICEX, TURESPA\u00d1A, ACE y AECID, act\u00faen de forma conjunta y coordinada\u00bb. Y ha anunciado el pr\u00f3ximo lanzamiento del sello &#8216;Es cine espa\u00f1ol&#8217; en colaboraci\u00f3n con la Academia del Cine Espa\u00f1ol y distintas instituciones p\u00fablicas para \u00abgenerar una marca identificativa de nuestro cine, tanto dentro como fuera de nuestras fronteras\u00bb.<\/p>\n<p>M\u00e9ndez de Vigo ha finalizado su comparecencia indicando que el proyecto &#8216;El espa\u00f1ol, lengua global&#8217; busca \u00abgenerar una gran marca de la cultura en espa\u00f1ol que sume patrimonio hist\u00f3rico y cultural, bagaje y talento art\u00edstico pasado, presente y futuro, innovaci\u00f3n y nuevas tecnolog\u00edas\u00bb.<\/p>\n","protected":false},"excerpt":{"rendered":"<p>El ministro de Educaci\u00f3n, Cultura y Deporte y portavoz del Gobierno, \u00cd\u00f1igo M\u00e9ndez de Vigo, ha comparecido en la Comisi\u00f3n de Cultura del Congreso de los Diputados para dar todos los detalles del proyecto &#8216;El espa\u00f1ol, lengua global&#8217;, la estrategia de Estado recientemente presentada por el presidente del Gobierno, Mariano Rajoy, para impulsar nuestro idioma [&hellip;]<\/p>\n","protected":false},"author":1,"featured_media":968182,"comment_status":"closed","ping_status":"closed","sticky":false,"template":"","format":"standard","meta":{"footnotes":""},"categories":[1],"tags":[],"class_list":["post-969744","post","type-post","status-publish","format-standard","has-post-thumbnail","hentry","category-actualidad"],"aioseo_notices":[],"aioseo_head":"\n\t\t<!-- All in One SEO Pro 5.0.1 - aioseo.com -->\n\t<meta name=\"description\" content=\"El ministro de Educaci\u00f3n, Cultura y Deporte y portavoz del Gobierno, \u00cd\u00f1igo M\u00e9ndez de Vigo, ha comparecido en la Comisi\u00f3n de Cultura del Congreso de los Diputados para dar todos los detalles del proyecto &#039;El espa\u00f1ol, lengua global&#039;, la estrategia de Estado recientemente presentada por el presidente del Gobierno, Mariano Rajoy, para impulsar nuestro idioma\" \/>\n\t<meta name=\"robots\" content=\"max-image-preview:large\" \/>\n\t<meta name=\"author\" content=\"El Digital de Asturias\"\/>\n\t<meta name=\"google-site-verification\" content=\"UA-38556648-1\" \/>\n\t<meta name=\"msvalidate.01\" content=\"7dfe9f3f1b24437ab69f4f2559babe99\" \/>\n\t<meta name=\"keywords\" content=\"actualidad\" \/>\n\t<link rel=\"canonical\" href=\"https:\/\/www.eldigitaldeasturias.com\/noticias\/mendez-de-vigo-el-espanol-lengua-global-impulsara-nuestro-idioma-como-lengua-del-conocimiento-y-de-la-tecnologia\/\" \/>\n\t<meta name=\"generator\" content=\"All in One SEO Pro (AIOSEO) 5.0.1\" \/>\n\t\t<meta property=\"og:locale\" content=\"es_ES\" \/>\n\t\t<meta property=\"og:site_name\" content=\"El Digital de Asturias\" \/>\n\t\t<meta property=\"og:type\" content=\"article\" \/>\n\t\t<meta property=\"og:title\" content=\"M\u00e9ndez de Vigo: \u00ab\u2018El espa\u00f1ol, lengua global\u2019 impulsar\u00e1 nuestro idioma como lengua del conocimiento y de la tecnolog\u00eda\u00bb - El Digital de Asturias\" \/>\n\t\t<meta property=\"og:description\" content=\"El ministro de Educaci\u00f3n, Cultura y Deporte y portavoz del Gobierno, \u00cd\u00f1igo M\u00e9ndez de Vigo, ha comparecido en la Comisi\u00f3n de Cultura del Congreso de los Diputados para dar todos los detalles del proyecto &#039;El espa\u00f1ol, lengua global&#039;, la estrategia de Estado recientemente presentada por el presidente del Gobierno, Mariano Rajoy, para impulsar nuestro idioma\" \/>\n\t\t<meta property=\"og:url\" content=\"https:\/\/www.eldigitaldeasturias.com\/noticias\/mendez-de-vigo-el-espanol-lengua-global-impulsara-nuestro-idioma-como-lengua-del-conocimiento-y-de-la-tecnologia\/\" \/>\n\t\t<meta property=\"article:tag\" content=\"actualidad\" \/>\n\t\t<meta property=\"article:published_time\" content=\"2018-02-21T12:19:54+00:00\" \/>\n\t\t<meta property=\"article:modified_time\" content=\"2018-02-21T12:19:54+00:00\" \/>\n\t\t<meta property=\"article:publisher\" content=\"https:\/\/facebook.com\/eldigitaldeasturias\" \/>\n\t\t<meta name=\"twitter:card\" content=\"summary_large_image\" \/>\n\t\t<meta name=\"twitter:title\" content=\"M\u00e9ndez de Vigo: \u00ab\u2018El espa\u00f1ol, lengua global\u2019 impulsar\u00e1 nuestro idioma como lengua del conocimiento y de la tecnolog\u00eda\u00bb - El Digital de Asturias\" \/>\n\t\t<meta name=\"twitter:description\" content=\"El ministro de Educaci\u00f3n, Cultura y Deporte y portavoz del Gobierno, \u00cd\u00f1igo M\u00e9ndez de Vigo, ha comparecido en la Comisi\u00f3n de Cultura del Congreso de los Diputados para dar todos los detalles del proyecto &#039;El espa\u00f1ol, lengua global&#039;, la estrategia de Estado recientemente presentada por el presidente del Gobierno, Mariano Rajoy, para impulsar nuestro idioma\" \/>\n\t\t<meta name=\"twitter:image\" content=\"https:\/\/www.eldigitaldeasturias.com\/noticias\/wp-content\/uploads\/2020\/12\/EDA-1.jpg\" \/>\n\t\t<meta name=\"twitter:label1\" content=\"Escrito por\" \/>\n\t\t<meta name=\"twitter:data1\" content=\"El Digital de Asturias\" \/>\n\t\t<meta name=\"twitter:label2\" content=\"Tiempo de lectura estimado\" \/>\n\t\t<meta name=\"twitter:data2\" content=\"3 minutos\" \/>\n\t\t<script type=\"application\/ld+json\" class=\"aioseo-schema\">\n\t\t\t{\"@context\":\"https:\\\/\\\/schema.org\",\"@graph\":[{\"@type\":\"BlogPosting\",\"@id\":\"https:\\\/\\\/www.eldigitaldeasturias.com\\\/noticias\\\/mendez-de-vigo-el-espanol-lengua-global-impulsara-nuestro-idioma-como-lengua-del-conocimiento-y-de-la-tecnologia\\\/#blogposting\",\"name\":\"M\\u00e9ndez de Vigo: \\u00ab\\u2018El espa\\u00f1ol, lengua global\\u2019 impulsar\\u00e1 nuestro idioma como lengua del conocimiento y de la tecnolog\\u00eda\\u00bb - El Digital de Asturias\",\"headline\":\"M\\u00e9ndez de Vigo: \\u00ab&#8216;El espa\\u00f1ol, lengua global&#8217; impulsar\\u00e1 nuestro idioma como lengua del conocimiento y de la tecnolog\\u00eda\\u00bb\",\"author\":{\"@id\":\"https:\\\/\\\/www.eldigitaldeasturias.com\\\/noticias\\\/author\\\/admin\\\/#author\"},\"publisher\":{\"@id\":\"https:\\\/\\\/www.eldigitaldeasturias.com\\\/noticias\\\/#organization\"},\"image\":{\"@type\":\"ImageObject\",\"url\":968182},\"datePublished\":\"2018-02-21T12:19:54+01:00\",\"dateModified\":\"2018-02-21T12:19:54+01:00\",\"inLanguage\":\"es-ES\",\"mainEntityOfPage\":{\"@id\":\"https:\\\/\\\/www.eldigitaldeasturias.com\\\/noticias\\\/mendez-de-vigo-el-espanol-lengua-global-impulsara-nuestro-idioma-como-lengua-del-conocimiento-y-de-la-tecnologia\\\/#webpage\"},\"isPartOf\":{\"@id\":\"https:\\\/\\\/www.eldigitaldeasturias.com\\\/noticias\\\/mendez-de-vigo-el-espanol-lengua-global-impulsara-nuestro-idioma-como-lengua-del-conocimiento-y-de-la-tecnologia\\\/#webpage\"},\"articleSection\":\"Actualidad\"},{\"@type\":\"BreadcrumbList\",\"@id\":\"https:\\\/\\\/www.eldigitaldeasturias.com\\\/noticias\\\/mendez-de-vigo-el-espanol-lengua-global-impulsara-nuestro-idioma-como-lengua-del-conocimiento-y-de-la-tecnologia\\\/#breadcrumblist\",\"itemListElement\":[{\"@type\":\"ListItem\",\"@id\":\"https:\\\/\\\/www.eldigitaldeasturias.com\\\/noticias#listItem\",\"position\":1,\"name\":\"Home\",\"item\":\"https:\\\/\\\/www.eldigitaldeasturias.com\\\/noticias\",\"nextItem\":{\"@type\":\"ListItem\",\"@id\":\"https:\\\/\\\/www.eldigitaldeasturias.com\\\/noticias\\\/category\\\/actualidad\\\/#listItem\",\"name\":\"Actualidad\"}},{\"@type\":\"ListItem\",\"@id\":\"https:\\\/\\\/www.eldigitaldeasturias.com\\\/noticias\\\/category\\\/actualidad\\\/#listItem\",\"position\":2,\"name\":\"Actualidad\",\"item\":\"https:\\\/\\\/www.eldigitaldeasturias.com\\\/noticias\\\/category\\\/actualidad\\\/\",\"nextItem\":{\"@type\":\"ListItem\",\"@id\":\"https:\\\/\\\/www.eldigitaldeasturias.com\\\/noticias\\\/mendez-de-vigo-el-espanol-lengua-global-impulsara-nuestro-idioma-como-lengua-del-conocimiento-y-de-la-tecnologia\\\/#listItem\",\"name\":\"M\\u00e9ndez de Vigo: \\u00ab&#8216;El espa\\u00f1ol, lengua global&#8217; impulsar\\u00e1 nuestro idioma como lengua del conocimiento y de la tecnolog\\u00eda\\u00bb\"},\"previousItem\":{\"@type\":\"ListItem\",\"@id\":\"https:\\\/\\\/www.eldigitaldeasturias.com\\\/noticias#listItem\",\"name\":\"Home\"}},{\"@type\":\"ListItem\",\"@id\":\"https:\\\/\\\/www.eldigitaldeasturias.com\\\/noticias\\\/mendez-de-vigo-el-espanol-lengua-global-impulsara-nuestro-idioma-como-lengua-del-conocimiento-y-de-la-tecnologia\\\/#listItem\",\"position\":3,\"name\":\"M\\u00e9ndez de Vigo: \\u00ab&#8216;El espa\\u00f1ol, lengua global&#8217; impulsar\\u00e1 nuestro idioma como lengua del conocimiento y de la tecnolog\\u00eda\\u00bb\",\"previousItem\":{\"@type\":\"ListItem\",\"@id\":\"https:\\\/\\\/www.eldigitaldeasturias.com\\\/noticias\\\/category\\\/actualidad\\\/#listItem\",\"name\":\"Actualidad\"}}]},{\"@type\":\"Organization\",\"@id\":\"https:\\\/\\\/www.eldigitaldeasturias.com\\\/noticias\\\/#organization\",\"name\":\"El Digital de Asturias\",\"description\":\"Hemeroteca\",\"url\":\"https:\\\/\\\/www.eldigitaldeasturias.com\\\/noticias\\\/\",\"email\":\"info@eldigitaldeasturias.com\",\"telephone\":\"+34652131393\",\"logo\":{\"@type\":\"ImageObject\",\"url\":\"https:\\\/\\\/www.eldigitaldeasturias.com\\\/noticias\\\/wp-content\\\/uploads\\\/2020\\\/12\\\/EDA.jpg\",\"@id\":\"https:\\\/\\\/www.eldigitaldeasturias.com\\\/noticias\\\/mendez-de-vigo-el-espanol-lengua-global-impulsara-nuestro-idioma-como-lengua-del-conocimiento-y-de-la-tecnologia\\\/#organizationLogo\"},\"image\":{\"@id\":\"https:\\\/\\\/www.eldigitaldeasturias.com\\\/noticias\\\/mendez-de-vigo-el-espanol-lengua-global-impulsara-nuestro-idioma-como-lengua-del-conocimiento-y-de-la-tecnologia\\\/#organizationLogo\"},\"sameAs\":[\"https:\\\/\\\/facebook.com\\\/eldigitaldeasturias\",\"https:\\\/\\\/www.youtube.com\\\/channel\\\/UCZP-2wLEB9Rv6erhFmqVnvg\"],\"address\":{\"@id\":\"https:\\\/\\\/www.eldigitaldeasturias.com\\\/noticias\\\/#postaladdress\",\"@type\":\"PostalAddress\",\"streetAddress\":\"san antonio 4\",\"postalCode\":\"33430\",\"addressLocality\":\"Cand\\u00e1s\",\"addressRegion\":\"Asturias\",\"addressCountry\":\"ES\"}},{\"@type\":\"Person\",\"@id\":\"https:\\\/\\\/www.eldigitaldeasturias.com\\\/noticias\\\/author\\\/admin\\\/#author\",\"url\":\"https:\\\/\\\/www.eldigitaldeasturias.com\\\/noticias\\\/author\\\/admin\\\/\",\"name\":\"El Digital de Asturias\",\"image\":{\"@type\":\"ImageObject\",\"@id\":\"https:\\\/\\\/www.eldigitaldeasturias.com\\\/noticias\\\/mendez-de-vigo-el-espanol-lengua-global-impulsara-nuestro-idioma-como-lengua-del-conocimiento-y-de-la-tecnologia\\\/#authorImage\",\"url\":\"https:\\\/\\\/secure.gravatar.com\\\/avatar\\\/df2aeffc32bcd13f8d26072ef8a91b623d677766deac7f97ca815868cd41bf5e?s=96&d=mm&r=g\",\"width\":96,\"height\":96,\"caption\":\"El Digital de Asturias\"}},{\"@type\":\"WebPage\",\"@id\":\"https:\\\/\\\/www.eldigitaldeasturias.com\\\/noticias\\\/mendez-de-vigo-el-espanol-lengua-global-impulsara-nuestro-idioma-como-lengua-del-conocimiento-y-de-la-tecnologia\\\/#webpage\",\"url\":\"https:\\\/\\\/www.eldigitaldeasturias.com\\\/noticias\\\/mendez-de-vigo-el-espanol-lengua-global-impulsara-nuestro-idioma-como-lengua-del-conocimiento-y-de-la-tecnologia\\\/\",\"name\":\"M\\u00e9ndez de Vigo: \\u00ab\\u2018El espa\\u00f1ol, lengua global\\u2019 impulsar\\u00e1 nuestro idioma como lengua del conocimiento y de la tecnolog\\u00eda\\u00bb - El Digital de Asturias\",\"description\":\"El ministro de Educaci\\u00f3n, Cultura y Deporte y portavoz del Gobierno, \\u00cd\\u00f1igo M\\u00e9ndez de Vigo, ha comparecido en la Comisi\\u00f3n de Cultura del Congreso de los Diputados para dar todos los detalles del proyecto 'El espa\\u00f1ol, lengua global', la estrategia de Estado recientemente presentada por el presidente del Gobierno, Mariano Rajoy, para impulsar nuestro idioma\",\"inLanguage\":\"es-ES\",\"isPartOf\":{\"@id\":\"https:\\\/\\\/www.eldigitaldeasturias.com\\\/noticias\\\/#website\"},\"breadcrumb\":{\"@id\":\"https:\\\/\\\/www.eldigitaldeasturias.com\\\/noticias\\\/mendez-de-vigo-el-espanol-lengua-global-impulsara-nuestro-idioma-como-lengua-del-conocimiento-y-de-la-tecnologia\\\/#breadcrumblist\"},\"author\":{\"@id\":\"https:\\\/\\\/www.eldigitaldeasturias.com\\\/noticias\\\/author\\\/admin\\\/#author\"},\"creator\":{\"@id\":\"https:\\\/\\\/www.eldigitaldeasturias.com\\\/noticias\\\/author\\\/admin\\\/#author\"},\"image\":{\"@type\":\"ImageObject\",\"url\":968182,\"@id\":\"https:\\\/\\\/www.eldigitaldeasturias.com\\\/noticias\\\/mendez-de-vigo-el-espanol-lengua-global-impulsara-nuestro-idioma-como-lengua-del-conocimiento-y-de-la-tecnologia\\\/#mainImage\"},\"primaryImageOfPage\":{\"@id\":\"https:\\\/\\\/www.eldigitaldeasturias.com\\\/noticias\\\/mendez-de-vigo-el-espanol-lengua-global-impulsara-nuestro-idioma-como-lengua-del-conocimiento-y-de-la-tecnologia\\\/#mainImage\"},\"datePublished\":\"2018-02-21T12:19:54+01:00\",\"dateModified\":\"2018-02-21T12:19:54+01:00\"},{\"@type\":\"WebSite\",\"@id\":\"https:\\\/\\\/www.eldigitaldeasturias.com\\\/noticias\\\/#website\",\"url\":\"https:\\\/\\\/www.eldigitaldeasturias.com\\\/noticias\\\/\",\"name\":\"El Digital de Asturias - Diario de actualidad y noticias\",\"alternateName\":\"El Digital de Asturias - Diario de actualidad y noticias\",\"description\":\"Hemeroteca\",\"inLanguage\":\"es-ES\",\"publisher\":{\"@id\":\"https:\\\/\\\/www.eldigitaldeasturias.com\\\/noticias\\\/#organization\"}}]}\n\t\t<\/script>\n\t\t<!-- All in One SEO Pro -->\r\n\t\t<title>M\u00e9ndez de Vigo: \u00ab\u2018El espa\u00f1ol, lengua global\u2019 impulsar\u00e1 nuestro idioma como lengua del conocimiento y de la tecnolog\u00eda\u00bb - El Digital de Asturias<\/title>\n\n","aioseo_head_json":{"title":"M\u00e9ndez de Vigo: \u00ab\u2018El espa\u00f1ol, lengua global\u2019 impulsar\u00e1 nuestro idioma como lengua del conocimiento y de la tecnolog\u00eda\u00bb - El Digital de Asturias","description":"El ministro de Educaci\u00f3n, Cultura y Deporte y portavoz del Gobierno, \u00cd\u00f1igo M\u00e9ndez de Vigo, ha comparecido en la Comisi\u00f3n de Cultura del Congreso de los Diputados para dar todos los detalles del proyecto 'El espa\u00f1ol, lengua global', la estrategia de Estado recientemente presentada por el presidente del Gobierno, Mariano Rajoy, para impulsar nuestro idioma","canonical_url":"https:\/\/www.eldigitaldeasturias.com\/noticias\/mendez-de-vigo-el-espanol-lengua-global-impulsara-nuestro-idioma-como-lengua-del-conocimiento-y-de-la-tecnologia\/","robots":"max-image-preview:large","keywords":"actualidad","webmasterTools":{"google-site-verification":"UA-38556648-1","msvalidate.01":"7dfe9f3f1b24437ab69f4f2559babe99","miscellaneous":""},"schema":{"@context":"https:\/\/schema.org","@graph":[{"@type":"BlogPosting","@id":"https:\/\/www.eldigitaldeasturias.com\/noticias\/mendez-de-vigo-el-espanol-lengua-global-impulsara-nuestro-idioma-como-lengua-del-conocimiento-y-de-la-tecnologia\/#blogposting","name":"M\u00e9ndez de Vigo: \u00ab\u2018El espa\u00f1ol, lengua global\u2019 impulsar\u00e1 nuestro idioma como lengua del conocimiento y de la tecnolog\u00eda\u00bb - El Digital de Asturias","headline":"M\u00e9ndez de Vigo: \u00ab&#8216;El espa\u00f1ol, lengua global&#8217; impulsar\u00e1 nuestro idioma como lengua del conocimiento y de la tecnolog\u00eda\u00bb","author":{"@id":"https:\/\/www.eldigitaldeasturias.com\/noticias\/author\/admin\/#author"},"publisher":{"@id":"https:\/\/www.eldigitaldeasturias.com\/noticias\/#organization"},"image":{"@type":"ImageObject","url":968182},"datePublished":"2018-02-21T12:19:54+01:00","dateModified":"2018-02-21T12:19:54+01:00","inLanguage":"es-ES","mainEntityOfPage":{"@id":"https:\/\/www.eldigitaldeasturias.com\/noticias\/mendez-de-vigo-el-espanol-lengua-global-impulsara-nuestro-idioma-como-lengua-del-conocimiento-y-de-la-tecnologia\/#webpage"},"isPartOf":{"@id":"https:\/\/www.eldigitaldeasturias.com\/noticias\/mendez-de-vigo-el-espanol-lengua-global-impulsara-nuestro-idioma-como-lengua-del-conocimiento-y-de-la-tecnologia\/#webpage"},"articleSection":"Actualidad"},{"@type":"BreadcrumbList","@id":"https:\/\/www.eldigitaldeasturias.com\/noticias\/mendez-de-vigo-el-espanol-lengua-global-impulsara-nuestro-idioma-como-lengua-del-conocimiento-y-de-la-tecnologia\/#breadcrumblist","itemListElement":[{"@type":"ListItem","@id":"https:\/\/www.eldigitaldeasturias.com\/noticias#listItem","position":1,"name":"Home","item":"https:\/\/www.eldigitaldeasturias.com\/noticias","nextItem":{"@type":"ListItem","@id":"https:\/\/www.eldigitaldeasturias.com\/noticias\/category\/actualidad\/#listItem","name":"Actualidad"}},{"@type":"ListItem","@id":"https:\/\/www.eldigitaldeasturias.com\/noticias\/category\/actualidad\/#listItem","position":2,"name":"Actualidad","item":"https:\/\/www.eldigitaldeasturias.com\/noticias\/category\/actualidad\/","nextItem":{"@type":"ListItem","@id":"https:\/\/www.eldigitaldeasturias.com\/noticias\/mendez-de-vigo-el-espanol-lengua-global-impulsara-nuestro-idioma-como-lengua-del-conocimiento-y-de-la-tecnologia\/#listItem","name":"M\u00e9ndez de Vigo: \u00ab&#8216;El espa\u00f1ol, lengua global&#8217; impulsar\u00e1 nuestro idioma como lengua del conocimiento y de la tecnolog\u00eda\u00bb"},"previousItem":{"@type":"ListItem","@id":"https:\/\/www.eldigitaldeasturias.com\/noticias#listItem","name":"Home"}},{"@type":"ListItem","@id":"https:\/\/www.eldigitaldeasturias.com\/noticias\/mendez-de-vigo-el-espanol-lengua-global-impulsara-nuestro-idioma-como-lengua-del-conocimiento-y-de-la-tecnologia\/#listItem","position":3,"name":"M\u00e9ndez de Vigo: \u00ab&#8216;El espa\u00f1ol, lengua global&#8217; impulsar\u00e1 nuestro idioma como lengua del conocimiento y de la tecnolog\u00eda\u00bb","previousItem":{"@type":"ListItem","@id":"https:\/\/www.eldigitaldeasturias.com\/noticias\/category\/actualidad\/#listItem","name":"Actualidad"}}]},{"@type":"Organization","@id":"https:\/\/www.eldigitaldeasturias.com\/noticias\/#organization","name":"El Digital de Asturias","description":"Hemeroteca","url":"https:\/\/www.eldigitaldeasturias.com\/noticias\/","email":"info@eldigitaldeasturias.com","telephone":"+34652131393","logo":{"@type":"ImageObject","url":"https:\/\/www.eldigitaldeasturias.com\/noticias\/wp-content\/uploads\/2020\/12\/EDA.jpg","@id":"https:\/\/www.eldigitaldeasturias.com\/noticias\/mendez-de-vigo-el-espanol-lengua-global-impulsara-nuestro-idioma-como-lengua-del-conocimiento-y-de-la-tecnologia\/#organizationLogo"},"image":{"@id":"https:\/\/www.eldigitaldeasturias.com\/noticias\/mendez-de-vigo-el-espanol-lengua-global-impulsara-nuestro-idioma-como-lengua-del-conocimiento-y-de-la-tecnologia\/#organizationLogo"},"sameAs":["https:\/\/facebook.com\/eldigitaldeasturias","https:\/\/www.youtube.com\/channel\/UCZP-2wLEB9Rv6erhFmqVnvg"],"address":{"@id":"https:\/\/www.eldigitaldeasturias.com\/noticias\/#postaladdress","@type":"PostalAddress","streetAddress":"san antonio 4","postalCode":"33430","addressLocality":"Cand\u00e1s","addressRegion":"Asturias","addressCountry":"ES"}},{"@type":"Person","@id":"https:\/\/www.eldigitaldeasturias.com\/noticias\/author\/admin\/#author","url":"https:\/\/www.eldigitaldeasturias.com\/noticias\/author\/admin\/","name":"El Digital de Asturias","image":{"@type":"ImageObject","@id":"https:\/\/www.eldigitaldeasturias.com\/noticias\/mendez-de-vigo-el-espanol-lengua-global-impulsara-nuestro-idioma-como-lengua-del-conocimiento-y-de-la-tecnologia\/#authorImage","url":"https:\/\/secure.gravatar.com\/avatar\/df2aeffc32bcd13f8d26072ef8a91b623d677766deac7f97ca815868cd41bf5e?s=96&d=mm&r=g","width":96,"height":96,"caption":"El Digital de Asturias"}},{"@type":"WebPage","@id":"https:\/\/www.eldigitaldeasturias.com\/noticias\/mendez-de-vigo-el-espanol-lengua-global-impulsara-nuestro-idioma-como-lengua-del-conocimiento-y-de-la-tecnologia\/#webpage","url":"https:\/\/www.eldigitaldeasturias.com\/noticias\/mendez-de-vigo-el-espanol-lengua-global-impulsara-nuestro-idioma-como-lengua-del-conocimiento-y-de-la-tecnologia\/","name":"M\u00e9ndez de Vigo: \u00ab\u2018El espa\u00f1ol, lengua global\u2019 impulsar\u00e1 nuestro idioma como lengua del conocimiento y de la tecnolog\u00eda\u00bb - El Digital de Asturias","description":"El ministro de Educaci\u00f3n, Cultura y Deporte y portavoz del Gobierno, \u00cd\u00f1igo M\u00e9ndez de Vigo, ha comparecido en la Comisi\u00f3n de Cultura del Congreso de los Diputados para dar todos los detalles del proyecto 'El espa\u00f1ol, lengua global', la estrategia de Estado recientemente presentada por el presidente del Gobierno, Mariano Rajoy, para impulsar nuestro idioma","inLanguage":"es-ES","isPartOf":{"@id":"https:\/\/www.eldigitaldeasturias.com\/noticias\/#website"},"breadcrumb":{"@id":"https:\/\/www.eldigitaldeasturias.com\/noticias\/mendez-de-vigo-el-espanol-lengua-global-impulsara-nuestro-idioma-como-lengua-del-conocimiento-y-de-la-tecnologia\/#breadcrumblist"},"author":{"@id":"https:\/\/www.eldigitaldeasturias.com\/noticias\/author\/admin\/#author"},"creator":{"@id":"https:\/\/www.eldigitaldeasturias.com\/noticias\/author\/admin\/#author"},"image":{"@type":"ImageObject","url":968182,"@id":"https:\/\/www.eldigitaldeasturias.com\/noticias\/mendez-de-vigo-el-espanol-lengua-global-impulsara-nuestro-idioma-como-lengua-del-conocimiento-y-de-la-tecnologia\/#mainImage"},"primaryImageOfPage":{"@id":"https:\/\/www.eldigitaldeasturias.com\/noticias\/mendez-de-vigo-el-espanol-lengua-global-impulsara-nuestro-idioma-como-lengua-del-conocimiento-y-de-la-tecnologia\/#mainImage"},"datePublished":"2018-02-21T12:19:54+01:00","dateModified":"2018-02-21T12:19:54+01:00"},{"@type":"WebSite","@id":"https:\/\/www.eldigitaldeasturias.com\/noticias\/#website","url":"https:\/\/www.eldigitaldeasturias.com\/noticias\/","name":"El Digital de Asturias - Diario de actualidad y noticias","alternateName":"El Digital de Asturias - Diario de actualidad y noticias","description":"Hemeroteca","inLanguage":"es-ES","publisher":{"@id":"https:\/\/www.eldigitaldeasturias.com\/noticias\/#organization"}}]},"og:locale":"es_ES","og:site_name":"El Digital de Asturias","og:type":"article","og:title":"M\u00e9ndez de Vigo: \u00ab\u2018El espa\u00f1ol, lengua global\u2019 impulsar\u00e1 nuestro idioma como lengua del conocimiento y de la tecnolog\u00eda\u00bb - El Digital de Asturias","og:description":"El ministro de Educaci\u00f3n, Cultura y Deporte y portavoz del Gobierno, \u00cd\u00f1igo M\u00e9ndez de Vigo, ha comparecido en la Comisi\u00f3n de Cultura del Congreso de los Diputados para dar todos los detalles del proyecto 'El espa\u00f1ol, lengua global', la estrategia de Estado recientemente presentada por el presidente del Gobierno, Mariano Rajoy, para impulsar nuestro idioma","og:url":"https:\/\/www.eldigitaldeasturias.com\/noticias\/mendez-de-vigo-el-espanol-lengua-global-impulsara-nuestro-idioma-como-lengua-del-conocimiento-y-de-la-tecnologia\/","article:tag":["actualidad"],"article:published_time":"2018-02-21T12:19:54+00:00","article:modified_time":"2018-02-21T12:19:54+00:00","article:publisher":"https:\/\/facebook.com\/eldigitaldeasturias","twitter:card":"summary_large_image","twitter:title":"M\u00e9ndez de Vigo: \u00ab\u2018El espa\u00f1ol, lengua global\u2019 impulsar\u00e1 nuestro idioma como lengua del conocimiento y de la tecnolog\u00eda\u00bb - El Digital de Asturias","twitter:description":"El ministro de Educaci\u00f3n, Cultura y Deporte y portavoz del Gobierno, \u00cd\u00f1igo M\u00e9ndez de Vigo, ha comparecido en la Comisi\u00f3n de Cultura del Congreso de los Diputados para dar todos los detalles del proyecto 'El espa\u00f1ol, lengua global', la estrategia de Estado recientemente presentada por el presidente del Gobierno, Mariano Rajoy, para impulsar nuestro idioma","twitter:image":"https:\/\/www.eldigitaldeasturias.com\/noticias\/wp-content\/uploads\/2020\/12\/EDA-1.jpg","twitter:label1":"Escrito por","twitter:data1":"El Digital de Asturias","twitter:label2":"Tiempo de lectura estimado","twitter:data2":"3 minutos"},"aioseo_meta_data":{"post_id":"969744","title":null,"description":null,"keywords":null,"keyphrases":null,"primary_term":null,"canonical_url":null,"og_title":null,"og_description":null,"og_object_type":"default","og_image_type":"default","og_image_url":null,"og_image_width":null,"og_image_height":null,"og_image_custom_url":null,"og_image_custom_fields":null,"og_video":null,"og_custom_url":null,"og_article_section":null,"og_article_tags":null,"twitter_use_og":false,"twitter_card":"default","twitter_image_type":"default","twitter_image_url":null,"twitter_image_custom_url":null,"twitter_image_custom_fields":null,"twitter_title":null,"twitter_description":null,"schema":{"blockGraphs":[],"customGraphs":[],"default":{"data":{"Article":[],"Course":[],"Dataset":[],"FAQPage":[],"Movie":[],"Person":[],"Product":[],"ProductReview":[],"Car":[],"Recipe":[],"Service":[],"SoftwareApplication":[],"WebPage":[]},"graphName":"","isEnabled":true},"graphs":[],"defaultGraph":"","defaultPostTypeGraph":""},"schema_type":null,"schema_type_options":null,"pillar_content":false,"robots_default":true,"robots_noindex":false,"robots_noarchive":false,"robots_nosnippet":false,"robots_nofollow":false,"robots_noimageindex":false,"robots_noodp":false,"robots_notranslate":false,"robots_max_snippet":null,"robots_max_videopreview":null,"robots_max_imagepreview":"large","priority":null,"frequency":null,"local_seo":null,"seo_analyzer_scan_date":"2025-10-07 03:13:46","breadcrumb_settings":null,"limit_modified_date":false,"open_ai":null,"ai":null,"created":"2020-12-21 12:26:38","updated":"2025-10-07 03:13:46","focus_keyword":null,"additional_keywords":null,"truseo_locale":null},"aioseo_breadcrumb":"<div class=\"aioseo-breadcrumbs\"><span class=\"aioseo-breadcrumb\">\n\t<a href=\"https:\/\/www.eldigitaldeasturias.com\/noticias\" title=\"Home\">Home<\/a>\n<\/span><span class=\"aioseo-breadcrumb-separator\">\u2013<\/span><span class=\"aioseo-breadcrumb\">\n\t<a href=\"https:\/\/www.eldigitaldeasturias.com\/noticias\/category\/actualidad\/\" title=\"Actualidad\">Actualidad<\/a>\n<\/span><span class=\"aioseo-breadcrumb-separator\">\u2013<\/span><span class=\"aioseo-breadcrumb\">\n\t<a href=\"https:\/\/www.eldigitaldeasturias.com\/noticias\/mendez-de-vigo-el-espanol-lengua-global-impulsara-nuestro-idioma-como-lengua-del-conocimiento-y-de-la-tecnologia\/\" title=\"M\u00e9ndez de Vigo: \u00ab\u2018El espa\u00f1ol, lengua global\u2019 impulsar\u00e1 nuestro idioma como lengua del conocimiento y de la tecnolog\u00eda\u00bb\">M\u00e9ndez de Vigo: \u00ab\u2018El espa\u00f1ol, lengua global\u2019 impulsar\u00e1 nuestro idioma como lengua del conocimiento y de la tecnolog\u00eda\u00bb<\/a>\n<\/span><\/div>","aioseo_breadcrumb_json":[{"label":"Home","link":"https:\/\/www.eldigitaldeasturias.com\/noticias"},{"label":"Actualidad","link":"https:\/\/www.eldigitaldeasturias.com\/noticias\/category\/actualidad\/"},{"label":"M\u00e9ndez de Vigo: \u00ab&#8216;El espa\u00f1ol, lengua global&#8217; impulsar\u00e1 nuestro idioma como lengua del conocimiento y de la tecnolog\u00eda\u00bb","link":"https:\/\/www.eldigitaldeasturias.com\/noticias\/mendez-de-vigo-el-espanol-lengua-global-impulsara-nuestro-idioma-como-lengua-del-conocimiento-y-de-la-tecnologia\/"}],"_links":{"self":[{"href":"https:\/\/www.eldigitaldeasturias.com\/noticias\/wp-json\/wp\/v2\/posts\/969744","targetHints":{"allow":["GET"]}}],"collection":[{"href":"https:\/\/www.eldigitaldeasturias.com\/noticias\/wp-json\/wp\/v2\/posts"}],"about":[{"href":"https:\/\/www.eldigitaldeasturias.com\/noticias\/wp-json\/wp\/v2\/types\/post"}],"author":[{"embeddable":true,"href":"https:\/\/www.eldigitaldeasturias.com\/noticias\/wp-json\/wp\/v2\/users\/1"}],"replies":[{"embeddable":true,"href":"https:\/\/www.eldigitaldeasturias.com\/noticias\/wp-json\/wp\/v2\/comments?post=969744"}],"version-history":[{"count":0,"href":"https:\/\/www.eldigitaldeasturias.com\/noticias\/wp-json\/wp\/v2\/posts\/969744\/revisions"}],"wp:attachment":[{"href":"https:\/\/www.eldigitaldeasturias.com\/noticias\/wp-json\/wp\/v2\/media?parent=969744"}],"wp:term":[{"taxonomy":"category","embeddable":true,"href":"https:\/\/www.eldigitaldeasturias.com\/noticias\/wp-json\/wp\/v2\/categories?post=969744"},{"taxonomy":"post_tag","embeddable":true,"href":"https:\/\/www.eldigitaldeasturias.com\/noticias\/wp-json\/wp\/v2\/tags?post=969744"}],"curies":[{"name":"wp","href":"https:\/\/api.w.org\/{rel}","templated":true}]}}