{"id":969660,"date":"2018-02-20T22:02:02","date_gmt":"2018-02-20T22:02:02","guid":{"rendered":"http:\/\/www.eldigitaldeasturias.com\/noticias\/?p=969660"},"modified":"2018-02-20T22:02:02","modified_gmt":"2018-02-20T22:02:02","slug":"upyd-sienta-en-avila-las-lineas-de-trabajo-de-cara-las-elecciones-de-2019","status":"publish","type":"post","link":"https:\/\/www.eldigitaldeasturias.com\/noticias\/upyd-sienta-en-avila-las-lineas-de-trabajo-de-cara-las-elecciones-de-2019\/","title":{"rendered":"UPYD sienta en \u00c1vila las l\u00edneas de trabajo de cara las elecciones de 2019"},"content":{"rendered":"<p><img loading=\"lazy\" decoding=\"async\" class=\"alignleft size-medium wp-image-969661\" src=\"https:\/\/www.eldigitaldeasturias.com\/noticias\/wp-content\/uploads\/2018\/02\/Upyd-Avila-IP-360x270.jpg\" alt=\"\" width=\"360\" height=\"270\" \/>El Consejo de Direcci\u00f3n de UPYD celebr\u00f3 este fin de semana un stage en \u00c1vila para, aparte de reunirse con afiliados, simpatizantes y colectivos sociales de la zona, convocar una reuni\u00f3n de su ejecutiva en la que se sentaron las bases de trabajo con vistas a los distintos comicios que tendr\u00e1n lugar el pr\u00f3ximo a\u00f1o.<\/p>\n<p>Cristiano Brown, portavoz nacional de UPYD, atendi\u00f3 a los medios de comunicaci\u00f3n convocados y mostr\u00f3 su optimismo tras las reuniones celebradas por \u201c<strong>formar parte de un partido pol\u00edtico que, viendo los problemas que sigue padeciendo Espa\u00f1a y el poco nivel que existe hoy en pol\u00edtica, es muy necesario<\/strong>\u201d.<\/p>\n<p>Preguntado por los medios acerca de las f\u00f3rmulas que UPYD baraja para presentarse a las elecciones europeas, auton\u00f3micas y municipales de 2019 y sobre si la formaci\u00f3n magenta valora concurrir junto a otros partidos pol\u00edticos, Brown afirm\u00f3 que \u201c<strong>UPYD es un partido abierto, flexible y por lo tanto, barajaremos todos los escenarios posibles<\/strong>\u201d pero matiz\u00f3 que \u201c<strong>en ning\u00fan caso vamos a renunciar ni a nuestros principios ni a nuestras siglas<\/strong>\u201d.<\/p>\n<p>El l\u00edder de Uni\u00f3n Progreso y Democracia (UPYD) manifest\u00f3 que \u201c<strong>a d\u00eda de hoy, tenemos un partido saneado en t\u00e9rminos econ\u00f3micos, con mayor poder para materializar nuestras propuestas en acciones concretas, con un legado pol\u00edtico muy positivo, con una estructura org\u00e1nica en toda Espa\u00f1a y por ello, con unas bases humanas para llevar a cabo ese trabajo que nos encomendamos desde la direcci\u00f3n<\/strong>\u201d.<\/p>\n<p>Para Brown, la reuni\u00f3n que el Consejo de Direcci\u00f3n de UPYD celebr\u00f3 en \u00c1vila, \u201c<strong>sirvi\u00f3 para consolidar el trabajo que este Consejo de Direcci\u00f3n viene desempe\u00f1ando en este a\u00f1o que llevamos al frente del partido<\/strong>\u201d y es que tanto Brown, que es concejal de UPYD en Las Rozas, como el resto de la direcci\u00f3n de la formaci\u00f3n progresista, fueron elegidos en primarias hace un a\u00f1o en el III Congreso Nacional que UPYD celebr\u00f3 en Alcal\u00e1 de Henares.<\/p>\n<p>Brown concluy\u00f3 su intervenci\u00f3n ante los medios de comunicaci\u00f3n, marcando las elecciones de 2019 como \u201c<strong>claves<\/strong>\u201d para su partido y en especial, las elecciones europeas, donde UPYD obtuvo 4 eurodiputados y como se\u00f1al\u00f3 su portavoz nacional, \u201c<strong>tenemos, por ley, derechos de participaci\u00f3n en medios de comunicaci\u00f3n y nos debemos a ese 1.022.232 personas que confiaron en Uni\u00f3n Progreso y Democracia, adem\u00e1s del trabajo que venimos realizando en el Parlamento Europeo desde el a\u00f1o 2009<\/strong>\u201d.<\/p>\n<p>&nbsp;<\/p>\n","protected":false},"excerpt":{"rendered":"<p>El Consejo de Direcci\u00f3n de UPYD celebr\u00f3 este fin de semana un stage en \u00c1vila para, aparte de reunirse con afiliados, simpatizantes y colectivos sociales de la zona, convocar una reuni\u00f3n de su ejecutiva en la que se sentaron las bases de trabajo con vistas a los distintos comicios que tendr\u00e1n lugar el pr\u00f3ximo a\u00f1o. [&hellip;]<\/p>\n","protected":false},"author":1,"featured_media":969661,"comment_status":"closed","ping_status":"closed","sticky":false,"template":"","format":"standard","meta":{"footnotes":""},"categories":[1],"tags":[],"class_list":["post-969660","post","type-post","status-publish","format-standard","has-post-thumbnail","hentry","category-actualidad"],"aioseo_notices":[],"aioseo_head":"\n\t\t<!-- All in One SEO Pro 5.0.1 - aioseo.com -->\n\t<meta name=\"description\" content=\"El Consejo de Direcci\u00f3n de UPYD celebr\u00f3 este fin de semana un stage en \u00c1vila para, aparte de reunirse con afiliados, simpatizantes y colectivos sociales de la zona, convocar una reuni\u00f3n de su ejecutiva en la que se sentaron las bases de trabajo con vistas a los distintos comicios que tendr\u00e1n lugar el pr\u00f3ximo a\u00f1o.\" \/>\n\t<meta name=\"robots\" content=\"max-image-preview:large\" \/>\n\t<meta name=\"author\" content=\"El Digital de Asturias\"\/>\n\t<meta name=\"google-site-verification\" content=\"UA-38556648-1\" \/>\n\t<meta name=\"msvalidate.01\" content=\"7dfe9f3f1b24437ab69f4f2559babe99\" \/>\n\t<meta name=\"keywords\" content=\"actualidad\" \/>\n\t<link rel=\"canonical\" href=\"https:\/\/www.eldigitaldeasturias.com\/noticias\/upyd-sienta-en-avila-las-lineas-de-trabajo-de-cara-las-elecciones-de-2019\/\" \/>\n\t<meta name=\"generator\" content=\"All in One SEO Pro (AIOSEO) 5.0.1\" \/>\n\t\t<meta property=\"og:locale\" content=\"es_ES\" \/>\n\t\t<meta property=\"og:site_name\" content=\"El Digital de Asturias\" \/>\n\t\t<meta property=\"og:type\" content=\"article\" \/>\n\t\t<meta property=\"og:title\" content=\"UPYD sienta en \u00c1vila las l\u00edneas de trabajo de cara las elecciones de 2019 - El Digital de Asturias\" \/>\n\t\t<meta property=\"og:description\" content=\"El Consejo de Direcci\u00f3n de UPYD celebr\u00f3 este fin de semana un stage en \u00c1vila para, aparte de reunirse con afiliados, simpatizantes y colectivos sociales de la zona, convocar una reuni\u00f3n de su ejecutiva en la que se sentaron las bases de trabajo con vistas a los distintos comicios que tendr\u00e1n lugar el pr\u00f3ximo a\u00f1o.\" \/>\n\t\t<meta property=\"og:url\" content=\"https:\/\/www.eldigitaldeasturias.com\/noticias\/upyd-sienta-en-avila-las-lineas-de-trabajo-de-cara-las-elecciones-de-2019\/\" \/>\n\t\t<meta property=\"article:tag\" content=\"actualidad\" \/>\n\t\t<meta property=\"article:published_time\" content=\"2018-02-20T22:02:02+00:00\" \/>\n\t\t<meta property=\"article:modified_time\" content=\"2018-02-20T22:02:02+00:00\" \/>\n\t\t<meta property=\"article:publisher\" content=\"https:\/\/facebook.com\/eldigitaldeasturias\" \/>\n\t\t<meta name=\"twitter:card\" content=\"summary_large_image\" \/>\n\t\t<meta name=\"twitter:title\" content=\"UPYD sienta en \u00c1vila las l\u00edneas de trabajo de cara las elecciones de 2019 - El Digital de Asturias\" \/>\n\t\t<meta name=\"twitter:description\" content=\"El Consejo de Direcci\u00f3n de UPYD celebr\u00f3 este fin de semana un stage en \u00c1vila para, aparte de reunirse con afiliados, simpatizantes y colectivos sociales de la zona, convocar una reuni\u00f3n de su ejecutiva en la que se sentaron las bases de trabajo con vistas a los distintos comicios que tendr\u00e1n lugar el pr\u00f3ximo a\u00f1o.\" \/>\n\t\t<meta name=\"twitter:image\" content=\"https:\/\/www.eldigitaldeasturias.com\/noticias\/wp-content\/uploads\/2020\/12\/EDA-1.jpg\" \/>\n\t\t<meta name=\"twitter:label1\" content=\"Escrito por\" \/>\n\t\t<meta name=\"twitter:data1\" content=\"El Digital de Asturias\" \/>\n\t\t<meta name=\"twitter:label2\" content=\"Tiempo de lectura estimado\" \/>\n\t\t<meta name=\"twitter:data2\" content=\"2 minutos\" \/>\n\t\t<script type=\"application\/ld+json\" class=\"aioseo-schema\">\n\t\t\t{\"@context\":\"https:\\\/\\\/schema.org\",\"@graph\":[{\"@type\":\"BlogPosting\",\"@id\":\"https:\\\/\\\/www.eldigitaldeasturias.com\\\/noticias\\\/upyd-sienta-en-avila-las-lineas-de-trabajo-de-cara-las-elecciones-de-2019\\\/#blogposting\",\"name\":\"UPYD sienta en \\u00c1vila las l\\u00edneas de trabajo de cara las elecciones de 2019 - El Digital de Asturias\",\"headline\":\"UPYD sienta en \\u00c1vila las l\\u00edneas de trabajo de cara las elecciones de 2019\",\"author\":{\"@id\":\"https:\\\/\\\/www.eldigitaldeasturias.com\\\/noticias\\\/author\\\/admin\\\/#author\"},\"publisher\":{\"@id\":\"https:\\\/\\\/www.eldigitaldeasturias.com\\\/noticias\\\/#organization\"},\"image\":{\"@type\":\"ImageObject\",\"url\":969661},\"datePublished\":\"2018-02-20T22:02:02+01:00\",\"dateModified\":\"2018-02-20T22:02:02+01:00\",\"inLanguage\":\"es-ES\",\"mainEntityOfPage\":{\"@id\":\"https:\\\/\\\/www.eldigitaldeasturias.com\\\/noticias\\\/upyd-sienta-en-avila-las-lineas-de-trabajo-de-cara-las-elecciones-de-2019\\\/#webpage\"},\"isPartOf\":{\"@id\":\"https:\\\/\\\/www.eldigitaldeasturias.com\\\/noticias\\\/upyd-sienta-en-avila-las-lineas-de-trabajo-de-cara-las-elecciones-de-2019\\\/#webpage\"},\"articleSection\":\"Actualidad\"},{\"@type\":\"BreadcrumbList\",\"@id\":\"https:\\\/\\\/www.eldigitaldeasturias.com\\\/noticias\\\/upyd-sienta-en-avila-las-lineas-de-trabajo-de-cara-las-elecciones-de-2019\\\/#breadcrumblist\",\"itemListElement\":[{\"@type\":\"ListItem\",\"@id\":\"https:\\\/\\\/www.eldigitaldeasturias.com\\\/noticias#listItem\",\"position\":1,\"name\":\"Home\",\"item\":\"https:\\\/\\\/www.eldigitaldeasturias.com\\\/noticias\",\"nextItem\":{\"@type\":\"ListItem\",\"@id\":\"https:\\\/\\\/www.eldigitaldeasturias.com\\\/noticias\\\/category\\\/actualidad\\\/#listItem\",\"name\":\"Actualidad\"}},{\"@type\":\"ListItem\",\"@id\":\"https:\\\/\\\/www.eldigitaldeasturias.com\\\/noticias\\\/category\\\/actualidad\\\/#listItem\",\"position\":2,\"name\":\"Actualidad\",\"item\":\"https:\\\/\\\/www.eldigitaldeasturias.com\\\/noticias\\\/category\\\/actualidad\\\/\",\"nextItem\":{\"@type\":\"ListItem\",\"@id\":\"https:\\\/\\\/www.eldigitaldeasturias.com\\\/noticias\\\/upyd-sienta-en-avila-las-lineas-de-trabajo-de-cara-las-elecciones-de-2019\\\/#listItem\",\"name\":\"UPYD sienta en \\u00c1vila las l\\u00edneas de trabajo de cara las elecciones de 2019\"},\"previousItem\":{\"@type\":\"ListItem\",\"@id\":\"https:\\\/\\\/www.eldigitaldeasturias.com\\\/noticias#listItem\",\"name\":\"Home\"}},{\"@type\":\"ListItem\",\"@id\":\"https:\\\/\\\/www.eldigitaldeasturias.com\\\/noticias\\\/upyd-sienta-en-avila-las-lineas-de-trabajo-de-cara-las-elecciones-de-2019\\\/#listItem\",\"position\":3,\"name\":\"UPYD sienta en \\u00c1vila las l\\u00edneas de trabajo de cara las elecciones de 2019\",\"previousItem\":{\"@type\":\"ListItem\",\"@id\":\"https:\\\/\\\/www.eldigitaldeasturias.com\\\/noticias\\\/category\\\/actualidad\\\/#listItem\",\"name\":\"Actualidad\"}}]},{\"@type\":\"Organization\",\"@id\":\"https:\\\/\\\/www.eldigitaldeasturias.com\\\/noticias\\\/#organization\",\"name\":\"El Digital de Asturias\",\"description\":\"Hemeroteca\",\"url\":\"https:\\\/\\\/www.eldigitaldeasturias.com\\\/noticias\\\/\",\"email\":\"info@eldigitaldeasturias.com\",\"telephone\":\"+34652131393\",\"logo\":{\"@type\":\"ImageObject\",\"url\":\"https:\\\/\\\/www.eldigitaldeasturias.com\\\/noticias\\\/wp-content\\\/uploads\\\/2020\\\/12\\\/EDA.jpg\",\"@id\":\"https:\\\/\\\/www.eldigitaldeasturias.com\\\/noticias\\\/upyd-sienta-en-avila-las-lineas-de-trabajo-de-cara-las-elecciones-de-2019\\\/#organizationLogo\"},\"image\":{\"@id\":\"https:\\\/\\\/www.eldigitaldeasturias.com\\\/noticias\\\/upyd-sienta-en-avila-las-lineas-de-trabajo-de-cara-las-elecciones-de-2019\\\/#organizationLogo\"},\"sameAs\":[\"https:\\\/\\\/facebook.com\\\/eldigitaldeasturias\",\"https:\\\/\\\/www.youtube.com\\\/channel\\\/UCZP-2wLEB9Rv6erhFmqVnvg\"],\"address\":{\"@id\":\"https:\\\/\\\/www.eldigitaldeasturias.com\\\/noticias\\\/#postaladdress\",\"@type\":\"PostalAddress\",\"streetAddress\":\"san antonio 4\",\"postalCode\":\"33430\",\"addressLocality\":\"Cand\\u00e1s\",\"addressRegion\":\"Asturias\",\"addressCountry\":\"ES\"}},{\"@type\":\"Person\",\"@id\":\"https:\\\/\\\/www.eldigitaldeasturias.com\\\/noticias\\\/author\\\/admin\\\/#author\",\"url\":\"https:\\\/\\\/www.eldigitaldeasturias.com\\\/noticias\\\/author\\\/admin\\\/\",\"name\":\"El Digital de Asturias\",\"image\":{\"@type\":\"ImageObject\",\"@id\":\"https:\\\/\\\/www.eldigitaldeasturias.com\\\/noticias\\\/upyd-sienta-en-avila-las-lineas-de-trabajo-de-cara-las-elecciones-de-2019\\\/#authorImage\",\"url\":\"https:\\\/\\\/secure.gravatar.com\\\/avatar\\\/df2aeffc32bcd13f8d26072ef8a91b623d677766deac7f97ca815868cd41bf5e?s=96&d=mm&r=g\",\"width\":96,\"height\":96,\"caption\":\"El Digital de Asturias\"}},{\"@type\":\"WebPage\",\"@id\":\"https:\\\/\\\/www.eldigitaldeasturias.com\\\/noticias\\\/upyd-sienta-en-avila-las-lineas-de-trabajo-de-cara-las-elecciones-de-2019\\\/#webpage\",\"url\":\"https:\\\/\\\/www.eldigitaldeasturias.com\\\/noticias\\\/upyd-sienta-en-avila-las-lineas-de-trabajo-de-cara-las-elecciones-de-2019\\\/\",\"name\":\"UPYD sienta en \\u00c1vila las l\\u00edneas de trabajo de cara las elecciones de 2019 - El Digital de Asturias\",\"description\":\"El Consejo de Direcci\\u00f3n de UPYD celebr\\u00f3 este fin de semana un stage en \\u00c1vila para, aparte de reunirse con afiliados, simpatizantes y colectivos sociales de la zona, convocar una reuni\\u00f3n de su ejecutiva en la que se sentaron las bases de trabajo con vistas a los distintos comicios que tendr\\u00e1n lugar el pr\\u00f3ximo a\\u00f1o.\",\"inLanguage\":\"es-ES\",\"isPartOf\":{\"@id\":\"https:\\\/\\\/www.eldigitaldeasturias.com\\\/noticias\\\/#website\"},\"breadcrumb\":{\"@id\":\"https:\\\/\\\/www.eldigitaldeasturias.com\\\/noticias\\\/upyd-sienta-en-avila-las-lineas-de-trabajo-de-cara-las-elecciones-de-2019\\\/#breadcrumblist\"},\"author\":{\"@id\":\"https:\\\/\\\/www.eldigitaldeasturias.com\\\/noticias\\\/author\\\/admin\\\/#author\"},\"creator\":{\"@id\":\"https:\\\/\\\/www.eldigitaldeasturias.com\\\/noticias\\\/author\\\/admin\\\/#author\"},\"image\":{\"@type\":\"ImageObject\",\"url\":969661,\"@id\":\"https:\\\/\\\/www.eldigitaldeasturias.com\\\/noticias\\\/upyd-sienta-en-avila-las-lineas-de-trabajo-de-cara-las-elecciones-de-2019\\\/#mainImage\"},\"primaryImageOfPage\":{\"@id\":\"https:\\\/\\\/www.eldigitaldeasturias.com\\\/noticias\\\/upyd-sienta-en-avila-las-lineas-de-trabajo-de-cara-las-elecciones-de-2019\\\/#mainImage\"},\"datePublished\":\"2018-02-20T22:02:02+01:00\",\"dateModified\":\"2018-02-20T22:02:02+01:00\"},{\"@type\":\"WebSite\",\"@id\":\"https:\\\/\\\/www.eldigitaldeasturias.com\\\/noticias\\\/#website\",\"url\":\"https:\\\/\\\/www.eldigitaldeasturias.com\\\/noticias\\\/\",\"name\":\"El Digital de Asturias - Diario de actualidad y noticias\",\"alternateName\":\"El Digital de Asturias - Diario de actualidad y noticias\",\"description\":\"Hemeroteca\",\"inLanguage\":\"es-ES\",\"publisher\":{\"@id\":\"https:\\\/\\\/www.eldigitaldeasturias.com\\\/noticias\\\/#organization\"}}]}\n\t\t<\/script>\n\t\t<!-- All in One SEO Pro -->\r\n\t\t<title>UPYD sienta en \u00c1vila las l\u00edneas de trabajo de cara las elecciones de 2019 - El Digital de Asturias<\/title>\n\n","aioseo_head_json":{"title":"UPYD sienta en \u00c1vila las l\u00edneas de trabajo de cara las elecciones de 2019 - El Digital de Asturias","description":"El Consejo de Direcci\u00f3n de UPYD celebr\u00f3 este fin de semana un stage en \u00c1vila para, aparte de reunirse con afiliados, simpatizantes y colectivos sociales de la zona, convocar una reuni\u00f3n de su ejecutiva en la que se sentaron las bases de trabajo con vistas a los distintos comicios que tendr\u00e1n lugar el pr\u00f3ximo a\u00f1o.","canonical_url":"https:\/\/www.eldigitaldeasturias.com\/noticias\/upyd-sienta-en-avila-las-lineas-de-trabajo-de-cara-las-elecciones-de-2019\/","robots":"max-image-preview:large","keywords":"actualidad","webmasterTools":{"google-site-verification":"UA-38556648-1","msvalidate.01":"7dfe9f3f1b24437ab69f4f2559babe99","miscellaneous":""},"schema":{"@context":"https:\/\/schema.org","@graph":[{"@type":"BlogPosting","@id":"https:\/\/www.eldigitaldeasturias.com\/noticias\/upyd-sienta-en-avila-las-lineas-de-trabajo-de-cara-las-elecciones-de-2019\/#blogposting","name":"UPYD sienta en \u00c1vila las l\u00edneas de trabajo de cara las elecciones de 2019 - El Digital de Asturias","headline":"UPYD sienta en \u00c1vila las l\u00edneas de trabajo de cara las elecciones de 2019","author":{"@id":"https:\/\/www.eldigitaldeasturias.com\/noticias\/author\/admin\/#author"},"publisher":{"@id":"https:\/\/www.eldigitaldeasturias.com\/noticias\/#organization"},"image":{"@type":"ImageObject","url":969661},"datePublished":"2018-02-20T22:02:02+01:00","dateModified":"2018-02-20T22:02:02+01:00","inLanguage":"es-ES","mainEntityOfPage":{"@id":"https:\/\/www.eldigitaldeasturias.com\/noticias\/upyd-sienta-en-avila-las-lineas-de-trabajo-de-cara-las-elecciones-de-2019\/#webpage"},"isPartOf":{"@id":"https:\/\/www.eldigitaldeasturias.com\/noticias\/upyd-sienta-en-avila-las-lineas-de-trabajo-de-cara-las-elecciones-de-2019\/#webpage"},"articleSection":"Actualidad"},{"@type":"BreadcrumbList","@id":"https:\/\/www.eldigitaldeasturias.com\/noticias\/upyd-sienta-en-avila-las-lineas-de-trabajo-de-cara-las-elecciones-de-2019\/#breadcrumblist","itemListElement":[{"@type":"ListItem","@id":"https:\/\/www.eldigitaldeasturias.com\/noticias#listItem","position":1,"name":"Home","item":"https:\/\/www.eldigitaldeasturias.com\/noticias","nextItem":{"@type":"ListItem","@id":"https:\/\/www.eldigitaldeasturias.com\/noticias\/category\/actualidad\/#listItem","name":"Actualidad"}},{"@type":"ListItem","@id":"https:\/\/www.eldigitaldeasturias.com\/noticias\/category\/actualidad\/#listItem","position":2,"name":"Actualidad","item":"https:\/\/www.eldigitaldeasturias.com\/noticias\/category\/actualidad\/","nextItem":{"@type":"ListItem","@id":"https:\/\/www.eldigitaldeasturias.com\/noticias\/upyd-sienta-en-avila-las-lineas-de-trabajo-de-cara-las-elecciones-de-2019\/#listItem","name":"UPYD sienta en \u00c1vila las l\u00edneas de trabajo de cara las elecciones de 2019"},"previousItem":{"@type":"ListItem","@id":"https:\/\/www.eldigitaldeasturias.com\/noticias#listItem","name":"Home"}},{"@type":"ListItem","@id":"https:\/\/www.eldigitaldeasturias.com\/noticias\/upyd-sienta-en-avila-las-lineas-de-trabajo-de-cara-las-elecciones-de-2019\/#listItem","position":3,"name":"UPYD sienta en \u00c1vila las l\u00edneas de trabajo de cara las elecciones de 2019","previousItem":{"@type":"ListItem","@id":"https:\/\/www.eldigitaldeasturias.com\/noticias\/category\/actualidad\/#listItem","name":"Actualidad"}}]},{"@type":"Organization","@id":"https:\/\/www.eldigitaldeasturias.com\/noticias\/#organization","name":"El Digital de Asturias","description":"Hemeroteca","url":"https:\/\/www.eldigitaldeasturias.com\/noticias\/","email":"info@eldigitaldeasturias.com","telephone":"+34652131393","logo":{"@type":"ImageObject","url":"https:\/\/www.eldigitaldeasturias.com\/noticias\/wp-content\/uploads\/2020\/12\/EDA.jpg","@id":"https:\/\/www.eldigitaldeasturias.com\/noticias\/upyd-sienta-en-avila-las-lineas-de-trabajo-de-cara-las-elecciones-de-2019\/#organizationLogo"},"image":{"@id":"https:\/\/www.eldigitaldeasturias.com\/noticias\/upyd-sienta-en-avila-las-lineas-de-trabajo-de-cara-las-elecciones-de-2019\/#organizationLogo"},"sameAs":["https:\/\/facebook.com\/eldigitaldeasturias","https:\/\/www.youtube.com\/channel\/UCZP-2wLEB9Rv6erhFmqVnvg"],"address":{"@id":"https:\/\/www.eldigitaldeasturias.com\/noticias\/#postaladdress","@type":"PostalAddress","streetAddress":"san antonio 4","postalCode":"33430","addressLocality":"Cand\u00e1s","addressRegion":"Asturias","addressCountry":"ES"}},{"@type":"Person","@id":"https:\/\/www.eldigitaldeasturias.com\/noticias\/author\/admin\/#author","url":"https:\/\/www.eldigitaldeasturias.com\/noticias\/author\/admin\/","name":"El Digital de Asturias","image":{"@type":"ImageObject","@id":"https:\/\/www.eldigitaldeasturias.com\/noticias\/upyd-sienta-en-avila-las-lineas-de-trabajo-de-cara-las-elecciones-de-2019\/#authorImage","url":"https:\/\/secure.gravatar.com\/avatar\/df2aeffc32bcd13f8d26072ef8a91b623d677766deac7f97ca815868cd41bf5e?s=96&d=mm&r=g","width":96,"height":96,"caption":"El Digital de Asturias"}},{"@type":"WebPage","@id":"https:\/\/www.eldigitaldeasturias.com\/noticias\/upyd-sienta-en-avila-las-lineas-de-trabajo-de-cara-las-elecciones-de-2019\/#webpage","url":"https:\/\/www.eldigitaldeasturias.com\/noticias\/upyd-sienta-en-avila-las-lineas-de-trabajo-de-cara-las-elecciones-de-2019\/","name":"UPYD sienta en \u00c1vila las l\u00edneas de trabajo de cara las elecciones de 2019 - El Digital de Asturias","description":"El Consejo de Direcci\u00f3n de UPYD celebr\u00f3 este fin de semana un stage en \u00c1vila para, aparte de reunirse con afiliados, simpatizantes y colectivos sociales de la zona, convocar una reuni\u00f3n de su ejecutiva en la que se sentaron las bases de trabajo con vistas a los distintos comicios que tendr\u00e1n lugar el pr\u00f3ximo a\u00f1o.","inLanguage":"es-ES","isPartOf":{"@id":"https:\/\/www.eldigitaldeasturias.com\/noticias\/#website"},"breadcrumb":{"@id":"https:\/\/www.eldigitaldeasturias.com\/noticias\/upyd-sienta-en-avila-las-lineas-de-trabajo-de-cara-las-elecciones-de-2019\/#breadcrumblist"},"author":{"@id":"https:\/\/www.eldigitaldeasturias.com\/noticias\/author\/admin\/#author"},"creator":{"@id":"https:\/\/www.eldigitaldeasturias.com\/noticias\/author\/admin\/#author"},"image":{"@type":"ImageObject","url":969661,"@id":"https:\/\/www.eldigitaldeasturias.com\/noticias\/upyd-sienta-en-avila-las-lineas-de-trabajo-de-cara-las-elecciones-de-2019\/#mainImage"},"primaryImageOfPage":{"@id":"https:\/\/www.eldigitaldeasturias.com\/noticias\/upyd-sienta-en-avila-las-lineas-de-trabajo-de-cara-las-elecciones-de-2019\/#mainImage"},"datePublished":"2018-02-20T22:02:02+01:00","dateModified":"2018-02-20T22:02:02+01:00"},{"@type":"WebSite","@id":"https:\/\/www.eldigitaldeasturias.com\/noticias\/#website","url":"https:\/\/www.eldigitaldeasturias.com\/noticias\/","name":"El Digital de Asturias - Diario de actualidad y noticias","alternateName":"El Digital de Asturias - Diario de actualidad y noticias","description":"Hemeroteca","inLanguage":"es-ES","publisher":{"@id":"https:\/\/www.eldigitaldeasturias.com\/noticias\/#organization"}}]},"og:locale":"es_ES","og:site_name":"El Digital de Asturias","og:type":"article","og:title":"UPYD sienta en \u00c1vila las l\u00edneas de trabajo de cara las elecciones de 2019 - El Digital de Asturias","og:description":"El Consejo de Direcci\u00f3n de UPYD celebr\u00f3 este fin de semana un stage en \u00c1vila para, aparte de reunirse con afiliados, simpatizantes y colectivos sociales de la zona, convocar una reuni\u00f3n de su ejecutiva en la que se sentaron las bases de trabajo con vistas a los distintos comicios que tendr\u00e1n lugar el pr\u00f3ximo a\u00f1o.","og:url":"https:\/\/www.eldigitaldeasturias.com\/noticias\/upyd-sienta-en-avila-las-lineas-de-trabajo-de-cara-las-elecciones-de-2019\/","article:tag":["actualidad"],"article:published_time":"2018-02-20T22:02:02+00:00","article:modified_time":"2018-02-20T22:02:02+00:00","article:publisher":"https:\/\/facebook.com\/eldigitaldeasturias","twitter:card":"summary_large_image","twitter:title":"UPYD sienta en \u00c1vila las l\u00edneas de trabajo de cara las elecciones de 2019 - El Digital de Asturias","twitter:description":"El Consejo de Direcci\u00f3n de UPYD celebr\u00f3 este fin de semana un stage en \u00c1vila para, aparte de reunirse con afiliados, simpatizantes y colectivos sociales de la zona, convocar una reuni\u00f3n de su ejecutiva en la que se sentaron las bases de trabajo con vistas a los distintos comicios que tendr\u00e1n lugar el pr\u00f3ximo a\u00f1o.","twitter:image":"https:\/\/www.eldigitaldeasturias.com\/noticias\/wp-content\/uploads\/2020\/12\/EDA-1.jpg","twitter:label1":"Escrito por","twitter:data1":"El Digital de Asturias","twitter:label2":"Tiempo de lectura estimado","twitter:data2":"2 minutos"},"aioseo_meta_data":{"post_id":"969660","title":null,"description":null,"keywords":null,"keyphrases":null,"primary_term":null,"canonical_url":null,"og_title":null,"og_description":null,"og_object_type":"default","og_image_type":"default","og_image_url":null,"og_image_width":null,"og_image_height":null,"og_image_custom_url":null,"og_image_custom_fields":null,"og_video":null,"og_custom_url":null,"og_article_section":null,"og_article_tags":null,"twitter_use_og":false,"twitter_card":"default","twitter_image_type":"default","twitter_image_url":null,"twitter_image_custom_url":null,"twitter_image_custom_fields":null,"twitter_title":null,"twitter_description":null,"schema":{"blockGraphs":[],"customGraphs":[],"default":{"data":{"Article":[],"Course":[],"Dataset":[],"FAQPage":[],"Movie":[],"Person":[],"Product":[],"ProductReview":[],"Car":[],"Recipe":[],"Service":[],"SoftwareApplication":[],"WebPage":[]},"graphName":"","isEnabled":true},"graphs":[],"defaultGraph":"","defaultPostTypeGraph":""},"schema_type":null,"schema_type_options":null,"pillar_content":false,"robots_default":true,"robots_noindex":false,"robots_noarchive":false,"robots_nosnippet":false,"robots_nofollow":false,"robots_noimageindex":false,"robots_noodp":false,"robots_notranslate":false,"robots_max_snippet":null,"robots_max_videopreview":null,"robots_max_imagepreview":"large","priority":null,"frequency":null,"local_seo":null,"seo_analyzer_scan_date":"2025-10-07 02:57:04","breadcrumb_settings":null,"limit_modified_date":false,"open_ai":null,"ai":null,"created":"2020-12-21 12:26:38","updated":"2025-10-07 02:57:04","focus_keyword":null,"additional_keywords":null,"truseo_locale":null},"aioseo_breadcrumb":"<div class=\"aioseo-breadcrumbs\"><span class=\"aioseo-breadcrumb\">\n\t<a href=\"https:\/\/www.eldigitaldeasturias.com\/noticias\" title=\"Home\">Home<\/a>\n<\/span><span class=\"aioseo-breadcrumb-separator\">\u2013<\/span><span class=\"aioseo-breadcrumb\">\n\t<a href=\"https:\/\/www.eldigitaldeasturias.com\/noticias\/category\/actualidad\/\" title=\"Actualidad\">Actualidad<\/a>\n<\/span><span class=\"aioseo-breadcrumb-separator\">\u2013<\/span><span class=\"aioseo-breadcrumb\">\n\t<a href=\"https:\/\/www.eldigitaldeasturias.com\/noticias\/upyd-sienta-en-avila-las-lineas-de-trabajo-de-cara-las-elecciones-de-2019\/\" title=\"UPYD sienta en \u00c1vila las l\u00edneas de trabajo de cara las elecciones de 2019\">UPYD sienta en \u00c1vila las l\u00edneas de trabajo de cara las elecciones de 2019<\/a>\n<\/span><\/div>","aioseo_breadcrumb_json":[{"label":"Home","link":"https:\/\/www.eldigitaldeasturias.com\/noticias"},{"label":"Actualidad","link":"https:\/\/www.eldigitaldeasturias.com\/noticias\/category\/actualidad\/"},{"label":"UPYD sienta en \u00c1vila las l\u00edneas de trabajo de cara las elecciones de 2019","link":"https:\/\/www.eldigitaldeasturias.com\/noticias\/upyd-sienta-en-avila-las-lineas-de-trabajo-de-cara-las-elecciones-de-2019\/"}],"_links":{"self":[{"href":"https:\/\/www.eldigitaldeasturias.com\/noticias\/wp-json\/wp\/v2\/posts\/969660","targetHints":{"allow":["GET"]}}],"collection":[{"href":"https:\/\/www.eldigitaldeasturias.com\/noticias\/wp-json\/wp\/v2\/posts"}],"about":[{"href":"https:\/\/www.eldigitaldeasturias.com\/noticias\/wp-json\/wp\/v2\/types\/post"}],"author":[{"embeddable":true,"href":"https:\/\/www.eldigitaldeasturias.com\/noticias\/wp-json\/wp\/v2\/users\/1"}],"replies":[{"embeddable":true,"href":"https:\/\/www.eldigitaldeasturias.com\/noticias\/wp-json\/wp\/v2\/comments?post=969660"}],"version-history":[{"count":0,"href":"https:\/\/www.eldigitaldeasturias.com\/noticias\/wp-json\/wp\/v2\/posts\/969660\/revisions"}],"wp:attachment":[{"href":"https:\/\/www.eldigitaldeasturias.com\/noticias\/wp-json\/wp\/v2\/media?parent=969660"}],"wp:term":[{"taxonomy":"category","embeddable":true,"href":"https:\/\/www.eldigitaldeasturias.com\/noticias\/wp-json\/wp\/v2\/categories?post=969660"},{"taxonomy":"post_tag","embeddable":true,"href":"https:\/\/www.eldigitaldeasturias.com\/noticias\/wp-json\/wp\/v2\/tags?post=969660"}],"curies":[{"name":"wp","href":"https:\/\/api.w.org\/{rel}","templated":true}]}}