{"id":969598,"date":"2018-02-20T11:30:00","date_gmt":"2018-02-20T11:30:00","guid":{"rendered":"http:\/\/www.eldigitaldeasturias.com\/noticias\/?p=969598"},"modified":"2018-02-20T11:30:00","modified_gmt":"2018-02-20T11:30:00","slug":"la-dgt-intensifica-la-vigilancia-del-transporte-escolar","status":"publish","type":"post","link":"https:\/\/www.eldigitaldeasturias.com\/noticias\/la-dgt-intensifica-la-vigilancia-del-transporte-escolar\/","title":{"rendered":"La DGT intensifica la vigilancia del transporte escolar"},"content":{"rendered":"<p><img loading=\"lazy\" decoding=\"async\" class=\"alignleft size-medium wp-image-966045\" src=\"https:\/\/www.eldigitaldeasturias.com\/noticias\/wp-content\/uploads\/2018\/01\/bus-2844406_960_720-213x320.jpg\" alt=\"\" width=\"213\" height=\"320\" \/>Hasta el viernes 23 de febrero los autocares dedicados al transporte escolar ser\u00e1n objeto de vigilancia por parte de los agentes de la Agrupaci\u00f3n de Tr\u00e1fico de la Guardia Civil, dentro de las campa\u00f1as de seguridad vial que anualmente realiza la Direcci\u00f3n General de Tr\u00e1fico para prevenir accidentes en este tipo de transporte.<\/p>\n<p>Durante los cinco d\u00edas de duraci\u00f3n de la misma, los agentes intensificar\u00e1n las inspecciones, comprobando que las autorizaciones y documentos que deben tener dichos veh\u00edculos sean los correctos para la prestaci\u00f3n del servicio. Asimismo, los agentes verificar\u00e1n que las condiciones t\u00e9cnicas y elementos de seguridad del veh\u00edculo son los que exige la normativa, as\u00ed como los requisitos especiales que debe cumplir el propio conductor, como son el permiso de conducci\u00f3n o los tiempos de conducci\u00f3n y descanso.<\/p>\n<p>La seguridad es la m\u00e1xima prioridad en este tipo de transporte y las cifras de siniestralidad anuales reflejan que \u00e9ste es un sector seguro, especialmente, si se toma como criterio de comparaci\u00f3n el n\u00famero de fallecidos por viajero \u2013kil\u00f3metro recorrido<\/p>\n<p>Seg\u00fan Gregorio Serrano, director de la DGT \u201cla movilidad segura de los menores es una de las prioridades del organismo. Cada d\u00eda son miles los alumnos que utilizan el autob\u00fas escolar para acudir al colegio y regresar a casa, por eso tenemos que seguir comprobando que esos desplazamientos se realizan de forma segura\u201d. Adem\u00e1s \u201ccon este tipo de campa\u00f1as recordamos a los padres el derecho a exigir a los centros educativos o a las asociaciones de padres para que los autobuses que se encarguen del transporte escolar cumplan todos los requisitos normativos para realizar este tipo de transporte\u201d<\/p>\n<p>La velocidad inadecuada y las distracciones son las principales causas de los accidentes en los que est\u00e1n implicados este tipo de veh\u00edculos, por lo que se controlar\u00e1 especialmente que se circula a la velocidad permitida y que no se hace uso del tel\u00e9fono m\u00f3vil u otros aparatos que supongan distracci\u00f3n. Tambi\u00e9n se incrementar\u00e1n los controles de alcohol y otras drogas entre los conductores.<\/p>\n<p>Asimismo, el 90% de los accidentes que se producen durante el transporte escolar tienen lugar en el momento de subir o bajar del veh\u00edculo o justo en los instantes inmediatos. En muchos casos se trata de atropellos causados por una distracci\u00f3n del menor, del conductor del transporte escolar o de los padres. Para evitar este tipo de accidente se recomienda a los padres respetar las paradas, ir con tiempo suficiente y no esperar a los ni\u00f1os al otro lado de la calzada.<\/p>\n<p>Debido a la importancia que tiene el cintur\u00f3n de seguridad en caso de accidente, se prestar\u00e1 especial atenci\u00f3n al uso de estos en aquellos autobuses escolares que los lleven instalados. Actualmente m\u00e1s del 60% de este tipo de veh\u00edculos ya lo tienen incorporado.<\/p>\n<p>Seg\u00fan diversos estudios el uso de un sistema de seguridad en autobuses reducir\u00eda las lesiones mortales en un 90% en caso de choque frontal o vuelco, ya que correctamente abrochado evita la proyecci\u00f3n del pasajero (adulto o ni\u00f1o) y reduce los impactos en el pecho, abdomen y piernas<\/p>\n<p>Desde octubre de 2007 se deniega la matriculaci\u00f3n a cualquier autob\u00fas que no lleve instalados estos sistemas de retenci\u00f3n.<\/p>\n<p>Como es habitual en este tipo de campa\u00f1as, tambi\u00e9n se ha invitado a los municipios a sumarse a la misma, de modo que la vigilancia de este tipo de transporte sea tanto en zona urbana como en interurbana.<\/p>\n","protected":false},"excerpt":{"rendered":"<p>Hasta el viernes 23 de febrero los autocares dedicados al transporte escolar ser\u00e1n objeto de vigilancia por parte de los agentes de la Agrupaci\u00f3n de Tr\u00e1fico de la Guardia Civil, dentro de las campa\u00f1as de seguridad vial que anualmente realiza la Direcci\u00f3n General de Tr\u00e1fico para prevenir accidentes en este tipo de transporte. Durante los [&hellip;]<\/p>\n","protected":false},"author":1,"featured_media":966045,"comment_status":"closed","ping_status":"closed","sticky":false,"template":"","format":"standard","meta":{"footnotes":""},"categories":[1],"tags":[],"class_list":["post-969598","post","type-post","status-publish","format-standard","has-post-thumbnail","hentry","category-actualidad"],"aioseo_notices":[],"aioseo_head":"\n\t\t<!-- All in One SEO Pro 5.0.1 - aioseo.com -->\n\t<meta name=\"description\" content=\"Hasta el viernes 23 de febrero los autocares dedicados al transporte escolar ser\u00e1n objeto de vigilancia por parte de los agentes de la Agrupaci\u00f3n de Tr\u00e1fico de la Guardia Civil, dentro de las campa\u00f1as de seguridad vial que anualmente realiza la Direcci\u00f3n General de Tr\u00e1fico para prevenir accidentes en este tipo de transporte. Durante los\" \/>\n\t<meta name=\"robots\" content=\"max-image-preview:large\" \/>\n\t<meta name=\"author\" content=\"El Digital de Asturias\"\/>\n\t<meta name=\"google-site-verification\" content=\"UA-38556648-1\" \/>\n\t<meta name=\"msvalidate.01\" content=\"7dfe9f3f1b24437ab69f4f2559babe99\" \/>\n\t<meta name=\"keywords\" content=\"actualidad\" \/>\n\t<link rel=\"canonical\" href=\"https:\/\/www.eldigitaldeasturias.com\/noticias\/la-dgt-intensifica-la-vigilancia-del-transporte-escolar\/\" \/>\n\t<meta name=\"generator\" content=\"All in One SEO Pro (AIOSEO) 5.0.1\" \/>\n\t\t<meta property=\"og:locale\" content=\"es_ES\" \/>\n\t\t<meta property=\"og:site_name\" content=\"El Digital de Asturias\" \/>\n\t\t<meta property=\"og:type\" content=\"article\" \/>\n\t\t<meta property=\"og:title\" content=\"La DGT intensifica la vigilancia del transporte escolar - El Digital de Asturias\" \/>\n\t\t<meta property=\"og:description\" content=\"Hasta el viernes 23 de febrero los autocares dedicados al transporte escolar ser\u00e1n objeto de vigilancia por parte de los agentes de la Agrupaci\u00f3n de Tr\u00e1fico de la Guardia Civil, dentro de las campa\u00f1as de seguridad vial que anualmente realiza la Direcci\u00f3n General de Tr\u00e1fico para prevenir accidentes en este tipo de transporte. Durante los\" \/>\n\t\t<meta property=\"og:url\" content=\"https:\/\/www.eldigitaldeasturias.com\/noticias\/la-dgt-intensifica-la-vigilancia-del-transporte-escolar\/\" \/>\n\t\t<meta property=\"article:tag\" content=\"actualidad\" \/>\n\t\t<meta property=\"article:published_time\" content=\"2018-02-20T11:30:00+00:00\" \/>\n\t\t<meta property=\"article:modified_time\" content=\"2018-02-20T11:30:00+00:00\" \/>\n\t\t<meta property=\"article:publisher\" content=\"https:\/\/facebook.com\/eldigitaldeasturias\" \/>\n\t\t<meta name=\"twitter:card\" content=\"summary_large_image\" \/>\n\t\t<meta name=\"twitter:title\" content=\"La DGT intensifica la vigilancia del transporte escolar - El Digital de Asturias\" \/>\n\t\t<meta name=\"twitter:description\" content=\"Hasta el viernes 23 de febrero los autocares dedicados al transporte escolar ser\u00e1n objeto de vigilancia por parte de los agentes de la Agrupaci\u00f3n de Tr\u00e1fico de la Guardia Civil, dentro de las campa\u00f1as de seguridad vial que anualmente realiza la Direcci\u00f3n General de Tr\u00e1fico para prevenir accidentes en este tipo de transporte. Durante los\" \/>\n\t\t<meta name=\"twitter:image\" content=\"https:\/\/www.eldigitaldeasturias.com\/noticias\/wp-content\/uploads\/2020\/12\/EDA-1.jpg\" \/>\n\t\t<meta name=\"twitter:label1\" content=\"Escrito por\" \/>\n\t\t<meta name=\"twitter:data1\" content=\"El Digital de Asturias\" \/>\n\t\t<meta name=\"twitter:label2\" content=\"Tiempo de lectura estimado\" \/>\n\t\t<meta name=\"twitter:data2\" content=\"3 minutos\" \/>\n\t\t<script type=\"application\/ld+json\" class=\"aioseo-schema\">\n\t\t\t{\"@context\":\"https:\\\/\\\/schema.org\",\"@graph\":[{\"@type\":\"BlogPosting\",\"@id\":\"https:\\\/\\\/www.eldigitaldeasturias.com\\\/noticias\\\/la-dgt-intensifica-la-vigilancia-del-transporte-escolar\\\/#blogposting\",\"name\":\"La DGT intensifica la vigilancia del transporte escolar - El Digital de Asturias\",\"headline\":\"La DGT intensifica la vigilancia del transporte escolar\",\"author\":{\"@id\":\"https:\\\/\\\/www.eldigitaldeasturias.com\\\/noticias\\\/author\\\/admin\\\/#author\"},\"publisher\":{\"@id\":\"https:\\\/\\\/www.eldigitaldeasturias.com\\\/noticias\\\/#organization\"},\"image\":{\"@type\":\"ImageObject\",\"url\":966045},\"datePublished\":\"2018-02-20T11:30:00+01:00\",\"dateModified\":\"2018-02-20T11:30:00+01:00\",\"inLanguage\":\"es-ES\",\"mainEntityOfPage\":{\"@id\":\"https:\\\/\\\/www.eldigitaldeasturias.com\\\/noticias\\\/la-dgt-intensifica-la-vigilancia-del-transporte-escolar\\\/#webpage\"},\"isPartOf\":{\"@id\":\"https:\\\/\\\/www.eldigitaldeasturias.com\\\/noticias\\\/la-dgt-intensifica-la-vigilancia-del-transporte-escolar\\\/#webpage\"},\"articleSection\":\"Actualidad\"},{\"@type\":\"BreadcrumbList\",\"@id\":\"https:\\\/\\\/www.eldigitaldeasturias.com\\\/noticias\\\/la-dgt-intensifica-la-vigilancia-del-transporte-escolar\\\/#breadcrumblist\",\"itemListElement\":[{\"@type\":\"ListItem\",\"@id\":\"https:\\\/\\\/www.eldigitaldeasturias.com\\\/noticias#listItem\",\"position\":1,\"name\":\"Home\",\"item\":\"https:\\\/\\\/www.eldigitaldeasturias.com\\\/noticias\",\"nextItem\":{\"@type\":\"ListItem\",\"@id\":\"https:\\\/\\\/www.eldigitaldeasturias.com\\\/noticias\\\/category\\\/actualidad\\\/#listItem\",\"name\":\"Actualidad\"}},{\"@type\":\"ListItem\",\"@id\":\"https:\\\/\\\/www.eldigitaldeasturias.com\\\/noticias\\\/category\\\/actualidad\\\/#listItem\",\"position\":2,\"name\":\"Actualidad\",\"item\":\"https:\\\/\\\/www.eldigitaldeasturias.com\\\/noticias\\\/category\\\/actualidad\\\/\",\"nextItem\":{\"@type\":\"ListItem\",\"@id\":\"https:\\\/\\\/www.eldigitaldeasturias.com\\\/noticias\\\/la-dgt-intensifica-la-vigilancia-del-transporte-escolar\\\/#listItem\",\"name\":\"La DGT intensifica la vigilancia del transporte escolar\"},\"previousItem\":{\"@type\":\"ListItem\",\"@id\":\"https:\\\/\\\/www.eldigitaldeasturias.com\\\/noticias#listItem\",\"name\":\"Home\"}},{\"@type\":\"ListItem\",\"@id\":\"https:\\\/\\\/www.eldigitaldeasturias.com\\\/noticias\\\/la-dgt-intensifica-la-vigilancia-del-transporte-escolar\\\/#listItem\",\"position\":3,\"name\":\"La DGT intensifica la vigilancia del transporte escolar\",\"previousItem\":{\"@type\":\"ListItem\",\"@id\":\"https:\\\/\\\/www.eldigitaldeasturias.com\\\/noticias\\\/category\\\/actualidad\\\/#listItem\",\"name\":\"Actualidad\"}}]},{\"@type\":\"Organization\",\"@id\":\"https:\\\/\\\/www.eldigitaldeasturias.com\\\/noticias\\\/#organization\",\"name\":\"El Digital de Asturias\",\"description\":\"Hemeroteca\",\"url\":\"https:\\\/\\\/www.eldigitaldeasturias.com\\\/noticias\\\/\",\"email\":\"info@eldigitaldeasturias.com\",\"telephone\":\"+34652131393\",\"logo\":{\"@type\":\"ImageObject\",\"url\":\"https:\\\/\\\/www.eldigitaldeasturias.com\\\/noticias\\\/wp-content\\\/uploads\\\/2020\\\/12\\\/EDA.jpg\",\"@id\":\"https:\\\/\\\/www.eldigitaldeasturias.com\\\/noticias\\\/la-dgt-intensifica-la-vigilancia-del-transporte-escolar\\\/#organizationLogo\"},\"image\":{\"@id\":\"https:\\\/\\\/www.eldigitaldeasturias.com\\\/noticias\\\/la-dgt-intensifica-la-vigilancia-del-transporte-escolar\\\/#organizationLogo\"},\"sameAs\":[\"https:\\\/\\\/facebook.com\\\/eldigitaldeasturias\",\"https:\\\/\\\/www.youtube.com\\\/channel\\\/UCZP-2wLEB9Rv6erhFmqVnvg\"],\"address\":{\"@id\":\"https:\\\/\\\/www.eldigitaldeasturias.com\\\/noticias\\\/#postaladdress\",\"@type\":\"PostalAddress\",\"streetAddress\":\"san antonio 4\",\"postalCode\":\"33430\",\"addressLocality\":\"Cand\\u00e1s\",\"addressRegion\":\"Asturias\",\"addressCountry\":\"ES\"}},{\"@type\":\"Person\",\"@id\":\"https:\\\/\\\/www.eldigitaldeasturias.com\\\/noticias\\\/author\\\/admin\\\/#author\",\"url\":\"https:\\\/\\\/www.eldigitaldeasturias.com\\\/noticias\\\/author\\\/admin\\\/\",\"name\":\"El Digital de Asturias\",\"image\":{\"@type\":\"ImageObject\",\"@id\":\"https:\\\/\\\/www.eldigitaldeasturias.com\\\/noticias\\\/la-dgt-intensifica-la-vigilancia-del-transporte-escolar\\\/#authorImage\",\"url\":\"https:\\\/\\\/secure.gravatar.com\\\/avatar\\\/df2aeffc32bcd13f8d26072ef8a91b623d677766deac7f97ca815868cd41bf5e?s=96&d=mm&r=g\",\"width\":96,\"height\":96,\"caption\":\"El Digital de Asturias\"}},{\"@type\":\"WebPage\",\"@id\":\"https:\\\/\\\/www.eldigitaldeasturias.com\\\/noticias\\\/la-dgt-intensifica-la-vigilancia-del-transporte-escolar\\\/#webpage\",\"url\":\"https:\\\/\\\/www.eldigitaldeasturias.com\\\/noticias\\\/la-dgt-intensifica-la-vigilancia-del-transporte-escolar\\\/\",\"name\":\"La DGT intensifica la vigilancia del transporte escolar - El Digital de Asturias\",\"description\":\"Hasta el viernes 23 de febrero los autocares dedicados al transporte escolar ser\\u00e1n objeto de vigilancia por parte de los agentes de la Agrupaci\\u00f3n de Tr\\u00e1fico de la Guardia Civil, dentro de las campa\\u00f1as de seguridad vial que anualmente realiza la Direcci\\u00f3n General de Tr\\u00e1fico para prevenir accidentes en este tipo de transporte. Durante los\",\"inLanguage\":\"es-ES\",\"isPartOf\":{\"@id\":\"https:\\\/\\\/www.eldigitaldeasturias.com\\\/noticias\\\/#website\"},\"breadcrumb\":{\"@id\":\"https:\\\/\\\/www.eldigitaldeasturias.com\\\/noticias\\\/la-dgt-intensifica-la-vigilancia-del-transporte-escolar\\\/#breadcrumblist\"},\"author\":{\"@id\":\"https:\\\/\\\/www.eldigitaldeasturias.com\\\/noticias\\\/author\\\/admin\\\/#author\"},\"creator\":{\"@id\":\"https:\\\/\\\/www.eldigitaldeasturias.com\\\/noticias\\\/author\\\/admin\\\/#author\"},\"image\":{\"@type\":\"ImageObject\",\"url\":966045,\"@id\":\"https:\\\/\\\/www.eldigitaldeasturias.com\\\/noticias\\\/la-dgt-intensifica-la-vigilancia-del-transporte-escolar\\\/#mainImage\"},\"primaryImageOfPage\":{\"@id\":\"https:\\\/\\\/www.eldigitaldeasturias.com\\\/noticias\\\/la-dgt-intensifica-la-vigilancia-del-transporte-escolar\\\/#mainImage\"},\"datePublished\":\"2018-02-20T11:30:00+01:00\",\"dateModified\":\"2018-02-20T11:30:00+01:00\"},{\"@type\":\"WebSite\",\"@id\":\"https:\\\/\\\/www.eldigitaldeasturias.com\\\/noticias\\\/#website\",\"url\":\"https:\\\/\\\/www.eldigitaldeasturias.com\\\/noticias\\\/\",\"name\":\"El Digital de Asturias - Diario de actualidad y noticias\",\"alternateName\":\"El Digital de Asturias - Diario de actualidad y noticias\",\"description\":\"Hemeroteca\",\"inLanguage\":\"es-ES\",\"publisher\":{\"@id\":\"https:\\\/\\\/www.eldigitaldeasturias.com\\\/noticias\\\/#organization\"}}]}\n\t\t<\/script>\n\t\t<!-- All in One SEO Pro -->\r\n\t\t<title>La DGT intensifica la vigilancia del transporte escolar - El Digital de Asturias<\/title>\n\n","aioseo_head_json":{"title":"La DGT intensifica la vigilancia del transporte escolar - El Digital de Asturias","description":"Hasta el viernes 23 de febrero los autocares dedicados al transporte escolar ser\u00e1n objeto de vigilancia por parte de los agentes de la Agrupaci\u00f3n de Tr\u00e1fico de la Guardia Civil, dentro de las campa\u00f1as de seguridad vial que anualmente realiza la Direcci\u00f3n General de Tr\u00e1fico para prevenir accidentes en este tipo de transporte. Durante los","canonical_url":"https:\/\/www.eldigitaldeasturias.com\/noticias\/la-dgt-intensifica-la-vigilancia-del-transporte-escolar\/","robots":"max-image-preview:large","keywords":"actualidad","webmasterTools":{"google-site-verification":"UA-38556648-1","msvalidate.01":"7dfe9f3f1b24437ab69f4f2559babe99","miscellaneous":""},"schema":{"@context":"https:\/\/schema.org","@graph":[{"@type":"BlogPosting","@id":"https:\/\/www.eldigitaldeasturias.com\/noticias\/la-dgt-intensifica-la-vigilancia-del-transporte-escolar\/#blogposting","name":"La DGT intensifica la vigilancia del transporte escolar - El Digital de Asturias","headline":"La DGT intensifica la vigilancia del transporte escolar","author":{"@id":"https:\/\/www.eldigitaldeasturias.com\/noticias\/author\/admin\/#author"},"publisher":{"@id":"https:\/\/www.eldigitaldeasturias.com\/noticias\/#organization"},"image":{"@type":"ImageObject","url":966045},"datePublished":"2018-02-20T11:30:00+01:00","dateModified":"2018-02-20T11:30:00+01:00","inLanguage":"es-ES","mainEntityOfPage":{"@id":"https:\/\/www.eldigitaldeasturias.com\/noticias\/la-dgt-intensifica-la-vigilancia-del-transporte-escolar\/#webpage"},"isPartOf":{"@id":"https:\/\/www.eldigitaldeasturias.com\/noticias\/la-dgt-intensifica-la-vigilancia-del-transporte-escolar\/#webpage"},"articleSection":"Actualidad"},{"@type":"BreadcrumbList","@id":"https:\/\/www.eldigitaldeasturias.com\/noticias\/la-dgt-intensifica-la-vigilancia-del-transporte-escolar\/#breadcrumblist","itemListElement":[{"@type":"ListItem","@id":"https:\/\/www.eldigitaldeasturias.com\/noticias#listItem","position":1,"name":"Home","item":"https:\/\/www.eldigitaldeasturias.com\/noticias","nextItem":{"@type":"ListItem","@id":"https:\/\/www.eldigitaldeasturias.com\/noticias\/category\/actualidad\/#listItem","name":"Actualidad"}},{"@type":"ListItem","@id":"https:\/\/www.eldigitaldeasturias.com\/noticias\/category\/actualidad\/#listItem","position":2,"name":"Actualidad","item":"https:\/\/www.eldigitaldeasturias.com\/noticias\/category\/actualidad\/","nextItem":{"@type":"ListItem","@id":"https:\/\/www.eldigitaldeasturias.com\/noticias\/la-dgt-intensifica-la-vigilancia-del-transporte-escolar\/#listItem","name":"La DGT intensifica la vigilancia del transporte escolar"},"previousItem":{"@type":"ListItem","@id":"https:\/\/www.eldigitaldeasturias.com\/noticias#listItem","name":"Home"}},{"@type":"ListItem","@id":"https:\/\/www.eldigitaldeasturias.com\/noticias\/la-dgt-intensifica-la-vigilancia-del-transporte-escolar\/#listItem","position":3,"name":"La DGT intensifica la vigilancia del transporte escolar","previousItem":{"@type":"ListItem","@id":"https:\/\/www.eldigitaldeasturias.com\/noticias\/category\/actualidad\/#listItem","name":"Actualidad"}}]},{"@type":"Organization","@id":"https:\/\/www.eldigitaldeasturias.com\/noticias\/#organization","name":"El Digital de Asturias","description":"Hemeroteca","url":"https:\/\/www.eldigitaldeasturias.com\/noticias\/","email":"info@eldigitaldeasturias.com","telephone":"+34652131393","logo":{"@type":"ImageObject","url":"https:\/\/www.eldigitaldeasturias.com\/noticias\/wp-content\/uploads\/2020\/12\/EDA.jpg","@id":"https:\/\/www.eldigitaldeasturias.com\/noticias\/la-dgt-intensifica-la-vigilancia-del-transporte-escolar\/#organizationLogo"},"image":{"@id":"https:\/\/www.eldigitaldeasturias.com\/noticias\/la-dgt-intensifica-la-vigilancia-del-transporte-escolar\/#organizationLogo"},"sameAs":["https:\/\/facebook.com\/eldigitaldeasturias","https:\/\/www.youtube.com\/channel\/UCZP-2wLEB9Rv6erhFmqVnvg"],"address":{"@id":"https:\/\/www.eldigitaldeasturias.com\/noticias\/#postaladdress","@type":"PostalAddress","streetAddress":"san antonio 4","postalCode":"33430","addressLocality":"Cand\u00e1s","addressRegion":"Asturias","addressCountry":"ES"}},{"@type":"Person","@id":"https:\/\/www.eldigitaldeasturias.com\/noticias\/author\/admin\/#author","url":"https:\/\/www.eldigitaldeasturias.com\/noticias\/author\/admin\/","name":"El Digital de Asturias","image":{"@type":"ImageObject","@id":"https:\/\/www.eldigitaldeasturias.com\/noticias\/la-dgt-intensifica-la-vigilancia-del-transporte-escolar\/#authorImage","url":"https:\/\/secure.gravatar.com\/avatar\/df2aeffc32bcd13f8d26072ef8a91b623d677766deac7f97ca815868cd41bf5e?s=96&d=mm&r=g","width":96,"height":96,"caption":"El Digital de Asturias"}},{"@type":"WebPage","@id":"https:\/\/www.eldigitaldeasturias.com\/noticias\/la-dgt-intensifica-la-vigilancia-del-transporte-escolar\/#webpage","url":"https:\/\/www.eldigitaldeasturias.com\/noticias\/la-dgt-intensifica-la-vigilancia-del-transporte-escolar\/","name":"La DGT intensifica la vigilancia del transporte escolar - El Digital de Asturias","description":"Hasta el viernes 23 de febrero los autocares dedicados al transporte escolar ser\u00e1n objeto de vigilancia por parte de los agentes de la Agrupaci\u00f3n de Tr\u00e1fico de la Guardia Civil, dentro de las campa\u00f1as de seguridad vial que anualmente realiza la Direcci\u00f3n General de Tr\u00e1fico para prevenir accidentes en este tipo de transporte. Durante los","inLanguage":"es-ES","isPartOf":{"@id":"https:\/\/www.eldigitaldeasturias.com\/noticias\/#website"},"breadcrumb":{"@id":"https:\/\/www.eldigitaldeasturias.com\/noticias\/la-dgt-intensifica-la-vigilancia-del-transporte-escolar\/#breadcrumblist"},"author":{"@id":"https:\/\/www.eldigitaldeasturias.com\/noticias\/author\/admin\/#author"},"creator":{"@id":"https:\/\/www.eldigitaldeasturias.com\/noticias\/author\/admin\/#author"},"image":{"@type":"ImageObject","url":966045,"@id":"https:\/\/www.eldigitaldeasturias.com\/noticias\/la-dgt-intensifica-la-vigilancia-del-transporte-escolar\/#mainImage"},"primaryImageOfPage":{"@id":"https:\/\/www.eldigitaldeasturias.com\/noticias\/la-dgt-intensifica-la-vigilancia-del-transporte-escolar\/#mainImage"},"datePublished":"2018-02-20T11:30:00+01:00","dateModified":"2018-02-20T11:30:00+01:00"},{"@type":"WebSite","@id":"https:\/\/www.eldigitaldeasturias.com\/noticias\/#website","url":"https:\/\/www.eldigitaldeasturias.com\/noticias\/","name":"El Digital de Asturias - Diario de actualidad y noticias","alternateName":"El Digital de Asturias - Diario de actualidad y noticias","description":"Hemeroteca","inLanguage":"es-ES","publisher":{"@id":"https:\/\/www.eldigitaldeasturias.com\/noticias\/#organization"}}]},"og:locale":"es_ES","og:site_name":"El Digital de Asturias","og:type":"article","og:title":"La DGT intensifica la vigilancia del transporte escolar - El Digital de Asturias","og:description":"Hasta el viernes 23 de febrero los autocares dedicados al transporte escolar ser\u00e1n objeto de vigilancia por parte de los agentes de la Agrupaci\u00f3n de Tr\u00e1fico de la Guardia Civil, dentro de las campa\u00f1as de seguridad vial que anualmente realiza la Direcci\u00f3n General de Tr\u00e1fico para prevenir accidentes en este tipo de transporte. Durante los","og:url":"https:\/\/www.eldigitaldeasturias.com\/noticias\/la-dgt-intensifica-la-vigilancia-del-transporte-escolar\/","article:tag":["actualidad"],"article:published_time":"2018-02-20T11:30:00+00:00","article:modified_time":"2018-02-20T11:30:00+00:00","article:publisher":"https:\/\/facebook.com\/eldigitaldeasturias","twitter:card":"summary_large_image","twitter:title":"La DGT intensifica la vigilancia del transporte escolar - El Digital de Asturias","twitter:description":"Hasta el viernes 23 de febrero los autocares dedicados al transporte escolar ser\u00e1n objeto de vigilancia por parte de los agentes de la Agrupaci\u00f3n de Tr\u00e1fico de la Guardia Civil, dentro de las campa\u00f1as de seguridad vial que anualmente realiza la Direcci\u00f3n General de Tr\u00e1fico para prevenir accidentes en este tipo de transporte. Durante los","twitter:image":"https:\/\/www.eldigitaldeasturias.com\/noticias\/wp-content\/uploads\/2020\/12\/EDA-1.jpg","twitter:label1":"Escrito por","twitter:data1":"El Digital de Asturias","twitter:label2":"Tiempo de lectura estimado","twitter:data2":"3 minutos"},"aioseo_meta_data":{"post_id":"969598","title":null,"description":null,"keywords":null,"keyphrases":null,"primary_term":null,"canonical_url":null,"og_title":null,"og_description":null,"og_object_type":"default","og_image_type":"default","og_image_url":null,"og_image_width":null,"og_image_height":null,"og_image_custom_url":null,"og_image_custom_fields":null,"og_video":null,"og_custom_url":null,"og_article_section":null,"og_article_tags":null,"twitter_use_og":false,"twitter_card":"default","twitter_image_type":"default","twitter_image_url":null,"twitter_image_custom_url":null,"twitter_image_custom_fields":null,"twitter_title":null,"twitter_description":null,"schema":{"blockGraphs":[],"customGraphs":[],"default":{"data":{"Article":[],"Course":[],"Dataset":[],"FAQPage":[],"Movie":[],"Person":[],"Product":[],"ProductReview":[],"Car":[],"Recipe":[],"Service":[],"SoftwareApplication":[],"WebPage":[]},"graphName":"","isEnabled":true},"graphs":[],"defaultGraph":"","defaultPostTypeGraph":""},"schema_type":null,"schema_type_options":null,"pillar_content":false,"robots_default":true,"robots_noindex":false,"robots_noarchive":false,"robots_nosnippet":false,"robots_nofollow":false,"robots_noimageindex":false,"robots_noodp":false,"robots_notranslate":false,"robots_max_snippet":null,"robots_max_videopreview":null,"robots_max_imagepreview":"large","priority":null,"frequency":null,"local_seo":null,"seo_analyzer_scan_date":"2025-10-07 02:43:11","breadcrumb_settings":null,"limit_modified_date":false,"open_ai":null,"ai":null,"created":"2020-12-21 12:26:38","updated":"2025-10-07 02:43:11","focus_keyword":null,"additional_keywords":null,"truseo_locale":null},"aioseo_breadcrumb":"<div class=\"aioseo-breadcrumbs\"><span class=\"aioseo-breadcrumb\">\n\t<a href=\"https:\/\/www.eldigitaldeasturias.com\/noticias\" title=\"Home\">Home<\/a>\n<\/span><span class=\"aioseo-breadcrumb-separator\">\u2013<\/span><span class=\"aioseo-breadcrumb\">\n\t<a href=\"https:\/\/www.eldigitaldeasturias.com\/noticias\/category\/actualidad\/\" title=\"Actualidad\">Actualidad<\/a>\n<\/span><span class=\"aioseo-breadcrumb-separator\">\u2013<\/span><span class=\"aioseo-breadcrumb\">\n\t<a href=\"https:\/\/www.eldigitaldeasturias.com\/noticias\/la-dgt-intensifica-la-vigilancia-del-transporte-escolar\/\" title=\"La DGT intensifica la vigilancia del transporte escolar\">La DGT intensifica la vigilancia del transporte escolar<\/a>\n<\/span><\/div>","aioseo_breadcrumb_json":[{"label":"Home","link":"https:\/\/www.eldigitaldeasturias.com\/noticias"},{"label":"Actualidad","link":"https:\/\/www.eldigitaldeasturias.com\/noticias\/category\/actualidad\/"},{"label":"La DGT intensifica la vigilancia del transporte escolar","link":"https:\/\/www.eldigitaldeasturias.com\/noticias\/la-dgt-intensifica-la-vigilancia-del-transporte-escolar\/"}],"_links":{"self":[{"href":"https:\/\/www.eldigitaldeasturias.com\/noticias\/wp-json\/wp\/v2\/posts\/969598","targetHints":{"allow":["GET"]}}],"collection":[{"href":"https:\/\/www.eldigitaldeasturias.com\/noticias\/wp-json\/wp\/v2\/posts"}],"about":[{"href":"https:\/\/www.eldigitaldeasturias.com\/noticias\/wp-json\/wp\/v2\/types\/post"}],"author":[{"embeddable":true,"href":"https:\/\/www.eldigitaldeasturias.com\/noticias\/wp-json\/wp\/v2\/users\/1"}],"replies":[{"embeddable":true,"href":"https:\/\/www.eldigitaldeasturias.com\/noticias\/wp-json\/wp\/v2\/comments?post=969598"}],"version-history":[{"count":0,"href":"https:\/\/www.eldigitaldeasturias.com\/noticias\/wp-json\/wp\/v2\/posts\/969598\/revisions"}],"wp:attachment":[{"href":"https:\/\/www.eldigitaldeasturias.com\/noticias\/wp-json\/wp\/v2\/media?parent=969598"}],"wp:term":[{"taxonomy":"category","embeddable":true,"href":"https:\/\/www.eldigitaldeasturias.com\/noticias\/wp-json\/wp\/v2\/categories?post=969598"},{"taxonomy":"post_tag","embeddable":true,"href":"https:\/\/www.eldigitaldeasturias.com\/noticias\/wp-json\/wp\/v2\/tags?post=969598"}],"curies":[{"name":"wp","href":"https:\/\/api.w.org\/{rel}","templated":true}]}}