{"id":969508,"date":"2018-02-19T21:18:07","date_gmt":"2018-02-19T21:18:07","guid":{"rendered":"http:\/\/www.eldigitaldeasturias.com\/noticias\/?p=969508"},"modified":"2018-02-19T21:18:07","modified_gmt":"2018-02-19T21:18:07","slug":"michael-wolff-trump-no-esta-capacitado-para-liderar-una-guerra","status":"publish","type":"post","link":"https:\/\/www.eldigitaldeasturias.com\/noticias\/michael-wolff-trump-no-esta-capacitado-para-liderar-una-guerra\/","title":{"rendered":"Michael Wolff: Trump no est\u00e1 capacitado para liderar una guerra"},"content":{"rendered":"<p><img loading=\"lazy\" decoding=\"async\" class=\"alignleft size-medium wp-image-875869\" src=\"https:\/\/www.eldigitaldeasturias.com\/noticias\/wp-content\/uploads\/2016\/04\/Trump-360x198.jpg\" alt=\"\" width=\"360\" height=\"198\" \/>Madrid, 19 feb (dpa) &#8211; La agresividad verbal del presidente estadounidense, Donald Trump, ha hecho temer el estallido de un conflicto en el \u00faltimo a\u00f1o, pero quiz\u00e1 sea el movimiento nacionalista-populista, que va m\u00e1s all\u00e1 del mandatario, lo que arroja un riesgo real para la democracia: as\u00ed lo dej\u00f3 entrever hoy Michael Wolff durante la presentaci\u00f3n en Madrid de su libro \u00abFuego y furia\u00bb.<\/p>\n<p>El bestseller, bautizado con los exabruptos verbales de Trump al referirse a un ataque contra Corea del Norte, pero que refleja toda una actitud presidencial, se convirti\u00f3 en \u00e9xito de ventas el mes pasado en Estados Unidos, entre otras cosas gracias a los intentos del propio Trump por impedir que viera la luz y a las cr\u00edticas lanzadas contra su autor. Ma\u00f1ana llega a las librer\u00edas espa\u00f1olas.<\/p>\n<p>En \u00abFuego y furia. En las entra\u00f1as de la Casa Blanca de Trump\u00bb (Pen\u00ednsula\u00bb), Wolff (1953) bucea en los entresijos y las luchas internas durante los primeros 200 d\u00edas de su mandato, en los que, pululando como un \u00abintruso\u00bb por la sede de gobierno, fue testigo de un caos y una incapacidad dif\u00edcil de creer en la nueva administraci\u00f3n, cont\u00f3 durante la presentaci\u00f3n en la Casa de Am\u00e9rica de Madrid.<\/p>\n<p>Una incapacidad que, al contrario de lo que pueda parecer, rebaja el riesgo de que estalle un conflicto con Corea del Norte o lance una ataque contra Venezuela, seg\u00fan Wolff. \u00abLe gusta amenazar con la guerra, con fuego y furia, pero no le interesa\u00bb. Pero sobre todo porque \u00abla guerra es la acci\u00f3n que m\u00e1s informaci\u00f3n requiere, y Trump no es capaz de lidiar con ella\u00bb.<\/p>\n<p>\u00abYo estaba dispuesto a escribir el libro contrario, el del camino exitoso de Donald Trump\u00bb, asegura Wolff, que relata sin embargo c\u00f3mo la confusi\u00f3n dej\u00f3 paso a la desilusi\u00f3n y despu\u00e9s a la incredulidad por lo que ve\u00eda.<\/p>\n<p>\u00abHasta llegar la conclusi\u00f3n inevitable de que ten\u00edamos un hombre que no estaba capacitado para desempe\u00f1ar casi ninguna de las funciones presidenciales\u00bb, se\u00f1ala este escritor y periodista que basa su obra en m\u00e1s de 200 entrevistas con altos cargos -muchos de ellos en el anonimato o de forma extraoficial- y en encuentros con el propio Trump, algunos de los cuales ha negado \u00e9ste.<\/p>\n<p>Trump \u00abno lee, no escucha\u00bb y se aburre cuando le presentan alguna informaci\u00f3n detallada o le ponen un PowerPoint. \u00abEs como un muro distanciado de su propia realidad\u00bb, cuya mayor motivaci\u00f3n en la vida ha sido siempre \u00abcazar a las mujeres\u00bb, se\u00f1ala Wolff. \u00abUna vez le preguntaron por qu\u00e9 era due\u00f1o de una aerol\u00ednea y respondi\u00f3 que por las azafatas\u00bb, ilustra el autor.<\/p>\n<p>En un primer momento, Wolff quer\u00eda narrar los 100 primeros d\u00edas de Trump -un hito tradicional para medir el pulso al arranque de su presidencia-, que se convirtieron en 200, \u00abal desmoronarse ese par\u00e1metro durante las explosiones diarias de Trump\u00bb, explica.<\/p>\n<p>Al final, ese \u00abprimer acto\u00bb presidencial no estuvo cerrado hasta meses despu\u00e9s, tras el \u00abincre\u00edble \u00e9xodo\u00bb del n\u00facleo central que hab\u00eda entrado con Trump a la Casa Blanca el 20 de enero: su estratega jefe Steve Bannon, su jefe de Gabinete Reince Priebus, su n\u00famero dos Kathie Walsh o el director de comunicaci\u00f3n Anthony Scaramucci, entre otros.<\/p>\n<p>En esos seis meses, Wolff sumerge al lector en un mundo de intrigas por el poder, disputadas principalmente por Priebus, Banon, Ivanka Trump y Jared Kushner -estos \u00faltimos la hija y el yerno del presidente- que se esfuerzan por imponer sus ideas a un pol\u00edtico totalmente manipulable y en el que realmente no creen.<\/p>\n<p>Porque Wolff esboza un entorno de pol\u00edticos que nunca creyeron -y quiz\u00e1 tampoco desearon- una victoria real de Trump y por eso no se prepararon para ella. As\u00ed lo ilustra su descripci\u00f3n de una noche electoral marcada por la incredulidad e incluso la desesperaci\u00f3n, con el propio Trump anonadado y su mujer Melania llorando por la victoria.<\/p>\n<p>Pero entre esos pol\u00edticos, \u00abFuego y furia\u00bb encumbra la figura de Bannon, al que Wolff considera el verdadero art\u00edfice de la victoria de Trump y de su pol\u00edtica. Bannon, casi la \u00fanica fuente del libro que habla p\u00fablicamente, fue quien concibi\u00f3 el aislacionismo comercial, la pol\u00edtica interior, el controvertido decreto migratorio, la salida del Acuerdo de Par\u00eds o el enfrentamiento con las agencias de inteligencia, considera Wolff.<\/p>\n<p>Pero cometi\u00f3 un error: \u00abAtreverse a decir a Trump lo que hab\u00eda conseguido\u00bb. \u00abBannon pensaba que todo iba a funcionar con Trump como protagonista y \u00e9l como cerebro\u00bb, considera Wolff. \u00abVe\u00eda a Trump como un actor conveniente en una obra mucho m\u00e1s grande\u00bb, como \u00abun instrumento de su misi\u00f3n\u00bb.<\/p>\n<p>En la actualidad, Bannon ya no est\u00e1 y ahora es John Kelly el hombre al frente del Gabinete en Washington, pero eso no parece haber arreglado las cosas. \u00abLa Casa Blanca es ahora disfuncional de otra forma: todo el mundo se ha ido y los principales asesores de Trump tienen muy bajo perfil. Es dif\u00edcil atraer a nuevas personas a esta administraci\u00f3n (&#8230;) porque trabajar para Trump se convierte en una lacra para sus carreras\u00bb, cree Wolff.<\/p>\n<p>\u00bfY c\u00f3mo se vislumbra el futuro? \u00abBannon cree que hay un 33 por ciento de posibilidades de que Trump renuncie, otro 33 por ciento de que sea destituido y otro 33 por ciento de que termine su mandato. Pero en ese caso llegar\u00eda tan herido pol\u00edticamente que no volver\u00eda a presentarse\u00bb.<\/p>\n<p>Y en ese vac\u00edo de liderazgo en el movimiento nacionalista populista podr\u00eda alzarse el propio Bannon, que ha dado pistas sobre una eventual aspiraci\u00f3n presidencial. Pero tambi\u00e9n queda abierto el papel de Ivanka Trump -de quien Wolff asegura que quiere convertirse en la primera mujer presidenta- o de Nikki Haley, la ambiciosa embajadora de Washington ante la ONU, de quien el libro insin\u00faa que podr\u00eda tener una relaci\u00f3n extramatrimonial con Trump.<\/p>\n<p>Por eso la lecci\u00f3n principal de este libro es tambi\u00e9n un mensaje a los votantes, que eligieron escoger a alguien que no se parec\u00eda a nada a lo que se ha visto antes. Trump ha resultado un \u00abexperimento fracasado\u00bb, concluye Wolff. \u00abHay que tener cuidado con lo que deseamos\u00bb.<\/p>\n<p><i class=\"lang-es\"><span class=\" readonly\" title=\"\">Por Raquel Miguel (dpa)<\/span><\/i><\/p>\n","protected":false},"excerpt":{"rendered":"<p>Madrid, 19 feb (dpa) &#8211; La agresividad verbal del presidente estadounidense, Donald Trump, ha hecho temer el estallido de un conflicto en el \u00faltimo a\u00f1o, pero quiz\u00e1 sea el movimiento nacionalista-populista, que va m\u00e1s all\u00e1 del mandatario, lo que arroja un riesgo real para la democracia: as\u00ed lo dej\u00f3 entrever hoy Michael Wolff durante la [&hellip;]<\/p>\n","protected":false},"author":1,"featured_media":875869,"comment_status":"closed","ping_status":"closed","sticky":false,"template":"","format":"standard","meta":{"footnotes":""},"categories":[1],"tags":[],"class_list":["post-969508","post","type-post","status-publish","format-standard","has-post-thumbnail","hentry","category-actualidad"],"aioseo_notices":[],"aioseo_head":"\n\t\t<!-- All in One SEO Pro 5.0.1 - aioseo.com -->\n\t<meta name=\"description\" content=\"Madrid, 19 feb (dpa) - La agresividad verbal del presidente estadounidense, Donald Trump, ha hecho temer el estallido de un conflicto en el \u00faltimo a\u00f1o, pero quiz\u00e1 sea el movimiento nacionalista-populista, que va m\u00e1s all\u00e1 del mandatario, lo que arroja un riesgo real para la democracia: as\u00ed lo dej\u00f3 entrever hoy Michael Wolff durante la\" \/>\n\t<meta name=\"robots\" content=\"max-image-preview:large\" \/>\n\t<meta name=\"author\" content=\"El Digital de Asturias\"\/>\n\t<meta name=\"google-site-verification\" content=\"UA-38556648-1\" \/>\n\t<meta name=\"msvalidate.01\" content=\"7dfe9f3f1b24437ab69f4f2559babe99\" \/>\n\t<meta name=\"keywords\" content=\"actualidad\" \/>\n\t<link rel=\"canonical\" href=\"https:\/\/www.eldigitaldeasturias.com\/noticias\/michael-wolff-trump-no-esta-capacitado-para-liderar-una-guerra\/\" \/>\n\t<meta name=\"generator\" content=\"All in One SEO Pro (AIOSEO) 5.0.1\" \/>\n\t\t<meta property=\"og:locale\" content=\"es_ES\" \/>\n\t\t<meta property=\"og:site_name\" content=\"El Digital de Asturias\" \/>\n\t\t<meta property=\"og:type\" content=\"article\" \/>\n\t\t<meta property=\"og:title\" content=\"Michael Wolff: Trump no est\u00e1 capacitado para liderar una guerra - El Digital de Asturias\" \/>\n\t\t<meta property=\"og:description\" content=\"Madrid, 19 feb (dpa) - La agresividad verbal del presidente estadounidense, Donald Trump, ha hecho temer el estallido de un conflicto en el \u00faltimo a\u00f1o, pero quiz\u00e1 sea el movimiento nacionalista-populista, que va m\u00e1s all\u00e1 del mandatario, lo que arroja un riesgo real para la democracia: as\u00ed lo dej\u00f3 entrever hoy Michael Wolff durante la\" \/>\n\t\t<meta property=\"og:url\" content=\"https:\/\/www.eldigitaldeasturias.com\/noticias\/michael-wolff-trump-no-esta-capacitado-para-liderar-una-guerra\/\" \/>\n\t\t<meta property=\"article:tag\" content=\"actualidad\" \/>\n\t\t<meta property=\"article:published_time\" content=\"2018-02-19T21:18:07+00:00\" \/>\n\t\t<meta property=\"article:modified_time\" content=\"2018-02-19T21:18:07+00:00\" \/>\n\t\t<meta property=\"article:publisher\" content=\"https:\/\/facebook.com\/eldigitaldeasturias\" \/>\n\t\t<meta name=\"twitter:card\" content=\"summary_large_image\" \/>\n\t\t<meta name=\"twitter:title\" content=\"Michael Wolff: Trump no est\u00e1 capacitado para liderar una guerra - El Digital de Asturias\" \/>\n\t\t<meta name=\"twitter:description\" content=\"Madrid, 19 feb (dpa) - La agresividad verbal del presidente estadounidense, Donald Trump, ha hecho temer el estallido de un conflicto en el \u00faltimo a\u00f1o, pero quiz\u00e1 sea el movimiento nacionalista-populista, que va m\u00e1s all\u00e1 del mandatario, lo que arroja un riesgo real para la democracia: as\u00ed lo dej\u00f3 entrever hoy Michael Wolff durante la\" \/>\n\t\t<meta name=\"twitter:image\" content=\"https:\/\/www.eldigitaldeasturias.com\/noticias\/wp-content\/uploads\/2020\/12\/EDA-1.jpg\" \/>\n\t\t<meta name=\"twitter:label1\" content=\"Escrito por\" \/>\n\t\t<meta name=\"twitter:data1\" content=\"El Digital de Asturias\" \/>\n\t\t<meta name=\"twitter:label2\" content=\"Tiempo de lectura estimado\" \/>\n\t\t<meta name=\"twitter:data2\" content=\"5 minutos\" \/>\n\t\t<script type=\"application\/ld+json\" class=\"aioseo-schema\">\n\t\t\t{\"@context\":\"https:\\\/\\\/schema.org\",\"@graph\":[{\"@type\":\"BlogPosting\",\"@id\":\"https:\\\/\\\/www.eldigitaldeasturias.com\\\/noticias\\\/michael-wolff-trump-no-esta-capacitado-para-liderar-una-guerra\\\/#blogposting\",\"name\":\"Michael Wolff: Trump no est\\u00e1 capacitado para liderar una guerra - El Digital de Asturias\",\"headline\":\"Michael Wolff: Trump no est\\u00e1 capacitado para liderar una guerra\",\"author\":{\"@id\":\"https:\\\/\\\/www.eldigitaldeasturias.com\\\/noticias\\\/author\\\/admin\\\/#author\"},\"publisher\":{\"@id\":\"https:\\\/\\\/www.eldigitaldeasturias.com\\\/noticias\\\/#organization\"},\"image\":{\"@type\":\"ImageObject\",\"url\":875869},\"datePublished\":\"2018-02-19T21:18:07+01:00\",\"dateModified\":\"2018-02-19T21:18:07+01:00\",\"inLanguage\":\"es-ES\",\"mainEntityOfPage\":{\"@id\":\"https:\\\/\\\/www.eldigitaldeasturias.com\\\/noticias\\\/michael-wolff-trump-no-esta-capacitado-para-liderar-una-guerra\\\/#webpage\"},\"isPartOf\":{\"@id\":\"https:\\\/\\\/www.eldigitaldeasturias.com\\\/noticias\\\/michael-wolff-trump-no-esta-capacitado-para-liderar-una-guerra\\\/#webpage\"},\"articleSection\":\"Actualidad\"},{\"@type\":\"BreadcrumbList\",\"@id\":\"https:\\\/\\\/www.eldigitaldeasturias.com\\\/noticias\\\/michael-wolff-trump-no-esta-capacitado-para-liderar-una-guerra\\\/#breadcrumblist\",\"itemListElement\":[{\"@type\":\"ListItem\",\"@id\":\"https:\\\/\\\/www.eldigitaldeasturias.com\\\/noticias#listItem\",\"position\":1,\"name\":\"Home\",\"item\":\"https:\\\/\\\/www.eldigitaldeasturias.com\\\/noticias\",\"nextItem\":{\"@type\":\"ListItem\",\"@id\":\"https:\\\/\\\/www.eldigitaldeasturias.com\\\/noticias\\\/category\\\/actualidad\\\/#listItem\",\"name\":\"Actualidad\"}},{\"@type\":\"ListItem\",\"@id\":\"https:\\\/\\\/www.eldigitaldeasturias.com\\\/noticias\\\/category\\\/actualidad\\\/#listItem\",\"position\":2,\"name\":\"Actualidad\",\"item\":\"https:\\\/\\\/www.eldigitaldeasturias.com\\\/noticias\\\/category\\\/actualidad\\\/\",\"nextItem\":{\"@type\":\"ListItem\",\"@id\":\"https:\\\/\\\/www.eldigitaldeasturias.com\\\/noticias\\\/michael-wolff-trump-no-esta-capacitado-para-liderar-una-guerra\\\/#listItem\",\"name\":\"Michael Wolff: Trump no est\\u00e1 capacitado para liderar una guerra\"},\"previousItem\":{\"@type\":\"ListItem\",\"@id\":\"https:\\\/\\\/www.eldigitaldeasturias.com\\\/noticias#listItem\",\"name\":\"Home\"}},{\"@type\":\"ListItem\",\"@id\":\"https:\\\/\\\/www.eldigitaldeasturias.com\\\/noticias\\\/michael-wolff-trump-no-esta-capacitado-para-liderar-una-guerra\\\/#listItem\",\"position\":3,\"name\":\"Michael Wolff: Trump no est\\u00e1 capacitado para liderar una guerra\",\"previousItem\":{\"@type\":\"ListItem\",\"@id\":\"https:\\\/\\\/www.eldigitaldeasturias.com\\\/noticias\\\/category\\\/actualidad\\\/#listItem\",\"name\":\"Actualidad\"}}]},{\"@type\":\"Organization\",\"@id\":\"https:\\\/\\\/www.eldigitaldeasturias.com\\\/noticias\\\/#organization\",\"name\":\"El Digital de Asturias\",\"description\":\"Hemeroteca\",\"url\":\"https:\\\/\\\/www.eldigitaldeasturias.com\\\/noticias\\\/\",\"email\":\"info@eldigitaldeasturias.com\",\"telephone\":\"+34652131393\",\"logo\":{\"@type\":\"ImageObject\",\"url\":\"https:\\\/\\\/www.eldigitaldeasturias.com\\\/noticias\\\/wp-content\\\/uploads\\\/2020\\\/12\\\/EDA.jpg\",\"@id\":\"https:\\\/\\\/www.eldigitaldeasturias.com\\\/noticias\\\/michael-wolff-trump-no-esta-capacitado-para-liderar-una-guerra\\\/#organizationLogo\"},\"image\":{\"@id\":\"https:\\\/\\\/www.eldigitaldeasturias.com\\\/noticias\\\/michael-wolff-trump-no-esta-capacitado-para-liderar-una-guerra\\\/#organizationLogo\"},\"sameAs\":[\"https:\\\/\\\/facebook.com\\\/eldigitaldeasturias\",\"https:\\\/\\\/www.youtube.com\\\/channel\\\/UCZP-2wLEB9Rv6erhFmqVnvg\"],\"address\":{\"@id\":\"https:\\\/\\\/www.eldigitaldeasturias.com\\\/noticias\\\/#postaladdress\",\"@type\":\"PostalAddress\",\"streetAddress\":\"san antonio 4\",\"postalCode\":\"33430\",\"addressLocality\":\"Cand\\u00e1s\",\"addressRegion\":\"Asturias\",\"addressCountry\":\"ES\"}},{\"@type\":\"Person\",\"@id\":\"https:\\\/\\\/www.eldigitaldeasturias.com\\\/noticias\\\/author\\\/admin\\\/#author\",\"url\":\"https:\\\/\\\/www.eldigitaldeasturias.com\\\/noticias\\\/author\\\/admin\\\/\",\"name\":\"El Digital de Asturias\",\"image\":{\"@type\":\"ImageObject\",\"@id\":\"https:\\\/\\\/www.eldigitaldeasturias.com\\\/noticias\\\/michael-wolff-trump-no-esta-capacitado-para-liderar-una-guerra\\\/#authorImage\",\"url\":\"https:\\\/\\\/secure.gravatar.com\\\/avatar\\\/df2aeffc32bcd13f8d26072ef8a91b623d677766deac7f97ca815868cd41bf5e?s=96&d=mm&r=g\",\"width\":96,\"height\":96,\"caption\":\"El Digital de Asturias\"}},{\"@type\":\"WebPage\",\"@id\":\"https:\\\/\\\/www.eldigitaldeasturias.com\\\/noticias\\\/michael-wolff-trump-no-esta-capacitado-para-liderar-una-guerra\\\/#webpage\",\"url\":\"https:\\\/\\\/www.eldigitaldeasturias.com\\\/noticias\\\/michael-wolff-trump-no-esta-capacitado-para-liderar-una-guerra\\\/\",\"name\":\"Michael Wolff: Trump no est\\u00e1 capacitado para liderar una guerra - El Digital de Asturias\",\"description\":\"Madrid, 19 feb (dpa) - La agresividad verbal del presidente estadounidense, Donald Trump, ha hecho temer el estallido de un conflicto en el \\u00faltimo a\\u00f1o, pero quiz\\u00e1 sea el movimiento nacionalista-populista, que va m\\u00e1s all\\u00e1 del mandatario, lo que arroja un riesgo real para la democracia: as\\u00ed lo dej\\u00f3 entrever hoy Michael Wolff durante la\",\"inLanguage\":\"es-ES\",\"isPartOf\":{\"@id\":\"https:\\\/\\\/www.eldigitaldeasturias.com\\\/noticias\\\/#website\"},\"breadcrumb\":{\"@id\":\"https:\\\/\\\/www.eldigitaldeasturias.com\\\/noticias\\\/michael-wolff-trump-no-esta-capacitado-para-liderar-una-guerra\\\/#breadcrumblist\"},\"author\":{\"@id\":\"https:\\\/\\\/www.eldigitaldeasturias.com\\\/noticias\\\/author\\\/admin\\\/#author\"},\"creator\":{\"@id\":\"https:\\\/\\\/www.eldigitaldeasturias.com\\\/noticias\\\/author\\\/admin\\\/#author\"},\"image\":{\"@type\":\"ImageObject\",\"url\":875869,\"@id\":\"https:\\\/\\\/www.eldigitaldeasturias.com\\\/noticias\\\/michael-wolff-trump-no-esta-capacitado-para-liderar-una-guerra\\\/#mainImage\"},\"primaryImageOfPage\":{\"@id\":\"https:\\\/\\\/www.eldigitaldeasturias.com\\\/noticias\\\/michael-wolff-trump-no-esta-capacitado-para-liderar-una-guerra\\\/#mainImage\"},\"datePublished\":\"2018-02-19T21:18:07+01:00\",\"dateModified\":\"2018-02-19T21:18:07+01:00\"},{\"@type\":\"WebSite\",\"@id\":\"https:\\\/\\\/www.eldigitaldeasturias.com\\\/noticias\\\/#website\",\"url\":\"https:\\\/\\\/www.eldigitaldeasturias.com\\\/noticias\\\/\",\"name\":\"El Digital de Asturias - Diario de actualidad y noticias\",\"alternateName\":\"El Digital de Asturias - Diario de actualidad y noticias\",\"description\":\"Hemeroteca\",\"inLanguage\":\"es-ES\",\"publisher\":{\"@id\":\"https:\\\/\\\/www.eldigitaldeasturias.com\\\/noticias\\\/#organization\"}}]}\n\t\t<\/script>\n\t\t<!-- All in One SEO Pro -->\r\n\t\t<title>Michael Wolff: Trump no est\u00e1 capacitado para liderar una guerra - El Digital de Asturias<\/title>\n\n","aioseo_head_json":{"title":"Michael Wolff: Trump no est\u00e1 capacitado para liderar una guerra - El Digital de Asturias","description":"Madrid, 19 feb (dpa) - La agresividad verbal del presidente estadounidense, Donald Trump, ha hecho temer el estallido de un conflicto en el \u00faltimo a\u00f1o, pero quiz\u00e1 sea el movimiento nacionalista-populista, que va m\u00e1s all\u00e1 del mandatario, lo que arroja un riesgo real para la democracia: as\u00ed lo dej\u00f3 entrever hoy Michael Wolff durante la","canonical_url":"https:\/\/www.eldigitaldeasturias.com\/noticias\/michael-wolff-trump-no-esta-capacitado-para-liderar-una-guerra\/","robots":"max-image-preview:large","keywords":"actualidad","webmasterTools":{"google-site-verification":"UA-38556648-1","msvalidate.01":"7dfe9f3f1b24437ab69f4f2559babe99","miscellaneous":""},"schema":{"@context":"https:\/\/schema.org","@graph":[{"@type":"BlogPosting","@id":"https:\/\/www.eldigitaldeasturias.com\/noticias\/michael-wolff-trump-no-esta-capacitado-para-liderar-una-guerra\/#blogposting","name":"Michael Wolff: Trump no est\u00e1 capacitado para liderar una guerra - El Digital de Asturias","headline":"Michael Wolff: Trump no est\u00e1 capacitado para liderar una guerra","author":{"@id":"https:\/\/www.eldigitaldeasturias.com\/noticias\/author\/admin\/#author"},"publisher":{"@id":"https:\/\/www.eldigitaldeasturias.com\/noticias\/#organization"},"image":{"@type":"ImageObject","url":875869},"datePublished":"2018-02-19T21:18:07+01:00","dateModified":"2018-02-19T21:18:07+01:00","inLanguage":"es-ES","mainEntityOfPage":{"@id":"https:\/\/www.eldigitaldeasturias.com\/noticias\/michael-wolff-trump-no-esta-capacitado-para-liderar-una-guerra\/#webpage"},"isPartOf":{"@id":"https:\/\/www.eldigitaldeasturias.com\/noticias\/michael-wolff-trump-no-esta-capacitado-para-liderar-una-guerra\/#webpage"},"articleSection":"Actualidad"},{"@type":"BreadcrumbList","@id":"https:\/\/www.eldigitaldeasturias.com\/noticias\/michael-wolff-trump-no-esta-capacitado-para-liderar-una-guerra\/#breadcrumblist","itemListElement":[{"@type":"ListItem","@id":"https:\/\/www.eldigitaldeasturias.com\/noticias#listItem","position":1,"name":"Home","item":"https:\/\/www.eldigitaldeasturias.com\/noticias","nextItem":{"@type":"ListItem","@id":"https:\/\/www.eldigitaldeasturias.com\/noticias\/category\/actualidad\/#listItem","name":"Actualidad"}},{"@type":"ListItem","@id":"https:\/\/www.eldigitaldeasturias.com\/noticias\/category\/actualidad\/#listItem","position":2,"name":"Actualidad","item":"https:\/\/www.eldigitaldeasturias.com\/noticias\/category\/actualidad\/","nextItem":{"@type":"ListItem","@id":"https:\/\/www.eldigitaldeasturias.com\/noticias\/michael-wolff-trump-no-esta-capacitado-para-liderar-una-guerra\/#listItem","name":"Michael Wolff: Trump no est\u00e1 capacitado para liderar una guerra"},"previousItem":{"@type":"ListItem","@id":"https:\/\/www.eldigitaldeasturias.com\/noticias#listItem","name":"Home"}},{"@type":"ListItem","@id":"https:\/\/www.eldigitaldeasturias.com\/noticias\/michael-wolff-trump-no-esta-capacitado-para-liderar-una-guerra\/#listItem","position":3,"name":"Michael Wolff: Trump no est\u00e1 capacitado para liderar una guerra","previousItem":{"@type":"ListItem","@id":"https:\/\/www.eldigitaldeasturias.com\/noticias\/category\/actualidad\/#listItem","name":"Actualidad"}}]},{"@type":"Organization","@id":"https:\/\/www.eldigitaldeasturias.com\/noticias\/#organization","name":"El Digital de Asturias","description":"Hemeroteca","url":"https:\/\/www.eldigitaldeasturias.com\/noticias\/","email":"info@eldigitaldeasturias.com","telephone":"+34652131393","logo":{"@type":"ImageObject","url":"https:\/\/www.eldigitaldeasturias.com\/noticias\/wp-content\/uploads\/2020\/12\/EDA.jpg","@id":"https:\/\/www.eldigitaldeasturias.com\/noticias\/michael-wolff-trump-no-esta-capacitado-para-liderar-una-guerra\/#organizationLogo"},"image":{"@id":"https:\/\/www.eldigitaldeasturias.com\/noticias\/michael-wolff-trump-no-esta-capacitado-para-liderar-una-guerra\/#organizationLogo"},"sameAs":["https:\/\/facebook.com\/eldigitaldeasturias","https:\/\/www.youtube.com\/channel\/UCZP-2wLEB9Rv6erhFmqVnvg"],"address":{"@id":"https:\/\/www.eldigitaldeasturias.com\/noticias\/#postaladdress","@type":"PostalAddress","streetAddress":"san antonio 4","postalCode":"33430","addressLocality":"Cand\u00e1s","addressRegion":"Asturias","addressCountry":"ES"}},{"@type":"Person","@id":"https:\/\/www.eldigitaldeasturias.com\/noticias\/author\/admin\/#author","url":"https:\/\/www.eldigitaldeasturias.com\/noticias\/author\/admin\/","name":"El Digital de Asturias","image":{"@type":"ImageObject","@id":"https:\/\/www.eldigitaldeasturias.com\/noticias\/michael-wolff-trump-no-esta-capacitado-para-liderar-una-guerra\/#authorImage","url":"https:\/\/secure.gravatar.com\/avatar\/df2aeffc32bcd13f8d26072ef8a91b623d677766deac7f97ca815868cd41bf5e?s=96&d=mm&r=g","width":96,"height":96,"caption":"El Digital de Asturias"}},{"@type":"WebPage","@id":"https:\/\/www.eldigitaldeasturias.com\/noticias\/michael-wolff-trump-no-esta-capacitado-para-liderar-una-guerra\/#webpage","url":"https:\/\/www.eldigitaldeasturias.com\/noticias\/michael-wolff-trump-no-esta-capacitado-para-liderar-una-guerra\/","name":"Michael Wolff: Trump no est\u00e1 capacitado para liderar una guerra - El Digital de Asturias","description":"Madrid, 19 feb (dpa) - La agresividad verbal del presidente estadounidense, Donald Trump, ha hecho temer el estallido de un conflicto en el \u00faltimo a\u00f1o, pero quiz\u00e1 sea el movimiento nacionalista-populista, que va m\u00e1s all\u00e1 del mandatario, lo que arroja un riesgo real para la democracia: as\u00ed lo dej\u00f3 entrever hoy Michael Wolff durante la","inLanguage":"es-ES","isPartOf":{"@id":"https:\/\/www.eldigitaldeasturias.com\/noticias\/#website"},"breadcrumb":{"@id":"https:\/\/www.eldigitaldeasturias.com\/noticias\/michael-wolff-trump-no-esta-capacitado-para-liderar-una-guerra\/#breadcrumblist"},"author":{"@id":"https:\/\/www.eldigitaldeasturias.com\/noticias\/author\/admin\/#author"},"creator":{"@id":"https:\/\/www.eldigitaldeasturias.com\/noticias\/author\/admin\/#author"},"image":{"@type":"ImageObject","url":875869,"@id":"https:\/\/www.eldigitaldeasturias.com\/noticias\/michael-wolff-trump-no-esta-capacitado-para-liderar-una-guerra\/#mainImage"},"primaryImageOfPage":{"@id":"https:\/\/www.eldigitaldeasturias.com\/noticias\/michael-wolff-trump-no-esta-capacitado-para-liderar-una-guerra\/#mainImage"},"datePublished":"2018-02-19T21:18:07+01:00","dateModified":"2018-02-19T21:18:07+01:00"},{"@type":"WebSite","@id":"https:\/\/www.eldigitaldeasturias.com\/noticias\/#website","url":"https:\/\/www.eldigitaldeasturias.com\/noticias\/","name":"El Digital de Asturias - Diario de actualidad y noticias","alternateName":"El Digital de Asturias - Diario de actualidad y noticias","description":"Hemeroteca","inLanguage":"es-ES","publisher":{"@id":"https:\/\/www.eldigitaldeasturias.com\/noticias\/#organization"}}]},"og:locale":"es_ES","og:site_name":"El Digital de Asturias","og:type":"article","og:title":"Michael Wolff: Trump no est\u00e1 capacitado para liderar una guerra - El Digital de Asturias","og:description":"Madrid, 19 feb (dpa) - La agresividad verbal del presidente estadounidense, Donald Trump, ha hecho temer el estallido de un conflicto en el \u00faltimo a\u00f1o, pero quiz\u00e1 sea el movimiento nacionalista-populista, que va m\u00e1s all\u00e1 del mandatario, lo que arroja un riesgo real para la democracia: as\u00ed lo dej\u00f3 entrever hoy Michael Wolff durante la","og:url":"https:\/\/www.eldigitaldeasturias.com\/noticias\/michael-wolff-trump-no-esta-capacitado-para-liderar-una-guerra\/","article:tag":["actualidad"],"article:published_time":"2018-02-19T21:18:07+00:00","article:modified_time":"2018-02-19T21:18:07+00:00","article:publisher":"https:\/\/facebook.com\/eldigitaldeasturias","twitter:card":"summary_large_image","twitter:title":"Michael Wolff: Trump no est\u00e1 capacitado para liderar una guerra - El Digital de Asturias","twitter:description":"Madrid, 19 feb (dpa) - La agresividad verbal del presidente estadounidense, Donald Trump, ha hecho temer el estallido de un conflicto en el \u00faltimo a\u00f1o, pero quiz\u00e1 sea el movimiento nacionalista-populista, que va m\u00e1s all\u00e1 del mandatario, lo que arroja un riesgo real para la democracia: as\u00ed lo dej\u00f3 entrever hoy Michael Wolff durante la","twitter:image":"https:\/\/www.eldigitaldeasturias.com\/noticias\/wp-content\/uploads\/2020\/12\/EDA-1.jpg","twitter:label1":"Escrito por","twitter:data1":"El Digital de Asturias","twitter:label2":"Tiempo de lectura estimado","twitter:data2":"5 minutos"},"aioseo_meta_data":{"post_id":"969508","title":null,"description":null,"keywords":null,"keyphrases":null,"primary_term":null,"canonical_url":null,"og_title":null,"og_description":null,"og_object_type":"default","og_image_type":"default","og_image_url":null,"og_image_width":null,"og_image_height":null,"og_image_custom_url":null,"og_image_custom_fields":null,"og_video":null,"og_custom_url":null,"og_article_section":null,"og_article_tags":null,"twitter_use_og":false,"twitter_card":"default","twitter_image_type":"default","twitter_image_url":null,"twitter_image_custom_url":null,"twitter_image_custom_fields":null,"twitter_title":null,"twitter_description":null,"schema":{"blockGraphs":[],"customGraphs":[],"default":{"data":{"Article":[],"Course":[],"Dataset":[],"FAQPage":[],"Movie":[],"Person":[],"Product":[],"ProductReview":[],"Car":[],"Recipe":[],"Service":[],"SoftwareApplication":[],"WebPage":[]},"graphName":"","isEnabled":true},"graphs":[],"defaultGraph":"","defaultPostTypeGraph":""},"schema_type":null,"schema_type_options":null,"pillar_content":false,"robots_default":true,"robots_noindex":false,"robots_noarchive":false,"robots_nosnippet":false,"robots_nofollow":false,"robots_noimageindex":false,"robots_noodp":false,"robots_notranslate":false,"robots_max_snippet":null,"robots_max_videopreview":null,"robots_max_imagepreview":"large","priority":null,"frequency":null,"local_seo":null,"seo_analyzer_scan_date":"2025-10-07 02:24:14","breadcrumb_settings":null,"limit_modified_date":false,"open_ai":null,"ai":null,"created":"2020-12-21 12:27:36","updated":"2025-10-07 02:24:14","focus_keyword":null,"additional_keywords":null,"truseo_locale":null},"aioseo_breadcrumb":"<div class=\"aioseo-breadcrumbs\"><span class=\"aioseo-breadcrumb\">\n\t<a href=\"https:\/\/www.eldigitaldeasturias.com\/noticias\" title=\"Home\">Home<\/a>\n<\/span><span class=\"aioseo-breadcrumb-separator\">\u2013<\/span><span class=\"aioseo-breadcrumb\">\n\t<a href=\"https:\/\/www.eldigitaldeasturias.com\/noticias\/category\/actualidad\/\" title=\"Actualidad\">Actualidad<\/a>\n<\/span><span class=\"aioseo-breadcrumb-separator\">\u2013<\/span><span class=\"aioseo-breadcrumb\">\n\t<a href=\"https:\/\/www.eldigitaldeasturias.com\/noticias\/michael-wolff-trump-no-esta-capacitado-para-liderar-una-guerra\/\" title=\"Michael Wolff: Trump no est\u00e1 capacitado para liderar una guerra\">Michael Wolff: Trump no est\u00e1 capacitado para liderar una guerra<\/a>\n<\/span><\/div>","aioseo_breadcrumb_json":[{"label":"Home","link":"https:\/\/www.eldigitaldeasturias.com\/noticias"},{"label":"Actualidad","link":"https:\/\/www.eldigitaldeasturias.com\/noticias\/category\/actualidad\/"},{"label":"Michael Wolff: Trump no est\u00e1 capacitado para liderar una guerra","link":"https:\/\/www.eldigitaldeasturias.com\/noticias\/michael-wolff-trump-no-esta-capacitado-para-liderar-una-guerra\/"}],"_links":{"self":[{"href":"https:\/\/www.eldigitaldeasturias.com\/noticias\/wp-json\/wp\/v2\/posts\/969508","targetHints":{"allow":["GET"]}}],"collection":[{"href":"https:\/\/www.eldigitaldeasturias.com\/noticias\/wp-json\/wp\/v2\/posts"}],"about":[{"href":"https:\/\/www.eldigitaldeasturias.com\/noticias\/wp-json\/wp\/v2\/types\/post"}],"author":[{"embeddable":true,"href":"https:\/\/www.eldigitaldeasturias.com\/noticias\/wp-json\/wp\/v2\/users\/1"}],"replies":[{"embeddable":true,"href":"https:\/\/www.eldigitaldeasturias.com\/noticias\/wp-json\/wp\/v2\/comments?post=969508"}],"version-history":[{"count":0,"href":"https:\/\/www.eldigitaldeasturias.com\/noticias\/wp-json\/wp\/v2\/posts\/969508\/revisions"}],"wp:attachment":[{"href":"https:\/\/www.eldigitaldeasturias.com\/noticias\/wp-json\/wp\/v2\/media?parent=969508"}],"wp:term":[{"taxonomy":"category","embeddable":true,"href":"https:\/\/www.eldigitaldeasturias.com\/noticias\/wp-json\/wp\/v2\/categories?post=969508"},{"taxonomy":"post_tag","embeddable":true,"href":"https:\/\/www.eldigitaldeasturias.com\/noticias\/wp-json\/wp\/v2\/tags?post=969508"}],"curies":[{"name":"wp","href":"https:\/\/api.w.org\/{rel}","templated":true}]}}