{"id":969501,"date":"2018-02-19T21:00:25","date_gmt":"2018-02-19T21:00:25","guid":{"rendered":"http:\/\/www.eldigitaldeasturias.com\/noticias\/?p=969501"},"modified":"2018-02-19T21:24:23","modified_gmt":"2018-02-19T21:24:23","slug":"la-martallesa-aplausos-y-criticas-al-himno-de-marta-sanchez","status":"publish","type":"post","link":"https:\/\/www.eldigitaldeasturias.com\/noticias\/la-martallesa-aplausos-y-criticas-al-himno-de-marta-sanchez\/","title":{"rendered":"\u00abLa Martallesa\u00bb: Aplausos y cr\u00edticas al himno de Marta S\u00e1nchez"},"content":{"rendered":"<p><img loading=\"lazy\" decoding=\"async\" class=\"alignleft size-medium wp-image-954143\" src=\"https:\/\/www.eldigitaldeasturias.com\/noticias\/wp-content\/uploads\/2017\/09\/spain-379535_960_720-360x270.jpg\" alt=\"\" width=\"360\" height=\"270\" \/>Madrid, 19 feb (dpa) &#8211; Cuando las notas del himno de Espa\u00f1a suenan en las grandes competiciones internacionales, los deportistas espa\u00f1oles se ponen serios, fijan la mirada en el infinito y aprietan la mand\u00edbula. No cantan, como sus colegas franceses o brit\u00e1nicos, porque su himno es uno los pocos del mundo que no tiene letra. Hasta ahora.<\/p>\n<p>La conocida cantante espa\u00f1ola Marta S\u00e1nchez, autora de \u00e9xitos como \u00abSoldados del amor\u00bb, dio la sorpresa este fin de semana al cerrar un concierto con una versi\u00f3n propia del himno espa\u00f1ol que fue celebrada por parte de la poblaci\u00f3n, aunque tambi\u00e9n provoc\u00f3 algunas cr\u00edticas.<\/p>\n<p>Vestida de rojo sobre el escenario del Teatro de la Zarzuela de Madrid, en la noche del s\u00e1bado la cantante enton\u00f3 la melod\u00eda con versos como \u00abVuelvo a casa, en mi amada tierra\u00bb o \u00abHoy te canto para decirte cu\u00e1nto orgullo hay en m\u00ed, por eso resist\u00ed\u00bb.<\/p>\n<p>El tema arranc\u00f3 los aplausos del p\u00fablico en un momento especialmente tenso en Espa\u00f1a a ra\u00edz del proceso independentista impulsado en Catalu\u00f1a, que llev\u00f3 en los \u00faltimos meses a miles de ciudadanos a colgar la bandera espa\u00f1ola en sus balcones por todo el pa\u00eds. \u00abRojo, amarillo, colores que brillan en mi coraz\u00f3n y no pido perd\u00f3n\u00bb, enton\u00f3 la cantante espa\u00f1ola, en alusi\u00f3n a sus colores.<\/p>\n<p>La versi\u00f3n de Marta S\u00e1nchez, apodada ya por algunos periodistas como \u00abla Martallesa\u00bb (en un juego de palabras con el conocido himno de Francia, la Marsellesa), no dej\u00f3 indiferente a nadie.<\/p>\n<p>El presidente del Gobierno espa\u00f1ol, el conservador Mariano Rajoy, alab\u00f3 su \u00abbuena iniciativa\u00bb. \u00abLa inmensa mayor\u00eda de los espa\u00f1oles nos sentimos representados. Gracias, Marta\u00bb, escribi\u00f3 el domingo en Twitter junto a un v\u00eddeo del concierto que se hizo viral en Espa\u00f1a.<\/p>\n<p>No fue el \u00fanico pol\u00edtico al que gust\u00f3. El l\u00edder del partido liberal y antiindependentista Ciudadanos, Albert Rivera, calific\u00f3 a Marta S\u00e1nchez de \u00abvaliente\u00bb por poner \u00abletra y coraz\u00f3n al himno nacional\u00bb. Y el m\u00e1ximo responsable del Partido Popular (PP) de Rajoy en Catalu\u00f1a, Xavier Garc\u00eda Albiol, propuso que la letra sea la oficial.<\/p>\n<p>Ante el terremoto provocado, la autora se mostr\u00f3 hoy sorprendida y satisfecha. \u00abNunca jam\u00e1s imagin\u00e9 que se iba a liar esto\u00bb, confes\u00f3 a los micr\u00f3fonos de la emisora de radio Cadena Ser. \u00abSi el himno acaba teniendo mi letra, me voy a la tumba tranquila\u00bb, asegur\u00f3.<\/p>\n<p>Ante las voces que la acusaron de oportunista en medio de la crisis abierta en Catalu\u00f1a y que la acusaron de pagar impuestos en otro pa\u00eds, Marta S\u00e1nchez asegur\u00f3 que su iniciativa es \u00absincera y desinteresada\u00bb. \u00abPara m\u00ed, que Rajoy o Rivera se animen a poner estos tuits me honra much\u00edsimo, pero me hace igual de feliz que le guste a la panadera que me da el pan a diario\u00bb, explic\u00f3.<\/p>\n<p>La cantante, de 51 a\u00f1os, triunf\u00f3 a partir de la d\u00e9cada de los 80 en Espa\u00f1a y en Latinoam\u00e9rica con temas como \u00abSoy yo\u00bb o \u00abDesesperada\u00bb. Uno de los hitos de su carrera fue su actuaci\u00f3n ante las tropas espa\u00f1olas en plena Guerra del Golfo en la Nochebuena de 1990, que incluy\u00f3 otra de sus canciones m\u00e1s conocidas, \u00abSoldados del amor\u00bb.<\/p>\n<p>Asentada en Miami durante a\u00f1os, fue all\u00ed donde, fruto de \u00abla a\u00f1oranza\u00bb, gest\u00f3 la particular versi\u00f3n del himno de Espa\u00f1a.<\/p>\n<p>\u00abEstaba deseando volver, aquella genial idea de ir all\u00ed (a Miami) no result\u00f3 y hace un a\u00f1o y pico se me pas\u00f3 por la cabeza (la idea de versionar el himno) mientras barr\u00eda las hojas de un \u00e1rbol en el porche de mi casa de Miami\u00bb, asegur\u00f3 a la Cadena Ser.<\/p>\n<p>De autor desconocido, el himno nacional, tambi\u00e9n conocido como Marcha Real o Marcha Granadera, empez\u00f3 a utilizarse en Espa\u00f1a en el siglo XVIII en los actos p\u00fablicos y solemnes a los que asist\u00eda el rey.<\/p>\n<p>Se oficializ\u00f3 como tal un siglo m\u00e1s tarde, durante el reinado de Isabel II, y desde entonces ha representado al pa\u00eds salvo en periodos concretos como la Primera Rep\u00fablica (1873-1894) o la Segunda (1931-1939).<\/p>\n<p>El dictador Francisco Franco restaur\u00f3 su oficialidad durante la Guerra Civil espa\u00f1ola (1936-1939) en las zonas bajo su control y tras su muerte, en 1975, fue recogido por la Constituci\u00f3n espa\u00f1ola.<\/p>\n<p>Aunque es uno de los pocos himnos nacionales del mundo que no tiene letra oficial, a lo largo de su historia s\u00ed han surgido algunas oficiosas, como la que compuso el poeta Jos\u00e9 Mar\u00eda Pem\u00e1n o la del conocido cantautor Joaqu\u00edn Sabina.<\/p>\n<p>En 2007, el Comit\u00e9 Ol\u00edmpico Espa\u00f1ol convoc\u00f3 un concurso para terminar con esta particularidad, pero la versi\u00f3n ganadora (de Paulino Cubero) se filtr\u00f3 antes de tiempo y suscit\u00f3 pol\u00e9mica.<\/p>\n<p>Ahora, Marta S\u00e1nchez ha abierto otra puerta. De momento, tiene el aplauso de una parte de la sociedad espa\u00f1ola y el rechazo de otra.<\/p>\n<p><i class=\"lang-es\"><span class=\" readonly\" title=\"\">Por Ana L\u00e1zaro\u00a0Verde (Madrid)<\/span><\/i><\/p>\n","protected":false},"excerpt":{"rendered":"<p>Madrid, 19 feb (dpa) &#8211; Cuando las notas del himno de Espa\u00f1a suenan en las grandes competiciones internacionales, los deportistas espa\u00f1oles se ponen serios, fijan la mirada en el infinito y aprietan la mand\u00edbula. No cantan, como sus colegas franceses o brit\u00e1nicos, porque su himno es uno los pocos del mundo que no tiene letra. [&hellip;]<\/p>\n","protected":false},"author":1,"featured_media":954143,"comment_status":"closed","ping_status":"closed","sticky":false,"template":"","format":"standard","meta":{"footnotes":""},"categories":[1],"tags":[],"class_list":["post-969501","post","type-post","status-publish","format-standard","has-post-thumbnail","hentry","category-actualidad"],"aioseo_notices":[],"aioseo_head":"\n\t\t<!-- All in One SEO Pro 5.0.1 - aioseo.com -->\n\t<meta name=\"description\" content=\"Madrid, 19 feb (dpa) - Cuando las notas del himno de Espa\u00f1a suenan en las grandes competiciones internacionales, los deportistas espa\u00f1oles se ponen serios, fijan la mirada en el infinito y aprietan la mand\u00edbula. No cantan, como sus colegas franceses o brit\u00e1nicos, porque su himno es uno los pocos del mundo que no tiene letra.\" \/>\n\t<meta name=\"robots\" content=\"max-image-preview:large\" \/>\n\t<meta name=\"author\" content=\"El Digital de Asturias\"\/>\n\t<meta name=\"google-site-verification\" content=\"UA-38556648-1\" \/>\n\t<meta name=\"msvalidate.01\" content=\"7dfe9f3f1b24437ab69f4f2559babe99\" \/>\n\t<meta name=\"keywords\" content=\"actualidad\" \/>\n\t<link rel=\"canonical\" href=\"https:\/\/www.eldigitaldeasturias.com\/noticias\/la-martallesa-aplausos-y-criticas-al-himno-de-marta-sanchez\/\" \/>\n\t<meta name=\"generator\" content=\"All in One SEO Pro (AIOSEO) 5.0.1\" \/>\n\t\t<meta property=\"og:locale\" content=\"es_ES\" \/>\n\t\t<meta property=\"og:site_name\" content=\"El Digital de Asturias\" \/>\n\t\t<meta property=\"og:type\" content=\"article\" \/>\n\t\t<meta property=\"og:title\" content=\"\u00abLa Martallesa\u00bb: Aplausos y cr\u00edticas al himno de Marta S\u00e1nchez - El Digital de Asturias\" \/>\n\t\t<meta property=\"og:description\" content=\"Madrid, 19 feb (dpa) - Cuando las notas del himno de Espa\u00f1a suenan en las grandes competiciones internacionales, los deportistas espa\u00f1oles se ponen serios, fijan la mirada en el infinito y aprietan la mand\u00edbula. No cantan, como sus colegas franceses o brit\u00e1nicos, porque su himno es uno los pocos del mundo que no tiene letra.\" \/>\n\t\t<meta property=\"og:url\" content=\"https:\/\/www.eldigitaldeasturias.com\/noticias\/la-martallesa-aplausos-y-criticas-al-himno-de-marta-sanchez\/\" \/>\n\t\t<meta property=\"article:tag\" content=\"actualidad\" \/>\n\t\t<meta property=\"article:published_time\" content=\"2018-02-19T21:00:25+00:00\" \/>\n\t\t<meta property=\"article:modified_time\" content=\"2018-02-19T21:24:23+00:00\" \/>\n\t\t<meta property=\"article:publisher\" content=\"https:\/\/facebook.com\/eldigitaldeasturias\" \/>\n\t\t<meta name=\"twitter:card\" content=\"summary_large_image\" \/>\n\t\t<meta name=\"twitter:title\" content=\"\u00abLa Martallesa\u00bb: Aplausos y cr\u00edticas al himno de Marta S\u00e1nchez - El Digital de Asturias\" \/>\n\t\t<meta name=\"twitter:description\" content=\"Madrid, 19 feb (dpa) - Cuando las notas del himno de Espa\u00f1a suenan en las grandes competiciones internacionales, los deportistas espa\u00f1oles se ponen serios, fijan la mirada en el infinito y aprietan la mand\u00edbula. No cantan, como sus colegas franceses o brit\u00e1nicos, porque su himno es uno los pocos del mundo que no tiene letra.\" \/>\n\t\t<meta name=\"twitter:image\" content=\"https:\/\/www.eldigitaldeasturias.com\/noticias\/wp-content\/uploads\/2020\/12\/EDA-1.jpg\" \/>\n\t\t<meta name=\"twitter:label1\" content=\"Escrito por\" \/>\n\t\t<meta name=\"twitter:data1\" content=\"El Digital de Asturias\" \/>\n\t\t<meta name=\"twitter:label2\" content=\"Tiempo de lectura estimado\" \/>\n\t\t<meta name=\"twitter:data2\" content=\"4 minutos\" \/>\n\t\t<script type=\"application\/ld+json\" class=\"aioseo-schema\">\n\t\t\t{\"@context\":\"https:\\\/\\\/schema.org\",\"@graph\":[{\"@type\":\"BlogPosting\",\"@id\":\"https:\\\/\\\/www.eldigitaldeasturias.com\\\/noticias\\\/la-martallesa-aplausos-y-criticas-al-himno-de-marta-sanchez\\\/#blogposting\",\"name\":\"\\u00abLa Martallesa\\u00bb: Aplausos y cr\\u00edticas al himno de Marta S\\u00e1nchez - El Digital de Asturias\",\"headline\":\"\\u00abLa Martallesa\\u00bb: Aplausos y cr\\u00edticas al himno de Marta S\\u00e1nchez\",\"author\":{\"@id\":\"https:\\\/\\\/www.eldigitaldeasturias.com\\\/noticias\\\/author\\\/admin\\\/#author\"},\"publisher\":{\"@id\":\"https:\\\/\\\/www.eldigitaldeasturias.com\\\/noticias\\\/#organization\"},\"image\":{\"@type\":\"ImageObject\",\"url\":954143},\"datePublished\":\"2018-02-19T21:00:25+01:00\",\"dateModified\":\"2018-02-19T21:24:23+01:00\",\"inLanguage\":\"es-ES\",\"mainEntityOfPage\":{\"@id\":\"https:\\\/\\\/www.eldigitaldeasturias.com\\\/noticias\\\/la-martallesa-aplausos-y-criticas-al-himno-de-marta-sanchez\\\/#webpage\"},\"isPartOf\":{\"@id\":\"https:\\\/\\\/www.eldigitaldeasturias.com\\\/noticias\\\/la-martallesa-aplausos-y-criticas-al-himno-de-marta-sanchez\\\/#webpage\"},\"articleSection\":\"Actualidad\"},{\"@type\":\"BreadcrumbList\",\"@id\":\"https:\\\/\\\/www.eldigitaldeasturias.com\\\/noticias\\\/la-martallesa-aplausos-y-criticas-al-himno-de-marta-sanchez\\\/#breadcrumblist\",\"itemListElement\":[{\"@type\":\"ListItem\",\"@id\":\"https:\\\/\\\/www.eldigitaldeasturias.com\\\/noticias#listItem\",\"position\":1,\"name\":\"Home\",\"item\":\"https:\\\/\\\/www.eldigitaldeasturias.com\\\/noticias\",\"nextItem\":{\"@type\":\"ListItem\",\"@id\":\"https:\\\/\\\/www.eldigitaldeasturias.com\\\/noticias\\\/category\\\/actualidad\\\/#listItem\",\"name\":\"Actualidad\"}},{\"@type\":\"ListItem\",\"@id\":\"https:\\\/\\\/www.eldigitaldeasturias.com\\\/noticias\\\/category\\\/actualidad\\\/#listItem\",\"position\":2,\"name\":\"Actualidad\",\"item\":\"https:\\\/\\\/www.eldigitaldeasturias.com\\\/noticias\\\/category\\\/actualidad\\\/\",\"nextItem\":{\"@type\":\"ListItem\",\"@id\":\"https:\\\/\\\/www.eldigitaldeasturias.com\\\/noticias\\\/la-martallesa-aplausos-y-criticas-al-himno-de-marta-sanchez\\\/#listItem\",\"name\":\"\\u00abLa Martallesa\\u00bb: Aplausos y cr\\u00edticas al himno de Marta S\\u00e1nchez\"},\"previousItem\":{\"@type\":\"ListItem\",\"@id\":\"https:\\\/\\\/www.eldigitaldeasturias.com\\\/noticias#listItem\",\"name\":\"Home\"}},{\"@type\":\"ListItem\",\"@id\":\"https:\\\/\\\/www.eldigitaldeasturias.com\\\/noticias\\\/la-martallesa-aplausos-y-criticas-al-himno-de-marta-sanchez\\\/#listItem\",\"position\":3,\"name\":\"\\u00abLa Martallesa\\u00bb: Aplausos y cr\\u00edticas al himno de Marta S\\u00e1nchez\",\"previousItem\":{\"@type\":\"ListItem\",\"@id\":\"https:\\\/\\\/www.eldigitaldeasturias.com\\\/noticias\\\/category\\\/actualidad\\\/#listItem\",\"name\":\"Actualidad\"}}]},{\"@type\":\"Organization\",\"@id\":\"https:\\\/\\\/www.eldigitaldeasturias.com\\\/noticias\\\/#organization\",\"name\":\"El Digital de Asturias\",\"description\":\"Hemeroteca\",\"url\":\"https:\\\/\\\/www.eldigitaldeasturias.com\\\/noticias\\\/\",\"email\":\"info@eldigitaldeasturias.com\",\"telephone\":\"+34652131393\",\"logo\":{\"@type\":\"ImageObject\",\"url\":\"https:\\\/\\\/www.eldigitaldeasturias.com\\\/noticias\\\/wp-content\\\/uploads\\\/2020\\\/12\\\/EDA.jpg\",\"@id\":\"https:\\\/\\\/www.eldigitaldeasturias.com\\\/noticias\\\/la-martallesa-aplausos-y-criticas-al-himno-de-marta-sanchez\\\/#organizationLogo\"},\"image\":{\"@id\":\"https:\\\/\\\/www.eldigitaldeasturias.com\\\/noticias\\\/la-martallesa-aplausos-y-criticas-al-himno-de-marta-sanchez\\\/#organizationLogo\"},\"sameAs\":[\"https:\\\/\\\/facebook.com\\\/eldigitaldeasturias\",\"https:\\\/\\\/www.youtube.com\\\/channel\\\/UCZP-2wLEB9Rv6erhFmqVnvg\"],\"address\":{\"@id\":\"https:\\\/\\\/www.eldigitaldeasturias.com\\\/noticias\\\/#postaladdress\",\"@type\":\"PostalAddress\",\"streetAddress\":\"san antonio 4\",\"postalCode\":\"33430\",\"addressLocality\":\"Cand\\u00e1s\",\"addressRegion\":\"Asturias\",\"addressCountry\":\"ES\"}},{\"@type\":\"Person\",\"@id\":\"https:\\\/\\\/www.eldigitaldeasturias.com\\\/noticias\\\/author\\\/admin\\\/#author\",\"url\":\"https:\\\/\\\/www.eldigitaldeasturias.com\\\/noticias\\\/author\\\/admin\\\/\",\"name\":\"El Digital de Asturias\",\"image\":{\"@type\":\"ImageObject\",\"@id\":\"https:\\\/\\\/www.eldigitaldeasturias.com\\\/noticias\\\/la-martallesa-aplausos-y-criticas-al-himno-de-marta-sanchez\\\/#authorImage\",\"url\":\"https:\\\/\\\/secure.gravatar.com\\\/avatar\\\/df2aeffc32bcd13f8d26072ef8a91b623d677766deac7f97ca815868cd41bf5e?s=96&d=mm&r=g\",\"width\":96,\"height\":96,\"caption\":\"El Digital de Asturias\"}},{\"@type\":\"WebPage\",\"@id\":\"https:\\\/\\\/www.eldigitaldeasturias.com\\\/noticias\\\/la-martallesa-aplausos-y-criticas-al-himno-de-marta-sanchez\\\/#webpage\",\"url\":\"https:\\\/\\\/www.eldigitaldeasturias.com\\\/noticias\\\/la-martallesa-aplausos-y-criticas-al-himno-de-marta-sanchez\\\/\",\"name\":\"\\u00abLa Martallesa\\u00bb: Aplausos y cr\\u00edticas al himno de Marta S\\u00e1nchez - El Digital de Asturias\",\"description\":\"Madrid, 19 feb (dpa) - Cuando las notas del himno de Espa\\u00f1a suenan en las grandes competiciones internacionales, los deportistas espa\\u00f1oles se ponen serios, fijan la mirada en el infinito y aprietan la mand\\u00edbula. No cantan, como sus colegas franceses o brit\\u00e1nicos, porque su himno es uno los pocos del mundo que no tiene letra.\",\"inLanguage\":\"es-ES\",\"isPartOf\":{\"@id\":\"https:\\\/\\\/www.eldigitaldeasturias.com\\\/noticias\\\/#website\"},\"breadcrumb\":{\"@id\":\"https:\\\/\\\/www.eldigitaldeasturias.com\\\/noticias\\\/la-martallesa-aplausos-y-criticas-al-himno-de-marta-sanchez\\\/#breadcrumblist\"},\"author\":{\"@id\":\"https:\\\/\\\/www.eldigitaldeasturias.com\\\/noticias\\\/author\\\/admin\\\/#author\"},\"creator\":{\"@id\":\"https:\\\/\\\/www.eldigitaldeasturias.com\\\/noticias\\\/author\\\/admin\\\/#author\"},\"image\":{\"@type\":\"ImageObject\",\"url\":954143,\"@id\":\"https:\\\/\\\/www.eldigitaldeasturias.com\\\/noticias\\\/la-martallesa-aplausos-y-criticas-al-himno-de-marta-sanchez\\\/#mainImage\"},\"primaryImageOfPage\":{\"@id\":\"https:\\\/\\\/www.eldigitaldeasturias.com\\\/noticias\\\/la-martallesa-aplausos-y-criticas-al-himno-de-marta-sanchez\\\/#mainImage\"},\"datePublished\":\"2018-02-19T21:00:25+01:00\",\"dateModified\":\"2018-02-19T21:24:23+01:00\"},{\"@type\":\"WebSite\",\"@id\":\"https:\\\/\\\/www.eldigitaldeasturias.com\\\/noticias\\\/#website\",\"url\":\"https:\\\/\\\/www.eldigitaldeasturias.com\\\/noticias\\\/\",\"name\":\"El Digital de Asturias - Diario de actualidad y noticias\",\"alternateName\":\"El Digital de Asturias - Diario de actualidad y noticias\",\"description\":\"Hemeroteca\",\"inLanguage\":\"es-ES\",\"publisher\":{\"@id\":\"https:\\\/\\\/www.eldigitaldeasturias.com\\\/noticias\\\/#organization\"}}]}\n\t\t<\/script>\n\t\t<!-- All in One SEO Pro -->\r\n\t\t<title>\u00abLa Martallesa\u00bb: Aplausos y cr\u00edticas al himno de Marta S\u00e1nchez - El Digital de Asturias<\/title>\n\n","aioseo_head_json":{"title":"\u00abLa Martallesa\u00bb: Aplausos y cr\u00edticas al himno de Marta S\u00e1nchez - El Digital de Asturias","description":"Madrid, 19 feb (dpa) - Cuando las notas del himno de Espa\u00f1a suenan en las grandes competiciones internacionales, los deportistas espa\u00f1oles se ponen serios, fijan la mirada en el infinito y aprietan la mand\u00edbula. No cantan, como sus colegas franceses o brit\u00e1nicos, porque su himno es uno los pocos del mundo que no tiene letra.","canonical_url":"https:\/\/www.eldigitaldeasturias.com\/noticias\/la-martallesa-aplausos-y-criticas-al-himno-de-marta-sanchez\/","robots":"max-image-preview:large","keywords":"actualidad","webmasterTools":{"google-site-verification":"UA-38556648-1","msvalidate.01":"7dfe9f3f1b24437ab69f4f2559babe99","miscellaneous":""},"schema":{"@context":"https:\/\/schema.org","@graph":[{"@type":"BlogPosting","@id":"https:\/\/www.eldigitaldeasturias.com\/noticias\/la-martallesa-aplausos-y-criticas-al-himno-de-marta-sanchez\/#blogposting","name":"\u00abLa Martallesa\u00bb: Aplausos y cr\u00edticas al himno de Marta S\u00e1nchez - El Digital de Asturias","headline":"\u00abLa Martallesa\u00bb: Aplausos y cr\u00edticas al himno de Marta S\u00e1nchez","author":{"@id":"https:\/\/www.eldigitaldeasturias.com\/noticias\/author\/admin\/#author"},"publisher":{"@id":"https:\/\/www.eldigitaldeasturias.com\/noticias\/#organization"},"image":{"@type":"ImageObject","url":954143},"datePublished":"2018-02-19T21:00:25+01:00","dateModified":"2018-02-19T21:24:23+01:00","inLanguage":"es-ES","mainEntityOfPage":{"@id":"https:\/\/www.eldigitaldeasturias.com\/noticias\/la-martallesa-aplausos-y-criticas-al-himno-de-marta-sanchez\/#webpage"},"isPartOf":{"@id":"https:\/\/www.eldigitaldeasturias.com\/noticias\/la-martallesa-aplausos-y-criticas-al-himno-de-marta-sanchez\/#webpage"},"articleSection":"Actualidad"},{"@type":"BreadcrumbList","@id":"https:\/\/www.eldigitaldeasturias.com\/noticias\/la-martallesa-aplausos-y-criticas-al-himno-de-marta-sanchez\/#breadcrumblist","itemListElement":[{"@type":"ListItem","@id":"https:\/\/www.eldigitaldeasturias.com\/noticias#listItem","position":1,"name":"Home","item":"https:\/\/www.eldigitaldeasturias.com\/noticias","nextItem":{"@type":"ListItem","@id":"https:\/\/www.eldigitaldeasturias.com\/noticias\/category\/actualidad\/#listItem","name":"Actualidad"}},{"@type":"ListItem","@id":"https:\/\/www.eldigitaldeasturias.com\/noticias\/category\/actualidad\/#listItem","position":2,"name":"Actualidad","item":"https:\/\/www.eldigitaldeasturias.com\/noticias\/category\/actualidad\/","nextItem":{"@type":"ListItem","@id":"https:\/\/www.eldigitaldeasturias.com\/noticias\/la-martallesa-aplausos-y-criticas-al-himno-de-marta-sanchez\/#listItem","name":"\u00abLa Martallesa\u00bb: Aplausos y cr\u00edticas al himno de Marta S\u00e1nchez"},"previousItem":{"@type":"ListItem","@id":"https:\/\/www.eldigitaldeasturias.com\/noticias#listItem","name":"Home"}},{"@type":"ListItem","@id":"https:\/\/www.eldigitaldeasturias.com\/noticias\/la-martallesa-aplausos-y-criticas-al-himno-de-marta-sanchez\/#listItem","position":3,"name":"\u00abLa Martallesa\u00bb: Aplausos y cr\u00edticas al himno de Marta S\u00e1nchez","previousItem":{"@type":"ListItem","@id":"https:\/\/www.eldigitaldeasturias.com\/noticias\/category\/actualidad\/#listItem","name":"Actualidad"}}]},{"@type":"Organization","@id":"https:\/\/www.eldigitaldeasturias.com\/noticias\/#organization","name":"El Digital de Asturias","description":"Hemeroteca","url":"https:\/\/www.eldigitaldeasturias.com\/noticias\/","email":"info@eldigitaldeasturias.com","telephone":"+34652131393","logo":{"@type":"ImageObject","url":"https:\/\/www.eldigitaldeasturias.com\/noticias\/wp-content\/uploads\/2020\/12\/EDA.jpg","@id":"https:\/\/www.eldigitaldeasturias.com\/noticias\/la-martallesa-aplausos-y-criticas-al-himno-de-marta-sanchez\/#organizationLogo"},"image":{"@id":"https:\/\/www.eldigitaldeasturias.com\/noticias\/la-martallesa-aplausos-y-criticas-al-himno-de-marta-sanchez\/#organizationLogo"},"sameAs":["https:\/\/facebook.com\/eldigitaldeasturias","https:\/\/www.youtube.com\/channel\/UCZP-2wLEB9Rv6erhFmqVnvg"],"address":{"@id":"https:\/\/www.eldigitaldeasturias.com\/noticias\/#postaladdress","@type":"PostalAddress","streetAddress":"san antonio 4","postalCode":"33430","addressLocality":"Cand\u00e1s","addressRegion":"Asturias","addressCountry":"ES"}},{"@type":"Person","@id":"https:\/\/www.eldigitaldeasturias.com\/noticias\/author\/admin\/#author","url":"https:\/\/www.eldigitaldeasturias.com\/noticias\/author\/admin\/","name":"El Digital de Asturias","image":{"@type":"ImageObject","@id":"https:\/\/www.eldigitaldeasturias.com\/noticias\/la-martallesa-aplausos-y-criticas-al-himno-de-marta-sanchez\/#authorImage","url":"https:\/\/secure.gravatar.com\/avatar\/df2aeffc32bcd13f8d26072ef8a91b623d677766deac7f97ca815868cd41bf5e?s=96&d=mm&r=g","width":96,"height":96,"caption":"El Digital de Asturias"}},{"@type":"WebPage","@id":"https:\/\/www.eldigitaldeasturias.com\/noticias\/la-martallesa-aplausos-y-criticas-al-himno-de-marta-sanchez\/#webpage","url":"https:\/\/www.eldigitaldeasturias.com\/noticias\/la-martallesa-aplausos-y-criticas-al-himno-de-marta-sanchez\/","name":"\u00abLa Martallesa\u00bb: Aplausos y cr\u00edticas al himno de Marta S\u00e1nchez - El Digital de Asturias","description":"Madrid, 19 feb (dpa) - Cuando las notas del himno de Espa\u00f1a suenan en las grandes competiciones internacionales, los deportistas espa\u00f1oles se ponen serios, fijan la mirada en el infinito y aprietan la mand\u00edbula. No cantan, como sus colegas franceses o brit\u00e1nicos, porque su himno es uno los pocos del mundo que no tiene letra.","inLanguage":"es-ES","isPartOf":{"@id":"https:\/\/www.eldigitaldeasturias.com\/noticias\/#website"},"breadcrumb":{"@id":"https:\/\/www.eldigitaldeasturias.com\/noticias\/la-martallesa-aplausos-y-criticas-al-himno-de-marta-sanchez\/#breadcrumblist"},"author":{"@id":"https:\/\/www.eldigitaldeasturias.com\/noticias\/author\/admin\/#author"},"creator":{"@id":"https:\/\/www.eldigitaldeasturias.com\/noticias\/author\/admin\/#author"},"image":{"@type":"ImageObject","url":954143,"@id":"https:\/\/www.eldigitaldeasturias.com\/noticias\/la-martallesa-aplausos-y-criticas-al-himno-de-marta-sanchez\/#mainImage"},"primaryImageOfPage":{"@id":"https:\/\/www.eldigitaldeasturias.com\/noticias\/la-martallesa-aplausos-y-criticas-al-himno-de-marta-sanchez\/#mainImage"},"datePublished":"2018-02-19T21:00:25+01:00","dateModified":"2018-02-19T21:24:23+01:00"},{"@type":"WebSite","@id":"https:\/\/www.eldigitaldeasturias.com\/noticias\/#website","url":"https:\/\/www.eldigitaldeasturias.com\/noticias\/","name":"El Digital de Asturias - Diario de actualidad y noticias","alternateName":"El Digital de Asturias - Diario de actualidad y noticias","description":"Hemeroteca","inLanguage":"es-ES","publisher":{"@id":"https:\/\/www.eldigitaldeasturias.com\/noticias\/#organization"}}]},"og:locale":"es_ES","og:site_name":"El Digital de Asturias","og:type":"article","og:title":"\u00abLa Martallesa\u00bb: Aplausos y cr\u00edticas al himno de Marta S\u00e1nchez - El Digital de Asturias","og:description":"Madrid, 19 feb (dpa) - Cuando las notas del himno de Espa\u00f1a suenan en las grandes competiciones internacionales, los deportistas espa\u00f1oles se ponen serios, fijan la mirada en el infinito y aprietan la mand\u00edbula. No cantan, como sus colegas franceses o brit\u00e1nicos, porque su himno es uno los pocos del mundo que no tiene letra.","og:url":"https:\/\/www.eldigitaldeasturias.com\/noticias\/la-martallesa-aplausos-y-criticas-al-himno-de-marta-sanchez\/","article:tag":["actualidad"],"article:published_time":"2018-02-19T21:00:25+00:00","article:modified_time":"2018-02-19T21:24:23+00:00","article:publisher":"https:\/\/facebook.com\/eldigitaldeasturias","twitter:card":"summary_large_image","twitter:title":"\u00abLa Martallesa\u00bb: Aplausos y cr\u00edticas al himno de Marta S\u00e1nchez - El Digital de Asturias","twitter:description":"Madrid, 19 feb (dpa) - Cuando las notas del himno de Espa\u00f1a suenan en las grandes competiciones internacionales, los deportistas espa\u00f1oles se ponen serios, fijan la mirada en el infinito y aprietan la mand\u00edbula. No cantan, como sus colegas franceses o brit\u00e1nicos, porque su himno es uno los pocos del mundo que no tiene letra.","twitter:image":"https:\/\/www.eldigitaldeasturias.com\/noticias\/wp-content\/uploads\/2020\/12\/EDA-1.jpg","twitter:label1":"Escrito por","twitter:data1":"El Digital de Asturias","twitter:label2":"Tiempo de lectura estimado","twitter:data2":"4 minutos"},"aioseo_meta_data":{"post_id":"969501","title":null,"description":null,"keywords":null,"keyphrases":null,"primary_term":null,"canonical_url":null,"og_title":null,"og_description":null,"og_object_type":"default","og_image_type":"default","og_image_url":null,"og_image_width":null,"og_image_height":null,"og_image_custom_url":null,"og_image_custom_fields":null,"og_video":null,"og_custom_url":null,"og_article_section":null,"og_article_tags":null,"twitter_use_og":false,"twitter_card":"default","twitter_image_type":"default","twitter_image_url":null,"twitter_image_custom_url":null,"twitter_image_custom_fields":null,"twitter_title":null,"twitter_description":null,"schema":{"blockGraphs":[],"customGraphs":[],"default":{"data":{"Article":[],"Course":[],"Dataset":[],"FAQPage":[],"Movie":[],"Person":[],"Product":[],"ProductReview":[],"Car":[],"Recipe":[],"Service":[],"SoftwareApplication":[],"WebPage":[]},"graphName":"","isEnabled":true},"graphs":[],"defaultGraph":"","defaultPostTypeGraph":""},"schema_type":null,"schema_type_options":null,"pillar_content":false,"robots_default":true,"robots_noindex":false,"robots_noarchive":false,"robots_nosnippet":false,"robots_nofollow":false,"robots_noimageindex":false,"robots_noodp":false,"robots_notranslate":false,"robots_max_snippet":null,"robots_max_videopreview":null,"robots_max_imagepreview":"large","priority":null,"frequency":null,"local_seo":null,"seo_analyzer_scan_date":"2025-10-07 02:20:43","breadcrumb_settings":null,"limit_modified_date":false,"open_ai":null,"ai":null,"created":"2020-12-21 12:27:36","updated":"2025-10-07 02:20:43","focus_keyword":null,"additional_keywords":null,"truseo_locale":null},"aioseo_breadcrumb":"<div class=\"aioseo-breadcrumbs\"><span class=\"aioseo-breadcrumb\">\n\t<a href=\"https:\/\/www.eldigitaldeasturias.com\/noticias\" title=\"Home\">Home<\/a>\n<\/span><span class=\"aioseo-breadcrumb-separator\">\u2013<\/span><span class=\"aioseo-breadcrumb\">\n\t<a href=\"https:\/\/www.eldigitaldeasturias.com\/noticias\/category\/actualidad\/\" title=\"Actualidad\">Actualidad<\/a>\n<\/span><span class=\"aioseo-breadcrumb-separator\">\u2013<\/span><span class=\"aioseo-breadcrumb\">\n\t<a href=\"https:\/\/www.eldigitaldeasturias.com\/noticias\/la-martallesa-aplausos-y-criticas-al-himno-de-marta-sanchez\/\" title=\"\u00abLa Martallesa\u00bb: Aplausos y cr\u00edticas al himno de Marta S\u00e1nchez\">\u00abLa Martallesa\u00bb: Aplausos y cr\u00edticas al himno de Marta S\u00e1nchez<\/a>\n<\/span><\/div>","aioseo_breadcrumb_json":[{"label":"Home","link":"https:\/\/www.eldigitaldeasturias.com\/noticias"},{"label":"Actualidad","link":"https:\/\/www.eldigitaldeasturias.com\/noticias\/category\/actualidad\/"},{"label":"\u00abLa Martallesa\u00bb: Aplausos y cr\u00edticas al himno de Marta S\u00e1nchez","link":"https:\/\/www.eldigitaldeasturias.com\/noticias\/la-martallesa-aplausos-y-criticas-al-himno-de-marta-sanchez\/"}],"_links":{"self":[{"href":"https:\/\/www.eldigitaldeasturias.com\/noticias\/wp-json\/wp\/v2\/posts\/969501","targetHints":{"allow":["GET"]}}],"collection":[{"href":"https:\/\/www.eldigitaldeasturias.com\/noticias\/wp-json\/wp\/v2\/posts"}],"about":[{"href":"https:\/\/www.eldigitaldeasturias.com\/noticias\/wp-json\/wp\/v2\/types\/post"}],"author":[{"embeddable":true,"href":"https:\/\/www.eldigitaldeasturias.com\/noticias\/wp-json\/wp\/v2\/users\/1"}],"replies":[{"embeddable":true,"href":"https:\/\/www.eldigitaldeasturias.com\/noticias\/wp-json\/wp\/v2\/comments?post=969501"}],"version-history":[{"count":0,"href":"https:\/\/www.eldigitaldeasturias.com\/noticias\/wp-json\/wp\/v2\/posts\/969501\/revisions"}],"wp:attachment":[{"href":"https:\/\/www.eldigitaldeasturias.com\/noticias\/wp-json\/wp\/v2\/media?parent=969501"}],"wp:term":[{"taxonomy":"category","embeddable":true,"href":"https:\/\/www.eldigitaldeasturias.com\/noticias\/wp-json\/wp\/v2\/categories?post=969501"},{"taxonomy":"post_tag","embeddable":true,"href":"https:\/\/www.eldigitaldeasturias.com\/noticias\/wp-json\/wp\/v2\/tags?post=969501"}],"curies":[{"name":"wp","href":"https:\/\/api.w.org\/{rel}","templated":true}]}}