{"id":969392,"date":"2018-02-18T23:08:00","date_gmt":"2018-02-18T23:08:00","guid":{"rendered":"http:\/\/www.eldigitaldeasturias.com\/noticias\/?p=969392"},"modified":"2018-02-18T23:08:00","modified_gmt":"2018-02-18T23:08:00","slug":"andrea-levy-el-modus-operandi-de-puigdemont-se-expande","status":"publish","type":"post","link":"https:\/\/www.eldigitaldeasturias.com\/noticias\/andrea-levy-el-modus-operandi-de-puigdemont-se-expande\/","title":{"rendered":"Andrea Levy: \u00abEl modus operandi de Puigdemont se expande\u201d"},"content":{"rendered":"<p><img loading=\"lazy\" decoding=\"async\" class=\"alignleft size-medium wp-image-969393\" src=\"https:\/\/www.eldigitaldeasturias.com\/noticias\/wp-content\/uploads\/2018\/02\/levy_2_1-360x163.jpg\" alt=\"\" width=\"360\" height=\"163\" \/>La vicesecretaria de Estudios y Programas del PP, Andrea Levy, ha constatado hoy que el modus operandi de Carles Puigdemont se expande, despu\u00e9s de conocerse que la diputada de la CUP Anna Gabriel se encuentra en Suiza a tres d\u00edas su declaraci\u00f3n en el Tribunal Supremo. A su juicio, los dirigentes pol\u00edticos independentistas \u201cson muy valientes para declarar cosas ilegales en el Parlament, pero cuando pueden se van, se escapan, se van de viaje\u201d.<\/p>\n<p>En declaraciones a los medios de comunicaci\u00f3n en la sede del PP, Levy ha advertido que \u201cde la Justicia nadie se escapa\u201d, puesto que \u201cpor mucho que intenten huir o fugarse, tendr\u00e1n que rendir cuentas ante los tribunales de justicia espa\u00f1oles por las graves irresponsabilidades que cometieron\u201d, cuando decidieron \u201ctraspasar la ley, quebrar la democracia y llevar a todos los catalanes a esta situaci\u00f3n de irresponsabilidad que solo trajo caos, problemas econ\u00f3micos, tensi\u00f3n social y gran desprestigio institucional\u201d.<\/p>\n<p>\u201cNo podemos seguir m\u00e1s en esta situaci\u00f3n, no podemos tener a Catalu\u00f1a dependiendo de una persona que est\u00e1 fugada, que se ha alquilado una casa fuera de Catalu\u00f1a; el candidato Puigdemont ya no existe y, si los dem\u00e1s le van a seguir en su modus operandi de ir a otros pa\u00edses para eludir responsabilidades, tienen que tener muy claro que ante la Justicia espa\u00f1ola antes o despu\u00e9s van a tener que responder\u201d, ha enfatizado.<\/p>\n<p><strong>GOBIERNO QUE NO JUEGUE AL ESCAPISMO<\/strong><\/p>\n<p>Seg\u00fan la dirigente popular, gracias al Gobierno de Espa\u00f1a hay normalidad en el funcionamiento de la Administraci\u00f3n catalana, se sigue pagando a los proveedores y funcionan los servicios p\u00fablicos, por lo que ahora \u201cCatalu\u00f1a debe superar esta etapa: necesitamos un Gobierno de la Generalitat que no juegue al escapismo de la realidad y de la legalidad y un presidente que est\u00e9 presente en Catalu\u00f1a, que no est\u00e9 dando vueltas al mundo\u201d.<\/p>\n<p>La vicesecretaria de Estudios y Programas del PP ha reclamado un candidato a la Presidencia de la Generalitat \u201cque quiera gobernar para dar normalidad y tranquilidad a Catalu\u00f1a y a los catalanes\u201d. Por ello, ha pedido al presidente del Parlament, Roger Torrent, que convoque una nueva ronda de contactos con los partidos pol\u00edticos catalanes presentes en el Parlament para \u201cencontrar a ese candidato posible, real y con ganas de liderar una nueva etapa de tranquilidad en Catalu\u00f1a\u201d.<\/p>\n<p>En este sentido, Levy se ha referido a los diputados en el Parlament que tienen un perfil pol\u00edtico sin imputaciones, y que no est\u00e1n en el proceso unilateral de independencia que no lleva a ning\u00fan sitio. En este punto, ha reiterado que el PP apoyar\u00e1 al candidato de Ciudadanos que se presente, en este caso In\u00e9s Arrimadas, quien debe en su opini\u00f3n \u201cser valiente y presentar un programa de gobierno para Catalu\u00f1a y los catalanes\u201d.<\/p>\n","protected":false},"excerpt":{"rendered":"<p>La vicesecretaria de Estudios y Programas del PP, Andrea Levy, ha constatado hoy que el modus operandi de Carles Puigdemont se expande, despu\u00e9s de conocerse que la diputada de la CUP Anna Gabriel se encuentra en Suiza a tres d\u00edas su declaraci\u00f3n en el Tribunal Supremo. A su juicio, los dirigentes pol\u00edticos independentistas \u201cson muy [&hellip;]<\/p>\n","protected":false},"author":1,"featured_media":969393,"comment_status":"closed","ping_status":"closed","sticky":false,"template":"","format":"standard","meta":{"footnotes":""},"categories":[1],"tags":[],"class_list":["post-969392","post","type-post","status-publish","format-standard","has-post-thumbnail","hentry","category-actualidad"],"aioseo_notices":[],"aioseo_head":"\n\t\t<!-- All in One SEO Pro 5.0.1 - aioseo.com -->\n\t<meta name=\"description\" content=\"La vicesecretaria de Estudios y Programas del PP, Andrea Levy, ha constatado hoy que el modus operandi de Carles Puigdemont se expande, despu\u00e9s de conocerse que la diputada de la CUP Anna Gabriel se encuentra en Suiza a tres d\u00edas su declaraci\u00f3n en el Tribunal Supremo. A su juicio, los dirigentes pol\u00edticos independentistas \u201cson muy\" \/>\n\t<meta name=\"robots\" content=\"max-image-preview:large\" \/>\n\t<meta name=\"author\" content=\"El Digital de Asturias\"\/>\n\t<meta name=\"google-site-verification\" content=\"UA-38556648-1\" \/>\n\t<meta name=\"msvalidate.01\" content=\"7dfe9f3f1b24437ab69f4f2559babe99\" \/>\n\t<meta name=\"keywords\" content=\"actualidad\" \/>\n\t<link rel=\"canonical\" href=\"https:\/\/www.eldigitaldeasturias.com\/noticias\/andrea-levy-el-modus-operandi-de-puigdemont-se-expande\/\" \/>\n\t<meta name=\"generator\" content=\"All in One SEO Pro (AIOSEO) 5.0.1\" \/>\n\t\t<meta property=\"og:locale\" content=\"es_ES\" \/>\n\t\t<meta property=\"og:site_name\" content=\"El Digital de Asturias\" \/>\n\t\t<meta property=\"og:type\" content=\"article\" \/>\n\t\t<meta property=\"og:title\" content=\"Andrea Levy: \u00abEl modus operandi de Puigdemont se expande\u201d - El Digital de Asturias\" \/>\n\t\t<meta property=\"og:description\" content=\"La vicesecretaria de Estudios y Programas del PP, Andrea Levy, ha constatado hoy que el modus operandi de Carles Puigdemont se expande, despu\u00e9s de conocerse que la diputada de la CUP Anna Gabriel se encuentra en Suiza a tres d\u00edas su declaraci\u00f3n en el Tribunal Supremo. A su juicio, los dirigentes pol\u00edticos independentistas \u201cson muy\" \/>\n\t\t<meta property=\"og:url\" content=\"https:\/\/www.eldigitaldeasturias.com\/noticias\/andrea-levy-el-modus-operandi-de-puigdemont-se-expande\/\" \/>\n\t\t<meta property=\"article:tag\" content=\"actualidad\" \/>\n\t\t<meta property=\"article:published_time\" content=\"2018-02-18T23:08:00+00:00\" \/>\n\t\t<meta property=\"article:modified_time\" content=\"2018-02-18T23:08:00+00:00\" \/>\n\t\t<meta property=\"article:publisher\" content=\"https:\/\/facebook.com\/eldigitaldeasturias\" \/>\n\t\t<meta name=\"twitter:card\" content=\"summary_large_image\" \/>\n\t\t<meta name=\"twitter:title\" content=\"Andrea Levy: \u00abEl modus operandi de Puigdemont se expande\u201d - El Digital de Asturias\" \/>\n\t\t<meta name=\"twitter:description\" content=\"La vicesecretaria de Estudios y Programas del PP, Andrea Levy, ha constatado hoy que el modus operandi de Carles Puigdemont se expande, despu\u00e9s de conocerse que la diputada de la CUP Anna Gabriel se encuentra en Suiza a tres d\u00edas su declaraci\u00f3n en el Tribunal Supremo. A su juicio, los dirigentes pol\u00edticos independentistas \u201cson muy\" \/>\n\t\t<meta name=\"twitter:image\" content=\"https:\/\/www.eldigitaldeasturias.com\/noticias\/wp-content\/uploads\/2020\/12\/EDA-1.jpg\" \/>\n\t\t<meta name=\"twitter:label1\" content=\"Escrito por\" \/>\n\t\t<meta name=\"twitter:data1\" content=\"El Digital de Asturias\" \/>\n\t\t<meta name=\"twitter:label2\" content=\"Tiempo de lectura estimado\" \/>\n\t\t<meta name=\"twitter:data2\" content=\"2 minutos\" \/>\n\t\t<script type=\"application\/ld+json\" class=\"aioseo-schema\">\n\t\t\t{\"@context\":\"https:\\\/\\\/schema.org\",\"@graph\":[{\"@type\":\"BlogPosting\",\"@id\":\"https:\\\/\\\/www.eldigitaldeasturias.com\\\/noticias\\\/andrea-levy-el-modus-operandi-de-puigdemont-se-expande\\\/#blogposting\",\"name\":\"Andrea Levy: \\u00abEl modus operandi de Puigdemont se expande\\u201d - El Digital de Asturias\",\"headline\":\"Andrea Levy: \\u00abEl modus operandi de Puigdemont se expande\\u201d\",\"author\":{\"@id\":\"https:\\\/\\\/www.eldigitaldeasturias.com\\\/noticias\\\/author\\\/admin\\\/#author\"},\"publisher\":{\"@id\":\"https:\\\/\\\/www.eldigitaldeasturias.com\\\/noticias\\\/#organization\"},\"image\":{\"@type\":\"ImageObject\",\"url\":969393},\"datePublished\":\"2018-02-18T23:08:00+01:00\",\"dateModified\":\"2018-02-18T23:08:00+01:00\",\"inLanguage\":\"es-ES\",\"mainEntityOfPage\":{\"@id\":\"https:\\\/\\\/www.eldigitaldeasturias.com\\\/noticias\\\/andrea-levy-el-modus-operandi-de-puigdemont-se-expande\\\/#webpage\"},\"isPartOf\":{\"@id\":\"https:\\\/\\\/www.eldigitaldeasturias.com\\\/noticias\\\/andrea-levy-el-modus-operandi-de-puigdemont-se-expande\\\/#webpage\"},\"articleSection\":\"Actualidad\"},{\"@type\":\"BreadcrumbList\",\"@id\":\"https:\\\/\\\/www.eldigitaldeasturias.com\\\/noticias\\\/andrea-levy-el-modus-operandi-de-puigdemont-se-expande\\\/#breadcrumblist\",\"itemListElement\":[{\"@type\":\"ListItem\",\"@id\":\"https:\\\/\\\/www.eldigitaldeasturias.com\\\/noticias#listItem\",\"position\":1,\"name\":\"Home\",\"item\":\"https:\\\/\\\/www.eldigitaldeasturias.com\\\/noticias\",\"nextItem\":{\"@type\":\"ListItem\",\"@id\":\"https:\\\/\\\/www.eldigitaldeasturias.com\\\/noticias\\\/category\\\/actualidad\\\/#listItem\",\"name\":\"Actualidad\"}},{\"@type\":\"ListItem\",\"@id\":\"https:\\\/\\\/www.eldigitaldeasturias.com\\\/noticias\\\/category\\\/actualidad\\\/#listItem\",\"position\":2,\"name\":\"Actualidad\",\"item\":\"https:\\\/\\\/www.eldigitaldeasturias.com\\\/noticias\\\/category\\\/actualidad\\\/\",\"nextItem\":{\"@type\":\"ListItem\",\"@id\":\"https:\\\/\\\/www.eldigitaldeasturias.com\\\/noticias\\\/andrea-levy-el-modus-operandi-de-puigdemont-se-expande\\\/#listItem\",\"name\":\"Andrea Levy: \\u00abEl modus operandi de Puigdemont se expande\\u201d\"},\"previousItem\":{\"@type\":\"ListItem\",\"@id\":\"https:\\\/\\\/www.eldigitaldeasturias.com\\\/noticias#listItem\",\"name\":\"Home\"}},{\"@type\":\"ListItem\",\"@id\":\"https:\\\/\\\/www.eldigitaldeasturias.com\\\/noticias\\\/andrea-levy-el-modus-operandi-de-puigdemont-se-expande\\\/#listItem\",\"position\":3,\"name\":\"Andrea Levy: \\u00abEl modus operandi de Puigdemont se expande\\u201d\",\"previousItem\":{\"@type\":\"ListItem\",\"@id\":\"https:\\\/\\\/www.eldigitaldeasturias.com\\\/noticias\\\/category\\\/actualidad\\\/#listItem\",\"name\":\"Actualidad\"}}]},{\"@type\":\"Organization\",\"@id\":\"https:\\\/\\\/www.eldigitaldeasturias.com\\\/noticias\\\/#organization\",\"name\":\"El Digital de Asturias\",\"description\":\"Hemeroteca\",\"url\":\"https:\\\/\\\/www.eldigitaldeasturias.com\\\/noticias\\\/\",\"email\":\"info@eldigitaldeasturias.com\",\"telephone\":\"+34652131393\",\"logo\":{\"@type\":\"ImageObject\",\"url\":\"https:\\\/\\\/www.eldigitaldeasturias.com\\\/noticias\\\/wp-content\\\/uploads\\\/2020\\\/12\\\/EDA.jpg\",\"@id\":\"https:\\\/\\\/www.eldigitaldeasturias.com\\\/noticias\\\/andrea-levy-el-modus-operandi-de-puigdemont-se-expande\\\/#organizationLogo\"},\"image\":{\"@id\":\"https:\\\/\\\/www.eldigitaldeasturias.com\\\/noticias\\\/andrea-levy-el-modus-operandi-de-puigdemont-se-expande\\\/#organizationLogo\"},\"sameAs\":[\"https:\\\/\\\/facebook.com\\\/eldigitaldeasturias\",\"https:\\\/\\\/www.youtube.com\\\/channel\\\/UCZP-2wLEB9Rv6erhFmqVnvg\"],\"address\":{\"@id\":\"https:\\\/\\\/www.eldigitaldeasturias.com\\\/noticias\\\/#postaladdress\",\"@type\":\"PostalAddress\",\"streetAddress\":\"san antonio 4\",\"postalCode\":\"33430\",\"addressLocality\":\"Cand\\u00e1s\",\"addressRegion\":\"Asturias\",\"addressCountry\":\"ES\"}},{\"@type\":\"Person\",\"@id\":\"https:\\\/\\\/www.eldigitaldeasturias.com\\\/noticias\\\/author\\\/admin\\\/#author\",\"url\":\"https:\\\/\\\/www.eldigitaldeasturias.com\\\/noticias\\\/author\\\/admin\\\/\",\"name\":\"El Digital de Asturias\",\"image\":{\"@type\":\"ImageObject\",\"@id\":\"https:\\\/\\\/www.eldigitaldeasturias.com\\\/noticias\\\/andrea-levy-el-modus-operandi-de-puigdemont-se-expande\\\/#authorImage\",\"url\":\"https:\\\/\\\/secure.gravatar.com\\\/avatar\\\/df2aeffc32bcd13f8d26072ef8a91b623d677766deac7f97ca815868cd41bf5e?s=96&d=mm&r=g\",\"width\":96,\"height\":96,\"caption\":\"El Digital de Asturias\"}},{\"@type\":\"WebPage\",\"@id\":\"https:\\\/\\\/www.eldigitaldeasturias.com\\\/noticias\\\/andrea-levy-el-modus-operandi-de-puigdemont-se-expande\\\/#webpage\",\"url\":\"https:\\\/\\\/www.eldigitaldeasturias.com\\\/noticias\\\/andrea-levy-el-modus-operandi-de-puigdemont-se-expande\\\/\",\"name\":\"Andrea Levy: \\u00abEl modus operandi de Puigdemont se expande\\u201d - El Digital de Asturias\",\"description\":\"La vicesecretaria de Estudios y Programas del PP, Andrea Levy, ha constatado hoy que el modus operandi de Carles Puigdemont se expande, despu\\u00e9s de conocerse que la diputada de la CUP Anna Gabriel se encuentra en Suiza a tres d\\u00edas su declaraci\\u00f3n en el Tribunal Supremo. A su juicio, los dirigentes pol\\u00edticos independentistas \\u201cson muy\",\"inLanguage\":\"es-ES\",\"isPartOf\":{\"@id\":\"https:\\\/\\\/www.eldigitaldeasturias.com\\\/noticias\\\/#website\"},\"breadcrumb\":{\"@id\":\"https:\\\/\\\/www.eldigitaldeasturias.com\\\/noticias\\\/andrea-levy-el-modus-operandi-de-puigdemont-se-expande\\\/#breadcrumblist\"},\"author\":{\"@id\":\"https:\\\/\\\/www.eldigitaldeasturias.com\\\/noticias\\\/author\\\/admin\\\/#author\"},\"creator\":{\"@id\":\"https:\\\/\\\/www.eldigitaldeasturias.com\\\/noticias\\\/author\\\/admin\\\/#author\"},\"image\":{\"@type\":\"ImageObject\",\"url\":969393,\"@id\":\"https:\\\/\\\/www.eldigitaldeasturias.com\\\/noticias\\\/andrea-levy-el-modus-operandi-de-puigdemont-se-expande\\\/#mainImage\"},\"primaryImageOfPage\":{\"@id\":\"https:\\\/\\\/www.eldigitaldeasturias.com\\\/noticias\\\/andrea-levy-el-modus-operandi-de-puigdemont-se-expande\\\/#mainImage\"},\"datePublished\":\"2018-02-18T23:08:00+01:00\",\"dateModified\":\"2018-02-18T23:08:00+01:00\"},{\"@type\":\"WebSite\",\"@id\":\"https:\\\/\\\/www.eldigitaldeasturias.com\\\/noticias\\\/#website\",\"url\":\"https:\\\/\\\/www.eldigitaldeasturias.com\\\/noticias\\\/\",\"name\":\"El Digital de Asturias - Diario de actualidad y noticias\",\"alternateName\":\"El Digital de Asturias - Diario de actualidad y noticias\",\"description\":\"Hemeroteca\",\"inLanguage\":\"es-ES\",\"publisher\":{\"@id\":\"https:\\\/\\\/www.eldigitaldeasturias.com\\\/noticias\\\/#organization\"}}]}\n\t\t<\/script>\n\t\t<!-- All in One SEO Pro -->\r\n\t\t<title>Andrea Levy: \u00abEl modus operandi de Puigdemont se expande\u201d - El Digital de Asturias<\/title>\n\n","aioseo_head_json":{"title":"Andrea Levy: \u00abEl modus operandi de Puigdemont se expande\u201d - El Digital de Asturias","description":"La vicesecretaria de Estudios y Programas del PP, Andrea Levy, ha constatado hoy que el modus operandi de Carles Puigdemont se expande, despu\u00e9s de conocerse que la diputada de la CUP Anna Gabriel se encuentra en Suiza a tres d\u00edas su declaraci\u00f3n en el Tribunal Supremo. A su juicio, los dirigentes pol\u00edticos independentistas \u201cson muy","canonical_url":"https:\/\/www.eldigitaldeasturias.com\/noticias\/andrea-levy-el-modus-operandi-de-puigdemont-se-expande\/","robots":"max-image-preview:large","keywords":"actualidad","webmasterTools":{"google-site-verification":"UA-38556648-1","msvalidate.01":"7dfe9f3f1b24437ab69f4f2559babe99","miscellaneous":""},"schema":{"@context":"https:\/\/schema.org","@graph":[{"@type":"BlogPosting","@id":"https:\/\/www.eldigitaldeasturias.com\/noticias\/andrea-levy-el-modus-operandi-de-puigdemont-se-expande\/#blogposting","name":"Andrea Levy: \u00abEl modus operandi de Puigdemont se expande\u201d - El Digital de Asturias","headline":"Andrea Levy: \u00abEl modus operandi de Puigdemont se expande\u201d","author":{"@id":"https:\/\/www.eldigitaldeasturias.com\/noticias\/author\/admin\/#author"},"publisher":{"@id":"https:\/\/www.eldigitaldeasturias.com\/noticias\/#organization"},"image":{"@type":"ImageObject","url":969393},"datePublished":"2018-02-18T23:08:00+01:00","dateModified":"2018-02-18T23:08:00+01:00","inLanguage":"es-ES","mainEntityOfPage":{"@id":"https:\/\/www.eldigitaldeasturias.com\/noticias\/andrea-levy-el-modus-operandi-de-puigdemont-se-expande\/#webpage"},"isPartOf":{"@id":"https:\/\/www.eldigitaldeasturias.com\/noticias\/andrea-levy-el-modus-operandi-de-puigdemont-se-expande\/#webpage"},"articleSection":"Actualidad"},{"@type":"BreadcrumbList","@id":"https:\/\/www.eldigitaldeasturias.com\/noticias\/andrea-levy-el-modus-operandi-de-puigdemont-se-expande\/#breadcrumblist","itemListElement":[{"@type":"ListItem","@id":"https:\/\/www.eldigitaldeasturias.com\/noticias#listItem","position":1,"name":"Home","item":"https:\/\/www.eldigitaldeasturias.com\/noticias","nextItem":{"@type":"ListItem","@id":"https:\/\/www.eldigitaldeasturias.com\/noticias\/category\/actualidad\/#listItem","name":"Actualidad"}},{"@type":"ListItem","@id":"https:\/\/www.eldigitaldeasturias.com\/noticias\/category\/actualidad\/#listItem","position":2,"name":"Actualidad","item":"https:\/\/www.eldigitaldeasturias.com\/noticias\/category\/actualidad\/","nextItem":{"@type":"ListItem","@id":"https:\/\/www.eldigitaldeasturias.com\/noticias\/andrea-levy-el-modus-operandi-de-puigdemont-se-expande\/#listItem","name":"Andrea Levy: \u00abEl modus operandi de Puigdemont se expande\u201d"},"previousItem":{"@type":"ListItem","@id":"https:\/\/www.eldigitaldeasturias.com\/noticias#listItem","name":"Home"}},{"@type":"ListItem","@id":"https:\/\/www.eldigitaldeasturias.com\/noticias\/andrea-levy-el-modus-operandi-de-puigdemont-se-expande\/#listItem","position":3,"name":"Andrea Levy: \u00abEl modus operandi de Puigdemont se expande\u201d","previousItem":{"@type":"ListItem","@id":"https:\/\/www.eldigitaldeasturias.com\/noticias\/category\/actualidad\/#listItem","name":"Actualidad"}}]},{"@type":"Organization","@id":"https:\/\/www.eldigitaldeasturias.com\/noticias\/#organization","name":"El Digital de Asturias","description":"Hemeroteca","url":"https:\/\/www.eldigitaldeasturias.com\/noticias\/","email":"info@eldigitaldeasturias.com","telephone":"+34652131393","logo":{"@type":"ImageObject","url":"https:\/\/www.eldigitaldeasturias.com\/noticias\/wp-content\/uploads\/2020\/12\/EDA.jpg","@id":"https:\/\/www.eldigitaldeasturias.com\/noticias\/andrea-levy-el-modus-operandi-de-puigdemont-se-expande\/#organizationLogo"},"image":{"@id":"https:\/\/www.eldigitaldeasturias.com\/noticias\/andrea-levy-el-modus-operandi-de-puigdemont-se-expande\/#organizationLogo"},"sameAs":["https:\/\/facebook.com\/eldigitaldeasturias","https:\/\/www.youtube.com\/channel\/UCZP-2wLEB9Rv6erhFmqVnvg"],"address":{"@id":"https:\/\/www.eldigitaldeasturias.com\/noticias\/#postaladdress","@type":"PostalAddress","streetAddress":"san antonio 4","postalCode":"33430","addressLocality":"Cand\u00e1s","addressRegion":"Asturias","addressCountry":"ES"}},{"@type":"Person","@id":"https:\/\/www.eldigitaldeasturias.com\/noticias\/author\/admin\/#author","url":"https:\/\/www.eldigitaldeasturias.com\/noticias\/author\/admin\/","name":"El Digital de Asturias","image":{"@type":"ImageObject","@id":"https:\/\/www.eldigitaldeasturias.com\/noticias\/andrea-levy-el-modus-operandi-de-puigdemont-se-expande\/#authorImage","url":"https:\/\/secure.gravatar.com\/avatar\/df2aeffc32bcd13f8d26072ef8a91b623d677766deac7f97ca815868cd41bf5e?s=96&d=mm&r=g","width":96,"height":96,"caption":"El Digital de Asturias"}},{"@type":"WebPage","@id":"https:\/\/www.eldigitaldeasturias.com\/noticias\/andrea-levy-el-modus-operandi-de-puigdemont-se-expande\/#webpage","url":"https:\/\/www.eldigitaldeasturias.com\/noticias\/andrea-levy-el-modus-operandi-de-puigdemont-se-expande\/","name":"Andrea Levy: \u00abEl modus operandi de Puigdemont se expande\u201d - El Digital de Asturias","description":"La vicesecretaria de Estudios y Programas del PP, Andrea Levy, ha constatado hoy que el modus operandi de Carles Puigdemont se expande, despu\u00e9s de conocerse que la diputada de la CUP Anna Gabriel se encuentra en Suiza a tres d\u00edas su declaraci\u00f3n en el Tribunal Supremo. A su juicio, los dirigentes pol\u00edticos independentistas \u201cson muy","inLanguage":"es-ES","isPartOf":{"@id":"https:\/\/www.eldigitaldeasturias.com\/noticias\/#website"},"breadcrumb":{"@id":"https:\/\/www.eldigitaldeasturias.com\/noticias\/andrea-levy-el-modus-operandi-de-puigdemont-se-expande\/#breadcrumblist"},"author":{"@id":"https:\/\/www.eldigitaldeasturias.com\/noticias\/author\/admin\/#author"},"creator":{"@id":"https:\/\/www.eldigitaldeasturias.com\/noticias\/author\/admin\/#author"},"image":{"@type":"ImageObject","url":969393,"@id":"https:\/\/www.eldigitaldeasturias.com\/noticias\/andrea-levy-el-modus-operandi-de-puigdemont-se-expande\/#mainImage"},"primaryImageOfPage":{"@id":"https:\/\/www.eldigitaldeasturias.com\/noticias\/andrea-levy-el-modus-operandi-de-puigdemont-se-expande\/#mainImage"},"datePublished":"2018-02-18T23:08:00+01:00","dateModified":"2018-02-18T23:08:00+01:00"},{"@type":"WebSite","@id":"https:\/\/www.eldigitaldeasturias.com\/noticias\/#website","url":"https:\/\/www.eldigitaldeasturias.com\/noticias\/","name":"El Digital de Asturias - Diario de actualidad y noticias","alternateName":"El Digital de Asturias - Diario de actualidad y noticias","description":"Hemeroteca","inLanguage":"es-ES","publisher":{"@id":"https:\/\/www.eldigitaldeasturias.com\/noticias\/#organization"}}]},"og:locale":"es_ES","og:site_name":"El Digital de Asturias","og:type":"article","og:title":"Andrea Levy: \u00abEl modus operandi de Puigdemont se expande\u201d - El Digital de Asturias","og:description":"La vicesecretaria de Estudios y Programas del PP, Andrea Levy, ha constatado hoy que el modus operandi de Carles Puigdemont se expande, despu\u00e9s de conocerse que la diputada de la CUP Anna Gabriel se encuentra en Suiza a tres d\u00edas su declaraci\u00f3n en el Tribunal Supremo. A su juicio, los dirigentes pol\u00edticos independentistas \u201cson muy","og:url":"https:\/\/www.eldigitaldeasturias.com\/noticias\/andrea-levy-el-modus-operandi-de-puigdemont-se-expande\/","article:tag":["actualidad"],"article:published_time":"2018-02-18T23:08:00+00:00","article:modified_time":"2018-02-18T23:08:00+00:00","article:publisher":"https:\/\/facebook.com\/eldigitaldeasturias","twitter:card":"summary_large_image","twitter:title":"Andrea Levy: \u00abEl modus operandi de Puigdemont se expande\u201d - El Digital de Asturias","twitter:description":"La vicesecretaria de Estudios y Programas del PP, Andrea Levy, ha constatado hoy que el modus operandi de Carles Puigdemont se expande, despu\u00e9s de conocerse que la diputada de la CUP Anna Gabriel se encuentra en Suiza a tres d\u00edas su declaraci\u00f3n en el Tribunal Supremo. A su juicio, los dirigentes pol\u00edticos independentistas \u201cson muy","twitter:image":"https:\/\/www.eldigitaldeasturias.com\/noticias\/wp-content\/uploads\/2020\/12\/EDA-1.jpg","twitter:label1":"Escrito por","twitter:data1":"El Digital de Asturias","twitter:label2":"Tiempo de lectura estimado","twitter:data2":"2 minutos"},"aioseo_meta_data":{"post_id":"969392","title":null,"description":null,"keywords":null,"keyphrases":null,"primary_term":null,"canonical_url":null,"og_title":null,"og_description":null,"og_object_type":"default","og_image_type":"default","og_image_url":null,"og_image_width":null,"og_image_height":null,"og_image_custom_url":null,"og_image_custom_fields":null,"og_video":null,"og_custom_url":null,"og_article_section":null,"og_article_tags":null,"twitter_use_og":false,"twitter_card":"default","twitter_image_type":"default","twitter_image_url":null,"twitter_image_custom_url":null,"twitter_image_custom_fields":null,"twitter_title":null,"twitter_description":null,"schema":{"blockGraphs":[],"customGraphs":[],"default":{"data":{"Article":[],"Course":[],"Dataset":[],"FAQPage":[],"Movie":[],"Person":[],"Product":[],"ProductReview":[],"Car":[],"Recipe":[],"Service":[],"SoftwareApplication":[],"WebPage":[]},"graphName":"","isEnabled":true},"graphs":[],"defaultGraph":"","defaultPostTypeGraph":""},"schema_type":null,"schema_type_options":null,"pillar_content":false,"robots_default":true,"robots_noindex":false,"robots_noarchive":false,"robots_nosnippet":false,"robots_nofollow":false,"robots_noimageindex":false,"robots_noodp":false,"robots_notranslate":false,"robots_max_snippet":null,"robots_max_videopreview":null,"robots_max_imagepreview":"large","priority":null,"frequency":null,"local_seo":null,"seo_analyzer_scan_date":"2025-10-07 01:53:11","breadcrumb_settings":null,"limit_modified_date":false,"open_ai":null,"ai":null,"created":"2020-12-21 12:27:36","updated":"2025-10-07 01:53:11","focus_keyword":null,"additional_keywords":null,"truseo_locale":null},"aioseo_breadcrumb":"<div class=\"aioseo-breadcrumbs\"><span class=\"aioseo-breadcrumb\">\n\t<a href=\"https:\/\/www.eldigitaldeasturias.com\/noticias\" title=\"Home\">Home<\/a>\n<\/span><span class=\"aioseo-breadcrumb-separator\">\u2013<\/span><span class=\"aioseo-breadcrumb\">\n\t<a href=\"https:\/\/www.eldigitaldeasturias.com\/noticias\/category\/actualidad\/\" title=\"Actualidad\">Actualidad<\/a>\n<\/span><span class=\"aioseo-breadcrumb-separator\">\u2013<\/span><span class=\"aioseo-breadcrumb\">\n\t<a href=\"https:\/\/www.eldigitaldeasturias.com\/noticias\/andrea-levy-el-modus-operandi-de-puigdemont-se-expande\/\" title=\"Andrea Levy: \u00abEl modus operandi de Puigdemont se expande\u201d\">Andrea Levy: \u00abEl modus operandi de Puigdemont se expande\u201d<\/a>\n<\/span><\/div>","aioseo_breadcrumb_json":[{"label":"Home","link":"https:\/\/www.eldigitaldeasturias.com\/noticias"},{"label":"Actualidad","link":"https:\/\/www.eldigitaldeasturias.com\/noticias\/category\/actualidad\/"},{"label":"Andrea Levy: \u00abEl modus operandi de Puigdemont se expande\u201d","link":"https:\/\/www.eldigitaldeasturias.com\/noticias\/andrea-levy-el-modus-operandi-de-puigdemont-se-expande\/"}],"_links":{"self":[{"href":"https:\/\/www.eldigitaldeasturias.com\/noticias\/wp-json\/wp\/v2\/posts\/969392","targetHints":{"allow":["GET"]}}],"collection":[{"href":"https:\/\/www.eldigitaldeasturias.com\/noticias\/wp-json\/wp\/v2\/posts"}],"about":[{"href":"https:\/\/www.eldigitaldeasturias.com\/noticias\/wp-json\/wp\/v2\/types\/post"}],"author":[{"embeddable":true,"href":"https:\/\/www.eldigitaldeasturias.com\/noticias\/wp-json\/wp\/v2\/users\/1"}],"replies":[{"embeddable":true,"href":"https:\/\/www.eldigitaldeasturias.com\/noticias\/wp-json\/wp\/v2\/comments?post=969392"}],"version-history":[{"count":0,"href":"https:\/\/www.eldigitaldeasturias.com\/noticias\/wp-json\/wp\/v2\/posts\/969392\/revisions"}],"wp:attachment":[{"href":"https:\/\/www.eldigitaldeasturias.com\/noticias\/wp-json\/wp\/v2\/media?parent=969392"}],"wp:term":[{"taxonomy":"category","embeddable":true,"href":"https:\/\/www.eldigitaldeasturias.com\/noticias\/wp-json\/wp\/v2\/categories?post=969392"},{"taxonomy":"post_tag","embeddable":true,"href":"https:\/\/www.eldigitaldeasturias.com\/noticias\/wp-json\/wp\/v2\/tags?post=969392"}],"curies":[{"name":"wp","href":"https:\/\/api.w.org\/{rel}","templated":true}]}}