{"id":969382,"date":"2018-02-18T23:01:02","date_gmt":"2018-02-18T23:01:02","guid":{"rendered":"http:\/\/www.eldigitaldeasturias.com\/noticias\/?p=969382"},"modified":"2018-02-18T23:01:02","modified_gmt":"2018-02-18T23:01:02","slug":"semana-intensa-en-cataluna-citas-judiciales-y-visita-del-rey","status":"publish","type":"post","link":"https:\/\/www.eldigitaldeasturias.com\/noticias\/semana-intensa-en-cataluna-citas-judiciales-y-visita-del-rey\/","title":{"rendered":"Semana intensa en Catalu\u00f1a: Citas judiciales y visita del rey"},"content":{"rendered":"<p><img loading=\"lazy\" decoding=\"async\" class=\"alignleft size-medium wp-image-788901\" src=\"https:\/\/www.eldigitaldeasturias.com\/noticias\/wp-content\/uploads\/2015\/06\/rey-360x198.jpg\" alt=\"\" width=\"360\" height=\"198\" \/>Barcelona\/Madrid, 18 feb (dpa) &#8211; La inestable situaci\u00f3n en Catalu\u00f1a, donde la formaci\u00f3n de un nuevo Gobierno sigue paralizada dos meses despu\u00e9s de las elecciones, vivir\u00e1 desde ma\u00f1ana lunes otra semana intensa con diversas citas judiciales y la primera visita a la regi\u00f3n del rey Felipe VI desde que estall\u00f3 la crisis independentista.<\/p>\n<p>El juez del Tribunal Supremo que investiga diversos delitos vinculados al plan de ruptura con Espa\u00f1a impulsado por el ya destituido Gobierno regional de Carles Puigdemont interrogar\u00e1 a partir de ma\u00f1ana a varias destacadas figuras del soberanismo, todos por su presunta implicaci\u00f3n \u00abespecial y destacada\u00bb en la crisis.<\/p>\n<p>Los nuevos l\u00edderes independentistas citados ma\u00f1ana lunes son Marta Rovira, de Esquerra Republicana de Catalunya (ERC), y Marta Pascal, de la plataforma Junts per Catalunya (JxCat) del destituido presidente catal\u00e1n Carles Puigdemont. Un d\u00eda m\u00e1s tarde declarar\u00e1 su antecesor en el cargo, Artur Mas.<\/p>\n<p>Con gran expectativa se espera tambi\u00e9n la declaraci\u00f3n el mi\u00e9rcoles de Anna Gabriel, del partido soberanista antisistema Candidatura de Unidad Popular (CUP). El fin de semana se supo que la ex diputada se traslad\u00f3 a Ginebra como parte de su \u00abestrategia de defensa\u00bb y la formaci\u00f3n no aclara si se presentar\u00e1 ante el juez.<\/p>\n<p>La ausencia de Gabriel motivar\u00eda probablemente su pedido de captura y abrir\u00eda en la ciudad suiza un nuevo foco internacional de la crisis independentista, despu\u00e9s de que Puigdemont y cuatro ex consejeros (ministros regionales) de su Gobierno se trasladaran ya a fines de octubre a Bruselas, donde siguen pr\u00f3fugos de la Justicia espa\u00f1ola.<\/p>\n<p>La huida de Puigdemont y la imposibilidad de que vuelva a ser nombrado presidente regional porque si regresa a Espa\u00f1a ser\u00e1 detenido mantiene en un limbo la formaci\u00f3n de un nuevo Gobierno catal\u00e1n desde las elecciones auton\u00f3micas del 21 de diciembre.<\/p>\n<p>Precisamente las declaraciones de esta semana podr\u00edan llevar a ERC y JxCat a mover ficha para encontrar alternativas Puigdemont y consensuar otro nombre que pueda ser investido presidente y asumir el Gobierno, intervenido por el Ejecutivo central de Mariano Rajoy desde fines de octubre para frenar el plan independentista.<\/p>\n<p>Hasta ahora hay m\u00e1s de una veintena de investigados por la escalada soberanista en Catalu\u00f1a que el a\u00f1o pasado abri\u00f3 una crisis institucional sin precedentes en Espa\u00f1a y culmin\u00f3 con el parlamento regional aprobando crear una rep\u00fablica independiente el 27 de octubre.<\/p>\n<p>Cuatro de ellos llevan meses en prisi\u00f3n preventiva en Madrid: el ex \u00abn\u00famero dos\u00bb de Puigdemont y l\u00edder de ERC, Oriol Junqueras, el ex consejero catal\u00e1n de Interior Joaquim Forn y los l\u00edderes de las dos principales entidades civiles soberanistas que movilizaron a millones de personas por la ruptura con Espa\u00f1a, Jordi S\u00e0nchez y Jordi Cuixart.<\/p>\n<p>Tras una semana con las miradas puestas en Madrid, Bruselas y Ginebra, las miradas se volcar\u00e1n a Barcelona, donde el rey Felipe VI presidir\u00e1 la cena oficial del Mobile World Congress, el principal congreso mundial de telefon\u00eda m\u00f3vil, en su primera visita a Catalu\u00f1a desde que estall\u00f3 la crisis independentista.<\/p>\n<p>El monarca desempe\u00f1\u00f3 un papel clave en el conflicto manteniendo un discurso sin concesiones con Puigdemont. En particular con su discurso televisado el 3 de octubre, dos d\u00edas despu\u00e9s del ref\u00e9rendum soberanista ilegal celebrado en Catalu\u00f1a, dej\u00f3 claro su apoyo sin fisuras a cualquier medida de Rajoy frente al plan secesionista.<\/p>\n<p>El \u00faltimo viaje del rey Felipe VI a Catalu\u00f1a fue en agosto, cuando particip\u00f3 en una manifestaci\u00f3n de condena a los atentados yihadistas que dejaron 16 muertos y un centenar de heridos en Barcelona y la localidad costera de Cambrils.<\/p>\n<p>Tanto el monarca como Rajoy fueron recibidos entonces por silbidos y abucheos en se\u00f1al de protesta y rechazo al s\u00edmbolo institucional del Estado central, pese a que el plan independentista apenas estaba comenzando a ponerse en marcha.<\/p>\n","protected":false},"excerpt":{"rendered":"<p>Barcelona\/Madrid, 18 feb (dpa) &#8211; La inestable situaci\u00f3n en Catalu\u00f1a, donde la formaci\u00f3n de un nuevo Gobierno sigue paralizada dos meses despu\u00e9s de las elecciones, vivir\u00e1 desde ma\u00f1ana lunes otra semana intensa con diversas citas judiciales y la primera visita a la regi\u00f3n del rey Felipe VI desde que estall\u00f3 la crisis independentista. El juez [&hellip;]<\/p>\n","protected":false},"author":1,"featured_media":788901,"comment_status":"closed","ping_status":"closed","sticky":false,"template":"","format":"standard","meta":{"footnotes":""},"categories":[1],"tags":[],"class_list":["post-969382","post","type-post","status-publish","format-standard","has-post-thumbnail","hentry","category-actualidad"],"aioseo_notices":[],"aioseo_head":"\n\t\t<!-- All in One SEO Pro 5.0.1 - aioseo.com -->\n\t<meta name=\"description\" content=\"Barcelona\/Madrid, 18 feb (dpa) - La inestable situaci\u00f3n en Catalu\u00f1a, donde la formaci\u00f3n de un nuevo Gobierno sigue paralizada dos meses despu\u00e9s de las elecciones, vivir\u00e1 desde ma\u00f1ana lunes otra semana intensa con diversas citas judiciales y la primera visita a la regi\u00f3n del rey Felipe VI desde que estall\u00f3 la crisis independentista. El juez\" \/>\n\t<meta name=\"robots\" content=\"max-image-preview:large\" \/>\n\t<meta name=\"author\" content=\"El Digital de Asturias\"\/>\n\t<meta name=\"google-site-verification\" content=\"UA-38556648-1\" \/>\n\t<meta name=\"msvalidate.01\" content=\"7dfe9f3f1b24437ab69f4f2559babe99\" \/>\n\t<meta name=\"keywords\" content=\"actualidad\" \/>\n\t<link rel=\"canonical\" href=\"https:\/\/www.eldigitaldeasturias.com\/noticias\/semana-intensa-en-cataluna-citas-judiciales-y-visita-del-rey\/\" \/>\n\t<meta name=\"generator\" content=\"All in One SEO Pro (AIOSEO) 5.0.1\" \/>\n\t\t<meta property=\"og:locale\" content=\"es_ES\" \/>\n\t\t<meta property=\"og:site_name\" content=\"El Digital de Asturias\" \/>\n\t\t<meta property=\"og:type\" content=\"article\" \/>\n\t\t<meta property=\"og:title\" content=\"Semana intensa en Catalu\u00f1a: Citas judiciales y visita del rey - El Digital de Asturias\" \/>\n\t\t<meta property=\"og:description\" content=\"Barcelona\/Madrid, 18 feb (dpa) - La inestable situaci\u00f3n en Catalu\u00f1a, donde la formaci\u00f3n de un nuevo Gobierno sigue paralizada dos meses despu\u00e9s de las elecciones, vivir\u00e1 desde ma\u00f1ana lunes otra semana intensa con diversas citas judiciales y la primera visita a la regi\u00f3n del rey Felipe VI desde que estall\u00f3 la crisis independentista. El juez\" \/>\n\t\t<meta property=\"og:url\" content=\"https:\/\/www.eldigitaldeasturias.com\/noticias\/semana-intensa-en-cataluna-citas-judiciales-y-visita-del-rey\/\" \/>\n\t\t<meta property=\"article:tag\" content=\"actualidad\" \/>\n\t\t<meta property=\"article:published_time\" content=\"2018-02-18T23:01:02+00:00\" \/>\n\t\t<meta property=\"article:modified_time\" content=\"2018-02-18T23:01:02+00:00\" \/>\n\t\t<meta property=\"article:publisher\" content=\"https:\/\/facebook.com\/eldigitaldeasturias\" \/>\n\t\t<meta name=\"twitter:card\" content=\"summary_large_image\" \/>\n\t\t<meta name=\"twitter:title\" content=\"Semana intensa en Catalu\u00f1a: Citas judiciales y visita del rey - El Digital de Asturias\" \/>\n\t\t<meta name=\"twitter:description\" content=\"Barcelona\/Madrid, 18 feb (dpa) - La inestable situaci\u00f3n en Catalu\u00f1a, donde la formaci\u00f3n de un nuevo Gobierno sigue paralizada dos meses despu\u00e9s de las elecciones, vivir\u00e1 desde ma\u00f1ana lunes otra semana intensa con diversas citas judiciales y la primera visita a la regi\u00f3n del rey Felipe VI desde que estall\u00f3 la crisis independentista. El juez\" \/>\n\t\t<meta name=\"twitter:image\" content=\"https:\/\/www.eldigitaldeasturias.com\/noticias\/wp-content\/uploads\/2020\/12\/EDA-1.jpg\" \/>\n\t\t<meta name=\"twitter:label1\" content=\"Escrito por\" \/>\n\t\t<meta name=\"twitter:data1\" content=\"El Digital de Asturias\" \/>\n\t\t<meta name=\"twitter:label2\" content=\"Tiempo de lectura estimado\" \/>\n\t\t<meta name=\"twitter:data2\" content=\"3 minutos\" \/>\n\t\t<script type=\"application\/ld+json\" class=\"aioseo-schema\">\n\t\t\t{\"@context\":\"https:\\\/\\\/schema.org\",\"@graph\":[{\"@type\":\"BlogPosting\",\"@id\":\"https:\\\/\\\/www.eldigitaldeasturias.com\\\/noticias\\\/semana-intensa-en-cataluna-citas-judiciales-y-visita-del-rey\\\/#blogposting\",\"name\":\"Semana intensa en Catalu\\u00f1a: Citas judiciales y visita del rey - El Digital de Asturias\",\"headline\":\"Semana intensa en Catalu\\u00f1a: Citas judiciales y visita del rey\",\"author\":{\"@id\":\"https:\\\/\\\/www.eldigitaldeasturias.com\\\/noticias\\\/author\\\/admin\\\/#author\"},\"publisher\":{\"@id\":\"https:\\\/\\\/www.eldigitaldeasturias.com\\\/noticias\\\/#organization\"},\"image\":{\"@type\":\"ImageObject\",\"url\":788901},\"datePublished\":\"2018-02-18T23:01:02+01:00\",\"dateModified\":\"2018-02-18T23:01:02+01:00\",\"inLanguage\":\"es-ES\",\"mainEntityOfPage\":{\"@id\":\"https:\\\/\\\/www.eldigitaldeasturias.com\\\/noticias\\\/semana-intensa-en-cataluna-citas-judiciales-y-visita-del-rey\\\/#webpage\"},\"isPartOf\":{\"@id\":\"https:\\\/\\\/www.eldigitaldeasturias.com\\\/noticias\\\/semana-intensa-en-cataluna-citas-judiciales-y-visita-del-rey\\\/#webpage\"},\"articleSection\":\"Actualidad\"},{\"@type\":\"BreadcrumbList\",\"@id\":\"https:\\\/\\\/www.eldigitaldeasturias.com\\\/noticias\\\/semana-intensa-en-cataluna-citas-judiciales-y-visita-del-rey\\\/#breadcrumblist\",\"itemListElement\":[{\"@type\":\"ListItem\",\"@id\":\"https:\\\/\\\/www.eldigitaldeasturias.com\\\/noticias#listItem\",\"position\":1,\"name\":\"Home\",\"item\":\"https:\\\/\\\/www.eldigitaldeasturias.com\\\/noticias\",\"nextItem\":{\"@type\":\"ListItem\",\"@id\":\"https:\\\/\\\/www.eldigitaldeasturias.com\\\/noticias\\\/category\\\/actualidad\\\/#listItem\",\"name\":\"Actualidad\"}},{\"@type\":\"ListItem\",\"@id\":\"https:\\\/\\\/www.eldigitaldeasturias.com\\\/noticias\\\/category\\\/actualidad\\\/#listItem\",\"position\":2,\"name\":\"Actualidad\",\"item\":\"https:\\\/\\\/www.eldigitaldeasturias.com\\\/noticias\\\/category\\\/actualidad\\\/\",\"nextItem\":{\"@type\":\"ListItem\",\"@id\":\"https:\\\/\\\/www.eldigitaldeasturias.com\\\/noticias\\\/semana-intensa-en-cataluna-citas-judiciales-y-visita-del-rey\\\/#listItem\",\"name\":\"Semana intensa en Catalu\\u00f1a: Citas judiciales y visita del rey\"},\"previousItem\":{\"@type\":\"ListItem\",\"@id\":\"https:\\\/\\\/www.eldigitaldeasturias.com\\\/noticias#listItem\",\"name\":\"Home\"}},{\"@type\":\"ListItem\",\"@id\":\"https:\\\/\\\/www.eldigitaldeasturias.com\\\/noticias\\\/semana-intensa-en-cataluna-citas-judiciales-y-visita-del-rey\\\/#listItem\",\"position\":3,\"name\":\"Semana intensa en Catalu\\u00f1a: Citas judiciales y visita del rey\",\"previousItem\":{\"@type\":\"ListItem\",\"@id\":\"https:\\\/\\\/www.eldigitaldeasturias.com\\\/noticias\\\/category\\\/actualidad\\\/#listItem\",\"name\":\"Actualidad\"}}]},{\"@type\":\"Organization\",\"@id\":\"https:\\\/\\\/www.eldigitaldeasturias.com\\\/noticias\\\/#organization\",\"name\":\"El Digital de Asturias\",\"description\":\"Hemeroteca\",\"url\":\"https:\\\/\\\/www.eldigitaldeasturias.com\\\/noticias\\\/\",\"email\":\"info@eldigitaldeasturias.com\",\"telephone\":\"+34652131393\",\"logo\":{\"@type\":\"ImageObject\",\"url\":\"https:\\\/\\\/www.eldigitaldeasturias.com\\\/noticias\\\/wp-content\\\/uploads\\\/2020\\\/12\\\/EDA.jpg\",\"@id\":\"https:\\\/\\\/www.eldigitaldeasturias.com\\\/noticias\\\/semana-intensa-en-cataluna-citas-judiciales-y-visita-del-rey\\\/#organizationLogo\"},\"image\":{\"@id\":\"https:\\\/\\\/www.eldigitaldeasturias.com\\\/noticias\\\/semana-intensa-en-cataluna-citas-judiciales-y-visita-del-rey\\\/#organizationLogo\"},\"sameAs\":[\"https:\\\/\\\/facebook.com\\\/eldigitaldeasturias\",\"https:\\\/\\\/www.youtube.com\\\/channel\\\/UCZP-2wLEB9Rv6erhFmqVnvg\"],\"address\":{\"@id\":\"https:\\\/\\\/www.eldigitaldeasturias.com\\\/noticias\\\/#postaladdress\",\"@type\":\"PostalAddress\",\"streetAddress\":\"san antonio 4\",\"postalCode\":\"33430\",\"addressLocality\":\"Cand\\u00e1s\",\"addressRegion\":\"Asturias\",\"addressCountry\":\"ES\"}},{\"@type\":\"Person\",\"@id\":\"https:\\\/\\\/www.eldigitaldeasturias.com\\\/noticias\\\/author\\\/admin\\\/#author\",\"url\":\"https:\\\/\\\/www.eldigitaldeasturias.com\\\/noticias\\\/author\\\/admin\\\/\",\"name\":\"El Digital de Asturias\",\"image\":{\"@type\":\"ImageObject\",\"@id\":\"https:\\\/\\\/www.eldigitaldeasturias.com\\\/noticias\\\/semana-intensa-en-cataluna-citas-judiciales-y-visita-del-rey\\\/#authorImage\",\"url\":\"https:\\\/\\\/secure.gravatar.com\\\/avatar\\\/df2aeffc32bcd13f8d26072ef8a91b623d677766deac7f97ca815868cd41bf5e?s=96&d=mm&r=g\",\"width\":96,\"height\":96,\"caption\":\"El Digital de Asturias\"}},{\"@type\":\"WebPage\",\"@id\":\"https:\\\/\\\/www.eldigitaldeasturias.com\\\/noticias\\\/semana-intensa-en-cataluna-citas-judiciales-y-visita-del-rey\\\/#webpage\",\"url\":\"https:\\\/\\\/www.eldigitaldeasturias.com\\\/noticias\\\/semana-intensa-en-cataluna-citas-judiciales-y-visita-del-rey\\\/\",\"name\":\"Semana intensa en Catalu\\u00f1a: Citas judiciales y visita del rey - El Digital de Asturias\",\"description\":\"Barcelona\\\/Madrid, 18 feb (dpa) - La inestable situaci\\u00f3n en Catalu\\u00f1a, donde la formaci\\u00f3n de un nuevo Gobierno sigue paralizada dos meses despu\\u00e9s de las elecciones, vivir\\u00e1 desde ma\\u00f1ana lunes otra semana intensa con diversas citas judiciales y la primera visita a la regi\\u00f3n del rey Felipe VI desde que estall\\u00f3 la crisis independentista. El juez\",\"inLanguage\":\"es-ES\",\"isPartOf\":{\"@id\":\"https:\\\/\\\/www.eldigitaldeasturias.com\\\/noticias\\\/#website\"},\"breadcrumb\":{\"@id\":\"https:\\\/\\\/www.eldigitaldeasturias.com\\\/noticias\\\/semana-intensa-en-cataluna-citas-judiciales-y-visita-del-rey\\\/#breadcrumblist\"},\"author\":{\"@id\":\"https:\\\/\\\/www.eldigitaldeasturias.com\\\/noticias\\\/author\\\/admin\\\/#author\"},\"creator\":{\"@id\":\"https:\\\/\\\/www.eldigitaldeasturias.com\\\/noticias\\\/author\\\/admin\\\/#author\"},\"image\":{\"@type\":\"ImageObject\",\"url\":788901,\"@id\":\"https:\\\/\\\/www.eldigitaldeasturias.com\\\/noticias\\\/semana-intensa-en-cataluna-citas-judiciales-y-visita-del-rey\\\/#mainImage\"},\"primaryImageOfPage\":{\"@id\":\"https:\\\/\\\/www.eldigitaldeasturias.com\\\/noticias\\\/semana-intensa-en-cataluna-citas-judiciales-y-visita-del-rey\\\/#mainImage\"},\"datePublished\":\"2018-02-18T23:01:02+01:00\",\"dateModified\":\"2018-02-18T23:01:02+01:00\"},{\"@type\":\"WebSite\",\"@id\":\"https:\\\/\\\/www.eldigitaldeasturias.com\\\/noticias\\\/#website\",\"url\":\"https:\\\/\\\/www.eldigitaldeasturias.com\\\/noticias\\\/\",\"name\":\"El Digital de Asturias - Diario de actualidad y noticias\",\"alternateName\":\"El Digital de Asturias - Diario de actualidad y noticias\",\"description\":\"Hemeroteca\",\"inLanguage\":\"es-ES\",\"publisher\":{\"@id\":\"https:\\\/\\\/www.eldigitaldeasturias.com\\\/noticias\\\/#organization\"}}]}\n\t\t<\/script>\n\t\t<!-- All in One SEO Pro -->\r\n\t\t<title>Semana intensa en Catalu\u00f1a: Citas judiciales y visita del rey - El Digital de Asturias<\/title>\n\n","aioseo_head_json":{"title":"Semana intensa en Catalu\u00f1a: Citas judiciales y visita del rey - El Digital de Asturias","description":"Barcelona\/Madrid, 18 feb (dpa) - La inestable situaci\u00f3n en Catalu\u00f1a, donde la formaci\u00f3n de un nuevo Gobierno sigue paralizada dos meses despu\u00e9s de las elecciones, vivir\u00e1 desde ma\u00f1ana lunes otra semana intensa con diversas citas judiciales y la primera visita a la regi\u00f3n del rey Felipe VI desde que estall\u00f3 la crisis independentista. El juez","canonical_url":"https:\/\/www.eldigitaldeasturias.com\/noticias\/semana-intensa-en-cataluna-citas-judiciales-y-visita-del-rey\/","robots":"max-image-preview:large","keywords":"actualidad","webmasterTools":{"google-site-verification":"UA-38556648-1","msvalidate.01":"7dfe9f3f1b24437ab69f4f2559babe99","miscellaneous":""},"schema":{"@context":"https:\/\/schema.org","@graph":[{"@type":"BlogPosting","@id":"https:\/\/www.eldigitaldeasturias.com\/noticias\/semana-intensa-en-cataluna-citas-judiciales-y-visita-del-rey\/#blogposting","name":"Semana intensa en Catalu\u00f1a: Citas judiciales y visita del rey - El Digital de Asturias","headline":"Semana intensa en Catalu\u00f1a: Citas judiciales y visita del rey","author":{"@id":"https:\/\/www.eldigitaldeasturias.com\/noticias\/author\/admin\/#author"},"publisher":{"@id":"https:\/\/www.eldigitaldeasturias.com\/noticias\/#organization"},"image":{"@type":"ImageObject","url":788901},"datePublished":"2018-02-18T23:01:02+01:00","dateModified":"2018-02-18T23:01:02+01:00","inLanguage":"es-ES","mainEntityOfPage":{"@id":"https:\/\/www.eldigitaldeasturias.com\/noticias\/semana-intensa-en-cataluna-citas-judiciales-y-visita-del-rey\/#webpage"},"isPartOf":{"@id":"https:\/\/www.eldigitaldeasturias.com\/noticias\/semana-intensa-en-cataluna-citas-judiciales-y-visita-del-rey\/#webpage"},"articleSection":"Actualidad"},{"@type":"BreadcrumbList","@id":"https:\/\/www.eldigitaldeasturias.com\/noticias\/semana-intensa-en-cataluna-citas-judiciales-y-visita-del-rey\/#breadcrumblist","itemListElement":[{"@type":"ListItem","@id":"https:\/\/www.eldigitaldeasturias.com\/noticias#listItem","position":1,"name":"Home","item":"https:\/\/www.eldigitaldeasturias.com\/noticias","nextItem":{"@type":"ListItem","@id":"https:\/\/www.eldigitaldeasturias.com\/noticias\/category\/actualidad\/#listItem","name":"Actualidad"}},{"@type":"ListItem","@id":"https:\/\/www.eldigitaldeasturias.com\/noticias\/category\/actualidad\/#listItem","position":2,"name":"Actualidad","item":"https:\/\/www.eldigitaldeasturias.com\/noticias\/category\/actualidad\/","nextItem":{"@type":"ListItem","@id":"https:\/\/www.eldigitaldeasturias.com\/noticias\/semana-intensa-en-cataluna-citas-judiciales-y-visita-del-rey\/#listItem","name":"Semana intensa en Catalu\u00f1a: Citas judiciales y visita del rey"},"previousItem":{"@type":"ListItem","@id":"https:\/\/www.eldigitaldeasturias.com\/noticias#listItem","name":"Home"}},{"@type":"ListItem","@id":"https:\/\/www.eldigitaldeasturias.com\/noticias\/semana-intensa-en-cataluna-citas-judiciales-y-visita-del-rey\/#listItem","position":3,"name":"Semana intensa en Catalu\u00f1a: Citas judiciales y visita del rey","previousItem":{"@type":"ListItem","@id":"https:\/\/www.eldigitaldeasturias.com\/noticias\/category\/actualidad\/#listItem","name":"Actualidad"}}]},{"@type":"Organization","@id":"https:\/\/www.eldigitaldeasturias.com\/noticias\/#organization","name":"El Digital de Asturias","description":"Hemeroteca","url":"https:\/\/www.eldigitaldeasturias.com\/noticias\/","email":"info@eldigitaldeasturias.com","telephone":"+34652131393","logo":{"@type":"ImageObject","url":"https:\/\/www.eldigitaldeasturias.com\/noticias\/wp-content\/uploads\/2020\/12\/EDA.jpg","@id":"https:\/\/www.eldigitaldeasturias.com\/noticias\/semana-intensa-en-cataluna-citas-judiciales-y-visita-del-rey\/#organizationLogo"},"image":{"@id":"https:\/\/www.eldigitaldeasturias.com\/noticias\/semana-intensa-en-cataluna-citas-judiciales-y-visita-del-rey\/#organizationLogo"},"sameAs":["https:\/\/facebook.com\/eldigitaldeasturias","https:\/\/www.youtube.com\/channel\/UCZP-2wLEB9Rv6erhFmqVnvg"],"address":{"@id":"https:\/\/www.eldigitaldeasturias.com\/noticias\/#postaladdress","@type":"PostalAddress","streetAddress":"san antonio 4","postalCode":"33430","addressLocality":"Cand\u00e1s","addressRegion":"Asturias","addressCountry":"ES"}},{"@type":"Person","@id":"https:\/\/www.eldigitaldeasturias.com\/noticias\/author\/admin\/#author","url":"https:\/\/www.eldigitaldeasturias.com\/noticias\/author\/admin\/","name":"El Digital de Asturias","image":{"@type":"ImageObject","@id":"https:\/\/www.eldigitaldeasturias.com\/noticias\/semana-intensa-en-cataluna-citas-judiciales-y-visita-del-rey\/#authorImage","url":"https:\/\/secure.gravatar.com\/avatar\/df2aeffc32bcd13f8d26072ef8a91b623d677766deac7f97ca815868cd41bf5e?s=96&d=mm&r=g","width":96,"height":96,"caption":"El Digital de Asturias"}},{"@type":"WebPage","@id":"https:\/\/www.eldigitaldeasturias.com\/noticias\/semana-intensa-en-cataluna-citas-judiciales-y-visita-del-rey\/#webpage","url":"https:\/\/www.eldigitaldeasturias.com\/noticias\/semana-intensa-en-cataluna-citas-judiciales-y-visita-del-rey\/","name":"Semana intensa en Catalu\u00f1a: Citas judiciales y visita del rey - El Digital de Asturias","description":"Barcelona\/Madrid, 18 feb (dpa) - La inestable situaci\u00f3n en Catalu\u00f1a, donde la formaci\u00f3n de un nuevo Gobierno sigue paralizada dos meses despu\u00e9s de las elecciones, vivir\u00e1 desde ma\u00f1ana lunes otra semana intensa con diversas citas judiciales y la primera visita a la regi\u00f3n del rey Felipe VI desde que estall\u00f3 la crisis independentista. El juez","inLanguage":"es-ES","isPartOf":{"@id":"https:\/\/www.eldigitaldeasturias.com\/noticias\/#website"},"breadcrumb":{"@id":"https:\/\/www.eldigitaldeasturias.com\/noticias\/semana-intensa-en-cataluna-citas-judiciales-y-visita-del-rey\/#breadcrumblist"},"author":{"@id":"https:\/\/www.eldigitaldeasturias.com\/noticias\/author\/admin\/#author"},"creator":{"@id":"https:\/\/www.eldigitaldeasturias.com\/noticias\/author\/admin\/#author"},"image":{"@type":"ImageObject","url":788901,"@id":"https:\/\/www.eldigitaldeasturias.com\/noticias\/semana-intensa-en-cataluna-citas-judiciales-y-visita-del-rey\/#mainImage"},"primaryImageOfPage":{"@id":"https:\/\/www.eldigitaldeasturias.com\/noticias\/semana-intensa-en-cataluna-citas-judiciales-y-visita-del-rey\/#mainImage"},"datePublished":"2018-02-18T23:01:02+01:00","dateModified":"2018-02-18T23:01:02+01:00"},{"@type":"WebSite","@id":"https:\/\/www.eldigitaldeasturias.com\/noticias\/#website","url":"https:\/\/www.eldigitaldeasturias.com\/noticias\/","name":"El Digital de Asturias - Diario de actualidad y noticias","alternateName":"El Digital de Asturias - Diario de actualidad y noticias","description":"Hemeroteca","inLanguage":"es-ES","publisher":{"@id":"https:\/\/www.eldigitaldeasturias.com\/noticias\/#organization"}}]},"og:locale":"es_ES","og:site_name":"El Digital de Asturias","og:type":"article","og:title":"Semana intensa en Catalu\u00f1a: Citas judiciales y visita del rey - El Digital de Asturias","og:description":"Barcelona\/Madrid, 18 feb (dpa) - La inestable situaci\u00f3n en Catalu\u00f1a, donde la formaci\u00f3n de un nuevo Gobierno sigue paralizada dos meses despu\u00e9s de las elecciones, vivir\u00e1 desde ma\u00f1ana lunes otra semana intensa con diversas citas judiciales y la primera visita a la regi\u00f3n del rey Felipe VI desde que estall\u00f3 la crisis independentista. El juez","og:url":"https:\/\/www.eldigitaldeasturias.com\/noticias\/semana-intensa-en-cataluna-citas-judiciales-y-visita-del-rey\/","article:tag":["actualidad"],"article:published_time":"2018-02-18T23:01:02+00:00","article:modified_time":"2018-02-18T23:01:02+00:00","article:publisher":"https:\/\/facebook.com\/eldigitaldeasturias","twitter:card":"summary_large_image","twitter:title":"Semana intensa en Catalu\u00f1a: Citas judiciales y visita del rey - El Digital de Asturias","twitter:description":"Barcelona\/Madrid, 18 feb (dpa) - La inestable situaci\u00f3n en Catalu\u00f1a, donde la formaci\u00f3n de un nuevo Gobierno sigue paralizada dos meses despu\u00e9s de las elecciones, vivir\u00e1 desde ma\u00f1ana lunes otra semana intensa con diversas citas judiciales y la primera visita a la regi\u00f3n del rey Felipe VI desde que estall\u00f3 la crisis independentista. El juez","twitter:image":"https:\/\/www.eldigitaldeasturias.com\/noticias\/wp-content\/uploads\/2020\/12\/EDA-1.jpg","twitter:label1":"Escrito por","twitter:data1":"El Digital de Asturias","twitter:label2":"Tiempo de lectura estimado","twitter:data2":"3 minutos"},"aioseo_meta_data":{"post_id":"969382","title":null,"description":null,"keywords":null,"keyphrases":null,"primary_term":null,"canonical_url":null,"og_title":null,"og_description":null,"og_object_type":"default","og_image_type":"default","og_image_url":null,"og_image_width":null,"og_image_height":null,"og_image_custom_url":null,"og_image_custom_fields":null,"og_video":null,"og_custom_url":null,"og_article_section":null,"og_article_tags":null,"twitter_use_og":false,"twitter_card":"default","twitter_image_type":"default","twitter_image_url":null,"twitter_image_custom_url":null,"twitter_image_custom_fields":null,"twitter_title":null,"twitter_description":null,"schema":{"blockGraphs":[],"customGraphs":[],"default":{"data":{"Article":[],"Course":[],"Dataset":[],"FAQPage":[],"Movie":[],"Person":[],"Product":[],"ProductReview":[],"Car":[],"Recipe":[],"Service":[],"SoftwareApplication":[],"WebPage":[]},"graphName":"","isEnabled":true},"graphs":[],"defaultGraph":"","defaultPostTypeGraph":""},"schema_type":null,"schema_type_options":null,"pillar_content":false,"robots_default":true,"robots_noindex":false,"robots_noarchive":false,"robots_nosnippet":false,"robots_nofollow":false,"robots_noimageindex":false,"robots_noodp":false,"robots_notranslate":false,"robots_max_snippet":null,"robots_max_videopreview":null,"robots_max_imagepreview":"large","priority":null,"frequency":null,"local_seo":null,"seo_analyzer_scan_date":"2025-10-07 01:48:57","breadcrumb_settings":null,"limit_modified_date":false,"open_ai":null,"ai":null,"created":"2020-12-21 12:27:36","updated":"2025-10-07 01:48:57","focus_keyword":null,"additional_keywords":null,"truseo_locale":null},"aioseo_breadcrumb":"<div class=\"aioseo-breadcrumbs\"><span class=\"aioseo-breadcrumb\">\n\t<a href=\"https:\/\/www.eldigitaldeasturias.com\/noticias\" title=\"Home\">Home<\/a>\n<\/span><span class=\"aioseo-breadcrumb-separator\">\u2013<\/span><span class=\"aioseo-breadcrumb\">\n\t<a href=\"https:\/\/www.eldigitaldeasturias.com\/noticias\/category\/actualidad\/\" title=\"Actualidad\">Actualidad<\/a>\n<\/span><span class=\"aioseo-breadcrumb-separator\">\u2013<\/span><span class=\"aioseo-breadcrumb\">\n\t<a href=\"https:\/\/www.eldigitaldeasturias.com\/noticias\/semana-intensa-en-cataluna-citas-judiciales-y-visita-del-rey\/\" title=\"Semana intensa en Catalu\u00f1a: Citas judiciales y visita del rey\">Semana intensa en Catalu\u00f1a: Citas judiciales y visita del rey<\/a>\n<\/span><\/div>","aioseo_breadcrumb_json":[{"label":"Home","link":"https:\/\/www.eldigitaldeasturias.com\/noticias"},{"label":"Actualidad","link":"https:\/\/www.eldigitaldeasturias.com\/noticias\/category\/actualidad\/"},{"label":"Semana intensa en Catalu\u00f1a: Citas judiciales y visita del rey","link":"https:\/\/www.eldigitaldeasturias.com\/noticias\/semana-intensa-en-cataluna-citas-judiciales-y-visita-del-rey\/"}],"_links":{"self":[{"href":"https:\/\/www.eldigitaldeasturias.com\/noticias\/wp-json\/wp\/v2\/posts\/969382","targetHints":{"allow":["GET"]}}],"collection":[{"href":"https:\/\/www.eldigitaldeasturias.com\/noticias\/wp-json\/wp\/v2\/posts"}],"about":[{"href":"https:\/\/www.eldigitaldeasturias.com\/noticias\/wp-json\/wp\/v2\/types\/post"}],"author":[{"embeddable":true,"href":"https:\/\/www.eldigitaldeasturias.com\/noticias\/wp-json\/wp\/v2\/users\/1"}],"replies":[{"embeddable":true,"href":"https:\/\/www.eldigitaldeasturias.com\/noticias\/wp-json\/wp\/v2\/comments?post=969382"}],"version-history":[{"count":0,"href":"https:\/\/www.eldigitaldeasturias.com\/noticias\/wp-json\/wp\/v2\/posts\/969382\/revisions"}],"wp:attachment":[{"href":"https:\/\/www.eldigitaldeasturias.com\/noticias\/wp-json\/wp\/v2\/media?parent=969382"}],"wp:term":[{"taxonomy":"category","embeddable":true,"href":"https:\/\/www.eldigitaldeasturias.com\/noticias\/wp-json\/wp\/v2\/categories?post=969382"},{"taxonomy":"post_tag","embeddable":true,"href":"https:\/\/www.eldigitaldeasturias.com\/noticias\/wp-json\/wp\/v2\/tags?post=969382"}],"curies":[{"name":"wp","href":"https:\/\/api.w.org\/{rel}","templated":true}]}}