{"id":969380,"date":"2018-02-18T22:58:20","date_gmt":"2018-02-18T22:58:20","guid":{"rendered":"http:\/\/www.eldigitaldeasturias.com\/noticias\/?p=969380"},"modified":"2018-02-18T22:58:20","modified_gmt":"2018-02-18T22:58:20","slug":"mucha-crisis-y-ninguna-solucion-en-la-conferencia-de-seguridad-de-munich","status":"publish","type":"post","link":"https:\/\/www.eldigitaldeasturias.com\/noticias\/mucha-crisis-y-ninguna-solucion-en-la-conferencia-de-seguridad-de-munich\/","title":{"rendered":"Mucha crisis y ninguna soluci\u00f3n en la Conferencia de Seguridad de M\u00fanich"},"content":{"rendered":"<p><img loading=\"lazy\" decoding=\"async\" class=\"alignleft size-medium wp-image-870944\" src=\"https:\/\/www.eldigitaldeasturias.com\/noticias\/wp-content\/uploads\/2016\/04\/fotonoticia_20160405100235_800-360x244.jpg\" alt=\"\" width=\"360\" height=\"244\" \/>M\u00fanich, 18 feb (dpa) &#8211; Las advertencias del peligro del estallido de nuevos conflictos armados y el llamamiento de voces prominentes en favor de un mayor protagonismo europeo dominaron la edici\u00f3n 54 de la Conferencia de Seguridad de M\u00fanich, que culmin\u00f3 hoy centrada en las crisis del Cercano y Medio Oriente.<\/p>\n<p>Una vez m\u00e1s, la cita anual de tres d\u00edas de pol\u00edticos, diplom\u00e1ticos, militares y expertos en defensa dej\u00f3 al descubierto las posturas enfrentadas desde hace a\u00f1os en Cercano Oriente, Ucrania y tambi\u00e9n las tensiones latentes entre Estados Unidos y Rusia.<\/p>\n<p>Muchas ponencias describieron un panorama incierto y un fr\u00e1gil orden internacional en vista del repliegue de Estados Unidos como gran potencia ordenadora en el escenario internacional.<\/p>\n<p>En la jornada de cierre, los cerca de medio millar de participantes fueron testigos de un choque abierto entre Israel e Ir\u00e1n. En su primera aparici\u00f3n en este foro, el primer ministro de Israel, Benjamin Netanyahu, alert\u00f3 del peligro de una escalada y calific\u00f3 a Ir\u00e1n como \u00abla mayor amenaza del mundo\u00bb.<\/p>\n<p>El mandatario israel\u00ed present\u00f3 como muestra de la creciente agresividad de Teher\u00e1n un pedazo de metal que identific\u00f3 como el resto de un dron iran\u00ed derribado d\u00edas atr\u00e1s por aviones cuando penetraba el territorio de Israel.<\/p>\n<p>\u00abSe\u00f1or Zarif, \u00bflo reconoce? Es suyo. Se lo puede llevar con un mensaje a los tiranos de Teher\u00e1n: \u00a1No pongan a prueba la determinaci\u00f3n de Israel!\u00bb, dijo en direcci\u00f3n al ministro iran\u00ed del Exterior, Mohammad Javad Zarif. Ir\u00e1n desminti\u00f3 que un avi\u00f3n no tripulado suyo hubiera entrado en territorio israel\u00ed.<\/p>\n<p>La fuerza a\u00e9rea de Israel realiz\u00f3 ataques hace una semana en territorio sirio contra lo que identific\u00f3 como posiciones sirias e iran\u00edes en respuesta a la presunta incursi\u00f3n de un dron iran\u00ed proveniente de Siria. Teher\u00e1n respalda all\u00ed a la milicia chiita Hizbol\u00e1, que lucha junto con las fuerzas gubernamentales del presidente sirio, Bashar al Assad, en ese pa\u00eds \u00e1rabe.<\/p>\n<p>\u00abIsrael no permitir\u00e1 que el r\u00e9gimen de Ir\u00e1n nos ponga la soga al cuello. No solo que actuaremos contra los ac\u00f3litos de Ir\u00e1n, sino que tambi\u00e9n lo haremos, si es necesario, contra el propio Ir\u00e1n\u00bb, advirti\u00f3 Netanyahu.<\/p>\n<p>Zarif, que no estaba a\u00fan en el p\u00fablico, calific\u00f3 posteriormente la comparecencia del israel\u00ed de \u00abcirco caricaturesco que no es digno de ser respondido\u00bb.<\/p>\n<p>El representante iran\u00ed responsabiliz\u00f3 a Israel y Estados Unidos de los conflictos que azotan la regi\u00f3n desde hace d\u00e9cadas y tambi\u00e9n alert\u00f3 del peligro de una conflagraci\u00f3n. \u00abEn la actualidad estamos muy cerca de un conflicto que va en aumento\u00bb.<\/p>\n<p>Zarif sostuvo que Israel est\u00e1 lanzando ataques casi diarios en territorio sirio. Dijo que su pa\u00eds cree que no puede haber m\u00e1s potencias hegem\u00f3nicas. \u00abQueremos una regi\u00f3n fuerte, no queremos ser hegem\u00f3nicos en la regi\u00f3n, creemos que la era de las hegemon\u00edas pas\u00f3 hace tiempo\u00bb.<\/p>\n<p>El jefe de la diplomacia iran\u00ed se dirigi\u00f3 a Arabia Saud\u00ed, con la que Ir\u00e1n est\u00e1 enfrentado indirectamente en la guerra civil de Yemen. \u00abCreemos que no hay crisis entre Ir\u00e1n y Arabia Saud\u00ed, siempre y cuando Arabia Saud\u00ed est\u00e9 interesada en un verdadero di\u00e1logo\u00bb.<\/p>\n<p>El titular de Exteriores saud\u00ed, el jeque Adel bin Ahmed Al Jubeir, rechaz\u00f3 de plano la oferta. \u00abQueremos ver un cambio fundamental en el comportamiento de Ir\u00e1n\u00bb, dijo Al Jubeir, tras enumerar las m\u00faltiples ocasiones en las que Teher\u00e1n respald\u00f3 acciones que calific\u00f3 de terroristas.<\/p>\n<p>\u00abEl mundo tiene que hacer pagar a Ir\u00e1n por su comportamiento (&#8230;) Sin un cambio real, Ir\u00e1n no puede ser tratado como un pa\u00eds normal\u00bb, demand\u00f3 el representante saud\u00ed.<\/p>\n<p>Un d\u00eda antes, Europa estuvo en el centro de la atenci\u00f3n. Varios pol\u00edticos expresaron el deseo de una mayor independencia como consecuencia de la nueva pol\u00edtica del presidente estadounidense, Donald Trump.<\/p>\n<p>\u00abDurante mucho tiempo no estuvimos en condiciones de jugar un papel geopol\u00edtico global\u00bb, constat\u00f3 el presidente de la Comisi\u00f3n Europea, Jean-Claude Juncker. \u00abLas circunstancias nos llevan ahora a tener que esforzarnos por jugar m\u00e1s este papel\u00bb.<\/p>\n<p>Estados Unidos estuvo representado en el podio por el asesor presidencial de seguridad, general Herbert Raymond McMaster, quien amenaz\u00f3 al presidente sirio, Bashar al Assad, con actos de represalia por el uso de armas qu\u00edmicas.<\/p>\n<p>\u00abCuentas oficiales y fotos muestran claramente que Al Assad sigue usando armas qu\u00edmicas\u00bb, dijo McMaster. \u00abEs hora de que todas las naciones responsabilicen al r\u00e9gimen sirio y a sus patrocinadores de estas acciones\u00bb.<\/p>\n<p>El titular de Asuntos Exteriores de Rusia, Sergu\u00e9i Lavrov, pidi\u00f3 un trato m\u00e1s respetuoso hacia su pa\u00eds. En los a\u00f1os 1990, Rusia fue tratada como una alumna y ahora est\u00e1 siendo vista como una amenaza, se lament\u00f3. Lavrov dijo que Rusia quiere ser un socio fiable. \u00abEstamos dispuestos a entablar un di\u00e1logo abierto y respetuoso\u00bb.<\/p>\n<p>Al finalizar el evento, el presidente de la cita, el embajador alem\u00e1n Wolfgang Ischinger, traz\u00f3 un balance sombr\u00edo. En los debates qued\u00f3 claro qu\u00e9 es lo que no est\u00e1 funcionando y cu\u00e1les son los peligros que hay que evitar, pero no se escucharon suficientes propuestas concretas para mejorar las perspectivas, se lament\u00f3.<\/p>\n<p><i class=\"lang-es\"><span class=\" readonly\" title=\"\">Por Ansgar Haase, Nico Pointner y Marco Hadem (dpa)<\/span><\/i><\/p>\n","protected":false},"excerpt":{"rendered":"<p>M\u00fanich, 18 feb (dpa) &#8211; Las advertencias del peligro del estallido de nuevos conflictos armados y el llamamiento de voces prominentes en favor de un mayor protagonismo europeo dominaron la edici\u00f3n 54 de la Conferencia de Seguridad de M\u00fanich, que culmin\u00f3 hoy centrada en las crisis del Cercano y Medio Oriente. Una vez m\u00e1s, la [&hellip;]<\/p>\n","protected":false},"author":1,"featured_media":870944,"comment_status":"closed","ping_status":"closed","sticky":false,"template":"","format":"standard","meta":{"footnotes":""},"categories":[1],"tags":[],"class_list":["post-969380","post","type-post","status-publish","format-standard","has-post-thumbnail","hentry","category-actualidad"],"aioseo_notices":[],"aioseo_head":"\n\t\t<!-- All in One SEO Pro 5.0.1 - aioseo.com -->\n\t<meta name=\"description\" content=\"M\u00fanich, 18 feb (dpa) - Las advertencias del peligro del estallido de nuevos conflictos armados y el llamamiento de voces prominentes en favor de un mayor protagonismo europeo dominaron la edici\u00f3n 54 de la Conferencia de Seguridad de M\u00fanich, que culmin\u00f3 hoy centrada en las crisis del Cercano y Medio Oriente. Una vez m\u00e1s, la\" \/>\n\t<meta name=\"robots\" content=\"max-image-preview:large\" \/>\n\t<meta name=\"author\" content=\"El Digital de Asturias\"\/>\n\t<meta name=\"google-site-verification\" content=\"UA-38556648-1\" \/>\n\t<meta name=\"msvalidate.01\" content=\"7dfe9f3f1b24437ab69f4f2559babe99\" \/>\n\t<meta name=\"keywords\" content=\"actualidad\" \/>\n\t<link rel=\"canonical\" href=\"https:\/\/www.eldigitaldeasturias.com\/noticias\/mucha-crisis-y-ninguna-solucion-en-la-conferencia-de-seguridad-de-munich\/\" \/>\n\t<meta name=\"generator\" content=\"All in One SEO Pro (AIOSEO) 5.0.1\" \/>\n\t\t<meta property=\"og:locale\" content=\"es_ES\" \/>\n\t\t<meta property=\"og:site_name\" content=\"El Digital de Asturias\" \/>\n\t\t<meta property=\"og:type\" content=\"article\" \/>\n\t\t<meta property=\"og:title\" content=\"Mucha crisis y ninguna soluci\u00f3n en la Conferencia de Seguridad de M\u00fanich - El Digital de Asturias\" \/>\n\t\t<meta property=\"og:description\" content=\"M\u00fanich, 18 feb (dpa) - Las advertencias del peligro del estallido de nuevos conflictos armados y el llamamiento de voces prominentes en favor de un mayor protagonismo europeo dominaron la edici\u00f3n 54 de la Conferencia de Seguridad de M\u00fanich, que culmin\u00f3 hoy centrada en las crisis del Cercano y Medio Oriente. Una vez m\u00e1s, la\" \/>\n\t\t<meta property=\"og:url\" content=\"https:\/\/www.eldigitaldeasturias.com\/noticias\/mucha-crisis-y-ninguna-solucion-en-la-conferencia-de-seguridad-de-munich\/\" \/>\n\t\t<meta property=\"article:tag\" content=\"actualidad\" \/>\n\t\t<meta property=\"article:published_time\" content=\"2018-02-18T22:58:20+00:00\" \/>\n\t\t<meta property=\"article:modified_time\" content=\"2018-02-18T22:58:20+00:00\" \/>\n\t\t<meta property=\"article:publisher\" content=\"https:\/\/facebook.com\/eldigitaldeasturias\" \/>\n\t\t<meta name=\"twitter:card\" content=\"summary_large_image\" \/>\n\t\t<meta name=\"twitter:title\" content=\"Mucha crisis y ninguna soluci\u00f3n en la Conferencia de Seguridad de M\u00fanich - El Digital de Asturias\" \/>\n\t\t<meta name=\"twitter:description\" content=\"M\u00fanich, 18 feb (dpa) - Las advertencias del peligro del estallido de nuevos conflictos armados y el llamamiento de voces prominentes en favor de un mayor protagonismo europeo dominaron la edici\u00f3n 54 de la Conferencia de Seguridad de M\u00fanich, que culmin\u00f3 hoy centrada en las crisis del Cercano y Medio Oriente. Una vez m\u00e1s, la\" \/>\n\t\t<meta name=\"twitter:image\" content=\"https:\/\/www.eldigitaldeasturias.com\/noticias\/wp-content\/uploads\/2020\/12\/EDA-1.jpg\" \/>\n\t\t<meta name=\"twitter:label1\" content=\"Escrito por\" \/>\n\t\t<meta name=\"twitter:data1\" content=\"El Digital de Asturias\" \/>\n\t\t<meta name=\"twitter:label2\" content=\"Tiempo de lectura estimado\" \/>\n\t\t<meta name=\"twitter:data2\" content=\"5 minutos\" \/>\n\t\t<script type=\"application\/ld+json\" class=\"aioseo-schema\">\n\t\t\t{\"@context\":\"https:\\\/\\\/schema.org\",\"@graph\":[{\"@type\":\"BlogPosting\",\"@id\":\"https:\\\/\\\/www.eldigitaldeasturias.com\\\/noticias\\\/mucha-crisis-y-ninguna-solucion-en-la-conferencia-de-seguridad-de-munich\\\/#blogposting\",\"name\":\"Mucha crisis y ninguna soluci\\u00f3n en la Conferencia de Seguridad de M\\u00fanich - El Digital de Asturias\",\"headline\":\"Mucha crisis y ninguna soluci\\u00f3n en la Conferencia de Seguridad de M\\u00fanich\",\"author\":{\"@id\":\"https:\\\/\\\/www.eldigitaldeasturias.com\\\/noticias\\\/author\\\/admin\\\/#author\"},\"publisher\":{\"@id\":\"https:\\\/\\\/www.eldigitaldeasturias.com\\\/noticias\\\/#organization\"},\"image\":{\"@type\":\"ImageObject\",\"url\":870944},\"datePublished\":\"2018-02-18T22:58:20+01:00\",\"dateModified\":\"2018-02-18T22:58:20+01:00\",\"inLanguage\":\"es-ES\",\"mainEntityOfPage\":{\"@id\":\"https:\\\/\\\/www.eldigitaldeasturias.com\\\/noticias\\\/mucha-crisis-y-ninguna-solucion-en-la-conferencia-de-seguridad-de-munich\\\/#webpage\"},\"isPartOf\":{\"@id\":\"https:\\\/\\\/www.eldigitaldeasturias.com\\\/noticias\\\/mucha-crisis-y-ninguna-solucion-en-la-conferencia-de-seguridad-de-munich\\\/#webpage\"},\"articleSection\":\"Actualidad\"},{\"@type\":\"BreadcrumbList\",\"@id\":\"https:\\\/\\\/www.eldigitaldeasturias.com\\\/noticias\\\/mucha-crisis-y-ninguna-solucion-en-la-conferencia-de-seguridad-de-munich\\\/#breadcrumblist\",\"itemListElement\":[{\"@type\":\"ListItem\",\"@id\":\"https:\\\/\\\/www.eldigitaldeasturias.com\\\/noticias#listItem\",\"position\":1,\"name\":\"Home\",\"item\":\"https:\\\/\\\/www.eldigitaldeasturias.com\\\/noticias\",\"nextItem\":{\"@type\":\"ListItem\",\"@id\":\"https:\\\/\\\/www.eldigitaldeasturias.com\\\/noticias\\\/category\\\/actualidad\\\/#listItem\",\"name\":\"Actualidad\"}},{\"@type\":\"ListItem\",\"@id\":\"https:\\\/\\\/www.eldigitaldeasturias.com\\\/noticias\\\/category\\\/actualidad\\\/#listItem\",\"position\":2,\"name\":\"Actualidad\",\"item\":\"https:\\\/\\\/www.eldigitaldeasturias.com\\\/noticias\\\/category\\\/actualidad\\\/\",\"nextItem\":{\"@type\":\"ListItem\",\"@id\":\"https:\\\/\\\/www.eldigitaldeasturias.com\\\/noticias\\\/mucha-crisis-y-ninguna-solucion-en-la-conferencia-de-seguridad-de-munich\\\/#listItem\",\"name\":\"Mucha crisis y ninguna soluci\\u00f3n en la Conferencia de Seguridad de M\\u00fanich\"},\"previousItem\":{\"@type\":\"ListItem\",\"@id\":\"https:\\\/\\\/www.eldigitaldeasturias.com\\\/noticias#listItem\",\"name\":\"Home\"}},{\"@type\":\"ListItem\",\"@id\":\"https:\\\/\\\/www.eldigitaldeasturias.com\\\/noticias\\\/mucha-crisis-y-ninguna-solucion-en-la-conferencia-de-seguridad-de-munich\\\/#listItem\",\"position\":3,\"name\":\"Mucha crisis y ninguna soluci\\u00f3n en la Conferencia de Seguridad de M\\u00fanich\",\"previousItem\":{\"@type\":\"ListItem\",\"@id\":\"https:\\\/\\\/www.eldigitaldeasturias.com\\\/noticias\\\/category\\\/actualidad\\\/#listItem\",\"name\":\"Actualidad\"}}]},{\"@type\":\"Organization\",\"@id\":\"https:\\\/\\\/www.eldigitaldeasturias.com\\\/noticias\\\/#organization\",\"name\":\"El Digital de Asturias\",\"description\":\"Hemeroteca\",\"url\":\"https:\\\/\\\/www.eldigitaldeasturias.com\\\/noticias\\\/\",\"email\":\"info@eldigitaldeasturias.com\",\"telephone\":\"+34652131393\",\"logo\":{\"@type\":\"ImageObject\",\"url\":\"https:\\\/\\\/www.eldigitaldeasturias.com\\\/noticias\\\/wp-content\\\/uploads\\\/2020\\\/12\\\/EDA.jpg\",\"@id\":\"https:\\\/\\\/www.eldigitaldeasturias.com\\\/noticias\\\/mucha-crisis-y-ninguna-solucion-en-la-conferencia-de-seguridad-de-munich\\\/#organizationLogo\"},\"image\":{\"@id\":\"https:\\\/\\\/www.eldigitaldeasturias.com\\\/noticias\\\/mucha-crisis-y-ninguna-solucion-en-la-conferencia-de-seguridad-de-munich\\\/#organizationLogo\"},\"sameAs\":[\"https:\\\/\\\/facebook.com\\\/eldigitaldeasturias\",\"https:\\\/\\\/www.youtube.com\\\/channel\\\/UCZP-2wLEB9Rv6erhFmqVnvg\"],\"address\":{\"@id\":\"https:\\\/\\\/www.eldigitaldeasturias.com\\\/noticias\\\/#postaladdress\",\"@type\":\"PostalAddress\",\"streetAddress\":\"san antonio 4\",\"postalCode\":\"33430\",\"addressLocality\":\"Cand\\u00e1s\",\"addressRegion\":\"Asturias\",\"addressCountry\":\"ES\"}},{\"@type\":\"Person\",\"@id\":\"https:\\\/\\\/www.eldigitaldeasturias.com\\\/noticias\\\/author\\\/admin\\\/#author\",\"url\":\"https:\\\/\\\/www.eldigitaldeasturias.com\\\/noticias\\\/author\\\/admin\\\/\",\"name\":\"El Digital de Asturias\",\"image\":{\"@type\":\"ImageObject\",\"@id\":\"https:\\\/\\\/www.eldigitaldeasturias.com\\\/noticias\\\/mucha-crisis-y-ninguna-solucion-en-la-conferencia-de-seguridad-de-munich\\\/#authorImage\",\"url\":\"https:\\\/\\\/secure.gravatar.com\\\/avatar\\\/df2aeffc32bcd13f8d26072ef8a91b623d677766deac7f97ca815868cd41bf5e?s=96&d=mm&r=g\",\"width\":96,\"height\":96,\"caption\":\"El Digital de Asturias\"}},{\"@type\":\"WebPage\",\"@id\":\"https:\\\/\\\/www.eldigitaldeasturias.com\\\/noticias\\\/mucha-crisis-y-ninguna-solucion-en-la-conferencia-de-seguridad-de-munich\\\/#webpage\",\"url\":\"https:\\\/\\\/www.eldigitaldeasturias.com\\\/noticias\\\/mucha-crisis-y-ninguna-solucion-en-la-conferencia-de-seguridad-de-munich\\\/\",\"name\":\"Mucha crisis y ninguna soluci\\u00f3n en la Conferencia de Seguridad de M\\u00fanich - El Digital de Asturias\",\"description\":\"M\\u00fanich, 18 feb (dpa) - Las advertencias del peligro del estallido de nuevos conflictos armados y el llamamiento de voces prominentes en favor de un mayor protagonismo europeo dominaron la edici\\u00f3n 54 de la Conferencia de Seguridad de M\\u00fanich, que culmin\\u00f3 hoy centrada en las crisis del Cercano y Medio Oriente. Una vez m\\u00e1s, la\",\"inLanguage\":\"es-ES\",\"isPartOf\":{\"@id\":\"https:\\\/\\\/www.eldigitaldeasturias.com\\\/noticias\\\/#website\"},\"breadcrumb\":{\"@id\":\"https:\\\/\\\/www.eldigitaldeasturias.com\\\/noticias\\\/mucha-crisis-y-ninguna-solucion-en-la-conferencia-de-seguridad-de-munich\\\/#breadcrumblist\"},\"author\":{\"@id\":\"https:\\\/\\\/www.eldigitaldeasturias.com\\\/noticias\\\/author\\\/admin\\\/#author\"},\"creator\":{\"@id\":\"https:\\\/\\\/www.eldigitaldeasturias.com\\\/noticias\\\/author\\\/admin\\\/#author\"},\"image\":{\"@type\":\"ImageObject\",\"url\":870944,\"@id\":\"https:\\\/\\\/www.eldigitaldeasturias.com\\\/noticias\\\/mucha-crisis-y-ninguna-solucion-en-la-conferencia-de-seguridad-de-munich\\\/#mainImage\"},\"primaryImageOfPage\":{\"@id\":\"https:\\\/\\\/www.eldigitaldeasturias.com\\\/noticias\\\/mucha-crisis-y-ninguna-solucion-en-la-conferencia-de-seguridad-de-munich\\\/#mainImage\"},\"datePublished\":\"2018-02-18T22:58:20+01:00\",\"dateModified\":\"2018-02-18T22:58:20+01:00\"},{\"@type\":\"WebSite\",\"@id\":\"https:\\\/\\\/www.eldigitaldeasturias.com\\\/noticias\\\/#website\",\"url\":\"https:\\\/\\\/www.eldigitaldeasturias.com\\\/noticias\\\/\",\"name\":\"El Digital de Asturias - Diario de actualidad y noticias\",\"alternateName\":\"El Digital de Asturias - Diario de actualidad y noticias\",\"description\":\"Hemeroteca\",\"inLanguage\":\"es-ES\",\"publisher\":{\"@id\":\"https:\\\/\\\/www.eldigitaldeasturias.com\\\/noticias\\\/#organization\"}}]}\n\t\t<\/script>\n\t\t<!-- All in One SEO Pro -->\r\n\t\t<title>Mucha crisis y ninguna soluci\u00f3n en la Conferencia de Seguridad de M\u00fanich - El Digital de Asturias<\/title>\n\n","aioseo_head_json":{"title":"Mucha crisis y ninguna soluci\u00f3n en la Conferencia de Seguridad de M\u00fanich - El Digital de Asturias","description":"M\u00fanich, 18 feb (dpa) - Las advertencias del peligro del estallido de nuevos conflictos armados y el llamamiento de voces prominentes en favor de un mayor protagonismo europeo dominaron la edici\u00f3n 54 de la Conferencia de Seguridad de M\u00fanich, que culmin\u00f3 hoy centrada en las crisis del Cercano y Medio Oriente. Una vez m\u00e1s, la","canonical_url":"https:\/\/www.eldigitaldeasturias.com\/noticias\/mucha-crisis-y-ninguna-solucion-en-la-conferencia-de-seguridad-de-munich\/","robots":"max-image-preview:large","keywords":"actualidad","webmasterTools":{"google-site-verification":"UA-38556648-1","msvalidate.01":"7dfe9f3f1b24437ab69f4f2559babe99","miscellaneous":""},"schema":{"@context":"https:\/\/schema.org","@graph":[{"@type":"BlogPosting","@id":"https:\/\/www.eldigitaldeasturias.com\/noticias\/mucha-crisis-y-ninguna-solucion-en-la-conferencia-de-seguridad-de-munich\/#blogposting","name":"Mucha crisis y ninguna soluci\u00f3n en la Conferencia de Seguridad de M\u00fanich - El Digital de Asturias","headline":"Mucha crisis y ninguna soluci\u00f3n en la Conferencia de Seguridad de M\u00fanich","author":{"@id":"https:\/\/www.eldigitaldeasturias.com\/noticias\/author\/admin\/#author"},"publisher":{"@id":"https:\/\/www.eldigitaldeasturias.com\/noticias\/#organization"},"image":{"@type":"ImageObject","url":870944},"datePublished":"2018-02-18T22:58:20+01:00","dateModified":"2018-02-18T22:58:20+01:00","inLanguage":"es-ES","mainEntityOfPage":{"@id":"https:\/\/www.eldigitaldeasturias.com\/noticias\/mucha-crisis-y-ninguna-solucion-en-la-conferencia-de-seguridad-de-munich\/#webpage"},"isPartOf":{"@id":"https:\/\/www.eldigitaldeasturias.com\/noticias\/mucha-crisis-y-ninguna-solucion-en-la-conferencia-de-seguridad-de-munich\/#webpage"},"articleSection":"Actualidad"},{"@type":"BreadcrumbList","@id":"https:\/\/www.eldigitaldeasturias.com\/noticias\/mucha-crisis-y-ninguna-solucion-en-la-conferencia-de-seguridad-de-munich\/#breadcrumblist","itemListElement":[{"@type":"ListItem","@id":"https:\/\/www.eldigitaldeasturias.com\/noticias#listItem","position":1,"name":"Home","item":"https:\/\/www.eldigitaldeasturias.com\/noticias","nextItem":{"@type":"ListItem","@id":"https:\/\/www.eldigitaldeasturias.com\/noticias\/category\/actualidad\/#listItem","name":"Actualidad"}},{"@type":"ListItem","@id":"https:\/\/www.eldigitaldeasturias.com\/noticias\/category\/actualidad\/#listItem","position":2,"name":"Actualidad","item":"https:\/\/www.eldigitaldeasturias.com\/noticias\/category\/actualidad\/","nextItem":{"@type":"ListItem","@id":"https:\/\/www.eldigitaldeasturias.com\/noticias\/mucha-crisis-y-ninguna-solucion-en-la-conferencia-de-seguridad-de-munich\/#listItem","name":"Mucha crisis y ninguna soluci\u00f3n en la Conferencia de Seguridad de M\u00fanich"},"previousItem":{"@type":"ListItem","@id":"https:\/\/www.eldigitaldeasturias.com\/noticias#listItem","name":"Home"}},{"@type":"ListItem","@id":"https:\/\/www.eldigitaldeasturias.com\/noticias\/mucha-crisis-y-ninguna-solucion-en-la-conferencia-de-seguridad-de-munich\/#listItem","position":3,"name":"Mucha crisis y ninguna soluci\u00f3n en la Conferencia de Seguridad de M\u00fanich","previousItem":{"@type":"ListItem","@id":"https:\/\/www.eldigitaldeasturias.com\/noticias\/category\/actualidad\/#listItem","name":"Actualidad"}}]},{"@type":"Organization","@id":"https:\/\/www.eldigitaldeasturias.com\/noticias\/#organization","name":"El Digital de Asturias","description":"Hemeroteca","url":"https:\/\/www.eldigitaldeasturias.com\/noticias\/","email":"info@eldigitaldeasturias.com","telephone":"+34652131393","logo":{"@type":"ImageObject","url":"https:\/\/www.eldigitaldeasturias.com\/noticias\/wp-content\/uploads\/2020\/12\/EDA.jpg","@id":"https:\/\/www.eldigitaldeasturias.com\/noticias\/mucha-crisis-y-ninguna-solucion-en-la-conferencia-de-seguridad-de-munich\/#organizationLogo"},"image":{"@id":"https:\/\/www.eldigitaldeasturias.com\/noticias\/mucha-crisis-y-ninguna-solucion-en-la-conferencia-de-seguridad-de-munich\/#organizationLogo"},"sameAs":["https:\/\/facebook.com\/eldigitaldeasturias","https:\/\/www.youtube.com\/channel\/UCZP-2wLEB9Rv6erhFmqVnvg"],"address":{"@id":"https:\/\/www.eldigitaldeasturias.com\/noticias\/#postaladdress","@type":"PostalAddress","streetAddress":"san antonio 4","postalCode":"33430","addressLocality":"Cand\u00e1s","addressRegion":"Asturias","addressCountry":"ES"}},{"@type":"Person","@id":"https:\/\/www.eldigitaldeasturias.com\/noticias\/author\/admin\/#author","url":"https:\/\/www.eldigitaldeasturias.com\/noticias\/author\/admin\/","name":"El Digital de Asturias","image":{"@type":"ImageObject","@id":"https:\/\/www.eldigitaldeasturias.com\/noticias\/mucha-crisis-y-ninguna-solucion-en-la-conferencia-de-seguridad-de-munich\/#authorImage","url":"https:\/\/secure.gravatar.com\/avatar\/df2aeffc32bcd13f8d26072ef8a91b623d677766deac7f97ca815868cd41bf5e?s=96&d=mm&r=g","width":96,"height":96,"caption":"El Digital de Asturias"}},{"@type":"WebPage","@id":"https:\/\/www.eldigitaldeasturias.com\/noticias\/mucha-crisis-y-ninguna-solucion-en-la-conferencia-de-seguridad-de-munich\/#webpage","url":"https:\/\/www.eldigitaldeasturias.com\/noticias\/mucha-crisis-y-ninguna-solucion-en-la-conferencia-de-seguridad-de-munich\/","name":"Mucha crisis y ninguna soluci\u00f3n en la Conferencia de Seguridad de M\u00fanich - El Digital de Asturias","description":"M\u00fanich, 18 feb (dpa) - Las advertencias del peligro del estallido de nuevos conflictos armados y el llamamiento de voces prominentes en favor de un mayor protagonismo europeo dominaron la edici\u00f3n 54 de la Conferencia de Seguridad de M\u00fanich, que culmin\u00f3 hoy centrada en las crisis del Cercano y Medio Oriente. Una vez m\u00e1s, la","inLanguage":"es-ES","isPartOf":{"@id":"https:\/\/www.eldigitaldeasturias.com\/noticias\/#website"},"breadcrumb":{"@id":"https:\/\/www.eldigitaldeasturias.com\/noticias\/mucha-crisis-y-ninguna-solucion-en-la-conferencia-de-seguridad-de-munich\/#breadcrumblist"},"author":{"@id":"https:\/\/www.eldigitaldeasturias.com\/noticias\/author\/admin\/#author"},"creator":{"@id":"https:\/\/www.eldigitaldeasturias.com\/noticias\/author\/admin\/#author"},"image":{"@type":"ImageObject","url":870944,"@id":"https:\/\/www.eldigitaldeasturias.com\/noticias\/mucha-crisis-y-ninguna-solucion-en-la-conferencia-de-seguridad-de-munich\/#mainImage"},"primaryImageOfPage":{"@id":"https:\/\/www.eldigitaldeasturias.com\/noticias\/mucha-crisis-y-ninguna-solucion-en-la-conferencia-de-seguridad-de-munich\/#mainImage"},"datePublished":"2018-02-18T22:58:20+01:00","dateModified":"2018-02-18T22:58:20+01:00"},{"@type":"WebSite","@id":"https:\/\/www.eldigitaldeasturias.com\/noticias\/#website","url":"https:\/\/www.eldigitaldeasturias.com\/noticias\/","name":"El Digital de Asturias - Diario de actualidad y noticias","alternateName":"El Digital de Asturias - Diario de actualidad y noticias","description":"Hemeroteca","inLanguage":"es-ES","publisher":{"@id":"https:\/\/www.eldigitaldeasturias.com\/noticias\/#organization"}}]},"og:locale":"es_ES","og:site_name":"El Digital de Asturias","og:type":"article","og:title":"Mucha crisis y ninguna soluci\u00f3n en la Conferencia de Seguridad de M\u00fanich - El Digital de Asturias","og:description":"M\u00fanich, 18 feb (dpa) - Las advertencias del peligro del estallido de nuevos conflictos armados y el llamamiento de voces prominentes en favor de un mayor protagonismo europeo dominaron la edici\u00f3n 54 de la Conferencia de Seguridad de M\u00fanich, que culmin\u00f3 hoy centrada en las crisis del Cercano y Medio Oriente. Una vez m\u00e1s, la","og:url":"https:\/\/www.eldigitaldeasturias.com\/noticias\/mucha-crisis-y-ninguna-solucion-en-la-conferencia-de-seguridad-de-munich\/","article:tag":["actualidad"],"article:published_time":"2018-02-18T22:58:20+00:00","article:modified_time":"2018-02-18T22:58:20+00:00","article:publisher":"https:\/\/facebook.com\/eldigitaldeasturias","twitter:card":"summary_large_image","twitter:title":"Mucha crisis y ninguna soluci\u00f3n en la Conferencia de Seguridad de M\u00fanich - El Digital de Asturias","twitter:description":"M\u00fanich, 18 feb (dpa) - Las advertencias del peligro del estallido de nuevos conflictos armados y el llamamiento de voces prominentes en favor de un mayor protagonismo europeo dominaron la edici\u00f3n 54 de la Conferencia de Seguridad de M\u00fanich, que culmin\u00f3 hoy centrada en las crisis del Cercano y Medio Oriente. Una vez m\u00e1s, la","twitter:image":"https:\/\/www.eldigitaldeasturias.com\/noticias\/wp-content\/uploads\/2020\/12\/EDA-1.jpg","twitter:label1":"Escrito por","twitter:data1":"El Digital de Asturias","twitter:label2":"Tiempo de lectura estimado","twitter:data2":"5 minutos"},"aioseo_meta_data":{"post_id":"969380","title":null,"description":null,"keywords":null,"keyphrases":null,"primary_term":null,"canonical_url":null,"og_title":null,"og_description":null,"og_object_type":"default","og_image_type":"default","og_image_url":null,"og_image_width":null,"og_image_height":null,"og_image_custom_url":null,"og_image_custom_fields":null,"og_video":null,"og_custom_url":null,"og_article_section":null,"og_article_tags":null,"twitter_use_og":false,"twitter_card":"default","twitter_image_type":"default","twitter_image_url":null,"twitter_image_custom_url":null,"twitter_image_custom_fields":null,"twitter_title":null,"twitter_description":null,"schema":{"blockGraphs":[],"customGraphs":[],"default":{"data":{"Article":[],"Course":[],"Dataset":[],"FAQPage":[],"Movie":[],"Person":[],"Product":[],"ProductReview":[],"Car":[],"Recipe":[],"Service":[],"SoftwareApplication":[],"WebPage":[]},"graphName":"","isEnabled":true},"graphs":[],"defaultGraph":"","defaultPostTypeGraph":""},"schema_type":null,"schema_type_options":null,"pillar_content":false,"robots_default":true,"robots_noindex":false,"robots_noarchive":false,"robots_nosnippet":false,"robots_nofollow":false,"robots_noimageindex":false,"robots_noodp":false,"robots_notranslate":false,"robots_max_snippet":null,"robots_max_videopreview":null,"robots_max_imagepreview":"large","priority":null,"frequency":null,"local_seo":null,"seo_analyzer_scan_date":"2025-10-07 01:46:32","breadcrumb_settings":null,"limit_modified_date":false,"open_ai":null,"ai":null,"created":"2020-12-21 12:27:36","updated":"2025-10-07 01:46:32","focus_keyword":null,"additional_keywords":null,"truseo_locale":null},"aioseo_breadcrumb":"<div class=\"aioseo-breadcrumbs\"><span class=\"aioseo-breadcrumb\">\n\t<a href=\"https:\/\/www.eldigitaldeasturias.com\/noticias\" title=\"Home\">Home<\/a>\n<\/span><span class=\"aioseo-breadcrumb-separator\">\u2013<\/span><span class=\"aioseo-breadcrumb\">\n\t<a href=\"https:\/\/www.eldigitaldeasturias.com\/noticias\/category\/actualidad\/\" title=\"Actualidad\">Actualidad<\/a>\n<\/span><span class=\"aioseo-breadcrumb-separator\">\u2013<\/span><span class=\"aioseo-breadcrumb\">\n\t<a href=\"https:\/\/www.eldigitaldeasturias.com\/noticias\/mucha-crisis-y-ninguna-solucion-en-la-conferencia-de-seguridad-de-munich\/\" title=\"Mucha crisis y ninguna soluci\u00f3n en la Conferencia de Seguridad de M\u00fanich\">Mucha crisis y ninguna soluci\u00f3n en la Conferencia de Seguridad de M\u00fanich<\/a>\n<\/span><\/div>","aioseo_breadcrumb_json":[{"label":"Home","link":"https:\/\/www.eldigitaldeasturias.com\/noticias"},{"label":"Actualidad","link":"https:\/\/www.eldigitaldeasturias.com\/noticias\/category\/actualidad\/"},{"label":"Mucha crisis y ninguna soluci\u00f3n en la Conferencia de Seguridad de M\u00fanich","link":"https:\/\/www.eldigitaldeasturias.com\/noticias\/mucha-crisis-y-ninguna-solucion-en-la-conferencia-de-seguridad-de-munich\/"}],"_links":{"self":[{"href":"https:\/\/www.eldigitaldeasturias.com\/noticias\/wp-json\/wp\/v2\/posts\/969380","targetHints":{"allow":["GET"]}}],"collection":[{"href":"https:\/\/www.eldigitaldeasturias.com\/noticias\/wp-json\/wp\/v2\/posts"}],"about":[{"href":"https:\/\/www.eldigitaldeasturias.com\/noticias\/wp-json\/wp\/v2\/types\/post"}],"author":[{"embeddable":true,"href":"https:\/\/www.eldigitaldeasturias.com\/noticias\/wp-json\/wp\/v2\/users\/1"}],"replies":[{"embeddable":true,"href":"https:\/\/www.eldigitaldeasturias.com\/noticias\/wp-json\/wp\/v2\/comments?post=969380"}],"version-history":[{"count":0,"href":"https:\/\/www.eldigitaldeasturias.com\/noticias\/wp-json\/wp\/v2\/posts\/969380\/revisions"}],"wp:attachment":[{"href":"https:\/\/www.eldigitaldeasturias.com\/noticias\/wp-json\/wp\/v2\/media?parent=969380"}],"wp:term":[{"taxonomy":"category","embeddable":true,"href":"https:\/\/www.eldigitaldeasturias.com\/noticias\/wp-json\/wp\/v2\/categories?post=969380"},{"taxonomy":"post_tag","embeddable":true,"href":"https:\/\/www.eldigitaldeasturias.com\/noticias\/wp-json\/wp\/v2\/tags?post=969380"}],"curies":[{"name":"wp","href":"https:\/\/api.w.org\/{rel}","templated":true}]}}