{"id":969365,"date":"2018-02-18T22:30:54","date_gmt":"2018-02-18T22:30:54","guid":{"rendered":"http:\/\/www.eldigitaldeasturias.com\/noticias\/?p=969365"},"modified":"2018-02-18T22:30:54","modified_gmt":"2018-02-18T22:30:54","slug":"venezuela-dice-que-maduro-asistira-igualmente-a-la-cumbre-en-el-peru","status":"publish","type":"post","link":"https:\/\/www.eldigitaldeasturias.com\/noticias\/venezuela-dice-que-maduro-asistira-igualmente-a-la-cumbre-en-el-peru\/","title":{"rendered":"Venezuela dice que Maduro asistir\u00e1 igualmente a la cumbre en el Per\u00fa"},"content":{"rendered":"<p><img loading=\"lazy\" decoding=\"async\" class=\"alignleft size-medium wp-image-485917\" src=\"https:\/\/www.eldigitaldeasturias.com\/noticias\/wp-content\/uploads\/2014\/02\/5919099w-360x240.jpg\" alt=\"\" width=\"360\" height=\"240\" \/>Caracas, 18 feb (dpa) \u2013 El Gobierno venezolano afirm\u00f3 hoy que el presidente Nicol\u00e1s Maduro asistir\u00e1 puntualmente a la cumbre de las Am\u00e9ricas que se realizar\u00e1 en abril en Lima, a pesar de que el Per\u00fa vet\u00f3 su participaci\u00f3n.<\/p>\n<p>El ministro de Relaciones Exteriores, Jorge Arreaza, dijo que Maduro asistir\u00e1 puntualmente a la cita, en un mensaje en Twitter en el que difundi\u00f3 una carta de respuesta a su colega peruana, Cayetana Aljov\u00edn, sobre la decisi\u00f3n de revocar la invitaci\u00f3n al gobernante venezolano.<\/p>\n<p>Arreaza se\u00f1al\u00f3 que con su carta se demuestra que no existe impedimento de ninguna naturaleza para que Venezuela participe en la VIII Cumbre de las Am\u00e9ricas.<\/p>\n<p>En la comunicaci\u00f3n, indica que es dif\u00edcil concebir que el Gobierno peruano, como organizador de la cita, incurra en \u00abtan notorio irrespeto a los principios m\u00e1s elementales del derecho internacional\u00bb, as\u00ed como a las normas b\u00e1sicas que regulan la organizaci\u00f3n y participaci\u00f3n en estas reuniones del m\u00e1s alto nivel de los gobiernos del continente.<\/p>\n<p>\u00abLa pretensi\u00f3n del Gobierno de Per\u00fa de retirar la invitaci\u00f3n al jefe de Estado de Venezuela para participar en la VIII cumbre de las Am\u00e9ricas, a celebrarse en Lima los d\u00edas 13 y 14 de abril de 2018, no es solo infundada desde el punto de vista jur\u00eddico, sino que adem\u00e1s es err\u00e1tica y unilateral\u00bb, se\u00f1ala.<\/p>\n<p>Indica que como organizador de la cumbre, al Per\u00fa solo le corresponde extender la invitaci\u00f3n a los dignatarios, organizar la reuni\u00f3n y brindar las facilidades log\u00edsticas, de seguridad y resguardo a los participantes, adem\u00e1s de conducir las negociaciones del documento que se aspira adopten los mandatarios.<\/p>\n<p>Se\u00f1ala que Per\u00fa no est\u00e1 en capacidad de decidir sobre la participaci\u00f3n de un Estado miembro y fundador en las reuniones de la cumbre.<\/p>\n<p>Agrega que el incumplimiento de los compromisos hemisf\u00e9ricos, \u00aba partir de evidentes motivaciones pol\u00edticas\/ideol\u00f3gicas, constituir\u00eda una grave afrenta de su Gobierno, no solo a la organizaci\u00f3n de las cumbres de las Am\u00e9ricas, sino, peor a\u00fan, representar\u00eda un golpe bajo al multilateralismo\u00bb en la regi\u00f3n.<\/p>\n<p>El Gobierno del Per\u00fa retir\u00f3 la invitaci\u00f3n a Maduro y advirti\u00f3 que impedir\u00e1 su ingreso a territorio peruano.<\/p>\n<p>La decisi\u00f3n fue tomada despu\u00e9s de la m\u00e1s reciente reuni\u00f3n del Grupo de Lima, creado para proponer salidas a la crisis venezolana, en la que rechaz\u00f3 las elecciones presidenciales anunciadas para el 22 de abril, en las que Maduro buscar\u00e1 una reelecci\u00f3n.<\/p>\n","protected":false},"excerpt":{"rendered":"<p>Caracas, 18 feb (dpa) \u2013 El Gobierno venezolano afirm\u00f3 hoy que el presidente Nicol\u00e1s Maduro asistir\u00e1 puntualmente a la cumbre de las Am\u00e9ricas que se realizar\u00e1 en abril en Lima, a pesar de que el Per\u00fa vet\u00f3 su participaci\u00f3n. El ministro de Relaciones Exteriores, Jorge Arreaza, dijo que Maduro asistir\u00e1 puntualmente a la cita, en [&hellip;]<\/p>\n","protected":false},"author":1,"featured_media":740152,"comment_status":"closed","ping_status":"closed","sticky":false,"template":"","format":"standard","meta":{"footnotes":""},"categories":[1],"tags":[],"class_list":["post-969365","post","type-post","status-publish","format-standard","has-post-thumbnail","hentry","category-actualidad"],"aioseo_notices":[],"aioseo_head":"\n\t\t<!-- All in One SEO Pro 5.0.1 - aioseo.com -->\n\t<meta name=\"description\" content=\"Caracas, 18 feb (dpa) \u2013 El Gobierno venezolano afirm\u00f3 hoy que el presidente Nicol\u00e1s Maduro asistir\u00e1 puntualmente a la cumbre de las Am\u00e9ricas que se realizar\u00e1 en abril en Lima, a pesar de que el Per\u00fa vet\u00f3 su participaci\u00f3n. El ministro de Relaciones Exteriores, Jorge Arreaza, dijo que Maduro asistir\u00e1 puntualmente a la cita, en\" \/>\n\t<meta name=\"robots\" content=\"max-image-preview:large\" \/>\n\t<meta name=\"author\" content=\"El Digital de Asturias\"\/>\n\t<meta name=\"google-site-verification\" content=\"UA-38556648-1\" \/>\n\t<meta name=\"msvalidate.01\" content=\"7dfe9f3f1b24437ab69f4f2559babe99\" \/>\n\t<meta name=\"keywords\" content=\"actualidad\" \/>\n\t<link rel=\"canonical\" href=\"https:\/\/www.eldigitaldeasturias.com\/noticias\/venezuela-dice-que-maduro-asistira-igualmente-a-la-cumbre-en-el-peru\/\" \/>\n\t<meta name=\"generator\" content=\"All in One SEO Pro (AIOSEO) 5.0.1\" \/>\n\t\t<meta property=\"og:locale\" content=\"es_ES\" \/>\n\t\t<meta property=\"og:site_name\" content=\"El Digital de Asturias\" \/>\n\t\t<meta property=\"og:type\" content=\"article\" \/>\n\t\t<meta property=\"og:title\" content=\"Venezuela dice que Maduro asistir\u00e1 igualmente a la cumbre en el Per\u00fa - El Digital de Asturias\" \/>\n\t\t<meta property=\"og:description\" content=\"Caracas, 18 feb (dpa) \u2013 El Gobierno venezolano afirm\u00f3 hoy que el presidente Nicol\u00e1s Maduro asistir\u00e1 puntualmente a la cumbre de las Am\u00e9ricas que se realizar\u00e1 en abril en Lima, a pesar de que el Per\u00fa vet\u00f3 su participaci\u00f3n. El ministro de Relaciones Exteriores, Jorge Arreaza, dijo que Maduro asistir\u00e1 puntualmente a la cita, en\" \/>\n\t\t<meta property=\"og:url\" content=\"https:\/\/www.eldigitaldeasturias.com\/noticias\/venezuela-dice-que-maduro-asistira-igualmente-a-la-cumbre-en-el-peru\/\" \/>\n\t\t<meta property=\"article:tag\" content=\"actualidad\" \/>\n\t\t<meta property=\"article:published_time\" content=\"2018-02-18T22:30:54+00:00\" \/>\n\t\t<meta property=\"article:modified_time\" content=\"2018-02-18T22:30:54+00:00\" \/>\n\t\t<meta property=\"article:publisher\" content=\"https:\/\/facebook.com\/eldigitaldeasturias\" \/>\n\t\t<meta name=\"twitter:card\" content=\"summary_large_image\" \/>\n\t\t<meta name=\"twitter:title\" content=\"Venezuela dice que Maduro asistir\u00e1 igualmente a la cumbre en el Per\u00fa - El Digital de Asturias\" \/>\n\t\t<meta name=\"twitter:description\" content=\"Caracas, 18 feb (dpa) \u2013 El Gobierno venezolano afirm\u00f3 hoy que el presidente Nicol\u00e1s Maduro asistir\u00e1 puntualmente a la cumbre de las Am\u00e9ricas que se realizar\u00e1 en abril en Lima, a pesar de que el Per\u00fa vet\u00f3 su participaci\u00f3n. El ministro de Relaciones Exteriores, Jorge Arreaza, dijo que Maduro asistir\u00e1 puntualmente a la cita, en\" \/>\n\t\t<meta name=\"twitter:image\" content=\"https:\/\/www.eldigitaldeasturias.com\/noticias\/wp-content\/uploads\/2020\/12\/EDA-1.jpg\" \/>\n\t\t<meta name=\"twitter:label1\" content=\"Escrito por\" \/>\n\t\t<meta name=\"twitter:data1\" content=\"El Digital de Asturias\" \/>\n\t\t<meta name=\"twitter:label2\" content=\"Tiempo de lectura estimado\" \/>\n\t\t<meta name=\"twitter:data2\" content=\"2 minutos\" \/>\n\t\t<script type=\"application\/ld+json\" class=\"aioseo-schema\">\n\t\t\t{\"@context\":\"https:\\\/\\\/schema.org\",\"@graph\":[{\"@type\":\"BlogPosting\",\"@id\":\"https:\\\/\\\/www.eldigitaldeasturias.com\\\/noticias\\\/venezuela-dice-que-maduro-asistira-igualmente-a-la-cumbre-en-el-peru\\\/#blogposting\",\"name\":\"Venezuela dice que Maduro asistir\\u00e1 igualmente a la cumbre en el Per\\u00fa - El Digital de Asturias\",\"headline\":\"Venezuela dice que Maduro asistir\\u00e1 igualmente a la cumbre en el Per\\u00fa\",\"author\":{\"@id\":\"https:\\\/\\\/www.eldigitaldeasturias.com\\\/noticias\\\/author\\\/admin\\\/#author\"},\"publisher\":{\"@id\":\"https:\\\/\\\/www.eldigitaldeasturias.com\\\/noticias\\\/#organization\"},\"image\":{\"@type\":\"ImageObject\",\"url\":740152},\"datePublished\":\"2018-02-18T22:30:54+01:00\",\"dateModified\":\"2018-02-18T22:30:54+01:00\",\"inLanguage\":\"es-ES\",\"mainEntityOfPage\":{\"@id\":\"https:\\\/\\\/www.eldigitaldeasturias.com\\\/noticias\\\/venezuela-dice-que-maduro-asistira-igualmente-a-la-cumbre-en-el-peru\\\/#webpage\"},\"isPartOf\":{\"@id\":\"https:\\\/\\\/www.eldigitaldeasturias.com\\\/noticias\\\/venezuela-dice-que-maduro-asistira-igualmente-a-la-cumbre-en-el-peru\\\/#webpage\"},\"articleSection\":\"Actualidad\"},{\"@type\":\"BreadcrumbList\",\"@id\":\"https:\\\/\\\/www.eldigitaldeasturias.com\\\/noticias\\\/venezuela-dice-que-maduro-asistira-igualmente-a-la-cumbre-en-el-peru\\\/#breadcrumblist\",\"itemListElement\":[{\"@type\":\"ListItem\",\"@id\":\"https:\\\/\\\/www.eldigitaldeasturias.com\\\/noticias#listItem\",\"position\":1,\"name\":\"Home\",\"item\":\"https:\\\/\\\/www.eldigitaldeasturias.com\\\/noticias\",\"nextItem\":{\"@type\":\"ListItem\",\"@id\":\"https:\\\/\\\/www.eldigitaldeasturias.com\\\/noticias\\\/category\\\/actualidad\\\/#listItem\",\"name\":\"Actualidad\"}},{\"@type\":\"ListItem\",\"@id\":\"https:\\\/\\\/www.eldigitaldeasturias.com\\\/noticias\\\/category\\\/actualidad\\\/#listItem\",\"position\":2,\"name\":\"Actualidad\",\"item\":\"https:\\\/\\\/www.eldigitaldeasturias.com\\\/noticias\\\/category\\\/actualidad\\\/\",\"nextItem\":{\"@type\":\"ListItem\",\"@id\":\"https:\\\/\\\/www.eldigitaldeasturias.com\\\/noticias\\\/venezuela-dice-que-maduro-asistira-igualmente-a-la-cumbre-en-el-peru\\\/#listItem\",\"name\":\"Venezuela dice que Maduro asistir\\u00e1 igualmente a la cumbre en el Per\\u00fa\"},\"previousItem\":{\"@type\":\"ListItem\",\"@id\":\"https:\\\/\\\/www.eldigitaldeasturias.com\\\/noticias#listItem\",\"name\":\"Home\"}},{\"@type\":\"ListItem\",\"@id\":\"https:\\\/\\\/www.eldigitaldeasturias.com\\\/noticias\\\/venezuela-dice-que-maduro-asistira-igualmente-a-la-cumbre-en-el-peru\\\/#listItem\",\"position\":3,\"name\":\"Venezuela dice que Maduro asistir\\u00e1 igualmente a la cumbre en el Per\\u00fa\",\"previousItem\":{\"@type\":\"ListItem\",\"@id\":\"https:\\\/\\\/www.eldigitaldeasturias.com\\\/noticias\\\/category\\\/actualidad\\\/#listItem\",\"name\":\"Actualidad\"}}]},{\"@type\":\"Organization\",\"@id\":\"https:\\\/\\\/www.eldigitaldeasturias.com\\\/noticias\\\/#organization\",\"name\":\"El Digital de Asturias\",\"description\":\"Hemeroteca\",\"url\":\"https:\\\/\\\/www.eldigitaldeasturias.com\\\/noticias\\\/\",\"email\":\"info@eldigitaldeasturias.com\",\"telephone\":\"+34652131393\",\"logo\":{\"@type\":\"ImageObject\",\"url\":\"https:\\\/\\\/www.eldigitaldeasturias.com\\\/noticias\\\/wp-content\\\/uploads\\\/2020\\\/12\\\/EDA.jpg\",\"@id\":\"https:\\\/\\\/www.eldigitaldeasturias.com\\\/noticias\\\/venezuela-dice-que-maduro-asistira-igualmente-a-la-cumbre-en-el-peru\\\/#organizationLogo\"},\"image\":{\"@id\":\"https:\\\/\\\/www.eldigitaldeasturias.com\\\/noticias\\\/venezuela-dice-que-maduro-asistira-igualmente-a-la-cumbre-en-el-peru\\\/#organizationLogo\"},\"sameAs\":[\"https:\\\/\\\/facebook.com\\\/eldigitaldeasturias\",\"https:\\\/\\\/www.youtube.com\\\/channel\\\/UCZP-2wLEB9Rv6erhFmqVnvg\"],\"address\":{\"@id\":\"https:\\\/\\\/www.eldigitaldeasturias.com\\\/noticias\\\/#postaladdress\",\"@type\":\"PostalAddress\",\"streetAddress\":\"san antonio 4\",\"postalCode\":\"33430\",\"addressLocality\":\"Cand\\u00e1s\",\"addressRegion\":\"Asturias\",\"addressCountry\":\"ES\"}},{\"@type\":\"Person\",\"@id\":\"https:\\\/\\\/www.eldigitaldeasturias.com\\\/noticias\\\/author\\\/admin\\\/#author\",\"url\":\"https:\\\/\\\/www.eldigitaldeasturias.com\\\/noticias\\\/author\\\/admin\\\/\",\"name\":\"El Digital de Asturias\",\"image\":{\"@type\":\"ImageObject\",\"@id\":\"https:\\\/\\\/www.eldigitaldeasturias.com\\\/noticias\\\/venezuela-dice-que-maduro-asistira-igualmente-a-la-cumbre-en-el-peru\\\/#authorImage\",\"url\":\"https:\\\/\\\/secure.gravatar.com\\\/avatar\\\/df2aeffc32bcd13f8d26072ef8a91b623d677766deac7f97ca815868cd41bf5e?s=96&d=mm&r=g\",\"width\":96,\"height\":96,\"caption\":\"El Digital de Asturias\"}},{\"@type\":\"WebPage\",\"@id\":\"https:\\\/\\\/www.eldigitaldeasturias.com\\\/noticias\\\/venezuela-dice-que-maduro-asistira-igualmente-a-la-cumbre-en-el-peru\\\/#webpage\",\"url\":\"https:\\\/\\\/www.eldigitaldeasturias.com\\\/noticias\\\/venezuela-dice-que-maduro-asistira-igualmente-a-la-cumbre-en-el-peru\\\/\",\"name\":\"Venezuela dice que Maduro asistir\\u00e1 igualmente a la cumbre en el Per\\u00fa - El Digital de Asturias\",\"description\":\"Caracas, 18 feb (dpa) \\u2013 El Gobierno venezolano afirm\\u00f3 hoy que el presidente Nicol\\u00e1s Maduro asistir\\u00e1 puntualmente a la cumbre de las Am\\u00e9ricas que se realizar\\u00e1 en abril en Lima, a pesar de que el Per\\u00fa vet\\u00f3 su participaci\\u00f3n. El ministro de Relaciones Exteriores, Jorge Arreaza, dijo que Maduro asistir\\u00e1 puntualmente a la cita, en\",\"inLanguage\":\"es-ES\",\"isPartOf\":{\"@id\":\"https:\\\/\\\/www.eldigitaldeasturias.com\\\/noticias\\\/#website\"},\"breadcrumb\":{\"@id\":\"https:\\\/\\\/www.eldigitaldeasturias.com\\\/noticias\\\/venezuela-dice-que-maduro-asistira-igualmente-a-la-cumbre-en-el-peru\\\/#breadcrumblist\"},\"author\":{\"@id\":\"https:\\\/\\\/www.eldigitaldeasturias.com\\\/noticias\\\/author\\\/admin\\\/#author\"},\"creator\":{\"@id\":\"https:\\\/\\\/www.eldigitaldeasturias.com\\\/noticias\\\/author\\\/admin\\\/#author\"},\"image\":{\"@type\":\"ImageObject\",\"url\":740152,\"@id\":\"https:\\\/\\\/www.eldigitaldeasturias.com\\\/noticias\\\/venezuela-dice-que-maduro-asistira-igualmente-a-la-cumbre-en-el-peru\\\/#mainImage\"},\"primaryImageOfPage\":{\"@id\":\"https:\\\/\\\/www.eldigitaldeasturias.com\\\/noticias\\\/venezuela-dice-que-maduro-asistira-igualmente-a-la-cumbre-en-el-peru\\\/#mainImage\"},\"datePublished\":\"2018-02-18T22:30:54+01:00\",\"dateModified\":\"2018-02-18T22:30:54+01:00\"},{\"@type\":\"WebSite\",\"@id\":\"https:\\\/\\\/www.eldigitaldeasturias.com\\\/noticias\\\/#website\",\"url\":\"https:\\\/\\\/www.eldigitaldeasturias.com\\\/noticias\\\/\",\"name\":\"El Digital de Asturias - Diario de actualidad y noticias\",\"alternateName\":\"El Digital de Asturias - Diario de actualidad y noticias\",\"description\":\"Hemeroteca\",\"inLanguage\":\"es-ES\",\"publisher\":{\"@id\":\"https:\\\/\\\/www.eldigitaldeasturias.com\\\/noticias\\\/#organization\"}}]}\n\t\t<\/script>\n\t\t<!-- All in One SEO Pro -->\r\n\t\t<title>Venezuela dice que Maduro asistir\u00e1 igualmente a la cumbre en el Per\u00fa - El Digital de Asturias<\/title>\n\n","aioseo_head_json":{"title":"Venezuela dice que Maduro asistir\u00e1 igualmente a la cumbre en el Per\u00fa - El Digital de Asturias","description":"Caracas, 18 feb (dpa) \u2013 El Gobierno venezolano afirm\u00f3 hoy que el presidente Nicol\u00e1s Maduro asistir\u00e1 puntualmente a la cumbre de las Am\u00e9ricas que se realizar\u00e1 en abril en Lima, a pesar de que el Per\u00fa vet\u00f3 su participaci\u00f3n. El ministro de Relaciones Exteriores, Jorge Arreaza, dijo que Maduro asistir\u00e1 puntualmente a la cita, en","canonical_url":"https:\/\/www.eldigitaldeasturias.com\/noticias\/venezuela-dice-que-maduro-asistira-igualmente-a-la-cumbre-en-el-peru\/","robots":"max-image-preview:large","keywords":"actualidad","webmasterTools":{"google-site-verification":"UA-38556648-1","msvalidate.01":"7dfe9f3f1b24437ab69f4f2559babe99","miscellaneous":""},"schema":{"@context":"https:\/\/schema.org","@graph":[{"@type":"BlogPosting","@id":"https:\/\/www.eldigitaldeasturias.com\/noticias\/venezuela-dice-que-maduro-asistira-igualmente-a-la-cumbre-en-el-peru\/#blogposting","name":"Venezuela dice que Maduro asistir\u00e1 igualmente a la cumbre en el Per\u00fa - El Digital de Asturias","headline":"Venezuela dice que Maduro asistir\u00e1 igualmente a la cumbre en el Per\u00fa","author":{"@id":"https:\/\/www.eldigitaldeasturias.com\/noticias\/author\/admin\/#author"},"publisher":{"@id":"https:\/\/www.eldigitaldeasturias.com\/noticias\/#organization"},"image":{"@type":"ImageObject","url":740152},"datePublished":"2018-02-18T22:30:54+01:00","dateModified":"2018-02-18T22:30:54+01:00","inLanguage":"es-ES","mainEntityOfPage":{"@id":"https:\/\/www.eldigitaldeasturias.com\/noticias\/venezuela-dice-que-maduro-asistira-igualmente-a-la-cumbre-en-el-peru\/#webpage"},"isPartOf":{"@id":"https:\/\/www.eldigitaldeasturias.com\/noticias\/venezuela-dice-que-maduro-asistira-igualmente-a-la-cumbre-en-el-peru\/#webpage"},"articleSection":"Actualidad"},{"@type":"BreadcrumbList","@id":"https:\/\/www.eldigitaldeasturias.com\/noticias\/venezuela-dice-que-maduro-asistira-igualmente-a-la-cumbre-en-el-peru\/#breadcrumblist","itemListElement":[{"@type":"ListItem","@id":"https:\/\/www.eldigitaldeasturias.com\/noticias#listItem","position":1,"name":"Home","item":"https:\/\/www.eldigitaldeasturias.com\/noticias","nextItem":{"@type":"ListItem","@id":"https:\/\/www.eldigitaldeasturias.com\/noticias\/category\/actualidad\/#listItem","name":"Actualidad"}},{"@type":"ListItem","@id":"https:\/\/www.eldigitaldeasturias.com\/noticias\/category\/actualidad\/#listItem","position":2,"name":"Actualidad","item":"https:\/\/www.eldigitaldeasturias.com\/noticias\/category\/actualidad\/","nextItem":{"@type":"ListItem","@id":"https:\/\/www.eldigitaldeasturias.com\/noticias\/venezuela-dice-que-maduro-asistira-igualmente-a-la-cumbre-en-el-peru\/#listItem","name":"Venezuela dice que Maduro asistir\u00e1 igualmente a la cumbre en el Per\u00fa"},"previousItem":{"@type":"ListItem","@id":"https:\/\/www.eldigitaldeasturias.com\/noticias#listItem","name":"Home"}},{"@type":"ListItem","@id":"https:\/\/www.eldigitaldeasturias.com\/noticias\/venezuela-dice-que-maduro-asistira-igualmente-a-la-cumbre-en-el-peru\/#listItem","position":3,"name":"Venezuela dice que Maduro asistir\u00e1 igualmente a la cumbre en el Per\u00fa","previousItem":{"@type":"ListItem","@id":"https:\/\/www.eldigitaldeasturias.com\/noticias\/category\/actualidad\/#listItem","name":"Actualidad"}}]},{"@type":"Organization","@id":"https:\/\/www.eldigitaldeasturias.com\/noticias\/#organization","name":"El Digital de Asturias","description":"Hemeroteca","url":"https:\/\/www.eldigitaldeasturias.com\/noticias\/","email":"info@eldigitaldeasturias.com","telephone":"+34652131393","logo":{"@type":"ImageObject","url":"https:\/\/www.eldigitaldeasturias.com\/noticias\/wp-content\/uploads\/2020\/12\/EDA.jpg","@id":"https:\/\/www.eldigitaldeasturias.com\/noticias\/venezuela-dice-que-maduro-asistira-igualmente-a-la-cumbre-en-el-peru\/#organizationLogo"},"image":{"@id":"https:\/\/www.eldigitaldeasturias.com\/noticias\/venezuela-dice-que-maduro-asistira-igualmente-a-la-cumbre-en-el-peru\/#organizationLogo"},"sameAs":["https:\/\/facebook.com\/eldigitaldeasturias","https:\/\/www.youtube.com\/channel\/UCZP-2wLEB9Rv6erhFmqVnvg"],"address":{"@id":"https:\/\/www.eldigitaldeasturias.com\/noticias\/#postaladdress","@type":"PostalAddress","streetAddress":"san antonio 4","postalCode":"33430","addressLocality":"Cand\u00e1s","addressRegion":"Asturias","addressCountry":"ES"}},{"@type":"Person","@id":"https:\/\/www.eldigitaldeasturias.com\/noticias\/author\/admin\/#author","url":"https:\/\/www.eldigitaldeasturias.com\/noticias\/author\/admin\/","name":"El Digital de Asturias","image":{"@type":"ImageObject","@id":"https:\/\/www.eldigitaldeasturias.com\/noticias\/venezuela-dice-que-maduro-asistira-igualmente-a-la-cumbre-en-el-peru\/#authorImage","url":"https:\/\/secure.gravatar.com\/avatar\/df2aeffc32bcd13f8d26072ef8a91b623d677766deac7f97ca815868cd41bf5e?s=96&d=mm&r=g","width":96,"height":96,"caption":"El Digital de Asturias"}},{"@type":"WebPage","@id":"https:\/\/www.eldigitaldeasturias.com\/noticias\/venezuela-dice-que-maduro-asistira-igualmente-a-la-cumbre-en-el-peru\/#webpage","url":"https:\/\/www.eldigitaldeasturias.com\/noticias\/venezuela-dice-que-maduro-asistira-igualmente-a-la-cumbre-en-el-peru\/","name":"Venezuela dice que Maduro asistir\u00e1 igualmente a la cumbre en el Per\u00fa - El Digital de Asturias","description":"Caracas, 18 feb (dpa) \u2013 El Gobierno venezolano afirm\u00f3 hoy que el presidente Nicol\u00e1s Maduro asistir\u00e1 puntualmente a la cumbre de las Am\u00e9ricas que se realizar\u00e1 en abril en Lima, a pesar de que el Per\u00fa vet\u00f3 su participaci\u00f3n. El ministro de Relaciones Exteriores, Jorge Arreaza, dijo que Maduro asistir\u00e1 puntualmente a la cita, en","inLanguage":"es-ES","isPartOf":{"@id":"https:\/\/www.eldigitaldeasturias.com\/noticias\/#website"},"breadcrumb":{"@id":"https:\/\/www.eldigitaldeasturias.com\/noticias\/venezuela-dice-que-maduro-asistira-igualmente-a-la-cumbre-en-el-peru\/#breadcrumblist"},"author":{"@id":"https:\/\/www.eldigitaldeasturias.com\/noticias\/author\/admin\/#author"},"creator":{"@id":"https:\/\/www.eldigitaldeasturias.com\/noticias\/author\/admin\/#author"},"image":{"@type":"ImageObject","url":740152,"@id":"https:\/\/www.eldigitaldeasturias.com\/noticias\/venezuela-dice-que-maduro-asistira-igualmente-a-la-cumbre-en-el-peru\/#mainImage"},"primaryImageOfPage":{"@id":"https:\/\/www.eldigitaldeasturias.com\/noticias\/venezuela-dice-que-maduro-asistira-igualmente-a-la-cumbre-en-el-peru\/#mainImage"},"datePublished":"2018-02-18T22:30:54+01:00","dateModified":"2018-02-18T22:30:54+01:00"},{"@type":"WebSite","@id":"https:\/\/www.eldigitaldeasturias.com\/noticias\/#website","url":"https:\/\/www.eldigitaldeasturias.com\/noticias\/","name":"El Digital de Asturias - Diario de actualidad y noticias","alternateName":"El Digital de Asturias - Diario de actualidad y noticias","description":"Hemeroteca","inLanguage":"es-ES","publisher":{"@id":"https:\/\/www.eldigitaldeasturias.com\/noticias\/#organization"}}]},"og:locale":"es_ES","og:site_name":"El Digital de Asturias","og:type":"article","og:title":"Venezuela dice que Maduro asistir\u00e1 igualmente a la cumbre en el Per\u00fa - El Digital de Asturias","og:description":"Caracas, 18 feb (dpa) \u2013 El Gobierno venezolano afirm\u00f3 hoy que el presidente Nicol\u00e1s Maduro asistir\u00e1 puntualmente a la cumbre de las Am\u00e9ricas que se realizar\u00e1 en abril en Lima, a pesar de que el Per\u00fa vet\u00f3 su participaci\u00f3n. El ministro de Relaciones Exteriores, Jorge Arreaza, dijo que Maduro asistir\u00e1 puntualmente a la cita, en","og:url":"https:\/\/www.eldigitaldeasturias.com\/noticias\/venezuela-dice-que-maduro-asistira-igualmente-a-la-cumbre-en-el-peru\/","article:tag":["actualidad"],"article:published_time":"2018-02-18T22:30:54+00:00","article:modified_time":"2018-02-18T22:30:54+00:00","article:publisher":"https:\/\/facebook.com\/eldigitaldeasturias","twitter:card":"summary_large_image","twitter:title":"Venezuela dice que Maduro asistir\u00e1 igualmente a la cumbre en el Per\u00fa - El Digital de Asturias","twitter:description":"Caracas, 18 feb (dpa) \u2013 El Gobierno venezolano afirm\u00f3 hoy que el presidente Nicol\u00e1s Maduro asistir\u00e1 puntualmente a la cumbre de las Am\u00e9ricas que se realizar\u00e1 en abril en Lima, a pesar de que el Per\u00fa vet\u00f3 su participaci\u00f3n. El ministro de Relaciones Exteriores, Jorge Arreaza, dijo que Maduro asistir\u00e1 puntualmente a la cita, en","twitter:image":"https:\/\/www.eldigitaldeasturias.com\/noticias\/wp-content\/uploads\/2020\/12\/EDA-1.jpg","twitter:label1":"Escrito por","twitter:data1":"El Digital de Asturias","twitter:label2":"Tiempo de lectura estimado","twitter:data2":"2 minutos"},"aioseo_meta_data":{"post_id":"969365","title":null,"description":null,"keywords":null,"keyphrases":null,"primary_term":null,"canonical_url":null,"og_title":null,"og_description":null,"og_object_type":"default","og_image_type":"default","og_image_url":null,"og_image_width":null,"og_image_height":null,"og_image_custom_url":null,"og_image_custom_fields":null,"og_video":null,"og_custom_url":null,"og_article_section":null,"og_article_tags":null,"twitter_use_og":false,"twitter_card":"default","twitter_image_type":"default","twitter_image_url":null,"twitter_image_custom_url":null,"twitter_image_custom_fields":null,"twitter_title":null,"twitter_description":null,"schema":{"blockGraphs":[],"customGraphs":[],"default":{"data":{"Article":[],"Course":[],"Dataset":[],"FAQPage":[],"Movie":[],"Person":[],"Product":[],"ProductReview":[],"Car":[],"Recipe":[],"Service":[],"SoftwareApplication":[],"WebPage":[]},"graphName":"","isEnabled":true},"graphs":[],"defaultGraph":"","defaultPostTypeGraph":""},"schema_type":null,"schema_type_options":null,"pillar_content":false,"robots_default":true,"robots_noindex":false,"robots_noarchive":false,"robots_nosnippet":false,"robots_nofollow":false,"robots_noimageindex":false,"robots_noodp":false,"robots_notranslate":false,"robots_max_snippet":null,"robots_max_videopreview":null,"robots_max_imagepreview":"large","priority":null,"frequency":null,"local_seo":null,"seo_analyzer_scan_date":"2025-10-07 01:44:16","breadcrumb_settings":null,"limit_modified_date":false,"open_ai":null,"ai":null,"created":"2020-12-21 12:27:36","updated":"2025-10-07 01:44:16","focus_keyword":null,"additional_keywords":null,"truseo_locale":null},"aioseo_breadcrumb":"<div class=\"aioseo-breadcrumbs\"><span class=\"aioseo-breadcrumb\">\n\t<a href=\"https:\/\/www.eldigitaldeasturias.com\/noticias\" title=\"Home\">Home<\/a>\n<\/span><span class=\"aioseo-breadcrumb-separator\">\u2013<\/span><span class=\"aioseo-breadcrumb\">\n\t<a href=\"https:\/\/www.eldigitaldeasturias.com\/noticias\/category\/actualidad\/\" title=\"Actualidad\">Actualidad<\/a>\n<\/span><span class=\"aioseo-breadcrumb-separator\">\u2013<\/span><span class=\"aioseo-breadcrumb\">\n\t<a href=\"https:\/\/www.eldigitaldeasturias.com\/noticias\/venezuela-dice-que-maduro-asistira-igualmente-a-la-cumbre-en-el-peru\/\" title=\"Venezuela dice que Maduro asistir\u00e1 igualmente a la cumbre en el Per\u00fa\">Venezuela dice que Maduro asistir\u00e1 igualmente a la cumbre en el Per\u00fa<\/a>\n<\/span><\/div>","aioseo_breadcrumb_json":[{"label":"Home","link":"https:\/\/www.eldigitaldeasturias.com\/noticias"},{"label":"Actualidad","link":"https:\/\/www.eldigitaldeasturias.com\/noticias\/category\/actualidad\/"},{"label":"Venezuela dice que Maduro asistir\u00e1 igualmente a la cumbre en el Per\u00fa","link":"https:\/\/www.eldigitaldeasturias.com\/noticias\/venezuela-dice-que-maduro-asistira-igualmente-a-la-cumbre-en-el-peru\/"}],"_links":{"self":[{"href":"https:\/\/www.eldigitaldeasturias.com\/noticias\/wp-json\/wp\/v2\/posts\/969365","targetHints":{"allow":["GET"]}}],"collection":[{"href":"https:\/\/www.eldigitaldeasturias.com\/noticias\/wp-json\/wp\/v2\/posts"}],"about":[{"href":"https:\/\/www.eldigitaldeasturias.com\/noticias\/wp-json\/wp\/v2\/types\/post"}],"author":[{"embeddable":true,"href":"https:\/\/www.eldigitaldeasturias.com\/noticias\/wp-json\/wp\/v2\/users\/1"}],"replies":[{"embeddable":true,"href":"https:\/\/www.eldigitaldeasturias.com\/noticias\/wp-json\/wp\/v2\/comments?post=969365"}],"version-history":[{"count":0,"href":"https:\/\/www.eldigitaldeasturias.com\/noticias\/wp-json\/wp\/v2\/posts\/969365\/revisions"}],"wp:attachment":[{"href":"https:\/\/www.eldigitaldeasturias.com\/noticias\/wp-json\/wp\/v2\/media?parent=969365"}],"wp:term":[{"taxonomy":"category","embeddable":true,"href":"https:\/\/www.eldigitaldeasturias.com\/noticias\/wp-json\/wp\/v2\/categories?post=969365"},{"taxonomy":"post_tag","embeddable":true,"href":"https:\/\/www.eldigitaldeasturias.com\/noticias\/wp-json\/wp\/v2\/tags?post=969365"}],"curies":[{"name":"wp","href":"https:\/\/api.w.org\/{rel}","templated":true}]}}