{"id":969284,"date":"2018-02-18T00:53:57","date_gmt":"2018-02-18T00:53:57","guid":{"rendered":"http:\/\/www.eldigitaldeasturias.com\/noticias\/?p=969284"},"modified":"2018-02-18T00:53:57","modified_gmt":"2018-02-18T00:53:57","slug":"rajoy-anuncia-que-su-gobierno-apoyara-la-transformacion-digital","status":"publish","type":"post","link":"https:\/\/www.eldigitaldeasturias.com\/noticias\/rajoy-anuncia-que-su-gobierno-apoyara-la-transformacion-digital\/","title":{"rendered":"Rajoy anuncia que su gobierno apoyar\u00e1 la transformaci\u00f3n digital"},"content":{"rendered":"<p><img loading=\"lazy\" decoding=\"async\" class=\"alignleft size-medium wp-image-969285\" src=\"https:\/\/www.eldigitaldeasturias.com\/noticias\/wp-content\/uploads\/2018\/02\/20180217__mjm2337_0-360x222.jpg\" alt=\"\" width=\"360\" height=\"222\" \/>El presidente del Gobierno y del Partido Popular, Mariano Rajoy, ha anunciado hoy que \u201cel Gobierno quiere ayudar en el necesario cambio de la cultura empresarial que debe acompa\u00f1ar a la transformaci\u00f3n digital\u201d y, para ello, ayer aprob\u00f3 en Consejo de Ministros, \u201cun Grupo Interministerial de Transformaci\u00f3n Digital de la Econom\u00eda Espa\u00f1ola, que tiene el encargo de elaborar un plan para la transformaci\u00f3n digital de nuestro pa\u00eds, que coordinar\u00e1 todas las iniciativas que tomemos desde el Gobierno, y lo har\u00e1 con el doble objetivo de promover la digitalizaci\u00f3n de nuestro tejido productivo, y de reforzar el sistema educativo con nuevas competencias digitales\u201d.<\/p>\n<p>En la clausura de la Convenci\u00f3n Nacional sobre PYMES y Aut\u00f3nomos: \u201cLa Espa\u00f1a Emprendedora\u201d, que se ha celebrado en el Palacio de Congresos de Elche (Alicante), Mariano Rajoy ha recordado que \u201cpor cada dos puestos de trabajo que se pierden en ese mundo de ayer previo a la digitalizaci\u00f3n, se crean cinco nuevos empleos en la econom\u00eda de internet\u201d. \u201cEstamos inmersos en una revoluci\u00f3n digital que crea nuevas posibilidades al empleo m\u00e1s sofisticado y novedoso \u2013ha asegurado\u2013. La digitalizaci\u00f3n es, a la vez, un reto y una gran oportunidad\u201d.<\/p>\n<p><strong>De este modo, ha enumerado las medidas que se llevar\u00e1n a cabo:<\/strong><\/p>\n<p>1. Garantizar que Internet llegue a todo el territorio nacional. A todos los pueblos de Espa\u00f1a, por peque\u00f1os que sean mediante un Plan Nacional de 5G en toda Espa\u00f1a.<\/p>\n<p>2. Se han aprobado dos planes nacionales dotados, cada uno de ellos, con 60 millones de euros solo para este 2018, de Formaci\u00f3n de Trabajadores en Competencias Digitales, porque \u201clas empresas, como los m\u00e9dicos, necesitan actualizarse y formarse continuamente\u201d.<\/p>\n<p>3. Se ha aprobado un programa destinado especialmente a las Pymes, dotado con 10 millones de euros, para dar apoyo a la transformaci\u00f3n digital de las empresas.<\/p>\n<p>4. Pensando en el empleo juvenil, se invertir\u00e1n 20 millones de euros en un programa para impulsar proyectos de formaci\u00f3n en el \u00e1mbito de las TIC, con compromiso de contrataci\u00f3n.<\/p>\n<p>5. Se regular\u00e1 la fiscalidad para evitar la utilizaci\u00f3n de los entornos digitales como \u2018fuente de elusi\u00f3n tributaria\u2019.<\/p>\n<p>\u201cNo vamos a consentir que se alteren las reglas de competencia entre los nuevos negocios digitales y los tradicionales. Se pagar\u00e1n impuestos en Espa\u00f1a, sea donde sea el domicilio fiscal, por las actividades y beneficios que reciben en Espa\u00f1a, y no en Luxemburgo\u201d, ha advertido.<\/p>\n<p><strong>RECONOCIMIENTO A PYMES Y EMPRENDEDORES<\/strong><\/p>\n<p>Repecto al papel de los aut\u00f3nomos y de las peque\u00f1as y medianas empresas, el presidente del PP ha subrayado que \u201cson fuente de riqueza, motor de oportunidades y de empleo, pero, sobre todo, tienen detr\u00e1s a personas que lo han dado todo para que este pa\u00eds saliera adelante, con trabajo y esfuerzo\u201d<\/p>\n<p>. \u201cTodos esos hombres y mujeres que mantuvieron sus negocios abiertos en los a\u00f1os m\u00e1s dif\u00edciles de la crisis han hecho mucho por ellos, por los dem\u00e1s y por su pa\u00eds. Su esfuerzo contribuy\u00f3 a que se pudieran mantener muchos empleos y con su af\u00e1n de mejorar y prosperar, las peque\u00f1as y medianas empresas y los aut\u00f3nomos han jugado un papel esencial\u201d, ha a\u00f1adido.<\/p>\n<p>El presidente del Gobierno ha recordado que \u201ccuando tanta gente tiraba la toalla por la dureza de la crisis, cuando tantos lo daban todo por perdido, fueron muchos emprendedores espa\u00f1oles, grandes, pero sobre todo medianos y peque\u00f1os, los que tuvieron la capacidad de resistir y emprender\u201d. \u201cYo me siento muy identificado con vosotros porque en el Gobierno nos pas\u00f3 algo parecido. Eran muchos los que nos dec\u00edan, hay que tirar la toalla, hay que pedir el rescate, como lo hicieron otros pa\u00edses de la UE, pero no lo hicimos y con la ayuda de gente como vosotros, resistimos. Espa\u00f1a no fue rescatada y, gracias a ello, pudimos mantener nuestra soberan\u00eda econ\u00f3mica y nuestro modelo del bienestar\u201d, ha afirmado.<\/p>\n<p><strong>PP AL SERVICIO DE LAS PERSONAS<\/strong><\/p>\n<p>En su intervenci\u00f3n, Mariano Rajoy ha dicho que \u201cel impresionante cambio que ha vivido Espa\u00f1a no se ha producido por casualidad\u201d. \u201cA lo largo de nuestra historia como partido, cuando los espa\u00f1oles nos han dado la responsabilidad de gobernar, hemos demostrado que se pueden hacer pol\u00edticas econ\u00f3micas que crean empleo y que sirven para que los servicios p\u00fablicos mejoren y para que la gente viva mejor\u201d, ha destacado.<\/p>\n<p>\u201cSomos un partido de oportunidades y no de oportunismos. Un partido con hoja de servicios pero tambi\u00e9n, y lo que es m\u00e1s importante, con hoja de ruta \u2013ha proseguido\u2013. Nuestro partido, el PP, es un partido que cree en Espa\u00f1a y que est\u00e1 al servicio de las personas, otros est\u00e1n al servicio de sus propias enso\u00f1aciones. Somos un partido moderado y centrado, abierto y dialogante, con principios firmes y con valores s\u00f3lidos. Las ofertas l\u00edquidas y los experimentos gaseosos se los dejamos a otros\u201d.<\/p>\n<p><strong>DEFENSA DEL INTER\u00c9S GENERAL<\/strong><\/p>\n<p>El dirigente popular tambi\u00e9n se ha referido a la pol\u00e9mica creada tras el anuncio del Gobierno de garantizar que los padres puedan elegir la lengua en la que reciben la educaci\u00f3n sus hijos y ha lamentado que \u201ces verdaderamente incre\u00edble, atenta contra el progreso y supone situarse en el peor pasado, el estar haciendo un debate sobre las lenguas, imponiendo a la gente lo que no quiere que se le imponga, en lugar de dedicar los recursos de la educaci\u00f3n a la revoluci\u00f3n digital que se est\u00e1 produciendo en todo el mundo, y en lugar de capacitar a los j\u00f3venes\u201d. \u201cEsta es la verdadera pol\u00edtica de educaci\u00f3n hoy. Este es el futuro imparable y conviene, cuando estas cosas se producen, colocarse al principio de todo porque, si no, se van a colocar otros y vamos a tener problemas\u201d.<\/p>\n<p>Por \u00faltimo, Mariano Rajoy ha dicho que dicho que \u201chablar es relativamente f\u00e1cil, pero gobernar ya no lo es tanto, porque hay que tomar decisiones, hay que priorizar\u201d. \u201cSi haces las cosas bien, si haces lo que te dice tu conciencia, si act\u00faas con criterio y si no tienes m\u00e1s norte que el inter\u00e9s general, se construye mucho m\u00e1s que con los espect\u00e1culos que estamos viendo en nuestro pa\u00eds en los \u00faltimos tiempos\u201d, ha denunciado.<\/p>\n<p><strong>F\u00c1TIMA B\u00c1\u00d1EZ: \u201cEL FUTURO DE ESPA\u00d1A SE ESCRIBE CON E\u201d<\/strong><\/p>\n<p>Por su parte, la ministra de Empleo y Seguridad Social, F\u00e1tima B\u00e1\u00f1ez, ha resaltado en su intervenci\u00f3n que la provincia de Alicante, junto a M\u00e1laga, son los dos motores del emprendimiento en Espa\u00f1a. As\u00ed, ha recordado que m\u00e1s del 99 por ciento de las empresas espa\u00f1olas son peque\u00f1as y medianas empresas y aut\u00f3nomos \u201cy ellos son los responsables de la creaci\u00f3n de los 7 de cada 10 empleos que hoy hay en nuestro pa\u00eds\u201d.<\/p>\n<p>\u201cEspa\u00f1a vive hoy una recuperaci\u00f3n muy s\u00f3lida creciendo al 3,1 por ciento. Con un ritmo de crecimiento en el inicio del 2018 tambi\u00e9n del entorno del 3 por ciento, liderando el crecimiento de toda la zona euro\u201d, ha destacado. En este sentido, B\u00e1\u00f1ez ha puesto como ejemplo que en Alicante, en el a\u00f1o 2011 el paro sub\u00eda cada mes a un ritmo del 5 por ciento, mientras que hoy baja a un ritmo del 6 por ciento. \u201cLe hemos ganado 11 puntos al empleo en esta tierra y se han recuperado 105.000 empleos destruidos por la crisis\u201d, con lo que, en su opini\u00f3n, estamos cerca de alcanzar la completa recuperaci\u00f3n.<\/p>\n<p>La ministra de empleo ha destacado varias iniciativas del Partido Popular que han apoyado a las empresas y les ha ayudado a cambiar el ciclo de la recuperaci\u00f3n econ\u00f3mica, como han sido la reforma laboral; el contrato de apoyo a los emprendedores; el reconocimiento por parte de la norma laboral a las empresas de menos de 50 trabajadores, un contrato que ha permitido crear puestos de trabajo indefinidos a m\u00e1s de 800.300 desde el a\u00f1o 2012; las ayudas para el pago a proveedores, o la aprobaci\u00f3n de la Ley de Aut\u00f3nomos apoyada por todos los grupos parlamentarios sin excepci\u00f3n. Esta Ley, permit\u00eda, entre otras medidas, mejorar la tarifa plana, aplicar medidas para rebajar la burocracia, mejorar la protecci\u00f3n de los trabajadores aut\u00f3nomos o favorecer la conciliaci\u00f3n. F\u00e1tima B\u00e1\u00f1ez ha concluido diciendo que el futuro de nuestro pa\u00eds se escribe con tres E, \u201cla de emprendedores, la de empleo y la de Espa\u00f1a\u201d.<\/p>\n","protected":false},"excerpt":{"rendered":"<p>El presidente del Gobierno y del Partido Popular, Mariano Rajoy, ha anunciado hoy que \u201cel Gobierno quiere ayudar en el necesario cambio de la cultura empresarial que debe acompa\u00f1ar a la transformaci\u00f3n digital\u201d y, para ello, ayer aprob\u00f3 en Consejo de Ministros, \u201cun Grupo Interministerial de Transformaci\u00f3n Digital de la Econom\u00eda Espa\u00f1ola, que tiene el [&hellip;]<\/p>\n","protected":false},"author":1,"featured_media":969285,"comment_status":"closed","ping_status":"closed","sticky":false,"template":"","format":"standard","meta":{"footnotes":""},"categories":[1],"tags":[],"class_list":["post-969284","post","type-post","status-publish","format-standard","has-post-thumbnail","hentry","category-actualidad"],"aioseo_notices":[],"aioseo_head":"\n\t\t<!-- All in One SEO Pro 5.0.1 - aioseo.com -->\n\t<meta name=\"description\" content=\"El presidente del Gobierno y del Partido Popular, Mariano Rajoy, ha anunciado hoy que \u201cel Gobierno quiere ayudar en el necesario cambio de la cultura empresarial que debe acompa\u00f1ar a la transformaci\u00f3n digital\u201d y, para ello, ayer aprob\u00f3 en Consejo de Ministros, \u201cun Grupo Interministerial de Transformaci\u00f3n Digital de la Econom\u00eda Espa\u00f1ola, que tiene el\" \/>\n\t<meta name=\"robots\" content=\"max-image-preview:large\" \/>\n\t<meta name=\"author\" content=\"El Digital de Asturias\"\/>\n\t<meta name=\"google-site-verification\" content=\"UA-38556648-1\" \/>\n\t<meta name=\"msvalidate.01\" content=\"7dfe9f3f1b24437ab69f4f2559babe99\" \/>\n\t<meta name=\"keywords\" content=\"actualidad\" \/>\n\t<link rel=\"canonical\" href=\"https:\/\/www.eldigitaldeasturias.com\/noticias\/rajoy-anuncia-que-su-gobierno-apoyara-la-transformacion-digital\/\" \/>\n\t<meta name=\"generator\" content=\"All in One SEO Pro (AIOSEO) 5.0.1\" \/>\n\t\t<meta property=\"og:locale\" content=\"es_ES\" \/>\n\t\t<meta property=\"og:site_name\" content=\"El Digital de Asturias\" \/>\n\t\t<meta property=\"og:type\" content=\"article\" \/>\n\t\t<meta property=\"og:title\" content=\"Rajoy anuncia que su gobierno apoyar\u00e1 la transformaci\u00f3n digital - El Digital de Asturias\" \/>\n\t\t<meta property=\"og:description\" content=\"El presidente del Gobierno y del Partido Popular, Mariano Rajoy, ha anunciado hoy que \u201cel Gobierno quiere ayudar en el necesario cambio de la cultura empresarial que debe acompa\u00f1ar a la transformaci\u00f3n digital\u201d y, para ello, ayer aprob\u00f3 en Consejo de Ministros, \u201cun Grupo Interministerial de Transformaci\u00f3n Digital de la Econom\u00eda Espa\u00f1ola, que tiene el\" \/>\n\t\t<meta property=\"og:url\" content=\"https:\/\/www.eldigitaldeasturias.com\/noticias\/rajoy-anuncia-que-su-gobierno-apoyara-la-transformacion-digital\/\" \/>\n\t\t<meta property=\"article:tag\" content=\"actualidad\" \/>\n\t\t<meta property=\"article:published_time\" content=\"2018-02-18T00:53:57+00:00\" \/>\n\t\t<meta property=\"article:modified_time\" content=\"2018-02-18T00:53:57+00:00\" \/>\n\t\t<meta property=\"article:publisher\" content=\"https:\/\/facebook.com\/eldigitaldeasturias\" \/>\n\t\t<meta name=\"twitter:card\" content=\"summary_large_image\" \/>\n\t\t<meta name=\"twitter:title\" content=\"Rajoy anuncia que su gobierno apoyar\u00e1 la transformaci\u00f3n digital - El Digital de Asturias\" \/>\n\t\t<meta name=\"twitter:description\" content=\"El presidente del Gobierno y del Partido Popular, Mariano Rajoy, ha anunciado hoy que \u201cel Gobierno quiere ayudar en el necesario cambio de la cultura empresarial que debe acompa\u00f1ar a la transformaci\u00f3n digital\u201d y, para ello, ayer aprob\u00f3 en Consejo de Ministros, \u201cun Grupo Interministerial de Transformaci\u00f3n Digital de la Econom\u00eda Espa\u00f1ola, que tiene el\" \/>\n\t\t<meta name=\"twitter:image\" content=\"https:\/\/www.eldigitaldeasturias.com\/noticias\/wp-content\/uploads\/2020\/12\/EDA-1.jpg\" \/>\n\t\t<meta name=\"twitter:label1\" content=\"Escrito por\" \/>\n\t\t<meta name=\"twitter:data1\" content=\"El Digital de Asturias\" \/>\n\t\t<meta name=\"twitter:label2\" content=\"Tiempo de lectura estimado\" \/>\n\t\t<meta name=\"twitter:data2\" content=\"7 minutos\" \/>\n\t\t<script type=\"application\/ld+json\" class=\"aioseo-schema\">\n\t\t\t{\"@context\":\"https:\\\/\\\/schema.org\",\"@graph\":[{\"@type\":\"BlogPosting\",\"@id\":\"https:\\\/\\\/www.eldigitaldeasturias.com\\\/noticias\\\/rajoy-anuncia-que-su-gobierno-apoyara-la-transformacion-digital\\\/#blogposting\",\"name\":\"Rajoy anuncia que su gobierno apoyar\\u00e1 la transformaci\\u00f3n digital - El Digital de Asturias\",\"headline\":\"Rajoy anuncia que su gobierno apoyar\\u00e1 la transformaci\\u00f3n digital\",\"author\":{\"@id\":\"https:\\\/\\\/www.eldigitaldeasturias.com\\\/noticias\\\/author\\\/admin\\\/#author\"},\"publisher\":{\"@id\":\"https:\\\/\\\/www.eldigitaldeasturias.com\\\/noticias\\\/#organization\"},\"image\":{\"@type\":\"ImageObject\",\"url\":969285},\"datePublished\":\"2018-02-18T00:53:57+01:00\",\"dateModified\":\"2018-02-18T00:53:57+01:00\",\"inLanguage\":\"es-ES\",\"mainEntityOfPage\":{\"@id\":\"https:\\\/\\\/www.eldigitaldeasturias.com\\\/noticias\\\/rajoy-anuncia-que-su-gobierno-apoyara-la-transformacion-digital\\\/#webpage\"},\"isPartOf\":{\"@id\":\"https:\\\/\\\/www.eldigitaldeasturias.com\\\/noticias\\\/rajoy-anuncia-que-su-gobierno-apoyara-la-transformacion-digital\\\/#webpage\"},\"articleSection\":\"Actualidad\"},{\"@type\":\"BreadcrumbList\",\"@id\":\"https:\\\/\\\/www.eldigitaldeasturias.com\\\/noticias\\\/rajoy-anuncia-que-su-gobierno-apoyara-la-transformacion-digital\\\/#breadcrumblist\",\"itemListElement\":[{\"@type\":\"ListItem\",\"@id\":\"https:\\\/\\\/www.eldigitaldeasturias.com\\\/noticias#listItem\",\"position\":1,\"name\":\"Home\",\"item\":\"https:\\\/\\\/www.eldigitaldeasturias.com\\\/noticias\",\"nextItem\":{\"@type\":\"ListItem\",\"@id\":\"https:\\\/\\\/www.eldigitaldeasturias.com\\\/noticias\\\/category\\\/actualidad\\\/#listItem\",\"name\":\"Actualidad\"}},{\"@type\":\"ListItem\",\"@id\":\"https:\\\/\\\/www.eldigitaldeasturias.com\\\/noticias\\\/category\\\/actualidad\\\/#listItem\",\"position\":2,\"name\":\"Actualidad\",\"item\":\"https:\\\/\\\/www.eldigitaldeasturias.com\\\/noticias\\\/category\\\/actualidad\\\/\",\"nextItem\":{\"@type\":\"ListItem\",\"@id\":\"https:\\\/\\\/www.eldigitaldeasturias.com\\\/noticias\\\/rajoy-anuncia-que-su-gobierno-apoyara-la-transformacion-digital\\\/#listItem\",\"name\":\"Rajoy anuncia que su gobierno apoyar\\u00e1 la transformaci\\u00f3n digital\"},\"previousItem\":{\"@type\":\"ListItem\",\"@id\":\"https:\\\/\\\/www.eldigitaldeasturias.com\\\/noticias#listItem\",\"name\":\"Home\"}},{\"@type\":\"ListItem\",\"@id\":\"https:\\\/\\\/www.eldigitaldeasturias.com\\\/noticias\\\/rajoy-anuncia-que-su-gobierno-apoyara-la-transformacion-digital\\\/#listItem\",\"position\":3,\"name\":\"Rajoy anuncia que su gobierno apoyar\\u00e1 la transformaci\\u00f3n digital\",\"previousItem\":{\"@type\":\"ListItem\",\"@id\":\"https:\\\/\\\/www.eldigitaldeasturias.com\\\/noticias\\\/category\\\/actualidad\\\/#listItem\",\"name\":\"Actualidad\"}}]},{\"@type\":\"Organization\",\"@id\":\"https:\\\/\\\/www.eldigitaldeasturias.com\\\/noticias\\\/#organization\",\"name\":\"El Digital de Asturias\",\"description\":\"Hemeroteca\",\"url\":\"https:\\\/\\\/www.eldigitaldeasturias.com\\\/noticias\\\/\",\"email\":\"info@eldigitaldeasturias.com\",\"telephone\":\"+34652131393\",\"logo\":{\"@type\":\"ImageObject\",\"url\":\"https:\\\/\\\/www.eldigitaldeasturias.com\\\/noticias\\\/wp-content\\\/uploads\\\/2020\\\/12\\\/EDA.jpg\",\"@id\":\"https:\\\/\\\/www.eldigitaldeasturias.com\\\/noticias\\\/rajoy-anuncia-que-su-gobierno-apoyara-la-transformacion-digital\\\/#organizationLogo\"},\"image\":{\"@id\":\"https:\\\/\\\/www.eldigitaldeasturias.com\\\/noticias\\\/rajoy-anuncia-que-su-gobierno-apoyara-la-transformacion-digital\\\/#organizationLogo\"},\"sameAs\":[\"https:\\\/\\\/facebook.com\\\/eldigitaldeasturias\",\"https:\\\/\\\/www.youtube.com\\\/channel\\\/UCZP-2wLEB9Rv6erhFmqVnvg\"],\"address\":{\"@id\":\"https:\\\/\\\/www.eldigitaldeasturias.com\\\/noticias\\\/#postaladdress\",\"@type\":\"PostalAddress\",\"streetAddress\":\"san antonio 4\",\"postalCode\":\"33430\",\"addressLocality\":\"Cand\\u00e1s\",\"addressRegion\":\"Asturias\",\"addressCountry\":\"ES\"}},{\"@type\":\"Person\",\"@id\":\"https:\\\/\\\/www.eldigitaldeasturias.com\\\/noticias\\\/author\\\/admin\\\/#author\",\"url\":\"https:\\\/\\\/www.eldigitaldeasturias.com\\\/noticias\\\/author\\\/admin\\\/\",\"name\":\"El Digital de Asturias\",\"image\":{\"@type\":\"ImageObject\",\"@id\":\"https:\\\/\\\/www.eldigitaldeasturias.com\\\/noticias\\\/rajoy-anuncia-que-su-gobierno-apoyara-la-transformacion-digital\\\/#authorImage\",\"url\":\"https:\\\/\\\/secure.gravatar.com\\\/avatar\\\/df2aeffc32bcd13f8d26072ef8a91b623d677766deac7f97ca815868cd41bf5e?s=96&d=mm&r=g\",\"width\":96,\"height\":96,\"caption\":\"El Digital de Asturias\"}},{\"@type\":\"WebPage\",\"@id\":\"https:\\\/\\\/www.eldigitaldeasturias.com\\\/noticias\\\/rajoy-anuncia-que-su-gobierno-apoyara-la-transformacion-digital\\\/#webpage\",\"url\":\"https:\\\/\\\/www.eldigitaldeasturias.com\\\/noticias\\\/rajoy-anuncia-que-su-gobierno-apoyara-la-transformacion-digital\\\/\",\"name\":\"Rajoy anuncia que su gobierno apoyar\\u00e1 la transformaci\\u00f3n digital - El Digital de Asturias\",\"description\":\"El presidente del Gobierno y del Partido Popular, Mariano Rajoy, ha anunciado hoy que \\u201cel Gobierno quiere ayudar en el necesario cambio de la cultura empresarial que debe acompa\\u00f1ar a la transformaci\\u00f3n digital\\u201d y, para ello, ayer aprob\\u00f3 en Consejo de Ministros, \\u201cun Grupo Interministerial de Transformaci\\u00f3n Digital de la Econom\\u00eda Espa\\u00f1ola, que tiene el\",\"inLanguage\":\"es-ES\",\"isPartOf\":{\"@id\":\"https:\\\/\\\/www.eldigitaldeasturias.com\\\/noticias\\\/#website\"},\"breadcrumb\":{\"@id\":\"https:\\\/\\\/www.eldigitaldeasturias.com\\\/noticias\\\/rajoy-anuncia-que-su-gobierno-apoyara-la-transformacion-digital\\\/#breadcrumblist\"},\"author\":{\"@id\":\"https:\\\/\\\/www.eldigitaldeasturias.com\\\/noticias\\\/author\\\/admin\\\/#author\"},\"creator\":{\"@id\":\"https:\\\/\\\/www.eldigitaldeasturias.com\\\/noticias\\\/author\\\/admin\\\/#author\"},\"image\":{\"@type\":\"ImageObject\",\"url\":969285,\"@id\":\"https:\\\/\\\/www.eldigitaldeasturias.com\\\/noticias\\\/rajoy-anuncia-que-su-gobierno-apoyara-la-transformacion-digital\\\/#mainImage\"},\"primaryImageOfPage\":{\"@id\":\"https:\\\/\\\/www.eldigitaldeasturias.com\\\/noticias\\\/rajoy-anuncia-que-su-gobierno-apoyara-la-transformacion-digital\\\/#mainImage\"},\"datePublished\":\"2018-02-18T00:53:57+01:00\",\"dateModified\":\"2018-02-18T00:53:57+01:00\"},{\"@type\":\"WebSite\",\"@id\":\"https:\\\/\\\/www.eldigitaldeasturias.com\\\/noticias\\\/#website\",\"url\":\"https:\\\/\\\/www.eldigitaldeasturias.com\\\/noticias\\\/\",\"name\":\"El Digital de Asturias - Diario de actualidad y noticias\",\"alternateName\":\"El Digital de Asturias - Diario de actualidad y noticias\",\"description\":\"Hemeroteca\",\"inLanguage\":\"es-ES\",\"publisher\":{\"@id\":\"https:\\\/\\\/www.eldigitaldeasturias.com\\\/noticias\\\/#organization\"}}]}\n\t\t<\/script>\n\t\t<!-- All in One SEO Pro -->\r\n\t\t<title>Rajoy anuncia que su gobierno apoyar\u00e1 la transformaci\u00f3n digital - El Digital de Asturias<\/title>\n\n","aioseo_head_json":{"title":"Rajoy anuncia que su gobierno apoyar\u00e1 la transformaci\u00f3n digital - El Digital de Asturias","description":"El presidente del Gobierno y del Partido Popular, Mariano Rajoy, ha anunciado hoy que \u201cel Gobierno quiere ayudar en el necesario cambio de la cultura empresarial que debe acompa\u00f1ar a la transformaci\u00f3n digital\u201d y, para ello, ayer aprob\u00f3 en Consejo de Ministros, \u201cun Grupo Interministerial de Transformaci\u00f3n Digital de la Econom\u00eda Espa\u00f1ola, que tiene el","canonical_url":"https:\/\/www.eldigitaldeasturias.com\/noticias\/rajoy-anuncia-que-su-gobierno-apoyara-la-transformacion-digital\/","robots":"max-image-preview:large","keywords":"actualidad","webmasterTools":{"google-site-verification":"UA-38556648-1","msvalidate.01":"7dfe9f3f1b24437ab69f4f2559babe99","miscellaneous":""},"schema":{"@context":"https:\/\/schema.org","@graph":[{"@type":"BlogPosting","@id":"https:\/\/www.eldigitaldeasturias.com\/noticias\/rajoy-anuncia-que-su-gobierno-apoyara-la-transformacion-digital\/#blogposting","name":"Rajoy anuncia que su gobierno apoyar\u00e1 la transformaci\u00f3n digital - El Digital de Asturias","headline":"Rajoy anuncia que su gobierno apoyar\u00e1 la transformaci\u00f3n digital","author":{"@id":"https:\/\/www.eldigitaldeasturias.com\/noticias\/author\/admin\/#author"},"publisher":{"@id":"https:\/\/www.eldigitaldeasturias.com\/noticias\/#organization"},"image":{"@type":"ImageObject","url":969285},"datePublished":"2018-02-18T00:53:57+01:00","dateModified":"2018-02-18T00:53:57+01:00","inLanguage":"es-ES","mainEntityOfPage":{"@id":"https:\/\/www.eldigitaldeasturias.com\/noticias\/rajoy-anuncia-que-su-gobierno-apoyara-la-transformacion-digital\/#webpage"},"isPartOf":{"@id":"https:\/\/www.eldigitaldeasturias.com\/noticias\/rajoy-anuncia-que-su-gobierno-apoyara-la-transformacion-digital\/#webpage"},"articleSection":"Actualidad"},{"@type":"BreadcrumbList","@id":"https:\/\/www.eldigitaldeasturias.com\/noticias\/rajoy-anuncia-que-su-gobierno-apoyara-la-transformacion-digital\/#breadcrumblist","itemListElement":[{"@type":"ListItem","@id":"https:\/\/www.eldigitaldeasturias.com\/noticias#listItem","position":1,"name":"Home","item":"https:\/\/www.eldigitaldeasturias.com\/noticias","nextItem":{"@type":"ListItem","@id":"https:\/\/www.eldigitaldeasturias.com\/noticias\/category\/actualidad\/#listItem","name":"Actualidad"}},{"@type":"ListItem","@id":"https:\/\/www.eldigitaldeasturias.com\/noticias\/category\/actualidad\/#listItem","position":2,"name":"Actualidad","item":"https:\/\/www.eldigitaldeasturias.com\/noticias\/category\/actualidad\/","nextItem":{"@type":"ListItem","@id":"https:\/\/www.eldigitaldeasturias.com\/noticias\/rajoy-anuncia-que-su-gobierno-apoyara-la-transformacion-digital\/#listItem","name":"Rajoy anuncia que su gobierno apoyar\u00e1 la transformaci\u00f3n digital"},"previousItem":{"@type":"ListItem","@id":"https:\/\/www.eldigitaldeasturias.com\/noticias#listItem","name":"Home"}},{"@type":"ListItem","@id":"https:\/\/www.eldigitaldeasturias.com\/noticias\/rajoy-anuncia-que-su-gobierno-apoyara-la-transformacion-digital\/#listItem","position":3,"name":"Rajoy anuncia que su gobierno apoyar\u00e1 la transformaci\u00f3n digital","previousItem":{"@type":"ListItem","@id":"https:\/\/www.eldigitaldeasturias.com\/noticias\/category\/actualidad\/#listItem","name":"Actualidad"}}]},{"@type":"Organization","@id":"https:\/\/www.eldigitaldeasturias.com\/noticias\/#organization","name":"El Digital de Asturias","description":"Hemeroteca","url":"https:\/\/www.eldigitaldeasturias.com\/noticias\/","email":"info@eldigitaldeasturias.com","telephone":"+34652131393","logo":{"@type":"ImageObject","url":"https:\/\/www.eldigitaldeasturias.com\/noticias\/wp-content\/uploads\/2020\/12\/EDA.jpg","@id":"https:\/\/www.eldigitaldeasturias.com\/noticias\/rajoy-anuncia-que-su-gobierno-apoyara-la-transformacion-digital\/#organizationLogo"},"image":{"@id":"https:\/\/www.eldigitaldeasturias.com\/noticias\/rajoy-anuncia-que-su-gobierno-apoyara-la-transformacion-digital\/#organizationLogo"},"sameAs":["https:\/\/facebook.com\/eldigitaldeasturias","https:\/\/www.youtube.com\/channel\/UCZP-2wLEB9Rv6erhFmqVnvg"],"address":{"@id":"https:\/\/www.eldigitaldeasturias.com\/noticias\/#postaladdress","@type":"PostalAddress","streetAddress":"san antonio 4","postalCode":"33430","addressLocality":"Cand\u00e1s","addressRegion":"Asturias","addressCountry":"ES"}},{"@type":"Person","@id":"https:\/\/www.eldigitaldeasturias.com\/noticias\/author\/admin\/#author","url":"https:\/\/www.eldigitaldeasturias.com\/noticias\/author\/admin\/","name":"El Digital de Asturias","image":{"@type":"ImageObject","@id":"https:\/\/www.eldigitaldeasturias.com\/noticias\/rajoy-anuncia-que-su-gobierno-apoyara-la-transformacion-digital\/#authorImage","url":"https:\/\/secure.gravatar.com\/avatar\/df2aeffc32bcd13f8d26072ef8a91b623d677766deac7f97ca815868cd41bf5e?s=96&d=mm&r=g","width":96,"height":96,"caption":"El Digital de Asturias"}},{"@type":"WebPage","@id":"https:\/\/www.eldigitaldeasturias.com\/noticias\/rajoy-anuncia-que-su-gobierno-apoyara-la-transformacion-digital\/#webpage","url":"https:\/\/www.eldigitaldeasturias.com\/noticias\/rajoy-anuncia-que-su-gobierno-apoyara-la-transformacion-digital\/","name":"Rajoy anuncia que su gobierno apoyar\u00e1 la transformaci\u00f3n digital - El Digital de Asturias","description":"El presidente del Gobierno y del Partido Popular, Mariano Rajoy, ha anunciado hoy que \u201cel Gobierno quiere ayudar en el necesario cambio de la cultura empresarial que debe acompa\u00f1ar a la transformaci\u00f3n digital\u201d y, para ello, ayer aprob\u00f3 en Consejo de Ministros, \u201cun Grupo Interministerial de Transformaci\u00f3n Digital de la Econom\u00eda Espa\u00f1ola, que tiene el","inLanguage":"es-ES","isPartOf":{"@id":"https:\/\/www.eldigitaldeasturias.com\/noticias\/#website"},"breadcrumb":{"@id":"https:\/\/www.eldigitaldeasturias.com\/noticias\/rajoy-anuncia-que-su-gobierno-apoyara-la-transformacion-digital\/#breadcrumblist"},"author":{"@id":"https:\/\/www.eldigitaldeasturias.com\/noticias\/author\/admin\/#author"},"creator":{"@id":"https:\/\/www.eldigitaldeasturias.com\/noticias\/author\/admin\/#author"},"image":{"@type":"ImageObject","url":969285,"@id":"https:\/\/www.eldigitaldeasturias.com\/noticias\/rajoy-anuncia-que-su-gobierno-apoyara-la-transformacion-digital\/#mainImage"},"primaryImageOfPage":{"@id":"https:\/\/www.eldigitaldeasturias.com\/noticias\/rajoy-anuncia-que-su-gobierno-apoyara-la-transformacion-digital\/#mainImage"},"datePublished":"2018-02-18T00:53:57+01:00","dateModified":"2018-02-18T00:53:57+01:00"},{"@type":"WebSite","@id":"https:\/\/www.eldigitaldeasturias.com\/noticias\/#website","url":"https:\/\/www.eldigitaldeasturias.com\/noticias\/","name":"El Digital de Asturias - Diario de actualidad y noticias","alternateName":"El Digital de Asturias - Diario de actualidad y noticias","description":"Hemeroteca","inLanguage":"es-ES","publisher":{"@id":"https:\/\/www.eldigitaldeasturias.com\/noticias\/#organization"}}]},"og:locale":"es_ES","og:site_name":"El Digital de Asturias","og:type":"article","og:title":"Rajoy anuncia que su gobierno apoyar\u00e1 la transformaci\u00f3n digital - El Digital de Asturias","og:description":"El presidente del Gobierno y del Partido Popular, Mariano Rajoy, ha anunciado hoy que \u201cel Gobierno quiere ayudar en el necesario cambio de la cultura empresarial que debe acompa\u00f1ar a la transformaci\u00f3n digital\u201d y, para ello, ayer aprob\u00f3 en Consejo de Ministros, \u201cun Grupo Interministerial de Transformaci\u00f3n Digital de la Econom\u00eda Espa\u00f1ola, que tiene el","og:url":"https:\/\/www.eldigitaldeasturias.com\/noticias\/rajoy-anuncia-que-su-gobierno-apoyara-la-transformacion-digital\/","article:tag":["actualidad"],"article:published_time":"2018-02-18T00:53:57+00:00","article:modified_time":"2018-02-18T00:53:57+00:00","article:publisher":"https:\/\/facebook.com\/eldigitaldeasturias","twitter:card":"summary_large_image","twitter:title":"Rajoy anuncia que su gobierno apoyar\u00e1 la transformaci\u00f3n digital - El Digital de Asturias","twitter:description":"El presidente del Gobierno y del Partido Popular, Mariano Rajoy, ha anunciado hoy que \u201cel Gobierno quiere ayudar en el necesario cambio de la cultura empresarial que debe acompa\u00f1ar a la transformaci\u00f3n digital\u201d y, para ello, ayer aprob\u00f3 en Consejo de Ministros, \u201cun Grupo Interministerial de Transformaci\u00f3n Digital de la Econom\u00eda Espa\u00f1ola, que tiene el","twitter:image":"https:\/\/www.eldigitaldeasturias.com\/noticias\/wp-content\/uploads\/2020\/12\/EDA-1.jpg","twitter:label1":"Escrito por","twitter:data1":"El Digital de Asturias","twitter:label2":"Tiempo de lectura estimado","twitter:data2":"7 minutos"},"aioseo_meta_data":{"post_id":"969284","title":null,"description":null,"keywords":null,"keyphrases":null,"primary_term":null,"canonical_url":null,"og_title":null,"og_description":null,"og_object_type":"default","og_image_type":"default","og_image_url":null,"og_image_width":null,"og_image_height":null,"og_image_custom_url":null,"og_image_custom_fields":null,"og_video":null,"og_custom_url":null,"og_article_section":null,"og_article_tags":null,"twitter_use_og":false,"twitter_card":"default","twitter_image_type":"default","twitter_image_url":null,"twitter_image_custom_url":null,"twitter_image_custom_fields":null,"twitter_title":null,"twitter_description":null,"schema":{"blockGraphs":[],"customGraphs":[],"default":{"data":{"Article":[],"Course":[],"Dataset":[],"FAQPage":[],"Movie":[],"Person":[],"Product":[],"ProductReview":[],"Car":[],"Recipe":[],"Service":[],"SoftwareApplication":[],"WebPage":[]},"graphName":"","isEnabled":true},"graphs":[],"defaultGraph":"","defaultPostTypeGraph":""},"schema_type":null,"schema_type_options":null,"pillar_content":false,"robots_default":true,"robots_noindex":false,"robots_noarchive":false,"robots_nosnippet":false,"robots_nofollow":false,"robots_noimageindex":false,"robots_noodp":false,"robots_notranslate":false,"robots_max_snippet":null,"robots_max_videopreview":null,"robots_max_imagepreview":"large","priority":null,"frequency":null,"local_seo":null,"seo_analyzer_scan_date":"2025-10-07 01:27:09","breadcrumb_settings":null,"limit_modified_date":false,"open_ai":null,"ai":null,"created":"2020-12-21 12:27:37","updated":"2025-10-07 01:27:09","focus_keyword":null,"additional_keywords":null,"truseo_locale":null},"aioseo_breadcrumb":"<div class=\"aioseo-breadcrumbs\"><span class=\"aioseo-breadcrumb\">\n\t<a href=\"https:\/\/www.eldigitaldeasturias.com\/noticias\" title=\"Home\">Home<\/a>\n<\/span><span class=\"aioseo-breadcrumb-separator\">\u2013<\/span><span class=\"aioseo-breadcrumb\">\n\t<a href=\"https:\/\/www.eldigitaldeasturias.com\/noticias\/category\/actualidad\/\" title=\"Actualidad\">Actualidad<\/a>\n<\/span><span class=\"aioseo-breadcrumb-separator\">\u2013<\/span><span class=\"aioseo-breadcrumb\">\n\t<a href=\"https:\/\/www.eldigitaldeasturias.com\/noticias\/rajoy-anuncia-que-su-gobierno-apoyara-la-transformacion-digital\/\" title=\"Rajoy anuncia que su gobierno apoyar\u00e1 la transformaci\u00f3n digital\">Rajoy anuncia que su gobierno apoyar\u00e1 la transformaci\u00f3n digital<\/a>\n<\/span><\/div>","aioseo_breadcrumb_json":[{"label":"Home","link":"https:\/\/www.eldigitaldeasturias.com\/noticias"},{"label":"Actualidad","link":"https:\/\/www.eldigitaldeasturias.com\/noticias\/category\/actualidad\/"},{"label":"Rajoy anuncia que su gobierno apoyar\u00e1 la transformaci\u00f3n digital","link":"https:\/\/www.eldigitaldeasturias.com\/noticias\/rajoy-anuncia-que-su-gobierno-apoyara-la-transformacion-digital\/"}],"_links":{"self":[{"href":"https:\/\/www.eldigitaldeasturias.com\/noticias\/wp-json\/wp\/v2\/posts\/969284","targetHints":{"allow":["GET"]}}],"collection":[{"href":"https:\/\/www.eldigitaldeasturias.com\/noticias\/wp-json\/wp\/v2\/posts"}],"about":[{"href":"https:\/\/www.eldigitaldeasturias.com\/noticias\/wp-json\/wp\/v2\/types\/post"}],"author":[{"embeddable":true,"href":"https:\/\/www.eldigitaldeasturias.com\/noticias\/wp-json\/wp\/v2\/users\/1"}],"replies":[{"embeddable":true,"href":"https:\/\/www.eldigitaldeasturias.com\/noticias\/wp-json\/wp\/v2\/comments?post=969284"}],"version-history":[{"count":0,"href":"https:\/\/www.eldigitaldeasturias.com\/noticias\/wp-json\/wp\/v2\/posts\/969284\/revisions"}],"wp:attachment":[{"href":"https:\/\/www.eldigitaldeasturias.com\/noticias\/wp-json\/wp\/v2\/media?parent=969284"}],"wp:term":[{"taxonomy":"category","embeddable":true,"href":"https:\/\/www.eldigitaldeasturias.com\/noticias\/wp-json\/wp\/v2\/categories?post=969284"},{"taxonomy":"post_tag","embeddable":true,"href":"https:\/\/www.eldigitaldeasturias.com\/noticias\/wp-json\/wp\/v2\/tags?post=969284"}],"curies":[{"name":"wp","href":"https:\/\/api.w.org\/{rel}","templated":true}]}}