{"id":969282,"date":"2018-02-18T00:52:17","date_gmt":"2018-02-18T00:52:17","guid":{"rendered":"http:\/\/www.eldigitaldeasturias.com\/noticias\/?p=969282"},"modified":"2018-02-18T00:52:17","modified_gmt":"2018-02-18T00:52:17","slug":"aprobado-el-plan-anual-de-contratacion-de-defensa","status":"publish","type":"post","link":"https:\/\/www.eldigitaldeasturias.com\/noticias\/aprobado-el-plan-anual-de-contratacion-de-defensa\/","title":{"rendered":"Aprobado el Plan Anual de Contrataci\u00f3n de Defensa"},"content":{"rendered":"<p><img loading=\"lazy\" decoding=\"async\" class=\"alignleft size-medium wp-image-867614\" src=\"https:\/\/www.eldigitaldeasturias.com\/noticias\/wp-content\/uploads\/2016\/03\/ejercito-360x198.jpg\" alt=\"\" width=\"360\" height=\"198\" \/>El secretario de Estado de Defensa, Agust\u00edn Conde Baj\u00e9n, ha aprobado el Plan Anual de Contrataci\u00f3n de Defensa (PACDEF). Se prev\u00e9n, en total, 20.025 contratos, con un total de cr\u00e9dito estimado para ese gasto de 2.323,98 millones de euros.<\/p>\n<p>En palabras del secretario de Estado de Defensa, \u00abla transparencia, la trazabilidad de los contratos y de los recursos financieros del Estado, se asegura a trav\u00e9s de la aprobaci\u00f3n de instrumentos como estos, que aseguran a los ciudadanos el buen destino de los recursos p\u00fablicos\u00bb.<\/p>\n<p>EL PACDEF pretende, entre sus objetivos, fomentar la competencia, la eficacia y la eficiencia en la planificaci\u00f3n y programaci\u00f3n de los recursos materiales y humanos, y fundamentalmente la transparencia de todo el proceso de contrataci\u00f3n.<\/p>\n<p>Efectivamente, se cumple el mandato del art\u00edculo 6 de la Ley 19\/2013, de Transparencia y Buen Gobierno, as\u00ed como el art\u00edculo 28 de la Ley 9\/2017, de contratos del Sector P\u00fablico. Recoge las propuestas de contratos en las que se proponen su adjudicaci\u00f3n para los procedimientos abierto, restringido, negociado con publicidad, acuerdos marcos y del sistema de contrataci\u00f3n centralizada del Estado, ya sean de suministros, servicios o de obras.<\/p>\n<p>Se prev\u00e9n, en total, 20.025 contratos, con un total de cr\u00e9dito estimado para ese gasto de 2.323,98 millones de euros. No se incluyen los Programas Especiales de Armamento, que cuentan con una idiosincrasia particular. Se ha desarrollado un modelo por el que se estandariza y normaliza el objeto de los contratos que se celebran en el \u00e1mbito del Ministerio de Defensa y se ha implementado en la aplicaci\u00f3n, ya existente, SIDAE-PACDEF.<\/p>\n<p>De los 66 \u00f3rganos de contrataci\u00f3n existentes en el Ministerio de Defensa, 14 gestionan el 47% del n\u00famero total de los contratos que implican el 85% del presupuesto estimado. Los 52 \u00f3rganos restantes gestionan el 53% de los contratos, para el 15% del presupuesto previsto.<\/p>\n<p>Como novedades, se prev\u00e9 la evaluaci\u00f3n del PACDEF ejecutado en el ejercicio anterior, dentro de un proceso de mejora continua, ya que las conclusiones obtenidas, la experiencia acumulada y las lecciones aprendidas servir\u00e1n para guiar la elaboraci\u00f3n del PACDEF 2019. Adem\u00e1s incluye la aprobaci\u00f3n del Plan Anual de Contrataci\u00f3n Centralizada (PACC), instrumento fundamental que permite ahorro en gastos comunes de las Fuerzas Armadas.<\/p>\n","protected":false},"excerpt":{"rendered":"<p>El secretario de Estado de Defensa, Agust\u00edn Conde Baj\u00e9n, ha aprobado el Plan Anual de Contrataci\u00f3n de Defensa (PACDEF). Se prev\u00e9n, en total, 20.025 contratos, con un total de cr\u00e9dito estimado para ese gasto de 2.323,98 millones de euros. En palabras del secretario de Estado de Defensa, \u00abla transparencia, la trazabilidad de los contratos y [&hellip;]<\/p>\n","protected":false},"author":1,"featured_media":867614,"comment_status":"closed","ping_status":"closed","sticky":false,"template":"","format":"standard","meta":{"footnotes":""},"categories":[1],"tags":[],"class_list":["post-969282","post","type-post","status-publish","format-standard","has-post-thumbnail","hentry","category-actualidad"],"aioseo_notices":[],"aioseo_head":"\n\t\t<!-- All in One SEO Pro 5.0.1 - aioseo.com -->\n\t<meta name=\"description\" content=\"El secretario de Estado de Defensa, Agust\u00edn Conde Baj\u00e9n, ha aprobado el Plan Anual de Contrataci\u00f3n de Defensa (PACDEF). Se prev\u00e9n, en total, 20.025 contratos, con un total de cr\u00e9dito estimado para ese gasto de 2.323,98 millones de euros. En palabras del secretario de Estado de Defensa, &quot;la transparencia, la trazabilidad de los contratos y\" \/>\n\t<meta name=\"robots\" content=\"max-image-preview:large\" \/>\n\t<meta name=\"author\" content=\"El Digital de Asturias\"\/>\n\t<meta name=\"google-site-verification\" content=\"UA-38556648-1\" \/>\n\t<meta name=\"msvalidate.01\" content=\"7dfe9f3f1b24437ab69f4f2559babe99\" \/>\n\t<meta name=\"keywords\" content=\"actualidad\" \/>\n\t<link rel=\"canonical\" href=\"https:\/\/www.eldigitaldeasturias.com\/noticias\/aprobado-el-plan-anual-de-contratacion-de-defensa\/\" \/>\n\t<meta name=\"generator\" content=\"All in One SEO Pro (AIOSEO) 5.0.1\" \/>\n\t\t<meta property=\"og:locale\" content=\"es_ES\" \/>\n\t\t<meta property=\"og:site_name\" content=\"El Digital de Asturias\" \/>\n\t\t<meta property=\"og:type\" content=\"article\" \/>\n\t\t<meta property=\"og:title\" content=\"Aprobado el Plan Anual de Contrataci\u00f3n de Defensa - El Digital de Asturias\" \/>\n\t\t<meta property=\"og:description\" content=\"El secretario de Estado de Defensa, Agust\u00edn Conde Baj\u00e9n, ha aprobado el Plan Anual de Contrataci\u00f3n de Defensa (PACDEF). Se prev\u00e9n, en total, 20.025 contratos, con un total de cr\u00e9dito estimado para ese gasto de 2.323,98 millones de euros. En palabras del secretario de Estado de Defensa, &quot;la transparencia, la trazabilidad de los contratos y\" \/>\n\t\t<meta property=\"og:url\" content=\"https:\/\/www.eldigitaldeasturias.com\/noticias\/aprobado-el-plan-anual-de-contratacion-de-defensa\/\" \/>\n\t\t<meta property=\"article:tag\" content=\"actualidad\" \/>\n\t\t<meta property=\"article:published_time\" content=\"2018-02-18T00:52:17+00:00\" \/>\n\t\t<meta property=\"article:modified_time\" content=\"2018-02-18T00:52:17+00:00\" \/>\n\t\t<meta property=\"article:publisher\" content=\"https:\/\/facebook.com\/eldigitaldeasturias\" \/>\n\t\t<meta name=\"twitter:card\" content=\"summary_large_image\" \/>\n\t\t<meta name=\"twitter:title\" content=\"Aprobado el Plan Anual de Contrataci\u00f3n de Defensa - El Digital de Asturias\" \/>\n\t\t<meta name=\"twitter:description\" content=\"El secretario de Estado de Defensa, Agust\u00edn Conde Baj\u00e9n, ha aprobado el Plan Anual de Contrataci\u00f3n de Defensa (PACDEF). Se prev\u00e9n, en total, 20.025 contratos, con un total de cr\u00e9dito estimado para ese gasto de 2.323,98 millones de euros. En palabras del secretario de Estado de Defensa, &quot;la transparencia, la trazabilidad de los contratos y\" \/>\n\t\t<meta name=\"twitter:image\" content=\"https:\/\/www.eldigitaldeasturias.com\/noticias\/wp-content\/uploads\/2020\/12\/EDA-1.jpg\" \/>\n\t\t<meta name=\"twitter:label1\" content=\"Escrito por\" \/>\n\t\t<meta name=\"twitter:data1\" content=\"El Digital de Asturias\" \/>\n\t\t<meta name=\"twitter:label2\" content=\"Tiempo de lectura estimado\" \/>\n\t\t<meta name=\"twitter:data2\" content=\"2 minutos\" \/>\n\t\t<script type=\"application\/ld+json\" class=\"aioseo-schema\">\n\t\t\t{\"@context\":\"https:\\\/\\\/schema.org\",\"@graph\":[{\"@type\":\"BlogPosting\",\"@id\":\"https:\\\/\\\/www.eldigitaldeasturias.com\\\/noticias\\\/aprobado-el-plan-anual-de-contratacion-de-defensa\\\/#blogposting\",\"name\":\"Aprobado el Plan Anual de Contrataci\\u00f3n de Defensa - El Digital de Asturias\",\"headline\":\"Aprobado el Plan Anual de Contrataci\\u00f3n de Defensa\",\"author\":{\"@id\":\"https:\\\/\\\/www.eldigitaldeasturias.com\\\/noticias\\\/author\\\/admin\\\/#author\"},\"publisher\":{\"@id\":\"https:\\\/\\\/www.eldigitaldeasturias.com\\\/noticias\\\/#organization\"},\"image\":{\"@type\":\"ImageObject\",\"url\":867614},\"datePublished\":\"2018-02-18T00:52:17+01:00\",\"dateModified\":\"2018-02-18T00:52:17+01:00\",\"inLanguage\":\"es-ES\",\"mainEntityOfPage\":{\"@id\":\"https:\\\/\\\/www.eldigitaldeasturias.com\\\/noticias\\\/aprobado-el-plan-anual-de-contratacion-de-defensa\\\/#webpage\"},\"isPartOf\":{\"@id\":\"https:\\\/\\\/www.eldigitaldeasturias.com\\\/noticias\\\/aprobado-el-plan-anual-de-contratacion-de-defensa\\\/#webpage\"},\"articleSection\":\"Actualidad\"},{\"@type\":\"BreadcrumbList\",\"@id\":\"https:\\\/\\\/www.eldigitaldeasturias.com\\\/noticias\\\/aprobado-el-plan-anual-de-contratacion-de-defensa\\\/#breadcrumblist\",\"itemListElement\":[{\"@type\":\"ListItem\",\"@id\":\"https:\\\/\\\/www.eldigitaldeasturias.com\\\/noticias#listItem\",\"position\":1,\"name\":\"Home\",\"item\":\"https:\\\/\\\/www.eldigitaldeasturias.com\\\/noticias\",\"nextItem\":{\"@type\":\"ListItem\",\"@id\":\"https:\\\/\\\/www.eldigitaldeasturias.com\\\/noticias\\\/category\\\/actualidad\\\/#listItem\",\"name\":\"Actualidad\"}},{\"@type\":\"ListItem\",\"@id\":\"https:\\\/\\\/www.eldigitaldeasturias.com\\\/noticias\\\/category\\\/actualidad\\\/#listItem\",\"position\":2,\"name\":\"Actualidad\",\"item\":\"https:\\\/\\\/www.eldigitaldeasturias.com\\\/noticias\\\/category\\\/actualidad\\\/\",\"nextItem\":{\"@type\":\"ListItem\",\"@id\":\"https:\\\/\\\/www.eldigitaldeasturias.com\\\/noticias\\\/aprobado-el-plan-anual-de-contratacion-de-defensa\\\/#listItem\",\"name\":\"Aprobado el Plan Anual de Contrataci\\u00f3n de Defensa\"},\"previousItem\":{\"@type\":\"ListItem\",\"@id\":\"https:\\\/\\\/www.eldigitaldeasturias.com\\\/noticias#listItem\",\"name\":\"Home\"}},{\"@type\":\"ListItem\",\"@id\":\"https:\\\/\\\/www.eldigitaldeasturias.com\\\/noticias\\\/aprobado-el-plan-anual-de-contratacion-de-defensa\\\/#listItem\",\"position\":3,\"name\":\"Aprobado el Plan Anual de Contrataci\\u00f3n de Defensa\",\"previousItem\":{\"@type\":\"ListItem\",\"@id\":\"https:\\\/\\\/www.eldigitaldeasturias.com\\\/noticias\\\/category\\\/actualidad\\\/#listItem\",\"name\":\"Actualidad\"}}]},{\"@type\":\"Organization\",\"@id\":\"https:\\\/\\\/www.eldigitaldeasturias.com\\\/noticias\\\/#organization\",\"name\":\"El Digital de Asturias\",\"description\":\"Hemeroteca\",\"url\":\"https:\\\/\\\/www.eldigitaldeasturias.com\\\/noticias\\\/\",\"email\":\"info@eldigitaldeasturias.com\",\"telephone\":\"+34652131393\",\"logo\":{\"@type\":\"ImageObject\",\"url\":\"https:\\\/\\\/www.eldigitaldeasturias.com\\\/noticias\\\/wp-content\\\/uploads\\\/2020\\\/12\\\/EDA.jpg\",\"@id\":\"https:\\\/\\\/www.eldigitaldeasturias.com\\\/noticias\\\/aprobado-el-plan-anual-de-contratacion-de-defensa\\\/#organizationLogo\"},\"image\":{\"@id\":\"https:\\\/\\\/www.eldigitaldeasturias.com\\\/noticias\\\/aprobado-el-plan-anual-de-contratacion-de-defensa\\\/#organizationLogo\"},\"sameAs\":[\"https:\\\/\\\/facebook.com\\\/eldigitaldeasturias\",\"https:\\\/\\\/www.youtube.com\\\/channel\\\/UCZP-2wLEB9Rv6erhFmqVnvg\"],\"address\":{\"@id\":\"https:\\\/\\\/www.eldigitaldeasturias.com\\\/noticias\\\/#postaladdress\",\"@type\":\"PostalAddress\",\"streetAddress\":\"san antonio 4\",\"postalCode\":\"33430\",\"addressLocality\":\"Cand\\u00e1s\",\"addressRegion\":\"Asturias\",\"addressCountry\":\"ES\"}},{\"@type\":\"Person\",\"@id\":\"https:\\\/\\\/www.eldigitaldeasturias.com\\\/noticias\\\/author\\\/admin\\\/#author\",\"url\":\"https:\\\/\\\/www.eldigitaldeasturias.com\\\/noticias\\\/author\\\/admin\\\/\",\"name\":\"El Digital de Asturias\",\"image\":{\"@type\":\"ImageObject\",\"@id\":\"https:\\\/\\\/www.eldigitaldeasturias.com\\\/noticias\\\/aprobado-el-plan-anual-de-contratacion-de-defensa\\\/#authorImage\",\"url\":\"https:\\\/\\\/secure.gravatar.com\\\/avatar\\\/df2aeffc32bcd13f8d26072ef8a91b623d677766deac7f97ca815868cd41bf5e?s=96&d=mm&r=g\",\"width\":96,\"height\":96,\"caption\":\"El Digital de Asturias\"}},{\"@type\":\"WebPage\",\"@id\":\"https:\\\/\\\/www.eldigitaldeasturias.com\\\/noticias\\\/aprobado-el-plan-anual-de-contratacion-de-defensa\\\/#webpage\",\"url\":\"https:\\\/\\\/www.eldigitaldeasturias.com\\\/noticias\\\/aprobado-el-plan-anual-de-contratacion-de-defensa\\\/\",\"name\":\"Aprobado el Plan Anual de Contrataci\\u00f3n de Defensa - El Digital de Asturias\",\"description\":\"El secretario de Estado de Defensa, Agust\\u00edn Conde Baj\\u00e9n, ha aprobado el Plan Anual de Contrataci\\u00f3n de Defensa (PACDEF). Se prev\\u00e9n, en total, 20.025 contratos, con un total de cr\\u00e9dito estimado para ese gasto de 2.323,98 millones de euros. En palabras del secretario de Estado de Defensa, \\\"la transparencia, la trazabilidad de los contratos y\",\"inLanguage\":\"es-ES\",\"isPartOf\":{\"@id\":\"https:\\\/\\\/www.eldigitaldeasturias.com\\\/noticias\\\/#website\"},\"breadcrumb\":{\"@id\":\"https:\\\/\\\/www.eldigitaldeasturias.com\\\/noticias\\\/aprobado-el-plan-anual-de-contratacion-de-defensa\\\/#breadcrumblist\"},\"author\":{\"@id\":\"https:\\\/\\\/www.eldigitaldeasturias.com\\\/noticias\\\/author\\\/admin\\\/#author\"},\"creator\":{\"@id\":\"https:\\\/\\\/www.eldigitaldeasturias.com\\\/noticias\\\/author\\\/admin\\\/#author\"},\"image\":{\"@type\":\"ImageObject\",\"url\":867614,\"@id\":\"https:\\\/\\\/www.eldigitaldeasturias.com\\\/noticias\\\/aprobado-el-plan-anual-de-contratacion-de-defensa\\\/#mainImage\"},\"primaryImageOfPage\":{\"@id\":\"https:\\\/\\\/www.eldigitaldeasturias.com\\\/noticias\\\/aprobado-el-plan-anual-de-contratacion-de-defensa\\\/#mainImage\"},\"datePublished\":\"2018-02-18T00:52:17+01:00\",\"dateModified\":\"2018-02-18T00:52:17+01:00\"},{\"@type\":\"WebSite\",\"@id\":\"https:\\\/\\\/www.eldigitaldeasturias.com\\\/noticias\\\/#website\",\"url\":\"https:\\\/\\\/www.eldigitaldeasturias.com\\\/noticias\\\/\",\"name\":\"El Digital de Asturias - Diario de actualidad y noticias\",\"alternateName\":\"El Digital de Asturias - Diario de actualidad y noticias\",\"description\":\"Hemeroteca\",\"inLanguage\":\"es-ES\",\"publisher\":{\"@id\":\"https:\\\/\\\/www.eldigitaldeasturias.com\\\/noticias\\\/#organization\"}}]}\n\t\t<\/script>\n\t\t<!-- All in One SEO Pro -->\r\n\t\t<title>Aprobado el Plan Anual de Contrataci\u00f3n de Defensa - El Digital de Asturias<\/title>\n\n","aioseo_head_json":{"title":"Aprobado el Plan Anual de Contrataci\u00f3n de Defensa - El Digital de Asturias","description":"El secretario de Estado de Defensa, Agust\u00edn Conde Baj\u00e9n, ha aprobado el Plan Anual de Contrataci\u00f3n de Defensa (PACDEF). Se prev\u00e9n, en total, 20.025 contratos, con un total de cr\u00e9dito estimado para ese gasto de 2.323,98 millones de euros. En palabras del secretario de Estado de Defensa, \"la transparencia, la trazabilidad de los contratos y","canonical_url":"https:\/\/www.eldigitaldeasturias.com\/noticias\/aprobado-el-plan-anual-de-contratacion-de-defensa\/","robots":"max-image-preview:large","keywords":"actualidad","webmasterTools":{"google-site-verification":"UA-38556648-1","msvalidate.01":"7dfe9f3f1b24437ab69f4f2559babe99","miscellaneous":""},"schema":{"@context":"https:\/\/schema.org","@graph":[{"@type":"BlogPosting","@id":"https:\/\/www.eldigitaldeasturias.com\/noticias\/aprobado-el-plan-anual-de-contratacion-de-defensa\/#blogposting","name":"Aprobado el Plan Anual de Contrataci\u00f3n de Defensa - El Digital de Asturias","headline":"Aprobado el Plan Anual de Contrataci\u00f3n de Defensa","author":{"@id":"https:\/\/www.eldigitaldeasturias.com\/noticias\/author\/admin\/#author"},"publisher":{"@id":"https:\/\/www.eldigitaldeasturias.com\/noticias\/#organization"},"image":{"@type":"ImageObject","url":867614},"datePublished":"2018-02-18T00:52:17+01:00","dateModified":"2018-02-18T00:52:17+01:00","inLanguage":"es-ES","mainEntityOfPage":{"@id":"https:\/\/www.eldigitaldeasturias.com\/noticias\/aprobado-el-plan-anual-de-contratacion-de-defensa\/#webpage"},"isPartOf":{"@id":"https:\/\/www.eldigitaldeasturias.com\/noticias\/aprobado-el-plan-anual-de-contratacion-de-defensa\/#webpage"},"articleSection":"Actualidad"},{"@type":"BreadcrumbList","@id":"https:\/\/www.eldigitaldeasturias.com\/noticias\/aprobado-el-plan-anual-de-contratacion-de-defensa\/#breadcrumblist","itemListElement":[{"@type":"ListItem","@id":"https:\/\/www.eldigitaldeasturias.com\/noticias#listItem","position":1,"name":"Home","item":"https:\/\/www.eldigitaldeasturias.com\/noticias","nextItem":{"@type":"ListItem","@id":"https:\/\/www.eldigitaldeasturias.com\/noticias\/category\/actualidad\/#listItem","name":"Actualidad"}},{"@type":"ListItem","@id":"https:\/\/www.eldigitaldeasturias.com\/noticias\/category\/actualidad\/#listItem","position":2,"name":"Actualidad","item":"https:\/\/www.eldigitaldeasturias.com\/noticias\/category\/actualidad\/","nextItem":{"@type":"ListItem","@id":"https:\/\/www.eldigitaldeasturias.com\/noticias\/aprobado-el-plan-anual-de-contratacion-de-defensa\/#listItem","name":"Aprobado el Plan Anual de Contrataci\u00f3n de Defensa"},"previousItem":{"@type":"ListItem","@id":"https:\/\/www.eldigitaldeasturias.com\/noticias#listItem","name":"Home"}},{"@type":"ListItem","@id":"https:\/\/www.eldigitaldeasturias.com\/noticias\/aprobado-el-plan-anual-de-contratacion-de-defensa\/#listItem","position":3,"name":"Aprobado el Plan Anual de Contrataci\u00f3n de Defensa","previousItem":{"@type":"ListItem","@id":"https:\/\/www.eldigitaldeasturias.com\/noticias\/category\/actualidad\/#listItem","name":"Actualidad"}}]},{"@type":"Organization","@id":"https:\/\/www.eldigitaldeasturias.com\/noticias\/#organization","name":"El Digital de Asturias","description":"Hemeroteca","url":"https:\/\/www.eldigitaldeasturias.com\/noticias\/","email":"info@eldigitaldeasturias.com","telephone":"+34652131393","logo":{"@type":"ImageObject","url":"https:\/\/www.eldigitaldeasturias.com\/noticias\/wp-content\/uploads\/2020\/12\/EDA.jpg","@id":"https:\/\/www.eldigitaldeasturias.com\/noticias\/aprobado-el-plan-anual-de-contratacion-de-defensa\/#organizationLogo"},"image":{"@id":"https:\/\/www.eldigitaldeasturias.com\/noticias\/aprobado-el-plan-anual-de-contratacion-de-defensa\/#organizationLogo"},"sameAs":["https:\/\/facebook.com\/eldigitaldeasturias","https:\/\/www.youtube.com\/channel\/UCZP-2wLEB9Rv6erhFmqVnvg"],"address":{"@id":"https:\/\/www.eldigitaldeasturias.com\/noticias\/#postaladdress","@type":"PostalAddress","streetAddress":"san antonio 4","postalCode":"33430","addressLocality":"Cand\u00e1s","addressRegion":"Asturias","addressCountry":"ES"}},{"@type":"Person","@id":"https:\/\/www.eldigitaldeasturias.com\/noticias\/author\/admin\/#author","url":"https:\/\/www.eldigitaldeasturias.com\/noticias\/author\/admin\/","name":"El Digital de Asturias","image":{"@type":"ImageObject","@id":"https:\/\/www.eldigitaldeasturias.com\/noticias\/aprobado-el-plan-anual-de-contratacion-de-defensa\/#authorImage","url":"https:\/\/secure.gravatar.com\/avatar\/df2aeffc32bcd13f8d26072ef8a91b623d677766deac7f97ca815868cd41bf5e?s=96&d=mm&r=g","width":96,"height":96,"caption":"El Digital de Asturias"}},{"@type":"WebPage","@id":"https:\/\/www.eldigitaldeasturias.com\/noticias\/aprobado-el-plan-anual-de-contratacion-de-defensa\/#webpage","url":"https:\/\/www.eldigitaldeasturias.com\/noticias\/aprobado-el-plan-anual-de-contratacion-de-defensa\/","name":"Aprobado el Plan Anual de Contrataci\u00f3n de Defensa - El Digital de Asturias","description":"El secretario de Estado de Defensa, Agust\u00edn Conde Baj\u00e9n, ha aprobado el Plan Anual de Contrataci\u00f3n de Defensa (PACDEF). Se prev\u00e9n, en total, 20.025 contratos, con un total de cr\u00e9dito estimado para ese gasto de 2.323,98 millones de euros. En palabras del secretario de Estado de Defensa, \"la transparencia, la trazabilidad de los contratos y","inLanguage":"es-ES","isPartOf":{"@id":"https:\/\/www.eldigitaldeasturias.com\/noticias\/#website"},"breadcrumb":{"@id":"https:\/\/www.eldigitaldeasturias.com\/noticias\/aprobado-el-plan-anual-de-contratacion-de-defensa\/#breadcrumblist"},"author":{"@id":"https:\/\/www.eldigitaldeasturias.com\/noticias\/author\/admin\/#author"},"creator":{"@id":"https:\/\/www.eldigitaldeasturias.com\/noticias\/author\/admin\/#author"},"image":{"@type":"ImageObject","url":867614,"@id":"https:\/\/www.eldigitaldeasturias.com\/noticias\/aprobado-el-plan-anual-de-contratacion-de-defensa\/#mainImage"},"primaryImageOfPage":{"@id":"https:\/\/www.eldigitaldeasturias.com\/noticias\/aprobado-el-plan-anual-de-contratacion-de-defensa\/#mainImage"},"datePublished":"2018-02-18T00:52:17+01:00","dateModified":"2018-02-18T00:52:17+01:00"},{"@type":"WebSite","@id":"https:\/\/www.eldigitaldeasturias.com\/noticias\/#website","url":"https:\/\/www.eldigitaldeasturias.com\/noticias\/","name":"El Digital de Asturias - Diario de actualidad y noticias","alternateName":"El Digital de Asturias - Diario de actualidad y noticias","description":"Hemeroteca","inLanguage":"es-ES","publisher":{"@id":"https:\/\/www.eldigitaldeasturias.com\/noticias\/#organization"}}]},"og:locale":"es_ES","og:site_name":"El Digital de Asturias","og:type":"article","og:title":"Aprobado el Plan Anual de Contrataci\u00f3n de Defensa - El Digital de Asturias","og:description":"El secretario de Estado de Defensa, Agust\u00edn Conde Baj\u00e9n, ha aprobado el Plan Anual de Contrataci\u00f3n de Defensa (PACDEF). Se prev\u00e9n, en total, 20.025 contratos, con un total de cr\u00e9dito estimado para ese gasto de 2.323,98 millones de euros. En palabras del secretario de Estado de Defensa, &quot;la transparencia, la trazabilidad de los contratos y","og:url":"https:\/\/www.eldigitaldeasturias.com\/noticias\/aprobado-el-plan-anual-de-contratacion-de-defensa\/","article:tag":["actualidad"],"article:published_time":"2018-02-18T00:52:17+00:00","article:modified_time":"2018-02-18T00:52:17+00:00","article:publisher":"https:\/\/facebook.com\/eldigitaldeasturias","twitter:card":"summary_large_image","twitter:title":"Aprobado el Plan Anual de Contrataci\u00f3n de Defensa - El Digital de Asturias","twitter:description":"El secretario de Estado de Defensa, Agust\u00edn Conde Baj\u00e9n, ha aprobado el Plan Anual de Contrataci\u00f3n de Defensa (PACDEF). Se prev\u00e9n, en total, 20.025 contratos, con un total de cr\u00e9dito estimado para ese gasto de 2.323,98 millones de euros. En palabras del secretario de Estado de Defensa, &quot;la transparencia, la trazabilidad de los contratos y","twitter:image":"https:\/\/www.eldigitaldeasturias.com\/noticias\/wp-content\/uploads\/2020\/12\/EDA-1.jpg","twitter:label1":"Escrito por","twitter:data1":"El Digital de Asturias","twitter:label2":"Tiempo de lectura estimado","twitter:data2":"2 minutos"},"aioseo_meta_data":{"post_id":"969282","title":null,"description":null,"keywords":null,"keyphrases":null,"primary_term":null,"canonical_url":null,"og_title":null,"og_description":null,"og_object_type":"default","og_image_type":"default","og_image_url":null,"og_image_width":null,"og_image_height":null,"og_image_custom_url":null,"og_image_custom_fields":null,"og_video":null,"og_custom_url":null,"og_article_section":null,"og_article_tags":null,"twitter_use_og":false,"twitter_card":"default","twitter_image_type":"default","twitter_image_url":null,"twitter_image_custom_url":null,"twitter_image_custom_fields":null,"twitter_title":null,"twitter_description":null,"schema":{"blockGraphs":[],"customGraphs":[],"default":{"data":{"Article":[],"Course":[],"Dataset":[],"FAQPage":[],"Movie":[],"Person":[],"Product":[],"ProductReview":[],"Car":[],"Recipe":[],"Service":[],"SoftwareApplication":[],"WebPage":[]},"graphName":"","isEnabled":true},"graphs":[],"defaultGraph":"","defaultPostTypeGraph":""},"schema_type":null,"schema_type_options":null,"pillar_content":false,"robots_default":true,"robots_noindex":false,"robots_noarchive":false,"robots_nosnippet":false,"robots_nofollow":false,"robots_noimageindex":false,"robots_noodp":false,"robots_notranslate":false,"robots_max_snippet":null,"robots_max_videopreview":null,"robots_max_imagepreview":"large","priority":null,"frequency":null,"local_seo":null,"seo_analyzer_scan_date":"2025-10-07 01:25:10","breadcrumb_settings":null,"limit_modified_date":false,"open_ai":null,"ai":null,"created":"2020-12-21 12:27:37","updated":"2025-10-07 01:25:10","focus_keyword":null,"additional_keywords":null,"truseo_locale":null},"aioseo_breadcrumb":"<div class=\"aioseo-breadcrumbs\"><span class=\"aioseo-breadcrumb\">\n\t<a href=\"https:\/\/www.eldigitaldeasturias.com\/noticias\" title=\"Home\">Home<\/a>\n<\/span><span class=\"aioseo-breadcrumb-separator\">\u2013<\/span><span class=\"aioseo-breadcrumb\">\n\t<a href=\"https:\/\/www.eldigitaldeasturias.com\/noticias\/category\/actualidad\/\" title=\"Actualidad\">Actualidad<\/a>\n<\/span><span class=\"aioseo-breadcrumb-separator\">\u2013<\/span><span class=\"aioseo-breadcrumb\">\n\t<a href=\"https:\/\/www.eldigitaldeasturias.com\/noticias\/aprobado-el-plan-anual-de-contratacion-de-defensa\/\" title=\"Aprobado el Plan Anual de Contrataci\u00f3n de Defensa\">Aprobado el Plan Anual de Contrataci\u00f3n de Defensa<\/a>\n<\/span><\/div>","aioseo_breadcrumb_json":[{"label":"Home","link":"https:\/\/www.eldigitaldeasturias.com\/noticias"},{"label":"Actualidad","link":"https:\/\/www.eldigitaldeasturias.com\/noticias\/category\/actualidad\/"},{"label":"Aprobado el Plan Anual de Contrataci\u00f3n de Defensa","link":"https:\/\/www.eldigitaldeasturias.com\/noticias\/aprobado-el-plan-anual-de-contratacion-de-defensa\/"}],"_links":{"self":[{"href":"https:\/\/www.eldigitaldeasturias.com\/noticias\/wp-json\/wp\/v2\/posts\/969282","targetHints":{"allow":["GET"]}}],"collection":[{"href":"https:\/\/www.eldigitaldeasturias.com\/noticias\/wp-json\/wp\/v2\/posts"}],"about":[{"href":"https:\/\/www.eldigitaldeasturias.com\/noticias\/wp-json\/wp\/v2\/types\/post"}],"author":[{"embeddable":true,"href":"https:\/\/www.eldigitaldeasturias.com\/noticias\/wp-json\/wp\/v2\/users\/1"}],"replies":[{"embeddable":true,"href":"https:\/\/www.eldigitaldeasturias.com\/noticias\/wp-json\/wp\/v2\/comments?post=969282"}],"version-history":[{"count":0,"href":"https:\/\/www.eldigitaldeasturias.com\/noticias\/wp-json\/wp\/v2\/posts\/969282\/revisions"}],"wp:attachment":[{"href":"https:\/\/www.eldigitaldeasturias.com\/noticias\/wp-json\/wp\/v2\/media?parent=969282"}],"wp:term":[{"taxonomy":"category","embeddable":true,"href":"https:\/\/www.eldigitaldeasturias.com\/noticias\/wp-json\/wp\/v2\/categories?post=969282"},{"taxonomy":"post_tag","embeddable":true,"href":"https:\/\/www.eldigitaldeasturias.com\/noticias\/wp-json\/wp\/v2\/tags?post=969282"}],"curies":[{"name":"wp","href":"https:\/\/api.w.org\/{rel}","templated":true}]}}