{"id":969154,"date":"2018-02-16T23:32:31","date_gmt":"2018-02-16T23:32:31","guid":{"rendered":"http:\/\/www.eldigitaldeasturias.com\/noticias\/?p=969154"},"modified":"2018-02-16T23:32:31","modified_gmt":"2018-02-16T23:32:31","slug":"lilian-tintori-confirma-presiones-por-parte-de-cabello","status":"publish","type":"post","link":"https:\/\/www.eldigitaldeasturias.com\/noticias\/lilian-tintori-confirma-presiones-por-parte-de-cabello\/","title":{"rendered":"Lilian Tintori confirma \u00abpresiones\u00bb por parte de Cabello"},"content":{"rendered":"<p><img loading=\"lazy\" decoding=\"async\" class=\"alignleft size-medium wp-image-860183\" src=\"https:\/\/www.eldigitaldeasturias.com\/noticias\/wp-content\/uploads\/2016\/02\/fotonoticia_20160219101621_800-360x240.jpg\" alt=\"\" width=\"360\" height=\"240\" \/>Caracas, 16 feb (dpa) &#8211; La esposa del dirigente opositor venezolano Leopoldo L\u00f3pez, quien actualmente cumple pena de arresto domiciliario, asegur\u00f3 hoy que el dirigente oficialista Diosdado Cabello presion\u00f3 para lograr el enjuiciamiento y condena del dirigente pol\u00edtico.<\/p>\n<p>Durante un acto pol\u00edtico, Lilian Tintori denunci\u00f3 que Cabello se encarg\u00f3 de presionar a todo el aparato judicial para asegurarse que L\u00f3pez fuese encarcelado, luego de que el mi\u00e9rcoles la ex fiscal general Luisa Ortega D\u00edaz denunciara que Cabello la hab\u00eda presionado para lograr la condena del opositor.<\/p>\n<p>\u00abDiosdado no s\u00f3lo presion\u00f3 a la fiscal, presion\u00f3 a nuestra familia, a los padres de Leopoldo, a mis hijos, entraron a mi casa en la madrugada varias veces con hombres encapuchados con armas largas\u00bb, indic\u00f3 Tintori, quien hace 24 d\u00edas dio a luz a la tercera hija de su matrimonio con el opositor.<\/p>\n<p>Tintori, quien se desempe\u00f1a como activista de derechos humanos, record\u00f3 que L\u00f3pez fue acusado \u00abinjustamente\u00bb por los hechos de violencia ocurridos en una manifestaci\u00f3n celebrada el 12 de febrero de 2014 que deriv\u00f3 en actos de violencia y la muerte de dos personas.<\/p>\n<p>Seguidamente, la fiscal\u00eda imput\u00f3 a L\u00f3pez, quien pas\u00f3 seis d\u00edas escondido hasta que finalmente decidi\u00f3 entregarse a las autoridades el 18 de febrero y a pesar de que Cabello lo habr\u00eda presionado para exiliarse.<\/p>\n<p>Sin embargo, Tintori asegur\u00f3 que lo m\u00e1s grave se produjo luego de la entrega de L\u00f3pez, ya que Diosdado lo acompa\u00f1\u00f3 a los tribunales y orden\u00f3 acusar y detener al opositor.<\/p>\n<p>\u00abCuando llegamos al Palacio de Justicia, Diosdado Cabello llam\u00f3 por tel\u00e9fono y dijo: &#8216;aqu\u00ed tengo a L\u00f3pez&#8217;, le respondieron: &#8216;aqu\u00ed no tenemos ninguna acusaci\u00f3n para L\u00f3pez&#8217;. (y Cabello respondi\u00f3:) &#8216;Pues m\u00e1ndenla porque lo tengo aqu\u00ed, monten la acusaci\u00f3n y hagan el escrito porque aqu\u00ed lo tengo&#8217;. \u00a1No hab\u00eda nada contra Leopoldo! No hab\u00eda nada, era una orden directa de Diosdado Cabello, injusta\u00bb, rememor\u00f3.<\/p>\n<p>Estas declaraciones se producen un d\u00eda despu\u00e9s de que Ortega D\u00edaz denunciara en un programa de radio en Colombia haber sido presionada por Cabello para lograr la acusaci\u00f3n y condena de L\u00f3pez.<\/p>\n<p>\u00abMe presionaron para que dijera que el autor (de los homicidios) era Leopoldo\u00bb, confes\u00f3 la ex fiscal a la emisora colombiana Blu Radio. Al ser indagada sobre qui\u00e9n la presion\u00f3, respondi\u00f3: \u00abDiosdado Cabello\u00bb, quien es considerado el n\u00famero dos del oficialismo.<\/p>\n<p>Ortega D\u00edaz fue una simpatizante del oficialismo que el a\u00f1o pasado oficializ\u00f3 su ruptura con el presidente venezolano, Nicol\u00e1s Maduro, debido a su intenci\u00f3n de celebrar unos comicios para elegir una Asamblea Constituyente.<\/p>\n<p>La entonces fiscal intent\u00f3 infructuosamente impedir judicialmente los comicios y una vez que se instal\u00f3 la Constituyente, que es controlada enteramente por el oficialismo, este poder procedi\u00f3 a destituir a Ortega D\u00edaz, quien decidi\u00f3 exiliarse, y reemplazarla por el oficialista Tarek William Saab.<\/p>\n<p>L\u00f3pez fue condenado a trece a\u00f1os y nueve meses de prisi\u00f3n en septiembre de 2015. Sin embargo, el juicio estuvo envuelto en la pol\u00e9mica porque posteriormente fueron identificados los autores de los homicidios, quienes eran funcionarios de la polic\u00eda cient\u00edfica que carec\u00edan de v\u00ednculos con L\u00f3pez.<\/p>\n<p>Adicionalmente, uno de los fiscales acusadores de L\u00f3pez, Franklin Nieves, decidi\u00f3 exiliarse meses despu\u00e9s y denunci\u00f3 desde Estados Unidos que hab\u00eda sido obligado a manipular las pruebas para poder incriminar al dirigente opositor.<\/p>\n<p>Numerosos Gobiernos y organizaciones de derechos humanos internacionales consideran a L\u00f3pez como un prisionero pol\u00edtico, pero Maduro lo ha calificado de \u00abmonstruo\u00bb y \u00abasesino\u00bb.<\/p>\n","protected":false},"excerpt":{"rendered":"<p>Caracas, 16 feb (dpa) &#8211; La esposa del dirigente opositor venezolano Leopoldo L\u00f3pez, quien actualmente cumple pena de arresto domiciliario, asegur\u00f3 hoy que el dirigente oficialista Diosdado Cabello presion\u00f3 para lograr el enjuiciamiento y condena del dirigente pol\u00edtico. Durante un acto pol\u00edtico, Lilian Tintori denunci\u00f3 que Cabello se encarg\u00f3 de presionar a todo el aparato [&hellip;]<\/p>\n","protected":false},"author":1,"featured_media":860183,"comment_status":"closed","ping_status":"closed","sticky":false,"template":"","format":"standard","meta":{"footnotes":""},"categories":[1],"tags":[],"class_list":["post-969154","post","type-post","status-publish","format-standard","has-post-thumbnail","hentry","category-actualidad"],"aioseo_notices":[],"aioseo_head":"\n\t\t<!-- All in One SEO Pro 5.0.1 - aioseo.com -->\n\t<meta name=\"description\" content=\"Caracas, 16 feb (dpa) - La esposa del dirigente opositor venezolano Leopoldo L\u00f3pez, quien actualmente cumple pena de arresto domiciliario, asegur\u00f3 hoy que el dirigente oficialista Diosdado Cabello presion\u00f3 para lograr el enjuiciamiento y condena del dirigente pol\u00edtico. Durante un acto pol\u00edtico, Lilian Tintori denunci\u00f3 que Cabello se encarg\u00f3 de presionar a todo el aparato\" \/>\n\t<meta name=\"robots\" content=\"max-image-preview:large\" \/>\n\t<meta name=\"author\" content=\"El Digital de Asturias\"\/>\n\t<meta name=\"google-site-verification\" content=\"UA-38556648-1\" \/>\n\t<meta name=\"msvalidate.01\" content=\"7dfe9f3f1b24437ab69f4f2559babe99\" \/>\n\t<meta name=\"keywords\" content=\"actualidad\" \/>\n\t<link rel=\"canonical\" href=\"https:\/\/www.eldigitaldeasturias.com\/noticias\/lilian-tintori-confirma-presiones-por-parte-de-cabello\/\" \/>\n\t<meta name=\"generator\" content=\"All in One SEO Pro (AIOSEO) 5.0.1\" \/>\n\t\t<meta property=\"og:locale\" content=\"es_ES\" \/>\n\t\t<meta property=\"og:site_name\" content=\"El Digital de Asturias\" \/>\n\t\t<meta property=\"og:type\" content=\"article\" \/>\n\t\t<meta property=\"og:title\" content=\"Lilian Tintori confirma \u00abpresiones\u00bb por parte de Cabello - El Digital de Asturias\" \/>\n\t\t<meta property=\"og:description\" content=\"Caracas, 16 feb (dpa) - La esposa del dirigente opositor venezolano Leopoldo L\u00f3pez, quien actualmente cumple pena de arresto domiciliario, asegur\u00f3 hoy que el dirigente oficialista Diosdado Cabello presion\u00f3 para lograr el enjuiciamiento y condena del dirigente pol\u00edtico. Durante un acto pol\u00edtico, Lilian Tintori denunci\u00f3 que Cabello se encarg\u00f3 de presionar a todo el aparato\" \/>\n\t\t<meta property=\"og:url\" content=\"https:\/\/www.eldigitaldeasturias.com\/noticias\/lilian-tintori-confirma-presiones-por-parte-de-cabello\/\" \/>\n\t\t<meta property=\"article:tag\" content=\"actualidad\" \/>\n\t\t<meta property=\"article:published_time\" content=\"2018-02-16T23:32:31+00:00\" \/>\n\t\t<meta property=\"article:modified_time\" content=\"2018-02-16T23:32:31+00:00\" \/>\n\t\t<meta property=\"article:publisher\" content=\"https:\/\/facebook.com\/eldigitaldeasturias\" \/>\n\t\t<meta name=\"twitter:card\" content=\"summary_large_image\" \/>\n\t\t<meta name=\"twitter:title\" content=\"Lilian Tintori confirma \u00abpresiones\u00bb por parte de Cabello - El Digital de Asturias\" \/>\n\t\t<meta name=\"twitter:description\" content=\"Caracas, 16 feb (dpa) - La esposa del dirigente opositor venezolano Leopoldo L\u00f3pez, quien actualmente cumple pena de arresto domiciliario, asegur\u00f3 hoy que el dirigente oficialista Diosdado Cabello presion\u00f3 para lograr el enjuiciamiento y condena del dirigente pol\u00edtico. Durante un acto pol\u00edtico, Lilian Tintori denunci\u00f3 que Cabello se encarg\u00f3 de presionar a todo el aparato\" \/>\n\t\t<meta name=\"twitter:image\" content=\"https:\/\/www.eldigitaldeasturias.com\/noticias\/wp-content\/uploads\/2020\/12\/EDA-1.jpg\" \/>\n\t\t<meta name=\"twitter:label1\" content=\"Escrito por\" \/>\n\t\t<meta name=\"twitter:data1\" content=\"El Digital de Asturias\" \/>\n\t\t<meta name=\"twitter:label2\" content=\"Tiempo de lectura estimado\" \/>\n\t\t<meta name=\"twitter:data2\" content=\"3 minutos\" \/>\n\t\t<script type=\"application\/ld+json\" class=\"aioseo-schema\">\n\t\t\t{\"@context\":\"https:\\\/\\\/schema.org\",\"@graph\":[{\"@type\":\"BlogPosting\",\"@id\":\"https:\\\/\\\/www.eldigitaldeasturias.com\\\/noticias\\\/lilian-tintori-confirma-presiones-por-parte-de-cabello\\\/#blogposting\",\"name\":\"Lilian Tintori confirma \\u00abpresiones\\u00bb por parte de Cabello - El Digital de Asturias\",\"headline\":\"Lilian Tintori confirma \\u00abpresiones\\u00bb por parte de Cabello\",\"author\":{\"@id\":\"https:\\\/\\\/www.eldigitaldeasturias.com\\\/noticias\\\/author\\\/admin\\\/#author\"},\"publisher\":{\"@id\":\"https:\\\/\\\/www.eldigitaldeasturias.com\\\/noticias\\\/#organization\"},\"image\":{\"@type\":\"ImageObject\",\"url\":860183},\"datePublished\":\"2018-02-16T23:32:31+01:00\",\"dateModified\":\"2018-02-16T23:32:31+01:00\",\"inLanguage\":\"es-ES\",\"mainEntityOfPage\":{\"@id\":\"https:\\\/\\\/www.eldigitaldeasturias.com\\\/noticias\\\/lilian-tintori-confirma-presiones-por-parte-de-cabello\\\/#webpage\"},\"isPartOf\":{\"@id\":\"https:\\\/\\\/www.eldigitaldeasturias.com\\\/noticias\\\/lilian-tintori-confirma-presiones-por-parte-de-cabello\\\/#webpage\"},\"articleSection\":\"Actualidad\"},{\"@type\":\"BreadcrumbList\",\"@id\":\"https:\\\/\\\/www.eldigitaldeasturias.com\\\/noticias\\\/lilian-tintori-confirma-presiones-por-parte-de-cabello\\\/#breadcrumblist\",\"itemListElement\":[{\"@type\":\"ListItem\",\"@id\":\"https:\\\/\\\/www.eldigitaldeasturias.com\\\/noticias#listItem\",\"position\":1,\"name\":\"Home\",\"item\":\"https:\\\/\\\/www.eldigitaldeasturias.com\\\/noticias\",\"nextItem\":{\"@type\":\"ListItem\",\"@id\":\"https:\\\/\\\/www.eldigitaldeasturias.com\\\/noticias\\\/category\\\/actualidad\\\/#listItem\",\"name\":\"Actualidad\"}},{\"@type\":\"ListItem\",\"@id\":\"https:\\\/\\\/www.eldigitaldeasturias.com\\\/noticias\\\/category\\\/actualidad\\\/#listItem\",\"position\":2,\"name\":\"Actualidad\",\"item\":\"https:\\\/\\\/www.eldigitaldeasturias.com\\\/noticias\\\/category\\\/actualidad\\\/\",\"nextItem\":{\"@type\":\"ListItem\",\"@id\":\"https:\\\/\\\/www.eldigitaldeasturias.com\\\/noticias\\\/lilian-tintori-confirma-presiones-por-parte-de-cabello\\\/#listItem\",\"name\":\"Lilian Tintori confirma \\u00abpresiones\\u00bb por parte de Cabello\"},\"previousItem\":{\"@type\":\"ListItem\",\"@id\":\"https:\\\/\\\/www.eldigitaldeasturias.com\\\/noticias#listItem\",\"name\":\"Home\"}},{\"@type\":\"ListItem\",\"@id\":\"https:\\\/\\\/www.eldigitaldeasturias.com\\\/noticias\\\/lilian-tintori-confirma-presiones-por-parte-de-cabello\\\/#listItem\",\"position\":3,\"name\":\"Lilian Tintori confirma \\u00abpresiones\\u00bb por parte de Cabello\",\"previousItem\":{\"@type\":\"ListItem\",\"@id\":\"https:\\\/\\\/www.eldigitaldeasturias.com\\\/noticias\\\/category\\\/actualidad\\\/#listItem\",\"name\":\"Actualidad\"}}]},{\"@type\":\"Organization\",\"@id\":\"https:\\\/\\\/www.eldigitaldeasturias.com\\\/noticias\\\/#organization\",\"name\":\"El Digital de Asturias\",\"description\":\"Hemeroteca\",\"url\":\"https:\\\/\\\/www.eldigitaldeasturias.com\\\/noticias\\\/\",\"email\":\"info@eldigitaldeasturias.com\",\"telephone\":\"+34652131393\",\"logo\":{\"@type\":\"ImageObject\",\"url\":\"https:\\\/\\\/www.eldigitaldeasturias.com\\\/noticias\\\/wp-content\\\/uploads\\\/2020\\\/12\\\/EDA.jpg\",\"@id\":\"https:\\\/\\\/www.eldigitaldeasturias.com\\\/noticias\\\/lilian-tintori-confirma-presiones-por-parte-de-cabello\\\/#organizationLogo\"},\"image\":{\"@id\":\"https:\\\/\\\/www.eldigitaldeasturias.com\\\/noticias\\\/lilian-tintori-confirma-presiones-por-parte-de-cabello\\\/#organizationLogo\"},\"sameAs\":[\"https:\\\/\\\/facebook.com\\\/eldigitaldeasturias\",\"https:\\\/\\\/www.youtube.com\\\/channel\\\/UCZP-2wLEB9Rv6erhFmqVnvg\"],\"address\":{\"@id\":\"https:\\\/\\\/www.eldigitaldeasturias.com\\\/noticias\\\/#postaladdress\",\"@type\":\"PostalAddress\",\"streetAddress\":\"san antonio 4\",\"postalCode\":\"33430\",\"addressLocality\":\"Cand\\u00e1s\",\"addressRegion\":\"Asturias\",\"addressCountry\":\"ES\"}},{\"@type\":\"Person\",\"@id\":\"https:\\\/\\\/www.eldigitaldeasturias.com\\\/noticias\\\/author\\\/admin\\\/#author\",\"url\":\"https:\\\/\\\/www.eldigitaldeasturias.com\\\/noticias\\\/author\\\/admin\\\/\",\"name\":\"El Digital de Asturias\",\"image\":{\"@type\":\"ImageObject\",\"@id\":\"https:\\\/\\\/www.eldigitaldeasturias.com\\\/noticias\\\/lilian-tintori-confirma-presiones-por-parte-de-cabello\\\/#authorImage\",\"url\":\"https:\\\/\\\/secure.gravatar.com\\\/avatar\\\/df2aeffc32bcd13f8d26072ef8a91b623d677766deac7f97ca815868cd41bf5e?s=96&d=mm&r=g\",\"width\":96,\"height\":96,\"caption\":\"El Digital de Asturias\"}},{\"@type\":\"WebPage\",\"@id\":\"https:\\\/\\\/www.eldigitaldeasturias.com\\\/noticias\\\/lilian-tintori-confirma-presiones-por-parte-de-cabello\\\/#webpage\",\"url\":\"https:\\\/\\\/www.eldigitaldeasturias.com\\\/noticias\\\/lilian-tintori-confirma-presiones-por-parte-de-cabello\\\/\",\"name\":\"Lilian Tintori confirma \\u00abpresiones\\u00bb por parte de Cabello - El Digital de Asturias\",\"description\":\"Caracas, 16 feb (dpa) - La esposa del dirigente opositor venezolano Leopoldo L\\u00f3pez, quien actualmente cumple pena de arresto domiciliario, asegur\\u00f3 hoy que el dirigente oficialista Diosdado Cabello presion\\u00f3 para lograr el enjuiciamiento y condena del dirigente pol\\u00edtico. Durante un acto pol\\u00edtico, Lilian Tintori denunci\\u00f3 que Cabello se encarg\\u00f3 de presionar a todo el aparato\",\"inLanguage\":\"es-ES\",\"isPartOf\":{\"@id\":\"https:\\\/\\\/www.eldigitaldeasturias.com\\\/noticias\\\/#website\"},\"breadcrumb\":{\"@id\":\"https:\\\/\\\/www.eldigitaldeasturias.com\\\/noticias\\\/lilian-tintori-confirma-presiones-por-parte-de-cabello\\\/#breadcrumblist\"},\"author\":{\"@id\":\"https:\\\/\\\/www.eldigitaldeasturias.com\\\/noticias\\\/author\\\/admin\\\/#author\"},\"creator\":{\"@id\":\"https:\\\/\\\/www.eldigitaldeasturias.com\\\/noticias\\\/author\\\/admin\\\/#author\"},\"image\":{\"@type\":\"ImageObject\",\"url\":860183,\"@id\":\"https:\\\/\\\/www.eldigitaldeasturias.com\\\/noticias\\\/lilian-tintori-confirma-presiones-por-parte-de-cabello\\\/#mainImage\"},\"primaryImageOfPage\":{\"@id\":\"https:\\\/\\\/www.eldigitaldeasturias.com\\\/noticias\\\/lilian-tintori-confirma-presiones-por-parte-de-cabello\\\/#mainImage\"},\"datePublished\":\"2018-02-16T23:32:31+01:00\",\"dateModified\":\"2018-02-16T23:32:31+01:00\"},{\"@type\":\"WebSite\",\"@id\":\"https:\\\/\\\/www.eldigitaldeasturias.com\\\/noticias\\\/#website\",\"url\":\"https:\\\/\\\/www.eldigitaldeasturias.com\\\/noticias\\\/\",\"name\":\"El Digital de Asturias - Diario de actualidad y noticias\",\"alternateName\":\"El Digital de Asturias - Diario de actualidad y noticias\",\"description\":\"Hemeroteca\",\"inLanguage\":\"es-ES\",\"publisher\":{\"@id\":\"https:\\\/\\\/www.eldigitaldeasturias.com\\\/noticias\\\/#organization\"}}]}\n\t\t<\/script>\n\t\t<!-- All in One SEO Pro -->\r\n\t\t<title>Lilian Tintori confirma \u00abpresiones\u00bb por parte de Cabello - El Digital de Asturias<\/title>\n\n","aioseo_head_json":{"title":"Lilian Tintori confirma \u00abpresiones\u00bb por parte de Cabello - El Digital de Asturias","description":"Caracas, 16 feb (dpa) - La esposa del dirigente opositor venezolano Leopoldo L\u00f3pez, quien actualmente cumple pena de arresto domiciliario, asegur\u00f3 hoy que el dirigente oficialista Diosdado Cabello presion\u00f3 para lograr el enjuiciamiento y condena del dirigente pol\u00edtico. Durante un acto pol\u00edtico, Lilian Tintori denunci\u00f3 que Cabello se encarg\u00f3 de presionar a todo el aparato","canonical_url":"https:\/\/www.eldigitaldeasturias.com\/noticias\/lilian-tintori-confirma-presiones-por-parte-de-cabello\/","robots":"max-image-preview:large","keywords":"actualidad","webmasterTools":{"google-site-verification":"UA-38556648-1","msvalidate.01":"7dfe9f3f1b24437ab69f4f2559babe99","miscellaneous":""},"schema":{"@context":"https:\/\/schema.org","@graph":[{"@type":"BlogPosting","@id":"https:\/\/www.eldigitaldeasturias.com\/noticias\/lilian-tintori-confirma-presiones-por-parte-de-cabello\/#blogposting","name":"Lilian Tintori confirma \u00abpresiones\u00bb por parte de Cabello - El Digital de Asturias","headline":"Lilian Tintori confirma \u00abpresiones\u00bb por parte de Cabello","author":{"@id":"https:\/\/www.eldigitaldeasturias.com\/noticias\/author\/admin\/#author"},"publisher":{"@id":"https:\/\/www.eldigitaldeasturias.com\/noticias\/#organization"},"image":{"@type":"ImageObject","url":860183},"datePublished":"2018-02-16T23:32:31+01:00","dateModified":"2018-02-16T23:32:31+01:00","inLanguage":"es-ES","mainEntityOfPage":{"@id":"https:\/\/www.eldigitaldeasturias.com\/noticias\/lilian-tintori-confirma-presiones-por-parte-de-cabello\/#webpage"},"isPartOf":{"@id":"https:\/\/www.eldigitaldeasturias.com\/noticias\/lilian-tintori-confirma-presiones-por-parte-de-cabello\/#webpage"},"articleSection":"Actualidad"},{"@type":"BreadcrumbList","@id":"https:\/\/www.eldigitaldeasturias.com\/noticias\/lilian-tintori-confirma-presiones-por-parte-de-cabello\/#breadcrumblist","itemListElement":[{"@type":"ListItem","@id":"https:\/\/www.eldigitaldeasturias.com\/noticias#listItem","position":1,"name":"Home","item":"https:\/\/www.eldigitaldeasturias.com\/noticias","nextItem":{"@type":"ListItem","@id":"https:\/\/www.eldigitaldeasturias.com\/noticias\/category\/actualidad\/#listItem","name":"Actualidad"}},{"@type":"ListItem","@id":"https:\/\/www.eldigitaldeasturias.com\/noticias\/category\/actualidad\/#listItem","position":2,"name":"Actualidad","item":"https:\/\/www.eldigitaldeasturias.com\/noticias\/category\/actualidad\/","nextItem":{"@type":"ListItem","@id":"https:\/\/www.eldigitaldeasturias.com\/noticias\/lilian-tintori-confirma-presiones-por-parte-de-cabello\/#listItem","name":"Lilian Tintori confirma \u00abpresiones\u00bb por parte de Cabello"},"previousItem":{"@type":"ListItem","@id":"https:\/\/www.eldigitaldeasturias.com\/noticias#listItem","name":"Home"}},{"@type":"ListItem","@id":"https:\/\/www.eldigitaldeasturias.com\/noticias\/lilian-tintori-confirma-presiones-por-parte-de-cabello\/#listItem","position":3,"name":"Lilian Tintori confirma \u00abpresiones\u00bb por parte de Cabello","previousItem":{"@type":"ListItem","@id":"https:\/\/www.eldigitaldeasturias.com\/noticias\/category\/actualidad\/#listItem","name":"Actualidad"}}]},{"@type":"Organization","@id":"https:\/\/www.eldigitaldeasturias.com\/noticias\/#organization","name":"El Digital de Asturias","description":"Hemeroteca","url":"https:\/\/www.eldigitaldeasturias.com\/noticias\/","email":"info@eldigitaldeasturias.com","telephone":"+34652131393","logo":{"@type":"ImageObject","url":"https:\/\/www.eldigitaldeasturias.com\/noticias\/wp-content\/uploads\/2020\/12\/EDA.jpg","@id":"https:\/\/www.eldigitaldeasturias.com\/noticias\/lilian-tintori-confirma-presiones-por-parte-de-cabello\/#organizationLogo"},"image":{"@id":"https:\/\/www.eldigitaldeasturias.com\/noticias\/lilian-tintori-confirma-presiones-por-parte-de-cabello\/#organizationLogo"},"sameAs":["https:\/\/facebook.com\/eldigitaldeasturias","https:\/\/www.youtube.com\/channel\/UCZP-2wLEB9Rv6erhFmqVnvg"],"address":{"@id":"https:\/\/www.eldigitaldeasturias.com\/noticias\/#postaladdress","@type":"PostalAddress","streetAddress":"san antonio 4","postalCode":"33430","addressLocality":"Cand\u00e1s","addressRegion":"Asturias","addressCountry":"ES"}},{"@type":"Person","@id":"https:\/\/www.eldigitaldeasturias.com\/noticias\/author\/admin\/#author","url":"https:\/\/www.eldigitaldeasturias.com\/noticias\/author\/admin\/","name":"El Digital de Asturias","image":{"@type":"ImageObject","@id":"https:\/\/www.eldigitaldeasturias.com\/noticias\/lilian-tintori-confirma-presiones-por-parte-de-cabello\/#authorImage","url":"https:\/\/secure.gravatar.com\/avatar\/df2aeffc32bcd13f8d26072ef8a91b623d677766deac7f97ca815868cd41bf5e?s=96&d=mm&r=g","width":96,"height":96,"caption":"El Digital de Asturias"}},{"@type":"WebPage","@id":"https:\/\/www.eldigitaldeasturias.com\/noticias\/lilian-tintori-confirma-presiones-por-parte-de-cabello\/#webpage","url":"https:\/\/www.eldigitaldeasturias.com\/noticias\/lilian-tintori-confirma-presiones-por-parte-de-cabello\/","name":"Lilian Tintori confirma \u00abpresiones\u00bb por parte de Cabello - El Digital de Asturias","description":"Caracas, 16 feb (dpa) - La esposa del dirigente opositor venezolano Leopoldo L\u00f3pez, quien actualmente cumple pena de arresto domiciliario, asegur\u00f3 hoy que el dirigente oficialista Diosdado Cabello presion\u00f3 para lograr el enjuiciamiento y condena del dirigente pol\u00edtico. Durante un acto pol\u00edtico, Lilian Tintori denunci\u00f3 que Cabello se encarg\u00f3 de presionar a todo el aparato","inLanguage":"es-ES","isPartOf":{"@id":"https:\/\/www.eldigitaldeasturias.com\/noticias\/#website"},"breadcrumb":{"@id":"https:\/\/www.eldigitaldeasturias.com\/noticias\/lilian-tintori-confirma-presiones-por-parte-de-cabello\/#breadcrumblist"},"author":{"@id":"https:\/\/www.eldigitaldeasturias.com\/noticias\/author\/admin\/#author"},"creator":{"@id":"https:\/\/www.eldigitaldeasturias.com\/noticias\/author\/admin\/#author"},"image":{"@type":"ImageObject","url":860183,"@id":"https:\/\/www.eldigitaldeasturias.com\/noticias\/lilian-tintori-confirma-presiones-por-parte-de-cabello\/#mainImage"},"primaryImageOfPage":{"@id":"https:\/\/www.eldigitaldeasturias.com\/noticias\/lilian-tintori-confirma-presiones-por-parte-de-cabello\/#mainImage"},"datePublished":"2018-02-16T23:32:31+01:00","dateModified":"2018-02-16T23:32:31+01:00"},{"@type":"WebSite","@id":"https:\/\/www.eldigitaldeasturias.com\/noticias\/#website","url":"https:\/\/www.eldigitaldeasturias.com\/noticias\/","name":"El Digital de Asturias - Diario de actualidad y noticias","alternateName":"El Digital de Asturias - Diario de actualidad y noticias","description":"Hemeroteca","inLanguage":"es-ES","publisher":{"@id":"https:\/\/www.eldigitaldeasturias.com\/noticias\/#organization"}}]},"og:locale":"es_ES","og:site_name":"El Digital de Asturias","og:type":"article","og:title":"Lilian Tintori confirma \u00abpresiones\u00bb por parte de Cabello - El Digital de Asturias","og:description":"Caracas, 16 feb (dpa) - La esposa del dirigente opositor venezolano Leopoldo L\u00f3pez, quien actualmente cumple pena de arresto domiciliario, asegur\u00f3 hoy que el dirigente oficialista Diosdado Cabello presion\u00f3 para lograr el enjuiciamiento y condena del dirigente pol\u00edtico. Durante un acto pol\u00edtico, Lilian Tintori denunci\u00f3 que Cabello se encarg\u00f3 de presionar a todo el aparato","og:url":"https:\/\/www.eldigitaldeasturias.com\/noticias\/lilian-tintori-confirma-presiones-por-parte-de-cabello\/","article:tag":["actualidad"],"article:published_time":"2018-02-16T23:32:31+00:00","article:modified_time":"2018-02-16T23:32:31+00:00","article:publisher":"https:\/\/facebook.com\/eldigitaldeasturias","twitter:card":"summary_large_image","twitter:title":"Lilian Tintori confirma \u00abpresiones\u00bb por parte de Cabello - El Digital de Asturias","twitter:description":"Caracas, 16 feb (dpa) - La esposa del dirigente opositor venezolano Leopoldo L\u00f3pez, quien actualmente cumple pena de arresto domiciliario, asegur\u00f3 hoy que el dirigente oficialista Diosdado Cabello presion\u00f3 para lograr el enjuiciamiento y condena del dirigente pol\u00edtico. Durante un acto pol\u00edtico, Lilian Tintori denunci\u00f3 que Cabello se encarg\u00f3 de presionar a todo el aparato","twitter:image":"https:\/\/www.eldigitaldeasturias.com\/noticias\/wp-content\/uploads\/2020\/12\/EDA-1.jpg","twitter:label1":"Escrito por","twitter:data1":"El Digital de Asturias","twitter:label2":"Tiempo de lectura estimado","twitter:data2":"3 minutos"},"aioseo_meta_data":{"post_id":"969154","title":null,"description":null,"keywords":null,"keyphrases":null,"primary_term":null,"canonical_url":null,"og_title":null,"og_description":null,"og_object_type":"default","og_image_type":"default","og_image_url":null,"og_image_width":null,"og_image_height":null,"og_image_custom_url":null,"og_image_custom_fields":null,"og_video":null,"og_custom_url":null,"og_article_section":null,"og_article_tags":null,"twitter_use_og":false,"twitter_card":"default","twitter_image_type":"default","twitter_image_url":null,"twitter_image_custom_url":null,"twitter_image_custom_fields":null,"twitter_title":null,"twitter_description":null,"schema":{"blockGraphs":[],"customGraphs":[],"default":{"data":{"Article":[],"Course":[],"Dataset":[],"FAQPage":[],"Movie":[],"Person":[],"Product":[],"ProductReview":[],"Car":[],"Recipe":[],"Service":[],"SoftwareApplication":[],"WebPage":[]},"graphName":"","isEnabled":true},"graphs":[],"defaultGraph":"","defaultPostTypeGraph":""},"schema_type":null,"schema_type_options":null,"pillar_content":false,"robots_default":true,"robots_noindex":false,"robots_noarchive":false,"robots_nosnippet":false,"robots_nofollow":false,"robots_noimageindex":false,"robots_noodp":false,"robots_notranslate":false,"robots_max_snippet":null,"robots_max_videopreview":null,"robots_max_imagepreview":"large","priority":null,"frequency":null,"local_seo":null,"seo_analyzer_scan_date":"2025-10-07 00:58:22","breadcrumb_settings":null,"limit_modified_date":false,"open_ai":null,"ai":null,"created":"2020-12-21 12:27:37","updated":"2025-10-07 00:58:22","focus_keyword":null,"additional_keywords":null,"truseo_locale":null},"aioseo_breadcrumb":"<div class=\"aioseo-breadcrumbs\"><span class=\"aioseo-breadcrumb\">\n\t<a href=\"https:\/\/www.eldigitaldeasturias.com\/noticias\" title=\"Home\">Home<\/a>\n<\/span><span class=\"aioseo-breadcrumb-separator\">\u2013<\/span><span class=\"aioseo-breadcrumb\">\n\t<a href=\"https:\/\/www.eldigitaldeasturias.com\/noticias\/category\/actualidad\/\" title=\"Actualidad\">Actualidad<\/a>\n<\/span><span class=\"aioseo-breadcrumb-separator\">\u2013<\/span><span class=\"aioseo-breadcrumb\">\n\t<a href=\"https:\/\/www.eldigitaldeasturias.com\/noticias\/lilian-tintori-confirma-presiones-por-parte-de-cabello\/\" title=\"Lilian Tintori confirma \u00abpresiones\u00bb por parte de Cabello\">Lilian Tintori confirma \u00abpresiones\u00bb por parte de Cabello<\/a>\n<\/span><\/div>","aioseo_breadcrumb_json":[{"label":"Home","link":"https:\/\/www.eldigitaldeasturias.com\/noticias"},{"label":"Actualidad","link":"https:\/\/www.eldigitaldeasturias.com\/noticias\/category\/actualidad\/"},{"label":"Lilian Tintori confirma \u00abpresiones\u00bb por parte de Cabello","link":"https:\/\/www.eldigitaldeasturias.com\/noticias\/lilian-tintori-confirma-presiones-por-parte-de-cabello\/"}],"_links":{"self":[{"href":"https:\/\/www.eldigitaldeasturias.com\/noticias\/wp-json\/wp\/v2\/posts\/969154","targetHints":{"allow":["GET"]}}],"collection":[{"href":"https:\/\/www.eldigitaldeasturias.com\/noticias\/wp-json\/wp\/v2\/posts"}],"about":[{"href":"https:\/\/www.eldigitaldeasturias.com\/noticias\/wp-json\/wp\/v2\/types\/post"}],"author":[{"embeddable":true,"href":"https:\/\/www.eldigitaldeasturias.com\/noticias\/wp-json\/wp\/v2\/users\/1"}],"replies":[{"embeddable":true,"href":"https:\/\/www.eldigitaldeasturias.com\/noticias\/wp-json\/wp\/v2\/comments?post=969154"}],"version-history":[{"count":0,"href":"https:\/\/www.eldigitaldeasturias.com\/noticias\/wp-json\/wp\/v2\/posts\/969154\/revisions"}],"wp:attachment":[{"href":"https:\/\/www.eldigitaldeasturias.com\/noticias\/wp-json\/wp\/v2\/media?parent=969154"}],"wp:term":[{"taxonomy":"category","embeddable":true,"href":"https:\/\/www.eldigitaldeasturias.com\/noticias\/wp-json\/wp\/v2\/categories?post=969154"},{"taxonomy":"post_tag","embeddable":true,"href":"https:\/\/www.eldigitaldeasturias.com\/noticias\/wp-json\/wp\/v2\/tags?post=969154"}],"curies":[{"name":"wp","href":"https:\/\/api.w.org\/{rel}","templated":true}]}}