{"id":969146,"date":"2018-02-16T23:17:53","date_gmt":"2018-02-16T23:17:53","guid":{"rendered":"http:\/\/www.eldigitaldeasturias.com\/noticias\/?p=969146"},"modified":"2018-02-16T23:17:53","modified_gmt":"2018-02-16T23:17:53","slug":"el-abece-de-la-conferencia-de-seguridad-de-munich","status":"publish","type":"post","link":"https:\/\/www.eldigitaldeasturias.com\/noticias\/el-abece-de-la-conferencia-de-seguridad-de-munich\/","title":{"rendered":"El abec\u00e9 de la Conferencia de Seguridad de M\u00fanich"},"content":{"rendered":"<p><img loading=\"lazy\" decoding=\"async\" class=\"alignleft size-medium wp-image-969147\" src=\"https:\/\/www.eldigitaldeasturias.com\/noticias\/wp-content\/uploads\/2018\/02\/cup-2752105_1280-360x240.jpg\" alt=\"\" width=\"360\" height=\"240\" \/>Berl\u00edn, 16 feb (dpa) &#8211; Considerada como una de las principales citas sobre pol\u00edtica de seguridad a escala internacional, la Conferencia de Seguridad de M\u00fanich re\u00fane anualmente a jefes de Estado y de Gobierno, ministros, presidentes de organismos internacionales, directivos de empresas y expertos en conflictos.<\/p>\n<p>A continuaci\u00f3n, las claves de este foro independiente que cumple en 2018 su edici\u00f3n n\u00famero 54:<\/p>\n<p>LA CONFERENCIA: Desde hace d\u00e9cadas, se ha convertido en uno de los foros m\u00e1s importantes sobre pol\u00edtica de seguridad y pol\u00edtica internacional. Su car\u00e1cter informal, pues no se trata de una cita estatal sino de una especie de evento de car\u00e1cter privado, anima a los participantes a hablar sin tapujos. En el marco de la conferencia tienen lugar numerosos encuentros bilaterales a puerta cerrada. En total, dura unas 48 horas, desde el viernes al mediod\u00eda hasta el domingo al mediod\u00eda.<\/p>\n<p>PARTICIPANTES: M\u00e1s de una veintena de jefes de Estado y de Gobierno, as\u00ed como cerca de 80 ministros de Exteriores y Defensa asisten este a\u00f1o a la Conferencia de Seguridad de M\u00fanich. A las sesiones que tienen lugar bajo estrictas medidas de seguridad en el lujoso hotel Bayerischer Hof de la capital de Baviera tambi\u00e9n acuden pol\u00edticos, militares, diplom\u00e1ticos, representantes de la industria armamentista y expertos en conflictos.<\/p>\n<p>TEMAS: En el orden del d\u00eda no faltar\u00e1n discursos que versen sobre la pol\u00edtica exterior estadounidense, la guerra de Siria o las tensiones en Oriente Pr\u00f3ximo. Tambi\u00e9n se prev\u00e9 que se aborden otros asuntos como el futuro de Europa, la crisis de Ucrania, el futuro de la Organizaci\u00f3n del Tratado del Atl\u00e1ntico Norte (OTAN) o la lucha contra la amenaza terrorista del Estado Isl\u00e1mico (EI).<\/p>\n<p>SEGURIDAD: El centro de M\u00fanich se vuelve a convertir durante la Conferencia en una zona de alta seguridad vigilada por unos 4.000 agentes de polic\u00eda. Se anuncian cortes de calles y tambi\u00e9n se esperan manifestaciones convocadas por activistas.<\/p>\n<p>ORIGEN: El editor alem\u00e1n Ewald von Kleist, que respald\u00f3 la resistencia contra Adolf Hitler en el Tercer Reich, es considerado como el padre de la \u00abConferencia de Seguridad de M\u00fanich\u00bb. En 1963 convoc\u00f3 al llamado \u00abEncuentro de Inteligencia Militar\u00bb a expertos de Estados Unidos y de Europa Occidental a debatir sobre pol\u00edtica de seguridad y el fortalecimiento de las relaciones transatl\u00e1nticas. En la actualidad, el director del foro es el antiguo embajador de Alemania en Londres y Washington Wolfgang Ischinger.<\/p>\n","protected":false},"excerpt":{"rendered":"<p>Berl\u00edn, 16 feb (dpa) &#8211; Considerada como una de las principales citas sobre pol\u00edtica de seguridad a escala internacional, la Conferencia de Seguridad de M\u00fanich re\u00fane anualmente a jefes de Estado y de Gobierno, ministros, presidentes de organismos internacionales, directivos de empresas y expertos en conflictos. A continuaci\u00f3n, las claves de este foro independiente que [&hellip;]<\/p>\n","protected":false},"author":1,"featured_media":969147,"comment_status":"closed","ping_status":"closed","sticky":false,"template":"","format":"standard","meta":{"footnotes":""},"categories":[1],"tags":[],"class_list":["post-969146","post","type-post","status-publish","format-standard","has-post-thumbnail","hentry","category-actualidad"],"aioseo_notices":[],"aioseo_head":"\n\t\t<!-- All in One SEO Pro 5.0.1 - aioseo.com -->\n\t<meta name=\"description\" content=\"Berl\u00edn, 16 feb (dpa) - Considerada como una de las principales citas sobre pol\u00edtica de seguridad a escala internacional, la Conferencia de Seguridad de M\u00fanich re\u00fane anualmente a jefes de Estado y de Gobierno, ministros, presidentes de organismos internacionales, directivos de empresas y expertos en conflictos. A continuaci\u00f3n, las claves de este foro independiente que\" \/>\n\t<meta name=\"robots\" content=\"max-image-preview:large\" \/>\n\t<meta name=\"author\" content=\"El Digital de Asturias\"\/>\n\t<meta name=\"google-site-verification\" content=\"UA-38556648-1\" \/>\n\t<meta name=\"msvalidate.01\" content=\"7dfe9f3f1b24437ab69f4f2559babe99\" \/>\n\t<meta name=\"keywords\" content=\"actualidad\" \/>\n\t<link rel=\"canonical\" href=\"https:\/\/www.eldigitaldeasturias.com\/noticias\/el-abece-de-la-conferencia-de-seguridad-de-munich\/\" \/>\n\t<meta name=\"generator\" content=\"All in One SEO Pro (AIOSEO) 5.0.1\" \/>\n\t\t<meta property=\"og:locale\" content=\"es_ES\" \/>\n\t\t<meta property=\"og:site_name\" content=\"El Digital de Asturias\" \/>\n\t\t<meta property=\"og:type\" content=\"article\" \/>\n\t\t<meta property=\"og:title\" content=\"El abec\u00e9 de la Conferencia de Seguridad de M\u00fanich - El Digital de Asturias\" \/>\n\t\t<meta property=\"og:description\" content=\"Berl\u00edn, 16 feb (dpa) - Considerada como una de las principales citas sobre pol\u00edtica de seguridad a escala internacional, la Conferencia de Seguridad de M\u00fanich re\u00fane anualmente a jefes de Estado y de Gobierno, ministros, presidentes de organismos internacionales, directivos de empresas y expertos en conflictos. A continuaci\u00f3n, las claves de este foro independiente que\" \/>\n\t\t<meta property=\"og:url\" content=\"https:\/\/www.eldigitaldeasturias.com\/noticias\/el-abece-de-la-conferencia-de-seguridad-de-munich\/\" \/>\n\t\t<meta property=\"article:tag\" content=\"actualidad\" \/>\n\t\t<meta property=\"article:published_time\" content=\"2018-02-16T23:17:53+00:00\" \/>\n\t\t<meta property=\"article:modified_time\" content=\"2018-02-16T23:17:53+00:00\" \/>\n\t\t<meta property=\"article:publisher\" content=\"https:\/\/facebook.com\/eldigitaldeasturias\" \/>\n\t\t<meta name=\"twitter:card\" content=\"summary_large_image\" \/>\n\t\t<meta name=\"twitter:title\" content=\"El abec\u00e9 de la Conferencia de Seguridad de M\u00fanich - El Digital de Asturias\" \/>\n\t\t<meta name=\"twitter:description\" content=\"Berl\u00edn, 16 feb (dpa) - Considerada como una de las principales citas sobre pol\u00edtica de seguridad a escala internacional, la Conferencia de Seguridad de M\u00fanich re\u00fane anualmente a jefes de Estado y de Gobierno, ministros, presidentes de organismos internacionales, directivos de empresas y expertos en conflictos. A continuaci\u00f3n, las claves de este foro independiente que\" \/>\n\t\t<meta name=\"twitter:image\" content=\"https:\/\/www.eldigitaldeasturias.com\/noticias\/wp-content\/uploads\/2020\/12\/EDA-1.jpg\" \/>\n\t\t<meta name=\"twitter:label1\" content=\"Escrito por\" \/>\n\t\t<meta name=\"twitter:data1\" content=\"El Digital de Asturias\" \/>\n\t\t<meta name=\"twitter:label2\" content=\"Tiempo de lectura estimado\" \/>\n\t\t<meta name=\"twitter:data2\" content=\"2 minutos\" \/>\n\t\t<script type=\"application\/ld+json\" class=\"aioseo-schema\">\n\t\t\t{\"@context\":\"https:\\\/\\\/schema.org\",\"@graph\":[{\"@type\":\"BlogPosting\",\"@id\":\"https:\\\/\\\/www.eldigitaldeasturias.com\\\/noticias\\\/el-abece-de-la-conferencia-de-seguridad-de-munich\\\/#blogposting\",\"name\":\"El abec\\u00e9 de la Conferencia de Seguridad de M\\u00fanich - El Digital de Asturias\",\"headline\":\"El abec\\u00e9 de la Conferencia de Seguridad de M\\u00fanich\",\"author\":{\"@id\":\"https:\\\/\\\/www.eldigitaldeasturias.com\\\/noticias\\\/author\\\/admin\\\/#author\"},\"publisher\":{\"@id\":\"https:\\\/\\\/www.eldigitaldeasturias.com\\\/noticias\\\/#organization\"},\"image\":{\"@type\":\"ImageObject\",\"url\":969147},\"datePublished\":\"2018-02-16T23:17:53+01:00\",\"dateModified\":\"2018-02-16T23:17:53+01:00\",\"inLanguage\":\"es-ES\",\"mainEntityOfPage\":{\"@id\":\"https:\\\/\\\/www.eldigitaldeasturias.com\\\/noticias\\\/el-abece-de-la-conferencia-de-seguridad-de-munich\\\/#webpage\"},\"isPartOf\":{\"@id\":\"https:\\\/\\\/www.eldigitaldeasturias.com\\\/noticias\\\/el-abece-de-la-conferencia-de-seguridad-de-munich\\\/#webpage\"},\"articleSection\":\"Actualidad\"},{\"@type\":\"BreadcrumbList\",\"@id\":\"https:\\\/\\\/www.eldigitaldeasturias.com\\\/noticias\\\/el-abece-de-la-conferencia-de-seguridad-de-munich\\\/#breadcrumblist\",\"itemListElement\":[{\"@type\":\"ListItem\",\"@id\":\"https:\\\/\\\/www.eldigitaldeasturias.com\\\/noticias#listItem\",\"position\":1,\"name\":\"Home\",\"item\":\"https:\\\/\\\/www.eldigitaldeasturias.com\\\/noticias\",\"nextItem\":{\"@type\":\"ListItem\",\"@id\":\"https:\\\/\\\/www.eldigitaldeasturias.com\\\/noticias\\\/category\\\/actualidad\\\/#listItem\",\"name\":\"Actualidad\"}},{\"@type\":\"ListItem\",\"@id\":\"https:\\\/\\\/www.eldigitaldeasturias.com\\\/noticias\\\/category\\\/actualidad\\\/#listItem\",\"position\":2,\"name\":\"Actualidad\",\"item\":\"https:\\\/\\\/www.eldigitaldeasturias.com\\\/noticias\\\/category\\\/actualidad\\\/\",\"nextItem\":{\"@type\":\"ListItem\",\"@id\":\"https:\\\/\\\/www.eldigitaldeasturias.com\\\/noticias\\\/el-abece-de-la-conferencia-de-seguridad-de-munich\\\/#listItem\",\"name\":\"El abec\\u00e9 de la Conferencia de Seguridad de M\\u00fanich\"},\"previousItem\":{\"@type\":\"ListItem\",\"@id\":\"https:\\\/\\\/www.eldigitaldeasturias.com\\\/noticias#listItem\",\"name\":\"Home\"}},{\"@type\":\"ListItem\",\"@id\":\"https:\\\/\\\/www.eldigitaldeasturias.com\\\/noticias\\\/el-abece-de-la-conferencia-de-seguridad-de-munich\\\/#listItem\",\"position\":3,\"name\":\"El abec\\u00e9 de la Conferencia de Seguridad de M\\u00fanich\",\"previousItem\":{\"@type\":\"ListItem\",\"@id\":\"https:\\\/\\\/www.eldigitaldeasturias.com\\\/noticias\\\/category\\\/actualidad\\\/#listItem\",\"name\":\"Actualidad\"}}]},{\"@type\":\"Organization\",\"@id\":\"https:\\\/\\\/www.eldigitaldeasturias.com\\\/noticias\\\/#organization\",\"name\":\"El Digital de Asturias\",\"description\":\"Hemeroteca\",\"url\":\"https:\\\/\\\/www.eldigitaldeasturias.com\\\/noticias\\\/\",\"email\":\"info@eldigitaldeasturias.com\",\"telephone\":\"+34652131393\",\"logo\":{\"@type\":\"ImageObject\",\"url\":\"https:\\\/\\\/www.eldigitaldeasturias.com\\\/noticias\\\/wp-content\\\/uploads\\\/2020\\\/12\\\/EDA.jpg\",\"@id\":\"https:\\\/\\\/www.eldigitaldeasturias.com\\\/noticias\\\/el-abece-de-la-conferencia-de-seguridad-de-munich\\\/#organizationLogo\"},\"image\":{\"@id\":\"https:\\\/\\\/www.eldigitaldeasturias.com\\\/noticias\\\/el-abece-de-la-conferencia-de-seguridad-de-munich\\\/#organizationLogo\"},\"sameAs\":[\"https:\\\/\\\/facebook.com\\\/eldigitaldeasturias\",\"https:\\\/\\\/www.youtube.com\\\/channel\\\/UCZP-2wLEB9Rv6erhFmqVnvg\"],\"address\":{\"@id\":\"https:\\\/\\\/www.eldigitaldeasturias.com\\\/noticias\\\/#postaladdress\",\"@type\":\"PostalAddress\",\"streetAddress\":\"san antonio 4\",\"postalCode\":\"33430\",\"addressLocality\":\"Cand\\u00e1s\",\"addressRegion\":\"Asturias\",\"addressCountry\":\"ES\"}},{\"@type\":\"Person\",\"@id\":\"https:\\\/\\\/www.eldigitaldeasturias.com\\\/noticias\\\/author\\\/admin\\\/#author\",\"url\":\"https:\\\/\\\/www.eldigitaldeasturias.com\\\/noticias\\\/author\\\/admin\\\/\",\"name\":\"El Digital de Asturias\",\"image\":{\"@type\":\"ImageObject\",\"@id\":\"https:\\\/\\\/www.eldigitaldeasturias.com\\\/noticias\\\/el-abece-de-la-conferencia-de-seguridad-de-munich\\\/#authorImage\",\"url\":\"https:\\\/\\\/secure.gravatar.com\\\/avatar\\\/df2aeffc32bcd13f8d26072ef8a91b623d677766deac7f97ca815868cd41bf5e?s=96&d=mm&r=g\",\"width\":96,\"height\":96,\"caption\":\"El Digital de Asturias\"}},{\"@type\":\"WebPage\",\"@id\":\"https:\\\/\\\/www.eldigitaldeasturias.com\\\/noticias\\\/el-abece-de-la-conferencia-de-seguridad-de-munich\\\/#webpage\",\"url\":\"https:\\\/\\\/www.eldigitaldeasturias.com\\\/noticias\\\/el-abece-de-la-conferencia-de-seguridad-de-munich\\\/\",\"name\":\"El abec\\u00e9 de la Conferencia de Seguridad de M\\u00fanich - El Digital de Asturias\",\"description\":\"Berl\\u00edn, 16 feb (dpa) - Considerada como una de las principales citas sobre pol\\u00edtica de seguridad a escala internacional, la Conferencia de Seguridad de M\\u00fanich re\\u00fane anualmente a jefes de Estado y de Gobierno, ministros, presidentes de organismos internacionales, directivos de empresas y expertos en conflictos. A continuaci\\u00f3n, las claves de este foro independiente que\",\"inLanguage\":\"es-ES\",\"isPartOf\":{\"@id\":\"https:\\\/\\\/www.eldigitaldeasturias.com\\\/noticias\\\/#website\"},\"breadcrumb\":{\"@id\":\"https:\\\/\\\/www.eldigitaldeasturias.com\\\/noticias\\\/el-abece-de-la-conferencia-de-seguridad-de-munich\\\/#breadcrumblist\"},\"author\":{\"@id\":\"https:\\\/\\\/www.eldigitaldeasturias.com\\\/noticias\\\/author\\\/admin\\\/#author\"},\"creator\":{\"@id\":\"https:\\\/\\\/www.eldigitaldeasturias.com\\\/noticias\\\/author\\\/admin\\\/#author\"},\"image\":{\"@type\":\"ImageObject\",\"url\":969147,\"@id\":\"https:\\\/\\\/www.eldigitaldeasturias.com\\\/noticias\\\/el-abece-de-la-conferencia-de-seguridad-de-munich\\\/#mainImage\"},\"primaryImageOfPage\":{\"@id\":\"https:\\\/\\\/www.eldigitaldeasturias.com\\\/noticias\\\/el-abece-de-la-conferencia-de-seguridad-de-munich\\\/#mainImage\"},\"datePublished\":\"2018-02-16T23:17:53+01:00\",\"dateModified\":\"2018-02-16T23:17:53+01:00\"},{\"@type\":\"WebSite\",\"@id\":\"https:\\\/\\\/www.eldigitaldeasturias.com\\\/noticias\\\/#website\",\"url\":\"https:\\\/\\\/www.eldigitaldeasturias.com\\\/noticias\\\/\",\"name\":\"El Digital de Asturias - Diario de actualidad y noticias\",\"alternateName\":\"El Digital de Asturias - Diario de actualidad y noticias\",\"description\":\"Hemeroteca\",\"inLanguage\":\"es-ES\",\"publisher\":{\"@id\":\"https:\\\/\\\/www.eldigitaldeasturias.com\\\/noticias\\\/#organization\"}}]}\n\t\t<\/script>\n\t\t<!-- All in One SEO Pro -->\r\n\t\t<title>El abec\u00e9 de la Conferencia de Seguridad de M\u00fanich - El Digital de Asturias<\/title>\n\n","aioseo_head_json":{"title":"El abec\u00e9 de la Conferencia de Seguridad de M\u00fanich - El Digital de Asturias","description":"Berl\u00edn, 16 feb (dpa) - Considerada como una de las principales citas sobre pol\u00edtica de seguridad a escala internacional, la Conferencia de Seguridad de M\u00fanich re\u00fane anualmente a jefes de Estado y de Gobierno, ministros, presidentes de organismos internacionales, directivos de empresas y expertos en conflictos. A continuaci\u00f3n, las claves de este foro independiente que","canonical_url":"https:\/\/www.eldigitaldeasturias.com\/noticias\/el-abece-de-la-conferencia-de-seguridad-de-munich\/","robots":"max-image-preview:large","keywords":"actualidad","webmasterTools":{"google-site-verification":"UA-38556648-1","msvalidate.01":"7dfe9f3f1b24437ab69f4f2559babe99","miscellaneous":""},"schema":{"@context":"https:\/\/schema.org","@graph":[{"@type":"BlogPosting","@id":"https:\/\/www.eldigitaldeasturias.com\/noticias\/el-abece-de-la-conferencia-de-seguridad-de-munich\/#blogposting","name":"El abec\u00e9 de la Conferencia de Seguridad de M\u00fanich - El Digital de Asturias","headline":"El abec\u00e9 de la Conferencia de Seguridad de M\u00fanich","author":{"@id":"https:\/\/www.eldigitaldeasturias.com\/noticias\/author\/admin\/#author"},"publisher":{"@id":"https:\/\/www.eldigitaldeasturias.com\/noticias\/#organization"},"image":{"@type":"ImageObject","url":969147},"datePublished":"2018-02-16T23:17:53+01:00","dateModified":"2018-02-16T23:17:53+01:00","inLanguage":"es-ES","mainEntityOfPage":{"@id":"https:\/\/www.eldigitaldeasturias.com\/noticias\/el-abece-de-la-conferencia-de-seguridad-de-munich\/#webpage"},"isPartOf":{"@id":"https:\/\/www.eldigitaldeasturias.com\/noticias\/el-abece-de-la-conferencia-de-seguridad-de-munich\/#webpage"},"articleSection":"Actualidad"},{"@type":"BreadcrumbList","@id":"https:\/\/www.eldigitaldeasturias.com\/noticias\/el-abece-de-la-conferencia-de-seguridad-de-munich\/#breadcrumblist","itemListElement":[{"@type":"ListItem","@id":"https:\/\/www.eldigitaldeasturias.com\/noticias#listItem","position":1,"name":"Home","item":"https:\/\/www.eldigitaldeasturias.com\/noticias","nextItem":{"@type":"ListItem","@id":"https:\/\/www.eldigitaldeasturias.com\/noticias\/category\/actualidad\/#listItem","name":"Actualidad"}},{"@type":"ListItem","@id":"https:\/\/www.eldigitaldeasturias.com\/noticias\/category\/actualidad\/#listItem","position":2,"name":"Actualidad","item":"https:\/\/www.eldigitaldeasturias.com\/noticias\/category\/actualidad\/","nextItem":{"@type":"ListItem","@id":"https:\/\/www.eldigitaldeasturias.com\/noticias\/el-abece-de-la-conferencia-de-seguridad-de-munich\/#listItem","name":"El abec\u00e9 de la Conferencia de Seguridad de M\u00fanich"},"previousItem":{"@type":"ListItem","@id":"https:\/\/www.eldigitaldeasturias.com\/noticias#listItem","name":"Home"}},{"@type":"ListItem","@id":"https:\/\/www.eldigitaldeasturias.com\/noticias\/el-abece-de-la-conferencia-de-seguridad-de-munich\/#listItem","position":3,"name":"El abec\u00e9 de la Conferencia de Seguridad de M\u00fanich","previousItem":{"@type":"ListItem","@id":"https:\/\/www.eldigitaldeasturias.com\/noticias\/category\/actualidad\/#listItem","name":"Actualidad"}}]},{"@type":"Organization","@id":"https:\/\/www.eldigitaldeasturias.com\/noticias\/#organization","name":"El Digital de Asturias","description":"Hemeroteca","url":"https:\/\/www.eldigitaldeasturias.com\/noticias\/","email":"info@eldigitaldeasturias.com","telephone":"+34652131393","logo":{"@type":"ImageObject","url":"https:\/\/www.eldigitaldeasturias.com\/noticias\/wp-content\/uploads\/2020\/12\/EDA.jpg","@id":"https:\/\/www.eldigitaldeasturias.com\/noticias\/el-abece-de-la-conferencia-de-seguridad-de-munich\/#organizationLogo"},"image":{"@id":"https:\/\/www.eldigitaldeasturias.com\/noticias\/el-abece-de-la-conferencia-de-seguridad-de-munich\/#organizationLogo"},"sameAs":["https:\/\/facebook.com\/eldigitaldeasturias","https:\/\/www.youtube.com\/channel\/UCZP-2wLEB9Rv6erhFmqVnvg"],"address":{"@id":"https:\/\/www.eldigitaldeasturias.com\/noticias\/#postaladdress","@type":"PostalAddress","streetAddress":"san antonio 4","postalCode":"33430","addressLocality":"Cand\u00e1s","addressRegion":"Asturias","addressCountry":"ES"}},{"@type":"Person","@id":"https:\/\/www.eldigitaldeasturias.com\/noticias\/author\/admin\/#author","url":"https:\/\/www.eldigitaldeasturias.com\/noticias\/author\/admin\/","name":"El Digital de Asturias","image":{"@type":"ImageObject","@id":"https:\/\/www.eldigitaldeasturias.com\/noticias\/el-abece-de-la-conferencia-de-seguridad-de-munich\/#authorImage","url":"https:\/\/secure.gravatar.com\/avatar\/df2aeffc32bcd13f8d26072ef8a91b623d677766deac7f97ca815868cd41bf5e?s=96&d=mm&r=g","width":96,"height":96,"caption":"El Digital de Asturias"}},{"@type":"WebPage","@id":"https:\/\/www.eldigitaldeasturias.com\/noticias\/el-abece-de-la-conferencia-de-seguridad-de-munich\/#webpage","url":"https:\/\/www.eldigitaldeasturias.com\/noticias\/el-abece-de-la-conferencia-de-seguridad-de-munich\/","name":"El abec\u00e9 de la Conferencia de Seguridad de M\u00fanich - El Digital de Asturias","description":"Berl\u00edn, 16 feb (dpa) - Considerada como una de las principales citas sobre pol\u00edtica de seguridad a escala internacional, la Conferencia de Seguridad de M\u00fanich re\u00fane anualmente a jefes de Estado y de Gobierno, ministros, presidentes de organismos internacionales, directivos de empresas y expertos en conflictos. A continuaci\u00f3n, las claves de este foro independiente que","inLanguage":"es-ES","isPartOf":{"@id":"https:\/\/www.eldigitaldeasturias.com\/noticias\/#website"},"breadcrumb":{"@id":"https:\/\/www.eldigitaldeasturias.com\/noticias\/el-abece-de-la-conferencia-de-seguridad-de-munich\/#breadcrumblist"},"author":{"@id":"https:\/\/www.eldigitaldeasturias.com\/noticias\/author\/admin\/#author"},"creator":{"@id":"https:\/\/www.eldigitaldeasturias.com\/noticias\/author\/admin\/#author"},"image":{"@type":"ImageObject","url":969147,"@id":"https:\/\/www.eldigitaldeasturias.com\/noticias\/el-abece-de-la-conferencia-de-seguridad-de-munich\/#mainImage"},"primaryImageOfPage":{"@id":"https:\/\/www.eldigitaldeasturias.com\/noticias\/el-abece-de-la-conferencia-de-seguridad-de-munich\/#mainImage"},"datePublished":"2018-02-16T23:17:53+01:00","dateModified":"2018-02-16T23:17:53+01:00"},{"@type":"WebSite","@id":"https:\/\/www.eldigitaldeasturias.com\/noticias\/#website","url":"https:\/\/www.eldigitaldeasturias.com\/noticias\/","name":"El Digital de Asturias - Diario de actualidad y noticias","alternateName":"El Digital de Asturias - Diario de actualidad y noticias","description":"Hemeroteca","inLanguage":"es-ES","publisher":{"@id":"https:\/\/www.eldigitaldeasturias.com\/noticias\/#organization"}}]},"og:locale":"es_ES","og:site_name":"El Digital de Asturias","og:type":"article","og:title":"El abec\u00e9 de la Conferencia de Seguridad de M\u00fanich - El Digital de Asturias","og:description":"Berl\u00edn, 16 feb (dpa) - Considerada como una de las principales citas sobre pol\u00edtica de seguridad a escala internacional, la Conferencia de Seguridad de M\u00fanich re\u00fane anualmente a jefes de Estado y de Gobierno, ministros, presidentes de organismos internacionales, directivos de empresas y expertos en conflictos. A continuaci\u00f3n, las claves de este foro independiente que","og:url":"https:\/\/www.eldigitaldeasturias.com\/noticias\/el-abece-de-la-conferencia-de-seguridad-de-munich\/","article:tag":["actualidad"],"article:published_time":"2018-02-16T23:17:53+00:00","article:modified_time":"2018-02-16T23:17:53+00:00","article:publisher":"https:\/\/facebook.com\/eldigitaldeasturias","twitter:card":"summary_large_image","twitter:title":"El abec\u00e9 de la Conferencia de Seguridad de M\u00fanich - El Digital de Asturias","twitter:description":"Berl\u00edn, 16 feb (dpa) - Considerada como una de las principales citas sobre pol\u00edtica de seguridad a escala internacional, la Conferencia de Seguridad de M\u00fanich re\u00fane anualmente a jefes de Estado y de Gobierno, ministros, presidentes de organismos internacionales, directivos de empresas y expertos en conflictos. A continuaci\u00f3n, las claves de este foro independiente que","twitter:image":"https:\/\/www.eldigitaldeasturias.com\/noticias\/wp-content\/uploads\/2020\/12\/EDA-1.jpg","twitter:label1":"Escrito por","twitter:data1":"El Digital de Asturias","twitter:label2":"Tiempo de lectura estimado","twitter:data2":"2 minutos"},"aioseo_meta_data":{"post_id":"969146","title":null,"description":null,"keywords":null,"keyphrases":null,"primary_term":null,"canonical_url":null,"og_title":null,"og_description":null,"og_object_type":"default","og_image_type":"default","og_image_url":null,"og_image_width":null,"og_image_height":null,"og_image_custom_url":null,"og_image_custom_fields":null,"og_video":null,"og_custom_url":null,"og_article_section":null,"og_article_tags":null,"twitter_use_og":false,"twitter_card":"default","twitter_image_type":"default","twitter_image_url":null,"twitter_image_custom_url":null,"twitter_image_custom_fields":null,"twitter_title":null,"twitter_description":null,"schema":{"blockGraphs":[],"customGraphs":[],"default":{"data":{"Article":[],"Course":[],"Dataset":[],"FAQPage":[],"Movie":[],"Person":[],"Product":[],"ProductReview":[],"Car":[],"Recipe":[],"Service":[],"SoftwareApplication":[],"WebPage":[]},"graphName":"","isEnabled":true},"graphs":[],"defaultGraph":"","defaultPostTypeGraph":""},"schema_type":null,"schema_type_options":null,"pillar_content":false,"robots_default":true,"robots_noindex":false,"robots_noarchive":false,"robots_nosnippet":false,"robots_nofollow":false,"robots_noimageindex":false,"robots_noodp":false,"robots_notranslate":false,"robots_max_snippet":null,"robots_max_videopreview":null,"robots_max_imagepreview":"large","priority":null,"frequency":null,"local_seo":null,"seo_analyzer_scan_date":"2025-10-07 00:58:20","breadcrumb_settings":null,"limit_modified_date":false,"open_ai":null,"ai":null,"created":"2020-12-21 11:01:36","updated":"2025-10-07 00:58:20","focus_keyword":null,"additional_keywords":null,"truseo_locale":null},"aioseo_breadcrumb":"<div class=\"aioseo-breadcrumbs\"><span class=\"aioseo-breadcrumb\">\n\t<a href=\"https:\/\/www.eldigitaldeasturias.com\/noticias\" title=\"Home\">Home<\/a>\n<\/span><span class=\"aioseo-breadcrumb-separator\">\u2013<\/span><span class=\"aioseo-breadcrumb\">\n\t<a href=\"https:\/\/www.eldigitaldeasturias.com\/noticias\/category\/actualidad\/\" title=\"Actualidad\">Actualidad<\/a>\n<\/span><span class=\"aioseo-breadcrumb-separator\">\u2013<\/span><span class=\"aioseo-breadcrumb\">\n\t<a href=\"https:\/\/www.eldigitaldeasturias.com\/noticias\/el-abece-de-la-conferencia-de-seguridad-de-munich\/\" title=\"El abec\u00e9 de la Conferencia de Seguridad de M\u00fanich\">El abec\u00e9 de la Conferencia de Seguridad de M\u00fanich<\/a>\n<\/span><\/div>","aioseo_breadcrumb_json":[{"label":"Home","link":"https:\/\/www.eldigitaldeasturias.com\/noticias"},{"label":"Actualidad","link":"https:\/\/www.eldigitaldeasturias.com\/noticias\/category\/actualidad\/"},{"label":"El abec\u00e9 de la Conferencia de Seguridad de M\u00fanich","link":"https:\/\/www.eldigitaldeasturias.com\/noticias\/el-abece-de-la-conferencia-de-seguridad-de-munich\/"}],"_links":{"self":[{"href":"https:\/\/www.eldigitaldeasturias.com\/noticias\/wp-json\/wp\/v2\/posts\/969146","targetHints":{"allow":["GET"]}}],"collection":[{"href":"https:\/\/www.eldigitaldeasturias.com\/noticias\/wp-json\/wp\/v2\/posts"}],"about":[{"href":"https:\/\/www.eldigitaldeasturias.com\/noticias\/wp-json\/wp\/v2\/types\/post"}],"author":[{"embeddable":true,"href":"https:\/\/www.eldigitaldeasturias.com\/noticias\/wp-json\/wp\/v2\/users\/1"}],"replies":[{"embeddable":true,"href":"https:\/\/www.eldigitaldeasturias.com\/noticias\/wp-json\/wp\/v2\/comments?post=969146"}],"version-history":[{"count":0,"href":"https:\/\/www.eldigitaldeasturias.com\/noticias\/wp-json\/wp\/v2\/posts\/969146\/revisions"}],"wp:attachment":[{"href":"https:\/\/www.eldigitaldeasturias.com\/noticias\/wp-json\/wp\/v2\/media?parent=969146"}],"wp:term":[{"taxonomy":"category","embeddable":true,"href":"https:\/\/www.eldigitaldeasturias.com\/noticias\/wp-json\/wp\/v2\/categories?post=969146"},{"taxonomy":"post_tag","embeddable":true,"href":"https:\/\/www.eldigitaldeasturias.com\/noticias\/wp-json\/wp\/v2\/tags?post=969146"}],"curies":[{"name":"wp","href":"https:\/\/api.w.org\/{rel}","templated":true}]}}