{"id":969142,"date":"2018-02-16T23:13:58","date_gmt":"2018-02-16T23:13:58","guid":{"rendered":"http:\/\/www.eldigitaldeasturias.com\/noticias\/?p=969142"},"modified":"2018-02-16T23:13:58","modified_gmt":"2018-02-16T23:13:58","slug":"el-rey-de-espana-vuelve-a-cataluna-tras-la-crisis-independentista","status":"publish","type":"post","link":"https:\/\/www.eldigitaldeasturias.com\/noticias\/el-rey-de-espana-vuelve-a-cataluna-tras-la-crisis-independentista\/","title":{"rendered":"El rey de Espa\u00f1a vuelve a Catalu\u00f1a tras la crisis independentista"},"content":{"rendered":"<p><img loading=\"lazy\" decoding=\"async\" class=\"alignleft size-medium wp-image-788901\" src=\"https:\/\/www.eldigitaldeasturias.com\/noticias\/wp-content\/uploads\/2015\/06\/rey-360x198.jpg\" alt=\"\" width=\"360\" height=\"198\" \/>Madrid, 16 feb (dpa) &#8211; El rey Felipe VI volver\u00e1 el 25 de febrero a Catalu\u00f1a por primera vez tras el estallido de la crisis soberanista que abri\u00f3 una crisis institucional sin precedentes en Espa\u00f1a y que fue respondida con dureza por el monarca, inform\u00f3 hoy la Casa Real.<\/p>\n<p>El rey presidir\u00e1 ese domingo en Barcelona la cena oficial del Mobile World Congress, el principal congreso mundial del sector de la telefon\u00eda m\u00f3vil, que se celebra del 26 de febrero al 1 de marzo en la capital de Catalu\u00f1a.<\/p>\n<p>Felipe acude cada a\u00f1o a la cita en Barcelona, pero su nuevo viaje quedar\u00e1 marcado por el contexto de gran inestabilidad pol\u00edtica en Catalu\u00f1a tras casi medio a\u00f1o de tensi\u00f3n y crisis abierta por el plan independentista del Gobierno de la regi\u00f3n.<\/p>\n<p>El propio monarca desempe\u00f1\u00f3 un papel clave en el conflicto manteniendo un discurso sin concesiones con los planes del ya destituido Ejecutivo regional de Carles Puigdemont, que busca romper con Espa\u00f1a y crear una rep\u00fablica independiente.<\/p>\n<p>En particular con su discurso televisado el 3 de octubre, dos d\u00edas despu\u00e9s del ref\u00e9rendum soberanista ilegal celebrado en Catalu\u00f1a, el rey dej\u00f3 claro su apoyo sin fisuras a cualquier medida del Gobierno de Mariano Rajoy frente al plan secesionista.<\/p>\n<p>Cinco meses despu\u00e9s, la situaci\u00f3n sigue marcada por una incertidumbre absoluta. Los partidos independentistas no llegan a un acuerdo para formar Gobierno por la imposibilidad de nombrar presidente regional a Puigdemont, pr\u00f3fugo en Bruselas, y la autonom\u00eda de Catalu\u00f1a est\u00e1 intervenida por Madrid desde fines de octubre.<\/p>\n<p>El \u00faltimo viaje del rey Felipe VI a Catalu\u00f1a fue en agosto, cuando particip\u00f3 en una manifestaci\u00f3n de condena a los atentados yihadistas que dejaron 16 muertos y un centenar de heridos en Barcelona y la localidad costera de Cambrils.<\/p>\n<p>Tanto el monarca como Rajoy fueron recibidos entonces por silbidos y abucheos en se\u00f1al de protesta y rechazo al s\u00edmbolo institucional del Estado central, pese a que el plan independentista apenas estaba comenzando a ponerse en marcha.<\/p>\n","protected":false},"excerpt":{"rendered":"<p>Madrid, 16 feb (dpa) &#8211; El rey Felipe VI volver\u00e1 el 25 de febrero a Catalu\u00f1a por primera vez tras el estallido de la crisis soberanista que abri\u00f3 una crisis institucional sin precedentes en Espa\u00f1a y que fue respondida con dureza por el monarca, inform\u00f3 hoy la Casa Real. El rey presidir\u00e1 ese domingo en [&hellip;]<\/p>\n","protected":false},"author":1,"featured_media":707208,"comment_status":"closed","ping_status":"closed","sticky":false,"template":"","format":"standard","meta":{"footnotes":""},"categories":[1],"tags":[],"class_list":["post-969142","post","type-post","status-publish","format-standard","has-post-thumbnail","hentry","category-actualidad"],"aioseo_notices":[],"aioseo_head":"\n\t\t<!-- All in One SEO Pro 5.0.1 - aioseo.com -->\n\t<meta name=\"description\" content=\"Madrid, 16 feb (dpa) - El rey Felipe VI volver\u00e1 el 25 de febrero a Catalu\u00f1a por primera vez tras el estallido de la crisis soberanista que abri\u00f3 una crisis institucional sin precedentes en Espa\u00f1a y que fue respondida con dureza por el monarca, inform\u00f3 hoy la Casa Real. El rey presidir\u00e1 ese domingo en\" \/>\n\t<meta name=\"robots\" content=\"max-image-preview:large\" \/>\n\t<meta name=\"author\" content=\"El Digital de Asturias\"\/>\n\t<meta name=\"google-site-verification\" content=\"UA-38556648-1\" \/>\n\t<meta name=\"msvalidate.01\" content=\"7dfe9f3f1b24437ab69f4f2559babe99\" \/>\n\t<meta name=\"keywords\" content=\"actualidad\" \/>\n\t<link rel=\"canonical\" href=\"https:\/\/www.eldigitaldeasturias.com\/noticias\/el-rey-de-espana-vuelve-a-cataluna-tras-la-crisis-independentista\/\" \/>\n\t<meta name=\"generator\" content=\"All in One SEO Pro (AIOSEO) 5.0.1\" \/>\n\t\t<meta property=\"og:locale\" content=\"es_ES\" \/>\n\t\t<meta property=\"og:site_name\" content=\"El Digital de Asturias\" \/>\n\t\t<meta property=\"og:type\" content=\"article\" \/>\n\t\t<meta property=\"og:title\" content=\"El rey de Espa\u00f1a vuelve a Catalu\u00f1a tras la crisis independentista - El Digital de Asturias\" \/>\n\t\t<meta property=\"og:description\" content=\"Madrid, 16 feb (dpa) - El rey Felipe VI volver\u00e1 el 25 de febrero a Catalu\u00f1a por primera vez tras el estallido de la crisis soberanista que abri\u00f3 una crisis institucional sin precedentes en Espa\u00f1a y que fue respondida con dureza por el monarca, inform\u00f3 hoy la Casa Real. El rey presidir\u00e1 ese domingo en\" \/>\n\t\t<meta property=\"og:url\" content=\"https:\/\/www.eldigitaldeasturias.com\/noticias\/el-rey-de-espana-vuelve-a-cataluna-tras-la-crisis-independentista\/\" \/>\n\t\t<meta property=\"article:tag\" content=\"actualidad\" \/>\n\t\t<meta property=\"article:published_time\" content=\"2018-02-16T23:13:58+00:00\" \/>\n\t\t<meta property=\"article:modified_time\" content=\"2018-02-16T23:13:58+00:00\" \/>\n\t\t<meta property=\"article:publisher\" content=\"https:\/\/facebook.com\/eldigitaldeasturias\" \/>\n\t\t<meta name=\"twitter:card\" content=\"summary_large_image\" \/>\n\t\t<meta name=\"twitter:title\" content=\"El rey de Espa\u00f1a vuelve a Catalu\u00f1a tras la crisis independentista - El Digital de Asturias\" \/>\n\t\t<meta name=\"twitter:description\" content=\"Madrid, 16 feb (dpa) - El rey Felipe VI volver\u00e1 el 25 de febrero a Catalu\u00f1a por primera vez tras el estallido de la crisis soberanista que abri\u00f3 una crisis institucional sin precedentes en Espa\u00f1a y que fue respondida con dureza por el monarca, inform\u00f3 hoy la Casa Real. El rey presidir\u00e1 ese domingo en\" \/>\n\t\t<meta name=\"twitter:image\" content=\"https:\/\/www.eldigitaldeasturias.com\/noticias\/wp-content\/uploads\/2020\/12\/EDA-1.jpg\" \/>\n\t\t<meta name=\"twitter:label1\" content=\"Escrito por\" \/>\n\t\t<meta name=\"twitter:data1\" content=\"El Digital de Asturias\" \/>\n\t\t<meta name=\"twitter:label2\" content=\"Tiempo de lectura estimado\" \/>\n\t\t<meta name=\"twitter:data2\" content=\"2 minutos\" \/>\n\t\t<script type=\"application\/ld+json\" class=\"aioseo-schema\">\n\t\t\t{\"@context\":\"https:\\\/\\\/schema.org\",\"@graph\":[{\"@type\":\"BlogPosting\",\"@id\":\"https:\\\/\\\/www.eldigitaldeasturias.com\\\/noticias\\\/el-rey-de-espana-vuelve-a-cataluna-tras-la-crisis-independentista\\\/#blogposting\",\"name\":\"El rey de Espa\\u00f1a vuelve a Catalu\\u00f1a tras la crisis independentista - El Digital de Asturias\",\"headline\":\"El rey de Espa\\u00f1a vuelve a Catalu\\u00f1a tras la crisis independentista\",\"author\":{\"@id\":\"https:\\\/\\\/www.eldigitaldeasturias.com\\\/noticias\\\/author\\\/admin\\\/#author\"},\"publisher\":{\"@id\":\"https:\\\/\\\/www.eldigitaldeasturias.com\\\/noticias\\\/#organization\"},\"image\":{\"@type\":\"ImageObject\",\"url\":707208},\"datePublished\":\"2018-02-16T23:13:58+01:00\",\"dateModified\":\"2018-02-16T23:13:58+01:00\",\"inLanguage\":\"es-ES\",\"mainEntityOfPage\":{\"@id\":\"https:\\\/\\\/www.eldigitaldeasturias.com\\\/noticias\\\/el-rey-de-espana-vuelve-a-cataluna-tras-la-crisis-independentista\\\/#webpage\"},\"isPartOf\":{\"@id\":\"https:\\\/\\\/www.eldigitaldeasturias.com\\\/noticias\\\/el-rey-de-espana-vuelve-a-cataluna-tras-la-crisis-independentista\\\/#webpage\"},\"articleSection\":\"Actualidad\"},{\"@type\":\"BreadcrumbList\",\"@id\":\"https:\\\/\\\/www.eldigitaldeasturias.com\\\/noticias\\\/el-rey-de-espana-vuelve-a-cataluna-tras-la-crisis-independentista\\\/#breadcrumblist\",\"itemListElement\":[{\"@type\":\"ListItem\",\"@id\":\"https:\\\/\\\/www.eldigitaldeasturias.com\\\/noticias#listItem\",\"position\":1,\"name\":\"Home\",\"item\":\"https:\\\/\\\/www.eldigitaldeasturias.com\\\/noticias\",\"nextItem\":{\"@type\":\"ListItem\",\"@id\":\"https:\\\/\\\/www.eldigitaldeasturias.com\\\/noticias\\\/category\\\/actualidad\\\/#listItem\",\"name\":\"Actualidad\"}},{\"@type\":\"ListItem\",\"@id\":\"https:\\\/\\\/www.eldigitaldeasturias.com\\\/noticias\\\/category\\\/actualidad\\\/#listItem\",\"position\":2,\"name\":\"Actualidad\",\"item\":\"https:\\\/\\\/www.eldigitaldeasturias.com\\\/noticias\\\/category\\\/actualidad\\\/\",\"nextItem\":{\"@type\":\"ListItem\",\"@id\":\"https:\\\/\\\/www.eldigitaldeasturias.com\\\/noticias\\\/el-rey-de-espana-vuelve-a-cataluna-tras-la-crisis-independentista\\\/#listItem\",\"name\":\"El rey de Espa\\u00f1a vuelve a Catalu\\u00f1a tras la crisis independentista\"},\"previousItem\":{\"@type\":\"ListItem\",\"@id\":\"https:\\\/\\\/www.eldigitaldeasturias.com\\\/noticias#listItem\",\"name\":\"Home\"}},{\"@type\":\"ListItem\",\"@id\":\"https:\\\/\\\/www.eldigitaldeasturias.com\\\/noticias\\\/el-rey-de-espana-vuelve-a-cataluna-tras-la-crisis-independentista\\\/#listItem\",\"position\":3,\"name\":\"El rey de Espa\\u00f1a vuelve a Catalu\\u00f1a tras la crisis independentista\",\"previousItem\":{\"@type\":\"ListItem\",\"@id\":\"https:\\\/\\\/www.eldigitaldeasturias.com\\\/noticias\\\/category\\\/actualidad\\\/#listItem\",\"name\":\"Actualidad\"}}]},{\"@type\":\"Organization\",\"@id\":\"https:\\\/\\\/www.eldigitaldeasturias.com\\\/noticias\\\/#organization\",\"name\":\"El Digital de Asturias\",\"description\":\"Hemeroteca\",\"url\":\"https:\\\/\\\/www.eldigitaldeasturias.com\\\/noticias\\\/\",\"email\":\"info@eldigitaldeasturias.com\",\"telephone\":\"+34652131393\",\"logo\":{\"@type\":\"ImageObject\",\"url\":\"https:\\\/\\\/www.eldigitaldeasturias.com\\\/noticias\\\/wp-content\\\/uploads\\\/2020\\\/12\\\/EDA.jpg\",\"@id\":\"https:\\\/\\\/www.eldigitaldeasturias.com\\\/noticias\\\/el-rey-de-espana-vuelve-a-cataluna-tras-la-crisis-independentista\\\/#organizationLogo\"},\"image\":{\"@id\":\"https:\\\/\\\/www.eldigitaldeasturias.com\\\/noticias\\\/el-rey-de-espana-vuelve-a-cataluna-tras-la-crisis-independentista\\\/#organizationLogo\"},\"sameAs\":[\"https:\\\/\\\/facebook.com\\\/eldigitaldeasturias\",\"https:\\\/\\\/www.youtube.com\\\/channel\\\/UCZP-2wLEB9Rv6erhFmqVnvg\"],\"address\":{\"@id\":\"https:\\\/\\\/www.eldigitaldeasturias.com\\\/noticias\\\/#postaladdress\",\"@type\":\"PostalAddress\",\"streetAddress\":\"san antonio 4\",\"postalCode\":\"33430\",\"addressLocality\":\"Cand\\u00e1s\",\"addressRegion\":\"Asturias\",\"addressCountry\":\"ES\"}},{\"@type\":\"Person\",\"@id\":\"https:\\\/\\\/www.eldigitaldeasturias.com\\\/noticias\\\/author\\\/admin\\\/#author\",\"url\":\"https:\\\/\\\/www.eldigitaldeasturias.com\\\/noticias\\\/author\\\/admin\\\/\",\"name\":\"El Digital de Asturias\",\"image\":{\"@type\":\"ImageObject\",\"@id\":\"https:\\\/\\\/www.eldigitaldeasturias.com\\\/noticias\\\/el-rey-de-espana-vuelve-a-cataluna-tras-la-crisis-independentista\\\/#authorImage\",\"url\":\"https:\\\/\\\/secure.gravatar.com\\\/avatar\\\/df2aeffc32bcd13f8d26072ef8a91b623d677766deac7f97ca815868cd41bf5e?s=96&d=mm&r=g\",\"width\":96,\"height\":96,\"caption\":\"El Digital de Asturias\"}},{\"@type\":\"WebPage\",\"@id\":\"https:\\\/\\\/www.eldigitaldeasturias.com\\\/noticias\\\/el-rey-de-espana-vuelve-a-cataluna-tras-la-crisis-independentista\\\/#webpage\",\"url\":\"https:\\\/\\\/www.eldigitaldeasturias.com\\\/noticias\\\/el-rey-de-espana-vuelve-a-cataluna-tras-la-crisis-independentista\\\/\",\"name\":\"El rey de Espa\\u00f1a vuelve a Catalu\\u00f1a tras la crisis independentista - El Digital de Asturias\",\"description\":\"Madrid, 16 feb (dpa) - El rey Felipe VI volver\\u00e1 el 25 de febrero a Catalu\\u00f1a por primera vez tras el estallido de la crisis soberanista que abri\\u00f3 una crisis institucional sin precedentes en Espa\\u00f1a y que fue respondida con dureza por el monarca, inform\\u00f3 hoy la Casa Real. El rey presidir\\u00e1 ese domingo en\",\"inLanguage\":\"es-ES\",\"isPartOf\":{\"@id\":\"https:\\\/\\\/www.eldigitaldeasturias.com\\\/noticias\\\/#website\"},\"breadcrumb\":{\"@id\":\"https:\\\/\\\/www.eldigitaldeasturias.com\\\/noticias\\\/el-rey-de-espana-vuelve-a-cataluna-tras-la-crisis-independentista\\\/#breadcrumblist\"},\"author\":{\"@id\":\"https:\\\/\\\/www.eldigitaldeasturias.com\\\/noticias\\\/author\\\/admin\\\/#author\"},\"creator\":{\"@id\":\"https:\\\/\\\/www.eldigitaldeasturias.com\\\/noticias\\\/author\\\/admin\\\/#author\"},\"image\":{\"@type\":\"ImageObject\",\"url\":707208,\"@id\":\"https:\\\/\\\/www.eldigitaldeasturias.com\\\/noticias\\\/el-rey-de-espana-vuelve-a-cataluna-tras-la-crisis-independentista\\\/#mainImage\"},\"primaryImageOfPage\":{\"@id\":\"https:\\\/\\\/www.eldigitaldeasturias.com\\\/noticias\\\/el-rey-de-espana-vuelve-a-cataluna-tras-la-crisis-independentista\\\/#mainImage\"},\"datePublished\":\"2018-02-16T23:13:58+01:00\",\"dateModified\":\"2018-02-16T23:13:58+01:00\"},{\"@type\":\"WebSite\",\"@id\":\"https:\\\/\\\/www.eldigitaldeasturias.com\\\/noticias\\\/#website\",\"url\":\"https:\\\/\\\/www.eldigitaldeasturias.com\\\/noticias\\\/\",\"name\":\"El Digital de Asturias - Diario de actualidad y noticias\",\"alternateName\":\"El Digital de Asturias - Diario de actualidad y noticias\",\"description\":\"Hemeroteca\",\"inLanguage\":\"es-ES\",\"publisher\":{\"@id\":\"https:\\\/\\\/www.eldigitaldeasturias.com\\\/noticias\\\/#organization\"}}]}\n\t\t<\/script>\n\t\t<!-- All in One SEO Pro -->\r\n\t\t<title>El rey de Espa\u00f1a vuelve a Catalu\u00f1a tras la crisis independentista - El Digital de Asturias<\/title>\n\n","aioseo_head_json":{"title":"El rey de Espa\u00f1a vuelve a Catalu\u00f1a tras la crisis independentista - El Digital de Asturias","description":"Madrid, 16 feb (dpa) - El rey Felipe VI volver\u00e1 el 25 de febrero a Catalu\u00f1a por primera vez tras el estallido de la crisis soberanista que abri\u00f3 una crisis institucional sin precedentes en Espa\u00f1a y que fue respondida con dureza por el monarca, inform\u00f3 hoy la Casa Real. El rey presidir\u00e1 ese domingo en","canonical_url":"https:\/\/www.eldigitaldeasturias.com\/noticias\/el-rey-de-espana-vuelve-a-cataluna-tras-la-crisis-independentista\/","robots":"max-image-preview:large","keywords":"actualidad","webmasterTools":{"google-site-verification":"UA-38556648-1","msvalidate.01":"7dfe9f3f1b24437ab69f4f2559babe99","miscellaneous":""},"schema":{"@context":"https:\/\/schema.org","@graph":[{"@type":"BlogPosting","@id":"https:\/\/www.eldigitaldeasturias.com\/noticias\/el-rey-de-espana-vuelve-a-cataluna-tras-la-crisis-independentista\/#blogposting","name":"El rey de Espa\u00f1a vuelve a Catalu\u00f1a tras la crisis independentista - El Digital de Asturias","headline":"El rey de Espa\u00f1a vuelve a Catalu\u00f1a tras la crisis independentista","author":{"@id":"https:\/\/www.eldigitaldeasturias.com\/noticias\/author\/admin\/#author"},"publisher":{"@id":"https:\/\/www.eldigitaldeasturias.com\/noticias\/#organization"},"image":{"@type":"ImageObject","url":707208},"datePublished":"2018-02-16T23:13:58+01:00","dateModified":"2018-02-16T23:13:58+01:00","inLanguage":"es-ES","mainEntityOfPage":{"@id":"https:\/\/www.eldigitaldeasturias.com\/noticias\/el-rey-de-espana-vuelve-a-cataluna-tras-la-crisis-independentista\/#webpage"},"isPartOf":{"@id":"https:\/\/www.eldigitaldeasturias.com\/noticias\/el-rey-de-espana-vuelve-a-cataluna-tras-la-crisis-independentista\/#webpage"},"articleSection":"Actualidad"},{"@type":"BreadcrumbList","@id":"https:\/\/www.eldigitaldeasturias.com\/noticias\/el-rey-de-espana-vuelve-a-cataluna-tras-la-crisis-independentista\/#breadcrumblist","itemListElement":[{"@type":"ListItem","@id":"https:\/\/www.eldigitaldeasturias.com\/noticias#listItem","position":1,"name":"Home","item":"https:\/\/www.eldigitaldeasturias.com\/noticias","nextItem":{"@type":"ListItem","@id":"https:\/\/www.eldigitaldeasturias.com\/noticias\/category\/actualidad\/#listItem","name":"Actualidad"}},{"@type":"ListItem","@id":"https:\/\/www.eldigitaldeasturias.com\/noticias\/category\/actualidad\/#listItem","position":2,"name":"Actualidad","item":"https:\/\/www.eldigitaldeasturias.com\/noticias\/category\/actualidad\/","nextItem":{"@type":"ListItem","@id":"https:\/\/www.eldigitaldeasturias.com\/noticias\/el-rey-de-espana-vuelve-a-cataluna-tras-la-crisis-independentista\/#listItem","name":"El rey de Espa\u00f1a vuelve a Catalu\u00f1a tras la crisis independentista"},"previousItem":{"@type":"ListItem","@id":"https:\/\/www.eldigitaldeasturias.com\/noticias#listItem","name":"Home"}},{"@type":"ListItem","@id":"https:\/\/www.eldigitaldeasturias.com\/noticias\/el-rey-de-espana-vuelve-a-cataluna-tras-la-crisis-independentista\/#listItem","position":3,"name":"El rey de Espa\u00f1a vuelve a Catalu\u00f1a tras la crisis independentista","previousItem":{"@type":"ListItem","@id":"https:\/\/www.eldigitaldeasturias.com\/noticias\/category\/actualidad\/#listItem","name":"Actualidad"}}]},{"@type":"Organization","@id":"https:\/\/www.eldigitaldeasturias.com\/noticias\/#organization","name":"El Digital de Asturias","description":"Hemeroteca","url":"https:\/\/www.eldigitaldeasturias.com\/noticias\/","email":"info@eldigitaldeasturias.com","telephone":"+34652131393","logo":{"@type":"ImageObject","url":"https:\/\/www.eldigitaldeasturias.com\/noticias\/wp-content\/uploads\/2020\/12\/EDA.jpg","@id":"https:\/\/www.eldigitaldeasturias.com\/noticias\/el-rey-de-espana-vuelve-a-cataluna-tras-la-crisis-independentista\/#organizationLogo"},"image":{"@id":"https:\/\/www.eldigitaldeasturias.com\/noticias\/el-rey-de-espana-vuelve-a-cataluna-tras-la-crisis-independentista\/#organizationLogo"},"sameAs":["https:\/\/facebook.com\/eldigitaldeasturias","https:\/\/www.youtube.com\/channel\/UCZP-2wLEB9Rv6erhFmqVnvg"],"address":{"@id":"https:\/\/www.eldigitaldeasturias.com\/noticias\/#postaladdress","@type":"PostalAddress","streetAddress":"san antonio 4","postalCode":"33430","addressLocality":"Cand\u00e1s","addressRegion":"Asturias","addressCountry":"ES"}},{"@type":"Person","@id":"https:\/\/www.eldigitaldeasturias.com\/noticias\/author\/admin\/#author","url":"https:\/\/www.eldigitaldeasturias.com\/noticias\/author\/admin\/","name":"El Digital de Asturias","image":{"@type":"ImageObject","@id":"https:\/\/www.eldigitaldeasturias.com\/noticias\/el-rey-de-espana-vuelve-a-cataluna-tras-la-crisis-independentista\/#authorImage","url":"https:\/\/secure.gravatar.com\/avatar\/df2aeffc32bcd13f8d26072ef8a91b623d677766deac7f97ca815868cd41bf5e?s=96&d=mm&r=g","width":96,"height":96,"caption":"El Digital de Asturias"}},{"@type":"WebPage","@id":"https:\/\/www.eldigitaldeasturias.com\/noticias\/el-rey-de-espana-vuelve-a-cataluna-tras-la-crisis-independentista\/#webpage","url":"https:\/\/www.eldigitaldeasturias.com\/noticias\/el-rey-de-espana-vuelve-a-cataluna-tras-la-crisis-independentista\/","name":"El rey de Espa\u00f1a vuelve a Catalu\u00f1a tras la crisis independentista - El Digital de Asturias","description":"Madrid, 16 feb (dpa) - El rey Felipe VI volver\u00e1 el 25 de febrero a Catalu\u00f1a por primera vez tras el estallido de la crisis soberanista que abri\u00f3 una crisis institucional sin precedentes en Espa\u00f1a y que fue respondida con dureza por el monarca, inform\u00f3 hoy la Casa Real. El rey presidir\u00e1 ese domingo en","inLanguage":"es-ES","isPartOf":{"@id":"https:\/\/www.eldigitaldeasturias.com\/noticias\/#website"},"breadcrumb":{"@id":"https:\/\/www.eldigitaldeasturias.com\/noticias\/el-rey-de-espana-vuelve-a-cataluna-tras-la-crisis-independentista\/#breadcrumblist"},"author":{"@id":"https:\/\/www.eldigitaldeasturias.com\/noticias\/author\/admin\/#author"},"creator":{"@id":"https:\/\/www.eldigitaldeasturias.com\/noticias\/author\/admin\/#author"},"image":{"@type":"ImageObject","url":707208,"@id":"https:\/\/www.eldigitaldeasturias.com\/noticias\/el-rey-de-espana-vuelve-a-cataluna-tras-la-crisis-independentista\/#mainImage"},"primaryImageOfPage":{"@id":"https:\/\/www.eldigitaldeasturias.com\/noticias\/el-rey-de-espana-vuelve-a-cataluna-tras-la-crisis-independentista\/#mainImage"},"datePublished":"2018-02-16T23:13:58+01:00","dateModified":"2018-02-16T23:13:58+01:00"},{"@type":"WebSite","@id":"https:\/\/www.eldigitaldeasturias.com\/noticias\/#website","url":"https:\/\/www.eldigitaldeasturias.com\/noticias\/","name":"El Digital de Asturias - Diario de actualidad y noticias","alternateName":"El Digital de Asturias - Diario de actualidad y noticias","description":"Hemeroteca","inLanguage":"es-ES","publisher":{"@id":"https:\/\/www.eldigitaldeasturias.com\/noticias\/#organization"}}]},"og:locale":"es_ES","og:site_name":"El Digital de Asturias","og:type":"article","og:title":"El rey de Espa\u00f1a vuelve a Catalu\u00f1a tras la crisis independentista - El Digital de Asturias","og:description":"Madrid, 16 feb (dpa) - El rey Felipe VI volver\u00e1 el 25 de febrero a Catalu\u00f1a por primera vez tras el estallido de la crisis soberanista que abri\u00f3 una crisis institucional sin precedentes en Espa\u00f1a y que fue respondida con dureza por el monarca, inform\u00f3 hoy la Casa Real. El rey presidir\u00e1 ese domingo en","og:url":"https:\/\/www.eldigitaldeasturias.com\/noticias\/el-rey-de-espana-vuelve-a-cataluna-tras-la-crisis-independentista\/","article:tag":["actualidad"],"article:published_time":"2018-02-16T23:13:58+00:00","article:modified_time":"2018-02-16T23:13:58+00:00","article:publisher":"https:\/\/facebook.com\/eldigitaldeasturias","twitter:card":"summary_large_image","twitter:title":"El rey de Espa\u00f1a vuelve a Catalu\u00f1a tras la crisis independentista - El Digital de Asturias","twitter:description":"Madrid, 16 feb (dpa) - El rey Felipe VI volver\u00e1 el 25 de febrero a Catalu\u00f1a por primera vez tras el estallido de la crisis soberanista que abri\u00f3 una crisis institucional sin precedentes en Espa\u00f1a y que fue respondida con dureza por el monarca, inform\u00f3 hoy la Casa Real. El rey presidir\u00e1 ese domingo en","twitter:image":"https:\/\/www.eldigitaldeasturias.com\/noticias\/wp-content\/uploads\/2020\/12\/EDA-1.jpg","twitter:label1":"Escrito por","twitter:data1":"El Digital de Asturias","twitter:label2":"Tiempo de lectura estimado","twitter:data2":"2 minutos"},"aioseo_meta_data":{"post_id":"969142","title":null,"description":null,"keywords":null,"keyphrases":null,"primary_term":null,"canonical_url":null,"og_title":null,"og_description":null,"og_object_type":"default","og_image_type":"default","og_image_url":null,"og_image_width":null,"og_image_height":null,"og_image_custom_url":null,"og_image_custom_fields":null,"og_video":null,"og_custom_url":null,"og_article_section":null,"og_article_tags":null,"twitter_use_og":false,"twitter_card":"default","twitter_image_type":"default","twitter_image_url":null,"twitter_image_custom_url":null,"twitter_image_custom_fields":null,"twitter_title":null,"twitter_description":null,"schema":{"blockGraphs":[],"customGraphs":[],"default":{"data":{"Article":[],"Course":[],"Dataset":[],"FAQPage":[],"Movie":[],"Person":[],"Product":[],"ProductReview":[],"Car":[],"Recipe":[],"Service":[],"SoftwareApplication":[],"WebPage":[]},"graphName":"","isEnabled":true},"graphs":[],"defaultGraph":"","defaultPostTypeGraph":""},"schema_type":null,"schema_type_options":null,"pillar_content":false,"robots_default":true,"robots_noindex":false,"robots_noarchive":false,"robots_nosnippet":false,"robots_nofollow":false,"robots_noimageindex":false,"robots_noodp":false,"robots_notranslate":false,"robots_max_snippet":null,"robots_max_videopreview":null,"robots_max_imagepreview":"large","priority":null,"frequency":null,"local_seo":null,"seo_analyzer_scan_date":"2025-10-07 00:56:06","breadcrumb_settings":null,"limit_modified_date":false,"open_ai":null,"ai":null,"created":"2020-12-21 12:28:38","updated":"2025-10-07 00:56:06","focus_keyword":null,"additional_keywords":null,"truseo_locale":null},"aioseo_breadcrumb":"<div class=\"aioseo-breadcrumbs\"><span class=\"aioseo-breadcrumb\">\n\t<a href=\"https:\/\/www.eldigitaldeasturias.com\/noticias\" title=\"Home\">Home<\/a>\n<\/span><span class=\"aioseo-breadcrumb-separator\">\u2013<\/span><span class=\"aioseo-breadcrumb\">\n\t<a href=\"https:\/\/www.eldigitaldeasturias.com\/noticias\/category\/actualidad\/\" title=\"Actualidad\">Actualidad<\/a>\n<\/span><span class=\"aioseo-breadcrumb-separator\">\u2013<\/span><span class=\"aioseo-breadcrumb\">\n\t<a href=\"https:\/\/www.eldigitaldeasturias.com\/noticias\/el-rey-de-espana-vuelve-a-cataluna-tras-la-crisis-independentista\/\" title=\"El rey de Espa\u00f1a vuelve a Catalu\u00f1a tras la crisis independentista\">El rey de Espa\u00f1a vuelve a Catalu\u00f1a tras la crisis independentista<\/a>\n<\/span><\/div>","aioseo_breadcrumb_json":[{"label":"Home","link":"https:\/\/www.eldigitaldeasturias.com\/noticias"},{"label":"Actualidad","link":"https:\/\/www.eldigitaldeasturias.com\/noticias\/category\/actualidad\/"},{"label":"El rey de Espa\u00f1a vuelve a Catalu\u00f1a tras la crisis independentista","link":"https:\/\/www.eldigitaldeasturias.com\/noticias\/el-rey-de-espana-vuelve-a-cataluna-tras-la-crisis-independentista\/"}],"_links":{"self":[{"href":"https:\/\/www.eldigitaldeasturias.com\/noticias\/wp-json\/wp\/v2\/posts\/969142","targetHints":{"allow":["GET"]}}],"collection":[{"href":"https:\/\/www.eldigitaldeasturias.com\/noticias\/wp-json\/wp\/v2\/posts"}],"about":[{"href":"https:\/\/www.eldigitaldeasturias.com\/noticias\/wp-json\/wp\/v2\/types\/post"}],"author":[{"embeddable":true,"href":"https:\/\/www.eldigitaldeasturias.com\/noticias\/wp-json\/wp\/v2\/users\/1"}],"replies":[{"embeddable":true,"href":"https:\/\/www.eldigitaldeasturias.com\/noticias\/wp-json\/wp\/v2\/comments?post=969142"}],"version-history":[{"count":0,"href":"https:\/\/www.eldigitaldeasturias.com\/noticias\/wp-json\/wp\/v2\/posts\/969142\/revisions"}],"wp:attachment":[{"href":"https:\/\/www.eldigitaldeasturias.com\/noticias\/wp-json\/wp\/v2\/media?parent=969142"}],"wp:term":[{"taxonomy":"category","embeddable":true,"href":"https:\/\/www.eldigitaldeasturias.com\/noticias\/wp-json\/wp\/v2\/categories?post=969142"},{"taxonomy":"post_tag","embeddable":true,"href":"https:\/\/www.eldigitaldeasturias.com\/noticias\/wp-json\/wp\/v2\/tags?post=969142"}],"curies":[{"name":"wp","href":"https:\/\/api.w.org\/{rel}","templated":true}]}}