{"id":969109,"date":"2018-02-16T19:52:56","date_gmt":"2018-02-16T19:52:56","guid":{"rendered":"http:\/\/www.eldigitaldeasturias.com\/noticias\/?p=969109"},"modified":"2018-02-16T19:52:56","modified_gmt":"2018-02-16T19:52:56","slug":"andalucia-homenajea-a-garcia-caparros","status":"publish","type":"post","link":"https:\/\/www.eldigitaldeasturias.com\/noticias\/andalucia-homenajea-a-garcia-caparros\/","title":{"rendered":"Andaluc\u00eda homenajea a Garc\u00eda Caparr\u00f3s"},"content":{"rendered":"<p><img loading=\"lazy\" decoding=\"async\" class=\"alignleft size-medium wp-image-969110\" src=\"https:\/\/www.eldigitaldeasturias.com\/noticias\/wp-content\/uploads\/2018\/02\/1518784909108JBarriosEstandardn-360x212.jpg\" alt=\"\" width=\"360\" height=\"212\" \/>El vicepresidente de la Junta y consejero de la Presidencia, Administraci\u00f3n Local y Memoria Democr\u00e1tica, Manuel Jim\u00e9nez Barrios, ha presidido en M\u00e1laga la se\u00f1alizaci\u00f3n del Lugar de Memoria Democr\u00e1tica de la esquina en la que fue abatido mortalmente Manuel Jos\u00e9 Garc\u00eda Caparr\u00f3s, el 4 de diciembre de 1977, en un acto en el que tambi\u00e9n ha participado del alcalde de la localidad, Francisco de la Torre. Para Jim\u00e9nez Barrios, este es un acto muy importante para M\u00e1laga y Andaluc\u00eda y, sobre todo, \u00abpara la dignidad de un pueblo\u00bb.<\/p>\n<p>Seg\u00fan ha manifestado, precisamente, esa dignidad se simboliza en que los andaluces \u00abpuedan conocer en el d\u00eda de hoy lo que ocurri\u00f3\u00bb. Por este motivo, ha se\u00f1alado que la Junta \u00abva a recurrir la ley que ampara el secreto\u00bb de los datos de la Comisi\u00f3n de encuesta que recoge los detalles del asesinato de Garc\u00eda Caparr\u00f3s.<\/p>\n<p>\u00abCuarenta a\u00f1os despu\u00e9s no hay ninguna excusa para no conocer exactamente qu\u00e9 es lo que ocurri\u00f3 y qui\u00e9nes fueron los actores y los protagonistas\u00bb ha manifestado, al tiempo que ha insistido en que \u00abel Gobierno andaluz no va a cejar en el empe\u00f1o de esclarecerlo, porque se lo debemos a la familia y a Andaluc\u00eda\u00bb. \u00abEsto es de justicia en una sociedad moderna, democr\u00e1tica, consolidada, que tiene que conocer lo ocurrido\u00bb, ha apostillado.<\/p>\n<p>El vicepresidente tambi\u00e9n ha insistido en el compromiso de la Junta con la Memoria Hist\u00f3rica y ha recordado que ya hay 51 declaraciones de lugares de Memoria, lo que convierte a esta comunidad en \u00abpionera en el esclarecimiento de los hechos y en la reparaci\u00f3n de las v\u00edctimas\u00bb. Asimismo, ha valorado que \u00abel curr\u00edculo educativo de nuestros centros escolares se va a conocer lo que ocurri\u00f3 con honestidad y tambi\u00e9n desde el rigor hist\u00f3rico y cient\u00edfico\u00bb.<\/p>\n<p>Finalmente, ha agradecido a los familiares de v\u00edctimas y al conjunto del movimiento memorialista que \u00abson piezas fundamentales para haber llegado hasta aqu\u00ed\u00bb.<\/p>\n","protected":false},"excerpt":{"rendered":"<p>El vicepresidente de la Junta y consejero de la Presidencia, Administraci\u00f3n Local y Memoria Democr\u00e1tica, Manuel Jim\u00e9nez Barrios, ha presidido en M\u00e1laga la se\u00f1alizaci\u00f3n del Lugar de Memoria Democr\u00e1tica de la esquina en la que fue abatido mortalmente Manuel Jos\u00e9 Garc\u00eda Caparr\u00f3s, el 4 de diciembre de 1977, en un acto en el que tambi\u00e9n [&hellip;]<\/p>\n","protected":false},"author":1,"featured_media":969110,"comment_status":"closed","ping_status":"closed","sticky":false,"template":"","format":"standard","meta":{"footnotes":""},"categories":[1],"tags":[],"class_list":["post-969109","post","type-post","status-publish","format-standard","has-post-thumbnail","hentry","category-actualidad"],"aioseo_notices":[],"aioseo_head":"\n\t\t<!-- All in One SEO Pro 5.0.1 - aioseo.com -->\n\t<meta name=\"description\" content=\"El vicepresidente de la Junta y consejero de la Presidencia, Administraci\u00f3n Local y Memoria Democr\u00e1tica, Manuel Jim\u00e9nez Barrios, ha presidido en M\u00e1laga la se\u00f1alizaci\u00f3n del Lugar de Memoria Democr\u00e1tica de la esquina en la que fue abatido mortalmente Manuel Jos\u00e9 Garc\u00eda Caparr\u00f3s, el 4 de diciembre de 1977, en un acto en el que tambi\u00e9n\" \/>\n\t<meta name=\"robots\" content=\"max-image-preview:large\" \/>\n\t<meta name=\"author\" content=\"El Digital de Asturias\"\/>\n\t<meta name=\"google-site-verification\" content=\"UA-38556648-1\" \/>\n\t<meta name=\"msvalidate.01\" content=\"7dfe9f3f1b24437ab69f4f2559babe99\" \/>\n\t<meta name=\"keywords\" content=\"actualidad\" \/>\n\t<link rel=\"canonical\" href=\"https:\/\/www.eldigitaldeasturias.com\/noticias\/andalucia-homenajea-a-garcia-caparros\/\" \/>\n\t<meta name=\"generator\" content=\"All in One SEO Pro (AIOSEO) 5.0.1\" \/>\n\t\t<meta property=\"og:locale\" content=\"es_ES\" \/>\n\t\t<meta property=\"og:site_name\" content=\"El Digital de Asturias\" \/>\n\t\t<meta property=\"og:type\" content=\"article\" \/>\n\t\t<meta property=\"og:title\" content=\"Andaluc\u00eda homenajea a Garc\u00eda Caparr\u00f3s - El Digital de Asturias\" \/>\n\t\t<meta property=\"og:description\" content=\"El vicepresidente de la Junta y consejero de la Presidencia, Administraci\u00f3n Local y Memoria Democr\u00e1tica, Manuel Jim\u00e9nez Barrios, ha presidido en M\u00e1laga la se\u00f1alizaci\u00f3n del Lugar de Memoria Democr\u00e1tica de la esquina en la que fue abatido mortalmente Manuel Jos\u00e9 Garc\u00eda Caparr\u00f3s, el 4 de diciembre de 1977, en un acto en el que tambi\u00e9n\" \/>\n\t\t<meta property=\"og:url\" content=\"https:\/\/www.eldigitaldeasturias.com\/noticias\/andalucia-homenajea-a-garcia-caparros\/\" \/>\n\t\t<meta property=\"article:tag\" content=\"actualidad\" \/>\n\t\t<meta property=\"article:published_time\" content=\"2018-02-16T19:52:56+00:00\" \/>\n\t\t<meta property=\"article:modified_time\" content=\"2018-02-16T19:52:56+00:00\" \/>\n\t\t<meta property=\"article:publisher\" content=\"https:\/\/facebook.com\/eldigitaldeasturias\" \/>\n\t\t<meta name=\"twitter:card\" content=\"summary_large_image\" \/>\n\t\t<meta name=\"twitter:title\" content=\"Andaluc\u00eda homenajea a Garc\u00eda Caparr\u00f3s - El Digital de Asturias\" \/>\n\t\t<meta name=\"twitter:description\" content=\"El vicepresidente de la Junta y consejero de la Presidencia, Administraci\u00f3n Local y Memoria Democr\u00e1tica, Manuel Jim\u00e9nez Barrios, ha presidido en M\u00e1laga la se\u00f1alizaci\u00f3n del Lugar de Memoria Democr\u00e1tica de la esquina en la que fue abatido mortalmente Manuel Jos\u00e9 Garc\u00eda Caparr\u00f3s, el 4 de diciembre de 1977, en un acto en el que tambi\u00e9n\" \/>\n\t\t<meta name=\"twitter:image\" content=\"https:\/\/www.eldigitaldeasturias.com\/noticias\/wp-content\/uploads\/2020\/12\/EDA-1.jpg\" \/>\n\t\t<meta name=\"twitter:label1\" content=\"Escrito por\" \/>\n\t\t<meta name=\"twitter:data1\" content=\"El Digital de Asturias\" \/>\n\t\t<meta name=\"twitter:label2\" content=\"Tiempo de lectura estimado\" \/>\n\t\t<meta name=\"twitter:data2\" content=\"2 minutos\" \/>\n\t\t<script type=\"application\/ld+json\" class=\"aioseo-schema\">\n\t\t\t{\"@context\":\"https:\\\/\\\/schema.org\",\"@graph\":[{\"@type\":\"BlogPosting\",\"@id\":\"https:\\\/\\\/www.eldigitaldeasturias.com\\\/noticias\\\/andalucia-homenajea-a-garcia-caparros\\\/#blogposting\",\"name\":\"Andaluc\\u00eda homenajea a Garc\\u00eda Caparr\\u00f3s - El Digital de Asturias\",\"headline\":\"Andaluc\\u00eda homenajea a Garc\\u00eda Caparr\\u00f3s\",\"author\":{\"@id\":\"https:\\\/\\\/www.eldigitaldeasturias.com\\\/noticias\\\/author\\\/admin\\\/#author\"},\"publisher\":{\"@id\":\"https:\\\/\\\/www.eldigitaldeasturias.com\\\/noticias\\\/#organization\"},\"image\":{\"@type\":\"ImageObject\",\"url\":969110},\"datePublished\":\"2018-02-16T19:52:56+01:00\",\"dateModified\":\"2018-02-16T19:52:56+01:00\",\"inLanguage\":\"es-ES\",\"mainEntityOfPage\":{\"@id\":\"https:\\\/\\\/www.eldigitaldeasturias.com\\\/noticias\\\/andalucia-homenajea-a-garcia-caparros\\\/#webpage\"},\"isPartOf\":{\"@id\":\"https:\\\/\\\/www.eldigitaldeasturias.com\\\/noticias\\\/andalucia-homenajea-a-garcia-caparros\\\/#webpage\"},\"articleSection\":\"Actualidad\"},{\"@type\":\"BreadcrumbList\",\"@id\":\"https:\\\/\\\/www.eldigitaldeasturias.com\\\/noticias\\\/andalucia-homenajea-a-garcia-caparros\\\/#breadcrumblist\",\"itemListElement\":[{\"@type\":\"ListItem\",\"@id\":\"https:\\\/\\\/www.eldigitaldeasturias.com\\\/noticias#listItem\",\"position\":1,\"name\":\"Home\",\"item\":\"https:\\\/\\\/www.eldigitaldeasturias.com\\\/noticias\",\"nextItem\":{\"@type\":\"ListItem\",\"@id\":\"https:\\\/\\\/www.eldigitaldeasturias.com\\\/noticias\\\/category\\\/actualidad\\\/#listItem\",\"name\":\"Actualidad\"}},{\"@type\":\"ListItem\",\"@id\":\"https:\\\/\\\/www.eldigitaldeasturias.com\\\/noticias\\\/category\\\/actualidad\\\/#listItem\",\"position\":2,\"name\":\"Actualidad\",\"item\":\"https:\\\/\\\/www.eldigitaldeasturias.com\\\/noticias\\\/category\\\/actualidad\\\/\",\"nextItem\":{\"@type\":\"ListItem\",\"@id\":\"https:\\\/\\\/www.eldigitaldeasturias.com\\\/noticias\\\/andalucia-homenajea-a-garcia-caparros\\\/#listItem\",\"name\":\"Andaluc\\u00eda homenajea a Garc\\u00eda Caparr\\u00f3s\"},\"previousItem\":{\"@type\":\"ListItem\",\"@id\":\"https:\\\/\\\/www.eldigitaldeasturias.com\\\/noticias#listItem\",\"name\":\"Home\"}},{\"@type\":\"ListItem\",\"@id\":\"https:\\\/\\\/www.eldigitaldeasturias.com\\\/noticias\\\/andalucia-homenajea-a-garcia-caparros\\\/#listItem\",\"position\":3,\"name\":\"Andaluc\\u00eda homenajea a Garc\\u00eda Caparr\\u00f3s\",\"previousItem\":{\"@type\":\"ListItem\",\"@id\":\"https:\\\/\\\/www.eldigitaldeasturias.com\\\/noticias\\\/category\\\/actualidad\\\/#listItem\",\"name\":\"Actualidad\"}}]},{\"@type\":\"Organization\",\"@id\":\"https:\\\/\\\/www.eldigitaldeasturias.com\\\/noticias\\\/#organization\",\"name\":\"El Digital de Asturias\",\"description\":\"Hemeroteca\",\"url\":\"https:\\\/\\\/www.eldigitaldeasturias.com\\\/noticias\\\/\",\"email\":\"info@eldigitaldeasturias.com\",\"telephone\":\"+34652131393\",\"logo\":{\"@type\":\"ImageObject\",\"url\":\"https:\\\/\\\/www.eldigitaldeasturias.com\\\/noticias\\\/wp-content\\\/uploads\\\/2020\\\/12\\\/EDA.jpg\",\"@id\":\"https:\\\/\\\/www.eldigitaldeasturias.com\\\/noticias\\\/andalucia-homenajea-a-garcia-caparros\\\/#organizationLogo\"},\"image\":{\"@id\":\"https:\\\/\\\/www.eldigitaldeasturias.com\\\/noticias\\\/andalucia-homenajea-a-garcia-caparros\\\/#organizationLogo\"},\"sameAs\":[\"https:\\\/\\\/facebook.com\\\/eldigitaldeasturias\",\"https:\\\/\\\/www.youtube.com\\\/channel\\\/UCZP-2wLEB9Rv6erhFmqVnvg\"],\"address\":{\"@id\":\"https:\\\/\\\/www.eldigitaldeasturias.com\\\/noticias\\\/#postaladdress\",\"@type\":\"PostalAddress\",\"streetAddress\":\"san antonio 4\",\"postalCode\":\"33430\",\"addressLocality\":\"Cand\\u00e1s\",\"addressRegion\":\"Asturias\",\"addressCountry\":\"ES\"}},{\"@type\":\"Person\",\"@id\":\"https:\\\/\\\/www.eldigitaldeasturias.com\\\/noticias\\\/author\\\/admin\\\/#author\",\"url\":\"https:\\\/\\\/www.eldigitaldeasturias.com\\\/noticias\\\/author\\\/admin\\\/\",\"name\":\"El Digital de Asturias\",\"image\":{\"@type\":\"ImageObject\",\"@id\":\"https:\\\/\\\/www.eldigitaldeasturias.com\\\/noticias\\\/andalucia-homenajea-a-garcia-caparros\\\/#authorImage\",\"url\":\"https:\\\/\\\/secure.gravatar.com\\\/avatar\\\/df2aeffc32bcd13f8d26072ef8a91b623d677766deac7f97ca815868cd41bf5e?s=96&d=mm&r=g\",\"width\":96,\"height\":96,\"caption\":\"El Digital de Asturias\"}},{\"@type\":\"WebPage\",\"@id\":\"https:\\\/\\\/www.eldigitaldeasturias.com\\\/noticias\\\/andalucia-homenajea-a-garcia-caparros\\\/#webpage\",\"url\":\"https:\\\/\\\/www.eldigitaldeasturias.com\\\/noticias\\\/andalucia-homenajea-a-garcia-caparros\\\/\",\"name\":\"Andaluc\\u00eda homenajea a Garc\\u00eda Caparr\\u00f3s - El Digital de Asturias\",\"description\":\"El vicepresidente de la Junta y consejero de la Presidencia, Administraci\\u00f3n Local y Memoria Democr\\u00e1tica, Manuel Jim\\u00e9nez Barrios, ha presidido en M\\u00e1laga la se\\u00f1alizaci\\u00f3n del Lugar de Memoria Democr\\u00e1tica de la esquina en la que fue abatido mortalmente Manuel Jos\\u00e9 Garc\\u00eda Caparr\\u00f3s, el 4 de diciembre de 1977, en un acto en el que tambi\\u00e9n\",\"inLanguage\":\"es-ES\",\"isPartOf\":{\"@id\":\"https:\\\/\\\/www.eldigitaldeasturias.com\\\/noticias\\\/#website\"},\"breadcrumb\":{\"@id\":\"https:\\\/\\\/www.eldigitaldeasturias.com\\\/noticias\\\/andalucia-homenajea-a-garcia-caparros\\\/#breadcrumblist\"},\"author\":{\"@id\":\"https:\\\/\\\/www.eldigitaldeasturias.com\\\/noticias\\\/author\\\/admin\\\/#author\"},\"creator\":{\"@id\":\"https:\\\/\\\/www.eldigitaldeasturias.com\\\/noticias\\\/author\\\/admin\\\/#author\"},\"image\":{\"@type\":\"ImageObject\",\"url\":969110,\"@id\":\"https:\\\/\\\/www.eldigitaldeasturias.com\\\/noticias\\\/andalucia-homenajea-a-garcia-caparros\\\/#mainImage\"},\"primaryImageOfPage\":{\"@id\":\"https:\\\/\\\/www.eldigitaldeasturias.com\\\/noticias\\\/andalucia-homenajea-a-garcia-caparros\\\/#mainImage\"},\"datePublished\":\"2018-02-16T19:52:56+01:00\",\"dateModified\":\"2018-02-16T19:52:56+01:00\"},{\"@type\":\"WebSite\",\"@id\":\"https:\\\/\\\/www.eldigitaldeasturias.com\\\/noticias\\\/#website\",\"url\":\"https:\\\/\\\/www.eldigitaldeasturias.com\\\/noticias\\\/\",\"name\":\"El Digital de Asturias - Diario de actualidad y noticias\",\"alternateName\":\"El Digital de Asturias - Diario de actualidad y noticias\",\"description\":\"Hemeroteca\",\"inLanguage\":\"es-ES\",\"publisher\":{\"@id\":\"https:\\\/\\\/www.eldigitaldeasturias.com\\\/noticias\\\/#organization\"}}]}\n\t\t<\/script>\n\t\t<!-- All in One SEO Pro -->\r\n\t\t<title>Andaluc\u00eda homenajea a Garc\u00eda Caparr\u00f3s - El Digital de Asturias<\/title>\n\n","aioseo_head_json":{"title":"Andaluc\u00eda homenajea a Garc\u00eda Caparr\u00f3s - El Digital de Asturias","description":"El vicepresidente de la Junta y consejero de la Presidencia, Administraci\u00f3n Local y Memoria Democr\u00e1tica, Manuel Jim\u00e9nez Barrios, ha presidido en M\u00e1laga la se\u00f1alizaci\u00f3n del Lugar de Memoria Democr\u00e1tica de la esquina en la que fue abatido mortalmente Manuel Jos\u00e9 Garc\u00eda Caparr\u00f3s, el 4 de diciembre de 1977, en un acto en el que tambi\u00e9n","canonical_url":"https:\/\/www.eldigitaldeasturias.com\/noticias\/andalucia-homenajea-a-garcia-caparros\/","robots":"max-image-preview:large","keywords":"actualidad","webmasterTools":{"google-site-verification":"UA-38556648-1","msvalidate.01":"7dfe9f3f1b24437ab69f4f2559babe99","miscellaneous":""},"schema":{"@context":"https:\/\/schema.org","@graph":[{"@type":"BlogPosting","@id":"https:\/\/www.eldigitaldeasturias.com\/noticias\/andalucia-homenajea-a-garcia-caparros\/#blogposting","name":"Andaluc\u00eda homenajea a Garc\u00eda Caparr\u00f3s - El Digital de Asturias","headline":"Andaluc\u00eda homenajea a Garc\u00eda Caparr\u00f3s","author":{"@id":"https:\/\/www.eldigitaldeasturias.com\/noticias\/author\/admin\/#author"},"publisher":{"@id":"https:\/\/www.eldigitaldeasturias.com\/noticias\/#organization"},"image":{"@type":"ImageObject","url":969110},"datePublished":"2018-02-16T19:52:56+01:00","dateModified":"2018-02-16T19:52:56+01:00","inLanguage":"es-ES","mainEntityOfPage":{"@id":"https:\/\/www.eldigitaldeasturias.com\/noticias\/andalucia-homenajea-a-garcia-caparros\/#webpage"},"isPartOf":{"@id":"https:\/\/www.eldigitaldeasturias.com\/noticias\/andalucia-homenajea-a-garcia-caparros\/#webpage"},"articleSection":"Actualidad"},{"@type":"BreadcrumbList","@id":"https:\/\/www.eldigitaldeasturias.com\/noticias\/andalucia-homenajea-a-garcia-caparros\/#breadcrumblist","itemListElement":[{"@type":"ListItem","@id":"https:\/\/www.eldigitaldeasturias.com\/noticias#listItem","position":1,"name":"Home","item":"https:\/\/www.eldigitaldeasturias.com\/noticias","nextItem":{"@type":"ListItem","@id":"https:\/\/www.eldigitaldeasturias.com\/noticias\/category\/actualidad\/#listItem","name":"Actualidad"}},{"@type":"ListItem","@id":"https:\/\/www.eldigitaldeasturias.com\/noticias\/category\/actualidad\/#listItem","position":2,"name":"Actualidad","item":"https:\/\/www.eldigitaldeasturias.com\/noticias\/category\/actualidad\/","nextItem":{"@type":"ListItem","@id":"https:\/\/www.eldigitaldeasturias.com\/noticias\/andalucia-homenajea-a-garcia-caparros\/#listItem","name":"Andaluc\u00eda homenajea a Garc\u00eda Caparr\u00f3s"},"previousItem":{"@type":"ListItem","@id":"https:\/\/www.eldigitaldeasturias.com\/noticias#listItem","name":"Home"}},{"@type":"ListItem","@id":"https:\/\/www.eldigitaldeasturias.com\/noticias\/andalucia-homenajea-a-garcia-caparros\/#listItem","position":3,"name":"Andaluc\u00eda homenajea a Garc\u00eda Caparr\u00f3s","previousItem":{"@type":"ListItem","@id":"https:\/\/www.eldigitaldeasturias.com\/noticias\/category\/actualidad\/#listItem","name":"Actualidad"}}]},{"@type":"Organization","@id":"https:\/\/www.eldigitaldeasturias.com\/noticias\/#organization","name":"El Digital de Asturias","description":"Hemeroteca","url":"https:\/\/www.eldigitaldeasturias.com\/noticias\/","email":"info@eldigitaldeasturias.com","telephone":"+34652131393","logo":{"@type":"ImageObject","url":"https:\/\/www.eldigitaldeasturias.com\/noticias\/wp-content\/uploads\/2020\/12\/EDA.jpg","@id":"https:\/\/www.eldigitaldeasturias.com\/noticias\/andalucia-homenajea-a-garcia-caparros\/#organizationLogo"},"image":{"@id":"https:\/\/www.eldigitaldeasturias.com\/noticias\/andalucia-homenajea-a-garcia-caparros\/#organizationLogo"},"sameAs":["https:\/\/facebook.com\/eldigitaldeasturias","https:\/\/www.youtube.com\/channel\/UCZP-2wLEB9Rv6erhFmqVnvg"],"address":{"@id":"https:\/\/www.eldigitaldeasturias.com\/noticias\/#postaladdress","@type":"PostalAddress","streetAddress":"san antonio 4","postalCode":"33430","addressLocality":"Cand\u00e1s","addressRegion":"Asturias","addressCountry":"ES"}},{"@type":"Person","@id":"https:\/\/www.eldigitaldeasturias.com\/noticias\/author\/admin\/#author","url":"https:\/\/www.eldigitaldeasturias.com\/noticias\/author\/admin\/","name":"El Digital de Asturias","image":{"@type":"ImageObject","@id":"https:\/\/www.eldigitaldeasturias.com\/noticias\/andalucia-homenajea-a-garcia-caparros\/#authorImage","url":"https:\/\/secure.gravatar.com\/avatar\/df2aeffc32bcd13f8d26072ef8a91b623d677766deac7f97ca815868cd41bf5e?s=96&d=mm&r=g","width":96,"height":96,"caption":"El Digital de Asturias"}},{"@type":"WebPage","@id":"https:\/\/www.eldigitaldeasturias.com\/noticias\/andalucia-homenajea-a-garcia-caparros\/#webpage","url":"https:\/\/www.eldigitaldeasturias.com\/noticias\/andalucia-homenajea-a-garcia-caparros\/","name":"Andaluc\u00eda homenajea a Garc\u00eda Caparr\u00f3s - El Digital de Asturias","description":"El vicepresidente de la Junta y consejero de la Presidencia, Administraci\u00f3n Local y Memoria Democr\u00e1tica, Manuel Jim\u00e9nez Barrios, ha presidido en M\u00e1laga la se\u00f1alizaci\u00f3n del Lugar de Memoria Democr\u00e1tica de la esquina en la que fue abatido mortalmente Manuel Jos\u00e9 Garc\u00eda Caparr\u00f3s, el 4 de diciembre de 1977, en un acto en el que tambi\u00e9n","inLanguage":"es-ES","isPartOf":{"@id":"https:\/\/www.eldigitaldeasturias.com\/noticias\/#website"},"breadcrumb":{"@id":"https:\/\/www.eldigitaldeasturias.com\/noticias\/andalucia-homenajea-a-garcia-caparros\/#breadcrumblist"},"author":{"@id":"https:\/\/www.eldigitaldeasturias.com\/noticias\/author\/admin\/#author"},"creator":{"@id":"https:\/\/www.eldigitaldeasturias.com\/noticias\/author\/admin\/#author"},"image":{"@type":"ImageObject","url":969110,"@id":"https:\/\/www.eldigitaldeasturias.com\/noticias\/andalucia-homenajea-a-garcia-caparros\/#mainImage"},"primaryImageOfPage":{"@id":"https:\/\/www.eldigitaldeasturias.com\/noticias\/andalucia-homenajea-a-garcia-caparros\/#mainImage"},"datePublished":"2018-02-16T19:52:56+01:00","dateModified":"2018-02-16T19:52:56+01:00"},{"@type":"WebSite","@id":"https:\/\/www.eldigitaldeasturias.com\/noticias\/#website","url":"https:\/\/www.eldigitaldeasturias.com\/noticias\/","name":"El Digital de Asturias - Diario de actualidad y noticias","alternateName":"El Digital de Asturias - Diario de actualidad y noticias","description":"Hemeroteca","inLanguage":"es-ES","publisher":{"@id":"https:\/\/www.eldigitaldeasturias.com\/noticias\/#organization"}}]},"og:locale":"es_ES","og:site_name":"El Digital de Asturias","og:type":"article","og:title":"Andaluc\u00eda homenajea a Garc\u00eda Caparr\u00f3s - El Digital de Asturias","og:description":"El vicepresidente de la Junta y consejero de la Presidencia, Administraci\u00f3n Local y Memoria Democr\u00e1tica, Manuel Jim\u00e9nez Barrios, ha presidido en M\u00e1laga la se\u00f1alizaci\u00f3n del Lugar de Memoria Democr\u00e1tica de la esquina en la que fue abatido mortalmente Manuel Jos\u00e9 Garc\u00eda Caparr\u00f3s, el 4 de diciembre de 1977, en un acto en el que tambi\u00e9n","og:url":"https:\/\/www.eldigitaldeasturias.com\/noticias\/andalucia-homenajea-a-garcia-caparros\/","article:tag":["actualidad"],"article:published_time":"2018-02-16T19:52:56+00:00","article:modified_time":"2018-02-16T19:52:56+00:00","article:publisher":"https:\/\/facebook.com\/eldigitaldeasturias","twitter:card":"summary_large_image","twitter:title":"Andaluc\u00eda homenajea a Garc\u00eda Caparr\u00f3s - El Digital de Asturias","twitter:description":"El vicepresidente de la Junta y consejero de la Presidencia, Administraci\u00f3n Local y Memoria Democr\u00e1tica, Manuel Jim\u00e9nez Barrios, ha presidido en M\u00e1laga la se\u00f1alizaci\u00f3n del Lugar de Memoria Democr\u00e1tica de la esquina en la que fue abatido mortalmente Manuel Jos\u00e9 Garc\u00eda Caparr\u00f3s, el 4 de diciembre de 1977, en un acto en el que tambi\u00e9n","twitter:image":"https:\/\/www.eldigitaldeasturias.com\/noticias\/wp-content\/uploads\/2020\/12\/EDA-1.jpg","twitter:label1":"Escrito por","twitter:data1":"El Digital de Asturias","twitter:label2":"Tiempo de lectura estimado","twitter:data2":"2 minutos"},"aioseo_meta_data":{"post_id":"969109","title":null,"description":null,"keywords":null,"keyphrases":null,"primary_term":null,"canonical_url":null,"og_title":null,"og_description":null,"og_object_type":"default","og_image_type":"default","og_image_url":null,"og_image_width":null,"og_image_height":null,"og_image_custom_url":null,"og_image_custom_fields":null,"og_video":null,"og_custom_url":null,"og_article_section":null,"og_article_tags":null,"twitter_use_og":false,"twitter_card":"default","twitter_image_type":"default","twitter_image_url":null,"twitter_image_custom_url":null,"twitter_image_custom_fields":null,"twitter_title":null,"twitter_description":null,"schema":{"blockGraphs":[],"customGraphs":[],"default":{"data":{"Article":[],"Course":[],"Dataset":[],"FAQPage":[],"Movie":[],"Person":[],"Product":[],"ProductReview":[],"Car":[],"Recipe":[],"Service":[],"SoftwareApplication":[],"WebPage":[]},"graphName":"","isEnabled":true},"graphs":[],"defaultGraph":"","defaultPostTypeGraph":""},"schema_type":null,"schema_type_options":null,"pillar_content":false,"robots_default":true,"robots_noindex":false,"robots_noarchive":false,"robots_nosnippet":false,"robots_nofollow":false,"robots_noimageindex":false,"robots_noodp":false,"robots_notranslate":false,"robots_max_snippet":null,"robots_max_videopreview":null,"robots_max_imagepreview":"large","priority":null,"frequency":null,"local_seo":null,"seo_analyzer_scan_date":"2025-10-07 00:49:25","breadcrumb_settings":null,"limit_modified_date":false,"open_ai":null,"ai":null,"created":"2020-12-21 12:28:38","updated":"2025-10-07 00:49:25","focus_keyword":null,"additional_keywords":null,"truseo_locale":null},"aioseo_breadcrumb":"<div class=\"aioseo-breadcrumbs\"><span class=\"aioseo-breadcrumb\">\n\t<a href=\"https:\/\/www.eldigitaldeasturias.com\/noticias\" title=\"Home\">Home<\/a>\n<\/span><span class=\"aioseo-breadcrumb-separator\">\u2013<\/span><span class=\"aioseo-breadcrumb\">\n\t<a href=\"https:\/\/www.eldigitaldeasturias.com\/noticias\/category\/actualidad\/\" title=\"Actualidad\">Actualidad<\/a>\n<\/span><span class=\"aioseo-breadcrumb-separator\">\u2013<\/span><span class=\"aioseo-breadcrumb\">\n\t<a href=\"https:\/\/www.eldigitaldeasturias.com\/noticias\/andalucia-homenajea-a-garcia-caparros\/\" title=\"Andaluc\u00eda homenajea a Garc\u00eda Caparr\u00f3s\">Andaluc\u00eda homenajea a Garc\u00eda Caparr\u00f3s<\/a>\n<\/span><\/div>","aioseo_breadcrumb_json":[{"label":"Home","link":"https:\/\/www.eldigitaldeasturias.com\/noticias"},{"label":"Actualidad","link":"https:\/\/www.eldigitaldeasturias.com\/noticias\/category\/actualidad\/"},{"label":"Andaluc\u00eda homenajea a Garc\u00eda Caparr\u00f3s","link":"https:\/\/www.eldigitaldeasturias.com\/noticias\/andalucia-homenajea-a-garcia-caparros\/"}],"_links":{"self":[{"href":"https:\/\/www.eldigitaldeasturias.com\/noticias\/wp-json\/wp\/v2\/posts\/969109","targetHints":{"allow":["GET"]}}],"collection":[{"href":"https:\/\/www.eldigitaldeasturias.com\/noticias\/wp-json\/wp\/v2\/posts"}],"about":[{"href":"https:\/\/www.eldigitaldeasturias.com\/noticias\/wp-json\/wp\/v2\/types\/post"}],"author":[{"embeddable":true,"href":"https:\/\/www.eldigitaldeasturias.com\/noticias\/wp-json\/wp\/v2\/users\/1"}],"replies":[{"embeddable":true,"href":"https:\/\/www.eldigitaldeasturias.com\/noticias\/wp-json\/wp\/v2\/comments?post=969109"}],"version-history":[{"count":0,"href":"https:\/\/www.eldigitaldeasturias.com\/noticias\/wp-json\/wp\/v2\/posts\/969109\/revisions"}],"wp:attachment":[{"href":"https:\/\/www.eldigitaldeasturias.com\/noticias\/wp-json\/wp\/v2\/media?parent=969109"}],"wp:term":[{"taxonomy":"category","embeddable":true,"href":"https:\/\/www.eldigitaldeasturias.com\/noticias\/wp-json\/wp\/v2\/categories?post=969109"},{"taxonomy":"post_tag","embeddable":true,"href":"https:\/\/www.eldigitaldeasturias.com\/noticias\/wp-json\/wp\/v2\/tags?post=969109"}],"curies":[{"name":"wp","href":"https:\/\/api.w.org\/{rel}","templated":true}]}}