{"id":969106,"date":"2018-02-16T19:51:40","date_gmt":"2018-02-16T19:51:40","guid":{"rendered":"http:\/\/www.eldigitaldeasturias.com\/noticias\/?p=969106"},"modified":"2018-02-16T19:51:40","modified_gmt":"2018-02-16T19:51:40","slug":"susana-diaz-reitera-su-compromiso-en-dependencia","status":"publish","type":"post","link":"https:\/\/www.eldigitaldeasturias.com\/noticias\/susana-diaz-reitera-su-compromiso-en-dependencia\/","title":{"rendered":"Susana D\u00edaz reitera su compromiso en dependencia"},"content":{"rendered":"<p><img loading=\"lazy\" decoding=\"async\" class=\"alignleft size-medium wp-image-969107\" src=\"https:\/\/www.eldigitaldeasturias.com\/noticias\/wp-content\/uploads\/2018\/02\/1518784242622DiazMayoresESTANDARdn-360x212.jpg\" alt=\"\" width=\"360\" height=\"212\" \/>La presidenta de la Junta, Susana D\u00edaz, ha trasladado a la nueva Junta Rectora de la Federaci\u00f3n de Organizaciones Andaluzas de Mayores (FOAM) el compromiso del Gobierno andaluz con los m\u00e1s de 1,3 millones de personas mayores que viven en la comunidad (el 16,6% de la poblaci\u00f3n), principalmente en materia de pensiones, envejecimiento activo y atenci\u00f3n a la dependencia.<\/p>\n<p>En lo relativo a pensiones, la Junta complementa con 21,6 millones de euros las asistenciales y no contributivas en 2018. El Consejo de Gobierno ya aprob\u00f3 los dos decretos reguladores de las ayudas de car\u00e1cter extraordinario para estas prestaciones, que en ambos casos aumentan un 2% respecto al ejercicio anterior y benefician a un total 104.032 personas. La medida se adopta ante la congelaci\u00f3n de las cuant\u00edas estatales de las pensiones asistenciales, la probable subida de solo el 0,25% en el caso de las no contributivas y la p\u00e9rdida de poder adquisitivo del conjunto del colectivo.<\/p>\n<p>Gran parte de las personas beneficiarias de los complementos se corresponde con el colectivo de mayores. Adem\u00e1s del aumento de las ayudas aprobado, la Junta destina este a\u00f1o m\u00e1s de 23,5 millones de euros a medidas como el Servicio Andaluz de Teleasistencia (para 235.000 personas) o las pol\u00edticas de envejecimiento activo. Estas se articulan a trav\u00e9s de los 900 Centros de Participaci\u00f3n de la comunidad aut\u00f3noma, que cuentan con m\u00e1s de medio mill\u00f3n de personas asociadas y realizan anualmente m\u00e1s de 130.000 horas de talleres. Destaca tambi\u00e9n la tarjeta Andaluc\u00eda Junta sesentaycinco, que disfrutan m\u00e1s de un mill\u00f3n de personas con un ahorro global de m\u00e1s de 350 millones de euros en los 16 a\u00f1os de su existencia.<\/p>\n<p><strong>200.000 personas en situaci\u00f3n de dependencia<\/strong><\/p>\n<p>Andaluc\u00eda es la comunidad l\u00edder en atenci\u00f3n a la dependencia, al dar servicio en la actualidad a 200.000 personas (m\u00e1s de 139.000 mayores de 65 a\u00f1os), que se benefician de 254.000 prestaciones, lo que representa el 21% de las beneficiarias del conjunto del pa\u00eds, por encima de su peso poblacional (18%). A pesar de todas las dificultades debido a los continuos recortes del Gobierno central (m\u00e1s de 625 millones de euros desde 2012), Andaluc\u00eda incorpor\u00f3 en 2017 a m\u00e1s de 36.300 nuevas personas en situaci\u00f3n de dependencia y se concedieron 52.600 nuevas prestaciones.<\/p>\n<p>Desde la puesta en marcha de la Ley de Dependencia, en Andaluc\u00eda se han atendido a m\u00e1s de 410.000 personas, que se han beneficiado de 540.000 prestaciones. La Junta ha puesto en marcha una campa\u00f1a informativa, bajo el lema &#8216;Andaluc\u00eda dice SI a la Dependencia&#8217;, cuyo objetivo es mostrar las diferentes prestaciones y servicios que ofrece el Gobierno andaluz para atender a las personas en esta situaci\u00f3n.<\/p>\n<p>El presupuesto de la Junta de 2018 para dependencia alcanza los 1.214 millones de euros, un 2,5% m\u00e1s que en 2017, manteniendo el compromiso de la presidenta de la Junta de incremento de la partida un 10% durante la presente legislatura.<\/p>\n<p><strong>Federaci\u00f3n de Mayores<\/strong><\/p>\n<p>La FOAM mantiene en la actualidad un total de 163 plazas concertadas en centros de atenci\u00f3n residencial, estancia diurna y respiro familiar con la Consejer\u00eda de Igualdad y Pol\u00edticas Sociales en los municipios de Guadix, Peligros y Ja\u00e9n, con una inversi\u00f3n anual estimada de m\u00e1s de 2,2 millones de euros.<\/p>\n<p>Esta entidad sin \u00e1nimo de lucro, no gubernamental, fue creada a favor de la protecci\u00f3n y la reivindicaci\u00f3n de los derechos de las personas mayores en 1990, y est\u00e1 formada por m\u00e1s de 450 asociaciones y representa a 350.000 personas.<\/p>\n<p>Los principales objetivos de la entidad son defender el derecho a una calidad de vida digna del mayor, proporcionando a las autoridades competentes asesoramiento para la soluci\u00f3n de los problemas del sector; potenciar el asociacionismo, la solidaridad y la integraci\u00f3n social del colectivo; fomentar la participaci\u00f3n real y efectiva de los mayores andaluces, as\u00ed como promocionar y desarrollar servicios asistenciales. Desde 2012 a 2017, la Junta ha destinado m\u00e1s de 138.000 euros a FOAM, en concepto de mantenimiento y programas.<\/p>\n","protected":false},"excerpt":{"rendered":"<p>La presidenta de la Junta, Susana D\u00edaz, ha trasladado a la nueva Junta Rectora de la Federaci\u00f3n de Organizaciones Andaluzas de Mayores (FOAM) el compromiso del Gobierno andaluz con los m\u00e1s de 1,3 millones de personas mayores que viven en la comunidad (el 16,6% de la poblaci\u00f3n), principalmente en materia de pensiones, envejecimiento activo y [&hellip;]<\/p>\n","protected":false},"author":1,"featured_media":969107,"comment_status":"closed","ping_status":"closed","sticky":false,"template":"","format":"standard","meta":{"footnotes":""},"categories":[1],"tags":[],"class_list":["post-969106","post","type-post","status-publish","format-standard","has-post-thumbnail","hentry","category-actualidad"],"aioseo_notices":[],"aioseo_head":"\n\t\t<!-- All in One SEO Pro 5.0.1 - aioseo.com -->\n\t<meta name=\"description\" content=\"La presidenta de la Junta, Susana D\u00edaz, ha trasladado a la nueva Junta Rectora de la Federaci\u00f3n de Organizaciones Andaluzas de Mayores (FOAM) el compromiso del Gobierno andaluz con los m\u00e1s de 1,3 millones de personas mayores que viven en la comunidad (el 16,6% de la poblaci\u00f3n), principalmente en materia de pensiones, envejecimiento activo y\" \/>\n\t<meta name=\"robots\" content=\"max-image-preview:large\" \/>\n\t<meta name=\"author\" content=\"El Digital de Asturias\"\/>\n\t<meta name=\"google-site-verification\" content=\"UA-38556648-1\" \/>\n\t<meta name=\"msvalidate.01\" content=\"7dfe9f3f1b24437ab69f4f2559babe99\" \/>\n\t<meta name=\"keywords\" content=\"actualidad\" \/>\n\t<link rel=\"canonical\" href=\"https:\/\/www.eldigitaldeasturias.com\/noticias\/susana-diaz-reitera-su-compromiso-en-dependencia\/\" \/>\n\t<meta name=\"generator\" content=\"All in One SEO Pro (AIOSEO) 5.0.1\" \/>\n\t\t<meta property=\"og:locale\" content=\"es_ES\" \/>\n\t\t<meta property=\"og:site_name\" content=\"El Digital de Asturias\" \/>\n\t\t<meta property=\"og:type\" content=\"article\" \/>\n\t\t<meta property=\"og:title\" content=\"Susana D\u00edaz reitera su compromiso en dependencia - El Digital de Asturias\" \/>\n\t\t<meta property=\"og:description\" content=\"La presidenta de la Junta, Susana D\u00edaz, ha trasladado a la nueva Junta Rectora de la Federaci\u00f3n de Organizaciones Andaluzas de Mayores (FOAM) el compromiso del Gobierno andaluz con los m\u00e1s de 1,3 millones de personas mayores que viven en la comunidad (el 16,6% de la poblaci\u00f3n), principalmente en materia de pensiones, envejecimiento activo y\" \/>\n\t\t<meta property=\"og:url\" content=\"https:\/\/www.eldigitaldeasturias.com\/noticias\/susana-diaz-reitera-su-compromiso-en-dependencia\/\" \/>\n\t\t<meta property=\"article:tag\" content=\"actualidad\" \/>\n\t\t<meta property=\"article:published_time\" content=\"2018-02-16T19:51:40+00:00\" \/>\n\t\t<meta property=\"article:modified_time\" content=\"2018-02-16T19:51:40+00:00\" \/>\n\t\t<meta property=\"article:publisher\" content=\"https:\/\/facebook.com\/eldigitaldeasturias\" \/>\n\t\t<meta name=\"twitter:card\" content=\"summary_large_image\" \/>\n\t\t<meta name=\"twitter:title\" content=\"Susana D\u00edaz reitera su compromiso en dependencia - El Digital de Asturias\" \/>\n\t\t<meta name=\"twitter:description\" content=\"La presidenta de la Junta, Susana D\u00edaz, ha trasladado a la nueva Junta Rectora de la Federaci\u00f3n de Organizaciones Andaluzas de Mayores (FOAM) el compromiso del Gobierno andaluz con los m\u00e1s de 1,3 millones de personas mayores que viven en la comunidad (el 16,6% de la poblaci\u00f3n), principalmente en materia de pensiones, envejecimiento activo y\" \/>\n\t\t<meta name=\"twitter:image\" content=\"https:\/\/www.eldigitaldeasturias.com\/noticias\/wp-content\/uploads\/2020\/12\/EDA-1.jpg\" \/>\n\t\t<meta name=\"twitter:label1\" content=\"Escrito por\" \/>\n\t\t<meta name=\"twitter:data1\" content=\"El Digital de Asturias\" \/>\n\t\t<meta name=\"twitter:label2\" content=\"Tiempo de lectura estimado\" \/>\n\t\t<meta name=\"twitter:data2\" content=\"3 minutos\" \/>\n\t\t<script type=\"application\/ld+json\" class=\"aioseo-schema\">\n\t\t\t{\"@context\":\"https:\\\/\\\/schema.org\",\"@graph\":[{\"@type\":\"BlogPosting\",\"@id\":\"https:\\\/\\\/www.eldigitaldeasturias.com\\\/noticias\\\/susana-diaz-reitera-su-compromiso-en-dependencia\\\/#blogposting\",\"name\":\"Susana D\\u00edaz reitera su compromiso en dependencia - El Digital de Asturias\",\"headline\":\"Susana D\\u00edaz reitera su compromiso en dependencia\",\"author\":{\"@id\":\"https:\\\/\\\/www.eldigitaldeasturias.com\\\/noticias\\\/author\\\/admin\\\/#author\"},\"publisher\":{\"@id\":\"https:\\\/\\\/www.eldigitaldeasturias.com\\\/noticias\\\/#organization\"},\"image\":{\"@type\":\"ImageObject\",\"url\":969107},\"datePublished\":\"2018-02-16T19:51:40+01:00\",\"dateModified\":\"2018-02-16T19:51:40+01:00\",\"inLanguage\":\"es-ES\",\"mainEntityOfPage\":{\"@id\":\"https:\\\/\\\/www.eldigitaldeasturias.com\\\/noticias\\\/susana-diaz-reitera-su-compromiso-en-dependencia\\\/#webpage\"},\"isPartOf\":{\"@id\":\"https:\\\/\\\/www.eldigitaldeasturias.com\\\/noticias\\\/susana-diaz-reitera-su-compromiso-en-dependencia\\\/#webpage\"},\"articleSection\":\"Actualidad\"},{\"@type\":\"BreadcrumbList\",\"@id\":\"https:\\\/\\\/www.eldigitaldeasturias.com\\\/noticias\\\/susana-diaz-reitera-su-compromiso-en-dependencia\\\/#breadcrumblist\",\"itemListElement\":[{\"@type\":\"ListItem\",\"@id\":\"https:\\\/\\\/www.eldigitaldeasturias.com\\\/noticias#listItem\",\"position\":1,\"name\":\"Home\",\"item\":\"https:\\\/\\\/www.eldigitaldeasturias.com\\\/noticias\",\"nextItem\":{\"@type\":\"ListItem\",\"@id\":\"https:\\\/\\\/www.eldigitaldeasturias.com\\\/noticias\\\/category\\\/actualidad\\\/#listItem\",\"name\":\"Actualidad\"}},{\"@type\":\"ListItem\",\"@id\":\"https:\\\/\\\/www.eldigitaldeasturias.com\\\/noticias\\\/category\\\/actualidad\\\/#listItem\",\"position\":2,\"name\":\"Actualidad\",\"item\":\"https:\\\/\\\/www.eldigitaldeasturias.com\\\/noticias\\\/category\\\/actualidad\\\/\",\"nextItem\":{\"@type\":\"ListItem\",\"@id\":\"https:\\\/\\\/www.eldigitaldeasturias.com\\\/noticias\\\/susana-diaz-reitera-su-compromiso-en-dependencia\\\/#listItem\",\"name\":\"Susana D\\u00edaz reitera su compromiso en dependencia\"},\"previousItem\":{\"@type\":\"ListItem\",\"@id\":\"https:\\\/\\\/www.eldigitaldeasturias.com\\\/noticias#listItem\",\"name\":\"Home\"}},{\"@type\":\"ListItem\",\"@id\":\"https:\\\/\\\/www.eldigitaldeasturias.com\\\/noticias\\\/susana-diaz-reitera-su-compromiso-en-dependencia\\\/#listItem\",\"position\":3,\"name\":\"Susana D\\u00edaz reitera su compromiso en dependencia\",\"previousItem\":{\"@type\":\"ListItem\",\"@id\":\"https:\\\/\\\/www.eldigitaldeasturias.com\\\/noticias\\\/category\\\/actualidad\\\/#listItem\",\"name\":\"Actualidad\"}}]},{\"@type\":\"Organization\",\"@id\":\"https:\\\/\\\/www.eldigitaldeasturias.com\\\/noticias\\\/#organization\",\"name\":\"El Digital de Asturias\",\"description\":\"Hemeroteca\",\"url\":\"https:\\\/\\\/www.eldigitaldeasturias.com\\\/noticias\\\/\",\"email\":\"info@eldigitaldeasturias.com\",\"telephone\":\"+34652131393\",\"logo\":{\"@type\":\"ImageObject\",\"url\":\"https:\\\/\\\/www.eldigitaldeasturias.com\\\/noticias\\\/wp-content\\\/uploads\\\/2020\\\/12\\\/EDA.jpg\",\"@id\":\"https:\\\/\\\/www.eldigitaldeasturias.com\\\/noticias\\\/susana-diaz-reitera-su-compromiso-en-dependencia\\\/#organizationLogo\"},\"image\":{\"@id\":\"https:\\\/\\\/www.eldigitaldeasturias.com\\\/noticias\\\/susana-diaz-reitera-su-compromiso-en-dependencia\\\/#organizationLogo\"},\"sameAs\":[\"https:\\\/\\\/facebook.com\\\/eldigitaldeasturias\",\"https:\\\/\\\/www.youtube.com\\\/channel\\\/UCZP-2wLEB9Rv6erhFmqVnvg\"],\"address\":{\"@id\":\"https:\\\/\\\/www.eldigitaldeasturias.com\\\/noticias\\\/#postaladdress\",\"@type\":\"PostalAddress\",\"streetAddress\":\"san antonio 4\",\"postalCode\":\"33430\",\"addressLocality\":\"Cand\\u00e1s\",\"addressRegion\":\"Asturias\",\"addressCountry\":\"ES\"}},{\"@type\":\"Person\",\"@id\":\"https:\\\/\\\/www.eldigitaldeasturias.com\\\/noticias\\\/author\\\/admin\\\/#author\",\"url\":\"https:\\\/\\\/www.eldigitaldeasturias.com\\\/noticias\\\/author\\\/admin\\\/\",\"name\":\"El Digital de Asturias\",\"image\":{\"@type\":\"ImageObject\",\"@id\":\"https:\\\/\\\/www.eldigitaldeasturias.com\\\/noticias\\\/susana-diaz-reitera-su-compromiso-en-dependencia\\\/#authorImage\",\"url\":\"https:\\\/\\\/secure.gravatar.com\\\/avatar\\\/df2aeffc32bcd13f8d26072ef8a91b623d677766deac7f97ca815868cd41bf5e?s=96&d=mm&r=g\",\"width\":96,\"height\":96,\"caption\":\"El Digital de Asturias\"}},{\"@type\":\"WebPage\",\"@id\":\"https:\\\/\\\/www.eldigitaldeasturias.com\\\/noticias\\\/susana-diaz-reitera-su-compromiso-en-dependencia\\\/#webpage\",\"url\":\"https:\\\/\\\/www.eldigitaldeasturias.com\\\/noticias\\\/susana-diaz-reitera-su-compromiso-en-dependencia\\\/\",\"name\":\"Susana D\\u00edaz reitera su compromiso en dependencia - El Digital de Asturias\",\"description\":\"La presidenta de la Junta, Susana D\\u00edaz, ha trasladado a la nueva Junta Rectora de la Federaci\\u00f3n de Organizaciones Andaluzas de Mayores (FOAM) el compromiso del Gobierno andaluz con los m\\u00e1s de 1,3 millones de personas mayores que viven en la comunidad (el 16,6% de la poblaci\\u00f3n), principalmente en materia de pensiones, envejecimiento activo y\",\"inLanguage\":\"es-ES\",\"isPartOf\":{\"@id\":\"https:\\\/\\\/www.eldigitaldeasturias.com\\\/noticias\\\/#website\"},\"breadcrumb\":{\"@id\":\"https:\\\/\\\/www.eldigitaldeasturias.com\\\/noticias\\\/susana-diaz-reitera-su-compromiso-en-dependencia\\\/#breadcrumblist\"},\"author\":{\"@id\":\"https:\\\/\\\/www.eldigitaldeasturias.com\\\/noticias\\\/author\\\/admin\\\/#author\"},\"creator\":{\"@id\":\"https:\\\/\\\/www.eldigitaldeasturias.com\\\/noticias\\\/author\\\/admin\\\/#author\"},\"image\":{\"@type\":\"ImageObject\",\"url\":969107,\"@id\":\"https:\\\/\\\/www.eldigitaldeasturias.com\\\/noticias\\\/susana-diaz-reitera-su-compromiso-en-dependencia\\\/#mainImage\"},\"primaryImageOfPage\":{\"@id\":\"https:\\\/\\\/www.eldigitaldeasturias.com\\\/noticias\\\/susana-diaz-reitera-su-compromiso-en-dependencia\\\/#mainImage\"},\"datePublished\":\"2018-02-16T19:51:40+01:00\",\"dateModified\":\"2018-02-16T19:51:40+01:00\"},{\"@type\":\"WebSite\",\"@id\":\"https:\\\/\\\/www.eldigitaldeasturias.com\\\/noticias\\\/#website\",\"url\":\"https:\\\/\\\/www.eldigitaldeasturias.com\\\/noticias\\\/\",\"name\":\"El Digital de Asturias - Diario de actualidad y noticias\",\"alternateName\":\"El Digital de Asturias - Diario de actualidad y noticias\",\"description\":\"Hemeroteca\",\"inLanguage\":\"es-ES\",\"publisher\":{\"@id\":\"https:\\\/\\\/www.eldigitaldeasturias.com\\\/noticias\\\/#organization\"}}]}\n\t\t<\/script>\n\t\t<!-- All in One SEO Pro -->\r\n\t\t<title>Susana D\u00edaz reitera su compromiso en dependencia - El Digital de Asturias<\/title>\n\n","aioseo_head_json":{"title":"Susana D\u00edaz reitera su compromiso en dependencia - El Digital de Asturias","description":"La presidenta de la Junta, Susana D\u00edaz, ha trasladado a la nueva Junta Rectora de la Federaci\u00f3n de Organizaciones Andaluzas de Mayores (FOAM) el compromiso del Gobierno andaluz con los m\u00e1s de 1,3 millones de personas mayores que viven en la comunidad (el 16,6% de la poblaci\u00f3n), principalmente en materia de pensiones, envejecimiento activo y","canonical_url":"https:\/\/www.eldigitaldeasturias.com\/noticias\/susana-diaz-reitera-su-compromiso-en-dependencia\/","robots":"max-image-preview:large","keywords":"actualidad","webmasterTools":{"google-site-verification":"UA-38556648-1","msvalidate.01":"7dfe9f3f1b24437ab69f4f2559babe99","miscellaneous":""},"schema":{"@context":"https:\/\/schema.org","@graph":[{"@type":"BlogPosting","@id":"https:\/\/www.eldigitaldeasturias.com\/noticias\/susana-diaz-reitera-su-compromiso-en-dependencia\/#blogposting","name":"Susana D\u00edaz reitera su compromiso en dependencia - El Digital de Asturias","headline":"Susana D\u00edaz reitera su compromiso en dependencia","author":{"@id":"https:\/\/www.eldigitaldeasturias.com\/noticias\/author\/admin\/#author"},"publisher":{"@id":"https:\/\/www.eldigitaldeasturias.com\/noticias\/#organization"},"image":{"@type":"ImageObject","url":969107},"datePublished":"2018-02-16T19:51:40+01:00","dateModified":"2018-02-16T19:51:40+01:00","inLanguage":"es-ES","mainEntityOfPage":{"@id":"https:\/\/www.eldigitaldeasturias.com\/noticias\/susana-diaz-reitera-su-compromiso-en-dependencia\/#webpage"},"isPartOf":{"@id":"https:\/\/www.eldigitaldeasturias.com\/noticias\/susana-diaz-reitera-su-compromiso-en-dependencia\/#webpage"},"articleSection":"Actualidad"},{"@type":"BreadcrumbList","@id":"https:\/\/www.eldigitaldeasturias.com\/noticias\/susana-diaz-reitera-su-compromiso-en-dependencia\/#breadcrumblist","itemListElement":[{"@type":"ListItem","@id":"https:\/\/www.eldigitaldeasturias.com\/noticias#listItem","position":1,"name":"Home","item":"https:\/\/www.eldigitaldeasturias.com\/noticias","nextItem":{"@type":"ListItem","@id":"https:\/\/www.eldigitaldeasturias.com\/noticias\/category\/actualidad\/#listItem","name":"Actualidad"}},{"@type":"ListItem","@id":"https:\/\/www.eldigitaldeasturias.com\/noticias\/category\/actualidad\/#listItem","position":2,"name":"Actualidad","item":"https:\/\/www.eldigitaldeasturias.com\/noticias\/category\/actualidad\/","nextItem":{"@type":"ListItem","@id":"https:\/\/www.eldigitaldeasturias.com\/noticias\/susana-diaz-reitera-su-compromiso-en-dependencia\/#listItem","name":"Susana D\u00edaz reitera su compromiso en dependencia"},"previousItem":{"@type":"ListItem","@id":"https:\/\/www.eldigitaldeasturias.com\/noticias#listItem","name":"Home"}},{"@type":"ListItem","@id":"https:\/\/www.eldigitaldeasturias.com\/noticias\/susana-diaz-reitera-su-compromiso-en-dependencia\/#listItem","position":3,"name":"Susana D\u00edaz reitera su compromiso en dependencia","previousItem":{"@type":"ListItem","@id":"https:\/\/www.eldigitaldeasturias.com\/noticias\/category\/actualidad\/#listItem","name":"Actualidad"}}]},{"@type":"Organization","@id":"https:\/\/www.eldigitaldeasturias.com\/noticias\/#organization","name":"El Digital de Asturias","description":"Hemeroteca","url":"https:\/\/www.eldigitaldeasturias.com\/noticias\/","email":"info@eldigitaldeasturias.com","telephone":"+34652131393","logo":{"@type":"ImageObject","url":"https:\/\/www.eldigitaldeasturias.com\/noticias\/wp-content\/uploads\/2020\/12\/EDA.jpg","@id":"https:\/\/www.eldigitaldeasturias.com\/noticias\/susana-diaz-reitera-su-compromiso-en-dependencia\/#organizationLogo"},"image":{"@id":"https:\/\/www.eldigitaldeasturias.com\/noticias\/susana-diaz-reitera-su-compromiso-en-dependencia\/#organizationLogo"},"sameAs":["https:\/\/facebook.com\/eldigitaldeasturias","https:\/\/www.youtube.com\/channel\/UCZP-2wLEB9Rv6erhFmqVnvg"],"address":{"@id":"https:\/\/www.eldigitaldeasturias.com\/noticias\/#postaladdress","@type":"PostalAddress","streetAddress":"san antonio 4","postalCode":"33430","addressLocality":"Cand\u00e1s","addressRegion":"Asturias","addressCountry":"ES"}},{"@type":"Person","@id":"https:\/\/www.eldigitaldeasturias.com\/noticias\/author\/admin\/#author","url":"https:\/\/www.eldigitaldeasturias.com\/noticias\/author\/admin\/","name":"El Digital de Asturias","image":{"@type":"ImageObject","@id":"https:\/\/www.eldigitaldeasturias.com\/noticias\/susana-diaz-reitera-su-compromiso-en-dependencia\/#authorImage","url":"https:\/\/secure.gravatar.com\/avatar\/df2aeffc32bcd13f8d26072ef8a91b623d677766deac7f97ca815868cd41bf5e?s=96&d=mm&r=g","width":96,"height":96,"caption":"El Digital de Asturias"}},{"@type":"WebPage","@id":"https:\/\/www.eldigitaldeasturias.com\/noticias\/susana-diaz-reitera-su-compromiso-en-dependencia\/#webpage","url":"https:\/\/www.eldigitaldeasturias.com\/noticias\/susana-diaz-reitera-su-compromiso-en-dependencia\/","name":"Susana D\u00edaz reitera su compromiso en dependencia - El Digital de Asturias","description":"La presidenta de la Junta, Susana D\u00edaz, ha trasladado a la nueva Junta Rectora de la Federaci\u00f3n de Organizaciones Andaluzas de Mayores (FOAM) el compromiso del Gobierno andaluz con los m\u00e1s de 1,3 millones de personas mayores que viven en la comunidad (el 16,6% de la poblaci\u00f3n), principalmente en materia de pensiones, envejecimiento activo y","inLanguage":"es-ES","isPartOf":{"@id":"https:\/\/www.eldigitaldeasturias.com\/noticias\/#website"},"breadcrumb":{"@id":"https:\/\/www.eldigitaldeasturias.com\/noticias\/susana-diaz-reitera-su-compromiso-en-dependencia\/#breadcrumblist"},"author":{"@id":"https:\/\/www.eldigitaldeasturias.com\/noticias\/author\/admin\/#author"},"creator":{"@id":"https:\/\/www.eldigitaldeasturias.com\/noticias\/author\/admin\/#author"},"image":{"@type":"ImageObject","url":969107,"@id":"https:\/\/www.eldigitaldeasturias.com\/noticias\/susana-diaz-reitera-su-compromiso-en-dependencia\/#mainImage"},"primaryImageOfPage":{"@id":"https:\/\/www.eldigitaldeasturias.com\/noticias\/susana-diaz-reitera-su-compromiso-en-dependencia\/#mainImage"},"datePublished":"2018-02-16T19:51:40+01:00","dateModified":"2018-02-16T19:51:40+01:00"},{"@type":"WebSite","@id":"https:\/\/www.eldigitaldeasturias.com\/noticias\/#website","url":"https:\/\/www.eldigitaldeasturias.com\/noticias\/","name":"El Digital de Asturias - Diario de actualidad y noticias","alternateName":"El Digital de Asturias - Diario de actualidad y noticias","description":"Hemeroteca","inLanguage":"es-ES","publisher":{"@id":"https:\/\/www.eldigitaldeasturias.com\/noticias\/#organization"}}]},"og:locale":"es_ES","og:site_name":"El Digital de Asturias","og:type":"article","og:title":"Susana D\u00edaz reitera su compromiso en dependencia - El Digital de Asturias","og:description":"La presidenta de la Junta, Susana D\u00edaz, ha trasladado a la nueva Junta Rectora de la Federaci\u00f3n de Organizaciones Andaluzas de Mayores (FOAM) el compromiso del Gobierno andaluz con los m\u00e1s de 1,3 millones de personas mayores que viven en la comunidad (el 16,6% de la poblaci\u00f3n), principalmente en materia de pensiones, envejecimiento activo y","og:url":"https:\/\/www.eldigitaldeasturias.com\/noticias\/susana-diaz-reitera-su-compromiso-en-dependencia\/","article:tag":["actualidad"],"article:published_time":"2018-02-16T19:51:40+00:00","article:modified_time":"2018-02-16T19:51:40+00:00","article:publisher":"https:\/\/facebook.com\/eldigitaldeasturias","twitter:card":"summary_large_image","twitter:title":"Susana D\u00edaz reitera su compromiso en dependencia - El Digital de Asturias","twitter:description":"La presidenta de la Junta, Susana D\u00edaz, ha trasladado a la nueva Junta Rectora de la Federaci\u00f3n de Organizaciones Andaluzas de Mayores (FOAM) el compromiso del Gobierno andaluz con los m\u00e1s de 1,3 millones de personas mayores que viven en la comunidad (el 16,6% de la poblaci\u00f3n), principalmente en materia de pensiones, envejecimiento activo y","twitter:image":"https:\/\/www.eldigitaldeasturias.com\/noticias\/wp-content\/uploads\/2020\/12\/EDA-1.jpg","twitter:label1":"Escrito por","twitter:data1":"El Digital de Asturias","twitter:label2":"Tiempo de lectura estimado","twitter:data2":"3 minutos"},"aioseo_meta_data":{"post_id":"969106","title":null,"description":null,"keywords":null,"keyphrases":null,"primary_term":null,"canonical_url":null,"og_title":null,"og_description":null,"og_object_type":"default","og_image_type":"default","og_image_url":null,"og_image_width":null,"og_image_height":null,"og_image_custom_url":null,"og_image_custom_fields":null,"og_video":null,"og_custom_url":null,"og_article_section":null,"og_article_tags":null,"twitter_use_og":false,"twitter_card":"default","twitter_image_type":"default","twitter_image_url":null,"twitter_image_custom_url":null,"twitter_image_custom_fields":null,"twitter_title":null,"twitter_description":null,"schema":{"blockGraphs":[],"customGraphs":[],"default":{"data":{"Article":[],"Course":[],"Dataset":[],"FAQPage":[],"Movie":[],"Person":[],"Product":[],"ProductReview":[],"Car":[],"Recipe":[],"Service":[],"SoftwareApplication":[],"WebPage":[]},"graphName":"","isEnabled":true},"graphs":[],"defaultGraph":"","defaultPostTypeGraph":""},"schema_type":null,"schema_type_options":null,"pillar_content":false,"robots_default":true,"robots_noindex":false,"robots_noarchive":false,"robots_nosnippet":false,"robots_nofollow":false,"robots_noimageindex":false,"robots_noodp":false,"robots_notranslate":false,"robots_max_snippet":null,"robots_max_videopreview":null,"robots_max_imagepreview":"large","priority":null,"frequency":null,"local_seo":null,"seo_analyzer_scan_date":"2025-10-07 00:49:25","breadcrumb_settings":null,"limit_modified_date":false,"open_ai":null,"ai":null,"created":"2020-12-21 12:28:38","updated":"2025-10-07 00:49:25","focus_keyword":null,"additional_keywords":null,"truseo_locale":null},"aioseo_breadcrumb":"<div class=\"aioseo-breadcrumbs\"><span class=\"aioseo-breadcrumb\">\n\t<a href=\"https:\/\/www.eldigitaldeasturias.com\/noticias\" title=\"Home\">Home<\/a>\n<\/span><span class=\"aioseo-breadcrumb-separator\">\u2013<\/span><span class=\"aioseo-breadcrumb\">\n\t<a href=\"https:\/\/www.eldigitaldeasturias.com\/noticias\/category\/actualidad\/\" title=\"Actualidad\">Actualidad<\/a>\n<\/span><span class=\"aioseo-breadcrumb-separator\">\u2013<\/span><span class=\"aioseo-breadcrumb\">\n\t<a href=\"https:\/\/www.eldigitaldeasturias.com\/noticias\/susana-diaz-reitera-su-compromiso-en-dependencia\/\" title=\"Susana D\u00edaz reitera su compromiso en dependencia\">Susana D\u00edaz reitera su compromiso en dependencia<\/a>\n<\/span><\/div>","aioseo_breadcrumb_json":[{"label":"Home","link":"https:\/\/www.eldigitaldeasturias.com\/noticias"},{"label":"Actualidad","link":"https:\/\/www.eldigitaldeasturias.com\/noticias\/category\/actualidad\/"},{"label":"Susana D\u00edaz reitera su compromiso en dependencia","link":"https:\/\/www.eldigitaldeasturias.com\/noticias\/susana-diaz-reitera-su-compromiso-en-dependencia\/"}],"_links":{"self":[{"href":"https:\/\/www.eldigitaldeasturias.com\/noticias\/wp-json\/wp\/v2\/posts\/969106","targetHints":{"allow":["GET"]}}],"collection":[{"href":"https:\/\/www.eldigitaldeasturias.com\/noticias\/wp-json\/wp\/v2\/posts"}],"about":[{"href":"https:\/\/www.eldigitaldeasturias.com\/noticias\/wp-json\/wp\/v2\/types\/post"}],"author":[{"embeddable":true,"href":"https:\/\/www.eldigitaldeasturias.com\/noticias\/wp-json\/wp\/v2\/users\/1"}],"replies":[{"embeddable":true,"href":"https:\/\/www.eldigitaldeasturias.com\/noticias\/wp-json\/wp\/v2\/comments?post=969106"}],"version-history":[{"count":0,"href":"https:\/\/www.eldigitaldeasturias.com\/noticias\/wp-json\/wp\/v2\/posts\/969106\/revisions"}],"wp:attachment":[{"href":"https:\/\/www.eldigitaldeasturias.com\/noticias\/wp-json\/wp\/v2\/media?parent=969106"}],"wp:term":[{"taxonomy":"category","embeddable":true,"href":"https:\/\/www.eldigitaldeasturias.com\/noticias\/wp-json\/wp\/v2\/categories?post=969106"},{"taxonomy":"post_tag","embeddable":true,"href":"https:\/\/www.eldigitaldeasturias.com\/noticias\/wp-json\/wp\/v2\/tags?post=969106"}],"curies":[{"name":"wp","href":"https:\/\/api.w.org\/{rel}","templated":true}]}}