{"id":969100,"date":"2018-02-16T19:47:23","date_gmt":"2018-02-16T19:47:23","guid":{"rendered":"http:\/\/www.eldigitaldeasturias.com\/noticias\/?p=969100"},"modified":"2018-02-16T19:47:23","modified_gmt":"2018-02-16T19:47:23","slug":"nuevo-abastecimiento-de-agua-para-mas-de-9-000-habitantes-de-la-sierra-de-aracena","status":"publish","type":"post","link":"https:\/\/www.eldigitaldeasturias.com\/noticias\/nuevo-abastecimiento-de-agua-para-mas-de-9-000-habitantes-de-la-sierra-de-aracena\/","title":{"rendered":"Nuevo abastecimiento de agua para m\u00e1s de 9.000 habitantes de la Sierra de Aracena"},"content":{"rendered":"<p><img loading=\"lazy\" decoding=\"async\" class=\"alignleft size-medium wp-image-969101\" src=\"https:\/\/www.eldigitaldeasturias.com\/noticias\/wp-content\/uploads\/2018\/02\/1518788598273FiscalESTANDARdn-360x212.jpg\" alt=\"\" width=\"360\" height=\"212\" \/>El consejero de Medio Ambiente y Ordenaci\u00f3n del Territorio, Jos\u00e9 Fiscal, ha presentado el proyecto de abastecimiento de agua para parte de la Sierra de Aracena y Picos de Aroche, que beneficiar\u00e1 a una poblaci\u00f3n cercana a los 9.000 habitantes de Aracena, Carboneras, Jabuguillo, Valdezufre, La Umbr\u00eda e Higuera de la Sierra. Una cifra que se ampliar\u00e1 mediante futuras obras de conexi\u00f3n a Corteconcepci\u00f3n, Puerto Gil y Puerto Moral, lo que le sumar\u00eda cerca de 900 habitantes m\u00e1s.<\/p>\n<p>El proyecto presentado por Giahsa tiene un presupuesto de m\u00e1s de 4,4 millones de euros y contar\u00e1 con el respaldo de la Junta de Andaluc\u00eda, que aportar\u00e1 financiaci\u00f3n a trav\u00e9s de fondos de la Uni\u00f3n Europea .Las obras que se van a llevar a cabo incidir\u00e1n tanto en la mejora de la calidad, como en de la eficiencia h\u00eddrica de todo el sistema, ya que el porcentaje de fugas y roturas ser\u00e1 menor al liberar en parte a los sistemas locales de sus funciones. Jos\u00e9 Fiscal ha indicado que \u00abactualmente la problem\u00e1tica del abastecimiento a esta zona radica, principalmente, en la gran atomizaci\u00f3n del sistema y unas conducciones antiguas con muy poca calidad\u00bb.<\/p>\n<p>Jos\u00e9 Fiscal ha se\u00f1alado que la ejecuci\u00f3n de un proyecto de estas caracter\u00edsticas repercutir\u00eda de no solo en cada casa, en cada hogar de los municipios afectados, sino en toda la comarca; ya que al aumento de la garant\u00eda de suministro hay que incluir la mejora en la eficiencia h\u00eddrica, la posibilidad de recuperar recursos h\u00eddricos que pudieran estar sobreexplotados y la mejora de sectores como el turismo y la industria de toda la comarca.<\/p>\n<p>Fiscal ha recalcado que la pol\u00edtica de aguas que aplica la Junta de Andaluc\u00eda a trav\u00e9s de la Consejer\u00eda de de Medio Ambiente y Ordenaci\u00f3n del Territorio est\u00e1 bien definida a lo largo de todo el ciclo. No solo en lo que concierne a los recursos y a su distribuci\u00f3n, sino tambi\u00e9n a c\u00f3mo se devuelve de nuevo a la naturaleza el agua que hemos usado. En este sentido ha anunciado que antes del 9 de marzo la Consejer\u00eda de Medio Ambiente y Ordenaci\u00f3n del Territorio va a licitar la redacci\u00f3n de los proyectos de varias Estaciones Depuradoras de Aguas Residuales, entre ellas las de Galaroza, Sanl\u00facar de Guadiana, El Granado o el Rosal de la Frontera, entre otras.<\/p>\n<p>El titular de Medio Ambiente ha recordado que de las \u00faltimas Estaciones Depuradoras de Aguas Residuales que han entrado en funcionamiento en la zona, la de El Berrocal y la de Aroche, superaron en inversi\u00f3n de la Junta de Andaluc\u00eda los 4 millones de euros. Por \u00faltimo, Jos\u00e9 Fiscal ha recordado que todas las infraestructuras que est\u00e1n pendientes de acometer en la provincia se encuentran en fase de ejecuci\u00f3n de obra, redacci\u00f3n de proyecto o bien en fase de estudio de las necesidades espec\u00edficas.<\/p>\n<p>En la participaci\u00f3n de este proyecto de abastecimiento han participado junto al consejero, el alcalde de Higuera de la Sierra, Enrique Garz\u00f3n, y el director de Giahsa, Manuel Dom\u00ednguez. La jornada ha contado tambi\u00e9n con la presencia de los acalde de Aracena, Manuel Guerra, y de Puerto Moral, Mario Guzm\u00e1n.<\/p>\n","protected":false},"excerpt":{"rendered":"<p>El consejero de Medio Ambiente y Ordenaci\u00f3n del Territorio, Jos\u00e9 Fiscal, ha presentado el proyecto de abastecimiento de agua para parte de la Sierra de Aracena y Picos de Aroche, que beneficiar\u00e1 a una poblaci\u00f3n cercana a los 9.000 habitantes de Aracena, Carboneras, Jabuguillo, Valdezufre, La Umbr\u00eda e Higuera de la Sierra. Una cifra que [&hellip;]<\/p>\n","protected":false},"author":1,"featured_media":969101,"comment_status":"closed","ping_status":"closed","sticky":false,"template":"","format":"standard","meta":{"footnotes":""},"categories":[1],"tags":[],"class_list":["post-969100","post","type-post","status-publish","format-standard","has-post-thumbnail","hentry","category-actualidad"],"aioseo_notices":[],"aioseo_head":"\n\t\t<!-- All in One SEO Pro 5.0.1 - aioseo.com -->\n\t<meta name=\"description\" content=\"El consejero de Medio Ambiente y Ordenaci\u00f3n del Territorio, Jos\u00e9 Fiscal, ha presentado el proyecto de abastecimiento de agua para parte de la Sierra de Aracena y Picos de Aroche, que beneficiar\u00e1 a una poblaci\u00f3n cercana a los 9.000 habitantes de Aracena, Carboneras, Jabuguillo, Valdezufre, La Umbr\u00eda e Higuera de la Sierra. Una cifra que\" \/>\n\t<meta name=\"robots\" content=\"max-image-preview:large\" \/>\n\t<meta name=\"author\" content=\"El Digital de Asturias\"\/>\n\t<meta name=\"google-site-verification\" content=\"UA-38556648-1\" \/>\n\t<meta name=\"msvalidate.01\" content=\"7dfe9f3f1b24437ab69f4f2559babe99\" \/>\n\t<meta name=\"keywords\" content=\"actualidad\" \/>\n\t<link rel=\"canonical\" href=\"https:\/\/www.eldigitaldeasturias.com\/noticias\/nuevo-abastecimiento-de-agua-para-mas-de-9-000-habitantes-de-la-sierra-de-aracena\/\" \/>\n\t<meta name=\"generator\" content=\"All in One SEO Pro (AIOSEO) 5.0.1\" \/>\n\t\t<meta property=\"og:locale\" content=\"es_ES\" \/>\n\t\t<meta property=\"og:site_name\" content=\"El Digital de Asturias\" \/>\n\t\t<meta property=\"og:type\" content=\"article\" \/>\n\t\t<meta property=\"og:title\" content=\"Nuevo abastecimiento de agua para m\u00e1s de 9.000 habitantes de la Sierra de Aracena - El Digital de Asturias\" \/>\n\t\t<meta property=\"og:description\" content=\"El consejero de Medio Ambiente y Ordenaci\u00f3n del Territorio, Jos\u00e9 Fiscal, ha presentado el proyecto de abastecimiento de agua para parte de la Sierra de Aracena y Picos de Aroche, que beneficiar\u00e1 a una poblaci\u00f3n cercana a los 9.000 habitantes de Aracena, Carboneras, Jabuguillo, Valdezufre, La Umbr\u00eda e Higuera de la Sierra. Una cifra que\" \/>\n\t\t<meta property=\"og:url\" content=\"https:\/\/www.eldigitaldeasturias.com\/noticias\/nuevo-abastecimiento-de-agua-para-mas-de-9-000-habitantes-de-la-sierra-de-aracena\/\" \/>\n\t\t<meta property=\"article:tag\" content=\"actualidad\" \/>\n\t\t<meta property=\"article:published_time\" content=\"2018-02-16T19:47:23+00:00\" \/>\n\t\t<meta property=\"article:modified_time\" content=\"2018-02-16T19:47:23+00:00\" \/>\n\t\t<meta property=\"article:publisher\" content=\"https:\/\/facebook.com\/eldigitaldeasturias\" \/>\n\t\t<meta name=\"twitter:card\" content=\"summary_large_image\" \/>\n\t\t<meta name=\"twitter:title\" content=\"Nuevo abastecimiento de agua para m\u00e1s de 9.000 habitantes de la Sierra de Aracena - El Digital de Asturias\" \/>\n\t\t<meta name=\"twitter:description\" content=\"El consejero de Medio Ambiente y Ordenaci\u00f3n del Territorio, Jos\u00e9 Fiscal, ha presentado el proyecto de abastecimiento de agua para parte de la Sierra de Aracena y Picos de Aroche, que beneficiar\u00e1 a una poblaci\u00f3n cercana a los 9.000 habitantes de Aracena, Carboneras, Jabuguillo, Valdezufre, La Umbr\u00eda e Higuera de la Sierra. Una cifra que\" \/>\n\t\t<meta name=\"twitter:image\" content=\"https:\/\/www.eldigitaldeasturias.com\/noticias\/wp-content\/uploads\/2020\/12\/EDA-1.jpg\" \/>\n\t\t<meta name=\"twitter:label1\" content=\"Escrito por\" \/>\n\t\t<meta name=\"twitter:data1\" content=\"El Digital de Asturias\" \/>\n\t\t<meta name=\"twitter:label2\" content=\"Tiempo de lectura estimado\" \/>\n\t\t<meta name=\"twitter:data2\" content=\"3 minutos\" \/>\n\t\t<script type=\"application\/ld+json\" class=\"aioseo-schema\">\n\t\t\t{\"@context\":\"https:\\\/\\\/schema.org\",\"@graph\":[{\"@type\":\"BlogPosting\",\"@id\":\"https:\\\/\\\/www.eldigitaldeasturias.com\\\/noticias\\\/nuevo-abastecimiento-de-agua-para-mas-de-9-000-habitantes-de-la-sierra-de-aracena\\\/#blogposting\",\"name\":\"Nuevo abastecimiento de agua para m\\u00e1s de 9.000 habitantes de la Sierra de Aracena - El Digital de Asturias\",\"headline\":\"Nuevo abastecimiento de agua para m\\u00e1s de 9.000 habitantes de la Sierra de Aracena\",\"author\":{\"@id\":\"https:\\\/\\\/www.eldigitaldeasturias.com\\\/noticias\\\/author\\\/admin\\\/#author\"},\"publisher\":{\"@id\":\"https:\\\/\\\/www.eldigitaldeasturias.com\\\/noticias\\\/#organization\"},\"image\":{\"@type\":\"ImageObject\",\"url\":969101},\"datePublished\":\"2018-02-16T19:47:23+01:00\",\"dateModified\":\"2018-02-16T19:47:23+01:00\",\"inLanguage\":\"es-ES\",\"mainEntityOfPage\":{\"@id\":\"https:\\\/\\\/www.eldigitaldeasturias.com\\\/noticias\\\/nuevo-abastecimiento-de-agua-para-mas-de-9-000-habitantes-de-la-sierra-de-aracena\\\/#webpage\"},\"isPartOf\":{\"@id\":\"https:\\\/\\\/www.eldigitaldeasturias.com\\\/noticias\\\/nuevo-abastecimiento-de-agua-para-mas-de-9-000-habitantes-de-la-sierra-de-aracena\\\/#webpage\"},\"articleSection\":\"Actualidad\"},{\"@type\":\"BreadcrumbList\",\"@id\":\"https:\\\/\\\/www.eldigitaldeasturias.com\\\/noticias\\\/nuevo-abastecimiento-de-agua-para-mas-de-9-000-habitantes-de-la-sierra-de-aracena\\\/#breadcrumblist\",\"itemListElement\":[{\"@type\":\"ListItem\",\"@id\":\"https:\\\/\\\/www.eldigitaldeasturias.com\\\/noticias#listItem\",\"position\":1,\"name\":\"Home\",\"item\":\"https:\\\/\\\/www.eldigitaldeasturias.com\\\/noticias\",\"nextItem\":{\"@type\":\"ListItem\",\"@id\":\"https:\\\/\\\/www.eldigitaldeasturias.com\\\/noticias\\\/category\\\/actualidad\\\/#listItem\",\"name\":\"Actualidad\"}},{\"@type\":\"ListItem\",\"@id\":\"https:\\\/\\\/www.eldigitaldeasturias.com\\\/noticias\\\/category\\\/actualidad\\\/#listItem\",\"position\":2,\"name\":\"Actualidad\",\"item\":\"https:\\\/\\\/www.eldigitaldeasturias.com\\\/noticias\\\/category\\\/actualidad\\\/\",\"nextItem\":{\"@type\":\"ListItem\",\"@id\":\"https:\\\/\\\/www.eldigitaldeasturias.com\\\/noticias\\\/nuevo-abastecimiento-de-agua-para-mas-de-9-000-habitantes-de-la-sierra-de-aracena\\\/#listItem\",\"name\":\"Nuevo abastecimiento de agua para m\\u00e1s de 9.000 habitantes de la Sierra de Aracena\"},\"previousItem\":{\"@type\":\"ListItem\",\"@id\":\"https:\\\/\\\/www.eldigitaldeasturias.com\\\/noticias#listItem\",\"name\":\"Home\"}},{\"@type\":\"ListItem\",\"@id\":\"https:\\\/\\\/www.eldigitaldeasturias.com\\\/noticias\\\/nuevo-abastecimiento-de-agua-para-mas-de-9-000-habitantes-de-la-sierra-de-aracena\\\/#listItem\",\"position\":3,\"name\":\"Nuevo abastecimiento de agua para m\\u00e1s de 9.000 habitantes de la Sierra de Aracena\",\"previousItem\":{\"@type\":\"ListItem\",\"@id\":\"https:\\\/\\\/www.eldigitaldeasturias.com\\\/noticias\\\/category\\\/actualidad\\\/#listItem\",\"name\":\"Actualidad\"}}]},{\"@type\":\"Organization\",\"@id\":\"https:\\\/\\\/www.eldigitaldeasturias.com\\\/noticias\\\/#organization\",\"name\":\"El Digital de Asturias\",\"description\":\"Hemeroteca\",\"url\":\"https:\\\/\\\/www.eldigitaldeasturias.com\\\/noticias\\\/\",\"email\":\"info@eldigitaldeasturias.com\",\"telephone\":\"+34652131393\",\"logo\":{\"@type\":\"ImageObject\",\"url\":\"https:\\\/\\\/www.eldigitaldeasturias.com\\\/noticias\\\/wp-content\\\/uploads\\\/2020\\\/12\\\/EDA.jpg\",\"@id\":\"https:\\\/\\\/www.eldigitaldeasturias.com\\\/noticias\\\/nuevo-abastecimiento-de-agua-para-mas-de-9-000-habitantes-de-la-sierra-de-aracena\\\/#organizationLogo\"},\"image\":{\"@id\":\"https:\\\/\\\/www.eldigitaldeasturias.com\\\/noticias\\\/nuevo-abastecimiento-de-agua-para-mas-de-9-000-habitantes-de-la-sierra-de-aracena\\\/#organizationLogo\"},\"sameAs\":[\"https:\\\/\\\/facebook.com\\\/eldigitaldeasturias\",\"https:\\\/\\\/www.youtube.com\\\/channel\\\/UCZP-2wLEB9Rv6erhFmqVnvg\"],\"address\":{\"@id\":\"https:\\\/\\\/www.eldigitaldeasturias.com\\\/noticias\\\/#postaladdress\",\"@type\":\"PostalAddress\",\"streetAddress\":\"san antonio 4\",\"postalCode\":\"33430\",\"addressLocality\":\"Cand\\u00e1s\",\"addressRegion\":\"Asturias\",\"addressCountry\":\"ES\"}},{\"@type\":\"Person\",\"@id\":\"https:\\\/\\\/www.eldigitaldeasturias.com\\\/noticias\\\/author\\\/admin\\\/#author\",\"url\":\"https:\\\/\\\/www.eldigitaldeasturias.com\\\/noticias\\\/author\\\/admin\\\/\",\"name\":\"El Digital de Asturias\",\"image\":{\"@type\":\"ImageObject\",\"@id\":\"https:\\\/\\\/www.eldigitaldeasturias.com\\\/noticias\\\/nuevo-abastecimiento-de-agua-para-mas-de-9-000-habitantes-de-la-sierra-de-aracena\\\/#authorImage\",\"url\":\"https:\\\/\\\/secure.gravatar.com\\\/avatar\\\/df2aeffc32bcd13f8d26072ef8a91b623d677766deac7f97ca815868cd41bf5e?s=96&d=mm&r=g\",\"width\":96,\"height\":96,\"caption\":\"El Digital de Asturias\"}},{\"@type\":\"WebPage\",\"@id\":\"https:\\\/\\\/www.eldigitaldeasturias.com\\\/noticias\\\/nuevo-abastecimiento-de-agua-para-mas-de-9-000-habitantes-de-la-sierra-de-aracena\\\/#webpage\",\"url\":\"https:\\\/\\\/www.eldigitaldeasturias.com\\\/noticias\\\/nuevo-abastecimiento-de-agua-para-mas-de-9-000-habitantes-de-la-sierra-de-aracena\\\/\",\"name\":\"Nuevo abastecimiento de agua para m\\u00e1s de 9.000 habitantes de la Sierra de Aracena - El Digital de Asturias\",\"description\":\"El consejero de Medio Ambiente y Ordenaci\\u00f3n del Territorio, Jos\\u00e9 Fiscal, ha presentado el proyecto de abastecimiento de agua para parte de la Sierra de Aracena y Picos de Aroche, que beneficiar\\u00e1 a una poblaci\\u00f3n cercana a los 9.000 habitantes de Aracena, Carboneras, Jabuguillo, Valdezufre, La Umbr\\u00eda e Higuera de la Sierra. Una cifra que\",\"inLanguage\":\"es-ES\",\"isPartOf\":{\"@id\":\"https:\\\/\\\/www.eldigitaldeasturias.com\\\/noticias\\\/#website\"},\"breadcrumb\":{\"@id\":\"https:\\\/\\\/www.eldigitaldeasturias.com\\\/noticias\\\/nuevo-abastecimiento-de-agua-para-mas-de-9-000-habitantes-de-la-sierra-de-aracena\\\/#breadcrumblist\"},\"author\":{\"@id\":\"https:\\\/\\\/www.eldigitaldeasturias.com\\\/noticias\\\/author\\\/admin\\\/#author\"},\"creator\":{\"@id\":\"https:\\\/\\\/www.eldigitaldeasturias.com\\\/noticias\\\/author\\\/admin\\\/#author\"},\"image\":{\"@type\":\"ImageObject\",\"url\":969101,\"@id\":\"https:\\\/\\\/www.eldigitaldeasturias.com\\\/noticias\\\/nuevo-abastecimiento-de-agua-para-mas-de-9-000-habitantes-de-la-sierra-de-aracena\\\/#mainImage\"},\"primaryImageOfPage\":{\"@id\":\"https:\\\/\\\/www.eldigitaldeasturias.com\\\/noticias\\\/nuevo-abastecimiento-de-agua-para-mas-de-9-000-habitantes-de-la-sierra-de-aracena\\\/#mainImage\"},\"datePublished\":\"2018-02-16T19:47:23+01:00\",\"dateModified\":\"2018-02-16T19:47:23+01:00\"},{\"@type\":\"WebSite\",\"@id\":\"https:\\\/\\\/www.eldigitaldeasturias.com\\\/noticias\\\/#website\",\"url\":\"https:\\\/\\\/www.eldigitaldeasturias.com\\\/noticias\\\/\",\"name\":\"El Digital de Asturias - Diario de actualidad y noticias\",\"alternateName\":\"El Digital de Asturias - Diario de actualidad y noticias\",\"description\":\"Hemeroteca\",\"inLanguage\":\"es-ES\",\"publisher\":{\"@id\":\"https:\\\/\\\/www.eldigitaldeasturias.com\\\/noticias\\\/#organization\"}}]}\n\t\t<\/script>\n\t\t<!-- All in One SEO Pro -->\r\n\t\t<title>Nuevo abastecimiento de agua para m\u00e1s de 9.000 habitantes de la Sierra de Aracena - El Digital de Asturias<\/title>\n\n","aioseo_head_json":{"title":"Nuevo abastecimiento de agua para m\u00e1s de 9.000 habitantes de la Sierra de Aracena - El Digital de Asturias","description":"El consejero de Medio Ambiente y Ordenaci\u00f3n del Territorio, Jos\u00e9 Fiscal, ha presentado el proyecto de abastecimiento de agua para parte de la Sierra de Aracena y Picos de Aroche, que beneficiar\u00e1 a una poblaci\u00f3n cercana a los 9.000 habitantes de Aracena, Carboneras, Jabuguillo, Valdezufre, La Umbr\u00eda e Higuera de la Sierra. Una cifra que","canonical_url":"https:\/\/www.eldigitaldeasturias.com\/noticias\/nuevo-abastecimiento-de-agua-para-mas-de-9-000-habitantes-de-la-sierra-de-aracena\/","robots":"max-image-preview:large","keywords":"actualidad","webmasterTools":{"google-site-verification":"UA-38556648-1","msvalidate.01":"7dfe9f3f1b24437ab69f4f2559babe99","miscellaneous":""},"schema":{"@context":"https:\/\/schema.org","@graph":[{"@type":"BlogPosting","@id":"https:\/\/www.eldigitaldeasturias.com\/noticias\/nuevo-abastecimiento-de-agua-para-mas-de-9-000-habitantes-de-la-sierra-de-aracena\/#blogposting","name":"Nuevo abastecimiento de agua para m\u00e1s de 9.000 habitantes de la Sierra de Aracena - El Digital de Asturias","headline":"Nuevo abastecimiento de agua para m\u00e1s de 9.000 habitantes de la Sierra de Aracena","author":{"@id":"https:\/\/www.eldigitaldeasturias.com\/noticias\/author\/admin\/#author"},"publisher":{"@id":"https:\/\/www.eldigitaldeasturias.com\/noticias\/#organization"},"image":{"@type":"ImageObject","url":969101},"datePublished":"2018-02-16T19:47:23+01:00","dateModified":"2018-02-16T19:47:23+01:00","inLanguage":"es-ES","mainEntityOfPage":{"@id":"https:\/\/www.eldigitaldeasturias.com\/noticias\/nuevo-abastecimiento-de-agua-para-mas-de-9-000-habitantes-de-la-sierra-de-aracena\/#webpage"},"isPartOf":{"@id":"https:\/\/www.eldigitaldeasturias.com\/noticias\/nuevo-abastecimiento-de-agua-para-mas-de-9-000-habitantes-de-la-sierra-de-aracena\/#webpage"},"articleSection":"Actualidad"},{"@type":"BreadcrumbList","@id":"https:\/\/www.eldigitaldeasturias.com\/noticias\/nuevo-abastecimiento-de-agua-para-mas-de-9-000-habitantes-de-la-sierra-de-aracena\/#breadcrumblist","itemListElement":[{"@type":"ListItem","@id":"https:\/\/www.eldigitaldeasturias.com\/noticias#listItem","position":1,"name":"Home","item":"https:\/\/www.eldigitaldeasturias.com\/noticias","nextItem":{"@type":"ListItem","@id":"https:\/\/www.eldigitaldeasturias.com\/noticias\/category\/actualidad\/#listItem","name":"Actualidad"}},{"@type":"ListItem","@id":"https:\/\/www.eldigitaldeasturias.com\/noticias\/category\/actualidad\/#listItem","position":2,"name":"Actualidad","item":"https:\/\/www.eldigitaldeasturias.com\/noticias\/category\/actualidad\/","nextItem":{"@type":"ListItem","@id":"https:\/\/www.eldigitaldeasturias.com\/noticias\/nuevo-abastecimiento-de-agua-para-mas-de-9-000-habitantes-de-la-sierra-de-aracena\/#listItem","name":"Nuevo abastecimiento de agua para m\u00e1s de 9.000 habitantes de la Sierra de Aracena"},"previousItem":{"@type":"ListItem","@id":"https:\/\/www.eldigitaldeasturias.com\/noticias#listItem","name":"Home"}},{"@type":"ListItem","@id":"https:\/\/www.eldigitaldeasturias.com\/noticias\/nuevo-abastecimiento-de-agua-para-mas-de-9-000-habitantes-de-la-sierra-de-aracena\/#listItem","position":3,"name":"Nuevo abastecimiento de agua para m\u00e1s de 9.000 habitantes de la Sierra de Aracena","previousItem":{"@type":"ListItem","@id":"https:\/\/www.eldigitaldeasturias.com\/noticias\/category\/actualidad\/#listItem","name":"Actualidad"}}]},{"@type":"Organization","@id":"https:\/\/www.eldigitaldeasturias.com\/noticias\/#organization","name":"El Digital de Asturias","description":"Hemeroteca","url":"https:\/\/www.eldigitaldeasturias.com\/noticias\/","email":"info@eldigitaldeasturias.com","telephone":"+34652131393","logo":{"@type":"ImageObject","url":"https:\/\/www.eldigitaldeasturias.com\/noticias\/wp-content\/uploads\/2020\/12\/EDA.jpg","@id":"https:\/\/www.eldigitaldeasturias.com\/noticias\/nuevo-abastecimiento-de-agua-para-mas-de-9-000-habitantes-de-la-sierra-de-aracena\/#organizationLogo"},"image":{"@id":"https:\/\/www.eldigitaldeasturias.com\/noticias\/nuevo-abastecimiento-de-agua-para-mas-de-9-000-habitantes-de-la-sierra-de-aracena\/#organizationLogo"},"sameAs":["https:\/\/facebook.com\/eldigitaldeasturias","https:\/\/www.youtube.com\/channel\/UCZP-2wLEB9Rv6erhFmqVnvg"],"address":{"@id":"https:\/\/www.eldigitaldeasturias.com\/noticias\/#postaladdress","@type":"PostalAddress","streetAddress":"san antonio 4","postalCode":"33430","addressLocality":"Cand\u00e1s","addressRegion":"Asturias","addressCountry":"ES"}},{"@type":"Person","@id":"https:\/\/www.eldigitaldeasturias.com\/noticias\/author\/admin\/#author","url":"https:\/\/www.eldigitaldeasturias.com\/noticias\/author\/admin\/","name":"El Digital de Asturias","image":{"@type":"ImageObject","@id":"https:\/\/www.eldigitaldeasturias.com\/noticias\/nuevo-abastecimiento-de-agua-para-mas-de-9-000-habitantes-de-la-sierra-de-aracena\/#authorImage","url":"https:\/\/secure.gravatar.com\/avatar\/df2aeffc32bcd13f8d26072ef8a91b623d677766deac7f97ca815868cd41bf5e?s=96&d=mm&r=g","width":96,"height":96,"caption":"El Digital de Asturias"}},{"@type":"WebPage","@id":"https:\/\/www.eldigitaldeasturias.com\/noticias\/nuevo-abastecimiento-de-agua-para-mas-de-9-000-habitantes-de-la-sierra-de-aracena\/#webpage","url":"https:\/\/www.eldigitaldeasturias.com\/noticias\/nuevo-abastecimiento-de-agua-para-mas-de-9-000-habitantes-de-la-sierra-de-aracena\/","name":"Nuevo abastecimiento de agua para m\u00e1s de 9.000 habitantes de la Sierra de Aracena - El Digital de Asturias","description":"El consejero de Medio Ambiente y Ordenaci\u00f3n del Territorio, Jos\u00e9 Fiscal, ha presentado el proyecto de abastecimiento de agua para parte de la Sierra de Aracena y Picos de Aroche, que beneficiar\u00e1 a una poblaci\u00f3n cercana a los 9.000 habitantes de Aracena, Carboneras, Jabuguillo, Valdezufre, La Umbr\u00eda e Higuera de la Sierra. Una cifra que","inLanguage":"es-ES","isPartOf":{"@id":"https:\/\/www.eldigitaldeasturias.com\/noticias\/#website"},"breadcrumb":{"@id":"https:\/\/www.eldigitaldeasturias.com\/noticias\/nuevo-abastecimiento-de-agua-para-mas-de-9-000-habitantes-de-la-sierra-de-aracena\/#breadcrumblist"},"author":{"@id":"https:\/\/www.eldigitaldeasturias.com\/noticias\/author\/admin\/#author"},"creator":{"@id":"https:\/\/www.eldigitaldeasturias.com\/noticias\/author\/admin\/#author"},"image":{"@type":"ImageObject","url":969101,"@id":"https:\/\/www.eldigitaldeasturias.com\/noticias\/nuevo-abastecimiento-de-agua-para-mas-de-9-000-habitantes-de-la-sierra-de-aracena\/#mainImage"},"primaryImageOfPage":{"@id":"https:\/\/www.eldigitaldeasturias.com\/noticias\/nuevo-abastecimiento-de-agua-para-mas-de-9-000-habitantes-de-la-sierra-de-aracena\/#mainImage"},"datePublished":"2018-02-16T19:47:23+01:00","dateModified":"2018-02-16T19:47:23+01:00"},{"@type":"WebSite","@id":"https:\/\/www.eldigitaldeasturias.com\/noticias\/#website","url":"https:\/\/www.eldigitaldeasturias.com\/noticias\/","name":"El Digital de Asturias - Diario de actualidad y noticias","alternateName":"El Digital de Asturias - Diario de actualidad y noticias","description":"Hemeroteca","inLanguage":"es-ES","publisher":{"@id":"https:\/\/www.eldigitaldeasturias.com\/noticias\/#organization"}}]},"og:locale":"es_ES","og:site_name":"El Digital de Asturias","og:type":"article","og:title":"Nuevo abastecimiento de agua para m\u00e1s de 9.000 habitantes de la Sierra de Aracena - El Digital de Asturias","og:description":"El consejero de Medio Ambiente y Ordenaci\u00f3n del Territorio, Jos\u00e9 Fiscal, ha presentado el proyecto de abastecimiento de agua para parte de la Sierra de Aracena y Picos de Aroche, que beneficiar\u00e1 a una poblaci\u00f3n cercana a los 9.000 habitantes de Aracena, Carboneras, Jabuguillo, Valdezufre, La Umbr\u00eda e Higuera de la Sierra. Una cifra que","og:url":"https:\/\/www.eldigitaldeasturias.com\/noticias\/nuevo-abastecimiento-de-agua-para-mas-de-9-000-habitantes-de-la-sierra-de-aracena\/","article:tag":["actualidad"],"article:published_time":"2018-02-16T19:47:23+00:00","article:modified_time":"2018-02-16T19:47:23+00:00","article:publisher":"https:\/\/facebook.com\/eldigitaldeasturias","twitter:card":"summary_large_image","twitter:title":"Nuevo abastecimiento de agua para m\u00e1s de 9.000 habitantes de la Sierra de Aracena - El Digital de Asturias","twitter:description":"El consejero de Medio Ambiente y Ordenaci\u00f3n del Territorio, Jos\u00e9 Fiscal, ha presentado el proyecto de abastecimiento de agua para parte de la Sierra de Aracena y Picos de Aroche, que beneficiar\u00e1 a una poblaci\u00f3n cercana a los 9.000 habitantes de Aracena, Carboneras, Jabuguillo, Valdezufre, La Umbr\u00eda e Higuera de la Sierra. Una cifra que","twitter:image":"https:\/\/www.eldigitaldeasturias.com\/noticias\/wp-content\/uploads\/2020\/12\/EDA-1.jpg","twitter:label1":"Escrito por","twitter:data1":"El Digital de Asturias","twitter:label2":"Tiempo de lectura estimado","twitter:data2":"3 minutos"},"aioseo_meta_data":{"post_id":"969100","title":null,"description":null,"keywords":null,"keyphrases":null,"primary_term":null,"canonical_url":null,"og_title":null,"og_description":null,"og_object_type":"default","og_image_type":"default","og_image_url":null,"og_image_width":null,"og_image_height":null,"og_image_custom_url":null,"og_image_custom_fields":null,"og_video":null,"og_custom_url":null,"og_article_section":null,"og_article_tags":null,"twitter_use_og":false,"twitter_card":"default","twitter_image_type":"default","twitter_image_url":null,"twitter_image_custom_url":null,"twitter_image_custom_fields":null,"twitter_title":null,"twitter_description":null,"schema":{"blockGraphs":[],"customGraphs":[],"default":{"data":{"Article":[],"Course":[],"Dataset":[],"FAQPage":[],"Movie":[],"Person":[],"Product":[],"ProductReview":[],"Car":[],"Recipe":[],"Service":[],"SoftwareApplication":[],"WebPage":[]},"graphName":"","isEnabled":true},"graphs":[],"defaultGraph":"","defaultPostTypeGraph":""},"schema_type":null,"schema_type_options":null,"pillar_content":false,"robots_default":true,"robots_noindex":false,"robots_noarchive":false,"robots_nosnippet":false,"robots_nofollow":false,"robots_noimageindex":false,"robots_noodp":false,"robots_notranslate":false,"robots_max_snippet":null,"robots_max_videopreview":null,"robots_max_imagepreview":"large","priority":null,"frequency":null,"local_seo":null,"seo_analyzer_scan_date":"2025-10-07 00:48:07","breadcrumb_settings":null,"limit_modified_date":false,"open_ai":null,"ai":null,"created":"2020-12-21 12:28:38","updated":"2025-10-07 00:48:07","focus_keyword":null,"additional_keywords":null,"truseo_locale":null},"aioseo_breadcrumb":"<div class=\"aioseo-breadcrumbs\"><span class=\"aioseo-breadcrumb\">\n\t<a href=\"https:\/\/www.eldigitaldeasturias.com\/noticias\" title=\"Home\">Home<\/a>\n<\/span><span class=\"aioseo-breadcrumb-separator\">\u2013<\/span><span class=\"aioseo-breadcrumb\">\n\t<a href=\"https:\/\/www.eldigitaldeasturias.com\/noticias\/category\/actualidad\/\" title=\"Actualidad\">Actualidad<\/a>\n<\/span><span class=\"aioseo-breadcrumb-separator\">\u2013<\/span><span class=\"aioseo-breadcrumb\">\n\t<a href=\"https:\/\/www.eldigitaldeasturias.com\/noticias\/nuevo-abastecimiento-de-agua-para-mas-de-9-000-habitantes-de-la-sierra-de-aracena\/\" title=\"Nuevo abastecimiento de agua para m\u00e1s de 9.000 habitantes de la Sierra de Aracena\">Nuevo abastecimiento de agua para m\u00e1s de 9.000 habitantes de la Sierra de Aracena<\/a>\n<\/span><\/div>","aioseo_breadcrumb_json":[{"label":"Home","link":"https:\/\/www.eldigitaldeasturias.com\/noticias"},{"label":"Actualidad","link":"https:\/\/www.eldigitaldeasturias.com\/noticias\/category\/actualidad\/"},{"label":"Nuevo abastecimiento de agua para m\u00e1s de 9.000 habitantes de la Sierra de Aracena","link":"https:\/\/www.eldigitaldeasturias.com\/noticias\/nuevo-abastecimiento-de-agua-para-mas-de-9-000-habitantes-de-la-sierra-de-aracena\/"}],"_links":{"self":[{"href":"https:\/\/www.eldigitaldeasturias.com\/noticias\/wp-json\/wp\/v2\/posts\/969100","targetHints":{"allow":["GET"]}}],"collection":[{"href":"https:\/\/www.eldigitaldeasturias.com\/noticias\/wp-json\/wp\/v2\/posts"}],"about":[{"href":"https:\/\/www.eldigitaldeasturias.com\/noticias\/wp-json\/wp\/v2\/types\/post"}],"author":[{"embeddable":true,"href":"https:\/\/www.eldigitaldeasturias.com\/noticias\/wp-json\/wp\/v2\/users\/1"}],"replies":[{"embeddable":true,"href":"https:\/\/www.eldigitaldeasturias.com\/noticias\/wp-json\/wp\/v2\/comments?post=969100"}],"version-history":[{"count":0,"href":"https:\/\/www.eldigitaldeasturias.com\/noticias\/wp-json\/wp\/v2\/posts\/969100\/revisions"}],"wp:attachment":[{"href":"https:\/\/www.eldigitaldeasturias.com\/noticias\/wp-json\/wp\/v2\/media?parent=969100"}],"wp:term":[{"taxonomy":"category","embeddable":true,"href":"https:\/\/www.eldigitaldeasturias.com\/noticias\/wp-json\/wp\/v2\/categories?post=969100"},{"taxonomy":"post_tag","embeddable":true,"href":"https:\/\/www.eldigitaldeasturias.com\/noticias\/wp-json\/wp\/v2\/tags?post=969100"}],"curies":[{"name":"wp","href":"https:\/\/api.w.org\/{rel}","templated":true}]}}