{"id":969044,"date":"2018-02-16T11:18:26","date_gmt":"2018-02-16T11:18:26","guid":{"rendered":"http:\/\/www.eldigitaldeasturias.com\/noticias\/?p=969044"},"modified":"2018-02-16T11:18:26","modified_gmt":"2018-02-16T11:18:26","slug":"pablo-casado-tenemos-el-mejor-programa","status":"publish","type":"post","link":"https:\/\/www.eldigitaldeasturias.com\/noticias\/pablo-casado-tenemos-el-mejor-programa\/","title":{"rendered":"Pablo Casado: \u201cTenemos el mejor programa\u201d"},"content":{"rendered":"<p><img loading=\"lazy\" decoding=\"async\" class=\"alignleft size-medium wp-image-957178\" src=\"https:\/\/www.eldigitaldeasturias.com\/noticias\/wp-content\/uploads\/2017\/10\/Casado-360x248.jpg\" alt=\"\" width=\"360\" height=\"248\" \/>El vicesecretario de Comunicaci\u00f3n del Partido Popular, Pablo Casado, ha instado a los partidos pol\u00edticos a \u201ccentrarnos en lo importante\u201d, es decir, \u201cla cuesti\u00f3n de Catalu\u00f1a\u201d en la que, en su opini\u00f3n, \u201ctanto el Partido Socialista como Ciudadanos y el PP seguimos en una l\u00ednea responsable, y en los Presupuestos\u201d.<\/p>\n<p>Sobre esta \u00faltima cuesti\u00f3n, el vicesecretario del PP considera que los partidos que apoyaron las cuentas p\u00fablicas en 2017 \u201cvan a tener pocas razones para no hacerlo con estos Presupuestos porque dan m\u00e1s inversi\u00f3n a las autonom\u00edas, empieza la equiparaci\u00f3n de sueldos de las Fuerzas y Cuerpos de Seguridad del Estado, bajan dos puntos el impuesto del IRPF e incluyen un permiso de paternidad, adem\u00e1s de numerosas infraestructuras\u201d.<\/p>\n<p>\u201cNo entendemos por qu\u00e9 hay un bloqueo de la situaci\u00f3n por parte del PNV supuestamente por lo que pasa en Catalu\u00f1a y por parte de Ciudadanos supuestamente porque el PNV lo ha paralizado. En ese sentido tendr\u00e1n que retratarse con su electorado\u201d, ha afirmado.<\/p>\n<p><strong>LA RESPONSABILIDAD DE CIUDADANOS EN CATALU\u00d1A<\/strong><\/p>\n<p>Con respecto a la situaci\u00f3n pol\u00edtica en Catalu\u00f1a, Pablo Casado, ha recordado que \u201cCiudadanos tiene una responsabilidad, que es que ese voto \u00fatil al que apelaban tambi\u00e9n tiene que ser un voto \u00fatil en el Parlament para desbloquear la legislatura\u201d.<\/p>\n<p>En este punto, ha subrayado que se ha puesto de manifiesto que \u201chay una guerra muy importante dentro del bloque independentista, y no por una finalidad que beneficie a los catalanes sino sencillamente por una cuesti\u00f3n de egos\u201d. A tenor de esta situaci\u00f3n, ha continuado, se percibe \u201cuna incomprensi\u00f3n por parte de ERC\u201d hacia el hecho de que \u201ctoda Catalu\u00f1a tenga que ser reh\u00e9n del futuro procesal de un catal\u00e1n, el se\u00f1or Puigdemont\u201d.<\/p>\n<p>Asimismo, ha recordado que para el gobierno del PP \u201cel objetivo de la aplicaci\u00f3n del art\u00edculo 155 era para recuperar la econom\u00eda, la legalidad y la convivencia en Catalu\u00f1a\u201d y \u201cdarle voz a los catalanes\u201d.<\/p>\n<p>\u201cNosotros hemos respetado el resultado en las urnas, que no nos ha gustado como partido ni como bloque constitucionalista porque no hemos sumado esca\u00f1os a pesar de haber sumado mayor\u00eda en votos, y lo que tienen que respetar los independentistas es la ley\u201d, ha subrayado.<\/p>\n<p>Por ello, ha instado al presidente del Parlament a proponer un candidato que no est\u00e9 en la c\u00e1rcel, que no sea un pr\u00f3fugo de la justicia y que no est\u00e9 incurso en ning\u00fan procedimiento penal.<\/p>\n<p>En caso de que no lo haga, ha a\u00f1adido el dirigente popular, \u201clo que s\u00ed hemos sugerido a Ciudadanos es que tiene todo nuestro apoyo para que In\u00e9s Arrimadas, como ganadora de las elecciones, pueda solicitar una ronda de consultas para despu\u00e9s tener una sesi\u00f3n de investidura\u201d.<\/p>\n<p>Algo que, a su juicio, \u201cdesbloquear\u00eda la legislatura y permitir\u00eda que, si no se ponen de acuerdo los independentistas, por lo menos haya una fecha para unas nuevas elecciones y Catalu\u00f1a pueda volver a tener un futuro, que algunos les est\u00e1n hurtando\u201d.<\/p>\n<p><strong>EL VALOR DE LA EXPERIENCIA DEL PP<\/strong><\/p>\n<p>Durante la entrevista, Casado tambi\u00e9n ha puesto de relieve la \u201cexperiencia de gobierno\u201d que acumula el Partido Popular en todas las administraciones p\u00fablicas, lo que le dota de \u201csuficiente fortaleza como para dejar de mirar todo el tiempo por el retrovisor lo que hacen los dem\u00e1s\u201d.<\/p>\n<p>\u201cCada partido tendr\u00e1 que optar a tener el mejor resultado, pero nosotros partimos desde la mayor\u00eda en votos a nivel nacional y en gran parte de los ayuntamientos y autonom\u00edas de Espa\u00f1a, a pesar de que la mitad de los que ganamos los perdedores se aliaron y nos sacaron del gobierno\u201d.<\/p>\n<p>Pero sobre todo, ha recalcado Casado, \u201ctenemos el mejor programa\u201d porque \u201ccuando en Espa\u00f1a gobierna el PP, a los espa\u00f1oles les va mejor, ya que es cuando se crea empleo, se pueden ampliar los servicios sociales, se hacen infraestructuras, cuando la marca Espa\u00f1a es prestigiosa en el mundo y cuando podemos reformar cuestiones como la educaci\u00f3n, la justicia, la sanidad y las pensiones\u201d.<\/p>\n<p><strong>COMISI\u00d3N DE INVESTIGACI\u00d3N EN EL SENADO<\/strong><\/p>\n<p>Con respecto a la comisi\u00f3n de investigaci\u00f3n en el Senado, Pablo Casado ha explicado que, al contrario de las comisiones que esta legislatura est\u00e1n impulsando los partidos de la oposici\u00f3n sobre \u201ccasos que se est\u00e1n juzgando o que llevan d\u00e9cadas cerradas\u201d, en este caso se trata de dilucidar asuntos \u201crecientes\u201d. Concretamente, sobre las conclusiones de un informe del Tribunal de Cuentas que determina que varios partidos han cometido \u201cgraves irregularidades\u201d.<\/p>\n<p>As\u00ed, \u201clo que se ha hecho es llamar a los responsables del Tribunal de Cuentas para que las expliquen y tambi\u00e9n a los responsables de esos partidos\u201d, ha se\u00f1alado.<\/p>\n<p>Casado ha pedido que se otorgue la \u201cmisma normalidad\u201d a la celebraci\u00f3n de esta comisi\u00f3n \u201cque la que se pide al Partido Popular para que participe de las comisiones de investigaci\u00f3n que la oposici\u00f3n tiene a bien pactar que se creen\u201d.<\/p>\n<p>En este sentido, ha insistido en la \u201cabsoluta normalidad\u201d de la celebraci\u00f3n de esta comisi\u00f3n, al tiempo que ha subrayado que ahora es mucho m\u00e1s dif\u00edcil que se produzca cualquier irregularidad en esta materia en virtud de los cambios en la legislaci\u00f3n que aprob\u00f3 el Gobierno la pasada legislatura.<\/p>\n","protected":false},"excerpt":{"rendered":"<p>El vicesecretario de Comunicaci\u00f3n del Partido Popular, Pablo Casado, ha instado a los partidos pol\u00edticos a \u201ccentrarnos en lo importante\u201d, es decir, \u201cla cuesti\u00f3n de Catalu\u00f1a\u201d en la que, en su opini\u00f3n, \u201ctanto el Partido Socialista como Ciudadanos y el PP seguimos en una l\u00ednea responsable, y en los Presupuestos\u201d. Sobre esta \u00faltima cuesti\u00f3n, el [&hellip;]<\/p>\n","protected":false},"author":1,"featured_media":957178,"comment_status":"closed","ping_status":"closed","sticky":false,"template":"","format":"standard","meta":{"footnotes":""},"categories":[1],"tags":[],"class_list":["post-969044","post","type-post","status-publish","format-standard","has-post-thumbnail","hentry","category-actualidad"],"aioseo_notices":[],"aioseo_head":"\n\t\t<!-- All in One SEO Pro 5.0.1 - aioseo.com -->\n\t<meta name=\"description\" content=\"El vicesecretario de Comunicaci\u00f3n del Partido Popular, Pablo Casado, ha instado a los partidos pol\u00edticos a \u201ccentrarnos en lo importante\u201d, es decir, \u201cla cuesti\u00f3n de Catalu\u00f1a\u201d en la que, en su opini\u00f3n, \u201ctanto el Partido Socialista como Ciudadanos y el PP seguimos en una l\u00ednea responsable, y en los Presupuestos\u201d. Sobre esta \u00faltima cuesti\u00f3n, el\" \/>\n\t<meta name=\"robots\" content=\"max-image-preview:large\" \/>\n\t<meta name=\"author\" content=\"El Digital de Asturias\"\/>\n\t<meta name=\"google-site-verification\" content=\"UA-38556648-1\" \/>\n\t<meta name=\"msvalidate.01\" content=\"7dfe9f3f1b24437ab69f4f2559babe99\" \/>\n\t<meta name=\"keywords\" content=\"actualidad\" \/>\n\t<link rel=\"canonical\" href=\"https:\/\/www.eldigitaldeasturias.com\/noticias\/pablo-casado-tenemos-el-mejor-programa\/\" \/>\n\t<meta name=\"generator\" content=\"All in One SEO Pro (AIOSEO) 5.0.1\" \/>\n\t\t<meta property=\"og:locale\" content=\"es_ES\" \/>\n\t\t<meta property=\"og:site_name\" content=\"El Digital de Asturias\" \/>\n\t\t<meta property=\"og:type\" content=\"article\" \/>\n\t\t<meta property=\"og:title\" content=\"Pablo Casado: \u201cTenemos el mejor programa\u201d - El Digital de Asturias\" \/>\n\t\t<meta property=\"og:description\" content=\"El vicesecretario de Comunicaci\u00f3n del Partido Popular, Pablo Casado, ha instado a los partidos pol\u00edticos a \u201ccentrarnos en lo importante\u201d, es decir, \u201cla cuesti\u00f3n de Catalu\u00f1a\u201d en la que, en su opini\u00f3n, \u201ctanto el Partido Socialista como Ciudadanos y el PP seguimos en una l\u00ednea responsable, y en los Presupuestos\u201d. Sobre esta \u00faltima cuesti\u00f3n, el\" \/>\n\t\t<meta property=\"og:url\" content=\"https:\/\/www.eldigitaldeasturias.com\/noticias\/pablo-casado-tenemos-el-mejor-programa\/\" \/>\n\t\t<meta property=\"article:tag\" content=\"actualidad\" \/>\n\t\t<meta property=\"article:published_time\" content=\"2018-02-16T11:18:26+00:00\" \/>\n\t\t<meta property=\"article:modified_time\" content=\"2018-02-16T11:18:26+00:00\" \/>\n\t\t<meta property=\"article:publisher\" content=\"https:\/\/facebook.com\/eldigitaldeasturias\" \/>\n\t\t<meta name=\"twitter:card\" content=\"summary_large_image\" \/>\n\t\t<meta name=\"twitter:title\" content=\"Pablo Casado: \u201cTenemos el mejor programa\u201d - El Digital de Asturias\" \/>\n\t\t<meta name=\"twitter:description\" content=\"El vicesecretario de Comunicaci\u00f3n del Partido Popular, Pablo Casado, ha instado a los partidos pol\u00edticos a \u201ccentrarnos en lo importante\u201d, es decir, \u201cla cuesti\u00f3n de Catalu\u00f1a\u201d en la que, en su opini\u00f3n, \u201ctanto el Partido Socialista como Ciudadanos y el PP seguimos en una l\u00ednea responsable, y en los Presupuestos\u201d. Sobre esta \u00faltima cuesti\u00f3n, el\" \/>\n\t\t<meta name=\"twitter:image\" content=\"https:\/\/www.eldigitaldeasturias.com\/noticias\/wp-content\/uploads\/2020\/12\/EDA-1.jpg\" \/>\n\t\t<meta name=\"twitter:label1\" content=\"Escrito por\" \/>\n\t\t<meta name=\"twitter:data1\" content=\"El Digital de Asturias\" \/>\n\t\t<meta name=\"twitter:label2\" content=\"Tiempo de lectura estimado\" \/>\n\t\t<meta name=\"twitter:data2\" content=\"5 minutos\" \/>\n\t\t<script type=\"application\/ld+json\" class=\"aioseo-schema\">\n\t\t\t{\"@context\":\"https:\\\/\\\/schema.org\",\"@graph\":[{\"@type\":\"BlogPosting\",\"@id\":\"https:\\\/\\\/www.eldigitaldeasturias.com\\\/noticias\\\/pablo-casado-tenemos-el-mejor-programa\\\/#blogposting\",\"name\":\"Pablo Casado: \\u201cTenemos el mejor programa\\u201d - El Digital de Asturias\",\"headline\":\"Pablo Casado: \\u201cTenemos el mejor programa\\u201d\",\"author\":{\"@id\":\"https:\\\/\\\/www.eldigitaldeasturias.com\\\/noticias\\\/author\\\/admin\\\/#author\"},\"publisher\":{\"@id\":\"https:\\\/\\\/www.eldigitaldeasturias.com\\\/noticias\\\/#organization\"},\"image\":{\"@type\":\"ImageObject\",\"url\":957178},\"datePublished\":\"2018-02-16T11:18:26+01:00\",\"dateModified\":\"2018-02-16T11:18:26+01:00\",\"inLanguage\":\"es-ES\",\"mainEntityOfPage\":{\"@id\":\"https:\\\/\\\/www.eldigitaldeasturias.com\\\/noticias\\\/pablo-casado-tenemos-el-mejor-programa\\\/#webpage\"},\"isPartOf\":{\"@id\":\"https:\\\/\\\/www.eldigitaldeasturias.com\\\/noticias\\\/pablo-casado-tenemos-el-mejor-programa\\\/#webpage\"},\"articleSection\":\"Actualidad\"},{\"@type\":\"BreadcrumbList\",\"@id\":\"https:\\\/\\\/www.eldigitaldeasturias.com\\\/noticias\\\/pablo-casado-tenemos-el-mejor-programa\\\/#breadcrumblist\",\"itemListElement\":[{\"@type\":\"ListItem\",\"@id\":\"https:\\\/\\\/www.eldigitaldeasturias.com\\\/noticias#listItem\",\"position\":1,\"name\":\"Home\",\"item\":\"https:\\\/\\\/www.eldigitaldeasturias.com\\\/noticias\",\"nextItem\":{\"@type\":\"ListItem\",\"@id\":\"https:\\\/\\\/www.eldigitaldeasturias.com\\\/noticias\\\/category\\\/actualidad\\\/#listItem\",\"name\":\"Actualidad\"}},{\"@type\":\"ListItem\",\"@id\":\"https:\\\/\\\/www.eldigitaldeasturias.com\\\/noticias\\\/category\\\/actualidad\\\/#listItem\",\"position\":2,\"name\":\"Actualidad\",\"item\":\"https:\\\/\\\/www.eldigitaldeasturias.com\\\/noticias\\\/category\\\/actualidad\\\/\",\"nextItem\":{\"@type\":\"ListItem\",\"@id\":\"https:\\\/\\\/www.eldigitaldeasturias.com\\\/noticias\\\/pablo-casado-tenemos-el-mejor-programa\\\/#listItem\",\"name\":\"Pablo Casado: \\u201cTenemos el mejor programa\\u201d\"},\"previousItem\":{\"@type\":\"ListItem\",\"@id\":\"https:\\\/\\\/www.eldigitaldeasturias.com\\\/noticias#listItem\",\"name\":\"Home\"}},{\"@type\":\"ListItem\",\"@id\":\"https:\\\/\\\/www.eldigitaldeasturias.com\\\/noticias\\\/pablo-casado-tenemos-el-mejor-programa\\\/#listItem\",\"position\":3,\"name\":\"Pablo Casado: \\u201cTenemos el mejor programa\\u201d\",\"previousItem\":{\"@type\":\"ListItem\",\"@id\":\"https:\\\/\\\/www.eldigitaldeasturias.com\\\/noticias\\\/category\\\/actualidad\\\/#listItem\",\"name\":\"Actualidad\"}}]},{\"@type\":\"Organization\",\"@id\":\"https:\\\/\\\/www.eldigitaldeasturias.com\\\/noticias\\\/#organization\",\"name\":\"El Digital de Asturias\",\"description\":\"Hemeroteca\",\"url\":\"https:\\\/\\\/www.eldigitaldeasturias.com\\\/noticias\\\/\",\"email\":\"info@eldigitaldeasturias.com\",\"telephone\":\"+34652131393\",\"logo\":{\"@type\":\"ImageObject\",\"url\":\"https:\\\/\\\/www.eldigitaldeasturias.com\\\/noticias\\\/wp-content\\\/uploads\\\/2020\\\/12\\\/EDA.jpg\",\"@id\":\"https:\\\/\\\/www.eldigitaldeasturias.com\\\/noticias\\\/pablo-casado-tenemos-el-mejor-programa\\\/#organizationLogo\"},\"image\":{\"@id\":\"https:\\\/\\\/www.eldigitaldeasturias.com\\\/noticias\\\/pablo-casado-tenemos-el-mejor-programa\\\/#organizationLogo\"},\"sameAs\":[\"https:\\\/\\\/facebook.com\\\/eldigitaldeasturias\",\"https:\\\/\\\/www.youtube.com\\\/channel\\\/UCZP-2wLEB9Rv6erhFmqVnvg\"],\"address\":{\"@id\":\"https:\\\/\\\/www.eldigitaldeasturias.com\\\/noticias\\\/#postaladdress\",\"@type\":\"PostalAddress\",\"streetAddress\":\"san antonio 4\",\"postalCode\":\"33430\",\"addressLocality\":\"Cand\\u00e1s\",\"addressRegion\":\"Asturias\",\"addressCountry\":\"ES\"}},{\"@type\":\"Person\",\"@id\":\"https:\\\/\\\/www.eldigitaldeasturias.com\\\/noticias\\\/author\\\/admin\\\/#author\",\"url\":\"https:\\\/\\\/www.eldigitaldeasturias.com\\\/noticias\\\/author\\\/admin\\\/\",\"name\":\"El Digital de Asturias\",\"image\":{\"@type\":\"ImageObject\",\"@id\":\"https:\\\/\\\/www.eldigitaldeasturias.com\\\/noticias\\\/pablo-casado-tenemos-el-mejor-programa\\\/#authorImage\",\"url\":\"https:\\\/\\\/secure.gravatar.com\\\/avatar\\\/df2aeffc32bcd13f8d26072ef8a91b623d677766deac7f97ca815868cd41bf5e?s=96&d=mm&r=g\",\"width\":96,\"height\":96,\"caption\":\"El Digital de Asturias\"}},{\"@type\":\"WebPage\",\"@id\":\"https:\\\/\\\/www.eldigitaldeasturias.com\\\/noticias\\\/pablo-casado-tenemos-el-mejor-programa\\\/#webpage\",\"url\":\"https:\\\/\\\/www.eldigitaldeasturias.com\\\/noticias\\\/pablo-casado-tenemos-el-mejor-programa\\\/\",\"name\":\"Pablo Casado: \\u201cTenemos el mejor programa\\u201d - El Digital de Asturias\",\"description\":\"El vicesecretario de Comunicaci\\u00f3n del Partido Popular, Pablo Casado, ha instado a los partidos pol\\u00edticos a \\u201ccentrarnos en lo importante\\u201d, es decir, \\u201cla cuesti\\u00f3n de Catalu\\u00f1a\\u201d en la que, en su opini\\u00f3n, \\u201ctanto el Partido Socialista como Ciudadanos y el PP seguimos en una l\\u00ednea responsable, y en los Presupuestos\\u201d. Sobre esta \\u00faltima cuesti\\u00f3n, el\",\"inLanguage\":\"es-ES\",\"isPartOf\":{\"@id\":\"https:\\\/\\\/www.eldigitaldeasturias.com\\\/noticias\\\/#website\"},\"breadcrumb\":{\"@id\":\"https:\\\/\\\/www.eldigitaldeasturias.com\\\/noticias\\\/pablo-casado-tenemos-el-mejor-programa\\\/#breadcrumblist\"},\"author\":{\"@id\":\"https:\\\/\\\/www.eldigitaldeasturias.com\\\/noticias\\\/author\\\/admin\\\/#author\"},\"creator\":{\"@id\":\"https:\\\/\\\/www.eldigitaldeasturias.com\\\/noticias\\\/author\\\/admin\\\/#author\"},\"image\":{\"@type\":\"ImageObject\",\"url\":957178,\"@id\":\"https:\\\/\\\/www.eldigitaldeasturias.com\\\/noticias\\\/pablo-casado-tenemos-el-mejor-programa\\\/#mainImage\"},\"primaryImageOfPage\":{\"@id\":\"https:\\\/\\\/www.eldigitaldeasturias.com\\\/noticias\\\/pablo-casado-tenemos-el-mejor-programa\\\/#mainImage\"},\"datePublished\":\"2018-02-16T11:18:26+01:00\",\"dateModified\":\"2018-02-16T11:18:26+01:00\"},{\"@type\":\"WebSite\",\"@id\":\"https:\\\/\\\/www.eldigitaldeasturias.com\\\/noticias\\\/#website\",\"url\":\"https:\\\/\\\/www.eldigitaldeasturias.com\\\/noticias\\\/\",\"name\":\"El Digital de Asturias - Diario de actualidad y noticias\",\"alternateName\":\"El Digital de Asturias - Diario de actualidad y noticias\",\"description\":\"Hemeroteca\",\"inLanguage\":\"es-ES\",\"publisher\":{\"@id\":\"https:\\\/\\\/www.eldigitaldeasturias.com\\\/noticias\\\/#organization\"}}]}\n\t\t<\/script>\n\t\t<!-- All in One SEO Pro -->\r\n\t\t<title>Pablo Casado: \u201cTenemos el mejor programa\u201d - El Digital de Asturias<\/title>\n\n","aioseo_head_json":{"title":"Pablo Casado: \u201cTenemos el mejor programa\u201d - El Digital de Asturias","description":"El vicesecretario de Comunicaci\u00f3n del Partido Popular, Pablo Casado, ha instado a los partidos pol\u00edticos a \u201ccentrarnos en lo importante\u201d, es decir, \u201cla cuesti\u00f3n de Catalu\u00f1a\u201d en la que, en su opini\u00f3n, \u201ctanto el Partido Socialista como Ciudadanos y el PP seguimos en una l\u00ednea responsable, y en los Presupuestos\u201d. Sobre esta \u00faltima cuesti\u00f3n, el","canonical_url":"https:\/\/www.eldigitaldeasturias.com\/noticias\/pablo-casado-tenemos-el-mejor-programa\/","robots":"max-image-preview:large","keywords":"actualidad","webmasterTools":{"google-site-verification":"UA-38556648-1","msvalidate.01":"7dfe9f3f1b24437ab69f4f2559babe99","miscellaneous":""},"schema":{"@context":"https:\/\/schema.org","@graph":[{"@type":"BlogPosting","@id":"https:\/\/www.eldigitaldeasturias.com\/noticias\/pablo-casado-tenemos-el-mejor-programa\/#blogposting","name":"Pablo Casado: \u201cTenemos el mejor programa\u201d - El Digital de Asturias","headline":"Pablo Casado: \u201cTenemos el mejor programa\u201d","author":{"@id":"https:\/\/www.eldigitaldeasturias.com\/noticias\/author\/admin\/#author"},"publisher":{"@id":"https:\/\/www.eldigitaldeasturias.com\/noticias\/#organization"},"image":{"@type":"ImageObject","url":957178},"datePublished":"2018-02-16T11:18:26+01:00","dateModified":"2018-02-16T11:18:26+01:00","inLanguage":"es-ES","mainEntityOfPage":{"@id":"https:\/\/www.eldigitaldeasturias.com\/noticias\/pablo-casado-tenemos-el-mejor-programa\/#webpage"},"isPartOf":{"@id":"https:\/\/www.eldigitaldeasturias.com\/noticias\/pablo-casado-tenemos-el-mejor-programa\/#webpage"},"articleSection":"Actualidad"},{"@type":"BreadcrumbList","@id":"https:\/\/www.eldigitaldeasturias.com\/noticias\/pablo-casado-tenemos-el-mejor-programa\/#breadcrumblist","itemListElement":[{"@type":"ListItem","@id":"https:\/\/www.eldigitaldeasturias.com\/noticias#listItem","position":1,"name":"Home","item":"https:\/\/www.eldigitaldeasturias.com\/noticias","nextItem":{"@type":"ListItem","@id":"https:\/\/www.eldigitaldeasturias.com\/noticias\/category\/actualidad\/#listItem","name":"Actualidad"}},{"@type":"ListItem","@id":"https:\/\/www.eldigitaldeasturias.com\/noticias\/category\/actualidad\/#listItem","position":2,"name":"Actualidad","item":"https:\/\/www.eldigitaldeasturias.com\/noticias\/category\/actualidad\/","nextItem":{"@type":"ListItem","@id":"https:\/\/www.eldigitaldeasturias.com\/noticias\/pablo-casado-tenemos-el-mejor-programa\/#listItem","name":"Pablo Casado: \u201cTenemos el mejor programa\u201d"},"previousItem":{"@type":"ListItem","@id":"https:\/\/www.eldigitaldeasturias.com\/noticias#listItem","name":"Home"}},{"@type":"ListItem","@id":"https:\/\/www.eldigitaldeasturias.com\/noticias\/pablo-casado-tenemos-el-mejor-programa\/#listItem","position":3,"name":"Pablo Casado: \u201cTenemos el mejor programa\u201d","previousItem":{"@type":"ListItem","@id":"https:\/\/www.eldigitaldeasturias.com\/noticias\/category\/actualidad\/#listItem","name":"Actualidad"}}]},{"@type":"Organization","@id":"https:\/\/www.eldigitaldeasturias.com\/noticias\/#organization","name":"El Digital de Asturias","description":"Hemeroteca","url":"https:\/\/www.eldigitaldeasturias.com\/noticias\/","email":"info@eldigitaldeasturias.com","telephone":"+34652131393","logo":{"@type":"ImageObject","url":"https:\/\/www.eldigitaldeasturias.com\/noticias\/wp-content\/uploads\/2020\/12\/EDA.jpg","@id":"https:\/\/www.eldigitaldeasturias.com\/noticias\/pablo-casado-tenemos-el-mejor-programa\/#organizationLogo"},"image":{"@id":"https:\/\/www.eldigitaldeasturias.com\/noticias\/pablo-casado-tenemos-el-mejor-programa\/#organizationLogo"},"sameAs":["https:\/\/facebook.com\/eldigitaldeasturias","https:\/\/www.youtube.com\/channel\/UCZP-2wLEB9Rv6erhFmqVnvg"],"address":{"@id":"https:\/\/www.eldigitaldeasturias.com\/noticias\/#postaladdress","@type":"PostalAddress","streetAddress":"san antonio 4","postalCode":"33430","addressLocality":"Cand\u00e1s","addressRegion":"Asturias","addressCountry":"ES"}},{"@type":"Person","@id":"https:\/\/www.eldigitaldeasturias.com\/noticias\/author\/admin\/#author","url":"https:\/\/www.eldigitaldeasturias.com\/noticias\/author\/admin\/","name":"El Digital de Asturias","image":{"@type":"ImageObject","@id":"https:\/\/www.eldigitaldeasturias.com\/noticias\/pablo-casado-tenemos-el-mejor-programa\/#authorImage","url":"https:\/\/secure.gravatar.com\/avatar\/df2aeffc32bcd13f8d26072ef8a91b623d677766deac7f97ca815868cd41bf5e?s=96&d=mm&r=g","width":96,"height":96,"caption":"El Digital de Asturias"}},{"@type":"WebPage","@id":"https:\/\/www.eldigitaldeasturias.com\/noticias\/pablo-casado-tenemos-el-mejor-programa\/#webpage","url":"https:\/\/www.eldigitaldeasturias.com\/noticias\/pablo-casado-tenemos-el-mejor-programa\/","name":"Pablo Casado: \u201cTenemos el mejor programa\u201d - El Digital de Asturias","description":"El vicesecretario de Comunicaci\u00f3n del Partido Popular, Pablo Casado, ha instado a los partidos pol\u00edticos a \u201ccentrarnos en lo importante\u201d, es decir, \u201cla cuesti\u00f3n de Catalu\u00f1a\u201d en la que, en su opini\u00f3n, \u201ctanto el Partido Socialista como Ciudadanos y el PP seguimos en una l\u00ednea responsable, y en los Presupuestos\u201d. Sobre esta \u00faltima cuesti\u00f3n, el","inLanguage":"es-ES","isPartOf":{"@id":"https:\/\/www.eldigitaldeasturias.com\/noticias\/#website"},"breadcrumb":{"@id":"https:\/\/www.eldigitaldeasturias.com\/noticias\/pablo-casado-tenemos-el-mejor-programa\/#breadcrumblist"},"author":{"@id":"https:\/\/www.eldigitaldeasturias.com\/noticias\/author\/admin\/#author"},"creator":{"@id":"https:\/\/www.eldigitaldeasturias.com\/noticias\/author\/admin\/#author"},"image":{"@type":"ImageObject","url":957178,"@id":"https:\/\/www.eldigitaldeasturias.com\/noticias\/pablo-casado-tenemos-el-mejor-programa\/#mainImage"},"primaryImageOfPage":{"@id":"https:\/\/www.eldigitaldeasturias.com\/noticias\/pablo-casado-tenemos-el-mejor-programa\/#mainImage"},"datePublished":"2018-02-16T11:18:26+01:00","dateModified":"2018-02-16T11:18:26+01:00"},{"@type":"WebSite","@id":"https:\/\/www.eldigitaldeasturias.com\/noticias\/#website","url":"https:\/\/www.eldigitaldeasturias.com\/noticias\/","name":"El Digital de Asturias - Diario de actualidad y noticias","alternateName":"El Digital de Asturias - Diario de actualidad y noticias","description":"Hemeroteca","inLanguage":"es-ES","publisher":{"@id":"https:\/\/www.eldigitaldeasturias.com\/noticias\/#organization"}}]},"og:locale":"es_ES","og:site_name":"El Digital de Asturias","og:type":"article","og:title":"Pablo Casado: \u201cTenemos el mejor programa\u201d - El Digital de Asturias","og:description":"El vicesecretario de Comunicaci\u00f3n del Partido Popular, Pablo Casado, ha instado a los partidos pol\u00edticos a \u201ccentrarnos en lo importante\u201d, es decir, \u201cla cuesti\u00f3n de Catalu\u00f1a\u201d en la que, en su opini\u00f3n, \u201ctanto el Partido Socialista como Ciudadanos y el PP seguimos en una l\u00ednea responsable, y en los Presupuestos\u201d. Sobre esta \u00faltima cuesti\u00f3n, el","og:url":"https:\/\/www.eldigitaldeasturias.com\/noticias\/pablo-casado-tenemos-el-mejor-programa\/","article:tag":["actualidad"],"article:published_time":"2018-02-16T11:18:26+00:00","article:modified_time":"2018-02-16T11:18:26+00:00","article:publisher":"https:\/\/facebook.com\/eldigitaldeasturias","twitter:card":"summary_large_image","twitter:title":"Pablo Casado: \u201cTenemos el mejor programa\u201d - El Digital de Asturias","twitter:description":"El vicesecretario de Comunicaci\u00f3n del Partido Popular, Pablo Casado, ha instado a los partidos pol\u00edticos a \u201ccentrarnos en lo importante\u201d, es decir, \u201cla cuesti\u00f3n de Catalu\u00f1a\u201d en la que, en su opini\u00f3n, \u201ctanto el Partido Socialista como Ciudadanos y el PP seguimos en una l\u00ednea responsable, y en los Presupuestos\u201d. Sobre esta \u00faltima cuesti\u00f3n, el","twitter:image":"https:\/\/www.eldigitaldeasturias.com\/noticias\/wp-content\/uploads\/2020\/12\/EDA-1.jpg","twitter:label1":"Escrito por","twitter:data1":"El Digital de Asturias","twitter:label2":"Tiempo de lectura estimado","twitter:data2":"5 minutos"},"aioseo_meta_data":{"post_id":"969044","title":null,"description":null,"keywords":null,"keyphrases":null,"primary_term":null,"canonical_url":null,"og_title":null,"og_description":null,"og_object_type":"default","og_image_type":"default","og_image_url":null,"og_image_width":null,"og_image_height":null,"og_image_custom_url":null,"og_image_custom_fields":null,"og_video":null,"og_custom_url":null,"og_article_section":null,"og_article_tags":null,"twitter_use_og":false,"twitter_card":"default","twitter_image_type":"default","twitter_image_url":null,"twitter_image_custom_url":null,"twitter_image_custom_fields":null,"twitter_title":null,"twitter_description":null,"schema":{"blockGraphs":[],"customGraphs":[],"default":{"data":{"Article":[],"Course":[],"Dataset":[],"FAQPage":[],"Movie":[],"Person":[],"Product":[],"ProductReview":[],"Car":[],"Recipe":[],"Service":[],"SoftwareApplication":[],"WebPage":[]},"graphName":"","isEnabled":true},"graphs":[],"defaultGraph":"","defaultPostTypeGraph":""},"schema_type":null,"schema_type_options":null,"pillar_content":false,"robots_default":true,"robots_noindex":false,"robots_noarchive":false,"robots_nosnippet":false,"robots_nofollow":false,"robots_noimageindex":false,"robots_noodp":false,"robots_notranslate":false,"robots_max_snippet":null,"robots_max_videopreview":null,"robots_max_imagepreview":"large","priority":null,"frequency":null,"local_seo":null,"seo_analyzer_scan_date":"2025-10-07 00:38:07","breadcrumb_settings":null,"limit_modified_date":false,"open_ai":null,"ai":null,"created":"2020-12-21 12:28:38","updated":"2025-10-07 00:38:07","focus_keyword":null,"additional_keywords":null,"truseo_locale":null},"aioseo_breadcrumb":"<div class=\"aioseo-breadcrumbs\"><span class=\"aioseo-breadcrumb\">\n\t<a href=\"https:\/\/www.eldigitaldeasturias.com\/noticias\" title=\"Home\">Home<\/a>\n<\/span><span class=\"aioseo-breadcrumb-separator\">\u2013<\/span><span class=\"aioseo-breadcrumb\">\n\t<a href=\"https:\/\/www.eldigitaldeasturias.com\/noticias\/category\/actualidad\/\" title=\"Actualidad\">Actualidad<\/a>\n<\/span><span class=\"aioseo-breadcrumb-separator\">\u2013<\/span><span class=\"aioseo-breadcrumb\">\n\t<a href=\"https:\/\/www.eldigitaldeasturias.com\/noticias\/pablo-casado-tenemos-el-mejor-programa\/\" title=\"Pablo Casado: \u201cTenemos el mejor programa\u201d\">Pablo Casado: \u201cTenemos el mejor programa\u201d<\/a>\n<\/span><\/div>","aioseo_breadcrumb_json":[{"label":"Home","link":"https:\/\/www.eldigitaldeasturias.com\/noticias"},{"label":"Actualidad","link":"https:\/\/www.eldigitaldeasturias.com\/noticias\/category\/actualidad\/"},{"label":"Pablo Casado: \u201cTenemos el mejor programa\u201d","link":"https:\/\/www.eldigitaldeasturias.com\/noticias\/pablo-casado-tenemos-el-mejor-programa\/"}],"_links":{"self":[{"href":"https:\/\/www.eldigitaldeasturias.com\/noticias\/wp-json\/wp\/v2\/posts\/969044","targetHints":{"allow":["GET"]}}],"collection":[{"href":"https:\/\/www.eldigitaldeasturias.com\/noticias\/wp-json\/wp\/v2\/posts"}],"about":[{"href":"https:\/\/www.eldigitaldeasturias.com\/noticias\/wp-json\/wp\/v2\/types\/post"}],"author":[{"embeddable":true,"href":"https:\/\/www.eldigitaldeasturias.com\/noticias\/wp-json\/wp\/v2\/users\/1"}],"replies":[{"embeddable":true,"href":"https:\/\/www.eldigitaldeasturias.com\/noticias\/wp-json\/wp\/v2\/comments?post=969044"}],"version-history":[{"count":0,"href":"https:\/\/www.eldigitaldeasturias.com\/noticias\/wp-json\/wp\/v2\/posts\/969044\/revisions"}],"wp:attachment":[{"href":"https:\/\/www.eldigitaldeasturias.com\/noticias\/wp-json\/wp\/v2\/media?parent=969044"}],"wp:term":[{"taxonomy":"category","embeddable":true,"href":"https:\/\/www.eldigitaldeasturias.com\/noticias\/wp-json\/wp\/v2\/categories?post=969044"},{"taxonomy":"post_tag","embeddable":true,"href":"https:\/\/www.eldigitaldeasturias.com\/noticias\/wp-json\/wp\/v2\/tags?post=969044"}],"curies":[{"name":"wp","href":"https:\/\/api.w.org\/{rel}","templated":true}]}}