{"id":969041,"date":"2018-02-16T11:15:43","date_gmt":"2018-02-16T11:15:43","guid":{"rendered":"http:\/\/www.eldigitaldeasturias.com\/noticias\/?p=969041"},"modified":"2018-02-16T11:15:43","modified_gmt":"2018-02-16T11:15:43","slug":"luis-aznar-califica-de-practica-deleznable-la-subasta-de-escanos-de-ciudadanos","status":"publish","type":"post","link":"https:\/\/www.eldigitaldeasturias.com\/noticias\/luis-aznar-califica-de-practica-deleznable-la-subasta-de-escanos-de-ciudadanos\/","title":{"rendered":"Luis Aznar califica de pr\u00e1ctica deleznable la subasta de esca\u00f1os de Ciudadanos"},"content":{"rendered":"<p><img loading=\"lazy\" decoding=\"async\" class=\"alignleft size-medium wp-image-969042\" src=\"https:\/\/www.eldigitaldeasturias.com\/noticias\/wp-content\/uploads\/2018\/02\/img_0354-360x163.jpg\" alt=\"\" width=\"360\" height=\"163\" \/>El portavoz del GPP en la Comisi\u00f3n de Investigaci\u00f3n sobre la Financiaci\u00f3n de los Partidos Pol\u00edticos, Luis Aznar, ha manifestado hoy, en rueda de prensa, que en Ciudadanos se compran las plazas para encabezar las listas electorales.<\/p>\n<p>\u201cCiudadanos subasta los puestos para encabezar las listas electorales; es una pr\u00e1ctica deleznable\u201d, ha dicho. A continuaci\u00f3n, ha puesto como ejemplo la situaci\u00f3n que se dio en un ayuntamiento, donde la formaci\u00f3n de Albert Rivera cambi\u00f3 al n\u00famero uno, que hab\u00eda pagado 11 mil euros, por otra persona que pag\u00f3 18 mil.<\/p>\n<p>El portavoz de los populares en la Comisi\u00f3n de Investigaci\u00f3n ha hecho estas declaraciones al finalizar la comparecencia de Alberto Ganga e Inmaculada S\u00e1nchez (Miembros de la Plataforma por las Garant\u00edas Ciudadanas) y Alejandro Entrambasaguas (Periodista de OK Diario).<\/p>\n<p>Aznar ha asegurado, tras escuchar a los comparecientes, que queda clara la existencia de financiaci\u00f3n privada de Ciudadanos con medios p\u00fablicos, lo que se conoce como \u201cdopaje electoral\u201d, desde los inicios de esta formaci\u00f3n pol\u00edtica.<\/p>\n<p>El senador popular ha mantenido que es un c\u00famulo tal de irregularidades \u201cque la c\u00fapula de esta formaci\u00f3n pol\u00edtica \u2013Rivera, Villegas y Cuadrado- tendr\u00e1n que dar explicaciones\u201d. Asimismo, ha dicho que las cuentas de C\u00b4s son \u201copacas y turbias, un aut\u00e9ntico cat\u00e1logo de irregularidades\u201d.<\/p>\n<p>Los comparecientes han explicado que Ciudadanos ha financiado algunas campa\u00f1as electorales a trav\u00e9s de lo que se conoce como pitufeo o crowfunding. Los miembros de la Plataforma por las Garant\u00edas Ciudadanas han explicado que se pretend\u00eda reintegrar el dinero que las personas abonaban al partido para financiar la campa\u00f1a a trav\u00e9s de los grupos Municipales; el Tribunal de Cuentas de Murcia detect\u00f3 esta pr\u00e1ctica con claridad.<\/p>\n<p>Tambi\u00e9n ha quedado demostrado que C\u00b4s regula la asignaci\u00f3n de los grupos municipales a trav\u00e9s de una cuenta \u00fanica abierta en Madrid en el Banco Popular. Al frente de esta cuenta figuran como apoderados Cuadrado y Villegas.<\/p>\n<p>Entrambasaguas ha asegurado que Rivera ten\u00eda que estar al tanto de las pr\u00e1cticas ilegales que eran habituales en su partido, ya que las personas que las llevaban a cabo (Cuadrado, Villegas y D\u00edaz Vargas), depend\u00edan directamente de \u00e9l.<\/p>\n<p>&nbsp;<\/p>\n","protected":false},"excerpt":{"rendered":"<p>El portavoz del GPP en la Comisi\u00f3n de Investigaci\u00f3n sobre la Financiaci\u00f3n de los Partidos Pol\u00edticos, Luis Aznar, ha manifestado hoy, en rueda de prensa, que en Ciudadanos se compran las plazas para encabezar las listas electorales. \u201cCiudadanos subasta los puestos para encabezar las listas electorales; es una pr\u00e1ctica deleznable\u201d, ha dicho. A continuaci\u00f3n, ha [&hellip;]<\/p>\n","protected":false},"author":1,"featured_media":969042,"comment_status":"closed","ping_status":"closed","sticky":false,"template":"","format":"standard","meta":{"footnotes":""},"categories":[1],"tags":[],"class_list":["post-969041","post","type-post","status-publish","format-standard","has-post-thumbnail","hentry","category-actualidad"],"aioseo_notices":[],"aioseo_head":"\n\t\t<!-- All in One SEO Pro 5.0.1 - aioseo.com -->\n\t<meta name=\"description\" content=\"El portavoz del GPP en la Comisi\u00f3n de Investigaci\u00f3n sobre la Financiaci\u00f3n de los Partidos Pol\u00edticos, Luis Aznar, ha manifestado hoy, en rueda de prensa, que en Ciudadanos se compran las plazas para encabezar las listas electorales. \u201cCiudadanos subasta los puestos para encabezar las listas electorales; es una pr\u00e1ctica deleznable\u201d, ha dicho. A continuaci\u00f3n, ha\" \/>\n\t<meta name=\"robots\" content=\"max-image-preview:large\" \/>\n\t<meta name=\"author\" content=\"El Digital de Asturias\"\/>\n\t<meta name=\"google-site-verification\" content=\"UA-38556648-1\" \/>\n\t<meta name=\"msvalidate.01\" content=\"7dfe9f3f1b24437ab69f4f2559babe99\" \/>\n\t<meta name=\"keywords\" content=\"actualidad\" \/>\n\t<link rel=\"canonical\" href=\"https:\/\/www.eldigitaldeasturias.com\/noticias\/luis-aznar-califica-de-practica-deleznable-la-subasta-de-escanos-de-ciudadanos\/\" \/>\n\t<meta name=\"generator\" content=\"All in One SEO Pro (AIOSEO) 5.0.1\" \/>\n\t\t<meta property=\"og:locale\" content=\"es_ES\" \/>\n\t\t<meta property=\"og:site_name\" content=\"El Digital de Asturias\" \/>\n\t\t<meta property=\"og:type\" content=\"article\" \/>\n\t\t<meta property=\"og:title\" content=\"Luis Aznar califica de pr\u00e1ctica deleznable la subasta de esca\u00f1os de Ciudadanos - El Digital de Asturias\" \/>\n\t\t<meta property=\"og:description\" content=\"El portavoz del GPP en la Comisi\u00f3n de Investigaci\u00f3n sobre la Financiaci\u00f3n de los Partidos Pol\u00edticos, Luis Aznar, ha manifestado hoy, en rueda de prensa, que en Ciudadanos se compran las plazas para encabezar las listas electorales. \u201cCiudadanos subasta los puestos para encabezar las listas electorales; es una pr\u00e1ctica deleznable\u201d, ha dicho. A continuaci\u00f3n, ha\" \/>\n\t\t<meta property=\"og:url\" content=\"https:\/\/www.eldigitaldeasturias.com\/noticias\/luis-aznar-califica-de-practica-deleznable-la-subasta-de-escanos-de-ciudadanos\/\" \/>\n\t\t<meta property=\"article:tag\" content=\"actualidad\" \/>\n\t\t<meta property=\"article:published_time\" content=\"2018-02-16T11:15:43+00:00\" \/>\n\t\t<meta property=\"article:modified_time\" content=\"2018-02-16T11:15:43+00:00\" \/>\n\t\t<meta property=\"article:publisher\" content=\"https:\/\/facebook.com\/eldigitaldeasturias\" \/>\n\t\t<meta name=\"twitter:card\" content=\"summary_large_image\" \/>\n\t\t<meta name=\"twitter:title\" content=\"Luis Aznar califica de pr\u00e1ctica deleznable la subasta de esca\u00f1os de Ciudadanos - El Digital de Asturias\" \/>\n\t\t<meta name=\"twitter:description\" content=\"El portavoz del GPP en la Comisi\u00f3n de Investigaci\u00f3n sobre la Financiaci\u00f3n de los Partidos Pol\u00edticos, Luis Aznar, ha manifestado hoy, en rueda de prensa, que en Ciudadanos se compran las plazas para encabezar las listas electorales. \u201cCiudadanos subasta los puestos para encabezar las listas electorales; es una pr\u00e1ctica deleznable\u201d, ha dicho. A continuaci\u00f3n, ha\" \/>\n\t\t<meta name=\"twitter:image\" content=\"https:\/\/www.eldigitaldeasturias.com\/noticias\/wp-content\/uploads\/2020\/12\/EDA-1.jpg\" \/>\n\t\t<meta name=\"twitter:label1\" content=\"Escrito por\" \/>\n\t\t<meta name=\"twitter:data1\" content=\"El Digital de Asturias\" \/>\n\t\t<meta name=\"twitter:label2\" content=\"Tiempo de lectura estimado\" \/>\n\t\t<meta name=\"twitter:data2\" content=\"2 minutos\" \/>\n\t\t<script type=\"application\/ld+json\" class=\"aioseo-schema\">\n\t\t\t{\"@context\":\"https:\\\/\\\/schema.org\",\"@graph\":[{\"@type\":\"BlogPosting\",\"@id\":\"https:\\\/\\\/www.eldigitaldeasturias.com\\\/noticias\\\/luis-aznar-califica-de-practica-deleznable-la-subasta-de-escanos-de-ciudadanos\\\/#blogposting\",\"name\":\"Luis Aznar califica de pr\\u00e1ctica deleznable la subasta de esca\\u00f1os de Ciudadanos - El Digital de Asturias\",\"headline\":\"Luis Aznar califica de pr\\u00e1ctica deleznable la subasta de esca\\u00f1os de Ciudadanos\",\"author\":{\"@id\":\"https:\\\/\\\/www.eldigitaldeasturias.com\\\/noticias\\\/author\\\/admin\\\/#author\"},\"publisher\":{\"@id\":\"https:\\\/\\\/www.eldigitaldeasturias.com\\\/noticias\\\/#organization\"},\"image\":{\"@type\":\"ImageObject\",\"url\":969042},\"datePublished\":\"2018-02-16T11:15:43+01:00\",\"dateModified\":\"2018-02-16T11:15:43+01:00\",\"inLanguage\":\"es-ES\",\"mainEntityOfPage\":{\"@id\":\"https:\\\/\\\/www.eldigitaldeasturias.com\\\/noticias\\\/luis-aznar-califica-de-practica-deleznable-la-subasta-de-escanos-de-ciudadanos\\\/#webpage\"},\"isPartOf\":{\"@id\":\"https:\\\/\\\/www.eldigitaldeasturias.com\\\/noticias\\\/luis-aznar-califica-de-practica-deleznable-la-subasta-de-escanos-de-ciudadanos\\\/#webpage\"},\"articleSection\":\"Actualidad\"},{\"@type\":\"BreadcrumbList\",\"@id\":\"https:\\\/\\\/www.eldigitaldeasturias.com\\\/noticias\\\/luis-aznar-califica-de-practica-deleznable-la-subasta-de-escanos-de-ciudadanos\\\/#breadcrumblist\",\"itemListElement\":[{\"@type\":\"ListItem\",\"@id\":\"https:\\\/\\\/www.eldigitaldeasturias.com\\\/noticias#listItem\",\"position\":1,\"name\":\"Home\",\"item\":\"https:\\\/\\\/www.eldigitaldeasturias.com\\\/noticias\",\"nextItem\":{\"@type\":\"ListItem\",\"@id\":\"https:\\\/\\\/www.eldigitaldeasturias.com\\\/noticias\\\/category\\\/actualidad\\\/#listItem\",\"name\":\"Actualidad\"}},{\"@type\":\"ListItem\",\"@id\":\"https:\\\/\\\/www.eldigitaldeasturias.com\\\/noticias\\\/category\\\/actualidad\\\/#listItem\",\"position\":2,\"name\":\"Actualidad\",\"item\":\"https:\\\/\\\/www.eldigitaldeasturias.com\\\/noticias\\\/category\\\/actualidad\\\/\",\"nextItem\":{\"@type\":\"ListItem\",\"@id\":\"https:\\\/\\\/www.eldigitaldeasturias.com\\\/noticias\\\/luis-aznar-califica-de-practica-deleznable-la-subasta-de-escanos-de-ciudadanos\\\/#listItem\",\"name\":\"Luis Aznar califica de pr\\u00e1ctica deleznable la subasta de esca\\u00f1os de Ciudadanos\"},\"previousItem\":{\"@type\":\"ListItem\",\"@id\":\"https:\\\/\\\/www.eldigitaldeasturias.com\\\/noticias#listItem\",\"name\":\"Home\"}},{\"@type\":\"ListItem\",\"@id\":\"https:\\\/\\\/www.eldigitaldeasturias.com\\\/noticias\\\/luis-aznar-califica-de-practica-deleznable-la-subasta-de-escanos-de-ciudadanos\\\/#listItem\",\"position\":3,\"name\":\"Luis Aznar califica de pr\\u00e1ctica deleznable la subasta de esca\\u00f1os de Ciudadanos\",\"previousItem\":{\"@type\":\"ListItem\",\"@id\":\"https:\\\/\\\/www.eldigitaldeasturias.com\\\/noticias\\\/category\\\/actualidad\\\/#listItem\",\"name\":\"Actualidad\"}}]},{\"@type\":\"Organization\",\"@id\":\"https:\\\/\\\/www.eldigitaldeasturias.com\\\/noticias\\\/#organization\",\"name\":\"El Digital de Asturias\",\"description\":\"Hemeroteca\",\"url\":\"https:\\\/\\\/www.eldigitaldeasturias.com\\\/noticias\\\/\",\"email\":\"info@eldigitaldeasturias.com\",\"telephone\":\"+34652131393\",\"logo\":{\"@type\":\"ImageObject\",\"url\":\"https:\\\/\\\/www.eldigitaldeasturias.com\\\/noticias\\\/wp-content\\\/uploads\\\/2020\\\/12\\\/EDA.jpg\",\"@id\":\"https:\\\/\\\/www.eldigitaldeasturias.com\\\/noticias\\\/luis-aznar-califica-de-practica-deleznable-la-subasta-de-escanos-de-ciudadanos\\\/#organizationLogo\"},\"image\":{\"@id\":\"https:\\\/\\\/www.eldigitaldeasturias.com\\\/noticias\\\/luis-aznar-califica-de-practica-deleznable-la-subasta-de-escanos-de-ciudadanos\\\/#organizationLogo\"},\"sameAs\":[\"https:\\\/\\\/facebook.com\\\/eldigitaldeasturias\",\"https:\\\/\\\/www.youtube.com\\\/channel\\\/UCZP-2wLEB9Rv6erhFmqVnvg\"],\"address\":{\"@id\":\"https:\\\/\\\/www.eldigitaldeasturias.com\\\/noticias\\\/#postaladdress\",\"@type\":\"PostalAddress\",\"streetAddress\":\"san antonio 4\",\"postalCode\":\"33430\",\"addressLocality\":\"Cand\\u00e1s\",\"addressRegion\":\"Asturias\",\"addressCountry\":\"ES\"}},{\"@type\":\"Person\",\"@id\":\"https:\\\/\\\/www.eldigitaldeasturias.com\\\/noticias\\\/author\\\/admin\\\/#author\",\"url\":\"https:\\\/\\\/www.eldigitaldeasturias.com\\\/noticias\\\/author\\\/admin\\\/\",\"name\":\"El Digital de Asturias\",\"image\":{\"@type\":\"ImageObject\",\"@id\":\"https:\\\/\\\/www.eldigitaldeasturias.com\\\/noticias\\\/luis-aznar-califica-de-practica-deleznable-la-subasta-de-escanos-de-ciudadanos\\\/#authorImage\",\"url\":\"https:\\\/\\\/secure.gravatar.com\\\/avatar\\\/df2aeffc32bcd13f8d26072ef8a91b623d677766deac7f97ca815868cd41bf5e?s=96&d=mm&r=g\",\"width\":96,\"height\":96,\"caption\":\"El Digital de Asturias\"}},{\"@type\":\"WebPage\",\"@id\":\"https:\\\/\\\/www.eldigitaldeasturias.com\\\/noticias\\\/luis-aznar-califica-de-practica-deleznable-la-subasta-de-escanos-de-ciudadanos\\\/#webpage\",\"url\":\"https:\\\/\\\/www.eldigitaldeasturias.com\\\/noticias\\\/luis-aznar-califica-de-practica-deleznable-la-subasta-de-escanos-de-ciudadanos\\\/\",\"name\":\"Luis Aznar califica de pr\\u00e1ctica deleznable la subasta de esca\\u00f1os de Ciudadanos - El Digital de Asturias\",\"description\":\"El portavoz del GPP en la Comisi\\u00f3n de Investigaci\\u00f3n sobre la Financiaci\\u00f3n de los Partidos Pol\\u00edticos, Luis Aznar, ha manifestado hoy, en rueda de prensa, que en Ciudadanos se compran las plazas para encabezar las listas electorales. \\u201cCiudadanos subasta los puestos para encabezar las listas electorales; es una pr\\u00e1ctica deleznable\\u201d, ha dicho. A continuaci\\u00f3n, ha\",\"inLanguage\":\"es-ES\",\"isPartOf\":{\"@id\":\"https:\\\/\\\/www.eldigitaldeasturias.com\\\/noticias\\\/#website\"},\"breadcrumb\":{\"@id\":\"https:\\\/\\\/www.eldigitaldeasturias.com\\\/noticias\\\/luis-aznar-califica-de-practica-deleznable-la-subasta-de-escanos-de-ciudadanos\\\/#breadcrumblist\"},\"author\":{\"@id\":\"https:\\\/\\\/www.eldigitaldeasturias.com\\\/noticias\\\/author\\\/admin\\\/#author\"},\"creator\":{\"@id\":\"https:\\\/\\\/www.eldigitaldeasturias.com\\\/noticias\\\/author\\\/admin\\\/#author\"},\"image\":{\"@type\":\"ImageObject\",\"url\":969042,\"@id\":\"https:\\\/\\\/www.eldigitaldeasturias.com\\\/noticias\\\/luis-aznar-califica-de-practica-deleznable-la-subasta-de-escanos-de-ciudadanos\\\/#mainImage\"},\"primaryImageOfPage\":{\"@id\":\"https:\\\/\\\/www.eldigitaldeasturias.com\\\/noticias\\\/luis-aznar-califica-de-practica-deleznable-la-subasta-de-escanos-de-ciudadanos\\\/#mainImage\"},\"datePublished\":\"2018-02-16T11:15:43+01:00\",\"dateModified\":\"2018-02-16T11:15:43+01:00\"},{\"@type\":\"WebSite\",\"@id\":\"https:\\\/\\\/www.eldigitaldeasturias.com\\\/noticias\\\/#website\",\"url\":\"https:\\\/\\\/www.eldigitaldeasturias.com\\\/noticias\\\/\",\"name\":\"El Digital de Asturias - Diario de actualidad y noticias\",\"alternateName\":\"El Digital de Asturias - Diario de actualidad y noticias\",\"description\":\"Hemeroteca\",\"inLanguage\":\"es-ES\",\"publisher\":{\"@id\":\"https:\\\/\\\/www.eldigitaldeasturias.com\\\/noticias\\\/#organization\"}}]}\n\t\t<\/script>\n\t\t<!-- All in One SEO Pro -->\r\n\t\t<title>Luis Aznar califica de pr\u00e1ctica deleznable la subasta de esca\u00f1os de Ciudadanos - El Digital de Asturias<\/title>\n\n","aioseo_head_json":{"title":"Luis Aznar califica de pr\u00e1ctica deleznable la subasta de esca\u00f1os de Ciudadanos - El Digital de Asturias","description":"El portavoz del GPP en la Comisi\u00f3n de Investigaci\u00f3n sobre la Financiaci\u00f3n de los Partidos Pol\u00edticos, Luis Aznar, ha manifestado hoy, en rueda de prensa, que en Ciudadanos se compran las plazas para encabezar las listas electorales. \u201cCiudadanos subasta los puestos para encabezar las listas electorales; es una pr\u00e1ctica deleznable\u201d, ha dicho. A continuaci\u00f3n, ha","canonical_url":"https:\/\/www.eldigitaldeasturias.com\/noticias\/luis-aznar-califica-de-practica-deleznable-la-subasta-de-escanos-de-ciudadanos\/","robots":"max-image-preview:large","keywords":"actualidad","webmasterTools":{"google-site-verification":"UA-38556648-1","msvalidate.01":"7dfe9f3f1b24437ab69f4f2559babe99","miscellaneous":""},"schema":{"@context":"https:\/\/schema.org","@graph":[{"@type":"BlogPosting","@id":"https:\/\/www.eldigitaldeasturias.com\/noticias\/luis-aznar-califica-de-practica-deleznable-la-subasta-de-escanos-de-ciudadanos\/#blogposting","name":"Luis Aznar califica de pr\u00e1ctica deleznable la subasta de esca\u00f1os de Ciudadanos - El Digital de Asturias","headline":"Luis Aznar califica de pr\u00e1ctica deleznable la subasta de esca\u00f1os de Ciudadanos","author":{"@id":"https:\/\/www.eldigitaldeasturias.com\/noticias\/author\/admin\/#author"},"publisher":{"@id":"https:\/\/www.eldigitaldeasturias.com\/noticias\/#organization"},"image":{"@type":"ImageObject","url":969042},"datePublished":"2018-02-16T11:15:43+01:00","dateModified":"2018-02-16T11:15:43+01:00","inLanguage":"es-ES","mainEntityOfPage":{"@id":"https:\/\/www.eldigitaldeasturias.com\/noticias\/luis-aznar-califica-de-practica-deleznable-la-subasta-de-escanos-de-ciudadanos\/#webpage"},"isPartOf":{"@id":"https:\/\/www.eldigitaldeasturias.com\/noticias\/luis-aznar-califica-de-practica-deleznable-la-subasta-de-escanos-de-ciudadanos\/#webpage"},"articleSection":"Actualidad"},{"@type":"BreadcrumbList","@id":"https:\/\/www.eldigitaldeasturias.com\/noticias\/luis-aznar-califica-de-practica-deleznable-la-subasta-de-escanos-de-ciudadanos\/#breadcrumblist","itemListElement":[{"@type":"ListItem","@id":"https:\/\/www.eldigitaldeasturias.com\/noticias#listItem","position":1,"name":"Home","item":"https:\/\/www.eldigitaldeasturias.com\/noticias","nextItem":{"@type":"ListItem","@id":"https:\/\/www.eldigitaldeasturias.com\/noticias\/category\/actualidad\/#listItem","name":"Actualidad"}},{"@type":"ListItem","@id":"https:\/\/www.eldigitaldeasturias.com\/noticias\/category\/actualidad\/#listItem","position":2,"name":"Actualidad","item":"https:\/\/www.eldigitaldeasturias.com\/noticias\/category\/actualidad\/","nextItem":{"@type":"ListItem","@id":"https:\/\/www.eldigitaldeasturias.com\/noticias\/luis-aznar-califica-de-practica-deleznable-la-subasta-de-escanos-de-ciudadanos\/#listItem","name":"Luis Aznar califica de pr\u00e1ctica deleznable la subasta de esca\u00f1os de Ciudadanos"},"previousItem":{"@type":"ListItem","@id":"https:\/\/www.eldigitaldeasturias.com\/noticias#listItem","name":"Home"}},{"@type":"ListItem","@id":"https:\/\/www.eldigitaldeasturias.com\/noticias\/luis-aznar-califica-de-practica-deleznable-la-subasta-de-escanos-de-ciudadanos\/#listItem","position":3,"name":"Luis Aznar califica de pr\u00e1ctica deleznable la subasta de esca\u00f1os de Ciudadanos","previousItem":{"@type":"ListItem","@id":"https:\/\/www.eldigitaldeasturias.com\/noticias\/category\/actualidad\/#listItem","name":"Actualidad"}}]},{"@type":"Organization","@id":"https:\/\/www.eldigitaldeasturias.com\/noticias\/#organization","name":"El Digital de Asturias","description":"Hemeroteca","url":"https:\/\/www.eldigitaldeasturias.com\/noticias\/","email":"info@eldigitaldeasturias.com","telephone":"+34652131393","logo":{"@type":"ImageObject","url":"https:\/\/www.eldigitaldeasturias.com\/noticias\/wp-content\/uploads\/2020\/12\/EDA.jpg","@id":"https:\/\/www.eldigitaldeasturias.com\/noticias\/luis-aznar-califica-de-practica-deleznable-la-subasta-de-escanos-de-ciudadanos\/#organizationLogo"},"image":{"@id":"https:\/\/www.eldigitaldeasturias.com\/noticias\/luis-aznar-califica-de-practica-deleznable-la-subasta-de-escanos-de-ciudadanos\/#organizationLogo"},"sameAs":["https:\/\/facebook.com\/eldigitaldeasturias","https:\/\/www.youtube.com\/channel\/UCZP-2wLEB9Rv6erhFmqVnvg"],"address":{"@id":"https:\/\/www.eldigitaldeasturias.com\/noticias\/#postaladdress","@type":"PostalAddress","streetAddress":"san antonio 4","postalCode":"33430","addressLocality":"Cand\u00e1s","addressRegion":"Asturias","addressCountry":"ES"}},{"@type":"Person","@id":"https:\/\/www.eldigitaldeasturias.com\/noticias\/author\/admin\/#author","url":"https:\/\/www.eldigitaldeasturias.com\/noticias\/author\/admin\/","name":"El Digital de Asturias","image":{"@type":"ImageObject","@id":"https:\/\/www.eldigitaldeasturias.com\/noticias\/luis-aznar-califica-de-practica-deleznable-la-subasta-de-escanos-de-ciudadanos\/#authorImage","url":"https:\/\/secure.gravatar.com\/avatar\/df2aeffc32bcd13f8d26072ef8a91b623d677766deac7f97ca815868cd41bf5e?s=96&d=mm&r=g","width":96,"height":96,"caption":"El Digital de Asturias"}},{"@type":"WebPage","@id":"https:\/\/www.eldigitaldeasturias.com\/noticias\/luis-aznar-califica-de-practica-deleznable-la-subasta-de-escanos-de-ciudadanos\/#webpage","url":"https:\/\/www.eldigitaldeasturias.com\/noticias\/luis-aznar-califica-de-practica-deleznable-la-subasta-de-escanos-de-ciudadanos\/","name":"Luis Aznar califica de pr\u00e1ctica deleznable la subasta de esca\u00f1os de Ciudadanos - El Digital de Asturias","description":"El portavoz del GPP en la Comisi\u00f3n de Investigaci\u00f3n sobre la Financiaci\u00f3n de los Partidos Pol\u00edticos, Luis Aznar, ha manifestado hoy, en rueda de prensa, que en Ciudadanos se compran las plazas para encabezar las listas electorales. \u201cCiudadanos subasta los puestos para encabezar las listas electorales; es una pr\u00e1ctica deleznable\u201d, ha dicho. A continuaci\u00f3n, ha","inLanguage":"es-ES","isPartOf":{"@id":"https:\/\/www.eldigitaldeasturias.com\/noticias\/#website"},"breadcrumb":{"@id":"https:\/\/www.eldigitaldeasturias.com\/noticias\/luis-aznar-califica-de-practica-deleznable-la-subasta-de-escanos-de-ciudadanos\/#breadcrumblist"},"author":{"@id":"https:\/\/www.eldigitaldeasturias.com\/noticias\/author\/admin\/#author"},"creator":{"@id":"https:\/\/www.eldigitaldeasturias.com\/noticias\/author\/admin\/#author"},"image":{"@type":"ImageObject","url":969042,"@id":"https:\/\/www.eldigitaldeasturias.com\/noticias\/luis-aznar-califica-de-practica-deleznable-la-subasta-de-escanos-de-ciudadanos\/#mainImage"},"primaryImageOfPage":{"@id":"https:\/\/www.eldigitaldeasturias.com\/noticias\/luis-aznar-califica-de-practica-deleznable-la-subasta-de-escanos-de-ciudadanos\/#mainImage"},"datePublished":"2018-02-16T11:15:43+01:00","dateModified":"2018-02-16T11:15:43+01:00"},{"@type":"WebSite","@id":"https:\/\/www.eldigitaldeasturias.com\/noticias\/#website","url":"https:\/\/www.eldigitaldeasturias.com\/noticias\/","name":"El Digital de Asturias - Diario de actualidad y noticias","alternateName":"El Digital de Asturias - Diario de actualidad y noticias","description":"Hemeroteca","inLanguage":"es-ES","publisher":{"@id":"https:\/\/www.eldigitaldeasturias.com\/noticias\/#organization"}}]},"og:locale":"es_ES","og:site_name":"El Digital de Asturias","og:type":"article","og:title":"Luis Aznar califica de pr\u00e1ctica deleznable la subasta de esca\u00f1os de Ciudadanos - El Digital de Asturias","og:description":"El portavoz del GPP en la Comisi\u00f3n de Investigaci\u00f3n sobre la Financiaci\u00f3n de los Partidos Pol\u00edticos, Luis Aznar, ha manifestado hoy, en rueda de prensa, que en Ciudadanos se compran las plazas para encabezar las listas electorales. \u201cCiudadanos subasta los puestos para encabezar las listas electorales; es una pr\u00e1ctica deleznable\u201d, ha dicho. A continuaci\u00f3n, ha","og:url":"https:\/\/www.eldigitaldeasturias.com\/noticias\/luis-aznar-califica-de-practica-deleznable-la-subasta-de-escanos-de-ciudadanos\/","article:tag":["actualidad"],"article:published_time":"2018-02-16T11:15:43+00:00","article:modified_time":"2018-02-16T11:15:43+00:00","article:publisher":"https:\/\/facebook.com\/eldigitaldeasturias","twitter:card":"summary_large_image","twitter:title":"Luis Aznar califica de pr\u00e1ctica deleznable la subasta de esca\u00f1os de Ciudadanos - El Digital de Asturias","twitter:description":"El portavoz del GPP en la Comisi\u00f3n de Investigaci\u00f3n sobre la Financiaci\u00f3n de los Partidos Pol\u00edticos, Luis Aznar, ha manifestado hoy, en rueda de prensa, que en Ciudadanos se compran las plazas para encabezar las listas electorales. \u201cCiudadanos subasta los puestos para encabezar las listas electorales; es una pr\u00e1ctica deleznable\u201d, ha dicho. A continuaci\u00f3n, ha","twitter:image":"https:\/\/www.eldigitaldeasturias.com\/noticias\/wp-content\/uploads\/2020\/12\/EDA-1.jpg","twitter:label1":"Escrito por","twitter:data1":"El Digital de Asturias","twitter:label2":"Tiempo de lectura estimado","twitter:data2":"2 minutos"},"aioseo_meta_data":{"post_id":"969041","title":null,"description":null,"keywords":null,"keyphrases":null,"primary_term":null,"canonical_url":null,"og_title":null,"og_description":null,"og_object_type":"default","og_image_type":"default","og_image_url":null,"og_image_width":null,"og_image_height":null,"og_image_custom_url":null,"og_image_custom_fields":null,"og_video":null,"og_custom_url":null,"og_article_section":null,"og_article_tags":null,"twitter_use_og":false,"twitter_card":"default","twitter_image_type":"default","twitter_image_url":null,"twitter_image_custom_url":null,"twitter_image_custom_fields":null,"twitter_title":null,"twitter_description":null,"schema":{"blockGraphs":[],"customGraphs":[],"default":{"data":{"Article":[],"Course":[],"Dataset":[],"FAQPage":[],"Movie":[],"Person":[],"Product":[],"ProductReview":[],"Car":[],"Recipe":[],"Service":[],"SoftwareApplication":[],"WebPage":[]},"graphName":"","isEnabled":true},"graphs":[],"defaultGraph":"","defaultPostTypeGraph":""},"schema_type":null,"schema_type_options":null,"pillar_content":false,"robots_default":true,"robots_noindex":false,"robots_noarchive":false,"robots_nosnippet":false,"robots_nofollow":false,"robots_noimageindex":false,"robots_noodp":false,"robots_notranslate":false,"robots_max_snippet":null,"robots_max_videopreview":null,"robots_max_imagepreview":"large","priority":null,"frequency":null,"local_seo":null,"seo_analyzer_scan_date":"2025-10-07 00:36:07","breadcrumb_settings":null,"limit_modified_date":false,"open_ai":null,"ai":null,"created":"2020-12-21 12:28:38","updated":"2025-10-07 00:36:07","focus_keyword":null,"additional_keywords":null,"truseo_locale":null},"aioseo_breadcrumb":"<div class=\"aioseo-breadcrumbs\"><span class=\"aioseo-breadcrumb\">\n\t<a href=\"https:\/\/www.eldigitaldeasturias.com\/noticias\" title=\"Home\">Home<\/a>\n<\/span><span class=\"aioseo-breadcrumb-separator\">\u2013<\/span><span class=\"aioseo-breadcrumb\">\n\t<a href=\"https:\/\/www.eldigitaldeasturias.com\/noticias\/category\/actualidad\/\" title=\"Actualidad\">Actualidad<\/a>\n<\/span><span class=\"aioseo-breadcrumb-separator\">\u2013<\/span><span class=\"aioseo-breadcrumb\">\n\t<a href=\"https:\/\/www.eldigitaldeasturias.com\/noticias\/luis-aznar-califica-de-practica-deleznable-la-subasta-de-escanos-de-ciudadanos\/\" title=\"Luis Aznar califica de pr\u00e1ctica deleznable la subasta de esca\u00f1os de Ciudadanos\">Luis Aznar califica de pr\u00e1ctica deleznable la subasta de esca\u00f1os de Ciudadanos<\/a>\n<\/span><\/div>","aioseo_breadcrumb_json":[{"label":"Home","link":"https:\/\/www.eldigitaldeasturias.com\/noticias"},{"label":"Actualidad","link":"https:\/\/www.eldigitaldeasturias.com\/noticias\/category\/actualidad\/"},{"label":"Luis Aznar califica de pr\u00e1ctica deleznable la subasta de esca\u00f1os de Ciudadanos","link":"https:\/\/www.eldigitaldeasturias.com\/noticias\/luis-aznar-califica-de-practica-deleznable-la-subasta-de-escanos-de-ciudadanos\/"}],"_links":{"self":[{"href":"https:\/\/www.eldigitaldeasturias.com\/noticias\/wp-json\/wp\/v2\/posts\/969041","targetHints":{"allow":["GET"]}}],"collection":[{"href":"https:\/\/www.eldigitaldeasturias.com\/noticias\/wp-json\/wp\/v2\/posts"}],"about":[{"href":"https:\/\/www.eldigitaldeasturias.com\/noticias\/wp-json\/wp\/v2\/types\/post"}],"author":[{"embeddable":true,"href":"https:\/\/www.eldigitaldeasturias.com\/noticias\/wp-json\/wp\/v2\/users\/1"}],"replies":[{"embeddable":true,"href":"https:\/\/www.eldigitaldeasturias.com\/noticias\/wp-json\/wp\/v2\/comments?post=969041"}],"version-history":[{"count":0,"href":"https:\/\/www.eldigitaldeasturias.com\/noticias\/wp-json\/wp\/v2\/posts\/969041\/revisions"}],"wp:attachment":[{"href":"https:\/\/www.eldigitaldeasturias.com\/noticias\/wp-json\/wp\/v2\/media?parent=969041"}],"wp:term":[{"taxonomy":"category","embeddable":true,"href":"https:\/\/www.eldigitaldeasturias.com\/noticias\/wp-json\/wp\/v2\/categories?post=969041"},{"taxonomy":"post_tag","embeddable":true,"href":"https:\/\/www.eldigitaldeasturias.com\/noticias\/wp-json\/wp\/v2\/tags?post=969041"}],"curies":[{"name":"wp","href":"https:\/\/api.w.org\/{rel}","templated":true}]}}