{"id":968957,"date":"2018-02-15T17:17:30","date_gmt":"2018-02-15T17:17:30","guid":{"rendered":"http:\/\/www.eldigitaldeasturias.com\/noticias\/?p=968957"},"modified":"2018-02-15T17:17:30","modified_gmt":"2018-02-15T17:17:30","slug":"el-mecd-escucha-las-propuestas-de-los-decanos-y-estudiantes-de-las-facultades-de-educacion","status":"publish","type":"post","link":"https:\/\/www.eldigitaldeasturias.com\/noticias\/el-mecd-escucha-las-propuestas-de-los-decanos-y-estudiantes-de-las-facultades-de-educacion\/","title":{"rendered":"El MECD escucha las propuestas de los decanos y estudiantes de las Facultades de Educaci\u00f3n"},"content":{"rendered":"<p><img loading=\"lazy\" decoding=\"async\" class=\"alignleft size-medium wp-image-968958\" src=\"https:\/\/www.eldigitaldeasturias.com\/noticias\/wp-content\/uploads\/2018\/02\/150218Mirdocente-360x239.jpg\" alt=\"\" width=\"360\" height=\"239\" \/>El secretario de Estado de Educaci\u00f3n, Formaci\u00f3n Profesional y Universidades, Marcial Mar\u00edn, ha pedido aprovechar la \u00aboportunidad hist\u00f3rica\u00bb, enmarcada en el Pacto de Estado Social y Pol\u00edtico por la Educaci\u00f3n.<\/p>\n<p>Marcial Mar\u00edn ha presidido una reuni\u00f3n de su equipo con la Conferencia Nacional de Decanos y Directores de Educaci\u00f3n sobre la Formaci\u00f3n y el Acceso a la Profesi\u00f3n Docente, entidad que representa a todas las facultades y centros de Educaci\u00f3n p\u00fablicas y privadas del pa\u00eds, un total de ochenta. Un encuentro en el que tambi\u00e9n ha participado la Asociaci\u00f3n Nacional de Estudiantes de Educaci\u00f3n y Formaci\u00f3n del Profesorado que, a su vez, representa a m\u00e1s de ciento veinte mil.<\/p>\n<p>En este contexto, el secretario de Estado ha valorado que nos encontramos ante una \u00aboportunidad hist\u00f3rica que debemos aprovechar\u00bb, en el marco del Pacto de Estado Social y Pol\u00edtico por la Educaci\u00f3n, residenciado en la Subcomisi\u00f3n del Congreso de los Diputados, la ponencia del Senado, la Conferencia Sectorial de Educaci\u00f3n y el Consejo Escolar del Estado.<\/p>\n<p>Un encuentro en el que los representantes de esta Conferencia, que preside Juan Carlos San Pedro Veledo, de la Universidad de Oviedo, ha manifestado su intenci\u00f3n de reunirse con administraciones educativas, universidades y partidos pol\u00edticos, ya que el \u00abMIR educativo\u00bb es una propuesta com\u00fan, que se ha escuchado en las comparecencias en el Congreso, as\u00ed como figura en los distintos programas electorales.<\/p>\n<p>En este sentido, todos ellos se han felicitado al haber escuchado recientemente el compromiso por parte del ministro de Educaci\u00f3n, Cultura y Deporte, \u00cd\u00f1igo M\u00e9ndez de Vigo.<\/p>\n<p>A lo largo de la reuni\u00f3n, se ha presentado un documento de bases, ya trabajado por parte de la Conferencia y aprobado por la asamblea ordinaria celebrada el pasado mes de noviembre. En este sentido, el secretario de Estado se ha comprometido a trasladar las propuestas de los decanos y directores a las instituciones donde se sigue debatiendo en torno al Pacto de Estado Social y Pol\u00edtico por la Educaci\u00f3n, y a las comunidades aut\u00f3nomas.<\/p>\n<p><strong>Objetivo de mejorar la calidad de la educaci\u00f3n<\/strong><\/p>\n<p>Por su parte, los representantes de la Conferencia han manifestado que este documento nace de \u00abun ejercicio de autocr\u00edtica\u00bb desde el que se establecen una serie de propuestas y puntos de acuerdo para cambiar, apostando por la experimentalidad de la formaci\u00f3n inicial y la transformaci\u00f3n de los centros educativos. As\u00ed, expresan que en el sistema actual no se tiene una visi\u00f3n de continuo de la profesi\u00f3n docente. La propuesta se enmarca en un objetivo muy claro: mejorar la calidad de la educaci\u00f3n.<\/p>\n<p>Un encuentro en el que desde el Ministerio se ha escuchado la propuesta de colaborar con el resto de administraciones educativas, comunidades aut\u00f3nomas y universidades. De esta manera, se ha valorado el modelo MIR en tanto que funciona bien en Sanidad y genera buenos especialistas.<\/p>\n<p>\u00abLo llamamos MIR para orientar, pero la realidad no va a ser igual\u00bb, han detallado todos los participantes en este encuentro, que inciden en que lo que se pretende es mejorar el sistema con la implementaci\u00f3n, desde un enfoque dual apoyado y fundamentado en la innovaci\u00f3n y la investigaci\u00f3n educativa.<\/p>\n","protected":false},"excerpt":{"rendered":"<p>El secretario de Estado de Educaci\u00f3n, Formaci\u00f3n Profesional y Universidades, Marcial Mar\u00edn, ha pedido aprovechar la \u00aboportunidad hist\u00f3rica\u00bb, enmarcada en el Pacto de Estado Social y Pol\u00edtico por la Educaci\u00f3n. Marcial Mar\u00edn ha presidido una reuni\u00f3n de su equipo con la Conferencia Nacional de Decanos y Directores de Educaci\u00f3n sobre la Formaci\u00f3n y el Acceso [&hellip;]<\/p>\n","protected":false},"author":1,"featured_media":968958,"comment_status":"closed","ping_status":"closed","sticky":false,"template":"","format":"standard","meta":{"footnotes":""},"categories":[1],"tags":[],"class_list":["post-968957","post","type-post","status-publish","format-standard","has-post-thumbnail","hentry","category-actualidad"],"aioseo_notices":[],"aioseo_head":"\n\t\t<!-- All in One SEO Pro 5.0.1 - aioseo.com -->\n\t<meta name=\"description\" content=\"El secretario de Estado de Educaci\u00f3n, Formaci\u00f3n Profesional y Universidades, Marcial Mar\u00edn, ha pedido aprovechar la &quot;oportunidad hist\u00f3rica&quot;, enmarcada en el Pacto de Estado Social y Pol\u00edtico por la Educaci\u00f3n. Marcial Mar\u00edn ha presidido una reuni\u00f3n de su equipo con la Conferencia Nacional de Decanos y Directores de Educaci\u00f3n sobre la Formaci\u00f3n y el Acceso\" \/>\n\t<meta name=\"robots\" content=\"max-image-preview:large\" \/>\n\t<meta name=\"author\" content=\"El Digital de Asturias\"\/>\n\t<meta name=\"google-site-verification\" content=\"UA-38556648-1\" \/>\n\t<meta name=\"msvalidate.01\" content=\"7dfe9f3f1b24437ab69f4f2559babe99\" \/>\n\t<meta name=\"keywords\" content=\"actualidad\" \/>\n\t<link rel=\"canonical\" href=\"https:\/\/www.eldigitaldeasturias.com\/noticias\/el-mecd-escucha-las-propuestas-de-los-decanos-y-estudiantes-de-las-facultades-de-educacion\/\" \/>\n\t<meta name=\"generator\" content=\"All in One SEO Pro (AIOSEO) 5.0.1\" \/>\n\t\t<meta property=\"og:locale\" content=\"es_ES\" \/>\n\t\t<meta property=\"og:site_name\" content=\"El Digital de Asturias\" \/>\n\t\t<meta property=\"og:type\" content=\"article\" \/>\n\t\t<meta property=\"og:title\" content=\"El MECD escucha las propuestas de los decanos y estudiantes de las Facultades de Educaci\u00f3n - El Digital de Asturias\" \/>\n\t\t<meta property=\"og:description\" content=\"El secretario de Estado de Educaci\u00f3n, Formaci\u00f3n Profesional y Universidades, Marcial Mar\u00edn, ha pedido aprovechar la &quot;oportunidad hist\u00f3rica&quot;, enmarcada en el Pacto de Estado Social y Pol\u00edtico por la Educaci\u00f3n. Marcial Mar\u00edn ha presidido una reuni\u00f3n de su equipo con la Conferencia Nacional de Decanos y Directores de Educaci\u00f3n sobre la Formaci\u00f3n y el Acceso\" \/>\n\t\t<meta property=\"og:url\" content=\"https:\/\/www.eldigitaldeasturias.com\/noticias\/el-mecd-escucha-las-propuestas-de-los-decanos-y-estudiantes-de-las-facultades-de-educacion\/\" \/>\n\t\t<meta property=\"article:tag\" content=\"actualidad\" \/>\n\t\t<meta property=\"article:published_time\" content=\"2018-02-15T17:17:30+00:00\" \/>\n\t\t<meta property=\"article:modified_time\" content=\"2018-02-15T17:17:30+00:00\" \/>\n\t\t<meta property=\"article:publisher\" content=\"https:\/\/facebook.com\/eldigitaldeasturias\" \/>\n\t\t<meta name=\"twitter:card\" content=\"summary_large_image\" \/>\n\t\t<meta name=\"twitter:title\" content=\"El MECD escucha las propuestas de los decanos y estudiantes de las Facultades de Educaci\u00f3n - El Digital de Asturias\" \/>\n\t\t<meta name=\"twitter:description\" content=\"El secretario de Estado de Educaci\u00f3n, Formaci\u00f3n Profesional y Universidades, Marcial Mar\u00edn, ha pedido aprovechar la &quot;oportunidad hist\u00f3rica&quot;, enmarcada en el Pacto de Estado Social y Pol\u00edtico por la Educaci\u00f3n. Marcial Mar\u00edn ha presidido una reuni\u00f3n de su equipo con la Conferencia Nacional de Decanos y Directores de Educaci\u00f3n sobre la Formaci\u00f3n y el Acceso\" \/>\n\t\t<meta name=\"twitter:image\" content=\"https:\/\/www.eldigitaldeasturias.com\/noticias\/wp-content\/uploads\/2020\/12\/EDA-1.jpg\" \/>\n\t\t<meta name=\"twitter:label1\" content=\"Escrito por\" \/>\n\t\t<meta name=\"twitter:data1\" content=\"El Digital de Asturias\" \/>\n\t\t<meta name=\"twitter:label2\" content=\"Tiempo de lectura estimado\" \/>\n\t\t<meta name=\"twitter:data2\" content=\"3 minutos\" \/>\n\t\t<script type=\"application\/ld+json\" class=\"aioseo-schema\">\n\t\t\t{\"@context\":\"https:\\\/\\\/schema.org\",\"@graph\":[{\"@type\":\"BlogPosting\",\"@id\":\"https:\\\/\\\/www.eldigitaldeasturias.com\\\/noticias\\\/el-mecd-escucha-las-propuestas-de-los-decanos-y-estudiantes-de-las-facultades-de-educacion\\\/#blogposting\",\"name\":\"El MECD escucha las propuestas de los decanos y estudiantes de las Facultades de Educaci\\u00f3n - El Digital de Asturias\",\"headline\":\"El MECD escucha las propuestas de los decanos y estudiantes de las Facultades de Educaci\\u00f3n\",\"author\":{\"@id\":\"https:\\\/\\\/www.eldigitaldeasturias.com\\\/noticias\\\/author\\\/admin\\\/#author\"},\"publisher\":{\"@id\":\"https:\\\/\\\/www.eldigitaldeasturias.com\\\/noticias\\\/#organization\"},\"image\":{\"@type\":\"ImageObject\",\"url\":968958},\"datePublished\":\"2018-02-15T17:17:30+01:00\",\"dateModified\":\"2018-02-15T17:17:30+01:00\",\"inLanguage\":\"es-ES\",\"mainEntityOfPage\":{\"@id\":\"https:\\\/\\\/www.eldigitaldeasturias.com\\\/noticias\\\/el-mecd-escucha-las-propuestas-de-los-decanos-y-estudiantes-de-las-facultades-de-educacion\\\/#webpage\"},\"isPartOf\":{\"@id\":\"https:\\\/\\\/www.eldigitaldeasturias.com\\\/noticias\\\/el-mecd-escucha-las-propuestas-de-los-decanos-y-estudiantes-de-las-facultades-de-educacion\\\/#webpage\"},\"articleSection\":\"Actualidad\"},{\"@type\":\"BreadcrumbList\",\"@id\":\"https:\\\/\\\/www.eldigitaldeasturias.com\\\/noticias\\\/el-mecd-escucha-las-propuestas-de-los-decanos-y-estudiantes-de-las-facultades-de-educacion\\\/#breadcrumblist\",\"itemListElement\":[{\"@type\":\"ListItem\",\"@id\":\"https:\\\/\\\/www.eldigitaldeasturias.com\\\/noticias#listItem\",\"position\":1,\"name\":\"Home\",\"item\":\"https:\\\/\\\/www.eldigitaldeasturias.com\\\/noticias\",\"nextItem\":{\"@type\":\"ListItem\",\"@id\":\"https:\\\/\\\/www.eldigitaldeasturias.com\\\/noticias\\\/category\\\/actualidad\\\/#listItem\",\"name\":\"Actualidad\"}},{\"@type\":\"ListItem\",\"@id\":\"https:\\\/\\\/www.eldigitaldeasturias.com\\\/noticias\\\/category\\\/actualidad\\\/#listItem\",\"position\":2,\"name\":\"Actualidad\",\"item\":\"https:\\\/\\\/www.eldigitaldeasturias.com\\\/noticias\\\/category\\\/actualidad\\\/\",\"nextItem\":{\"@type\":\"ListItem\",\"@id\":\"https:\\\/\\\/www.eldigitaldeasturias.com\\\/noticias\\\/el-mecd-escucha-las-propuestas-de-los-decanos-y-estudiantes-de-las-facultades-de-educacion\\\/#listItem\",\"name\":\"El MECD escucha las propuestas de los decanos y estudiantes de las Facultades de Educaci\\u00f3n\"},\"previousItem\":{\"@type\":\"ListItem\",\"@id\":\"https:\\\/\\\/www.eldigitaldeasturias.com\\\/noticias#listItem\",\"name\":\"Home\"}},{\"@type\":\"ListItem\",\"@id\":\"https:\\\/\\\/www.eldigitaldeasturias.com\\\/noticias\\\/el-mecd-escucha-las-propuestas-de-los-decanos-y-estudiantes-de-las-facultades-de-educacion\\\/#listItem\",\"position\":3,\"name\":\"El MECD escucha las propuestas de los decanos y estudiantes de las Facultades de Educaci\\u00f3n\",\"previousItem\":{\"@type\":\"ListItem\",\"@id\":\"https:\\\/\\\/www.eldigitaldeasturias.com\\\/noticias\\\/category\\\/actualidad\\\/#listItem\",\"name\":\"Actualidad\"}}]},{\"@type\":\"Organization\",\"@id\":\"https:\\\/\\\/www.eldigitaldeasturias.com\\\/noticias\\\/#organization\",\"name\":\"El Digital de Asturias\",\"description\":\"Hemeroteca\",\"url\":\"https:\\\/\\\/www.eldigitaldeasturias.com\\\/noticias\\\/\",\"email\":\"info@eldigitaldeasturias.com\",\"telephone\":\"+34652131393\",\"logo\":{\"@type\":\"ImageObject\",\"url\":\"https:\\\/\\\/www.eldigitaldeasturias.com\\\/noticias\\\/wp-content\\\/uploads\\\/2020\\\/12\\\/EDA.jpg\",\"@id\":\"https:\\\/\\\/www.eldigitaldeasturias.com\\\/noticias\\\/el-mecd-escucha-las-propuestas-de-los-decanos-y-estudiantes-de-las-facultades-de-educacion\\\/#organizationLogo\"},\"image\":{\"@id\":\"https:\\\/\\\/www.eldigitaldeasturias.com\\\/noticias\\\/el-mecd-escucha-las-propuestas-de-los-decanos-y-estudiantes-de-las-facultades-de-educacion\\\/#organizationLogo\"},\"sameAs\":[\"https:\\\/\\\/facebook.com\\\/eldigitaldeasturias\",\"https:\\\/\\\/www.youtube.com\\\/channel\\\/UCZP-2wLEB9Rv6erhFmqVnvg\"],\"address\":{\"@id\":\"https:\\\/\\\/www.eldigitaldeasturias.com\\\/noticias\\\/#postaladdress\",\"@type\":\"PostalAddress\",\"streetAddress\":\"san antonio 4\",\"postalCode\":\"33430\",\"addressLocality\":\"Cand\\u00e1s\",\"addressRegion\":\"Asturias\",\"addressCountry\":\"ES\"}},{\"@type\":\"Person\",\"@id\":\"https:\\\/\\\/www.eldigitaldeasturias.com\\\/noticias\\\/author\\\/admin\\\/#author\",\"url\":\"https:\\\/\\\/www.eldigitaldeasturias.com\\\/noticias\\\/author\\\/admin\\\/\",\"name\":\"El Digital de Asturias\",\"image\":{\"@type\":\"ImageObject\",\"@id\":\"https:\\\/\\\/www.eldigitaldeasturias.com\\\/noticias\\\/el-mecd-escucha-las-propuestas-de-los-decanos-y-estudiantes-de-las-facultades-de-educacion\\\/#authorImage\",\"url\":\"https:\\\/\\\/secure.gravatar.com\\\/avatar\\\/df2aeffc32bcd13f8d26072ef8a91b623d677766deac7f97ca815868cd41bf5e?s=96&d=mm&r=g\",\"width\":96,\"height\":96,\"caption\":\"El Digital de Asturias\"}},{\"@type\":\"WebPage\",\"@id\":\"https:\\\/\\\/www.eldigitaldeasturias.com\\\/noticias\\\/el-mecd-escucha-las-propuestas-de-los-decanos-y-estudiantes-de-las-facultades-de-educacion\\\/#webpage\",\"url\":\"https:\\\/\\\/www.eldigitaldeasturias.com\\\/noticias\\\/el-mecd-escucha-las-propuestas-de-los-decanos-y-estudiantes-de-las-facultades-de-educacion\\\/\",\"name\":\"El MECD escucha las propuestas de los decanos y estudiantes de las Facultades de Educaci\\u00f3n - El Digital de Asturias\",\"description\":\"El secretario de Estado de Educaci\\u00f3n, Formaci\\u00f3n Profesional y Universidades, Marcial Mar\\u00edn, ha pedido aprovechar la \\\"oportunidad hist\\u00f3rica\\\", enmarcada en el Pacto de Estado Social y Pol\\u00edtico por la Educaci\\u00f3n. Marcial Mar\\u00edn ha presidido una reuni\\u00f3n de su equipo con la Conferencia Nacional de Decanos y Directores de Educaci\\u00f3n sobre la Formaci\\u00f3n y el Acceso\",\"inLanguage\":\"es-ES\",\"isPartOf\":{\"@id\":\"https:\\\/\\\/www.eldigitaldeasturias.com\\\/noticias\\\/#website\"},\"breadcrumb\":{\"@id\":\"https:\\\/\\\/www.eldigitaldeasturias.com\\\/noticias\\\/el-mecd-escucha-las-propuestas-de-los-decanos-y-estudiantes-de-las-facultades-de-educacion\\\/#breadcrumblist\"},\"author\":{\"@id\":\"https:\\\/\\\/www.eldigitaldeasturias.com\\\/noticias\\\/author\\\/admin\\\/#author\"},\"creator\":{\"@id\":\"https:\\\/\\\/www.eldigitaldeasturias.com\\\/noticias\\\/author\\\/admin\\\/#author\"},\"image\":{\"@type\":\"ImageObject\",\"url\":968958,\"@id\":\"https:\\\/\\\/www.eldigitaldeasturias.com\\\/noticias\\\/el-mecd-escucha-las-propuestas-de-los-decanos-y-estudiantes-de-las-facultades-de-educacion\\\/#mainImage\"},\"primaryImageOfPage\":{\"@id\":\"https:\\\/\\\/www.eldigitaldeasturias.com\\\/noticias\\\/el-mecd-escucha-las-propuestas-de-los-decanos-y-estudiantes-de-las-facultades-de-educacion\\\/#mainImage\"},\"datePublished\":\"2018-02-15T17:17:30+01:00\",\"dateModified\":\"2018-02-15T17:17:30+01:00\"},{\"@type\":\"WebSite\",\"@id\":\"https:\\\/\\\/www.eldigitaldeasturias.com\\\/noticias\\\/#website\",\"url\":\"https:\\\/\\\/www.eldigitaldeasturias.com\\\/noticias\\\/\",\"name\":\"El Digital de Asturias - Diario de actualidad y noticias\",\"alternateName\":\"El Digital de Asturias - Diario de actualidad y noticias\",\"description\":\"Hemeroteca\",\"inLanguage\":\"es-ES\",\"publisher\":{\"@id\":\"https:\\\/\\\/www.eldigitaldeasturias.com\\\/noticias\\\/#organization\"}}]}\n\t\t<\/script>\n\t\t<!-- All in One SEO Pro -->\r\n\t\t<title>El MECD escucha las propuestas de los decanos y estudiantes de las Facultades de Educaci\u00f3n - El Digital de Asturias<\/title>\n\n","aioseo_head_json":{"title":"El MECD escucha las propuestas de los decanos y estudiantes de las Facultades de Educaci\u00f3n - El Digital de Asturias","description":"El secretario de Estado de Educaci\u00f3n, Formaci\u00f3n Profesional y Universidades, Marcial Mar\u00edn, ha pedido aprovechar la \"oportunidad hist\u00f3rica\", enmarcada en el Pacto de Estado Social y Pol\u00edtico por la Educaci\u00f3n. Marcial Mar\u00edn ha presidido una reuni\u00f3n de su equipo con la Conferencia Nacional de Decanos y Directores de Educaci\u00f3n sobre la Formaci\u00f3n y el Acceso","canonical_url":"https:\/\/www.eldigitaldeasturias.com\/noticias\/el-mecd-escucha-las-propuestas-de-los-decanos-y-estudiantes-de-las-facultades-de-educacion\/","robots":"max-image-preview:large","keywords":"actualidad","webmasterTools":{"google-site-verification":"UA-38556648-1","msvalidate.01":"7dfe9f3f1b24437ab69f4f2559babe99","miscellaneous":""},"schema":{"@context":"https:\/\/schema.org","@graph":[{"@type":"BlogPosting","@id":"https:\/\/www.eldigitaldeasturias.com\/noticias\/el-mecd-escucha-las-propuestas-de-los-decanos-y-estudiantes-de-las-facultades-de-educacion\/#blogposting","name":"El MECD escucha las propuestas de los decanos y estudiantes de las Facultades de Educaci\u00f3n - El Digital de Asturias","headline":"El MECD escucha las propuestas de los decanos y estudiantes de las Facultades de Educaci\u00f3n","author":{"@id":"https:\/\/www.eldigitaldeasturias.com\/noticias\/author\/admin\/#author"},"publisher":{"@id":"https:\/\/www.eldigitaldeasturias.com\/noticias\/#organization"},"image":{"@type":"ImageObject","url":968958},"datePublished":"2018-02-15T17:17:30+01:00","dateModified":"2018-02-15T17:17:30+01:00","inLanguage":"es-ES","mainEntityOfPage":{"@id":"https:\/\/www.eldigitaldeasturias.com\/noticias\/el-mecd-escucha-las-propuestas-de-los-decanos-y-estudiantes-de-las-facultades-de-educacion\/#webpage"},"isPartOf":{"@id":"https:\/\/www.eldigitaldeasturias.com\/noticias\/el-mecd-escucha-las-propuestas-de-los-decanos-y-estudiantes-de-las-facultades-de-educacion\/#webpage"},"articleSection":"Actualidad"},{"@type":"BreadcrumbList","@id":"https:\/\/www.eldigitaldeasturias.com\/noticias\/el-mecd-escucha-las-propuestas-de-los-decanos-y-estudiantes-de-las-facultades-de-educacion\/#breadcrumblist","itemListElement":[{"@type":"ListItem","@id":"https:\/\/www.eldigitaldeasturias.com\/noticias#listItem","position":1,"name":"Home","item":"https:\/\/www.eldigitaldeasturias.com\/noticias","nextItem":{"@type":"ListItem","@id":"https:\/\/www.eldigitaldeasturias.com\/noticias\/category\/actualidad\/#listItem","name":"Actualidad"}},{"@type":"ListItem","@id":"https:\/\/www.eldigitaldeasturias.com\/noticias\/category\/actualidad\/#listItem","position":2,"name":"Actualidad","item":"https:\/\/www.eldigitaldeasturias.com\/noticias\/category\/actualidad\/","nextItem":{"@type":"ListItem","@id":"https:\/\/www.eldigitaldeasturias.com\/noticias\/el-mecd-escucha-las-propuestas-de-los-decanos-y-estudiantes-de-las-facultades-de-educacion\/#listItem","name":"El MECD escucha las propuestas de los decanos y estudiantes de las Facultades de Educaci\u00f3n"},"previousItem":{"@type":"ListItem","@id":"https:\/\/www.eldigitaldeasturias.com\/noticias#listItem","name":"Home"}},{"@type":"ListItem","@id":"https:\/\/www.eldigitaldeasturias.com\/noticias\/el-mecd-escucha-las-propuestas-de-los-decanos-y-estudiantes-de-las-facultades-de-educacion\/#listItem","position":3,"name":"El MECD escucha las propuestas de los decanos y estudiantes de las Facultades de Educaci\u00f3n","previousItem":{"@type":"ListItem","@id":"https:\/\/www.eldigitaldeasturias.com\/noticias\/category\/actualidad\/#listItem","name":"Actualidad"}}]},{"@type":"Organization","@id":"https:\/\/www.eldigitaldeasturias.com\/noticias\/#organization","name":"El Digital de Asturias","description":"Hemeroteca","url":"https:\/\/www.eldigitaldeasturias.com\/noticias\/","email":"info@eldigitaldeasturias.com","telephone":"+34652131393","logo":{"@type":"ImageObject","url":"https:\/\/www.eldigitaldeasturias.com\/noticias\/wp-content\/uploads\/2020\/12\/EDA.jpg","@id":"https:\/\/www.eldigitaldeasturias.com\/noticias\/el-mecd-escucha-las-propuestas-de-los-decanos-y-estudiantes-de-las-facultades-de-educacion\/#organizationLogo"},"image":{"@id":"https:\/\/www.eldigitaldeasturias.com\/noticias\/el-mecd-escucha-las-propuestas-de-los-decanos-y-estudiantes-de-las-facultades-de-educacion\/#organizationLogo"},"sameAs":["https:\/\/facebook.com\/eldigitaldeasturias","https:\/\/www.youtube.com\/channel\/UCZP-2wLEB9Rv6erhFmqVnvg"],"address":{"@id":"https:\/\/www.eldigitaldeasturias.com\/noticias\/#postaladdress","@type":"PostalAddress","streetAddress":"san antonio 4","postalCode":"33430","addressLocality":"Cand\u00e1s","addressRegion":"Asturias","addressCountry":"ES"}},{"@type":"Person","@id":"https:\/\/www.eldigitaldeasturias.com\/noticias\/author\/admin\/#author","url":"https:\/\/www.eldigitaldeasturias.com\/noticias\/author\/admin\/","name":"El Digital de Asturias","image":{"@type":"ImageObject","@id":"https:\/\/www.eldigitaldeasturias.com\/noticias\/el-mecd-escucha-las-propuestas-de-los-decanos-y-estudiantes-de-las-facultades-de-educacion\/#authorImage","url":"https:\/\/secure.gravatar.com\/avatar\/df2aeffc32bcd13f8d26072ef8a91b623d677766deac7f97ca815868cd41bf5e?s=96&d=mm&r=g","width":96,"height":96,"caption":"El Digital de Asturias"}},{"@type":"WebPage","@id":"https:\/\/www.eldigitaldeasturias.com\/noticias\/el-mecd-escucha-las-propuestas-de-los-decanos-y-estudiantes-de-las-facultades-de-educacion\/#webpage","url":"https:\/\/www.eldigitaldeasturias.com\/noticias\/el-mecd-escucha-las-propuestas-de-los-decanos-y-estudiantes-de-las-facultades-de-educacion\/","name":"El MECD escucha las propuestas de los decanos y estudiantes de las Facultades de Educaci\u00f3n - El Digital de Asturias","description":"El secretario de Estado de Educaci\u00f3n, Formaci\u00f3n Profesional y Universidades, Marcial Mar\u00edn, ha pedido aprovechar la \"oportunidad hist\u00f3rica\", enmarcada en el Pacto de Estado Social y Pol\u00edtico por la Educaci\u00f3n. Marcial Mar\u00edn ha presidido una reuni\u00f3n de su equipo con la Conferencia Nacional de Decanos y Directores de Educaci\u00f3n sobre la Formaci\u00f3n y el Acceso","inLanguage":"es-ES","isPartOf":{"@id":"https:\/\/www.eldigitaldeasturias.com\/noticias\/#website"},"breadcrumb":{"@id":"https:\/\/www.eldigitaldeasturias.com\/noticias\/el-mecd-escucha-las-propuestas-de-los-decanos-y-estudiantes-de-las-facultades-de-educacion\/#breadcrumblist"},"author":{"@id":"https:\/\/www.eldigitaldeasturias.com\/noticias\/author\/admin\/#author"},"creator":{"@id":"https:\/\/www.eldigitaldeasturias.com\/noticias\/author\/admin\/#author"},"image":{"@type":"ImageObject","url":968958,"@id":"https:\/\/www.eldigitaldeasturias.com\/noticias\/el-mecd-escucha-las-propuestas-de-los-decanos-y-estudiantes-de-las-facultades-de-educacion\/#mainImage"},"primaryImageOfPage":{"@id":"https:\/\/www.eldigitaldeasturias.com\/noticias\/el-mecd-escucha-las-propuestas-de-los-decanos-y-estudiantes-de-las-facultades-de-educacion\/#mainImage"},"datePublished":"2018-02-15T17:17:30+01:00","dateModified":"2018-02-15T17:17:30+01:00"},{"@type":"WebSite","@id":"https:\/\/www.eldigitaldeasturias.com\/noticias\/#website","url":"https:\/\/www.eldigitaldeasturias.com\/noticias\/","name":"El Digital de Asturias - Diario de actualidad y noticias","alternateName":"El Digital de Asturias - Diario de actualidad y noticias","description":"Hemeroteca","inLanguage":"es-ES","publisher":{"@id":"https:\/\/www.eldigitaldeasturias.com\/noticias\/#organization"}}]},"og:locale":"es_ES","og:site_name":"El Digital de Asturias","og:type":"article","og:title":"El MECD escucha las propuestas de los decanos y estudiantes de las Facultades de Educaci\u00f3n - El Digital de Asturias","og:description":"El secretario de Estado de Educaci\u00f3n, Formaci\u00f3n Profesional y Universidades, Marcial Mar\u00edn, ha pedido aprovechar la &quot;oportunidad hist\u00f3rica&quot;, enmarcada en el Pacto de Estado Social y Pol\u00edtico por la Educaci\u00f3n. Marcial Mar\u00edn ha presidido una reuni\u00f3n de su equipo con la Conferencia Nacional de Decanos y Directores de Educaci\u00f3n sobre la Formaci\u00f3n y el Acceso","og:url":"https:\/\/www.eldigitaldeasturias.com\/noticias\/el-mecd-escucha-las-propuestas-de-los-decanos-y-estudiantes-de-las-facultades-de-educacion\/","article:tag":["actualidad"],"article:published_time":"2018-02-15T17:17:30+00:00","article:modified_time":"2018-02-15T17:17:30+00:00","article:publisher":"https:\/\/facebook.com\/eldigitaldeasturias","twitter:card":"summary_large_image","twitter:title":"El MECD escucha las propuestas de los decanos y estudiantes de las Facultades de Educaci\u00f3n - El Digital de Asturias","twitter:description":"El secretario de Estado de Educaci\u00f3n, Formaci\u00f3n Profesional y Universidades, Marcial Mar\u00edn, ha pedido aprovechar la &quot;oportunidad hist\u00f3rica&quot;, enmarcada en el Pacto de Estado Social y Pol\u00edtico por la Educaci\u00f3n. Marcial Mar\u00edn ha presidido una reuni\u00f3n de su equipo con la Conferencia Nacional de Decanos y Directores de Educaci\u00f3n sobre la Formaci\u00f3n y el Acceso","twitter:image":"https:\/\/www.eldigitaldeasturias.com\/noticias\/wp-content\/uploads\/2020\/12\/EDA-1.jpg","twitter:label1":"Escrito por","twitter:data1":"El Digital de Asturias","twitter:label2":"Tiempo de lectura estimado","twitter:data2":"3 minutos"},"aioseo_meta_data":{"post_id":"968957","title":null,"description":null,"keywords":null,"keyphrases":null,"primary_term":null,"canonical_url":null,"og_title":null,"og_description":null,"og_object_type":"default","og_image_type":"default","og_image_url":null,"og_image_width":null,"og_image_height":null,"og_image_custom_url":null,"og_image_custom_fields":null,"og_video":null,"og_custom_url":null,"og_article_section":null,"og_article_tags":null,"twitter_use_og":false,"twitter_card":"default","twitter_image_type":"default","twitter_image_url":null,"twitter_image_custom_url":null,"twitter_image_custom_fields":null,"twitter_title":null,"twitter_description":null,"schema":{"blockGraphs":[],"customGraphs":[],"default":{"data":{"Article":[],"Course":[],"Dataset":[],"FAQPage":[],"Movie":[],"Person":[],"Product":[],"ProductReview":[],"Car":[],"Recipe":[],"Service":[],"SoftwareApplication":[],"WebPage":[]},"graphName":"","isEnabled":true},"graphs":[],"defaultGraph":"","defaultPostTypeGraph":""},"schema_type":null,"schema_type_options":null,"pillar_content":false,"robots_default":true,"robots_noindex":false,"robots_noarchive":false,"robots_nosnippet":false,"robots_nofollow":false,"robots_noimageindex":false,"robots_noodp":false,"robots_notranslate":false,"robots_max_snippet":null,"robots_max_videopreview":null,"robots_max_imagepreview":"large","priority":null,"frequency":null,"local_seo":null,"seo_analyzer_scan_date":"2025-10-07 00:20:04","breadcrumb_settings":null,"limit_modified_date":false,"open_ai":null,"ai":null,"created":"2020-12-21 12:28:39","updated":"2025-10-07 00:20:04","focus_keyword":null,"additional_keywords":null,"truseo_locale":null},"aioseo_breadcrumb":"<div class=\"aioseo-breadcrumbs\"><span class=\"aioseo-breadcrumb\">\n\t<a href=\"https:\/\/www.eldigitaldeasturias.com\/noticias\" title=\"Home\">Home<\/a>\n<\/span><span class=\"aioseo-breadcrumb-separator\">\u2013<\/span><span class=\"aioseo-breadcrumb\">\n\t<a href=\"https:\/\/www.eldigitaldeasturias.com\/noticias\/category\/actualidad\/\" title=\"Actualidad\">Actualidad<\/a>\n<\/span><span class=\"aioseo-breadcrumb-separator\">\u2013<\/span><span class=\"aioseo-breadcrumb\">\n\t<a href=\"https:\/\/www.eldigitaldeasturias.com\/noticias\/el-mecd-escucha-las-propuestas-de-los-decanos-y-estudiantes-de-las-facultades-de-educacion\/\" title=\"El MECD escucha las propuestas de los decanos y estudiantes de las Facultades de Educaci\u00f3n\">El MECD escucha las propuestas de los decanos y estudiantes de las Facultades de Educaci\u00f3n<\/a>\n<\/span><\/div>","aioseo_breadcrumb_json":[{"label":"Home","link":"https:\/\/www.eldigitaldeasturias.com\/noticias"},{"label":"Actualidad","link":"https:\/\/www.eldigitaldeasturias.com\/noticias\/category\/actualidad\/"},{"label":"El MECD escucha las propuestas de los decanos y estudiantes de las Facultades de Educaci\u00f3n","link":"https:\/\/www.eldigitaldeasturias.com\/noticias\/el-mecd-escucha-las-propuestas-de-los-decanos-y-estudiantes-de-las-facultades-de-educacion\/"}],"_links":{"self":[{"href":"https:\/\/www.eldigitaldeasturias.com\/noticias\/wp-json\/wp\/v2\/posts\/968957","targetHints":{"allow":["GET"]}}],"collection":[{"href":"https:\/\/www.eldigitaldeasturias.com\/noticias\/wp-json\/wp\/v2\/posts"}],"about":[{"href":"https:\/\/www.eldigitaldeasturias.com\/noticias\/wp-json\/wp\/v2\/types\/post"}],"author":[{"embeddable":true,"href":"https:\/\/www.eldigitaldeasturias.com\/noticias\/wp-json\/wp\/v2\/users\/1"}],"replies":[{"embeddable":true,"href":"https:\/\/www.eldigitaldeasturias.com\/noticias\/wp-json\/wp\/v2\/comments?post=968957"}],"version-history":[{"count":0,"href":"https:\/\/www.eldigitaldeasturias.com\/noticias\/wp-json\/wp\/v2\/posts\/968957\/revisions"}],"wp:attachment":[{"href":"https:\/\/www.eldigitaldeasturias.com\/noticias\/wp-json\/wp\/v2\/media?parent=968957"}],"wp:term":[{"taxonomy":"category","embeddable":true,"href":"https:\/\/www.eldigitaldeasturias.com\/noticias\/wp-json\/wp\/v2\/categories?post=968957"},{"taxonomy":"post_tag","embeddable":true,"href":"https:\/\/www.eldigitaldeasturias.com\/noticias\/wp-json\/wp\/v2\/tags?post=968957"}],"curies":[{"name":"wp","href":"https:\/\/api.w.org\/{rel}","templated":true}]}}