{"id":968767,"date":"2018-02-13T14:06:07","date_gmt":"2018-02-13T14:06:07","guid":{"rendered":"http:\/\/www.eldigitaldeasturias.com\/noticias\/?p=968767"},"modified":"2018-02-13T14:06:07","modified_gmt":"2018-02-13T14:06:07","slug":"zoido-destaca-la-excelente-labor-de-los-ministerios-del-interior-de-espana-y-senegal","status":"publish","type":"post","link":"https:\/\/www.eldigitaldeasturias.com\/noticias\/zoido-destaca-la-excelente-labor-de-los-ministerios-del-interior-de-espana-y-senegal\/","title":{"rendered":"Zoido destaca la excelente labor de los Ministerios del Interior de Espa\u00f1a y Senegal"},"content":{"rendered":"<p><img loading=\"lazy\" decoding=\"async\" class=\"alignleft size-medium wp-image-968768\" src=\"https:\/\/www.eldigitaldeasturias.com\/noticias\/wp-content\/uploads\/2018\/02\/130218zoido_senegal-360x239.jpg\" alt=\"\" width=\"360\" height=\"239\" \/>El ministro del Interior, Juan Ignacio Zoido, ha visitado Dakar (Senegal) -en lo que ha sido su segunda visita a este pa\u00eds africano tras la realizada en julio del a\u00f1o pasado-, donde se ha reunido con su hom\u00f3logo senegal\u00e9s, Aly Ngouille Ndiaye, para analizar las relaciones bilaterales entre Espa\u00f1a y Senegal en materia de Interior.<\/p>\n<p>\u200bDurante esta reuni\u00f3n, Juan Ignacio Zoido ha destacado que los Ministerios del Interior de Espa\u00f1a y Senegal mantienen una excelente cooperaci\u00f3n que tiene su reflejo en el trabajo conjunto y diario entre el contingente de la Guardia Civil y de la Polic\u00eda Nacional destacado en Dakar y las fuerzas policiales de Senegal.<\/p>\n<p>Zoido ha recordado que, en la actualidad, \u00abnuestra cooperaci\u00f3n en el \u00e1mbito de Interior no se circunscribe \u00fanicamente a la lucha contra la inmigraci\u00f3n irregular sino que la relaci\u00f3n de confianza construida desde el a\u00f1o 2006 entre las Fuerzas de Seguridad d\u00e9cada pa\u00eds ha propiciado que tambi\u00e9n colaboremos en otros asuntos como es la lucha contra el terrorismo y el crimen organizado\u00bb.<\/p>\n<p>Juan Ignacio Zoido ha subrayado, y as\u00ed se lo ha transmitido a su hom\u00f3logo senegal\u00e9s, que en ning\u00fan momento Espa\u00f1a ha reducido el esfuerzo en la cooperaci\u00f3n con Senegal. \u00abDesde 2012 hasta la fecha, hemos mantenido las subvenciones directas para la lucha contra la inmigraci\u00f3n irregular as\u00ed como la cooperaci\u00f3n en la formaci\u00f3n policial con Senegal\u00bb, ha afirmado el ministro espa\u00f1ol del Interior.<\/p>\n<p>El ministro del Interior, Juan Ignacio Zoido, ha agradecido a su hom\u00f3logo senegal\u00e9s, Aly Ngouille Ndiaye, el constante compromiso de Senegal con Espa\u00f1a en materia de lucha contra la inmigraci\u00f3n irregular por v\u00eda mar\u00edtima. En ese \u00e1mbito, Zoido ha asegurado que \u00abEspa\u00f1a mantendr\u00e1 el apoyo que anualmente venimos dando a Senegal para luchar contra esta v\u00eda migratoria y contribuir al control de las fronteras de su pa\u00eds\u00bb.<\/p>\n<p>Durante este encuentro, Zoido ha recordado que el pasado 25 de julio se llev\u00f3 a cabo la firma de la Declaraci\u00f3n conjunta con el anterior ministro del Interior de Senegal, Abdoulaye Daouda Diallo, para reforzar la cooperaci\u00f3n en materia migratoria como una muestra m\u00e1s de la voluntad de los dos pa\u00edses por seguir cooperando y luchando contra las redes dedicadas al tr\u00e1fico de seres humanos.<\/p>\n<p>En este sentido, Juan Ignacio Zoido le ha transmitido a su hom\u00f3logo senegal\u00e9s, Aly Ngouille Ndiaye, que los resultados siguen siendo \u00abexcelentes\u00bb, ya que desde el a\u00f1o 2009 solamente han llegado dos embarcaciones a Canarias procedentes de Senegal. A pesar de esta circunstancia, Espa\u00f1a no ha reducido el compromiso que ha venido manteniendo en su cooperaci\u00f3n con Senegal.<\/p>\n<p>Sin embargo, durante este encuentro, Zoido ha compartido una preocupaci\u00f3n personal relacionada con la b\u00fasqueda de nuevas rutas por parte de los grupos que operan en el Mediterr\u00e1neo central, y ha constatado que, si bien el trabajo realizado en las costas de Libia ha mejorado el control de la migraci\u00f3n irregular en esa zona, ahora es necesario estar preparados por si las redes de tr\u00e1fico de inmigrantes quisieran reabrir la ruta que pasa por Senegal e intensificar el apoyo mutuo y el trabajo conjunto para mantener cerrada la ruta migratoria de la fachada atl\u00e1ntica. \u00abHay que tener en cuenta tambi\u00e9n la interconexi\u00f3n de los tr\u00e1ficos il\u00edcitos con el terrorismo, porque las redes criminales, cuanto m\u00e1s fuertes son, m\u00e1s poder desestabilizador tienen\u00bb, ha explicado el ministro espa\u00f1ol del Interior.<\/p>\n<p>Adem\u00e1s, los dos ministros del Interior han coincidido en que la mejor f\u00f3rmula para luchar contra la inmigraci\u00f3n irregular y, sobre todo, contra las redes que trafican con seres humanos, es la prevenci\u00f3n en origen y la cooperaci\u00f3n, \u00abfranca y sincera\u00bb entre ambos pa\u00edses. Juan Ignacio Zoido ha recordado a Aly Ngouille Ndiaye que Espa\u00f1a y Senegal colaboran estrechamente en varios proyectos importantes de la Uni\u00f3n Europea. En este sentido, le ha trasladado que \u00abnuestro modelo de cooperaci\u00f3n es admirado por el resto de pa\u00edses de la Uni\u00f3n Europea y estoy seguro que as\u00ed seguir\u00e1 en el futuro\u00bb.<\/p>\n<p>Durante esta reuni\u00f3n, el ministro espa\u00f1ol del Interior ha se\u00f1alado que, en estos momentos, los esfuerzos conjuntos se centran en los proyectos GAR-SI Sahel y Blue Sahel. Dos proyectos de la Uni\u00f3n Europea y de concepci\u00f3n espa\u00f1ola, de los que Zoido ha asegurado que ayudar\u00e1n decisivamente a las Fuerzas de Seguridad de Senegal para la gesti\u00f3n de las fronteras mar\u00edtimas y terrestres, y en la lucha contra las diversas amenazas a la seguridad como son el terrorismo yihadista y los tr\u00e1ficos il\u00edcitos.<\/p>\n<p>Espa\u00f1a tambi\u00e9n participa en el Programa de Cooperaci\u00f3n para la seguridad interior entre Senegal y la Uni\u00f3n Europea (SENSEC-UE) dedicado al control y vigilancia de fronteras, que busca mejorar la eficiencia, eficacia y responsabilidad de los Servicios de Seguridad Interior de Senegal para luchar contra las grandes amenazas: el terrorismo, la criminalidad organizada, y la inmigraci\u00f3n irregular y pretende contribuir a la mejora de la gobernanza de los servicios de seguridad y apoyar al desarrollo de la nueva Divisi\u00f3n senegalesa de Lucha Contra el Tr\u00e1fico de Inmigrantes y Pr\u00e1cticas Asimiladas.<\/p>\n<p>Juan Ignacio Zoido ha compartido con el ministro del Interior de Senegal que \u00abEspa\u00f1a es y quiere seguir siendo el puente entre Dakar y Bruselas\u00bb. As\u00ed, Zoido le ha transmitido que \u00abdesde el presidente del Gobierno, Mariano Rajoy, hasta la \u00faltima reuni\u00f3n t\u00e9cnica en materia migratoria en la que Espa\u00f1a participa, Senegal siempre es citada como ejemplo a seguir de cooperaci\u00f3n franca, sincera y duradera, no solo con resultados positivos para Espa\u00f1a, sino para la Uni\u00f3n Europea en su conjunto\u00bb.<\/p>\n<p><strong>Lucha contra el terrorismo yihadista<\/strong><\/p>\n<p>Durante este encuentro, los dos ministros han coincidido que Espa\u00f1a y Senegal comparten la preocupaci\u00f3n por la amenaza que supone para la seguridad de los ciudadanos el terrorismo yihadista. En este sentido, Juan Ignacio Zoido ha expresado la voluntad de Espa\u00f1a y del Ministerio del Interior de trabajar conjuntamente en la lucha contra este tipo de terrorismo. \u00abNuestra cooperaci\u00f3n en materia de lucha contra el terrorismo yihadista ha ido mejorando y adquiriendo una mayor entidad en los \u00faltimos a\u00f1os\u00bb, ha afirmado Zoido.<\/p>\n<p>Un buen ejemplo de la cooperaci\u00f3n hispano-senegalesa en el \u00e1mbito antiterrorista fue la creaci\u00f3n en 2012 de una Unidad tipo GAR de la Gendarmer\u00eda Nacional senegalesa. Una experiencia que ha servido como modelo para el Proyecto GAR-SI Sahel, y que contempla la formaci\u00f3n este a\u00f1o de otra Unidad tipo GAR en Senegal y en los pa\u00edses miembros del G-5 Sahel. Esta cooperaci\u00f3n tiene una faceta formativa en la que miembros de las Fuerzas de Seguridad de Senegal han participado en cursos especializados sobre materia antiterrorista impartidos en Espa\u00f1a.<\/p>\n<p>Durante esta reuni\u00f3n, Zoido ha trasladado a su colega senegal\u00e9s la importancia de seguir intensificando la cooperaci\u00f3n y el intercambio de informaci\u00f3n entre las Fuerzas de Seguridad de los dos pa\u00edses en la lucha contra el terrorismo yihadista.<\/p>\n<p><strong>Lucha contra el crimen organizado y el narcotr\u00e1fico<\/strong><\/p>\n<p>Al igual que en el \u00e1mbito de la lucha contra el terrorismo yihadista, Juan Ignacio Zoido ha destacado que la colaboraci\u00f3n entre ambos pa\u00edses para combatir el crimen organizado y, en especial, el narcotr\u00e1fico, ha mejorado en los \u00faltimos a\u00f1os. Espa\u00f1a ha venido colaborando con Senegal en varias iniciativas en materia de lucha contra el narcotr\u00e1fico.<\/p>\n<p>Durante este encuentro bilateral, el ministro espa\u00f1ol del Interior ha considerado de gran inter\u00e9s -y as\u00ed se ha transmitido a su hom\u00f3logo senegal\u00e9s- explorar nuevos mecanismos de cooperaci\u00f3n e intercambio de informaci\u00f3n en materia de tr\u00e1fico internacional de drogas as\u00ed como la creaci\u00f3n de Equipos Conjuntos de Investigaci\u00f3n (ECI) entre las fuerzas policiales espa\u00f1ola y senegalesa.<\/p>\n","protected":false},"excerpt":{"rendered":"<p>El ministro del Interior, Juan Ignacio Zoido, ha visitado Dakar (Senegal) -en lo que ha sido su segunda visita a este pa\u00eds africano tras la realizada en julio del a\u00f1o pasado-, donde se ha reunido con su hom\u00f3logo senegal\u00e9s, Aly Ngouille Ndiaye, para analizar las relaciones bilaterales entre Espa\u00f1a y Senegal en materia de Interior. [&hellip;]<\/p>\n","protected":false},"author":1,"featured_media":968768,"comment_status":"closed","ping_status":"closed","sticky":false,"template":"","format":"standard","meta":{"footnotes":""},"categories":[1],"tags":[],"class_list":["post-968767","post","type-post","status-publish","format-standard","has-post-thumbnail","hentry","category-actualidad"],"aioseo_notices":[],"aioseo_head":"\n\t\t<!-- All in One SEO Pro 5.0.1 - aioseo.com -->\n\t<meta name=\"description\" content=\"El ministro del Interior, Juan Ignacio Zoido, ha visitado Dakar (Senegal) -en lo que ha sido su segunda visita a este pa\u00eds africano tras la realizada en julio del a\u00f1o pasado-, donde se ha reunido con su hom\u00f3logo senegal\u00e9s, Aly Ngouille Ndiaye, para analizar las relaciones bilaterales entre Espa\u00f1a y Senegal en materia de Interior.\" \/>\n\t<meta name=\"robots\" content=\"max-image-preview:large\" \/>\n\t<meta name=\"author\" content=\"El Digital de Asturias\"\/>\n\t<meta name=\"google-site-verification\" content=\"UA-38556648-1\" \/>\n\t<meta name=\"msvalidate.01\" content=\"7dfe9f3f1b24437ab69f4f2559babe99\" \/>\n\t<meta name=\"keywords\" content=\"actualidad\" \/>\n\t<link rel=\"canonical\" href=\"https:\/\/www.eldigitaldeasturias.com\/noticias\/zoido-destaca-la-excelente-labor-de-los-ministerios-del-interior-de-espana-y-senegal\/\" \/>\n\t<meta name=\"generator\" content=\"All in One SEO Pro (AIOSEO) 5.0.1\" \/>\n\t\t<meta property=\"og:locale\" content=\"es_ES\" \/>\n\t\t<meta property=\"og:site_name\" content=\"El Digital de Asturias\" \/>\n\t\t<meta property=\"og:type\" content=\"article\" \/>\n\t\t<meta property=\"og:title\" content=\"Zoido destaca la excelente labor de los Ministerios del Interior de Espa\u00f1a y Senegal - El Digital de Asturias\" \/>\n\t\t<meta property=\"og:description\" content=\"El ministro del Interior, Juan Ignacio Zoido, ha visitado Dakar (Senegal) -en lo que ha sido su segunda visita a este pa\u00eds africano tras la realizada en julio del a\u00f1o pasado-, donde se ha reunido con su hom\u00f3logo senegal\u00e9s, Aly Ngouille Ndiaye, para analizar las relaciones bilaterales entre Espa\u00f1a y Senegal en materia de Interior.\" \/>\n\t\t<meta property=\"og:url\" content=\"https:\/\/www.eldigitaldeasturias.com\/noticias\/zoido-destaca-la-excelente-labor-de-los-ministerios-del-interior-de-espana-y-senegal\/\" \/>\n\t\t<meta property=\"article:tag\" content=\"actualidad\" \/>\n\t\t<meta property=\"article:published_time\" content=\"2018-02-13T14:06:07+00:00\" \/>\n\t\t<meta property=\"article:modified_time\" content=\"2018-02-13T14:06:07+00:00\" \/>\n\t\t<meta property=\"article:publisher\" content=\"https:\/\/facebook.com\/eldigitaldeasturias\" \/>\n\t\t<meta name=\"twitter:card\" content=\"summary_large_image\" \/>\n\t\t<meta name=\"twitter:title\" content=\"Zoido destaca la excelente labor de los Ministerios del Interior de Espa\u00f1a y Senegal - El Digital de Asturias\" \/>\n\t\t<meta name=\"twitter:description\" content=\"El ministro del Interior, Juan Ignacio Zoido, ha visitado Dakar (Senegal) -en lo que ha sido su segunda visita a este pa\u00eds africano tras la realizada en julio del a\u00f1o pasado-, donde se ha reunido con su hom\u00f3logo senegal\u00e9s, Aly Ngouille Ndiaye, para analizar las relaciones bilaterales entre Espa\u00f1a y Senegal en materia de Interior.\" \/>\n\t\t<meta name=\"twitter:image\" content=\"https:\/\/www.eldigitaldeasturias.com\/noticias\/wp-content\/uploads\/2020\/12\/EDA-1.jpg\" \/>\n\t\t<meta name=\"twitter:label1\" content=\"Escrito por\" \/>\n\t\t<meta name=\"twitter:data1\" content=\"El Digital de Asturias\" \/>\n\t\t<meta name=\"twitter:label2\" content=\"Tiempo de lectura estimado\" \/>\n\t\t<meta name=\"twitter:data2\" content=\"7 minutos\" \/>\n\t\t<script type=\"application\/ld+json\" class=\"aioseo-schema\">\n\t\t\t{\"@context\":\"https:\\\/\\\/schema.org\",\"@graph\":[{\"@type\":\"BlogPosting\",\"@id\":\"https:\\\/\\\/www.eldigitaldeasturias.com\\\/noticias\\\/zoido-destaca-la-excelente-labor-de-los-ministerios-del-interior-de-espana-y-senegal\\\/#blogposting\",\"name\":\"Zoido destaca la excelente labor de los Ministerios del Interior de Espa\\u00f1a y Senegal - El Digital de Asturias\",\"headline\":\"Zoido destaca la excelente labor de los Ministerios del Interior de Espa\\u00f1a y Senegal\",\"author\":{\"@id\":\"https:\\\/\\\/www.eldigitaldeasturias.com\\\/noticias\\\/author\\\/admin\\\/#author\"},\"publisher\":{\"@id\":\"https:\\\/\\\/www.eldigitaldeasturias.com\\\/noticias\\\/#organization\"},\"image\":{\"@type\":\"ImageObject\",\"url\":968768},\"datePublished\":\"2018-02-13T14:06:07+01:00\",\"dateModified\":\"2018-02-13T14:06:07+01:00\",\"inLanguage\":\"es-ES\",\"mainEntityOfPage\":{\"@id\":\"https:\\\/\\\/www.eldigitaldeasturias.com\\\/noticias\\\/zoido-destaca-la-excelente-labor-de-los-ministerios-del-interior-de-espana-y-senegal\\\/#webpage\"},\"isPartOf\":{\"@id\":\"https:\\\/\\\/www.eldigitaldeasturias.com\\\/noticias\\\/zoido-destaca-la-excelente-labor-de-los-ministerios-del-interior-de-espana-y-senegal\\\/#webpage\"},\"articleSection\":\"Actualidad\"},{\"@type\":\"BreadcrumbList\",\"@id\":\"https:\\\/\\\/www.eldigitaldeasturias.com\\\/noticias\\\/zoido-destaca-la-excelente-labor-de-los-ministerios-del-interior-de-espana-y-senegal\\\/#breadcrumblist\",\"itemListElement\":[{\"@type\":\"ListItem\",\"@id\":\"https:\\\/\\\/www.eldigitaldeasturias.com\\\/noticias#listItem\",\"position\":1,\"name\":\"Home\",\"item\":\"https:\\\/\\\/www.eldigitaldeasturias.com\\\/noticias\",\"nextItem\":{\"@type\":\"ListItem\",\"@id\":\"https:\\\/\\\/www.eldigitaldeasturias.com\\\/noticias\\\/category\\\/actualidad\\\/#listItem\",\"name\":\"Actualidad\"}},{\"@type\":\"ListItem\",\"@id\":\"https:\\\/\\\/www.eldigitaldeasturias.com\\\/noticias\\\/category\\\/actualidad\\\/#listItem\",\"position\":2,\"name\":\"Actualidad\",\"item\":\"https:\\\/\\\/www.eldigitaldeasturias.com\\\/noticias\\\/category\\\/actualidad\\\/\",\"nextItem\":{\"@type\":\"ListItem\",\"@id\":\"https:\\\/\\\/www.eldigitaldeasturias.com\\\/noticias\\\/zoido-destaca-la-excelente-labor-de-los-ministerios-del-interior-de-espana-y-senegal\\\/#listItem\",\"name\":\"Zoido destaca la excelente labor de los Ministerios del Interior de Espa\\u00f1a y Senegal\"},\"previousItem\":{\"@type\":\"ListItem\",\"@id\":\"https:\\\/\\\/www.eldigitaldeasturias.com\\\/noticias#listItem\",\"name\":\"Home\"}},{\"@type\":\"ListItem\",\"@id\":\"https:\\\/\\\/www.eldigitaldeasturias.com\\\/noticias\\\/zoido-destaca-la-excelente-labor-de-los-ministerios-del-interior-de-espana-y-senegal\\\/#listItem\",\"position\":3,\"name\":\"Zoido destaca la excelente labor de los Ministerios del Interior de Espa\\u00f1a y Senegal\",\"previousItem\":{\"@type\":\"ListItem\",\"@id\":\"https:\\\/\\\/www.eldigitaldeasturias.com\\\/noticias\\\/category\\\/actualidad\\\/#listItem\",\"name\":\"Actualidad\"}}]},{\"@type\":\"Organization\",\"@id\":\"https:\\\/\\\/www.eldigitaldeasturias.com\\\/noticias\\\/#organization\",\"name\":\"El Digital de Asturias\",\"description\":\"Hemeroteca\",\"url\":\"https:\\\/\\\/www.eldigitaldeasturias.com\\\/noticias\\\/\",\"email\":\"info@eldigitaldeasturias.com\",\"telephone\":\"+34652131393\",\"logo\":{\"@type\":\"ImageObject\",\"url\":\"https:\\\/\\\/www.eldigitaldeasturias.com\\\/noticias\\\/wp-content\\\/uploads\\\/2020\\\/12\\\/EDA.jpg\",\"@id\":\"https:\\\/\\\/www.eldigitaldeasturias.com\\\/noticias\\\/zoido-destaca-la-excelente-labor-de-los-ministerios-del-interior-de-espana-y-senegal\\\/#organizationLogo\"},\"image\":{\"@id\":\"https:\\\/\\\/www.eldigitaldeasturias.com\\\/noticias\\\/zoido-destaca-la-excelente-labor-de-los-ministerios-del-interior-de-espana-y-senegal\\\/#organizationLogo\"},\"sameAs\":[\"https:\\\/\\\/facebook.com\\\/eldigitaldeasturias\",\"https:\\\/\\\/www.youtube.com\\\/channel\\\/UCZP-2wLEB9Rv6erhFmqVnvg\"],\"address\":{\"@id\":\"https:\\\/\\\/www.eldigitaldeasturias.com\\\/noticias\\\/#postaladdress\",\"@type\":\"PostalAddress\",\"streetAddress\":\"san antonio 4\",\"postalCode\":\"33430\",\"addressLocality\":\"Cand\\u00e1s\",\"addressRegion\":\"Asturias\",\"addressCountry\":\"ES\"}},{\"@type\":\"Person\",\"@id\":\"https:\\\/\\\/www.eldigitaldeasturias.com\\\/noticias\\\/author\\\/admin\\\/#author\",\"url\":\"https:\\\/\\\/www.eldigitaldeasturias.com\\\/noticias\\\/author\\\/admin\\\/\",\"name\":\"El Digital de Asturias\",\"image\":{\"@type\":\"ImageObject\",\"@id\":\"https:\\\/\\\/www.eldigitaldeasturias.com\\\/noticias\\\/zoido-destaca-la-excelente-labor-de-los-ministerios-del-interior-de-espana-y-senegal\\\/#authorImage\",\"url\":\"https:\\\/\\\/secure.gravatar.com\\\/avatar\\\/df2aeffc32bcd13f8d26072ef8a91b623d677766deac7f97ca815868cd41bf5e?s=96&d=mm&r=g\",\"width\":96,\"height\":96,\"caption\":\"El Digital de Asturias\"}},{\"@type\":\"WebPage\",\"@id\":\"https:\\\/\\\/www.eldigitaldeasturias.com\\\/noticias\\\/zoido-destaca-la-excelente-labor-de-los-ministerios-del-interior-de-espana-y-senegal\\\/#webpage\",\"url\":\"https:\\\/\\\/www.eldigitaldeasturias.com\\\/noticias\\\/zoido-destaca-la-excelente-labor-de-los-ministerios-del-interior-de-espana-y-senegal\\\/\",\"name\":\"Zoido destaca la excelente labor de los Ministerios del Interior de Espa\\u00f1a y Senegal - El Digital de Asturias\",\"description\":\"El ministro del Interior, Juan Ignacio Zoido, ha visitado Dakar (Senegal) -en lo que ha sido su segunda visita a este pa\\u00eds africano tras la realizada en julio del a\\u00f1o pasado-, donde se ha reunido con su hom\\u00f3logo senegal\\u00e9s, Aly Ngouille Ndiaye, para analizar las relaciones bilaterales entre Espa\\u00f1a y Senegal en materia de Interior.\",\"inLanguage\":\"es-ES\",\"isPartOf\":{\"@id\":\"https:\\\/\\\/www.eldigitaldeasturias.com\\\/noticias\\\/#website\"},\"breadcrumb\":{\"@id\":\"https:\\\/\\\/www.eldigitaldeasturias.com\\\/noticias\\\/zoido-destaca-la-excelente-labor-de-los-ministerios-del-interior-de-espana-y-senegal\\\/#breadcrumblist\"},\"author\":{\"@id\":\"https:\\\/\\\/www.eldigitaldeasturias.com\\\/noticias\\\/author\\\/admin\\\/#author\"},\"creator\":{\"@id\":\"https:\\\/\\\/www.eldigitaldeasturias.com\\\/noticias\\\/author\\\/admin\\\/#author\"},\"image\":{\"@type\":\"ImageObject\",\"url\":968768,\"@id\":\"https:\\\/\\\/www.eldigitaldeasturias.com\\\/noticias\\\/zoido-destaca-la-excelente-labor-de-los-ministerios-del-interior-de-espana-y-senegal\\\/#mainImage\"},\"primaryImageOfPage\":{\"@id\":\"https:\\\/\\\/www.eldigitaldeasturias.com\\\/noticias\\\/zoido-destaca-la-excelente-labor-de-los-ministerios-del-interior-de-espana-y-senegal\\\/#mainImage\"},\"datePublished\":\"2018-02-13T14:06:07+01:00\",\"dateModified\":\"2018-02-13T14:06:07+01:00\"},{\"@type\":\"WebSite\",\"@id\":\"https:\\\/\\\/www.eldigitaldeasturias.com\\\/noticias\\\/#website\",\"url\":\"https:\\\/\\\/www.eldigitaldeasturias.com\\\/noticias\\\/\",\"name\":\"El Digital de Asturias - Diario de actualidad y noticias\",\"alternateName\":\"El Digital de Asturias - Diario de actualidad y noticias\",\"description\":\"Hemeroteca\",\"inLanguage\":\"es-ES\",\"publisher\":{\"@id\":\"https:\\\/\\\/www.eldigitaldeasturias.com\\\/noticias\\\/#organization\"}}]}\n\t\t<\/script>\n\t\t<!-- All in One SEO Pro -->\r\n\t\t<title>Zoido destaca la excelente labor de los Ministerios del Interior de Espa\u00f1a y Senegal - El Digital de Asturias<\/title>\n\n","aioseo_head_json":{"title":"Zoido destaca la excelente labor de los Ministerios del Interior de Espa\u00f1a y Senegal - El Digital de Asturias","description":"El ministro del Interior, Juan Ignacio Zoido, ha visitado Dakar (Senegal) -en lo que ha sido su segunda visita a este pa\u00eds africano tras la realizada en julio del a\u00f1o pasado-, donde se ha reunido con su hom\u00f3logo senegal\u00e9s, Aly Ngouille Ndiaye, para analizar las relaciones bilaterales entre Espa\u00f1a y Senegal en materia de Interior.","canonical_url":"https:\/\/www.eldigitaldeasturias.com\/noticias\/zoido-destaca-la-excelente-labor-de-los-ministerios-del-interior-de-espana-y-senegal\/","robots":"max-image-preview:large","keywords":"actualidad","webmasterTools":{"google-site-verification":"UA-38556648-1","msvalidate.01":"7dfe9f3f1b24437ab69f4f2559babe99","miscellaneous":""},"schema":{"@context":"https:\/\/schema.org","@graph":[{"@type":"BlogPosting","@id":"https:\/\/www.eldigitaldeasturias.com\/noticias\/zoido-destaca-la-excelente-labor-de-los-ministerios-del-interior-de-espana-y-senegal\/#blogposting","name":"Zoido destaca la excelente labor de los Ministerios del Interior de Espa\u00f1a y Senegal - El Digital de Asturias","headline":"Zoido destaca la excelente labor de los Ministerios del Interior de Espa\u00f1a y Senegal","author":{"@id":"https:\/\/www.eldigitaldeasturias.com\/noticias\/author\/admin\/#author"},"publisher":{"@id":"https:\/\/www.eldigitaldeasturias.com\/noticias\/#organization"},"image":{"@type":"ImageObject","url":968768},"datePublished":"2018-02-13T14:06:07+01:00","dateModified":"2018-02-13T14:06:07+01:00","inLanguage":"es-ES","mainEntityOfPage":{"@id":"https:\/\/www.eldigitaldeasturias.com\/noticias\/zoido-destaca-la-excelente-labor-de-los-ministerios-del-interior-de-espana-y-senegal\/#webpage"},"isPartOf":{"@id":"https:\/\/www.eldigitaldeasturias.com\/noticias\/zoido-destaca-la-excelente-labor-de-los-ministerios-del-interior-de-espana-y-senegal\/#webpage"},"articleSection":"Actualidad"},{"@type":"BreadcrumbList","@id":"https:\/\/www.eldigitaldeasturias.com\/noticias\/zoido-destaca-la-excelente-labor-de-los-ministerios-del-interior-de-espana-y-senegal\/#breadcrumblist","itemListElement":[{"@type":"ListItem","@id":"https:\/\/www.eldigitaldeasturias.com\/noticias#listItem","position":1,"name":"Home","item":"https:\/\/www.eldigitaldeasturias.com\/noticias","nextItem":{"@type":"ListItem","@id":"https:\/\/www.eldigitaldeasturias.com\/noticias\/category\/actualidad\/#listItem","name":"Actualidad"}},{"@type":"ListItem","@id":"https:\/\/www.eldigitaldeasturias.com\/noticias\/category\/actualidad\/#listItem","position":2,"name":"Actualidad","item":"https:\/\/www.eldigitaldeasturias.com\/noticias\/category\/actualidad\/","nextItem":{"@type":"ListItem","@id":"https:\/\/www.eldigitaldeasturias.com\/noticias\/zoido-destaca-la-excelente-labor-de-los-ministerios-del-interior-de-espana-y-senegal\/#listItem","name":"Zoido destaca la excelente labor de los Ministerios del Interior de Espa\u00f1a y Senegal"},"previousItem":{"@type":"ListItem","@id":"https:\/\/www.eldigitaldeasturias.com\/noticias#listItem","name":"Home"}},{"@type":"ListItem","@id":"https:\/\/www.eldigitaldeasturias.com\/noticias\/zoido-destaca-la-excelente-labor-de-los-ministerios-del-interior-de-espana-y-senegal\/#listItem","position":3,"name":"Zoido destaca la excelente labor de los Ministerios del Interior de Espa\u00f1a y Senegal","previousItem":{"@type":"ListItem","@id":"https:\/\/www.eldigitaldeasturias.com\/noticias\/category\/actualidad\/#listItem","name":"Actualidad"}}]},{"@type":"Organization","@id":"https:\/\/www.eldigitaldeasturias.com\/noticias\/#organization","name":"El Digital de Asturias","description":"Hemeroteca","url":"https:\/\/www.eldigitaldeasturias.com\/noticias\/","email":"info@eldigitaldeasturias.com","telephone":"+34652131393","logo":{"@type":"ImageObject","url":"https:\/\/www.eldigitaldeasturias.com\/noticias\/wp-content\/uploads\/2020\/12\/EDA.jpg","@id":"https:\/\/www.eldigitaldeasturias.com\/noticias\/zoido-destaca-la-excelente-labor-de-los-ministerios-del-interior-de-espana-y-senegal\/#organizationLogo"},"image":{"@id":"https:\/\/www.eldigitaldeasturias.com\/noticias\/zoido-destaca-la-excelente-labor-de-los-ministerios-del-interior-de-espana-y-senegal\/#organizationLogo"},"sameAs":["https:\/\/facebook.com\/eldigitaldeasturias","https:\/\/www.youtube.com\/channel\/UCZP-2wLEB9Rv6erhFmqVnvg"],"address":{"@id":"https:\/\/www.eldigitaldeasturias.com\/noticias\/#postaladdress","@type":"PostalAddress","streetAddress":"san antonio 4","postalCode":"33430","addressLocality":"Cand\u00e1s","addressRegion":"Asturias","addressCountry":"ES"}},{"@type":"Person","@id":"https:\/\/www.eldigitaldeasturias.com\/noticias\/author\/admin\/#author","url":"https:\/\/www.eldigitaldeasturias.com\/noticias\/author\/admin\/","name":"El Digital de Asturias","image":{"@type":"ImageObject","@id":"https:\/\/www.eldigitaldeasturias.com\/noticias\/zoido-destaca-la-excelente-labor-de-los-ministerios-del-interior-de-espana-y-senegal\/#authorImage","url":"https:\/\/secure.gravatar.com\/avatar\/df2aeffc32bcd13f8d26072ef8a91b623d677766deac7f97ca815868cd41bf5e?s=96&d=mm&r=g","width":96,"height":96,"caption":"El Digital de Asturias"}},{"@type":"WebPage","@id":"https:\/\/www.eldigitaldeasturias.com\/noticias\/zoido-destaca-la-excelente-labor-de-los-ministerios-del-interior-de-espana-y-senegal\/#webpage","url":"https:\/\/www.eldigitaldeasturias.com\/noticias\/zoido-destaca-la-excelente-labor-de-los-ministerios-del-interior-de-espana-y-senegal\/","name":"Zoido destaca la excelente labor de los Ministerios del Interior de Espa\u00f1a y Senegal - El Digital de Asturias","description":"El ministro del Interior, Juan Ignacio Zoido, ha visitado Dakar (Senegal) -en lo que ha sido su segunda visita a este pa\u00eds africano tras la realizada en julio del a\u00f1o pasado-, donde se ha reunido con su hom\u00f3logo senegal\u00e9s, Aly Ngouille Ndiaye, para analizar las relaciones bilaterales entre Espa\u00f1a y Senegal en materia de Interior.","inLanguage":"es-ES","isPartOf":{"@id":"https:\/\/www.eldigitaldeasturias.com\/noticias\/#website"},"breadcrumb":{"@id":"https:\/\/www.eldigitaldeasturias.com\/noticias\/zoido-destaca-la-excelente-labor-de-los-ministerios-del-interior-de-espana-y-senegal\/#breadcrumblist"},"author":{"@id":"https:\/\/www.eldigitaldeasturias.com\/noticias\/author\/admin\/#author"},"creator":{"@id":"https:\/\/www.eldigitaldeasturias.com\/noticias\/author\/admin\/#author"},"image":{"@type":"ImageObject","url":968768,"@id":"https:\/\/www.eldigitaldeasturias.com\/noticias\/zoido-destaca-la-excelente-labor-de-los-ministerios-del-interior-de-espana-y-senegal\/#mainImage"},"primaryImageOfPage":{"@id":"https:\/\/www.eldigitaldeasturias.com\/noticias\/zoido-destaca-la-excelente-labor-de-los-ministerios-del-interior-de-espana-y-senegal\/#mainImage"},"datePublished":"2018-02-13T14:06:07+01:00","dateModified":"2018-02-13T14:06:07+01:00"},{"@type":"WebSite","@id":"https:\/\/www.eldigitaldeasturias.com\/noticias\/#website","url":"https:\/\/www.eldigitaldeasturias.com\/noticias\/","name":"El Digital de Asturias - Diario de actualidad y noticias","alternateName":"El Digital de Asturias - Diario de actualidad y noticias","description":"Hemeroteca","inLanguage":"es-ES","publisher":{"@id":"https:\/\/www.eldigitaldeasturias.com\/noticias\/#organization"}}]},"og:locale":"es_ES","og:site_name":"El Digital de Asturias","og:type":"article","og:title":"Zoido destaca la excelente labor de los Ministerios del Interior de Espa\u00f1a y Senegal - El Digital de Asturias","og:description":"El ministro del Interior, Juan Ignacio Zoido, ha visitado Dakar (Senegal) -en lo que ha sido su segunda visita a este pa\u00eds africano tras la realizada en julio del a\u00f1o pasado-, donde se ha reunido con su hom\u00f3logo senegal\u00e9s, Aly Ngouille Ndiaye, para analizar las relaciones bilaterales entre Espa\u00f1a y Senegal en materia de Interior.","og:url":"https:\/\/www.eldigitaldeasturias.com\/noticias\/zoido-destaca-la-excelente-labor-de-los-ministerios-del-interior-de-espana-y-senegal\/","article:tag":["actualidad"],"article:published_time":"2018-02-13T14:06:07+00:00","article:modified_time":"2018-02-13T14:06:07+00:00","article:publisher":"https:\/\/facebook.com\/eldigitaldeasturias","twitter:card":"summary_large_image","twitter:title":"Zoido destaca la excelente labor de los Ministerios del Interior de Espa\u00f1a y Senegal - El Digital de Asturias","twitter:description":"El ministro del Interior, Juan Ignacio Zoido, ha visitado Dakar (Senegal) -en lo que ha sido su segunda visita a este pa\u00eds africano tras la realizada en julio del a\u00f1o pasado-, donde se ha reunido con su hom\u00f3logo senegal\u00e9s, Aly Ngouille Ndiaye, para analizar las relaciones bilaterales entre Espa\u00f1a y Senegal en materia de Interior.","twitter:image":"https:\/\/www.eldigitaldeasturias.com\/noticias\/wp-content\/uploads\/2020\/12\/EDA-1.jpg","twitter:label1":"Escrito por","twitter:data1":"El Digital de Asturias","twitter:label2":"Tiempo de lectura estimado","twitter:data2":"7 minutos"},"aioseo_meta_data":{"post_id":"968767","title":null,"description":null,"keywords":null,"keyphrases":null,"primary_term":null,"canonical_url":null,"og_title":null,"og_description":null,"og_object_type":"default","og_image_type":"default","og_image_url":null,"og_image_width":null,"og_image_height":null,"og_image_custom_url":null,"og_image_custom_fields":null,"og_video":null,"og_custom_url":null,"og_article_section":null,"og_article_tags":null,"twitter_use_og":false,"twitter_card":"default","twitter_image_type":"default","twitter_image_url":null,"twitter_image_custom_url":null,"twitter_image_custom_fields":null,"twitter_title":null,"twitter_description":null,"schema":{"blockGraphs":[],"customGraphs":[],"default":{"data":{"Article":[],"Course":[],"Dataset":[],"FAQPage":[],"Movie":[],"Person":[],"Product":[],"ProductReview":[],"Car":[],"Recipe":[],"Service":[],"SoftwareApplication":[],"WebPage":[]},"graphName":"","isEnabled":true},"graphs":[],"defaultGraph":"","defaultPostTypeGraph":""},"schema_type":null,"schema_type_options":null,"pillar_content":false,"robots_default":true,"robots_noindex":false,"robots_noarchive":false,"robots_nosnippet":false,"robots_nofollow":false,"robots_noimageindex":false,"robots_noodp":false,"robots_notranslate":false,"robots_max_snippet":null,"robots_max_videopreview":null,"robots_max_imagepreview":"large","priority":null,"frequency":null,"local_seo":null,"seo_analyzer_scan_date":"2025-10-06 23:39:04","breadcrumb_settings":null,"limit_modified_date":false,"open_ai":null,"ai":null,"created":"2020-12-21 12:29:38","updated":"2025-10-06 23:39:04","focus_keyword":null,"additional_keywords":null,"truseo_locale":null},"aioseo_breadcrumb":"<div class=\"aioseo-breadcrumbs\"><span class=\"aioseo-breadcrumb\">\n\t<a href=\"https:\/\/www.eldigitaldeasturias.com\/noticias\" title=\"Home\">Home<\/a>\n<\/span><span class=\"aioseo-breadcrumb-separator\">\u2013<\/span><span class=\"aioseo-breadcrumb\">\n\t<a href=\"https:\/\/www.eldigitaldeasturias.com\/noticias\/category\/actualidad\/\" title=\"Actualidad\">Actualidad<\/a>\n<\/span><span class=\"aioseo-breadcrumb-separator\">\u2013<\/span><span class=\"aioseo-breadcrumb\">\n\t<a href=\"https:\/\/www.eldigitaldeasturias.com\/noticias\/zoido-destaca-la-excelente-labor-de-los-ministerios-del-interior-de-espana-y-senegal\/\" title=\"Zoido destaca la excelente labor de los Ministerios del Interior de Espa\u00f1a y Senegal\">Zoido destaca la excelente labor de los Ministerios del Interior de Espa\u00f1a y Senegal<\/a>\n<\/span><\/div>","aioseo_breadcrumb_json":[{"label":"Home","link":"https:\/\/www.eldigitaldeasturias.com\/noticias"},{"label":"Actualidad","link":"https:\/\/www.eldigitaldeasturias.com\/noticias\/category\/actualidad\/"},{"label":"Zoido destaca la excelente labor de los Ministerios del Interior de Espa\u00f1a y Senegal","link":"https:\/\/www.eldigitaldeasturias.com\/noticias\/zoido-destaca-la-excelente-labor-de-los-ministerios-del-interior-de-espana-y-senegal\/"}],"_links":{"self":[{"href":"https:\/\/www.eldigitaldeasturias.com\/noticias\/wp-json\/wp\/v2\/posts\/968767","targetHints":{"allow":["GET"]}}],"collection":[{"href":"https:\/\/www.eldigitaldeasturias.com\/noticias\/wp-json\/wp\/v2\/posts"}],"about":[{"href":"https:\/\/www.eldigitaldeasturias.com\/noticias\/wp-json\/wp\/v2\/types\/post"}],"author":[{"embeddable":true,"href":"https:\/\/www.eldigitaldeasturias.com\/noticias\/wp-json\/wp\/v2\/users\/1"}],"replies":[{"embeddable":true,"href":"https:\/\/www.eldigitaldeasturias.com\/noticias\/wp-json\/wp\/v2\/comments?post=968767"}],"version-history":[{"count":0,"href":"https:\/\/www.eldigitaldeasturias.com\/noticias\/wp-json\/wp\/v2\/posts\/968767\/revisions"}],"wp:attachment":[{"href":"https:\/\/www.eldigitaldeasturias.com\/noticias\/wp-json\/wp\/v2\/media?parent=968767"}],"wp:term":[{"taxonomy":"category","embeddable":true,"href":"https:\/\/www.eldigitaldeasturias.com\/noticias\/wp-json\/wp\/v2\/categories?post=968767"},{"taxonomy":"post_tag","embeddable":true,"href":"https:\/\/www.eldigitaldeasturias.com\/noticias\/wp-json\/wp\/v2\/tags?post=968767"}],"curies":[{"name":"wp","href":"https:\/\/api.w.org\/{rel}","templated":true}]}}